{"id":44304,"date":"2019-11-14T12:34:44","date_gmt":"2019-11-14T15:34:44","guid":{"rendered":"https:\/\/rioonwatch.org.br\/?p=44304"},"modified":"2023-05-09T09:55:21","modified_gmt":"2023-05-09T12:55:21","slug":"o-crescimento-do-movimento-global-do-ttc-parte-6-semeando-ttcs-em-favelas-no-brasil","status":"publish","type":"post","link":"https:\/\/rioonwatch.org.br\/?p=44304","title":{"rendered":"O Crescimento do Movimento Global do TTC, Parte 6: Semeando TTCs nas Favelas do Brasil"},"content":{"rendered":"<p style=\"text-align: right;\"><i><span style=\"font-weight: 400;\"><em><strong><a href=\"http:\/\/bit.ly\/2AUyfSc\" target=\"_blank\" rel=\"noopener noreferrer\">Click Here for English<\/a><a href=\"http:\/\/bit.ly\/2AUyfSc\" target=\"_blank\" rel=\"noopener noreferrer\"><img decoding=\"async\" width=\"20\" height=\"20\" class=\"alignright wp-image-15790\" src=\"http:\/\/rioonwatch.org.br\/wp-content\/uploads\/2012\/08\/EN-standard-e1439583104716.jpg\" \/><\/a><\/strong><\/em><\/span><\/i><\/p>\n<p><em>Em comemora\u00e7\u00e3o ao 50\u00ba anivers\u00e1rio do\u00a0<a href=\"http:\/\/bit.ly\/2Dcsv7m\" target=\"_blank\" rel=\"noopener noreferrer\">New Communities<\/a>, o primeiro\u00a0<a href=\"http:\/\/bit.ly\/1mig1hx\" target=\"_blank\" rel=\"noopener noreferrer\">Termo Territorial Coletivo<\/a>* do mundo, e \u00e0 medida que planejadores e moradores de TTCs se reuniram para comemorar de 2 a 5 de outubro na\u00a0<a href=\"http:\/\/bit.ly\/2mX3gSr\" target=\"_blank\" rel=\"noopener noreferrer\">Confer\u00eancia \u2018Recuperando Terrenos Baldios 2019\u2019<\/a>\u00a0em Atlanta, Ge\u00f3rgia, o RioOnWatch emitiu uma chamada por mat\u00e9rias destacando o crescimento atual do movimento TTC em todo o mundo. Colaboradores de v\u00e1rias partes do mundo\u00a0<a href=\"http:\/\/bit.ly\/TTCsPeloMundo\" target=\"_blank\" rel=\"noopener noreferrer\">escreveram hist\u00f3rias sobre a expans\u00e3o de TTCs<\/a>\u2014tanto em n\u00famero quanto em abordagem\u2014no\u00a0<a href=\"http:\/\/bit.ly\/2BaiIxU\" target=\"_blank\" rel=\"noopener noreferrer\">Mississippi<\/a>,\u00a0<a href=\"http:\/\/bit.ly\/2VYsOeR\" target=\"_blank\" rel=\"noopener noreferrer\">Reino Unido<\/a>,\u00a0<a href=\"http:\/\/bit.ly\/2PmeZpm\" target=\"_blank\" rel=\"noopener noreferrer\">B\u00e9lgica<\/a>,\u00a0<a href=\"http:\/\/bit.ly\/2WHWNrK\" target=\"_blank\" rel=\"noopener noreferrer\">Fran\u00e7a<\/a>, <a href=\"http:\/\/bit.ly\/2Qfiyy2\" target=\"_blank\" rel=\"noopener noreferrer\">Porto Rico<\/a>, <a href=\"http:\/\/bit.ly\/32TmVBK\" target=\"_blank\" rel=\"noopener noreferrer\">Rio de Janeiro<\/a> e <a href=\"http:\/\/bit.ly\/379PDBG\" target=\"_blank\" rel=\"noopener noreferrer\">Fl\u00f3rida<\/a>. Esta s\u00e9rie variada tem como objetivo disseminar not\u00edcias dos sucessos do modelo TTC \u00e0 medida que se adapta a novos tempos e circunst\u00e2ncias, chamando mais aten\u00e7\u00e3o para esta solu\u00e7\u00e3o inovadora para garantir o direito \u00e0 moradia e ao desenvolvimento comunit\u00e1rio, e seu potencial na resolu\u00e7\u00e3o da crise habitacional global.<\/em><\/p>\n<p><i><span style=\"font-weight: 400;\">A mat\u00e9ria de hoje, do estudante e pesquisador de direito, Felipe Litsek, explica o trabalho em andamento de trazer TTCs ao Brasil, come\u00e7ando com o Rio de Janeiro.<\/span><\/i><\/p>\n<p><i><span style=\"font-weight: 400;\">Para mais informa\u00e7\u00f5es sobre TTCs e seu potencial para as favelas do Rio de Janeiro, clique <\/span><\/i><a href=\"http:\/\/bit.ly\/TTCnoROW\"><i><span style=\"font-weight: 400;\">aqui<\/span><\/i><\/a><i><span style=\"font-weight: 400;\"> e para aprofundar sobre como ser\u00e1 realiz\u00e1vel no Brasil, <\/span><\/i><a href=\"http:\/\/bit.ly\/ConhecendoTTC\"><i><span style=\"font-weight: 400;\">clique aqui<\/span><\/i><\/a><i><span style=\"font-weight: 400;\">.<\/span><\/i><\/p>\n<hr \/>\n<p><span style=\"font-weight: 400;\">Apesar de ainda n\u00e3o haver nenhum <a href=\"http:\/\/bit.ly\/1mig1hx\" target=\"_blank\" rel=\"noopener noreferrer\">Termo Territorial Coletivo (TTC)<\/a><\/span><span style=\"font-weight: 400;\">\u00a0em funcionamento no Brasil, a dura realidade urbana que o pa\u00eds enfrenta atualmente poderia se beneficiar profundamente de novas experi\u00eancias. As cidades brasileiras s\u00e3o marcadas, por um lado, por vastos territ\u00f3rios sob uma condi\u00e7\u00e3o de irregularidade fundi\u00e1ria (em termos de t\u00edtulo e conformidade com as normas de planejamento urbano), e, por outro, pela presen\u00e7a cada vez mais forte da especula\u00e7\u00e3o imobili\u00e1ria em larga escala. No Rio de Janeiro, <\/span><span style=\"font-weight: 400;\">cerca de 24% da popula\u00e7\u00e3o vive em favelas<\/span><span style=\"font-weight: 400;\">, espa\u00e7os que, quando deixados por conta pr\u00f3pria, oferecem moradia economicamente acess\u00edvel e fomentam a cria\u00e7\u00e3o de fortes redes de solidariedade local; mas, em contrapartida, seus moradores enfrentam diversas amea\u00e7as causadas pela precariedade de seus direitos fundi\u00e1rios, como por exemplo o risco de remo\u00e7\u00e3o pelas autoridades. Por outro lado, uma vez que t\u00edtulos de propriedade lhes s\u00e3o concedidos, essas mesmas \u00e1reas passam a ficar sujeitas a processos de valoriza\u00e7\u00e3o da terra e gentrifica\u00e7\u00e3o\u2014especialmente as localizadas em \u00e1reas nobres da cidade\u2014o que pode resultar numa outra forma de remo\u00e7\u00e3o, mais sutil, menos expl\u00edcita, mas igualmente cruel pois leva ao mesmo resultado: cidades cada vez mais segregadas e desiguais. \u00c0 luz desse car\u00e1ter amb\u00edguo da titula\u00e7\u00e3o individual da terra nas favelas, na qual tanto a aus\u00eancia quanto a presen\u00e7a de um t\u00edtulo geram problemas, torna-se necess\u00e1rio encontrar novas maneiras de garantir o direito das favelas consolidadas de permanecerem em seus territ\u00f3rios e se beneficiarem de seu pr\u00f3prio desenvolvimento, ao mesmo tempo em que se protege a seguran\u00e7a da posse e de seus moradores. \u00c9 a\u00ed que entra o TTC.\u00a0<\/span><\/p>\n<p><span style=\"font-weight: 400;\">Pode se dizer que os TTCs chegaram ao Brasil em agosto de 2018, quando membros do <\/span><a href=\"http:\/\/bit.ly\/2sDUcQj\" target=\"_blank\" rel=\"noopener noreferrer\"><span style=\"font-weight: 400;\">Fideicomiso de la Tierra Ca\u00f1o Mart\u00edn Pe\u00f1a<\/span><\/a> (TTC <a href=\"http:\/\/bit.ly\/2Qfiyy2\" target=\"_blank\" rel=\"noopener noreferrer\">bem-sucedido estabelecido nas favelas de San Juan<\/a>, Porto Rico) <span style=\"font-weight: 400;\">vieram ao Rio de Janeiro para oferecer <a href=\"http:\/\/bit.ly\/OficinasTTCPortoRico\" target=\"_blank\" rel=\"noopener noreferrer\">uma <\/a><\/span><a href=\"http:\/\/bit.ly\/OficinasTTCPortoRico\"><span style=\"font-weight: 400;\">s\u00e9rie de oficinas<\/span><\/a> <span style=\"font-weight: 400;\">em parceria com a Comunidades Catalisadoras.** O objetivo dessas oficinas foi aprender com a experi\u00eancia porto-riquenha\u2014especificamente em rela\u00e7\u00e3o \u00e0 adapta\u00e7\u00e3o do modelo TTC para assentamentos informais\u2014para melhor conhecer o instrumento e discutir como ele poderia ser efetivo na promo\u00e7\u00e3o de moradia acess\u00edvel no Brasil. O Ca\u00f1o Mart\u00edn Pe\u00f1a apresenta um dos raros casos em que um TTC foi implementado em comunidades informais, e o sucesso da experi\u00eancia abre portas para pensarmos o TTC como uma potencial inova\u00e7\u00e3o urbana no contexto das favelas brasileiras.<\/span><\/p>\n<p><a href=\"https:\/\/rioonwatch.org.br\/wp-content\/uploads\/2019\/11\/oficina-TTC.jpg\"><img fetchpriority=\"high\" decoding=\"async\" class=\"aligncenter wp-image-44306 size-content\" title=\"Em uma oficina, moradores listam os pontos positivos e \u00e0s amea\u00e7as a suas comunidades.\" src=\"https:\/\/rioonwatch.org.br\/wp-content\/uploads\/2019\/11\/oficina-TTC-620x264.jpg\" alt=\"\" width=\"620\" height=\"264\" srcset=\"https:\/\/rioonwatch.org.br\/wp-content\/uploads\/2019\/11\/oficina-TTC-620x264.jpg 620w, https:\/\/rioonwatch.org.br\/wp-content\/uploads\/2019\/11\/oficina-TTC-940x400.jpg 940w\" sizes=\"(max-width: 620px) 100vw, 620px\" \/><\/a><\/p>\n<p><span style=\"font-weight: 400;\">Ap\u00f3s <a href=\"http:\/\/bit.ly\/OficinasTTCPortoRico\" target=\"_blank\" rel=\"noopener noreferrer\">5 dias de oficinas, que envolveram 130 participantes<\/a>, foi decidido que seria formado um Grupo de Trabalho permanente, com reuni\u00f5es regulares, para estudar com mais profundidade o Termo Territorial Coletivo, difundir conhecimento sobre ele e pensar como ele poderia ser implementado no Brasil. Contando com uma composi\u00e7\u00e3o bastante diversa\u2014inicialmente 50 membros, incluindo lideran\u00e7as comunit\u00e1rias, representantes de \u00f3rg\u00e3os p\u00fablicos como o Instituto de Terras do Estado do Rio de Janeiro (<a href=\"http:\/\/bit.ly\/2hcE71h\" target=\"_blank\" rel=\"noopener noreferrer\">ITERJ<\/a>) e o N\u00facleo de Habita\u00e7\u00e3o e Terras (<a href=\"http:\/\/bit.ly\/2KttUvh\" target=\"_blank\" rel=\"noopener noreferrer\">NUTH<\/a>) da Defensoria P\u00fablica, pesquisadores, arquitetos e urbanistas e estudantes\u2014o grupo come\u00e7ou a se reunir mensalmente para discutir como o TTC poderia ser uma potencial solu\u00e7\u00e3o para problemas c\u00edclicos das nossas cidades, como a falta de moradia, a gentrifica\u00e7\u00e3o, a car\u00eancia de infraestrutura e servi\u00e7os nas favelas, e a segrega\u00e7\u00e3o territorial.\u00a0<\/span><\/p>\n<p><a href=\"https:\/\/rioonwatch.org.br\/wp-content\/uploads\/2019\/11\/barrinha-TTC.jpg\"><img decoding=\"async\" class=\"aligncenter wp-image-44307 size-content\" title=\"Troca de conhecimentos entre os moradores da comunidade da Barrinha e moradores do Ca\u00f1o.\" src=\"https:\/\/rioonwatch.org.br\/wp-content\/uploads\/2019\/11\/barrinha-TTC-620x264.jpg\" alt=\"\" width=\"620\" height=\"264\" srcset=\"https:\/\/rioonwatch.org.br\/wp-content\/uploads\/2019\/11\/barrinha-TTC-620x264.jpg 620w, https:\/\/rioonwatch.org.br\/wp-content\/uploads\/2019\/11\/barrinha-TTC-940x400.jpg 940w\" sizes=\"(max-width: 620px) 100vw, 620px\" \/><\/a><\/p>\n<p><span style=\"font-weight: 400;\">As primeiras atividades do GT eram voltadas para aprofundar internamente o conhecimento sobre o TTC e identificar quais as comunidades interessadas no projeto. De in\u00edcio, tiveram a presen\u00e7a forte das comunidades: <\/span><a href=\"http:\/\/bit.ly\/2x3RcjK\"><span style=\"font-weight: 400;\">Vila Aut\u00f3dromo<\/span><\/a> e<span style=\"font-weight: 400;\">\u00a0<\/span><a href=\"http:\/\/bit.ly\/2UskgPM\" target=\"_blank\" rel=\"noopener noreferrer\"><span style=\"font-weight: 400;\">Conjunto<\/span> <span style=\"font-weight: 400;\">Esperan\u00e7a<\/span><\/a><span style=\"font-weight: 400;\">\u00a0na <a href=\"http:\/\/bit.ly\/2x3k8bw\" target=\"_blank\" rel=\"noopener noreferrer\">Zona Oeste<\/a>; <\/span><a href=\"http:\/\/bit.ly\/2N4vsNY\" target=\"_blank\" rel=\"noopener noreferrer\"><span style=\"font-weight: 400;\">Trapicheiros<\/span><\/a>,<span style=\"font-weight: 400;\">\u00a0<\/span><span style=\"font-weight: 400;\"><a href=\"http:\/\/bit.ly\/2X4MmPm\" target=\"_blank\" rel=\"noopener noreferrer\">Indiana<\/a>, e <a href=\"http:\/\/bit.ly\/2OeQo3H\" target=\"_blank\" rel=\"noopener noreferrer\">Vila Cruzeiro<\/a> na <a href=\"http:\/\/bit.ly\/2ETpYR1\" target=\"_blank\" rel=\"noopener noreferrer\">Zona Norte<\/a>; <a href=\"http:\/\/bit.ly\/31kHsQ6\" target=\"_blank\" rel=\"noopener noreferrer\">Horto<\/a> na Zona Sul; e <a href=\"http:\/\/bit.ly\/2CM3dgn\" target=\"_blank\" rel=\"noopener noreferrer\">Fazendinha<\/a> em Niter\u00f3i.<\/span><\/p>\n<p><span style=\"font-weight: 400;\">O Grupo de Trabalho do TTC ent\u00e3o passou a visitar algumas dessas comunidades, conhecendo-as junto aos l\u00edderes locais e compartilhando informa\u00e7\u00f5es b\u00e1sicas acerca do modelo TTC com os moradores interessados. Com base no interesse dos moradores e no cumprimento de certos crit\u00e9rios estabelecidos para um projeto piloto, foram organizadas oficinas subsequentes em duas delas: Trapicheiros e Esperan\u00e7a. A metodologia desenvolvida foi a de uma oficina introdut\u00f3ria de seis horas, baseada nas t\u00e9cnicas aprendidas durante as oficinas anteriores com o Ca\u00f1o Mart\u00edn Pe\u00f1a no Rio de Janeiro. Nessa oficina s\u00e3o identificadas as qualidades locais, as amea\u00e7as enfrentadas e as raz\u00f5es para querer (ou n\u00e3o) a regulariza\u00e7\u00e3o da terra, al\u00e9m da avalia\u00e7\u00e3o acerca dos potenciais benef\u00edcios e problemas de diferentes instrumentos de garantia de direitos fundi\u00e1rios (inclusive o TTC). Em ambas as comunidades, os moradores se interessaram e buscaram saber mais sobre o instrumento, come\u00e7ando assim uma longa estrada rumo \u00e0 constru\u00e7\u00e3o de um projeto piloto de um TTC.<\/span><\/p>\n<p><span style=\"font-weight: 400;\">Desde as primeiras reuni\u00f5es do GT, in\u00fameras atividades de aprofundamento foram realizadas nas duas comunidades, cada uma delas com o objetivo de alcan\u00e7ar o m\u00e1ximo de moradores poss\u00edvel e envolver a comunidade como um todo com o projeto. Essas atividades inclu\u00edram uma \u201cFesta da Mem\u00f3ria\u201d, o lan\u00e7amento de um parquinho comunit\u00e1rio e visitas porta-a-porta, todas coordenadas pelos l\u00edderes comunit\u00e1rios e os membros do GT.<\/span><\/p>\n<p><a href=\"https:\/\/rioonwatch.org.br\/wp-content\/uploads\/2019\/11\/vila-autodromo-TTC.jpg\"><img loading=\"lazy\" decoding=\"async\" class=\"aligncenter wp-image-44308 size-content\" title=\"A advogada e pesquisadora de TTCs que est\u00e1 co-liderando o grupo de trabalho no Rio, Tarcyla Fidalgo, apresenta o TTC para moradores da Vila Aut\u00f3dromo.\" src=\"https:\/\/rioonwatch.org.br\/wp-content\/uploads\/2019\/11\/vila-autodromo-TTC-620x264.jpg\" alt=\"\" width=\"620\" height=\"264\" srcset=\"https:\/\/rioonwatch.org.br\/wp-content\/uploads\/2019\/11\/vila-autodromo-TTC-620x264.jpg 620w, https:\/\/rioonwatch.org.br\/wp-content\/uploads\/2019\/11\/vila-autodromo-TTC-940x400.jpg 940w\" sizes=\"(max-width: 620px) 100vw, 620px\" \/><\/a><\/p>\n<p>Al\u00e9m de formar um comit\u00ea de mobiliza\u00e7\u00e3o dentro do Grupo de Trabalho<em>\u2014<\/em>que lida com o engajamento com comunidades como a descrita acima<em>\u2014<\/em>o Grupo de Trabalho estabeleceu um comit\u00ea legislativo para tratar dos aspectos legais e jur\u00eddicos para implementa\u00e7\u00e3o de TTCs. <span style=\"font-weight: 400;\">Embora o grupo tenha determinado que j\u00e1 \u00e9 poss\u00edvel<\/span><span style=\"font-weight: 400;\">\u00a0<a href=\"http:\/\/bit.ly\/2BE58pR\" target=\"_blank\" rel=\"noopener noreferrer\">formar um TTC apenas com instrumentos da legisla\u00e7\u00e3o brasileira vigente<\/a><\/span><span style=\"font-weight: 400;\">, ficou claro que seria muito mais f\u00e1cil e efetivo para a chegada do modelo ao Brasil se j\u00e1 houvesse alguma previs\u00e3o legal espec\u00edfica sobre o TTC. <\/span>Enquanto isso, os governos locais poderiam reconhecer o papel dos TTCs na garantia de moradias a pre\u00e7os acess\u00edveis, permanentemente, atrav\u00e9s de subs\u00eddios e redu\u00e7\u00e3o de impostos. Esses s\u00e3o os tipos de considera\u00e7\u00f5es que est\u00e3o sendo discutidos pelo comit\u00ea legislativo do Grupo de Trabalho, cujo objetivo final \u00e9 desenvolver propostas legais, como essas, para a introdu\u00e7\u00e3o do instrumento na <span style=\"font-weight: 400;\"><a href=\"http:\/\/bit.ly\/2gQ5jz4\" target=\"_blank\" rel=\"noopener noreferrer\">legisla\u00e7\u00e3o brasileira<\/a>. Essas propostas podem vir no formato de uma altera\u00e7\u00e3o pontual em algum dispositivo legal, de uma constru\u00e7\u00e3o de um cap\u00edtulo inteiro sobre o TTC a ser introduzido em alguma lei j\u00e1 em vigor ou, principalmente, da cria\u00e7\u00e3o de uma lei pr\u00f3pria para os TTCs.<\/span><\/p>\n<p><a href=\"https:\/\/rioonwatch.org.br\/wp-content\/uploads\/2019\/11\/esperan\u00e7a-TTC.jpg\"><img loading=\"lazy\" decoding=\"async\" class=\"aligncenter wp-image-44309 size-content\" title=\"Moradores do Conjunto Esperan\u00e7a em uma oficina do TTC.\" src=\"https:\/\/rioonwatch.org.br\/wp-content\/uploads\/2019\/11\/esperan\u00e7a-TTC-620x264.jpg\" alt=\"\" width=\"620\" height=\"264\" srcset=\"https:\/\/rioonwatch.org.br\/wp-content\/uploads\/2019\/11\/esperan\u00e7a-TTC-620x264.jpg 620w, https:\/\/rioonwatch.org.br\/wp-content\/uploads\/2019\/11\/esperan\u00e7a-TTC-940x400.jpg 940w\" sizes=\"(max-width: 620px) 100vw, 620px\" \/><\/a><\/p>\n<p><span style=\"font-weight: 400;\">Assim se estrutura o Grupo de Trabalho permanente do TTC no Rio de Janeiro, com duas frentes de atua\u00e7\u00e3o aut\u00f4nomas e complementares: a de mobiliza\u00e7\u00e3o e a de legisla\u00e7\u00e3o. A frente de mobiliza\u00e7\u00e3o visa trabalhar com comunidades parceiras para construir um projeto piloto de um TTC, enquanto a frente de legisla\u00e7\u00e3o busca pensar inova\u00e7\u00f5es legislativas para facilitar a entrada e a dissemina\u00e7\u00e3o do instrumento no Brasil. A participa\u00e7\u00e3o de parceiros e interessados no projeto s\u00f3 foi crescendo: hoje o GT conta com mais de 150 colaboradores, representando diversas institui\u00e7\u00f5es p\u00fablicas, universidades e organiza\u00e7\u00f5es da sociedade civil. A caracter\u00edstica heterog\u00eanea do grupo se amplia cada vez mais e a presen\u00e7a de olhares t\u00e3o diferentes traz a vitalidade e a energia necess\u00e1rias para o desenvolvimento do projeto.\u00a0<\/span><\/p>\n<p><a href=\"https:\/\/rioonwatch.org.br\/wp-content\/uploads\/2019\/11\/TTC-indiana.jpg\"><img loading=\"lazy\" decoding=\"async\" class=\"aligncenter wp-image-44310 size-medium\" title=\"Um panfleto na comunidade da Indiana chama para uma conversa sobre os potenciais do TTC.\" src=\"https:\/\/rioonwatch.org.br\/wp-content\/uploads\/2019\/11\/TTC-indiana-620x465.jpg\" alt=\"\" width=\"620\" height=\"465\" srcset=\"https:\/\/rioonwatch.org.br\/wp-content\/uploads\/2019\/11\/TTC-indiana-620x465.jpg 620w, https:\/\/rioonwatch.org.br\/wp-content\/uploads\/2019\/11\/TTC-indiana-352x264.jpg 352w, https:\/\/rioonwatch.org.br\/wp-content\/uploads\/2019\/11\/TTC-indiana-768x576.jpg 768w, https:\/\/rioonwatch.org.br\/wp-content\/uploads\/2019\/11\/TTC-indiana-1024x768.jpg 1024w, https:\/\/rioonwatch.org.br\/wp-content\/uploads\/2019\/11\/TTC-indiana-174x131.jpg 174w, https:\/\/rioonwatch.org.br\/wp-content\/uploads\/2019\/11\/TTC-indiana-300x225.jpg 300w, https:\/\/rioonwatch.org.br\/wp-content\/uploads\/2019\/11\/TTC-indiana-70x53.jpg 70w, https:\/\/rioonwatch.org.br\/wp-content\/uploads\/2019\/11\/TTC-indiana.jpg 2048w\" sizes=\"(max-width: 620px) 100vw, 620px\" \/><\/a><\/p>\n<p><span style=\"font-weight: 400;\">Em agosto de 2019, o GT do TTC completou um ano de exist\u00eancia. Essa caminhada n\u00e3o seria poss\u00edvel sem a presen\u00e7a dos diversos atores que comp\u00f5em o grupo e, principalmente, sem a energia das favelas que acreditam no projeto. Mesmo depois de um avan\u00e7o tremendo, h\u00e1 ainda um longo caminho para conquistar o objetivo final: a constru\u00e7\u00e3o do primeiro Termo Territorial Coletivo no Brasil, permitindo, assim, a expans\u00e3o do modelo pelo pa\u00eds e contribuindo para sua dissemina\u00e7\u00e3o mundial.<\/span><\/p>\n<p><em>Essa \u00e9 a sexta mat\u00e9ria da nossa <a href=\"http:\/\/bit.ly\/TTCsPeloMundo\" target=\"_blank\" rel=\"noopener noreferrer\">s\u00e9rie sobre o crescimento global do movimento de TTCs<\/a>.<\/em><\/p>\n<p><em>*O TTC \u00e9 um arranjo fundi\u00e1rio onde os moradores s\u00e3o donos ou inquilinos nas suas casas, enquanto todos, coletivamente, atrav\u00e9s de uma associa\u00e7\u00e3o, s\u00e3o donos da terra e zelam pela comunidade como um todo. Tirando a terra da equa\u00e7\u00e3o do valor das moradias, os moradores s\u00e3o resguardados em rela\u00e7\u00e3o aos impactos nocivos de terras em \u00e1reas de especula\u00e7\u00e3o.<\/em><\/p>\n<p>**Comunidades Catalisadoras \u00e9 a associa\u00e7\u00e3o sem fins lucrativos que publica o\u00a0<em>RioOnWatch<\/em>.<\/p>\n<!-- AddThis Advanced Settings generic via filter on the_content --><!-- AddThis Share Buttons generic via filter on the_content -->","protected":false},"excerpt":{"rendered":"<div class=\"mh-excerpt\"><p>Click Here for English Em comemora\u00e7\u00e3o ao 50\u00ba anivers\u00e1rio do\u00a0New Communities, o primeiro\u00a0Termo Territorial Coletivo* do mundo, e \u00e0 medida que planejadores e moradores de TTCs se reuniram para comemorar de 2 a 5 de <a class=\"mh-excerpt-more\" href=\"https:\/\/rioonwatch.org.br\/?p=44304\" title=\"O Crescimento do Movimento Global do TTC, Parte 6: Semeando TTCs nas Favelas do Brasil\">[&#8230;]<\/a><!-- AddThis Advanced Settings generic via filter on get_the_excerpt --><!-- AddThis Share Buttons generic via filter on get_the_excerpt --><\/p>\n<\/div>","protected":false},"author":152,"featured_media":44305,"comment_status":"closed","ping_status":"closed","sticky":false,"template":"","format":"standard","meta":{"_acf_changed":false,"_monsterinsights_skip_tracking":false,"_monsterinsights_sitenote_active":false,"_monsterinsights_sitenote_note":"","_monsterinsights_sitenote_category":0,"footnotes":""},"categories":[1617,1621,344,342],"tags":[1220,338,424,396,3150,909,733,746,2039,1795,1037,835,10,2216,358,2138,2710,711,2679,55,1001,218,184],"writer":[2718],"translator":[],"source":[],"ilustrador":[],"fotografo":[],"class_list":{"0":"post-44304","1":"post","2":"type-post","3":"status-publish","4":"format-standard","5":"has-post-thumbnail","7":"category-olhonagentrificacao","8":"category-destaque","9":"category-politicas","10":"category-solucoes","11":"tag-deficit-habitacional","12":"tag-direito","13":"tag-direito-a-moradia","14":"tag-especulacao-imobiliaria","15":"tag-cooperativa-esperanca","16":"tag-habitacao-acessivel","17":"tag-horto","18":"tag-indiana","19":"tag-iterj","20":"tag-lideranca-comunitaria","21":"tag-moradia","22":"tag-morro-da-fazendinha","23":"tag-niteroi","24":"tag-nuth","25":"tag-organizacao-comunitaria","26":"tag-porto-rico","27":"tag-serie-crescimento-global-do-movimento-ttc","28":"tag-clt","29":"tag-trapicheiros","30":"tag-vila-autodromo","31":"tag-vila-cruzeiro","32":"tag-zona-norte","33":"tag-zona-oeste","34":"writer-felipe-litsek"},"acf":[],"yoast_head":"<!-- This site is optimized with the Yoast SEO plugin v25.6 - https:\/\/yoast.com\/wordpress\/plugins\/seo\/ -->\n<title>O Crescimento do Movimento Global do TTC, Parte 6: Semeando TTCs nas Favelas do Brasil - RioOnWatch<\/title>\n<meta name=\"robots\" content=\"index, follow, max-snippet:-1, max-image-preview:large, max-video-preview:-1\" \/>\n<link rel=\"canonical\" href=\"https:\/\/rioonwatch.org.br\/?p=44304\" \/>\n<meta property=\"og:locale\" content=\"pt_BR\" \/>\n<meta property=\"og:type\" content=\"article\" \/>\n<meta property=\"og:title\" content=\"O Crescimento do Movimento Global do TTC, Parte 6: Semeando TTCs nas Favelas do Brasil - RioOnWatch\" \/>\n<meta property=\"og:description\" content=\"Click Here for English Em comemora\u00e7\u00e3o ao 50\u00ba anivers\u00e1rio do\u00a0New Communities, o primeiro\u00a0Termo Territorial Coletivo* do mundo, e \u00e0 medida que planejadores e moradores de TTCs se reuniram para comemorar de 2 a 5 de [...]\" \/>\n<meta property=\"og:url\" content=\"https:\/\/rioonwatch.org.br\/?p=44304\" \/>\n<meta property=\"og:site_name\" content=\"RioOnWatch\" \/>\n<meta property=\"article:published_time\" content=\"2019-11-14T15:34:44+00:00\" \/>\n<meta property=\"article:modified_time\" content=\"2023-05-09T12:55:21+00:00\" \/>\n<meta property=\"og:image\" content=\"https:\/\/rioonwatch.org.br\/wp-content\/uploads\/2019\/11\/trapicheiros1-scaled.jpg\" \/>\n\t<meta property=\"og:image:width\" content=\"2560\" \/>\n\t<meta property=\"og:image:height\" content=\"1128\" \/>\n\t<meta property=\"og:image:type\" content=\"image\/jpeg\" \/>\n<meta name=\"author\" content=\"Luisa Fenizola\" \/>\n<meta name=\"twitter:card\" content=\"summary_large_image\" \/>\n<meta name=\"twitter:label1\" content=\"Escrito por\" \/>\n\t<meta name=\"twitter:data1\" content=\"Luisa Fenizola\" \/>\n\t<meta name=\"twitter:label2\" content=\"Est. tempo de leitura\" \/>\n\t<meta name=\"twitter:data2\" content=\"8 minutos\" \/>\n<script type=\"application\/ld+json\" class=\"yoast-schema-graph\">{\"@context\":\"https:\/\/schema.org\",\"@graph\":[{\"@type\":\"Article\",\"@id\":\"https:\/\/rioonwatch.org.br\/?p=44304#article\",\"isPartOf\":{\"@id\":\"https:\/\/rioonwatch.org.br\/?p=44304\"},\"author\":{\"name\":\"Luisa Fenizola\",\"@id\":\"https:\/\/rioonwatch.org.br\/#\/schema\/person\/f443c6b55bb6e80842280318076491c5\"},\"headline\":\"O Crescimento do Movimento Global do TTC, Parte 6: Semeando TTCs nas Favelas do Brasil\",\"datePublished\":\"2019-11-14T15:34:44+00:00\",\"dateModified\":\"2023-05-09T12:55:21+00:00\",\"mainEntityOfPage\":{\"@id\":\"https:\/\/rioonwatch.org.br\/?p=44304\"},\"wordCount\":1663,\"publisher\":{\"@id\":\"https:\/\/rioonwatch.org.br\/#organization\"},\"image\":{\"@id\":\"https:\/\/rioonwatch.org.br\/?p=44304#primaryimage\"},\"thumbnailUrl\":\"https:\/\/rioonwatch.org.br\/wp-content\/uploads\/2019\/11\/trapicheiros1-scaled.jpg\",\"keywords\":[\"d\u00e9ficit habitacional\",\"direito\",\"Direito \u00e0 Moradia\",\"especula\u00e7\u00e3o imobili\u00e1ria\",\"Grupo Esperan\u00e7a\",\"habita\u00e7\u00e3o acess\u00edvel\",\"Horto\",\"Indiana\",\"ITERJ\",\"lideran\u00e7a comunit\u00e1ria\",\"moradia\",\"Morro da Fazendinha\",\"Niter\u00f3i\",\"NUTH\",\"organiza\u00e7\u00e3o comunit\u00e1ria\",\"Porto Rico\",\"S\u00e9rie: Crescimento Global do Movimento TTC\",\"Termo Territorial Coletivo (TTC) \/ Community Land Trust (CLT)\",\"Trapicheiros\",\"Vila Aut\u00f3dromo\",\"Vila Cruzeiro\",\"Zona Norte\",\"Zona Oeste\"],\"articleSection\":[\"#OlhoNaGentrifica\u00e7\u00e3o\",\"*Destaque\",\"Pol\u00edticas\",\"Solu\u00e7\u00f5es\"],\"inLanguage\":\"pt-BR\"},{\"@type\":\"WebPage\",\"@id\":\"https:\/\/rioonwatch.org.br\/?p=44304\",\"url\":\"https:\/\/rioonwatch.org.br\/?p=44304\",\"name\":\"O Crescimento do Movimento Global do TTC, Parte 6: Semeando TTCs nas Favelas do Brasil - RioOnWatch\",\"isPartOf\":{\"@id\":\"https:\/\/rioonwatch.org.br\/#website\"},\"primaryImageOfPage\":{\"@id\":\"https:\/\/rioonwatch.org.br\/?p=44304#primaryimage\"},\"image\":{\"@id\":\"https:\/\/rioonwatch.org.br\/?p=44304#primaryimage\"},\"thumbnailUrl\":\"https:\/\/rioonwatch.org.br\/wp-content\/uploads\/2019\/11\/trapicheiros1-scaled.jpg\",\"datePublished\":\"2019-11-14T15:34:44+00:00\",\"dateModified\":\"2023-05-09T12:55:21+00:00\",\"breadcrumb\":{\"@id\":\"https:\/\/rioonwatch.org.br\/?p=44304#breadcrumb\"},\"inLanguage\":\"pt-BR\",\"potentialAction\":[{\"@type\":\"ReadAction\",\"target\":[\"https:\/\/rioonwatch.org.br\/?p=44304\"]}]},{\"@type\":\"ImageObject\",\"inLanguage\":\"pt-BR\",\"@id\":\"https:\/\/rioonwatch.org.br\/?p=44304#primaryimage\",\"url\":\"https:\/\/rioonwatch.org.br\/wp-content\/uploads\/2019\/11\/trapicheiros1-scaled.jpg\",\"contentUrl\":\"https:\/\/rioonwatch.org.br\/wp-content\/uploads\/2019\/11\/trapicheiros1-scaled.jpg\",\"width\":2560,\"height\":1128},{\"@type\":\"BreadcrumbList\",\"@id\":\"https:\/\/rioonwatch.org.br\/?p=44304#breadcrumb\",\"itemListElement\":[{\"@type\":\"ListItem\",\"position\":1,\"name\":\"In\u00edcio\",\"item\":\"https:\/\/rioonwatch.org.br\/\"},{\"@type\":\"ListItem\",\"position\":2,\"name\":\"O Crescimento do Movimento Global do TTC, Parte 6: Semeando TTCs nas Favelas do Brasil\"}]},{\"@type\":\"WebSite\",\"@id\":\"https:\/\/rioonwatch.org.br\/#website\",\"url\":\"https:\/\/rioonwatch.org.br\/\",\"name\":\"RioOnWatch\",\"description\":\"relatos das favelas cariocas\",\"publisher\":{\"@id\":\"https:\/\/rioonwatch.org.br\/#organization\"},\"potentialAction\":[{\"@type\":\"SearchAction\",\"target\":{\"@type\":\"EntryPoint\",\"urlTemplate\":\"https:\/\/rioonwatch.org.br\/?s={search_term_string}\"},\"query-input\":{\"@type\":\"PropertyValueSpecification\",\"valueRequired\":true,\"valueName\":\"search_term_string\"}}],\"inLanguage\":\"pt-BR\"},{\"@type\":\"Organization\",\"@id\":\"https:\/\/rioonwatch.org.br\/#organization\",\"name\":\"RioOnWatch\",\"url\":\"https:\/\/rioonwatch.org.br\/\",\"logo\":{\"@type\":\"ImageObject\",\"inLanguage\":\"pt-BR\",\"@id\":\"https:\/\/rioonwatch.org.br\/#\/schema\/logo\/image\/\",\"url\":\"https:\/\/rioonwatch.org.br\/wp-content\/uploads\/2021\/06\/RioOnWatchcabecalhoPT11anos-2.png\",\"contentUrl\":\"https:\/\/rioonwatch.org.br\/wp-content\/uploads\/2021\/06\/RioOnWatchcabecalhoPT11anos-2.png\",\"width\":779,\"height\":277,\"caption\":\"RioOnWatch\"},\"image\":{\"@id\":\"https:\/\/rioonwatch.org.br\/#\/schema\/logo\/image\/\"}},{\"@type\":\"Person\",\"@id\":\"https:\/\/rioonwatch.org.br\/#\/schema\/person\/f443c6b55bb6e80842280318076491c5\",\"name\":\"Luisa Fenizola\",\"image\":{\"@type\":\"ImageObject\",\"inLanguage\":\"pt-BR\",\"@id\":\"https:\/\/rioonwatch.org.br\/#\/schema\/person\/image\/\",\"url\":\"https:\/\/secure.gravatar.com\/avatar\/a3d551110162b9f876cbbdaaecf75663?s=96&d=blank&r=g\",\"contentUrl\":\"https:\/\/secure.gravatar.com\/avatar\/a3d551110162b9f876cbbdaaecf75663?s=96&d=blank&r=g\",\"caption\":\"Luisa Fenizola\"},\"url\":\"https:\/\/rioonwatch.org.br\/?author=152\"}]}<\/script>\n<!-- \/ Yoast SEO plugin. -->","yoast_head_json":{"title":"O Crescimento do Movimento Global do TTC, Parte 6: Semeando TTCs nas Favelas do Brasil - RioOnWatch","robots":{"index":"index","follow":"follow","max-snippet":"max-snippet:-1","max-image-preview":"max-image-preview:large","max-video-preview":"max-video-preview:-1"},"canonical":"https:\/\/rioonwatch.org.br\/?p=44304","og_locale":"pt_BR","og_type":"article","og_title":"O Crescimento do Movimento Global do TTC, Parte 6: Semeando TTCs nas Favelas do Brasil - RioOnWatch","og_description":"Click Here for English Em comemora\u00e7\u00e3o ao 50\u00ba anivers\u00e1rio do\u00a0New Communities, o primeiro\u00a0Termo Territorial Coletivo* do mundo, e \u00e0 medida que planejadores e moradores de TTCs se reuniram para comemorar de 2 a 5 de [...]","og_url":"https:\/\/rioonwatch.org.br\/?p=44304","og_site_name":"RioOnWatch","article_published_time":"2019-11-14T15:34:44+00:00","article_modified_time":"2023-05-09T12:55:21+00:00","og_image":[{"width":2560,"height":1128,"url":"https:\/\/rioonwatch.org.br\/wp-content\/uploads\/2019\/11\/trapicheiros1-scaled.jpg","type":"image\/jpeg"}],"author":"Luisa Fenizola","twitter_card":"summary_large_image","twitter_misc":{"Escrito por":"Luisa Fenizola","Est. tempo de leitura":"8 minutos"},"schema":{"@context":"https:\/\/schema.org","@graph":[{"@type":"Article","@id":"https:\/\/rioonwatch.org.br\/?p=44304#article","isPartOf":{"@id":"https:\/\/rioonwatch.org.br\/?p=44304"},"author":{"name":"Luisa Fenizola","@id":"https:\/\/rioonwatch.org.br\/#\/schema\/person\/f443c6b55bb6e80842280318076491c5"},"headline":"O Crescimento do Movimento Global do TTC, Parte 6: Semeando TTCs nas Favelas do Brasil","datePublished":"2019-11-14T15:34:44+00:00","dateModified":"2023-05-09T12:55:21+00:00","mainEntityOfPage":{"@id":"https:\/\/rioonwatch.org.br\/?p=44304"},"wordCount":1663,"publisher":{"@id":"https:\/\/rioonwatch.org.br\/#organization"},"image":{"@id":"https:\/\/rioonwatch.org.br\/?p=44304#primaryimage"},"thumbnailUrl":"https:\/\/rioonwatch.org.br\/wp-content\/uploads\/2019\/11\/trapicheiros1-scaled.jpg","keywords":["d\u00e9ficit habitacional","direito","Direito \u00e0 Moradia","especula\u00e7\u00e3o imobili\u00e1ria","Grupo Esperan\u00e7a","habita\u00e7\u00e3o acess\u00edvel","Horto","Indiana","ITERJ","lideran\u00e7a comunit\u00e1ria","moradia","Morro da Fazendinha","Niter\u00f3i","NUTH","organiza\u00e7\u00e3o comunit\u00e1ria","Porto Rico","S\u00e9rie: Crescimento Global do Movimento TTC","Termo Territorial Coletivo (TTC) \/ Community Land Trust (CLT)","Trapicheiros","Vila Aut\u00f3dromo","Vila Cruzeiro","Zona Norte","Zona Oeste"],"articleSection":["#OlhoNaGentrifica\u00e7\u00e3o","*Destaque","Pol\u00edticas","Solu\u00e7\u00f5es"],"inLanguage":"pt-BR"},{"@type":"WebPage","@id":"https:\/\/rioonwatch.org.br\/?p=44304","url":"https:\/\/rioonwatch.org.br\/?p=44304","name":"O Crescimento do Movimento Global do TTC, Parte 6: Semeando TTCs nas Favelas do Brasil - RioOnWatch","isPartOf":{"@id":"https:\/\/rioonwatch.org.br\/#website"},"primaryImageOfPage":{"@id":"https:\/\/rioonwatch.org.br\/?p=44304#primaryimage"},"image":{"@id":"https:\/\/rioonwatch.org.br\/?p=44304#primaryimage"},"thumbnailUrl":"https:\/\/rioonwatch.org.br\/wp-content\/uploads\/2019\/11\/trapicheiros1-scaled.jpg","datePublished":"2019-11-14T15:34:44+00:00","dateModified":"2023-05-09T12:55:21+00:00","breadcrumb":{"@id":"https:\/\/rioonwatch.org.br\/?p=44304#breadcrumb"},"inLanguage":"pt-BR","potentialAction":[{"@type":"ReadAction","target":["https:\/\/rioonwatch.org.br\/?p=44304"]}]},{"@type":"ImageObject","inLanguage":"pt-BR","@id":"https:\/\/rioonwatch.org.br\/?p=44304#primaryimage","url":"https:\/\/rioonwatch.org.br\/wp-content\/uploads\/2019\/11\/trapicheiros1-scaled.jpg","contentUrl":"https:\/\/rioonwatch.org.br\/wp-content\/uploads\/2019\/11\/trapicheiros1-scaled.jpg","width":2560,"height":1128},{"@type":"BreadcrumbList","@id":"https:\/\/rioonwatch.org.br\/?p=44304#breadcrumb","itemListElement":[{"@type":"ListItem","position":1,"name":"In\u00edcio","item":"https:\/\/rioonwatch.org.br\/"},{"@type":"ListItem","position":2,"name":"O Crescimento do Movimento Global do TTC, Parte 6: Semeando TTCs nas Favelas do Brasil"}]},{"@type":"WebSite","@id":"https:\/\/rioonwatch.org.br\/#website","url":"https:\/\/rioonwatch.org.br\/","name":"RioOnWatch","description":"relatos das favelas cariocas","publisher":{"@id":"https:\/\/rioonwatch.org.br\/#organization"},"potentialAction":[{"@type":"SearchAction","target":{"@type":"EntryPoint","urlTemplate":"https:\/\/rioonwatch.org.br\/?s={search_term_string}"},"query-input":{"@type":"PropertyValueSpecification","valueRequired":true,"valueName":"search_term_string"}}],"inLanguage":"pt-BR"},{"@type":"Organization","@id":"https:\/\/rioonwatch.org.br\/#organization","name":"RioOnWatch","url":"https:\/\/rioonwatch.org.br\/","logo":{"@type":"ImageObject","inLanguage":"pt-BR","@id":"https:\/\/rioonwatch.org.br\/#\/schema\/logo\/image\/","url":"https:\/\/rioonwatch.org.br\/wp-content\/uploads\/2021\/06\/RioOnWatchcabecalhoPT11anos-2.png","contentUrl":"https:\/\/rioonwatch.org.br\/wp-content\/uploads\/2021\/06\/RioOnWatchcabecalhoPT11anos-2.png","width":779,"height":277,"caption":"RioOnWatch"},"image":{"@id":"https:\/\/rioonwatch.org.br\/#\/schema\/logo\/image\/"}},{"@type":"Person","@id":"https:\/\/rioonwatch.org.br\/#\/schema\/person\/f443c6b55bb6e80842280318076491c5","name":"Luisa Fenizola","image":{"@type":"ImageObject","inLanguage":"pt-BR","@id":"https:\/\/rioonwatch.org.br\/#\/schema\/person\/image\/","url":"https:\/\/secure.gravatar.com\/avatar\/a3d551110162b9f876cbbdaaecf75663?s=96&d=blank&r=g","contentUrl":"https:\/\/secure.gravatar.com\/avatar\/a3d551110162b9f876cbbdaaecf75663?s=96&d=blank&r=g","caption":"Luisa Fenizola"},"url":"https:\/\/rioonwatch.org.br\/?author=152"}]}},"_links":{"self":[{"href":"https:\/\/rioonwatch.org.br\/index.php?rest_route=\/wp\/v2\/posts\/44304"}],"collection":[{"href":"https:\/\/rioonwatch.org.br\/index.php?rest_route=\/wp\/v2\/posts"}],"about":[{"href":"https:\/\/rioonwatch.org.br\/index.php?rest_route=\/wp\/v2\/types\/post"}],"author":[{"embeddable":true,"href":"https:\/\/rioonwatch.org.br\/index.php?rest_route=\/wp\/v2\/users\/152"}],"replies":[{"embeddable":true,"href":"https:\/\/rioonwatch.org.br\/index.php?rest_route=%2Fwp%2Fv2%2Fcomments&post=44304"}],"version-history":[{"count":17,"href":"https:\/\/rioonwatch.org.br\/index.php?rest_route=\/wp\/v2\/posts\/44304\/revisions"}],"predecessor-version":[{"id":44418,"href":"https:\/\/rioonwatch.org.br\/index.php?rest_route=\/wp\/v2\/posts\/44304\/revisions\/44418"}],"wp:featuredmedia":[{"embeddable":true,"href":"https:\/\/rioonwatch.org.br\/index.php?rest_route=\/wp\/v2\/media\/44305"}],"wp:attachment":[{"href":"https:\/\/rioonwatch.org.br\/index.php?rest_route=%2Fwp%2Fv2%2Fmedia&parent=44304"}],"wp:term":[{"taxonomy":"category","embeddable":true,"href":"https:\/\/rioonwatch.org.br\/index.php?rest_route=%2Fwp%2Fv2%2Fcategories&post=44304"},{"taxonomy":"post_tag","embeddable":true,"href":"https:\/\/rioonwatch.org.br\/index.php?rest_route=%2Fwp%2Fv2%2Ftags&post=44304"},{"taxonomy":"writer","embeddable":true,"href":"https:\/\/rioonwatch.org.br\/index.php?rest_route=%2Fwp%2Fv2%2Fwriter&post=44304"},{"taxonomy":"translator","embeddable":true,"href":"https:\/\/rioonwatch.org.br\/index.php?rest_route=%2Fwp%2Fv2%2Ftranslator&post=44304"},{"taxonomy":"source","embeddable":true,"href":"https:\/\/rioonwatch.org.br\/index.php?rest_route=%2Fwp%2Fv2%2Fsource&post=44304"},{"taxonomy":"ilustrador","embeddable":true,"href":"https:\/\/rioonwatch.org.br\/index.php?rest_route=%2Fwp%2Fv2%2Filustrador&post=44304"},{"taxonomy":"fotografo","embeddable":true,"href":"https:\/\/rioonwatch.org.br\/index.php?rest_route=%2Fwp%2Fv2%2Ffotografo&post=44304"}],"curies":[{"name":"wp","href":"https:\/\/api.w.org\/{rel}","templated":true}]}}