{"id":44440,"date":"2019-11-20T14:10:47","date_gmt":"2019-11-20T17:10:47","guid":{"rendered":"https:\/\/rioonwatch.org.br\/?p=44440"},"modified":"2024-05-24T12:36:34","modified_gmt":"2024-05-24T15:36:34","slug":"coletivo-une-e-empodera-mulheres-pretas-e-perifericas-em-quintais-do-bosque-das-caboclas-em-campo-grande-entrevista","status":"publish","type":"post","link":"https:\/\/rioonwatch.org.br\/?p=44440","title":{"rendered":"Coletiva Popular Une e Empodera Mulheres Pretas em Quintais do Bosque das Caboclas [ENTREVISTA]"},"content":{"rendered":"<p style=\"text-align: right;\"><em><strong><a href=\"http:\/\/bit.ly\/2D80z4N\" target=\"_blank\" rel=\"noopener noreferrer\">Click Here for English<\/a><a href=\"http:\/\/bit.ly\/2D80z4N\" target=\"_blank\" rel=\"noopener noreferrer\"><img decoding=\"async\" width=\"20\" height=\"20\" class=\"alignright wp-image-15790\" src=\"http:\/\/rioonwatch.org.br\/wp-content\/uploads\/2012\/08\/EN-standard-e1439583104716.jpg\" \/><\/a><\/strong><\/em><\/p>\n<p><span style=\"font-weight: 400;\"><em><a href=\"https:\/\/rioonwatch.org.br\/wp-content\/uploads\/2019\/08\/SDSU.png\"><img decoding=\"async\" class=\"wp-image-42675 alignright\" src=\"https:\/\/rioonwatch.org.br\/wp-content\/uploads\/2019\/08\/SDSU.png\" alt=\"\" width=\"200\" height=\"68\" srcset=\"https:\/\/rioonwatch.org.br\/wp-content\/uploads\/2019\/08\/SDSU.png 1934w, https:\/\/rioonwatch.org.br\/wp-content\/uploads\/2019\/08\/SDSU-620x211.png 620w, https:\/\/rioonwatch.org.br\/wp-content\/uploads\/2019\/08\/SDSU-768x261.png 768w, https:\/\/rioonwatch.org.br\/wp-content\/uploads\/2019\/08\/SDSU-1024x348.png 1024w\" sizes=\"(max-width: 200px) 100vw, 200px\" \/><\/a><\/em><\/span><i><\/i><\/p>\n<p><em>Esta \u00e9 a quinta mat\u00e9ria de uma <a href=\"https:\/\/bit.ly\/SerieSDSU\" target=\"_blank\" rel=\"noopener noreferrer\">s\u00e9rie<\/a> gerada por uma parceria, de um ano, com o <a href=\"http:\/\/bit.ly\/2zcymI6\" target=\"_blank\" rel=\"noopener noreferrer\">Centro Behner Stiefel de Estudos Brasileiros<\/a> da Universidade Estadual de San Diego na Calif\u00f3rnia, para produzir mat\u00e9rias sobre direitos humanos para o RioOnWatch. <\/em><em>Esta entrevista foi realizada por <a href=\"http:\/\/bit.ly\/2GCQDCE\" target=\"_blank\" rel=\"noopener noreferrer\">Carla Souza<\/a>, cria da <a href=\"http:\/\/bit.ly\/16w2zz1\" target=\"_blank\" rel=\"noopener noreferrer\">Rocinha<\/a>, pedagoga e professora de educa\u00e7\u00e3o infantil, em contribui\u00e7\u00e3o especial para o RioOnWatch neste <a href=\"http:\/\/bit.ly\/2XCc5is\" target=\"_blank\" rel=\"noopener noreferrer\">Dia Nacional da Consci\u00eancia Negra<\/a>.<\/em><\/p>\n<p><span style=\"font-weight: 400;\">No dia 5 de outubro, foi realizado em <a href=\"http:\/\/bit.ly\/37jLc7e\" target=\"_blank\" rel=\"noopener noreferrer\">Campo Grande<\/a>, na <\/span><a href=\"http:\/\/bit.ly\/2x3k8bw\" target=\"_blank\" rel=\"noopener noreferrer\"><span style=\"font-weight: 400;\">Zona Oeste<\/span><\/a><span style=\"font-weight: 400;\"> do Rio de Janeiro, <a href=\"http:\/\/bit.ly\/334X6OS\" target=\"_blank\" rel=\"noopener noreferrer\">um mutir\u00e3o<\/a> no quintal de Hellen Andrews, que fica no Bosque das Caboclas<\/span><i><span style=\"font-weight: 400;\">\u2014<\/span><\/i><span style=\"font-weight: 400;\">uma comunidade na Estrada dos Caboclos que se desenvolveu a partir de uma ocupa\u00e7\u00e3o urbana. Esse mutir\u00e3o, que contou com o apoio do <a href=\"http:\/\/bit.ly\/35kZNxg\" target=\"_blank\" rel=\"noopener noreferrer\">Conselho de Arquitetura e Urbanismo do Rio de Janeiro (CAU\/RJ)<\/a>, construiu uma cisterna ecol\u00f3gica que aproveitar\u00e1 a \u00e1gua da chuva para v\u00e1rios fins. O quintal de Dona Hellen \u00e9 um dos tr\u00eas quintais do Bosque das Caboclas selecionados em um edital do Fundo Casa para projetos de reparo em moradias devido \u00e0s chuvas. O Bosque das Caboclas concentra um subgrupo de um coletivo feminino, a <\/span><a href=\"http:\/\/bit.ly\/2SYIyNp\" target=\"_blank\" rel=\"noopener noreferrer\"><span style=\"font-weight: 400;\">Coletiva Popular de Mulheres da Zona Oeste<\/span><\/a> <a href=\"http:\/\/bit.ly\/2SYIyNp\" target=\"_blank\" rel=\"noopener noreferrer\"><span style=\"font-weight: 400;\">(<\/span><\/a><span style=\"font-weight: 400;\">CPMZO), que visa utilizar os espa\u00e7os de moradia para reunir mulheres locais e debater diversos assuntos e suas necessidades.<\/span><\/p>\n<figure id=\"attachment_44460\" aria-describedby=\"caption-attachment-44460\" style=\"width: 620px\" class=\"wp-caption aligncenter\"><a href=\"https:\/\/rioonwatch.org.br\/wp-content\/uploads\/2019\/11\/Dona-Helen.jpg\"><img fetchpriority=\"high\" decoding=\"async\" class=\"wp-image-44460 size-medium\" title=\"Saney Souza. Foto por B\u00e1rbara Dias\" src=\"https:\/\/rioonwatch.org.br\/wp-content\/uploads\/2019\/11\/Dona-Helen-620x414.jpg\" alt=\"\" width=\"620\" height=\"414\" srcset=\"https:\/\/rioonwatch.org.br\/wp-content\/uploads\/2019\/11\/Dona-Helen-620x414.jpg 620w, https:\/\/rioonwatch.org.br\/wp-content\/uploads\/2019\/11\/Dona-Helen-396x264.jpg 396w, https:\/\/rioonwatch.org.br\/wp-content\/uploads\/2019\/11\/Dona-Helen-768x513.jpg 768w, https:\/\/rioonwatch.org.br\/wp-content\/uploads\/2019\/11\/Dona-Helen-1024x684.jpg 1024w, https:\/\/rioonwatch.org.br\/wp-content\/uploads\/2019\/11\/Dona-Helen.jpg 2000w\" sizes=\"(max-width: 620px) 100vw, 620px\" \/><\/a><figcaption id=\"caption-attachment-44460\" class=\"wp-caption-text\">Dona Hellen. Foto por B\u00e1rbara Dias<\/figcaption><\/figure>\n<p><span style=\"font-weight: 400;\">Saney Souza, filha de Dona Hellen, faz parte da <\/span><a href=\"http:\/\/bit.ly\/2CToEMK\" target=\"_blank\" rel=\"noopener noreferrer\"><span style=\"font-weight: 400;\">Rede Carioca de Agricultura Urbana (Rede CAU)<\/span><\/a><span style=\"font-weight: 400;\"> e da Coletiva Popular de Mulheres da Zona Oeste. Saney percebeu que junto \u00e0s a\u00e7\u00f5es de desenvolvimento local era extremamente necess\u00e1rio falar sobre feminismo. Contudo, como seria este caminho j\u00e1 que muitas mulheres locais tinham em seu dia a dia demandas diferentes e muito espec\u00edficas em rela\u00e7\u00e3o a outros lugares da cidade?<\/span><\/p>\n<p><span style=\"font-weight: 400;\">Essa reflex\u00e3o come\u00e7ou quando ela, junto com outras mulheres, se questionaram: Que feminismo \u00e9 esse que n\u00e3o cuida da casa da irm\u00e3 que perdeu tudo na chuva? Como lidar e discutir a morte de uma companheira pelo seu pr\u00f3prio marido? Como conversar sobre viol\u00eancia sexual com meninas que se sentem culpadas quando sofrem abusos por homens? Estes questionamentos sobre o que \u00e9 feminismo<em>\u2014<\/em>sobretudo o feminismo negro<em>\u2014<\/em>fez Saney se reunir com outras mulheres, em seus pr\u00f3prios espa\u00e7os, para falar sobre assuntos que habitualmente s\u00e3o pautas de mulheres de outras classes sociais e n\u00e3o de mulheres negras e perif\u00e9ricas. A partir de ent\u00e3o, essas mulheres encontraram junto \u00e0 Coletiva Popular de Mulheres da Zona Oeste, no Bosque das Caboclas, espa\u00e7o para conversar sobre tais quest\u00f5es.<\/span><\/p>\n<p><span style=\"font-weight: 400;\">E foi assim, em <a href=\"http:\/\/bit.ly\/2XtlsRv\" target=\"_blank\" rel=\"noopener noreferrer\">seus quintais<\/a> que come\u00e7aram os encontros formais e informais para conversarem sobre agroecologia, direito \u00e0 moradia e o feminismo negro.\u00a0<\/span><\/p>\n<p><span style=\"font-weight: 400;\">Neste dia de mutir\u00e3o, Saney e a arquiteta Leslie Loreto, que atua junto a Coletiva, foram entrevistadas pelo <\/span><i><span style=\"font-weight: 400;\">RioOnWatch<\/span><\/i><span style=\"font-weight: 400;\">. Nestas entrevistas elas nos contaram um pouco sobre o trabalho que a Coletiva realiza no Bosque das Caboclas<\/span><i><span style=\"font-weight: 400;\">\u2014<\/span><\/i><span style=\"font-weight: 400;\">situado na Estrada dos Caboclos, mas que teve seu nome simbolicamente rebatizado de Bosque das Caboclas pelas mulheres deste coletivo. Leslie \u00e9 arquiteta e urbanista pela <a href=\"http:\/\/bit.ly\/2KERYuJ\" target=\"_blank\" rel=\"noopener noreferrer\">USP<\/a> e trabalha com assessoramento t\u00e9cnico a movimentos de moradia. Leslie coordena, junto com Elsa Burguiere, a <a href=\"http:\/\/bit.ly\/2r7EeBO\" target=\"_blank\" rel=\"noopener noreferrer\">Arche &#8211; Projetos Participativos<\/a>, que atualmente assessora a Coletiva Popular de Mulheres da Zona Oeste do Rio de Janeiro.<\/span><\/p>\n<figure id=\"attachment_44461\" aria-describedby=\"caption-attachment-44461\" style=\"width: 620px\" class=\"wp-caption aligncenter\"><a href=\"https:\/\/rioonwatch.org.br\/wp-content\/uploads\/2019\/11\/Saney.jpg\"><img loading=\"lazy\" decoding=\"async\" class=\"wp-image-44461 size-medium\" title=\"Saney Souza. Foto por B\u00e1rbara Dias\" src=\"https:\/\/rioonwatch.org.br\/wp-content\/uploads\/2019\/11\/Saney-620x414.jpg\" alt=\"\" width=\"620\" height=\"414\" srcset=\"https:\/\/rioonwatch.org.br\/wp-content\/uploads\/2019\/11\/Saney-620x414.jpg 620w, https:\/\/rioonwatch.org.br\/wp-content\/uploads\/2019\/11\/Saney-396x264.jpg 396w, https:\/\/rioonwatch.org.br\/wp-content\/uploads\/2019\/11\/Saney-768x513.jpg 768w, https:\/\/rioonwatch.org.br\/wp-content\/uploads\/2019\/11\/Saney-1024x684.jpg 1024w, https:\/\/rioonwatch.org.br\/wp-content\/uploads\/2019\/11\/Saney.jpg 2000w\" sizes=\"(max-width: 620px) 100vw, 620px\" \/><\/a><figcaption id=\"caption-attachment-44461\" class=\"wp-caption-text\">Saney Souza. Foto por B\u00e1rbara Dias<\/figcaption><\/figure>\n<h3><strong>RioOnWatch: O que \u00e9 o Bosque das Caboclas e a Coletiva Popular de Mulheres da Zona Oeste? Como elas se complementam?<\/strong><\/h3>\n<p><span style=\"font-weight: 400;\"><strong>Saney:<\/strong> Bosque das Caboclas \u00e9 uma ocupa\u00e7\u00e3o urbana que tem as mulheres \u00e0 frente, organizando toda a vida e a luta. <\/span><span style=\"font-weight: 400;\">A Coletiva \u00e9 um antigo comit\u00ea popular de mulheres aqui da Zona Oeste, que j\u00e1 pertenceram ao Comit\u00ea de Mulheres do Rio de Janeiro onde tudo come\u00e7ou. Elas se encontravam no Centro da cidade, com a participa\u00e7\u00e3o de v\u00e1rias mulheres, em um movimento auto-organizado para o feminismo na cidade do Rio de Janeiro. Os encontros eram no Centro, mas com o tempo foi ficando muito dif\u00edcil para quem era da <a href=\"http:\/\/bit.ly\/37nDFEo\" target=\"_blank\" rel=\"noopener noreferrer\">Baixada<\/a>, da Zona Oeste e da Regi\u00e3o Serrana. Os encontros ficaram dif\u00edceis. Depois de um tempo demos uma retomada na luta e vimos na Zona Oeste uma possibilidade de retorno definitivo. Foi ent\u00e3o que, atrav\u00e9s de uma forma\u00e7\u00e3o [de pesquisa militante e cartografia socioambiental] com o <a href=\"http:\/\/bit.ly\/2OwgL51\" target=\"_blank\" rel=\"noopener noreferrer\">Instituto de Pol\u00edticas Alternativas para o Cone Sul<\/a>, em 2014 [que o movimento] ressurgiu como <a href=\"http:\/\/bit.ly\/2OstANN\" target=\"_blank\" rel=\"noopener noreferrer\">Comit\u00ea Popular de Mulheres da Zona Oeste<\/a>.\u00a0<\/span><\/p>\n<p><span style=\"font-weight: 400;\">Percebemos ent\u00e3o que a palavra comit\u00ea era uma forma muito fechada e em pouco tempo surgiu a palavra coletiva. Depois dessa forma\u00e7\u00e3o [junto ao Instituto PACS], n\u00f3s come\u00e7amos a olhar para o territ\u00f3rio e fazer uma releitura de tudo, e olhar como a gente estava dentro deste territ\u00f3rio. A coletiva \u00e9 uma frente de lutas com v\u00e1rias mulheres auto-organizadas que est\u00e3o na resist\u00eancia e nas lutas que acontecem nos territ\u00f3rios.<\/span><\/p>\n<figure id=\"attachment_44464\" aria-describedby=\"caption-attachment-44464\" style=\"width: 620px\" class=\"wp-caption aligncenter\"><a href=\"https:\/\/rioonwatch.org.br\/wp-content\/uploads\/2019\/11\/Prepara\u00e7\u00e3o-do-almo\u00e7o-no-dia-do-mutir\u00e3o..jpg\"><img loading=\"lazy\" decoding=\"async\" class=\"wp-image-44464 size-medium\" title=\"Preparo do almo\u00e7o no mutir\u00e3o no Bosque das Caboclas. Foto por B\u00e1rbara Dias\" src=\"https:\/\/rioonwatch.org.br\/wp-content\/uploads\/2019\/11\/Prepara\u00e7\u00e3o-do-almo\u00e7o-no-dia-do-mutir\u00e3o.-e1574172269365-620x363.jpg\" alt=\"\" width=\"620\" height=\"363\" srcset=\"https:\/\/rioonwatch.org.br\/wp-content\/uploads\/2019\/11\/Prepara\u00e7\u00e3o-do-almo\u00e7o-no-dia-do-mutir\u00e3o.-e1574172269365-620x363.jpg 620w, https:\/\/rioonwatch.org.br\/wp-content\/uploads\/2019\/11\/Prepara\u00e7\u00e3o-do-almo\u00e7o-no-dia-do-mutir\u00e3o.-e1574172269365-451x264.jpg 451w, https:\/\/rioonwatch.org.br\/wp-content\/uploads\/2019\/11\/Prepara\u00e7\u00e3o-do-almo\u00e7o-no-dia-do-mutir\u00e3o.-e1574172269365-768x449.jpg 768w, https:\/\/rioonwatch.org.br\/wp-content\/uploads\/2019\/11\/Prepara\u00e7\u00e3o-do-almo\u00e7o-no-dia-do-mutir\u00e3o.-e1574172269365-1024x599.jpg 1024w, https:\/\/rioonwatch.org.br\/wp-content\/uploads\/2019\/11\/Prepara\u00e7\u00e3o-do-almo\u00e7o-no-dia-do-mutir\u00e3o.-e1574172269365.jpg 2000w\" sizes=\"(max-width: 620px) 100vw, 620px\" \/><\/a><figcaption id=\"caption-attachment-44464\" class=\"wp-caption-text\">Preparo do almo\u00e7o no mutir\u00e3o no Bosque das Caboclas. Foto por B\u00e1rbara Dias<\/figcaption><\/figure>\n<h3><strong>RioOnWatch: Como surgiu a ideia de formar o Bosque das Caboclas?\u00a0<\/strong><\/h3>\n<p><span style=\"font-weight: 400;\"><strong>Saney:<\/strong> Como a Coletiva \u00e9 uma frente de lutas, [o Bosque das] Caboclas faz parte dessa frente, mas a Coletiva \u00e9 maior e abarca toda Zona Oeste. O Bosque das Caboclas [j\u00e1] tem quatro anos com esse prop\u00f3sito.<\/span><\/p>\n<p><span style=\"font-weight: 400;\">Tivemos algumas perdas. Na nossa ocupa\u00e7\u00e3o [Bosque das Caboclas] t\u00ednhamos a companheira Maria*. Maria tinha fam\u00edlia, era casada, tinha filhos. O marido dela era muito agressivo. Ela falava pouco e pouco conversava, e a gente da comunidade j\u00e1 sabia da agressividade dele. [Um dia] ela foi agredida pelo companheiro de uma forma muito violenta. Ela falava que ele era muito grosso, que ele era muito ignorante, que era nordestino. No dia em que foi agredida, [ela] foi para o hospital, ficou um tempo internada. A gente soube logo depois que ela veio a falecer por conta de um trauma no pulm\u00e3o. O marido dela empurrou ela na parede, na quina e ela bateu de costas. Para n\u00f3s ele falou que foi tuberculose e [que foi] por isso que ela ficou internada, mas depois tivemos acesso a verdadeira informa\u00e7\u00e3o de que foi agress\u00e3o.\u00a0<\/span><\/p>\n<p><span style=\"font-weight: 400;\">Logo depois tamb\u00e9m teve duas adolescentes que foram violentadas na Estrada dos Caboclos, voltando do carnaval em 2014. Elas vieram conversar comigo aquela coisa informal. Mas eu precisava orientar [as meninas]. A gente precisava ir no posto, na delegacia, ver como que estava a sa\u00fade. E a\u00ed, conversando [sobre] tudo [isso], elas chegaram para mim e falaram: \u2018N\u00e3o, a gente n\u00e3o vai, porque quem errou foi a gente, Saney. A gente tava no lugar errado, a gente estava na hora errada e est\u00e1vamos com a roupa errada. Quem errou foi a gente\u2019. A\u00ed eu me destru\u00ed de chorar, me acabei de chorar em casa. A\u00ed eu falei que a gente t\u00eam que fazer alguma coisa. A gente n\u00e3o pode achar que a culpa \u00e9 nossa. <\/span><\/p>\n<p><span style=\"font-weight: 400;\">A companheira Maria n\u00e3o morreu porque o marido dela \u00e9 nordestino. Tem toda uma sociedade que t\u00e1 permeando tudo isso. E a\u00ed a gente decidiu conversando com algumas companheiras. Mas muito entre eu e minha m\u00e3e no come\u00e7o. Eu falei: \u2018M\u00e3e, a gente tem que fazer alguma coisa, n\u00e3o vamos achar isso normal\u2019, e ela falou: \u201cOlha, tem que reunir as mulheres\u2019. A\u00ed eu comecei a conversar com uma, com outra, e a gente decidiu na comunidade [formar] uma coletiva, que n\u00e3o sei nem bem como a gente come\u00e7ou, mas a gente come\u00e7ou a conversar sobre isso, ent\u00e3o acho que as caboclas, v\u00eam muito desse n\u00e3o silenciamento das viol\u00eancias que acontecem na nossa comunidade, no nosso corpo, se juntando a luta da Coletiva Popular de Mulheres da Zona Oeste.\u00a0<\/span><\/p>\n<h3><strong>RioOnWatch: Vimos que o Bosque das Caboclas conta com a ajuda de arquitetas, que ensinam constru\u00e7\u00e3o civil para as mulheres locais. Como aconteceu esse encontro?<\/strong><\/h3>\n<p><span style=\"font-weight: 400;\"><strong>Saney:<\/strong> A gente come\u00e7ou a chamar quem a gente conhecia para pensar junto. Decidimos mandar v\u00e1rios e-mails, at\u00e9 que um dia a Leslei e a Elsa [duas arquitetas] tomaram conhecimento destes e-mails que diziam sobre a vontade de mulheres da Zona Oeste de trocarem ideias sobre moradia e fomos at\u00e9 elas. Depois elas vieram at\u00e9 aqui para conhecer a comunidade. Ent\u00e3o, ap\u00f3s esse encontro Leslei e Elsa nos colocaram a par de alguns editais sobre essa nossa pauta e surgiu o edital do Fundo Casa e a gente rapidamente escreveu um projeto [chamado Mulheres em A\u00e7\u00e3o]. Pouco tempo depois, veio a not\u00edcia de que fomos selecionadas entre 150 [candidatos] para o Fundo Casa. A Coletiva Popular de Mulheres da Zona Oeste estava l\u00e1 sendo contemplada no edital para reparos em tr\u00eas [casas] devido \u00e0s quest\u00f5es da chuva.<\/span><\/p>\n<figure id=\"attachment_44458\" aria-describedby=\"caption-attachment-44458\" style=\"width: 620px\" class=\"wp-caption aligncenter\"><a href=\"https:\/\/rioonwatch.org.br\/wp-content\/uploads\/2019\/11\/Leslie.jpg\"><img loading=\"lazy\" decoding=\"async\" class=\"wp-image-44458 size-medium\" title=\"Leslie Loreto. Foto por B\u00e1rbara Dias\" src=\"https:\/\/rioonwatch.org.br\/wp-content\/uploads\/2019\/11\/Leslie-620x414.jpg\" alt=\"\" width=\"620\" height=\"414\" srcset=\"https:\/\/rioonwatch.org.br\/wp-content\/uploads\/2019\/11\/Leslie-620x414.jpg 620w, https:\/\/rioonwatch.org.br\/wp-content\/uploads\/2019\/11\/Leslie-395x264.jpg 395w, https:\/\/rioonwatch.org.br\/wp-content\/uploads\/2019\/11\/Leslie-768x513.jpg 768w, https:\/\/rioonwatch.org.br\/wp-content\/uploads\/2019\/11\/Leslie-1024x684.jpg 1024w\" sizes=\"(max-width: 620px) 100vw, 620px\" \/><\/a><figcaption id=\"caption-attachment-44458\" class=\"wp-caption-text\">Leslie Loreto. Foto por B\u00e1rbara Dias<\/figcaption><\/figure>\n<h3><strong>RioOnWatch: Qual \u00e9 a import\u00e2ncia deste projeto, que venceu o edital do Fundo Casa, para o Bosque das Caboclas?<\/strong><\/h3>\n<p><strong>Leslie:<\/strong> <span style=\"font-weight: 400;\">A import\u00e2ncia desse projeto \u00e9 enorme. Em parte porque, a partir dele, mulheres de baixa renda que nunca haviam trabalhado com reparos ou pequenas reformas, em suas casas, passaram a entender melhor como realizar essas atividades, se apropriando de um saber t\u00e9cnico que ainda \u00e9 muito ligado ao mundo masculino, a constru\u00e7\u00e3o civil. Isso leva a elas mais autonomia, mais conhecimento e, indiretamente, a qualificar a luta da mulher contra a opress\u00e3o.\u00a0<\/span><\/p>\n<p><span style=\"font-weight: 400;\">Mas a maior import\u00e2ncia est\u00e1 no fato de que elas fizeram tudo isso de maneira coletiva, n\u00e3o individual, se unindo atrav\u00e9s de la\u00e7os de solidariedade, de classe e de afeto. Esse trabalho organizado feito atrav\u00e9s da realiza\u00e7\u00e3o de v\u00e1rios mutir\u00f5es, de muitas m\u00e3os<i>\u2014<\/i>que n\u00e3o ocorreu sem percal\u00e7os e contratempos<i>\u2014<\/i>sem d\u00favida \u00e9 a alma do projeto. Nestes tempos onde somos compelidos a nos afastar um dos outros, ter a oportunidade de [trabalhar com] uma organiza\u00e7\u00e3o coletiva como foi Projeto Mulheres em A\u00e7\u00e3o, s\u00f3 nos traz alegria.<\/span><\/p>\n<h3><strong>RioOnWatch: Estar nesse projeto fez diferen\u00e7a na sua carreira?<\/strong><\/h3>\n<p><strong>Leslie:<\/strong><span style=\"font-weight: 400;\"> J\u00e1 trabalho com popula\u00e7\u00f5es organizadas h\u00e1 um bom tempo, mais de 20 anos. Sempre prestando assessoria em arquitetura a movimentos de moradia que queriam construir suas casas. Mas este projeto sem d\u00favida foi um desafio, pois me fez pensar o que significa trabalhar com mulheres, com pessoas que nunca pensaram, necessariamente, em construir suas casas sozinhas. Elas queriam tentar resolver as precariedades de suas moradias e ter um espa\u00e7o mais digno para morar. Embora fosse um objetivo pequeno, carregava na ess\u00eancia uma necessidade radical de uni\u00e3o e afeto entre mulheres. Sem que houvesse entre elas a figura opressiva do homem, elas transformaram a obra em um espa\u00e7o de alegria, de leveza e de afetividade.<\/span><\/p>\n<p><span style=\"font-weight: 400;\">Para n\u00f3s mulheres que j\u00e1 trabalhamos na constru\u00e7\u00e3o civil, viver essa leveza me fez ver como poderia ser um canteiro de obras s\u00f3 de mulheres. E isso foi algo novo para mim e para n\u00f3s da Arche. Algo realmente instigante para trabalhos futuros.<\/span><\/p>\n<figure id=\"attachment_44465\" aria-describedby=\"caption-attachment-44465\" style=\"width: 620px\" class=\"wp-caption aligncenter\"><a href=\"https:\/\/rioonwatch.org.br\/wp-content\/uploads\/2019\/11\/Aprendendo-a-construir-e1574172487404.jpg\"><img loading=\"lazy\" decoding=\"async\" class=\"wp-image-44465 size-medium\" title=\"Mulheres do Bosque da Caboclas aprendendo a usar instrumentos de constru\u00e7\u00e3o. Foto por B\u00e1rbara Dias\" src=\"https:\/\/rioonwatch.org.br\/wp-content\/uploads\/2019\/11\/Aprendendo-a-construir-e1574172487404-620x366.jpg\" alt=\"\" width=\"620\" height=\"366\" srcset=\"https:\/\/rioonwatch.org.br\/wp-content\/uploads\/2019\/11\/Aprendendo-a-construir-e1574172487404-620x366.jpg 620w, https:\/\/rioonwatch.org.br\/wp-content\/uploads\/2019\/11\/Aprendendo-a-construir-e1574172487404-447x264.jpg 447w, https:\/\/rioonwatch.org.br\/wp-content\/uploads\/2019\/11\/Aprendendo-a-construir-e1574172487404-768x454.jpg 768w, https:\/\/rioonwatch.org.br\/wp-content\/uploads\/2019\/11\/Aprendendo-a-construir-e1574172487404-1024x605.jpg 1024w, https:\/\/rioonwatch.org.br\/wp-content\/uploads\/2019\/11\/Aprendendo-a-construir-e1574172487404.jpg 1980w\" sizes=\"(max-width: 620px) 100vw, 620px\" \/><\/a><figcaption id=\"caption-attachment-44465\" class=\"wp-caption-text\">Mulheres do Bosque da Caboclas aprendendo a usar instrumentos de constru\u00e7\u00e3o. Foto por B\u00e1rbara Dias<\/figcaption><\/figure>\n<h3><strong>RioOnWatch: O que \u00e9 agroecologia preta perif\u00e9rica?<\/strong><\/h3>\n<p><span style=\"font-weight: 400;\"><strong>Saney: <\/strong>Os quintais s\u00e3o tudo, \u00e9 onde a gente se re\u00fane, aonde a gente conversa e converge muitas pautas, sobretudo sobre a vida de mulheres [na luta] contra a viol\u00eancia. Utilizamos dessa nossa pr\u00e1tica, que \u00e9 a constru\u00e7\u00e3o de territ\u00f3rio, para se juntar para se ouvir. A escuta \u00e9 important\u00edssima.\u00a0<\/span><\/p>\n<p><span style=\"font-weight: 400;\">Quando eu falo que sem o quintal e sem a terra seria tudo muito dif\u00edcil, \u00e9 neste sentido da produ\u00e7\u00e3o da vida. A gente amplia [o conceito e a pr\u00e1tica] da agroecologia. N\u00e3o \u00e9 s\u00f3 a quest\u00e3o de plantar e comer bem. Se ela [a agroecologia] n\u00e3o estiver entrela\u00e7ada com a luta antirracista, ela n\u00e3o tem sentido. Porque o mesmo solo que a gente est\u00e1 plantando \u00e9 o mesmo solo que a m\u00e3e perde o filho. A gente tem que associar uma coisa com a outra. A gente olha pra terra preta e fica feliz, porque vai plantar e colher alimento bonito, saud\u00e1vel e sem veneno e vai compartilhar ou comercializar isso, mas no [mesmo] ch\u00e3o tem m\u00e3es que est\u00e3o se agachando, <a href=\"http:\/\/bit.ly\/2kODn69\" target=\"_blank\" rel=\"noopener noreferrer\">chorando porque o filho est\u00e1 l\u00e1 ensanguentado<\/a>, <a href=\"http:\/\/bit.ly\/2Wy3gJj\" target=\"_blank\" rel=\"noopener noreferrer\">morto pelo Estado<\/a>.<\/span><\/p>\n<p><span style=\"font-weight: 400;\">\u00c9 o mesmo ch\u00e3o, \u00e9 o mesmo solo, \u00e9 a mesma mulher preta. E se a gente pensar uma coisa separada da outra n\u00e3o tem sentido. \u00c9 por isso que a gente v\u00eam construindo e estreitando isso o tempo todo neste nosso solo, que \u00e9 um s\u00f3. E n\u00f3s somos uma s\u00f3. Este [movimento] de agroecologia preta perif\u00e9rica vem desconstruir a ideia de que s\u00f3 [h\u00e1] comidinha boa no prato para quem pode pagar comida org\u00e2nica. N\u00e3o \u00e9 isso.<\/span><\/p>\n<figure id=\"attachment_44466\" aria-describedby=\"caption-attachment-44466\" style=\"width: 620px\" class=\"wp-caption aligncenter\"><a href=\"https:\/\/rioonwatch.org.br\/wp-content\/uploads\/2019\/11\/BarbaraDias-1.jpg\"><img loading=\"lazy\" decoding=\"async\" class=\"wp-image-44466 size-medium\" title=\"Maracy Soares, da comunidade quilombola da Pedra Branca, participa do mutir\u00e3o no Bosque das Caboclas. Foto por B\u00e1rbara \" src=\"https:\/\/rioonwatch.org.br\/wp-content\/uploads\/2019\/11\/BarbaraDias-1-620x414.jpg\" alt=\"\" width=\"620\" height=\"414\" srcset=\"https:\/\/rioonwatch.org.br\/wp-content\/uploads\/2019\/11\/BarbaraDias-1-620x414.jpg 620w, https:\/\/rioonwatch.org.br\/wp-content\/uploads\/2019\/11\/BarbaraDias-1-396x264.jpg 396w, https:\/\/rioonwatch.org.br\/wp-content\/uploads\/2019\/11\/BarbaraDias-1-768x513.jpg 768w, https:\/\/rioonwatch.org.br\/wp-content\/uploads\/2019\/11\/BarbaraDias-1-1024x684.jpg 1024w, https:\/\/rioonwatch.org.br\/wp-content\/uploads\/2019\/11\/BarbaraDias-1.jpg 2000w\" sizes=\"(max-width: 620px) 100vw, 620px\" \/><\/a><figcaption id=\"caption-attachment-44466\" class=\"wp-caption-text\">Maracy Soares, do Quilombo do Camorim, participa do mutir\u00e3o no Bosque das Caboclas. Foto por B\u00e1rbara Dias<\/figcaption><\/figure>\n<p><em>*O nome da moradora foi alterado<\/em><\/p>\n<!-- AddThis Advanced Settings generic via filter on the_content --><!-- AddThis Share Buttons generic via filter on the_content -->","protected":false},"excerpt":{"rendered":"<div class=\"mh-excerpt\"><p>Click Here for English Esta \u00e9 a quinta mat\u00e9ria de uma s\u00e9rie gerada por uma parceria, de um ano, com o Centro Behner Stiefel de Estudos Brasileiros da Universidade Estadual de San Diego na Calif\u00f3rnia, <a class=\"mh-excerpt-more\" href=\"https:\/\/rioonwatch.org.br\/?p=44440\" title=\"Coletiva Popular Une e Empodera Mulheres Pretas em Quintais do Bosque das Caboclas [ENTREVISTA]\">[&#8230;]<\/a><!-- AddThis Advanced Settings generic via filter on get_the_excerpt --><!-- AddThis Share Buttons generic via filter on get_the_excerpt --><\/p>\n<\/div>","protected":false},"author":129,"featured_media":44471,"comment_status":"closed","ping_status":"closed","sticky":false,"template":"","format":"standard","meta":{"_acf_changed":false,"_monsterinsights_skip_tracking":false,"_monsterinsights_sitenote_active":false,"_monsterinsights_sitenote_note":"","_monsterinsights_sitenote_category":0,"footnotes":""},"categories":[1621,1629,1625,1616,342,1639],"tags":[302,301,3253,1050,959,436,2232,948,688,1790,42,915,567,1740,16,2693,184],"writer":[2311],"translator":[],"source":[],"ilustrador":[],"fotografo":[],"class_list":{"0":"post-44440","1":"post","2":"type-post","3":"status-publish","4":"format-standard","5":"has-post-thumbnail","7":"category-destaque","8":"category-entrevistas-e-perfis","9":"category-por-correspondentes-comunitarios","10":"category-qualidades-da-favela","11":"category-solucoes","12":"category-sustentabilidade","13":"tag-agricultura-urbana","14":"tag-agroecologia","15":"tag-antirracismo","16":"tag-arquitetura","17":"tag-baixada-fluminense","18":"tag-campo-grande","19":"tag-cau","20":"tag-coletivo","21":"tag-empoderamento","22":"tag-feminismo","23":"tag-genero","24":"tag-mes-da-consciencia-negra","25":"tag-quilombo","26":"tag-quilombo-do-camorim","27":"tag-rocinha","28":"tag-serie-direitos-humanos-com-apoio-do-centro-behner-stiefel-da-sdsu","29":"tag-zona-oeste","30":"writer-carla-souza"},"acf":[],"yoast_head":"<!-- This site is optimized with the Yoast SEO plugin v25.6 - https:\/\/yoast.com\/wordpress\/plugins\/seo\/ -->\n<title>Coletiva Popular Une e Empodera Mulheres Pretas em Quintais do Bosque das Caboclas [ENTREVISTA] - RioOnWatch<\/title>\n<meta name=\"robots\" content=\"index, follow, max-snippet:-1, max-image-preview:large, max-video-preview:-1\" \/>\n<link rel=\"canonical\" href=\"https:\/\/rioonwatch.org.br\/?p=44440\" \/>\n<meta property=\"og:locale\" content=\"pt_BR\" \/>\n<meta property=\"og:type\" content=\"article\" \/>\n<meta property=\"og:title\" content=\"Coletiva Popular Une e Empodera Mulheres Pretas em Quintais do Bosque das Caboclas [ENTREVISTA] - RioOnWatch\" \/>\n<meta property=\"og:description\" content=\"Click Here for English Esta \u00e9 a quinta mat\u00e9ria de uma s\u00e9rie gerada por uma parceria, de um ano, com o Centro Behner Stiefel de Estudos Brasileiros da Universidade Estadual de San Diego na Calif\u00f3rnia, [...]\" \/>\n<meta property=\"og:url\" content=\"https:\/\/rioonwatch.org.br\/?p=44440\" \/>\n<meta property=\"og:site_name\" content=\"RioOnWatch\" \/>\n<meta property=\"article:published_time\" content=\"2019-11-20T17:10:47+00:00\" \/>\n<meta property=\"article:modified_time\" content=\"2024-05-24T15:36:34+00:00\" \/>\n<meta property=\"og:image\" content=\"https:\/\/rioonwatch.org.br\/wp-content\/uploads\/2019\/11\/Bosque-das-Caboclas.jpg\" \/>\n\t<meta property=\"og:image:width\" content=\"2000\" \/>\n\t<meta property=\"og:image:height\" content=\"1335\" \/>\n\t<meta property=\"og:image:type\" content=\"image\/jpeg\" \/>\n<meta name=\"author\" content=\"Admin\" \/>\n<meta name=\"twitter:card\" content=\"summary_large_image\" \/>\n<meta name=\"twitter:label1\" content=\"Escrito por\" \/>\n\t<meta name=\"twitter:data1\" content=\"Admin\" \/>\n\t<meta name=\"twitter:label2\" content=\"Est. tempo de leitura\" \/>\n\t<meta name=\"twitter:data2\" content=\"14 minutos\" \/>\n<script type=\"application\/ld+json\" class=\"yoast-schema-graph\">{\"@context\":\"https:\/\/schema.org\",\"@graph\":[{\"@type\":\"Article\",\"@id\":\"https:\/\/rioonwatch.org.br\/?p=44440#article\",\"isPartOf\":{\"@id\":\"https:\/\/rioonwatch.org.br\/?p=44440\"},\"author\":{\"name\":\"Admin\",\"@id\":\"https:\/\/rioonwatch.org.br\/#\/schema\/person\/11d64c290506f9df50c71b850c473f68\"},\"headline\":\"Coletiva Popular Une e Empodera Mulheres Pretas em Quintais do Bosque das Caboclas [ENTREVISTA]\",\"datePublished\":\"2019-11-20T17:10:47+00:00\",\"dateModified\":\"2024-05-24T15:36:34+00:00\",\"mainEntityOfPage\":{\"@id\":\"https:\/\/rioonwatch.org.br\/?p=44440\"},\"wordCount\":2249,\"publisher\":{\"@id\":\"https:\/\/rioonwatch.org.br\/#organization\"},\"image\":{\"@id\":\"https:\/\/rioonwatch.org.br\/?p=44440#primaryimage\"},\"thumbnailUrl\":\"https:\/\/rioonwatch.org.br\/wp-content\/uploads\/2019\/11\/Bosque-das-Caboclas.jpg\",\"keywords\":[\"agricultura urbana\",\"agroecologia\",\"Antirracismo\",\"arquitetura\",\"Baixada Fluminense\",\"Campo Grande\",\"CAU\",\"coletivo\",\"empoderamento\",\"feminismo\",\"g\u00eanero\",\"M\u00eas da Consci\u00eancia Negra\",\"Quilombo\",\"Quilombo do Camorim\",\"Rocinha\",\"S\u00e9rie Apoiada pelo Centro Behner Stiefel\/SDSU\",\"Zona Oeste\"],\"articleSection\":[\"*Destaque\",\"Entrevistas e Perfis\",\"Escrito por Comunicadores Populares\",\"Qualidades da Favela\",\"Solu\u00e7\u00f5es\",\"Sustentabilidade\"],\"inLanguage\":\"pt-BR\"},{\"@type\":\"WebPage\",\"@id\":\"https:\/\/rioonwatch.org.br\/?p=44440\",\"url\":\"https:\/\/rioonwatch.org.br\/?p=44440\",\"name\":\"Coletiva Popular Une e Empodera Mulheres Pretas em Quintais do Bosque das Caboclas [ENTREVISTA] - RioOnWatch\",\"isPartOf\":{\"@id\":\"https:\/\/rioonwatch.org.br\/#website\"},\"primaryImageOfPage\":{\"@id\":\"https:\/\/rioonwatch.org.br\/?p=44440#primaryimage\"},\"image\":{\"@id\":\"https:\/\/rioonwatch.org.br\/?p=44440#primaryimage\"},\"thumbnailUrl\":\"https:\/\/rioonwatch.org.br\/wp-content\/uploads\/2019\/11\/Bosque-das-Caboclas.jpg\",\"datePublished\":\"2019-11-20T17:10:47+00:00\",\"dateModified\":\"2024-05-24T15:36:34+00:00\",\"breadcrumb\":{\"@id\":\"https:\/\/rioonwatch.org.br\/?p=44440#breadcrumb\"},\"inLanguage\":\"pt-BR\",\"potentialAction\":[{\"@type\":\"ReadAction\",\"target\":[\"https:\/\/rioonwatch.org.br\/?p=44440\"]}]},{\"@type\":\"ImageObject\",\"inLanguage\":\"pt-BR\",\"@id\":\"https:\/\/rioonwatch.org.br\/?p=44440#primaryimage\",\"url\":\"https:\/\/rioonwatch.org.br\/wp-content\/uploads\/2019\/11\/Bosque-das-Caboclas.jpg\",\"contentUrl\":\"https:\/\/rioonwatch.org.br\/wp-content\/uploads\/2019\/11\/Bosque-das-Caboclas.jpg\",\"width\":2000,\"height\":1335},{\"@type\":\"BreadcrumbList\",\"@id\":\"https:\/\/rioonwatch.org.br\/?p=44440#breadcrumb\",\"itemListElement\":[{\"@type\":\"ListItem\",\"position\":1,\"name\":\"In\u00edcio\",\"item\":\"https:\/\/rioonwatch.org.br\/\"},{\"@type\":\"ListItem\",\"position\":2,\"name\":\"Coletiva Popular Une e Empodera Mulheres Pretas em Quintais do Bosque das Caboclas [ENTREVISTA]\"}]},{\"@type\":\"WebSite\",\"@id\":\"https:\/\/rioonwatch.org.br\/#website\",\"url\":\"https:\/\/rioonwatch.org.br\/\",\"name\":\"RioOnWatch\",\"description\":\"relatos das favelas cariocas\",\"publisher\":{\"@id\":\"https:\/\/rioonwatch.org.br\/#organization\"},\"potentialAction\":[{\"@type\":\"SearchAction\",\"target\":{\"@type\":\"EntryPoint\",\"urlTemplate\":\"https:\/\/rioonwatch.org.br\/?s={search_term_string}\"},\"query-input\":{\"@type\":\"PropertyValueSpecification\",\"valueRequired\":true,\"valueName\":\"search_term_string\"}}],\"inLanguage\":\"pt-BR\"},{\"@type\":\"Organization\",\"@id\":\"https:\/\/rioonwatch.org.br\/#organization\",\"name\":\"RioOnWatch\",\"url\":\"https:\/\/rioonwatch.org.br\/\",\"logo\":{\"@type\":\"ImageObject\",\"inLanguage\":\"pt-BR\",\"@id\":\"https:\/\/rioonwatch.org.br\/#\/schema\/logo\/image\/\",\"url\":\"https:\/\/rioonwatch.org.br\/wp-content\/uploads\/2021\/06\/RioOnWatchcabecalhoPT11anos-2.png\",\"contentUrl\":\"https:\/\/rioonwatch.org.br\/wp-content\/uploads\/2021\/06\/RioOnWatchcabecalhoPT11anos-2.png\",\"width\":779,\"height\":277,\"caption\":\"RioOnWatch\"},\"image\":{\"@id\":\"https:\/\/rioonwatch.org.br\/#\/schema\/logo\/image\/\"}},{\"@type\":\"Person\",\"@id\":\"https:\/\/rioonwatch.org.br\/#\/schema\/person\/11d64c290506f9df50c71b850c473f68\",\"name\":\"Admin\",\"image\":{\"@type\":\"ImageObject\",\"inLanguage\":\"pt-BR\",\"@id\":\"https:\/\/rioonwatch.org.br\/#\/schema\/person\/image\/\",\"url\":\"https:\/\/secure.gravatar.com\/avatar\/56211ac74568383903349a1485e3c325?s=96&d=blank&r=g\",\"contentUrl\":\"https:\/\/secure.gravatar.com\/avatar\/56211ac74568383903349a1485e3c325?s=96&d=blank&r=g\",\"caption\":\"Admin\"},\"url\":\"https:\/\/rioonwatch.org.br\/?author=129\"}]}<\/script>\n<!-- \/ Yoast SEO plugin. -->","yoast_head_json":{"title":"Coletiva Popular Une e Empodera Mulheres Pretas em Quintais do Bosque das Caboclas [ENTREVISTA] - RioOnWatch","robots":{"index":"index","follow":"follow","max-snippet":"max-snippet:-1","max-image-preview":"max-image-preview:large","max-video-preview":"max-video-preview:-1"},"canonical":"https:\/\/rioonwatch.org.br\/?p=44440","og_locale":"pt_BR","og_type":"article","og_title":"Coletiva Popular Une e Empodera Mulheres Pretas em Quintais do Bosque das Caboclas [ENTREVISTA] - RioOnWatch","og_description":"Click Here for English Esta \u00e9 a quinta mat\u00e9ria de uma s\u00e9rie gerada por uma parceria, de um ano, com o Centro Behner Stiefel de Estudos Brasileiros da Universidade Estadual de San Diego na Calif\u00f3rnia, [...]","og_url":"https:\/\/rioonwatch.org.br\/?p=44440","og_site_name":"RioOnWatch","article_published_time":"2019-11-20T17:10:47+00:00","article_modified_time":"2024-05-24T15:36:34+00:00","og_image":[{"width":2000,"height":1335,"url":"https:\/\/rioonwatch.org.br\/wp-content\/uploads\/2019\/11\/Bosque-das-Caboclas.jpg","type":"image\/jpeg"}],"author":"Admin","twitter_card":"summary_large_image","twitter_misc":{"Escrito por":"Admin","Est. tempo de leitura":"14 minutos"},"schema":{"@context":"https:\/\/schema.org","@graph":[{"@type":"Article","@id":"https:\/\/rioonwatch.org.br\/?p=44440#article","isPartOf":{"@id":"https:\/\/rioonwatch.org.br\/?p=44440"},"author":{"name":"Admin","@id":"https:\/\/rioonwatch.org.br\/#\/schema\/person\/11d64c290506f9df50c71b850c473f68"},"headline":"Coletiva Popular Une e Empodera Mulheres Pretas em Quintais do Bosque das Caboclas [ENTREVISTA]","datePublished":"2019-11-20T17:10:47+00:00","dateModified":"2024-05-24T15:36:34+00:00","mainEntityOfPage":{"@id":"https:\/\/rioonwatch.org.br\/?p=44440"},"wordCount":2249,"publisher":{"@id":"https:\/\/rioonwatch.org.br\/#organization"},"image":{"@id":"https:\/\/rioonwatch.org.br\/?p=44440#primaryimage"},"thumbnailUrl":"https:\/\/rioonwatch.org.br\/wp-content\/uploads\/2019\/11\/Bosque-das-Caboclas.jpg","keywords":["agricultura urbana","agroecologia","Antirracismo","arquitetura","Baixada Fluminense","Campo Grande","CAU","coletivo","empoderamento","feminismo","g\u00eanero","M\u00eas da Consci\u00eancia Negra","Quilombo","Quilombo do Camorim","Rocinha","S\u00e9rie Apoiada pelo Centro Behner Stiefel\/SDSU","Zona Oeste"],"articleSection":["*Destaque","Entrevistas e Perfis","Escrito por Comunicadores Populares","Qualidades da Favela","Solu\u00e7\u00f5es","Sustentabilidade"],"inLanguage":"pt-BR"},{"@type":"WebPage","@id":"https:\/\/rioonwatch.org.br\/?p=44440","url":"https:\/\/rioonwatch.org.br\/?p=44440","name":"Coletiva Popular Une e Empodera Mulheres Pretas em Quintais do Bosque das Caboclas [ENTREVISTA] - RioOnWatch","isPartOf":{"@id":"https:\/\/rioonwatch.org.br\/#website"},"primaryImageOfPage":{"@id":"https:\/\/rioonwatch.org.br\/?p=44440#primaryimage"},"image":{"@id":"https:\/\/rioonwatch.org.br\/?p=44440#primaryimage"},"thumbnailUrl":"https:\/\/rioonwatch.org.br\/wp-content\/uploads\/2019\/11\/Bosque-das-Caboclas.jpg","datePublished":"2019-11-20T17:10:47+00:00","dateModified":"2024-05-24T15:36:34+00:00","breadcrumb":{"@id":"https:\/\/rioonwatch.org.br\/?p=44440#breadcrumb"},"inLanguage":"pt-BR","potentialAction":[{"@type":"ReadAction","target":["https:\/\/rioonwatch.org.br\/?p=44440"]}]},{"@type":"ImageObject","inLanguage":"pt-BR","@id":"https:\/\/rioonwatch.org.br\/?p=44440#primaryimage","url":"https:\/\/rioonwatch.org.br\/wp-content\/uploads\/2019\/11\/Bosque-das-Caboclas.jpg","contentUrl":"https:\/\/rioonwatch.org.br\/wp-content\/uploads\/2019\/11\/Bosque-das-Caboclas.jpg","width":2000,"height":1335},{"@type":"BreadcrumbList","@id":"https:\/\/rioonwatch.org.br\/?p=44440#breadcrumb","itemListElement":[{"@type":"ListItem","position":1,"name":"In\u00edcio","item":"https:\/\/rioonwatch.org.br\/"},{"@type":"ListItem","position":2,"name":"Coletiva Popular Une e Empodera Mulheres Pretas em Quintais do Bosque das Caboclas [ENTREVISTA]"}]},{"@type":"WebSite","@id":"https:\/\/rioonwatch.org.br\/#website","url":"https:\/\/rioonwatch.org.br\/","name":"RioOnWatch","description":"relatos das favelas cariocas","publisher":{"@id":"https:\/\/rioonwatch.org.br\/#organization"},"potentialAction":[{"@type":"SearchAction","target":{"@type":"EntryPoint","urlTemplate":"https:\/\/rioonwatch.org.br\/?s={search_term_string}"},"query-input":{"@type":"PropertyValueSpecification","valueRequired":true,"valueName":"search_term_string"}}],"inLanguage":"pt-BR"},{"@type":"Organization","@id":"https:\/\/rioonwatch.org.br\/#organization","name":"RioOnWatch","url":"https:\/\/rioonwatch.org.br\/","logo":{"@type":"ImageObject","inLanguage":"pt-BR","@id":"https:\/\/rioonwatch.org.br\/#\/schema\/logo\/image\/","url":"https:\/\/rioonwatch.org.br\/wp-content\/uploads\/2021\/06\/RioOnWatchcabecalhoPT11anos-2.png","contentUrl":"https:\/\/rioonwatch.org.br\/wp-content\/uploads\/2021\/06\/RioOnWatchcabecalhoPT11anos-2.png","width":779,"height":277,"caption":"RioOnWatch"},"image":{"@id":"https:\/\/rioonwatch.org.br\/#\/schema\/logo\/image\/"}},{"@type":"Person","@id":"https:\/\/rioonwatch.org.br\/#\/schema\/person\/11d64c290506f9df50c71b850c473f68","name":"Admin","image":{"@type":"ImageObject","inLanguage":"pt-BR","@id":"https:\/\/rioonwatch.org.br\/#\/schema\/person\/image\/","url":"https:\/\/secure.gravatar.com\/avatar\/56211ac74568383903349a1485e3c325?s=96&d=blank&r=g","contentUrl":"https:\/\/secure.gravatar.com\/avatar\/56211ac74568383903349a1485e3c325?s=96&d=blank&r=g","caption":"Admin"},"url":"https:\/\/rioonwatch.org.br\/?author=129"}]}},"_links":{"self":[{"href":"https:\/\/rioonwatch.org.br\/index.php?rest_route=\/wp\/v2\/posts\/44440"}],"collection":[{"href":"https:\/\/rioonwatch.org.br\/index.php?rest_route=\/wp\/v2\/posts"}],"about":[{"href":"https:\/\/rioonwatch.org.br\/index.php?rest_route=\/wp\/v2\/types\/post"}],"author":[{"embeddable":true,"href":"https:\/\/rioonwatch.org.br\/index.php?rest_route=\/wp\/v2\/users\/129"}],"replies":[{"embeddable":true,"href":"https:\/\/rioonwatch.org.br\/index.php?rest_route=%2Fwp%2Fv2%2Fcomments&post=44440"}],"version-history":[{"count":55,"href":"https:\/\/rioonwatch.org.br\/index.php?rest_route=\/wp\/v2\/posts\/44440\/revisions"}],"predecessor-version":[{"id":70394,"href":"https:\/\/rioonwatch.org.br\/index.php?rest_route=\/wp\/v2\/posts\/44440\/revisions\/70394"}],"wp:featuredmedia":[{"embeddable":true,"href":"https:\/\/rioonwatch.org.br\/index.php?rest_route=\/wp\/v2\/media\/44471"}],"wp:attachment":[{"href":"https:\/\/rioonwatch.org.br\/index.php?rest_route=%2Fwp%2Fv2%2Fmedia&parent=44440"}],"wp:term":[{"taxonomy":"category","embeddable":true,"href":"https:\/\/rioonwatch.org.br\/index.php?rest_route=%2Fwp%2Fv2%2Fcategories&post=44440"},{"taxonomy":"post_tag","embeddable":true,"href":"https:\/\/rioonwatch.org.br\/index.php?rest_route=%2Fwp%2Fv2%2Ftags&post=44440"},{"taxonomy":"writer","embeddable":true,"href":"https:\/\/rioonwatch.org.br\/index.php?rest_route=%2Fwp%2Fv2%2Fwriter&post=44440"},{"taxonomy":"translator","embeddable":true,"href":"https:\/\/rioonwatch.org.br\/index.php?rest_route=%2Fwp%2Fv2%2Ftranslator&post=44440"},{"taxonomy":"source","embeddable":true,"href":"https:\/\/rioonwatch.org.br\/index.php?rest_route=%2Fwp%2Fv2%2Fsource&post=44440"},{"taxonomy":"ilustrador","embeddable":true,"href":"https:\/\/rioonwatch.org.br\/index.php?rest_route=%2Fwp%2Fv2%2Filustrador&post=44440"},{"taxonomy":"fotografo","embeddable":true,"href":"https:\/\/rioonwatch.org.br\/index.php?rest_route=%2Fwp%2Fv2%2Ffotografo&post=44440"}],"curies":[{"name":"wp","href":"https:\/\/api.w.org\/{rel}","templated":true}]}}