{"id":44559,"date":"2019-11-27T15:49:49","date_gmt":"2019-11-27T18:49:49","guid":{"rendered":"https:\/\/rioonwatch.org.br\/?p=44559"},"modified":"2020-01-16T15:27:24","modified_gmt":"2020-01-16T18:27:24","slug":"insolar-democratizando-o-acesso-a-energia-solar-no-santa-marta-e-alem-redefavelasustentavel-perfil","status":"publish","type":"post","link":"https:\/\/rioonwatch.org.br\/?p=44559","title":{"rendered":"Insolar: Democratizando o Acesso \u00e0 Energia Solar no Santa Marta e Al\u00e9m #RedeFavelaSustent\u00e1vel [PERFIL]"},"content":{"rendered":"<p style=\"text-align: right;\"><em><strong><a href=\"http:\/\/bit.ly\/2KguJqI\" target=\"_blank\" rel=\"noopener noreferrer\">Click Here for English<\/a><a href=\"http:\/\/bit.ly\/2KguJqI\" target=\"_blank\" rel=\"noopener noreferrer\"><img decoding=\"async\" width=\"20\" height=\"20\" class=\"alignright wp-image-15790\" src=\"http:\/\/rioonwatch.org.br\/wp-content\/uploads\/2012\/08\/EN-standard-e1439583104716.jpg\" \/><\/a><\/strong><\/em><\/p>\n<blockquote><p><strong><u>Iniciativa<\/u><\/strong><strong>:<\/strong>\u00a0Insolar<br \/>\n<strong><u>Contato<\/u>: <\/strong><a href=\"http:\/\/bit.ly\/2ndcrhy\">Site<\/a>\u00a0|\u00a0<a href=\"http:\/\/bit.ly\/2GtCzxH\">Facebook<\/a>\u00a0|<a href=\"http:\/\/bit.ly\/2ADZfFx\">Instagram<\/a>\u00a0|\u00a0<a href=\"http:\/\/bit.ly\/30FFfx2\">Twitter<\/a>\u00a0|\u00a0<a href=\"mailto:%20insolar@favelasustentavel.org\">Email<\/a><br \/>\n<strong><u>Ano de Funda\u00e7\u00e3o<\/u>:<\/strong>\u00a02013<br \/>\n<strong><u>Comunidade<\/u>:<\/strong>\u00a0Santa Marta e outras 14 comunidades do Rio de Janeiro.<br \/>\n<strong><u>Miss\u00e3o<\/u>:<\/strong>\u00a0Promover e democratizar o acesso \u00e0 energia solar no Brasil.<br \/>\n<strong><u>Eventos P\u00fablicos<\/u><\/strong><strong>:<\/strong> A Academia Insolar organiza eventos acad\u00eamicos e palestras em universidades no Brasil e no exterior. Eventos tamb\u00e9m s\u00e3o realizados em conjunto com outros projetos de energia solar em andamento no Rio.<br \/>\n<strong><u>Como Contribuir<\/u><\/strong><strong>:<\/strong> Doando ao Instituto Insolar, se voluntariando atrav\u00e9s da plataforma Atados, atrav\u00e9s de colabora\u00e7\u00f5es acad\u00eamicas, e indicando investidores e patrocinadores que compartilhem da mesma miss\u00e3o.<\/p><\/blockquote>\n<p>Ap\u00f3s passar um tempo significativo no setor privado, Henrique Drumond decidiu deixar para tr\u00e1s um ambiente de trabalho restritivo e seguir sua paix\u00e3o pelo empreendedorismo social e pela inova\u00e7\u00e3o. Nascido e criado na <a href=\"http:\/\/bit.ly\/2WL6FUi\" target=\"_blank\" rel=\"noopener noreferrer\">Zona Sul<\/a> do Rio de Janeiro, Henrique realizou v\u00e1rios projetos durante o seu per\u00edodo sab\u00e1tico do mundo dos neg\u00f3cios, inclusive um voluntariado em Mo\u00e7ambique. Foi l\u00e1 que ele aprendeu que, mesmo com recursos limitados, indiv\u00edduos podem ter um impacto no mundo.<\/p>\n<p>\u201cQuando colocamos tecnologia, conhecimento, energia e oportunidade a servi\u00e7o das pessoas, permitimos que seus talentos se revelem e se desenvolvam, contribuindo para que o nosso pa\u00eds atinja novos patamares de desenvolvimento socioecon\u00f4mico e prosperidade para todas as fam\u00edlias e para a sociedade como um todo&#8221;, diz o empreendedor social de 36 anos. Com esse aprendizado em mente, Henrique voltou para casa no Rio de Janeiro e, motivado pelo sonho de melhorar sua cidade e o Brasil, passou a utilizar tecnologia a servi\u00e7o da sociedade.<\/p>\n<p>Henrique se interessou pela energia solar, aproximou-se de empreendedores sociais e come\u00e7ou a participar de oficinas, eventualmente recebendo treinamento em uma organiza\u00e7\u00e3o sem fins lucrativos em S\u00e3o Francisco, Calif\u00f3rnia. Uma vez equipado com os conhecimentos b\u00e1sicos, ele fundou, juntamente com Michel Baitelli, o neg\u00f3cio social\u00a0<a href=\"http:\/\/bit.ly\/2QJWHyZ\" target=\"_blank\" rel=\"noopener noreferrer\">Insolar<\/a>.<\/p>\n<p>A Insolar reflete as experi\u00eancias e aspira\u00e7\u00f5es de Henrique, que atualmente dirige a organiza\u00e7\u00e3o. Baseando-se na sua experi\u00eancia no setor privado e no terceiro setor, assim como em sua forma\u00e7\u00e3o como administrador, ele criou a Insolar como um <a href=\"http:\/\/bit.ly\/2D9152H\" target=\"_blank\" rel=\"noopener noreferrer\">neg\u00f3cio social<\/a>. Entrela\u00e7ando elementos de organiza\u00e7\u00f5es sem fins lucrativos e de modelos tradicionais de neg\u00f3cios, o modelo operacional da Insolar foca em fornecer <a href=\"http:\/\/bit.ly\/2pydxFs\" target=\"_blank\" rel=\"noopener noreferrer\">energia solar<\/a> \u00e0s favelas do Rio de Janeiro e al\u00e9m. Os lucros gerados com a instala\u00e7\u00e3o dos pain\u00e9is solares financiam a futura instala\u00e7\u00e3o de novos sistemas de gera\u00e7\u00e3o de energia solar.<\/p>\n<p>Como um neg\u00f3cio social, a Insolar destaca a import\u00e2ncia de empoderar moradores de favelas, oferecendo programas de financiamento de baixo custo aos moradores que comprarem seus pr\u00f3prios sistemas de pain\u00e9is solares. \u201cMesmo que no in\u00edcio a contribui\u00e7\u00e3o financeira dos moradores seja simb\u00f3lica, a pessoa paga, por exemplo, R$40 por m\u00eas, durante alguns anos, e tem o direito de reivindicar um sistema [de energia solar] em funcionamento\u201d, diz Henrique. Ao passo que o custo para os moradores \u00e9 sempre menor do que a redu\u00e7\u00e3o da conta de energia, eles nunca ter\u00e3o que pagar mais do que o valor que eles economizam. Dessa forma, os moradores n\u00e3o apenas investem em energia renov\u00e1vel como tamb\u00e9m obt\u00e9m vantagens econ\u00f4micas.<\/p>\n<p>A Insolar, em parceria com outras organiza\u00e7\u00f5es, tamb\u00e9m fornece programas de treinamento e certifica\u00e7\u00e3o aos moradores, oferecendo mais de 100 horas de treinamento em quatro diferentes cursos. \u201cPara n\u00f3s, \u00e9 importante n\u00e3o apenas trazer tecnologia, mas tamb\u00e9m trazer oportunidades, conhecimento, e treinamento\u201d, resume Henrique. Os programas de treinamento de eletricistas e em energia solar d\u00e3o aos participantes as habilidades necess\u00e1rias para realizar a manuten\u00e7\u00e3o dos seus pain\u00e9is solares e para instalar seus pr\u00f3prios sistemas el\u00e9tricos e fotovoltaicos (tecnologia que converte a energia do sol em energia el\u00e9trica).<\/p>\n<p>Ao capacitar moradores, a Insolar busca gerar benef\u00edcios duradouros para as favelas. Para ilustrar o que ele chama de \u201cefeitos colaterais\u201d positivos dos esfor\u00e7os da Insolar em compartilhar conhecimento, Henrique recorda as experi\u00eancias do Marcos, ex-aluno da Insolar que colocou seus rec\u00e9m-adquiridos conhecimentos el\u00e9tricos em uso para sua fam\u00edlia: \u201cEle fez todo o sistema el\u00e9trico do sal\u00e3o de beleza da sua esposa, e agora ela \u00e9 uma empreendedora\u201d.<\/p>\n<p>Henrique acredita que proporcionar a moradores conhecimentos necess\u00e1rios para manter seus pain\u00e9is solares \u00e9 essencial, porque volunt\u00e1rios n\u00e3o ficam para sempre, e recorrer \u00e0s empresas de energia solar externas pode ser caro e, em alguns casos, inviabilizar a manuten\u00e7\u00e3o dos equipamentos. Apesar do treinamento envolver um investimento de tempo significativo, no final, os moradores da favela ganham uma independ\u00eancia inestim\u00e1vel. Esta independ\u00eancia \u00e9 vital para a amplia\u00e7\u00e3o do impacto a longo prazo da energia solar no Brasil.<\/p>\n<p><a href=\"https:\/\/rioonwatch.org.br\/wp-content\/uploads\/2019\/11\/insolar4.jpg\"><img fetchpriority=\"high\" decoding=\"async\" class=\"aligncenter wp-image-44564 size-content\" title=\"Funcion\u00e1rio instalando pain\u00e9is no Santa Marta. Foto: Amaury Junior\" src=\"https:\/\/rioonwatch.org.br\/wp-content\/uploads\/2019\/11\/insolar4-620x264.jpg\" alt=\"\" width=\"620\" height=\"264\" srcset=\"https:\/\/rioonwatch.org.br\/wp-content\/uploads\/2019\/11\/insolar4-620x264.jpg 620w, https:\/\/rioonwatch.org.br\/wp-content\/uploads\/2019\/11\/insolar4-940x400.jpg 940w\" sizes=\"(max-width: 620px) 100vw, 620px\" \/><\/a><\/p>\n<p>No final das contas, Henrique e a Insolar t\u00eam como miss\u00e3o fornecer energia solar \u00e0s favelas com a ideia de criar benef\u00edcios financeiros substanciais para seus moradores que, por sua vez, possam ser revertidos em prol do desenvolvimento profissional, familiar e da comunidade como um todo. Isto envolve um modelo operacional de tr\u00eas etapas que inclui um projeto piloto inicial, uma fase de expans\u00e3o, e o objetivo final de democratiza\u00e7\u00e3o. Na fase inicial, a Insolar entra na favela atrav\u00e9s do estabelecimento de um projeto piloto em um espa\u00e7o comunit\u00e1rio. O projeto piloto serve para demonstrar o objetivo do programa de energia solar da Insolar, mostrar como o programa funciona, gerar um maior interesse na energia solar, e construir confian\u00e7a dentro da comunidade. A Insolar ent\u00e3o segue para a fase de expans\u00e3o, iniciando projetos adicionais em outros espa\u00e7os comunit\u00e1rios. Assim que o n\u00famero de instala\u00e7\u00f5es de pain\u00e9is solares come\u00e7a a aumentar durante a fase de expans\u00e3o, a Insolar come\u00e7a a envolver moradores em programas de treinamento.<\/p>\n<p>Na fase final, de democratiza\u00e7\u00e3o, a Insolar procura ampliar o acesso \u00e0 energia solar em toda a comunidade, com a participa\u00e7\u00e3o de todos os moradores. A chave para a democratiza\u00e7\u00e3o da energia solar \u00e9 demonstrar que os indiv\u00edduos que adquirem os pain\u00e9is solares pagam menos do que o valor que eles economizam na conta de energia. Crucialmente, a democratiza\u00e7\u00e3o re\u00fane profissionais locais que sabem instalar e manter os pain\u00e9is solares, engajando l\u00edderes comunit\u00e1rios, continuando a capacitar moradores, gerando oportunidades de emprego e gera\u00e7\u00e3o de renda, e expandindo o conhecimento sobre energia solar.<\/p>\n<p>Al\u00e9m de contar com uma ampla rede de moradores capacitados, neg\u00f3cios locais e profissionais, a Insolar trabalha com grandes patrocinadores como\u00a0a <a href=\"http:\/\/bit.ly\/30SUsuO\" target=\"_blank\" rel=\"noopener noreferrer\">Shell<\/a> e o Consulado Alem\u00e3o no Rio, o Fundo Socioambiental CAIXA, dentre outros. A equipe da Insolar hoje \u00e9 composta por onze pessoas, incluindo empres\u00e1rios de favelas cariocas como o Leonardo Almeida (L\u00e9o El\u00e9trica), Salete Martins e Ver\u00f4nica Moura, que tamb\u00e9m possuem o t\u00edtulo de Embaixadoras(es) Insolar. Esse mesmo t\u00edtulo \u00e9 concedido \u00e0 outros moradores de favelas onde a Insolar atua, de forma a assegurar o protagonismo das favelas na promo\u00e7\u00e3o da energia solar no pa\u00eds.<\/p>\n<p><a href=\"https:\/\/rioonwatch.org.br\/wp-content\/uploads\/2019\/11\/insolar3.jpg\"><img decoding=\"async\" class=\"aligncenter wp-image-44563 size-full\" title=\"Foto dos pain\u00e9is instalados no Santa Marta. Foto: Amaury Junior\" src=\"https:\/\/rioonwatch.org.br\/wp-content\/uploads\/2019\/11\/insolar3.jpg\" alt=\"\" width=\"620\" height=\"264\" \/><\/a><\/p>\n<p>A Insolar iniciou a instala\u00e7\u00e3o de pain\u00e9is solares na comunidade\u00a0<a href=\"http:\/\/bit.ly\/2XP7USU\" target=\"_blank\" rel=\"noopener noreferrer\">Santa Marta<\/a>, na Zona Sul do Rio, e at\u00e9 o momento j\u00e1 tem instalados 200 pain\u00e9is, por\u00e9m com mais de 530 pain\u00e9is solares j\u00e1 aprovados para instala\u00e7\u00e3o somente no Rio de Janeiro. Para o <a href=\"https:\/\/glo.bo\/2QJHo9B\" target=\"_blank\" rel=\"noopener noreferrer\">projeto piloto<\/a>, a Insolar planejou a instala\u00e7\u00e3o de um sistema de energia solar em uma creche local. O projeto, em um primeiro momento, n\u00e3o se concretizou por conta da demora da aprova\u00e7\u00e3o. Mas o que parecia, a primeira vista, ser um fracasso provou ser uma oportunidade inesperada: a equipe da Insolar, em parceria com lideran\u00e7as locais, encontrou uma outra creche, a Mundo Infantil, disposta a instalar pain\u00e9is solares, sendo que esta creche havia sido fundada pelas pr\u00f3prias moradoras da favela Santa Marta, o que lhe conferia um car\u00e1ter ainda mais comunit\u00e1rio.<\/p>\n<p>Ao apoiar esta importante institui\u00e7\u00e3o comunit\u00e1ria com tr\u00eas d\u00e9cadas de exist\u00eancia, a Insolar p\u00f4de conquistar a confian\u00e7a dos moradores e, com isso, aproximar-se mais de muitos moradores do Santa Marta. Apesar dos obst\u00e1culos iniciais, os moradores conseguiram mobilizar recursos e persistir. \u201cA solu\u00e7\u00e3o para o Santa Marta est\u00e1 dentro [da comunidade]\u201d, diz Henrique. Esta vis\u00e3o de encontrar solu\u00e7\u00f5es dentro das favelas est\u00e1 enraizada em uma \u201cmentalidade que <a href=\"http:\/\/bit.ly\/31GPwt9\" target=\"_blank\" rel=\"noopener noreferrer\">valoriza o local e o potencial do local<\/a>\u201d. Henrique ilustra essa mentalidade ao descrever como moradores usaram equipamentos de fotografia para iluminar o telhado da creche para os instaladores dos pain\u00e9is solares durante o projeto piloto, permitindo-lhes assim trabalhar at\u00e9 \u00e0 noite.<\/p>\n<p>Ver\u00f4nica, uma moradora de longa data do Santa Marta e embaixadora comunit\u00e1ria da Insolar, acredita que os projetos dos pain\u00e9is solares mudaram a comunidade de uma forma profundamente positiva. \u201c[A Insolar] mudou a vida de muitas pessoas para melhor\u201d, ela explica. \u201cEla abre oportunidades para os jovens, para os empreendedores e empreendedoras. E ela alcan\u00e7a algo que eu nunca imaginaria. Eu n\u00e3o teria imaginado que teria energia solar na minha casa. Hoje, eu posso ter atrav\u00e9s da Insolar\u201d. Desde a instala\u00e7\u00e3o dos primeiros pain\u00e9is solares na creche do Santa Marta, a Insolar expandiu suas opera\u00e7\u00f5es, e est\u00e1 agora em processo de democratizar a energia solar em quinze comunidades do Rio e em outras cidades do pa\u00eds (como S\u00e3o Paulo, S\u00e3o Pedro e Niter\u00f3i).<\/p>\n<p><a href=\"https:\/\/rioonwatch.org.br\/wp-content\/uploads\/2019\/11\/insolar2.jpg\"><img loading=\"lazy\" decoding=\"async\" class=\"aligncenter wp-image-44562 size-content\" title=\"Novo painel solar sendo carregado em uma creche no Santa Marta. Foto: Shell\" src=\"https:\/\/rioonwatch.org.br\/wp-content\/uploads\/2019\/11\/insolar2-620x264.jpg\" alt=\"\" width=\"620\" height=\"264\" srcset=\"https:\/\/rioonwatch.org.br\/wp-content\/uploads\/2019\/11\/insolar2-620x264.jpg 620w, https:\/\/rioonwatch.org.br\/wp-content\/uploads\/2019\/11\/insolar2-940x400.jpg 940w\" sizes=\"(max-width: 620px) 100vw, 620px\" \/><\/a><\/p>\n<p>Como atual diretor da organiza\u00e7\u00e3o, Henrique tem orgulho da constante busca por originalidade da Insolar. Ao cultivar inova\u00e7\u00e3o dentro da organiza\u00e7\u00e3o, a Insolar desenvolveu diversas frentes operacionais, desde a instala\u00e7\u00e3o de pain\u00e9is solares e programas educacionais ao desenvolvimento de novas tecnologias solares. A fim de se adaptar aos desafios decorrentes do trabalho em diferentes campos, Henrique segue o pragm\u00e1tico mantra de trabalhar com \u201co que funcionar\u201d. Ao mesmo tempo, Henrique e o restante da equipe da Insolar empenham-se para honrar os valores orientadores da iniciativa, incluindo promover a colabora\u00e7\u00e3o; encontrar alegria no trabalho; escolher o que \u00e9 certo; manter a transpar\u00eancia; fortalecer as rela\u00e7\u00f5es humanas; e respeitar as diferen\u00e7as enquanto procuram semelhan\u00e7as entre culturas. Ademais, Henrique espera melhorar o acesso das favelas a uma tecnologia que \u00e9 cr\u00edtica para alguns dos problemas ambientais mais urgentes da humanidade. \u201c\u00c0s vezes a \u00fanica coisa que falta \u00e9 esta conex\u00e3o, conectar as tecnologias \u00e0s pessoas.\u201d<\/p>\n<p><a href=\"https:\/\/rioonwatch.org.br\/wp-content\/uploads\/2019\/11\/Insolar-Mapa.png\"><img loading=\"lazy\" decoding=\"async\" class=\"aligncenter wp-image-44561 size-content\" title=\"Localiza\u00e7\u00e3o da Insolar na cidade do Rio. Imagem: Google Maps\" src=\"https:\/\/rioonwatch.org.br\/wp-content\/uploads\/2019\/11\/Insolar-Mapa-620x264.png\" alt=\"\" width=\"620\" height=\"264\" srcset=\"https:\/\/rioonwatch.org.br\/wp-content\/uploads\/2019\/11\/Insolar-Mapa-620x264.png 620w, https:\/\/rioonwatch.org.br\/wp-content\/uploads\/2019\/11\/Insolar-Mapa-940x400.png 940w\" sizes=\"(max-width: 620px) 100vw, 620px\" \/><\/a><\/p>\n<p>*A Insolar <span data-ccp-props=\"{&quot;201341983&quot;:0,&quot;335559739&quot;:160,&quot;335559740&quot;:259}\"> \u00e9 um dos mais de <a href=\"http:\/\/www.bit.ly\/RFSMapa\">100 projetos comunit\u00e1rios mapeados<\/a>\u00a0pela\u00a0<a href=\"http:\/\/bit.ly\/1aI.gif\">Comunidades Catalisadoras<\/a>\u00a0(ComCat)\u2014a organiza\u00e7\u00e3o que publica o\u00a0<i>RioOnWatch\u2014<\/i>como parte do nosso programa paralelo &#8216;<a href=\"http:\/\/bit.ly\/RFSRelatorio\">Rede Favela Sustent\u00e1vel<\/a>&#8216; lan\u00e7ado em 2017 para reconhecer, apoiar, fortalecer e expandir as <a href=\"http:\/\/www.bit.ly\/FavelaModelo\">qualidades sustent\u00e1veis e movimentos comunit\u00e1rios inerentes<\/a>\u00a0\u00e0s favelas do Rio de Janeiro. Siga a\u00a0<a href=\"http:\/\/bit.ly\/FBRFS\">Rede Favela Sustent\u00e1vel no Facebook<\/a>. Leia outros\u00a0<a href=\"http:\/\/bit.ly\/FavelasSustentaveis\">perfis dos projetos da Rede Favela Sustent\u00e1vel aqui<\/a>.<\/span><\/p>\n<!-- AddThis Advanced Settings generic via filter on the_content --><!-- AddThis Share Buttons generic via filter on the_content -->","protected":false},"excerpt":{"rendered":"<div class=\"mh-excerpt\"><p>Click Here for English Iniciativa:\u00a0Insolar Contato: Site\u00a0|\u00a0Facebook\u00a0|Instagram\u00a0|\u00a0Twitter\u00a0|\u00a0Email Ano de Funda\u00e7\u00e3o:\u00a02013 Comunidade:\u00a0Santa Marta e outras 14 comunidades do Rio de Janeiro. Miss\u00e3o:\u00a0Promover e democratizar o acesso \u00e0 energia solar no Brasil. Eventos P\u00fablicos: A Academia Insolar <a class=\"mh-excerpt-more\" href=\"https:\/\/rioonwatch.org.br\/?p=44559\" title=\"Insolar: Democratizando o Acesso \u00e0 Energia Solar no Santa Marta e Al\u00e9m #RedeFavelaSustent\u00e1vel [PERFIL]\">[&#8230;]<\/a><!-- AddThis Advanced Settings generic via filter on get_the_excerpt --><!-- AddThis Share Buttons generic via filter on get_the_excerpt --><\/p>\n<\/div>","protected":false},"author":152,"featured_media":44560,"comment_status":"closed","ping_status":"closed","sticky":false,"template":"","format":"standard","meta":{"_acf_changed":false,"_monsterinsights_skip_tracking":false,"_monsterinsights_sitenote_active":false,"_monsterinsights_sitenote_note":"","_monsterinsights_sitenote_category":0,"footnotes":""},"categories":[1621,1629,1626,1639],"tags":[1446,316,688,1998,2074,180,1347,476,404,383],"writer":[2712],"translator":[1785],"source":[],"ilustrador":[],"fotografo":[],"class_list":{"0":"post-44559","1":"post","2":"type-post","3":"status-publish","4":"format-standard","5":"has-post-thumbnail","7":"category-destaque","8":"category-entrevistas-e-perfis","9":"category-por-observadores-internacionais","10":"category-sustentabilidade","11":"tag-capacitacao","12":"tag-educacao","13":"tag-empoderamento","14":"tag-energia-solar","15":"tag-rede-favela-sustentavel","16":"tag-santa-marta","17":"tag-solucao","18":"tag-solucao-comunitaria","19":"tag-sustentabilidade","20":"tag-zona-sul","21":"writer-colin-andrew","22":"translator-maria-fernanda-godinho"},"acf":[],"yoast_head":"<!-- This site is optimized with the Yoast SEO plugin v25.6 - https:\/\/yoast.com\/wordpress\/plugins\/seo\/ -->\n<title>Insolar: Democratizando o Acesso \u00e0 Energia Solar no Santa Marta e Al\u00e9m #RedeFavelaSustent\u00e1vel [PERFIL] - RioOnWatch<\/title>\n<meta name=\"robots\" content=\"index, follow, max-snippet:-1, max-image-preview:large, max-video-preview:-1\" \/>\n<link rel=\"canonical\" href=\"https:\/\/rioonwatch.org.br\/?p=44559\" \/>\n<meta property=\"og:locale\" content=\"pt_BR\" \/>\n<meta property=\"og:type\" content=\"article\" \/>\n<meta property=\"og:title\" content=\"Insolar: Democratizando o Acesso \u00e0 Energia Solar no Santa Marta e Al\u00e9m #RedeFavelaSustent\u00e1vel [PERFIL] - RioOnWatch\" \/>\n<meta property=\"og:description\" content=\"Click Here for English Iniciativa:\u00a0Insolar Contato: Site\u00a0|\u00a0Facebook\u00a0|Instagram\u00a0|\u00a0Twitter\u00a0|\u00a0Email Ano de Funda\u00e7\u00e3o:\u00a02013 Comunidade:\u00a0Santa Marta e outras 14 comunidades do Rio de Janeiro. Miss\u00e3o:\u00a0Promover e democratizar o acesso \u00e0 energia solar no Brasil. Eventos P\u00fablicos: A Academia Insolar [...]\" \/>\n<meta property=\"og:url\" content=\"https:\/\/rioonwatch.org.br\/?p=44559\" \/>\n<meta property=\"og:site_name\" content=\"RioOnWatch\" \/>\n<meta property=\"article:published_time\" content=\"2019-11-27T18:49:49+00:00\" \/>\n<meta property=\"article:modified_time\" content=\"2020-01-16T18:27:24+00:00\" \/>\n<meta property=\"og:image\" content=\"https:\/\/rioonwatch.org.br\/wp-content\/uploads\/2019\/11\/insolar1.jpg\" \/>\n\t<meta property=\"og:image:width\" content=\"1280\" \/>\n\t<meta property=\"og:image:height\" content=\"853\" \/>\n\t<meta property=\"og:image:type\" content=\"image\/jpeg\" \/>\n<meta name=\"author\" content=\"Luisa Fenizola\" \/>\n<meta name=\"twitter:card\" content=\"summary_large_image\" \/>\n<meta name=\"twitter:label1\" content=\"Escrito por\" \/>\n\t<meta name=\"twitter:data1\" content=\"Luisa Fenizola\" \/>\n\t<meta name=\"twitter:label2\" content=\"Est. tempo de leitura\" \/>\n\t<meta name=\"twitter:data2\" content=\"9 minutos\" \/>\n<script type=\"application\/ld+json\" class=\"yoast-schema-graph\">{\"@context\":\"https:\/\/schema.org\",\"@graph\":[{\"@type\":\"Article\",\"@id\":\"https:\/\/rioonwatch.org.br\/?p=44559#article\",\"isPartOf\":{\"@id\":\"https:\/\/rioonwatch.org.br\/?p=44559\"},\"author\":{\"name\":\"Luisa Fenizola\",\"@id\":\"https:\/\/rioonwatch.org.br\/#\/schema\/person\/f443c6b55bb6e80842280318076491c5\"},\"headline\":\"Insolar: Democratizando o Acesso \u00e0 Energia Solar no Santa Marta e Al\u00e9m #RedeFavelaSustent\u00e1vel [PERFIL]\",\"datePublished\":\"2019-11-27T18:49:49+00:00\",\"dateModified\":\"2020-01-16T18:27:24+00:00\",\"mainEntityOfPage\":{\"@id\":\"https:\/\/rioonwatch.org.br\/?p=44559\"},\"wordCount\":1869,\"publisher\":{\"@id\":\"https:\/\/rioonwatch.org.br\/#organization\"},\"image\":{\"@id\":\"https:\/\/rioonwatch.org.br\/?p=44559#primaryimage\"},\"thumbnailUrl\":\"https:\/\/rioonwatch.org.br\/wp-content\/uploads\/2019\/11\/insolar1.jpg\",\"keywords\":[\"capacita\u00e7\u00e3o\",\"educa\u00e7\u00e3o\",\"empoderamento\",\"energia solar\",\"Perfis Integrantes da Rede Favela Sustent\u00e1vel\",\"Santa Marta\",\"solu\u00e7\u00e3o\",\"solu\u00e7\u00e3o comunit\u00e1ria\",\"sustentabilidade\",\"Zona Sul\"],\"articleSection\":[\"*Destaque\",\"Entrevistas e Perfis\",\"Escrito por Aliados\",\"Sustentabilidade\"],\"inLanguage\":\"pt-BR\"},{\"@type\":\"WebPage\",\"@id\":\"https:\/\/rioonwatch.org.br\/?p=44559\",\"url\":\"https:\/\/rioonwatch.org.br\/?p=44559\",\"name\":\"Insolar: Democratizando o Acesso \u00e0 Energia Solar no Santa Marta e Al\u00e9m #RedeFavelaSustent\u00e1vel [PERFIL] - RioOnWatch\",\"isPartOf\":{\"@id\":\"https:\/\/rioonwatch.org.br\/#website\"},\"primaryImageOfPage\":{\"@id\":\"https:\/\/rioonwatch.org.br\/?p=44559#primaryimage\"},\"image\":{\"@id\":\"https:\/\/rioonwatch.org.br\/?p=44559#primaryimage\"},\"thumbnailUrl\":\"https:\/\/rioonwatch.org.br\/wp-content\/uploads\/2019\/11\/insolar1.jpg\",\"datePublished\":\"2019-11-27T18:49:49+00:00\",\"dateModified\":\"2020-01-16T18:27:24+00:00\",\"breadcrumb\":{\"@id\":\"https:\/\/rioonwatch.org.br\/?p=44559#breadcrumb\"},\"inLanguage\":\"pt-BR\",\"potentialAction\":[{\"@type\":\"ReadAction\",\"target\":[\"https:\/\/rioonwatch.org.br\/?p=44559\"]}]},{\"@type\":\"ImageObject\",\"inLanguage\":\"pt-BR\",\"@id\":\"https:\/\/rioonwatch.org.br\/?p=44559#primaryimage\",\"url\":\"https:\/\/rioonwatch.org.br\/wp-content\/uploads\/2019\/11\/insolar1.jpg\",\"contentUrl\":\"https:\/\/rioonwatch.org.br\/wp-content\/uploads\/2019\/11\/insolar1.jpg\",\"width\":1280,\"height\":853},{\"@type\":\"BreadcrumbList\",\"@id\":\"https:\/\/rioonwatch.org.br\/?p=44559#breadcrumb\",\"itemListElement\":[{\"@type\":\"ListItem\",\"position\":1,\"name\":\"In\u00edcio\",\"item\":\"https:\/\/rioonwatch.org.br\/\"},{\"@type\":\"ListItem\",\"position\":2,\"name\":\"Insolar: Democratizando o Acesso \u00e0 Energia Solar no Santa Marta e Al\u00e9m #RedeFavelaSustent\u00e1vel [PERFIL]\"}]},{\"@type\":\"WebSite\",\"@id\":\"https:\/\/rioonwatch.org.br\/#website\",\"url\":\"https:\/\/rioonwatch.org.br\/\",\"name\":\"RioOnWatch\",\"description\":\"relatos das favelas cariocas\",\"publisher\":{\"@id\":\"https:\/\/rioonwatch.org.br\/#organization\"},\"potentialAction\":[{\"@type\":\"SearchAction\",\"target\":{\"@type\":\"EntryPoint\",\"urlTemplate\":\"https:\/\/rioonwatch.org.br\/?s={search_term_string}\"},\"query-input\":{\"@type\":\"PropertyValueSpecification\",\"valueRequired\":true,\"valueName\":\"search_term_string\"}}],\"inLanguage\":\"pt-BR\"},{\"@type\":\"Organization\",\"@id\":\"https:\/\/rioonwatch.org.br\/#organization\",\"name\":\"RioOnWatch\",\"url\":\"https:\/\/rioonwatch.org.br\/\",\"logo\":{\"@type\":\"ImageObject\",\"inLanguage\":\"pt-BR\",\"@id\":\"https:\/\/rioonwatch.org.br\/#\/schema\/logo\/image\/\",\"url\":\"https:\/\/rioonwatch.org.br\/wp-content\/uploads\/2021\/06\/RioOnWatchcabecalhoPT11anos-2.png\",\"contentUrl\":\"https:\/\/rioonwatch.org.br\/wp-content\/uploads\/2021\/06\/RioOnWatchcabecalhoPT11anos-2.png\",\"width\":779,\"height\":277,\"caption\":\"RioOnWatch\"},\"image\":{\"@id\":\"https:\/\/rioonwatch.org.br\/#\/schema\/logo\/image\/\"}},{\"@type\":\"Person\",\"@id\":\"https:\/\/rioonwatch.org.br\/#\/schema\/person\/f443c6b55bb6e80842280318076491c5\",\"name\":\"Luisa Fenizola\",\"image\":{\"@type\":\"ImageObject\",\"inLanguage\":\"pt-BR\",\"@id\":\"https:\/\/rioonwatch.org.br\/#\/schema\/person\/image\/\",\"url\":\"https:\/\/secure.gravatar.com\/avatar\/a3d551110162b9f876cbbdaaecf75663?s=96&d=blank&r=g\",\"contentUrl\":\"https:\/\/secure.gravatar.com\/avatar\/a3d551110162b9f876cbbdaaecf75663?s=96&d=blank&r=g\",\"caption\":\"Luisa Fenizola\"},\"url\":\"https:\/\/rioonwatch.org.br\/?author=152\"}]}<\/script>\n<!-- \/ Yoast SEO plugin. -->","yoast_head_json":{"title":"Insolar: Democratizando o Acesso \u00e0 Energia Solar no Santa Marta e Al\u00e9m #RedeFavelaSustent\u00e1vel [PERFIL] - RioOnWatch","robots":{"index":"index","follow":"follow","max-snippet":"max-snippet:-1","max-image-preview":"max-image-preview:large","max-video-preview":"max-video-preview:-1"},"canonical":"https:\/\/rioonwatch.org.br\/?p=44559","og_locale":"pt_BR","og_type":"article","og_title":"Insolar: Democratizando o Acesso \u00e0 Energia Solar no Santa Marta e Al\u00e9m #RedeFavelaSustent\u00e1vel [PERFIL] - RioOnWatch","og_description":"Click Here for English Iniciativa:\u00a0Insolar Contato: Site\u00a0|\u00a0Facebook\u00a0|Instagram\u00a0|\u00a0Twitter\u00a0|\u00a0Email Ano de Funda\u00e7\u00e3o:\u00a02013 Comunidade:\u00a0Santa Marta e outras 14 comunidades do Rio de Janeiro. Miss\u00e3o:\u00a0Promover e democratizar o acesso \u00e0 energia solar no Brasil. Eventos P\u00fablicos: A Academia Insolar [...]","og_url":"https:\/\/rioonwatch.org.br\/?p=44559","og_site_name":"RioOnWatch","article_published_time":"2019-11-27T18:49:49+00:00","article_modified_time":"2020-01-16T18:27:24+00:00","og_image":[{"width":1280,"height":853,"url":"https:\/\/rioonwatch.org.br\/wp-content\/uploads\/2019\/11\/insolar1.jpg","type":"image\/jpeg"}],"author":"Luisa Fenizola","twitter_card":"summary_large_image","twitter_misc":{"Escrito por":"Luisa Fenizola","Est. tempo de leitura":"9 minutos"},"schema":{"@context":"https:\/\/schema.org","@graph":[{"@type":"Article","@id":"https:\/\/rioonwatch.org.br\/?p=44559#article","isPartOf":{"@id":"https:\/\/rioonwatch.org.br\/?p=44559"},"author":{"name":"Luisa Fenizola","@id":"https:\/\/rioonwatch.org.br\/#\/schema\/person\/f443c6b55bb6e80842280318076491c5"},"headline":"Insolar: Democratizando o Acesso \u00e0 Energia Solar no Santa Marta e Al\u00e9m #RedeFavelaSustent\u00e1vel [PERFIL]","datePublished":"2019-11-27T18:49:49+00:00","dateModified":"2020-01-16T18:27:24+00:00","mainEntityOfPage":{"@id":"https:\/\/rioonwatch.org.br\/?p=44559"},"wordCount":1869,"publisher":{"@id":"https:\/\/rioonwatch.org.br\/#organization"},"image":{"@id":"https:\/\/rioonwatch.org.br\/?p=44559#primaryimage"},"thumbnailUrl":"https:\/\/rioonwatch.org.br\/wp-content\/uploads\/2019\/11\/insolar1.jpg","keywords":["capacita\u00e7\u00e3o","educa\u00e7\u00e3o","empoderamento","energia solar","Perfis Integrantes da Rede Favela Sustent\u00e1vel","Santa Marta","solu\u00e7\u00e3o","solu\u00e7\u00e3o comunit\u00e1ria","sustentabilidade","Zona Sul"],"articleSection":["*Destaque","Entrevistas e Perfis","Escrito por Aliados","Sustentabilidade"],"inLanguage":"pt-BR"},{"@type":"WebPage","@id":"https:\/\/rioonwatch.org.br\/?p=44559","url":"https:\/\/rioonwatch.org.br\/?p=44559","name":"Insolar: Democratizando o Acesso \u00e0 Energia Solar no Santa Marta e Al\u00e9m #RedeFavelaSustent\u00e1vel [PERFIL] - RioOnWatch","isPartOf":{"@id":"https:\/\/rioonwatch.org.br\/#website"},"primaryImageOfPage":{"@id":"https:\/\/rioonwatch.org.br\/?p=44559#primaryimage"},"image":{"@id":"https:\/\/rioonwatch.org.br\/?p=44559#primaryimage"},"thumbnailUrl":"https:\/\/rioonwatch.org.br\/wp-content\/uploads\/2019\/11\/insolar1.jpg","datePublished":"2019-11-27T18:49:49+00:00","dateModified":"2020-01-16T18:27:24+00:00","breadcrumb":{"@id":"https:\/\/rioonwatch.org.br\/?p=44559#breadcrumb"},"inLanguage":"pt-BR","potentialAction":[{"@type":"ReadAction","target":["https:\/\/rioonwatch.org.br\/?p=44559"]}]},{"@type":"ImageObject","inLanguage":"pt-BR","@id":"https:\/\/rioonwatch.org.br\/?p=44559#primaryimage","url":"https:\/\/rioonwatch.org.br\/wp-content\/uploads\/2019\/11\/insolar1.jpg","contentUrl":"https:\/\/rioonwatch.org.br\/wp-content\/uploads\/2019\/11\/insolar1.jpg","width":1280,"height":853},{"@type":"BreadcrumbList","@id":"https:\/\/rioonwatch.org.br\/?p=44559#breadcrumb","itemListElement":[{"@type":"ListItem","position":1,"name":"In\u00edcio","item":"https:\/\/rioonwatch.org.br\/"},{"@type":"ListItem","position":2,"name":"Insolar: Democratizando o Acesso \u00e0 Energia Solar no Santa Marta e Al\u00e9m #RedeFavelaSustent\u00e1vel [PERFIL]"}]},{"@type":"WebSite","@id":"https:\/\/rioonwatch.org.br\/#website","url":"https:\/\/rioonwatch.org.br\/","name":"RioOnWatch","description":"relatos das favelas cariocas","publisher":{"@id":"https:\/\/rioonwatch.org.br\/#organization"},"potentialAction":[{"@type":"SearchAction","target":{"@type":"EntryPoint","urlTemplate":"https:\/\/rioonwatch.org.br\/?s={search_term_string}"},"query-input":{"@type":"PropertyValueSpecification","valueRequired":true,"valueName":"search_term_string"}}],"inLanguage":"pt-BR"},{"@type":"Organization","@id":"https:\/\/rioonwatch.org.br\/#organization","name":"RioOnWatch","url":"https:\/\/rioonwatch.org.br\/","logo":{"@type":"ImageObject","inLanguage":"pt-BR","@id":"https:\/\/rioonwatch.org.br\/#\/schema\/logo\/image\/","url":"https:\/\/rioonwatch.org.br\/wp-content\/uploads\/2021\/06\/RioOnWatchcabecalhoPT11anos-2.png","contentUrl":"https:\/\/rioonwatch.org.br\/wp-content\/uploads\/2021\/06\/RioOnWatchcabecalhoPT11anos-2.png","width":779,"height":277,"caption":"RioOnWatch"},"image":{"@id":"https:\/\/rioonwatch.org.br\/#\/schema\/logo\/image\/"}},{"@type":"Person","@id":"https:\/\/rioonwatch.org.br\/#\/schema\/person\/f443c6b55bb6e80842280318076491c5","name":"Luisa Fenizola","image":{"@type":"ImageObject","inLanguage":"pt-BR","@id":"https:\/\/rioonwatch.org.br\/#\/schema\/person\/image\/","url":"https:\/\/secure.gravatar.com\/avatar\/a3d551110162b9f876cbbdaaecf75663?s=96&d=blank&r=g","contentUrl":"https:\/\/secure.gravatar.com\/avatar\/a3d551110162b9f876cbbdaaecf75663?s=96&d=blank&r=g","caption":"Luisa Fenizola"},"url":"https:\/\/rioonwatch.org.br\/?author=152"}]}},"_links":{"self":[{"href":"https:\/\/rioonwatch.org.br\/index.php?rest_route=\/wp\/v2\/posts\/44559"}],"collection":[{"href":"https:\/\/rioonwatch.org.br\/index.php?rest_route=\/wp\/v2\/posts"}],"about":[{"href":"https:\/\/rioonwatch.org.br\/index.php?rest_route=\/wp\/v2\/types\/post"}],"author":[{"embeddable":true,"href":"https:\/\/rioonwatch.org.br\/index.php?rest_route=\/wp\/v2\/users\/152"}],"replies":[{"embeddable":true,"href":"https:\/\/rioonwatch.org.br\/index.php?rest_route=%2Fwp%2Fv2%2Fcomments&post=44559"}],"version-history":[{"count":22,"href":"https:\/\/rioonwatch.org.br\/index.php?rest_route=\/wp\/v2\/posts\/44559\/revisions"}],"predecessor-version":[{"id":45195,"href":"https:\/\/rioonwatch.org.br\/index.php?rest_route=\/wp\/v2\/posts\/44559\/revisions\/45195"}],"wp:featuredmedia":[{"embeddable":true,"href":"https:\/\/rioonwatch.org.br\/index.php?rest_route=\/wp\/v2\/media\/44560"}],"wp:attachment":[{"href":"https:\/\/rioonwatch.org.br\/index.php?rest_route=%2Fwp%2Fv2%2Fmedia&parent=44559"}],"wp:term":[{"taxonomy":"category","embeddable":true,"href":"https:\/\/rioonwatch.org.br\/index.php?rest_route=%2Fwp%2Fv2%2Fcategories&post=44559"},{"taxonomy":"post_tag","embeddable":true,"href":"https:\/\/rioonwatch.org.br\/index.php?rest_route=%2Fwp%2Fv2%2Ftags&post=44559"},{"taxonomy":"writer","embeddable":true,"href":"https:\/\/rioonwatch.org.br\/index.php?rest_route=%2Fwp%2Fv2%2Fwriter&post=44559"},{"taxonomy":"translator","embeddable":true,"href":"https:\/\/rioonwatch.org.br\/index.php?rest_route=%2Fwp%2Fv2%2Ftranslator&post=44559"},{"taxonomy":"source","embeddable":true,"href":"https:\/\/rioonwatch.org.br\/index.php?rest_route=%2Fwp%2Fv2%2Fsource&post=44559"},{"taxonomy":"ilustrador","embeddable":true,"href":"https:\/\/rioonwatch.org.br\/index.php?rest_route=%2Fwp%2Fv2%2Filustrador&post=44559"},{"taxonomy":"fotografo","embeddable":true,"href":"https:\/\/rioonwatch.org.br\/index.php?rest_route=%2Fwp%2Fv2%2Ffotografo&post=44559"}],"curies":[{"name":"wp","href":"https:\/\/api.w.org\/{rel}","templated":true}]}}