{"id":44577,"date":"2019-11-29T10:37:44","date_gmt":"2019-11-29T13:37:44","guid":{"rendered":"https:\/\/rioonwatch.org.br\/?p=44577"},"modified":"2020-12-17T12:39:19","modified_gmt":"2020-12-17T15:39:19","slug":"2a-encontro-anual-da-rede-favela-sustentavel-fortalece-lacos-e-traca-o-futuro-da-rede","status":"publish","type":"post","link":"https:\/\/rioonwatch.org.br\/?p=44577","title":{"rendered":"2\u00b0 Encontro Anual da Rede Favela Sustent\u00e1vel Fortalece La\u00e7os e Tra\u00e7a o Futuro da Rede [V\u00cdDEO E IMAGENS]"},"content":{"rendered":"<p style=\"text-align: right;\"><em><strong><a href=\"http:\/\/bit.ly\/2D7vv53\" target=\"_blank\" rel=\"noopener noreferrer\">Click Here for English<\/a><a href=\"http:\/\/bit.ly\/2D7vv53\" target=\"_blank\" rel=\"noopener noreferrer\"><img decoding=\"async\" width=\"20\" height=\"20\" class=\"alignright wp-image-15790\" src=\"http:\/\/rioonwatch.org.br\/wp-content\/uploads\/2012\/08\/EN-standard-e1439583104716.jpg\" \/><\/a><\/strong><\/em><\/p>\n<p><em>A\u00a0<a href=\"http:\/\/www.bit.ly\/RFSMapa\" target=\"_blank\" rel=\"noopener noreferrer\">Rede Favela Sustent\u00e1vel<\/a>\u00a0(RFS) \u00e9 um projeto da\u00a0<a href=\"http:\/\/comcat.org\/\" target=\"_blank\" rel=\"noopener noreferrer\">Comunidades Catalisadoras<\/a>\u00a0(ComCat)* desenhado para construir redes de solidariedade, dar visibilidade, e desenvolver a\u00e7\u00f5es conjuntas que apoiem a expans\u00e3o de iniciativas comunit\u00e1rias que fortalecem a sustentabilidade ambiental e a resili\u00eancia social em favelas de toda a regi\u00e3o metropolitana\u00a0do Rio de Janeiro. O projeto come\u00e7ou em 2012 com a produ\u00e7\u00e3o do filme\u00a0<a href=\"http:\/\/bit.ly\/FavelaModelo\" target=\"_blank\" rel=\"noopener noreferrer\">Favela como Modelo Sustent\u00e1vel<\/a>, tendo continuidade em 2017 com o <a href=\"http:\/\/www.bit.ly\/RFSMapa\" target=\"_blank\" rel=\"noopener noreferrer\">mapeamento de iniciativas de sustentabilidade<\/a>. Em 2018, o projeto organizou <a href=\"http:\/\/bit.ly\/IntercambiosRFS\" target=\"_blank\" rel=\"noopener noreferrer\">interc\u00e2mbios locais, especificamente, entre oito iniciativas mais duradouras e estabelecidas<\/a>, e em seguida foi realizado <a href=\"http:\/\/bit.ly\/2k1wgXz\" target=\"_blank\" rel=\"noopener noreferrer\">um interc\u00e2mbio de dia inteiro que finalmente lan\u00e7ou a rede<\/a> em 10 de novembro de 2018.<\/em><\/p>\n<p><i><em>Em 2019, o projeto realizou uma segunda rodada de interc\u00e2mbios\u2014dessa vez abertos a todos os membros da RFS e ao p\u00fablico em geral\u2014em projetos baseados na <a href=\"http:\/\/bit.ly\/2Xh2LCV\" target=\"_blank\" rel=\"noopener noreferrer\">Babil\u00f4nia<\/a>,\u00a0<a href=\"http:\/\/bit.ly\/2kk8BSB\" target=\"_blank\" rel=\"noopener noreferrer\">Camorim<\/a>,\u00a0<a href=\"http:\/\/bit.ly\/34D5dEl\" target=\"_blank\" rel=\"noopener noreferrer\">Pavuna<\/a>,\u00a0<a href=\"http:\/\/bit.ly\/2letmQ1\" target=\"_blank\" rel=\"noopener noreferrer\">Vila Kennedy<\/a>\u00a0e <a href=\"http:\/\/bit.ly\/2IyzPgR\" target=\"_blank\" rel=\"noopener noreferrer\">Manguinhos<\/a>. As atividades de 2019 culminaram com o segundo encontro anual de toda a Rede Favela Sustent\u00e1vel. Al\u00e9m de apresentar as iniciativas que receberam os cinco interc\u00e2mbios do ano, o dia convidou\u2014os rec\u00e9m-lan\u00e7ados sete grupos de trabalho da Rede (dedicados a Energia Solar, Res\u00edduos S\u00f3lidos, Educa\u00e7\u00e3o Ambiental, \u00c1gua e Esgoto, Mem\u00f3ria e Cultura, Gera\u00e7\u00e3o de Renda e Hortas e Reflorestamento) para apresentarem seus membros e planos e aprofundar seus trabalhos, envolvendo novas pessoas.<\/em><\/i><\/p>\n<hr \/>\n<p>Em uma manh\u00e3 nublada nas colinas de <a href=\"http:\/\/bit.ly\/2OMuRQ7\" target=\"_blank\" rel=\"noopener noreferrer\">Santa Teresa<\/a>, 126 mobilizadores de favelas e aliados t\u00e9cnicos de todo o Rio de Janeiro se reuniram para o segundo Grande Encontro anual da Rede de Favela Sustent\u00e1vel (<a href=\"http:\/\/bit.ly\/2lADvX3\" target=\"_blank\" rel=\"noopener noreferrer\">RFS<\/a>). Entre os participantes, 55% vieram de 48 diferentes favelas, com os outros 45%, majoritariamente, aliados t\u00e9cnicos de toda a cidade e al\u00e9m. O maior contingente veio da Zona Norte (37), seguido de perto pela Zona Oeste (35) e depois pela Zona Sul (22). <a href=\"http:\/\/bit.ly\/31nFe0Y\" target=\"_blank\" rel=\"noopener noreferrer\">Ap\u00f3s in\u00fameras trocas frut\u00edferas da RFS<\/a> realizadas ao longo de 2019, o encontro anual ofereceu uma rara oportunidade de reunir a rede de iniciativas em um s\u00f3 lugar. Realizado em 9 de novembro, nas \u00e1reas arborizadas da <a href=\"http:\/\/bit.ly\/32PqVTP\" target=\"_blank\" rel=\"noopener noreferrer\"><span style=\"font-weight: 400;\">EcoCasa Silvestre<\/span><\/a>, com o apoio da <a href=\"http:\/\/bit.ly\/2krtiJM\" target=\"_blank\" rel=\"noopener noreferrer\">Funda\u00e7\u00e3o Heinrich B\u00f6ll Brasil<\/a>, os eventos do dia deram aos membros da rede a chance de refletirem, se envolverem e se conectarem, aproveitando as experi\u00eancias de grupos de in\u00fameras favelas da cidade.<\/p>\n<p>Ao chegarem, os participantes foram recebidos com um caf\u00e9 da manh\u00e3, com geleias, bolos e p\u00e3es com sabores primorosos, preparados pela chef Regina Tchelly e sua equipe do <a href=\"http:\/\/bit.ly\/2OVofR5\" target=\"_blank\" rel=\"noopener noreferrer\">Favela Org\u00e2nica<\/a> do <a href=\"http:\/\/bit.ly\/2wHL2Fw\" target=\"_blank\" rel=\"noopener noreferrer\">Morro da Babil\u00f4nia<\/a>, na <a href=\"http:\/\/bit.ly\/2WL6FUi\" target=\"_blank\" rel=\"noopener noreferrer\">Zona Sul<\/a>. No andar de cima, inspirados no grupo de trabalho de gest\u00e3o de res\u00edduos s\u00f3lidos da RFS, organizadores do evento montaram uma mesa troca-troca onde os participantes deixavam os bens que n\u00e3o precisavam mais e levavam o que lhes interessasse. No mesmo espa\u00e7o, o grupo de trabalho de gera\u00e7\u00e3o de renda tinha uma \u00e1rea para exposi\u00e7\u00e3o de artesanatos e produtos sustent\u00e1veis produzidos por membros da rede. Enquanto isso, uma mesa com papel e canetas estava a disposi\u00e7\u00e3o para os participantes compartilharem, anonimamente, suas esperan\u00e7as e medos na condu\u00e7\u00e3o de iniciativas de sustentabilidade em suas comunidades.<\/p>\n<p>Alguns membros trocaram garrafas de \u00e1gua reutiliz\u00e1veis, bijuterias e lembrancinhas. Outros venderam sabonete caseiro e obras de arte. Outros ainda postaram coment\u00e1rios nos quadros de atividades, explicando que quase desistiram por que &#8220;duvidaram de mim&#8221; ou tiveram &#8220;falta de apoio&#8221;, mas continuaram porque encontraram &#8220;for\u00e7a comunit\u00e1ria&#8221;,&#8221;apoio de onde n\u00e3o esperava\u201d, e por causa da pr\u00f3pria RFS. \u201cQuando vemos a rede crescendo, sabemos que n\u00e3o estamos s\u00f3s!\u201d escreveu um membro.<\/p>\n<p><a href=\"https:\/\/rioonwatch.org.br\/wp-content\/uploads\/2019\/11\/RFS-2.jpg\"><img fetchpriority=\"high\" decoding=\"async\" class=\"aligncenter wp-image-44587 size-content\" title=\"126 membros da RFS participaram do 2o Grande Encontro. Foto: Luiza de Andrade\" src=\"https:\/\/rioonwatch.org.br\/wp-content\/uploads\/2019\/11\/RFS-2-620x264.jpg\" alt=\"\" width=\"620\" height=\"264\" srcset=\"https:\/\/rioonwatch.org.br\/wp-content\/uploads\/2019\/11\/RFS-2-620x264.jpg 620w, https:\/\/rioonwatch.org.br\/wp-content\/uploads\/2019\/11\/RFS-2-940x400.jpg 940w\" sizes=\"(max-width: 620px) 100vw, 620px\" \/><\/a><\/p>\n<p>No in\u00edcio do dia, o grupo prestou homenagem ao falecido <a href=\"http:\/\/bit.ly\/33nhMlj\" target=\"_blank\" rel=\"noopener noreferrer\">Miguel Silva de Moura<\/a> <span style=\"font-weight: 400;\">(6\/6\/1955\u201325\/6\/2019)<\/span>, ex-presidente da Associa\u00e7\u00e3o Comunit\u00e1ria Luiz Carlos Prestes em <a href=\"http:\/\/bit.ly\/2OMFzWV\" target=\"_blank\" rel=\"noopener noreferrer\">Cascadura<\/a>, na <a href=\"http:\/\/bit.ly\/2ETpYR1\" target=\"_blank\" rel=\"noopener noreferrer\">Zona Norte<\/a>, que havia sido um participante chave no lan\u00e7amento da Rede um ano antes. Agora representando a associa\u00e7\u00e3o, Carlos Augusto e Gisele Profeta subiram ao palco para homenagear o l\u00edder comunit\u00e1rio e seus 30 anos de servi\u00e7o comunit\u00e1rio. &#8220;A primeira atitude de um l\u00edder \u00e9 deixar um legado para que quem venha depois possa dar continuidade, como o Seu Miguel fez&#8221;, disse Carlos Augusto, acrescentando que espera continuar o legado de Miguel, servindo como l\u00edder para a juventude de hoje.<\/p>\n<p>Destacando os interc\u00e2mbios da RFS de 2019, a diretora institucional da ComCat, Roseli Franco, apresentou o lan\u00e7amento do v\u00eddeo, abaixo, produzido pela cineasta Luiza de Andrade. De abril a outubro, a RFS foi recebida por membros da rede em cinco interc\u00e2mbios de dia inteiro, nas seguintes iniciativas: <a href=\"http:\/\/bit.ly\/34CvUbO\" target=\"_blank\" rel=\"noopener noreferrer\">RevoluSolar e Favela Org\u00e2nica<\/a> na Babil\u00f4nia, Zona Sul; na <a href=\"http:\/\/bit.ly\/2kk8BSB\" target=\"_blank\" rel=\"noopener noreferrer\">Associa\u00e7\u00e3o Cultural Quilombo do Camorim<\/a> em <a href=\"http:\/\/bit.ly\/2ksixJI\" target=\"_blank\" rel=\"noopener noreferrer\">Jacarepagu\u00e1<\/a>, <a href=\"http:\/\/bit.ly\/2x3k8bw\" target=\"_blank\" rel=\"noopener noreferrer\">Zona Oeste<\/a>; na <a href=\"http:\/\/bit.ly\/2HHrYwa\" target=\"_blank\" rel=\"noopener noreferrer\">Regi\u00e3o de Oficina Nacional de Grafite Organizado (RONGO)<\/a> na <a href=\"http:\/\/bit.ly\/2lv9jwu\" target=\"_blank\" rel=\"noopener noreferrer\">Pavuna<\/a>, Zona Norte; no <a href=\"http:\/\/bit.ly\/2letmQ1\" target=\"_blank\" rel=\"noopener noreferrer\">Centro Comunit\u00e1rio Irm\u00e3os Kennedy<\/a> (CCIK) e Agentes Ambientais na <a href=\"http:\/\/bit.ly\/37IrrGD\" target=\"_blank\" rel=\"noopener noreferrer\">Vila Kennedy<\/a>, Zona Oeste; e no <a href=\"http:\/\/bit.ly\/2IyzPgR\" target=\"_blank\" rel=\"noopener noreferrer\">Ateli\u00ea do Hadasha e projeto Teto Verde Favela<\/a>, nas favelas de <a href=\"http:\/\/bit.ly\/2x3UPpU\" target=\"_blank\" rel=\"noopener noreferrer\">Manguinhos<\/a> e <a href=\"http:\/\/bit.ly\/2oE7df9\" target=\"_blank\" rel=\"noopener noreferrer\">Parque Arar\u00e1<\/a>, na Zona Norte.<\/p>\n<p><iframe src=\"https:\/\/www.youtube.com\/embed\/_9cXdFgCkvU\" width=\"620\" height=\"349\" frameborder=\"0\" allowfullscreen=\"allowfullscreen\"><span data-mce-type=\"bookmark\" style=\"display: inline-block; width: 0px; overflow: hidden; line-height: 0;\" class=\"mce_SELRES_start\">\ufeff<\/span><\/iframe><\/p>\n<p>Lideran\u00e7as de cada uma dessas organiza\u00e7\u00f5es anfitri\u00e3s tiveram a chance de falar ap\u00f3s a exibi\u00e7\u00e3o do v\u00eddeo, apresentando suas vis\u00f5es sobre o significado da Rede. Tocado pela Rede Favela Sustent\u00e1vel, Andr\u00e9 do Nascimento, da <a href=\"http:\/\/bit.ly\/2XPW5M8\" target=\"_blank\" rel=\"noopener noreferrer\">RONGO<\/a>, disse que \u201ca ess\u00eancia da favela nos faz sonhar e realizar mais\u201d e lembrou ao p\u00fablico que precisamos \u201cusar as oportunidades para mostrar o que sabemos fazer\u201d. Para Adilson Almeida, da <a href=\"http:\/\/bit.ly\/2Ov7iyr\" target=\"_blank\" rel=\"noopener noreferrer\">Associa\u00e7\u00e3o Cultural Quilombo do Camorim<\/a>, a RFS \u00e9 sobre \u201clidar com as diferen\u00e7as, ter respeito, e agir com cuidado\u201d. Ver\u00f4nica Gomes Martins da Silva, presidente do <a href=\"http:\/\/bit.ly\/30nhnyw\" target=\"_blank\" rel=\"noopener noreferrer\">CCIK<\/a>, falou sobre a necessidade de valorizar as solu\u00e7\u00f5es das favelas e os aspectos positivos da comunidade, que muitas vezes s\u00e3o ignorados pela m\u00eddia. Luis Cassiano, do <a href=\"http:\/\/bit.ly\/2n4P5L7\" target=\"_blank\" rel=\"noopener noreferrer\">Teto Verde Favela<\/a>, convidou todos para \u201cverdejar por cima, nos telhados, para trazer vida, alimenta\u00e7\u00e3o, beleza e esperan\u00e7a\u201d. Por fim, Regina Tchelly falou sobre autocuidado e cuidados com a comunidade. Ela convidou todos a colocar as m\u00e3os sobre o pr\u00f3prio cora\u00e7\u00e3o e depois sobre o de outra pessoa, lembrando a todos de &#8220;pensar no colaborativo, segurar as m\u00e3os e os saberes uns dos outros&#8221;.<\/p>\n<p><a href=\"https:\/\/rioonwatch.org.br\/wp-content\/uploads\/2019\/11\/RFS2-EcoCasa.jpg\"><img decoding=\"async\" class=\"aligncenter wp-image-44610 size-medium\" title=\"Da esquerda para a direita: Luis Cassiano, Guilherme Hadasha, Adilson Almeida, Andr\u00e9 do Nascimento e Veronica Gomes Martins da Silva\" src=\"https:\/\/rioonwatch.org.br\/wp-content\/uploads\/2019\/11\/RFS2-EcoCasa-620x352.jpg\" alt=\"\" width=\"620\" height=\"352\" srcset=\"https:\/\/rioonwatch.org.br\/wp-content\/uploads\/2019\/11\/RFS2-EcoCasa-620x352.jpg 620w, https:\/\/rioonwatch.org.br\/wp-content\/uploads\/2019\/11\/RFS2-EcoCasa-465x264.jpg 465w, https:\/\/rioonwatch.org.br\/wp-content\/uploads\/2019\/11\/RFS2-EcoCasa-768x436.jpg 768w, https:\/\/rioonwatch.org.br\/wp-content\/uploads\/2019\/11\/RFS2-EcoCasa-1024x581.jpg 1024w, https:\/\/rioonwatch.org.br\/wp-content\/uploads\/2019\/11\/RFS2-EcoCasa-174x98.jpg 174w, https:\/\/rioonwatch.org.br\/wp-content\/uploads\/2019\/11\/RFS2-EcoCasa.jpg 2048w\" sizes=\"(max-width: 620px) 100vw, 620px\" \/><\/a><\/p>\n<p>Embora o v\u00eddeo tenha se concentrado nas poucas iniciativas que receberam os interc\u00e2mbios da RFS em 2019, a pr\u00f3pria rede \u00e9 composta por mais de 150 projetos por toda a regi\u00e3o. A fim de trazer visibilidade e aumentar a conscientiza\u00e7\u00e3o, a RFS trabalhou para tra\u00e7ar essas iniciativas sustent\u00e1veis, <a href=\"http:\/\/bit.ly\/RFSMapa\" target=\"_blank\" rel=\"noopener noreferrer\">mapeando sua presen\u00e7a na cidade<\/a>. O Guillermo Douglass-Jaimes, conselheiro da ComCat e professor na Pomona College, Calif\u00f3rnia, assumiu recentemente a lideran\u00e7a no projeto de mapeamento. Na sua fala no s\u00e1bado, Guillermo apresentou o prot\u00f3tipo para a atualiza\u00e7\u00e3o do mapa, apresentando uma vers\u00e3o acess\u00edvel para smartphone na plataforma on-line ArcGIS proporcionada em parceria com a Pomona College. Com lan\u00e7amento previsto para junho de 2020, o novo mapa da RFS permitir\u00e1 que usu\u00e1rios pesquisem membros da rede por filtro de busca e acrescentem hist\u00f3ricos institucionais aos seus perfis no mapa. A edi\u00e7\u00e3o original do mapa est\u00e1 dispon\u00edvel abaixo:<\/p>\n<p><iframe src=\"https:\/\/www.google.com\/maps\/d\/embed?mid=1vdI-tjNOD4xQZl3TeoS6pd0cL4o\" width=\"640\" height=\"480\"><\/iframe><\/p>\n<p>A Coordenadora de Comunica\u00e7\u00e3o e Desenvolvimento da ComCat, Clara Ferraz, elaborou <a href=\"http:\/\/bit.ly\/2W84MhI\" target=\"_blank\" rel=\"noopener noreferrer\">como a RFS se relaciona com os Objetivos de Desenvolvimento Sustent\u00e1vel (ODS)<\/a> das Na\u00e7\u00f5es Unidas, especialmente os ODSs 11 (Cidades e Comunidades Sustent\u00e1veis) e 16 (Paz, Justi\u00e7a e Institui\u00e7\u00f5es Eficazes), enfatizando que sem antes alcan\u00e7ar a justi\u00e7a social (ODS 16), o desenvolvimento sustent\u00e1vel (ODS 11) \u00e9 imposs\u00edvel de ser alcan\u00e7ado. &#8220;Ao trabalharmos para &#8216;Cidades e Comunidades Sustent\u00e1veis&#8217;, devemos simultaneamente atender \u00e0 necessidade subjacente de justi\u00e7a social&#8221;, disse Clara. Embora os ODS sejam objetivos louv\u00e1veis, ela acrescentou que eles tamb\u00e9m fazem generaliza\u00e7\u00f5es amplas e nem sempre respondem \u00e0s realidades de base. \u201cCom as diversas comunidades do Rio de Janeiro em mente, a ComCat prop\u00f5e ODSs localizadores, incluindo &#8216;Autonomia e Controle por parte da Comunidade&#8217;, &#8216;Canais de Comunica\u00e7\u00e3o Direta com o Governo&#8217;, e &#8216;Representa\u00e7\u00e3o Justa e N\u00e3o-generalizante na M\u00eddia'&#8221;. Lan\u00e7ada recentemente, uma p\u00e1gina especial criada para ilustrar como as atividades da ComCat, incluindo a RFS, se relacionam com os ODSs, est\u00e1 dispon\u00edvel <a href=\"http:\/\/bit.ly\/2W84MhI\" target=\"_blank\" rel=\"noopener noreferrer\">aqui<\/a>.<\/p>\n<p>O dia ent\u00e3o foi iniciado com uma s\u00e9rie de atividades baseadas nos sete grupos de trabalho da RFS e em suas propostas para 2020. Os grupos se dedicam a: \u00c1gua e Esgoto, Educa\u00e7\u00e3o Ambiental, Energia Solar, Gera\u00e7\u00e3o de Renda, Hortas e Reflorestamento, Mem\u00f3ria e Cultura, e Res\u00edduos S\u00f3lidos. Al\u00e9m de manter um ritmo denso de contato di\u00e1rio e compartilhamento de informa\u00e7\u00f5es via WhatsApp, ao longo de 2019, os membros dos grupos se reuniram tr\u00eas vezes para debater projetos coletivos, fortalecendo a pr\u00f3pria rede e as comunidades dos membros. Este foi o momento para compartilhar seus trabalhos com toda a RFS.<\/p>\n<p><a href=\"https:\/\/rioonwatch.org.br\/wp-content\/uploads\/2019\/11\/RFS-EcoCasa-19.jpg\"><img loading=\"lazy\" decoding=\"async\" class=\"aligncenter wp-image-44616 size-content\" title=\"Louren\u00e7o Cesar do Museu da Mar\u00e9 fala no GT de Energia Solar\" src=\"https:\/\/rioonwatch.org.br\/wp-content\/uploads\/2019\/11\/RFS-EcoCasa-19-620x264.jpg\" alt=\"\" width=\"620\" height=\"264\" srcset=\"https:\/\/rioonwatch.org.br\/wp-content\/uploads\/2019\/11\/RFS-EcoCasa-19-620x264.jpg 620w, https:\/\/rioonwatch.org.br\/wp-content\/uploads\/2019\/11\/RFS-EcoCasa-19-940x400.jpg 940w\" sizes=\"(max-width: 620px) 100vw, 620px\" \/><\/a><\/p>\n<p>Antes de iniciarem as din\u00e2micas e discuss\u00f5es de aprofundamento, representantes dos grupos de trabalho apresentaram o foco do trabalho de seus grupos e as iniciativas que comp\u00f5em cada grupo. Para o GT de Energia Solar, Tereza On\u00e3, da <a href=\"http:\/\/bit.ly\/2IjQeoE\" target=\"_blank\" rel=\"noopener noreferrer\">Redes da Mar\u00e9<\/a> subiu ao palco; para o GT \u00c1gua e Esgoto, Consuelo dos Santos, da RONGO, e Leo Adler, do <a href=\"http:\/\/bit.ly\/2VVoFHG\" target=\"_blank\" rel=\"noopener noreferrer\">Instituto Ambiente em Movimento<\/a>; para o GT de Mem\u00f3ria e Cultura, Thain\u00e3 de Medeiros, do <a href=\"http:\/\/bit.ly\/2OKDLO0\" target=\"_blank\" rel=\"noopener noreferrer\">Museu das Remo\u00e7\u00f5es<\/a>; para o GT de Gera\u00e7\u00e3o de Renda, Guilherme Hadasha, do <a href=\"http:\/\/bit.ly\/2Yc5kXY\" target=\"_blank\" rel=\"noopener noreferrer\">Ateli\u00ea do Hadasha<\/a>; para o GT de Educa\u00e7\u00e3o Ambiental, Iara Oliveira, do <a href=\"http:\/\/bit.ly\/31Cdndy\" target=\"_blank\" rel=\"noopener noreferrer\">Alfazendo<\/a>; para o GT de Hortas e Reflorestamento, Gabi Fleury do <a href=\"http:\/\/bit.ly\/34wXiIr\" target=\"_blank\" rel=\"noopener noreferrer\">Planta na Rua<\/a>; e para o GT Res\u00edduos S\u00f3lidos, Ilaci Oliveira, da <span style=\"font-weight: 400;\"><a href=\"http:\/\/bit.ly\/33LkbHI\" target=\"_blank\" rel=\"noopener noreferrer\">Cooperativa Transvida<\/a><\/span>.<\/p>\n<p><span style=\"font-weight: 400;\" data-wp-editing=\"1\"><a href=\"https:\/\/rioonwatch.org.br\/wp-content\/uploads\/2019\/11\/RFS-2-roda.jpg\"><img loading=\"lazy\" decoding=\"async\" class=\"aligncenter wp-image-44621 size-content\" title=\"Os grupos de trabalho da tarde ofereceram uma oportunidade para aprofundarem a discuss\u00e3o sobre seus respectivos assuntos.\" src=\"https:\/\/rioonwatch.org.br\/wp-content\/uploads\/2019\/11\/RFS-2-roda-620x264.jpg\" alt=\"\" width=\"620\" height=\"264\" srcset=\"https:\/\/rioonwatch.org.br\/wp-content\/uploads\/2019\/11\/RFS-2-roda-620x264.jpg 620w, https:\/\/rioonwatch.org.br\/wp-content\/uploads\/2019\/11\/RFS-2-roda-940x400.jpg 940w\" sizes=\"(max-width: 620px) 100vw, 620px\" \/><\/a><br \/>\n<\/span>Ao iniciarem as din\u00e2micas e discuss\u00f5es de aprofundamento, cada grupo de trabalho envolveu outros membros da RFS com o seu tema. Alguns se concentraram especificamente nos desafios mais comuns enfrentados pelo grupo: no grupo de Energia Solar, Tereza On\u00e3 enfatizou que nas favelas do <a href=\"http:\/\/bit.ly\/2K1s59x\" target=\"_blank\" rel=\"noopener noreferrer\">Complexo da Mar\u00e9<\/a>, ela via falta de democratiza\u00e7\u00e3o no acesso e de interesse na energia solar. A quest\u00e3o, disse Tereza era \u201ccomo assegurar que o conceito de energia solar dialogue com esses territ\u00f3rios\u201d. Outro membro do grupo, Alex Fran\u00e7a, do <a href=\"http:\/\/bit.ly\/2OuZzOO\" target=\"_blank\" rel=\"noopener noreferrer\">Engenheiros Sem Fronteiras<\/a>, apontou que o \u00fanico grupo que fala sobre o valor social da energia solar\u2014e seus benef\u00edcios para moradores de favelas\u2014em um recente protesto em Bras\u00edlia contra o aumento dos impostos sobre a energia solar, foi o coorte de representantes da RFS presentes no protesto.<\/p>\n<p><a href=\"https:\/\/rioonwatch.org.br\/wp-content\/uploads\/2019\/11\/RFS-roda-ecocasa.jpg\"><img loading=\"lazy\" decoding=\"async\" class=\"aligncenter wp-image-44637 size-content\" title=\"Membros da RFS trocaram experi\u00eancias em suas discuss\u00f5es em grupos de trabalho.\" src=\"https:\/\/rioonwatch.org.br\/wp-content\/uploads\/2019\/11\/RFS-roda-ecocasa-620x264.jpg\" alt=\"\" width=\"620\" height=\"264\" srcset=\"https:\/\/rioonwatch.org.br\/wp-content\/uploads\/2019\/11\/RFS-roda-ecocasa-620x264.jpg 620w, https:\/\/rioonwatch.org.br\/wp-content\/uploads\/2019\/11\/RFS-roda-ecocasa-940x400.jpg 940w\" sizes=\"(max-width: 620px) 100vw, 620px\" \/><\/a><\/p>\n<p>Simultaneamente, o GT de \u00c1gua e Esgoto<span style=\"font-weight: 400;\">\u2014<\/span>que j\u00e1 havia solicitado aos membros da RFS que compartilhassem imagens de esgoto n\u00e3o tratado e de fontes de \u00e1gua em suas comunidades<span style=\"font-weight: 400;\">\u2014<\/span>dedicou-se a ouvir cada participante sobre seus pontos de vista e experi\u00eancias com essas quest\u00f5es. Engenheiros com experi\u00eancia em tecnologias de esgoto ecol\u00f3gico localizadas esperam mapear membros de comunidades da RFS interessadas em testar essas tecnologias em 2020.<\/p>\n<p>Enquanto isso, o GT de Gera\u00e7\u00e3o de Renda falou da necessidade de gerar recursos financeiros, al\u00e9m de reconhecer o valor do conhecimento e dos recursos n\u00e3o-financeiros. O grupo planeja lan\u00e7ar um cat\u00e1logo online, em 2020, de produtos e servi\u00e7os oferecidos pelos membros da RFS.<\/p>\n<p>O GT de Mem\u00f3ria e Cultura mergulhou-se em uma profunda discuss\u00e3o sobre o papel dos museus comunit\u00e1rios na preserva\u00e7\u00e3o da mem\u00f3ria. A mem\u00f3ria, por sua vez, \u00e9 essencial para aprofundar o sentimento de pertencimento que leva moradores a cuidarem de suas comunidades. No entanto, os museus comunit\u00e1rios n\u00e3o s\u00e3o apenas amea\u00e7ados por quest\u00f5es de sustentabilidade financeira, mas museus populares como o <a href=\"http:\/\/bit.ly\/1F8V4jK\" target=\"_blank\" rel=\"noopener noreferrer\">Museu da Mar\u00e9<\/a> e o <span style=\"font-weight: 400;\"><a href=\"http:\/\/bit.ly\/356ldhH\" target=\"_blank\" rel=\"noopener noreferrer\">Museu Casa do Pontal<\/a><\/span> tamb\u00e9m enfrentaram amea\u00e7as de remo\u00e7\u00e3o. A remo\u00e7\u00e3o, disse Thain\u00e3 de Medeiros, torna-se uma maneira de apagar a identidade da comunidade. &#8220;Quando voc\u00ea cria um museu, voc\u00ea tenta consolidar uma hist\u00f3ria&#8221;, disse Thain\u00e3. &#8220;Retirar esses museus significa negar tudo isso&#8221;.<\/p>\n<p>O GT de Hortas e Reflorestamento discutiu o potencial para a realiza\u00e7\u00e3o de projetos em conjunto com os grupos de Educa\u00e7\u00e3o Ambiental e Energia Solar. Compartilhando suas experi\u00eancias com o incentivo ao plantio e reflorestamento em suas pr\u00f3prias comunidades, os membros enfatizaram a necessidade de envolver os moradores e educar as crian\u00e7as sobre a necessidade de espa\u00e7os verdes. Como presente de despedida do grupo de trabalho, muitos levaram mudas para casa.<\/p>\n<p>Outros grupos desenvolveram jogos interativos. No GT de Res\u00edduos S\u00f3lidos, Gustavo Cunha, do <span style=\"font-weight: 400;\"><a href=\"http:\/\/bit.ly\/2OjqnjJ\" target=\"_blank\" rel=\"noopener noreferrer\">Mundo Livres<\/a><\/span>, e Marcella Vieira, do <a href=\"http:\/\/bit.ly\/2qrPOav\" target=\"_blank\" rel=\"noopener noreferrer\">ReciclA\u00e7\u00e3o<\/a>, fizeram com que os participantes tirassem o nome da organiza\u00e7\u00e3o um do outro de uma caixinha, trocando hist\u00f3rias de trabalho e ganhando artesanato feito com materiais reutilizados numa brincadeira de &#8220;Res\u00edduo Oculto&#8221;.<\/p>\n<p>Enquanto isso, o GT de Educa\u00e7\u00e3o Ambiental come\u00e7ou com um jogo proposto por volunt\u00e1rios da <a href=\"http:\/\/bit.ly\/31Cdndy\" target=\"_blank\" rel=\"noopener noreferrer\">EcoRede<\/a>, sediada na Cidade de Deus, desafiando os participantes a manter um bambol\u00ea no ar, cada um usando um \u00fanico dedo. Com o objetivo de provocar reflex\u00f5es sobre a a\u00e7\u00e3o coletiva, os participantes come\u00e7aram a &#8220;pensar na gente como uma rede&#8221;. Os membros da RFS devem &#8220;deixar o eu e focar no n\u00f3s&#8221;, disse Lidiane, volunt\u00e1ria da EcoRede. &#8220;S\u00f3 assim vamos conseguir formar la\u00e7os e compartilhar experi\u00eancias!&#8221;<\/p>\n<h3>Assista ao mini-v\u00eddeo apresentando o segundo Grande Encontro da RFS em 2019:<\/h3>\n<p><iframe src=\"https:\/\/www.youtube.com\/embed\/GL4Yul8S4lw\" width=\"620\" height=\"349\" frameborder=\"0\" allowfullscreen=\"allowfullscreen\"><\/iframe><\/p>\n<p>Para concluir os eventos do dia, a Diretora Executiva das Comunidades Catalisadoras, Theresa Williamson, apresentou resultados preliminares da <a href=\"http:\/\/bit.ly\/33vZdLV\" target=\"_blank\" rel=\"noopener noreferrer\">Pesquisa de Atualiza\u00e7\u00e3o da Rede Favela Sustent\u00e1vel<\/a> de 2019. Theresa lembrou a todos que <a href=\"http:\/\/bit.ly\/QFavSust5\" target=\"_blank\" rel=\"noopener noreferrer\">o formul\u00e1rio ainda est\u00e1 aberto<\/a> e explicou que os dados coletados ser\u00e3o usados no desenvolvimento do novo mapa da RFS, bem como no planejamento das atividades do pr\u00f3ximo ano. Por fim, os participantes decidiram que cada grupo de trabalho se reunir\u00e1 uma \u00faltima vez em 2019 para definir as metas do grupo para 2020 e discutir como organizar reuni\u00f5es futuras. Antes do encerramento, o grupo agradeceu e desejou um feliz anivers\u00e1rio a Alessandro Macedo, anfitri\u00e3o do evento na Ecocasa Silvestre.<\/p>\n<p>Para Mina Tingui, volunt\u00e1ria do Teto Verde Favela, o dia poderia ser resumido em uma palavra: &#8220;integra\u00e7\u00e3o&#8221;. O segundo Grande Encontro da RFS foi um grande sucesso, fortalecendo a rede e oferecendo v\u00e1rias oportunidades para participantes de diversas comunidades e iniciativas do Rio se encontrarem, compartilharem conhecimento e apoiarem-se mutuamente.<\/p>\n<h3>Confira nosso \u00e1lbum completo dos eventos do dia <a href=\"http:\/\/bit.ly\/RFS2019Fotos\" target=\"_blank\" rel=\"noopener noreferrer\">aqui<\/a>.<\/h3>\n<p><em>*A Rede Favela Sustent\u00e1vel e o RioOnWatch s\u00e3o projetos da <a href=\"http:\/\/bit.ly\/2Ziqwv5\" target=\"_blank\" rel=\"noopener noreferrer\">Comunidades Catalisadoras<\/a><\/em><\/p>\n<!-- AddThis Advanced Settings generic via filter on the_content --><!-- AddThis Share Buttons generic via filter on the_content -->","protected":false},"excerpt":{"rendered":"<div class=\"mh-excerpt\"><p>Click Here for English A\u00a0Rede Favela Sustent\u00e1vel\u00a0(RFS) \u00e9 um projeto da\u00a0Comunidades Catalisadoras\u00a0(ComCat)* desenhado para construir redes de solidariedade, dar visibilidade, e desenvolver a\u00e7\u00f5es conjuntas que apoiem a expans\u00e3o de iniciativas comunit\u00e1rias que fortalecem a sustentabilidade <a class=\"mh-excerpt-more\" href=\"https:\/\/rioonwatch.org.br\/?p=44577\" title=\"2\u00b0 Encontro Anual da Rede Favela Sustent\u00e1vel Fortalece La\u00e7os e Tra\u00e7a o Futuro da Rede [V\u00cdDEO E IMAGENS]\">[&#8230;]<\/a><!-- AddThis Advanced Settings generic via filter on get_the_excerpt --><!-- AddThis Share Buttons generic via filter on get_the_excerpt --><\/p>\n<\/div>","protected":false},"author":129,"featured_media":44582,"comment_status":"closed","ping_status":"closed","sticky":false,"template":"","format":"standard","meta":{"_acf_changed":false,"_monsterinsights_skip_tracking":false,"_monsterinsights_sitenote_active":false,"_monsterinsights_sitenote_note":"","_monsterinsights_sitenote_category":0,"footnotes":""},"categories":[1621,1627,1615,1626,1388,1633,1616,1612,342,1639,1638],"tags":[510,1492,554,217,363,1998,1554,2968,1097,447,636,2419,469,708,2388,41,1707,1360,1740,2901,1107,297,35,404,544,218,383],"writer":[2712,2688],"translator":[273],"source":[],"ilustrador":[],"fotografo":[],"class_list":{"0":"post-44577","1":"post","2":"type-post","3":"status-publish","4":"format-standard","5":"has-post-thumbnail","7":"category-destaque","8":"category-relato-de-evento","9":"category-cultura-da-favela","10":"category-por-observadores-internacionais","11":"category-formas-de-apoiar","12":"category-foto-reportagens","13":"category-qualidades-da-favela","14":"category-sociedade-civil","15":"category-solucoes","16":"category-sustentabilidade","17":"category-video","18":"tag-agua","19":"tag-cascadura","20":"tag-cidade-de-deus","21":"tag-complexo-do-alemao","22":"tag-educacao-ambiental","23":"tag-energia-solar","24":"tag-gestao-de-residuos","25":"tag-grande-encontro-rfs","26":"tag-horta-comunitaria","27":"tag-jacarepagua","28":"tag-manguinhos","29":"tag-mapeamento","30":"tag-memoria","31":"tag-morro-da-babilonia","32":"tag-objetivos-de-desenvolvimento-sustentavel","33":"tag-organicos","34":"tag-parque-arara","35":"tag-pavuna","36":"tag-quilombo-do-camorim","37":"tag-rfs","38":"tag-redes-da-mare","39":"tag-reflorestamento","40":"tag-santa-teresa","41":"tag-sustentabilidade","42":"tag-vila-kennedy","43":"tag-zona-norte","44":"tag-zona-sul","45":"writer-colin-andrew","46":"writer-sofia-bazin","47":"translator-roseli-franco"},"acf":[],"yoast_head":"<!-- This site is optimized with the Yoast SEO plugin v25.6 - https:\/\/yoast.com\/wordpress\/plugins\/seo\/ -->\n<title>2\u00b0 Encontro Anual da Rede Favela Sustent\u00e1vel Fortalece La\u00e7os e Tra\u00e7a o Futuro da Rede [V\u00cdDEO E IMAGENS] - RioOnWatch<\/title>\n<meta name=\"robots\" content=\"index, follow, max-snippet:-1, max-image-preview:large, max-video-preview:-1\" \/>\n<link rel=\"canonical\" href=\"https:\/\/rioonwatch.org.br\/?p=44577\" \/>\n<meta property=\"og:locale\" content=\"pt_BR\" \/>\n<meta property=\"og:type\" content=\"article\" \/>\n<meta property=\"og:title\" content=\"2\u00b0 Encontro Anual da Rede Favela Sustent\u00e1vel Fortalece La\u00e7os e Tra\u00e7a o Futuro da Rede [V\u00cdDEO E IMAGENS] - RioOnWatch\" \/>\n<meta property=\"og:description\" content=\"Click Here for English A\u00a0Rede Favela Sustent\u00e1vel\u00a0(RFS) \u00e9 um projeto da\u00a0Comunidades Catalisadoras\u00a0(ComCat)* desenhado para construir redes de solidariedade, dar visibilidade, e desenvolver a\u00e7\u00f5es conjuntas que apoiem a expans\u00e3o de iniciativas comunit\u00e1rias que fortalecem a sustentabilidade [...]\" \/>\n<meta property=\"og:url\" content=\"https:\/\/rioonwatch.org.br\/?p=44577\" \/>\n<meta property=\"og:site_name\" content=\"RioOnWatch\" \/>\n<meta property=\"article:published_time\" content=\"2019-11-29T13:37:44+00:00\" \/>\n<meta property=\"article:modified_time\" content=\"2020-12-17T15:39:19+00:00\" \/>\n<meta property=\"og:image\" content=\"https:\/\/rioonwatch.org.br\/wp-content\/uploads\/2019\/11\/RFS-2-encontro.jpg\" \/>\n\t<meta property=\"og:image:width\" content=\"2048\" \/>\n\t<meta property=\"og:image:height\" content=\"1365\" \/>\n\t<meta property=\"og:image:type\" content=\"image\/jpeg\" \/>\n<meta name=\"author\" content=\"Admin\" \/>\n<meta name=\"twitter:card\" content=\"summary_large_image\" \/>\n<meta name=\"twitter:label1\" content=\"Escrito por\" \/>\n\t<meta name=\"twitter:data1\" content=\"Admin\" \/>\n\t<meta name=\"twitter:label2\" content=\"Est. tempo de leitura\" \/>\n\t<meta name=\"twitter:data2\" content=\"12 minutos\" \/>\n<script type=\"application\/ld+json\" class=\"yoast-schema-graph\">{\"@context\":\"https:\/\/schema.org\",\"@graph\":[{\"@type\":\"Article\",\"@id\":\"https:\/\/rioonwatch.org.br\/?p=44577#article\",\"isPartOf\":{\"@id\":\"https:\/\/rioonwatch.org.br\/?p=44577\"},\"author\":{\"name\":\"Admin\",\"@id\":\"https:\/\/rioonwatch.org.br\/#\/schema\/person\/11d64c290506f9df50c71b850c473f68\"},\"headline\":\"2\u00b0 Encontro Anual da Rede Favela Sustent\u00e1vel Fortalece La\u00e7os e Tra\u00e7a o Futuro da Rede [V\u00cdDEO E IMAGENS]\",\"datePublished\":\"2019-11-29T13:37:44+00:00\",\"dateModified\":\"2020-12-17T15:39:19+00:00\",\"mainEntityOfPage\":{\"@id\":\"https:\/\/rioonwatch.org.br\/?p=44577\"},\"wordCount\":2481,\"publisher\":{\"@id\":\"https:\/\/rioonwatch.org.br\/#organization\"},\"image\":{\"@id\":\"https:\/\/rioonwatch.org.br\/?p=44577#primaryimage\"},\"thumbnailUrl\":\"https:\/\/rioonwatch.org.br\/wp-content\/uploads\/2019\/11\/RFS-2-encontro.jpg\",\"keywords\":[\"\u00e1gua\",\"Cascadura\",\"Cidade de Deus\",\"Complexo do Alem\u00e3o\",\"educa\u00e7\u00e3o ambiental\",\"energia solar\",\"gest\u00e3o de res\u00edduos\",\"Grande Encontro RFS\",\"horta comunit\u00e1ria\",\"Jacarepagu\u00e1\",\"Manguinhos\",\"mapeamento\",\"Mem\u00f3rias Faveladas\",\"Morro da Babil\u00f4nia\",\"Objetivos de Desenvolvimento Sustent\u00e1vel\",\"org\u00e2nico\",\"Parque Arar\u00e1\",\"Pavuna\",\"Quilombo do Camorim\",\"Rede Favela Sustent\u00e1vel\",\"Redes da Mar\u00e9\",\"reflorestamento\",\"Santa Teresa\",\"sustentabilidade\",\"Vila Kennedy\",\"Zona Norte\",\"Zona Sul\"],\"articleSection\":[\"*Destaque\",\"Cobertura de Eventos\",\"Cultura da Favela\",\"Escrito por Aliados\",\"Formas de Apoiar\",\"Fotorreportagens\",\"Qualidades da Favela\",\"Sociedade Civil\",\"Solu\u00e7\u00f5es\",\"Sustentabilidade\",\"V\u00eddeo\"],\"inLanguage\":\"pt-BR\"},{\"@type\":\"WebPage\",\"@id\":\"https:\/\/rioonwatch.org.br\/?p=44577\",\"url\":\"https:\/\/rioonwatch.org.br\/?p=44577\",\"name\":\"2\u00b0 Encontro Anual da Rede Favela Sustent\u00e1vel Fortalece La\u00e7os e Tra\u00e7a o Futuro da Rede [V\u00cdDEO E IMAGENS] - RioOnWatch\",\"isPartOf\":{\"@id\":\"https:\/\/rioonwatch.org.br\/#website\"},\"primaryImageOfPage\":{\"@id\":\"https:\/\/rioonwatch.org.br\/?p=44577#primaryimage\"},\"image\":{\"@id\":\"https:\/\/rioonwatch.org.br\/?p=44577#primaryimage\"},\"thumbnailUrl\":\"https:\/\/rioonwatch.org.br\/wp-content\/uploads\/2019\/11\/RFS-2-encontro.jpg\",\"datePublished\":\"2019-11-29T13:37:44+00:00\",\"dateModified\":\"2020-12-17T15:39:19+00:00\",\"breadcrumb\":{\"@id\":\"https:\/\/rioonwatch.org.br\/?p=44577#breadcrumb\"},\"inLanguage\":\"pt-BR\",\"potentialAction\":[{\"@type\":\"ReadAction\",\"target\":[\"https:\/\/rioonwatch.org.br\/?p=44577\"]}]},{\"@type\":\"ImageObject\",\"inLanguage\":\"pt-BR\",\"@id\":\"https:\/\/rioonwatch.org.br\/?p=44577#primaryimage\",\"url\":\"https:\/\/rioonwatch.org.br\/wp-content\/uploads\/2019\/11\/RFS-2-encontro.jpg\",\"contentUrl\":\"https:\/\/rioonwatch.org.br\/wp-content\/uploads\/2019\/11\/RFS-2-encontro.jpg\",\"width\":2048,\"height\":1365},{\"@type\":\"BreadcrumbList\",\"@id\":\"https:\/\/rioonwatch.org.br\/?p=44577#breadcrumb\",\"itemListElement\":[{\"@type\":\"ListItem\",\"position\":1,\"name\":\"In\u00edcio\",\"item\":\"https:\/\/rioonwatch.org.br\/\"},{\"@type\":\"ListItem\",\"position\":2,\"name\":\"2\u00b0 Encontro Anual da Rede Favela Sustent\u00e1vel Fortalece La\u00e7os e Tra\u00e7a o Futuro da Rede [V\u00cdDEO E IMAGENS]\"}]},{\"@type\":\"WebSite\",\"@id\":\"https:\/\/rioonwatch.org.br\/#website\",\"url\":\"https:\/\/rioonwatch.org.br\/\",\"name\":\"RioOnWatch\",\"description\":\"relatos das favelas cariocas\",\"publisher\":{\"@id\":\"https:\/\/rioonwatch.org.br\/#organization\"},\"potentialAction\":[{\"@type\":\"SearchAction\",\"target\":{\"@type\":\"EntryPoint\",\"urlTemplate\":\"https:\/\/rioonwatch.org.br\/?s={search_term_string}\"},\"query-input\":{\"@type\":\"PropertyValueSpecification\",\"valueRequired\":true,\"valueName\":\"search_term_string\"}}],\"inLanguage\":\"pt-BR\"},{\"@type\":\"Organization\",\"@id\":\"https:\/\/rioonwatch.org.br\/#organization\",\"name\":\"RioOnWatch\",\"url\":\"https:\/\/rioonwatch.org.br\/\",\"logo\":{\"@type\":\"ImageObject\",\"inLanguage\":\"pt-BR\",\"@id\":\"https:\/\/rioonwatch.org.br\/#\/schema\/logo\/image\/\",\"url\":\"https:\/\/rioonwatch.org.br\/wp-content\/uploads\/2021\/06\/RioOnWatchcabecalhoPT11anos-2.png\",\"contentUrl\":\"https:\/\/rioonwatch.org.br\/wp-content\/uploads\/2021\/06\/RioOnWatchcabecalhoPT11anos-2.png\",\"width\":779,\"height\":277,\"caption\":\"RioOnWatch\"},\"image\":{\"@id\":\"https:\/\/rioonwatch.org.br\/#\/schema\/logo\/image\/\"}},{\"@type\":\"Person\",\"@id\":\"https:\/\/rioonwatch.org.br\/#\/schema\/person\/11d64c290506f9df50c71b850c473f68\",\"name\":\"Admin\",\"image\":{\"@type\":\"ImageObject\",\"inLanguage\":\"pt-BR\",\"@id\":\"https:\/\/rioonwatch.org.br\/#\/schema\/person\/image\/\",\"url\":\"https:\/\/secure.gravatar.com\/avatar\/56211ac74568383903349a1485e3c325?s=96&d=blank&r=g\",\"contentUrl\":\"https:\/\/secure.gravatar.com\/avatar\/56211ac74568383903349a1485e3c325?s=96&d=blank&r=g\",\"caption\":\"Admin\"},\"url\":\"https:\/\/rioonwatch.org.br\/?author=129\"}]}<\/script>\n<!-- \/ Yoast SEO plugin. -->","yoast_head_json":{"title":"2\u00b0 Encontro Anual da Rede Favela Sustent\u00e1vel Fortalece La\u00e7os e Tra\u00e7a o Futuro da Rede [V\u00cdDEO E IMAGENS] - RioOnWatch","robots":{"index":"index","follow":"follow","max-snippet":"max-snippet:-1","max-image-preview":"max-image-preview:large","max-video-preview":"max-video-preview:-1"},"canonical":"https:\/\/rioonwatch.org.br\/?p=44577","og_locale":"pt_BR","og_type":"article","og_title":"2\u00b0 Encontro Anual da Rede Favela Sustent\u00e1vel Fortalece La\u00e7os e Tra\u00e7a o Futuro da Rede [V\u00cdDEO E IMAGENS] - RioOnWatch","og_description":"Click Here for English A\u00a0Rede Favela Sustent\u00e1vel\u00a0(RFS) \u00e9 um projeto da\u00a0Comunidades Catalisadoras\u00a0(ComCat)* desenhado para construir redes de solidariedade, dar visibilidade, e desenvolver a\u00e7\u00f5es conjuntas que apoiem a expans\u00e3o de iniciativas comunit\u00e1rias que fortalecem a sustentabilidade [...]","og_url":"https:\/\/rioonwatch.org.br\/?p=44577","og_site_name":"RioOnWatch","article_published_time":"2019-11-29T13:37:44+00:00","article_modified_time":"2020-12-17T15:39:19+00:00","og_image":[{"width":2048,"height":1365,"url":"https:\/\/rioonwatch.org.br\/wp-content\/uploads\/2019\/11\/RFS-2-encontro.jpg","type":"image\/jpeg"}],"author":"Admin","twitter_card":"summary_large_image","twitter_misc":{"Escrito por":"Admin","Est. tempo de leitura":"12 minutos"},"schema":{"@context":"https:\/\/schema.org","@graph":[{"@type":"Article","@id":"https:\/\/rioonwatch.org.br\/?p=44577#article","isPartOf":{"@id":"https:\/\/rioonwatch.org.br\/?p=44577"},"author":{"name":"Admin","@id":"https:\/\/rioonwatch.org.br\/#\/schema\/person\/11d64c290506f9df50c71b850c473f68"},"headline":"2\u00b0 Encontro Anual da Rede Favela Sustent\u00e1vel Fortalece La\u00e7os e Tra\u00e7a o Futuro da Rede [V\u00cdDEO E IMAGENS]","datePublished":"2019-11-29T13:37:44+00:00","dateModified":"2020-12-17T15:39:19+00:00","mainEntityOfPage":{"@id":"https:\/\/rioonwatch.org.br\/?p=44577"},"wordCount":2481,"publisher":{"@id":"https:\/\/rioonwatch.org.br\/#organization"},"image":{"@id":"https:\/\/rioonwatch.org.br\/?p=44577#primaryimage"},"thumbnailUrl":"https:\/\/rioonwatch.org.br\/wp-content\/uploads\/2019\/11\/RFS-2-encontro.jpg","keywords":["\u00e1gua","Cascadura","Cidade de Deus","Complexo do Alem\u00e3o","educa\u00e7\u00e3o ambiental","energia solar","gest\u00e3o de res\u00edduos","Grande Encontro RFS","horta comunit\u00e1ria","Jacarepagu\u00e1","Manguinhos","mapeamento","Mem\u00f3rias Faveladas","Morro da Babil\u00f4nia","Objetivos de Desenvolvimento Sustent\u00e1vel","org\u00e2nico","Parque Arar\u00e1","Pavuna","Quilombo do Camorim","Rede Favela Sustent\u00e1vel","Redes da Mar\u00e9","reflorestamento","Santa Teresa","sustentabilidade","Vila Kennedy","Zona Norte","Zona Sul"],"articleSection":["*Destaque","Cobertura de Eventos","Cultura da Favela","Escrito por Aliados","Formas de Apoiar","Fotorreportagens","Qualidades da Favela","Sociedade Civil","Solu\u00e7\u00f5es","Sustentabilidade","V\u00eddeo"],"inLanguage":"pt-BR"},{"@type":"WebPage","@id":"https:\/\/rioonwatch.org.br\/?p=44577","url":"https:\/\/rioonwatch.org.br\/?p=44577","name":"2\u00b0 Encontro Anual da Rede Favela Sustent\u00e1vel Fortalece La\u00e7os e Tra\u00e7a o Futuro da Rede [V\u00cdDEO E IMAGENS] - RioOnWatch","isPartOf":{"@id":"https:\/\/rioonwatch.org.br\/#website"},"primaryImageOfPage":{"@id":"https:\/\/rioonwatch.org.br\/?p=44577#primaryimage"},"image":{"@id":"https:\/\/rioonwatch.org.br\/?p=44577#primaryimage"},"thumbnailUrl":"https:\/\/rioonwatch.org.br\/wp-content\/uploads\/2019\/11\/RFS-2-encontro.jpg","datePublished":"2019-11-29T13:37:44+00:00","dateModified":"2020-12-17T15:39:19+00:00","breadcrumb":{"@id":"https:\/\/rioonwatch.org.br\/?p=44577#breadcrumb"},"inLanguage":"pt-BR","potentialAction":[{"@type":"ReadAction","target":["https:\/\/rioonwatch.org.br\/?p=44577"]}]},{"@type":"ImageObject","inLanguage":"pt-BR","@id":"https:\/\/rioonwatch.org.br\/?p=44577#primaryimage","url":"https:\/\/rioonwatch.org.br\/wp-content\/uploads\/2019\/11\/RFS-2-encontro.jpg","contentUrl":"https:\/\/rioonwatch.org.br\/wp-content\/uploads\/2019\/11\/RFS-2-encontro.jpg","width":2048,"height":1365},{"@type":"BreadcrumbList","@id":"https:\/\/rioonwatch.org.br\/?p=44577#breadcrumb","itemListElement":[{"@type":"ListItem","position":1,"name":"In\u00edcio","item":"https:\/\/rioonwatch.org.br\/"},{"@type":"ListItem","position":2,"name":"2\u00b0 Encontro Anual da Rede Favela Sustent\u00e1vel Fortalece La\u00e7os e Tra\u00e7a o Futuro da Rede [V\u00cdDEO E IMAGENS]"}]},{"@type":"WebSite","@id":"https:\/\/rioonwatch.org.br\/#website","url":"https:\/\/rioonwatch.org.br\/","name":"RioOnWatch","description":"relatos das favelas cariocas","publisher":{"@id":"https:\/\/rioonwatch.org.br\/#organization"},"potentialAction":[{"@type":"SearchAction","target":{"@type":"EntryPoint","urlTemplate":"https:\/\/rioonwatch.org.br\/?s={search_term_string}"},"query-input":{"@type":"PropertyValueSpecification","valueRequired":true,"valueName":"search_term_string"}}],"inLanguage":"pt-BR"},{"@type":"Organization","@id":"https:\/\/rioonwatch.org.br\/#organization","name":"RioOnWatch","url":"https:\/\/rioonwatch.org.br\/","logo":{"@type":"ImageObject","inLanguage":"pt-BR","@id":"https:\/\/rioonwatch.org.br\/#\/schema\/logo\/image\/","url":"https:\/\/rioonwatch.org.br\/wp-content\/uploads\/2021\/06\/RioOnWatchcabecalhoPT11anos-2.png","contentUrl":"https:\/\/rioonwatch.org.br\/wp-content\/uploads\/2021\/06\/RioOnWatchcabecalhoPT11anos-2.png","width":779,"height":277,"caption":"RioOnWatch"},"image":{"@id":"https:\/\/rioonwatch.org.br\/#\/schema\/logo\/image\/"}},{"@type":"Person","@id":"https:\/\/rioonwatch.org.br\/#\/schema\/person\/11d64c290506f9df50c71b850c473f68","name":"Admin","image":{"@type":"ImageObject","inLanguage":"pt-BR","@id":"https:\/\/rioonwatch.org.br\/#\/schema\/person\/image\/","url":"https:\/\/secure.gravatar.com\/avatar\/56211ac74568383903349a1485e3c325?s=96&d=blank&r=g","contentUrl":"https:\/\/secure.gravatar.com\/avatar\/56211ac74568383903349a1485e3c325?s=96&d=blank&r=g","caption":"Admin"},"url":"https:\/\/rioonwatch.org.br\/?author=129"}]}},"_links":{"self":[{"href":"https:\/\/rioonwatch.org.br\/index.php?rest_route=\/wp\/v2\/posts\/44577"}],"collection":[{"href":"https:\/\/rioonwatch.org.br\/index.php?rest_route=\/wp\/v2\/posts"}],"about":[{"href":"https:\/\/rioonwatch.org.br\/index.php?rest_route=\/wp\/v2\/types\/post"}],"author":[{"embeddable":true,"href":"https:\/\/rioonwatch.org.br\/index.php?rest_route=\/wp\/v2\/users\/129"}],"replies":[{"embeddable":true,"href":"https:\/\/rioonwatch.org.br\/index.php?rest_route=%2Fwp%2Fv2%2Fcomments&post=44577"}],"version-history":[{"count":45,"href":"https:\/\/rioonwatch.org.br\/index.php?rest_route=\/wp\/v2\/posts\/44577\/revisions"}],"predecessor-version":[{"id":44656,"href":"https:\/\/rioonwatch.org.br\/index.php?rest_route=\/wp\/v2\/posts\/44577\/revisions\/44656"}],"wp:featuredmedia":[{"embeddable":true,"href":"https:\/\/rioonwatch.org.br\/index.php?rest_route=\/wp\/v2\/media\/44582"}],"wp:attachment":[{"href":"https:\/\/rioonwatch.org.br\/index.php?rest_route=%2Fwp%2Fv2%2Fmedia&parent=44577"}],"wp:term":[{"taxonomy":"category","embeddable":true,"href":"https:\/\/rioonwatch.org.br\/index.php?rest_route=%2Fwp%2Fv2%2Fcategories&post=44577"},{"taxonomy":"post_tag","embeddable":true,"href":"https:\/\/rioonwatch.org.br\/index.php?rest_route=%2Fwp%2Fv2%2Ftags&post=44577"},{"taxonomy":"writer","embeddable":true,"href":"https:\/\/rioonwatch.org.br\/index.php?rest_route=%2Fwp%2Fv2%2Fwriter&post=44577"},{"taxonomy":"translator","embeddable":true,"href":"https:\/\/rioonwatch.org.br\/index.php?rest_route=%2Fwp%2Fv2%2Ftranslator&post=44577"},{"taxonomy":"source","embeddable":true,"href":"https:\/\/rioonwatch.org.br\/index.php?rest_route=%2Fwp%2Fv2%2Fsource&post=44577"},{"taxonomy":"ilustrador","embeddable":true,"href":"https:\/\/rioonwatch.org.br\/index.php?rest_route=%2Fwp%2Fv2%2Filustrador&post=44577"},{"taxonomy":"fotografo","embeddable":true,"href":"https:\/\/rioonwatch.org.br\/index.php?rest_route=%2Fwp%2Fv2%2Ffotografo&post=44577"}],"curies":[{"name":"wp","href":"https:\/\/api.w.org\/{rel}","templated":true}]}}