{"id":44700,"date":"2019-12-04T10:13:52","date_gmt":"2019-12-04T13:13:52","guid":{"rendered":"https:\/\/rioonwatch.org.br\/?p=44700"},"modified":"2019-12-09T14:35:16","modified_gmt":"2019-12-09T17:35:16","slug":"15o-anual-circulando-no-alemao-reune-liderancas-locais-jovens-e-criancas-imagens","status":"publish","type":"post","link":"https:\/\/rioonwatch.org.br\/?p=44700","title":{"rendered":"15\u00ba Anual &#8216;Circulando&#8217; no Complexo do Alem\u00e3o Re\u00fane Lideran\u00e7as Locais, Jovens e Crian\u00e7as [IMAGENS]"},"content":{"rendered":"<p style=\"text-align: right;\"><em><strong><a href=\"http:\/\/bit.ly\/380dBzr\" target=\"_blank\" rel=\"noopener noreferrer\">Click Here for English<\/a><a href=\"http:\/\/bit.ly\/380dBzr\" target=\"_blank\" rel=\"noopener noreferrer\"><img decoding=\"async\" width=\"20\" height=\"20\" class=\"alignright wp-image-15790\" src=\"http:\/\/rioonwatch.org.br\/wp-content\/uploads\/2012\/08\/EN-standard-e1439583104716.jpg\" \/><\/a><\/strong><\/em><\/p>\n<p>O sol brilhou nos morros do <a href=\"http:\/\/bit.ly\/2wIyn5a\" target=\"_blank\" rel=\"noopener noreferrer\">Complexo do Alem\u00e3o<\/a>, no s\u00e1bado, 30 de novembro, pondo fim a uma semana de chuva no conjunto de favelas da <a href=\"http:\/\/bit.ly\/2ETpYR1\" target=\"_blank\" rel=\"noopener noreferrer\">Zona Norte<\/a>, e assim lideran\u00e7as comunit\u00e1rias, acad\u00eamicos, ativistas e fam\u00edlias se reuniram para o 15\u00ba evento anual <a href=\"http:\/\/bit.ly\/2P4t7Si\" target=\"_blank\" rel=\"noopener noreferrer\">Circulando<\/a>.<\/p>\n<p>Organizado pelo <a href=\"http:\/\/bit.ly\/2LkOJsN\" target=\"_blank\" rel=\"noopener noreferrer\">Instituto Ra\u00edzes em Movimento<\/a>, com sede no Alem\u00e3o, <a href=\"http:\/\/bit.ly\/2raEfoR\" target=\"_blank\" rel=\"noopener noreferrer\">Circulando<\/a> tornou-se um encontro anual altamente esperado por diversos mobilizadores comunit\u00e1rios, ativistas de outras favelas, amigos e apoiadores de movimentos comunit\u00e1rios. Misturando o di\u00e1logo cidad\u00e3o-academia (mesas-redonda sobre preocupa\u00e7\u00f5es da comunidade) com recrea\u00e7\u00e3o (badminton e piscina de bolas para crian\u00e7as, samba e churrasco para adultos), a itera\u00e7\u00e3o deste ano foi apoiada pela <a href=\"http:\/\/bit.ly\/2sKLSD3\" target=\"_blank\" rel=\"noopener noreferrer\">Funda\u00e7\u00e3o Heinrich B\u00f6ll<\/a> e pela ONG <a href=\"http:\/\/bit.ly\/2YaX1sm\" target=\"_blank\" rel=\"noopener noreferrer\">Justi\u00e7a Global<\/a>.<\/p>\n<p>Representantes de organiza\u00e7\u00f5es comunit\u00e1rias do Alem\u00e3o subiram o <a href=\"http:\/\/bit.ly\/36aLQ5R\" target=\"_blank\" rel=\"noopener noreferrer\">Morro do Alem\u00e3o<\/a>, reunindo-se em um p\u00e1tio de concreto ao lado de uma torre do telef\u00e9rico abandonada pelo governo. Sob os cabos de a\u00e7o paralisados, varais balan\u00e7avam com a brisa, exibindo obras de arte pintadas com os dedos de crian\u00e7as locais. As mesas exibiam c\u00f3pias de uma <a href=\"http:\/\/bit.ly\/2LcTdkY\" target=\"_blank\" rel=\"noopener noreferrer\">bibliografia comentada da comunidade<\/a> e de jornais independentes locais. Poetas da comunidade se revezavam na troca de versos no microfone aberto de um DJ. Acad\u00eamicos e ativistas se juntaram em c\u00edrculos, pensando estrat\u00e9gias para promover o envolvimento da popula\u00e7\u00e3o e para combater a degrada\u00e7\u00e3o ambiental na floresta da <a href=\"http:\/\/bit.ly\/33FOizu\" target=\"_blank\" rel=\"noopener noreferrer\">Serra da Miseric\u00f3rdia<\/a> nas proximidades.<\/p>\n<p><a href=\"https:\/\/rioonwatch.org.br\/wp-content\/uploads\/2019\/12\/circulando2.jpg\"><img fetchpriority=\"high\" decoding=\"async\" class=\"aligncenter wp-image-44706 size-medium\" title=\"As crian\u00e7as misturavam tintas com os dedos e artesanato para pendurar nos varais. Foto: Hector Santos\" src=\"https:\/\/rioonwatch.org.br\/wp-content\/uploads\/2019\/12\/circulando2-620x413.jpg\" alt=\"\" width=\"620\" height=\"413\" srcset=\"https:\/\/rioonwatch.org.br\/wp-content\/uploads\/2019\/12\/circulando2-620x413.jpg 620w, https:\/\/rioonwatch.org.br\/wp-content\/uploads\/2019\/12\/circulando2-397x264.jpg 397w, https:\/\/rioonwatch.org.br\/wp-content\/uploads\/2019\/12\/circulando2-768x511.jpg 768w, https:\/\/rioonwatch.org.br\/wp-content\/uploads\/2019\/12\/circulando2.jpg 960w\" sizes=\"(max-width: 620px) 100vw, 620px\" \/><\/a><\/p>\n<p><a href=\"https:\/\/rioonwatch.org.br\/wp-content\/uploads\/2019\/12\/circulando3.jpg\"><img decoding=\"async\" class=\"aligncenter wp-image-44707 size-medium\" title=\"As crian\u00e7as disputaram o torneio de um dia de badminton. Foto: Hector Santos\" src=\"https:\/\/rioonwatch.org.br\/wp-content\/uploads\/2019\/12\/circulando3-620x413.jpg\" alt=\"\" width=\"620\" height=\"413\" srcset=\"https:\/\/rioonwatch.org.br\/wp-content\/uploads\/2019\/12\/circulando3-620x413.jpg 620w, https:\/\/rioonwatch.org.br\/wp-content\/uploads\/2019\/12\/circulando3-397x264.jpg 397w, https:\/\/rioonwatch.org.br\/wp-content\/uploads\/2019\/12\/circulando3-768x511.jpg 768w, https:\/\/rioonwatch.org.br\/wp-content\/uploads\/2019\/12\/circulando3.jpg 960w\" sizes=\"(max-width: 620px) 100vw, 620px\" \/><\/a><\/p>\n<p>No in\u00edcio da tarde, os jovens pesquisadores do projeto <a href=\"http:\/\/bit.ly\/2r6WfAv\" target=\"_blank\" rel=\"noopener noreferrer\">Juventudes em Movimento<\/a>, realizado em parceria entre o Ra\u00edzes e o Instituto Brasileiro de An\u00e1lises Sociais e Econ\u00f4micas (<a href=\"http:\/\/bit.ly\/2Y6fNAV\" target=\"_blank\" rel=\"noopener noreferrer\">Ibase<\/a>), apresentaram seus trabalhos. Os treze jovens, vindos de bairros de todo o Complexo do Alem\u00e3o, est\u00e3o envolvidos em um projeto de 18 meses dedicado a avaliar e promover o engajamento cidad\u00e3o em suas \u00e1reas.<\/p>\n<p><a href=\"https:\/\/rioonwatch.org.br\/wp-content\/uploads\/2019\/12\/circulando07.jpg\"><img loading=\"lazy\" decoding=\"async\" class=\"aligncenter wp-image-44709 size-medium\" title=\"Edson Gomes, co-fundador da Verdejar, conduziu o f\u00f3rum Vamos Desenrolar da tarde. Foto: Hector Santos\" src=\"https:\/\/rioonwatch.org.br\/wp-content\/uploads\/2019\/12\/circulando07-620x414.jpg\" alt=\"\" width=\"620\" height=\"414\" srcset=\"https:\/\/rioonwatch.org.br\/wp-content\/uploads\/2019\/12\/circulando07-620x414.jpg 620w, https:\/\/rioonwatch.org.br\/wp-content\/uploads\/2019\/12\/circulando07-396x264.jpg 396w, https:\/\/rioonwatch.org.br\/wp-content\/uploads\/2019\/12\/circulando07-768x513.jpg 768w, https:\/\/rioonwatch.org.br\/wp-content\/uploads\/2019\/12\/circulando07.jpg 959w\" sizes=\"(max-width: 620px) 100vw, 620px\" \/><\/a><\/p>\n<p><a href=\"https:\/\/rioonwatch.org.br\/wp-content\/uploads\/2019\/12\/circulando02.jpg\"><img loading=\"lazy\" decoding=\"async\" class=\"aligncenter wp-image-44710 size-medium\" title=\"Os participantes do f\u00f3rum Vamos Desenrolar abordaram t\u00f3picos que v\u00e3o desde conscientiza\u00e7\u00e3o ambiental at\u00e9 seguran\u00e7a alimentar. Foto: Hector Santos\" src=\"https:\/\/rioonwatch.org.br\/wp-content\/uploads\/2019\/12\/circulando02-620x414.jpg\" alt=\"\" width=\"620\" height=\"414\" srcset=\"https:\/\/rioonwatch.org.br\/wp-content\/uploads\/2019\/12\/circulando02-620x414.jpg 620w, https:\/\/rioonwatch.org.br\/wp-content\/uploads\/2019\/12\/circulando02-396x264.jpg 396w, https:\/\/rioonwatch.org.br\/wp-content\/uploads\/2019\/12\/circulando02-768x513.jpg 768w, https:\/\/rioonwatch.org.br\/wp-content\/uploads\/2019\/12\/circulando02.jpg 959w\" sizes=\"(max-width: 620px) 100vw, 620px\" \/><\/a><br \/>\nO evento do dia tamb\u00e9m abrigou uma nova edi\u00e7\u00e3o do f\u00f3rum <a href=\"http:\/\/bit.ly\/2OJlD8m\" target=\"_blank\" rel=\"noopener noreferrer\">Vamos Desenrolar<\/a>, reunindo acad\u00eamicos e lideran\u00e7as no pensamento local em conversas baseadas em solu\u00e7\u00f5es. Os grupos socioambientais locais<i><em>\u2014<\/em><\/i><a href=\"http:\/\/bit.ly\/2YbF1y0\" target=\"_blank\" rel=\"noopener noreferrer\">Verdejar<\/a>, <a href=\"http:\/\/bit.ly\/2OEO7Qy\" target=\"_blank\" rel=\"noopener noreferrer\">Valores da Penha<\/a> e <a href=\"http:\/\/bit.ly\/2OI5Vuc\" target=\"_blank\" rel=\"noopener noreferrer\">Favela Consciente<\/a><i><em>\u2014<\/em><\/i>discutiram medidas para preservar e aumentar o acesso local \u00e0 Serra da Miseric\u00f3rdia, um <a href=\"http:\/\/bit.ly\/2RfGmCj\" target=\"_blank\" rel=\"noopener noreferrer\">maci\u00e7o rochoso<\/a> localizado ao lado do Complexo do Alem\u00e3o e a maior \u00e1rea verde da Zona Norte, historicamente preservada por moradores. Participantes trouxeram d\u00e9cadas de experi\u00eancia no engajamento cidad\u00e3o e na pesquisa acad\u00eamica e alternaram entre t\u00f3picos de justi\u00e7a ambiental, esfor\u00e7os de reflorestamento, acesso \u00e0 nutri\u00e7\u00e3o e agricultura urbana.<\/p>\n<p><a href=\"https:\/\/rioonwatch.org.br\/wp-content\/uploads\/2019\/12\/circulando1.jpg\"><img loading=\"lazy\" decoding=\"async\" class=\"aligncenter wp-image-44715 size-medium\" title=\"Imagem em homenagem ao Zeco do Alem\u00e3o, grafiteiro rec\u00e9m falecido e professor de artes do Complexo do Alem\u00e3o. Foto: Hector Santos\" src=\"https:\/\/rioonwatch.org.br\/wp-content\/uploads\/2019\/12\/circulando1-620x413.jpg\" alt=\"\" width=\"620\" height=\"413\" srcset=\"https:\/\/rioonwatch.org.br\/wp-content\/uploads\/2019\/12\/circulando1-620x413.jpg 620w, https:\/\/rioonwatch.org.br\/wp-content\/uploads\/2019\/12\/circulando1-397x264.jpg 397w, https:\/\/rioonwatch.org.br\/wp-content\/uploads\/2019\/12\/circulando1-768x511.jpg 768w, https:\/\/rioonwatch.org.br\/wp-content\/uploads\/2019\/12\/circulando1.jpg 960w\" sizes=\"(max-width: 620px) 100vw, 620px\" \/><\/a><\/p>\n<p><a href=\"https:\/\/rioonwatch.org.br\/wp-content\/uploads\/2019\/12\/circulando03.jpg\"><img loading=\"lazy\" decoding=\"async\" class=\"aligncenter wp-image-44716 size-medium\" title=\"Jovens aprendizes ajudaram no mutir\u00e3o de grafite do dia. Foto: Hector Santos\" src=\"https:\/\/rioonwatch.org.br\/wp-content\/uploads\/2019\/12\/circulando03-620x414.jpg\" alt=\"\" width=\"620\" height=\"414\" srcset=\"https:\/\/rioonwatch.org.br\/wp-content\/uploads\/2019\/12\/circulando03-620x414.jpg 620w, https:\/\/rioonwatch.org.br\/wp-content\/uploads\/2019\/12\/circulando03-396x264.jpg 396w, https:\/\/rioonwatch.org.br\/wp-content\/uploads\/2019\/12\/circulando03-768x513.jpg 768w, https:\/\/rioonwatch.org.br\/wp-content\/uploads\/2019\/12\/circulando03.jpg 959w\" sizes=\"(max-width: 620px) 100vw, 620px\" \/><\/a><br \/>\nUm mutir\u00e3o de grafite ocorreu em paralelo e grafiteitos juntaram-se a crian\u00e7as para embelezar paredes de concreto ao redor da \u00e1rea. Os artistas prestaram homenagem especial ao grafiteiro Jos\u00e9 Carlos dos Santos, ou Zeco do Alem\u00e3o. O artista e professor de 29 anos faleceu em 19 de novembro.<\/p>\n<p><a href=\"https:\/\/rioonwatch.org.br\/wp-content\/uploads\/2019\/12\/circulando05.jpg\"><img loading=\"lazy\" decoding=\"async\" class=\"aligncenter wp-image-44718 size-medium\" title=\"Veto Martins conduziu as apresenta\u00e7\u00f5es musicais do dia. Foto: Hector Santos\" src=\"https:\/\/rioonwatch.org.br\/wp-content\/uploads\/2019\/12\/circulando05-620x414.jpg\" alt=\"\" width=\"620\" height=\"414\" srcset=\"https:\/\/rioonwatch.org.br\/wp-content\/uploads\/2019\/12\/circulando05-620x414.jpg 620w, https:\/\/rioonwatch.org.br\/wp-content\/uploads\/2019\/12\/circulando05-396x264.jpg 396w, https:\/\/rioonwatch.org.br\/wp-content\/uploads\/2019\/12\/circulando05-768x513.jpg 768w, https:\/\/rioonwatch.org.br\/wp-content\/uploads\/2019\/12\/circulando05.jpg 959w\" sizes=\"(max-width: 620px) 100vw, 620px\" \/><\/a><\/p>\n<p><a href=\"https:\/\/rioonwatch.org.br\/wp-content\/uploads\/2019\/12\/circulando06.jpg\"><img loading=\"lazy\" decoding=\"async\" class=\"aligncenter wp-image-44719 size-medium\" title=\"O bloco Carnaval da Unidos da Grota chegou no fim do dia. Foto: Hector Santos\" src=\"https:\/\/rioonwatch.org.br\/wp-content\/uploads\/2019\/12\/circulando06-620x414.jpg\" alt=\"\" width=\"620\" height=\"414\" srcset=\"https:\/\/rioonwatch.org.br\/wp-content\/uploads\/2019\/12\/circulando06-620x414.jpg 620w, https:\/\/rioonwatch.org.br\/wp-content\/uploads\/2019\/12\/circulando06-396x264.jpg 396w, https:\/\/rioonwatch.org.br\/wp-content\/uploads\/2019\/12\/circulando06-768x513.jpg 768w, https:\/\/rioonwatch.org.br\/wp-content\/uploads\/2019\/12\/circulando06.jpg 959w\" sizes=\"(max-width: 620px) 100vw, 620px\" \/><\/a><\/p>\n<p>Quando o dia virou noite, a m\u00fasica assumiu o controle. <a href=\"http:\/\/bit.ly\/34JCL3w\" target=\"_blank\" rel=\"noopener noreferrer\">Veto Martins<\/a> primeiro encantou a plat\u00e9ia com uma mistura de funk e soul ao som do viol\u00e3o de Bruno Coutinho. Mais tarde, o Bloco de Carnaval Unidos da Grota aumentou o volume, com seus tambores ecoando nos morros do Alem\u00e3o.<\/p>\n<p><em>Todas as fotos por Hector Santos. Instagram: <a href=\"http:\/\/bit.ly\/2LdycGH\" target=\"_blank\" rel=\"noopener noreferrer\">@hectorsantosfoto<\/a><\/em><\/p>\n<hr \/>\n<h4>Apoie o jornalismo hiperlocal, cr\u00edtico, inovador e incans\u00e1vel do <em>RioOnWatch<\/em>. #QueroReportagensSobreFavelas\u2014<a href=\"http:\/\/bit.ly\/CatalisandoComunidades\">doe aqui<\/a>.<\/h4>\n<h4>Como uma iniciativa sem fins lucrativos, estamos realizando uma campanha de capta\u00e7\u00e3o de recursos durante o m\u00eas de dezembro para garantir a continua\u00e7\u00e3o do nosso trabalho cobrindo not\u00edcias das favelas. Contamos com leitores como voc\u00ea para garantir a desconstru\u00e7\u00e3o cont\u00ednua da narrativa estigmatizante em torno das favelas por meio de not\u00edcias que mostram seu potencial.<\/h4>\n<h4>#T\u00f4ComAsFavelas e <a href=\"http:\/\/bit.ly\/CatalisandoComunidades\">vou doar<\/a>.<\/h4>\n<!-- AddThis Advanced Settings generic via filter on the_content --><!-- AddThis Share Buttons generic via filter on the_content -->","protected":false},"excerpt":{"rendered":"<div class=\"mh-excerpt\"><p>Click Here for English O sol brilhou nos morros do Complexo do Alem\u00e3o, no s\u00e1bado, 30 de novembro, pondo fim a uma semana de chuva no conjunto de favelas da Zona Norte, e assim lideran\u00e7as <a class=\"mh-excerpt-more\" href=\"https:\/\/rioonwatch.org.br\/?p=44700\" title=\"15\u00ba Anual &#8216;Circulando&#8217; no Complexo do Alem\u00e3o Re\u00fane Lideran\u00e7as Locais, Jovens e Crian\u00e7as [IMAGENS]\">[&#8230;]<\/a><!-- AddThis Advanced Settings generic via filter on get_the_excerpt --><!-- AddThis Share Buttons generic via filter on get_the_excerpt --><\/p>\n<\/div>","protected":false},"author":129,"featured_media":44702,"comment_status":"closed","ping_status":"closed","sticky":false,"template":"","format":"standard","meta":{"_acf_changed":false,"_monsterinsights_skip_tracking":false,"_monsterinsights_sitenote_active":false,"_monsterinsights_sitenote_note":"","_monsterinsights_sitenote_category":0,"footnotes":""},"categories":[1621,1627,1615,1633,1612,342],"tags":[334,214,948,217,502,1314,1182,490,1418,1817,113,106,1183,276,358,498,102,1517,650,295,1109,380,262,429,218],"writer":[2249,2723],"translator":[273],"source":[],"ilustrador":[],"fotografo":[],"class_list":{"0":"post-44700","1":"post","2":"type-post","3":"status-publish","4":"format-standard","5":"has-post-thumbnail","7":"category-destaque","8":"category-relato-de-evento","9":"category-cultura-da-favela","10":"category-foto-reportagens","11":"category-sociedade-civil","12":"category-solucoes","13":"tag-arte","14":"tag-carnaval","15":"tag-coletivo","16":"tag-complexo-do-alemao","17":"tag-funk","18":"tag-grafite","19":"tag-grota","20":"tag-ibase","21":"tag-coletivo-papo-reto","22":"tag-justica-global","23":"tag-juventude","24":"tag-meio-ambiente","25":"tag-morro-do-alemao","26":"tag-mutirao","27":"tag-organizacao-comunitaria","28":"tag-penha","29":"tag-poesia","30":"tag-raizes-em-movimento","31":"tag-samba","32":"tag-serra-da-misericordia","33":"tag-sociedade-civil","34":"tag-solidariedade","35":"tag-teleferico","36":"tag-verdejar","37":"tag-zona-norte","38":"writer-edmund-ruge","39":"writer-hector-santos","40":"translator-roseli-franco"},"acf":[],"yoast_head":"<!-- This site is optimized with the Yoast SEO plugin v25.6 - https:\/\/yoast.com\/wordpress\/plugins\/seo\/ -->\n<title>15\u00ba Anual &#039;Circulando&#039; no Complexo do Alem\u00e3o Re\u00fane Lideran\u00e7as Locais, Jovens e Crian\u00e7as [IMAGENS] - RioOnWatch<\/title>\n<meta name=\"robots\" content=\"index, follow, max-snippet:-1, max-image-preview:large, max-video-preview:-1\" \/>\n<link rel=\"canonical\" href=\"https:\/\/rioonwatch.org.br\/?p=44700\" \/>\n<meta property=\"og:locale\" content=\"pt_BR\" \/>\n<meta property=\"og:type\" content=\"article\" \/>\n<meta property=\"og:title\" content=\"15\u00ba Anual &#039;Circulando&#039; no Complexo do Alem\u00e3o Re\u00fane Lideran\u00e7as Locais, Jovens e Crian\u00e7as [IMAGENS] - RioOnWatch\" \/>\n<meta property=\"og:description\" content=\"Click Here for English O sol brilhou nos morros do Complexo do Alem\u00e3o, no s\u00e1bado, 30 de novembro, pondo fim a uma semana de chuva no conjunto de favelas da Zona Norte, e assim lideran\u00e7as [...]\" \/>\n<meta property=\"og:url\" content=\"https:\/\/rioonwatch.org.br\/?p=44700\" \/>\n<meta property=\"og:site_name\" content=\"RioOnWatch\" \/>\n<meta property=\"article:published_time\" content=\"2019-12-04T13:13:52+00:00\" \/>\n<meta property=\"article:modified_time\" content=\"2019-12-09T17:35:16+00:00\" \/>\n<meta property=\"og:image\" content=\"https:\/\/rioonwatch.org.br\/wp-content\/uploads\/2019\/12\/circulando14.jpg\" \/>\n\t<meta property=\"og:image:width\" content=\"960\" \/>\n\t<meta property=\"og:image:height\" content=\"639\" \/>\n\t<meta property=\"og:image:type\" content=\"image\/jpeg\" \/>\n<meta name=\"author\" content=\"Admin\" \/>\n<meta name=\"twitter:card\" content=\"summary_large_image\" \/>\n<meta name=\"twitter:label1\" content=\"Escrito por\" \/>\n\t<meta name=\"twitter:data1\" content=\"Admin\" \/>\n\t<meta name=\"twitter:label2\" content=\"Est. tempo de leitura\" \/>\n\t<meta name=\"twitter:data2\" content=\"3 minutos\" \/>\n<script type=\"application\/ld+json\" class=\"yoast-schema-graph\">{\"@context\":\"https:\/\/schema.org\",\"@graph\":[{\"@type\":\"Article\",\"@id\":\"https:\/\/rioonwatch.org.br\/?p=44700#article\",\"isPartOf\":{\"@id\":\"https:\/\/rioonwatch.org.br\/?p=44700\"},\"author\":{\"name\":\"Admin\",\"@id\":\"https:\/\/rioonwatch.org.br\/#\/schema\/person\/11d64c290506f9df50c71b850c473f68\"},\"headline\":\"15\u00ba Anual &#8216;Circulando&#8217; no Complexo do Alem\u00e3o Re\u00fane Lideran\u00e7as Locais, Jovens e Crian\u00e7as [IMAGENS]\",\"datePublished\":\"2019-12-04T13:13:52+00:00\",\"dateModified\":\"2019-12-09T17:35:16+00:00\",\"mainEntityOfPage\":{\"@id\":\"https:\/\/rioonwatch.org.br\/?p=44700\"},\"wordCount\":650,\"publisher\":{\"@id\":\"https:\/\/rioonwatch.org.br\/#organization\"},\"image\":{\"@id\":\"https:\/\/rioonwatch.org.br\/?p=44700#primaryimage\"},\"thumbnailUrl\":\"https:\/\/rioonwatch.org.br\/wp-content\/uploads\/2019\/12\/circulando14.jpg\",\"keywords\":[\"arte\",\"carnaval\",\"coletivo\",\"Complexo do Alem\u00e3o\",\"funk\",\"grafite\",\"Grota\",\"iBase\",\"Instituto Papo Reto\",\"Justi\u00e7a Global\",\"juventude\",\"meio ambiente\",\"Morro do Alem\u00e3o\",\"mutir\u00e3o\",\"organiza\u00e7\u00e3o comunit\u00e1ria\",\"Penha\",\"poesia\",\"Ra\u00edzes em Movimento\",\"samba\",\"Serra da Miseric\u00f3rdia\",\"sociedade civil\",\"solidariedade\",\"telef\u00e9rico\",\"Verdejar\",\"Zona Norte\"],\"articleSection\":[\"*Destaque\",\"Cobertura de Eventos\",\"Cultura da Favela\",\"Fotorreportagens\",\"Sociedade Civil\",\"Solu\u00e7\u00f5es\"],\"inLanguage\":\"pt-BR\"},{\"@type\":\"WebPage\",\"@id\":\"https:\/\/rioonwatch.org.br\/?p=44700\",\"url\":\"https:\/\/rioonwatch.org.br\/?p=44700\",\"name\":\"15\u00ba Anual 'Circulando' no Complexo do Alem\u00e3o Re\u00fane Lideran\u00e7as Locais, Jovens e Crian\u00e7as [IMAGENS] - RioOnWatch\",\"isPartOf\":{\"@id\":\"https:\/\/rioonwatch.org.br\/#website\"},\"primaryImageOfPage\":{\"@id\":\"https:\/\/rioonwatch.org.br\/?p=44700#primaryimage\"},\"image\":{\"@id\":\"https:\/\/rioonwatch.org.br\/?p=44700#primaryimage\"},\"thumbnailUrl\":\"https:\/\/rioonwatch.org.br\/wp-content\/uploads\/2019\/12\/circulando14.jpg\",\"datePublished\":\"2019-12-04T13:13:52+00:00\",\"dateModified\":\"2019-12-09T17:35:16+00:00\",\"breadcrumb\":{\"@id\":\"https:\/\/rioonwatch.org.br\/?p=44700#breadcrumb\"},\"inLanguage\":\"pt-BR\",\"potentialAction\":[{\"@type\":\"ReadAction\",\"target\":[\"https:\/\/rioonwatch.org.br\/?p=44700\"]}]},{\"@type\":\"ImageObject\",\"inLanguage\":\"pt-BR\",\"@id\":\"https:\/\/rioonwatch.org.br\/?p=44700#primaryimage\",\"url\":\"https:\/\/rioonwatch.org.br\/wp-content\/uploads\/2019\/12\/circulando14.jpg\",\"contentUrl\":\"https:\/\/rioonwatch.org.br\/wp-content\/uploads\/2019\/12\/circulando14.jpg\",\"width\":960,\"height\":639},{\"@type\":\"BreadcrumbList\",\"@id\":\"https:\/\/rioonwatch.org.br\/?p=44700#breadcrumb\",\"itemListElement\":[{\"@type\":\"ListItem\",\"position\":1,\"name\":\"In\u00edcio\",\"item\":\"https:\/\/rioonwatch.org.br\/\"},{\"@type\":\"ListItem\",\"position\":2,\"name\":\"15\u00ba Anual &#8216;Circulando&#8217; no Complexo do Alem\u00e3o Re\u00fane Lideran\u00e7as Locais, Jovens e Crian\u00e7as [IMAGENS]\"}]},{\"@type\":\"WebSite\",\"@id\":\"https:\/\/rioonwatch.org.br\/#website\",\"url\":\"https:\/\/rioonwatch.org.br\/\",\"name\":\"RioOnWatch\",\"description\":\"relatos das favelas cariocas\",\"publisher\":{\"@id\":\"https:\/\/rioonwatch.org.br\/#organization\"},\"potentialAction\":[{\"@type\":\"SearchAction\",\"target\":{\"@type\":\"EntryPoint\",\"urlTemplate\":\"https:\/\/rioonwatch.org.br\/?s={search_term_string}\"},\"query-input\":{\"@type\":\"PropertyValueSpecification\",\"valueRequired\":true,\"valueName\":\"search_term_string\"}}],\"inLanguage\":\"pt-BR\"},{\"@type\":\"Organization\",\"@id\":\"https:\/\/rioonwatch.org.br\/#organization\",\"name\":\"RioOnWatch\",\"url\":\"https:\/\/rioonwatch.org.br\/\",\"logo\":{\"@type\":\"ImageObject\",\"inLanguage\":\"pt-BR\",\"@id\":\"https:\/\/rioonwatch.org.br\/#\/schema\/logo\/image\/\",\"url\":\"https:\/\/rioonwatch.org.br\/wp-content\/uploads\/2021\/06\/RioOnWatchcabecalhoPT11anos-2.png\",\"contentUrl\":\"https:\/\/rioonwatch.org.br\/wp-content\/uploads\/2021\/06\/RioOnWatchcabecalhoPT11anos-2.png\",\"width\":779,\"height\":277,\"caption\":\"RioOnWatch\"},\"image\":{\"@id\":\"https:\/\/rioonwatch.org.br\/#\/schema\/logo\/image\/\"}},{\"@type\":\"Person\",\"@id\":\"https:\/\/rioonwatch.org.br\/#\/schema\/person\/11d64c290506f9df50c71b850c473f68\",\"name\":\"Admin\",\"image\":{\"@type\":\"ImageObject\",\"inLanguage\":\"pt-BR\",\"@id\":\"https:\/\/rioonwatch.org.br\/#\/schema\/person\/image\/\",\"url\":\"https:\/\/secure.gravatar.com\/avatar\/56211ac74568383903349a1485e3c325?s=96&d=blank&r=g\",\"contentUrl\":\"https:\/\/secure.gravatar.com\/avatar\/56211ac74568383903349a1485e3c325?s=96&d=blank&r=g\",\"caption\":\"Admin\"},\"url\":\"https:\/\/rioonwatch.org.br\/?author=129\"}]}<\/script>\n<!-- \/ Yoast SEO plugin. -->","yoast_head_json":{"title":"15\u00ba Anual 'Circulando' no Complexo do Alem\u00e3o Re\u00fane Lideran\u00e7as Locais, Jovens e Crian\u00e7as [IMAGENS] - RioOnWatch","robots":{"index":"index","follow":"follow","max-snippet":"max-snippet:-1","max-image-preview":"max-image-preview:large","max-video-preview":"max-video-preview:-1"},"canonical":"https:\/\/rioonwatch.org.br\/?p=44700","og_locale":"pt_BR","og_type":"article","og_title":"15\u00ba Anual 'Circulando' no Complexo do Alem\u00e3o Re\u00fane Lideran\u00e7as Locais, Jovens e Crian\u00e7as [IMAGENS] - RioOnWatch","og_description":"Click Here for English O sol brilhou nos morros do Complexo do Alem\u00e3o, no s\u00e1bado, 30 de novembro, pondo fim a uma semana de chuva no conjunto de favelas da Zona Norte, e assim lideran\u00e7as [...]","og_url":"https:\/\/rioonwatch.org.br\/?p=44700","og_site_name":"RioOnWatch","article_published_time":"2019-12-04T13:13:52+00:00","article_modified_time":"2019-12-09T17:35:16+00:00","og_image":[{"width":960,"height":639,"url":"https:\/\/rioonwatch.org.br\/wp-content\/uploads\/2019\/12\/circulando14.jpg","type":"image\/jpeg"}],"author":"Admin","twitter_card":"summary_large_image","twitter_misc":{"Escrito por":"Admin","Est. tempo de leitura":"3 minutos"},"schema":{"@context":"https:\/\/schema.org","@graph":[{"@type":"Article","@id":"https:\/\/rioonwatch.org.br\/?p=44700#article","isPartOf":{"@id":"https:\/\/rioonwatch.org.br\/?p=44700"},"author":{"name":"Admin","@id":"https:\/\/rioonwatch.org.br\/#\/schema\/person\/11d64c290506f9df50c71b850c473f68"},"headline":"15\u00ba Anual &#8216;Circulando&#8217; no Complexo do Alem\u00e3o Re\u00fane Lideran\u00e7as Locais, Jovens e Crian\u00e7as [IMAGENS]","datePublished":"2019-12-04T13:13:52+00:00","dateModified":"2019-12-09T17:35:16+00:00","mainEntityOfPage":{"@id":"https:\/\/rioonwatch.org.br\/?p=44700"},"wordCount":650,"publisher":{"@id":"https:\/\/rioonwatch.org.br\/#organization"},"image":{"@id":"https:\/\/rioonwatch.org.br\/?p=44700#primaryimage"},"thumbnailUrl":"https:\/\/rioonwatch.org.br\/wp-content\/uploads\/2019\/12\/circulando14.jpg","keywords":["arte","carnaval","coletivo","Complexo do Alem\u00e3o","funk","grafite","Grota","iBase","Instituto Papo Reto","Justi\u00e7a Global","juventude","meio ambiente","Morro do Alem\u00e3o","mutir\u00e3o","organiza\u00e7\u00e3o comunit\u00e1ria","Penha","poesia","Ra\u00edzes em Movimento","samba","Serra da Miseric\u00f3rdia","sociedade civil","solidariedade","telef\u00e9rico","Verdejar","Zona Norte"],"articleSection":["*Destaque","Cobertura de Eventos","Cultura da Favela","Fotorreportagens","Sociedade Civil","Solu\u00e7\u00f5es"],"inLanguage":"pt-BR"},{"@type":"WebPage","@id":"https:\/\/rioonwatch.org.br\/?p=44700","url":"https:\/\/rioonwatch.org.br\/?p=44700","name":"15\u00ba Anual 'Circulando' no Complexo do Alem\u00e3o Re\u00fane Lideran\u00e7as Locais, Jovens e Crian\u00e7as [IMAGENS] - RioOnWatch","isPartOf":{"@id":"https:\/\/rioonwatch.org.br\/#website"},"primaryImageOfPage":{"@id":"https:\/\/rioonwatch.org.br\/?p=44700#primaryimage"},"image":{"@id":"https:\/\/rioonwatch.org.br\/?p=44700#primaryimage"},"thumbnailUrl":"https:\/\/rioonwatch.org.br\/wp-content\/uploads\/2019\/12\/circulando14.jpg","datePublished":"2019-12-04T13:13:52+00:00","dateModified":"2019-12-09T17:35:16+00:00","breadcrumb":{"@id":"https:\/\/rioonwatch.org.br\/?p=44700#breadcrumb"},"inLanguage":"pt-BR","potentialAction":[{"@type":"ReadAction","target":["https:\/\/rioonwatch.org.br\/?p=44700"]}]},{"@type":"ImageObject","inLanguage":"pt-BR","@id":"https:\/\/rioonwatch.org.br\/?p=44700#primaryimage","url":"https:\/\/rioonwatch.org.br\/wp-content\/uploads\/2019\/12\/circulando14.jpg","contentUrl":"https:\/\/rioonwatch.org.br\/wp-content\/uploads\/2019\/12\/circulando14.jpg","width":960,"height":639},{"@type":"BreadcrumbList","@id":"https:\/\/rioonwatch.org.br\/?p=44700#breadcrumb","itemListElement":[{"@type":"ListItem","position":1,"name":"In\u00edcio","item":"https:\/\/rioonwatch.org.br\/"},{"@type":"ListItem","position":2,"name":"15\u00ba Anual &#8216;Circulando&#8217; no Complexo do Alem\u00e3o Re\u00fane Lideran\u00e7as Locais, Jovens e Crian\u00e7as [IMAGENS]"}]},{"@type":"WebSite","@id":"https:\/\/rioonwatch.org.br\/#website","url":"https:\/\/rioonwatch.org.br\/","name":"RioOnWatch","description":"relatos das favelas cariocas","publisher":{"@id":"https:\/\/rioonwatch.org.br\/#organization"},"potentialAction":[{"@type":"SearchAction","target":{"@type":"EntryPoint","urlTemplate":"https:\/\/rioonwatch.org.br\/?s={search_term_string}"},"query-input":{"@type":"PropertyValueSpecification","valueRequired":true,"valueName":"search_term_string"}}],"inLanguage":"pt-BR"},{"@type":"Organization","@id":"https:\/\/rioonwatch.org.br\/#organization","name":"RioOnWatch","url":"https:\/\/rioonwatch.org.br\/","logo":{"@type":"ImageObject","inLanguage":"pt-BR","@id":"https:\/\/rioonwatch.org.br\/#\/schema\/logo\/image\/","url":"https:\/\/rioonwatch.org.br\/wp-content\/uploads\/2021\/06\/RioOnWatchcabecalhoPT11anos-2.png","contentUrl":"https:\/\/rioonwatch.org.br\/wp-content\/uploads\/2021\/06\/RioOnWatchcabecalhoPT11anos-2.png","width":779,"height":277,"caption":"RioOnWatch"},"image":{"@id":"https:\/\/rioonwatch.org.br\/#\/schema\/logo\/image\/"}},{"@type":"Person","@id":"https:\/\/rioonwatch.org.br\/#\/schema\/person\/11d64c290506f9df50c71b850c473f68","name":"Admin","image":{"@type":"ImageObject","inLanguage":"pt-BR","@id":"https:\/\/rioonwatch.org.br\/#\/schema\/person\/image\/","url":"https:\/\/secure.gravatar.com\/avatar\/56211ac74568383903349a1485e3c325?s=96&d=blank&r=g","contentUrl":"https:\/\/secure.gravatar.com\/avatar\/56211ac74568383903349a1485e3c325?s=96&d=blank&r=g","caption":"Admin"},"url":"https:\/\/rioonwatch.org.br\/?author=129"}]}},"_links":{"self":[{"href":"https:\/\/rioonwatch.org.br\/index.php?rest_route=\/wp\/v2\/posts\/44700"}],"collection":[{"href":"https:\/\/rioonwatch.org.br\/index.php?rest_route=\/wp\/v2\/posts"}],"about":[{"href":"https:\/\/rioonwatch.org.br\/index.php?rest_route=\/wp\/v2\/types\/post"}],"author":[{"embeddable":true,"href":"https:\/\/rioonwatch.org.br\/index.php?rest_route=\/wp\/v2\/users\/129"}],"replies":[{"embeddable":true,"href":"https:\/\/rioonwatch.org.br\/index.php?rest_route=%2Fwp%2Fv2%2Fcomments&post=44700"}],"version-history":[{"count":18,"href":"https:\/\/rioonwatch.org.br\/index.php?rest_route=\/wp\/v2\/posts\/44700\/revisions"}],"predecessor-version":[{"id":44727,"href":"https:\/\/rioonwatch.org.br\/index.php?rest_route=\/wp\/v2\/posts\/44700\/revisions\/44727"}],"wp:featuredmedia":[{"embeddable":true,"href":"https:\/\/rioonwatch.org.br\/index.php?rest_route=\/wp\/v2\/media\/44702"}],"wp:attachment":[{"href":"https:\/\/rioonwatch.org.br\/index.php?rest_route=%2Fwp%2Fv2%2Fmedia&parent=44700"}],"wp:term":[{"taxonomy":"category","embeddable":true,"href":"https:\/\/rioonwatch.org.br\/index.php?rest_route=%2Fwp%2Fv2%2Fcategories&post=44700"},{"taxonomy":"post_tag","embeddable":true,"href":"https:\/\/rioonwatch.org.br\/index.php?rest_route=%2Fwp%2Fv2%2Ftags&post=44700"},{"taxonomy":"writer","embeddable":true,"href":"https:\/\/rioonwatch.org.br\/index.php?rest_route=%2Fwp%2Fv2%2Fwriter&post=44700"},{"taxonomy":"translator","embeddable":true,"href":"https:\/\/rioonwatch.org.br\/index.php?rest_route=%2Fwp%2Fv2%2Ftranslator&post=44700"},{"taxonomy":"source","embeddable":true,"href":"https:\/\/rioonwatch.org.br\/index.php?rest_route=%2Fwp%2Fv2%2Fsource&post=44700"},{"taxonomy":"ilustrador","embeddable":true,"href":"https:\/\/rioonwatch.org.br\/index.php?rest_route=%2Fwp%2Fv2%2Filustrador&post=44700"},{"taxonomy":"fotografo","embeddable":true,"href":"https:\/\/rioonwatch.org.br\/index.php?rest_route=%2Fwp%2Fv2%2Ffotografo&post=44700"}],"curies":[{"name":"wp","href":"https:\/\/api.w.org\/{rel}","templated":true}]}}