{"id":44800,"date":"2019-12-23T01:07:52","date_gmt":"2019-12-23T04:07:52","guid":{"rendered":"https:\/\/rioonwatch.org.br\/?p=44800"},"modified":"2019-12-28T14:53:53","modified_gmt":"2019-12-28T17:53:53","slug":"porto-maravilha-o-maior-projeto-de-revitalizacao-urbana-do-rio-10-anos-depois","status":"publish","type":"post","link":"https:\/\/rioonwatch.org.br\/?p=44800","title":{"rendered":"&#8216;Porto Maravilha&#8217;, O Maior Projeto de Revitaliza\u00e7\u00e3o Urbana do Rio, 10 Anos Depois"},"content":{"rendered":"<p style=\"text-align: right;\"><em><strong><a href=\"http:\/\/bit.ly\/35nVEZR\" target=\"_blank\" rel=\"noopener noreferrer\">Click Here for English<\/a><a href=\"http:\/\/bit.ly\/35nVEZR\" target=\"_blank\" rel=\"noopener noreferrer\"><img decoding=\"async\" width=\"20\" height=\"20\" class=\"alignright wp-image-15790\" src=\"http:\/\/rioonwatch.org.br\/wp-content\/uploads\/2012\/08\/EN-standard-e1439583104716.jpg\" \/><\/a><\/strong><\/em><\/p>\n<p>Lan\u00e7ado em 2009, antes dos <a href=\"http:\/\/bit.ly\/2x1r6O2\" target=\"_blank\" rel=\"noopener noreferrer\">Jogos Ol\u00edmpicos de 2016<\/a>, o <a href=\"http:\/\/bit.ly\/3827GtE\" target=\"_blank\" rel=\"noopener noreferrer\">Porto Maravilha<\/a> \u00e9 o maior projeto carioca de revitaliza\u00e7\u00e3o urbana das \u00faltima d\u00e9cadas. Descrito como uma oportunidade de transformar a antiga <a href=\"http:\/\/bit.ly\/2Mt5Kno\" target=\"_blank\" rel=\"noopener noreferrer\">Regi\u00e3o Portu\u00e1ria<\/a> da cidade em um polo comercial pr\u00f3spero e um ponto tur\u00edstico importante, o projeto foi firmado para \u201cgarantir que a popula\u00e7\u00e3o se beneficie da requalifica\u00e7\u00e3o para melhorar sua qualidade de vida sem sair da \u00e1rea\u201d, <a href=\"http:\/\/bit.ly\/33Aox4f\">de acordo com o site oficial do Porto Maravilha.<\/a> A lei complementar que instituiu o projeto (<a href=\"http:\/\/bit.ly\/2Csnpnz\">Lei Municipal 101\/2009<\/a>) requeria que o governo implementasse a\u00e7\u00f5es que promovessem desenvolvimento social e econ\u00f4mico para a popula\u00e7\u00e3o local. O projeto foi marcado, por\u00e9m, por tentativas de remo\u00e7\u00f5es, falta de transpar\u00eancia, mau uso das verbas p\u00fablicas, e ficou incompleto.<\/p>\n<p>Uma das cr\u00edticas foi que o projeto nunca buscou garantir o <a href=\"http:\/\/bit.ly\/GRb6lx\" target=\"_blank\" rel=\"noopener noreferrer\">direito \u00e0 cidade<\/a> para os moradores existentes na regi\u00e3o. \u201cO Porto n\u00e3o era um projeto que queria inserir habita\u00e7\u00e3o de interesse social. Ele tinha, muito objetivamente, interesse de proporcionar habita\u00e7\u00e3o para uma outra faixa de renda acima de dois, tr\u00eas sal\u00e1rios m\u00ednimos\u201d, explica <a href=\"http:\/\/bit.ly\/35f7aaw\" target=\"_blank\" rel=\"noopener noreferrer\">Tain\u00e1 de Paula<\/a>, arquiteta, urbanista e especialista em patrim\u00f4nio cultural.<\/p>\n<p>O projeto \u00e9 uma amostra emblem\u00e1tica do embranquecimento da hist\u00f3ria do negro no Brasil e das a\u00e7\u00f5es para tornar invis\u00edvel a popula\u00e7\u00e3o de baixa renda do Rio. <a href=\"http:\/\/bit.ly\/29y4HuI\" target=\"_blank\" rel=\"noopener noreferrer\">Outrora o maior porto de tr\u00e1fico negreiro do mundo<\/a>, a regi\u00e3o portu\u00e1ria \u00e9 o local que abriga a primeira favela do Rio, o <a href=\"http:\/\/bit.ly\/2KUZXFB\" target=\"_blank\" rel=\"noopener noreferrer\">Morro da Provid\u00eancia,<\/a> e a <a href=\"http:\/\/bit.ly\/29y4HuI\" target=\"_blank\" rel=\"noopener noreferrer\">Pequena \u00c1frica,<\/a> um centro cultural para a comunidade afro-brasileira e local de origem de diversos quilombos urbanos. Hoje a \u00e1rea abriga cerca de 30.000 moradores, a maior parte deles da classe trabalhadora que vive em pr\u00e9dios, corti\u00e7os e favelas como o Morro da Provid\u00eancia e sua micro \u00e1rea <a href=\"http:\/\/bit.ly\/35dVlAO\" target=\"_blank\" rel=\"noopener noreferrer\">Pedra Lisa<\/a>, ou Morro do Pinto. O projeto do Porto Maravilha constitui uma das maiores <a href=\"http:\/\/bit.ly\/1Rq1j7H\" target=\"_blank\" rel=\"noopener noreferrer\">parcerias p\u00fablico-privadas<\/a> do Brasil. At\u00e9 o momento, o Porto Maravilha custou mais de <a href=\"https:\/\/glo.bo\/2CshUVV\">R$8 bilh\u00f5es<\/a>.<\/p>\n<p><a href=\"https:\/\/rioonwatch.org.br\/wp-content\/uploads\/2019\/12\/porto.jpeg\"><img fetchpriority=\"high\" decoding=\"async\" class=\"aligncenter wp-image-44802 size-content\" title=\"Morro da Provid\u00eancia\" src=\"https:\/\/rioonwatch.org.br\/wp-content\/uploads\/2019\/12\/porto-620x264.jpeg\" alt=\"\" width=\"620\" height=\"264\" srcset=\"https:\/\/rioonwatch.org.br\/wp-content\/uploads\/2019\/12\/porto-620x264.jpeg 620w, https:\/\/rioonwatch.org.br\/wp-content\/uploads\/2019\/12\/porto-940x400.jpeg 940w\" sizes=\"(max-width: 620px) 100vw, 620px\" \/><\/a><\/p>\n<p>Nos primeiros anos do projeto, empreiteiras compraram terrenos baratos pois a Regi\u00e3o Portu\u00e1ria era <a href=\"http:\/\/bit.ly\/2qHkjJu\">caracterizada como<\/a> estando em ru\u00ednas e sendo violenta. Apesar da <a href=\"http:\/\/bit.ly\/2XeWzZG\" target=\"_blank\" rel=\"noopener noreferrer\">legisla\u00e7\u00e3o que obriga<\/a> as autoridades a priorizar o uso de terrenos p\u00fablicos para habita\u00e7\u00e3o social, a maioria dos novos empreendimentos em terrenos da regi\u00e3o que antes eram p\u00fablicos <a href=\"http:\/\/bit.ly\/37dn5qP\">\u00e9 de natureza comercial<\/a>. O desenvolvimento da regi\u00e3o \u00e9 <a href=\"http:\/\/bit.ly\/2CEE7Qs\" target=\"_blank\" rel=\"noopener noreferrer\">atualmente supervisionado pelas gigantes<\/a> da constru\u00e7\u00e3o OAS, Odebrecht Infraestrutura e Carioca Engenharia. Em entrevista para o <em>Brasil de Fato<\/em>, o Vereador Tarc\u00edsio Motta <a href=\"http:\/\/bit.ly\/2qHkjJu\">explicou<\/a>: \u201cO Porto Maravilha \u00e9 um s\u00edmbolo dessa cidade privatizada, que est\u00e1 preocupada em gerar lucros e n\u00e3o garantir os direitos das pessoas\u201d.<\/p>\n<p>O empreendimento foi <a href=\"http:\/\/bit.ly\/10p4zXI\" target=\"_blank\" rel=\"noopener noreferrer\">criticado repetidamente<\/a> por urbanistas e moradores da regi\u00e3o por n\u00e3o incluir moradias populares, <a href=\"http:\/\/bit.ly\/1Nduyao\" target=\"_blank\" rel=\"noopener noreferrer\">apesar das expectativas anteriores<\/a>. Em 2015, o ent\u00e3o Ministro das Cidades Giberto Kassab, pressionado, obrigou a Prefeitura do Rio a criar um plano de moradias populares para o Porto para receber um fundo cont\u00ednuo. Embora <a href=\"http:\/\/bit.ly\/1UXCal4\" target=\"_blank\" rel=\"noopener noreferrer\">reuni\u00f5es p\u00fablicas tenham ocorrido<\/a> e o texto para o plano de moradias populares tenha sido rascunhado, o plano nunca foi implementado. \u201cTodo o processo de tentativa, tanto de participa\u00e7\u00e3o quanto de constru\u00e7\u00e3o, e uma agenda de habita\u00e7\u00e3o de\u00a0 interesse social no Porto n\u00e3o era de fato realidade\u201d, disse Tain\u00e1.<\/p>\n<p>Recursos originalmente destinados para obras em favelas do local durante a administra\u00e7\u00e3o de Eduardo Paes (2010-2016), tais como os R$112,3 milh\u00f5es inicialmente reservados para o Morro do Pinto, foram <a href=\"http:\/\/bit.ly\/2rKqMUH\">redirecionados para a constru\u00e7\u00e3o do Museu do Amanh\u00e3<\/a>. Sob o governo do atual prefeito, Marcello Crivella, 75% dos recursos totais investidos em cultura na regi\u00e3o foi destinado somente a duas iniciativas focadas no turismo, o Museu do Amanh\u00e3 e o <a href=\"http:\/\/bit.ly\/2MWMfEe\" target=\"_blank\" rel=\"noopener noreferrer\">Museu de Arte do Rio<\/a> que, combinados, custaram <a href=\"http:\/\/bit.ly\/2K3bwIT\">R$686 milh\u00f5es aos cofres p\u00fablicos<\/a>.<\/p>\n<p><a href=\"https:\/\/rioonwatch.org.br\/wp-content\/uploads\/2019\/12\/museu-do-amanh\u00e3.jpg\"><img decoding=\"async\" class=\"aligncenter wp-image-44803 size-content\" title=\"Pra\u00e7a Mau\u00e1, parte do projeto de regenera\u00e7\u00e3o do Porto Maravilha. Foto: Beth Santos\/ GERJ\" src=\"https:\/\/rioonwatch.org.br\/wp-content\/uploads\/2019\/12\/museu-do-amanh\u00e3-620x264.jpg\" alt=\"\" width=\"620\" height=\"264\" srcset=\"https:\/\/rioonwatch.org.br\/wp-content\/uploads\/2019\/12\/museu-do-amanh\u00e3-620x264.jpg 620w, https:\/\/rioonwatch.org.br\/wp-content\/uploads\/2019\/12\/museu-do-amanh\u00e3-940x400.jpg 940w\" sizes=\"(max-width: 620px) 100vw, 620px\" \/><\/a><\/p>\n<p>Sob o\u00a0<a href=\"http:\/\/bit.ly\/2tPJMzV\" target=\"_blank\" rel=\"noopener noreferrer\">Plano Estrat\u00e9gico 2017-2020 para a cidade do Rio<\/a>, Crivella listou duas a\u00e7\u00f5es planejadas para a revitaliza\u00e7\u00e3o de habita\u00e7\u00f5es populares na regi\u00e3o do Porto. Em primeiro lugar, a aquisi\u00e7\u00e3o de 20.000 unidades de habita\u00e7\u00e3o social at\u00e9 2020 e, em segundo, um aumento geral na habita\u00e7\u00e3o da regi\u00e3o, pela implementa\u00e7\u00e3o do Plano de Habita\u00e7\u00e3o de Interesse Social do Porto, que inclui a constru\u00e7\u00e3o de casas, pagamento de aluguel social e regulariza\u00e7\u00e3o de propriedades. Faltando menos de um ano para cumprir seu primeiro mandato, parece pouco prov\u00e1vel que Crivella conseguir\u00e1 cumprir esses compromissos.<\/p>\n<p><a href=\"https:\/\/rioonwatch.org.br\/wp-content\/uploads\/2019\/12\/teleferico.jpg\"><img loading=\"lazy\" decoding=\"async\" class=\"aligncenter wp-image-44804 size-content\" title=\"Telef\u00e9rico da Provid\u00eancia em 2014\" src=\"https:\/\/rioonwatch.org.br\/wp-content\/uploads\/2019\/12\/teleferico-620x264.jpg\" alt=\"\" width=\"620\" height=\"264\" srcset=\"https:\/\/rioonwatch.org.br\/wp-content\/uploads\/2019\/12\/teleferico-620x264.jpg 620w, https:\/\/rioonwatch.org.br\/wp-content\/uploads\/2019\/12\/teleferico-940x400.jpg 940w\" sizes=\"(max-width: 620px) 100vw, 620px\" \/><\/a><\/p>\n<p>Em meio a tudo isso, as vozes dos moradores locais raramente s\u00e3o ouvidas. Em 2012, a <a href=\"http:\/\/bit.ly\/2j1KWmB\" target=\"_blank\" rel=\"noopener noreferrer\">constru\u00e7\u00e3o de um telef\u00e9rico de R$75 milh\u00f5es<\/a> na Provid\u00eancia causou a demoli\u00e7\u00e3o de dezenas de casas e <a href=\"http:\/\/bit.ly\/2rLY4me\">a principal pra\u00e7a p\u00fablica da comunidade<\/a>, tendo sido desativado apenas dois anos depois. \u201cMesmo a gente dizendo que a nossa prioridade n\u00e3o era o telef\u00e9rico, [que] a nossa prioridade era saneamento b\u00e1sico, vagas nas creches para as crian\u00e7as, sa\u00fade, educa\u00e7\u00e3o\u2026 [eles] constru\u00edram esse telef\u00e9rico\u201d, explicou <a href=\"http:\/\/bit.ly\/2l07NfM\" target=\"_blank\" rel=\"noopener noreferrer\">Cosme Felippsen<\/a>, guia de turismo e morador da Provid\u00eancia. Mais acima na comunidade, depois da esta\u00e7\u00e3o do telef\u00e9rico, outras dezenas de casas foram demolidas e seus moradores removidos para que, supostamente, fossem feitas melhorias que os beneficiariam\u2014embora a comunidade tenha, com sucesso, impedido outras remo\u00e7\u00f5es <a href=\"http:\/\/bit.ly\/2J68PGj\" target=\"_blank\" rel=\"noopener noreferrer\">por meio de uma batalha judicial<\/a> que mostrou que os moradores n\u00e3o estavam de fato de acordo com tais melhorias.<\/p>\n<p><a href=\"https:\/\/rioonwatch.org.br\/wp-content\/uploads\/2019\/12\/SEMIN\u00c1RIO-porto.jpg\"><img loading=\"lazy\" decoding=\"async\" class=\"aligncenter wp-image-44805 size-medium\" title=\"Pesquisadores que trabalham com o tema de favelas discutem o projeto do Porto Maravilha na mesa &quot;Justi\u00e7a Espacial e o Direito \u00e0 Cidade: um Olhar sobre o Porto Maravilha&quot;. Foto: P\u00e1gina do Facebook do Semin\u00e1rio Porto Maravilha\" src=\"https:\/\/rioonwatch.org.br\/wp-content\/uploads\/2019\/12\/SEMIN\u00c1RIO-porto-620x413.jpg\" alt=\"\" width=\"620\" height=\"413\" srcset=\"https:\/\/rioonwatch.org.br\/wp-content\/uploads\/2019\/12\/SEMIN\u00c1RIO-porto-620x413.jpg 620w, https:\/\/rioonwatch.org.br\/wp-content\/uploads\/2019\/12\/SEMIN\u00c1RIO-porto-396x264.jpg 396w, https:\/\/rioonwatch.org.br\/wp-content\/uploads\/2019\/12\/SEMIN\u00c1RIO-porto-768x512.jpg 768w, https:\/\/rioonwatch.org.br\/wp-content\/uploads\/2019\/12\/SEMIN\u00c1RIO-porto-1024x683.jpg 1024w, https:\/\/rioonwatch.org.br\/wp-content\/uploads\/2019\/12\/SEMIN\u00c1RIO-porto.jpg 1200w\" sizes=\"(max-width: 620px) 100vw, 620px\" \/><\/a><\/p>\n<p>Em <a href=\"http:\/\/bit.ly\/2CtNySH\">um semin\u00e1rio feito em outubro<\/a> para marcar os 10 anos do lan\u00e7amento do Porto Maravilha, os pain\u00e9is de debate inclu\u00edram \u201cLutas espaciais e antirraciais na Pequena \u00c1frica\u201d e \u201cEstigmatiza\u00e7\u00e3o territorial e as pol\u00edticas de repovoamento da Regi\u00e3o Central do Rio\u201d. Tais an\u00e1lises ainda n\u00e3o exerceram influ\u00eancia aparente sobre os tomadores de decis\u00f5es que influenciam a regi\u00e3o.<\/p>\n<p>O desenvolvimento da Regi\u00e3o Portu\u00e1ria tem causado gentrifica\u00e7\u00e3o. Um fluxo de neg\u00f3cios foi atra\u00eddo para a \u00e1rea pelo pre\u00e7o barato dos im\u00f3veis e pelas constru\u00e7\u00f5es hist\u00f3ricas espa\u00e7osas, ideais para serem reformadas e transformadas em espa\u00e7os de trabalho modernos\u2014o <a href=\"http:\/\/bit.ly\/2CE947z\">YouTube<\/a> abriu at\u00e9 um escrit\u00f3rio em um armaz\u00e9m no cais da Gamboa. Em outubro, Crivella <a href=\"http:\/\/bit.ly\/34LrO0Q\">lan\u00e7ou o programa de inova\u00e7\u00e3o labGov.Rio<\/a> em Santo Cristo. Com um custo de R$2,5 milh\u00f5es para a prefeitura do Rio, o espa\u00e7o ter\u00e1 capacidade para at\u00e9 144 <em>start-ups<\/em>. Enquanto tais incentivos s\u00e3o bem-vindos para a economia do Rio, eles tamb\u00e9m sinalizam um golpe contra a popula\u00e7\u00e3o de baixa renda da regi\u00e3o, que comp\u00f5e a maioria, por levarem a um aumento no valor da terra e das propriedades.<\/p>\n<p><a href=\"https:\/\/rioonwatch.org.br\/wp-content\/uploads\/2019\/12\/armazem.jpg\"><img loading=\"lazy\" decoding=\"async\" class=\"aligncenter wp-image-44806 size-content\" title=\"Armaz\u00e9ns convertidos ao longo do Boulevard Ol\u00edmpico (Avenida Rodrigues Alves). Foto: Beth Santos\/ GERJ\" src=\"https:\/\/rioonwatch.org.br\/wp-content\/uploads\/2019\/12\/armazem-620x264.jpg\" alt=\"\" width=\"620\" height=\"264\" srcset=\"https:\/\/rioonwatch.org.br\/wp-content\/uploads\/2019\/12\/armazem-620x264.jpg 620w, https:\/\/rioonwatch.org.br\/wp-content\/uploads\/2019\/12\/armazem-940x400.jpg 940w\" sizes=\"(max-width: 620px) 100vw, 620px\" \/><\/a><\/p>\n<p>Enquanto isso, o futuro da habita\u00e7\u00e3o social e acess\u00edvel na regi\u00e3o parece sombrio. Recentemente, em outubro, a Companhia de Desenvolvimento Urbano da Regi\u00e3o do Porto do Rio de Janeiro (CDURP) <a href=\"http:\/\/bit.ly\/34OGE6J\">come\u00e7ou a leiloar<\/a> grandes lotes de terra. Essas terras foram compradas por empresas como a Unimed, que se destaca no ramo dos planos de sa\u00fade. Al\u00e9m disso, enquanto o Prefeito Crivella <a href=\"http:\/\/bit.ly\/34SYYvo\">assinou no ano passado um acordo<\/a> em parceria com o setor de habita\u00e7\u00e3o da Caixa Econ\u00f4mica Federal prometendo a constru\u00e7\u00e3o de 5.000 unidades habitacionais por meio do programa <a href=\"http:\/\/bit.ly\/2wYPD6w\" target=\"_blank\" rel=\"noopener noreferrer\">Minha Casa Minha Vida<\/a>, na \u00faltima semana Gustavo Canuto, Ministro de Desenvolvimento Regional, <a href=\"http:\/\/bit.ly\/2O4K6Du\">anunciou que<\/a> o programa Minha casa Minha vida ser\u00e1 descontinuado em breve.<\/p>\n<hr \/>\n<h4>Apoie o jornalismo hiperlocal, cr\u00edtico, inovador e incans\u00e1vel do\u00a0<em>RioOnWatch<\/em>. #QueroReportagensSobreFavelas\u2014<a href=\"http:\/\/bit.ly\/CatalisandoComunidades\">doe aqui<\/a>.<\/h4>\n<h4>Como uma iniciativa sem fins lucrativos, estamos realizando uma campanha de capta\u00e7\u00e3o de recursos durante o m\u00eas de dezembro para garantir a continua\u00e7\u00e3o do nosso trabalho cobrindo not\u00edcias das favelas. Contamos com leitores como voc\u00ea para garantir a desconstru\u00e7\u00e3o cont\u00ednua da narrativa estigmatizante em torno das favelas por meio de not\u00edcias que mostram seu potencial.<\/h4>\n<h4>#T\u00f4ComAsFavelas e\u00a0<a href=\"http:\/\/bit.ly\/CatalisandoComunidades\">vou doar<\/a>.<\/h4>\n<!-- AddThis Advanced Settings generic via filter on the_content --><!-- AddThis Share Buttons generic via filter on the_content -->","protected":false},"excerpt":{"rendered":"<div class=\"mh-excerpt\"><p>Click Here for English Lan\u00e7ado em 2009, antes dos Jogos Ol\u00edmpicos de 2016, o Porto Maravilha \u00e9 o maior projeto carioca de revitaliza\u00e7\u00e3o urbana das \u00faltima d\u00e9cadas. Descrito como uma oportunidade de transformar a antiga <a class=\"mh-excerpt-more\" href=\"https:\/\/rioonwatch.org.br\/?p=44800\" title=\"&#8216;Porto Maravilha&#8217;, O Maior Projeto de Revitaliza\u00e7\u00e3o Urbana do Rio, 10 Anos Depois\">[&#8230;]<\/a><!-- AddThis Advanced Settings generic via filter on get_the_excerpt --><!-- AddThis Share Buttons generic via filter on get_the_excerpt --><\/p>\n<\/div>","protected":false},"author":152,"featured_media":44801,"comment_status":"closed","ping_status":"closed","sticky":false,"template":"","format":"standard","meta":{"_acf_changed":false,"_monsterinsights_skip_tracking":false,"_monsterinsights_sitenote_active":false,"_monsterinsights_sitenote_note":"","_monsterinsights_sitenote_category":0,"footnotes":""},"categories":[1617,1614,1621,1626],"tags":[1478,1220,831,424,484,395,909,1982,246,257,2175,1751,505,1576,433,494,262],"writer":[2695],"translator":[2610],"source":[],"ilustrador":[],"fotografo":[],"class_list":{"0":"post-44800","1":"post","2":"type-post","3":"status-publish","4":"format-standard","5":"has-post-thumbnail","7":"category-olhonagentrificacao","8":"category-olhonasremocoes","9":"category-destaque","10":"category-por-observadores-internacionais","11":"tag-a-espera-de-habitacao-publica","12":"tag-deficit-habitacional","13":"tag-direito-a-cidade","14":"tag-direito-a-moradia","15":"tag-prefeito-eduardo-paes","16":"tag-gentrificacao-remocao-branca","17":"tag-habitacao-acessivel","18":"tag-marcelo-crivella","19":"tag-minha-casa-minha-vida","20":"tag-providencia","21":"tag-museu-de-arte-do-rio","22":"tag-museu-do-amanha","23":"tag-parceria-publico-privado","24":"tag-pedra-lisa","25":"tag-porto-maravilha","26":"tag-regiao-do-porto","27":"tag-teleferico","28":"writer-tara-nelson","29":"translator-lia-matos-viegas"},"acf":[],"yoast_head":"<!-- This site is optimized with the Yoast SEO plugin v25.6 - https:\/\/yoast.com\/wordpress\/plugins\/seo\/ -->\n<title>&#039;Porto Maravilha&#039;, O Maior Projeto de Revitaliza\u00e7\u00e3o Urbana do Rio, 10 Anos Depois - RioOnWatch<\/title>\n<meta name=\"robots\" content=\"index, follow, max-snippet:-1, max-image-preview:large, max-video-preview:-1\" \/>\n<link rel=\"canonical\" href=\"https:\/\/rioonwatch.org.br\/?p=44800\" \/>\n<meta property=\"og:locale\" content=\"pt_BR\" \/>\n<meta property=\"og:type\" content=\"article\" \/>\n<meta property=\"og:title\" content=\"&#039;Porto Maravilha&#039;, O Maior Projeto de Revitaliza\u00e7\u00e3o Urbana do Rio, 10 Anos Depois - RioOnWatch\" \/>\n<meta property=\"og:description\" content=\"Click Here for English Lan\u00e7ado em 2009, antes dos Jogos Ol\u00edmpicos de 2016, o Porto Maravilha \u00e9 o maior projeto carioca de revitaliza\u00e7\u00e3o urbana das \u00faltima d\u00e9cadas. Descrito como uma oportunidade de transformar a antiga [...]\" \/>\n<meta property=\"og:url\" content=\"https:\/\/rioonwatch.org.br\/?p=44800\" \/>\n<meta property=\"og:site_name\" content=\"RioOnWatch\" \/>\n<meta property=\"article:published_time\" content=\"2019-12-23T04:07:52+00:00\" \/>\n<meta property=\"article:modified_time\" content=\"2019-12-28T17:53:53+00:00\" \/>\n<meta property=\"og:image\" content=\"https:\/\/rioonwatch.org.br\/wp-content\/uploads\/2019\/12\/porto-novo-Luiz-Baltar.jpg\" \/>\n\t<meta property=\"og:image:width\" content=\"960\" \/>\n\t<meta property=\"og:image:height\" content=\"639\" \/>\n\t<meta property=\"og:image:type\" content=\"image\/jpeg\" \/>\n<meta name=\"author\" content=\"Luisa Fenizola\" \/>\n<meta name=\"twitter:card\" content=\"summary_large_image\" \/>\n<meta name=\"twitter:label1\" content=\"Escrito por\" \/>\n\t<meta name=\"twitter:data1\" content=\"Luisa Fenizola\" \/>\n\t<meta name=\"twitter:label2\" content=\"Est. tempo de leitura\" \/>\n\t<meta name=\"twitter:data2\" content=\"7 minutos\" \/>\n<script type=\"application\/ld+json\" class=\"yoast-schema-graph\">{\"@context\":\"https:\/\/schema.org\",\"@graph\":[{\"@type\":\"Article\",\"@id\":\"https:\/\/rioonwatch.org.br\/?p=44800#article\",\"isPartOf\":{\"@id\":\"https:\/\/rioonwatch.org.br\/?p=44800\"},\"author\":{\"name\":\"Luisa Fenizola\",\"@id\":\"https:\/\/rioonwatch.org.br\/#\/schema\/person\/f443c6b55bb6e80842280318076491c5\"},\"headline\":\"&#8216;Porto Maravilha&#8217;, O Maior Projeto de Revitaliza\u00e7\u00e3o Urbana do Rio, 10 Anos Depois\",\"datePublished\":\"2019-12-23T04:07:52+00:00\",\"dateModified\":\"2019-12-28T17:53:53+00:00\",\"mainEntityOfPage\":{\"@id\":\"https:\/\/rioonwatch.org.br\/?p=44800\"},\"wordCount\":1366,\"publisher\":{\"@id\":\"https:\/\/rioonwatch.org.br\/#organization\"},\"image\":{\"@id\":\"https:\/\/rioonwatch.org.br\/?p=44800#primaryimage\"},\"thumbnailUrl\":\"https:\/\/rioonwatch.org.br\/wp-content\/uploads\/2019\/12\/porto-novo-Luiz-Baltar.jpg\",\"keywords\":[\"\u00c0 espera de habita\u00e7\u00e3o p\u00fablica\",\"d\u00e9ficit habitacional\",\"Direito \u00e0 Cidade\",\"Direito \u00e0 Moradia\",\"Eduardo Paes\",\"gentrifica\u00e7\u00e3o\",\"habita\u00e7\u00e3o acess\u00edvel\",\"Marcelo Crivella\",\"Minha Casa Minha Vida\",\"Morro da Provid\u00eancia\",\"Museu de Arte do Rio\",\"Museu do Amanh\u00e3\",\"Parceria P\u00fablico-Privada\",\"Pedra Lisa\",\"Porto Maravilha\",\"Regi\u00e3o do Porto\",\"telef\u00e9rico\"],\"articleSection\":[\"#OlhoNaGentrifica\u00e7\u00e3o\",\"#OlhoNasRemo\u00e7\u00f5es\",\"*Destaque\",\"Escrito por Aliados\"],\"inLanguage\":\"pt-BR\"},{\"@type\":\"WebPage\",\"@id\":\"https:\/\/rioonwatch.org.br\/?p=44800\",\"url\":\"https:\/\/rioonwatch.org.br\/?p=44800\",\"name\":\"'Porto Maravilha', O Maior Projeto de Revitaliza\u00e7\u00e3o Urbana do Rio, 10 Anos Depois - RioOnWatch\",\"isPartOf\":{\"@id\":\"https:\/\/rioonwatch.org.br\/#website\"},\"primaryImageOfPage\":{\"@id\":\"https:\/\/rioonwatch.org.br\/?p=44800#primaryimage\"},\"image\":{\"@id\":\"https:\/\/rioonwatch.org.br\/?p=44800#primaryimage\"},\"thumbnailUrl\":\"https:\/\/rioonwatch.org.br\/wp-content\/uploads\/2019\/12\/porto-novo-Luiz-Baltar.jpg\",\"datePublished\":\"2019-12-23T04:07:52+00:00\",\"dateModified\":\"2019-12-28T17:53:53+00:00\",\"breadcrumb\":{\"@id\":\"https:\/\/rioonwatch.org.br\/?p=44800#breadcrumb\"},\"inLanguage\":\"pt-BR\",\"potentialAction\":[{\"@type\":\"ReadAction\",\"target\":[\"https:\/\/rioonwatch.org.br\/?p=44800\"]}]},{\"@type\":\"ImageObject\",\"inLanguage\":\"pt-BR\",\"@id\":\"https:\/\/rioonwatch.org.br\/?p=44800#primaryimage\",\"url\":\"https:\/\/rioonwatch.org.br\/wp-content\/uploads\/2019\/12\/porto-novo-Luiz-Baltar.jpg\",\"contentUrl\":\"https:\/\/rioonwatch.org.br\/wp-content\/uploads\/2019\/12\/porto-novo-Luiz-Baltar.jpg\",\"width\":960,\"height\":639},{\"@type\":\"BreadcrumbList\",\"@id\":\"https:\/\/rioonwatch.org.br\/?p=44800#breadcrumb\",\"itemListElement\":[{\"@type\":\"ListItem\",\"position\":1,\"name\":\"In\u00edcio\",\"item\":\"https:\/\/rioonwatch.org.br\/\"},{\"@type\":\"ListItem\",\"position\":2,\"name\":\"&#8216;Porto Maravilha&#8217;, O Maior Projeto de Revitaliza\u00e7\u00e3o Urbana do Rio, 10 Anos Depois\"}]},{\"@type\":\"WebSite\",\"@id\":\"https:\/\/rioonwatch.org.br\/#website\",\"url\":\"https:\/\/rioonwatch.org.br\/\",\"name\":\"RioOnWatch\",\"description\":\"relatos das favelas cariocas\",\"publisher\":{\"@id\":\"https:\/\/rioonwatch.org.br\/#organization\"},\"potentialAction\":[{\"@type\":\"SearchAction\",\"target\":{\"@type\":\"EntryPoint\",\"urlTemplate\":\"https:\/\/rioonwatch.org.br\/?s={search_term_string}\"},\"query-input\":{\"@type\":\"PropertyValueSpecification\",\"valueRequired\":true,\"valueName\":\"search_term_string\"}}],\"inLanguage\":\"pt-BR\"},{\"@type\":\"Organization\",\"@id\":\"https:\/\/rioonwatch.org.br\/#organization\",\"name\":\"RioOnWatch\",\"url\":\"https:\/\/rioonwatch.org.br\/\",\"logo\":{\"@type\":\"ImageObject\",\"inLanguage\":\"pt-BR\",\"@id\":\"https:\/\/rioonwatch.org.br\/#\/schema\/logo\/image\/\",\"url\":\"https:\/\/rioonwatch.org.br\/wp-content\/uploads\/2021\/06\/RioOnWatchcabecalhoPT11anos-2.png\",\"contentUrl\":\"https:\/\/rioonwatch.org.br\/wp-content\/uploads\/2021\/06\/RioOnWatchcabecalhoPT11anos-2.png\",\"width\":779,\"height\":277,\"caption\":\"RioOnWatch\"},\"image\":{\"@id\":\"https:\/\/rioonwatch.org.br\/#\/schema\/logo\/image\/\"}},{\"@type\":\"Person\",\"@id\":\"https:\/\/rioonwatch.org.br\/#\/schema\/person\/f443c6b55bb6e80842280318076491c5\",\"name\":\"Luisa Fenizola\",\"image\":{\"@type\":\"ImageObject\",\"inLanguage\":\"pt-BR\",\"@id\":\"https:\/\/rioonwatch.org.br\/#\/schema\/person\/image\/\",\"url\":\"https:\/\/secure.gravatar.com\/avatar\/a3d551110162b9f876cbbdaaecf75663?s=96&d=blank&r=g\",\"contentUrl\":\"https:\/\/secure.gravatar.com\/avatar\/a3d551110162b9f876cbbdaaecf75663?s=96&d=blank&r=g\",\"caption\":\"Luisa Fenizola\"},\"url\":\"https:\/\/rioonwatch.org.br\/?author=152\"}]}<\/script>\n<!-- \/ Yoast SEO plugin. -->","yoast_head_json":{"title":"'Porto Maravilha', O Maior Projeto de Revitaliza\u00e7\u00e3o Urbana do Rio, 10 Anos Depois - RioOnWatch","robots":{"index":"index","follow":"follow","max-snippet":"max-snippet:-1","max-image-preview":"max-image-preview:large","max-video-preview":"max-video-preview:-1"},"canonical":"https:\/\/rioonwatch.org.br\/?p=44800","og_locale":"pt_BR","og_type":"article","og_title":"'Porto Maravilha', O Maior Projeto de Revitaliza\u00e7\u00e3o Urbana do Rio, 10 Anos Depois - RioOnWatch","og_description":"Click Here for English Lan\u00e7ado em 2009, antes dos Jogos Ol\u00edmpicos de 2016, o Porto Maravilha \u00e9 o maior projeto carioca de revitaliza\u00e7\u00e3o urbana das \u00faltima d\u00e9cadas. Descrito como uma oportunidade de transformar a antiga [...]","og_url":"https:\/\/rioonwatch.org.br\/?p=44800","og_site_name":"RioOnWatch","article_published_time":"2019-12-23T04:07:52+00:00","article_modified_time":"2019-12-28T17:53:53+00:00","og_image":[{"width":960,"height":639,"url":"https:\/\/rioonwatch.org.br\/wp-content\/uploads\/2019\/12\/porto-novo-Luiz-Baltar.jpg","type":"image\/jpeg"}],"author":"Luisa Fenizola","twitter_card":"summary_large_image","twitter_misc":{"Escrito por":"Luisa Fenizola","Est. tempo de leitura":"7 minutos"},"schema":{"@context":"https:\/\/schema.org","@graph":[{"@type":"Article","@id":"https:\/\/rioonwatch.org.br\/?p=44800#article","isPartOf":{"@id":"https:\/\/rioonwatch.org.br\/?p=44800"},"author":{"name":"Luisa Fenizola","@id":"https:\/\/rioonwatch.org.br\/#\/schema\/person\/f443c6b55bb6e80842280318076491c5"},"headline":"&#8216;Porto Maravilha&#8217;, O Maior Projeto de Revitaliza\u00e7\u00e3o Urbana do Rio, 10 Anos Depois","datePublished":"2019-12-23T04:07:52+00:00","dateModified":"2019-12-28T17:53:53+00:00","mainEntityOfPage":{"@id":"https:\/\/rioonwatch.org.br\/?p=44800"},"wordCount":1366,"publisher":{"@id":"https:\/\/rioonwatch.org.br\/#organization"},"image":{"@id":"https:\/\/rioonwatch.org.br\/?p=44800#primaryimage"},"thumbnailUrl":"https:\/\/rioonwatch.org.br\/wp-content\/uploads\/2019\/12\/porto-novo-Luiz-Baltar.jpg","keywords":["\u00c0 espera de habita\u00e7\u00e3o p\u00fablica","d\u00e9ficit habitacional","Direito \u00e0 Cidade","Direito \u00e0 Moradia","Eduardo Paes","gentrifica\u00e7\u00e3o","habita\u00e7\u00e3o acess\u00edvel","Marcelo Crivella","Minha Casa Minha Vida","Morro da Provid\u00eancia","Museu de Arte do Rio","Museu do Amanh\u00e3","Parceria P\u00fablico-Privada","Pedra Lisa","Porto Maravilha","Regi\u00e3o do Porto","telef\u00e9rico"],"articleSection":["#OlhoNaGentrifica\u00e7\u00e3o","#OlhoNasRemo\u00e7\u00f5es","*Destaque","Escrito por Aliados"],"inLanguage":"pt-BR"},{"@type":"WebPage","@id":"https:\/\/rioonwatch.org.br\/?p=44800","url":"https:\/\/rioonwatch.org.br\/?p=44800","name":"'Porto Maravilha', O Maior Projeto de Revitaliza\u00e7\u00e3o Urbana do Rio, 10 Anos Depois - RioOnWatch","isPartOf":{"@id":"https:\/\/rioonwatch.org.br\/#website"},"primaryImageOfPage":{"@id":"https:\/\/rioonwatch.org.br\/?p=44800#primaryimage"},"image":{"@id":"https:\/\/rioonwatch.org.br\/?p=44800#primaryimage"},"thumbnailUrl":"https:\/\/rioonwatch.org.br\/wp-content\/uploads\/2019\/12\/porto-novo-Luiz-Baltar.jpg","datePublished":"2019-12-23T04:07:52+00:00","dateModified":"2019-12-28T17:53:53+00:00","breadcrumb":{"@id":"https:\/\/rioonwatch.org.br\/?p=44800#breadcrumb"},"inLanguage":"pt-BR","potentialAction":[{"@type":"ReadAction","target":["https:\/\/rioonwatch.org.br\/?p=44800"]}]},{"@type":"ImageObject","inLanguage":"pt-BR","@id":"https:\/\/rioonwatch.org.br\/?p=44800#primaryimage","url":"https:\/\/rioonwatch.org.br\/wp-content\/uploads\/2019\/12\/porto-novo-Luiz-Baltar.jpg","contentUrl":"https:\/\/rioonwatch.org.br\/wp-content\/uploads\/2019\/12\/porto-novo-Luiz-Baltar.jpg","width":960,"height":639},{"@type":"BreadcrumbList","@id":"https:\/\/rioonwatch.org.br\/?p=44800#breadcrumb","itemListElement":[{"@type":"ListItem","position":1,"name":"In\u00edcio","item":"https:\/\/rioonwatch.org.br\/"},{"@type":"ListItem","position":2,"name":"&#8216;Porto Maravilha&#8217;, O Maior Projeto de Revitaliza\u00e7\u00e3o Urbana do Rio, 10 Anos Depois"}]},{"@type":"WebSite","@id":"https:\/\/rioonwatch.org.br\/#website","url":"https:\/\/rioonwatch.org.br\/","name":"RioOnWatch","description":"relatos das favelas cariocas","publisher":{"@id":"https:\/\/rioonwatch.org.br\/#organization"},"potentialAction":[{"@type":"SearchAction","target":{"@type":"EntryPoint","urlTemplate":"https:\/\/rioonwatch.org.br\/?s={search_term_string}"},"query-input":{"@type":"PropertyValueSpecification","valueRequired":true,"valueName":"search_term_string"}}],"inLanguage":"pt-BR"},{"@type":"Organization","@id":"https:\/\/rioonwatch.org.br\/#organization","name":"RioOnWatch","url":"https:\/\/rioonwatch.org.br\/","logo":{"@type":"ImageObject","inLanguage":"pt-BR","@id":"https:\/\/rioonwatch.org.br\/#\/schema\/logo\/image\/","url":"https:\/\/rioonwatch.org.br\/wp-content\/uploads\/2021\/06\/RioOnWatchcabecalhoPT11anos-2.png","contentUrl":"https:\/\/rioonwatch.org.br\/wp-content\/uploads\/2021\/06\/RioOnWatchcabecalhoPT11anos-2.png","width":779,"height":277,"caption":"RioOnWatch"},"image":{"@id":"https:\/\/rioonwatch.org.br\/#\/schema\/logo\/image\/"}},{"@type":"Person","@id":"https:\/\/rioonwatch.org.br\/#\/schema\/person\/f443c6b55bb6e80842280318076491c5","name":"Luisa Fenizola","image":{"@type":"ImageObject","inLanguage":"pt-BR","@id":"https:\/\/rioonwatch.org.br\/#\/schema\/person\/image\/","url":"https:\/\/secure.gravatar.com\/avatar\/a3d551110162b9f876cbbdaaecf75663?s=96&d=blank&r=g","contentUrl":"https:\/\/secure.gravatar.com\/avatar\/a3d551110162b9f876cbbdaaecf75663?s=96&d=blank&r=g","caption":"Luisa Fenizola"},"url":"https:\/\/rioonwatch.org.br\/?author=152"}]}},"_links":{"self":[{"href":"https:\/\/rioonwatch.org.br\/index.php?rest_route=\/wp\/v2\/posts\/44800"}],"collection":[{"href":"https:\/\/rioonwatch.org.br\/index.php?rest_route=\/wp\/v2\/posts"}],"about":[{"href":"https:\/\/rioonwatch.org.br\/index.php?rest_route=\/wp\/v2\/types\/post"}],"author":[{"embeddable":true,"href":"https:\/\/rioonwatch.org.br\/index.php?rest_route=\/wp\/v2\/users\/152"}],"replies":[{"embeddable":true,"href":"https:\/\/rioonwatch.org.br\/index.php?rest_route=%2Fwp%2Fv2%2Fcomments&post=44800"}],"version-history":[{"count":14,"href":"https:\/\/rioonwatch.org.br\/index.php?rest_route=\/wp\/v2\/posts\/44800\/revisions"}],"predecessor-version":[{"id":44883,"href":"https:\/\/rioonwatch.org.br\/index.php?rest_route=\/wp\/v2\/posts\/44800\/revisions\/44883"}],"wp:featuredmedia":[{"embeddable":true,"href":"https:\/\/rioonwatch.org.br\/index.php?rest_route=\/wp\/v2\/media\/44801"}],"wp:attachment":[{"href":"https:\/\/rioonwatch.org.br\/index.php?rest_route=%2Fwp%2Fv2%2Fmedia&parent=44800"}],"wp:term":[{"taxonomy":"category","embeddable":true,"href":"https:\/\/rioonwatch.org.br\/index.php?rest_route=%2Fwp%2Fv2%2Fcategories&post=44800"},{"taxonomy":"post_tag","embeddable":true,"href":"https:\/\/rioonwatch.org.br\/index.php?rest_route=%2Fwp%2Fv2%2Ftags&post=44800"},{"taxonomy":"writer","embeddable":true,"href":"https:\/\/rioonwatch.org.br\/index.php?rest_route=%2Fwp%2Fv2%2Fwriter&post=44800"},{"taxonomy":"translator","embeddable":true,"href":"https:\/\/rioonwatch.org.br\/index.php?rest_route=%2Fwp%2Fv2%2Ftranslator&post=44800"},{"taxonomy":"source","embeddable":true,"href":"https:\/\/rioonwatch.org.br\/index.php?rest_route=%2Fwp%2Fv2%2Fsource&post=44800"},{"taxonomy":"ilustrador","embeddable":true,"href":"https:\/\/rioonwatch.org.br\/index.php?rest_route=%2Fwp%2Fv2%2Filustrador&post=44800"},{"taxonomy":"fotografo","embeddable":true,"href":"https:\/\/rioonwatch.org.br\/index.php?rest_route=%2Fwp%2Fv2%2Ffotografo&post=44800"}],"curies":[{"name":"wp","href":"https:\/\/api.w.org\/{rel}","templated":true}]}}