{"id":44848,"date":"2020-03-03T13:26:01","date_gmt":"2020-03-03T16:26:01","guid":{"rendered":"https:\/\/rioonwatch.org.br\/?p=44848"},"modified":"2020-06-24T20:47:01","modified_gmt":"2020-06-24T23:47:01","slug":"cocozap-midia-social-e-dados-do-cidadao-para-melhorar-o-saneamento-da-mare-perfil","status":"publish","type":"post","link":"https:\/\/rioonwatch.org.br\/?p=44848","title":{"rendered":"Coc\u00f4Zap: M\u00eddia Social e Dados do Cidad\u00e3o para Melhorar o Saneamento da Mar\u00e9 #RedeFavelaSustent\u00e1vel [PERFIL]"},"content":{"rendered":"<p style=\"text-align: right;\"><em><strong><a href=\"http:\/\/bit.ly\/2qQ7Nbm\" target=\"_blank\" rel=\"noopener noreferrer\">Click Here for English<\/a><a href=\"http:\/\/bit.ly\/2qQ7Nbm\" target=\"_blank\" rel=\"noopener noreferrer\"><img decoding=\"async\" width=\"20\" height=\"20\" class=\"alignright wp-image-15790\" src=\"http:\/\/rioonwatch.org.br\/wp-content\/uploads\/2012\/08\/EN-standard-e1439583104716.jpg\" \/><\/a><\/strong><\/em><\/p>\n<blockquote><p><strong><u>Iniciativa<\/u><\/strong><strong>:<\/strong> <span style=\"font-weight: 400;\">Coc\u00f4Zap<\/span><br \/>\n<strong><u>Contato<\/u>: <a href=\"http:\/\/bit.ly\/2GsZgjt\" target=\"_blank\" rel=\"noopener noreferrer\"><span style=\"font-weight: 400;\">Website<\/span><\/a><span style=\"font-weight: 400;\"> | <\/span><a href=\"http:\/\/bit.ly\/2UJpXJu\" target=\"_blank\" rel=\"noopener noreferrer\"><span style=\"font-weight: 400;\">Blog<\/span><\/a><span style=\"font-weight: 400;\"> |<\/span><a href=\"http:\/\/bit.ly\/2Oc9sAT\" target=\"_blank\" rel=\"noopener noreferrer\"><span style=\"font-weight: 400;\">Facebook<\/span><\/a><span style=\"font-weight: 400;\"> | <\/span><a href=\"http:\/\/bit.ly\/2qAY88g\" target=\"_blank\" rel=\"noopener noreferrer\"><span style=\"font-weight: 400;\">Twitter<\/span><\/a><\/strong>| <a href=\"mailto:cocozap@favelasustentavel.org\" target=\"_blank\" rel=\"noopener noreferrer\">Email<\/a><br \/>\n<strong><u>Ano de Funda\u00e7\u00e3o<\/u>:<\/strong> 2017<br \/>\n<strong><u>Comunidade<\/u>:<\/strong> <span style=\"font-weight: 400;\">Complexo da Mar\u00e9<\/span><br \/>\n<strong><u>Miss\u00e3o<\/u>:<\/strong> <span style=\"font-weight: 400;\">Fazer o debate acerca do saneamento b\u00e1sico dentro das favelas ser mais acess\u00edvel a partir da a\u00e7\u00e3o direta do cidad\u00e3o na produ\u00e7\u00e3o de dados, do monitoramento das pol\u00edticas p\u00fablicas, da gera\u00e7\u00e3o de narrativas contra-hegem\u00f4nicas em debates p\u00fablicos e de mutir\u00f5es.<\/span><br \/>\n<strong><u>Eventos P\u00fablicos<\/u><\/strong><strong>:<\/strong> <span style=\"font-weight: 400;\">O Coc\u00f4Zap organiza mutir\u00f5es comunit\u00e1rios na Mar\u00e9 e f\u00f3runs p\u00fablicos sobre problemas de saneamento.<\/span><br \/>\n<strong><u>Como Contribuir<\/u><\/strong><strong>:<\/strong> <span style=\"font-weight: 400;\">Doar, colaborar com a coleta de dados e ajudar a aumentar a visibilidade do projeto.<\/span><i><\/i><\/p><\/blockquote>\n<p><span style=\"font-weight: 400;\">Nas favelas do <\/span><a href=\"http:\/\/bit.ly\/2K1s59x\" target=\"_blank\" rel=\"noopener noreferrer\"><span style=\"font-weight: 400;\">Complexo da Mar\u00e9<\/span><\/a><span style=\"font-weight: 400;\"> na <\/span><a href=\"http:\/\/bit.ly\/2ETpYR1\" target=\"_blank\" rel=\"noopener noreferrer\"><span style=\"font-weight: 400;\">Zona Norte<\/span><\/a><span style=\"font-weight: 400;\"> do Rio de Janeiro, o <\/span><a href=\"http:\/\/bit.ly\/33bPnin\"><span style=\"font-weight: 400;\">data_labe<\/span><\/a><span style=\"font-weight: 400;\"> est\u00e1 usando dados para disseminar novas narrativas por moradores de favelas e das periferias urbanas. Nascido do <\/span><a href=\"http:\/\/bit.ly\/2K5GMsr\" target=\"_blank\" rel=\"noopener noreferrer\"><span style=\"font-weight: 400;\">Observat\u00f3rio das Favelas<\/span><\/a>, tamb\u00e9m<span style=\"font-weight: 400;\"> situado dentro da Mar\u00e9, em 2016, o data_labe era originalmente composto por cinco jovens versados em dados quantitativos. Al\u00e9m de gerar reportagens baseadas em dados p\u00fablicos, o grupo tamb\u00e9m realizou programas de treinamento para jovens e <\/span><a href=\"http:\/\/bit.ly\/2ecY1XR\"><span style=\"font-weight: 400;\">mapeou iniciativas de comunica\u00e7\u00e3o nas favelas.<\/span><\/a><\/p>\n<p><span style=\"font-weight: 400;\">O data_labe se tornou uma entidade independente em 2017, e a organiza\u00e7\u00e3o agora emprega dez membros de diferentes origens em sua equipe. O trabalho \u00e9 focado em tr\u00eas frentes distintas: jornalismo, educa\u00e7\u00e3o e produ\u00e7\u00e3o de dados gerados pelo cidad\u00e3o (DGC), o que, de acordo com o coordenador do data_labe Gilberto Vieira, consiste em &#8220;como que as pessoas podem produzir dados por si mesmos, e como elas podem se engajar na produ\u00e7\u00e3o de dados sem ser um instituto de pesquisa formal&#8221;. Para Gilberto e toda a equipe do data_labe, os dados p\u00fablicos e os DGC constituem ferramentas poderosas para influenciar as narrativas sobre a cidade do Rio e seus moradores.<\/span><\/p>\n<p><span style=\"font-weight: 400;\">Uma das principais \u00e1reas de DGC do data_labe \u00e9 o saneamento b\u00e1sico. Motivados pela ideia de &#8220;construir um canal de den\u00fancia, debate e proposi\u00e7\u00e3o para saneamento b\u00e1sico&#8221;, Gilberto e seus colegas formularam planos para uma nova iniciativa em 2016: o <\/span><a href=\"http:\/\/bit.ly\/2GsZgjt\"><span style=\"font-weight: 400;\">Coc\u00f4Zap<\/span><\/a><span style=\"font-weight: 400;\">. O Coc\u00f4Zap d\u00e1 aos moradores a oportunidade de fazerem den\u00fancias acerca de viola\u00e7\u00f5es de saneamento na Mar\u00e9. Os moradores que encontrarem vazamentos de \u00e1guas residuais n\u00e3o tratadas, lixo n\u00e3o coletado ou falta de acesso \u00e0 \u00e1gua limpa podem enviar uma mensagem e fotos a uma conta de WhatsApp administrada pelo data_labe. Gilberto e outros membros da equipe do Coc\u00f4Zap ent\u00e3o sobem o relato para um banco de dados online, que inclui data de observa\u00e7\u00e3o, descri\u00e7\u00e3o do problema sanit\u00e1rio, categoria do problema, frequ\u00eancia na qual o problema ocorre e localiza\u00e7\u00e3o. Al\u00e9m do banco de dados, a equipe do Coc\u00f4Zap mapeia cada problema reportado. Uma vez que os dados est\u00e3o organizados e mapeados, Gilberto e seus colegas usam a informa\u00e7\u00e3o para criar relat\u00f3rios e apresenta\u00e7\u00f5es sobre os problemas sanit\u00e1rios e seus impactos sobre os moradores da Mar\u00e9.<\/span><\/p>\n<p><span style=\"font-weight: 400;\">No futuro, a equipe do Coc\u00f4Zap espera que esses relatos baseados em dados auxiliem os moradores no di\u00e1logo com o setor p\u00fablico. Historicamente, foram os pr\u00f3prios moradores da Mar\u00e9 e de outras favelas da cidade que garantiram a infraestrutura de saneamento para eles mesmos, a partir de mobiliza\u00e7\u00f5es para pressionar o governo a proverem servi\u00e7os p\u00fablicos b\u00e1sicos. O Coc\u00f4Zap espera proporcionar um avan\u00e7o tecnol\u00f3gico a essa mobiliza\u00e7\u00e3o j\u00e1 profundamente enraizada. &#8220;Coc\u00f4Zap ajuda manter os moradores da Mar\u00e9 em um lugar de protagonismo pol\u00edtico&#8221;, explica Gilberto. Por promover a coleta de DGC e produzir conte\u00fado baseado em dados locais, o Coc\u00f4Zap est\u00e1 trazendo o debate do saneamento de volta \u00e0 popula\u00e7\u00e3o.<\/span><\/p>\n<p><a href=\"https:\/\/rioonwatch.org.br\/wp-content\/uploads\/2020\/03\/Imagem-CocoZap.jpeg\" target=\"_blank\" rel=\"noopener noreferrer\"><img fetchpriority=\"high\" decoding=\"async\" class=\"aligncenter wp-image-45566 size-content\" title=\"Foto de um vazamento de esgoto enviado por um morador para o n\u00famero do Coc\u00f4Zap. Foto: Formul\u00e1rio do Coc\u00f4Zap\" src=\"https:\/\/rioonwatch.org.br\/wp-content\/uploads\/2020\/03\/Imagem-CocoZap-620x264.jpeg\" alt=\"\" width=\"620\" height=\"264\" \/><\/a><\/p>\n<p><span style=\"font-weight: 400;\">Seguindo o planejamento inicial do Coc\u00f4Zap, Gilberto e seus colegas decidiram inscrever sua apropria\u00e7\u00e3o do conceito de DGC no <\/span><a href=\"http:\/\/bit.ly\/33cfLIO\"><span style=\"font-weight: 400;\">Desafio de Financiamento Comunit\u00e1rio Inicial do DataShift<\/span><\/a><span style=\"font-weight: 400;\">, patrocinado pela Organiza\u00e7\u00e3o N\u00e3o Governamental internacional <\/span><a href=\"http:\/\/bit.ly\/2OcNNbv\"><span style=\"font-weight: 400;\">CIVICUS<\/span><\/a><span style=\"font-weight: 400;\">. O Coc\u00f4Zap ganhou a competi\u00e7\u00e3o e o pr\u00eamio em dinheiro permitiu que a equipe do data_labe pusesse seus planos em a\u00e7\u00e3o. Primeiro, eles come\u00e7aram a mobilizar os moradores da Mar\u00e9 com o prop\u00f3sito de levantar dados para o Coc\u00f4Zap, treinando participantes interessados em como encaminharem suas descobertas. A equipe tamb\u00e9m instruiu os colaboradores a divulgarem o n\u00famero de WhatsApp do Coc\u00f4Zap e a recrutarem mais participantes.\u00a0<\/span><\/p>\n<p><span style=\"font-weight: 400;\">Uma vez que a mobiliza\u00e7\u00e3o para coleta de dados estava encaminhada, o data_labe sediou eventos com foco no saneamento b\u00e1sico e em problemas ambientais na Mar\u00e9, incluindo dois mutir\u00f5es de plantio de \u00e1rvores e coleta de lixo. Mais tarde, a equipe do Coc\u00f4Zap organizou um f\u00f3rum p\u00fablico para os moradores <\/span><a href=\"http:\/\/bit.ly\/2DnVCFL\" target=\"_blank\" rel=\"noopener noreferrer\"><span style=\"font-weight: 400;\">discutirem problemas de saneamento b\u00e1sico com as autoridades civis<\/span><\/a><span style=\"font-weight: 400;\">, apresentando ativistas locais, membros de coletivos e outras organiza\u00e7\u00f5es da comunidade, oficiais de sa\u00fade p\u00fablica, assim como representantes da <\/span><a href=\"http:\/\/bit.ly\/2ZfcyYl\" target=\"_blank\" rel=\"noopener noreferrer\"><span style=\"font-weight: 400;\">Comlurb<\/span><\/a><span style=\"font-weight: 400;\"> e da <\/span><a href=\"http:\/\/bit.ly\/2M6oZlG\" target=\"_blank\" rel=\"noopener noreferrer\"><span style=\"font-weight: 400;\">CEDAE<\/span><\/a><span style=\"font-weight: 400;\">. O f\u00f3rum foi bem sucedido na cria\u00e7\u00e3o de uma lista de demandas e solu\u00e7\u00f5es para quatro principais \u00e1reas de risco para os moradores da Mar\u00e9, sendo elas lixo e seguran\u00e7a p\u00fablica, sa\u00fade e bem-estar, fornecimento e conserva\u00e7\u00e3o de \u00e1gua e esgoto e a recupera\u00e7\u00e3o da Ba\u00eda de Guanabara.<\/span><\/p>\n<p><a href=\"https:\/\/rioonwatch.org.br\/wp-content\/uploads\/2019\/12\/Encontro-Saneamento-Mar\u00e9.jpg\"><img decoding=\"async\" class=\"aligncenter wp-image-44851 size-content\" title=\"Encontro sobre saneamento organizado pelo Data_Labe na Mar\u00e9. Foto: Douglas Lopes\" src=\"https:\/\/rioonwatch.org.br\/wp-content\/uploads\/2019\/12\/Encontro-Saneamento-Mar\u00e9-620x264.jpg\" alt=\"\" width=\"620\" height=\"264\" srcset=\"https:\/\/rioonwatch.org.br\/wp-content\/uploads\/2019\/12\/Encontro-Saneamento-Mar\u00e9-620x264.jpg 620w, https:\/\/rioonwatch.org.br\/wp-content\/uploads\/2019\/12\/Encontro-Saneamento-Mar\u00e9-940x400.jpg 940w\" sizes=\"(max-width: 620px) 100vw, 620px\" \/><\/a><\/p>\n<p><span style=\"font-weight: 400;\">Al\u00e9m do financiamento inicial da CIVICUS, o Coc\u00f4Zap recebeu apoio financeiro do <\/span><a href=\"http:\/\/bit.ly\/2OQCe8Z\"><span style=\"font-weight: 400;\">Fundo Socioambiental Caixa<\/span><\/a><span style=\"font-weight: 400;\"> e da <\/span><a href=\"http:\/\/bit.ly\/2krtiJM\" target=\"_blank\" rel=\"noopener noreferrer\"><span style=\"font-weight: 400;\">Heinrich B\u00f6ll Foundation<\/span><\/a><span style=\"font-weight: 400;\">. Ao longo do caminho, o Coc\u00f4Zap tamb\u00e9m foi beneficiado por parcerias estabelecidas com outras organiza\u00e7\u00f5es sem fins lucrativos, como a <\/span><a href=\"http:\/\/bit.ly\/2ZuAJEX\" target=\"_blank\" rel=\"noopener noreferrer\"><span style=\"font-weight: 400;\">Redes da Mar\u00e9<\/span><\/a><span style=\"font-weight: 400;\"> e a <\/span><a href=\"http:\/\/bit.ly\/2qmYcYQ\" target=\"_blank\" rel=\"noopener noreferrer\"><span style=\"font-weight: 400;\">Casa Fluminense<\/span><\/a><span style=\"font-weight: 400;\">. Finalmente, o Coc\u00f4Zap mant\u00e9m parcerias de pesquisa com a Pontif\u00edcia Universidade Cat\u00f3lica do Paran\u00e1 (<\/span><a href=\"http:\/\/bit.ly\/2s3plBg\" target=\"_blank\" rel=\"noopener noreferrer\"><span style=\"font-weight: 400;\">PUC-PR<\/span><\/a><span style=\"font-weight: 400;\">) e o Departamento de Engenharia da Universidade Federal do Rio de Janeiro (<\/span><a href=\"http:\/\/bit.ly\/2KgADIe\" target=\"_blank\" rel=\"noopener noreferrer\"><span style=\"font-weight: 400;\">UFRJ<\/span><\/a><span style=\"font-weight: 400;\">). Por meio dessas parcerias, o Coc\u00f4Zap almeja fomentar diversidade na produ\u00e7\u00e3o de conhecimento, incluindo nos campos do jornalismo, pesquisa e monitoramento de pol\u00edticas p\u00fablicas.<\/span><\/p>\n<p><span style=\"font-weight: 400;\">At\u00e9 o momento, mais de 65 moradores j\u00e1 enviaram dados de saneamento b\u00e1sico ao Coc\u00f4Zap, a maioria dos quais reside nas favelas de <\/span><a href=\"http:\/\/bit.ly\/2LMcg6I\" target=\"_blank\" rel=\"noopener noreferrer\"><span style=\"font-weight: 400;\">Nova Holanda<\/span><\/a><span style=\"font-weight: 400;\">, <\/span><a href=\"http:\/\/bit.ly\/2XqB0sa\" target=\"_blank\" rel=\"noopener noreferrer\"><span style=\"font-weight: 400;\">Rubens Vaz<\/span><\/a><span style=\"font-weight: 400;\"> e <\/span><a href=\"http:\/\/bit.ly\/329sBby\" target=\"_blank\" rel=\"noopener noreferrer\"><span style=\"font-weight: 400;\">Parque Uni\u00e3o<\/span><\/a><span style=\"font-weight: 400;\">. O data_labe tamb\u00e9m contratou jovens locais para trabalharem como &#8220;mobilizadores&#8221;, ajudando assim a recrutar colaboradores para o projeto e coletar dados. Um desses mobilizadores, Maykon Sardinha, testemunhou em primeira m\u00e3o o conflito entre as autoridades p\u00fablicas em rela\u00e7\u00e3o \u00e0 administra\u00e7\u00e3o de lixo e esgoto na Mar\u00e9. &#8220;O que \u00e9 feito com o nosso lixo e nosso coc\u00f4, por parte do poder p\u00fablico, diz muito sobre como n\u00f3s favelados somos enxergados pela sociedade&#8221;, diz Maykon.<\/span><\/p>\n<p><span style=\"font-weight: 400;\">Outra mobilizadora, Gabrielle, da Nova Holanda, participou de um programa de est\u00e1gio durante tr\u00eas meses com o Coc\u00f4Zap. No primeiro m\u00eas, ela recebeu instru\u00e7\u00f5es de natureza pol\u00edtica, assim como sobre pol\u00edticas p\u00fablicas nas favelas. Nos dois meses seguintes, Gabrielle foi \u00e0s ruas e interagiu com moradores e organiza\u00e7\u00f5es locais num esfor\u00e7o para aumentar o envolvimento com o Coc\u00f4Zap. Com o passar de seu tempo como mobilizadora, ela se tornou mais atenta \u00e0s dificuldades que sua comunidade enfrenta quando o assunto \u00e9 saneamento b\u00e1sico, mas tamb\u00e9m ao qu\u00e3o frequentemente as conquistas comunit\u00e1rias passam despercebidas. &#8220;O mais impressionante na minha experi\u00eancia nas ruas foi perceber que os moradores tem consci\u00eancia sobre o lixo e esgoto e, pouco em pouco, eles fazem pequenas a\u00e7\u00f5es com seus vizinhos e mant\u00eam sua rua limpa para as crian\u00e7as brincarem&#8221;, diz Gabrielle.<\/span><\/p>\n<p><a href=\"https:\/\/rioonwatch.org.br\/wp-content\/uploads\/2019\/12\/Coco\u0302Zap2.jpeg\"><img loading=\"lazy\" decoding=\"async\" class=\"aligncenter wp-image-44852 size-content\" title=\"A mobilizadora do Coc\u00f4Zap Gabrielle recrutando participantes e coletando dados de saneamento. Foto: P\u00e1gina do Medium do Coc\u00f4Zap\" src=\"https:\/\/rioonwatch.org.br\/wp-content\/uploads\/2019\/12\/Coco\u0302Zap2-620x264.jpeg\" alt=\"\" width=\"620\" height=\"264\" \/><\/a><\/p>\n<p><span style=\"font-weight: 400;\">Gilberto acredita que um dos desafios mais s\u00e9rios que os moradores da Mar\u00e9\u2014e das favelas no geral\u2014 t\u00eam que superar \u00e9 o racismo ambiental, ou como as pol\u00edticas relativas ao acesso ao saneamento p\u00fablico mudam de acordo com o local onde o indiv\u00edduo mora. &#8220;Nas \u00e1reas mais ricas da cidade, voc\u00ea tem pol\u00edticas de coleto de lixo, de distribui\u00e7\u00e3o de \u00e1gua e de esgotamento sanit\u00e1rio diferentes das que s\u00e3o feitas em algumas \u00e1reas das periferias da cidade&#8221;, explica Gilberto, que atribui a disparidade no tratamento a uma pol\u00edtica de seguran\u00e7a p\u00fablica que segrega a favela do resto da cidade. A partir de uma abordagem sistem\u00e1tica e organizada de coleta de dados e produ\u00e7\u00e3o narrativa, Gilberto e a equipe do Coc\u00f4Zap esperam auxiliar a Mar\u00e9 e outras comunidades a superarem esses estere\u00f3tipos racistas. Por aproveitar a resili\u00eancia dos moradores em continuar seu legado de mobiliza\u00e7\u00e3o comunit\u00e1ria, o Coc\u00f4Zap luta para diminuir a disparidade entre ricos e pobres nos servi\u00e7os sanit\u00e1rios.<\/span><\/p>\n<p><a href=\"https:\/\/rioonwatch.org.br\/wp-content\/uploads\/2019\/12\/Equipe-Data_Laba.jpeg\"><img loading=\"lazy\" decoding=\"async\" class=\"aligncenter wp-image-44855 size-content\" title=\"Membros do time do Coc\u00f4Zap. Foto: P\u00e1gina do Medium do Coc\u00f4Zap\" src=\"https:\/\/rioonwatch.org.br\/wp-content\/uploads\/2019\/12\/Equipe-Data_Laba-620x264.jpeg\" alt=\"\" width=\"620\" height=\"264\" srcset=\"https:\/\/rioonwatch.org.br\/wp-content\/uploads\/2019\/12\/Equipe-Data_Laba-620x264.jpeg 620w, https:\/\/rioonwatch.org.br\/wp-content\/uploads\/2019\/12\/Equipe-Data_Laba-940x400.jpeg 940w\" sizes=\"(max-width: 620px) 100vw, 620px\" \/><\/a><\/p>\n<p><span style=\"font-weight: 400;\">No futuro, Gilberto e o resto da equipe esperam envolver um maior n\u00famero de moradores da Mar\u00e9 no Coc\u00f4Zap. Gilberto acredita que, com mais dados, o Coc\u00f4Zap vai gerar frutos mais significativos para a comunidade. Uma vez que o Coc\u00f4Zap alcan\u00e7ar um n\u00edvel mais alto de participa\u00e7\u00e3o comunit\u00e1ria na Mar\u00e9, Gilberto espera expandir o projeto para outros lugares. &#8220;Eu acho a partir do momento em que [o Coc\u00f4Zap] tiver import\u00e2ncia e relev\u00e2ncia comunit\u00e1ria, a gente vai conseguir lev\u00e1-lo para outros lugares, para outras favelas, e para um lugar de fato na pol\u00edtica p\u00fablica&#8221;.<\/span><\/p>\n<p><a href=\"https:\/\/rioonwatch.org.br\/wp-content\/uploads\/2019\/12\/mapa-CocoZap.png\"><img loading=\"lazy\" decoding=\"async\" class=\"aligncenter wp-image-44856 size-content\" title=\"Localiza\u00e7\u00e3o do escopo de a\u00e7\u00f5es do projeto, por enquanto restrito \u00e0 Mar\u00e9, na cidade do Rio de Janeiro. Imagem: Google Maps\" src=\"https:\/\/rioonwatch.org.br\/wp-content\/uploads\/2019\/12\/mapa-CocoZap-620x264.png\" alt=\"\" width=\"620\" height=\"264\" srcset=\"https:\/\/rioonwatch.org.br\/wp-content\/uploads\/2019\/12\/mapa-CocoZap-620x264.png 620w, https:\/\/rioonwatch.org.br\/wp-content\/uploads\/2019\/12\/mapa-CocoZap-940x400.png 940w\" sizes=\"(max-width: 620px) 100vw, 620px\" \/><\/a><\/p>\n<p>*<span style=\"font-weight: 400;\">Coc\u00f4Zap<\/span> \u00e9 um dos mais de <a href=\"http:\/\/www.bit.ly\/RFSMapa\" target=\"_blank\" rel=\"noopener noreferrer\">100 projetos comunit\u00e1rios mapeados<\/a>\u00a0pela\u00a0<a href=\"http:\/\/bit.ly\/1aI.gif\" rel=\"prettyPhoto\">Comunidades Catalisadoras<\/a>\u00a0(ComCat)\u2014a organiza\u00e7\u00e3o que publica o\u00a0<i>RioOnWatch\u2014<\/i>como parte do nosso programa paralelo \u2018<a href=\"https:\/\/comcat.org\/rfs\/\" target=\"_blank\" rel=\"noopener noreferrer\">Rede Favela Sustent\u00e1vel<\/a>\u2018 lan\u00e7ado em 2017 para reconhecer, apoiar, fortalecer e expandir as\u00a0<a href=\"http:\/\/www.bit.ly\/FavelaModelo\" target=\"_blank\" rel=\"noopener noreferrer\">qualidades sustent\u00e1veis e movimentos comunit\u00e1rios inerentes<\/a>\u00a0\u00e0s favelas do Rio de Janeiro. Siga a\u00a0<a href=\"http:\/\/bit.ly\/FBRFS\" target=\"_blank\" rel=\"noopener noreferrer\">Rede Favela Sustent\u00e1vel no Facebook<\/a>. Leia outros\u00a0<a href=\"http:\/\/bit.ly\/FavelasSustentaveis\" target=\"_blank\" rel=\"noopener noreferrer\">perfis dos projetos da Rede Favela Sustent\u00e1vel aqui<\/a>. Participe da Rede\u00a0<a href=\"http:\/\/bit.ly\/2GAUJeB\" target=\"_blank\" rel=\"noopener noreferrer\">se inscrevendo aqui<\/a>.<\/p>\n<hr \/>\n<h4>Apoie o jornalismo hiperlocal, cr\u00edtico, inovador e incans\u00e1vel do\u00a0<em>RioOnWatch<\/em>. #QueroReportagensSobreFavelas\u2014<a href=\"http:\/\/bit.ly\/CatalisandoComunidades\">doe aqui<\/a>.<\/h4>\n<!-- AddThis Advanced Settings generic via filter on the_content --><!-- AddThis Share Buttons generic via filter on the_content -->","protected":false},"excerpt":{"rendered":"<div class=\"mh-excerpt\"><p>Click Here for English Iniciativa: Coc\u00f4Zap Contato: Website | Blog |Facebook | Twitter| Email Ano de Funda\u00e7\u00e3o: 2017 Comunidade: Complexo da Mar\u00e9 Miss\u00e3o: Fazer o debate acerca do saneamento b\u00e1sico dentro das favelas ser mais <a class=\"mh-excerpt-more\" href=\"https:\/\/rioonwatch.org.br\/?p=44848\" title=\"Coc\u00f4Zap: M\u00eddia Social e Dados do Cidad\u00e3o para Melhorar o Saneamento da Mar\u00e9 #RedeFavelaSustent\u00e1vel [PERFIL]\">[&#8230;]<\/a><!-- AddThis Advanced Settings generic via filter on get_the_excerpt --><!-- AddThis Share Buttons generic via filter on get_the_excerpt --><\/p>\n<\/div>","protected":false},"author":152,"featured_media":44849,"comment_status":"closed","ping_status":"closed","sticky":false,"template":"","format":"standard","meta":{"_acf_changed":false,"_monsterinsights_skip_tracking":false,"_monsterinsights_sitenote_active":false,"_monsterinsights_sitenote_note":"","_monsterinsights_sitenote_category":0,"footnotes":""},"categories":[1621,1629,1626,342,1639],"tags":[804,620,2553,623,332,322,1096,1151,1304,350,663,349,2074,838,2139,1107,1789,492,476,404,1457,2662,2193,1747,218],"writer":[2712],"translator":[2713],"source":[],"ilustrador":[],"fotografo":[],"class_list":{"0":"post-44848","1":"post","2":"type-post","3":"status-publish","4":"format-standard","5":"has-post-thumbnail","7":"category-destaque","8":"category-entrevistas-e-perfis","9":"category-por-observadores-internacionais","10":"category-solucoes","11":"category-sustentabilidade","12":"tag-baia-da-guanabara","13":"tag-cedae","14":"tag-coleta-de-lixo","15":"tag-comlurb","16":"tag-complexo-da-mare","17":"tag-esgoto","18":"tag-favela-como-modelo-sustentavel","19":"tag-organizacao","20":"tag-organizacao-criativa","21":"tag-nova-holanda","22":"tag-observatorio-de-favelas","23":"tag-parque-uniao","24":"tag-rede-favela-sustentavel","25":"tag-politica-publica","26":"tag-justica-ambiental","27":"tag-redes-da-mare","28":"tag-rubens-vaz","29":"tag-saneamento","30":"tag-solucao-comunitaria","31":"tag-sustentabilidade","32":"tag-tecnologia","33":"tag-tecnologia-criativa","34":"tag-ufrj","35":"tag-whatsapp","36":"tag-zona-norte","37":"writer-colin-andrew","38":"translator-sofia-kawall"},"acf":[],"yoast_head":"<!-- This site is optimized with the Yoast SEO plugin v25.6 - https:\/\/yoast.com\/wordpress\/plugins\/seo\/ -->\n<title>Coc\u00f4Zap: M\u00eddia Social e Dados do Cidad\u00e3o para Melhorar o Saneamento da Mar\u00e9 #RedeFavelaSustent\u00e1vel [PERFIL] - RioOnWatch<\/title>\n<meta name=\"robots\" content=\"index, follow, max-snippet:-1, max-image-preview:large, max-video-preview:-1\" \/>\n<link rel=\"canonical\" href=\"https:\/\/rioonwatch.org.br\/?p=44848\" \/>\n<meta property=\"og:locale\" content=\"pt_BR\" \/>\n<meta property=\"og:type\" content=\"article\" \/>\n<meta property=\"og:title\" content=\"Coc\u00f4Zap: M\u00eddia Social e Dados do Cidad\u00e3o para Melhorar o Saneamento da Mar\u00e9 #RedeFavelaSustent\u00e1vel [PERFIL] - RioOnWatch\" \/>\n<meta property=\"og:description\" content=\"Click Here for English Iniciativa: Coc\u00f4Zap Contato: Website | Blog |Facebook | Twitter| Email Ano de Funda\u00e7\u00e3o: 2017 Comunidade: Complexo da Mar\u00e9 Miss\u00e3o: Fazer o debate acerca do saneamento b\u00e1sico dentro das favelas ser mais [...]\" \/>\n<meta property=\"og:url\" content=\"https:\/\/rioonwatch.org.br\/?p=44848\" \/>\n<meta property=\"og:site_name\" content=\"RioOnWatch\" \/>\n<meta property=\"article:published_time\" content=\"2020-03-03T16:26:01+00:00\" \/>\n<meta property=\"article:modified_time\" content=\"2020-06-24T23:47:01+00:00\" \/>\n<meta property=\"og:image\" content=\"https:\/\/rioonwatch.org.br\/wp-content\/uploads\/2019\/12\/Coco\u0302Zap.jpeg\" \/>\n\t<meta property=\"og:image:width\" content=\"1280\" \/>\n\t<meta property=\"og:image:height\" content=\"960\" \/>\n\t<meta property=\"og:image:type\" content=\"image\/jpeg\" \/>\n<meta name=\"author\" content=\"Luisa Fenizola\" \/>\n<meta name=\"twitter:card\" content=\"summary_large_image\" \/>\n<meta name=\"twitter:label1\" content=\"Escrito por\" \/>\n\t<meta name=\"twitter:data1\" content=\"Luisa Fenizola\" \/>\n\t<meta name=\"twitter:label2\" content=\"Est. tempo de leitura\" \/>\n\t<meta name=\"twitter:data2\" content=\"8 minutos\" \/>\n<script type=\"application\/ld+json\" class=\"yoast-schema-graph\">{\"@context\":\"https:\/\/schema.org\",\"@graph\":[{\"@type\":\"Article\",\"@id\":\"https:\/\/rioonwatch.org.br\/?p=44848#article\",\"isPartOf\":{\"@id\":\"https:\/\/rioonwatch.org.br\/?p=44848\"},\"author\":{\"name\":\"Luisa Fenizola\",\"@id\":\"https:\/\/rioonwatch.org.br\/#\/schema\/person\/f443c6b55bb6e80842280318076491c5\"},\"headline\":\"Coc\u00f4Zap: M\u00eddia Social e Dados do Cidad\u00e3o para Melhorar o Saneamento da Mar\u00e9 #RedeFavelaSustent\u00e1vel [PERFIL]\",\"datePublished\":\"2020-03-03T16:26:01+00:00\",\"dateModified\":\"2020-06-24T23:47:01+00:00\",\"mainEntityOfPage\":{\"@id\":\"https:\/\/rioonwatch.org.br\/?p=44848\"},\"wordCount\":1687,\"publisher\":{\"@id\":\"https:\/\/rioonwatch.org.br\/#organization\"},\"image\":{\"@id\":\"https:\/\/rioonwatch.org.br\/?p=44848#primaryimage\"},\"thumbnailUrl\":\"https:\/\/rioonwatch.org.br\/wp-content\/uploads\/2019\/12\/Coco\u0302Zap.jpeg\",\"keywords\":[\"Ba\u00eda da Guanabara\",\"CEDAE\",\"coleta de lixo\",\"COMLURB\",\"Complexo da Mar\u00e9\",\"esgoto\",\"Favela Como Modelo Sustent\u00e1vel\",\"mobiliza\u00e7\u00e3o\",\"mobiliza\u00e7\u00e3o criativa\",\"Nova Holanda\",\"Observat\u00f3rio de Favelas\",\"Parque Uni\u00e3o\",\"Perfis Integrantes da Rede Favela Sustent\u00e1vel\",\"pol\u00edtica p\u00fablica\",\"Racismo ambiental\",\"Redes da Mar\u00e9\",\"Rubens Vaz\",\"saneamento\",\"solu\u00e7\u00e3o comunit\u00e1ria\",\"sustentabilidade\",\"tecnologia\",\"tecnologia criativa\",\"UFRJ\",\"WhatsApp\",\"Zona Norte\"],\"articleSection\":[\"*Destaque\",\"Entrevistas e Perfis\",\"Escrito por Aliados\",\"Solu\u00e7\u00f5es\",\"Sustentabilidade\"],\"inLanguage\":\"pt-BR\"},{\"@type\":\"WebPage\",\"@id\":\"https:\/\/rioonwatch.org.br\/?p=44848\",\"url\":\"https:\/\/rioonwatch.org.br\/?p=44848\",\"name\":\"Coc\u00f4Zap: M\u00eddia Social e Dados do Cidad\u00e3o para Melhorar o Saneamento da Mar\u00e9 #RedeFavelaSustent\u00e1vel [PERFIL] - RioOnWatch\",\"isPartOf\":{\"@id\":\"https:\/\/rioonwatch.org.br\/#website\"},\"primaryImageOfPage\":{\"@id\":\"https:\/\/rioonwatch.org.br\/?p=44848#primaryimage\"},\"image\":{\"@id\":\"https:\/\/rioonwatch.org.br\/?p=44848#primaryimage\"},\"thumbnailUrl\":\"https:\/\/rioonwatch.org.br\/wp-content\/uploads\/2019\/12\/Coco\u0302Zap.jpeg\",\"datePublished\":\"2020-03-03T16:26:01+00:00\",\"dateModified\":\"2020-06-24T23:47:01+00:00\",\"breadcrumb\":{\"@id\":\"https:\/\/rioonwatch.org.br\/?p=44848#breadcrumb\"},\"inLanguage\":\"pt-BR\",\"potentialAction\":[{\"@type\":\"ReadAction\",\"target\":[\"https:\/\/rioonwatch.org.br\/?p=44848\"]}]},{\"@type\":\"ImageObject\",\"inLanguage\":\"pt-BR\",\"@id\":\"https:\/\/rioonwatch.org.br\/?p=44848#primaryimage\",\"url\":\"https:\/\/rioonwatch.org.br\/wp-content\/uploads\/2019\/12\/Coco\u0302Zap.jpeg\",\"contentUrl\":\"https:\/\/rioonwatch.org.br\/wp-content\/uploads\/2019\/12\/Coco\u0302Zap.jpeg\",\"width\":1280,\"height\":960},{\"@type\":\"BreadcrumbList\",\"@id\":\"https:\/\/rioonwatch.org.br\/?p=44848#breadcrumb\",\"itemListElement\":[{\"@type\":\"ListItem\",\"position\":1,\"name\":\"In\u00edcio\",\"item\":\"https:\/\/rioonwatch.org.br\/\"},{\"@type\":\"ListItem\",\"position\":2,\"name\":\"Coc\u00f4Zap: M\u00eddia Social e Dados do Cidad\u00e3o para Melhorar o Saneamento da Mar\u00e9 #RedeFavelaSustent\u00e1vel [PERFIL]\"}]},{\"@type\":\"WebSite\",\"@id\":\"https:\/\/rioonwatch.org.br\/#website\",\"url\":\"https:\/\/rioonwatch.org.br\/\",\"name\":\"RioOnWatch\",\"description\":\"relatos das favelas cariocas\",\"publisher\":{\"@id\":\"https:\/\/rioonwatch.org.br\/#organization\"},\"potentialAction\":[{\"@type\":\"SearchAction\",\"target\":{\"@type\":\"EntryPoint\",\"urlTemplate\":\"https:\/\/rioonwatch.org.br\/?s={search_term_string}\"},\"query-input\":{\"@type\":\"PropertyValueSpecification\",\"valueRequired\":true,\"valueName\":\"search_term_string\"}}],\"inLanguage\":\"pt-BR\"},{\"@type\":\"Organization\",\"@id\":\"https:\/\/rioonwatch.org.br\/#organization\",\"name\":\"RioOnWatch\",\"url\":\"https:\/\/rioonwatch.org.br\/\",\"logo\":{\"@type\":\"ImageObject\",\"inLanguage\":\"pt-BR\",\"@id\":\"https:\/\/rioonwatch.org.br\/#\/schema\/logo\/image\/\",\"url\":\"https:\/\/rioonwatch.org.br\/wp-content\/uploads\/2021\/06\/RioOnWatchcabecalhoPT11anos-2.png\",\"contentUrl\":\"https:\/\/rioonwatch.org.br\/wp-content\/uploads\/2021\/06\/RioOnWatchcabecalhoPT11anos-2.png\",\"width\":779,\"height\":277,\"caption\":\"RioOnWatch\"},\"image\":{\"@id\":\"https:\/\/rioonwatch.org.br\/#\/schema\/logo\/image\/\"}},{\"@type\":\"Person\",\"@id\":\"https:\/\/rioonwatch.org.br\/#\/schema\/person\/f443c6b55bb6e80842280318076491c5\",\"name\":\"Luisa Fenizola\",\"image\":{\"@type\":\"ImageObject\",\"inLanguage\":\"pt-BR\",\"@id\":\"https:\/\/rioonwatch.org.br\/#\/schema\/person\/image\/\",\"url\":\"https:\/\/secure.gravatar.com\/avatar\/a3d551110162b9f876cbbdaaecf75663?s=96&d=blank&r=g\",\"contentUrl\":\"https:\/\/secure.gravatar.com\/avatar\/a3d551110162b9f876cbbdaaecf75663?s=96&d=blank&r=g\",\"caption\":\"Luisa Fenizola\"},\"url\":\"https:\/\/rioonwatch.org.br\/?author=152\"}]}<\/script>\n<!-- \/ Yoast SEO plugin. -->","yoast_head_json":{"title":"Coc\u00f4Zap: M\u00eddia Social e Dados do Cidad\u00e3o para Melhorar o Saneamento da Mar\u00e9 #RedeFavelaSustent\u00e1vel [PERFIL] - RioOnWatch","robots":{"index":"index","follow":"follow","max-snippet":"max-snippet:-1","max-image-preview":"max-image-preview:large","max-video-preview":"max-video-preview:-1"},"canonical":"https:\/\/rioonwatch.org.br\/?p=44848","og_locale":"pt_BR","og_type":"article","og_title":"Coc\u00f4Zap: M\u00eddia Social e Dados do Cidad\u00e3o para Melhorar o Saneamento da Mar\u00e9 #RedeFavelaSustent\u00e1vel [PERFIL] - RioOnWatch","og_description":"Click Here for English Iniciativa: Coc\u00f4Zap Contato: Website | Blog |Facebook | Twitter| Email Ano de Funda\u00e7\u00e3o: 2017 Comunidade: Complexo da Mar\u00e9 Miss\u00e3o: Fazer o debate acerca do saneamento b\u00e1sico dentro das favelas ser mais [...]","og_url":"https:\/\/rioonwatch.org.br\/?p=44848","og_site_name":"RioOnWatch","article_published_time":"2020-03-03T16:26:01+00:00","article_modified_time":"2020-06-24T23:47:01+00:00","og_image":[{"width":1280,"height":960,"url":"https:\/\/rioonwatch.org.br\/wp-content\/uploads\/2019\/12\/Coco\u0302Zap.jpeg","type":"image\/jpeg"}],"author":"Luisa Fenizola","twitter_card":"summary_large_image","twitter_misc":{"Escrito por":"Luisa Fenizola","Est. tempo de leitura":"8 minutos"},"schema":{"@context":"https:\/\/schema.org","@graph":[{"@type":"Article","@id":"https:\/\/rioonwatch.org.br\/?p=44848#article","isPartOf":{"@id":"https:\/\/rioonwatch.org.br\/?p=44848"},"author":{"name":"Luisa Fenizola","@id":"https:\/\/rioonwatch.org.br\/#\/schema\/person\/f443c6b55bb6e80842280318076491c5"},"headline":"Coc\u00f4Zap: M\u00eddia Social e Dados do Cidad\u00e3o para Melhorar o Saneamento da Mar\u00e9 #RedeFavelaSustent\u00e1vel [PERFIL]","datePublished":"2020-03-03T16:26:01+00:00","dateModified":"2020-06-24T23:47:01+00:00","mainEntityOfPage":{"@id":"https:\/\/rioonwatch.org.br\/?p=44848"},"wordCount":1687,"publisher":{"@id":"https:\/\/rioonwatch.org.br\/#organization"},"image":{"@id":"https:\/\/rioonwatch.org.br\/?p=44848#primaryimage"},"thumbnailUrl":"https:\/\/rioonwatch.org.br\/wp-content\/uploads\/2019\/12\/Coco\u0302Zap.jpeg","keywords":["Ba\u00eda da Guanabara","CEDAE","coleta de lixo","COMLURB","Complexo da Mar\u00e9","esgoto","Favela Como Modelo Sustent\u00e1vel","mobiliza\u00e7\u00e3o","mobiliza\u00e7\u00e3o criativa","Nova Holanda","Observat\u00f3rio de Favelas","Parque Uni\u00e3o","Perfis Integrantes da Rede Favela Sustent\u00e1vel","pol\u00edtica p\u00fablica","Racismo ambiental","Redes da Mar\u00e9","Rubens Vaz","saneamento","solu\u00e7\u00e3o comunit\u00e1ria","sustentabilidade","tecnologia","tecnologia criativa","UFRJ","WhatsApp","Zona Norte"],"articleSection":["*Destaque","Entrevistas e Perfis","Escrito por Aliados","Solu\u00e7\u00f5es","Sustentabilidade"],"inLanguage":"pt-BR"},{"@type":"WebPage","@id":"https:\/\/rioonwatch.org.br\/?p=44848","url":"https:\/\/rioonwatch.org.br\/?p=44848","name":"Coc\u00f4Zap: M\u00eddia Social e Dados do Cidad\u00e3o para Melhorar o Saneamento da Mar\u00e9 #RedeFavelaSustent\u00e1vel [PERFIL] - RioOnWatch","isPartOf":{"@id":"https:\/\/rioonwatch.org.br\/#website"},"primaryImageOfPage":{"@id":"https:\/\/rioonwatch.org.br\/?p=44848#primaryimage"},"image":{"@id":"https:\/\/rioonwatch.org.br\/?p=44848#primaryimage"},"thumbnailUrl":"https:\/\/rioonwatch.org.br\/wp-content\/uploads\/2019\/12\/Coco\u0302Zap.jpeg","datePublished":"2020-03-03T16:26:01+00:00","dateModified":"2020-06-24T23:47:01+00:00","breadcrumb":{"@id":"https:\/\/rioonwatch.org.br\/?p=44848#breadcrumb"},"inLanguage":"pt-BR","potentialAction":[{"@type":"ReadAction","target":["https:\/\/rioonwatch.org.br\/?p=44848"]}]},{"@type":"ImageObject","inLanguage":"pt-BR","@id":"https:\/\/rioonwatch.org.br\/?p=44848#primaryimage","url":"https:\/\/rioonwatch.org.br\/wp-content\/uploads\/2019\/12\/Coco\u0302Zap.jpeg","contentUrl":"https:\/\/rioonwatch.org.br\/wp-content\/uploads\/2019\/12\/Coco\u0302Zap.jpeg","width":1280,"height":960},{"@type":"BreadcrumbList","@id":"https:\/\/rioonwatch.org.br\/?p=44848#breadcrumb","itemListElement":[{"@type":"ListItem","position":1,"name":"In\u00edcio","item":"https:\/\/rioonwatch.org.br\/"},{"@type":"ListItem","position":2,"name":"Coc\u00f4Zap: M\u00eddia Social e Dados do Cidad\u00e3o para Melhorar o Saneamento da Mar\u00e9 #RedeFavelaSustent\u00e1vel [PERFIL]"}]},{"@type":"WebSite","@id":"https:\/\/rioonwatch.org.br\/#website","url":"https:\/\/rioonwatch.org.br\/","name":"RioOnWatch","description":"relatos das favelas cariocas","publisher":{"@id":"https:\/\/rioonwatch.org.br\/#organization"},"potentialAction":[{"@type":"SearchAction","target":{"@type":"EntryPoint","urlTemplate":"https:\/\/rioonwatch.org.br\/?s={search_term_string}"},"query-input":{"@type":"PropertyValueSpecification","valueRequired":true,"valueName":"search_term_string"}}],"inLanguage":"pt-BR"},{"@type":"Organization","@id":"https:\/\/rioonwatch.org.br\/#organization","name":"RioOnWatch","url":"https:\/\/rioonwatch.org.br\/","logo":{"@type":"ImageObject","inLanguage":"pt-BR","@id":"https:\/\/rioonwatch.org.br\/#\/schema\/logo\/image\/","url":"https:\/\/rioonwatch.org.br\/wp-content\/uploads\/2021\/06\/RioOnWatchcabecalhoPT11anos-2.png","contentUrl":"https:\/\/rioonwatch.org.br\/wp-content\/uploads\/2021\/06\/RioOnWatchcabecalhoPT11anos-2.png","width":779,"height":277,"caption":"RioOnWatch"},"image":{"@id":"https:\/\/rioonwatch.org.br\/#\/schema\/logo\/image\/"}},{"@type":"Person","@id":"https:\/\/rioonwatch.org.br\/#\/schema\/person\/f443c6b55bb6e80842280318076491c5","name":"Luisa Fenizola","image":{"@type":"ImageObject","inLanguage":"pt-BR","@id":"https:\/\/rioonwatch.org.br\/#\/schema\/person\/image\/","url":"https:\/\/secure.gravatar.com\/avatar\/a3d551110162b9f876cbbdaaecf75663?s=96&d=blank&r=g","contentUrl":"https:\/\/secure.gravatar.com\/avatar\/a3d551110162b9f876cbbdaaecf75663?s=96&d=blank&r=g","caption":"Luisa Fenizola"},"url":"https:\/\/rioonwatch.org.br\/?author=152"}]}},"_links":{"self":[{"href":"https:\/\/rioonwatch.org.br\/index.php?rest_route=\/wp\/v2\/posts\/44848"}],"collection":[{"href":"https:\/\/rioonwatch.org.br\/index.php?rest_route=\/wp\/v2\/posts"}],"about":[{"href":"https:\/\/rioonwatch.org.br\/index.php?rest_route=\/wp\/v2\/types\/post"}],"author":[{"embeddable":true,"href":"https:\/\/rioonwatch.org.br\/index.php?rest_route=\/wp\/v2\/users\/152"}],"replies":[{"embeddable":true,"href":"https:\/\/rioonwatch.org.br\/index.php?rest_route=%2Fwp%2Fv2%2Fcomments&post=44848"}],"version-history":[{"count":17,"href":"https:\/\/rioonwatch.org.br\/index.php?rest_route=\/wp\/v2\/posts\/44848\/revisions"}],"predecessor-version":[{"id":47095,"href":"https:\/\/rioonwatch.org.br\/index.php?rest_route=\/wp\/v2\/posts\/44848\/revisions\/47095"}],"wp:featuredmedia":[{"embeddable":true,"href":"https:\/\/rioonwatch.org.br\/index.php?rest_route=\/wp\/v2\/media\/44849"}],"wp:attachment":[{"href":"https:\/\/rioonwatch.org.br\/index.php?rest_route=%2Fwp%2Fv2%2Fmedia&parent=44848"}],"wp:term":[{"taxonomy":"category","embeddable":true,"href":"https:\/\/rioonwatch.org.br\/index.php?rest_route=%2Fwp%2Fv2%2Fcategories&post=44848"},{"taxonomy":"post_tag","embeddable":true,"href":"https:\/\/rioonwatch.org.br\/index.php?rest_route=%2Fwp%2Fv2%2Ftags&post=44848"},{"taxonomy":"writer","embeddable":true,"href":"https:\/\/rioonwatch.org.br\/index.php?rest_route=%2Fwp%2Fv2%2Fwriter&post=44848"},{"taxonomy":"translator","embeddable":true,"href":"https:\/\/rioonwatch.org.br\/index.php?rest_route=%2Fwp%2Fv2%2Ftranslator&post=44848"},{"taxonomy":"source","embeddable":true,"href":"https:\/\/rioonwatch.org.br\/index.php?rest_route=%2Fwp%2Fv2%2Fsource&post=44848"},{"taxonomy":"ilustrador","embeddable":true,"href":"https:\/\/rioonwatch.org.br\/index.php?rest_route=%2Fwp%2Fv2%2Filustrador&post=44848"},{"taxonomy":"fotografo","embeddable":true,"href":"https:\/\/rioonwatch.org.br\/index.php?rest_route=%2Fwp%2Fv2%2Ffotografo&post=44848"}],"curies":[{"name":"wp","href":"https:\/\/api.w.org\/{rel}","templated":true}]}}