{"id":44853,"date":"2019-12-21T15:29:31","date_gmt":"2019-12-21T18:29:31","guid":{"rendered":"https:\/\/rioonwatch.org.br\/?p=44853"},"modified":"2020-03-04T13:34:56","modified_gmt":"2020-03-04T16:34:56","slug":"ate-30-dos-moradores-da-rocinha-correm-risco-de-remocao-se-o-plano-de-reurbanizacao-do-governo-avancar","status":"publish","type":"post","link":"https:\/\/rioonwatch.org.br\/?p=44853","title":{"rendered":"At\u00e9 30% dos Moradores da Rocinha Correm Risco de Remo\u00e7\u00e3o se o Plano de Reurbaniza\u00e7\u00e3o do Governo Avan\u00e7ar"},"content":{"rendered":"<p style=\"text-align: right;\"><em><strong><a href=\"http:\/\/bit.ly\/36RwXFO\" target=\"_blank\" rel=\"noopener noreferrer\">Click Here for English<\/a><a href=\"http:\/\/bit.ly\/36RwXFO\" target=\"_blank\" rel=\"noopener noreferrer\"><img decoding=\"async\" width=\"20\" height=\"20\" class=\"alignright wp-image-15790\" src=\"http:\/\/rioonwatch.org.br\/wp-content\/uploads\/2012\/08\/EN-standard-e1439583104716.jpg\" \/><\/a><\/strong><\/em><\/p>\n<p>No dia 14 de dezembro, um grupo de 30 moradores da favela da <a href=\"http:\/\/bit.ly\/2XuTtjt\" target=\"_blank\" rel=\"noopener noreferrer\">Rocinha<\/a>, <a href=\"http:\/\/bit.ly\/2WL6FUi\" target=\"_blank\" rel=\"noopener noreferrer\">Zona Sul<\/a>, se reuniu na par\u00f3quia local, <span style=\"font-weight: 400;\"><a href=\"http:\/\/bit.ly\/2kUmyql\" target=\"_blank\" rel=\"noopener noreferrer\">Nossa Senhora da Boa Viagem<\/a><\/span>. A maioria estava preocupada. Muitos temiam remo\u00e7\u00f5es em meio aos ambiciosos planos de desenvolvimento do governo. Pelo <a href=\"http:\/\/bit.ly\/2lYNtS6\" target=\"_blank\" rel=\"noopener noreferrer\">terceiro m\u00eas consecutivo<\/a>, o <span style=\"font-weight: 400;\"><a href=\"http:\/\/bit.ly\/2Dd9PVR\" target=\"_blank\" rel=\"noopener noreferrer\">Rocinha Sem Fronteiras<\/a><\/span>, um grupo comunit\u00e1rio que se re\u00fane mensalmente para discutir quest\u00f5es de moradores, se reuniu para debater o prov\u00e1vel impacto massivo do programa Comunidade Cidade, proposto pelo estado.<\/p>\n<p>Entre as <a href=\"http:\/\/bit.ly\/2YNhPVq\" target=\"_blank\" rel=\"noopener noreferrer\">promessas de campanha<\/a> do Governador Wilson Witzel, o plano de urbaniza\u00e7\u00e3o de R$1,5 bilh\u00e3o abordar\u00e1 ostensivamente os problemas de infraestrutura e saneamento em tr\u00eas favelas do Rio: Rocinha na Zona Sul; <a href=\"http:\/\/bit.ly\/2K1s59x\" target=\"_blank\" rel=\"noopener noreferrer\">Complexo da Mar\u00e9<\/a> na Zona Norte; e Salgueiro, localizado em Niter\u00f3i. Embora as autoridades ainda n\u00e3o forneceram planos detalhados, o programa <a href=\"http:\/\/bit.ly\/2rQEXbm\" target=\"_blank\" rel=\"noopener noreferrer\">ganhou seu pr\u00f3prio subsecretariado<\/a> em 16 de dezembro. O projeto est\u00e1 previsto para come\u00e7ar na Rocinha, mas n\u00e3o foi dada uma data de in\u00edcio.<\/p>\n<p>Embora a Rocinha tenha <a href=\"http:\/\/bit.ly\/2mde8ux\" target=\"_blank\" rel=\"noopener noreferrer\">recebido dezenas de programas de urbaniza\u00e7\u00e3o e renova\u00e7\u00e3o<\/a> no passado, muitos <a href=\"http:\/\/bit.ly\/2MdesDM\" target=\"_blank\" rel=\"noopener noreferrer\">nunca foram conclu\u00eddos<\/a>, contribuindo para a falta de confian\u00e7a dos moradores nas autoridades governamentais. <span style=\"font-weight: 400;\">Comunidade Cidade<\/span> agora <a href=\"http:\/\/bit.ly\/2rJ25IJ\" target=\"_blank\" rel=\"noopener noreferrer\">promete ser o maior projeto de renova\u00e7\u00e3o<\/a> at\u00e9 hoje e mudar\u00e1 profundamente a forma da Rocinha nos pr\u00f3ximos tr\u00eas anos. Al\u00e9m da desconfian\u00e7a no governo, os moradores agora temem pelo <a href=\"https:\/\/glo.bo\/2ZtiNdU\" target=\"_blank\" rel=\"noopener noreferrer\">n\u00famero de fam\u00edlias<\/a> amea\u00e7adas de remo\u00e7\u00e3o.<\/p>\n<p><a href=\"https:\/\/rioonwatch.org.br\/wp-content\/uploads\/2019\/12\/rsfronteiras.jpg\"><img fetchpriority=\"high\" decoding=\"async\" class=\"aligncenter wp-image-44865 size-content\" title=\"Moradores discutem plano estadual para Rocinha.\" src=\"https:\/\/rioonwatch.org.br\/wp-content\/uploads\/2019\/12\/rsfronteiras-620x264.jpg\" alt=\"\" width=\"620\" height=\"264\" srcset=\"https:\/\/rioonwatch.org.br\/wp-content\/uploads\/2019\/12\/rsfronteiras-620x264.jpg 620w, https:\/\/rioonwatch.org.br\/wp-content\/uploads\/2019\/12\/rsfronteiras-940x400.jpg 940w\" sizes=\"(max-width: 620px) 100vw, 620px\" \/><\/a><br \/>\n&#8220;<a href=\"http:\/\/bit.ly\/36VFQOm\" target=\"_blank\" rel=\"noopener noreferrer\">Temos que mobilizar os outros moradores<\/a>&#8220;, disse um participante da reuni\u00e3o. &#8220;Eles (o Estado) v\u00e3o fazer o projeto do jeito deles, vai ser um projeto politico. A tend\u00eancia \u00e9 piorar se os moradores deixarem isso acontecer&#8221;.<\/p>\n<p>O Governador Witzel havia anunciado a remo\u00e7\u00e3o de cerca de 7.000 moradores, mas as <a href=\"http:\/\/bit.ly\/2Q2RovT\" target=\"_blank\" rel=\"noopener noreferrer\">autoridades confirmaram mais tarde<\/a> que o valor se aplicava \u00e0 fam\u00edlias e n\u00e3o indiv\u00edduos. Segundo o Defensor P\u00fablico Luiz Gustavo, presente na reuni\u00e3o do Rocinha Sem Fronteiras, 7.400 fam\u00edlias ser\u00e3o removidas para dar espa\u00e7o \u00e0s obras do Comunidade Cidade<span style=\"font-weight: 400;\">\u2014<\/span>at\u00e9 30.000 moradores. Embora organiza\u00e7\u00f5es comunit\u00e1rias frequentemente contam a maior favela do Rio com 200.000 habitantes, dados oficiais dizem que existem cerca de 100.000 moradores na Rocinha, o que significa que algo entre um ter\u00e7o e um sexto do bairro pode enfrentar remo\u00e7\u00e3o.<\/p>\n<p>O estado sustenta que procurar\u00e1 fornecer moradias alternativas para os removidos na forma de 18 blocos de apartamentos, cada um com 10 andares de altura. Mas Gustavo alertou que os apartamentos propostos ser\u00e3o insuficientes para abrigar todas as fam\u00edlias afetadas: muitos ser\u00e3o for\u00e7ados a deixar a comunidade. Enquanto isso, as fam\u00edlias realocadas receber\u00e3o indeniza\u00e7\u00e3o com <a href=\"http:\/\/bit.ly\/2YWwkb7\" target=\"_blank\" rel=\"noopener noreferrer\">base nas avalia\u00e7\u00f5es de cada resid\u00eancia<\/a>. Moradores se perguntavam se os que ficassem poderiam se dar ao luxo de morar nos novos apartamentos, uma vez que os edif\u00edcios podem incorrer em novas despesas, como porteiros, elevadores, manuten\u00e7\u00e3o e custos de limpeza.<\/p>\n<p>Os moradores agora est\u00e3o lutando para obter mais informa\u00e7\u00f5es. Falando na reuni\u00e3o do Rocinha Sem Fronteiras, Gustavo disse que havia solicitado e obtido um CD produzido pelo estado com informa\u00e7\u00f5es mais detalhadas, mas o disco estava danificado e inacess\u00edvel. Al\u00e9m disso, a coordenadora do projeto Comunidade Cidade, Ruth Jurberg, recusou um convite para participar da discuss\u00e3o pelo segundo m\u00eas consecutivo.<\/p>\n<p><span style=\"font-weight: 400;\"><a href=\"https:\/\/rioonwatch.org.br\/wp-content\/uploads\/2019\/12\/JurburgRocinha.jpg\"><img decoding=\"async\" class=\"aligncenter wp-image-44867 size-content\" title=\"Coordenadora do Comunidade Cidade, Ruth Jurberg, fala na Rocinha, 9 de setembro. Foto: Michel Silva \/ Fala Ro\u00e7a\" src=\"https:\/\/rioonwatch.org.br\/wp-content\/uploads\/2019\/12\/JurburgRocinha-620x264.jpg\" alt=\"\" width=\"620\" height=\"264\" srcset=\"https:\/\/rioonwatch.org.br\/wp-content\/uploads\/2019\/12\/JurburgRocinha-620x264.jpg 620w, https:\/\/rioonwatch.org.br\/wp-content\/uploads\/2019\/12\/JurburgRocinha-940x400.jpg 940w\" sizes=\"(max-width: 620px) 100vw, 620px\" \/><\/a><br \/>\n<\/span>Apesar de sua recusa em falar diretamente com moradores da Rocinha (ela <a href=\"http:\/\/bit.ly\/2Q2RovT\" target=\"_blank\" rel=\"noopener noreferrer\">falou pela \u00faltima vez na Rocinha<\/a> em setembro), Ruth <a href=\"http:\/\/bit.ly\/2Q2RovT\" target=\"_blank\" rel=\"noopener noreferrer\">apresentou recentemente<\/a> o Comunidade Cidade em um semin\u00e1rio de planejamento urbano e regulariza\u00e7\u00e3o fundi\u00e1ria, em novembro. Falando na faculdade de direito do estado, <a href=\"http:\/\/bit.ly\/2sBhHhc\" target=\"_blank\" rel=\"noopener noreferrer\">EMERJ<\/a>, no Centro do Rio, Ruth explicou alguns dos objetivos do projeto.<\/p>\n<p>Comunidade Cidade pretende reconstruir a Rocinha de cima para baixo. Ele come\u00e7ar\u00e1 na Vila Cruzeiro (o ponto mais alto da Rocinha) e no bairro <a href=\"http:\/\/bit.ly\/36RMAwN\" target=\"_blank\" rel=\"noopener noreferrer\">Labouriaux<\/a><span style=\"font-weight: 400;\">\u2014<\/span>que j\u00e1 foi amea\u00e7ado de <a href=\"http:\/\/bit.ly\/2PUIhKd\" target=\"_blank\" rel=\"noopener noreferrer\">remo\u00e7\u00e3o durante as Olimp\u00edadas<\/a> e as <a href=\"http:\/\/bit.ly\/2WUyaXC\" target=\"_blank\" rel=\"noopener noreferrer\">fortes chuvas<\/a> de 2019<span style=\"font-weight: 400;\">\u2014<\/span>e terminar\u00e1 na parte inferior da favela.<\/p>\n<div class=\"tlid-input input\">\n<div class=\"source-wrap\">\n<div class=\"input-full-height-wrapper tlid-input-full-height-wrapper\">\n<div class=\"source-input\">\n<div class=\"source-footer-wrap source-or-target-footer\">\n<div class=\"character-count tlid-character-count\">\n<div class=\"cc-ctr normal\"><span title=\"\">Ruth disse ainda que o saneamento seria um dos objetivos centrais do Comunidade Cidade, consumindo R$1 bilh\u00e3o.<\/span> <span class=\"\" title=\"\">O projeto visaria melhorar a coleta e reciclagem de lixo, aumentando o n\u00famero de pontos de coleta na Rocinha e melhorando os onze existentes.<\/span> <span class=\"\" title=\"\">O projeto tamb\u00e9m procuraria melhorar a <a href=\"https:\/\/glo.bo\/2kxVaOJ\" target=\"_blank\" rel=\"noopener noreferrer\">rede de esgoto<\/a> e o abastecimento de \u00e1gua da Rocinha.<\/span> <span class=\"\" title=\"\">Atualmente, a comunidade possui <a href=\"http:\/\/bit.ly\/2lT9KAA\" target=\"_blank\" rel=\"noopener noreferrer\">v\u00e1rias cachoeiras de esgoto<\/a> que afetam drasticamente a sa\u00fade p\u00fablica e apenas 25% dos moradores da Rocinha recebem \u00e1gua tratada adequadamente;<\/span> <span title=\"\">o projeto visa aumentar esse n\u00famero para 60%.<\/span><\/div>\n<\/div>\n<\/div>\n<\/div>\n<\/div>\n<\/div>\n<\/div>\n<p>Autoridades afirmam que o plano melhorar\u00e1 a mobilidade na Rocinha. De acordo com Ruth, o programa se concentrar\u00e1 em criar uma melhor malha de ruas, melhorar as rotas existentes e criar mais ruas orientadas para carros (<a href=\"http:\/\/bit.ly\/2PEz7ma\" target=\"_blank\" rel=\"noopener noreferrer\">reduzindo as vias de pedestre<\/a>) que permitiriam circular ambul\u00e2ncias, bombeiros e coletores de lixo. O projeto planeja <a href=\"http:\/\/bit.ly\/36XsEsB\" target=\"_blank\" rel=\"noopener noreferrer\">ampliar ruas em \u00e1reas densas<\/a>, a fim de melhorar a qualidade do ar e reduzir a umidade.<\/p>\n<p>At\u00e9 que os planos sejam formados com intensa participa\u00e7\u00e3o de moradores, e ent\u00e3o consolidados e oficializados, todavia a descri\u00e7\u00e3o do programa de Ruth soa vazia. Os moradores permanecem afastados dos planos para sua pr\u00f3pria comunidade e, embora muitos concordem com a necessidade da Rocinha <a href=\"http:\/\/bit.ly\/2lT9KAA\" target=\"_blank\" rel=\"noopener noreferrer\">receber obras de melhorias no saneamento<\/a>, entre outras demandas, as fam\u00edlias continuam preocupadas com a \u00fanica promessa clara feita pelas autoridades do Comunidade Cidade at\u00e9 agora: a de remo\u00e7\u00e3o.<\/p>\n<hr \/>\n<h4>Apoie o jornalismo hiperlocal, cr\u00edtico, inovador e incans\u00e1vel do\u00a0<em>RioOnWatch<\/em>. #QueroReportagensSobreFavelas\u2014<a href=\"http:\/\/bit.ly\/CatalisandoComunidades\">doe aqui<\/a>.<\/h4>\n<h4>Como uma iniciativa sem fins lucrativos, estamos realizando uma campanha de capta\u00e7\u00e3o de recursos durante o m\u00eas de dezembro para garantir a continua\u00e7\u00e3o do nosso trabalho cobrindo not\u00edcias das favelas. Contamos com leitores como voc\u00ea para garantir a desconstru\u00e7\u00e3o cont\u00ednua da narrativa estigmatizante em torno das favelas por meio de not\u00edcias que mostram seu potencial.<\/h4>\n<h4>#T\u00f4ComAsFavelas e\u00a0<a href=\"http:\/\/bit.ly\/CatalisandoComunidades\">vou doar<\/a>.<\/h4>\n<!-- AddThis Advanced Settings generic via filter on the_content --><!-- AddThis Share Buttons generic via filter on the_content -->","protected":false},"excerpt":{"rendered":"<div class=\"mh-excerpt\"><p>Click Here for English No dia 14 de dezembro, um grupo de 30 moradores da favela da Rocinha, Zona Sul, se reuniu na par\u00f3quia local, Nossa Senhora da Boa Viagem. A maioria estava preocupada. Muitos <a class=\"mh-excerpt-more\" href=\"https:\/\/rioonwatch.org.br\/?p=44853\" title=\"At\u00e9 30% dos Moradores da Rocinha Correm Risco de Remo\u00e7\u00e3o se o Plano de Reurbaniza\u00e7\u00e3o do Governo Avan\u00e7ar\">[&#8230;]<\/a><!-- AddThis Advanced Settings generic via filter on get_the_excerpt --><!-- AddThis Share Buttons generic via filter on get_the_excerpt --><\/p>\n<\/div>","protected":false},"author":129,"featured_media":44859,"comment_status":"closed","ping_status":"closed","sticky":false,"template":"","format":"standard","meta":{"_acf_changed":false,"_monsterinsights_skip_tracking":false,"_monsterinsights_sitenote_active":false,"_monsterinsights_sitenote_note":"","_monsterinsights_sitenote_category":0,"footnotes":""},"categories":[1617,1618,1614,1621,1627,346,1626,344,1612],"tags":[510,332,2694,90,322,60,994,1037,358,359,14,432,16,2650,492,2560,383],"writer":[2727],"translator":[273],"source":[],"ilustrador":[],"fotografo":[],"class_list":{"0":"post-44853","1":"post","2":"type-post","3":"status-publish","4":"format-standard","5":"has-post-thumbnail","7":"category-olhonagentrificacao","8":"category-olhonaparticipacao","9":"category-olhonasremocoes","10":"category-destaque","11":"category-relato-de-evento","12":"category-denuncias","13":"category-por-observadores-internacionais","14":"category-politicas","15":"category-sociedade-civil","16":"tag-agua","17":"tag-complexo-da-mare","18":"tag-comunidade-cidade","19":"tag-defensoria-publica","20":"tag-esgoto","21":"tag-tijuca","22":"tag-habitacao-publica","23":"tag-moradia","24":"tag-organizacao-comunitaria","25":"tag-participacao-zero","26":"tag-remocao","27":"tag-resistencia","28":"tag-rocinha","29":"tag-rocinha-sem-fronteiras","30":"tag-saneamento","31":"tag-wilson-witzel","32":"tag-zona-sul","33":"writer-camilla-piccolo","34":"translator-roseli-franco"},"acf":[],"yoast_head":"<!-- This site is optimized with the Yoast SEO plugin v25.6 - https:\/\/yoast.com\/wordpress\/plugins\/seo\/ -->\n<title>At\u00e9 30% dos Moradores da Rocinha Correm Risco de Remo\u00e7\u00e3o se o Plano de Reurbaniza\u00e7\u00e3o do Governo Avan\u00e7ar - RioOnWatch<\/title>\n<meta name=\"robots\" content=\"index, follow, max-snippet:-1, max-image-preview:large, max-video-preview:-1\" \/>\n<link rel=\"canonical\" href=\"https:\/\/rioonwatch.org.br\/?p=44853\" \/>\n<meta property=\"og:locale\" content=\"pt_BR\" \/>\n<meta property=\"og:type\" content=\"article\" \/>\n<meta property=\"og:title\" content=\"At\u00e9 30% dos Moradores da Rocinha Correm Risco de Remo\u00e7\u00e3o se o Plano de Reurbaniza\u00e7\u00e3o do Governo Avan\u00e7ar - RioOnWatch\" \/>\n<meta property=\"og:description\" content=\"Click Here for English No dia 14 de dezembro, um grupo de 30 moradores da favela da Rocinha, Zona Sul, se reuniu na par\u00f3quia local, Nossa Senhora da Boa Viagem. A maioria estava preocupada. Muitos [...]\" \/>\n<meta property=\"og:url\" content=\"https:\/\/rioonwatch.org.br\/?p=44853\" \/>\n<meta property=\"og:site_name\" content=\"RioOnWatch\" \/>\n<meta property=\"article:published_time\" content=\"2019-12-21T18:29:31+00:00\" \/>\n<meta property=\"article:modified_time\" content=\"2020-03-04T16:34:56+00:00\" \/>\n<meta property=\"og:image\" content=\"https:\/\/rioonwatch.org.br\/wp-content\/uploads\/2019\/12\/vidigal-e1576807276285.jpg\" \/>\n\t<meta property=\"og:image:width\" content=\"2000\" \/>\n\t<meta property=\"og:image:height\" content=\"1500\" \/>\n\t<meta property=\"og:image:type\" content=\"image\/jpeg\" \/>\n<meta name=\"author\" content=\"Admin\" \/>\n<meta name=\"twitter:card\" content=\"summary_large_image\" \/>\n<meta name=\"twitter:label1\" content=\"Escrito por\" \/>\n\t<meta name=\"twitter:data1\" content=\"Admin\" \/>\n\t<meta name=\"twitter:label2\" content=\"Est. tempo de leitura\" \/>\n\t<meta name=\"twitter:data2\" content=\"5 minutos\" \/>\n<script type=\"application\/ld+json\" class=\"yoast-schema-graph\">{\"@context\":\"https:\/\/schema.org\",\"@graph\":[{\"@type\":\"Article\",\"@id\":\"https:\/\/rioonwatch.org.br\/?p=44853#article\",\"isPartOf\":{\"@id\":\"https:\/\/rioonwatch.org.br\/?p=44853\"},\"author\":{\"name\":\"Admin\",\"@id\":\"https:\/\/rioonwatch.org.br\/#\/schema\/person\/11d64c290506f9df50c71b850c473f68\"},\"headline\":\"At\u00e9 30% dos Moradores da Rocinha Correm Risco de Remo\u00e7\u00e3o se o Plano de Reurbaniza\u00e7\u00e3o do Governo Avan\u00e7ar\",\"datePublished\":\"2019-12-21T18:29:31+00:00\",\"dateModified\":\"2020-03-04T16:34:56+00:00\",\"mainEntityOfPage\":{\"@id\":\"https:\/\/rioonwatch.org.br\/?p=44853\"},\"wordCount\":1023,\"publisher\":{\"@id\":\"https:\/\/rioonwatch.org.br\/#organization\"},\"image\":{\"@id\":\"https:\/\/rioonwatch.org.br\/?p=44853#primaryimage\"},\"thumbnailUrl\":\"https:\/\/rioonwatch.org.br\/wp-content\/uploads\/2019\/12\/vidigal-e1576807276285.jpg\",\"keywords\":[\"\u00e1gua\",\"Complexo da Mar\u00e9\",\"Comunidade Cidade\",\"Defensoria P\u00fablica\",\"esgoto\",\"Grande Tijuca\",\"habita\u00e7\u00e3o p\u00fablica\",\"moradia\",\"organiza\u00e7\u00e3o comunit\u00e1ria\",\"participa\u00e7\u00e3o zero\",\"Remo\u00e7\u00e3o\",\"resist\u00eancia\",\"Rocinha\",\"Rocinha Sem Fronteiras\",\"saneamento\",\"Wilson Witzel\",\"Zona Sul\"],\"articleSection\":[\"#OlhoNaGentrifica\u00e7\u00e3o\",\"#OlhoNaParticipa\u00e7\u00e3o\",\"#OlhoNasRemo\u00e7\u00f5es\",\"*Destaque\",\"Cobertura de Eventos\",\"Den\u00fancias\",\"Escrito por Aliados\",\"Pol\u00edticas\",\"Sociedade Civil\"],\"inLanguage\":\"pt-BR\"},{\"@type\":\"WebPage\",\"@id\":\"https:\/\/rioonwatch.org.br\/?p=44853\",\"url\":\"https:\/\/rioonwatch.org.br\/?p=44853\",\"name\":\"At\u00e9 30% dos Moradores da Rocinha Correm Risco de Remo\u00e7\u00e3o se o Plano de Reurbaniza\u00e7\u00e3o do Governo Avan\u00e7ar - RioOnWatch\",\"isPartOf\":{\"@id\":\"https:\/\/rioonwatch.org.br\/#website\"},\"primaryImageOfPage\":{\"@id\":\"https:\/\/rioonwatch.org.br\/?p=44853#primaryimage\"},\"image\":{\"@id\":\"https:\/\/rioonwatch.org.br\/?p=44853#primaryimage\"},\"thumbnailUrl\":\"https:\/\/rioonwatch.org.br\/wp-content\/uploads\/2019\/12\/vidigal-e1576807276285.jpg\",\"datePublished\":\"2019-12-21T18:29:31+00:00\",\"dateModified\":\"2020-03-04T16:34:56+00:00\",\"breadcrumb\":{\"@id\":\"https:\/\/rioonwatch.org.br\/?p=44853#breadcrumb\"},\"inLanguage\":\"pt-BR\",\"potentialAction\":[{\"@type\":\"ReadAction\",\"target\":[\"https:\/\/rioonwatch.org.br\/?p=44853\"]}]},{\"@type\":\"ImageObject\",\"inLanguage\":\"pt-BR\",\"@id\":\"https:\/\/rioonwatch.org.br\/?p=44853#primaryimage\",\"url\":\"https:\/\/rioonwatch.org.br\/wp-content\/uploads\/2019\/12\/vidigal-e1576807276285.jpg\",\"contentUrl\":\"https:\/\/rioonwatch.org.br\/wp-content\/uploads\/2019\/12\/vidigal-e1576807276285.jpg\",\"width\":2000,\"height\":1500},{\"@type\":\"BreadcrumbList\",\"@id\":\"https:\/\/rioonwatch.org.br\/?p=44853#breadcrumb\",\"itemListElement\":[{\"@type\":\"ListItem\",\"position\":1,\"name\":\"In\u00edcio\",\"item\":\"https:\/\/rioonwatch.org.br\/\"},{\"@type\":\"ListItem\",\"position\":2,\"name\":\"At\u00e9 30% dos Moradores da Rocinha Correm Risco de Remo\u00e7\u00e3o se o Plano de Reurbaniza\u00e7\u00e3o do Governo Avan\u00e7ar\"}]},{\"@type\":\"WebSite\",\"@id\":\"https:\/\/rioonwatch.org.br\/#website\",\"url\":\"https:\/\/rioonwatch.org.br\/\",\"name\":\"RioOnWatch\",\"description\":\"relatos das favelas cariocas\",\"publisher\":{\"@id\":\"https:\/\/rioonwatch.org.br\/#organization\"},\"potentialAction\":[{\"@type\":\"SearchAction\",\"target\":{\"@type\":\"EntryPoint\",\"urlTemplate\":\"https:\/\/rioonwatch.org.br\/?s={search_term_string}\"},\"query-input\":{\"@type\":\"PropertyValueSpecification\",\"valueRequired\":true,\"valueName\":\"search_term_string\"}}],\"inLanguage\":\"pt-BR\"},{\"@type\":\"Organization\",\"@id\":\"https:\/\/rioonwatch.org.br\/#organization\",\"name\":\"RioOnWatch\",\"url\":\"https:\/\/rioonwatch.org.br\/\",\"logo\":{\"@type\":\"ImageObject\",\"inLanguage\":\"pt-BR\",\"@id\":\"https:\/\/rioonwatch.org.br\/#\/schema\/logo\/image\/\",\"url\":\"https:\/\/rioonwatch.org.br\/wp-content\/uploads\/2021\/06\/RioOnWatchcabecalhoPT11anos-2.png\",\"contentUrl\":\"https:\/\/rioonwatch.org.br\/wp-content\/uploads\/2021\/06\/RioOnWatchcabecalhoPT11anos-2.png\",\"width\":779,\"height\":277,\"caption\":\"RioOnWatch\"},\"image\":{\"@id\":\"https:\/\/rioonwatch.org.br\/#\/schema\/logo\/image\/\"}},{\"@type\":\"Person\",\"@id\":\"https:\/\/rioonwatch.org.br\/#\/schema\/person\/11d64c290506f9df50c71b850c473f68\",\"name\":\"Admin\",\"image\":{\"@type\":\"ImageObject\",\"inLanguage\":\"pt-BR\",\"@id\":\"https:\/\/rioonwatch.org.br\/#\/schema\/person\/image\/\",\"url\":\"https:\/\/secure.gravatar.com\/avatar\/56211ac74568383903349a1485e3c325?s=96&d=blank&r=g\",\"contentUrl\":\"https:\/\/secure.gravatar.com\/avatar\/56211ac74568383903349a1485e3c325?s=96&d=blank&r=g\",\"caption\":\"Admin\"},\"url\":\"https:\/\/rioonwatch.org.br\/?author=129\"}]}<\/script>\n<!-- \/ Yoast SEO plugin. -->","yoast_head_json":{"title":"At\u00e9 30% dos Moradores da Rocinha Correm Risco de Remo\u00e7\u00e3o se o Plano de Reurbaniza\u00e7\u00e3o do Governo Avan\u00e7ar - RioOnWatch","robots":{"index":"index","follow":"follow","max-snippet":"max-snippet:-1","max-image-preview":"max-image-preview:large","max-video-preview":"max-video-preview:-1"},"canonical":"https:\/\/rioonwatch.org.br\/?p=44853","og_locale":"pt_BR","og_type":"article","og_title":"At\u00e9 30% dos Moradores da Rocinha Correm Risco de Remo\u00e7\u00e3o se o Plano de Reurbaniza\u00e7\u00e3o do Governo Avan\u00e7ar - RioOnWatch","og_description":"Click Here for English No dia 14 de dezembro, um grupo de 30 moradores da favela da Rocinha, Zona Sul, se reuniu na par\u00f3quia local, Nossa Senhora da Boa Viagem. A maioria estava preocupada. Muitos [...]","og_url":"https:\/\/rioonwatch.org.br\/?p=44853","og_site_name":"RioOnWatch","article_published_time":"2019-12-21T18:29:31+00:00","article_modified_time":"2020-03-04T16:34:56+00:00","og_image":[{"width":2000,"height":1500,"url":"https:\/\/rioonwatch.org.br\/wp-content\/uploads\/2019\/12\/vidigal-e1576807276285.jpg","type":"image\/jpeg"}],"author":"Admin","twitter_card":"summary_large_image","twitter_misc":{"Escrito por":"Admin","Est. tempo de leitura":"5 minutos"},"schema":{"@context":"https:\/\/schema.org","@graph":[{"@type":"Article","@id":"https:\/\/rioonwatch.org.br\/?p=44853#article","isPartOf":{"@id":"https:\/\/rioonwatch.org.br\/?p=44853"},"author":{"name":"Admin","@id":"https:\/\/rioonwatch.org.br\/#\/schema\/person\/11d64c290506f9df50c71b850c473f68"},"headline":"At\u00e9 30% dos Moradores da Rocinha Correm Risco de Remo\u00e7\u00e3o se o Plano de Reurbaniza\u00e7\u00e3o do Governo Avan\u00e7ar","datePublished":"2019-12-21T18:29:31+00:00","dateModified":"2020-03-04T16:34:56+00:00","mainEntityOfPage":{"@id":"https:\/\/rioonwatch.org.br\/?p=44853"},"wordCount":1023,"publisher":{"@id":"https:\/\/rioonwatch.org.br\/#organization"},"image":{"@id":"https:\/\/rioonwatch.org.br\/?p=44853#primaryimage"},"thumbnailUrl":"https:\/\/rioonwatch.org.br\/wp-content\/uploads\/2019\/12\/vidigal-e1576807276285.jpg","keywords":["\u00e1gua","Complexo da Mar\u00e9","Comunidade Cidade","Defensoria P\u00fablica","esgoto","Grande Tijuca","habita\u00e7\u00e3o p\u00fablica","moradia","organiza\u00e7\u00e3o comunit\u00e1ria","participa\u00e7\u00e3o zero","Remo\u00e7\u00e3o","resist\u00eancia","Rocinha","Rocinha Sem Fronteiras","saneamento","Wilson Witzel","Zona Sul"],"articleSection":["#OlhoNaGentrifica\u00e7\u00e3o","#OlhoNaParticipa\u00e7\u00e3o","#OlhoNasRemo\u00e7\u00f5es","*Destaque","Cobertura de Eventos","Den\u00fancias","Escrito por Aliados","Pol\u00edticas","Sociedade Civil"],"inLanguage":"pt-BR"},{"@type":"WebPage","@id":"https:\/\/rioonwatch.org.br\/?p=44853","url":"https:\/\/rioonwatch.org.br\/?p=44853","name":"At\u00e9 30% dos Moradores da Rocinha Correm Risco de Remo\u00e7\u00e3o se o Plano de Reurbaniza\u00e7\u00e3o do Governo Avan\u00e7ar - RioOnWatch","isPartOf":{"@id":"https:\/\/rioonwatch.org.br\/#website"},"primaryImageOfPage":{"@id":"https:\/\/rioonwatch.org.br\/?p=44853#primaryimage"},"image":{"@id":"https:\/\/rioonwatch.org.br\/?p=44853#primaryimage"},"thumbnailUrl":"https:\/\/rioonwatch.org.br\/wp-content\/uploads\/2019\/12\/vidigal-e1576807276285.jpg","datePublished":"2019-12-21T18:29:31+00:00","dateModified":"2020-03-04T16:34:56+00:00","breadcrumb":{"@id":"https:\/\/rioonwatch.org.br\/?p=44853#breadcrumb"},"inLanguage":"pt-BR","potentialAction":[{"@type":"ReadAction","target":["https:\/\/rioonwatch.org.br\/?p=44853"]}]},{"@type":"ImageObject","inLanguage":"pt-BR","@id":"https:\/\/rioonwatch.org.br\/?p=44853#primaryimage","url":"https:\/\/rioonwatch.org.br\/wp-content\/uploads\/2019\/12\/vidigal-e1576807276285.jpg","contentUrl":"https:\/\/rioonwatch.org.br\/wp-content\/uploads\/2019\/12\/vidigal-e1576807276285.jpg","width":2000,"height":1500},{"@type":"BreadcrumbList","@id":"https:\/\/rioonwatch.org.br\/?p=44853#breadcrumb","itemListElement":[{"@type":"ListItem","position":1,"name":"In\u00edcio","item":"https:\/\/rioonwatch.org.br\/"},{"@type":"ListItem","position":2,"name":"At\u00e9 30% dos Moradores da Rocinha Correm Risco de Remo\u00e7\u00e3o se o Plano de Reurbaniza\u00e7\u00e3o do Governo Avan\u00e7ar"}]},{"@type":"WebSite","@id":"https:\/\/rioonwatch.org.br\/#website","url":"https:\/\/rioonwatch.org.br\/","name":"RioOnWatch","description":"relatos das favelas cariocas","publisher":{"@id":"https:\/\/rioonwatch.org.br\/#organization"},"potentialAction":[{"@type":"SearchAction","target":{"@type":"EntryPoint","urlTemplate":"https:\/\/rioonwatch.org.br\/?s={search_term_string}"},"query-input":{"@type":"PropertyValueSpecification","valueRequired":true,"valueName":"search_term_string"}}],"inLanguage":"pt-BR"},{"@type":"Organization","@id":"https:\/\/rioonwatch.org.br\/#organization","name":"RioOnWatch","url":"https:\/\/rioonwatch.org.br\/","logo":{"@type":"ImageObject","inLanguage":"pt-BR","@id":"https:\/\/rioonwatch.org.br\/#\/schema\/logo\/image\/","url":"https:\/\/rioonwatch.org.br\/wp-content\/uploads\/2021\/06\/RioOnWatchcabecalhoPT11anos-2.png","contentUrl":"https:\/\/rioonwatch.org.br\/wp-content\/uploads\/2021\/06\/RioOnWatchcabecalhoPT11anos-2.png","width":779,"height":277,"caption":"RioOnWatch"},"image":{"@id":"https:\/\/rioonwatch.org.br\/#\/schema\/logo\/image\/"}},{"@type":"Person","@id":"https:\/\/rioonwatch.org.br\/#\/schema\/person\/11d64c290506f9df50c71b850c473f68","name":"Admin","image":{"@type":"ImageObject","inLanguage":"pt-BR","@id":"https:\/\/rioonwatch.org.br\/#\/schema\/person\/image\/","url":"https:\/\/secure.gravatar.com\/avatar\/56211ac74568383903349a1485e3c325?s=96&d=blank&r=g","contentUrl":"https:\/\/secure.gravatar.com\/avatar\/56211ac74568383903349a1485e3c325?s=96&d=blank&r=g","caption":"Admin"},"url":"https:\/\/rioonwatch.org.br\/?author=129"}]}},"_links":{"self":[{"href":"https:\/\/rioonwatch.org.br\/index.php?rest_route=\/wp\/v2\/posts\/44853"}],"collection":[{"href":"https:\/\/rioonwatch.org.br\/index.php?rest_route=\/wp\/v2\/posts"}],"about":[{"href":"https:\/\/rioonwatch.org.br\/index.php?rest_route=\/wp\/v2\/types\/post"}],"author":[{"embeddable":true,"href":"https:\/\/rioonwatch.org.br\/index.php?rest_route=\/wp\/v2\/users\/129"}],"replies":[{"embeddable":true,"href":"https:\/\/rioonwatch.org.br\/index.php?rest_route=%2Fwp%2Fv2%2Fcomments&post=44853"}],"version-history":[{"count":18,"href":"https:\/\/rioonwatch.org.br\/index.php?rest_route=\/wp\/v2\/posts\/44853\/revisions"}],"predecessor-version":[{"id":45631,"href":"https:\/\/rioonwatch.org.br\/index.php?rest_route=\/wp\/v2\/posts\/44853\/revisions\/45631"}],"wp:featuredmedia":[{"embeddable":true,"href":"https:\/\/rioonwatch.org.br\/index.php?rest_route=\/wp\/v2\/media\/44859"}],"wp:attachment":[{"href":"https:\/\/rioonwatch.org.br\/index.php?rest_route=%2Fwp%2Fv2%2Fmedia&parent=44853"}],"wp:term":[{"taxonomy":"category","embeddable":true,"href":"https:\/\/rioonwatch.org.br\/index.php?rest_route=%2Fwp%2Fv2%2Fcategories&post=44853"},{"taxonomy":"post_tag","embeddable":true,"href":"https:\/\/rioonwatch.org.br\/index.php?rest_route=%2Fwp%2Fv2%2Ftags&post=44853"},{"taxonomy":"writer","embeddable":true,"href":"https:\/\/rioonwatch.org.br\/index.php?rest_route=%2Fwp%2Fv2%2Fwriter&post=44853"},{"taxonomy":"translator","embeddable":true,"href":"https:\/\/rioonwatch.org.br\/index.php?rest_route=%2Fwp%2Fv2%2Ftranslator&post=44853"},{"taxonomy":"source","embeddable":true,"href":"https:\/\/rioonwatch.org.br\/index.php?rest_route=%2Fwp%2Fv2%2Fsource&post=44853"},{"taxonomy":"ilustrador","embeddable":true,"href":"https:\/\/rioonwatch.org.br\/index.php?rest_route=%2Fwp%2Fv2%2Filustrador&post=44853"},{"taxonomy":"fotografo","embeddable":true,"href":"https:\/\/rioonwatch.org.br\/index.php?rest_route=%2Fwp%2Fv2%2Ffotografo&post=44853"}],"curies":[{"name":"wp","href":"https:\/\/api.w.org\/{rel}","templated":true}]}}