{"id":44947,"date":"2020-01-27T10:03:06","date_gmt":"2020-01-27T13:03:06","guid":{"rendered":"https:\/\/rioonwatch.org.br\/?p=44947"},"modified":"2020-02-18T14:34:36","modified_gmt":"2020-02-18T17:34:36","slug":"processos-disciplinadores-pre-e-pos-megaeventos-em-favelas-parte-2-disciplina-fisica","status":"publish","type":"post","link":"https:\/\/rioonwatch.org.br\/?p=44947","title":{"rendered":"Processos Disciplinadores Pr\u00e9 e P\u00f3s Megaeventos, em Favelas Parte 2: Disciplina F\u00edsica"},"content":{"rendered":"<p style=\"text-align: right;\"><em><strong><a href=\"http:\/\/bit.ly\/38qeAJi\" target=\"_blank\" rel=\"noopener noreferrer\">Click Here for English<\/a><a href=\"http:\/\/bit.ly\/38qeAJi\" target=\"_blank\" rel=\"noopener noreferrer\"><img decoding=\"async\" width=\"20\" height=\"20\" class=\"alignright wp-image-15790\" src=\"http:\/\/rioonwatch.org.br\/wp-content\/uploads\/2012\/08\/EN-standard-e1439583104716.jpg\" \/><\/a><\/strong><\/em><\/p>\n<p><em>Esta \u00e9 a segunda mat\u00e9ria, de uma <a href=\"http:\/\/bit.ly\/2GnX247\" target=\"_blank\" rel=\"noopener noreferrer\">s\u00e9rie de quatro<\/a>, oriunda de uma pesquisa sobre processos disciplinantes que operaram no per\u00edodo pr\u00e9 e durante megaeventos no Rio, e que ainda operam em favelas no Rio. A s\u00e9rie utiliza como caso de refer\u00eancia as favelas <a href=\"http:\/\/bit.ly\/33UI2oZ\" target=\"_blank\" rel=\"noopener noreferrer\">Babil\u00f4nia<\/a>\u00a0e\u00a0<a href=\"http:\/\/bit.ly\/2KUhdtg\" target=\"_blank\" rel=\"noopener noreferrer\">Chap\u00e9u Mangueira<\/a>, e como categoria de an\u00e1lise aborda o tema da disciplina\u00a0em tr\u00eas dimens\u00f5es: f\u00edsica, econ\u00f4mica e simb\u00f3lica.\u00a0Esta s\u00e9rie \u00e9 baseada em um artigo cient\u00edfico publicado no peri\u00f3dico\u00a0CITY, em dezembro de 2018. Leia o artigo na \u00edntegra, em ingl\u00eas,\u00a0<a href=\"http:\/\/bit.ly\/2MB1th9\" target=\"_blank\" rel=\"noopener noreferrer\">aqui<\/a>. Para a parte 1, que traz uma introdu\u00e7\u00e3o, clique <a href=\"http:\/\/bit.ly\/2F4zZdR\" target=\"_blank\" rel=\"noopener noreferrer\">aqui<\/a>.<\/em><\/p>\n<p><em>A pesquisa utilizou como refer\u00eancia levantamentos de dados sobre pol\u00edticas p\u00fablicas no Rio de Janeiro e entrevistas levadas a cabo entre os anos de 2014 e 2019 nas favelas Babil\u00f4nia e Chap\u00e9u Mangueira. Os nomes dos moradores n\u00e3o foram divulgados<\/em><em><span style=\"font-weight: 400;\">. A parte 2, abaixo, analisa o processo de disciplina f\u00edsica.<\/span><\/em><\/p>\n<h3><strong>Disciplina F\u00edsica:<\/strong><b> UPP, Viol\u00eancia e Estere\u00f3tipos<\/b><\/h3>\n<p><span style=\"font-weight: 400;\">A <\/span>disciplina f\u00edsica<span style=\"font-weight: 400;\"> a qual refere-se nesta mat\u00e9ria est\u00e1 ligada \u00e0 viol\u00eancia em uma pluralidade de manifesta\u00e7\u00f5es: f\u00edsicas, verbais e psicol\u00f3gicas. No contexto de uma sociedade cada vez mais urbana, estas manifesta\u00e7\u00f5es est\u00e3o tamb\u00e9m profundamente atreladas ao processo de forma\u00e7\u00e3o das metr\u00f3poles e seus processos de segrega\u00e7\u00e3o socioespacial.\u00a0<\/span><\/p>\n<p><span style=\"font-weight: 400;\">No caso das favelas e periferias, a viol\u00eancia \u00e9 parte integrante do hist\u00f3rico da <a href=\"http:\/\/bit.ly\/2nWdgfe\" target=\"_blank\" rel=\"noopener noreferrer\">rela\u00e7\u00e3o entre Estado e cidad\u00e3o<\/a>, cujo status social, geralmente encontra-se <a href=\"http:\/\/bit.ly\/2XvC2zf\" target=\"_blank\" rel=\"noopener noreferrer\">sob o estigma<\/a> do mito de marginalidade<a href=\"#_ftnb1\" name=\"_ftnrefb1\"><sup>1<\/sup><\/a>, ou seja, nos preconceitos e no imagin\u00e1rio estereotipado que dissemina-se hegemonicamente sobre estes assentamentos e seus moradores. O Estado e seus representantes, por sua vez, propagam a tentativa de costurar uma cidade fraturada enquanto, paradoxalmente, utiliza seus bra\u00e7os reguladores para exercer controle nas favelas, ora removendo moradores no bojo de pol\u00edticas urbanas, ora disciplinando-os no contexto de interven\u00e7\u00f5es e pol\u00edticas de seguran\u00e7a.\u00a0<\/span><\/p>\n<p><a href=\"https:\/\/rioonwatch.org.br\/wp-content\/uploads\/2019\/12\/UPP-Babil\u00f4nia.jpg\"><img fetchpriority=\"high\" decoding=\"async\" class=\"aligncenter wp-image-44966 size-medium\" title=\"Viaturas da UPP ao lado dos espa\u00e7os p\u00fablicos, no morro da Babil\u00f4nia. Foto: Thaisa Comelli, 2019\" src=\"https:\/\/rioonwatch.org.br\/wp-content\/uploads\/2019\/12\/UPP-Babil\u00f4nia-554x620.jpg\" alt=\"\" width=\"554\" height=\"620\" srcset=\"https:\/\/rioonwatch.org.br\/wp-content\/uploads\/2019\/12\/UPP-Babil\u00f4nia-554x620.jpg 554w, https:\/\/rioonwatch.org.br\/wp-content\/uploads\/2019\/12\/UPP-Babil\u00f4nia-236x264.jpg 236w, https:\/\/rioonwatch.org.br\/wp-content\/uploads\/2019\/12\/UPP-Babil\u00f4nia-768x859.jpg 768w, https:\/\/rioonwatch.org.br\/wp-content\/uploads\/2019\/12\/UPP-Babil\u00f4nia-915x1024.jpg 915w, https:\/\/rioonwatch.org.br\/wp-content\/uploads\/2019\/12\/UPP-Babil\u00f4nia.jpg 1192w\" sizes=\"(max-width: 554px) 100vw, 554px\" \/><\/a><\/p>\n<h3><b>Contextualiza\u00e7\u00e3o<\/b><\/h3>\n<p><span style=\"font-weight: 400;\">A rela\u00e7\u00e3o entre segrega\u00e7\u00e3o socioespacial, favela, crime e pol\u00edticas de seguran\u00e7a desenvolveu-se de maneira intrincada ao longo do s\u00e9culo XX. Desde os anos 1950, um <\/span><i><span style=\"font-weight: 400;\">boom<\/span><\/i><span style=\"font-weight: 400;\"> de <a href=\"http:\/\/bit.ly\/2MxyYPD\" target=\"_blank\" rel=\"noopener noreferrer\">industrializa\u00e7\u00e3o e urbaniza\u00e7\u00e3o<\/a> contribuiu para o crescimento vertiginoso das favelas no sudeste do pa\u00eds. N\u00e3o coincidentemente, durante os anos 1960 e 1970, s\u00e3o tamb\u00e9m registrados extensos projetos de urbaniza\u00e7\u00e3o <a href=\"http:\/\/bit.ly\/19i8fLo\" target=\"_blank\" rel=\"noopener noreferrer\">com car\u00e1ter remocionista<\/a>, onde tem-se como exemplo emblem\u00e1tico os <a href=\"http:\/\/bit.ly\/2Su246u\" target=\"_blank\" rel=\"noopener noreferrer\">projetos urbanos no governo de Carlos Lacerda<\/a>.\u00a0<\/span><\/p>\n<p>Tais pol\u00edticas, entretanto, n\u00e3o foram capazes de conter o crescimento em n\u00famero e densidade nas favelas, que com seus becos e ruelas criaram um <a href=\"http:\/\/bit.ly\/2SqGSxV\" target=\"_blank\" rel=\"noopener noreferrer\">novo linguajar urbano e paisag\u00edstico<\/a> para as metr\u00f3poles brasileiras. Posteriormente, aproximadamente a <a href=\"https:\/\/glo.bo\/2Qk2sS5\" target=\"_blank\" rel=\"noopener noreferrer\">partir dos anos 1970, surgem algumas das fac\u00e7\u00f5es criminosas<\/a> que at\u00e9 hoje disputam estes territ\u00f3rios. Cabe ressaltar que, embora muitos destes grupos n\u00e3o tenham sido formados em favelas, foram justamente &#8220;nos becos e ruelas abandonados pelo Estado&#8221;<a href=\"#_ftnb2\" name=\"_ftnrefb2\"><sup>2<\/sup><\/a> que bra\u00e7os do crime organizado conseguiu estabelecer-se de maneira s\u00f3lida.<\/p>\n<p><a href=\"https:\/\/rioonwatch.org.br\/wp-content\/uploads\/2019\/12\/Rocinha.jpg\"><img decoding=\"async\" class=\"aligncenter wp-image-44978 size-content\" title=\"Ruela na Rocinha. Foto: Thaisa Comelli, 2018\" src=\"https:\/\/rioonwatch.org.br\/wp-content\/uploads\/2019\/12\/Rocinha-620x264.jpg\" alt=\"\" width=\"620\" height=\"264\" srcset=\"https:\/\/rioonwatch.org.br\/wp-content\/uploads\/2019\/12\/Rocinha-620x264.jpg 620w, https:\/\/rioonwatch.org.br\/wp-content\/uploads\/2019\/12\/Rocinha-940x400.jpg 940w\" sizes=\"(max-width: 620px) 100vw, 620px\" \/><\/a><\/p>\n<p><span style=\"font-weight: 400;\">Deste modo, entre interven\u00e7\u00f5es e opera\u00e7\u00f5es no Rio de Janeiro, j\u00e1 h\u00e1 quase meio s\u00e9culo as favelas s\u00e3o o palco para conflitos armados entre diferentes fac\u00e7\u00f5es criminosas e entre os agentes do Estado e tais organiza\u00e7\u00f5es, o que naturalmente <a href=\"http:\/\/bit.ly\/2lLSvSe\" target=\"_blank\" rel=\"noopener noreferrer\">atinge o cotidiano dos moradores<\/a>.\u00a0<\/span><\/p>\n<p><span style=\"font-weight: 400;\">\u00c9 nesse contexto que, no final d\u00e9cada de 2000, surge o <a href=\"http:\/\/bit.ly\/2lLWi1G\" target=\"_blank\" rel=\"noopener noreferrer\">projeto das UPPs<\/a>: uma tentativa de criar uma pol\u00edtica de pacifica\u00e7\u00e3o permanente e eficaz para o problema do tr\u00e1fico e do crime na cidade. De maneira in\u00e9dita, as UPPs criaram um bra\u00e7o <\/span>f\u00edsico <span style=\"font-weight: 400;\">do Estado <\/span>dentro <span style=\"font-weight: 400;\">dos territ\u00f3rios de favela, o que em tese traria maior seguran\u00e7a tanto para os pr\u00f3prios moradores das favelas quanto para o restante da popula\u00e7\u00e3o.\u00a0<\/span><\/p>\n<h3><strong>Vis\u00f5es Amb\u00edguas Sobre a Presen\u00e7a da UPP Durante os Megaeventos<\/strong><\/h3>\n<p><span style=\"font-weight: 400;\">Desde seu in\u00edcio, a presen\u00e7a da UPP nas favelas \u00e9 pol\u00eamica e divide opini\u00f5es. Tamb\u00e9m \u00e9 importante ressaltar que a atua\u00e7\u00e3o da UPP n\u00e3o \u00e9 homog\u00eanea e <a href=\"http:\/\/bit.ly\/1NN08e8\" target=\"_blank\" rel=\"noopener noreferrer\">variou bastante ao longo dos anos<\/a> e em fun\u00e7\u00e3o da localiza\u00e7\u00e3o da favela em quest\u00e3o.<\/span><\/p>\n<p><span style=\"font-weight: 400;\">Nas favelas da Zona Sul, foco desta an\u00e1lise, h\u00e1 a peculiaridade de que a presen\u00e7a da pol\u00edcia foi um forte catalisador <a href=\"https:\/\/glo.bo\/2smiYcn\" target=\"_blank\" rel=\"noopener noreferrer\">para o turismo<\/a> e para a <a href=\"http:\/\/bit.ly\/1bea1zO\" target=\"_blank\" rel=\"noopener noreferrer\">especula\u00e7\u00e3o imobili\u00e1ria<\/a>, o que inevitavelmente contribuiu para novas din\u00e2micas socioculturais no tecido urbano. A UPP passou a, n\u00e3o s\u00f3 patrulhar as ruas das favelas para coibir o tr\u00e1fico, como tamb\u00e9m controlar a realiza\u00e7\u00e3o de festas, organiza\u00e7\u00f5es e eventos p\u00fablicos em algumas favelas. Um exemplo tradicional citado pelos moradores \u00e9 a <a href=\"http:\/\/bit.ly\/37cgmg4\" target=\"_blank\" rel=\"noopener noreferrer\">proibi\u00e7\u00e3o do baile funk<\/a> em muitas das favelas com UPP, o que abordaremos em maior detalhe na parte 4 desta s\u00e9rie.<\/span><\/p>\n<p><span style=\"font-weight: 400;\">Quanto \u00e0 viol\u00eancia e \u00e0 disciplina f\u00edsica<\/span><span style=\"font-weight: 400;\">, embora muitos moradores tenham relatado sentir-se mais seguros com a presen\u00e7a da pol\u00edcia, as den\u00fancias de abuso de autoridade e agress\u00e3o dos agentes da UPP para com os moradores de favela tamb\u00e9m s\u00e3o alarmantes e mostram a ambiguidade desta presen\u00e7a disciplinadora.<\/span><\/p>\n<blockquote><p><em>A UPP suavizou os problemas de crime. Nem tudo est\u00e1 sob controle, mas ela ajudou as pessoas a se sentirem seguras para conhecer os que moram aqui [fazendo men\u00e7\u00e3o ao turismo]. Abriu uma grande porta.\u201d &#8211; Homem, 31 anos, comerciante, 2015<\/em><\/p>\n<p><em>Uma das grandes mentiras sobre o Projeto da UPP \u00e9 que ele iria inviabilizar a sobreviv\u00eancia do varejo de drogas e dos traficantes que existem aqui. Porque aqui n\u00e3o h\u00e1 traficantes. \u2018Traficantes\u2019 s\u00e3o aqueles que vendem drogas em grande escala. E n\u00e3o h\u00e1 traficantes aqui.\u201d &#8211; Homem, 40 anos, ativista local, 2015\u00a0<\/em><\/p><\/blockquote>\n<p><span style=\"font-weight: 400;\">O caso das favelas Babil\u00f4nia e Chap\u00e9u Mangueira \u00e9 especial nesse sentido, pois tanto os moradores quanto os pr\u00f3prios oficiais da UPP alegam que o local \u00e9 historicamente mais seguro comparado a outras favelas do Rio de Janeiro. Alguns moradores especulam que isso se deve, em parte, pela pr\u00f3pria configura\u00e7\u00e3o destas favelas: menos densas e prop\u00edcias a esconderijos de traficantes em becos e ruelas.\u00a0<\/span><\/p>\n<p><span style=\"font-weight: 400;\">Tamb\u00e9m pelo hist\u00f3rico de coes\u00e3o social e relativa pacificidade, muitos moradores questionam se a atua\u00e7\u00e3o da UPP n\u00e3o refor\u00e7a os estigmas do favelado\u2014ao inv\u00e9s de ajudar a quebr\u00e1-los\u2014e, consequentemente, os processos de segrega\u00e7\u00e3o. Moradores relatam serem tratados com \u201cgrosseria\u201d e como \u201ccachorros\u201d pelos oficiais da UPP, enquanto turistas e visitantes da classe m\u00e9dia s\u00e3o tratados com cordialidade e gentileza. J\u00e1 os oficiais, quando entrevistados durante os megaeventos, relataram n\u00e3o fazer qualquer distin\u00e7\u00e3o.<\/span><\/p>\n<p><a href=\"https:\/\/rioonwatch.org.br\/wp-content\/uploads\/2019\/12\/Babil\u00f4nia.jpg\"><img loading=\"lazy\" decoding=\"async\" class=\"aligncenter wp-image-44985 size-medium\" title=\"Vista interna da Babil\u00f4nia, uma das favelas mais \u201cverdes\u201d do Rio. Foto: Thaisa Comelli, 2019\" src=\"https:\/\/rioonwatch.org.br\/wp-content\/uploads\/2019\/12\/Babil\u00f4nia-620x450.jpg\" alt=\"\" width=\"620\" height=\"450\" srcset=\"https:\/\/rioonwatch.org.br\/wp-content\/uploads\/2019\/12\/Babil\u00f4nia-620x450.jpg 620w, https:\/\/rioonwatch.org.br\/wp-content\/uploads\/2019\/12\/Babil\u00f4nia-364x264.jpg 364w, https:\/\/rioonwatch.org.br\/wp-content\/uploads\/2019\/12\/Babil\u00f4nia-768x557.jpg 768w, https:\/\/rioonwatch.org.br\/wp-content\/uploads\/2019\/12\/Babil\u00f4nia-1024x743.jpg 1024w, https:\/\/rioonwatch.org.br\/wp-content\/uploads\/2019\/12\/Babil\u00f4nia.jpg 1234w\" sizes=\"(max-width: 620px) 100vw, 620px\" \/><\/a><\/p>\n<blockquote><p><em>\u201cQuando eu nasci aqui n\u00e3o era mais perigoso, mas quando a minha m\u00e3e chegou na comunidade era muito pesado. As pessoas eram mortas na frente de qualquer um&#8230; O que eu presenciei mais foi guerra entre os donos do morro, tiroteio. Eu tava dentro da minha casa e come\u00e7ava.\u201d &#8211; Mulher, 20 anos, estudante, 2015<\/em><\/p>\n<p><em>\u201cQuando voc\u00ea t\u00e1 caminhando na rua aqui, voc\u00ea \u00e9 abordado [pela UPP] de um jeito que \u00e9 como se voc\u00ea fosse um cachorro, sabe? N\u00e3o todos eles, mas acontece. \u00c9 o jeito deles de abordar, \u00e9 agressivo. Ningu\u00e9m \u00e9 louco para ser tratado com agress\u00e3o e continuar quieto. Ent\u00e3o, eles te desrespeitam primeiro, mas a\u00ed se voc\u00ea responde, voc\u00ea \u00e9 preso. Voc\u00ea trabalha, acorda cedo, se mata para poder prover pra sua fam\u00edlia e tem que passar por isso?!\u201d &#8211; Mulher, 35 anos, trabalha com constru\u00e7\u00e3o, 2015<\/em><\/p>\n<p><em>\u201cPara mim, o trabalho da pol\u00edcia aqui \u00e9 outro. Eles querem fazer um trabalho que n\u00e3o compete a eles. Para mim, a Unidade de Pacifica\u00e7\u00e3o est\u00e1 relacionada com seguran\u00e7a, e isso \u00e9 uma coisa que a gente n\u00e3o tem tido problemas. Mesmo antes da UPP era seguro andar aqui.\u201d &#8211; Mulher, 30 anos, aut\u00f4noma, 2016\u00a0<\/em><\/p><\/blockquote>\n<h3><b>O P\u00f3s-megaeventos\u00a0<\/b><\/h3>\n<p><span style=\"font-weight: 400;\">Atualmente, mesmo os discursos mais otimistas mudaram. Moradores que antes elogiavam a presen\u00e7a da pol\u00edcia hoje ponderam a face negativa de sua presen\u00e7a e falam sobre uma <a href=\"http:\/\/bit.ly\/2t4VMzk\" target=\"_blank\" rel=\"noopener noreferrer\">fal\u00eancia desta pol\u00edtica p\u00fablica<\/a>. Nos \u00faltimos anos, inclusive, o clima no morro da Babil\u00f4nia ficou generalizadamente mais tenso devido ao <a href=\"https:\/\/glo.bo\/2PWDskS\" target=\"_blank\" rel=\"noopener noreferrer\">enfrentamento de fac\u00e7\u00f5es rivais<\/a> do tr\u00e1fico em 2018. Neste contexto, oficiais da UPP, antes simp\u00e1ticos e abertos a entrevistas, n\u00e3o quiseram discutir o tema.\u00a0<\/span><\/p>\n<p><span style=\"font-weight: 400;\">Al\u00e9m das cont\u00ednuas queixas de abusos de autoridade e agress\u00f5es f\u00edsicas e verbais, mesmo a suposta prote\u00e7\u00e3o dos moradores pela UPP tamb\u00e9m parece ter falhado. Em junho de 2019, um dos guias tur\u00edsticos locais relatou, por exemplo, que traficantes armados voltaram a patrulhar a mata no morro da Babil\u00f4nia, em grande parte por meio da coniv\u00eancia da pr\u00f3pria pol\u00edcia.\u00a0<\/span><\/p>\n<p><span style=\"font-weight: 400;\">Em suma, vemos que a percep\u00e7\u00e3o dos moradores sobre a viol\u00eancia e a presen\u00e7a do Estado tende a ser h\u00edbrida, pois a realidade \u00e9 complexa. Al\u00e9m disso, sugerimos que a disciplina f\u00edsica<\/span><b>\u00a0<\/b><span style=\"font-weight: 400;\">segue sendo um dos grandes problemas refor\u00e7ados pelas pol\u00edticas p\u00fablicas, pois em muitos casos reiteram os estere\u00f3tipos de viol\u00eancia e os mitos da marginalidade enfrentados pelos moradores. Afinal, para a maior parte dos moradores, estas favelas n\u00e3o s\u00e3o s\u00f3 locais de caos e viol\u00eancia; s\u00e3o tamb\u00e9m locais de grande coes\u00e3o social e solidariedade.\u00a0<\/span><\/p>\n<p><span style=\"font-weight: 400;\">Quanto aos agentes perpetuadores da disciplina e da viol\u00eancia, alguns moradores parecem n\u00e3o ver os agentes do Estado e os \u201cdonos do morro\u201d como for\u00e7as opostas; s\u00e3o apenas soberanias no territ\u00f3rio e for\u00e7as reguladoras:<\/span><\/p>\n<blockquote><p><em>&#8220;Muitas das vezes, e quase sempre, o mesmo cambur\u00e3o que carrega o corpo preto sem vida \u00e9 o mesmo cambur\u00e3o que traz as drogas e as armas para a favela. Voc\u00ea faz uma apreens\u00e3o na favela do TCP e revende pra favela rival do Comando Vermelho. Ent\u00e3o n\u00e3o existe a venda de entorpecentes em todo o territ\u00f3rio do Rio de Janeiro sem a coniv\u00eancia da institui\u00e7\u00e3o Pol\u00edcia Militar, que \u00e9 o bra\u00e7o armado do Estado.\u201d &#8211; Homem, 40 anos, ativista local, 2019\u00a0<\/em><\/p><\/blockquote>\n<p><span style=\"font-weight: 400;\">Na pr\u00f3xima mat\u00e9ria, falaremos da disciplina econ\u00f4mica<\/span><span style=\"font-weight: 400;\">, onde abordaremos as press\u00f5es imobili\u00e1rias sobre o solo das favelas e uma suposta gentrifica\u00e7\u00e3o embrion\u00e1ria que teve seu auge nos megaeventos.\u00a0<\/span><\/p>\n<p><em>Eric Chu \u00e9 professor de Planejamento e Geografia Humana na Escola de Geografia, Ci\u00eancias da Terra e do Meio Ambiente da Universidade de Birmingham.<\/em><\/p>\n<p><em>Isabelle Anguelovski \u00e9 fundadora e diretora do Laborat\u00f3rio de Barcelona para Justi\u00e7a e Sustentabilidade Ambiental Urbana e professora de pesquisa do ICREA na Universitat Aut\u00f2noma de Barcelona, no Instituto de Ci\u00eancia e Tecnologias Ambientais (ICTA) e no Instituto Hospital del Mar de Investiga\u00e7\u00f5es M\u00e9dicas (IMIM).<\/em><\/p>\n<p><em>Thaisa Comelli \u00e9 doutora em urbanismo e pesquisadora no Programa de P\u00f3s-Gradua\u00e7\u00e3o em Urbanismo da UFRJ, e pesquisadora visitante na Unidade de Planejamento de Desenvolvimento da University College London.<\/em><\/p>\n<p><a href=\"#_ftnrefb1\" name=\"_ftnb1\">[1]<\/a><span style=\"font-weight: 400;\">\u00a0Refer\u00eancia \u00e0 obra de Janice Perlman, o Mito da Marginalidade, de 1977. <\/span><br \/>\n<a href=\"#_ftnrefb2\" name=\"_ftnb2\">[2]<\/a> <span style=\"font-weight: 400;\">Express\u00e3o extra\u00edda a partir de conversas com moradores da Babil\u00f4nia.<\/span><\/p>\n<p><em>Esta \u00e9 a segunda mat\u00e9ria, de uma <a href=\"http:\/\/bit.ly\/2GnX247\" target=\"_blank\" rel=\"noopener noreferrer\">s\u00e9rie de quatro<\/a>, oriunda de uma pesquisa sobre processos disciplinantes que operaram no per\u00edodo pr\u00e9 e durante megaeventos no Rio, e que ainda operam em favelas no Rio. Para a parte 1, clique <a href=\"http:\/\/bit.ly\/2F4zZdR\" target=\"_blank\" rel=\"noopener noreferrer\">aqui<\/a>.<\/em><\/p>\n<hr \/>\n<h4>Apoie o jornalismo hiperlocal, cr\u00edtico, inovador e incans\u00e1vel do\u00a0<em>RioOnWatch<\/em>. #QueroReportagensSobreFavelas\u2014<a href=\"http:\/\/bit.ly\/CatalisandoComunidades\">doe aqui<\/a>.<\/h4>\n<!-- AddThis Advanced Settings generic via filter on the_content --><!-- AddThis Share Buttons generic via filter on the_content -->","protected":false},"excerpt":{"rendered":"<div class=\"mh-excerpt\"><p>Click Here for English Esta \u00e9 a segunda mat\u00e9ria, de uma s\u00e9rie de quatro, oriunda de uma pesquisa sobre processos disciplinantes que operaram no per\u00edodo pr\u00e9 e durante megaeventos no Rio, e que ainda operam <a class=\"mh-excerpt-more\" href=\"https:\/\/rioonwatch.org.br\/?p=44947\" title=\"Processos Disciplinadores Pr\u00e9 e P\u00f3s Megaeventos, em Favelas Parte 2: Disciplina F\u00edsica\">[&#8230;]<\/a><!-- AddThis Advanced Settings generic via filter on get_the_excerpt --><!-- AddThis Share Buttons generic via filter on get_the_excerpt --><\/p>\n<\/div>","protected":false},"author":129,"featured_media":19534,"comment_status":"closed","ping_status":"closed","sticky":false,"template":"","format":"standard","meta":{"_acf_changed":false,"_monsterinsights_skip_tracking":false,"_monsterinsights_sitenote_active":false,"_monsterinsights_sitenote_note":"","_monsterinsights_sitenote_category":0,"footnotes":""},"categories":[2051,1635,1621,1632,344,1620],"tags":[386,630,396,1447,502,282,1240,708,774,1511,672,2736,562,92,30,920,383],"writer":[2726,2725,2724],"translator":[],"source":[],"ilustrador":[],"fotografo":[],"class_list":{"0":"post-44947","1":"post","2":"type-post","3":"status-publish","4":"format-standard","5":"has-post-thumbnail","7":"category-olhonolegado","8":"category-1635","9":"category-destaque","10":"category-pesquisa-e-analise","11":"category-politicas","12":"category-olhonaupp","13":"tag-estigma","14":"tag-chapeu-mangueira","15":"tag-especulacao-imobiliaria","16":"tag-favela-tour","17":"tag-funk","18":"tag-leme","19":"tag-megaeventos","20":"tag-morro-da-babilonia","21":"tag-policia-militar","22":"tag-politica-de-seguranca","23":"tag-seguranca-publica","24":"tag-serie-processos-disciplinadores","25":"tag-trafico-de-drogas","26":"tag-upp","27":"tag-violencia","28":"tag-violencia-de-estado","29":"tag-zona-sul","30":"writer-eric-chu","31":"writer-isabelle-anguelovski","32":"writer-thaisa-comelli"},"acf":[],"yoast_head":"<!-- This site is optimized with the Yoast SEO plugin v25.6 - https:\/\/yoast.com\/wordpress\/plugins\/seo\/ -->\n<title>Processos Disciplinadores Pr\u00e9 e P\u00f3s Megaeventos, em Favelas Parte 2: Disciplina F\u00edsica - RioOnWatch<\/title>\n<meta name=\"robots\" content=\"index, follow, max-snippet:-1, max-image-preview:large, max-video-preview:-1\" \/>\n<link rel=\"canonical\" href=\"https:\/\/rioonwatch.org.br\/?p=44947\" \/>\n<meta property=\"og:locale\" content=\"pt_BR\" \/>\n<meta property=\"og:type\" content=\"article\" \/>\n<meta property=\"og:title\" content=\"Processos Disciplinadores Pr\u00e9 e P\u00f3s Megaeventos, em Favelas Parte 2: Disciplina F\u00edsica - RioOnWatch\" \/>\n<meta property=\"og:description\" content=\"Click Here for English Esta \u00e9 a segunda mat\u00e9ria, de uma s\u00e9rie de quatro, oriunda de uma pesquisa sobre processos disciplinantes que operaram no per\u00edodo pr\u00e9 e durante megaeventos no Rio, e que ainda operam [...]\" \/>\n<meta property=\"og:url\" content=\"https:\/\/rioonwatch.org.br\/?p=44947\" \/>\n<meta property=\"og:site_name\" content=\"RioOnWatch\" \/>\n<meta property=\"article:published_time\" content=\"2020-01-27T13:03:06+00:00\" \/>\n<meta property=\"article:modified_time\" content=\"2020-02-18T17:34:36+00:00\" \/>\n<meta property=\"og:image\" content=\"https:\/\/rioonwatch.org.br\/wp-content\/uploads\/2016\/05\/2010-313843282-2010012561065.jpg_20100125.jpg\" \/>\n\t<meta property=\"og:image:width\" content=\"1265\" \/>\n\t<meta property=\"og:image:height\" content=\"550\" \/>\n\t<meta property=\"og:image:type\" content=\"image\/jpeg\" \/>\n<meta name=\"author\" content=\"Admin\" \/>\n<meta name=\"twitter:card\" content=\"summary_large_image\" \/>\n<meta name=\"twitter:label1\" content=\"Escrito por\" \/>\n\t<meta name=\"twitter:data1\" content=\"Admin\" \/>\n\t<meta name=\"twitter:label2\" content=\"Est. tempo de leitura\" \/>\n\t<meta name=\"twitter:data2\" content=\"10 minutos\" \/>\n<script type=\"application\/ld+json\" class=\"yoast-schema-graph\">{\"@context\":\"https:\/\/schema.org\",\"@graph\":[{\"@type\":\"Article\",\"@id\":\"https:\/\/rioonwatch.org.br\/?p=44947#article\",\"isPartOf\":{\"@id\":\"https:\/\/rioonwatch.org.br\/?p=44947\"},\"author\":{\"name\":\"Admin\",\"@id\":\"https:\/\/rioonwatch.org.br\/#\/schema\/person\/11d64c290506f9df50c71b850c473f68\"},\"headline\":\"Processos Disciplinadores Pr\u00e9 e P\u00f3s Megaeventos, em Favelas Parte 2: Disciplina F\u00edsica\",\"datePublished\":\"2020-01-27T13:03:06+00:00\",\"dateModified\":\"2020-02-18T17:34:36+00:00\",\"mainEntityOfPage\":{\"@id\":\"https:\/\/rioonwatch.org.br\/?p=44947\"},\"wordCount\":1937,\"publisher\":{\"@id\":\"https:\/\/rioonwatch.org.br\/#organization\"},\"image\":{\"@id\":\"https:\/\/rioonwatch.org.br\/?p=44947#primaryimage\"},\"thumbnailUrl\":\"https:\/\/rioonwatch.org.br\/wp-content\/uploads\/2016\/05\/2010-313843282-2010012561065.jpg_20100125.jpg\",\"keywords\":[\"#StopFavelaStigma\",\"Chap\u00e9u Mangueira\",\"especula\u00e7\u00e3o imobili\u00e1ria\",\"Favela Tours Comunit\u00e1rios\",\"funk\",\"Leme\",\"Megaeventos\",\"Morro da Babil\u00f4nia\",\"Pol\u00edcia Militar\",\"pol\u00edtica de seguran\u00e7a\",\"seguran\u00e7a p\u00fablica\",\"S\u00e9rie: Processos Disciplinadores\",\"tr\u00e1fico de drogas\",\"UPP\",\"viol\u00eancia\",\"viol\u00eancia de Estado\",\"Zona Sul\"],\"articleSection\":[\"#OlhoNoLegado\",\"#Rio2016\",\"*Destaque\",\"Dados e Pesquisa\",\"Pol\u00edticas\",\"Seguran\u00e7a P\u00fablica\"],\"inLanguage\":\"pt-BR\"},{\"@type\":\"WebPage\",\"@id\":\"https:\/\/rioonwatch.org.br\/?p=44947\",\"url\":\"https:\/\/rioonwatch.org.br\/?p=44947\",\"name\":\"Processos Disciplinadores Pr\u00e9 e P\u00f3s Megaeventos, em Favelas Parte 2: Disciplina F\u00edsica - RioOnWatch\",\"isPartOf\":{\"@id\":\"https:\/\/rioonwatch.org.br\/#website\"},\"primaryImageOfPage\":{\"@id\":\"https:\/\/rioonwatch.org.br\/?p=44947#primaryimage\"},\"image\":{\"@id\":\"https:\/\/rioonwatch.org.br\/?p=44947#primaryimage\"},\"thumbnailUrl\":\"https:\/\/rioonwatch.org.br\/wp-content\/uploads\/2016\/05\/2010-313843282-2010012561065.jpg_20100125.jpg\",\"datePublished\":\"2020-01-27T13:03:06+00:00\",\"dateModified\":\"2020-02-18T17:34:36+00:00\",\"breadcrumb\":{\"@id\":\"https:\/\/rioonwatch.org.br\/?p=44947#breadcrumb\"},\"inLanguage\":\"pt-BR\",\"potentialAction\":[{\"@type\":\"ReadAction\",\"target\":[\"https:\/\/rioonwatch.org.br\/?p=44947\"]}]},{\"@type\":\"ImageObject\",\"inLanguage\":\"pt-BR\",\"@id\":\"https:\/\/rioonwatch.org.br\/?p=44947#primaryimage\",\"url\":\"https:\/\/rioonwatch.org.br\/wp-content\/uploads\/2016\/05\/2010-313843282-2010012561065.jpg_20100125.jpg\",\"contentUrl\":\"https:\/\/rioonwatch.org.br\/wp-content\/uploads\/2016\/05\/2010-313843282-2010012561065.jpg_20100125.jpg\",\"width\":1265,\"height\":550},{\"@type\":\"BreadcrumbList\",\"@id\":\"https:\/\/rioonwatch.org.br\/?p=44947#breadcrumb\",\"itemListElement\":[{\"@type\":\"ListItem\",\"position\":1,\"name\":\"In\u00edcio\",\"item\":\"https:\/\/rioonwatch.org.br\/\"},{\"@type\":\"ListItem\",\"position\":2,\"name\":\"Processos Disciplinadores Pr\u00e9 e P\u00f3s Megaeventos, em Favelas Parte 2: Disciplina F\u00edsica\"}]},{\"@type\":\"WebSite\",\"@id\":\"https:\/\/rioonwatch.org.br\/#website\",\"url\":\"https:\/\/rioonwatch.org.br\/\",\"name\":\"RioOnWatch\",\"description\":\"relatos das favelas cariocas\",\"publisher\":{\"@id\":\"https:\/\/rioonwatch.org.br\/#organization\"},\"potentialAction\":[{\"@type\":\"SearchAction\",\"target\":{\"@type\":\"EntryPoint\",\"urlTemplate\":\"https:\/\/rioonwatch.org.br\/?s={search_term_string}\"},\"query-input\":{\"@type\":\"PropertyValueSpecification\",\"valueRequired\":true,\"valueName\":\"search_term_string\"}}],\"inLanguage\":\"pt-BR\"},{\"@type\":\"Organization\",\"@id\":\"https:\/\/rioonwatch.org.br\/#organization\",\"name\":\"RioOnWatch\",\"url\":\"https:\/\/rioonwatch.org.br\/\",\"logo\":{\"@type\":\"ImageObject\",\"inLanguage\":\"pt-BR\",\"@id\":\"https:\/\/rioonwatch.org.br\/#\/schema\/logo\/image\/\",\"url\":\"https:\/\/rioonwatch.org.br\/wp-content\/uploads\/2021\/06\/RioOnWatchcabecalhoPT11anos-2.png\",\"contentUrl\":\"https:\/\/rioonwatch.org.br\/wp-content\/uploads\/2021\/06\/RioOnWatchcabecalhoPT11anos-2.png\",\"width\":779,\"height\":277,\"caption\":\"RioOnWatch\"},\"image\":{\"@id\":\"https:\/\/rioonwatch.org.br\/#\/schema\/logo\/image\/\"}},{\"@type\":\"Person\",\"@id\":\"https:\/\/rioonwatch.org.br\/#\/schema\/person\/11d64c290506f9df50c71b850c473f68\",\"name\":\"Admin\",\"image\":{\"@type\":\"ImageObject\",\"inLanguage\":\"pt-BR\",\"@id\":\"https:\/\/rioonwatch.org.br\/#\/schema\/person\/image\/\",\"url\":\"https:\/\/secure.gravatar.com\/avatar\/56211ac74568383903349a1485e3c325?s=96&d=blank&r=g\",\"contentUrl\":\"https:\/\/secure.gravatar.com\/avatar\/56211ac74568383903349a1485e3c325?s=96&d=blank&r=g\",\"caption\":\"Admin\"},\"url\":\"https:\/\/rioonwatch.org.br\/?author=129\"}]}<\/script>\n<!-- \/ Yoast SEO plugin. -->","yoast_head_json":{"title":"Processos Disciplinadores Pr\u00e9 e P\u00f3s Megaeventos, em Favelas Parte 2: Disciplina F\u00edsica - RioOnWatch","robots":{"index":"index","follow":"follow","max-snippet":"max-snippet:-1","max-image-preview":"max-image-preview:large","max-video-preview":"max-video-preview:-1"},"canonical":"https:\/\/rioonwatch.org.br\/?p=44947","og_locale":"pt_BR","og_type":"article","og_title":"Processos Disciplinadores Pr\u00e9 e P\u00f3s Megaeventos, em Favelas Parte 2: Disciplina F\u00edsica - RioOnWatch","og_description":"Click Here for English Esta \u00e9 a segunda mat\u00e9ria, de uma s\u00e9rie de quatro, oriunda de uma pesquisa sobre processos disciplinantes que operaram no per\u00edodo pr\u00e9 e durante megaeventos no Rio, e que ainda operam [...]","og_url":"https:\/\/rioonwatch.org.br\/?p=44947","og_site_name":"RioOnWatch","article_published_time":"2020-01-27T13:03:06+00:00","article_modified_time":"2020-02-18T17:34:36+00:00","og_image":[{"width":1265,"height":550,"url":"https:\/\/rioonwatch.org.br\/wp-content\/uploads\/2016\/05\/2010-313843282-2010012561065.jpg_20100125.jpg","type":"image\/jpeg"}],"author":"Admin","twitter_card":"summary_large_image","twitter_misc":{"Escrito por":"Admin","Est. tempo de leitura":"10 minutos"},"schema":{"@context":"https:\/\/schema.org","@graph":[{"@type":"Article","@id":"https:\/\/rioonwatch.org.br\/?p=44947#article","isPartOf":{"@id":"https:\/\/rioonwatch.org.br\/?p=44947"},"author":{"name":"Admin","@id":"https:\/\/rioonwatch.org.br\/#\/schema\/person\/11d64c290506f9df50c71b850c473f68"},"headline":"Processos Disciplinadores Pr\u00e9 e P\u00f3s Megaeventos, em Favelas Parte 2: Disciplina F\u00edsica","datePublished":"2020-01-27T13:03:06+00:00","dateModified":"2020-02-18T17:34:36+00:00","mainEntityOfPage":{"@id":"https:\/\/rioonwatch.org.br\/?p=44947"},"wordCount":1937,"publisher":{"@id":"https:\/\/rioonwatch.org.br\/#organization"},"image":{"@id":"https:\/\/rioonwatch.org.br\/?p=44947#primaryimage"},"thumbnailUrl":"https:\/\/rioonwatch.org.br\/wp-content\/uploads\/2016\/05\/2010-313843282-2010012561065.jpg_20100125.jpg","keywords":["#StopFavelaStigma","Chap\u00e9u Mangueira","especula\u00e7\u00e3o imobili\u00e1ria","Favela Tours Comunit\u00e1rios","funk","Leme","Megaeventos","Morro da Babil\u00f4nia","Pol\u00edcia Militar","pol\u00edtica de seguran\u00e7a","seguran\u00e7a p\u00fablica","S\u00e9rie: Processos Disciplinadores","tr\u00e1fico de drogas","UPP","viol\u00eancia","viol\u00eancia de Estado","Zona Sul"],"articleSection":["#OlhoNoLegado","#Rio2016","*Destaque","Dados e Pesquisa","Pol\u00edticas","Seguran\u00e7a P\u00fablica"],"inLanguage":"pt-BR"},{"@type":"WebPage","@id":"https:\/\/rioonwatch.org.br\/?p=44947","url":"https:\/\/rioonwatch.org.br\/?p=44947","name":"Processos Disciplinadores Pr\u00e9 e P\u00f3s Megaeventos, em Favelas Parte 2: Disciplina F\u00edsica - RioOnWatch","isPartOf":{"@id":"https:\/\/rioonwatch.org.br\/#website"},"primaryImageOfPage":{"@id":"https:\/\/rioonwatch.org.br\/?p=44947#primaryimage"},"image":{"@id":"https:\/\/rioonwatch.org.br\/?p=44947#primaryimage"},"thumbnailUrl":"https:\/\/rioonwatch.org.br\/wp-content\/uploads\/2016\/05\/2010-313843282-2010012561065.jpg_20100125.jpg","datePublished":"2020-01-27T13:03:06+00:00","dateModified":"2020-02-18T17:34:36+00:00","breadcrumb":{"@id":"https:\/\/rioonwatch.org.br\/?p=44947#breadcrumb"},"inLanguage":"pt-BR","potentialAction":[{"@type":"ReadAction","target":["https:\/\/rioonwatch.org.br\/?p=44947"]}]},{"@type":"ImageObject","inLanguage":"pt-BR","@id":"https:\/\/rioonwatch.org.br\/?p=44947#primaryimage","url":"https:\/\/rioonwatch.org.br\/wp-content\/uploads\/2016\/05\/2010-313843282-2010012561065.jpg_20100125.jpg","contentUrl":"https:\/\/rioonwatch.org.br\/wp-content\/uploads\/2016\/05\/2010-313843282-2010012561065.jpg_20100125.jpg","width":1265,"height":550},{"@type":"BreadcrumbList","@id":"https:\/\/rioonwatch.org.br\/?p=44947#breadcrumb","itemListElement":[{"@type":"ListItem","position":1,"name":"In\u00edcio","item":"https:\/\/rioonwatch.org.br\/"},{"@type":"ListItem","position":2,"name":"Processos Disciplinadores Pr\u00e9 e P\u00f3s Megaeventos, em Favelas Parte 2: Disciplina F\u00edsica"}]},{"@type":"WebSite","@id":"https:\/\/rioonwatch.org.br\/#website","url":"https:\/\/rioonwatch.org.br\/","name":"RioOnWatch","description":"relatos das favelas cariocas","publisher":{"@id":"https:\/\/rioonwatch.org.br\/#organization"},"potentialAction":[{"@type":"SearchAction","target":{"@type":"EntryPoint","urlTemplate":"https:\/\/rioonwatch.org.br\/?s={search_term_string}"},"query-input":{"@type":"PropertyValueSpecification","valueRequired":true,"valueName":"search_term_string"}}],"inLanguage":"pt-BR"},{"@type":"Organization","@id":"https:\/\/rioonwatch.org.br\/#organization","name":"RioOnWatch","url":"https:\/\/rioonwatch.org.br\/","logo":{"@type":"ImageObject","inLanguage":"pt-BR","@id":"https:\/\/rioonwatch.org.br\/#\/schema\/logo\/image\/","url":"https:\/\/rioonwatch.org.br\/wp-content\/uploads\/2021\/06\/RioOnWatchcabecalhoPT11anos-2.png","contentUrl":"https:\/\/rioonwatch.org.br\/wp-content\/uploads\/2021\/06\/RioOnWatchcabecalhoPT11anos-2.png","width":779,"height":277,"caption":"RioOnWatch"},"image":{"@id":"https:\/\/rioonwatch.org.br\/#\/schema\/logo\/image\/"}},{"@type":"Person","@id":"https:\/\/rioonwatch.org.br\/#\/schema\/person\/11d64c290506f9df50c71b850c473f68","name":"Admin","image":{"@type":"ImageObject","inLanguage":"pt-BR","@id":"https:\/\/rioonwatch.org.br\/#\/schema\/person\/image\/","url":"https:\/\/secure.gravatar.com\/avatar\/56211ac74568383903349a1485e3c325?s=96&d=blank&r=g","contentUrl":"https:\/\/secure.gravatar.com\/avatar\/56211ac74568383903349a1485e3c325?s=96&d=blank&r=g","caption":"Admin"},"url":"https:\/\/rioonwatch.org.br\/?author=129"}]}},"_links":{"self":[{"href":"https:\/\/rioonwatch.org.br\/index.php?rest_route=\/wp\/v2\/posts\/44947"}],"collection":[{"href":"https:\/\/rioonwatch.org.br\/index.php?rest_route=\/wp\/v2\/posts"}],"about":[{"href":"https:\/\/rioonwatch.org.br\/index.php?rest_route=\/wp\/v2\/types\/post"}],"author":[{"embeddable":true,"href":"https:\/\/rioonwatch.org.br\/index.php?rest_route=\/wp\/v2\/users\/129"}],"replies":[{"embeddable":true,"href":"https:\/\/rioonwatch.org.br\/index.php?rest_route=%2Fwp%2Fv2%2Fcomments&post=44947"}],"version-history":[{"count":36,"href":"https:\/\/rioonwatch.org.br\/index.php?rest_route=\/wp\/v2\/posts\/44947\/revisions"}],"predecessor-version":[{"id":45398,"href":"https:\/\/rioonwatch.org.br\/index.php?rest_route=\/wp\/v2\/posts\/44947\/revisions\/45398"}],"wp:featuredmedia":[{"embeddable":true,"href":"https:\/\/rioonwatch.org.br\/index.php?rest_route=\/wp\/v2\/media\/19534"}],"wp:attachment":[{"href":"https:\/\/rioonwatch.org.br\/index.php?rest_route=%2Fwp%2Fv2%2Fmedia&parent=44947"}],"wp:term":[{"taxonomy":"category","embeddable":true,"href":"https:\/\/rioonwatch.org.br\/index.php?rest_route=%2Fwp%2Fv2%2Fcategories&post=44947"},{"taxonomy":"post_tag","embeddable":true,"href":"https:\/\/rioonwatch.org.br\/index.php?rest_route=%2Fwp%2Fv2%2Ftags&post=44947"},{"taxonomy":"writer","embeddable":true,"href":"https:\/\/rioonwatch.org.br\/index.php?rest_route=%2Fwp%2Fv2%2Fwriter&post=44947"},{"taxonomy":"translator","embeddable":true,"href":"https:\/\/rioonwatch.org.br\/index.php?rest_route=%2Fwp%2Fv2%2Ftranslator&post=44947"},{"taxonomy":"source","embeddable":true,"href":"https:\/\/rioonwatch.org.br\/index.php?rest_route=%2Fwp%2Fv2%2Fsource&post=44947"},{"taxonomy":"ilustrador","embeddable":true,"href":"https:\/\/rioonwatch.org.br\/index.php?rest_route=%2Fwp%2Fv2%2Filustrador&post=44947"},{"taxonomy":"fotografo","embeddable":true,"href":"https:\/\/rioonwatch.org.br\/index.php?rest_route=%2Fwp%2Fv2%2Ffotografo&post=44947"}],"curies":[{"name":"wp","href":"https:\/\/api.w.org\/{rel}","templated":true}]}}