{"id":45266,"date":"2020-02-11T11:25:02","date_gmt":"2020-02-11T14:25:02","guid":{"rendered":"https:\/\/rioonwatch.org.br\/?p=45266"},"modified":"2024-06-20T16:16:53","modified_gmt":"2024-06-20T19:16:53","slug":"retrospectiva-2019-melhores-e-piores-reportagens-internacionais-sobre-as-favelas-do-rio","status":"publish","type":"post","link":"https:\/\/rioonwatch.org.br\/?p=45266","title":{"rendered":"Retrospectiva 2019: Melhores e Piores Reportagens Internacionais sobre as Favelas do Rio"},"content":{"rendered":"<p style=\"text-align: right;\"><a href=\"http:\/\/bit.ly\/BestWorstFavelaReporting2019\" target=\"_blank\" rel=\"noopener noreferrer\"><em><strong>Click Here for English<\/strong><\/em><\/a><a href=\"http:\/\/bit.ly\/BestWorstFavelaReporting2019\"><img decoding=\"async\" class=\"alignright wp-image-15790\" src=\"https:\/\/rioonwatch.org.br\/wp-content\/uploads\/2012\/08\/EN-standard-e1439583104716.jpg\" alt=\"\" width=\"20\" height=\"20\" \/><\/a><\/p>\n<p><i>Esta \u00e9 a contribui\u00e7\u00e3o mais recente da nossa s\u00e9rie anual de mat\u00e9rias analisando as <a href=\"http:\/\/bit.ly\/FavelasNaMidiaInternacional\" target=\"_blank\" rel=\"noopener noreferrer\">Melhores e Piores Reportagens Internacionais sobre Favelas do Rio<\/a>,<\/i> <i>que faz\u00a0<em>parte do debate promovido pelo RioOnWatch sobre a\u00a0<a href=\"http:\/\/bit.ly\/1ZVXkRS\" target=\"_blank\" rel=\"noopener noreferrer\">narrativa<\/a> e as <a href=\"http:\/\/bit.ly\/1OKE065\" target=\"_blank\" rel=\"noopener noreferrer\">representa\u00e7\u00f5es midi\u00e1ticas<\/a>\u00a0acerca das favelas cariocas<\/em>.<\/i><\/p>\n<p>N\u00f3s temos a tend\u00eancia de abrir <a href=\"http:\/\/bit.ly\/22UReDO\" target=\"_blank\" rel=\"noopener noreferrer\">esta coluna anual<\/a> criticando os correspondentes internacionais por, ano ap\u00f3s ano, focarem exclusivamente na viol\u00eancia das favelas do Rio de Janeiro. J\u00e1 explicamos repetidas vezes que esse tipo de cobertura uniforme <a href=\"http:\/\/bit.ly\/2d30Pnn\" target=\"_blank\" rel=\"noopener noreferrer\">contribui para a perpetua\u00e7\u00e3o de estigmas injustos<\/a> sobre as favelas, e que tais <a href=\"http:\/\/bit.ly\/2WI7KtF\" target=\"_blank\" rel=\"noopener noreferrer\">estigmas perpetuados pela m\u00eddia refor\u00e7am<\/a> uma narrativa hist\u00f3rica que sustenta pol\u00edticas p\u00fablicas equivocadas e punitivistas que inclusive levam a viola\u00e7\u00f5es de direitos humanos e geram viol\u00eancia e desigualdade ainda maiores no Rio de Janeiro. A elei\u00e7\u00e3o do atual governo, que assumiu em 2019, foi prova viva disso, pois foi eleito quem prometeu refor\u00e7ar as a\u00e7\u00f5es de repress\u00e3o contra as favelas.<\/p>\n<p>Como resultado, em 2019 a pol\u00edcia do Rio de Janeiro matou mais pessoas do que havia matado em <a href=\"http:\/\/bit.ly\/2TlMji6\">qualquer ano anteriormente registrado<\/a>. Encorajadas pela ret\u00f3rica do governador rec\u00e9m-eleito <a href=\"http:\/\/bit.ly\/2ki6BKv\" target=\"_blank\" rel=\"noopener noreferrer\">Wilson Witzel<\/a>, as for\u00e7as armadas no Rio de Janeiro mataram com confian\u00e7a de que teriam sua <a href=\"http:\/\/bit.ly\/31o13yY\" target=\"_blank\" rel=\"noopener noreferrer\">impunidade quase que certamente garantida<\/a>. Nesse contexto, as ondas de manchetes sanguin\u00e1rias que inundaram a cobertura internacional sobre as favelas cariocas foram absolutamente necess\u00e1rias: um jornalismo efetivo deve responsabilizar as autoridades do governo por suas palavras e a\u00e7\u00f5es. No entanto, n\u00f3s do <em>RioOnWatch <\/em>continuamos insistindo que uma cobertura propositiva, focada em solu\u00e7\u00f5es \u00e9 essencial para a desconstru\u00e7\u00e3o de estigmas violentos e equivocados acerca das favelas e que a realidade t\u00f3xica do Rio s\u00f3 ser\u00e1 aliviada, o Rio capaz de realizar o seu potencial, pela dissemina\u00e7\u00e3o generalizada de perspectivas que aprofundam o entendimento acerca das favelas.<\/p>\n<p>O foco na viol\u00eancia protagonizada pelo Estado pode ter levado correspondentes a perderem alguns dos mais positivos relatos vindos de favelas cariocas no ano passado. Por esse motivo n\u00e3o vimos na imprensa internacional, por exemplo, not\u00edcias sobre Lucas Lima do <a href=\"http:\/\/bit.ly\/2ykrUy9\" target=\"_blank\" rel=\"noopener noreferrer\">Complexo do Alem\u00e3o<\/a>, que aos 24 <a href=\"https:\/\/glo.bo\/2stb15m\">construiu sua pr\u00f3pria impressora 3D de baixo custo<\/a>. Ou mesmo sobre o pr\u00e9-vestibular Unifavela da <a href=\"http:\/\/bit.ly\/2K1s59x\" target=\"_blank\" rel=\"noopener noreferrer\">Mar\u00e9<\/a>, que teve <a href=\"https:\/\/glo.bo\/30hZGRR\">100% de seus alunos aprovados em universidades<\/a>. Ou at\u00e9 mesmo mais informa\u00e7\u00f5es sobre a <a href=\"http:\/\/bit.ly\/304zc6n\" target=\"_blank\" rel=\"noopener noreferrer\">luta para democratizar o acesso \u00e0 energia solar nas favelas<\/a> do Rio. Periferias cariocas est\u00e3o continuamente produzindo solu\u00e7\u00f5es inovadoras a desafios atuais e fazemos um desservi\u00e7o ao mundo quando ignoramos a <a href=\"http:\/\/bit.ly\/2LKZvam\" target=\"_blank\" rel=\"noopener noreferrer\">pot\u00eancia que esses territ\u00f3rios representam<\/a>.<\/p>\n<p>Ainda sim, os n\u00edveis in\u00e9ditos de viol\u00eancia policial em 2019 demandaram uma aten\u00e7\u00e3o in\u00e9dita. \u00c0 luz disso, correspondentes estrangeiros e ve\u00edculos internacionais exerceram um papel importante no monitoramento e no questionamento das pol\u00edticas p\u00fablicas de seguran\u00e7a do Rio.<\/p>\n<h3><strong>Coberturas Importantes sobre Viol\u00eancia Policial<\/strong><\/h3>\n<p><a href=\"https:\/\/rioonwatch.org.br\/wp-content\/uploads\/2020\/02\/melhores-e-piores-5.jpg\"><img fetchpriority=\"high\" decoding=\"async\" class=\"aligncenter wp-image-45277 size-content\" title=\"Governador do Rio de Janeiro, Wilson Witzel, em uma de suas v\u00e1rias apari\u00e7\u00f5es uniformizado. Foto: O Globo\" src=\"https:\/\/rioonwatch.org.br\/wp-content\/uploads\/2020\/02\/melhores-e-piores-5-555x264.jpg\" alt=\"\" width=\"555\" height=\"264\" \/><\/a><\/p>\n<p>O discurso ultra-violento do governador (incluindo promessas de que a pol\u00edcia <a href=\"http:\/\/bit.ly\/2R86dfR\" target=\"_blank\" rel=\"noopener noreferrer\">atiraria<\/a> &#8220;nas cabecinhas&#8221; de criminosos, insinua\u00e7\u00f5es de <a href=\"https:\/\/glo.bo\/2trZtzB\" target=\"_blank\" rel=\"noopener noreferrer\">enviar um m\u00edssil para explodir a Cidade de Deus<\/a>, repetidas <a href=\"http:\/\/bit.ly\/2Rif6BK\">apari\u00e7\u00f5es vestindo uniformes militares<\/a> e um v\u00eddeo em que aparece em um <a href=\"https:\/\/glo.bo\/2J7Pbek\" target=\"_blank\" rel=\"noopener noreferrer\">helic\u00f3ptero que est\u00e1 atirando para baixo<\/a>) apareceu de forma destacada ao lado de uma sequ\u00eancia de registros tenebrosos de viol\u00eancia policial. O <a href=\"http:\/\/bit.ly\/2nrHt50\" target=\"_blank\" rel=\"noopener noreferrer\">assassinato de \u00c1gatha Felix, de 8 anos<\/a>, o <a href=\"http:\/\/bit.ly\/2SDu7AM\" target=\"_blank\" rel=\"noopener noreferrer\">massacre no Fallet-Fogueteiro<\/a>, os 257 tiros <a href=\"http:\/\/bit.ly\/2G00Qb2\" target=\"_blank\" rel=\"noopener noreferrer\">sobre o carro do m\u00fasico Evaldo Santos<\/a>, o <a href=\"https:\/\/glo.bo\/2Jkiiv3\" target=\"_blank\" rel=\"noopener noreferrer\">assassinato do instrutor de jiu-jitsu<\/a> Jean Rodrigo Aldrovande e uma s\u00e9rie de <a href=\"http:\/\/bit.ly\/2NtpiXC\" target=\"_blank\" rel=\"noopener noreferrer\">crian\u00e7as v\u00edtimas de &#8220;balas perdidas&#8221;<\/a> suscitaram a produ\u00e7\u00e3o de reportagens excelentes e significativas por correspondentes internacionais. As melhores delas inclu\u00edram falas de moradores e analisaram criticamente declara\u00e7\u00f5es oficiais da pol\u00edcia, como:<\/p>\n<ul>\n<li><em>The New York<\/em> <em>Times<\/em>:<em> \u201c<\/em><a href=\"https:\/\/nyti.ms\/2W3304F\">\u2018Eles Vieram Para Matar.\u2019 Quase 5 Morrem Diariamente Nas M\u00e3os da Pol\u00edcia do Rio<\/a>\u201d. Ao combinar depoimentos de familiares das v\u00edtimas com entrevistas com l\u00edderes e ativistas da sociedade civil e testemunhos de defensores p\u00fablicos e pol\u00edticos, esse artigo fornece uma vis\u00e3o completa do aumento dos n\u00edveis de viol\u00eancia policial no Rio.<\/li>\n<li><em>BBC<\/em>: \u201c<a href=\"https:\/\/bbc.in\/36HYauT\">14:30 no Rio. A hist\u00f3ria da morte<\/a>\u201d. Esse sincero e extenso artigo maravilhosamente escrito tra\u00e7a a vida e morte do professor de jiu-jitsu Jean Rodrigo, localizando seu assassinato dentro do novo cen\u00e1rio de viol\u00eancia policial.<\/li>\n<li><em>The Guardian<\/em>: Uma s\u00e9rie de mat\u00e9rias excelentes, incluindo o acompanhamento de perto das fam\u00edlias das v\u00edtimas ap\u00f3s o massacre no Fallet-Fogueteiro (\u201c<a href=\"http:\/\/bit.ly\/2SNpJ2f\">\u2018Foi uma execu\u00e7\u00e3o:\u2019 13 mortos no Brasil em decorr\u00eancia da nova pol\u00edtica do Estado contra o tr\u00e1fico<\/a>&#8220;) e a cobertura do caso de \u00c1gatha F\u00e9lix (\u201c<a href=\"http:\/\/bit.ly\/2kM4uyR\">Brasileiros culpam a pol\u00edtica do governador do Rio de &#8216;atirar para matar&#8217; pela morte de crian\u00e7a<\/a>\u201d). Esse \u00faltimo faz refer\u00eancia ao <a href=\"http:\/\/bit.ly\/2N3NY8L\" target=\"_blank\" rel=\"noopener noreferrer\">genoc\u00eddio como pol\u00edtica<\/a> a partir da inclus\u00e3o da fala do ativista do Alem\u00e3o, Thain\u00e3 de Medeiros. Al\u00e9m desses, a mat\u00e9ria \u201c\u2018<a href=\"http:\/\/bit.ly\/2kPjz2z\">Indefesos no meio do tiroteio\u2019: fam\u00edlias do Rio lidam com mortes decorrentes de viol\u00eancia policial<\/a>\u201d, traz uma entrevista profundamente comovente com o marido da falecida Margareth Teixeira, uma m\u00e3e de 17 anos v\u00edtima de um tiro da pol\u00edcia em <a href=\"http:\/\/bit.ly\/2ZnT1DC\" target=\"_blank\" rel=\"noopener noreferrer\">Bangu<\/a>, na <a href=\"http:\/\/bit.ly\/2x3k8bw\" target=\"_blank\" rel=\"noopener noreferrer\">Zona Oeste<\/a> da cidade.<\/li>\n<li><em>The Washington Post<\/em>: A mat\u00e9ria &#8220;<a href=\"https:\/\/wapo.st\/30aDCZw\">Com o aumento dos tiros disparados pela pol\u00edcia no Rio, crian\u00e7as ficam no meio do fogo cruzado<\/a>&#8220;, investiga as hist\u00f3rias de crian\u00e7as mortas por balas perdidas em opera\u00e7\u00f5es policiais em 2019, combinando dados do Minist\u00e9rio da Sa\u00fade e entrevistas com familiares. J\u00e1 \u201c<a href=\"https:\/\/wapo.st\/2NeIGGR\">Os militares no Brasil dispararam d\u00fazias de tiros sobre sua fam\u00edlia, matando seu marido. Ser\u00e1 que algu\u00e9m ser\u00e1 responsabilizado?<\/a>\u201d, acompanha de forma crucial o assassinato de Evaldo Santos. Ao longo do julgamento nos meses seguintes, os militares envolvidos come\u00e7am a mudar suas narrativas sobre o ocorrido.<\/li>\n<\/ul>\n<p><a href=\"https:\/\/rioonwatch.org.br\/wp-content\/uploads\/2020\/02\/melhores-e-piores-4.jpg\"><img decoding=\"async\" class=\"aligncenter wp-image-45276 size-content\" title=\"Protesto ap\u00f3s o assassinato de \u00c1gatha F\u00e9lix. Foto: L\u00e9o Corr\u00eaa\/AP\" src=\"https:\/\/rioonwatch.org.br\/wp-content\/uploads\/2020\/02\/melhores-e-piores-4-620x264.jpg\" alt=\"\" width=\"620\" height=\"264\" srcset=\"https:\/\/rioonwatch.org.br\/wp-content\/uploads\/2020\/02\/melhores-e-piores-4-620x264.jpg 620w, https:\/\/rioonwatch.org.br\/wp-content\/uploads\/2020\/02\/melhores-e-piores-4-940x400.jpg 940w\" sizes=\"(max-width: 620px) 100vw, 620px\" \/><\/a><\/p>\n<p>Outros artigos tem\u00e1ticos acertaram ao conduzir entrevistas extensas com moradores, l\u00edderes comunit\u00e1rios e autoridades p\u00fablicas. \u00c9 exatamente o que faz <a href=\"http:\/\/bit.ly\/2NnperO\">esta ampla mat\u00e9ria da <\/a><a href=\"http:\/\/bit.ly\/2NnperO\"><em>AP<\/em><\/a> sobre as opini\u00f5es divergentes acerca do emprego de m\u00e9todos violentos pela pol\u00edcia, mencionando claramente o custo humano dessa estrat\u00e9gia. Alguns outros, como <a href=\"https:\/\/on.ft.com\/2HSUkFQ\">estas mat\u00e9rias detalhadas do<em> The Financial Times<\/em><\/a> e do <a href=\"https:\/\/bloom.bg\/2vmWYfo\"><em>Bloomberg<\/em><\/a>, investigam extensamente um t\u00f3pico cada vez mais cr\u00edtico: o crescimento das mil\u00edcias no Rio.<\/p>\n<p><a href=\"https:\/\/wapo.st\/2kA7UEv\">Este excelente editorial para o<em> The Washington Post<\/em><\/a>, intitulado &#8220;Outro inc\u00eandio assola o Brasil \u2014 dentro das favelas do Rio&#8221;, merece aten\u00e7\u00e3o especial. Tamb\u00e9m a <a href=\"http:\/\/bit.ly\/2v2iB7P\" target=\"_blank\" rel=\"noopener noreferrer\">an\u00e1lise da origem das balas disparadas durante tiroteitos<\/a> conduzida ao longo de v\u00e1rios meses pelo <em>The Intercept, <\/em>em parceria com o <a href=\"http:\/\/bit.ly\/2GVHFAf\" target=\"_blank\" rel=\"noopener noreferrer\">Instituto Sou da Paz<\/a> e o grupo de pesquisa su\u00ed\u00e7o <a href=\"http:\/\/bit.ly\/31qdMkX\" target=\"_blank\" rel=\"noopener noreferrer\">Small Arms Survey<\/a>, foi capaz de demonstrar a dimens\u00e3o internacional do conflito armado que acontece no Rio.<\/p>\n<p>Embora n\u00e3o diretamente relacionados \u00e0s favelas, diversos outras mat\u00e9rias tiveram sucesso em descrever o cen\u00e1rio pol\u00edtico da viol\u00eancia carioca. <a href=\"http:\/\/bit.ly\/2tVE81z\">Este artigo da<em>\u00a0Al-Jazeera<\/em><\/a> tra\u00e7a a origem das estrat\u00e9gias policiais de 2019 a partir do legado deixado pela interven\u00e7\u00e3o militar de 2018. Al\u00e9m disso, a ex-colaboradora do <em>RioOnWatch<\/em> <a href=\"http:\/\/bit.ly\/2uiBLGw\" target=\"_blank\" rel=\"noopener noreferrer\">Stephanie Reist<\/a> situa a mistura do <a href=\"http:\/\/bit.ly\/37Z2EgI\">policiamento sanguin\u00e1rio e envolvimento do Estado com a mil\u00edcia<\/a> em um cen\u00e1rio necropol\u00edtico mais amplo para a <em>Jacobin Mag <\/em>de maneira eficaz.<\/p>\n<p>Por \u00faltimo, <a href=\"http:\/\/bit.ly\/2FuGAhk\">esta mat\u00e9ria<\/a> da edi\u00e7\u00e3o de abril de 2019 para a revista <em>The New Yorker <\/em>talvez seja o mais detalhado apanhado sobre o Brasil de Jair Bolsonaro publicado at\u00e9 agora.<\/p>\n<h3><strong>E ainda sim, alguns deixaram a desejar&#8230;<\/strong><\/h3>\n<p><a href=\"https:\/\/rioonwatch.org.br\/wp-content\/uploads\/2020\/02\/melhores-e-piores-3.jpg\"><img loading=\"lazy\" decoding=\"async\" class=\"aligncenter wp-image-45275 size-medium\" title=\"Membros do BOPE continuam ganhando status de celebridade. Foto: L\u00e9o Corr\u00eaa\/AP\" src=\"https:\/\/rioonwatch.org.br\/wp-content\/uploads\/2020\/02\/melhores-e-piores-3-620x349.jpg\" alt=\"\" width=\"620\" height=\"349\" srcset=\"https:\/\/rioonwatch.org.br\/wp-content\/uploads\/2020\/02\/melhores-e-piores-3-620x349.jpg 620w, https:\/\/rioonwatch.org.br\/wp-content\/uploads\/2020\/02\/melhores-e-piores-3-470x264.jpg 470w, https:\/\/rioonwatch.org.br\/wp-content\/uploads\/2020\/02\/melhores-e-piores-3-768x432.jpg 768w, https:\/\/rioonwatch.org.br\/wp-content\/uploads\/2020\/02\/melhores-e-piores-3-1024x576.jpg 1024w, https:\/\/rioonwatch.org.br\/wp-content\/uploads\/2020\/02\/melhores-e-piores-3-580x326.jpg 580w, https:\/\/rioonwatch.org.br\/wp-content\/uploads\/2020\/02\/melhores-e-piores-3-174x98.jpg 174w, https:\/\/rioonwatch.org.br\/wp-content\/uploads\/2020\/02\/melhores-e-piores-3.jpg 1140w\" sizes=\"(max-width: 620px) 100vw, 620px\" \/><\/a><\/p>\n<p>Uma <a href=\"http:\/\/bit.ly\/2lLSvSe\" target=\"_blank\" rel=\"noopener noreferrer\">mat\u00e9ria do <em>Washington Post<\/em><\/a>, por um lado brilhante, por outro se desintegrou em uma \u00fanica frase quando afirmou que &#8220;a repress\u00e3o [de Witzel] ao crime pode estar dando em bons resultados. A taxa de homic\u00eddio caiu em 24% nos primeiros dois meses do ano, segundo estat\u00edsticas oficiais&#8221;. A alega\u00e7\u00e3o infundada (mascarada pela palavra &#8220;pode&#8221;) enfraquece o prop\u00f3sito geral da mat\u00e9ria, induzindo uma rela\u00e7\u00e3o de causa e efeito falsa de que a pol\u00edtica de Witzel \u00e9 respons\u00e1vel por tais resultados e amplamente questionada por especialistas em seguran\u00e7a p\u00fablica, tanto em \u00e2mbito federal quanto estadual (veja-o <a href=\"http:\/\/bit.ly\/3815t0X\">aqui<\/a>, <a href=\"http:\/\/bit.ly\/2GpAy23\">aqui<\/a>, <a href=\"http:\/\/bit.ly\/35QxbMc\">aqui<\/a>, <a href=\"https:\/\/glo.bo\/2uLKIbi\">aqui<\/a> e <a href=\"http:\/\/bit.ly\/2QPm5Tx\">aqui<\/a>).<\/p>\n<p>Outras mat\u00e9rias continuaram glorificando a pol\u00edcia e elogiando tecnologias de guerra e t\u00e1ticas dignas de cinema, como este <a href=\"http:\/\/bit.ly\/2Re7W1a\">artigo da <\/a><a href=\"http:\/\/bit.ly\/2Re7W1a\"><em>CBN<\/em><\/a><a href=\"http:\/\/bit.ly\/2Re7W1a\"> canadense bizarramente id\u00f3latra<\/a> sobre o <a href=\"http:\/\/bit.ly\/36WmvMR\" target=\"_blank\" rel=\"noopener noreferrer\">BOPE<\/a>, no qual uma equipe de jornalistas crist\u00e3os &#8220;entrou em uma favela com [o BOPE] para uma miss\u00e3o de treinamento \u2013 trata-se um bairro mais seguro porque eles j\u00e1 o limparam. Mas voc\u00ea pode ver o jeito t\u00e1tico com que eles aprendem a se mover, porque voc\u00ea n\u00e3o sabe quem s\u00e3o os vil\u00f5es at\u00e9 que eles atirem em voc\u00ea&#8221;.<\/p>\n<h3><strong>Melhores Reportagens sobre Favelas em 2019<\/strong><\/h3>\n<p><a href=\"https:\/\/rioonwatch.org.br\/wp-content\/uploads\/2020\/02\/melhores-e-piores-2.jpg\"><img loading=\"lazy\" decoding=\"async\" class=\"aligncenter wp-image-45274 size-content\" title=\"A equipe da Rocywood. Foto da mat\u00e9ria do ve\u00edculo Hyperallergic sobre o cen\u00e1rio de filmes independentes na Rocinha. Foto: Mariana Sim\u00f5es\" src=\"https:\/\/rioonwatch.org.br\/wp-content\/uploads\/2020\/02\/melhores-e-piores-2-620x264.jpg\" alt=\"\" width=\"620\" height=\"264\" \/><\/a><\/p>\n<p>Felizmente, no ano passado, hist\u00f3rias positivas n\u00e3o estiveram totalmente em falta. Tampouco esteve a cobertura sobre os desdobramentos do assassinato pol\u00edtico de Marielle Franco ou sobre a neglig\u00eancia em termos de servi\u00e7os p\u00fablicos nas favelas.<\/p>\n<h4><strong>As artes<\/strong><\/h4>\n<ul>\n<li><em>The Economist: &#8220;<\/em><a href=\"https:\/\/econ.st\/36Um9ag\">MCs mulheres est\u00e3o mudando o funk brasileiro<\/a>&#8220;. Essa ambiciosa e at\u00edpica mat\u00e9ria do <em>The Economist <\/em>revela o lado feminista do funk muitas vezes <em>machista<\/em>, retratando o movimento contra o momento reacion\u00e1rio e conservador no Brasil.<\/li>\n<li><em>The Conversation: \u201c<\/em><a href=\"http:\/\/bit.ly\/2sPvFHT\">Sexo, drogas e feminismo: para as cantoras de funk brasileiro, o pessoal \u00e9 pol\u00edtico<\/a><em>\u201d<\/em>. Escrito por uma professora da <a href=\"http:\/\/bit.ly\/2G9KCND\">UFRJ<\/a>, essa mat\u00e9ria sensata relata suas suposi\u00e7\u00f5es sobre o funk e o estudo de campo antropol\u00f3gico que ela realizou, detalha o poder socialmente libertador das artistas feministas do funk.<\/li>\n<li><em>Afropunk<\/em>: \u201c<a href=\"http:\/\/bit.ly\/2shIRKi\">A Ascens\u00e3o e Queda do DJ de Funk Rennan da Penha<\/a>\u201d. A mat\u00e9ria come\u00e7a com uma v\u00edvida descri\u00e7\u00e3o do j\u00e1 extinto baile da gaiola, no <a href=\"http:\/\/bit.ly\/34AR8ac\">Complexo da Penha<\/a>, e desemboca em uma an\u00e1lise aprofundada acerca da batalha cultural que envolve o funk e das motiva\u00e7\u00f5es por tr\u00e1s da pris\u00e3o do DJ Rennan da Penha.<\/li>\n<li><em>Hyperallergic<\/em>: \u201c<a href=\"http:\/\/bit.ly\/35ZWKvT\">Os Movimentos Cinematogr\u00e1ficos de Base Crescendo nas Favelas do Rio de Janeiro<\/a>\u201d. Se voc\u00ea ainda n\u00e3o ouviu falar da Rocywood, a florescente cena de cinema independente da <a href=\"http:\/\/bit.ly\/317A4Hx\">Rocinha<\/a>, comece por aqui.<\/li>\n<li><em>The Rio Times:<\/em> \u201c<a href=\"http:\/\/bit.ly\/36NbRsO\">Exposi\u00e7\u00e3o Favelagrafia 2.0 Revela os Potenciais Criativos do Rio de Janeiro<\/a>\u201d. A mat\u00e9ria cobriu a mostra Favelagrafia, que aconteceu no Museu de Arte Moderna (MAM), uma exposi\u00e7\u00e3o feita com o prop\u00f3sito de mostrar &#8220;as favelas pelos olhos de seus moradores&#8221;.<\/li>\n<\/ul>\n<h4><strong>Marielle, Um Ano Depois<\/strong><\/h4>\n<ul>\n<li><em>The Guardian<\/em>: \u201cMarielle e M\u00f4nica: as ativistas LGBT que resistem ao Brasil de Bolsonaro&#8221;. <a href=\"http:\/\/bit.ly\/2RykKQj\">Esse mini-document\u00e1rio \u00e9 protagonizado pela vi\u00fava de Marielle<\/a>, M\u00f4nica Ben\u00edcio, focando nos aspectos menos conhecidos do ativismo do casal LGBT e na milit\u00e2ncia cont\u00ednua que se seguiu \u00e0 morte de Marielle.<\/li>\n<li><em>The New York Times<\/em>: \u201c<a href=\"https:\/\/nyti.ms\/2HBrZmX\">Um Ano Depois de sua Morte, Marielle Franco Se Tornou Um Grito de Guerra num Brasil Polarizado<\/a>\u201d. Essa pequena mat\u00e9ria combina entrevistas mais \u00edntimas com novas descobertas do caso Marielle, localizando o assassinato da vereadora no ambiente social de 2019.<\/li>\n<li><em>Open Democracy<\/em>: \u201c<a href=\"http:\/\/bit.ly\/2TmWyTs\">A vida e as batalhas de Marielle Franco<\/a>&#8220;, \u00e9 ao mesmo tempo \u00edntimo e abrangente, partindo tanto da hist\u00f3ria das favelas do Rio quanto da rela\u00e7\u00e3o pessoal da autora com Marielle.<\/li>\n<li><em>Americas Quarterly<\/em>: \u201c<a href=\"http:\/\/bit.ly\/39ZnBKm\">Ap\u00f3s Marielle, Essas Mulheres Negras Est\u00e3o Mudando a Cara da Pol\u00edtica Brasileira<\/a>\u201d. Essa mat\u00e9ria sobre a <a href=\"http:\/\/bit.ly\/2ISmgI0\">ascens\u00e3o de mulheres faveladas e negras na pol\u00edtica<\/a> em virtude do assassinato de Marielle Franco demonstra esperan\u00e7a diante da pr\u00f3xima gera\u00e7\u00e3o de Marielles.<\/li>\n<\/ul>\n<h4><strong>Pol\u00edticas e Servi\u00e7os P\u00fablicos para Favelas<\/strong><\/h4>\n<ul>\n<li><em>France 24<\/em>: \u201c<a href=\"http:\/\/bit.ly\/30hCGCv\">Dos Nossos Observadores no Rio de Janeiro: favelas, limpezas de praias e mais<\/a>&#8220;. Um dos &#8220;observadores&#8221; da s\u00e9rie \u00e9 uma m\u00e9dica do <a href=\"http:\/\/bit.ly\/398Oqe0\" target=\"_blank\" rel=\"noopener noreferrer\">Instituto Movimento e Vida<\/a>. A mat\u00e9ria traz um \u00f3timo relato sobre seus esfor\u00e7os para expandir o acesso \u00e0 fisioterapia na <a href=\"http:\/\/bit.ly\/2IgR5qe\">Zona Norte<\/a> do Rio de Janeiro.<\/li>\n<li><em>INews<\/em>: \u201c<a href=\"http:\/\/bit.ly\/2CTFURK\">&#8216;N\u00f3s tamb\u00e9m somos pessoas de verdade. E al\u00e9m disso, os traficantes ainda querem receber cartas\u2019: Entregando cartas no labirinto das favelas brasileiras<\/a>\u201d. N\u00f3s perdoamos o t\u00edtulo, j\u00e1 que a mat\u00e9ria \u00e9 um relato cuidadoso e \u00fanico sobre o trabalho de um grupo para poder assegurar a entrega de cartas na Rocinha.<\/li>\n<li><em>Wired<\/em>: \u201c<a href=\"http:\/\/bit.ly\/2MfNM4m\">O Telef\u00e9rico Extinto do Rio Conta uma Hist\u00f3ria de Prioriza\u00e7\u00e3o de Estilo Acima do Essencial<\/a>\u201d. Publicado assim que Witzel havia anunciado a reinaugura\u00e7\u00e3o do telef\u00e9rico do Alem\u00e3o at\u00e9 o fim do ano, essa mat\u00e9ria acompanha a hist\u00f3ria ap\u00f3s o fechamento do telef\u00e9rico em 2016, combinando perspectiva dos moradores, compara\u00e7\u00f5es internacionais e dados sobre o uso do equipamento.<\/li>\n<li><em>Rio Times:<\/em> \u201c<a href=\"http:\/\/bit.ly\/2D0NbQ5\">Ao Inv\u00e9s de Favelas, Condom\u00ednios de Luxo Podem em Breve Ser Erguidos Nos Morros da Zona Sul<\/a>&#8220;, faz um bom trabalho ao destrinchar o complicado, por\u00e9m importante projeto de lei que pode desregulamentar a constru\u00e7\u00e3o de novas moradias nas favelas, potencialmente abrindo brechas para o avan\u00e7o da gentrifica\u00e7\u00e3o da mesmas.<\/li>\n<\/ul>\n<p>Duas mat\u00e9rias, uma para o <em>Catholic Philly <\/em>e outra para a revista jesu\u00edta <em>America Magazine,<\/em> merecem ser citadas por se debru\u00e7arem sobre a hist\u00f3ria e o papel <a href=\"http:\/\/bit.ly\/2ZodNF3\">atual da Igreja Cat\u00f3lica no servi\u00e7o \u00e0s favelas<\/a>. O primeiro, embora tenha um t\u00edtulo sensacionalista \u2014&#8221;<a href=\"http:\/\/bit.ly\/2CpC02Q\">Jesus da Favela far\u00e1 parte do Carnaval do Rio de Janeiro em 2020<\/a>&#8220;\u2014oferece um olhar introdut\u00f3rio sobre os esfor\u00e7os da Escola de Samba da Mangueira para ressignificar o legado de Jesus em rela\u00e7\u00e3o ao que \u00e9 propagado pela direita crist\u00e3.<\/p>\n<p>Tamb\u00e9m houve uma <a href=\"http:\/\/bit.ly\/2O1rDb6\">mat\u00e9ria inesperada e interessante da <em>The Scarlet and Black<\/em> de Iowa<\/a> cobrindo uma colabora\u00e7\u00e3o entre o ativista da Mar\u00e9 Henrique Gomes da Silva e o professor da Universidade Grinnell Nick Barnes.<\/p>\n<p>Por \u00faltimo, ficamos admirados com este <a href=\"http:\/\/bit.ly\/2FJgKa4\">tour gastron\u00f4mico notavelmente progressista<\/a> liderado pelo YouTuber Mark Wiens. Utilizando um tom que varia de genuinamente curioso (ing\u00eanuo por vezes) at\u00e9 sinceramente grato, Mark consegue desestigmatizar sem cair na armadilha da romantiza\u00e7\u00e3o.<\/p>\n<h3><strong>Os Piores<\/strong><\/h3>\n<p><a href=\"https:\/\/rioonwatch.org.br\/wp-content\/uploads\/2020\/02\/melhores-e-piores.jpg\"><img loading=\"lazy\" decoding=\"async\" class=\"aligncenter wp-image-45273 size-content\" title=\"Turista australiano Hugo Carey foi o foco de algumas das piores mat\u00e9rias desse ano. Foto: Facebook\" src=\"https:\/\/rioonwatch.org.br\/wp-content\/uploads\/2020\/02\/melhores-e-piores-620x264.jpg\" alt=\"\" width=\"620\" height=\"264\" srcset=\"https:\/\/rioonwatch.org.br\/wp-content\/uploads\/2020\/02\/melhores-e-piores-620x264.jpg 620w, https:\/\/rioonwatch.org.br\/wp-content\/uploads\/2020\/02\/melhores-e-piores.jpg 634w\" sizes=\"(max-width: 620px) 100vw, 620px\" \/><\/a><\/p>\n<p>As piores mat\u00e9rias sobre favelas cariocas batem sempre na mesma tecla. Ao mesmo tempo em que o <em>RioOnWatch<\/em> continua a <a href=\"http:\/\/bit.ly\/33AGboe\" target=\"_blank\" rel=\"noopener noreferrer\">insistir que as publica\u00e7\u00f5es desistam de tradu\u00e7\u00f5es malfeitas e estigmatizantes<\/a> do termo &#8220;favela&#8221;, como &#8220;slum&#8221; (que implica em bairros degradados, marginais e tempor\u00e1rios) e &#8220;shantytown&#8221; (bairro de barracos prec\u00e1rios), as m\u00eddias tradicional e alternativa t\u00eam teimado em n\u00e3o abrir m\u00e3o de seus padr\u00f5es estil\u00edsticos de escrita. No melhor dos casos, essas tradu\u00e7\u00f5es fazem o leitor torcer o nariz no meio de mat\u00e9rias que por outro lado seriam consideradas maravilhosas. No pior dos casos, s\u00e3o sintomas da gritante falta de familiaridade do autor com as favelas. As seguintes mat\u00e9rias se encaixam nessa segunda categoria, ficando entre a desonestidade intelectual e a condescend\u00eancia.<\/p>\n<p>Quando um turista australiano b\u00eabado decidiu passear no <a href=\"http:\/\/bit.ly\/2RZH3jf\" target=\"_blank\" rel=\"noopener noreferrer\">Morro do Adeus<\/a> dentro do Complexo do Alem\u00e3o, o <a href=\"https:\/\/dailym.ai\/30fi8e4\"><em>Daily Mail Australia <\/em>se posicionou<\/a>, explicando que &#8220;uma favela \u00e9 um bairro degradado <em>[slum]<\/em> ou um assentamento constru\u00eddo de materiais prec\u00e1rios <em>[shantytown]<\/em> marcado pelo crime no Rio de Janeiro, onde vivem 1,5 milh\u00f5es de pessoas de baixa renda. As favelas ficam nas periferias da cidade e por muito tempo t\u00eam sido dominadas por fac\u00e7\u00f5es que traficam drogas ilegais\u201d. O texto, repleto de fotos de festa do australiano em quest\u00e3o, al\u00e9m de alguns v\u00eddeos de roubos n\u00e3o relacionados com o caso, faz uma s\u00e9rie de afirma\u00e7\u00f5es completamente imprecisas.<\/p>\n<p>Uma favela n\u00e3o \u00e9 um assentamento de materiais prec\u00e1rios marcado pelo crime, j\u00e1 que mais de 90% das habita\u00e7\u00f5es s\u00e3o feitas de alvenaria, e muitas favelas n\u00e3o t\u00eam nenhuma criminalidade. Outras com criminalidade n\u00e3o ultrapassam 1% da popula\u00e7\u00e3o diretamente envolvida com ela. E uma r\u00e1pida pesquisa no Google Maps j\u00e1 mostraria ao autor que muitas das favelas mais conhecidas est\u00e3o concentradas no cora\u00e7\u00e3o da cidade. Favela n\u00e3o \u00e9 sin\u00f4nimo da presen\u00e7a de fac\u00e7\u00f5es e a respeito de &#8220;por muito tempo&#8221; terem sido dominadas por elas, pode-se dizer que, na verdade, os principais grupos de crime organizado do Rio come\u00e7aram a consolidar seu controle nas favelas s\u00f3 em 1980. A primeira favela nos registros oficiais, em compara\u00e7\u00e3o, foi estabelecida em 1897, havendo muitas que at\u00e9 mesmo precedem a essa data.<\/p>\n<p>Mat\u00e9rias de viagem tendem a apresentar uma linguagem similarmente &#8220;de safari&#8221;, como \u00e9 o caso desta <a href=\"http:\/\/bit.ly\/2QPF9RF\">mat\u00e9ria para o <em>The Telegraph<\/em><\/a> sobre as principais atra\u00e7\u00f5es culturais sul-americanas acess\u00edveis via cruzeiro. Em tr\u00eas frases, a resenha a respeito das favelas consegue juntar praticamente tudo o que pode haver de errado numa mat\u00e9ria: &#8220;Favelas s\u00e3o os bairros degradados <em>[slums]<\/em> ou assentamentos prec\u00e1rios <em>[shantytowns]<\/em> do Brasil. N\u00e3o s\u00e3o o destino mais atrativo da viagem, mas os milh\u00f5es que moram nos barracos as chamam de casa. As centenas de favelas do Rio j\u00e1 produziram o samba e outros talentos art\u00edsticos e muitas visitas tur\u00edsticas s\u00e3o conduzidas por guias dessas comunidades&#8221;.<\/p>\n<p>Sem contar o fato de que essa resenha perde a oportunidade de <a href=\"http:\/\/bit.ly\/2uDJMWl\" target=\"_blank\" rel=\"noopener noreferrer\">conectar os leitores aos tours liderados por moradores<\/a>\u2014o par\u00e1grafo menciona uma excurs\u00e3o &#8220;educacional&#8221; operada pela empresa de cruzeiros \u00e0 Rocinha e links para um cruzeiro de \u00a3 2500 (R$14.000,00) para Buenos Aires\u2014\u00e9 preciso questionar o porqu\u00ea do autor justapor uma fala vergonhosa sobre as moradias (\u201cBarracos\u201d? Ele j\u00e1 esteve no Rio?) com uma proposta de um tour para viajantes ricos.<\/p>\n<hr \/>\n<h4>Apoie o jornalismo hiperlocal, cr\u00edtico, inovador e incans\u00e1vel do\u00a0<em>RioOnWatch<\/em>. #QueroReportagensSobreFavelas\u2014<a href=\"http:\/\/bit.ly\/CatalisandoComunidades\">doe aqui<\/a>.<\/h4>\n<!-- AddThis Advanced Settings generic via filter on the_content --><!-- AddThis Share Buttons generic via filter on the_content -->","protected":false},"excerpt":{"rendered":"<div class=\"mh-excerpt\"><p>Click Here for English Esta \u00e9 a contribui\u00e7\u00e3o mais recente da nossa s\u00e9rie anual de mat\u00e9rias analisando as Melhores e Piores Reportagens Internacionais sobre Favelas do Rio, que faz\u00a0parte do debate promovido pelo RioOnWatch sobre <a class=\"mh-excerpt-more\" href=\"https:\/\/rioonwatch.org.br\/?p=45266\" title=\"Retrospectiva 2019: Melhores e Piores Reportagens Internacionais sobre as Favelas do Rio\">[&#8230;]<\/a><!-- AddThis Advanced Settings generic via filter on get_the_excerpt --><!-- AddThis Share Buttons generic via filter on get_the_excerpt --><\/p>\n<\/div>","protected":false},"author":152,"featured_media":45278,"comment_status":"closed","ping_status":"closed","sticky":false,"template":"","format":"standard","meta":{"_acf_changed":false,"_monsterinsights_skip_tracking":false,"_monsterinsights_sitenote_active":false,"_monsterinsights_sitenote_note":"","_monsterinsights_sitenote_category":0,"footnotes":""},"categories":[1621,1632,1631,345,1616],"tags":[386,1212,1676,347,554,332,2717,217,90,1436,1368,502,2548,2348,1166,1208,607,2033,482,233,1760,16,2289,1759,262,2193,1364,30,920,52,2560,218,184,383],"writer":[777],"translator":[2713],"source":[],"ilustrador":[],"fotografo":[],"class_list":{"0":"post-45266","1":"post","2":"type-post","3":"status-publish","4":"format-standard","5":"has-post-thumbnail","7":"category-destaque","8":"category-pesquisa-e-analise","9":"category-entendendo-o-rio","10":"category-favela-e","11":"category-qualidades-da-favela","12":"tag-estigma","13":"tag-slum","14":"tag-analise-cobertura-de-favelas","15":"tag-bope","16":"tag-cidade-de-deus","17":"tag-complexo-da-mare","18":"tag-complexo-da-penha","19":"tag-complexo-do-alemao","20":"tag-defensoria-publica","21":"tag-fallet","22":"tag-filme","23":"tag-funk","24":"tag-igreja-catolica","25":"tag-intervencao-militar","26":"tag-jornalismo","27":"tag-linguagem","28":"tag-mangueira","29":"tag-marielle-franco","30":"tag-milicia","31":"tag-morro-do-fogueteiro","32":"tag-narrativa-midiatica","33":"tag-rocinha","34":"tag-serie","35":"tag-serie-melhores-e-piores-reportagens","36":"tag-teleferico","37":"tag-ufrj","38":"tag-violacoes","39":"tag-violencia","40":"tag-violencia-de-estado","41":"tag-violencia-policial","42":"tag-wilson-witzel","43":"tag-zona-norte","44":"tag-zona-oeste","45":"tag-zona-sul","46":"writer-rioonwatch","47":"translator-sofia-kawall"},"acf":[],"yoast_head":"<!-- This site is optimized with the Yoast SEO plugin v25.6 - https:\/\/yoast.com\/wordpress\/plugins\/seo\/ -->\n<title>Retrospectiva 2019: Melhores e Piores Reportagens Internacionais sobre as Favelas do Rio - RioOnWatch<\/title>\n<meta name=\"robots\" content=\"index, follow, max-snippet:-1, max-image-preview:large, max-video-preview:-1\" \/>\n<link rel=\"canonical\" href=\"https:\/\/rioonwatch.org.br\/?p=45266\" \/>\n<meta property=\"og:locale\" content=\"pt_BR\" \/>\n<meta property=\"og:type\" content=\"article\" \/>\n<meta property=\"og:title\" content=\"Retrospectiva 2019: Melhores e Piores Reportagens Internacionais sobre as Favelas do Rio - RioOnWatch\" \/>\n<meta property=\"og:description\" content=\"Click Here for English Esta \u00e9 a contribui\u00e7\u00e3o mais recente da nossa s\u00e9rie anual de mat\u00e9rias analisando as Melhores e Piores Reportagens Internacionais sobre Favelas do Rio, que faz\u00a0parte do debate promovido pelo RioOnWatch sobre [...]\" \/>\n<meta property=\"og:url\" content=\"https:\/\/rioonwatch.org.br\/?p=45266\" \/>\n<meta property=\"og:site_name\" content=\"RioOnWatch\" \/>\n<meta property=\"article:published_time\" content=\"2020-02-11T14:25:02+00:00\" \/>\n<meta property=\"article:modified_time\" content=\"2024-06-20T19:16:53+00:00\" \/>\n<meta property=\"og:image\" content=\"https:\/\/rioonwatch.org.br\/wp-content\/uploads\/2020\/02\/melhores-e-piores-6.jpg\" \/>\n\t<meta property=\"og:image:width\" content=\"2048\" \/>\n\t<meta property=\"og:image:height\" content=\"1365\" \/>\n\t<meta property=\"og:image:type\" content=\"image\/jpeg\" \/>\n<meta name=\"author\" content=\"Luisa Fenizola\" \/>\n<meta name=\"twitter:card\" content=\"summary_large_image\" \/>\n<meta name=\"twitter:label1\" content=\"Escrito por\" \/>\n\t<meta name=\"twitter:data1\" content=\"Luisa Fenizola\" \/>\n\t<meta name=\"twitter:label2\" content=\"Est. tempo de leitura\" \/>\n\t<meta name=\"twitter:data2\" content=\"15 minutos\" \/>\n<script type=\"application\/ld+json\" class=\"yoast-schema-graph\">{\"@context\":\"https:\/\/schema.org\",\"@graph\":[{\"@type\":\"Article\",\"@id\":\"https:\/\/rioonwatch.org.br\/?p=45266#article\",\"isPartOf\":{\"@id\":\"https:\/\/rioonwatch.org.br\/?p=45266\"},\"author\":{\"name\":\"Luisa Fenizola\",\"@id\":\"https:\/\/rioonwatch.org.br\/#\/schema\/person\/f443c6b55bb6e80842280318076491c5\"},\"headline\":\"Retrospectiva 2019: Melhores e Piores Reportagens Internacionais sobre as Favelas do Rio\",\"datePublished\":\"2020-02-11T14:25:02+00:00\",\"dateModified\":\"2024-06-20T19:16:53+00:00\",\"mainEntityOfPage\":{\"@id\":\"https:\/\/rioonwatch.org.br\/?p=45266\"},\"wordCount\":2984,\"publisher\":{\"@id\":\"https:\/\/rioonwatch.org.br\/#organization\"},\"image\":{\"@id\":\"https:\/\/rioonwatch.org.br\/?p=45266#primaryimage\"},\"thumbnailUrl\":\"https:\/\/rioonwatch.org.br\/wp-content\/uploads\/2020\/02\/melhores-e-piores-6.jpg\",\"keywords\":[\"#StopFavelaStigma\",\"'slum'\",\"an\u00e1lise cobertura de favelas\",\"BOPE\",\"Cidade de Deus\",\"Complexo da Mar\u00e9\",\"Complexo da Penha\",\"Complexo do Alem\u00e3o\",\"Defensoria P\u00fablica\",\"Fallet\",\"filme\",\"funk\",\"Igreja Cat\u00f3lica\",\"interven\u00e7\u00e3o militar\",\"jornalismo\",\"linguagem\",\"Mangueira\",\"Marielle Franco\",\"Mil\u00edcia\",\"Morro do Fogueteiro\",\"narrativa midi\u00e1tica\",\"Rocinha\",\"S\u00e9rie\",\"S\u00e9rie: Melhores e Piores Reportagens\",\"telef\u00e9rico\",\"UFRJ\",\"viola\u00e7\u00f5es\",\"viol\u00eancia\",\"viol\u00eancia de Estado\",\"viol\u00eancia policial\",\"Wilson Witzel\",\"Zona Norte\",\"Zona Oeste\",\"Zona Sul\"],\"articleSection\":[\"*Destaque\",\"Dados e Pesquisa\",\"Entendendo o Rio\",\"Favela \u00e9\",\"Qualidades da Favela\"],\"inLanguage\":\"pt-BR\"},{\"@type\":\"WebPage\",\"@id\":\"https:\/\/rioonwatch.org.br\/?p=45266\",\"url\":\"https:\/\/rioonwatch.org.br\/?p=45266\",\"name\":\"Retrospectiva 2019: Melhores e Piores Reportagens Internacionais sobre as Favelas do Rio - RioOnWatch\",\"isPartOf\":{\"@id\":\"https:\/\/rioonwatch.org.br\/#website\"},\"primaryImageOfPage\":{\"@id\":\"https:\/\/rioonwatch.org.br\/?p=45266#primaryimage\"},\"image\":{\"@id\":\"https:\/\/rioonwatch.org.br\/?p=45266#primaryimage\"},\"thumbnailUrl\":\"https:\/\/rioonwatch.org.br\/wp-content\/uploads\/2020\/02\/melhores-e-piores-6.jpg\",\"datePublished\":\"2020-02-11T14:25:02+00:00\",\"dateModified\":\"2024-06-20T19:16:53+00:00\",\"breadcrumb\":{\"@id\":\"https:\/\/rioonwatch.org.br\/?p=45266#breadcrumb\"},\"inLanguage\":\"pt-BR\",\"potentialAction\":[{\"@type\":\"ReadAction\",\"target\":[\"https:\/\/rioonwatch.org.br\/?p=45266\"]}]},{\"@type\":\"ImageObject\",\"inLanguage\":\"pt-BR\",\"@id\":\"https:\/\/rioonwatch.org.br\/?p=45266#primaryimage\",\"url\":\"https:\/\/rioonwatch.org.br\/wp-content\/uploads\/2020\/02\/melhores-e-piores-6.jpg\",\"contentUrl\":\"https:\/\/rioonwatch.org.br\/wp-content\/uploads\/2020\/02\/melhores-e-piores-6.jpg\",\"width\":2048,\"height\":1365},{\"@type\":\"BreadcrumbList\",\"@id\":\"https:\/\/rioonwatch.org.br\/?p=45266#breadcrumb\",\"itemListElement\":[{\"@type\":\"ListItem\",\"position\":1,\"name\":\"In\u00edcio\",\"item\":\"https:\/\/rioonwatch.org.br\/\"},{\"@type\":\"ListItem\",\"position\":2,\"name\":\"Retrospectiva 2019: Melhores e Piores Reportagens Internacionais sobre as Favelas do Rio\"}]},{\"@type\":\"WebSite\",\"@id\":\"https:\/\/rioonwatch.org.br\/#website\",\"url\":\"https:\/\/rioonwatch.org.br\/\",\"name\":\"RioOnWatch\",\"description\":\"relatos das favelas cariocas\",\"publisher\":{\"@id\":\"https:\/\/rioonwatch.org.br\/#organization\"},\"potentialAction\":[{\"@type\":\"SearchAction\",\"target\":{\"@type\":\"EntryPoint\",\"urlTemplate\":\"https:\/\/rioonwatch.org.br\/?s={search_term_string}\"},\"query-input\":{\"@type\":\"PropertyValueSpecification\",\"valueRequired\":true,\"valueName\":\"search_term_string\"}}],\"inLanguage\":\"pt-BR\"},{\"@type\":\"Organization\",\"@id\":\"https:\/\/rioonwatch.org.br\/#organization\",\"name\":\"RioOnWatch\",\"url\":\"https:\/\/rioonwatch.org.br\/\",\"logo\":{\"@type\":\"ImageObject\",\"inLanguage\":\"pt-BR\",\"@id\":\"https:\/\/rioonwatch.org.br\/#\/schema\/logo\/image\/\",\"url\":\"https:\/\/rioonwatch.org.br\/wp-content\/uploads\/2021\/06\/RioOnWatchcabecalhoPT11anos-2.png\",\"contentUrl\":\"https:\/\/rioonwatch.org.br\/wp-content\/uploads\/2021\/06\/RioOnWatchcabecalhoPT11anos-2.png\",\"width\":779,\"height\":277,\"caption\":\"RioOnWatch\"},\"image\":{\"@id\":\"https:\/\/rioonwatch.org.br\/#\/schema\/logo\/image\/\"}},{\"@type\":\"Person\",\"@id\":\"https:\/\/rioonwatch.org.br\/#\/schema\/person\/f443c6b55bb6e80842280318076491c5\",\"name\":\"Luisa Fenizola\",\"image\":{\"@type\":\"ImageObject\",\"inLanguage\":\"pt-BR\",\"@id\":\"https:\/\/rioonwatch.org.br\/#\/schema\/person\/image\/\",\"url\":\"https:\/\/secure.gravatar.com\/avatar\/a3d551110162b9f876cbbdaaecf75663?s=96&d=blank&r=g\",\"contentUrl\":\"https:\/\/secure.gravatar.com\/avatar\/a3d551110162b9f876cbbdaaecf75663?s=96&d=blank&r=g\",\"caption\":\"Luisa Fenizola\"},\"url\":\"https:\/\/rioonwatch.org.br\/?author=152\"}]}<\/script>\n<!-- \/ Yoast SEO plugin. -->","yoast_head_json":{"title":"Retrospectiva 2019: Melhores e Piores Reportagens Internacionais sobre as Favelas do Rio - RioOnWatch","robots":{"index":"index","follow":"follow","max-snippet":"max-snippet:-1","max-image-preview":"max-image-preview:large","max-video-preview":"max-video-preview:-1"},"canonical":"https:\/\/rioonwatch.org.br\/?p=45266","og_locale":"pt_BR","og_type":"article","og_title":"Retrospectiva 2019: Melhores e Piores Reportagens Internacionais sobre as Favelas do Rio - RioOnWatch","og_description":"Click Here for English Esta \u00e9 a contribui\u00e7\u00e3o mais recente da nossa s\u00e9rie anual de mat\u00e9rias analisando as Melhores e Piores Reportagens Internacionais sobre Favelas do Rio, que faz\u00a0parte do debate promovido pelo RioOnWatch sobre [...]","og_url":"https:\/\/rioonwatch.org.br\/?p=45266","og_site_name":"RioOnWatch","article_published_time":"2020-02-11T14:25:02+00:00","article_modified_time":"2024-06-20T19:16:53+00:00","og_image":[{"width":2048,"height":1365,"url":"https:\/\/rioonwatch.org.br\/wp-content\/uploads\/2020\/02\/melhores-e-piores-6.jpg","type":"image\/jpeg"}],"author":"Luisa Fenizola","twitter_card":"summary_large_image","twitter_misc":{"Escrito por":"Luisa Fenizola","Est. tempo de leitura":"15 minutos"},"schema":{"@context":"https:\/\/schema.org","@graph":[{"@type":"Article","@id":"https:\/\/rioonwatch.org.br\/?p=45266#article","isPartOf":{"@id":"https:\/\/rioonwatch.org.br\/?p=45266"},"author":{"name":"Luisa Fenizola","@id":"https:\/\/rioonwatch.org.br\/#\/schema\/person\/f443c6b55bb6e80842280318076491c5"},"headline":"Retrospectiva 2019: Melhores e Piores Reportagens Internacionais sobre as Favelas do Rio","datePublished":"2020-02-11T14:25:02+00:00","dateModified":"2024-06-20T19:16:53+00:00","mainEntityOfPage":{"@id":"https:\/\/rioonwatch.org.br\/?p=45266"},"wordCount":2984,"publisher":{"@id":"https:\/\/rioonwatch.org.br\/#organization"},"image":{"@id":"https:\/\/rioonwatch.org.br\/?p=45266#primaryimage"},"thumbnailUrl":"https:\/\/rioonwatch.org.br\/wp-content\/uploads\/2020\/02\/melhores-e-piores-6.jpg","keywords":["#StopFavelaStigma","'slum'","an\u00e1lise cobertura de favelas","BOPE","Cidade de Deus","Complexo da Mar\u00e9","Complexo da Penha","Complexo do Alem\u00e3o","Defensoria P\u00fablica","Fallet","filme","funk","Igreja Cat\u00f3lica","interven\u00e7\u00e3o militar","jornalismo","linguagem","Mangueira","Marielle Franco","Mil\u00edcia","Morro do Fogueteiro","narrativa midi\u00e1tica","Rocinha","S\u00e9rie","S\u00e9rie: Melhores e Piores Reportagens","telef\u00e9rico","UFRJ","viola\u00e7\u00f5es","viol\u00eancia","viol\u00eancia de Estado","viol\u00eancia policial","Wilson Witzel","Zona Norte","Zona Oeste","Zona Sul"],"articleSection":["*Destaque","Dados e Pesquisa","Entendendo o Rio","Favela \u00e9","Qualidades da Favela"],"inLanguage":"pt-BR"},{"@type":"WebPage","@id":"https:\/\/rioonwatch.org.br\/?p=45266","url":"https:\/\/rioonwatch.org.br\/?p=45266","name":"Retrospectiva 2019: Melhores e Piores Reportagens Internacionais sobre as Favelas do Rio - RioOnWatch","isPartOf":{"@id":"https:\/\/rioonwatch.org.br\/#website"},"primaryImageOfPage":{"@id":"https:\/\/rioonwatch.org.br\/?p=45266#primaryimage"},"image":{"@id":"https:\/\/rioonwatch.org.br\/?p=45266#primaryimage"},"thumbnailUrl":"https:\/\/rioonwatch.org.br\/wp-content\/uploads\/2020\/02\/melhores-e-piores-6.jpg","datePublished":"2020-02-11T14:25:02+00:00","dateModified":"2024-06-20T19:16:53+00:00","breadcrumb":{"@id":"https:\/\/rioonwatch.org.br\/?p=45266#breadcrumb"},"inLanguage":"pt-BR","potentialAction":[{"@type":"ReadAction","target":["https:\/\/rioonwatch.org.br\/?p=45266"]}]},{"@type":"ImageObject","inLanguage":"pt-BR","@id":"https:\/\/rioonwatch.org.br\/?p=45266#primaryimage","url":"https:\/\/rioonwatch.org.br\/wp-content\/uploads\/2020\/02\/melhores-e-piores-6.jpg","contentUrl":"https:\/\/rioonwatch.org.br\/wp-content\/uploads\/2020\/02\/melhores-e-piores-6.jpg","width":2048,"height":1365},{"@type":"BreadcrumbList","@id":"https:\/\/rioonwatch.org.br\/?p=45266#breadcrumb","itemListElement":[{"@type":"ListItem","position":1,"name":"In\u00edcio","item":"https:\/\/rioonwatch.org.br\/"},{"@type":"ListItem","position":2,"name":"Retrospectiva 2019: Melhores e Piores Reportagens Internacionais sobre as Favelas do Rio"}]},{"@type":"WebSite","@id":"https:\/\/rioonwatch.org.br\/#website","url":"https:\/\/rioonwatch.org.br\/","name":"RioOnWatch","description":"relatos das favelas cariocas","publisher":{"@id":"https:\/\/rioonwatch.org.br\/#organization"},"potentialAction":[{"@type":"SearchAction","target":{"@type":"EntryPoint","urlTemplate":"https:\/\/rioonwatch.org.br\/?s={search_term_string}"},"query-input":{"@type":"PropertyValueSpecification","valueRequired":true,"valueName":"search_term_string"}}],"inLanguage":"pt-BR"},{"@type":"Organization","@id":"https:\/\/rioonwatch.org.br\/#organization","name":"RioOnWatch","url":"https:\/\/rioonwatch.org.br\/","logo":{"@type":"ImageObject","inLanguage":"pt-BR","@id":"https:\/\/rioonwatch.org.br\/#\/schema\/logo\/image\/","url":"https:\/\/rioonwatch.org.br\/wp-content\/uploads\/2021\/06\/RioOnWatchcabecalhoPT11anos-2.png","contentUrl":"https:\/\/rioonwatch.org.br\/wp-content\/uploads\/2021\/06\/RioOnWatchcabecalhoPT11anos-2.png","width":779,"height":277,"caption":"RioOnWatch"},"image":{"@id":"https:\/\/rioonwatch.org.br\/#\/schema\/logo\/image\/"}},{"@type":"Person","@id":"https:\/\/rioonwatch.org.br\/#\/schema\/person\/f443c6b55bb6e80842280318076491c5","name":"Luisa Fenizola","image":{"@type":"ImageObject","inLanguage":"pt-BR","@id":"https:\/\/rioonwatch.org.br\/#\/schema\/person\/image\/","url":"https:\/\/secure.gravatar.com\/avatar\/a3d551110162b9f876cbbdaaecf75663?s=96&d=blank&r=g","contentUrl":"https:\/\/secure.gravatar.com\/avatar\/a3d551110162b9f876cbbdaaecf75663?s=96&d=blank&r=g","caption":"Luisa Fenizola"},"url":"https:\/\/rioonwatch.org.br\/?author=152"}]}},"_links":{"self":[{"href":"https:\/\/rioonwatch.org.br\/index.php?rest_route=\/wp\/v2\/posts\/45266"}],"collection":[{"href":"https:\/\/rioonwatch.org.br\/index.php?rest_route=\/wp\/v2\/posts"}],"about":[{"href":"https:\/\/rioonwatch.org.br\/index.php?rest_route=\/wp\/v2\/types\/post"}],"author":[{"embeddable":true,"href":"https:\/\/rioonwatch.org.br\/index.php?rest_route=\/wp\/v2\/users\/152"}],"replies":[{"embeddable":true,"href":"https:\/\/rioonwatch.org.br\/index.php?rest_route=%2Fwp%2Fv2%2Fcomments&post=45266"}],"version-history":[{"count":23,"href":"https:\/\/rioonwatch.org.br\/index.php?rest_route=\/wp\/v2\/posts\/45266\/revisions"}],"predecessor-version":[{"id":52949,"href":"https:\/\/rioonwatch.org.br\/index.php?rest_route=\/wp\/v2\/posts\/45266\/revisions\/52949"}],"wp:featuredmedia":[{"embeddable":true,"href":"https:\/\/rioonwatch.org.br\/index.php?rest_route=\/wp\/v2\/media\/45278"}],"wp:attachment":[{"href":"https:\/\/rioonwatch.org.br\/index.php?rest_route=%2Fwp%2Fv2%2Fmedia&parent=45266"}],"wp:term":[{"taxonomy":"category","embeddable":true,"href":"https:\/\/rioonwatch.org.br\/index.php?rest_route=%2Fwp%2Fv2%2Fcategories&post=45266"},{"taxonomy":"post_tag","embeddable":true,"href":"https:\/\/rioonwatch.org.br\/index.php?rest_route=%2Fwp%2Fv2%2Ftags&post=45266"},{"taxonomy":"writer","embeddable":true,"href":"https:\/\/rioonwatch.org.br\/index.php?rest_route=%2Fwp%2Fv2%2Fwriter&post=45266"},{"taxonomy":"translator","embeddable":true,"href":"https:\/\/rioonwatch.org.br\/index.php?rest_route=%2Fwp%2Fv2%2Ftranslator&post=45266"},{"taxonomy":"source","embeddable":true,"href":"https:\/\/rioonwatch.org.br\/index.php?rest_route=%2Fwp%2Fv2%2Fsource&post=45266"},{"taxonomy":"ilustrador","embeddable":true,"href":"https:\/\/rioonwatch.org.br\/index.php?rest_route=%2Fwp%2Fv2%2Filustrador&post=45266"},{"taxonomy":"fotografo","embeddable":true,"href":"https:\/\/rioonwatch.org.br\/index.php?rest_route=%2Fwp%2Fv2%2Ffotografo&post=45266"}],"curies":[{"name":"wp","href":"https:\/\/api.w.org\/{rel}","templated":true}]}}