{"id":45282,"date":"2020-02-10T05:36:27","date_gmt":"2020-02-10T08:36:27","guid":{"rendered":"https:\/\/rioonwatch.org.br\/?p=45282"},"modified":"2020-03-04T09:57:47","modified_gmt":"2020-03-04T12:57:47","slug":"pre-vestibular-so-cria-da-rocinha-homenageado-na-alerj-tem-a-primeira-aluna-aprovada-a-indigena-kore-canela","status":"publish","type":"post","link":"https:\/\/rioonwatch.org.br\/?p=45282","title":{"rendered":"Pr\u00e9-Vestibular &#8216;S\u00f3 Cria&#8217; da Rocinha, Homenageado na ALERJ, Tem a Primeira Aluna Aprovada: A Ind\u00edgena Kor\u00ea Canela"},"content":{"rendered":"<p style=\"text-align: right;\"><em><strong><a href=\"http:\/\/bit.ly\/3cnQQb4\" target=\"_blank\" rel=\"noopener noreferrer\">Click Here for English<\/a><a href=\"http:\/\/bit.ly\/3cnQQb4\" target=\"_blank\" rel=\"noopener noreferrer\"><img decoding=\"async\" width=\"20\" height=\"20\" class=\"alignright wp-image-15790\" src=\"http:\/\/rioonwatch.org.br\/wp-content\/uploads\/2012\/08\/EN-standard-e1439583104716.jpg\" \/><\/a><\/strong><\/em><\/p>\n<p dir=\"ltr\">Criado em maio de 2019, o <a href=\"http:\/\/bit.ly\/384hJyj\" target=\"_blank\" rel=\"noopener noreferrer\">S\u00f3 Cria<\/a>, um curso pr\u00e9-vestibular comunit\u00e1rio da <a href=\"http:\/\/bit.ly\/2XuTtjt\" target=\"_blank\" rel=\"noopener noreferrer\">Rocinha<\/a>, \u00e9 gratuito e atende moradores de diversas favelas, principalmente da Rocinha, <a href=\"http:\/\/bit.ly\/2xCoB59\" target=\"_blank\" rel=\"noopener noreferrer\">Vidigal<\/a> e arredores. As aulas acontecem no CIEP Ayrton Senna e contam com professores volunt\u00e1rios das principais disciplinas exigidas nas provas.<\/p>\n<p dir=\"ltr\"><a href=\"https:\/\/rioonwatch.org.br\/wp-content\/uploads\/2020\/02\/aula-s\u00f3-cria.jpg\"><img fetchpriority=\"high\" decoding=\"async\" class=\"aligncenter wp-image-45291 size-content\" title=\"Aul\u00e3o de resolu\u00e7\u00e3o de quest\u00f5es do Enem em tablets, fruto da parceria entre o S\u00f3 Cria e a Editora Gera\u00e7\u00e3o Digital. Foto: P\u00e1gina do Facebook do S\u00f3 Cria\" src=\"https:\/\/rioonwatch.org.br\/wp-content\/uploads\/2020\/02\/aula-s\u00f3-cria-620x264.jpg\" alt=\"\" width=\"620\" height=\"264\" srcset=\"https:\/\/rioonwatch.org.br\/wp-content\/uploads\/2020\/02\/aula-s\u00f3-cria-620x264.jpg 620w, https:\/\/rioonwatch.org.br\/wp-content\/uploads\/2020\/02\/aula-s\u00f3-cria-940x400.jpg 940w\" sizes=\"(max-width: 620px) 100vw, 620px\" \/><\/a><\/p>\n<p dir=\"ltr\">O projeto surgiu a partir das inquieta\u00e7\u00f5es de um grupo de jovens acerca da forma como os moradores de favela eram inclu\u00eddos no espa\u00e7o acad\u00eamico e sobre como era poss\u00edvel desenvolver uma consci\u00eancia de classe dentre esses grupo de pessoas. A partir de ent\u00e3o, eles se reuniram com membros do <a href=\"http:\/\/bit.ly\/37ZREjL\" target=\"_blank\" rel=\"noopener noreferrer\" data-hovercard=\"\/ajax\/hovercard\/page.php?id=758510341191595&amp;extragetparams=%7B%22__tn__%22%3A%22%2CdK%2AF-R%22%2C%22eid%22%3A%22ARBAaFPaF0cNCrQT43ab6wrr6H3zpbGp4eSWqyXNMPE0zIiveA5aCC5Xps4R4iv2mQeJsBkyucY3AWMM%22%2C%22directed_target_id%22%3Anull%2C%22groups_location%22%3Anull%7D\" data-hovercard-prefer-more-content-show=\"1\">Movimenta Rocinha<\/a>, das <a href=\"http:\/\/bit.ly\/2ONCeHZ\" target=\"_blank\" rel=\"noopener noreferrer\" data-hovercard=\"\/ajax\/hovercard\/page.php?id=454788251285142&amp;extragetparams=%7B%22__tn__%22%3A%22%2CdK%2AF-R%22%2C%22eid%22%3A%22ARAZRybm0Kzioo86mpUjxxpYSDEe0jGsbGWSI5l9naL9PyWftZ8NC6sFvhvXnqdfyG--Hp3b_WjGSSWD%22%2C%22directed_target_id%22%3Anull%2C%22groups_location%22%3Anull%7D\" data-hovercard-prefer-more-content-show=\"1\">Brigadas Populares<\/a> e com os diretores do CIEP Ayrton Senna e o gr\u00eamio da escola para debaterem a import\u00e2ncia da representatividade e quais tipos de ferramentas eram necess\u00e1rias para a educa\u00e7\u00e3o que eles queriam no futuro. Assim nasceu o S\u00f3 Cria.<\/p>\n<p dir=\"ltr\"><a href=\"https:\/\/rioonwatch.org.br\/wp-content\/uploads\/2020\/02\/nascimento-s\u00f3-cria.jpg\"><img decoding=\"async\" class=\"aligncenter wp-image-45289 size-content\" title=\"Reuni\u00e3o com a presen\u00e7a dos membros do Movimenta Rocinha, Brigadas Populares, os diretores do CIEP Ayrton Senna (Timb\u00f3 e Alfredo) e o gr\u00eamio da escola. Foto: P\u00e1gina do Facebook do S\u00f3 Cria\" src=\"https:\/\/rioonwatch.org.br\/wp-content\/uploads\/2020\/02\/nascimento-s\u00f3-cria-620x264.jpg\" alt=\"\" width=\"620\" height=\"264\" srcset=\"https:\/\/rioonwatch.org.br\/wp-content\/uploads\/2020\/02\/nascimento-s\u00f3-cria-620x264.jpg 620w, https:\/\/rioonwatch.org.br\/wp-content\/uploads\/2020\/02\/nascimento-s\u00f3-cria-940x400.jpg 940w\" sizes=\"(max-width: 620px) 100vw, 620px\" \/><\/a><\/p>\n<p dir=\"ltr\">Em sua cerim\u00f4nia de abertura, o grupo realizou um debate sobre educa\u00e7\u00e3o, cultura e favela com a presen\u00e7a de Seimour Souza, do <a href=\"http:\/\/bit.ly\/2SmJbAB\" target=\"_blank\" rel=\"noopener noreferrer\">N\u00facleo Independente Comunit\u00e1rio de Aprendizagem<\/a> (N.I.C.A.) do <a href=\"http:\/\/bit.ly\/2MMIK37\" target=\"_blank\" rel=\"noopener noreferrer\">Jacarezinho<\/a>, de Ant\u00f4nio Firminio, do <a href=\"http:\/\/bit.ly\/2WGpSqZ\" target=\"_blank\" rel=\"noopener noreferrer\">Museu Sankofa<\/a> da Rocinha, e Mariana Reis, pedagoga do S\u00f3 Cria<span class=\"text_exposed_show\">. Al\u00e9m disso, houve apresenta\u00e7\u00f5es de poesia do grupo <a href=\"http:\/\/bit.ly\/2COk4yX\" target=\"_blank\" rel=\"noopener noreferrer\">Slam das Minas<\/a> e uma oficina de <a href=\"http:\/\/bit.ly\/385gEGf\" target=\"_blank\" rel=\"noopener noreferrer\">lambes<\/a> para que os alunos ressignificassem as paredes da escola com imagens importantes da hist\u00f3ria brasileira.<\/span><\/p>\n<p dir=\"ltr\"><a href=\"https:\/\/rioonwatch.org.br\/wp-content\/uploads\/2020\/02\/s\u00f3-cria2.jpg\"><img loading=\"lazy\" decoding=\"async\" class=\"aligncenter wp-image-45288 size-content\" title=\"Abertura das atividades do S\u00f3 Cria, em maio de 2019. Foto: P\u00e1gina do Facebook do S\u00f3 Cria\" src=\"https:\/\/rioonwatch.org.br\/wp-content\/uploads\/2020\/02\/s\u00f3-cria2-620x264.jpg\" alt=\"\" width=\"620\" height=\"264\" srcset=\"https:\/\/rioonwatch.org.br\/wp-content\/uploads\/2020\/02\/s\u00f3-cria2-620x264.jpg 620w, https:\/\/rioonwatch.org.br\/wp-content\/uploads\/2020\/02\/s\u00f3-cria2-940x400.jpg 940w\" sizes=\"(max-width: 620px) 100vw, 620px\" \/><\/a><\/p>\n<p dir=\"ltr\">No fim do ano passado, o S\u00f3 Cria recebeu a homenagem <a href=\"http:\/\/bit.ly\/2Vbf1Ba\" target=\"_blank\" rel=\"noopener noreferrer\">Carolina Maria de Jesus<\/a> na <a href=\"http:\/\/bit.ly\/2yL8t1X\" target=\"_blank\" rel=\"noopener noreferrer\">ALERJ<\/a> no <a href=\"http:\/\/bit.ly\/2v8WUTK\" target=\"_blank\" rel=\"noopener noreferrer\">Dia Internacional dos Direitos Humanos<\/a>. A homenagem \u00e9 uma iniciativa do mandato da Deputada Estadual <a href=\"http:\/\/bit.ly\/2MVxDF1\" target=\"_blank\" rel=\"noopener noreferrer\">Renata Souza<\/a> para reconhecer o trabalho de iniciativas comprometidas com a defesa dos direitos humanos.<\/p>\n<p dir=\"ltr\"><a href=\"https:\/\/rioonwatch.org.br\/wp-content\/uploads\/2020\/02\/premio-DH-s\u00f3-cria.jpg\"><img loading=\"lazy\" decoding=\"async\" class=\"aligncenter size-content wp-image-45292\" src=\"https:\/\/rioonwatch.org.br\/wp-content\/uploads\/2020\/02\/premio-DH-s\u00f3-cria-620x264.jpg\" alt=\"\" width=\"620\" height=\"264\" srcset=\"https:\/\/rioonwatch.org.br\/wp-content\/uploads\/2020\/02\/premio-DH-s\u00f3-cria-620x264.jpg 620w, https:\/\/rioonwatch.org.br\/wp-content\/uploads\/2020\/02\/premio-DH-s\u00f3-cria-940x400.jpg 940w\" sizes=\"(max-width: 620px) 100vw, 620px\" \/><\/a><\/p>\n<p dir=\"ltr\">O pr\u00e9-vestibular teve a sua primeira aluna aprovada numa universidade j\u00e1 em 2019: Kor\u00ea Canela. De origem ind\u00edgena, Kor\u00ea, tamb\u00e9m conhecida por seu nome em portugu\u00eas No\u00eamia, est\u00e1 cursando Licenciatura em Educa\u00e7\u00e3o do Campo na <a href=\"http:\/\/bit.ly\/2UVFWQV\" target=\"_blank\" rel=\"noopener noreferrer\">Universidade Federal Rural do Rio de Janeiro<\/a>.\u00a0Moradora do morro dos <a href=\"http:\/\/bit.ly\/3bmjTeL\" target=\"_blank\" rel=\"noopener noreferrer\">Tabajaras<\/a>, em Copacabana, <a href=\"http:\/\/bit.ly\/2WL6FUi\" target=\"_blank\" rel=\"noopener noreferrer\">Zona Sul<\/a> do Rio de Janeiro, a jovem acreana mudou-se para o Rio h\u00e1 dois anos por conta de um relacionamento. Nesse meio tempo, come\u00e7ou a trabalhar na praia de Copacabana para se manter na cidade.<\/p>\n<p dir=\"ltr\">Kor\u00ea, de 29 anos, \u00e9 a primeira da fam\u00edlia a ingressar na faculdade. Para ela, poder estar num ambiente universit\u00e1rio \u00e9 um sonho realizado. \u201cConheci o pr\u00e9-vestibular por meio de uma amiga que mora na Rocinha. Desde ent\u00e3o, quando conheci os professores me identifiquei com as aulas e minha amiga tamb\u00e9m me ajudou e incentivou a continuar estudando. Acredito que isso tamb\u00e9m ajudou a me dedicar e conseguir finalmente entrar na faculdade. Foi ent\u00e3o que no meio do ano passado decidi fazer a prova da Rural. No momento em que vi a grade do meu curso de interesse, eu gostei e quis ir para l\u00e1\u201d, conta ela.<\/p>\n<p dir=\"ltr\"><a href=\"https:\/\/rioonwatch.org.br\/wp-content\/uploads\/2020\/02\/Kor\u00ea-1.jpeg\"><img loading=\"lazy\" decoding=\"async\" class=\"aligncenter size-content wp-image-45286\" src=\"https:\/\/rioonwatch.org.br\/wp-content\/uploads\/2020\/02\/Kor\u00ea-1-620x264.jpeg\" alt=\"\" width=\"620\" height=\"264\" srcset=\"https:\/\/rioonwatch.org.br\/wp-content\/uploads\/2020\/02\/Kor\u00ea-1-620x264.jpeg 620w, https:\/\/rioonwatch.org.br\/wp-content\/uploads\/2020\/02\/Kor\u00ea-1-940x400.jpeg 940w\" sizes=\"(max-width: 620px) 100vw, 620px\" \/><\/a><\/p>\n<p dir=\"ltr\">A op\u00e7\u00e3o pelo curso de Educa\u00e7\u00e3o no Campo, voltado para forma\u00e7\u00e3o de professores de escolas do campo e quilombolas, para ela \u00e9 uma oportunidade de conhecer mais suas pr\u00f3prias ra\u00edzes e poder, no futuro, ser professora e contribuir para a educa\u00e7\u00e3o dos povos ind\u00edgenas. O seu povo, Canela, <a href=\"http:\/\/bit.ly\/2OyNQy7\" target=\"_blank\" rel=\"noopener noreferrer\">encontra-se disperso ap\u00f3s sucessivos massacres<\/a>, mas sonha em resgatar a sua cultura.<\/p>\n<p dir=\"ltr\">Ela hoje vive no munic\u00edpio de <a href=\"http:\/\/bit.ly\/2OvY7uU\" target=\"_blank\" rel=\"noopener noreferrer\">Serop\u00e9dica<\/a>, na <a href=\"http:\/\/bit.ly\/2kFp5ol\" target=\"_blank\" rel=\"noopener noreferrer\">Regi\u00e3o Metropolitana do Rio<\/a>, pr\u00f3ximo \u00e0 universidade. Kor\u00ea, que ainda tem alguns anos de estudo pela frente, j\u00e1 pensa no que ir\u00e1 fazer ap\u00f3s a formatura. \u201cNo momento estou recebendo ajuda do meu pai e da minha av\u00f3, que est\u00e3o no Acre e muito felizes com a minha conquista. Quando eu finalizar minha gradua\u00e7\u00e3o quero voltar para o meu estado e poder compartilhar com o meu povo tudo o que aprendi durante esse per\u00edodo, como forma de agradecimento tamb\u00e9m. \u00c9 muito importante essa intera\u00e7\u00e3o e troca de conhecimentos\u201d.<\/p>\n<p dir=\"ltr\">Morador da Rocinha e engenheiro, Lucas Almeida, de 26 anos, \u00e9 um dos criadores do pr\u00e9-vestibular. Para ele, a iniciativa \u00e9 de extrema import\u00e2ncia para a comunidade. \u201c\u00c9 uma grande alegria participar de um pr\u00e9-comunit\u00e1rio e nossa primeira aluna aprovada ser uma ind\u00edgena com o sonho de retornar \u00e0s suas ra\u00edzes e poder ser professora. \u00c9 indescrit\u00edvel a satisfa\u00e7\u00e3o de ter uma aluna como a Kor\u00ea, muito empenhada e sol\u00edcita a aprender\u201d, conta ele.<\/p>\n<p dir=\"ltr\"><a href=\"https:\/\/rioonwatch.org.br\/wp-content\/uploads\/2020\/02\/s\u00f3-cria.png\"><img loading=\"lazy\" decoding=\"async\" class=\"aligncenter size-content wp-image-45285\" src=\"https:\/\/rioonwatch.org.br\/wp-content\/uploads\/2020\/02\/s\u00f3-cria-620x264.png\" alt=\"\" width=\"620\" height=\"264\" \/><\/a><\/p>\n<p dir=\"ltr\">Ele tamb\u00e9m fala sobre o projeto ser um pontap\u00e9 inicial para os <a href=\"http:\/\/bit.ly\/2Rpykoz\" target=\"_blank\" rel=\"noopener noreferrer\">moradores continuarem os estudos<\/a> por meio de uma gradua\u00e7\u00e3o. \u201cN\u00f3s estamos falando de uma comunidade com mais de 120.000 pessoas. Quantos talentos temos aqui? Com certeza in\u00fameros. O S\u00f3 Cria se torna mais uma oportunidade de alcan\u00e7ar uma vida melhor e mais digna. Sabemos que a verdadeira mudan\u00e7a devia ser no ensino b\u00e1sico e m\u00e9dio, mas seguimos fortes construindo com os alunos a esperan\u00e7a e o caminho para os seus sonhos. O vestibular n\u00e3o \u00e9 nada f\u00e1cil, mas a possibilidade de ter mais pessoas nas universidades pensando coletivamente em como melhorar a vida da favela e da periferia \u00e9 extraordin\u00e1rio\u201d.<\/p>\n<p dir=\"ltr\"><a href=\"https:\/\/rioonwatch.org.br\/wp-content\/uploads\/2020\/02\/divulga\u00e7\u00e3o-s\u00f3-cria.jpg\"><img loading=\"lazy\" decoding=\"async\" class=\"aligncenter wp-image-45290 size-content\" title=\"Lucas e equipe do S\u00f3 Cria passam nas salas de aula do CIEP Ayrton Senna divulgando a iniciativa. Foto: P\u00e1gina do Facebook do S\u00f3 Cria\" src=\"https:\/\/rioonwatch.org.br\/wp-content\/uploads\/2020\/02\/divulga\u00e7\u00e3o-s\u00f3-cria-620x264.jpg\" alt=\"\" width=\"620\" height=\"264\" srcset=\"https:\/\/rioonwatch.org.br\/wp-content\/uploads\/2020\/02\/divulga\u00e7\u00e3o-s\u00f3-cria-620x264.jpg 620w, https:\/\/rioonwatch.org.br\/wp-content\/uploads\/2020\/02\/divulga\u00e7\u00e3o-s\u00f3-cria-940x400.jpg 940w\" sizes=\"(max-width: 620px) 100vw, 620px\" \/><\/a><\/p>\n<p dir=\"ltr\">Professora de sociologia e uma das principais incentivadoras de Kor\u00ea, Amanda Trojahn, de 22 anos, sente-se grata por ter feito essa ponte para a nova universit\u00e1ria. \u201cAssim que come\u00e7amos com o curso ela se inscreveu. \u00c9 uma conquista significativa, principalmente por ela ser ind\u00edgena, de origem popular, que aqui no Rio morava na favela. E esse curso que ela escolheu tamb\u00e9m simboliza resist\u00eancia. Eu fui aluna da Rural e esse gostinho de ter ajudado \u00e9 muito bom. Agora n\u00f3s do S\u00f3 Cria estamos mais motivados em continuar com o projeto e ajudar outras pessoas a estudar e ocupar essas universidades\u201d, diz ela.<\/p>\n<p dir=\"ltr\">Para a edi\u00e7\u00e3o de 2020, as inscri\u00e7\u00f5es para professores volunt\u00e1rios e alunos j\u00e1 se encerraram. Aqueles que se inscreveram para as aulas <a href=\"http:\/\/bit.ly\/31y7SxW\" target=\"_blank\" rel=\"noopener noreferrer\">devem ficar atentos aos seus e-mails<\/a>, por meio do qual receber\u00e3o a chamada para as entrevistas.<\/p>\n<hr \/>\n<h4>Apoie o jornalismo hiperlocal, cr\u00edtico, inovador e incans\u00e1vel do\u00a0<em>RioOnWatch<\/em>. #QueroReportagensSobreFavelas\u2014<a href=\"http:\/\/bit.ly\/CatalisandoComunidades\">doe aqui<\/a>.<\/h4>\n<!-- AddThis Advanced Settings generic via filter on the_content --><!-- AddThis Share Buttons generic via filter on the_content -->","protected":false},"excerpt":{"rendered":"<div class=\"mh-excerpt\"><p>Click Here for English Criado em maio de 2019, o S\u00f3 Cria, um curso pr\u00e9-vestibular comunit\u00e1rio da Rocinha, \u00e9 gratuito e atende moradores de diversas favelas, principalmente da Rocinha, Vidigal e arredores. As aulas acontecem <a class=\"mh-excerpt-more\" href=\"https:\/\/rioonwatch.org.br\/?p=45282\" title=\"Pr\u00e9-Vestibular &#8216;S\u00f3 Cria&#8217; da Rocinha, Homenageado na ALERJ, Tem a Primeira Aluna Aprovada: A Ind\u00edgena Kor\u00ea Canela\">[&#8230;]<\/a><!-- AddThis Advanced Settings generic via filter on get_the_excerpt --><!-- AddThis Share Buttons generic via filter on get_the_excerpt --><\/p>\n<\/div>","protected":false},"author":152,"featured_media":45287,"comment_status":"closed","ping_status":"closed","sticky":false,"template":"","format":"standard","meta":{"_acf_changed":false,"_monsterinsights_skip_tracking":false,"_monsterinsights_sitenote_active":false,"_monsterinsights_sitenote_note":"","_monsterinsights_sitenote_category":0,"footnotes":""},"categories":[1621,1625,1616,1612,342],"tags":[2402,1852,1030,2070,88,316,1574,599,104,2491,432,16,1592,93,2474,383],"writer":[2624],"translator":[],"source":[],"ilustrador":[],"fotografo":[],"class_list":{"0":"post-45282","1":"post","2":"type-post","3":"status-publish","4":"format-standard","5":"has-post-thumbnail","7":"category-destaque","8":"category-por-correspondentes-comunitarios","9":"category-qualidades-da-favela","10":"category-sociedade-civil","11":"category-solucoes","12":"tag-acesso-a-universidade","13":"tag-alerj","14":"tag-ciep","15":"tag-direito-a-educacao","16":"tag-direitos-humanos","17":"tag-educacao","18":"tag-indigenas","19":"tag-jacarezinho","20":"tag-pvnc","21":"tag-renata-souza-psol","22":"tag-resistencia","23":"tag-rocinha","24":"tag-seropedica","25":"tag-tabajaras","26":"tag-ufrrj","27":"tag-zona-sul","28":"writer-fernanda-gomes"},"acf":[],"yoast_head":"<!-- This site is optimized with the Yoast SEO plugin v25.6 - https:\/\/yoast.com\/wordpress\/plugins\/seo\/ -->\n<title>Pr\u00e9-Vestibular &#039;S\u00f3 Cria&#039; da Rocinha, Homenageado na ALERJ, Tem a Primeira Aluna Aprovada: A Ind\u00edgena Kor\u00ea Canela - RioOnWatch<\/title>\n<meta name=\"robots\" content=\"index, follow, max-snippet:-1, max-image-preview:large, max-video-preview:-1\" \/>\n<link rel=\"canonical\" href=\"https:\/\/rioonwatch.org.br\/?p=45282\" \/>\n<meta property=\"og:locale\" content=\"pt_BR\" \/>\n<meta property=\"og:type\" content=\"article\" \/>\n<meta property=\"og:title\" content=\"Pr\u00e9-Vestibular &#039;S\u00f3 Cria&#039; da Rocinha, Homenageado na ALERJ, Tem a Primeira Aluna Aprovada: A Ind\u00edgena Kor\u00ea Canela - RioOnWatch\" \/>\n<meta property=\"og:description\" content=\"Click Here for English Criado em maio de 2019, o S\u00f3 Cria, um curso pr\u00e9-vestibular comunit\u00e1rio da Rocinha, \u00e9 gratuito e atende moradores de diversas favelas, principalmente da Rocinha, Vidigal e arredores. As aulas acontecem [...]\" \/>\n<meta property=\"og:url\" content=\"https:\/\/rioonwatch.org.br\/?p=45282\" \/>\n<meta property=\"og:site_name\" content=\"RioOnWatch\" \/>\n<meta property=\"article:published_time\" content=\"2020-02-10T08:36:27+00:00\" \/>\n<meta property=\"article:modified_time\" content=\"2020-03-04T12:57:47+00:00\" \/>\n<meta property=\"og:image\" content=\"https:\/\/rioonwatch.org.br\/wp-content\/uploads\/2020\/02\/Kor\u00ea-2-e1581003060463.jpeg\" \/>\n\t<meta property=\"og:image:width\" content=\"897\" \/>\n\t<meta property=\"og:image:height\" content=\"384\" \/>\n\t<meta property=\"og:image:type\" content=\"image\/jpeg\" \/>\n<meta name=\"author\" content=\"Luisa Fenizola\" \/>\n<meta name=\"twitter:card\" content=\"summary_large_image\" \/>\n<meta name=\"twitter:label1\" content=\"Escrito por\" \/>\n\t<meta name=\"twitter:data1\" content=\"Luisa Fenizola\" \/>\n\t<meta name=\"twitter:label2\" content=\"Est. tempo de leitura\" \/>\n\t<meta name=\"twitter:data2\" content=\"5 minutos\" \/>\n<script type=\"application\/ld+json\" class=\"yoast-schema-graph\">{\"@context\":\"https:\/\/schema.org\",\"@graph\":[{\"@type\":\"Article\",\"@id\":\"https:\/\/rioonwatch.org.br\/?p=45282#article\",\"isPartOf\":{\"@id\":\"https:\/\/rioonwatch.org.br\/?p=45282\"},\"author\":{\"name\":\"Luisa Fenizola\",\"@id\":\"https:\/\/rioonwatch.org.br\/#\/schema\/person\/f443c6b55bb6e80842280318076491c5\"},\"headline\":\"Pr\u00e9-Vestibular &#8216;S\u00f3 Cria&#8217; da Rocinha, Homenageado na ALERJ, Tem a Primeira Aluna Aprovada: A Ind\u00edgena Kor\u00ea Canela\",\"datePublished\":\"2020-02-10T08:36:27+00:00\",\"dateModified\":\"2020-03-04T12:57:47+00:00\",\"mainEntityOfPage\":{\"@id\":\"https:\/\/rioonwatch.org.br\/?p=45282\"},\"wordCount\":1043,\"publisher\":{\"@id\":\"https:\/\/rioonwatch.org.br\/#organization\"},\"image\":{\"@id\":\"https:\/\/rioonwatch.org.br\/?p=45282#primaryimage\"},\"thumbnailUrl\":\"https:\/\/rioonwatch.org.br\/wp-content\/uploads\/2020\/02\/Kor\u00ea-2-e1581003060463.jpeg\",\"keywords\":[\"acesso \u00e0 universidade\",\"Alerj\",\"CIEP\",\"direito \u00e0 educa\u00e7\u00e3o\",\"Direitos Humanos\",\"educa\u00e7\u00e3o\",\"ind\u00edgenas\",\"Jacarezinho\",\"Pr\u00e9-Vestibular\",\"Renata Souza\",\"resist\u00eancia\",\"Rocinha\",\"Serop\u00e9dica\",\"Tabajaras\",\"UFRRJ\",\"Zona Sul\"],\"articleSection\":[\"*Destaque\",\"Escrito por Comunicadores Populares\",\"Qualidades da Favela\",\"Sociedade Civil\",\"Solu\u00e7\u00f5es\"],\"inLanguage\":\"pt-BR\"},{\"@type\":\"WebPage\",\"@id\":\"https:\/\/rioonwatch.org.br\/?p=45282\",\"url\":\"https:\/\/rioonwatch.org.br\/?p=45282\",\"name\":\"Pr\u00e9-Vestibular 'S\u00f3 Cria' da Rocinha, Homenageado na ALERJ, Tem a Primeira Aluna Aprovada: A Ind\u00edgena Kor\u00ea Canela - RioOnWatch\",\"isPartOf\":{\"@id\":\"https:\/\/rioonwatch.org.br\/#website\"},\"primaryImageOfPage\":{\"@id\":\"https:\/\/rioonwatch.org.br\/?p=45282#primaryimage\"},\"image\":{\"@id\":\"https:\/\/rioonwatch.org.br\/?p=45282#primaryimage\"},\"thumbnailUrl\":\"https:\/\/rioonwatch.org.br\/wp-content\/uploads\/2020\/02\/Kor\u00ea-2-e1581003060463.jpeg\",\"datePublished\":\"2020-02-10T08:36:27+00:00\",\"dateModified\":\"2020-03-04T12:57:47+00:00\",\"breadcrumb\":{\"@id\":\"https:\/\/rioonwatch.org.br\/?p=45282#breadcrumb\"},\"inLanguage\":\"pt-BR\",\"potentialAction\":[{\"@type\":\"ReadAction\",\"target\":[\"https:\/\/rioonwatch.org.br\/?p=45282\"]}]},{\"@type\":\"ImageObject\",\"inLanguage\":\"pt-BR\",\"@id\":\"https:\/\/rioonwatch.org.br\/?p=45282#primaryimage\",\"url\":\"https:\/\/rioonwatch.org.br\/wp-content\/uploads\/2020\/02\/Kor\u00ea-2-e1581003060463.jpeg\",\"contentUrl\":\"https:\/\/rioonwatch.org.br\/wp-content\/uploads\/2020\/02\/Kor\u00ea-2-e1581003060463.jpeg\",\"width\":897,\"height\":384},{\"@type\":\"BreadcrumbList\",\"@id\":\"https:\/\/rioonwatch.org.br\/?p=45282#breadcrumb\",\"itemListElement\":[{\"@type\":\"ListItem\",\"position\":1,\"name\":\"In\u00edcio\",\"item\":\"https:\/\/rioonwatch.org.br\/\"},{\"@type\":\"ListItem\",\"position\":2,\"name\":\"Pr\u00e9-Vestibular &#8216;S\u00f3 Cria&#8217; da Rocinha, Homenageado na ALERJ, Tem a Primeira Aluna Aprovada: A Ind\u00edgena Kor\u00ea Canela\"}]},{\"@type\":\"WebSite\",\"@id\":\"https:\/\/rioonwatch.org.br\/#website\",\"url\":\"https:\/\/rioonwatch.org.br\/\",\"name\":\"RioOnWatch\",\"description\":\"relatos das favelas cariocas\",\"publisher\":{\"@id\":\"https:\/\/rioonwatch.org.br\/#organization\"},\"potentialAction\":[{\"@type\":\"SearchAction\",\"target\":{\"@type\":\"EntryPoint\",\"urlTemplate\":\"https:\/\/rioonwatch.org.br\/?s={search_term_string}\"},\"query-input\":{\"@type\":\"PropertyValueSpecification\",\"valueRequired\":true,\"valueName\":\"search_term_string\"}}],\"inLanguage\":\"pt-BR\"},{\"@type\":\"Organization\",\"@id\":\"https:\/\/rioonwatch.org.br\/#organization\",\"name\":\"RioOnWatch\",\"url\":\"https:\/\/rioonwatch.org.br\/\",\"logo\":{\"@type\":\"ImageObject\",\"inLanguage\":\"pt-BR\",\"@id\":\"https:\/\/rioonwatch.org.br\/#\/schema\/logo\/image\/\",\"url\":\"https:\/\/rioonwatch.org.br\/wp-content\/uploads\/2021\/06\/RioOnWatchcabecalhoPT11anos-2.png\",\"contentUrl\":\"https:\/\/rioonwatch.org.br\/wp-content\/uploads\/2021\/06\/RioOnWatchcabecalhoPT11anos-2.png\",\"width\":779,\"height\":277,\"caption\":\"RioOnWatch\"},\"image\":{\"@id\":\"https:\/\/rioonwatch.org.br\/#\/schema\/logo\/image\/\"}},{\"@type\":\"Person\",\"@id\":\"https:\/\/rioonwatch.org.br\/#\/schema\/person\/f443c6b55bb6e80842280318076491c5\",\"name\":\"Luisa Fenizola\",\"image\":{\"@type\":\"ImageObject\",\"inLanguage\":\"pt-BR\",\"@id\":\"https:\/\/rioonwatch.org.br\/#\/schema\/person\/image\/\",\"url\":\"https:\/\/secure.gravatar.com\/avatar\/a3d551110162b9f876cbbdaaecf75663?s=96&d=blank&r=g\",\"contentUrl\":\"https:\/\/secure.gravatar.com\/avatar\/a3d551110162b9f876cbbdaaecf75663?s=96&d=blank&r=g\",\"caption\":\"Luisa Fenizola\"},\"url\":\"https:\/\/rioonwatch.org.br\/?author=152\"}]}<\/script>\n<!-- \/ Yoast SEO plugin. -->","yoast_head_json":{"title":"Pr\u00e9-Vestibular 'S\u00f3 Cria' da Rocinha, Homenageado na ALERJ, Tem a Primeira Aluna Aprovada: A Ind\u00edgena Kor\u00ea Canela - RioOnWatch","robots":{"index":"index","follow":"follow","max-snippet":"max-snippet:-1","max-image-preview":"max-image-preview:large","max-video-preview":"max-video-preview:-1"},"canonical":"https:\/\/rioonwatch.org.br\/?p=45282","og_locale":"pt_BR","og_type":"article","og_title":"Pr\u00e9-Vestibular 'S\u00f3 Cria' da Rocinha, Homenageado na ALERJ, Tem a Primeira Aluna Aprovada: A Ind\u00edgena Kor\u00ea Canela - RioOnWatch","og_description":"Click Here for English Criado em maio de 2019, o S\u00f3 Cria, um curso pr\u00e9-vestibular comunit\u00e1rio da Rocinha, \u00e9 gratuito e atende moradores de diversas favelas, principalmente da Rocinha, Vidigal e arredores. As aulas acontecem [...]","og_url":"https:\/\/rioonwatch.org.br\/?p=45282","og_site_name":"RioOnWatch","article_published_time":"2020-02-10T08:36:27+00:00","article_modified_time":"2020-03-04T12:57:47+00:00","og_image":[{"width":897,"height":384,"url":"https:\/\/rioonwatch.org.br\/wp-content\/uploads\/2020\/02\/Kor\u00ea-2-e1581003060463.jpeg","type":"image\/jpeg"}],"author":"Luisa Fenizola","twitter_card":"summary_large_image","twitter_misc":{"Escrito por":"Luisa Fenizola","Est. tempo de leitura":"5 minutos"},"schema":{"@context":"https:\/\/schema.org","@graph":[{"@type":"Article","@id":"https:\/\/rioonwatch.org.br\/?p=45282#article","isPartOf":{"@id":"https:\/\/rioonwatch.org.br\/?p=45282"},"author":{"name":"Luisa Fenizola","@id":"https:\/\/rioonwatch.org.br\/#\/schema\/person\/f443c6b55bb6e80842280318076491c5"},"headline":"Pr\u00e9-Vestibular &#8216;S\u00f3 Cria&#8217; da Rocinha, Homenageado na ALERJ, Tem a Primeira Aluna Aprovada: A Ind\u00edgena Kor\u00ea Canela","datePublished":"2020-02-10T08:36:27+00:00","dateModified":"2020-03-04T12:57:47+00:00","mainEntityOfPage":{"@id":"https:\/\/rioonwatch.org.br\/?p=45282"},"wordCount":1043,"publisher":{"@id":"https:\/\/rioonwatch.org.br\/#organization"},"image":{"@id":"https:\/\/rioonwatch.org.br\/?p=45282#primaryimage"},"thumbnailUrl":"https:\/\/rioonwatch.org.br\/wp-content\/uploads\/2020\/02\/Kor\u00ea-2-e1581003060463.jpeg","keywords":["acesso \u00e0 universidade","Alerj","CIEP","direito \u00e0 educa\u00e7\u00e3o","Direitos Humanos","educa\u00e7\u00e3o","ind\u00edgenas","Jacarezinho","Pr\u00e9-Vestibular","Renata Souza","resist\u00eancia","Rocinha","Serop\u00e9dica","Tabajaras","UFRRJ","Zona Sul"],"articleSection":["*Destaque","Escrito por Comunicadores Populares","Qualidades da Favela","Sociedade Civil","Solu\u00e7\u00f5es"],"inLanguage":"pt-BR"},{"@type":"WebPage","@id":"https:\/\/rioonwatch.org.br\/?p=45282","url":"https:\/\/rioonwatch.org.br\/?p=45282","name":"Pr\u00e9-Vestibular 'S\u00f3 Cria' da Rocinha, Homenageado na ALERJ, Tem a Primeira Aluna Aprovada: A Ind\u00edgena Kor\u00ea Canela - RioOnWatch","isPartOf":{"@id":"https:\/\/rioonwatch.org.br\/#website"},"primaryImageOfPage":{"@id":"https:\/\/rioonwatch.org.br\/?p=45282#primaryimage"},"image":{"@id":"https:\/\/rioonwatch.org.br\/?p=45282#primaryimage"},"thumbnailUrl":"https:\/\/rioonwatch.org.br\/wp-content\/uploads\/2020\/02\/Kor\u00ea-2-e1581003060463.jpeg","datePublished":"2020-02-10T08:36:27+00:00","dateModified":"2020-03-04T12:57:47+00:00","breadcrumb":{"@id":"https:\/\/rioonwatch.org.br\/?p=45282#breadcrumb"},"inLanguage":"pt-BR","potentialAction":[{"@type":"ReadAction","target":["https:\/\/rioonwatch.org.br\/?p=45282"]}]},{"@type":"ImageObject","inLanguage":"pt-BR","@id":"https:\/\/rioonwatch.org.br\/?p=45282#primaryimage","url":"https:\/\/rioonwatch.org.br\/wp-content\/uploads\/2020\/02\/Kor\u00ea-2-e1581003060463.jpeg","contentUrl":"https:\/\/rioonwatch.org.br\/wp-content\/uploads\/2020\/02\/Kor\u00ea-2-e1581003060463.jpeg","width":897,"height":384},{"@type":"BreadcrumbList","@id":"https:\/\/rioonwatch.org.br\/?p=45282#breadcrumb","itemListElement":[{"@type":"ListItem","position":1,"name":"In\u00edcio","item":"https:\/\/rioonwatch.org.br\/"},{"@type":"ListItem","position":2,"name":"Pr\u00e9-Vestibular &#8216;S\u00f3 Cria&#8217; da Rocinha, Homenageado na ALERJ, Tem a Primeira Aluna Aprovada: A Ind\u00edgena Kor\u00ea Canela"}]},{"@type":"WebSite","@id":"https:\/\/rioonwatch.org.br\/#website","url":"https:\/\/rioonwatch.org.br\/","name":"RioOnWatch","description":"relatos das favelas cariocas","publisher":{"@id":"https:\/\/rioonwatch.org.br\/#organization"},"potentialAction":[{"@type":"SearchAction","target":{"@type":"EntryPoint","urlTemplate":"https:\/\/rioonwatch.org.br\/?s={search_term_string}"},"query-input":{"@type":"PropertyValueSpecification","valueRequired":true,"valueName":"search_term_string"}}],"inLanguage":"pt-BR"},{"@type":"Organization","@id":"https:\/\/rioonwatch.org.br\/#organization","name":"RioOnWatch","url":"https:\/\/rioonwatch.org.br\/","logo":{"@type":"ImageObject","inLanguage":"pt-BR","@id":"https:\/\/rioonwatch.org.br\/#\/schema\/logo\/image\/","url":"https:\/\/rioonwatch.org.br\/wp-content\/uploads\/2021\/06\/RioOnWatchcabecalhoPT11anos-2.png","contentUrl":"https:\/\/rioonwatch.org.br\/wp-content\/uploads\/2021\/06\/RioOnWatchcabecalhoPT11anos-2.png","width":779,"height":277,"caption":"RioOnWatch"},"image":{"@id":"https:\/\/rioonwatch.org.br\/#\/schema\/logo\/image\/"}},{"@type":"Person","@id":"https:\/\/rioonwatch.org.br\/#\/schema\/person\/f443c6b55bb6e80842280318076491c5","name":"Luisa Fenizola","image":{"@type":"ImageObject","inLanguage":"pt-BR","@id":"https:\/\/rioonwatch.org.br\/#\/schema\/person\/image\/","url":"https:\/\/secure.gravatar.com\/avatar\/a3d551110162b9f876cbbdaaecf75663?s=96&d=blank&r=g","contentUrl":"https:\/\/secure.gravatar.com\/avatar\/a3d551110162b9f876cbbdaaecf75663?s=96&d=blank&r=g","caption":"Luisa Fenizola"},"url":"https:\/\/rioonwatch.org.br\/?author=152"}]}},"_links":{"self":[{"href":"https:\/\/rioonwatch.org.br\/index.php?rest_route=\/wp\/v2\/posts\/45282"}],"collection":[{"href":"https:\/\/rioonwatch.org.br\/index.php?rest_route=\/wp\/v2\/posts"}],"about":[{"href":"https:\/\/rioonwatch.org.br\/index.php?rest_route=\/wp\/v2\/types\/post"}],"author":[{"embeddable":true,"href":"https:\/\/rioonwatch.org.br\/index.php?rest_route=\/wp\/v2\/users\/152"}],"replies":[{"embeddable":true,"href":"https:\/\/rioonwatch.org.br\/index.php?rest_route=%2Fwp%2Fv2%2Fcomments&post=45282"}],"version-history":[{"count":16,"href":"https:\/\/rioonwatch.org.br\/index.php?rest_route=\/wp\/v2\/posts\/45282\/revisions"}],"predecessor-version":[{"id":45605,"href":"https:\/\/rioonwatch.org.br\/index.php?rest_route=\/wp\/v2\/posts\/45282\/revisions\/45605"}],"wp:featuredmedia":[{"embeddable":true,"href":"https:\/\/rioonwatch.org.br\/index.php?rest_route=\/wp\/v2\/media\/45287"}],"wp:attachment":[{"href":"https:\/\/rioonwatch.org.br\/index.php?rest_route=%2Fwp%2Fv2%2Fmedia&parent=45282"}],"wp:term":[{"taxonomy":"category","embeddable":true,"href":"https:\/\/rioonwatch.org.br\/index.php?rest_route=%2Fwp%2Fv2%2Fcategories&post=45282"},{"taxonomy":"post_tag","embeddable":true,"href":"https:\/\/rioonwatch.org.br\/index.php?rest_route=%2Fwp%2Fv2%2Ftags&post=45282"},{"taxonomy":"writer","embeddable":true,"href":"https:\/\/rioonwatch.org.br\/index.php?rest_route=%2Fwp%2Fv2%2Fwriter&post=45282"},{"taxonomy":"translator","embeddable":true,"href":"https:\/\/rioonwatch.org.br\/index.php?rest_route=%2Fwp%2Fv2%2Ftranslator&post=45282"},{"taxonomy":"source","embeddable":true,"href":"https:\/\/rioonwatch.org.br\/index.php?rest_route=%2Fwp%2Fv2%2Fsource&post=45282"},{"taxonomy":"ilustrador","embeddable":true,"href":"https:\/\/rioonwatch.org.br\/index.php?rest_route=%2Fwp%2Fv2%2Filustrador&post=45282"},{"taxonomy":"fotografo","embeddable":true,"href":"https:\/\/rioonwatch.org.br\/index.php?rest_route=%2Fwp%2Fv2%2Ffotografo&post=45282"}],"curies":[{"name":"wp","href":"https:\/\/api.w.org\/{rel}","templated":true}]}}