{"id":45387,"date":"2020-02-19T15:08:48","date_gmt":"2020-02-19T18:08:48","guid":{"rendered":"https:\/\/rioonwatch.org.br\/?p=45387"},"modified":"2020-02-21T11:51:52","modified_gmt":"2020-02-21T14:51:52","slug":"um-mes-depois-crise-da-agua-continua-a-punir-a-periferia-do-rio","status":"publish","type":"post","link":"https:\/\/rioonwatch.org.br\/?p=45387","title":{"rendered":"Um M\u00eas Depois, Crise da \u00c1gua Continua a Punir a Periferia do Rio"},"content":{"rendered":"<p style=\"text-align: right;\"><em><strong><a href=\"http:\/\/bit.ly\/2SeNqzc\" target=\"_blank\" rel=\"noopener noreferrer\">Click Here for English<\/a><a href=\"http:\/\/bit.ly\/2SeNqzc\" target=\"_blank\" rel=\"noopener noreferrer\"><img decoding=\"async\" width=\"20\" height=\"20\" class=\"alignright wp-image-15790\" src=\"http:\/\/rioonwatch.org.br\/wp-content\/uploads\/2012\/08\/EN-standard-e1439583104716.jpg\" \/><\/a><\/strong><\/em><\/p>\n<h4>Enquanto nomeados pol\u00edticos correm para se explicar, preocupa\u00e7\u00f5es com privatiza\u00e7\u00e3o persistem entre ativistas comunit\u00e1rios.<\/h4>\n<p>No dia 3 de janeiro sob um sol escaldante de ver\u00e3o, com temperaturas acima de 35\u00b0C, moradores da <a href=\"http:\/\/bit.ly\/1IgJzSA\" target=\"_blank\" rel=\"noopener noreferrer\">Baixada Fluminense<\/a>, bem como das Zonas <a href=\"http:\/\/bit.ly\/2x3k8bw\" target=\"_blank\" rel=\"noopener noreferrer\">Oeste<\/a> e <a href=\"http:\/\/bit.ly\/2ETpYR1\" target=\"_blank\" rel=\"noopener noreferrer\">Norte<\/a> do Rio, come\u00e7am a notar problemas na \u00e1gua da torneira. Mesmo quando tirada dos onipresentes filtros, a \u00e1gua vinha <a href=\"http:\/\/bit.ly\/2QWcDxM\" target=\"_blank\" rel=\"noopener noreferrer\">turva e cheirava mal<\/a>; tinha gosto de terra. A medida em que moradores preocupados corriam para supermercados, o <a href=\"https:\/\/glo.bo\/3azR7H5\">pre\u00e7o da \u00e1gua engarrafada disparava<\/a>. Em quest\u00e3o de dias, o problema se estendeu por toda a cidade.<\/p>\n<p>A hashtag #AguaContaminada come\u00e7ou a se espalhar enquanto internautas se voltavam para <a href=\"http:\/\/bit.ly\/2M6oZlG\" target=\"_blank\" rel=\"noopener noreferrer\">CEDAE<\/a> para cobrar por respostas. A CEDAE se apressou em <a href=\"http:\/\/bit.ly\/38gF13K\">explicar<\/a> o problema, atribuindo o gosto e o cheiro da \u00e1gua a uma subst\u00e2ncia org\u00e2nica transportada por algas conhecida como geosmina. Enquanto isso, cariocas doentes <a href=\"http:\/\/bit.ly\/2UuzO4p\">abarrotavam as salas de espera de hospitais<\/a> pela cidade com reclama\u00e7\u00f5es de n\u00e1usea e diarreia.<\/p>\n<p>Embora a geosmina propriamente dita n\u00e3o seja prejudicial, segundo argumentam especialistas da <a href=\"http:\/\/bit.ly\/2KgADIe\" target=\"_blank\" rel=\"noopener noreferrer\">UFRJ<\/a>\u00a0em <a href=\"http:\/\/bit.ly\/2S6j0zb\">nota t\u00e9cnica<\/a>, isso pode significar que outra bact\u00e9ria n\u00e3o foi propriamente filtrada. Para Fabiano Thompson, da UFRJ, parte do problema est\u00e1 na qualidade da \u00e1gua que entra na esta\u00e7\u00e3o de tratamento <a href=\"http:\/\/bit.ly\/2tyLeJm\">Guandu<\/a>\u00a0do Rio. Ele e outros especialistas <a href=\"https:\/\/glo.bo\/2vOzVgS\">contaram ao<em>\u00a0G1<\/em><\/a> que a CEDAE tinha, at\u00e9 recentemente, conseguido fazer &#8220;m\u00e1gica, em transformar esgoto em \u00e1gua&#8221;. Em 2020, a situa\u00e7\u00e3o chegou a um ponto de ruptura.<\/p>\n<p>Como em diversos problemas do servi\u00e7o p\u00fablico, a crise da \u00e1gua afetou mais intensamente as favelas e periferias do Rio. De acordo com Roberto Lucena, professor de hist\u00f3ria e ativista engajado ao grupo <a href=\"http:\/\/bit.ly\/2Dd9PVR\">Rocinha Sem Fronteiras<\/a>, &#8220;o problema de distribui\u00e7\u00e3o de \u00e1gua \u00e9 cr\u00f4nico, seletivo e pol\u00edtico&#8221;. Ao comparar a Rocinha aos bairros adjacentes, na <a href=\"http:\/\/bit.ly\/2WL6FUi\" target=\"_blank\" rel=\"noopener noreferrer\">Zona Sul<\/a>, como <a href=\"http:\/\/bit.ly\/2Ucuxj8\" target=\"_blank\" rel=\"noopener noreferrer\">S\u00e3o Conrado<\/a>,\u00a0<a href=\"http:\/\/bit.ly\/2Xsamf8\" target=\"_blank\" rel=\"noopener noreferrer\">Lagoa<\/a>, e <a href=\"http:\/\/bit.ly\/2ScG5QI\" target=\"_blank\" rel=\"noopener noreferrer\">Leblon<\/a>, Roberto adiciona: &#8220;Nossos vizinhos t\u00eam dinheiro para comprar \u00e1gua mineral todos os dias, enquanto n\u00f3s bebemos \u00e1gua com cheiro e cor, pois a nossa economia n\u00e3o nos permite comprar \u00e1gua mineral regularmente&#8221;.<\/p>\n<p><a href=\"https:\/\/rioonwatch.org.br\/wp-content\/uploads\/2020\/02\/\u00e1gua4.jpg\"><img fetchpriority=\"high\" decoding=\"async\" class=\"aligncenter wp-image-45407 size-content\" title=\"Moradores do Rio preocupados assistindo a um debate na escadaria da C\u00e2mara de Vereadores. Foto: Pauline Beaumont\" src=\"https:\/\/rioonwatch.org.br\/wp-content\/uploads\/2020\/02\/\u00e1gua4-620x264.jpg\" alt=\"\" width=\"620\" height=\"264\" srcset=\"https:\/\/rioonwatch.org.br\/wp-content\/uploads\/2020\/02\/\u00e1gua4-620x264.jpg 620w, https:\/\/rioonwatch.org.br\/wp-content\/uploads\/2020\/02\/\u00e1gua4-940x400.jpg 940w\" sizes=\"(max-width: 620px) 100vw, 620px\" \/><\/a><\/p>\n<p>&#8220;Que \u00e1gua o favelado est\u00e1 bebendo?&#8221; Perguntou uma manifestante nas escadas da <a href=\"http:\/\/bit.ly\/2RKjXgH\" target=\"_blank\" rel=\"noopener noreferrer\">C\u00e2mara Municipal<\/a>. Falando em um microfone aberto, dispon\u00edvel, como parte de um <a href=\"http:\/\/bit.ly\/2vbxsN8\">debate p\u00fablico<\/a> organizado pela Marcha Mundial das Mulheres Rio, ela ecoou Roberto. &#8220;Minha gente n\u00e3o tem dinheiro para ficar comprando \u00e1gua. A galera est\u00e1 tirando do arroz, da carne para poder tomar \u00e1gua! Isso \u00e9 um absurdo&#8221;.<\/p>\n<p>Na periferia, outros se preocupam que a crise possa se tornar uma desculpa f\u00e1cil para a privatiza\u00e7\u00e3o da CEDAE. De fato, o Governador Wilson Witzel <a href=\"https:\/\/glo.bo\/2Gwv324\">declarou<\/a> que melhoras no Guandu apenas seriam vi\u00e1veis ap\u00f3s o leil\u00e3o da CEDAE. Conforme a crise da \u00e1gua se arrasta, protestos anti-privatiza\u00e7\u00e3o eclodem pela cidade. Em 21 de janeiro, moradores do Rio e ativistas <a href=\"http:\/\/bit.ly\/370JpCB\">se reuniram do lado de fora do gabinete do prefeito<\/a>, exigindo seu direito constitucional de beber \u00e1gua. Gritando, em coro, &#8220;N\u00e3o \u00e0 concess\u00e3o! N\u00e3o \u00e0 privatiza\u00e7\u00e3o!&#8221;, os manifestantes marcharam at\u00e9 a sede da CEDAE, bloqueando o tr\u00e1fego ao longo da Avenida Presidente Vargas. Privatiza\u00e7\u00e3o, segundo os manifestantes, tornaria a falta de qualidade ainda pior.<\/p>\n<p><a href=\"https:\/\/rioonwatch.org.br\/wp-content\/uploads\/2020\/02\/\u00e1gua3.jpg\"><img decoding=\"async\" class=\"aligncenter wp-image-45406 size-content\" title=\"Manifestantes marcham at\u00e9 a CEDAE. Foto: Pauline Beaumont\" src=\"https:\/\/rioonwatch.org.br\/wp-content\/uploads\/2020\/02\/\u00e1gua3-620x264.jpg\" alt=\"\" width=\"620\" height=\"264\" srcset=\"https:\/\/rioonwatch.org.br\/wp-content\/uploads\/2020\/02\/\u00e1gua3-620x264.jpg 620w, https:\/\/rioonwatch.org.br\/wp-content\/uploads\/2020\/02\/\u00e1gua3-940x400.jpg 940w\" sizes=\"(max-width: 620px) 100vw, 620px\" \/><\/a><\/p>\n<p>Em uma <a href=\"http:\/\/bit.ly\/31AG50a\">entrevista para a <em>Carta Capital<\/em><\/a> dias depois, L\u00e9o Heller, Relator do Conselho de Direitos Humanos da ONU para os Direitos \u00e0 \u00c1gua e ao Esgotamento Sanit\u00e1rio, apresentou preocupa\u00e7\u00f5es similares <a href=\"http:\/\/bit.ly\/2nmnkI0\" target=\"_blank\" rel=\"noopener noreferrer\">sobre a\u00e7\u00f5es para privatizar servi\u00e7os de utilidade p\u00fablica<\/a>. L\u00e9o apontou que essas medidas podem aprofundar desigualdades sociais no acesso ao saneamento b\u00e1sico, uma vez que a privatiza\u00e7\u00e3o frequentemente resulta no aumento nas taxas cobradas por servi\u00e7os p\u00fablicos e em <a href=\"http:\/\/bit.ly\/1poPFPi\" target=\"_blank\" rel=\"noopener noreferrer\">falta de incentivo privado para atender regi\u00f5es perif\u00e9ricas<\/a>.<\/p>\n<p>Roberto diz que a privatiza\u00e7\u00e3o n\u00e3o \u00e9 solu\u00e7\u00e3o para a crise. &#8220;Como pode um governo privatizar um bem comum, <a href=\"http:\/\/bit.ly\/2mjHAhl\" target=\"_blank\" rel=\"noopener noreferrer\">que deveria ser acess\u00edvel a todos<\/a> independente de sua classe social?&#8221; Ele questiona. Em vez disso, os pol\u00edticos se desviam da responsabilidade\u2014Se referindo a Witzel, ele diz: &#8220;Apenas um governador impopular com uma mentalidade excludente em uma sociedade estratificada colocaria em pr\u00e1tica esse tipo de maldade&#8221;.<\/p>\n<p>Conversando com o <em>RioOnWatch,\u00a0<\/em>Aru Girota, presidente do Sindicato dos Trabalhadores nas Ind\u00fastrias da Purifica\u00e7\u00e3o e Distribui\u00e7\u00e3o de \u00c1gua e em Servi\u00e7os de Esgotos de <a href=\"http:\/\/bit.ly\/2xtrOnO\" target=\"_blank\" rel=\"noopener noreferrer\">Niter\u00f3i<\/a> (<a href=\"http:\/\/bit.ly\/2vXB8CP\">STIPDAENIT<\/a>), concorda que o problema \u00e9 pol\u00edtico. &#8220;Tem um problema na CEDAE sim, e ele se chama H\u00e9lio Cabral&#8221;, diz Aru, referindo-se ao agora ex-presidente da CEDAE. &#8220;Ele n\u00e3o conhece nada de saneamento. E isso est\u00e1 colocando em risco os 11 milh\u00f5es de moradores do [Grande] Rio. Como <a href=\"http:\/\/bit.ly\/2FUDhRl\" target=\"_blank\" rel=\"noopener noreferrer\">em Mariana<\/a> [Minas Gerais], quando ele era consultor da Samarco&#8221;.<\/p>\n<p>H\u00e9lio, <a href=\"https:\/\/glo.bo\/2tLY335\">demitido pelo Governador Witzel na noite de 10 de fevereiro<\/a>, \u00e9 <a href=\"http:\/\/bit.ly\/2v5T11V\">um dos 21 r\u00e9us acusados<\/a> de crimes ambientais e homic\u00eddios por seu envolvimento no <a href=\"http:\/\/bit.ly\/2vJhKJG\" target=\"_blank\" rel=\"noopener noreferrer\">desastre da Barragem de Mariana em 2015<\/a>, que matou 19 pessoas e poluiu o abastecimento de \u00e1gua de milhares de moradores na cidade de Mariana, Minas Gerais. H\u00e9lio, que trabalhou como diretor financeiro da CEDAE de 2008 a 2015, assim mesmo falou em uma <a href=\"http:\/\/bit.ly\/2H1yIoY\">audi\u00eancia p\u00fablica<\/a> na <a href=\"http:\/\/bit.ly\/2yL8t1X\" target=\"_blank\" rel=\"noopener noreferrer\">Alerj<\/a> em 11 de fevereiro.<\/p>\n<p><a href=\"https:\/\/rioonwatch.org.br\/wp-content\/uploads\/2020\/02\/\u00e1gua2.jpg\"><img loading=\"lazy\" decoding=\"async\" class=\"aligncenter wp-image-45405 size-content\" title=\"Debate sobre a \u00e1gua na frente da C\u00e2mara de Vereadores. Foto: Pauline Beaumont\" src=\"https:\/\/rioonwatch.org.br\/wp-content\/uploads\/2020\/02\/\u00e1gua2-620x264.jpg\" alt=\"\" width=\"620\" height=\"264\" srcset=\"https:\/\/rioonwatch.org.br\/wp-content\/uploads\/2020\/02\/\u00e1gua2-620x264.jpg 620w, https:\/\/rioonwatch.org.br\/wp-content\/uploads\/2020\/02\/\u00e1gua2-940x400.jpg 940w\" sizes=\"(max-width: 620px) 100vw, 620px\" \/><\/a><\/p>\n<p>Mais de um m\u00eas ap\u00f3s seu in\u00edcio, a crise continua. Embora supermercados tenham come\u00e7ado a reestocar suas prateleiras regularmente, <a href=\"http:\/\/bit.ly\/38vEBqi\" target=\"_blank\" rel=\"noopener noreferrer\">comprar \u00e1gua engarrafada diariamente continua tendo custos proibitivos para moradores de baixa renda pela cidade<\/a>. Alguns at\u00e9 mesmo passaram a <a href=\"https:\/\/glo.bo\/2uoKYgy\">procurar por nascentes naturais<\/a> para ter \u00e1gua que possam beber. Ainda assim, Roberto Lucena, da Rocinha, est\u00e1 otimista: &#8220;Estamos convencidos de que nossas conquistas se dar\u00e3o atrav\u00e9s de lutas sociais e pol\u00edticas\u2014fiscalizando o poder p\u00fablico e cobrando nossos direitos. Temos plena consci\u00eancia que somos os protagonistas de nossa hist\u00f3ria&#8221;.<\/p>\n<h4>Apoie o jornalismo hiperlocal incans\u00e1vel, cr\u00edtico e de ponta da <em>RioOnWatch. <\/em>#QueroReportagensSobreFavelas: <a href=\"http:\/\/bit.ly\/DonateToRioOnWatch\">bit.ly\/DonateToRioOnWatch<\/a><\/h4>\n<!-- AddThis Advanced Settings generic via filter on the_content --><!-- AddThis Share Buttons generic via filter on the_content -->","protected":false},"excerpt":{"rendered":"<div class=\"mh-excerpt\"><p>Click Here for English Enquanto nomeados pol\u00edticos correm para se explicar, preocupa\u00e7\u00f5es com privatiza\u00e7\u00e3o persistem entre ativistas comunit\u00e1rios. No dia 3 de janeiro sob um sol escaldante de ver\u00e3o, com temperaturas acima de 35\u00b0C, moradores <a class=\"mh-excerpt-more\" href=\"https:\/\/rioonwatch.org.br\/?p=45387\" title=\"Um M\u00eas Depois, Crise da \u00c1gua Continua a Punir a Periferia do Rio\">[&#8230;]<\/a><!-- AddThis Advanced Settings generic via filter on get_the_excerpt --><!-- AddThis Share Buttons generic via filter on get_the_excerpt --><\/p>\n<\/div>","protected":false},"author":152,"featured_media":45404,"comment_status":"closed","ping_status":"closed","sticky":false,"template":"","format":"standard","meta":{"_acf_changed":false,"_monsterinsights_skip_tracking":false,"_monsterinsights_sitenote_active":false,"_monsterinsights_sitenote_note":"","_monsterinsights_sitenote_category":0,"footnotes":""},"categories":[1621,346,1626,1612,1639],"tags":[510,1852,959,1754,620,1372,1551,932,417,10,1722,839,1164,763,2001,16,2650,492,2369,2193,2560,218,184,383],"writer":[2739,2688],"translator":[1895],"source":[],"ilustrador":[],"fotografo":[],"class_list":{"0":"post-45387","1":"post","2":"type-post","3":"status-publish","4":"format-standard","5":"has-post-thumbnail","7":"category-destaque","8":"category-denuncias","9":"category-por-observadores-internacionais","10":"category-sociedade-civil","11":"category-sustentabilidade","12":"tag-agua","13":"tag-alerj","14":"tag-baixada-fluminense","15":"tag-camara-dos-vereadores","16":"tag-cedae","17":"tag-grande-rio","18":"tag-lagoa","19":"tag-leblon","20":"tag-negligencia-do-estado","21":"tag-niteroi","22":"tag-onu","23":"tag-prioridades-publicas-equivocadas","24":"tag-privatizacao","25":"tag-protesto","26":"tag-rio-guandu","27":"tag-rocinha","28":"tag-rocinha-sem-fronteiras","29":"tag-saneamento","30":"tag-sao-conrado","31":"tag-ufrj","32":"tag-wilson-witzel","33":"tag-zona-norte","34":"tag-zona-oeste","35":"tag-zona-sul","36":"writer-pauline-beaumont","37":"writer-sofia-bazin","38":"translator-francine-oliveira"},"acf":[],"yoast_head":"<!-- This site is optimized with the Yoast SEO plugin v25.6 - https:\/\/yoast.com\/wordpress\/plugins\/seo\/ -->\n<title>Um M\u00eas Depois, Crise da \u00c1gua Continua a Punir a Periferia do Rio - RioOnWatch<\/title>\n<meta name=\"robots\" content=\"index, follow, max-snippet:-1, max-image-preview:large, max-video-preview:-1\" \/>\n<link rel=\"canonical\" href=\"https:\/\/rioonwatch.org.br\/?p=45387\" \/>\n<meta property=\"og:locale\" content=\"pt_BR\" \/>\n<meta property=\"og:type\" content=\"article\" \/>\n<meta property=\"og:title\" content=\"Um M\u00eas Depois, Crise da \u00c1gua Continua a Punir a Periferia do Rio - RioOnWatch\" \/>\n<meta property=\"og:description\" content=\"Click Here for English Enquanto nomeados pol\u00edticos correm para se explicar, preocupa\u00e7\u00f5es com privatiza\u00e7\u00e3o persistem entre ativistas comunit\u00e1rios. No dia 3 de janeiro sob um sol escaldante de ver\u00e3o, com temperaturas acima de 35\u00b0C, moradores [...]\" \/>\n<meta property=\"og:url\" content=\"https:\/\/rioonwatch.org.br\/?p=45387\" \/>\n<meta property=\"og:site_name\" content=\"RioOnWatch\" \/>\n<meta property=\"article:published_time\" content=\"2020-02-19T18:08:48+00:00\" \/>\n<meta property=\"article:modified_time\" content=\"2020-02-21T14:51:52+00:00\" \/>\n<meta property=\"og:image\" content=\"https:\/\/rioonwatch.org.br\/wp-content\/uploads\/2020\/02\/\u00e1gua-scaled.jpg\" \/>\n\t<meta property=\"og:image:width\" content=\"2560\" \/>\n\t<meta property=\"og:image:height\" content=\"1920\" \/>\n\t<meta property=\"og:image:type\" content=\"image\/jpeg\" \/>\n<meta name=\"author\" content=\"Luisa Fenizola\" \/>\n<meta name=\"twitter:card\" content=\"summary_large_image\" \/>\n<meta name=\"twitter:label1\" content=\"Escrito por\" \/>\n\t<meta name=\"twitter:data1\" content=\"Luisa Fenizola\" \/>\n\t<meta name=\"twitter:label2\" content=\"Est. tempo de leitura\" \/>\n\t<meta name=\"twitter:data2\" content=\"5 minutos\" \/>\n<script type=\"application\/ld+json\" class=\"yoast-schema-graph\">{\"@context\":\"https:\/\/schema.org\",\"@graph\":[{\"@type\":\"Article\",\"@id\":\"https:\/\/rioonwatch.org.br\/?p=45387#article\",\"isPartOf\":{\"@id\":\"https:\/\/rioonwatch.org.br\/?p=45387\"},\"author\":{\"name\":\"Luisa Fenizola\",\"@id\":\"https:\/\/rioonwatch.org.br\/#\/schema\/person\/f443c6b55bb6e80842280318076491c5\"},\"headline\":\"Um M\u00eas Depois, Crise da \u00c1gua Continua a Punir a Periferia do Rio\",\"datePublished\":\"2020-02-19T18:08:48+00:00\",\"dateModified\":\"2020-02-21T14:51:52+00:00\",\"mainEntityOfPage\":{\"@id\":\"https:\/\/rioonwatch.org.br\/?p=45387\"},\"wordCount\":1006,\"publisher\":{\"@id\":\"https:\/\/rioonwatch.org.br\/#organization\"},\"image\":{\"@id\":\"https:\/\/rioonwatch.org.br\/?p=45387#primaryimage\"},\"thumbnailUrl\":\"https:\/\/rioonwatch.org.br\/wp-content\/uploads\/2020\/02\/\u00e1gua-scaled.jpg\",\"keywords\":[\"\u00e1gua\",\"Alerj\",\"Baixada Fluminense\",\"C\u00e2mara dos Vereadores\",\"CEDAE\",\"Grande Rio\",\"Lagoa\",\"Leblon\",\"Neglig\u00eancia do Estado\",\"Niter\u00f3i\",\"ONU\",\"prioridades p\u00fablicas equivocadas\",\"privatiza\u00e7\u00e3o\",\"protesto\",\"Rio Guandu\",\"Rocinha\",\"Rocinha Sem Fronteiras\",\"saneamento\",\"S\u00e3o Conrado\",\"UFRJ\",\"Wilson Witzel\",\"Zona Norte\",\"Zona Oeste\",\"Zona Sul\"],\"articleSection\":[\"*Destaque\",\"Den\u00fancias\",\"Escrito por Aliados\",\"Sociedade Civil\",\"Sustentabilidade\"],\"inLanguage\":\"pt-BR\"},{\"@type\":\"WebPage\",\"@id\":\"https:\/\/rioonwatch.org.br\/?p=45387\",\"url\":\"https:\/\/rioonwatch.org.br\/?p=45387\",\"name\":\"Um M\u00eas Depois, Crise da \u00c1gua Continua a Punir a Periferia do Rio - RioOnWatch\",\"isPartOf\":{\"@id\":\"https:\/\/rioonwatch.org.br\/#website\"},\"primaryImageOfPage\":{\"@id\":\"https:\/\/rioonwatch.org.br\/?p=45387#primaryimage\"},\"image\":{\"@id\":\"https:\/\/rioonwatch.org.br\/?p=45387#primaryimage\"},\"thumbnailUrl\":\"https:\/\/rioonwatch.org.br\/wp-content\/uploads\/2020\/02\/\u00e1gua-scaled.jpg\",\"datePublished\":\"2020-02-19T18:08:48+00:00\",\"dateModified\":\"2020-02-21T14:51:52+00:00\",\"breadcrumb\":{\"@id\":\"https:\/\/rioonwatch.org.br\/?p=45387#breadcrumb\"},\"inLanguage\":\"pt-BR\",\"potentialAction\":[{\"@type\":\"ReadAction\",\"target\":[\"https:\/\/rioonwatch.org.br\/?p=45387\"]}]},{\"@type\":\"ImageObject\",\"inLanguage\":\"pt-BR\",\"@id\":\"https:\/\/rioonwatch.org.br\/?p=45387#primaryimage\",\"url\":\"https:\/\/rioonwatch.org.br\/wp-content\/uploads\/2020\/02\/\u00e1gua-scaled.jpg\",\"contentUrl\":\"https:\/\/rioonwatch.org.br\/wp-content\/uploads\/2020\/02\/\u00e1gua-scaled.jpg\",\"width\":2560,\"height\":1920},{\"@type\":\"BreadcrumbList\",\"@id\":\"https:\/\/rioonwatch.org.br\/?p=45387#breadcrumb\",\"itemListElement\":[{\"@type\":\"ListItem\",\"position\":1,\"name\":\"In\u00edcio\",\"item\":\"https:\/\/rioonwatch.org.br\/\"},{\"@type\":\"ListItem\",\"position\":2,\"name\":\"Um M\u00eas Depois, Crise da \u00c1gua Continua a Punir a Periferia do Rio\"}]},{\"@type\":\"WebSite\",\"@id\":\"https:\/\/rioonwatch.org.br\/#website\",\"url\":\"https:\/\/rioonwatch.org.br\/\",\"name\":\"RioOnWatch\",\"description\":\"relatos das favelas cariocas\",\"publisher\":{\"@id\":\"https:\/\/rioonwatch.org.br\/#organization\"},\"potentialAction\":[{\"@type\":\"SearchAction\",\"target\":{\"@type\":\"EntryPoint\",\"urlTemplate\":\"https:\/\/rioonwatch.org.br\/?s={search_term_string}\"},\"query-input\":{\"@type\":\"PropertyValueSpecification\",\"valueRequired\":true,\"valueName\":\"search_term_string\"}}],\"inLanguage\":\"pt-BR\"},{\"@type\":\"Organization\",\"@id\":\"https:\/\/rioonwatch.org.br\/#organization\",\"name\":\"RioOnWatch\",\"url\":\"https:\/\/rioonwatch.org.br\/\",\"logo\":{\"@type\":\"ImageObject\",\"inLanguage\":\"pt-BR\",\"@id\":\"https:\/\/rioonwatch.org.br\/#\/schema\/logo\/image\/\",\"url\":\"https:\/\/rioonwatch.org.br\/wp-content\/uploads\/2021\/06\/RioOnWatchcabecalhoPT11anos-2.png\",\"contentUrl\":\"https:\/\/rioonwatch.org.br\/wp-content\/uploads\/2021\/06\/RioOnWatchcabecalhoPT11anos-2.png\",\"width\":779,\"height\":277,\"caption\":\"RioOnWatch\"},\"image\":{\"@id\":\"https:\/\/rioonwatch.org.br\/#\/schema\/logo\/image\/\"}},{\"@type\":\"Person\",\"@id\":\"https:\/\/rioonwatch.org.br\/#\/schema\/person\/f443c6b55bb6e80842280318076491c5\",\"name\":\"Luisa Fenizola\",\"image\":{\"@type\":\"ImageObject\",\"inLanguage\":\"pt-BR\",\"@id\":\"https:\/\/rioonwatch.org.br\/#\/schema\/person\/image\/\",\"url\":\"https:\/\/secure.gravatar.com\/avatar\/a3d551110162b9f876cbbdaaecf75663?s=96&d=blank&r=g\",\"contentUrl\":\"https:\/\/secure.gravatar.com\/avatar\/a3d551110162b9f876cbbdaaecf75663?s=96&d=blank&r=g\",\"caption\":\"Luisa Fenizola\"},\"url\":\"https:\/\/rioonwatch.org.br\/?author=152\"}]}<\/script>\n<!-- \/ Yoast SEO plugin. -->","yoast_head_json":{"title":"Um M\u00eas Depois, Crise da \u00c1gua Continua a Punir a Periferia do Rio - RioOnWatch","robots":{"index":"index","follow":"follow","max-snippet":"max-snippet:-1","max-image-preview":"max-image-preview:large","max-video-preview":"max-video-preview:-1"},"canonical":"https:\/\/rioonwatch.org.br\/?p=45387","og_locale":"pt_BR","og_type":"article","og_title":"Um M\u00eas Depois, Crise da \u00c1gua Continua a Punir a Periferia do Rio - RioOnWatch","og_description":"Click Here for English Enquanto nomeados pol\u00edticos correm para se explicar, preocupa\u00e7\u00f5es com privatiza\u00e7\u00e3o persistem entre ativistas comunit\u00e1rios. No dia 3 de janeiro sob um sol escaldante de ver\u00e3o, com temperaturas acima de 35\u00b0C, moradores [...]","og_url":"https:\/\/rioonwatch.org.br\/?p=45387","og_site_name":"RioOnWatch","article_published_time":"2020-02-19T18:08:48+00:00","article_modified_time":"2020-02-21T14:51:52+00:00","og_image":[{"width":2560,"height":1920,"url":"https:\/\/rioonwatch.org.br\/wp-content\/uploads\/2020\/02\/\u00e1gua-scaled.jpg","type":"image\/jpeg"}],"author":"Luisa Fenizola","twitter_card":"summary_large_image","twitter_misc":{"Escrito por":"Luisa Fenizola","Est. tempo de leitura":"5 minutos"},"schema":{"@context":"https:\/\/schema.org","@graph":[{"@type":"Article","@id":"https:\/\/rioonwatch.org.br\/?p=45387#article","isPartOf":{"@id":"https:\/\/rioonwatch.org.br\/?p=45387"},"author":{"name":"Luisa Fenizola","@id":"https:\/\/rioonwatch.org.br\/#\/schema\/person\/f443c6b55bb6e80842280318076491c5"},"headline":"Um M\u00eas Depois, Crise da \u00c1gua Continua a Punir a Periferia do Rio","datePublished":"2020-02-19T18:08:48+00:00","dateModified":"2020-02-21T14:51:52+00:00","mainEntityOfPage":{"@id":"https:\/\/rioonwatch.org.br\/?p=45387"},"wordCount":1006,"publisher":{"@id":"https:\/\/rioonwatch.org.br\/#organization"},"image":{"@id":"https:\/\/rioonwatch.org.br\/?p=45387#primaryimage"},"thumbnailUrl":"https:\/\/rioonwatch.org.br\/wp-content\/uploads\/2020\/02\/\u00e1gua-scaled.jpg","keywords":["\u00e1gua","Alerj","Baixada Fluminense","C\u00e2mara dos Vereadores","CEDAE","Grande Rio","Lagoa","Leblon","Neglig\u00eancia do Estado","Niter\u00f3i","ONU","prioridades p\u00fablicas equivocadas","privatiza\u00e7\u00e3o","protesto","Rio Guandu","Rocinha","Rocinha Sem Fronteiras","saneamento","S\u00e3o Conrado","UFRJ","Wilson Witzel","Zona Norte","Zona Oeste","Zona Sul"],"articleSection":["*Destaque","Den\u00fancias","Escrito por Aliados","Sociedade Civil","Sustentabilidade"],"inLanguage":"pt-BR"},{"@type":"WebPage","@id":"https:\/\/rioonwatch.org.br\/?p=45387","url":"https:\/\/rioonwatch.org.br\/?p=45387","name":"Um M\u00eas Depois, Crise da \u00c1gua Continua a Punir a Periferia do Rio - RioOnWatch","isPartOf":{"@id":"https:\/\/rioonwatch.org.br\/#website"},"primaryImageOfPage":{"@id":"https:\/\/rioonwatch.org.br\/?p=45387#primaryimage"},"image":{"@id":"https:\/\/rioonwatch.org.br\/?p=45387#primaryimage"},"thumbnailUrl":"https:\/\/rioonwatch.org.br\/wp-content\/uploads\/2020\/02\/\u00e1gua-scaled.jpg","datePublished":"2020-02-19T18:08:48+00:00","dateModified":"2020-02-21T14:51:52+00:00","breadcrumb":{"@id":"https:\/\/rioonwatch.org.br\/?p=45387#breadcrumb"},"inLanguage":"pt-BR","potentialAction":[{"@type":"ReadAction","target":["https:\/\/rioonwatch.org.br\/?p=45387"]}]},{"@type":"ImageObject","inLanguage":"pt-BR","@id":"https:\/\/rioonwatch.org.br\/?p=45387#primaryimage","url":"https:\/\/rioonwatch.org.br\/wp-content\/uploads\/2020\/02\/\u00e1gua-scaled.jpg","contentUrl":"https:\/\/rioonwatch.org.br\/wp-content\/uploads\/2020\/02\/\u00e1gua-scaled.jpg","width":2560,"height":1920},{"@type":"BreadcrumbList","@id":"https:\/\/rioonwatch.org.br\/?p=45387#breadcrumb","itemListElement":[{"@type":"ListItem","position":1,"name":"In\u00edcio","item":"https:\/\/rioonwatch.org.br\/"},{"@type":"ListItem","position":2,"name":"Um M\u00eas Depois, Crise da \u00c1gua Continua a Punir a Periferia do Rio"}]},{"@type":"WebSite","@id":"https:\/\/rioonwatch.org.br\/#website","url":"https:\/\/rioonwatch.org.br\/","name":"RioOnWatch","description":"relatos das favelas cariocas","publisher":{"@id":"https:\/\/rioonwatch.org.br\/#organization"},"potentialAction":[{"@type":"SearchAction","target":{"@type":"EntryPoint","urlTemplate":"https:\/\/rioonwatch.org.br\/?s={search_term_string}"},"query-input":{"@type":"PropertyValueSpecification","valueRequired":true,"valueName":"search_term_string"}}],"inLanguage":"pt-BR"},{"@type":"Organization","@id":"https:\/\/rioonwatch.org.br\/#organization","name":"RioOnWatch","url":"https:\/\/rioonwatch.org.br\/","logo":{"@type":"ImageObject","inLanguage":"pt-BR","@id":"https:\/\/rioonwatch.org.br\/#\/schema\/logo\/image\/","url":"https:\/\/rioonwatch.org.br\/wp-content\/uploads\/2021\/06\/RioOnWatchcabecalhoPT11anos-2.png","contentUrl":"https:\/\/rioonwatch.org.br\/wp-content\/uploads\/2021\/06\/RioOnWatchcabecalhoPT11anos-2.png","width":779,"height":277,"caption":"RioOnWatch"},"image":{"@id":"https:\/\/rioonwatch.org.br\/#\/schema\/logo\/image\/"}},{"@type":"Person","@id":"https:\/\/rioonwatch.org.br\/#\/schema\/person\/f443c6b55bb6e80842280318076491c5","name":"Luisa Fenizola","image":{"@type":"ImageObject","inLanguage":"pt-BR","@id":"https:\/\/rioonwatch.org.br\/#\/schema\/person\/image\/","url":"https:\/\/secure.gravatar.com\/avatar\/a3d551110162b9f876cbbdaaecf75663?s=96&d=blank&r=g","contentUrl":"https:\/\/secure.gravatar.com\/avatar\/a3d551110162b9f876cbbdaaecf75663?s=96&d=blank&r=g","caption":"Luisa Fenizola"},"url":"https:\/\/rioonwatch.org.br\/?author=152"}]}},"_links":{"self":[{"href":"https:\/\/rioonwatch.org.br\/index.php?rest_route=\/wp\/v2\/posts\/45387"}],"collection":[{"href":"https:\/\/rioonwatch.org.br\/index.php?rest_route=\/wp\/v2\/posts"}],"about":[{"href":"https:\/\/rioonwatch.org.br\/index.php?rest_route=\/wp\/v2\/types\/post"}],"author":[{"embeddable":true,"href":"https:\/\/rioonwatch.org.br\/index.php?rest_route=\/wp\/v2\/users\/152"}],"replies":[{"embeddable":true,"href":"https:\/\/rioonwatch.org.br\/index.php?rest_route=%2Fwp%2Fv2%2Fcomments&post=45387"}],"version-history":[{"count":20,"href":"https:\/\/rioonwatch.org.br\/index.php?rest_route=\/wp\/v2\/posts\/45387\/revisions"}],"predecessor-version":[{"id":45433,"href":"https:\/\/rioonwatch.org.br\/index.php?rest_route=\/wp\/v2\/posts\/45387\/revisions\/45433"}],"wp:featuredmedia":[{"embeddable":true,"href":"https:\/\/rioonwatch.org.br\/index.php?rest_route=\/wp\/v2\/media\/45404"}],"wp:attachment":[{"href":"https:\/\/rioonwatch.org.br\/index.php?rest_route=%2Fwp%2Fv2%2Fmedia&parent=45387"}],"wp:term":[{"taxonomy":"category","embeddable":true,"href":"https:\/\/rioonwatch.org.br\/index.php?rest_route=%2Fwp%2Fv2%2Fcategories&post=45387"},{"taxonomy":"post_tag","embeddable":true,"href":"https:\/\/rioonwatch.org.br\/index.php?rest_route=%2Fwp%2Fv2%2Ftags&post=45387"},{"taxonomy":"writer","embeddable":true,"href":"https:\/\/rioonwatch.org.br\/index.php?rest_route=%2Fwp%2Fv2%2Fwriter&post=45387"},{"taxonomy":"translator","embeddable":true,"href":"https:\/\/rioonwatch.org.br\/index.php?rest_route=%2Fwp%2Fv2%2Ftranslator&post=45387"},{"taxonomy":"source","embeddable":true,"href":"https:\/\/rioonwatch.org.br\/index.php?rest_route=%2Fwp%2Fv2%2Fsource&post=45387"},{"taxonomy":"ilustrador","embeddable":true,"href":"https:\/\/rioonwatch.org.br\/index.php?rest_route=%2Fwp%2Fv2%2Filustrador&post=45387"},{"taxonomy":"fotografo","embeddable":true,"href":"https:\/\/rioonwatch.org.br\/index.php?rest_route=%2Fwp%2Fv2%2Ffotografo&post=45387"}],"curies":[{"name":"wp","href":"https:\/\/api.w.org\/{rel}","templated":true}]}}