{"id":45424,"date":"2020-02-27T11:48:34","date_gmt":"2020-02-27T14:48:34","guid":{"rendered":"https:\/\/rioonwatch.org.br\/?p=45424"},"modified":"2024-06-20T16:23:15","modified_gmt":"2024-06-20T19:23:15","slug":"cinco-meses-para-as-olimpiadas-de-toquio-2020-e-um-ano-sinistro-para-os-sem-teto-opiniao","status":"publish","type":"post","link":"https:\/\/rioonwatch.org.br\/?p=45424","title":{"rendered":"Cinco Meses para as Olimp\u00edadas de T\u00f3quio: 2020 \u00c9 um Ano Sinistro para os Sem-teto [OPINI\u00c3O]"},"content":{"rendered":"<p style=\"text-align: right;\"><em><strong><a href=\"http:\/\/bit.ly\/3aKD2GX\" target=\"_blank\" rel=\"noopener noreferrer\">Click Here for English<\/a><a href=\"http:\/\/bit.ly\/3aKD2GX\" target=\"_blank\" rel=\"noopener noreferrer\"><img decoding=\"async\" width=\"20\" height=\"20\" class=\"alignright wp-image-15790\" src=\"http:\/\/rioonwatch.org.br\/wp-content\/uploads\/2012\/08\/EN-standard-e1439583104716.jpg\" \/><\/a><\/strong><\/em><\/p>\n<p>Esta mat\u00e9ria foi escrita por Tetsuo Ogawa, morador sem-teto de T\u00f3quio e ativista pelo direito \u00e0 moradia. Publicado em colabora\u00e7\u00e3o com a plataforma <a href=\"http:\/\/bit.ly\/37oE9tF\" target=\"_blank\" rel=\"noopener noreferrer\">KNOCK<\/a> de Los Angeles, o relato em primeira m\u00e3o de Ogawa sobre as remo\u00e7\u00f5es em andamento fornece um olhar mais atento sobre os efeitos da privatiza\u00e7\u00e3o de espa\u00e7os p\u00fablicos no per\u00edodo que antecede os Jogos Ol\u00edmpicos de T\u00f3quio em 2020. Enquanto a cidade se prepara para sediar os jogos em julho e agosto deste ano, o <em>RioOnWatch<\/em> continua comprometido com a vigil\u00e2ncia dos Jogos Ol\u00edmpicos e em apoiar movimentos de resist\u00eancia em todo o mundo.<\/p>\n<hr \/>\n<p>T\u00f3quio, Jap\u00e3o\u2014uma multid\u00e3o de jovens e turistas passavam como uma avalanche, enchendo o mundialmente famoso <a href=\"http:\/\/bit.ly\/38HeWLL\" target=\"_blank\" rel=\"noopener noreferrer\">cruzamento de Shibuya Scramble<\/a>. Mais de 100.000 pessoas estavam reunidas no local para comemorar a contagem regressiva do ano novo. A alguns quarteir\u00f5es de dist\u00e2ncia, em um pequeno parque com brinquedos infantis, cerca de 50 moradores de rua reuniram-se, junto com seus apoiadores, em sil\u00eancio para receber o ano novo. Como todos os centros de apoio e escrit\u00f3rios da cidade est\u00e3o fechados para o feriado nessa \u00e9poca do ano, os sem-teto re\u00fanem-se montando barracas e compartilhando refei\u00e7\u00f5es. \u00c9 uma tradi\u00e7\u00e3o que acontece todo ano h\u00e1 quase 20 anos, fazer refei\u00e7\u00f5es quentes e preparar lugares para dormir nas temperaturas quase congelantes. O ano de 2020 ser\u00e1 lembrado como o ano dos Jogos Ol\u00edmpicos de <a href=\"http:\/\/bit.ly\/32Zlnau\" target=\"_blank\" rel=\"noopener noreferrer\">T\u00f3quio<\/a>. Para as comunidades de rua, no entanto, o ano Ol\u00edmpico nada mais \u00e9 do que uma ano sinistro.<\/p>\n<p>Em mar\u00e7o de 2013, a Comiss\u00e3o de Avalia\u00e7\u00e3o do <a href=\"http:\/\/bit.ly\/2F9eyL0\" target=\"_blank\" rel=\"noopener noreferrer\">Comit\u00ea Ol\u00edmpico Internacional<\/a> (COI), respons\u00e1vel pela inspe\u00e7\u00e3o das cidades candidatas, realizou uma visita oficial a T\u00f3quio por uma semana. O governo metropolitano de T\u00f3quio recebeu a comitiva gastando quase R$24 milh\u00f5es. Os preparativos inclu\u00edram duas semanas de varreduras na cidade, removendo as barracas e outras posses de pessoas em situa\u00e7\u00e3o de rua por onde os membros da Comiss\u00e3o de Avalia\u00e7\u00e3o do COI passariam em sua excurs\u00e3o num \u00f4nibus de luxo. Adjacente ao Est\u00e1dio Ol\u00edmpico Nacional, o Parque Meiji vem abrigando entre 10 e 20 pessoas nos \u00faltimos 30 anos. No entanto, os moradores foram repentinamente transferidos para um canto pequeno do parque, escondidos sob um tecido branco longe do olhar do COI. Esse epis\u00f3dio confirmou nossa suspeita: se voc\u00ea \u00e9 um sem-teto que mora em uma cidade candidata a sediar as Olimp\u00edadas voc\u00ea n\u00e3o pode mais existir.<\/p>\n<p><a href=\"https:\/\/rioonwatch.org.br\/wp-content\/uploads\/2020\/02\/t\u00f3quio.jpg\"><img fetchpriority=\"high\" decoding=\"async\" class=\"aligncenter wp-image-45427 size-content\" title=\"O fechamento do parque Meiji\" src=\"https:\/\/rioonwatch.org.br\/wp-content\/uploads\/2020\/02\/t\u00f3quio-620x264.jpg\" alt=\"\" width=\"620\" height=\"264\" srcset=\"https:\/\/rioonwatch.org.br\/wp-content\/uploads\/2020\/02\/t\u00f3quio-620x264.jpg 620w, https:\/\/rioonwatch.org.br\/wp-content\/uploads\/2020\/02\/t\u00f3quio-940x400.jpg 940w\" sizes=\"(max-width: 620px) 100vw, 620px\" \/><\/a><\/p>\n<p>Em outubro de 2013, um m\u00eas ap\u00f3s o COI ter escolhido T\u00f3quio para sediar os jogos de 2020, as autoridades de T\u00f3quio foram diretamente aos moradores de rua para lhes dizer que, devido \u00e0 constru\u00e7\u00e3o futura, eles n\u00e3o tinham outra escolha a n\u00e3o ser deixar o Parque Meiji. Enquanto alguns deixaram o parque voluntariamente, alguns permaneceram, mantendo suas barracas. Em abril de 2016, o Conselho de Esportes do Jap\u00e3o (JSC), para o qual o Governo Metropolitano de T\u00f3quio transferiu os direitos de gest\u00e3o da terra do Parque Meiji, interveio e <a href=\"http:\/\/bit.ly\/2sWoens\" target=\"_blank\" rel=\"noopener noreferrer\">removeu, sem nenhum aviso, os moradores que continuaram no parque<\/a>, depois de seguir somente alguns protocolos r\u00e1pidos. Eles argumentaram que a pressa era necess\u00e1ria <a href=\"http:\/\/bit.ly\/2JT42sh\" target=\"_blank\" rel=\"noopener noreferrer\">para concluir o novo Est\u00e1dio Nacional<\/a> dentro do cronograma programado, sem o qual as Olimp\u00edadas de 2020 n\u00e3o seriam poss\u00edveis. Os ex-moradores do Parque Meiji levaram a quest\u00e3o ao tribunal e est\u00e3o desde ent\u00e3o lutando contra o JSC em rela\u00e7\u00e3o a essa remo\u00e7\u00e3o injusta.<\/p>\n<p>O Parque Miyashita, pr\u00f3ximo \u00e0 esta\u00e7\u00e3o Shibuya, <a href=\"http:\/\/bit.ly\/36i9Inr\" target=\"_blank\" rel=\"noopener noreferrer\">est\u00e1 sendo rapidamente transformado<\/a> em um hotel de 18 andares, incluindo um shopping de 5 andares ao lado, com inaugura\u00e7\u00e3o prevista para junho de 2020. O pr\u00f3prio parque ser\u00e1 realocado no telhado deste novo shopping. O projeto foi planejado pela Mitsui Fudosan Realty, a incorporadora que mais vende im\u00f3veis no Jap\u00e3o e que prev\u00ea uma alta demanda por hot\u00e9is durante os Jogos Ol\u00edmpicos. O parque foi fechado para reconstru\u00e7\u00e3o em 27 de mar\u00e7o de 2017, sem informar os seus usu\u00e1rios. Cerca de dez pessoas que estavam dormindo l\u00e1 foram removidas no meio da chuva.<\/p>\n<p>Historicamente, muitos parques p\u00fablicos no Jap\u00e3o funcionam como abrigos para moradores que perderam suas casas devido a desastres naturais e a devasta\u00e7\u00f5es de guerra. Em raz\u00e3o desse hist\u00f3rico, h\u00e1 uma cultura de toler\u00e2ncia por parte dos governos locais e o grande p\u00fablico com rela\u00e7\u00e3o aos sem-teto que usam os espa\u00e7os do parque para morar em suas pr\u00f3prias barracas. Por exemplo, no in\u00edcio dos anos 2000, havia cerca de 650 barracas dentro do Parque Ueno (um dos maiores parques de T\u00f3quio), 350 no Parque Yoyogi e cerca de 100 no relativamente pequeno Parque Miyashita. No entanto, come\u00e7ou a haver uma presen\u00e7a gradualmente maior de agentes de seguran\u00e7a e muitos parques come\u00e7aram a fechar durante a noite. Empreendedores e prefeituras come\u00e7aram a considerar os parques p\u00fablicos como recursos n\u00e3o utilizados e uma lei de parques urbanos foi revisada para que o capital privado obtivesse um acesso mais f\u00e1cil aos parques p\u00fablicos. Dentre v\u00e1rias desculpas, as Olimp\u00edadas s\u00e3o frequentemente usadas como uma das justificativas para apoiar a transforma\u00e7\u00e3o de parques p\u00fablicos em propriedade privada.<\/p>\n<p>E o que estamos perdendo em meio a essa mudan\u00e7a \u00e9 a hist\u00f3ria e o princ\u00edpio dos parques da cidade, que existem para servir \u00e0s pessoas pobres, e o fato dos parques serem onde muitas pessoas sem-teto podem encontrar estabilidade e formar uma comunidade.<\/p>\n<p>Muitas vezes, remo\u00e7\u00f5es de moradores sem-teto acontecem longe dos olhos do p\u00fablico. Se voc\u00ea n\u00e3o est\u00e1 conectado a organiza\u00e7\u00f5es de justi\u00e7a social ou se vive em lugares remotos, seu caso de remo\u00e7\u00e3o provavelmente n\u00e3o receber\u00e1 aten\u00e7\u00e3o. Uma exce\u00e7\u00e3o, no entanto, foi uma remo\u00e7\u00e3o que ganhou aten\u00e7\u00e3o nas m\u00eddias sociais no final do ano passado, quando um grupo de pessoas sem-teto foi removido de um parque pr\u00f3ximo \u00e0 Ba\u00eda de T\u00f3quio para abrir caminho para a constru\u00e7\u00e3o de uma instala\u00e7\u00e3o Ol\u00edmpica. A empreiteira nunca entrou em contato diretamente com os moradores do parque ou forneceu informa\u00e7\u00f5es, apenas colocou uma placa proibindo a entrada no local. No entanto, no momento da reda\u00e7\u00e3o desta mat\u00e9ria, a constru\u00e7\u00e3o ainda n\u00e3o havia come\u00e7ado, principalmente devido \u00e0s negocia\u00e7\u00f5es em andamento com o Comit\u00ea Organizador de T\u00f3quio 2020. Se n\u00e3o tiv\u00e9ssemos ouvido a comunidade local falar sobre essa remo\u00e7\u00e3o imaginamos que ela teria sido conclu\u00edda em sil\u00eancio.<\/p>\n<figure id=\"attachment_45426\" aria-describedby=\"caption-attachment-45426\" style=\"width: 620px\" class=\"wp-caption aligncenter\"><a href=\"https:\/\/rioonwatch.org.br\/wp-content\/uploads\/2020\/02\/placa-t\u00f3quio.jpg\"><img decoding=\"async\" class=\"wp-image-45426 size-medium\" src=\"https:\/\/rioonwatch.org.br\/wp-content\/uploads\/2020\/02\/placa-t\u00f3quio-620x465.jpg\" alt=\"\" width=\"620\" height=\"465\" srcset=\"https:\/\/rioonwatch.org.br\/wp-content\/uploads\/2020\/02\/placa-t\u00f3quio-620x465.jpg 620w, https:\/\/rioonwatch.org.br\/wp-content\/uploads\/2020\/02\/placa-t\u00f3quio-352x264.jpg 352w, https:\/\/rioonwatch.org.br\/wp-content\/uploads\/2020\/02\/placa-t\u00f3quio-768x576.jpg 768w, https:\/\/rioonwatch.org.br\/wp-content\/uploads\/2020\/02\/placa-t\u00f3quio-1024x768.jpg 1024w, https:\/\/rioonwatch.org.br\/wp-content\/uploads\/2020\/02\/placa-t\u00f3quio-174x131.jpg 174w, https:\/\/rioonwatch.org.br\/wp-content\/uploads\/2020\/02\/placa-t\u00f3quio-300x225.jpg 300w, https:\/\/rioonwatch.org.br\/wp-content\/uploads\/2020\/02\/placa-t\u00f3quio-70x53.jpg 70w\" sizes=\"(max-width: 620px) 100vw, 620px\" \/><\/a><figcaption id=\"caption-attachment-45426\" class=\"wp-caption-text\">Uma placa marca o fechamento do Parque Shiokaze para a instala\u00e7\u00e3o tempor\u00e1ria de v\u00f4lei de praia das Olimp\u00edadas.<\/figcaption><\/figure>\n<p>Tamb\u00e9m descobrimos que em 1\u00ba de dezembro de 2019 outro grupo de pessoas sem-teto foi removido do Parque Shiokaze, que fica nas proximidades e foi destinado a abrigar as partidas de v\u00f4lei de praia. Novamente, n\u00e3o houve comunica\u00e7\u00e3o do governo ou do Comit\u00ea Organizador de T\u00f3quio 2020 com os moradores do parque em rela\u00e7\u00e3o \u00e0 constru\u00e7\u00e3o. Esperamos tamb\u00e9m novas constru\u00e7\u00f5es para instala\u00e7\u00f5es Ol\u00edmpicas tempor\u00e1rias nos pr\u00f3ximos meses. Estamos preocupados que muitos outros parques p\u00fablicos sejam transformados em \u00e1reas para espectadores assistirem os jogos em tel\u00f5es, o que potencialmente causar\u00e1 mais remo\u00e7\u00f5es.<\/p>\n<p>Tamb\u00e9m tememos que uma s\u00e9ria repress\u00e3o contra pessoas que vivem nas ruas e durmam nas esta\u00e7\u00f5es de trem e nas cal\u00e7adas esteja por vir. Cerca de 3.000 pessoas sem-teto em T\u00f3quio (a contagem oficial em janeiro de 2019 foi de 1.126, mas estimamos que haja tr\u00eas vezes mais) est\u00e3o vivendo todos os dias com ansiedade em rela\u00e7\u00e3o \u00e0s Olimp\u00edadas.<\/p>\n<p>Est\u00e1 claro para n\u00f3s que as Olimp\u00edadas envolvem inevitavelmente a remo\u00e7\u00e3o dos pobres de suas casas, pois esses megaeventos esportivos s\u00e3o uma desculpa para pol\u00edticos e elites estabelecerem reformas urbanas em larga escala. Sempre funcionou dessa maneira, como aconteceu com os sem-teto <a href=\"https:\/\/reut.rs\/3aCo85b\" target=\"_blank\" rel=\"noopener noreferrer\">no Rio de Janeiro em 2016<\/a>,\u00a0<a href=\"https:\/\/nyti.ms\/2RknHoI\" target=\"_blank\" rel=\"noopener noreferrer\">em Atlanta em 1996<\/a>, e <a href=\"http:\/\/bit.ly\/36mOvbW\" target=\"_blank\" rel=\"noopener noreferrer\">em Los Angeles em 1984<\/a>, e como acontecer\u00e1 em cidades como Paris e Los Angeles que planejam sediar os pr\u00f3ximos Jogos Ol\u00edmpicos. Enquanto lutamos contra a pr\u00f3pria m\u00e1quina Ol\u00edmpica, <a href=\"http:\/\/bit.ly\/2lJlxlf\" target=\"_blank\" rel=\"noopener noreferrer\">tamb\u00e9m precisamos chamar a aten\u00e7\u00e3o<\/a> para aqueles que est\u00e3o sendo removidos e oprimidos nas cidades-sede em todo o mundo. Devemos lutar para garantir nossa sobreviv\u00eancia e dignidade.<\/p>\n<p><em>Tetsuo Ogawa \u00e9 um morador sem-teto de T\u00f3quio que vive em um parque em Shibuya desde 2003. Desde 2011, ele \u00e9 membro do Hangorin no Kai, um grupo anti-Ol\u00edmpico que investiga e protesta contra v\u00e1rios problemas relacionados aos Jogos Ol\u00edmpicos.<\/em><\/p>\n<hr \/>\n<h4>Apoie o jornalismo hiperlocal, cr\u00edtico, inovador e incans\u00e1vel do\u00a0<em>RioOnWatch<\/em>. #QueroReportagensSobreFavelas\u2014<a href=\"http:\/\/bit.ly\/CatalisandoComunidades\">doe aqui<\/a>.<\/h4>\n<!-- AddThis Advanced Settings generic via filter on the_content --><!-- AddThis Share Buttons generic via filter on the_content -->","protected":false},"excerpt":{"rendered":"<div class=\"mh-excerpt\"><p>Click Here for English Esta mat\u00e9ria foi escrita por Tetsuo Ogawa, morador sem-teto de T\u00f3quio e ativista pelo direito \u00e0 moradia. Publicado em colabora\u00e7\u00e3o com a plataforma KNOCK de Los Angeles, o relato em primeira <a class=\"mh-excerpt-more\" href=\"https:\/\/rioonwatch.org.br\/?p=45424\" title=\"Cinco Meses para as Olimp\u00edadas de T\u00f3quio: 2020 \u00c9 um Ano Sinistro para os Sem-teto [OPINI\u00c3O]\">[&#8230;]<\/a><!-- AddThis Advanced Settings generic via filter on get_the_excerpt --><!-- AddThis Share Buttons generic via filter on get_the_excerpt --><\/p>\n<\/div>","protected":false},"author":152,"featured_media":45425,"comment_status":"closed","ping_status":"closed","sticky":false,"template":"","format":"standard","meta":{"_acf_changed":false,"_monsterinsights_skip_tracking":false,"_monsterinsights_sitenote_active":false,"_monsterinsights_sitenote_note":"","_monsterinsights_sitenote_category":0,"footnotes":""},"categories":[1621,346,1630],"tags":[597,589,759,1239,811,2140,2102,1240,78,2605,1164,14,432,406,2600,2141],"writer":[2742],"translator":[1491],"source":[],"ilustrador":[],"fotografo":[],"class_list":{"0":"post-45424","1":"post","2":"type-post","3":"status-publish","4":"format-standard","5":"has-post-thumbnail","7":"category-destaque","8":"category-denuncias","9":"category-opiniao","10":"tag-atlanta","11":"tag-coi","12":"tag-comparacao-internacional","13":"tag-criminalizacao-da-pobreza","14":"tag-espaco-publico","15":"tag-japao","16":"tag-los-angeles","17":"tag-megaeventos","18":"tag-olimpiadas","19":"tag-paris","20":"tag-privatizacao","21":"tag-remocao","22":"tag-resistencia","23":"tag-sem-teto","24":"tag-solidariedade-internacional","25":"tag-toquio","26":"writer-tetsuo-ogawa","27":"translator-patricia-gomes"},"acf":[],"yoast_head":"<!-- This site is optimized with the Yoast SEO plugin v25.6 - https:\/\/yoast.com\/wordpress\/plugins\/seo\/ -->\n<title>Cinco Meses para as Olimp\u00edadas de T\u00f3quio: 2020 \u00c9 um Ano Sinistro para os Sem-teto [OPINI\u00c3O] - RioOnWatch<\/title>\n<meta name=\"robots\" content=\"index, follow, max-snippet:-1, max-image-preview:large, max-video-preview:-1\" \/>\n<link rel=\"canonical\" href=\"https:\/\/rioonwatch.org.br\/?p=45424\" \/>\n<meta property=\"og:locale\" content=\"pt_BR\" \/>\n<meta property=\"og:type\" content=\"article\" \/>\n<meta property=\"og:title\" content=\"Cinco Meses para as Olimp\u00edadas de T\u00f3quio: 2020 \u00c9 um Ano Sinistro para os Sem-teto [OPINI\u00c3O] - RioOnWatch\" \/>\n<meta property=\"og:description\" content=\"Click Here for English Esta mat\u00e9ria foi escrita por Tetsuo Ogawa, morador sem-teto de T\u00f3quio e ativista pelo direito \u00e0 moradia. Publicado em colabora\u00e7\u00e3o com a plataforma KNOCK de Los Angeles, o relato em primeira [...]\" \/>\n<meta property=\"og:url\" content=\"https:\/\/rioonwatch.org.br\/?p=45424\" \/>\n<meta property=\"og:site_name\" content=\"RioOnWatch\" \/>\n<meta property=\"article:published_time\" content=\"2020-02-27T14:48:34+00:00\" \/>\n<meta property=\"article:modified_time\" content=\"2024-06-20T19:23:15+00:00\" \/>\n<meta property=\"og:image\" content=\"https:\/\/rioonwatch.org.br\/wp-content\/uploads\/2020\/02\/toquio1.jpg\" \/>\n\t<meta property=\"og:image:width\" content=\"825\" \/>\n\t<meta property=\"og:image:height\" content=\"510\" \/>\n\t<meta property=\"og:image:type\" content=\"image\/jpeg\" \/>\n<meta name=\"author\" content=\"Luisa Fenizola\" \/>\n<meta name=\"twitter:card\" content=\"summary_large_image\" \/>\n<meta name=\"twitter:label1\" content=\"Escrito por\" \/>\n\t<meta name=\"twitter:data1\" content=\"Luisa Fenizola\" \/>\n\t<meta name=\"twitter:label2\" content=\"Est. tempo de leitura\" \/>\n\t<meta name=\"twitter:data2\" content=\"8 minutos\" \/>\n<script type=\"application\/ld+json\" class=\"yoast-schema-graph\">{\"@context\":\"https:\/\/schema.org\",\"@graph\":[{\"@type\":\"Article\",\"@id\":\"https:\/\/rioonwatch.org.br\/?p=45424#article\",\"isPartOf\":{\"@id\":\"https:\/\/rioonwatch.org.br\/?p=45424\"},\"author\":{\"name\":\"Luisa Fenizola\",\"@id\":\"https:\/\/rioonwatch.org.br\/#\/schema\/person\/f443c6b55bb6e80842280318076491c5\"},\"headline\":\"Cinco Meses para as Olimp\u00edadas de T\u00f3quio: 2020 \u00c9 um Ano Sinistro para os Sem-teto [OPINI\u00c3O]\",\"datePublished\":\"2020-02-27T14:48:34+00:00\",\"dateModified\":\"2024-06-20T19:23:15+00:00\",\"mainEntityOfPage\":{\"@id\":\"https:\/\/rioonwatch.org.br\/?p=45424\"},\"wordCount\":1519,\"publisher\":{\"@id\":\"https:\/\/rioonwatch.org.br\/#organization\"},\"image\":{\"@id\":\"https:\/\/rioonwatch.org.br\/?p=45424#primaryimage\"},\"thumbnailUrl\":\"https:\/\/rioonwatch.org.br\/wp-content\/uploads\/2020\/02\/toquio1.jpg\",\"keywords\":[\"Atlanta\",\"COI\",\"compara\u00e7\u00e3o internacional\",\"criminaliza\u00e7\u00e3o da pobreza\",\"espa\u00e7o p\u00fablico\",\"Jap\u00e3o\",\"Los Angeles\",\"Megaeventos\",\"Olimp\u00edadas\",\"Paris\",\"privatiza\u00e7\u00e3o\",\"Remo\u00e7\u00e3o\",\"resist\u00eancia\",\"sem-teto\",\"solidariedade internacional\",\"T\u00f3quio\"],\"articleSection\":[\"*Destaque\",\"Den\u00fancias\",\"Opini\u00e3o\"],\"inLanguage\":\"pt-BR\"},{\"@type\":\"WebPage\",\"@id\":\"https:\/\/rioonwatch.org.br\/?p=45424\",\"url\":\"https:\/\/rioonwatch.org.br\/?p=45424\",\"name\":\"Cinco Meses para as Olimp\u00edadas de T\u00f3quio: 2020 \u00c9 um Ano Sinistro para os Sem-teto [OPINI\u00c3O] - RioOnWatch\",\"isPartOf\":{\"@id\":\"https:\/\/rioonwatch.org.br\/#website\"},\"primaryImageOfPage\":{\"@id\":\"https:\/\/rioonwatch.org.br\/?p=45424#primaryimage\"},\"image\":{\"@id\":\"https:\/\/rioonwatch.org.br\/?p=45424#primaryimage\"},\"thumbnailUrl\":\"https:\/\/rioonwatch.org.br\/wp-content\/uploads\/2020\/02\/toquio1.jpg\",\"datePublished\":\"2020-02-27T14:48:34+00:00\",\"dateModified\":\"2024-06-20T19:23:15+00:00\",\"breadcrumb\":{\"@id\":\"https:\/\/rioonwatch.org.br\/?p=45424#breadcrumb\"},\"inLanguage\":\"pt-BR\",\"potentialAction\":[{\"@type\":\"ReadAction\",\"target\":[\"https:\/\/rioonwatch.org.br\/?p=45424\"]}]},{\"@type\":\"ImageObject\",\"inLanguage\":\"pt-BR\",\"@id\":\"https:\/\/rioonwatch.org.br\/?p=45424#primaryimage\",\"url\":\"https:\/\/rioonwatch.org.br\/wp-content\/uploads\/2020\/02\/toquio1.jpg\",\"contentUrl\":\"https:\/\/rioonwatch.org.br\/wp-content\/uploads\/2020\/02\/toquio1.jpg\",\"width\":825,\"height\":510},{\"@type\":\"BreadcrumbList\",\"@id\":\"https:\/\/rioonwatch.org.br\/?p=45424#breadcrumb\",\"itemListElement\":[{\"@type\":\"ListItem\",\"position\":1,\"name\":\"In\u00edcio\",\"item\":\"https:\/\/rioonwatch.org.br\/\"},{\"@type\":\"ListItem\",\"position\":2,\"name\":\"Cinco Meses para as Olimp\u00edadas de T\u00f3quio: 2020 \u00c9 um Ano Sinistro para os Sem-teto [OPINI\u00c3O]\"}]},{\"@type\":\"WebSite\",\"@id\":\"https:\/\/rioonwatch.org.br\/#website\",\"url\":\"https:\/\/rioonwatch.org.br\/\",\"name\":\"RioOnWatch\",\"description\":\"relatos das favelas cariocas\",\"publisher\":{\"@id\":\"https:\/\/rioonwatch.org.br\/#organization\"},\"potentialAction\":[{\"@type\":\"SearchAction\",\"target\":{\"@type\":\"EntryPoint\",\"urlTemplate\":\"https:\/\/rioonwatch.org.br\/?s={search_term_string}\"},\"query-input\":{\"@type\":\"PropertyValueSpecification\",\"valueRequired\":true,\"valueName\":\"search_term_string\"}}],\"inLanguage\":\"pt-BR\"},{\"@type\":\"Organization\",\"@id\":\"https:\/\/rioonwatch.org.br\/#organization\",\"name\":\"RioOnWatch\",\"url\":\"https:\/\/rioonwatch.org.br\/\",\"logo\":{\"@type\":\"ImageObject\",\"inLanguage\":\"pt-BR\",\"@id\":\"https:\/\/rioonwatch.org.br\/#\/schema\/logo\/image\/\",\"url\":\"https:\/\/rioonwatch.org.br\/wp-content\/uploads\/2021\/06\/RioOnWatchcabecalhoPT11anos-2.png\",\"contentUrl\":\"https:\/\/rioonwatch.org.br\/wp-content\/uploads\/2021\/06\/RioOnWatchcabecalhoPT11anos-2.png\",\"width\":779,\"height\":277,\"caption\":\"RioOnWatch\"},\"image\":{\"@id\":\"https:\/\/rioonwatch.org.br\/#\/schema\/logo\/image\/\"}},{\"@type\":\"Person\",\"@id\":\"https:\/\/rioonwatch.org.br\/#\/schema\/person\/f443c6b55bb6e80842280318076491c5\",\"name\":\"Luisa Fenizola\",\"image\":{\"@type\":\"ImageObject\",\"inLanguage\":\"pt-BR\",\"@id\":\"https:\/\/rioonwatch.org.br\/#\/schema\/person\/image\/\",\"url\":\"https:\/\/secure.gravatar.com\/avatar\/a3d551110162b9f876cbbdaaecf75663?s=96&d=blank&r=g\",\"contentUrl\":\"https:\/\/secure.gravatar.com\/avatar\/a3d551110162b9f876cbbdaaecf75663?s=96&d=blank&r=g\",\"caption\":\"Luisa Fenizola\"},\"url\":\"https:\/\/rioonwatch.org.br\/?author=152\"}]}<\/script>\n<!-- \/ Yoast SEO plugin. -->","yoast_head_json":{"title":"Cinco Meses para as Olimp\u00edadas de T\u00f3quio: 2020 \u00c9 um Ano Sinistro para os Sem-teto [OPINI\u00c3O] - RioOnWatch","robots":{"index":"index","follow":"follow","max-snippet":"max-snippet:-1","max-image-preview":"max-image-preview:large","max-video-preview":"max-video-preview:-1"},"canonical":"https:\/\/rioonwatch.org.br\/?p=45424","og_locale":"pt_BR","og_type":"article","og_title":"Cinco Meses para as Olimp\u00edadas de T\u00f3quio: 2020 \u00c9 um Ano Sinistro para os Sem-teto [OPINI\u00c3O] - RioOnWatch","og_description":"Click Here for English Esta mat\u00e9ria foi escrita por Tetsuo Ogawa, morador sem-teto de T\u00f3quio e ativista pelo direito \u00e0 moradia. Publicado em colabora\u00e7\u00e3o com a plataforma KNOCK de Los Angeles, o relato em primeira [...]","og_url":"https:\/\/rioonwatch.org.br\/?p=45424","og_site_name":"RioOnWatch","article_published_time":"2020-02-27T14:48:34+00:00","article_modified_time":"2024-06-20T19:23:15+00:00","og_image":[{"width":825,"height":510,"url":"https:\/\/rioonwatch.org.br\/wp-content\/uploads\/2020\/02\/toquio1.jpg","type":"image\/jpeg"}],"author":"Luisa Fenizola","twitter_card":"summary_large_image","twitter_misc":{"Escrito por":"Luisa Fenizola","Est. tempo de leitura":"8 minutos"},"schema":{"@context":"https:\/\/schema.org","@graph":[{"@type":"Article","@id":"https:\/\/rioonwatch.org.br\/?p=45424#article","isPartOf":{"@id":"https:\/\/rioonwatch.org.br\/?p=45424"},"author":{"name":"Luisa Fenizola","@id":"https:\/\/rioonwatch.org.br\/#\/schema\/person\/f443c6b55bb6e80842280318076491c5"},"headline":"Cinco Meses para as Olimp\u00edadas de T\u00f3quio: 2020 \u00c9 um Ano Sinistro para os Sem-teto [OPINI\u00c3O]","datePublished":"2020-02-27T14:48:34+00:00","dateModified":"2024-06-20T19:23:15+00:00","mainEntityOfPage":{"@id":"https:\/\/rioonwatch.org.br\/?p=45424"},"wordCount":1519,"publisher":{"@id":"https:\/\/rioonwatch.org.br\/#organization"},"image":{"@id":"https:\/\/rioonwatch.org.br\/?p=45424#primaryimage"},"thumbnailUrl":"https:\/\/rioonwatch.org.br\/wp-content\/uploads\/2020\/02\/toquio1.jpg","keywords":["Atlanta","COI","compara\u00e7\u00e3o internacional","criminaliza\u00e7\u00e3o da pobreza","espa\u00e7o p\u00fablico","Jap\u00e3o","Los Angeles","Megaeventos","Olimp\u00edadas","Paris","privatiza\u00e7\u00e3o","Remo\u00e7\u00e3o","resist\u00eancia","sem-teto","solidariedade internacional","T\u00f3quio"],"articleSection":["*Destaque","Den\u00fancias","Opini\u00e3o"],"inLanguage":"pt-BR"},{"@type":"WebPage","@id":"https:\/\/rioonwatch.org.br\/?p=45424","url":"https:\/\/rioonwatch.org.br\/?p=45424","name":"Cinco Meses para as Olimp\u00edadas de T\u00f3quio: 2020 \u00c9 um Ano Sinistro para os Sem-teto [OPINI\u00c3O] - RioOnWatch","isPartOf":{"@id":"https:\/\/rioonwatch.org.br\/#website"},"primaryImageOfPage":{"@id":"https:\/\/rioonwatch.org.br\/?p=45424#primaryimage"},"image":{"@id":"https:\/\/rioonwatch.org.br\/?p=45424#primaryimage"},"thumbnailUrl":"https:\/\/rioonwatch.org.br\/wp-content\/uploads\/2020\/02\/toquio1.jpg","datePublished":"2020-02-27T14:48:34+00:00","dateModified":"2024-06-20T19:23:15+00:00","breadcrumb":{"@id":"https:\/\/rioonwatch.org.br\/?p=45424#breadcrumb"},"inLanguage":"pt-BR","potentialAction":[{"@type":"ReadAction","target":["https:\/\/rioonwatch.org.br\/?p=45424"]}]},{"@type":"ImageObject","inLanguage":"pt-BR","@id":"https:\/\/rioonwatch.org.br\/?p=45424#primaryimage","url":"https:\/\/rioonwatch.org.br\/wp-content\/uploads\/2020\/02\/toquio1.jpg","contentUrl":"https:\/\/rioonwatch.org.br\/wp-content\/uploads\/2020\/02\/toquio1.jpg","width":825,"height":510},{"@type":"BreadcrumbList","@id":"https:\/\/rioonwatch.org.br\/?p=45424#breadcrumb","itemListElement":[{"@type":"ListItem","position":1,"name":"In\u00edcio","item":"https:\/\/rioonwatch.org.br\/"},{"@type":"ListItem","position":2,"name":"Cinco Meses para as Olimp\u00edadas de T\u00f3quio: 2020 \u00c9 um Ano Sinistro para os Sem-teto [OPINI\u00c3O]"}]},{"@type":"WebSite","@id":"https:\/\/rioonwatch.org.br\/#website","url":"https:\/\/rioonwatch.org.br\/","name":"RioOnWatch","description":"relatos das favelas cariocas","publisher":{"@id":"https:\/\/rioonwatch.org.br\/#organization"},"potentialAction":[{"@type":"SearchAction","target":{"@type":"EntryPoint","urlTemplate":"https:\/\/rioonwatch.org.br\/?s={search_term_string}"},"query-input":{"@type":"PropertyValueSpecification","valueRequired":true,"valueName":"search_term_string"}}],"inLanguage":"pt-BR"},{"@type":"Organization","@id":"https:\/\/rioonwatch.org.br\/#organization","name":"RioOnWatch","url":"https:\/\/rioonwatch.org.br\/","logo":{"@type":"ImageObject","inLanguage":"pt-BR","@id":"https:\/\/rioonwatch.org.br\/#\/schema\/logo\/image\/","url":"https:\/\/rioonwatch.org.br\/wp-content\/uploads\/2021\/06\/RioOnWatchcabecalhoPT11anos-2.png","contentUrl":"https:\/\/rioonwatch.org.br\/wp-content\/uploads\/2021\/06\/RioOnWatchcabecalhoPT11anos-2.png","width":779,"height":277,"caption":"RioOnWatch"},"image":{"@id":"https:\/\/rioonwatch.org.br\/#\/schema\/logo\/image\/"}},{"@type":"Person","@id":"https:\/\/rioonwatch.org.br\/#\/schema\/person\/f443c6b55bb6e80842280318076491c5","name":"Luisa Fenizola","image":{"@type":"ImageObject","inLanguage":"pt-BR","@id":"https:\/\/rioonwatch.org.br\/#\/schema\/person\/image\/","url":"https:\/\/secure.gravatar.com\/avatar\/a3d551110162b9f876cbbdaaecf75663?s=96&d=blank&r=g","contentUrl":"https:\/\/secure.gravatar.com\/avatar\/a3d551110162b9f876cbbdaaecf75663?s=96&d=blank&r=g","caption":"Luisa Fenizola"},"url":"https:\/\/rioonwatch.org.br\/?author=152"}]}},"_links":{"self":[{"href":"https:\/\/rioonwatch.org.br\/index.php?rest_route=\/wp\/v2\/posts\/45424"}],"collection":[{"href":"https:\/\/rioonwatch.org.br\/index.php?rest_route=\/wp\/v2\/posts"}],"about":[{"href":"https:\/\/rioonwatch.org.br\/index.php?rest_route=\/wp\/v2\/types\/post"}],"author":[{"embeddable":true,"href":"https:\/\/rioonwatch.org.br\/index.php?rest_route=\/wp\/v2\/users\/152"}],"replies":[{"embeddable":true,"href":"https:\/\/rioonwatch.org.br\/index.php?rest_route=%2Fwp%2Fv2%2Fcomments&post=45424"}],"version-history":[{"count":13,"href":"https:\/\/rioonwatch.org.br\/index.php?rest_route=\/wp\/v2\/posts\/45424\/revisions"}],"predecessor-version":[{"id":45546,"href":"https:\/\/rioonwatch.org.br\/index.php?rest_route=\/wp\/v2\/posts\/45424\/revisions\/45546"}],"wp:featuredmedia":[{"embeddable":true,"href":"https:\/\/rioonwatch.org.br\/index.php?rest_route=\/wp\/v2\/media\/45425"}],"wp:attachment":[{"href":"https:\/\/rioonwatch.org.br\/index.php?rest_route=%2Fwp%2Fv2%2Fmedia&parent=45424"}],"wp:term":[{"taxonomy":"category","embeddable":true,"href":"https:\/\/rioonwatch.org.br\/index.php?rest_route=%2Fwp%2Fv2%2Fcategories&post=45424"},{"taxonomy":"post_tag","embeddable":true,"href":"https:\/\/rioonwatch.org.br\/index.php?rest_route=%2Fwp%2Fv2%2Ftags&post=45424"},{"taxonomy":"writer","embeddable":true,"href":"https:\/\/rioonwatch.org.br\/index.php?rest_route=%2Fwp%2Fv2%2Fwriter&post=45424"},{"taxonomy":"translator","embeddable":true,"href":"https:\/\/rioonwatch.org.br\/index.php?rest_route=%2Fwp%2Fv2%2Ftranslator&post=45424"},{"taxonomy":"source","embeddable":true,"href":"https:\/\/rioonwatch.org.br\/index.php?rest_route=%2Fwp%2Fv2%2Fsource&post=45424"},{"taxonomy":"ilustrador","embeddable":true,"href":"https:\/\/rioonwatch.org.br\/index.php?rest_route=%2Fwp%2Fv2%2Filustrador&post=45424"},{"taxonomy":"fotografo","embeddable":true,"href":"https:\/\/rioonwatch.org.br\/index.php?rest_route=%2Fwp%2Fv2%2Ffotografo&post=45424"}],"curies":[{"name":"wp","href":"https:\/\/api.w.org\/{rel}","templated":true}]}}