{"id":4549,"date":"2012-12-19T06:00:29","date_gmt":"2012-12-19T09:00:29","guid":{"rendered":"http:\/\/rioonwatch.org.br\/?p=4549"},"modified":"2024-06-20T13:36:52","modified_gmt":"2024-06-20T16:36:52","slug":"encontre-o-design-da-favela","status":"publish","type":"post","link":"https:\/\/rioonwatch.org.br\/?p=4549","title":{"rendered":"Encontre o Design da Favela!"},"content":{"rendered":"<p style=\"text-align: right;\"><em><strong><a href=\"http:\/\/bit.ly\/1QNPnYm\" target=\"_blank\" rel=\"noopener\">Click Here for English<img decoding=\"async\" width=\"20\" height=\"20\" class=\"alignright wp-image-15790\" src=\"http:\/\/rioonwatch.org.br\/wp-content\/uploads\/2012\/08\/EN-standard-e1439583104716.jpg\" alt=\"\" \/><\/a><\/strong><\/em><\/p>\n<p><a href=\"http:\/\/rioonwatch.org.br\/?attachment_id=4583\" rel=\"attachment wp-att-4583\"><img fetchpriority=\"high\" decoding=\"async\" class=\"alignright size-full wp-image-4583\" title=\"Obra de Irm\u00e3 Fatima\" src=\"http:\/\/rioonwatch.org.br\/wp-content\/uploads\/2012\/12\/Irma-Fatima.jpg\" alt=\"\" width=\"368\" height=\"220\" srcset=\"https:\/\/rioonwatch.org.br\/wp-content\/uploads\/2012\/12\/Irma-Fatima.jpg 460w, https:\/\/rioonwatch.org.br\/wp-content\/uploads\/2012\/12\/Irma-Fatima-442x264.jpg 442w\" sizes=\"(max-width: 368px) 100vw, 368px\" \/><\/a>A exposi\u00e7\u00e3o \u201c<a href=\"http:\/\/bit.ly\/WmehHZ\">O Design da Favela<\/a>\u201d, em cartaz no Centro Carioca de Design, re\u00fane 125 itens de 15 comunidades da cidade do Rio de Janeiro. Os objetos encontrados foram criados por artistas, artes\u00e3os e inventores dessas comunidades, ou mesmo n\u00e3o tem sua origem autoral definida. Neste projeto, a favela n\u00e3o \u00e9 associada \u00e0 mis\u00e9ria ou escassez, mas apropria-se de abund\u00e2ncia: abund\u00e2ncia de imagina\u00e7\u00e3o, inven\u00e7\u00e3o, estudo e pr\u00e1tica.<\/p>\n<p><strong>Criatividade<\/strong><\/p>\n<p>Irm\u00e3 F\u00e1tima aprendeu com as crian\u00e7as do Tabajaras a enxergar materiais descart\u00e1veis de diversas formas. \u201cEssa pet tem cara de peixe\u201d, diz um de seus alunos. \u201cA maneira como a crian\u00e7a olha as coisas \u00e9 magn\u00edfica\u201d, acredita F\u00e1tima. Juntos, eles transformam garrafas de pl\u00e1stico em brinquedos.<\/p>\n<p><img decoding=\"async\" class=\"alignright size-full wp-image-4584\" title=\"Triturador de amendoim de Elio Beiriz\" src=\"http:\/\/rioonwatch.org.br\/wp-content\/uploads\/2012\/12\/Triturador-de-amendoim.jpg\" alt=\"\" width=\"251\" height=\"374\" srcset=\"https:\/\/rioonwatch.org.br\/wp-content\/uploads\/2012\/12\/Triturador-de-amendoim.jpg 359w, https:\/\/rioonwatch.org.br\/wp-content\/uploads\/2012\/12\/Triturador-de-amendoim-177x264.jpg 177w\" sizes=\"(max-width: 251px) 100vw, 251px\" \/><\/p>\n<p>\u00c9 preciso misturar doses de imagina\u00e7\u00e3o e ingenuidade para perceber um mundo al\u00e9m do \u00f3bvio. Por isto, na criatividade do homem, sempre existe um pouco da crian\u00e7a que ele j\u00e1 foi.<\/p>\n<p><strong>Sustentabilidade<\/strong><\/p>\n<p>A palavra da moda est\u00e1 muito mais presente na vida de Elio Beiriz do que nas resolu\u00e7\u00f5es da Rio +20. Morador do Morro dos Macacos, Elio precisou inventar formas de ganhar dinheiro reutilizando materiais que j\u00e1 possu\u00eda. Assim surgiu, entre outras cria\u00e7\u00f5es, a m\u00e1quina de triturar amendoim, feita com uma bicicleta ergom\u00e9trica e um moedor de carne.<\/p>\n<p>Para Elio, sua hist\u00f3ria representa a m\u00e1xima: \u201cA necessidade faz o sapo pular\u201d. Mas o inventor tamb\u00e9m precisou de conhecimento para realizar seus projetos. \u201cEu estudei pouco na escola, mas leio muito. Livros de ci\u00eancias, tecnologia\u201d, afirma. No final das contas, o importante foi juntar necessidade e conhecimento e p\u00f4r a m\u00e3o na massa. \u201cTrabalho ensina a gente a trabalhar\u201d, acredita o vendedor.<\/p>\n<p><strong>Arte<\/strong><\/p>\n<p><img loading=\"lazy\" decoding=\"async\" class=\"alignright size-full wp-image-4588\" title=\"Palhaco Benedito\" src=\"http:\/\/rioonwatch.org.br\/wp-content\/uploads\/2012\/12\/Palhaco-Benedito.jpg\" alt=\"\" width=\"363\" height=\"198\" \/><\/p>\n<p>S\u00f3 ela e o amor tornam a exist\u00eancia toler\u00e1vel, j\u00e1 dizia o escritor franc\u00eas William Maugham. Quando Edilson Benedito se divorciou da mulher, viu seu filho de nove anos sofrer com a separa\u00e7\u00e3o. Edilson resolveu alegr\u00e1-lo, e tamb\u00e9m outras crian\u00e7as da sua comunidade, vestindo-se de palha\u00e7o. <a href=\"http:\/\/bit.ly\/VO7gtv\">O Palha\u00e7o Benedito<\/a> \u00e9 hoje um personagem conhecido no Santa Marta, e tamb\u00e9m um artista da reciclagem.<\/p>\n<p>A irrever\u00eancia do palha\u00e7o \u00e9 vis\u00edvel em suas cria\u00e7\u00f5es. A utiliza\u00e7\u00e3o de objetos inusitados (sapato, aparelho de som, bola de futebol) como \u201cvaso de plantas\u201d representa um pouco da arte \u201cbenedita\u201d.<\/p>\n<p><img loading=\"lazy\" decoding=\"async\" class=\"alignright size-full wp-image-4585\" title=\"rola rola\" src=\"http:\/\/rioonwatch.org.br\/wp-content\/uploads\/2012\/12\/rola-rola.jpg\" alt=\"\" width=\"288\" height=\"384\" srcset=\"https:\/\/rioonwatch.org.br\/wp-content\/uploads\/2012\/12\/rola-rola.jpg 480w, https:\/\/rioonwatch.org.br\/wp-content\/uploads\/2012\/12\/rola-rola-198x264.jpg 198w, https:\/\/rioonwatch.org.br\/wp-content\/uploads\/2012\/12\/rola-rola-465x620.jpg 465w\" sizes=\"(max-width: 288px) 100vw, 288px\" \/><\/p>\n<p><strong>Design<\/strong><\/p>\n<p>Apesar de a palavra ter um ar sofisticado, ningu\u00e9m precisa ir muito longe para encontr\u00e1-lo. Para a curadoria da exposi\u00e7\u00e3o, \u201co design tamb\u00e9m tem uma origem mais informal e abrangente: sempre esteve presente nas rela\u00e7\u00f5es mais b\u00e1sicas do ser humano com o meio que o cerca\u201d.<\/p>\n<p>Nenhum dos objetos expostos representa melhor este conceito do que o \u201crola\u201d ou \u201crola-rola\u201d. Esta cria\u00e7\u00e3o an\u00f4nima consiste num barril com pneus que \u00e9 usado para levar \u00e1gua de um lugar a outro. \u201cAntes as pessoas carregavam \u00e1gua na balan\u00e7a ou com a lata d\u2019\u00e1gua na cabe\u00e7a. O rola s\u00f3 veio beneficiar a todos\u201d, conta Marilene, da Mar\u00e9.<\/p>\n<p>O design est\u00e1 onde menos se imagina. Pelo menos \u00e9 o que alerta Tio Lino, do projeto \u201c<a href=\"http:\/\/bit.ly\/Wls3GW\">O Mundo da Arte<\/a>\u201d, da Rocinha. \u201cDe manh\u00e3, olha o p\u00e3o que voc\u00ea vai comer. Aquilo \u00e9 design\u201d.<\/p>\n<p>\u201cO Design da Favela\u201d vai at\u00e9 o dia 20 de dezembro, de segunda \u00e0 s\u00e1bado, das 10h \u00e0s 19h. No dia 19\/12, \u00e0s 19h vai acontecer o <a href=\"http:\/\/on.fb.me\/UGTWY6\">encontro<\/a> promovido pelos curadores Ricardo Saint-Clair e Rodrigo Westin, com a presen\u00e7a de convidados especiais e expositores.<\/p>\n<p>O Centro Carioca de Design fica na Pra\u00e7a Tiradentes, 48.<\/p>\n<p><object width=\"600\" height=\"450\" classid=\"clsid:d27cdb6e-ae6d-11cf-96b8-444553540000\" codebase=\"http:\/\/download.macromedia.com\/pub\/shockwave\/cabs\/flash\/swflash.cab#version=6,0,40,0\"><param name=\"flashvars\" value=\"offsite=true&amp;lang=en-us&amp;page_show_url=%2Fphotos%2Fcatcomm%2Fsets%2F72157632231370127%2Fshow%2F&amp;page_show_back_url=%2Fphotos%2Fcatcomm%2Fsets%2F72157632231370127%2F&amp;set_id=72157632231370127&amp;jump_to=\" \/><param name=\"allowFullScreen\" value=\"true\" \/><param name=\"src\" value=\"http:\/\/www.flickr.com\/apps\/slideshow\/show.swf?v=122138\" \/><param name=\"allowfullscreen\" value=\"true\" \/><embed width=\"600\" height=\"450\" type=\"application\/x-shockwave-flash\" src=\"http:\/\/www.flickr.com\/apps\/slideshow\/show.swf?v=122138\" flashvars=\"offsite=true&amp;lang=en-us&amp;page_show_url=%2Fphotos%2Fcatcomm%2Fsets%2F72157632231370127%2Fshow%2F&amp;page_show_back_url=%2Fphotos%2Fcatcomm%2Fsets%2F72157632231370127%2F&amp;set_id=72157632231370127&amp;jump_to=\" allowfullscreen=\"allowfullscreen\" allowfullscreen=\"allowfullscreen\" \/><\/object><\/p>\n<!-- AddThis Advanced Settings generic via filter on the_content --><!-- AddThis Share Buttons generic via filter on the_content -->","protected":false},"excerpt":{"rendered":"<div class=\"mh-excerpt\"><p>Click Here for English A exposi\u00e7\u00e3o \u201cO Design da Favela\u201d, em cartaz no Centro Carioca de Design, re\u00fane 125 itens de 15 comunidades da cidade do Rio de Janeiro. Os objetos encontrados foram criados por <a class=\"mh-excerpt-more\" href=\"https:\/\/rioonwatch.org.br\/?p=4549\" title=\"Encontre o Design da Favela!\">[&#8230;]<\/a><!-- AddThis Advanced Settings generic via filter on get_the_excerpt --><!-- AddThis Share Buttons generic via filter on get_the_excerpt --><\/p>\n<\/div>","protected":false},"author":132,"featured_media":4612,"comment_status":"closed","ping_status":"closed","sticky":false,"template":"","format":"standard","meta":{"_acf_changed":false,"_monsterinsights_skip_tracking":false,"_monsterinsights_sitenote_active":false,"_monsterinsights_sitenote_note":"","_monsterinsights_sitenote_category":0,"footnotes":""},"categories":[1616,342],"tags":[334,332,1530,528,527,529,84,180,476,530,93],"writer":[515],"translator":[],"source":[],"ilustrador":[],"fotografo":[],"class_list":{"0":"post-4549","1":"post","2":"type-post","3":"status-publish","4":"format-standard","5":"has-post-thumbnail","7":"category-qualidades-da-favela","8":"category-solucoes","9":"tag-arte","10":"tag-complexo-da-mare","11":"tag-midia-comunitaria","12":"tag-design-da-favela","13":"tag-inovacao","14":"tag-moda","15":"tag-morro-dos-macacos","16":"tag-santa-marta","17":"tag-solucao-comunitaria","18":"tag-studio-x","19":"tag-tabajaras","20":"writer-paloma-silbar"},"acf":[],"yoast_head":"<!-- This site is optimized with the Yoast SEO plugin v25.6 - https:\/\/yoast.com\/wordpress\/plugins\/seo\/ -->\n<title>Encontre o Design da Favela! - RioOnWatch<\/title>\n<meta name=\"robots\" content=\"index, follow, max-snippet:-1, max-image-preview:large, max-video-preview:-1\" \/>\n<link rel=\"canonical\" href=\"https:\/\/rioonwatch.org.br\/?p=4549\" \/>\n<meta property=\"og:locale\" content=\"pt_BR\" \/>\n<meta property=\"og:type\" content=\"article\" \/>\n<meta property=\"og:title\" content=\"Encontre o Design da Favela! - RioOnWatch\" \/>\n<meta property=\"og:description\" content=\"Click Here for English A exposi\u00e7\u00e3o \u201cO Design da Favela\u201d, em cartaz no Centro Carioca de Design, re\u00fane 125 itens de 15 comunidades da cidade do Rio de Janeiro. Os objetos encontrados foram criados por [...]\" \/>\n<meta property=\"og:url\" content=\"https:\/\/rioonwatch.org.br\/?p=4549\" \/>\n<meta property=\"og:site_name\" content=\"RioOnWatch\" \/>\n<meta property=\"article:published_time\" content=\"2012-12-19T09:00:29+00:00\" \/>\n<meta property=\"article:modified_time\" content=\"2024-06-20T16:36:52+00:00\" \/>\n<meta property=\"og:image\" content=\"https:\/\/rioonwatch.org.br\/wp-content\/uploads\/2012\/12\/casa21.jpg\" \/>\n\t<meta property=\"og:image:width\" content=\"300\" \/>\n\t<meta property=\"og:image:height\" content=\"212\" \/>\n\t<meta property=\"og:image:type\" content=\"image\/jpeg\" \/>\n<meta name=\"author\" content=\"Felicity\" \/>\n<meta name=\"twitter:card\" content=\"summary_large_image\" \/>\n<meta name=\"twitter:label1\" content=\"Escrito por\" \/>\n\t<meta name=\"twitter:data1\" content=\"Felicity\" \/>\n\t<meta name=\"twitter:label2\" content=\"Est. tempo de leitura\" \/>\n\t<meta name=\"twitter:data2\" content=\"3 minutos\" \/>\n<script type=\"application\/ld+json\" class=\"yoast-schema-graph\">{\"@context\":\"https:\/\/schema.org\",\"@graph\":[{\"@type\":\"Article\",\"@id\":\"https:\/\/rioonwatch.org.br\/?p=4549#article\",\"isPartOf\":{\"@id\":\"https:\/\/rioonwatch.org.br\/?p=4549\"},\"author\":{\"name\":\"Felicity\",\"@id\":\"https:\/\/rioonwatch.org.br\/#\/schema\/person\/4d05cf5053c358ab740b3edd75a173f2\"},\"headline\":\"Encontre o Design da Favela!\",\"datePublished\":\"2012-12-19T09:00:29+00:00\",\"dateModified\":\"2024-06-20T16:36:52+00:00\",\"mainEntityOfPage\":{\"@id\":\"https:\/\/rioonwatch.org.br\/?p=4549\"},\"wordCount\":610,\"publisher\":{\"@id\":\"https:\/\/rioonwatch.org.br\/#organization\"},\"image\":{\"@id\":\"https:\/\/rioonwatch.org.br\/?p=4549#primaryimage\"},\"thumbnailUrl\":\"https:\/\/rioonwatch.org.br\/wp-content\/uploads\/2012\/12\/casa21.jpg\",\"keywords\":[\"arte\",\"Complexo da Mar\u00e9\",\"Comunica\u00e7\u00e3o Comunit\u00e1ria\",\"design da favela\",\"inova\u00e7\u00e3o\",\"moda\",\"Morro dos Macacos\",\"Santa Marta\",\"solu\u00e7\u00e3o comunit\u00e1ria\",\"Studio X\",\"Tabajaras\"],\"articleSection\":[\"Qualidades da Favela\",\"Solu\u00e7\u00f5es\"],\"inLanguage\":\"pt-BR\"},{\"@type\":\"WebPage\",\"@id\":\"https:\/\/rioonwatch.org.br\/?p=4549\",\"url\":\"https:\/\/rioonwatch.org.br\/?p=4549\",\"name\":\"Encontre o Design da Favela! - RioOnWatch\",\"isPartOf\":{\"@id\":\"https:\/\/rioonwatch.org.br\/#website\"},\"primaryImageOfPage\":{\"@id\":\"https:\/\/rioonwatch.org.br\/?p=4549#primaryimage\"},\"image\":{\"@id\":\"https:\/\/rioonwatch.org.br\/?p=4549#primaryimage\"},\"thumbnailUrl\":\"https:\/\/rioonwatch.org.br\/wp-content\/uploads\/2012\/12\/casa21.jpg\",\"datePublished\":\"2012-12-19T09:00:29+00:00\",\"dateModified\":\"2024-06-20T16:36:52+00:00\",\"breadcrumb\":{\"@id\":\"https:\/\/rioonwatch.org.br\/?p=4549#breadcrumb\"},\"inLanguage\":\"pt-BR\",\"potentialAction\":[{\"@type\":\"ReadAction\",\"target\":[\"https:\/\/rioonwatch.org.br\/?p=4549\"]}]},{\"@type\":\"ImageObject\",\"inLanguage\":\"pt-BR\",\"@id\":\"https:\/\/rioonwatch.org.br\/?p=4549#primaryimage\",\"url\":\"https:\/\/rioonwatch.org.br\/wp-content\/uploads\/2012\/12\/casa21.jpg\",\"contentUrl\":\"https:\/\/rioonwatch.org.br\/wp-content\/uploads\/2012\/12\/casa21.jpg\",\"width\":300,\"height\":212},{\"@type\":\"BreadcrumbList\",\"@id\":\"https:\/\/rioonwatch.org.br\/?p=4549#breadcrumb\",\"itemListElement\":[{\"@type\":\"ListItem\",\"position\":1,\"name\":\"In\u00edcio\",\"item\":\"https:\/\/rioonwatch.org.br\/\"},{\"@type\":\"ListItem\",\"position\":2,\"name\":\"Encontre o Design da Favela!\"}]},{\"@type\":\"WebSite\",\"@id\":\"https:\/\/rioonwatch.org.br\/#website\",\"url\":\"https:\/\/rioonwatch.org.br\/\",\"name\":\"RioOnWatch\",\"description\":\"relatos das favelas cariocas\",\"publisher\":{\"@id\":\"https:\/\/rioonwatch.org.br\/#organization\"},\"potentialAction\":[{\"@type\":\"SearchAction\",\"target\":{\"@type\":\"EntryPoint\",\"urlTemplate\":\"https:\/\/rioonwatch.org.br\/?s={search_term_string}\"},\"query-input\":{\"@type\":\"PropertyValueSpecification\",\"valueRequired\":true,\"valueName\":\"search_term_string\"}}],\"inLanguage\":\"pt-BR\"},{\"@type\":\"Organization\",\"@id\":\"https:\/\/rioonwatch.org.br\/#organization\",\"name\":\"RioOnWatch\",\"url\":\"https:\/\/rioonwatch.org.br\/\",\"logo\":{\"@type\":\"ImageObject\",\"inLanguage\":\"pt-BR\",\"@id\":\"https:\/\/rioonwatch.org.br\/#\/schema\/logo\/image\/\",\"url\":\"https:\/\/rioonwatch.org.br\/wp-content\/uploads\/2021\/06\/RioOnWatchcabecalhoPT11anos-2.png\",\"contentUrl\":\"https:\/\/rioonwatch.org.br\/wp-content\/uploads\/2021\/06\/RioOnWatchcabecalhoPT11anos-2.png\",\"width\":779,\"height\":277,\"caption\":\"RioOnWatch\"},\"image\":{\"@id\":\"https:\/\/rioonwatch.org.br\/#\/schema\/logo\/image\/\"}},{\"@type\":\"Person\",\"@id\":\"https:\/\/rioonwatch.org.br\/#\/schema\/person\/4d05cf5053c358ab740b3edd75a173f2\",\"name\":\"Felicity\",\"image\":{\"@type\":\"ImageObject\",\"inLanguage\":\"pt-BR\",\"@id\":\"https:\/\/rioonwatch.org.br\/#\/schema\/person\/image\/\",\"url\":\"https:\/\/secure.gravatar.com\/avatar\/bfc904486dc0bba6015410a00fe3fc27?s=96&d=blank&r=g\",\"contentUrl\":\"https:\/\/secure.gravatar.com\/avatar\/bfc904486dc0bba6015410a00fe3fc27?s=96&d=blank&r=g\",\"caption\":\"Felicity\"},\"url\":\"https:\/\/rioonwatch.org.br\/?author=132\"}]}<\/script>\n<!-- \/ Yoast SEO plugin. -->","yoast_head_json":{"title":"Encontre o Design da Favela! - RioOnWatch","robots":{"index":"index","follow":"follow","max-snippet":"max-snippet:-1","max-image-preview":"max-image-preview:large","max-video-preview":"max-video-preview:-1"},"canonical":"https:\/\/rioonwatch.org.br\/?p=4549","og_locale":"pt_BR","og_type":"article","og_title":"Encontre o Design da Favela! - RioOnWatch","og_description":"Click Here for English A exposi\u00e7\u00e3o \u201cO Design da Favela\u201d, em cartaz no Centro Carioca de Design, re\u00fane 125 itens de 15 comunidades da cidade do Rio de Janeiro. Os objetos encontrados foram criados por [...]","og_url":"https:\/\/rioonwatch.org.br\/?p=4549","og_site_name":"RioOnWatch","article_published_time":"2012-12-19T09:00:29+00:00","article_modified_time":"2024-06-20T16:36:52+00:00","og_image":[{"width":300,"height":212,"url":"https:\/\/rioonwatch.org.br\/wp-content\/uploads\/2012\/12\/casa21.jpg","type":"image\/jpeg"}],"author":"Felicity","twitter_card":"summary_large_image","twitter_misc":{"Escrito por":"Felicity","Est. tempo de leitura":"3 minutos"},"schema":{"@context":"https:\/\/schema.org","@graph":[{"@type":"Article","@id":"https:\/\/rioonwatch.org.br\/?p=4549#article","isPartOf":{"@id":"https:\/\/rioonwatch.org.br\/?p=4549"},"author":{"name":"Felicity","@id":"https:\/\/rioonwatch.org.br\/#\/schema\/person\/4d05cf5053c358ab740b3edd75a173f2"},"headline":"Encontre o Design da Favela!","datePublished":"2012-12-19T09:00:29+00:00","dateModified":"2024-06-20T16:36:52+00:00","mainEntityOfPage":{"@id":"https:\/\/rioonwatch.org.br\/?p=4549"},"wordCount":610,"publisher":{"@id":"https:\/\/rioonwatch.org.br\/#organization"},"image":{"@id":"https:\/\/rioonwatch.org.br\/?p=4549#primaryimage"},"thumbnailUrl":"https:\/\/rioonwatch.org.br\/wp-content\/uploads\/2012\/12\/casa21.jpg","keywords":["arte","Complexo da Mar\u00e9","Comunica\u00e7\u00e3o Comunit\u00e1ria","design da favela","inova\u00e7\u00e3o","moda","Morro dos Macacos","Santa Marta","solu\u00e7\u00e3o comunit\u00e1ria","Studio X","Tabajaras"],"articleSection":["Qualidades da Favela","Solu\u00e7\u00f5es"],"inLanguage":"pt-BR"},{"@type":"WebPage","@id":"https:\/\/rioonwatch.org.br\/?p=4549","url":"https:\/\/rioonwatch.org.br\/?p=4549","name":"Encontre o Design da Favela! - RioOnWatch","isPartOf":{"@id":"https:\/\/rioonwatch.org.br\/#website"},"primaryImageOfPage":{"@id":"https:\/\/rioonwatch.org.br\/?p=4549#primaryimage"},"image":{"@id":"https:\/\/rioonwatch.org.br\/?p=4549#primaryimage"},"thumbnailUrl":"https:\/\/rioonwatch.org.br\/wp-content\/uploads\/2012\/12\/casa21.jpg","datePublished":"2012-12-19T09:00:29+00:00","dateModified":"2024-06-20T16:36:52+00:00","breadcrumb":{"@id":"https:\/\/rioonwatch.org.br\/?p=4549#breadcrumb"},"inLanguage":"pt-BR","potentialAction":[{"@type":"ReadAction","target":["https:\/\/rioonwatch.org.br\/?p=4549"]}]},{"@type":"ImageObject","inLanguage":"pt-BR","@id":"https:\/\/rioonwatch.org.br\/?p=4549#primaryimage","url":"https:\/\/rioonwatch.org.br\/wp-content\/uploads\/2012\/12\/casa21.jpg","contentUrl":"https:\/\/rioonwatch.org.br\/wp-content\/uploads\/2012\/12\/casa21.jpg","width":300,"height":212},{"@type":"BreadcrumbList","@id":"https:\/\/rioonwatch.org.br\/?p=4549#breadcrumb","itemListElement":[{"@type":"ListItem","position":1,"name":"In\u00edcio","item":"https:\/\/rioonwatch.org.br\/"},{"@type":"ListItem","position":2,"name":"Encontre o Design da Favela!"}]},{"@type":"WebSite","@id":"https:\/\/rioonwatch.org.br\/#website","url":"https:\/\/rioonwatch.org.br\/","name":"RioOnWatch","description":"relatos das favelas cariocas","publisher":{"@id":"https:\/\/rioonwatch.org.br\/#organization"},"potentialAction":[{"@type":"SearchAction","target":{"@type":"EntryPoint","urlTemplate":"https:\/\/rioonwatch.org.br\/?s={search_term_string}"},"query-input":{"@type":"PropertyValueSpecification","valueRequired":true,"valueName":"search_term_string"}}],"inLanguage":"pt-BR"},{"@type":"Organization","@id":"https:\/\/rioonwatch.org.br\/#organization","name":"RioOnWatch","url":"https:\/\/rioonwatch.org.br\/","logo":{"@type":"ImageObject","inLanguage":"pt-BR","@id":"https:\/\/rioonwatch.org.br\/#\/schema\/logo\/image\/","url":"https:\/\/rioonwatch.org.br\/wp-content\/uploads\/2021\/06\/RioOnWatchcabecalhoPT11anos-2.png","contentUrl":"https:\/\/rioonwatch.org.br\/wp-content\/uploads\/2021\/06\/RioOnWatchcabecalhoPT11anos-2.png","width":779,"height":277,"caption":"RioOnWatch"},"image":{"@id":"https:\/\/rioonwatch.org.br\/#\/schema\/logo\/image\/"}},{"@type":"Person","@id":"https:\/\/rioonwatch.org.br\/#\/schema\/person\/4d05cf5053c358ab740b3edd75a173f2","name":"Felicity","image":{"@type":"ImageObject","inLanguage":"pt-BR","@id":"https:\/\/rioonwatch.org.br\/#\/schema\/person\/image\/","url":"https:\/\/secure.gravatar.com\/avatar\/bfc904486dc0bba6015410a00fe3fc27?s=96&d=blank&r=g","contentUrl":"https:\/\/secure.gravatar.com\/avatar\/bfc904486dc0bba6015410a00fe3fc27?s=96&d=blank&r=g","caption":"Felicity"},"url":"https:\/\/rioonwatch.org.br\/?author=132"}]}},"_links":{"self":[{"href":"https:\/\/rioonwatch.org.br\/index.php?rest_route=\/wp\/v2\/posts\/4549"}],"collection":[{"href":"https:\/\/rioonwatch.org.br\/index.php?rest_route=\/wp\/v2\/posts"}],"about":[{"href":"https:\/\/rioonwatch.org.br\/index.php?rest_route=\/wp\/v2\/types\/post"}],"author":[{"embeddable":true,"href":"https:\/\/rioonwatch.org.br\/index.php?rest_route=\/wp\/v2\/users\/132"}],"replies":[{"embeddable":true,"href":"https:\/\/rioonwatch.org.br\/index.php?rest_route=%2Fwp%2Fv2%2Fcomments&post=4549"}],"version-history":[{"count":63,"href":"https:\/\/rioonwatch.org.br\/index.php?rest_route=\/wp\/v2\/posts\/4549\/revisions"}],"predecessor-version":[{"id":74155,"href":"https:\/\/rioonwatch.org.br\/index.php?rest_route=\/wp\/v2\/posts\/4549\/revisions\/74155"}],"wp:featuredmedia":[{"embeddable":true,"href":"https:\/\/rioonwatch.org.br\/index.php?rest_route=\/wp\/v2\/media\/4612"}],"wp:attachment":[{"href":"https:\/\/rioonwatch.org.br\/index.php?rest_route=%2Fwp%2Fv2%2Fmedia&parent=4549"}],"wp:term":[{"taxonomy":"category","embeddable":true,"href":"https:\/\/rioonwatch.org.br\/index.php?rest_route=%2Fwp%2Fv2%2Fcategories&post=4549"},{"taxonomy":"post_tag","embeddable":true,"href":"https:\/\/rioonwatch.org.br\/index.php?rest_route=%2Fwp%2Fv2%2Ftags&post=4549"},{"taxonomy":"writer","embeddable":true,"href":"https:\/\/rioonwatch.org.br\/index.php?rest_route=%2Fwp%2Fv2%2Fwriter&post=4549"},{"taxonomy":"translator","embeddable":true,"href":"https:\/\/rioonwatch.org.br\/index.php?rest_route=%2Fwp%2Fv2%2Ftranslator&post=4549"},{"taxonomy":"source","embeddable":true,"href":"https:\/\/rioonwatch.org.br\/index.php?rest_route=%2Fwp%2Fv2%2Fsource&post=4549"},{"taxonomy":"ilustrador","embeddable":true,"href":"https:\/\/rioonwatch.org.br\/index.php?rest_route=%2Fwp%2Fv2%2Filustrador&post=4549"},{"taxonomy":"fotografo","embeddable":true,"href":"https:\/\/rioonwatch.org.br\/index.php?rest_route=%2Fwp%2Fv2%2Ffotografo&post=4549"}],"curies":[{"name":"wp","href":"https:\/\/api.w.org\/{rel}","templated":true}]}}