{"id":45499,"date":"2020-02-23T11:50:21","date_gmt":"2020-02-23T14:50:21","guid":{"rendered":"https:\/\/rioonwatch.org.br\/?p=45499"},"modified":"2021-01-26T09:56:52","modified_gmt":"2021-01-26T12:56:52","slug":"de-roles-a-blocos-tour-de-carnaval-na-primeira-favela-do-rio","status":"publish","type":"post","link":"https:\/\/rioonwatch.org.br\/?p=45499","title":{"rendered":"De Rol\u00eas a Blocos: Tour de Carnaval na Primeira Favela"},"content":{"rendered":"<p style=\"text-align: right;\"><em><strong><a href=\"https:\/\/bit.ly\/2xNpQSn\" target=\"_blank\" rel=\"noopener noreferrer\">Click Here for English<\/a><a href=\"https:\/\/bit.ly\/2xNpQSn\" target=\"_blank\" rel=\"noopener noreferrer\"><img decoding=\"async\" width=\"20\" height=\"20\" class=\"alignright wp-image-15790\" src=\"http:\/\/rioonwatch.org.br\/wp-content\/uploads\/2012\/08\/EN-standard-e1439583104716.jpg\" \/><\/a><\/strong><\/em><\/p>\n<p><em>Esta mat\u00e9ria \u00e9 a segunda de <a href=\"http:\/\/bit.ly\/TurismoFavelas\" target=\"_blank\" rel=\"noopener noreferrer\">uma s\u00e9rie<\/a> do RioOnWatch em <a href=\"http:\/\/bit.ly\/2Yf0iaL\" target=\"_blank\" rel=\"noopener\">parceria com o The Rio Times<\/a>. Para ler a original em ingl\u00eas clique <a href=\"http:\/\/bit.ly\/2HKsj1Q\" target=\"_blank\" rel=\"noopener noreferrer\">aqui<\/a>.<\/em><\/p>\n<p>Com quase <a href=\"http:\/\/bit.ly\/2PfNAo4\" target=\"_blank\" rel=\"noopener noreferrer\">dois milh\u00f5es de turistas<\/a> chegando ao Rio de Janeiro este ano para o carnaval, multid\u00f5es, sem d\u00favida, ir\u00e3o para os lugares cl\u00e1ssicos e de mais destaque da Cidade Maravilhosa. Embora o desfile no Samb\u00f3dromo, passeio at\u00e9 o Cristo Redentor e blocos de carnaval no <a href=\"http:\/\/bit.ly\/2x1dXEP\" target=\"_blank\" rel=\"noopener noreferrer\">Centro<\/a> da cidade dominem a maioria dos itiner\u00e1rios, outros podem estar interessados em se aprofundarem na hist\u00f3ria do Rio e descobrir as ra\u00edzes do carnaval. N\u00e3o h\u00e1 lugar melhor para aprender sobre o Rio, seu povo e sua enorme celebra\u00e7\u00e3o anual\u2014do que a <a href=\"https:\/\/glo.bo\/2HKVXUD\" target=\"_blank\" rel=\"noopener noreferrer\">incubadora cultural<\/a> que \u00e9 a favela.<\/p>\n<p>Favelas e carnaval s\u00e3o indissoci\u00e1veis. Essa hist\u00f3ria compartilhada remonta ao final do s\u00e9culo XIX, quando soldados que retornavam da Guerra de Canudos, no Nordeste, formaram a primeira comunidade denominada <a href=\"http:\/\/bit.ly\/QueEFavela\" target=\"_blank\" rel=\"noopener noreferrer\">favela<\/a>, o Morro da Favela (atual <a href=\"http:\/\/bit.ly\/2Yc1ivK\" target=\"_blank\" rel=\"noopener noreferrer\">Morro da Provid\u00eancia<\/a>). Mais tarde, a comunidade do Morro da Favela tornou-se um reduto de samba quando os moradores estabeleceram duas escolas hist\u00f3ricas de samba, <em>Fiquei Firme<\/em> e <em>Cora\u00e7\u00f5es Unidos da Favela<\/em>.<\/p>\n<p>De fato, ao longo de sua hist\u00f3ria, as escolas de samba mais famosas e bem-sucedidas do Rio partiram das favelas. No ano passado, a <em><a href=\"http:\/\/bit.ly\/2Ehr8aD\" target=\"_blank\" rel=\"noopener noreferrer\">Esta\u00e7\u00e3o Primeira de Mangueira<\/a><\/em>, foi coroada <a href=\"https:\/\/glo.bo\/2TssWFv\" target=\"_blank\" rel=\"noopener noreferrer\">campe\u00e3<\/a> do carnaval. A Mangueira j\u00e1 conquistou 20 t\u00edtulos inclusive o <a href=\"http:\/\/bit.ly\/3bVMrMp\" target=\"_blank\" rel=\"noopener noreferrer\">primeiro t\u00edtulo dado no carnaval de 1932<\/a>. As incr\u00edveis performances das escolas de samba no Samb\u00f3dromo n\u00e3o apenas capturam a imagina\u00e7\u00e3o de milh\u00f5es, mas tamb\u00e9m servem como um meio vital para expressar <a href=\"https:\/\/glo.bo\/2TssWFv\" target=\"_blank\" rel=\"noopener noreferrer\">cr\u00edticas<\/a> \u00e0s injusti\u00e7as pol\u00edticas e sociais enfrentadas no Brasil, inclusive pelos pr\u00f3prios moradores das favelas. Diante do contexto de 2019 de <a href=\"http:\/\/bit.ly\/2HNewYl\" target=\"_blank\" rel=\"noopener noreferrer\">ataques ressurgentes<\/a> \u00e0 cultura negra e ind\u00edgena, por exemplo, o desfile vencedor da <a href=\"https:\/\/glo.bo\/2TssWFv\" target=\"_blank\" rel=\"noopener noreferrer\">Mangueira destacou her\u00f3is hist\u00f3ricos<\/a> dessas comunidades, enviando uma poderosa mensagem de resist\u00eancia. <a href=\"http:\/\/bit.ly\/3bZUNm8\" target=\"_blank\" rel=\"noopener noreferrer\">Espera-se que 2020 o fa\u00e7a tamb\u00e9m<\/a>.<\/p>\n<p><a href=\"https:\/\/rioonwatch.org.br\/wp-content\/uploads\/2020\/02\/Mangueira-Float.jpg\"><img fetchpriority=\"high\" decoding=\"async\" class=\"aligncenter wp-image-45511 size-medium\" title=\"Um carro aleg\u00f3rico da Mangueira presta homenagem a Quilombo dos Palmares: Foto: Rodrigo Gorosito \/ G1\" src=\"https:\/\/rioonwatch.org.br\/wp-content\/uploads\/2020\/02\/Mangueira-Float-620x413.jpg\" alt=\"\" width=\"620\" height=\"413\" srcset=\"https:\/\/rioonwatch.org.br\/wp-content\/uploads\/2020\/02\/Mangueira-Float-620x413.jpg 620w, https:\/\/rioonwatch.org.br\/wp-content\/uploads\/2020\/02\/Mangueira-Float-396x264.jpg 396w, https:\/\/rioonwatch.org.br\/wp-content\/uploads\/2020\/02\/Mangueira-Float-768x512.jpg 768w, https:\/\/rioonwatch.org.br\/wp-content\/uploads\/2020\/02\/Mangueira-Float-1024x682.jpg 1024w, https:\/\/rioonwatch.org.br\/wp-content\/uploads\/2020\/02\/Mangueira-Float.jpg 2000w\" sizes=\"(max-width: 620px) 100vw, 620px\" \/><\/a><\/p>\n<p>Fora dos desfiles do Samb\u00f3dromo, as ruas da cidade, inclusive as das favelas, tornam-se importantes <a href=\"http:\/\/bit.ly\/32iya7Z\" target=\"_blank\" rel=\"noopener noreferrer\">locais de encontro<\/a>, \u00e0 medida que m\u00fasicos e foli\u00f5es se re\u00fanem para formar blocos. Embora a raz\u00e3o de ser dessas festas de rua seja uma oportunidade para amigos, familiares, vizinhos e estranhos se unirem em comemora\u00e7\u00f5es alegres, os blocos tamb\u00e9m oferecem \u00e0s comunidades uma plataforma para <a href=\"http:\/\/bit.ly\/2uXsPqB\" target=\"_blank\" rel=\"noopener noreferrer\">expressar publicamente<\/a> suas lutas e preocupa\u00e7\u00f5es, triunfos e aspira\u00e7\u00f5es, como \u00e9 o caso do <a href=\"http:\/\/bit.ly\/2uXsPqB\" target=\"_blank\" rel=\"noopener noreferrer\">Vagalume o Verde<\/a>, um bloco da favela do <a href=\"http:\/\/bit.ly\/31kHsQ6\" target=\"_blank\" rel=\"noopener noreferrer\">Horto<\/a>, dedicado \u00e0 promo\u00e7\u00e3o da sustentabilidade e do <a href=\"http:\/\/bit.ly\/2HMWdCE\" target=\"_blank\" rel=\"noopener noreferrer\">legado verde<\/a> da sua comunidade.<\/p>\n<p>Com mais de 1000 favelas no Grande Rio e mais de <a href=\"https:\/\/glo.bo\/39YZRW5\" target=\"_blank\" rel=\"noopener noreferrer\">400<\/a> blocos previstos durante o carnaval deste ano, a variedade de bairros e eventos para explorar e experimentar pode parecer esmagadora. Para sorte dos visitantes interessados, existem in\u00fameros <a href=\"http:\/\/bit.ly\/2waw3Hc\" target=\"_blank\" rel=\"noopener noreferrer\">moradores e ativistas conhecedores que lideram tours cr\u00edticos<\/a> em suas favelas e podem fornecer informa\u00e7\u00f5es sobre como melhor aproveitar o carnaval nas favelas.<\/p>\n<h3>Um Rol\u00ea pela Primeira Favela<\/h3>\n<p><a href=\"https:\/\/rioonwatch.org.br\/wp-content\/uploads\/2020\/02\/role.jpg\"><img decoding=\"async\" class=\"aligncenter wp-image-45513 size-content\" title=\"Cosme Felippsen explica a hist\u00f3ria do Cais Valongo. Foto: Colin Andrew\" src=\"https:\/\/rioonwatch.org.br\/wp-content\/uploads\/2020\/02\/role-620x264.jpg\" alt=\"\" width=\"620\" height=\"264\" srcset=\"https:\/\/rioonwatch.org.br\/wp-content\/uploads\/2020\/02\/role-620x264.jpg 620w, https:\/\/rioonwatch.org.br\/wp-content\/uploads\/2020\/02\/role-940x400.jpg 940w\" sizes=\"(max-width: 620px) 100vw, 620px\" \/><\/a><\/p>\n<p>Em um domingo muito quente nos meados de fevereiro, no pr\u00e9-carnaval carioca, decidi voltar ao come\u00e7o e dar uma olhada no carnaval na perspectiva da primeira favela do Rio: o Morro da Provid\u00eancia. O primeiro ponto na agenda foi um rol\u00ea guiado por Cosme Felippsen, da <a href=\"http:\/\/bit.ly\/3aLk1DZ\" target=\"_blank\" rel=\"noopener noreferrer\">Provid\u00eancia Turismo<\/a>. Como guia profissional, ativista e morador da Provid\u00eancia, Cosme fornece informa\u00e7\u00f5es valiosas sobre o passado, presente e futuro da favela original do Rio.<\/p>\n<p>O rol\u00ea de duas horas pelas ruas e becos da Provid\u00eancia e arredores contou com a presen\u00e7a de brasileiros e turistas estrangeiros ansiosos por aprender. Paramos em <a href=\"http:\/\/bit.ly\/2SOkrTj\" target=\"_blank\" rel=\"noopener noreferrer\">locais hist\u00f3ricos bem conhecidos que mostravam<\/a> as trag\u00e9dias sofridas pelos afro-brasileiros, bem como in\u00fameras formas de resist\u00eancia e conquistas culturais. Os destaques incluem o <a href=\"http:\/\/bit.ly\/37UIN28\" target=\"_blank\" rel=\"noopener noreferrer\">Cais do Valongo<\/a>, o maior porto de escravos da hist\u00f3ria, onde <a href=\"http:\/\/bit.ly\/2vQpV6V\" target=\"_blank\" rel=\"noopener noreferrer\">dois milh\u00f5es de africanos escravizados desembarcaram<\/a> de viagens infernais pelo Atl\u00e2ntico, e a <a href=\"http:\/\/bit.ly\/32eprUm\" target=\"_blank\" rel=\"noopener noreferrer\">Pedra do Sal<\/a>, <a href=\"http:\/\/bit.ly\/2HHjQwe\" target=\"_blank\" rel=\"noopener noreferrer\">ber\u00e7o do samba<\/a> e local de um <a href=\"http:\/\/bit.ly\/38Qdfvs\" target=\"_blank\" rel=\"noopener noreferrer\">quilombo urbano hist\u00f3rico<\/a>.<\/p>\n<p>Partindo da Pedra do Sal, subimos ruas \u00edngremes e sinuosas at\u00e9 o morro da Provid\u00eancia. Enquanto caminh\u00e1vamos, Cosme descreveu uma realidade com fortes contrastes, atingindo-nos primeiro com os negativos. Moradores das favelas enfrentam in\u00fameros desafios, disse ele ao grupo, incluindo acesso limitado \u00e0 remo\u00e7\u00e3o de lixo, sistemas de saneamento b\u00e1sico, sa\u00fade e educa\u00e7\u00e3o. Talvez o exemplo mais flagrante de <a href=\"http:\/\/bit.ly\/2SQgjC0\" target=\"_blank\" rel=\"noopener noreferrer\">neglig\u00eancia de Estado<\/a> que Cosme nos mostrou tenha sido o agora extinto <a href=\"http:\/\/bit.ly\/35PNWYL\" target=\"_blank\" rel=\"noopener noreferrer\">sistema de telef\u00e9rico<\/a> da Provid\u00eancia, um projeto de R$75 milh\u00f5es financiado pelo governo que resultou na demoli\u00e7\u00e3o de dezenas de casas e no <a href=\"http:\/\/bit.ly\/2rLY4me\" target=\"_blank\" rel=\"noopener noreferrer\">principal espa\u00e7o p\u00fablico<\/a> da comunidade. O telef\u00e9rico permaneceu ocioso por meses ap\u00f3s a conclus\u00e3o e ficou em opera\u00e7\u00e3o por <a href=\"http:\/\/bit.ly\/2j1KWmB\" target=\"_blank\" rel=\"noopener noreferrer\">menos de dois anos<\/a>. Cosme descreveu: &#8220;Nada foi discutido conosco [moradores]. N\u00e3o quer\u00edamos o telef\u00e9rico. A prioridade era o saneamento b\u00e1sico, mais vagas [para os alunos] nas escolas&#8230;&#8221;<\/p>\n<p><a href=\"https:\/\/rioonwatch.org.br\/wp-content\/uploads\/2020\/02\/bloco.jpg\"><img loading=\"lazy\" decoding=\"async\" class=\"aligncenter wp-image-45516 size-content\" title=\"Membros do Bloco B\u00e9same Mucho tocam no Bar da Jura. Foto: Colin Andrew\" src=\"https:\/\/rioonwatch.org.br\/wp-content\/uploads\/2020\/02\/bloco-620x264.jpg\" alt=\"\" width=\"620\" height=\"264\" srcset=\"https:\/\/rioonwatch.org.br\/wp-content\/uploads\/2020\/02\/bloco-620x264.jpg 620w, https:\/\/rioonwatch.org.br\/wp-content\/uploads\/2020\/02\/bloco-940x400.jpg 940w\" sizes=\"(max-width: 620px) 100vw, 620px\" \/><\/a><\/p>\n<p>Embora as pesadas massas met\u00e1licas do sistema abandonado continuem destruindo a paisagem, os moradores da Provid\u00eancia se esfor\u00e7am para encontrar maneiras de utilizar os espa\u00e7os ocupados. Para o almo\u00e7o, paramos no popular <a href=\"http:\/\/bit.ly\/38TPq68\" target=\"_blank\" rel=\"noopener noreferrer\">Bar da Jura<\/a>: constru\u00eddo \u00e0 sombra da esta\u00e7\u00e3o do telef\u00e9rico abandonado, o bar oferece vistas deslumbrantes do Centro do Rio e da Ba\u00eda de Guanabara. Enquanto Cosme apontou que as dificuldades de morar em uma favela s\u00e3o muitas, ele tamb\u00e9m destacou a vibrante cole\u00e7\u00e3o de organiza\u00e7\u00f5es culturais e institui\u00e7\u00f5es sociais que formam o cora\u00e7\u00e3o pulsante da Provid\u00eancia. Minutos depois de come\u00e7armos a subir o morro, percebi meus olhos atra\u00eddos por parede ap\u00f3s parede de grafite. Essa <a href=\"http:\/\/bit.ly\/2SIfb3o\" target=\"_blank\" rel=\"noopener noreferrer\">galeria de arte<\/a> ao ar livre n\u00e3o apenas embeleza as casas e passagens da Provid\u00eancia, mas tamb\u00e9m proclama as hist\u00f3rias dos moradores para o mundo em cores deslumbrantes.<\/p>\n<p><a href=\"https:\/\/rioonwatch.org.br\/wp-content\/uploads\/2020\/02\/grafite.jpg\"><img loading=\"lazy\" decoding=\"async\" class=\"aligncenter wp-image-45518 size-content\" title=\"Cosme Felippsen mostra algumas partes da not\u00e1vel galeria de arte ao ar livre da Provid\u00eancia. Foto: Colin Andrew\" src=\"https:\/\/rioonwatch.org.br\/wp-content\/uploads\/2020\/02\/grafite-620x264.jpg\" alt=\"\" width=\"620\" height=\"264\" srcset=\"https:\/\/rioonwatch.org.br\/wp-content\/uploads\/2020\/02\/grafite-620x264.jpg 620w, https:\/\/rioonwatch.org.br\/wp-content\/uploads\/2020\/02\/grafite-940x400.jpg 940w\" sizes=\"(max-width: 620px) 100vw, 620px\" \/><\/a><\/p>\n<p>Cosme nos apresentou v\u00e1rias organiza\u00e7\u00f5es comunit\u00e1rias que trabalham para empoderar os moradores da Provid\u00eancia, do inconfund\u00edvel centro de artes <a href=\"https:\/\/glo.bo\/2vUvbX8\" target=\"_blank\" rel=\"noopener noreferrer\">Casa Amarela<\/a> at\u00e9 a movimentada <a href=\"http:\/\/bit.ly\/2HHYD5y\" target=\"_blank\" rel=\"noopener noreferrer\">Escola de Boxe Eduardo Cardoso<\/a>. Ao final do rol\u00ea, eu tinha apreciado profundamente a diversidade, a criatividade e a resist\u00eancia presentes na Provid\u00eancia e nas favelas do Rio: acima de tudo, Cosme tinha como objetivo confrontar ideias equivocadas e desconstruir estigmas sobre favelas. Indo al\u00e9m do papel de uma ag\u00eancia de turismo regular, Cosme nos guiou atrav\u00e9s de discuss\u00f5es de t\u00f3picos pol\u00edticos controversos, como <a href=\"http:\/\/bit.ly\/36zjyRX\" target=\"_blank\" rel=\"noopener noreferrer\">policiamento e viol\u00eancia de Estado<\/a>. Nossas conversas foram alguns dos momentos mais construtivos do rol\u00ea.<\/p>\n<h3>Desfile de um Bloco na Descida do Morro<\/h3>\n<p><a href=\"https:\/\/rioonwatch.org.br\/wp-content\/uploads\/2020\/02\/besame-e1582350724270.jpg\"><img loading=\"lazy\" decoding=\"async\" class=\"aligncenter wp-image-45520 size-content\" title=\"Cosme Felippsen conduzindo o rol\u00ea pelas escadas da Provid\u00eancia. Foto: Colin Andrew\" src=\"https:\/\/rioonwatch.org.br\/wp-content\/uploads\/2020\/02\/besame-e1582350724270-620x264.jpg\" alt=\"\" width=\"620\" height=\"264\" srcset=\"https:\/\/rioonwatch.org.br\/wp-content\/uploads\/2020\/02\/besame-e1582350724270-620x264.jpg 620w, https:\/\/rioonwatch.org.br\/wp-content\/uploads\/2020\/02\/besame-e1582350724270-940x400.jpg 940w\" sizes=\"(max-width: 620px) 100vw, 620px\" \/><\/a><\/p>\n<p>Para encerrar minha experi\u00eancia pr\u00e9-carnavalesca na Provid\u00eancia, participei do animado bloco <a href=\"http:\/\/bit.ly\/39Wt8ki\" target=\"_blank\" rel=\"noopener noreferrer\">B\u00e9same Mucho<\/a>. O toque latino distintivo do bloco encontrou inspira\u00e7\u00e3o nos seus artistas criadores, a maioria imigrantes de pa\u00edses da Am\u00e9rica Latina. Come\u00e7ando no Bar da Jura e terminando na base do Morro da Provid\u00eancia, a multid\u00e3o de turistas e moradores que estavam no bloco dan\u00e7ava pelas ruas estreitas e sinuosas enquanto a banda tocava &#8220;La Vida Es Un Carnaval&#8221;, de Celia Cruz, e &#8220;Despacito&#8221;, de Luis Fonsi. Ao longo da rota do desfile, os espectadores pendiam das janelas dos andares mais altos para mergulhar na cena. Os carros buzinavam junto com os ritmos das m\u00fasicas (e na tentativa de separar a multid\u00e3o). Fuma\u00e7a iridescente e espuma enchiam o ar.<\/p>\n<p>A princ\u00edpio, o bloco carregado de gringo se destacou em contraste com o rol\u00ea hist\u00f3rico e cr\u00edtico de Cosme. No entanto, quando estrangeiros e moradores come\u00e7aram a desfilar juntos, compartilhando as ruas da favela mais antiga do Rio, a justaposi\u00e7\u00e3o come\u00e7ou a fazer sentido\u2014a mensagem do dia era de solidariedade e desestigmatiza\u00e7\u00e3o. Em quest\u00e3o de horas naquele domingo abrasador no cora\u00e7\u00e3o do Rio, Cosme conseguiu tecer uma compreens\u00e3o das for\u00e7as pol\u00edticas, sociais e culturais que formaram e moldaram a cidade e a favela no \u00faltimo s\u00e9culo. Muito abaixo do verniz brilhante dos desfiles do Samb\u00f3dromo, este era o centro da Cidade Maravilhosa, os moradores das favelas praticando e experimentando alegria diariamente, marchando contra os desafios do Rio do s\u00e9culo XXI.<\/p>\n<p><a href=\"https:\/\/rioonwatch.org.br\/wp-content\/uploads\/2020\/02\/Bessame-mucho.jpg\"><img loading=\"lazy\" decoding=\"async\" class=\"aligncenter wp-image-45522 size-content\" title=\"O Bloco B\u00e9same Mucho desce as ruas da Provid\u00eancia. Foto: Colin Andrew\" src=\"https:\/\/rioonwatch.org.br\/wp-content\/uploads\/2020\/02\/Bessame-mucho-620x264.jpg\" alt=\"\" width=\"620\" height=\"264\" srcset=\"https:\/\/rioonwatch.org.br\/wp-content\/uploads\/2020\/02\/Bessame-mucho-620x264.jpg 620w, https:\/\/rioonwatch.org.br\/wp-content\/uploads\/2020\/02\/Bessame-mucho-940x400.jpg 940w\" sizes=\"(max-width: 620px) 100vw, 620px\" \/><\/a><\/p>\n<div class=\"tlid-input input\">\n<div class=\"source-wrap\">\n<div class=\"input-full-height-wrapper tlid-input-full-height-wrapper\">\n<div class=\"source-input\">\n<div class=\"source-footer-wrap source-or-target-footer\">\n<div class=\"character-count tlid-character-count\">\n<div class=\"cc-ctr normal\"><em>Procurando celebrar o carnaval com alguns dos blocos do Rio, confira os desfiles nas favelas do <a href=\"http:\/\/bit.ly\/2ujipRA\" target=\"_blank\" rel=\"noopener noreferrer\">Vidigal<\/a>, <a href=\"http:\/\/bit.ly\/2v6KyLZ\" target=\"_blank\" rel=\"noopener noreferrer\">Provid\u00eancia<\/a>, e <a href=\"http:\/\/bit.ly\/RFS20-02-23\" target=\"_blank\" rel=\"noopener noreferrer\">Horto<\/a>.<\/em><\/div>\n<div><\/div>\n<div><em>Esta mat\u00e9ria \u00e9 a segunda de <a href=\"http:\/\/bit.ly\/TurismoFavelas\" target=\"_blank\" rel=\"noopener noreferrer\">uma s\u00e9rie<\/a> do RioOnWatch em parceria com <a href=\"http:\/\/bit.ly\/37wWbtQ\" target=\"_blank\" rel=\"noopener noreferrer\">The Rio Times<\/a> que foca em turismo nas favelas.<\/em><\/div>\n<div>\n<hr \/>\n<h4>Apoie o jornalismo hiperlocal, cr\u00edtico, inovador e incans\u00e1vel do\u00a0<em>RioOnWatch<\/em>. #QueroReportagensSobreFavelas\u2014<a href=\"http:\/\/bit.ly\/CatalisandoComunidades\">doe aqui<\/a>.<\/h4>\n<\/div>\n<\/div>\n<\/div>\n<\/div>\n<\/div>\n<\/div>\n<\/div>\n<!-- AddThis Advanced Settings generic via filter on the_content --><!-- AddThis Share Buttons generic via filter on the_content -->","protected":false},"excerpt":{"rendered":"<div class=\"mh-excerpt\"><p>Click Here for English Esta mat\u00e9ria \u00e9 a segunda de uma s\u00e9rie do RioOnWatch em parceria com o The Rio Times. Para ler a original em ingl\u00eas clique aqui. Com quase dois milh\u00f5es de turistas <a class=\"mh-excerpt-more\" href=\"https:\/\/rioonwatch.org.br\/?p=45499\" title=\"De Rol\u00eas a Blocos: Tour de Carnaval na Primeira Favela\">[&#8230;]<\/a><!-- AddThis Advanced Settings generic via filter on get_the_excerpt --><!-- AddThis Share Buttons generic via filter on get_the_excerpt --><\/p>\n<\/div>","protected":false},"author":129,"featured_media":45508,"comment_status":"closed","ping_status":"closed","sticky":false,"template":"","format":"standard","meta":{"_acf_changed":false,"_monsterinsights_skip_tracking":false,"_monsterinsights_sitenote_active":false,"_monsterinsights_sitenote_note":"","_monsterinsights_sitenote_category":0,"footnotes":""},"categories":[1621,1626,1628],"tags":[386,1693,2143,214,259,421,1447,128,733,607,257,417,1844,1329,567,650,2991,404,262,825,218],"writer":[2712],"translator":[273],"source":[],"ilustrador":[],"fotografo":[],"class_list":{"0":"post-45499","1":"post","2":"type-post","3":"status-publish","4":"format-standard","5":"has-post-thumbnail","7":"category-destaque","8":"category-por-observadores-internacionais","9":"category-turismo-na-favela","10":"tag-estigma","11":"tag-cais-do-valongo","12":"tag-canudos","13":"tag-carnaval","14":"tag-centro","15":"tag-cultura-da-favela","16":"tag-favela-tour","17":"tag-historia","18":"tag-horto","19":"tag-mangueira","20":"tag-providencia","21":"tag-negligencia-do-estado","22":"tag-pedra-do-sal","23":"tag-pequena-africa","24":"tag-quilombo","25":"tag-samba","26":"tag-serie-em-parceria-com-the-rio-times","27":"tag-sustentabilidade","28":"tag-teleferico","29":"tag-turismo","30":"tag-zona-norte","31":"writer-colin-andrew","32":"translator-roseli-franco"},"acf":[],"yoast_head":"<!-- This site is optimized with the Yoast SEO plugin v25.6 - https:\/\/yoast.com\/wordpress\/plugins\/seo\/ -->\n<title>De Rol\u00eas a Blocos: Tour de Carnaval na Primeira Favela - RioOnWatch<\/title>\n<meta name=\"robots\" content=\"index, follow, max-snippet:-1, max-image-preview:large, max-video-preview:-1\" \/>\n<link rel=\"canonical\" href=\"https:\/\/rioonwatch.org.br\/?p=45499\" \/>\n<meta property=\"og:locale\" content=\"pt_BR\" \/>\n<meta property=\"og:type\" content=\"article\" \/>\n<meta property=\"og:title\" content=\"De Rol\u00eas a Blocos: Tour de Carnaval na Primeira Favela - RioOnWatch\" \/>\n<meta property=\"og:description\" content=\"Click Here for English Esta mat\u00e9ria \u00e9 a segunda de uma s\u00e9rie do RioOnWatch em parceria com o The Rio Times. Para ler a original em ingl\u00eas clique aqui. Com quase dois milh\u00f5es de turistas [...]\" \/>\n<meta property=\"og:url\" content=\"https:\/\/rioonwatch.org.br\/?p=45499\" \/>\n<meta property=\"og:site_name\" content=\"RioOnWatch\" \/>\n<meta property=\"article:published_time\" content=\"2020-02-23T14:50:21+00:00\" \/>\n<meta property=\"article:modified_time\" content=\"2021-01-26T12:56:52+00:00\" \/>\n<meta property=\"og:image\" content=\"https:\/\/rioonwatch.org.br\/wp-content\/uploads\/2020\/02\/providenciarole-scaled.jpg\" \/>\n\t<meta property=\"og:image:width\" content=\"2560\" \/>\n\t<meta property=\"og:image:height\" content=\"1920\" \/>\n\t<meta property=\"og:image:type\" content=\"image\/jpeg\" \/>\n<meta name=\"author\" content=\"Admin\" \/>\n<meta name=\"twitter:card\" content=\"summary_large_image\" \/>\n<meta name=\"twitter:label1\" content=\"Escrito por\" \/>\n\t<meta name=\"twitter:data1\" content=\"Admin\" \/>\n\t<meta name=\"twitter:label2\" content=\"Est. tempo de leitura\" \/>\n\t<meta name=\"twitter:data2\" content=\"7 minutos\" \/>\n<script type=\"application\/ld+json\" class=\"yoast-schema-graph\">{\"@context\":\"https:\/\/schema.org\",\"@graph\":[{\"@type\":\"Article\",\"@id\":\"https:\/\/rioonwatch.org.br\/?p=45499#article\",\"isPartOf\":{\"@id\":\"https:\/\/rioonwatch.org.br\/?p=45499\"},\"author\":{\"name\":\"Admin\",\"@id\":\"https:\/\/rioonwatch.org.br\/#\/schema\/person\/11d64c290506f9df50c71b850c473f68\"},\"headline\":\"De Rol\u00eas a Blocos: Tour de Carnaval na Primeira Favela\",\"datePublished\":\"2020-02-23T14:50:21+00:00\",\"dateModified\":\"2021-01-26T12:56:52+00:00\",\"mainEntityOfPage\":{\"@id\":\"https:\/\/rioonwatch.org.br\/?p=45499\"},\"wordCount\":1484,\"publisher\":{\"@id\":\"https:\/\/rioonwatch.org.br\/#organization\"},\"image\":{\"@id\":\"https:\/\/rioonwatch.org.br\/?p=45499#primaryimage\"},\"thumbnailUrl\":\"https:\/\/rioonwatch.org.br\/wp-content\/uploads\/2020\/02\/providenciarole-scaled.jpg\",\"keywords\":[\"#StopFavelaStigma\",\"Cais do Valongo\",\"Canudos\",\"carnaval\",\"Centro\",\"cultura da favela\",\"Favela Tours Comunit\u00e1rios\",\"hist\u00f3ria\",\"Horto\",\"Mangueira\",\"Morro da Provid\u00eancia\",\"Neglig\u00eancia do Estado\",\"Pedra do Sal\",\"Pequena \u00c1frica\",\"Quilombo\",\"samba\",\"S\u00e9rie: Em parceria com The Rio Times\",\"sustentabilidade\",\"telef\u00e9rico\",\"turismo\",\"Zona Norte\"],\"articleSection\":[\"*Destaque\",\"Escrito por Aliados\",\"Turismo na Favela\"],\"inLanguage\":\"pt-BR\"},{\"@type\":\"WebPage\",\"@id\":\"https:\/\/rioonwatch.org.br\/?p=45499\",\"url\":\"https:\/\/rioonwatch.org.br\/?p=45499\",\"name\":\"De Rol\u00eas a Blocos: Tour de Carnaval na Primeira Favela - RioOnWatch\",\"isPartOf\":{\"@id\":\"https:\/\/rioonwatch.org.br\/#website\"},\"primaryImageOfPage\":{\"@id\":\"https:\/\/rioonwatch.org.br\/?p=45499#primaryimage\"},\"image\":{\"@id\":\"https:\/\/rioonwatch.org.br\/?p=45499#primaryimage\"},\"thumbnailUrl\":\"https:\/\/rioonwatch.org.br\/wp-content\/uploads\/2020\/02\/providenciarole-scaled.jpg\",\"datePublished\":\"2020-02-23T14:50:21+00:00\",\"dateModified\":\"2021-01-26T12:56:52+00:00\",\"breadcrumb\":{\"@id\":\"https:\/\/rioonwatch.org.br\/?p=45499#breadcrumb\"},\"inLanguage\":\"pt-BR\",\"potentialAction\":[{\"@type\":\"ReadAction\",\"target\":[\"https:\/\/rioonwatch.org.br\/?p=45499\"]}]},{\"@type\":\"ImageObject\",\"inLanguage\":\"pt-BR\",\"@id\":\"https:\/\/rioonwatch.org.br\/?p=45499#primaryimage\",\"url\":\"https:\/\/rioonwatch.org.br\/wp-content\/uploads\/2020\/02\/providenciarole-scaled.jpg\",\"contentUrl\":\"https:\/\/rioonwatch.org.br\/wp-content\/uploads\/2020\/02\/providenciarole-scaled.jpg\",\"width\":2560,\"height\":1920},{\"@type\":\"BreadcrumbList\",\"@id\":\"https:\/\/rioonwatch.org.br\/?p=45499#breadcrumb\",\"itemListElement\":[{\"@type\":\"ListItem\",\"position\":1,\"name\":\"In\u00edcio\",\"item\":\"https:\/\/rioonwatch.org.br\/\"},{\"@type\":\"ListItem\",\"position\":2,\"name\":\"De Rol\u00eas a Blocos: Tour de Carnaval na Primeira Favela\"}]},{\"@type\":\"WebSite\",\"@id\":\"https:\/\/rioonwatch.org.br\/#website\",\"url\":\"https:\/\/rioonwatch.org.br\/\",\"name\":\"RioOnWatch\",\"description\":\"relatos das favelas cariocas\",\"publisher\":{\"@id\":\"https:\/\/rioonwatch.org.br\/#organization\"},\"potentialAction\":[{\"@type\":\"SearchAction\",\"target\":{\"@type\":\"EntryPoint\",\"urlTemplate\":\"https:\/\/rioonwatch.org.br\/?s={search_term_string}\"},\"query-input\":{\"@type\":\"PropertyValueSpecification\",\"valueRequired\":true,\"valueName\":\"search_term_string\"}}],\"inLanguage\":\"pt-BR\"},{\"@type\":\"Organization\",\"@id\":\"https:\/\/rioonwatch.org.br\/#organization\",\"name\":\"RioOnWatch\",\"url\":\"https:\/\/rioonwatch.org.br\/\",\"logo\":{\"@type\":\"ImageObject\",\"inLanguage\":\"pt-BR\",\"@id\":\"https:\/\/rioonwatch.org.br\/#\/schema\/logo\/image\/\",\"url\":\"https:\/\/rioonwatch.org.br\/wp-content\/uploads\/2021\/06\/RioOnWatchcabecalhoPT11anos-2.png\",\"contentUrl\":\"https:\/\/rioonwatch.org.br\/wp-content\/uploads\/2021\/06\/RioOnWatchcabecalhoPT11anos-2.png\",\"width\":779,\"height\":277,\"caption\":\"RioOnWatch\"},\"image\":{\"@id\":\"https:\/\/rioonwatch.org.br\/#\/schema\/logo\/image\/\"}},{\"@type\":\"Person\",\"@id\":\"https:\/\/rioonwatch.org.br\/#\/schema\/person\/11d64c290506f9df50c71b850c473f68\",\"name\":\"Admin\",\"image\":{\"@type\":\"ImageObject\",\"inLanguage\":\"pt-BR\",\"@id\":\"https:\/\/rioonwatch.org.br\/#\/schema\/person\/image\/\",\"url\":\"https:\/\/secure.gravatar.com\/avatar\/56211ac74568383903349a1485e3c325?s=96&d=blank&r=g\",\"contentUrl\":\"https:\/\/secure.gravatar.com\/avatar\/56211ac74568383903349a1485e3c325?s=96&d=blank&r=g\",\"caption\":\"Admin\"},\"url\":\"https:\/\/rioonwatch.org.br\/?author=129\"}]}<\/script>\n<!-- \/ Yoast SEO plugin. -->","yoast_head_json":{"title":"De Rol\u00eas a Blocos: Tour de Carnaval na Primeira Favela - RioOnWatch","robots":{"index":"index","follow":"follow","max-snippet":"max-snippet:-1","max-image-preview":"max-image-preview:large","max-video-preview":"max-video-preview:-1"},"canonical":"https:\/\/rioonwatch.org.br\/?p=45499","og_locale":"pt_BR","og_type":"article","og_title":"De Rol\u00eas a Blocos: Tour de Carnaval na Primeira Favela - RioOnWatch","og_description":"Click Here for English Esta mat\u00e9ria \u00e9 a segunda de uma s\u00e9rie do RioOnWatch em parceria com o The Rio Times. Para ler a original em ingl\u00eas clique aqui. Com quase dois milh\u00f5es de turistas [...]","og_url":"https:\/\/rioonwatch.org.br\/?p=45499","og_site_name":"RioOnWatch","article_published_time":"2020-02-23T14:50:21+00:00","article_modified_time":"2021-01-26T12:56:52+00:00","og_image":[{"width":2560,"height":1920,"url":"https:\/\/rioonwatch.org.br\/wp-content\/uploads\/2020\/02\/providenciarole-scaled.jpg","type":"image\/jpeg"}],"author":"Admin","twitter_card":"summary_large_image","twitter_misc":{"Escrito por":"Admin","Est. tempo de leitura":"7 minutos"},"schema":{"@context":"https:\/\/schema.org","@graph":[{"@type":"Article","@id":"https:\/\/rioonwatch.org.br\/?p=45499#article","isPartOf":{"@id":"https:\/\/rioonwatch.org.br\/?p=45499"},"author":{"name":"Admin","@id":"https:\/\/rioonwatch.org.br\/#\/schema\/person\/11d64c290506f9df50c71b850c473f68"},"headline":"De Rol\u00eas a Blocos: Tour de Carnaval na Primeira Favela","datePublished":"2020-02-23T14:50:21+00:00","dateModified":"2021-01-26T12:56:52+00:00","mainEntityOfPage":{"@id":"https:\/\/rioonwatch.org.br\/?p=45499"},"wordCount":1484,"publisher":{"@id":"https:\/\/rioonwatch.org.br\/#organization"},"image":{"@id":"https:\/\/rioonwatch.org.br\/?p=45499#primaryimage"},"thumbnailUrl":"https:\/\/rioonwatch.org.br\/wp-content\/uploads\/2020\/02\/providenciarole-scaled.jpg","keywords":["#StopFavelaStigma","Cais do Valongo","Canudos","carnaval","Centro","cultura da favela","Favela Tours Comunit\u00e1rios","hist\u00f3ria","Horto","Mangueira","Morro da Provid\u00eancia","Neglig\u00eancia do Estado","Pedra do Sal","Pequena \u00c1frica","Quilombo","samba","S\u00e9rie: Em parceria com The Rio Times","sustentabilidade","telef\u00e9rico","turismo","Zona Norte"],"articleSection":["*Destaque","Escrito por Aliados","Turismo na Favela"],"inLanguage":"pt-BR"},{"@type":"WebPage","@id":"https:\/\/rioonwatch.org.br\/?p=45499","url":"https:\/\/rioonwatch.org.br\/?p=45499","name":"De Rol\u00eas a Blocos: Tour de Carnaval na Primeira Favela - RioOnWatch","isPartOf":{"@id":"https:\/\/rioonwatch.org.br\/#website"},"primaryImageOfPage":{"@id":"https:\/\/rioonwatch.org.br\/?p=45499#primaryimage"},"image":{"@id":"https:\/\/rioonwatch.org.br\/?p=45499#primaryimage"},"thumbnailUrl":"https:\/\/rioonwatch.org.br\/wp-content\/uploads\/2020\/02\/providenciarole-scaled.jpg","datePublished":"2020-02-23T14:50:21+00:00","dateModified":"2021-01-26T12:56:52+00:00","breadcrumb":{"@id":"https:\/\/rioonwatch.org.br\/?p=45499#breadcrumb"},"inLanguage":"pt-BR","potentialAction":[{"@type":"ReadAction","target":["https:\/\/rioonwatch.org.br\/?p=45499"]}]},{"@type":"ImageObject","inLanguage":"pt-BR","@id":"https:\/\/rioonwatch.org.br\/?p=45499#primaryimage","url":"https:\/\/rioonwatch.org.br\/wp-content\/uploads\/2020\/02\/providenciarole-scaled.jpg","contentUrl":"https:\/\/rioonwatch.org.br\/wp-content\/uploads\/2020\/02\/providenciarole-scaled.jpg","width":2560,"height":1920},{"@type":"BreadcrumbList","@id":"https:\/\/rioonwatch.org.br\/?p=45499#breadcrumb","itemListElement":[{"@type":"ListItem","position":1,"name":"In\u00edcio","item":"https:\/\/rioonwatch.org.br\/"},{"@type":"ListItem","position":2,"name":"De Rol\u00eas a Blocos: Tour de Carnaval na Primeira Favela"}]},{"@type":"WebSite","@id":"https:\/\/rioonwatch.org.br\/#website","url":"https:\/\/rioonwatch.org.br\/","name":"RioOnWatch","description":"relatos das favelas cariocas","publisher":{"@id":"https:\/\/rioonwatch.org.br\/#organization"},"potentialAction":[{"@type":"SearchAction","target":{"@type":"EntryPoint","urlTemplate":"https:\/\/rioonwatch.org.br\/?s={search_term_string}"},"query-input":{"@type":"PropertyValueSpecification","valueRequired":true,"valueName":"search_term_string"}}],"inLanguage":"pt-BR"},{"@type":"Organization","@id":"https:\/\/rioonwatch.org.br\/#organization","name":"RioOnWatch","url":"https:\/\/rioonwatch.org.br\/","logo":{"@type":"ImageObject","inLanguage":"pt-BR","@id":"https:\/\/rioonwatch.org.br\/#\/schema\/logo\/image\/","url":"https:\/\/rioonwatch.org.br\/wp-content\/uploads\/2021\/06\/RioOnWatchcabecalhoPT11anos-2.png","contentUrl":"https:\/\/rioonwatch.org.br\/wp-content\/uploads\/2021\/06\/RioOnWatchcabecalhoPT11anos-2.png","width":779,"height":277,"caption":"RioOnWatch"},"image":{"@id":"https:\/\/rioonwatch.org.br\/#\/schema\/logo\/image\/"}},{"@type":"Person","@id":"https:\/\/rioonwatch.org.br\/#\/schema\/person\/11d64c290506f9df50c71b850c473f68","name":"Admin","image":{"@type":"ImageObject","inLanguage":"pt-BR","@id":"https:\/\/rioonwatch.org.br\/#\/schema\/person\/image\/","url":"https:\/\/secure.gravatar.com\/avatar\/56211ac74568383903349a1485e3c325?s=96&d=blank&r=g","contentUrl":"https:\/\/secure.gravatar.com\/avatar\/56211ac74568383903349a1485e3c325?s=96&d=blank&r=g","caption":"Admin"},"url":"https:\/\/rioonwatch.org.br\/?author=129"}]}},"_links":{"self":[{"href":"https:\/\/rioonwatch.org.br\/index.php?rest_route=\/wp\/v2\/posts\/45499"}],"collection":[{"href":"https:\/\/rioonwatch.org.br\/index.php?rest_route=\/wp\/v2\/posts"}],"about":[{"href":"https:\/\/rioonwatch.org.br\/index.php?rest_route=\/wp\/v2\/types\/post"}],"author":[{"embeddable":true,"href":"https:\/\/rioonwatch.org.br\/index.php?rest_route=\/wp\/v2\/users\/129"}],"replies":[{"embeddable":true,"href":"https:\/\/rioonwatch.org.br\/index.php?rest_route=%2Fwp%2Fv2%2Fcomments&post=45499"}],"version-history":[{"count":29,"href":"https:\/\/rioonwatch.org.br\/index.php?rest_route=\/wp\/v2\/posts\/45499\/revisions"}],"predecessor-version":[{"id":53310,"href":"https:\/\/rioonwatch.org.br\/index.php?rest_route=\/wp\/v2\/posts\/45499\/revisions\/53310"}],"wp:featuredmedia":[{"embeddable":true,"href":"https:\/\/rioonwatch.org.br\/index.php?rest_route=\/wp\/v2\/media\/45508"}],"wp:attachment":[{"href":"https:\/\/rioonwatch.org.br\/index.php?rest_route=%2Fwp%2Fv2%2Fmedia&parent=45499"}],"wp:term":[{"taxonomy":"category","embeddable":true,"href":"https:\/\/rioonwatch.org.br\/index.php?rest_route=%2Fwp%2Fv2%2Fcategories&post=45499"},{"taxonomy":"post_tag","embeddable":true,"href":"https:\/\/rioonwatch.org.br\/index.php?rest_route=%2Fwp%2Fv2%2Ftags&post=45499"},{"taxonomy":"writer","embeddable":true,"href":"https:\/\/rioonwatch.org.br\/index.php?rest_route=%2Fwp%2Fv2%2Fwriter&post=45499"},{"taxonomy":"translator","embeddable":true,"href":"https:\/\/rioonwatch.org.br\/index.php?rest_route=%2Fwp%2Fv2%2Ftranslator&post=45499"},{"taxonomy":"source","embeddable":true,"href":"https:\/\/rioonwatch.org.br\/index.php?rest_route=%2Fwp%2Fv2%2Fsource&post=45499"},{"taxonomy":"ilustrador","embeddable":true,"href":"https:\/\/rioonwatch.org.br\/index.php?rest_route=%2Fwp%2Fv2%2Filustrador&post=45499"},{"taxonomy":"fotografo","embeddable":true,"href":"https:\/\/rioonwatch.org.br\/index.php?rest_route=%2Fwp%2Fv2%2Ffotografo&post=45499"}],"curies":[{"name":"wp","href":"https:\/\/api.w.org\/{rel}","templated":true}]}}