{"id":45616,"date":"2020-03-06T11:12:49","date_gmt":"2020-03-06T14:12:49","guid":{"rendered":"https:\/\/rioonwatch.org.br\/?p=45616"},"modified":"2020-07-27T10:16:02","modified_gmt":"2020-07-27T13:16:02","slug":"heroinas-locais-de-santa-cruz-as-marcias-que-atenderam-favelas-de-antares-e-rola-apos-as-chuvas-viram-filme-video","status":"publish","type":"post","link":"https:\/\/rioonwatch.org.br\/?p=45616","title":{"rendered":"Hero\u00ednas Locais de Santa Cruz, &#8216;As M\u00e1rcias&#8217;, Viram Filme [V\u00cdDEO]"},"content":{"rendered":"<p style=\"text-align: right;\"><em><strong><a href=\"https:\/\/bit.ly\/3bkTNYs\" target=\"_blank\" rel=\"noopener noreferrer\">Click Here for English<\/a><a href=\"https:\/\/bit.ly\/2QzVOrT\" target=\"_blank\" rel=\"noopener noreferrer\"><img decoding=\"async\" width=\"20\" height=\"20\" class=\"alignright wp-image-15790\" src=\"http:\/\/rioonwatch.org.br\/wp-content\/uploads\/2012\/08\/EN-standard-e1439583104716.jpg\" \/><\/a><\/strong><\/em><\/p>\n<p>Este ano as \u00e1guas de mar\u00e7o vieram fechar o ver\u00e3o de forma inusitada. Nos primeiros dias de mar\u00e7o <a href=\"http:\/\/bit.ly\/36eqDIG\" target=\"_blank\" rel=\"noopener noreferrer\">fortes chuvas arrasaram<\/a> uma parte consider\u00e1vel da Grande Rio. A <a href=\"http:\/\/bit.ly\/32JVvht\" target=\"_blank\" rel=\"noopener noreferrer\">Baixada Fluminense<\/a> foi <a href=\"http:\/\/bit.ly\/2wxTGJV\" target=\"_blank\" rel=\"noopener noreferrer\">fortemente afetada<\/a>, principalmente o munic\u00edpio de Mesquita, no qual a chuva <a href=\"http:\/\/bit.ly\/2Tm8nsz\" target=\"_blank\" rel=\"noopener noreferrer\">abriu crateras<\/a>, arrastou carros e <a href=\"http:\/\/bit.ly\/2TzUJB2\" target=\"_blank\" rel=\"noopener noreferrer\">levou \u00e0 morte<\/a> por deslizamento Mizael Xavier, de 62 anos.<\/p>\n<p>No Rio, foi a <a href=\"http:\/\/bit.ly\/2x3k8bw\" target=\"_blank\" rel=\"noopener noreferrer\">Zona Oeste<\/a> a regi\u00e3o mais atingida, contando tamb\u00e9m com <a href=\"http:\/\/bit.ly\/2TzUJB2\" target=\"_blank\" rel=\"noopener noreferrer\">registro de casos fatais<\/a>. A idosa Wania Nunes, de 75 anos, morreu eletrocutada na <a href=\"http:\/\/bit.ly\/2Ih14w9\" target=\"_blank\" rel=\"noopener noreferrer\">Taquara<\/a>, mas ainda n\u00e3o se sabe o que casou a descarga el\u00e9trica. No bairro do Tanque, Fl\u00e1vio Gon\u00e7alves, de 50 anos, veio a \u00f3bito ap\u00f3s um deslizamento de um barranco que derrubou a parede do quarto em que dormia.<\/p>\n<p>A Zona Oeste tem um triste <a href=\"http:\/\/bit.ly\/2PNH743\" target=\"_blank\" rel=\"noopener noreferrer\">hist\u00f3rico<\/a> de ser fortemente castigada pelas chuvas. Em <a href=\"http:\/\/bit.ly\/2KBbE3k\" target=\"_blank\" rel=\"noopener noreferrer\">abril de 2019<\/a>, fortes chuvas provocaram <a href=\"https:\/\/glo.bo\/2OZNFed\" target=\"_blank\" rel=\"noopener noreferrer\">destrui\u00e7\u00e3o e duas mortes<\/a> em <a href=\"http:\/\/bit.ly\/2IUYpbd\" target=\"_blank\" rel=\"noopener noreferrer\">Santa Cruz<\/a>, quando foi registrada a maior chuva na cidade do Rio em 22 anos. Na ocasi\u00e3o, at\u00e9 barcos viraram\u00a0meios de transportes para os moradores, j\u00e1 que bairro inteiro foi tomado pela \u00e1gua.<\/p>\n<p><a href=\"https:\/\/rioonwatch.org.br\/wp-content\/uploads\/2020\/03\/Videos-captados-por-moradores.png\"><img fetchpriority=\"high\" decoding=\"async\" class=\"aligncenter wp-image-45686\" title=\"V\u00eddeos das chuvas em Antares captados por moradores. Imagens do teaser 'As M\u00e1rcias'\" src=\"https:\/\/rioonwatch.org.br\/wp-content\/uploads\/2020\/03\/Videos-captados-por-moradores.png\" alt=\"\" width=\"620\" height=\"536\" srcset=\"https:\/\/rioonwatch.org.br\/wp-content\/uploads\/2020\/03\/Videos-captados-por-moradores.png 1076w, https:\/\/rioonwatch.org.br\/wp-content\/uploads\/2020\/03\/Videos-captados-por-moradores-305x264.png 305w, https:\/\/rioonwatch.org.br\/wp-content\/uploads\/2020\/03\/Videos-captados-por-moradores-620x536.png 620w, https:\/\/rioonwatch.org.br\/wp-content\/uploads\/2020\/03\/Videos-captados-por-moradores-768x665.png 768w, https:\/\/rioonwatch.org.br\/wp-content\/uploads\/2020\/03\/Videos-captados-por-moradores-1024x886.png 1024w\" sizes=\"(max-width: 620px) 100vw, 620px\" \/><\/a><\/p>\n<p>Para mudar essa triste realidade, as favelas da regi\u00e3o vem contando com a for\u00e7a da mobiliza\u00e7\u00e3o de moradores. Um desses \u00e9 Thiago de Jesus, de 31 anos, ativista sociocultural e roteirista que desde os 16 anos atua \u00e0 frente de projetos sociais para impactar positivamente as favelas do Rollas e de <a href=\"http:\/\/bit.ly\/2GeIOmH\" target=\"_blank\" rel=\"noopener noreferrer\">Antares<\/a>, em Santa Cruz\u2014Thiago mora em uma avenida que corta a favela do Rollas.<\/p>\n<p><a href=\"https:\/\/rioonwatch.org.br\/wp-content\/uploads\/2020\/03\/Thiago-de-Jesus-com-doac\u0327o\u0303es.jpg\"><img decoding=\"async\" class=\"alignright wp-image-45671 size-thumbnail\" title=\" Thiago de Jesus em dia de arrecada\u00e7\u00e3o e entrega de doa\u00e7\u00f5es para afetados pela chuva em abril de 2019, Antares e Rollas. Foto: Thiago de Jesus\" src=\"https:\/\/rioonwatch.org.br\/wp-content\/uploads\/2020\/03\/Thiago-de-Jesus-com-doac\u0327o\u0303es-149x264.jpg\" alt=\"\" width=\"149\" height=\"264\" srcset=\"https:\/\/rioonwatch.org.br\/wp-content\/uploads\/2020\/03\/Thiago-de-Jesus-com-doac\u0327o\u0303es-149x264.jpg 149w, https:\/\/rioonwatch.org.br\/wp-content\/uploads\/2020\/03\/Thiago-de-Jesus-com-doac\u0327o\u0303es-349x620.jpg 349w, https:\/\/rioonwatch.org.br\/wp-content\/uploads\/2020\/03\/Thiago-de-Jesus-com-doac\u0327o\u0303es-576x1024.jpg 576w, https:\/\/rioonwatch.org.br\/wp-content\/uploads\/2020\/03\/Thiago-de-Jesus-com-doac\u0327o\u0303es.jpg 720w\" sizes=\"(max-width: 149px) 100vw, 149px\" \/><\/a>Em 2019, ao ver amigos perdendo tudo, at\u00e9 a vida, por conta da chuva, Thiago diz que precisou agir. \u201cEu precisava fazer algo. A mobiliza\u00e7\u00e3o come\u00e7ou quando n\u00f3s vimos a gravidade da situa\u00e7\u00e3o. Eu juntei um grupo de amigos e come\u00e7amos a resgatar as pessoas e correr atr\u00e1s para dar comida e roupas para essas pessoas que perderam tudo. A\u00ed a mobiliza\u00e7\u00e3o foi se espalhando nas redes sociais e muitas pessoas chegaram para somar com a gente\u201d.<\/p>\n<p>O agitador cultural arrecadou colch\u00e3o, fog\u00e3o, sof\u00e1, roupas, cama e cestas b\u00e1sicas. A cobran\u00e7a pela a\u00e7\u00e3o do Estado foi feita, mas os moradores est\u00e3o h\u00e1 quase um ano esperando resposta. \u201cO poder p\u00fablico n\u00e3o ajudou, <a href=\"http:\/\/bit.ly\/2QfSSPC\" target=\"_blank\" rel=\"noopener noreferrer\">a burocracia e a politicagem atrapalharam e atrapalham<\/a> at\u00e9 hoje. Tem pessoas que ainda est\u00e3o morando nos barracos de madeira, n\u00e3o conseguiram o aluguel social. Continuam nessa situa\u00e7\u00e3o cr\u00edtica\u201d, conta ele.<\/p>\n<p><a href=\"https:\/\/rioonwatch.org.br\/wp-content\/uploads\/2020\/03\/Cinema-de-Thiago-de-Jesus.jpg\"><img loading=\"lazy\" decoding=\"async\" class=\"alignright wp-image-45672\" title=\"Projeto do Thiago De Jesus leva cinema e games para as comunidades Antares e Rola com objetivo de gerar mais cultura e entretenimento no local. Foto: Arquivo Thiago de Jesus\" src=\"https:\/\/rioonwatch.org.br\/wp-content\/uploads\/2020\/03\/Cinema-de-Thiago-de-Jesus-264x264.jpg\" alt=\"\" width=\"149\" height=\"149\" srcset=\"https:\/\/rioonwatch.org.br\/wp-content\/uploads\/2020\/03\/Cinema-de-Thiago-de-Jesus-264x264.jpg 264w, https:\/\/rioonwatch.org.br\/wp-content\/uploads\/2020\/03\/Cinema-de-Thiago-de-Jesus-620x620.jpg 620w, https:\/\/rioonwatch.org.br\/wp-content\/uploads\/2020\/03\/Cinema-de-Thiago-de-Jesus.jpg 711w\" sizes=\"(max-width: 149px) 100vw, 149px\" \/><\/a>Para quem est\u00e1 habituado a trabalhar com o cinema, todo esse enredo poderia dar um filme. E foi exatamente o que aconteceu: Thiago decidiu roteirizar \u201cAs M\u00e1rcias\u201d com ajuda de alguns amigos. O filme conta a hist\u00f3ria de duas mulheres que t\u00eam em comum n\u00e3o s\u00f3 o nome M\u00e1rcia, mas tamb\u00e9m a vontade de ajudar e promover o desenvolvimento das comunidades onde moram, nas favelas do Rollas e de Antares.<\/p>\n<p><a href=\"https:\/\/rioonwatch.org.br\/wp-content\/uploads\/2020\/03\/Paisagem-e-ponte-Antares.png\"><img loading=\"lazy\" decoding=\"async\" class=\"aligncenter wp-image-45679 size-content\" title=\"Imagem do filme 'As M\u00e1rcias'\" src=\"https:\/\/rioonwatch.org.br\/wp-content\/uploads\/2020\/03\/Paisagem-e-ponte-Antares-620x264.png\" alt=\"\" width=\"620\" height=\"264\" srcset=\"https:\/\/rioonwatch.org.br\/wp-content\/uploads\/2020\/03\/Paisagem-e-ponte-Antares-620x264.png 620w, https:\/\/rioonwatch.org.br\/wp-content\/uploads\/2020\/03\/Paisagem-e-ponte-Antares-940x400.png 940w\" sizes=\"(max-width: 620px) 100vw, 620px\" \/><\/a><\/p>\n<p>&#8220;A ideia de produzir um filme surgiu quando eu estava no local ajudando as pessoas e vi que n\u00e3o era s\u00f3 eu naquela de luta, vi que tinham muitos her\u00f3is an\u00f4nimos arriscando as suas vidas para auxiliar os moradores da comunidade. Eu queria mostrar a luta e a supera\u00e7\u00e3o desse povo guerreiro\u201d, conta Thiago.<\/p>\n<p><img loading=\"lazy\" decoding=\"async\" class=\"aligncenter wp-image-45674 size-content\" title=\"Grava\u00e7\u00e3o do filme As M\u00e1rcias, na linha do trem em Santa Cruz. Foto: Vitor Tavares\" src=\"https:\/\/rioonwatch.org.br\/wp-content\/uploads\/2020\/03\/Marcias-620x264.jpg\" alt=\"\" width=\"620\" height=\"264\" srcset=\"https:\/\/rioonwatch.org.br\/wp-content\/uploads\/2020\/03\/Marcias-620x264.jpg 620w, https:\/\/rioonwatch.org.br\/wp-content\/uploads\/2020\/03\/Marcias-940x400.jpg 940w\" sizes=\"(max-width: 620px) 100vw, 620px\" \/><\/p>\n<p>As personagens s\u00e3o lideran\u00e7as em suas comunidades e refer\u00eancia entre os moradores. Assim como muitas pessoas que perderam tudo nas chuvas, as M\u00e1rcias tamb\u00e9m sofreram, mas abriram suas casas para que se tornassem um ponto de acolhimento para as fam\u00edlias das comunidades.<\/p>\n<p>Uma das hero\u00ednas desta hist\u00f3ria \u00e9 Marcia Bezerra, 58 anos, dona de casa e moradora da Portelinha, em Antares. &#8220;Eu aqui na Portelinha sou conhecida como a prefeita do lugar. Moro na Portelinha h\u00e1 19 anos&#8221;. Por sorte ela n\u00e3o perdeu nenhum bem material nas chuvas, ao contr\u00e1rio dos seus vizinhos, que n\u00e3o conseguiram resguardar praticamente nada. \u201cAjudei muita gente que perdeu tudo. Conseguimos roupas, cal\u00e7ados e alimenta\u00e7\u00e3o para todos que precisaram. Moro em uma comunidade e junto com a outra M\u00e1rcia e o Thiago corremos pra l\u00e1 e pra c\u00e1 para levar sopa para o povo sem esperan\u00e7a. Andamos na chuva e eu queria poder ajudar mais&#8221;, conta ela.<\/p>\n<p><img loading=\"lazy\" decoding=\"async\" class=\"aligncenter wp-image-45682 size-content\" title=\"M\u00e1rcia Bezerra. Imagem do filme 'As M\u00e1rcias'\" src=\"https:\/\/rioonwatch.org.br\/wp-content\/uploads\/2020\/03\/Marcia-620x264.png\" alt=\"\" width=\"620\" height=\"264\" srcset=\"https:\/\/rioonwatch.org.br\/wp-content\/uploads\/2020\/03\/Marcia-620x264.png 620w, https:\/\/rioonwatch.org.br\/wp-content\/uploads\/2020\/03\/Marcia-1030x438.png 1030w, https:\/\/rioonwatch.org.br\/wp-content\/uploads\/2020\/03\/Marcia-940x400.png 940w\" sizes=\"(max-width: 620px) 100vw, 620px\" \/><\/p>\n<p>M\u00e1rcia Bezerra teve sua trajet\u00f3ria de vida narrada pelas lentes da c\u00e2mera ap\u00f3s uma visita de Thiago a sua casa. \u201cEu cheguei no filme atrav\u00e9s do Thiago. Ele veio aqui em casa e trouxe v\u00e1rios objetos para doa\u00e7\u00e3o, mas n\u00e3o me conhecia. Come\u00e7amos a conversar e eu disse que gostava de ajudar ao pr\u00f3ximo. Na outra semana Thiago falou: &#8216;Voc\u00ea toparia fazer um filme?\u2019. Eu aceitei. Eu sempre tive uma vida muito louca, jamais imaginei que pudesse chegar t\u00e3o longe. De tudo que eu vivi o filme foi a coisa mais importante que aconteceu comigo\u201d, relata.<\/p>\n<p><img loading=\"lazy\" decoding=\"async\" class=\"aligncenter wp-image-45669 size-content\" title=\"M\u00e1rcia Bezerra na entrega de sopas para afetados pelas enchentes em abril de 2019, linha do BRT. Foto: Arquivo pessoal M\u00e1rcia Bezerra\" src=\"https:\/\/rioonwatch.org.br\/wp-content\/uploads\/2020\/03\/Marcia-Bezerra-620x264.jpg\" alt=\"\" width=\"620\" height=\"264\" srcset=\"https:\/\/rioonwatch.org.br\/wp-content\/uploads\/2020\/03\/Marcia-Bezerra-620x264.jpg 620w, https:\/\/rioonwatch.org.br\/wp-content\/uploads\/2020\/03\/Marcia-Bezerra-940x400.jpg 940w\" sizes=\"(max-width: 620px) 100vw, 620px\" \/><\/p>\n<p>A vida e a obra de M\u00e1rcia Bezerra, por sua vez, se entrela\u00e7am ao longo do curta metragem. A dona de casa e moradora de Antares carrega como marca a sensibilidade e a solidariedade. &#8220;Cheguei aos meus 58 anos por uma d\u00e1diva. Auxiliar as pessoas \u00e9 algo que vem de dentro. Devido \u00e0 vida que eu tive\u2014j\u00e1 fui casada com um criminoso, tudo muito cruel\u2014eu percebi que tinha como mudar essa hist\u00f3ria&#8221;, conta ela.<\/p>\n<p><a href=\"https:\/\/rioonwatch.org.br\/wp-content\/uploads\/2020\/03\/Marcia-2.png\"><img loading=\"lazy\" decoding=\"async\" class=\"aligncenter wp-image-45681 size-content\" title=\"M\u00e1rcia Azevedo. Imagem do filme 'As M\u00e1rcias'\" src=\"https:\/\/rioonwatch.org.br\/wp-content\/uploads\/2020\/03\/Marcia-2-620x264.png\" alt=\"\" width=\"620\" height=\"264\" srcset=\"https:\/\/rioonwatch.org.br\/wp-content\/uploads\/2020\/03\/Marcia-2-620x264.png 620w, https:\/\/rioonwatch.org.br\/wp-content\/uploads\/2020\/03\/Marcia-2-940x400.png 940w\" sizes=\"(max-width: 620px) 100vw, 620px\" \/><\/a><\/p>\n<p>Marcia Bezerra destaca sua parceira de filme Marcia Azevedo como exemplo de supera\u00e7\u00e3o. &#8220;A M\u00e1rcia Azevedo \u00e9 gente fin\u00edssima, ela sempre foi mais voltada para o lado social. Nas enchentes de 2019, fizemos o que pod\u00edamos para o povo daqui. M\u00e1rcia Azevedo \u00e9 uma grande mulher\u201d, finaliza.<\/p>\n<p><a href=\"https:\/\/rioonwatch.org.br\/wp-content\/uploads\/2020\/03\/Marcia-acessorando-criancas.png\"><img loading=\"lazy\" decoding=\"async\" class=\"aligncenter wp-image-45680 size-content\" title=\"M\u00e1rcia Azevedo atendendo crian\u00e7as. Imagem do filme 'As M\u00e1rcias'\" src=\"https:\/\/rioonwatch.org.br\/wp-content\/uploads\/2020\/03\/Marcia-acessorando-criancas-620x264.png\" alt=\"\" width=\"620\" height=\"264\" srcset=\"https:\/\/rioonwatch.org.br\/wp-content\/uploads\/2020\/03\/Marcia-acessorando-criancas-620x264.png 620w, https:\/\/rioonwatch.org.br\/wp-content\/uploads\/2020\/03\/Marcia-acessorando-criancas-940x400.png 940w\" sizes=\"(max-width: 620px) 100vw, 620px\" \/><\/a><\/p>\n<p>Os dois territ\u00f3rios vizinhos ainda s\u00e3o alvos de disputa por controle territorial por grupos civis armados e ao mesmo tempo s\u00e3o v\u00edtimas de <a href=\"http:\/\/bit.ly\/2SQgjC0\" target=\"_blank\" rel=\"noopener noreferrer\">neglig\u00eancia da parte dos governantes<\/a>. &#8220;Somos esquecidos pelo poder p\u00fablico, que <a href=\"http:\/\/bit.ly\/2woGqHi\" target=\"_blank\" rel=\"noopener noreferrer\">s\u00f3 aparece em tempo de elei\u00e7\u00e3o<\/a>. Falta de tudo, mas o que mais falta s\u00e3o nas \u00e1reas de cultura, esporte e lazer. Eu vi que isso transforma vidas e d\u00e1 dignidades \u00e0s pessoas\u201d, reflete M\u00e1rcia Bezerra.<\/p>\n<p><a href=\"https:\/\/rioonwatch.org.br\/wp-content\/uploads\/2020\/03\/Gravacao-as-Marcias-2.jpg\"><img loading=\"lazy\" decoding=\"async\" class=\"aligncenter wp-image-45667 size-content\" title=\"Grava\u00e7\u00e3o do filme As M\u00e1rcias. Foto: Vitor Tavares\" src=\"https:\/\/rioonwatch.org.br\/wp-content\/uploads\/2020\/03\/Gravacao-as-Marcias-2-620x264.jpg\" alt=\"\" width=\"620\" height=\"264\" srcset=\"https:\/\/rioonwatch.org.br\/wp-content\/uploads\/2020\/03\/Gravacao-as-Marcias-2-620x264.jpg 620w, https:\/\/rioonwatch.org.br\/wp-content\/uploads\/2020\/03\/Gravacao-as-Marcias-2-940x400.jpg 940w\" sizes=\"(max-width: 620px) 100vw, 620px\" \/><\/a><\/p>\n<p>Thiago, na mesma linha de cr\u00edtica \u00e0 falta de investimento p\u00fablico, tamb\u00e9m descreve o cen\u00e1rio do <a href=\"http:\/\/bit.ly\/2BNVFJP\" target=\"_blank\" rel=\"noopener noreferrer\">audiovisual na periferia<\/a>: \u201cA Zona Oeste \u00e9 uma zona perif\u00e9rica. Antes de fazer esse projeto eu n\u00e3o tinha no\u00e7\u00e3o sobre como trabalhar com audiovisual e a falta de informa\u00e7\u00e3o e cursos dispon\u00edveis foi o que mais me frustrou nesse processo\u201d, diz ele.<\/p>\n<p>Para Marcia Bezerra, programas de inclus\u00e3o social para jovens moradores das favelas deveriam ser prioridades nas pol\u00edticas dos governos atuais. \u201cEu gostaria que os jovens pudessem se ocupar de um jeito que englobasse cultura, educa\u00e7\u00e3o e lazer. A juventude precisa ter uma ocupa\u00e7\u00e3o com estrutura para n\u00e3o pensar no erro. Eu gostaria de deixar essa fala para os governantes, que olhassem para Santa Cruz. E para os jovens, para que eles ajam para serem algu\u00e9m no futuro&#8221;.<\/p>\n<p><a href=\"https:\/\/rioonwatch.org.br\/wp-content\/uploads\/2020\/03\/Gravacao-As-Marcias-na-Linha-de-Trem-Santa-Cruz.jpg\"><img loading=\"lazy\" decoding=\"async\" class=\"aligncenter wp-image-45666\" title=\"Grava\u00e7\u00e3o do filme As M\u00e1rcias, na linha do trem em Santa Cruz. Foto: Vitor Tavares\" src=\"https:\/\/rioonwatch.org.br\/wp-content\/uploads\/2020\/03\/Gravacao-As-Marcias-na-Linha-de-Trem-Santa-Cruz.jpg\" alt=\"\" width=\"620\" height=\"349\" srcset=\"https:\/\/rioonwatch.org.br\/wp-content\/uploads\/2020\/03\/Gravacao-As-Marcias-na-Linha-de-Trem-Santa-Cruz.jpg 1032w, https:\/\/rioonwatch.org.br\/wp-content\/uploads\/2020\/03\/Gravacao-As-Marcias-na-Linha-de-Trem-Santa-Cruz-469x264.jpg 469w, https:\/\/rioonwatch.org.br\/wp-content\/uploads\/2020\/03\/Gravacao-As-Marcias-na-Linha-de-Trem-Santa-Cruz-620x349.jpg 620w, https:\/\/rioonwatch.org.br\/wp-content\/uploads\/2020\/03\/Gravacao-As-Marcias-na-Linha-de-Trem-Santa-Cruz-768x432.jpg 768w, https:\/\/rioonwatch.org.br\/wp-content\/uploads\/2020\/03\/Gravacao-As-Marcias-na-Linha-de-Trem-Santa-Cruz-1024x576.jpg 1024w, https:\/\/rioonwatch.org.br\/wp-content\/uploads\/2020\/03\/Gravacao-As-Marcias-na-Linha-de-Trem-Santa-Cruz-580x326.jpg 580w, https:\/\/rioonwatch.org.br\/wp-content\/uploads\/2020\/03\/Gravacao-As-Marcias-na-Linha-de-Trem-Santa-Cruz-174x98.jpg 174w\" sizes=\"(max-width: 620px) 100vw, 620px\" \/><\/a><\/p>\n<p>Lugares de afeto para Thiago, al\u00e9m da import\u00e2ncia para sua forma\u00e7\u00e3o pessoal e profissional, o Antares e o Rollas lhe ensinaram uma li\u00e7\u00e3o sobre uni\u00e3o. \u201cFicou comprovado que a uni\u00e3o faz for\u00e7a. A rapaziada teve um pouco mais de dignidade com ajuda que tiveram. Eles agora sabem que podem contar com amigos para todas as horas. A import\u00e2ncia de mudar a realidade e a vida das pessoas menos favorecidas \u00e9 meu maior pr\u00eamio&#8221;, diz ele.<\/p>\n<p>E conclui: &#8220;O Antares e o Rollas n\u00e3o s\u00f3 t\u00eam marginais, s\u00e3o lugares de gente guerreira que vence a cada dia todas as dificuldades de morar em uma zona perif\u00e9rica. E mesmo com todas as dificuldades eles sentem orgulho de morar nas suas comunidades\u201d.<\/p>\n<p><a href=\"https:\/\/rioonwatch.org.br\/wp-content\/uploads\/2020\/03\/Gravacao-as-Marcias-em-casa.jpg\"><img loading=\"lazy\" decoding=\"async\" class=\"aligncenter wp-image-45665\" title=\"Grava\u00e7\u00e3o do filme As M\u00e1rcias, na casa de uma das personagens. Foto: Vitor Tavares\" src=\"https:\/\/rioonwatch.org.br\/wp-content\/uploads\/2020\/03\/Gravacao-as-Marcias-em-casa.jpg\" alt=\"\" width=\"620\" height=\"349\" srcset=\"https:\/\/rioonwatch.org.br\/wp-content\/uploads\/2020\/03\/Gravacao-as-Marcias-em-casa.jpg 1280w, https:\/\/rioonwatch.org.br\/wp-content\/uploads\/2020\/03\/Gravacao-as-Marcias-em-casa-469x264.jpg 469w, https:\/\/rioonwatch.org.br\/wp-content\/uploads\/2020\/03\/Gravacao-as-Marcias-em-casa-620x349.jpg 620w, https:\/\/rioonwatch.org.br\/wp-content\/uploads\/2020\/03\/Gravacao-as-Marcias-em-casa-768x432.jpg 768w, https:\/\/rioonwatch.org.br\/wp-content\/uploads\/2020\/03\/Gravacao-as-Marcias-em-casa-1024x576.jpg 1024w, https:\/\/rioonwatch.org.br\/wp-content\/uploads\/2020\/03\/Gravacao-as-Marcias-em-casa-580x326.jpg 580w, https:\/\/rioonwatch.org.br\/wp-content\/uploads\/2020\/03\/Gravacao-as-Marcias-em-casa-174x98.jpg 174w\" sizes=\"(max-width: 620px) 100vw, 620px\" \/><\/a><\/p>\n<p>Conviver com a incerteza de n\u00e3o saber quanto tempo sua moradia <a href=\"http:\/\/bit.ly\/2ESyFes\" target=\"_blank\" rel=\"noopener noreferrer\">ir\u00e1 aguentar em uma encosta<\/a> e com o risco de perder todos os m\u00f3veis e documentos \u00e9 uma dura realidade a que muitos moradores da Zona Oeste e de favelas em outras partes do Rio s\u00e3o expostos. \u00c9 preciso constantemente cobrar que o poder p\u00fablico esteja ao lado dos afetados por cat\u00e1strofes naturais e dar voz aqueles que v\u00eam sendo silenciados h\u00e1 muito tempo.<\/p>\n<p><a href=\"https:\/\/rioonwatch.org.br\/wp-content\/uploads\/2020\/03\/Moradora-Joselha-perdeu-pertences-na-enchente.png\"><img loading=\"lazy\" decoding=\"async\" class=\"aligncenter wp-image-45678 size-content\" title=\"Moradora Joselha perdeu pertences na enchente. Imagem do filme 'As M\u00e1rcias'\" src=\"https:\/\/rioonwatch.org.br\/wp-content\/uploads\/2020\/03\/Moradora-Joselha-perdeu-pertences-na-enchente-620x264.png\" alt=\"\" width=\"620\" height=\"264\" srcset=\"https:\/\/rioonwatch.org.br\/wp-content\/uploads\/2020\/03\/Moradora-Joselha-perdeu-pertences-na-enchente-620x264.png 620w, https:\/\/rioonwatch.org.br\/wp-content\/uploads\/2020\/03\/Moradora-Joselha-perdeu-pertences-na-enchente-940x400.png 940w\" sizes=\"(max-width: 620px) 100vw, 620px\" \/><\/a><\/p>\n<p>Fechar crateras, asfaltar, criar infraestrutura de saneamento b\u00e1sico e preven\u00e7\u00e3o de doen\u00e7as infecciosas s\u00e3o medidas simples, <a href=\"http:\/\/bit.ly\/2uSJJGz\" target=\"_blank\" rel=\"noopener noreferrer\">mas pouco efetivadas<\/a> em termos de pol\u00edticas p\u00fablicas. 2020 \u00e9 um ano emblem\u00e1tico, no sentido que teremos novas elei\u00e7\u00f5es municipais. Aguardamos que as promessas de campanha e os votos de esperan\u00e7a dos cidad\u00e3os n\u00e3o acabem sendo levados por \u00e1gua a baixo, acabando como nosso estado submerso.<\/p>\n<h3>Assista ao teaser do filme \u201cAs M\u00e1rcias\u201d <a href=\"http:\/\/bit.ly\/2wrAYUn\" target=\"_blank\" rel=\"noopener noreferrer\">aqui<\/a>:<\/h3>\n<p><iframe src=\"https:\/\/drive.google.com\/file\/d\/1OM6nQ-QtD_vdg5NyocpvSy62TDo7VUrS\/preview\" width=\"620\" height=\"466\"><span data-mce-type=\"bookmark\" style=\"display: inline-block; width: 0px; overflow: hidden; line-height: 0;\" class=\"mce_SELRES_start\">\ufeff<\/span><\/iframe><\/p>\n<hr \/>\n<h4>Apoie o jornalismo hiperlocal, cr\u00edtico, inovador e incans\u00e1vel do\u00a0<em>RioOnWatch<\/em>. #QueroReportagensSobreFavelas\u2014<a href=\"http:\/\/bit.ly\/CatalisandoComunidades\">doe aqui<\/a>.<\/h4>\n<!-- AddThis Advanced Settings generic via filter on the_content --><!-- AddThis Share Buttons generic via filter on the_content -->","protected":false},"excerpt":{"rendered":"<div class=\"mh-excerpt\"><p>Click Here for English Este ano as \u00e1guas de mar\u00e7o vieram fechar o ver\u00e3o de forma inusitada. Nos primeiros dias de mar\u00e7o fortes chuvas arrasaram uma parte consider\u00e1vel da Grande Rio. A Baixada Fluminense foi <a class=\"mh-excerpt-more\" href=\"https:\/\/rioonwatch.org.br\/?p=45616\" title=\"Hero\u00ednas Locais de Santa Cruz, &#8216;As M\u00e1rcias&#8217;, Viram Filme [V\u00cdDEO]\">[&#8230;]<\/a><!-- AddThis Advanced Settings generic via filter on get_the_excerpt --><!-- AddThis Share Buttons generic via filter on get_the_excerpt --><\/p>\n<\/div>","protected":false},"author":152,"featured_media":45682,"comment_status":"closed","ping_status":"closed","sticky":false,"template":"","format":"standard","meta":{"_acf_changed":false,"_monsterinsights_skip_tracking":false,"_monsterinsights_sitenote_active":false,"_monsterinsights_sitenote_note":"","_monsterinsights_sitenote_category":0,"footnotes":""},"categories":[1621,1625,344,1616,342,1638],"tags":[17,2613,959,11,50,81,2044,316,457,480,965,292,1368,1372,719,106,1151,417,758,838,2747,427,2746,134,380,476,1911,2167,184],"writer":[2466],"translator":[],"source":[],"ilustrador":[],"fotografo":[],"class_list":{"0":"post-45616","1":"post","2":"type-post","3":"status-publish","4":"format-standard","5":"has-post-thumbnail","7":"category-destaque","8":"category-por-correspondentes-comunitarios","9":"category-politicas","10":"category-qualidades-da-favela","11":"category-solucoes","12":"category-video","13":"tag-aluguel-social","14":"tag-antares","15":"tag-baixada-fluminense","16":"tag-chuvas","17":"tag-cinema","18":"tag-cultura","19":"tag-desenvolvimento","20":"tag-educacao","21":"tag-eleicoes","22":"tag-eleitoreiro","23":"tag-enchente","24":"tag-esporte","25":"tag-filme","26":"tag-grande-rio","27":"tag-lazer","28":"tag-meio-ambiente","29":"tag-organizacao","30":"tag-negligencia-do-estado","31":"tag-orgulho-comunitario","32":"tag-politica-publica","33":"tag-portelinha","34":"tag-risco-de-deslizamento","35":"tag-favela-do-rola","36":"tag-santa-cruz","37":"tag-solidariedade","38":"tag-solucao-comunitaria","39":"tag-taquara","40":"tag-uniao","41":"tag-zona-oeste","42":"writer-beatriz-carvalho"},"acf":[],"yoast_head":"<!-- This site is optimized with the Yoast SEO plugin v25.6 - https:\/\/yoast.com\/wordpress\/plugins\/seo\/ -->\n<title>Hero\u00ednas Locais de Santa Cruz, &#039;As M\u00e1rcias&#039;, Viram Filme [V\u00cdDEO] - RioOnWatch<\/title>\n<meta name=\"robots\" content=\"index, follow, max-snippet:-1, max-image-preview:large, max-video-preview:-1\" \/>\n<link rel=\"canonical\" href=\"https:\/\/rioonwatch.org.br\/?p=45616\" \/>\n<meta property=\"og:locale\" content=\"pt_BR\" \/>\n<meta property=\"og:type\" content=\"article\" \/>\n<meta property=\"og:title\" content=\"Hero\u00ednas Locais de Santa Cruz, &#039;As M\u00e1rcias&#039;, Viram Filme [V\u00cdDEO] - RioOnWatch\" \/>\n<meta property=\"og:description\" content=\"Click Here for English Este ano as \u00e1guas de mar\u00e7o vieram fechar o ver\u00e3o de forma inusitada. Nos primeiros dias de mar\u00e7o fortes chuvas arrasaram uma parte consider\u00e1vel da Grande Rio. A Baixada Fluminense foi [...]\" \/>\n<meta property=\"og:url\" content=\"https:\/\/rioonwatch.org.br\/?p=45616\" \/>\n<meta property=\"og:site_name\" content=\"RioOnWatch\" \/>\n<meta property=\"article:published_time\" content=\"2020-03-06T14:12:49+00:00\" \/>\n<meta property=\"article:modified_time\" content=\"2020-07-27T13:16:02+00:00\" \/>\n<meta property=\"og:image\" content=\"https:\/\/rioonwatch.org.br\/wp-content\/uploads\/2020\/03\/Marcia.png\" \/>\n\t<meta property=\"og:image:width\" content=\"1908\" \/>\n\t<meta property=\"og:image:height\" content=\"796\" \/>\n\t<meta property=\"og:image:type\" content=\"image\/png\" \/>\n<meta name=\"author\" content=\"Luisa Fenizola\" \/>\n<meta name=\"twitter:card\" content=\"summary_large_image\" \/>\n<meta name=\"twitter:label1\" content=\"Escrito por\" \/>\n\t<meta name=\"twitter:data1\" content=\"Luisa Fenizola\" \/>\n\t<meta name=\"twitter:label2\" content=\"Est. tempo de leitura\" \/>\n\t<meta name=\"twitter:data2\" content=\"7 minutos\" \/>\n<script type=\"application\/ld+json\" class=\"yoast-schema-graph\">{\"@context\":\"https:\/\/schema.org\",\"@graph\":[{\"@type\":\"Article\",\"@id\":\"https:\/\/rioonwatch.org.br\/?p=45616#article\",\"isPartOf\":{\"@id\":\"https:\/\/rioonwatch.org.br\/?p=45616\"},\"author\":{\"name\":\"Luisa Fenizola\",\"@id\":\"https:\/\/rioonwatch.org.br\/#\/schema\/person\/f443c6b55bb6e80842280318076491c5\"},\"headline\":\"Hero\u00ednas Locais de Santa Cruz, &#8216;As M\u00e1rcias&#8217;, Viram Filme [V\u00cdDEO]\",\"datePublished\":\"2020-03-06T14:12:49+00:00\",\"dateModified\":\"2020-07-27T13:16:02+00:00\",\"mainEntityOfPage\":{\"@id\":\"https:\/\/rioonwatch.org.br\/?p=45616\"},\"wordCount\":1497,\"publisher\":{\"@id\":\"https:\/\/rioonwatch.org.br\/#organization\"},\"image\":{\"@id\":\"https:\/\/rioonwatch.org.br\/?p=45616#primaryimage\"},\"thumbnailUrl\":\"https:\/\/rioonwatch.org.br\/wp-content\/uploads\/2020\/03\/Marcia.png\",\"keywords\":[\"Aluguel social\",\"Antares\",\"Baixada Fluminense\",\"chuvas\",\"cinema\",\"cultura\",\"desenvolvimento\",\"educa\u00e7\u00e3o\",\"Elei\u00e7\u00f5es\",\"eleitoralismo\",\"enchente\",\"esporte\",\"filme\",\"Grande Rio\",\"lazer\",\"meio ambiente\",\"mobiliza\u00e7\u00e3o\",\"Neglig\u00eancia do Estado\",\"orgulho comunit\u00e1rio\",\"pol\u00edtica p\u00fablica\",\"Portelinha\",\"risco de deslizamento\",\"Rollas\",\"Santa Cruz\",\"solidariedade\",\"solu\u00e7\u00e3o comunit\u00e1ria\",\"Taquara\",\"uni\u00e3o\",\"Zona Oeste\"],\"articleSection\":[\"*Destaque\",\"Escrito por Comunicadores Populares\",\"Pol\u00edticas\",\"Qualidades da Favela\",\"Solu\u00e7\u00f5es\",\"V\u00eddeo\"],\"inLanguage\":\"pt-BR\"},{\"@type\":\"WebPage\",\"@id\":\"https:\/\/rioonwatch.org.br\/?p=45616\",\"url\":\"https:\/\/rioonwatch.org.br\/?p=45616\",\"name\":\"Hero\u00ednas Locais de Santa Cruz, 'As M\u00e1rcias', Viram Filme [V\u00cdDEO] - RioOnWatch\",\"isPartOf\":{\"@id\":\"https:\/\/rioonwatch.org.br\/#website\"},\"primaryImageOfPage\":{\"@id\":\"https:\/\/rioonwatch.org.br\/?p=45616#primaryimage\"},\"image\":{\"@id\":\"https:\/\/rioonwatch.org.br\/?p=45616#primaryimage\"},\"thumbnailUrl\":\"https:\/\/rioonwatch.org.br\/wp-content\/uploads\/2020\/03\/Marcia.png\",\"datePublished\":\"2020-03-06T14:12:49+00:00\",\"dateModified\":\"2020-07-27T13:16:02+00:00\",\"breadcrumb\":{\"@id\":\"https:\/\/rioonwatch.org.br\/?p=45616#breadcrumb\"},\"inLanguage\":\"pt-BR\",\"potentialAction\":[{\"@type\":\"ReadAction\",\"target\":[\"https:\/\/rioonwatch.org.br\/?p=45616\"]}]},{\"@type\":\"ImageObject\",\"inLanguage\":\"pt-BR\",\"@id\":\"https:\/\/rioonwatch.org.br\/?p=45616#primaryimage\",\"url\":\"https:\/\/rioonwatch.org.br\/wp-content\/uploads\/2020\/03\/Marcia.png\",\"contentUrl\":\"https:\/\/rioonwatch.org.br\/wp-content\/uploads\/2020\/03\/Marcia.png\",\"width\":1908,\"height\":796},{\"@type\":\"BreadcrumbList\",\"@id\":\"https:\/\/rioonwatch.org.br\/?p=45616#breadcrumb\",\"itemListElement\":[{\"@type\":\"ListItem\",\"position\":1,\"name\":\"In\u00edcio\",\"item\":\"https:\/\/rioonwatch.org.br\/\"},{\"@type\":\"ListItem\",\"position\":2,\"name\":\"Hero\u00ednas Locais de Santa Cruz, &#8216;As M\u00e1rcias&#8217;, Viram Filme [V\u00cdDEO]\"}]},{\"@type\":\"WebSite\",\"@id\":\"https:\/\/rioonwatch.org.br\/#website\",\"url\":\"https:\/\/rioonwatch.org.br\/\",\"name\":\"RioOnWatch\",\"description\":\"relatos das favelas cariocas\",\"publisher\":{\"@id\":\"https:\/\/rioonwatch.org.br\/#organization\"},\"potentialAction\":[{\"@type\":\"SearchAction\",\"target\":{\"@type\":\"EntryPoint\",\"urlTemplate\":\"https:\/\/rioonwatch.org.br\/?s={search_term_string}\"},\"query-input\":{\"@type\":\"PropertyValueSpecification\",\"valueRequired\":true,\"valueName\":\"search_term_string\"}}],\"inLanguage\":\"pt-BR\"},{\"@type\":\"Organization\",\"@id\":\"https:\/\/rioonwatch.org.br\/#organization\",\"name\":\"RioOnWatch\",\"url\":\"https:\/\/rioonwatch.org.br\/\",\"logo\":{\"@type\":\"ImageObject\",\"inLanguage\":\"pt-BR\",\"@id\":\"https:\/\/rioonwatch.org.br\/#\/schema\/logo\/image\/\",\"url\":\"https:\/\/rioonwatch.org.br\/wp-content\/uploads\/2021\/06\/RioOnWatchcabecalhoPT11anos-2.png\",\"contentUrl\":\"https:\/\/rioonwatch.org.br\/wp-content\/uploads\/2021\/06\/RioOnWatchcabecalhoPT11anos-2.png\",\"width\":779,\"height\":277,\"caption\":\"RioOnWatch\"},\"image\":{\"@id\":\"https:\/\/rioonwatch.org.br\/#\/schema\/logo\/image\/\"}},{\"@type\":\"Person\",\"@id\":\"https:\/\/rioonwatch.org.br\/#\/schema\/person\/f443c6b55bb6e80842280318076491c5\",\"name\":\"Luisa Fenizola\",\"image\":{\"@type\":\"ImageObject\",\"inLanguage\":\"pt-BR\",\"@id\":\"https:\/\/rioonwatch.org.br\/#\/schema\/person\/image\/\",\"url\":\"https:\/\/secure.gravatar.com\/avatar\/a3d551110162b9f876cbbdaaecf75663?s=96&d=blank&r=g\",\"contentUrl\":\"https:\/\/secure.gravatar.com\/avatar\/a3d551110162b9f876cbbdaaecf75663?s=96&d=blank&r=g\",\"caption\":\"Luisa Fenizola\"},\"url\":\"https:\/\/rioonwatch.org.br\/?author=152\"}]}<\/script>\n<!-- \/ Yoast SEO plugin. -->","yoast_head_json":{"title":"Hero\u00ednas Locais de Santa Cruz, 'As M\u00e1rcias', Viram Filme [V\u00cdDEO] - RioOnWatch","robots":{"index":"index","follow":"follow","max-snippet":"max-snippet:-1","max-image-preview":"max-image-preview:large","max-video-preview":"max-video-preview:-1"},"canonical":"https:\/\/rioonwatch.org.br\/?p=45616","og_locale":"pt_BR","og_type":"article","og_title":"Hero\u00ednas Locais de Santa Cruz, 'As M\u00e1rcias', Viram Filme [V\u00cdDEO] - RioOnWatch","og_description":"Click Here for English Este ano as \u00e1guas de mar\u00e7o vieram fechar o ver\u00e3o de forma inusitada. Nos primeiros dias de mar\u00e7o fortes chuvas arrasaram uma parte consider\u00e1vel da Grande Rio. A Baixada Fluminense foi [...]","og_url":"https:\/\/rioonwatch.org.br\/?p=45616","og_site_name":"RioOnWatch","article_published_time":"2020-03-06T14:12:49+00:00","article_modified_time":"2020-07-27T13:16:02+00:00","og_image":[{"width":1908,"height":796,"url":"https:\/\/rioonwatch.org.br\/wp-content\/uploads\/2020\/03\/Marcia.png","type":"image\/png"}],"author":"Luisa Fenizola","twitter_card":"summary_large_image","twitter_misc":{"Escrito por":"Luisa Fenizola","Est. tempo de leitura":"7 minutos"},"schema":{"@context":"https:\/\/schema.org","@graph":[{"@type":"Article","@id":"https:\/\/rioonwatch.org.br\/?p=45616#article","isPartOf":{"@id":"https:\/\/rioonwatch.org.br\/?p=45616"},"author":{"name":"Luisa Fenizola","@id":"https:\/\/rioonwatch.org.br\/#\/schema\/person\/f443c6b55bb6e80842280318076491c5"},"headline":"Hero\u00ednas Locais de Santa Cruz, &#8216;As M\u00e1rcias&#8217;, Viram Filme [V\u00cdDEO]","datePublished":"2020-03-06T14:12:49+00:00","dateModified":"2020-07-27T13:16:02+00:00","mainEntityOfPage":{"@id":"https:\/\/rioonwatch.org.br\/?p=45616"},"wordCount":1497,"publisher":{"@id":"https:\/\/rioonwatch.org.br\/#organization"},"image":{"@id":"https:\/\/rioonwatch.org.br\/?p=45616#primaryimage"},"thumbnailUrl":"https:\/\/rioonwatch.org.br\/wp-content\/uploads\/2020\/03\/Marcia.png","keywords":["Aluguel social","Antares","Baixada Fluminense","chuvas","cinema","cultura","desenvolvimento","educa\u00e7\u00e3o","Elei\u00e7\u00f5es","eleitoralismo","enchente","esporte","filme","Grande Rio","lazer","meio ambiente","mobiliza\u00e7\u00e3o","Neglig\u00eancia do Estado","orgulho comunit\u00e1rio","pol\u00edtica p\u00fablica","Portelinha","risco de deslizamento","Rollas","Santa Cruz","solidariedade","solu\u00e7\u00e3o comunit\u00e1ria","Taquara","uni\u00e3o","Zona Oeste"],"articleSection":["*Destaque","Escrito por Comunicadores Populares","Pol\u00edticas","Qualidades da Favela","Solu\u00e7\u00f5es","V\u00eddeo"],"inLanguage":"pt-BR"},{"@type":"WebPage","@id":"https:\/\/rioonwatch.org.br\/?p=45616","url":"https:\/\/rioonwatch.org.br\/?p=45616","name":"Hero\u00ednas Locais de Santa Cruz, 'As M\u00e1rcias', Viram Filme [V\u00cdDEO] - RioOnWatch","isPartOf":{"@id":"https:\/\/rioonwatch.org.br\/#website"},"primaryImageOfPage":{"@id":"https:\/\/rioonwatch.org.br\/?p=45616#primaryimage"},"image":{"@id":"https:\/\/rioonwatch.org.br\/?p=45616#primaryimage"},"thumbnailUrl":"https:\/\/rioonwatch.org.br\/wp-content\/uploads\/2020\/03\/Marcia.png","datePublished":"2020-03-06T14:12:49+00:00","dateModified":"2020-07-27T13:16:02+00:00","breadcrumb":{"@id":"https:\/\/rioonwatch.org.br\/?p=45616#breadcrumb"},"inLanguage":"pt-BR","potentialAction":[{"@type":"ReadAction","target":["https:\/\/rioonwatch.org.br\/?p=45616"]}]},{"@type":"ImageObject","inLanguage":"pt-BR","@id":"https:\/\/rioonwatch.org.br\/?p=45616#primaryimage","url":"https:\/\/rioonwatch.org.br\/wp-content\/uploads\/2020\/03\/Marcia.png","contentUrl":"https:\/\/rioonwatch.org.br\/wp-content\/uploads\/2020\/03\/Marcia.png","width":1908,"height":796},{"@type":"BreadcrumbList","@id":"https:\/\/rioonwatch.org.br\/?p=45616#breadcrumb","itemListElement":[{"@type":"ListItem","position":1,"name":"In\u00edcio","item":"https:\/\/rioonwatch.org.br\/"},{"@type":"ListItem","position":2,"name":"Hero\u00ednas Locais de Santa Cruz, &#8216;As M\u00e1rcias&#8217;, Viram Filme [V\u00cdDEO]"}]},{"@type":"WebSite","@id":"https:\/\/rioonwatch.org.br\/#website","url":"https:\/\/rioonwatch.org.br\/","name":"RioOnWatch","description":"relatos das favelas cariocas","publisher":{"@id":"https:\/\/rioonwatch.org.br\/#organization"},"potentialAction":[{"@type":"SearchAction","target":{"@type":"EntryPoint","urlTemplate":"https:\/\/rioonwatch.org.br\/?s={search_term_string}"},"query-input":{"@type":"PropertyValueSpecification","valueRequired":true,"valueName":"search_term_string"}}],"inLanguage":"pt-BR"},{"@type":"Organization","@id":"https:\/\/rioonwatch.org.br\/#organization","name":"RioOnWatch","url":"https:\/\/rioonwatch.org.br\/","logo":{"@type":"ImageObject","inLanguage":"pt-BR","@id":"https:\/\/rioonwatch.org.br\/#\/schema\/logo\/image\/","url":"https:\/\/rioonwatch.org.br\/wp-content\/uploads\/2021\/06\/RioOnWatchcabecalhoPT11anos-2.png","contentUrl":"https:\/\/rioonwatch.org.br\/wp-content\/uploads\/2021\/06\/RioOnWatchcabecalhoPT11anos-2.png","width":779,"height":277,"caption":"RioOnWatch"},"image":{"@id":"https:\/\/rioonwatch.org.br\/#\/schema\/logo\/image\/"}},{"@type":"Person","@id":"https:\/\/rioonwatch.org.br\/#\/schema\/person\/f443c6b55bb6e80842280318076491c5","name":"Luisa Fenizola","image":{"@type":"ImageObject","inLanguage":"pt-BR","@id":"https:\/\/rioonwatch.org.br\/#\/schema\/person\/image\/","url":"https:\/\/secure.gravatar.com\/avatar\/a3d551110162b9f876cbbdaaecf75663?s=96&d=blank&r=g","contentUrl":"https:\/\/secure.gravatar.com\/avatar\/a3d551110162b9f876cbbdaaecf75663?s=96&d=blank&r=g","caption":"Luisa Fenizola"},"url":"https:\/\/rioonwatch.org.br\/?author=152"}]}},"_links":{"self":[{"href":"https:\/\/rioonwatch.org.br\/index.php?rest_route=\/wp\/v2\/posts\/45616"}],"collection":[{"href":"https:\/\/rioonwatch.org.br\/index.php?rest_route=\/wp\/v2\/posts"}],"about":[{"href":"https:\/\/rioonwatch.org.br\/index.php?rest_route=\/wp\/v2\/types\/post"}],"author":[{"embeddable":true,"href":"https:\/\/rioonwatch.org.br\/index.php?rest_route=\/wp\/v2\/users\/152"}],"replies":[{"embeddable":true,"href":"https:\/\/rioonwatch.org.br\/index.php?rest_route=%2Fwp%2Fv2%2Fcomments&post=45616"}],"version-history":[{"count":37,"href":"https:\/\/rioonwatch.org.br\/index.php?rest_route=\/wp\/v2\/posts\/45616\/revisions"}],"predecessor-version":[{"id":49127,"href":"https:\/\/rioonwatch.org.br\/index.php?rest_route=\/wp\/v2\/posts\/45616\/revisions\/49127"}],"wp:featuredmedia":[{"embeddable":true,"href":"https:\/\/rioonwatch.org.br\/index.php?rest_route=\/wp\/v2\/media\/45682"}],"wp:attachment":[{"href":"https:\/\/rioonwatch.org.br\/index.php?rest_route=%2Fwp%2Fv2%2Fmedia&parent=45616"}],"wp:term":[{"taxonomy":"category","embeddable":true,"href":"https:\/\/rioonwatch.org.br\/index.php?rest_route=%2Fwp%2Fv2%2Fcategories&post=45616"},{"taxonomy":"post_tag","embeddable":true,"href":"https:\/\/rioonwatch.org.br\/index.php?rest_route=%2Fwp%2Fv2%2Ftags&post=45616"},{"taxonomy":"writer","embeddable":true,"href":"https:\/\/rioonwatch.org.br\/index.php?rest_route=%2Fwp%2Fv2%2Fwriter&post=45616"},{"taxonomy":"translator","embeddable":true,"href":"https:\/\/rioonwatch.org.br\/index.php?rest_route=%2Fwp%2Fv2%2Ftranslator&post=45616"},{"taxonomy":"source","embeddable":true,"href":"https:\/\/rioonwatch.org.br\/index.php?rest_route=%2Fwp%2Fv2%2Fsource&post=45616"},{"taxonomy":"ilustrador","embeddable":true,"href":"https:\/\/rioonwatch.org.br\/index.php?rest_route=%2Fwp%2Fv2%2Filustrador&post=45616"},{"taxonomy":"fotografo","embeddable":true,"href":"https:\/\/rioonwatch.org.br\/index.php?rest_route=%2Fwp%2Fv2%2Ffotografo&post=45616"}],"curies":[{"name":"wp","href":"https:\/\/api.w.org\/{rel}","templated":true}]}}