{"id":45888,"date":"2020-04-17T12:33:07","date_gmt":"2020-04-17T15:33:07","guid":{"rendered":"https:\/\/rioonwatch.org.br\/?p=45888"},"modified":"2020-04-17T12:34:25","modified_gmt":"2020-04-17T15:34:25","slug":"derrotando-barreiras-sociais-e-urbanas-desigualdade-e-desenho-urbano-na-rocinha","status":"publish","type":"post","link":"https:\/\/rioonwatch.org.br\/?p=45888","title":{"rendered":"Derrotando Barreiras Sociais e Urbanas: Desigualdade e Desenho Urbano na Rocinha"},"content":{"rendered":"<p style=\"text-align: right;\"><em><strong><a href=\"http:\/\/bit.ly\/39Ea6zn\" target=\"_blank\" rel=\"noopener noreferrer\">Click Here for English<\/a><a href=\"http:\/\/bit.ly\/39Ea6zn\" target=\"_blank\" rel=\"noopener noreferrer\"><img decoding=\"async\" width=\"20\" height=\"20\" class=\"alignright wp-image-15790\" src=\"http:\/\/rioonwatch.org.br\/wp-content\/uploads\/2012\/08\/EN-standard-e1439583104716.jpg\" \/><\/a><\/strong><\/em><\/p>\n<p>A Autoestrada Lagoa-Barra separa a favela da <a href=\"http:\/\/bit.ly\/2XuTtjt\" target=\"_blank\" rel=\"noopener noreferrer\">Rocinha<\/a>, localizada na <a href=\"http:\/\/bit.ly\/2WL6FUi\" target=\"_blank\" rel=\"noopener noreferrer\">Zona Sul<\/a>, do bairro adjacente de <a href=\"http:\/\/bit.ly\/2GvSHwY\" target=\"_blank\" rel=\"noopener noreferrer\">S\u00e3o Conrado<\/a>. A rodovia barulhenta de duas faixas come\u00e7a na <a href=\"http:\/\/bit.ly\/2kOCZEJ\" target=\"_blank\" rel=\"noopener noreferrer\">Barra da Tijuca<\/a>, passa por S\u00e3o Conrado, ao lado da Rocinha e, finalmente, passa embaixo do morro da Rocinha pelo T\u00fanel Zuzu Angel antes de sair no bairro da <a href=\"http:\/\/bit.ly\/2NRmMsK\" target=\"_blank\" rel=\"noopener noreferrer\">G\u00e1vea<\/a>. Tamb\u00e9m conhecida como <a href=\"https:\/\/glo.bo\/35Cgft6\" target=\"_blank\" rel=\"noopener noreferrer\">Autoestrada Engenheiro Fernando Mac Dowell<\/a>, a constru\u00e7\u00e3o da rodovia, em 1971, foi fundamental para muitos outros <a href=\"http:\/\/bit.ly\/2N4oN5p\" target=\"_blank\" rel=\"noopener noreferrer\">desenvolvimentos contempor\u00e2neos<\/a> na \u00e1rea, incluindo cal\u00e7adas, novos edif\u00edcios e a atual \u00e1rea da orla. Mas enquanto impulsionava o crescimento demogr\u00e1fico e econ\u00f4mico na Barra da Tijuca e S\u00e3o Conrado, a autoestrada tamb\u00e9m se tornou uma barreira f\u00edsica, impedindo que os moradores da Rocinha entrassem nos dois bairros afluentes: uma fronteira que separa a favela dos ricos.<\/p>\n<p>Viver no lado sudoeste da estrada\u2014no lado de S\u00e3o Conrado\u2014significa ter acesso a melhores infraestruturas, saneamento e oportunidades. Isso significa ter uma renda anual quase doze vezes maior que a dos moradores da Rocinha, a uma dist\u00e2ncia de cinco minutos a p\u00e9. Significa viver em altos edif\u00edcios residenciais com vista para o oceano, em oposi\u00e7\u00e3o \u00e0 textura irregular de casas baixas de tijolos que cobrem o morro. Assim como os moradores de S\u00e3o Conrado e Rocinha compartilham uma esta\u00e7\u00e3o de metr\u00f4 (reveladoramente denominada &#8220;S\u00e3o Conrado&#8221;), saindo do lado de S\u00e3o Conrado, significa caminhar pelas ruas mais caras de todo o Rio de Janeiro: o bairro ainda tem seu pr\u00f3prio shopping e clube de golfe. Enquanto isso, muitos moradores do lado da Rocinha n\u00e3o t\u00eam acesso adequado a saneamento b\u00e1sico e outros servi\u00e7os p\u00fablicos b\u00e1sicos.<\/p>\n<p><a href=\"https:\/\/rioonwatch.org.br\/wp-content\/uploads\/2020\/03\/Rocinha-e-S\u00e3o-Conrado-Foto-Camilla-Piccolo.jpg\"><img fetchpriority=\"high\" decoding=\"async\" class=\"aligncenter wp-image-45890 size-content\" title=\"Rocinha, com alguns pr\u00e9dio de S\u00e3o Conrado ao fundo. Foto por Camilla Piccolo\" src=\"https:\/\/rioonwatch.org.br\/wp-content\/uploads\/2020\/03\/Rocinha-e-S\u00e3o-Conrado-Foto-Camilla-Piccolo-620x264.jpg\" alt=\"\" width=\"620\" height=\"264\" srcset=\"https:\/\/rioonwatch.org.br\/wp-content\/uploads\/2020\/03\/Rocinha-e-S\u00e3o-Conrado-Foto-Camilla-Piccolo-620x264.jpg 620w, https:\/\/rioonwatch.org.br\/wp-content\/uploads\/2020\/03\/Rocinha-e-S\u00e3o-Conrado-Foto-Camilla-Piccolo-940x400.jpg 940w\" sizes=\"(max-width: 620px) 100vw, 620px\" \/><\/a><\/p>\n<p>A Autoestrada Lagoa-Barra \u00e9 um exemplo de barreira urbana: um obst\u00e1culo que impede o movimento f\u00e1cil e define dois espa\u00e7os separados. Embora em estudos urbanos, o termo \u201cbarreira urbana\u201d possa se referir a diferentes tipos de barreiras f\u00edsicas encontradas em ambientes urbanos ou que fazem parte da vida urbana, eles compartilham a caracter\u00edstica de limitar o acesso a parte de uma cidade para um determinado grupo de moradores. Em seu artigo <a href=\"http:\/\/bit.ly\/2Gh1kKu\" target=\"_blank\" rel=\"noopener noreferrer\">Planejando a Cidade Contra Barreiras: Aprimorando o Papel dos Espa\u00e7os P\u00fablicos<\/a>, a arquiteta e professora Aleksandra Sas-Bojarska, da Universidade de Tecnologia de Gdansk, escreve que \u201cnossas cidades contempor\u00e2neas est\u00e3o sendo fragmentadas por um n\u00famero crescente de barreiras t\u00e9cnicas, como estradas, ferrovias e objetos de infraestrutura, que geram uma variedade de problemas de naturezas diferentes\u201d. Entre esses problemas, h\u00e1 desvantagens funcionais, desigualdade no acesso \u00e0s pr\u00f3prias oportunidades que as cidades oferecem e segrega\u00e7\u00e3o das minorias. Dessa forma, as barreiras urbanas cont\u00eam e definem desigualdades sociais. Elas separam as pessoas. Como resultado, essas pessoas podem ter experi\u00eancias completamente diferentes da mesma cidade.<\/p>\n<p><a href=\"https:\/\/rioonwatch.org.br\/wp-content\/uploads\/2020\/03\/Passarela-Niemeyer-Rocinha-Foto-Camilla-Piccolo.jpg\"><img decoding=\"async\" class=\"aligncenter wp-image-45891 size-content\" title=\"Vista da Rocinha a partir da Passarela Niemeyer. Foto por Camilla Piccolo\" src=\"https:\/\/rioonwatch.org.br\/wp-content\/uploads\/2020\/03\/Passarela-Niemeyer-Rocinha-Foto-Camilla-Piccolo-620x264.jpg\" alt=\"\" width=\"620\" height=\"264\" srcset=\"https:\/\/rioonwatch.org.br\/wp-content\/uploads\/2020\/03\/Passarela-Niemeyer-Rocinha-Foto-Camilla-Piccolo-620x264.jpg 620w, https:\/\/rioonwatch.org.br\/wp-content\/uploads\/2020\/03\/Passarela-Niemeyer-Rocinha-Foto-Camilla-Piccolo-940x400.jpg 940w\" sizes=\"(max-width: 620px) 100vw, 620px\" \/><\/a><\/p>\n<p>O estudo da OCDE <a href=\"http:\/\/bit.ly\/2us7KDK\" target=\"_blank\" rel=\"noopener noreferrer\">Cidades Divididas: Compreendendo as Desigualdades Intra-Urbanas<\/a>, mostra que a segrega\u00e7\u00e3o espacial e as barreiras f\u00edsicas contribuem para perpetuar a desigualdade social e econ\u00f4mica existente. Por exemplo, aqueles que vivem em bairros desconectados do transporte p\u00fablico tendem a ter renda mais baixa porque t\u00eam acesso mais limitado a oportunidades de emprego em compara\u00e7\u00e3o com os moradores de bairros mais conectados. O estudo, realizado pelo <a href=\"http:\/\/bit.ly\/2TRPMp0\" target=\"_blank\" rel=\"noopener noreferrer\">Paolo Veneri<\/a>, do Centro de Empreendedorismo, PME, Regi\u00f5es e Cidades da OCDE, demonstra uma associa\u00e7\u00e3o clara e ineg\u00e1vel entre a segrega\u00e7\u00e3o de renda e as caracter\u00edsticas da cidade, como tamanho, n\u00edvel de renda e planejamento urbano. De fato, <a href=\"http:\/\/bit.ly\/2RjuZJd\" target=\"_blank\" rel=\"noopener noreferrer\">como as cidades s\u00e3o constru\u00eddas<\/a> e estruturadas influencia o acesso dos moradores a outras pessoas, recursos comuns e outros recursos importantes da cidade. De acordo com o <a href=\"http:\/\/bit.ly\/2RKl9z4\" target=\"_blank\" rel=\"noopener noreferrer\">Departamento de Assuntos Econ\u00f4micos e Sociais das Na\u00e7\u00f5es Unidas<\/a>, \u201cambientes, infraestruturas, instala\u00e7\u00f5es e servi\u00e7os urbanos podem impedir ou permitir, perpetuando a exclus\u00e3o ou promovendo a participa\u00e7\u00e3o e a inclus\u00e3o de todos os membros da sociedade\u201d.<\/p>\n<p>No Rio de Janeiro, as barreiras urbanas s\u00e3o um aspecto central da vida da cidade. Os bairros das classes baixa e alta residem incrivelmente pr\u00f3ximos um do outro e ainda assim permanecem completamente separados. Apesar da extrema proximidade da Rocinha com os dois bairros de elite da G\u00e1vea e S\u00e3o Conrado, os moradores est\u00e3o profundamente cientes da presen\u00e7a de limites: costumam dizer que as <a href=\"http:\/\/bit.ly\/FavelaVsAsphalt\" target=\"_blank\" rel=\"noopener noreferrer\">pessoas vivem &#8220;dentro&#8221; ou &#8220;fora&#8221; da favela<\/a>, como se uma fronteira real os separasse do resto do Rio.<\/p>\n<p><a href=\"https:\/\/rioonwatch.org.br\/wp-content\/uploads\/2020\/03\/Via-A\u0301pia-Rocinha-Foto-Camilla-Piccolo.jpg\"><img loading=\"lazy\" decoding=\"async\" class=\"aligncenter wp-image-45892 size-content\" title=\"Vista da Via \u00c1pia, na entrada da Rocinha. Foto por Camilla Piccolo\" src=\"https:\/\/rioonwatch.org.br\/wp-content\/uploads\/2020\/03\/Via-A\u0301pia-Rocinha-Foto-Camilla-Piccolo-620x264.jpg\" alt=\"\" width=\"620\" height=\"264\" srcset=\"https:\/\/rioonwatch.org.br\/wp-content\/uploads\/2020\/03\/Via-A\u0301pia-Rocinha-Foto-Camilla-Piccolo-620x264.jpg 620w, https:\/\/rioonwatch.org.br\/wp-content\/uploads\/2020\/03\/Via-A\u0301pia-Rocinha-Foto-Camilla-Piccolo-940x400.jpg 940w\" sizes=\"(max-width: 620px) 100vw, 620px\" \/><\/a><\/p>\n<p>O planejamento da cidade e as interven\u00e7\u00f5es urbanas podem ser ferramentas preciosas para superar as barreiras f\u00edsicas e tamb\u00e9m as internalizadas. Eles tamb\u00e9m podem ser testemunhos das desigualdades existentes e perpetuar o <em>status quo<\/em>. Uma passarela de pedestres \u00e9 h\u00e1 d\u00e9cadas fundamental para conectar a Rocinha e S\u00e3o Conrado, pela Autoestrada Lagoa-Barra. Em 2010, a passarela de 60 metros foi aprimorada com um design do renomado arquiteto <a href=\"http:\/\/bit.ly\/39XfeyH\" target=\"_blank\" rel=\"noopener noreferrer\">Oscar Niemeyer<\/a>, custando R$15 milh\u00f5es. O viaduto conecta a comunidade a um <a href=\"http:\/\/bit.ly\/2GaZTwg\" target=\"_blank\" rel=\"noopener noreferrer\">complexo esportivo<\/a>.<\/p>\n<p>A <a href=\"https:\/\/glo.bo\/2QxhPYK\" target=\"_blank\" rel=\"noopener noreferrer\">forma curvil\u00ednea e majestosa<\/a> da passarela \u00e9 reconhec\u00edvel de longe, agindo <a href=\"http:\/\/bit.ly\/1FM0mN6\" target=\"_blank\" rel=\"noopener noreferrer\">para alguns como um s\u00edmbolo incisivo de integra\u00e7\u00e3o<\/a>, convidando visualmente os transeuntes a entrar na comunidade. Para outros, no entanto, \u00e9 um s\u00edmbolo de <a href=\"http:\/\/bit.ly\/2x1Ygxm\" target=\"_blank\" rel=\"noopener noreferrer\">recursos p\u00fablicos mal utilizados<\/a>. Em vez de investir em servi\u00e7os cr\u00edticos como esgoto na favela, os fundos foram usados nas margens da comunidade para tornar a passagem mais suport\u00e1vel \u00e0queles na Autoestrada Lagoa-Barra, eles argumentam.<\/p>\n<p>O Viaduto de Niemeyer foi um dos v\u00e1rios <a href=\"http:\/\/bit.ly\/2pnF2C4\" target=\"_blank\" rel=\"noopener noreferrer\">projetos de urbaniza\u00e7\u00e3o<\/a> ocorridos na Rocinha, como parte do Programa de Acelera\u00e7\u00e3o do Crescimento (<a href=\"http:\/\/bit.ly\/2P4Khka\" target=\"_blank\" rel=\"noopener noreferrer\">PAC<\/a>) lan\u00e7ado em 2007, que visava acelerar o crescimento do Brasil por meio de investimentos em projetos de constru\u00e7\u00e3o, saneamento e transporte. Elogiado no in\u00edcio dos anos 2000 por sua <a href=\"http:\/\/bit.ly\/17YDHxR\" target=\"_blank\" rel=\"noopener noreferrer\">constru\u00e7\u00e3o de obras p\u00fablicas na Rocinha<\/a> e em outras favelas, o PAC foi criticado por ignorar obras mais <a href=\"http:\/\/bit.ly\/2cD3jZc\" target=\"_blank\" rel=\"noopener noreferrer\">fundamentais de esgoto e infraestrutura<\/a> antes de <a href=\"http:\/\/bit.ly\/2pnF2C4\" target=\"_blank\" rel=\"noopener noreferrer\">finalmente ser abandonado<\/a> com <a href=\"http:\/\/bit.ly\/1XXkWYy\" target=\"_blank\" rel=\"noopener noreferrer\">mudan\u00e7as na lideran\u00e7a nacional<\/a> e quando o pa\u00eds mergulhou em sua recess\u00e3o p\u00f3s-2015.<\/p>\n<p><a href=\"https:\/\/rioonwatch.org.br\/wp-content\/uploads\/2020\/03\/Passarela-Niemeyer-Foto-Camilla-Piccolo.jpg\"><img loading=\"lazy\" decoding=\"async\" class=\"aligncenter wp-image-45893 size-content\" title=\"Passarela Niemeyer. Foto: Camilla Piccolo\" src=\"https:\/\/rioonwatch.org.br\/wp-content\/uploads\/2020\/03\/Passarela-Niemeyer-Foto-Camilla-Piccolo-620x264.jpg\" alt=\"\" width=\"620\" height=\"264\" srcset=\"https:\/\/rioonwatch.org.br\/wp-content\/uploads\/2020\/03\/Passarela-Niemeyer-Foto-Camilla-Piccolo-620x264.jpg 620w, https:\/\/rioonwatch.org.br\/wp-content\/uploads\/2020\/03\/Passarela-Niemeyer-Foto-Camilla-Piccolo-940x400.jpg 940w\" sizes=\"(max-width: 620px) 100vw, 620px\" \/><\/a><\/p>\n<p>Outras obras p\u00fablicas do PAC, supostamente destinadas a promover a conectividade, t\u00eam atrapalhado ou atra\u00eddo cr\u00edticas generalizadas por seu foco em obras de alta visibilidade e amig\u00e1veis a turistas acima de moradores. Os telef\u00e9ricos agora imobilizados no <a href=\"http:\/\/bit.ly\/2KUZXFB\" target=\"_blank\" rel=\"noopener noreferrer\">Morro da Provid\u00eancia<\/a> e <a href=\"http:\/\/bit.ly\/2ykrUy9\" target=\"_blank\" rel=\"noopener noreferrer\">Complexo do Alem\u00e3o<\/a> s\u00e3o um testemunho dos problemas do planejamento urbano de cima para baixo; os <a href=\"http:\/\/bit.ly\/16D453L\" target=\"_blank\" rel=\"noopener noreferrer\">moradores lutaram com unhas e dentes<\/a> contra planos semelhantes ao telef\u00e9rico para a Rocinha.<\/p>\n<p>Para alcan\u00e7ar uma cidade inclusiva, a pol\u00edtica urbana deve se comprometer com a <a href=\"http:\/\/bit.ly\/35f7aaw\" target=\"_blank\" rel=\"noopener noreferrer\">integra\u00e7\u00e3o social como uma ferramenta fundamental<\/a> para enfrentar os desafios do Rio de Janeiro, reconhecendo o <a href=\"http:\/\/bit.ly\/PowerInformalUrbanism\" target=\"_blank\" rel=\"noopener noreferrer\">poder das favelas como parte do desenvolvimento da cidade<\/a> e <a href=\"http:\/\/bit.ly\/2x3RQAM\" target=\"_blank\" rel=\"noopener noreferrer\">n\u00e3o como algo a ser cercado<\/a>. A desconstru\u00e7\u00e3o das barreiras urbanas atrav\u00e9s do desenho urbano \u00e9 fundamental para garantir aos moradores de favelas seu <a href=\"http:\/\/bit.ly\/3aY4PCT\" target=\"_blank\" rel=\"noopener noreferrer\">direito \u00e0 cidade<\/a>, garantindo integra\u00e7\u00e3o e igualdade.<\/p>\n<hr \/>\n<h4>Apoie o jornalismo hiperlocal, cr\u00edtico, inovador e incans\u00e1vel do\u00a0<em>RioOnWatch<\/em>. #QueroReportagensSobreFavelas\u2014<a href=\"http:\/\/bit.ly\/CatalisandoComunidades\">doe aqui<\/a>.<\/h4>\n<!-- AddThis Advanced Settings generic via filter on the_content --><!-- AddThis Share Buttons generic via filter on the_content -->","protected":false},"excerpt":{"rendered":"<div class=\"mh-excerpt\"><p>Click Here for English A Autoestrada Lagoa-Barra separa a favela da Rocinha, localizada na Zona Sul, do bairro adjacente de S\u00e3o Conrado. A rodovia barulhenta de duas faixas come\u00e7a na Barra da Tijuca, passa por <a class=\"mh-excerpt-more\" href=\"https:\/\/rioonwatch.org.br\/?p=45888\" title=\"Derrotando Barreiras Sociais e Urbanas: Desigualdade e Desenho Urbano na Rocinha\">[&#8230;]<\/a><!-- AddThis Advanced Settings generic via filter on get_the_excerpt --><!-- AddThis Share Buttons generic via filter on get_the_excerpt --><\/p>\n<\/div>","protected":false},"author":152,"featured_media":45889,"comment_status":"closed","ping_status":"closed","sticky":false,"template":"","format":"standard","meta":{"_acf_changed":false,"_monsterinsights_skip_tracking":false,"_monsterinsights_sitenote_active":false,"_monsterinsights_sitenote_note":"","_monsterinsights_sitenote_category":0,"footnotes":""},"categories":[1857,1632,1631,1626],"tags":[386,934,274,217,413,831,322,811,382,128,324,976,560,257,2156,36,812,839,16,492,2369,814,1347,383],"writer":[2727],"translator":[1971],"source":[],"ilustrador":[],"fotografo":[],"class_list":{"0":"post-45888","1":"post","2":"type-post","3":"status-publish","4":"format-standard","5":"has-post-thumbnail","7":"category-olhonaurbanizacao","8":"category-pesquisa-e-analise","9":"category-entendendo-o-rio","10":"category-por-observadores-internacionais","11":"tag-estigma","12":"tag-acesso","13":"tag-barra-da-tijuca","14":"tag-complexo-do-alemao","15":"tag-desigualdade","16":"tag-direito-a-cidade","17":"tag-esgoto","18":"tag-espaco-publico","19":"tag-gavea","20":"tag-historia","21":"tag-infraestrutura","22":"tag-integracao","23":"tag-mobilidade","24":"tag-providencia","25":"tag-oscar-niemeyer","26":"tag-pac","27":"tag-planejamento-urbano","28":"tag-prioridades-publicas-equivocadas","29":"tag-rocinha","30":"tag-saneamento","31":"tag-sao-conrado","32":"tag-segregacao","33":"tag-solucao","34":"tag-zona-sul","35":"writer-camilla-piccolo","36":"translator-geovanna-giannini"},"acf":[],"yoast_head":"<!-- This site is optimized with the Yoast SEO plugin v25.6 - https:\/\/yoast.com\/wordpress\/plugins\/seo\/ -->\n<title>Derrotando Barreiras Sociais e Urbanas: Desigualdade e Desenho Urbano na Rocinha - RioOnWatch<\/title>\n<meta name=\"robots\" content=\"index, follow, max-snippet:-1, max-image-preview:large, max-video-preview:-1\" \/>\n<link rel=\"canonical\" href=\"https:\/\/rioonwatch.org.br\/?p=45888\" \/>\n<meta property=\"og:locale\" content=\"pt_BR\" \/>\n<meta property=\"og:type\" content=\"article\" \/>\n<meta property=\"og:title\" content=\"Derrotando Barreiras Sociais e Urbanas: Desigualdade e Desenho Urbano na Rocinha - RioOnWatch\" \/>\n<meta property=\"og:description\" content=\"Click Here for English A Autoestrada Lagoa-Barra separa a favela da Rocinha, localizada na Zona Sul, do bairro adjacente de S\u00e3o Conrado. A rodovia barulhenta de duas faixas come\u00e7a na Barra da Tijuca, passa por [...]\" \/>\n<meta property=\"og:url\" content=\"https:\/\/rioonwatch.org.br\/?p=45888\" \/>\n<meta property=\"og:site_name\" content=\"RioOnWatch\" \/>\n<meta property=\"article:published_time\" content=\"2020-04-17T15:33:07+00:00\" \/>\n<meta property=\"article:modified_time\" content=\"2020-04-17T15:34:25+00:00\" \/>\n<meta property=\"og:image\" content=\"https:\/\/rioonwatch.org.br\/wp-content\/uploads\/2020\/03\/Rocinha-Foto-Camilla-Piccolo-scaled.jpg\" \/>\n\t<meta property=\"og:image:width\" content=\"2560\" \/>\n\t<meta property=\"og:image:height\" content=\"1340\" \/>\n\t<meta property=\"og:image:type\" content=\"image\/jpeg\" \/>\n<meta name=\"author\" content=\"Luisa Fenizola\" \/>\n<meta name=\"twitter:card\" content=\"summary_large_image\" \/>\n<meta name=\"twitter:label1\" content=\"Escrito por\" \/>\n\t<meta name=\"twitter:data1\" content=\"Luisa Fenizola\" \/>\n\t<meta name=\"twitter:label2\" content=\"Est. tempo de leitura\" \/>\n\t<meta name=\"twitter:data2\" content=\"6 minutos\" \/>\n<script type=\"application\/ld+json\" class=\"yoast-schema-graph\">{\"@context\":\"https:\/\/schema.org\",\"@graph\":[{\"@type\":\"Article\",\"@id\":\"https:\/\/rioonwatch.org.br\/?p=45888#article\",\"isPartOf\":{\"@id\":\"https:\/\/rioonwatch.org.br\/?p=45888\"},\"author\":{\"name\":\"Luisa Fenizola\",\"@id\":\"https:\/\/rioonwatch.org.br\/#\/schema\/person\/f443c6b55bb6e80842280318076491c5\"},\"headline\":\"Derrotando Barreiras Sociais e Urbanas: Desigualdade e Desenho Urbano na Rocinha\",\"datePublished\":\"2020-04-17T15:33:07+00:00\",\"dateModified\":\"2020-04-17T15:34:25+00:00\",\"mainEntityOfPage\":{\"@id\":\"https:\/\/rioonwatch.org.br\/?p=45888\"},\"wordCount\":1210,\"publisher\":{\"@id\":\"https:\/\/rioonwatch.org.br\/#organization\"},\"image\":{\"@id\":\"https:\/\/rioonwatch.org.br\/?p=45888#primaryimage\"},\"thumbnailUrl\":\"https:\/\/rioonwatch.org.br\/wp-content\/uploads\/2020\/03\/Rocinha-Foto-Camilla-Piccolo-scaled.jpg\",\"keywords\":[\"#StopFavelaStigma\",\"acesso\",\"Barra da Tijuca\",\"Complexo do Alem\u00e3o\",\"desigualdade\",\"Direito \u00e0 Cidade\",\"esgoto\",\"espa\u00e7o p\u00fablico\",\"G\u00e1vea\",\"hist\u00f3ria\",\"infraestrutura\",\"integra\u00e7\u00e3o\",\"mobilidade\",\"Morro da Provid\u00eancia\",\"Oscar Niemeyer\",\"PAC\",\"planejamento urbano\",\"prioridades p\u00fablicas equivocadas\",\"Rocinha\",\"saneamento\",\"S\u00e3o Conrado\",\"segrega\u00e7\u00e3o\",\"solu\u00e7\u00e3o\",\"Zona Sul\"],\"articleSection\":[\"#OlhoNaUrbaniza\u00e7\u00e3o\",\"Dados e Pesquisa\",\"Entendendo o Rio\",\"Escrito por Aliados\"],\"inLanguage\":\"pt-BR\"},{\"@type\":\"WebPage\",\"@id\":\"https:\/\/rioonwatch.org.br\/?p=45888\",\"url\":\"https:\/\/rioonwatch.org.br\/?p=45888\",\"name\":\"Derrotando Barreiras Sociais e Urbanas: Desigualdade e Desenho Urbano na Rocinha - RioOnWatch\",\"isPartOf\":{\"@id\":\"https:\/\/rioonwatch.org.br\/#website\"},\"primaryImageOfPage\":{\"@id\":\"https:\/\/rioonwatch.org.br\/?p=45888#primaryimage\"},\"image\":{\"@id\":\"https:\/\/rioonwatch.org.br\/?p=45888#primaryimage\"},\"thumbnailUrl\":\"https:\/\/rioonwatch.org.br\/wp-content\/uploads\/2020\/03\/Rocinha-Foto-Camilla-Piccolo-scaled.jpg\",\"datePublished\":\"2020-04-17T15:33:07+00:00\",\"dateModified\":\"2020-04-17T15:34:25+00:00\",\"breadcrumb\":{\"@id\":\"https:\/\/rioonwatch.org.br\/?p=45888#breadcrumb\"},\"inLanguage\":\"pt-BR\",\"potentialAction\":[{\"@type\":\"ReadAction\",\"target\":[\"https:\/\/rioonwatch.org.br\/?p=45888\"]}]},{\"@type\":\"ImageObject\",\"inLanguage\":\"pt-BR\",\"@id\":\"https:\/\/rioonwatch.org.br\/?p=45888#primaryimage\",\"url\":\"https:\/\/rioonwatch.org.br\/wp-content\/uploads\/2020\/03\/Rocinha-Foto-Camilla-Piccolo-scaled.jpg\",\"contentUrl\":\"https:\/\/rioonwatch.org.br\/wp-content\/uploads\/2020\/03\/Rocinha-Foto-Camilla-Piccolo-scaled.jpg\",\"width\":2560,\"height\":1340},{\"@type\":\"BreadcrumbList\",\"@id\":\"https:\/\/rioonwatch.org.br\/?p=45888#breadcrumb\",\"itemListElement\":[{\"@type\":\"ListItem\",\"position\":1,\"name\":\"In\u00edcio\",\"item\":\"https:\/\/rioonwatch.org.br\/\"},{\"@type\":\"ListItem\",\"position\":2,\"name\":\"Derrotando Barreiras Sociais e Urbanas: Desigualdade e Desenho Urbano na Rocinha\"}]},{\"@type\":\"WebSite\",\"@id\":\"https:\/\/rioonwatch.org.br\/#website\",\"url\":\"https:\/\/rioonwatch.org.br\/\",\"name\":\"RioOnWatch\",\"description\":\"relatos das favelas cariocas\",\"publisher\":{\"@id\":\"https:\/\/rioonwatch.org.br\/#organization\"},\"potentialAction\":[{\"@type\":\"SearchAction\",\"target\":{\"@type\":\"EntryPoint\",\"urlTemplate\":\"https:\/\/rioonwatch.org.br\/?s={search_term_string}\"},\"query-input\":{\"@type\":\"PropertyValueSpecification\",\"valueRequired\":true,\"valueName\":\"search_term_string\"}}],\"inLanguage\":\"pt-BR\"},{\"@type\":\"Organization\",\"@id\":\"https:\/\/rioonwatch.org.br\/#organization\",\"name\":\"RioOnWatch\",\"url\":\"https:\/\/rioonwatch.org.br\/\",\"logo\":{\"@type\":\"ImageObject\",\"inLanguage\":\"pt-BR\",\"@id\":\"https:\/\/rioonwatch.org.br\/#\/schema\/logo\/image\/\",\"url\":\"https:\/\/rioonwatch.org.br\/wp-content\/uploads\/2021\/06\/RioOnWatchcabecalhoPT11anos-2.png\",\"contentUrl\":\"https:\/\/rioonwatch.org.br\/wp-content\/uploads\/2021\/06\/RioOnWatchcabecalhoPT11anos-2.png\",\"width\":779,\"height\":277,\"caption\":\"RioOnWatch\"},\"image\":{\"@id\":\"https:\/\/rioonwatch.org.br\/#\/schema\/logo\/image\/\"}},{\"@type\":\"Person\",\"@id\":\"https:\/\/rioonwatch.org.br\/#\/schema\/person\/f443c6b55bb6e80842280318076491c5\",\"name\":\"Luisa Fenizola\",\"image\":{\"@type\":\"ImageObject\",\"inLanguage\":\"pt-BR\",\"@id\":\"https:\/\/rioonwatch.org.br\/#\/schema\/person\/image\/\",\"url\":\"https:\/\/secure.gravatar.com\/avatar\/a3d551110162b9f876cbbdaaecf75663?s=96&d=blank&r=g\",\"contentUrl\":\"https:\/\/secure.gravatar.com\/avatar\/a3d551110162b9f876cbbdaaecf75663?s=96&d=blank&r=g\",\"caption\":\"Luisa Fenizola\"},\"url\":\"https:\/\/rioonwatch.org.br\/?author=152\"}]}<\/script>\n<!-- \/ Yoast SEO plugin. -->","yoast_head_json":{"title":"Derrotando Barreiras Sociais e Urbanas: Desigualdade e Desenho Urbano na Rocinha - RioOnWatch","robots":{"index":"index","follow":"follow","max-snippet":"max-snippet:-1","max-image-preview":"max-image-preview:large","max-video-preview":"max-video-preview:-1"},"canonical":"https:\/\/rioonwatch.org.br\/?p=45888","og_locale":"pt_BR","og_type":"article","og_title":"Derrotando Barreiras Sociais e Urbanas: Desigualdade e Desenho Urbano na Rocinha - RioOnWatch","og_description":"Click Here for English A Autoestrada Lagoa-Barra separa a favela da Rocinha, localizada na Zona Sul, do bairro adjacente de S\u00e3o Conrado. A rodovia barulhenta de duas faixas come\u00e7a na Barra da Tijuca, passa por [...]","og_url":"https:\/\/rioonwatch.org.br\/?p=45888","og_site_name":"RioOnWatch","article_published_time":"2020-04-17T15:33:07+00:00","article_modified_time":"2020-04-17T15:34:25+00:00","og_image":[{"width":2560,"height":1340,"url":"https:\/\/rioonwatch.org.br\/wp-content\/uploads\/2020\/03\/Rocinha-Foto-Camilla-Piccolo-scaled.jpg","type":"image\/jpeg"}],"author":"Luisa Fenizola","twitter_card":"summary_large_image","twitter_misc":{"Escrito por":"Luisa Fenizola","Est. tempo de leitura":"6 minutos"},"schema":{"@context":"https:\/\/schema.org","@graph":[{"@type":"Article","@id":"https:\/\/rioonwatch.org.br\/?p=45888#article","isPartOf":{"@id":"https:\/\/rioonwatch.org.br\/?p=45888"},"author":{"name":"Luisa Fenizola","@id":"https:\/\/rioonwatch.org.br\/#\/schema\/person\/f443c6b55bb6e80842280318076491c5"},"headline":"Derrotando Barreiras Sociais e Urbanas: Desigualdade e Desenho Urbano na Rocinha","datePublished":"2020-04-17T15:33:07+00:00","dateModified":"2020-04-17T15:34:25+00:00","mainEntityOfPage":{"@id":"https:\/\/rioonwatch.org.br\/?p=45888"},"wordCount":1210,"publisher":{"@id":"https:\/\/rioonwatch.org.br\/#organization"},"image":{"@id":"https:\/\/rioonwatch.org.br\/?p=45888#primaryimage"},"thumbnailUrl":"https:\/\/rioonwatch.org.br\/wp-content\/uploads\/2020\/03\/Rocinha-Foto-Camilla-Piccolo-scaled.jpg","keywords":["#StopFavelaStigma","acesso","Barra da Tijuca","Complexo do Alem\u00e3o","desigualdade","Direito \u00e0 Cidade","esgoto","espa\u00e7o p\u00fablico","G\u00e1vea","hist\u00f3ria","infraestrutura","integra\u00e7\u00e3o","mobilidade","Morro da Provid\u00eancia","Oscar Niemeyer","PAC","planejamento urbano","prioridades p\u00fablicas equivocadas","Rocinha","saneamento","S\u00e3o Conrado","segrega\u00e7\u00e3o","solu\u00e7\u00e3o","Zona Sul"],"articleSection":["#OlhoNaUrbaniza\u00e7\u00e3o","Dados e Pesquisa","Entendendo o Rio","Escrito por Aliados"],"inLanguage":"pt-BR"},{"@type":"WebPage","@id":"https:\/\/rioonwatch.org.br\/?p=45888","url":"https:\/\/rioonwatch.org.br\/?p=45888","name":"Derrotando Barreiras Sociais e Urbanas: Desigualdade e Desenho Urbano na Rocinha - RioOnWatch","isPartOf":{"@id":"https:\/\/rioonwatch.org.br\/#website"},"primaryImageOfPage":{"@id":"https:\/\/rioonwatch.org.br\/?p=45888#primaryimage"},"image":{"@id":"https:\/\/rioonwatch.org.br\/?p=45888#primaryimage"},"thumbnailUrl":"https:\/\/rioonwatch.org.br\/wp-content\/uploads\/2020\/03\/Rocinha-Foto-Camilla-Piccolo-scaled.jpg","datePublished":"2020-04-17T15:33:07+00:00","dateModified":"2020-04-17T15:34:25+00:00","breadcrumb":{"@id":"https:\/\/rioonwatch.org.br\/?p=45888#breadcrumb"},"inLanguage":"pt-BR","potentialAction":[{"@type":"ReadAction","target":["https:\/\/rioonwatch.org.br\/?p=45888"]}]},{"@type":"ImageObject","inLanguage":"pt-BR","@id":"https:\/\/rioonwatch.org.br\/?p=45888#primaryimage","url":"https:\/\/rioonwatch.org.br\/wp-content\/uploads\/2020\/03\/Rocinha-Foto-Camilla-Piccolo-scaled.jpg","contentUrl":"https:\/\/rioonwatch.org.br\/wp-content\/uploads\/2020\/03\/Rocinha-Foto-Camilla-Piccolo-scaled.jpg","width":2560,"height":1340},{"@type":"BreadcrumbList","@id":"https:\/\/rioonwatch.org.br\/?p=45888#breadcrumb","itemListElement":[{"@type":"ListItem","position":1,"name":"In\u00edcio","item":"https:\/\/rioonwatch.org.br\/"},{"@type":"ListItem","position":2,"name":"Derrotando Barreiras Sociais e Urbanas: Desigualdade e Desenho Urbano na Rocinha"}]},{"@type":"WebSite","@id":"https:\/\/rioonwatch.org.br\/#website","url":"https:\/\/rioonwatch.org.br\/","name":"RioOnWatch","description":"relatos das favelas cariocas","publisher":{"@id":"https:\/\/rioonwatch.org.br\/#organization"},"potentialAction":[{"@type":"SearchAction","target":{"@type":"EntryPoint","urlTemplate":"https:\/\/rioonwatch.org.br\/?s={search_term_string}"},"query-input":{"@type":"PropertyValueSpecification","valueRequired":true,"valueName":"search_term_string"}}],"inLanguage":"pt-BR"},{"@type":"Organization","@id":"https:\/\/rioonwatch.org.br\/#organization","name":"RioOnWatch","url":"https:\/\/rioonwatch.org.br\/","logo":{"@type":"ImageObject","inLanguage":"pt-BR","@id":"https:\/\/rioonwatch.org.br\/#\/schema\/logo\/image\/","url":"https:\/\/rioonwatch.org.br\/wp-content\/uploads\/2021\/06\/RioOnWatchcabecalhoPT11anos-2.png","contentUrl":"https:\/\/rioonwatch.org.br\/wp-content\/uploads\/2021\/06\/RioOnWatchcabecalhoPT11anos-2.png","width":779,"height":277,"caption":"RioOnWatch"},"image":{"@id":"https:\/\/rioonwatch.org.br\/#\/schema\/logo\/image\/"}},{"@type":"Person","@id":"https:\/\/rioonwatch.org.br\/#\/schema\/person\/f443c6b55bb6e80842280318076491c5","name":"Luisa Fenizola","image":{"@type":"ImageObject","inLanguage":"pt-BR","@id":"https:\/\/rioonwatch.org.br\/#\/schema\/person\/image\/","url":"https:\/\/secure.gravatar.com\/avatar\/a3d551110162b9f876cbbdaaecf75663?s=96&d=blank&r=g","contentUrl":"https:\/\/secure.gravatar.com\/avatar\/a3d551110162b9f876cbbdaaecf75663?s=96&d=blank&r=g","caption":"Luisa Fenizola"},"url":"https:\/\/rioonwatch.org.br\/?author=152"}]}},"_links":{"self":[{"href":"https:\/\/rioonwatch.org.br\/index.php?rest_route=\/wp\/v2\/posts\/45888"}],"collection":[{"href":"https:\/\/rioonwatch.org.br\/index.php?rest_route=\/wp\/v2\/posts"}],"about":[{"href":"https:\/\/rioonwatch.org.br\/index.php?rest_route=\/wp\/v2\/types\/post"}],"author":[{"embeddable":true,"href":"https:\/\/rioonwatch.org.br\/index.php?rest_route=\/wp\/v2\/users\/152"}],"replies":[{"embeddable":true,"href":"https:\/\/rioonwatch.org.br\/index.php?rest_route=%2Fwp%2Fv2%2Fcomments&post=45888"}],"version-history":[{"count":12,"href":"https:\/\/rioonwatch.org.br\/index.php?rest_route=\/wp\/v2\/posts\/45888\/revisions"}],"predecessor-version":[{"id":46601,"href":"https:\/\/rioonwatch.org.br\/index.php?rest_route=\/wp\/v2\/posts\/45888\/revisions\/46601"}],"wp:featuredmedia":[{"embeddable":true,"href":"https:\/\/rioonwatch.org.br\/index.php?rest_route=\/wp\/v2\/media\/45889"}],"wp:attachment":[{"href":"https:\/\/rioonwatch.org.br\/index.php?rest_route=%2Fwp%2Fv2%2Fmedia&parent=45888"}],"wp:term":[{"taxonomy":"category","embeddable":true,"href":"https:\/\/rioonwatch.org.br\/index.php?rest_route=%2Fwp%2Fv2%2Fcategories&post=45888"},{"taxonomy":"post_tag","embeddable":true,"href":"https:\/\/rioonwatch.org.br\/index.php?rest_route=%2Fwp%2Fv2%2Ftags&post=45888"},{"taxonomy":"writer","embeddable":true,"href":"https:\/\/rioonwatch.org.br\/index.php?rest_route=%2Fwp%2Fv2%2Fwriter&post=45888"},{"taxonomy":"translator","embeddable":true,"href":"https:\/\/rioonwatch.org.br\/index.php?rest_route=%2Fwp%2Fv2%2Ftranslator&post=45888"},{"taxonomy":"source","embeddable":true,"href":"https:\/\/rioonwatch.org.br\/index.php?rest_route=%2Fwp%2Fv2%2Fsource&post=45888"},{"taxonomy":"ilustrador","embeddable":true,"href":"https:\/\/rioonwatch.org.br\/index.php?rest_route=%2Fwp%2Fv2%2Filustrador&post=45888"},{"taxonomy":"fotografo","embeddable":true,"href":"https:\/\/rioonwatch.org.br\/index.php?rest_route=%2Fwp%2Fv2%2Ffotografo&post=45888"}],"curies":[{"name":"wp","href":"https:\/\/api.w.org\/{rel}","templated":true}]}}