{"id":45984,"date":"2020-03-23T10:05:00","date_gmt":"2020-03-23T13:05:00","guid":{"rendered":"https:\/\/rioonwatch.org.br\/?p=45984"},"modified":"2026-04-14T10:00:31","modified_gmt":"2026-04-14T13:00:31","slug":"nucleo-de-terras-e-habitacao-da-defensoria-publica-do-rio-de-janeiro-instituicao-unica-e-pioneira-completa-30-anos","status":"publish","type":"post","link":"https:\/\/rioonwatch.org.br\/?p=45984","title":{"rendered":"NUTH da Defensoria P\u00fablica do Rio de Janeiro: Institui\u00e7\u00e3o Pioneira Completa 30 Anos"},"content":{"rendered":"<p style=\"text-align: right;\"><em><strong><a href=\"http:\/\/bit.ly\/2ITFePp\" target=\"_blank\" rel=\"noopener noreferrer\">Click Here for English<\/a><a href=\"http:\/\/bit.ly\/2ITFePp\" target=\"_blank\" rel=\"noopener noreferrer\"><img decoding=\"async\" width=\"20\" height=\"20\" class=\"alignright wp-image-15790\" src=\"http:\/\/rioonwatch.org.br\/wp-content\/uploads\/2012\/08\/EN-standard-e1439583104716.jpg\" \/><\/a><\/strong><\/em><\/p>\n<p><span style=\"font-weight: 400;\">Ativistas pelos direitos \u00e0 moradia no Rio de Janeiro se reuniram em fevereiro e mar\u00e7o em um <\/span><a href=\"http:\/\/bit.ly\/39KCM9J\" target=\"_blank\" rel=\"noopener noreferrer\"><span style=\"font-weight: 400;\">ciclo de confer\u00eancias<\/span><\/a><span style=\"font-weight: 400;\"> para comemorar os 30 anos do N\u00facleo de Terras e Habita\u00e7\u00e3o (NUTH), da <\/span><a href=\"https:\/\/bit.ly\/2x7dVPc\" target=\"_blank\" rel=\"noopener noreferrer\"><span style=\"font-weight: 400;\">Defensoria P\u00fablica do Estado do Rio de Janeiro<\/span><\/a><span style=\"font-weight: 400;\">. Os objetivos das confer\u00eancias s\u00e3o duplos: elas apresentam uma oportunidade de compartilhar experi\u00eancias sobre o trabalho do NUTH, extraindo li\u00e7\u00f5es da hist\u00f3ria do \u00f3rg\u00e3o, ao mesmo tempo em que oferecem uma oportunidade de repensar coletivamente o funcionamento e a governan\u00e7a do NUTH para melhor enfrentar os desafios contempor\u00e2neos.<\/span><\/p>\n<p><span style=\"font-weight: 400;\">As palestras e grupos de discuss\u00e3o juntaram v\u00e1rios atores: moradores de favelas, lideran\u00e7as comunit\u00e1rias e representantes de movimentos e organiza\u00e7\u00f5es parceiras, acad\u00eamicos, pesquisadores, assim como defensores do NUTH, servidores, equipe t\u00e9cnica e estagi\u00e1rios.<\/span><\/p>\n<p><a href=\"https:\/\/rioonwatch.org.br\/wp-content\/uploads\/2020\/03\/Programa-do-ciclo-de-confer\u00eancias-sobre-o-NUTH.jpg\"><img fetchpriority=\"high\" decoding=\"async\" class=\"alignright wp-image-45988\" title=\"Programa do ciclo de confer\u00eancias sobre o NUTH\" src=\"https:\/\/rioonwatch.org.br\/wp-content\/uploads\/2020\/03\/Programa-do-ciclo-de-confer\u00eancias-sobre-o-NUTH.jpg\" alt=\"\" width=\"212\" height=\"300\" srcset=\"https:\/\/rioonwatch.org.br\/wp-content\/uploads\/2020\/03\/Programa-do-ciclo-de-confer\u00eancias-sobre-o-NUTH.jpg 678w, https:\/\/rioonwatch.org.br\/wp-content\/uploads\/2020\/03\/Programa-do-ciclo-de-confer\u00eancias-sobre-o-NUTH-186x264.jpg 186w, https:\/\/rioonwatch.org.br\/wp-content\/uploads\/2020\/03\/Programa-do-ciclo-de-confer\u00eancias-sobre-o-NUTH-438x620.jpg 438w\" sizes=\"(max-width: 212px) 100vw, 212px\" \/><\/a><\/p>\n<h3><b>A Defensoria P\u00fablica e o NUTH no Rio de Janeiro<\/b><\/h3>\n<p><span style=\"font-weight: 400;\">A Defensoria P\u00fablica, prevista na Constitui\u00e7\u00e3o, existe a n\u00edvel federal e estadual e pode ser solicitada diretamente pelos cidad\u00e3os, prestando assist\u00eancia jur\u00eddica gratuita aos menos afortunados. Ela desempenha um <\/span><a href=\"http:\/\/bit.ly\/2mNU8ip\" target=\"_blank\" rel=\"noopener noreferrer\"><span style=\"font-weight: 400;\">papel proativo na promo\u00e7\u00e3o dos direitos humanos<\/span><\/a><span style=\"font-weight: 400;\">. Com essa combina\u00e7\u00e3o de fatores, \u00e9 o \u00fanico \u00f3rg\u00e3o de seu tipo no mundo. De fato, a Constitui\u00e7\u00e3o garante sua exist\u00eancia e autonomia como quarta fonte de poder representativo, al\u00e9m dos poderes legislativo, executivo e judici\u00e1rio, e em p\u00e9 de igualdade com o Minist\u00e9rio P\u00fablico.<\/span><\/p>\n<p><span style=\"font-weight: 400;\">O N\u00facleo de Terras e Habita\u00e7\u00e3o do Rio de Janeiro \u00e9 ainda mais singular, pois seu trabalho se concentra especificamente na defesa do direito \u00e0 moradia, um <\/span><a href=\"http:\/\/bit.ly\/315lIHC\" target=\"_blank\" rel=\"noopener noreferrer\"><span style=\"font-weight: 400;\">direito constitucional no Brasil<\/span><\/a><span style=\"font-weight: 400;\">. Segundo Adriana Bevil\u00e1qua, defensora p\u00fablica do NUTH, os defensores concentram seus esfor\u00e7os na defesa do direito \u00e0 moradia, em vista dos <a href=\"http:\/\/bit.ly\/2PhslTh\" target=\"_blank\" rel=\"noopener noreferrer\">conflitos fundi\u00e1rios urbanos<\/a>. T\u00eam assim, muitos casos de amea\u00e7as de <a href=\"http:\/\/bit.ly\/2x3chdW\" target=\"_blank\" rel=\"noopener noreferrer\">remo\u00e7\u00e3o<\/a> pelo poder p\u00fablico, de conflitos possess\u00f3rio com particulares, al\u00e9m de <a href=\"https:\/\/bit.ly\/2WFaha3\" target=\"_blank\" rel=\"noopener noreferrer\">regulariza\u00e7\u00f5es fundi\u00e1rias<\/a>, abrangendo cerca de 500 comunidades atendidas no munic\u00edpio do Rio de Janeiro. Nos \u00faltimos anos, tem representado in\u00fameros casos em que o direito \u00e0 moradia de moradores n\u00e3o foi respeitado, como no caso da prepara\u00e7\u00e3o da cidade para megaeventos como a Copa do Mundo e os Jogos Ol\u00edmpicos.<\/span><\/p>\n<p style=\"text-align: center;\"><a href=\"https:\/\/rioonwatch.org.br\/wp-content\/uploads\/2020\/03\/p\u00fablico-conf-NUTH.jpg\"><img decoding=\"async\" class=\"aligncenter wp-image-45990 size-content\" title=\"Organizadores e p\u00fablico do ciclo de confer\u00eancias do NUTH. Foto por Jaqueline Banai\" src=\"https:\/\/rioonwatch.org.br\/wp-content\/uploads\/2020\/03\/p\u00fablico-conf-NUTH-620x264.jpg\" alt=\"\" width=\"620\" height=\"264\" srcset=\"https:\/\/rioonwatch.org.br\/wp-content\/uploads\/2020\/03\/p\u00fablico-conf-NUTH-620x264.jpg 620w, https:\/\/rioonwatch.org.br\/wp-content\/uploads\/2020\/03\/p\u00fablico-conf-NUTH-940x400.jpg 940w\" sizes=\"(max-width: 620px) 100vw, 620px\" \/><\/a><\/p>\n<p><span style=\"font-weight: 400;\">O Rio de Janeiro foi o primeiro estado brasileiro a criar uma Defensoria P\u00fablica, e continua sendo o lar de uma das mais desenvolvidas do pa\u00eds, mesmo que a promessa de acesso universal \u00e0 justi\u00e7a nem sempre seja cumprida. A falar no primeiro evento da confer\u00eancia no dia 7 de fevereiro, Luiz Severino, da <\/span><a href=\"http:\/\/bit.ly\/35frEPW\" target=\"_blank\" rel=\"noopener noreferrer\"><span style=\"font-weight: 400;\">Pastoral de Favelas<\/span><\/a><span style=\"font-weight: 400;\">\u00a0e do <\/span><a href=\"http:\/\/bit.ly\/2E9EEuy\" target=\"_blank\" rel=\"noopener noreferrer\"><span style=\"font-weight: 400;\">Conselho Popular<\/span><\/a><span style=\"font-weight: 400;\">, um grupo de apoio e defesa de moradores de favelas e apoiadores que lutam contra remo\u00e7\u00f5es por toda a cidade, chamou o NUTH de essencial &#8220;numa cidade de exclus\u00e3o e de luta que foi campe\u00e3 em [casos de] viola\u00e7\u00f5es de direitos humanos<\/span><span style=\"font-weight: 400;\">&#8220;. A moradora da <\/span><a href=\"http:\/\/bit.ly\/2x3RcjK\" target=\"_blank\" rel=\"noopener noreferrer\"><span style=\"font-weight: 400;\">Vila Aut\u00f3dromo<\/span><\/a><span style=\"font-weight: 400;\"> e ativista pelo direito \u00e0 moradia <\/span><a href=\"https:\/\/bit.ly\/3970P1z\" target=\"_blank\" rel=\"noopener noreferrer\"><span style=\"font-weight: 400;\">Maria da Penha Macena<\/span><\/a><span style=\"font-weight: 400;\"> concordou com Luiz sobre o papel do grupo em um contexto pol\u00edtico amea\u00e7ador, dizendo que, no momento, &#8220;\u2019\u00e9 dif\u00edcil ter o direito do pobre, do trabalhador, do favelado, do preto, do ind\u00edgena, respeitado<\/span><span style=\"font-weight: 400;\">&#8220;. Para Giselle Tanaka do Instituto de Pesquisa e Planejamento Urbano e Regional da Universidade Federal do Rio de Janeiro (IPPUR-UFRJ), o NUTH \u00e9 uma ferramenta essencial para resistir \u00e0s &#8220;tentativas de negar direitos dos moradores, inclusive a\u00e7\u00f5es ilegais da parte de poderes p\u00fablicos criminosos&#8221;.<\/span><\/p>\n<h3><b>30 Anos de Dedica\u00e7\u00e3o N\u00e3o-Partid\u00e1ria ao Direito \u00e0 Moradia<\/b><\/h3>\n<p><span style=\"font-weight: 400;\">O ciclo da confer\u00eancia proporcionou uma oportunidade para compartilhar experi\u00eancias, impulsionar os aprendizados das lutas dos anos anteriores e refletir, introspectivamente, de modo a n\u00e3o repetir os erros do passado.<\/span> <span style=\"font-weight: 400;\">A confer\u00eancia foi aberta com os participantes reconhecendo o trabalho da institui\u00e7\u00e3o: falando no dia 7 de fevereiro, Maria da Penha elogiou o apoio do NUTH, dizendo: &#8220;\u00c9 um trabalho de formiguinha muito dif\u00edcil, mas conseguimos algumas vit\u00f3rias em parte gra\u00e7as \u00e0 ajuda do NUTH<\/span><span style=\"font-weight: 400;\">&#8220;. Orlando Santos J\u00fanior, do Observat\u00f3rio das Metr\u00f3poles e do IPPUR-UFRJ, chamou o NUTH de &#8220;uma conquista da sociedade<\/span><span style=\"font-weight: 400;\">&#8220;, e o Defensor P\u00fablico Geral Rodrigo Pacheco enfatizou a import\u00e2ncia da constru\u00e7\u00e3o de uma linha de a\u00e7\u00e3o com coopera\u00e7\u00e3o e participa\u00e7\u00e3o, assim como fez o ex-Defensor P\u00fablico Alexandre Mendes, que observou que &#8220;o NUTH se construiu de forma aberta com participa\u00e7\u00e3o efetiva, n\u00e3o inventada, e a qualidade da sua atua\u00e7\u00e3o depende desta participa\u00e7\u00e3o e autonomia<\/span><span style=\"font-weight: 400;\">&#8220;.<\/span> <span style=\"font-weight: 400;\">Regina Bienenstein, do N\u00facleo de Estudos e Projetos Habitacionais e Urbanos da Universidade Federal Fluminense (NEPHU-UFF), insistiu neste ponto, na sua fala em 14 de fevereiro, dizendo: &#8220;O<\/span><span style=\"font-weight: 400;\"> corpo de profissionais do NUTH defende os direitos dos moradores independente de quais s\u00e3o as ordens do poder que est\u00e3o mandando acima&#8221;.<\/span><\/p>\n<p style=\"text-align: center;\"><a href=\"https:\/\/rioonwatch.org.br\/wp-content\/uploads\/2020\/03\/Regina-Bienenstein.jpg\"><img loading=\"lazy\" decoding=\"async\" class=\"aligncenter wp-image-45992 size-medium\" title=\"Regina Bienenstein dando uma palestra no ciclo de confer\u00eancias do NUTH. Foto por Comunidades Catalisadoras\" src=\"https:\/\/rioonwatch.org.br\/wp-content\/uploads\/2020\/03\/Regina-Bienenstein-620x310.jpg\" alt=\"\" width=\"620\" height=\"310\" srcset=\"https:\/\/rioonwatch.org.br\/wp-content\/uploads\/2020\/03\/Regina-Bienenstein-620x310.jpg 620w, https:\/\/rioonwatch.org.br\/wp-content\/uploads\/2020\/03\/Regina-Bienenstein-528x264.jpg 528w, https:\/\/rioonwatch.org.br\/wp-content\/uploads\/2020\/03\/Regina-Bienenstein-768x384.jpg 768w, https:\/\/rioonwatch.org.br\/wp-content\/uploads\/2020\/03\/Regina-Bienenstein-1024x512.jpg 1024w, https:\/\/rioonwatch.org.br\/wp-content\/uploads\/2020\/03\/Regina-Bienenstein.jpg 2000w\" sizes=\"(max-width: 620px) 100vw, 620px\" \/><\/a><\/p>\n<h3><span style=\"color: #333333;\"><strong><b>Fortalecendo a Rela\u00e7\u00e3o entre o NUTH e as Favelas<\/b><\/strong><\/span><\/h3>\n<p><span style=\"font-weight: 400;\">Moradores de favelas, muitos dos quais se reuniram nas confer\u00eancias do megaevento que amea\u00e7ou as comunidades da Vila Aut\u00f3dromo, <\/span><a href=\"http:\/\/bit.ly\/2mcrYgA\" target=\"_blank\" rel=\"noopener noreferrer\"><span style=\"font-weight: 400;\">Canal do Anil<\/span><\/a><span style=\"font-weight: 400;\">, <\/span><a href=\"http:\/\/bit.ly\/2lvBTO8\" target=\"_blank\" rel=\"noopener noreferrer\"><span style=\"font-weight: 400;\">Rio das Pedras<\/span><\/a><span style=\"font-weight: 400;\">, <\/span><a href=\"https:\/\/bit.ly\/2IXLXrP\" target=\"_blank\" rel=\"noopener noreferrer\"><span style=\"font-weight: 400;\">Barrinha<\/span><\/a><span style=\"font-weight: 400;\"> e <\/span><a href=\"https:\/\/bit.ly\/2xa0fD2\" target=\"_blank\" rel=\"noopener noreferrer\"><span style=\"font-weight: 400;\">Arroio Pavuna<\/span><\/a><span style=\"font-weight: 400;\">, na <\/span><a href=\"http:\/\/bit.ly\/2x3k8bw\" target=\"_blank\" rel=\"noopener noreferrer\"><span style=\"font-weight: 400;\">Zona Oeste <\/span><\/a><span style=\"font-weight: 400;\">do Rio<\/span><span style=\"font-weight: 400;\">, destacaram a import\u00e2ncia de estabelecer e manter uma rela\u00e7\u00e3o s\u00f3lida entre o NUTH e as comunidades e a necessidade de fortalecer a presen\u00e7a local dos defensores.<\/span> <span style=\"font-weight: 400;\">&#8220;\u00c9 fundamental que o defensor tenha um di\u00e1logo dentro das comunidades, porque s\u00f3 assim ele vai descobrir as necessidades daquele local&#8221;, disse Maria da Penha. &#8220;Faz uma diferen\u00e7a imensa quando um defensor tem compromisso, est\u00e1 presente e faz uma reuni\u00e3o mostrando para n\u00f3s que temos direito \u00e0quele territ\u00f3rio, porque n\u00f3s das comunidades, muitas vezes n\u00e3o temos tempo de saber direto qual \u00e9 o nosso direito<\/span><span style=\"font-weight: 400;\">.&#8221; Jacqueline Costa, moradora da favela da Barrinha e membro do Conselho Popular, acrescentou que, &#8220;antes, os defensores n\u00e3o iam muito \u00e0s comunidades, agora est\u00e3o muito mais presentes, v\u00eam at\u00e9 \u00e0 comunidade para conhecer melhor e ver com os pr\u00f3prios olhos os problemas que enfrentamos&#8221;.<\/span><\/p>\n<p><span style=\"color: #333333;\"><a style=\"color: #333333;\" href=\"https:\/\/www.rioonwatch.org\/wp-content\/uploads\/2020\/03\/Defensoria-30-anos.jpg\"><img loading=\"lazy\" decoding=\"async\" class=\"aligncenter wp-image-58346 size-content\" title=\"O p\u00fablico contou com grande participa\u00e7\u00e3o da comunidade em apoio e compromisso com o NUTH.\" src=\"https:\/\/www.rioonwatch.org\/wp-content\/uploads\/2020\/03\/Defensoria-30-anos-620x264.jpg\" alt=\"\" width=\"620\" height=\"264\" \/><\/a><\/span><\/p>\n<p><span style=\"font-weight: 400;\">Jacqueline tamb\u00e9m observou, contudo, que os moradores poderiam ajudar ainda mais o NUTH, participando e ajudando a organizar reuni\u00f5es. De fato, para Giselle, historicamente, os movimentos de resist\u00eancia mais bem sucedidos t\u00eam sido aqueles iniciados e liderados pelos pr\u00f3prios moradores da comunidade, apoiados com ferramentas do NUTH.<\/span> <span style=\"font-weight: 400;\">Maria Z\u00e9lia Carneiro Dazzi, da Associa\u00e7\u00e3o de Moradores e Pescadores da Vila Arroio Pavuna, \u00e9 a prova disso, disse Giselle: &#8220;Ela foi na frente, marcou as reuni\u00f5es, e buscou recursos do NUTH para mostrar seu direito de ficar&#8221;.<\/span> <span style=\"font-weight: 400;\">Para conseguir vit\u00f3rias, &#8220;o trabalho tem que ser integrado no cotidiano, o di\u00e1logo tem que ser articulado cotidianamente&#8221;, disse Regina. <\/span><a href=\"https:\/\/bit.ly\/2Wu2Ou3\" target=\"_blank\" rel=\"noopener noreferrer\"><span style=\"font-weight: 400;\">Esse foi o caso da Vila Aut\u00f3dromo<\/span><\/a><span style=\"font-weight: 400;\">, onde a comunidade conseguiu reunir v\u00e1rios grupos e construir uma forte rede. Assim, o NUTH tem que manter o interc\u00e2mbio com as lideran\u00e7as de cada comunidade, e com organiza\u00e7\u00f5es como o Conselho Popular e a Pastoral de Favelas.<\/span><\/p>\n<h3><span style=\"color: #333333;\"><a style=\"color: #333333;\" href=\"https:\/\/www.rioonwatch.org\/wp-content\/uploads\/2020\/03\/Public-Defenders-Offices-bus-visiting-a-community-to-provide-legal-help-.png\"><img loading=\"lazy\" decoding=\"async\" class=\"aligncenter wp-image-58291\" title=\" Voc\u00ea quis dizer: Public Defenders' Offices bus visiting a community to provide legal help 74\/5000 \u00d4nibus da Defensoria P\u00fablica em visita a uma comunidade para fornecer ajuda legal.\" src=\"https:\/\/www.rioonwatch.org\/wp-content\/uploads\/2020\/03\/Public-Defenders-Offices-bus-visiting-a-community-to-provide-legal-help-.png\" alt=\"\" width=\"620\" height=\"414\" \/><\/a><\/span><\/h3>\n<h3><b>O Papel Agregador do NUTH: Apoio T\u00e9cnico e uma Porta Aberta para a Esfera Pol\u00edtica<\/b><\/h3>\n<p><span style=\"font-weight: 400;\">Segundo Giselle, a for\u00e7a e o poder do NUTH v\u00eam do seu papel agregador: o NUTH d\u00e1 \u00e0s comunidades a oportunidade de trabalhar com aliados legais e t\u00e9cnicos (por exemplo, engenheiros, ge\u00f3grafos, fot\u00f3grafos) que s\u00e3o necess\u00e1rios para criar uma base s\u00f3lida e leg\u00edtima para defender casos. O NUTH \u00e9 tamb\u00e9m um interveniente chave na advocacia pol\u00edtica: &#8220;\u00c9<\/span><span style=\"font-weight: 400;\"> preciso saber seus direitos para poder lutar, mas n\u00e3o \u00e9 suficiente diante de um estado que est\u00e1 agindo na ilegalidade&#8221;, diz Giselle. &#8220;\u00c0s vezes, um documento, um t\u00edtulo de posse ou de perman\u00eancia, pode valer muito pouco diante da a\u00e7\u00e3o de pol\u00edticos e gestores que, ao contr\u00e1rio de garantirem o interesse p\u00fablico, se coloquem contra o povo, contra o reconhecimento de direito, por ter preconceito social e interesses maiores. Ent\u00e3o, \u00e9 importante ter a\u00e7\u00f5es de oposi\u00e7\u00e3o, de contesta\u00e7\u00e3o. O NUTH consegue abrir canais de discuss\u00e3o e negocia\u00e7\u00e3o para comunidades com o poder p\u00fablico, lhes permite entrar no espa\u00e7o pol\u00edtico, e tamb\u00e9m ajuda a legitimar as suas vozes.\u2019\u2019<\/span><\/p>\n<h3><span style=\"color: #333333;\"><strong><b>Questionando e Reinventando<\/b><\/strong><\/span><\/h3>\n<p><span style=\"font-weight: 400;\">As confer\u00eancias tamb\u00e9m proporcionaram espa\u00e7o para discutir epis\u00f3dios menos lisonjeiros na hist\u00f3ria do NUTH. Foi uma oportunidade para recordar os erros cometidos, incluindo os efeitos negativos da influ\u00eancia pol\u00edtica. V\u00e1rias lideran\u00e7as evocaram desafios que tinham surgido e sido superados com o NUTH, incluindo defensores p\u00fablicos &#8220;que n\u00e3o estavam na linha&#8221;, segundo F\u00e1tima Tardim, arquiteta e especialista em planejamento urbano.<\/span> <span style=\"font-weight: 400;\">Para Inalva Brito, antiga moradora da Vila Aut\u00f3dromo, <\/span><span style=\"font-weight: 400;\">removida <\/span><span style=\"font-weight: 400;\">durante o processo de remo\u00e7\u00e3o da favela, &#8220;teve um defensor que nos negava a entrada na casa da defensoria&#8230; Muitas pessoas da comunidade olhavam os defensores como pessoas que [elas] n\u00e3o podiam se aproximar, porque se vestiam e falavam de maneira diferente. A quebra deste distanciamento foi muito importante para n\u00f3s. Agora os defensores v\u00e3o para as comunidades e dialogam, e s\u00e3o como n\u00f3s&#8221;. Regina<\/span><span style=\"font-weight: 400;\"> observou tamb\u00e9m que, em certo momento, &#8220;uns defensores estavam servindo de articuladores tentando convencer os moradores a aceitar as propostas da prefeitura: este n\u00e3o deve ser o papel do NUTH!<\/span><span style=\"font-weight: 400;\">&#8220;. Muitos dos debates dos grupos de discuss\u00e3o centraram-se em quest\u00f5es de governan\u00e7a dentro do \u00f3rg\u00e3o p\u00fablico independente e na quest\u00e3o da nomea\u00e7\u00e3o de defensores.<\/span><\/p>\n<p><span style=\"font-weight: 400;\">Outras reflex\u00f5es centraram-se nas limita\u00e7\u00f5es internas do NUTH. Giselle observou que &#8220;este lugar acaba tamb\u00e9m sendo um lugar de poder. A maior parte da assessoria t\u00e9cnica s\u00e3o de universit\u00e1rios com n\u00edvel superior, majoritariamente branco, majoritariamente de classe m\u00e9dia, se n\u00e3o de classe alta&#8230; Mas \u00e9 importante ter em mente a luta pol\u00edtica maior. N\u00e3o \u00e9 uma a\u00e7\u00e3o judicial que vai mudar esse cen\u00e1rio pol\u00edtico desigual em termos de poder&#8221;.<\/span>\u00a0<span style=\"font-weight: 400;\">Poliana Monteiro, autora de <a href=\"http:\/\/bit.ly\/SerieMulherXRemocao\" target=\"_blank\" rel=\"noopener noreferrer\">pesquisas sobre a rela\u00e7\u00e3o entre viol\u00eancia de g\u00eanero e remo\u00e7\u00f5es<\/a>, levantou a quest\u00e3o da representa\u00e7\u00e3o de g\u00eanero, lembrando que o direito \u00e0 cidade permanece desigual e que a quest\u00e3o do que significa ser mulher na cidade deve ser levada em conta na tomada de decis\u00f5es do \u00f3rg\u00e3o.<\/span><\/p>\n<p><span style=\"font-weight: 400;\">Os participantes do evento tamb\u00e9m apontaram que a falta de recursos econ\u00f4micos e humanos no NUTH pode estar impedindo o organismo de cumprir sua miss\u00e3o. Alguns moradores de favelas observaram que o NUTH est\u00e1 muitas vezes sobrecarregado de trabalho, enquanto outros pediram que o trabalho do NUTH fosse estendido a outros munic\u00edpios do estado.<\/span><\/p>\n<p><span style=\"font-weight: 400;\">Essas e outras quest\u00f5es est\u00e3o no centro dos debates que tiveram lugar no final de cada dia de confer\u00eancia, onde todos os participantes foram convidados a propor ideias para fortalecer o NUTH na luta pelo direito \u00e0 moradia. Os dois \u00faltimos eventos da confer\u00eancia, adiados devido \u00e0s precau\u00e7\u00f5es com o coronav\u00edrus, permitir\u00e3o aos participantes aprofundar suas ideias para melhorar o NUTH, culminando com a apresenta\u00e7\u00e3o de propostas em grupos no encerramento da confer\u00eancia.<\/span><\/p>\n<p><span style=\"color: #333333;\"><a style=\"color: #333333;\" href=\"https:\/\/www.rioonwatch.org\/wp-content\/uploads\/2020\/03\/Discussion-group-of-the-NUTHs-cycle-of-conferences-Photo-by-Anouk-Aflalo-Dor\u00e9.jpeg\"><img loading=\"lazy\" decoding=\"async\" class=\"aligncenter wp-image-58290 size-large\" title=\"Grupo de discuss\u00e3o do ciclo de confer\u00eancias do NUTH. Foto: Anouk Aflalo Dor\u00e9\" src=\"https:\/\/www.rioonwatch.org\/wp-content\/uploads\/2020\/03\/Discussion-group-of-the-NUTHs-cycle-of-conferences-Photo-by-Anouk-Aflalo-Dor\u00e9-1024x365.jpeg\" alt=\"\" width=\"620\" height=\"221\" \/><\/a><\/span><\/p>\n<hr \/>\n<h4>Apoie o jornalismo hiperlocal, cr\u00edtico, inovador e incans\u00e1vel do\u00a0<em>RioOnWatch<\/em>. #QueroReportagensSobreFavelas\u2014<a href=\"http:\/\/bit.ly\/CatalisandoComunidades\">doe aqui<\/a>.<\/h4>\n<div class=\"entry clearfix\">\n<div class=\"entry clearfix\">\n<div class=\"entry clearfix\">\n<h4><\/h4>\n<\/div>\n<\/div>\n<\/div>\n<!-- AddThis Advanced Settings generic via filter on the_content --><!-- AddThis Share Buttons generic via filter on the_content -->","protected":false},"excerpt":{"rendered":"<div class=\"mh-excerpt\"><p>Click Here for English Ativistas pelos direitos \u00e0 moradia no Rio de Janeiro se reuniram em fevereiro e mar\u00e7o em um ciclo de confer\u00eancias para comemorar os 30 anos do N\u00facleo de Terras e Habita\u00e7\u00e3o <a class=\"mh-excerpt-more\" href=\"https:\/\/rioonwatch.org.br\/?p=45984\" title=\"NUTH da Defensoria P\u00fablica do Rio de Janeiro: Institui\u00e7\u00e3o Pioneira Completa 30 Anos\">[&#8230;]<\/a><!-- AddThis Advanced Settings generic via filter on get_the_excerpt --><!-- AddThis Share Buttons generic via filter on get_the_excerpt --><\/p>\n<\/div>","protected":false},"author":129,"featured_media":45986,"comment_status":"closed","ping_status":"closed","sticky":false,"template":"","format":"standard","meta":{"_acf_changed":false,"_monsterinsights_skip_tracking":false,"_monsterinsights_sitenote_active":false,"_monsterinsights_sitenote_note":"","_monsterinsights_sitenote_category":0,"footnotes":""},"categories":[1621,1627,1626,1612],"tags":[13,2237,54,2218,90,424,88,2548,1575,1240,1037,2216,358,304,86,82,14,432,1393,2193,55,184],"writer":[2752],"translator":[1785],"source":[],"ilustrador":[],"fotografo":[],"class_list":{"0":"post-45984","1":"post","2":"type-post","3":"status-publish","4":"format-standard","5":"has-post-thumbnail","7":"category-destaque","8":"category-relato-de-evento","9":"category-por-observadores-internacionais","10":"category-sociedade-civil","11":"tag-arroio-pavuna","12":"tag-barrinha","13":"tag-anil","14":"tag-conselho-popular","15":"tag-defensoria-publica","16":"tag-direito-a-moradia","17":"tag-direitos-humanos","18":"tag-igreja-catolica","19":"tag-ippur","20":"tag-megaeventos","21":"tag-moradia","22":"tag-nuth","23":"tag-organizacao-comunitaria","24":"tag-participacao","25":"tag-pastoral-de-favelas","26":"tag-regularizacao-fundiaria","27":"tag-remocao","28":"tag-resistencia","29":"tag-rio-das-pedras","30":"tag-ufrj","31":"tag-vila-autodromo","32":"tag-zona-oeste","33":"writer-anouk-aflalo-dore","34":"translator-maria-fernanda-godinho"},"acf":[],"yoast_head":"<!-- This site is optimized with the Yoast SEO plugin v25.6 - https:\/\/yoast.com\/wordpress\/plugins\/seo\/ -->\n<title>NUTH da Defensoria P\u00fablica do Rio de Janeiro: Institui\u00e7\u00e3o Pioneira Completa 30 Anos - RioOnWatch<\/title>\n<meta name=\"robots\" content=\"index, follow, max-snippet:-1, max-image-preview:large, max-video-preview:-1\" \/>\n<link rel=\"canonical\" href=\"https:\/\/rioonwatch.org.br\/?p=45984\" \/>\n<meta property=\"og:locale\" content=\"pt_BR\" \/>\n<meta property=\"og:type\" content=\"article\" \/>\n<meta property=\"og:title\" content=\"NUTH da Defensoria P\u00fablica do Rio de Janeiro: Institui\u00e7\u00e3o Pioneira Completa 30 Anos - RioOnWatch\" \/>\n<meta property=\"og:description\" content=\"Click Here for English Ativistas pelos direitos \u00e0 moradia no Rio de Janeiro se reuniram em fevereiro e mar\u00e7o em um ciclo de confer\u00eancias para comemorar os 30 anos do N\u00facleo de Terras e Habita\u00e7\u00e3o [...]\" \/>\n<meta property=\"og:url\" content=\"https:\/\/rioonwatch.org.br\/?p=45984\" \/>\n<meta property=\"og:site_name\" content=\"RioOnWatch\" \/>\n<meta property=\"article:published_time\" content=\"2020-03-23T13:05:00+00:00\" \/>\n<meta property=\"article:modified_time\" content=\"2026-04-14T13:00:31+00:00\" \/>\n<meta property=\"og:image\" content=\"https:\/\/rioonwatch.org.br\/wp-content\/uploads\/2020\/03\/Painel-no-evento-de-30-anos-do-NUTH.-Foto-por-Anouk-Aflalo-Dor\u00e9.jpg\" \/>\n\t<meta property=\"og:image:width\" content=\"2000\" \/>\n\t<meta property=\"og:image:height\" content=\"1000\" \/>\n\t<meta property=\"og:image:type\" content=\"image\/jpeg\" \/>\n<meta name=\"author\" content=\"Admin\" \/>\n<meta name=\"twitter:card\" content=\"summary_large_image\" \/>\n<meta name=\"twitter:label1\" content=\"Escrito por\" \/>\n\t<meta name=\"twitter:data1\" content=\"Admin\" \/>\n\t<meta name=\"twitter:label2\" content=\"Est. tempo de leitura\" \/>\n\t<meta name=\"twitter:data2\" content=\"9 minutos\" \/>\n<script type=\"application\/ld+json\" class=\"yoast-schema-graph\">{\"@context\":\"https:\/\/schema.org\",\"@graph\":[{\"@type\":\"Article\",\"@id\":\"https:\/\/rioonwatch.org.br\/?p=45984#article\",\"isPartOf\":{\"@id\":\"https:\/\/rioonwatch.org.br\/?p=45984\"},\"author\":{\"name\":\"Admin\",\"@id\":\"https:\/\/rioonwatch.org.br\/#\/schema\/person\/11d64c290506f9df50c71b850c473f68\"},\"headline\":\"NUTH da Defensoria P\u00fablica do Rio de Janeiro: Institui\u00e7\u00e3o Pioneira Completa 30 Anos\",\"datePublished\":\"2020-03-23T13:05:00+00:00\",\"dateModified\":\"2026-04-14T13:00:31+00:00\",\"mainEntityOfPage\":{\"@id\":\"https:\/\/rioonwatch.org.br\/?p=45984\"},\"wordCount\":1911,\"publisher\":{\"@id\":\"https:\/\/rioonwatch.org.br\/#organization\"},\"image\":{\"@id\":\"https:\/\/rioonwatch.org.br\/?p=45984#primaryimage\"},\"thumbnailUrl\":\"https:\/\/rioonwatch.org.br\/wp-content\/uploads\/2020\/03\/Painel-no-evento-de-30-anos-do-NUTH.-Foto-por-Anouk-Aflalo-Dor\u00e9.jpg\",\"keywords\":[\"Arroio Pavuna\",\"Barrinha\",\"Canal do Anil\",\"Conselho Popular\",\"Defensoria P\u00fablica\",\"Direito \u00e0 Moradia\",\"Direitos Humanos\",\"Igreja Cat\u00f3lica\",\"IPPUR\",\"Megaeventos\",\"moradia\",\"NUTH\",\"organiza\u00e7\u00e3o comunit\u00e1ria\",\"participa\u00e7\u00e3o\",\"Pastoral das Favelas\",\"regulariza\u00e7\u00e3o fundi\u00e1ria\",\"Remo\u00e7\u00e3o\",\"resist\u00eancia\",\"Rio das Pedras\",\"UFRJ\",\"Vila Aut\u00f3dromo\",\"Zona Oeste\"],\"articleSection\":[\"*Destaque\",\"Cobertura de Eventos\",\"Escrito por Aliados\",\"Sociedade Civil\"],\"inLanguage\":\"pt-BR\"},{\"@type\":\"WebPage\",\"@id\":\"https:\/\/rioonwatch.org.br\/?p=45984\",\"url\":\"https:\/\/rioonwatch.org.br\/?p=45984\",\"name\":\"NUTH da Defensoria P\u00fablica do Rio de Janeiro: Institui\u00e7\u00e3o Pioneira Completa 30 Anos - RioOnWatch\",\"isPartOf\":{\"@id\":\"https:\/\/rioonwatch.org.br\/#website\"},\"primaryImageOfPage\":{\"@id\":\"https:\/\/rioonwatch.org.br\/?p=45984#primaryimage\"},\"image\":{\"@id\":\"https:\/\/rioonwatch.org.br\/?p=45984#primaryimage\"},\"thumbnailUrl\":\"https:\/\/rioonwatch.org.br\/wp-content\/uploads\/2020\/03\/Painel-no-evento-de-30-anos-do-NUTH.-Foto-por-Anouk-Aflalo-Dor\u00e9.jpg\",\"datePublished\":\"2020-03-23T13:05:00+00:00\",\"dateModified\":\"2026-04-14T13:00:31+00:00\",\"breadcrumb\":{\"@id\":\"https:\/\/rioonwatch.org.br\/?p=45984#breadcrumb\"},\"inLanguage\":\"pt-BR\",\"potentialAction\":[{\"@type\":\"ReadAction\",\"target\":[\"https:\/\/rioonwatch.org.br\/?p=45984\"]}]},{\"@type\":\"ImageObject\",\"inLanguage\":\"pt-BR\",\"@id\":\"https:\/\/rioonwatch.org.br\/?p=45984#primaryimage\",\"url\":\"https:\/\/rioonwatch.org.br\/wp-content\/uploads\/2020\/03\/Painel-no-evento-de-30-anos-do-NUTH.-Foto-por-Anouk-Aflalo-Dor\u00e9.jpg\",\"contentUrl\":\"https:\/\/rioonwatch.org.br\/wp-content\/uploads\/2020\/03\/Painel-no-evento-de-30-anos-do-NUTH.-Foto-por-Anouk-Aflalo-Dor\u00e9.jpg\",\"width\":2000,\"height\":1000},{\"@type\":\"BreadcrumbList\",\"@id\":\"https:\/\/rioonwatch.org.br\/?p=45984#breadcrumb\",\"itemListElement\":[{\"@type\":\"ListItem\",\"position\":1,\"name\":\"In\u00edcio\",\"item\":\"https:\/\/rioonwatch.org.br\/\"},{\"@type\":\"ListItem\",\"position\":2,\"name\":\"NUTH da Defensoria P\u00fablica do Rio de Janeiro: Institui\u00e7\u00e3o Pioneira Completa 30 Anos\"}]},{\"@type\":\"WebSite\",\"@id\":\"https:\/\/rioonwatch.org.br\/#website\",\"url\":\"https:\/\/rioonwatch.org.br\/\",\"name\":\"RioOnWatch\",\"description\":\"relatos das favelas cariocas\",\"publisher\":{\"@id\":\"https:\/\/rioonwatch.org.br\/#organization\"},\"potentialAction\":[{\"@type\":\"SearchAction\",\"target\":{\"@type\":\"EntryPoint\",\"urlTemplate\":\"https:\/\/rioonwatch.org.br\/?s={search_term_string}\"},\"query-input\":{\"@type\":\"PropertyValueSpecification\",\"valueRequired\":true,\"valueName\":\"search_term_string\"}}],\"inLanguage\":\"pt-BR\"},{\"@type\":\"Organization\",\"@id\":\"https:\/\/rioonwatch.org.br\/#organization\",\"name\":\"RioOnWatch\",\"url\":\"https:\/\/rioonwatch.org.br\/\",\"logo\":{\"@type\":\"ImageObject\",\"inLanguage\":\"pt-BR\",\"@id\":\"https:\/\/rioonwatch.org.br\/#\/schema\/logo\/image\/\",\"url\":\"https:\/\/rioonwatch.org.br\/wp-content\/uploads\/2021\/06\/RioOnWatchcabecalhoPT11anos-2.png\",\"contentUrl\":\"https:\/\/rioonwatch.org.br\/wp-content\/uploads\/2021\/06\/RioOnWatchcabecalhoPT11anos-2.png\",\"width\":779,\"height\":277,\"caption\":\"RioOnWatch\"},\"image\":{\"@id\":\"https:\/\/rioonwatch.org.br\/#\/schema\/logo\/image\/\"}},{\"@type\":\"Person\",\"@id\":\"https:\/\/rioonwatch.org.br\/#\/schema\/person\/11d64c290506f9df50c71b850c473f68\",\"name\":\"Admin\",\"image\":{\"@type\":\"ImageObject\",\"inLanguage\":\"pt-BR\",\"@id\":\"https:\/\/rioonwatch.org.br\/#\/schema\/person\/image\/\",\"url\":\"https:\/\/secure.gravatar.com\/avatar\/56211ac74568383903349a1485e3c325?s=96&d=blank&r=g\",\"contentUrl\":\"https:\/\/secure.gravatar.com\/avatar\/56211ac74568383903349a1485e3c325?s=96&d=blank&r=g\",\"caption\":\"Admin\"},\"url\":\"https:\/\/rioonwatch.org.br\/?author=129\"}]}<\/script>\n<!-- \/ Yoast SEO plugin. -->","yoast_head_json":{"title":"NUTH da Defensoria P\u00fablica do Rio de Janeiro: Institui\u00e7\u00e3o Pioneira Completa 30 Anos - RioOnWatch","robots":{"index":"index","follow":"follow","max-snippet":"max-snippet:-1","max-image-preview":"max-image-preview:large","max-video-preview":"max-video-preview:-1"},"canonical":"https:\/\/rioonwatch.org.br\/?p=45984","og_locale":"pt_BR","og_type":"article","og_title":"NUTH da Defensoria P\u00fablica do Rio de Janeiro: Institui\u00e7\u00e3o Pioneira Completa 30 Anos - RioOnWatch","og_description":"Click Here for English Ativistas pelos direitos \u00e0 moradia no Rio de Janeiro se reuniram em fevereiro e mar\u00e7o em um ciclo de confer\u00eancias para comemorar os 30 anos do N\u00facleo de Terras e Habita\u00e7\u00e3o [...]","og_url":"https:\/\/rioonwatch.org.br\/?p=45984","og_site_name":"RioOnWatch","article_published_time":"2020-03-23T13:05:00+00:00","article_modified_time":"2026-04-14T13:00:31+00:00","og_image":[{"width":2000,"height":1000,"url":"https:\/\/rioonwatch.org.br\/wp-content\/uploads\/2020\/03\/Painel-no-evento-de-30-anos-do-NUTH.-Foto-por-Anouk-Aflalo-Dor\u00e9.jpg","type":"image\/jpeg"}],"author":"Admin","twitter_card":"summary_large_image","twitter_misc":{"Escrito por":"Admin","Est. tempo de leitura":"9 minutos"},"schema":{"@context":"https:\/\/schema.org","@graph":[{"@type":"Article","@id":"https:\/\/rioonwatch.org.br\/?p=45984#article","isPartOf":{"@id":"https:\/\/rioonwatch.org.br\/?p=45984"},"author":{"name":"Admin","@id":"https:\/\/rioonwatch.org.br\/#\/schema\/person\/11d64c290506f9df50c71b850c473f68"},"headline":"NUTH da Defensoria P\u00fablica do Rio de Janeiro: Institui\u00e7\u00e3o Pioneira Completa 30 Anos","datePublished":"2020-03-23T13:05:00+00:00","dateModified":"2026-04-14T13:00:31+00:00","mainEntityOfPage":{"@id":"https:\/\/rioonwatch.org.br\/?p=45984"},"wordCount":1911,"publisher":{"@id":"https:\/\/rioonwatch.org.br\/#organization"},"image":{"@id":"https:\/\/rioonwatch.org.br\/?p=45984#primaryimage"},"thumbnailUrl":"https:\/\/rioonwatch.org.br\/wp-content\/uploads\/2020\/03\/Painel-no-evento-de-30-anos-do-NUTH.-Foto-por-Anouk-Aflalo-Dor\u00e9.jpg","keywords":["Arroio Pavuna","Barrinha","Canal do Anil","Conselho Popular","Defensoria P\u00fablica","Direito \u00e0 Moradia","Direitos Humanos","Igreja Cat\u00f3lica","IPPUR","Megaeventos","moradia","NUTH","organiza\u00e7\u00e3o comunit\u00e1ria","participa\u00e7\u00e3o","Pastoral das Favelas","regulariza\u00e7\u00e3o fundi\u00e1ria","Remo\u00e7\u00e3o","resist\u00eancia","Rio das Pedras","UFRJ","Vila Aut\u00f3dromo","Zona Oeste"],"articleSection":["*Destaque","Cobertura de Eventos","Escrito por Aliados","Sociedade Civil"],"inLanguage":"pt-BR"},{"@type":"WebPage","@id":"https:\/\/rioonwatch.org.br\/?p=45984","url":"https:\/\/rioonwatch.org.br\/?p=45984","name":"NUTH da Defensoria P\u00fablica do Rio de Janeiro: Institui\u00e7\u00e3o Pioneira Completa 30 Anos - RioOnWatch","isPartOf":{"@id":"https:\/\/rioonwatch.org.br\/#website"},"primaryImageOfPage":{"@id":"https:\/\/rioonwatch.org.br\/?p=45984#primaryimage"},"image":{"@id":"https:\/\/rioonwatch.org.br\/?p=45984#primaryimage"},"thumbnailUrl":"https:\/\/rioonwatch.org.br\/wp-content\/uploads\/2020\/03\/Painel-no-evento-de-30-anos-do-NUTH.-Foto-por-Anouk-Aflalo-Dor\u00e9.jpg","datePublished":"2020-03-23T13:05:00+00:00","dateModified":"2026-04-14T13:00:31+00:00","breadcrumb":{"@id":"https:\/\/rioonwatch.org.br\/?p=45984#breadcrumb"},"inLanguage":"pt-BR","potentialAction":[{"@type":"ReadAction","target":["https:\/\/rioonwatch.org.br\/?p=45984"]}]},{"@type":"ImageObject","inLanguage":"pt-BR","@id":"https:\/\/rioonwatch.org.br\/?p=45984#primaryimage","url":"https:\/\/rioonwatch.org.br\/wp-content\/uploads\/2020\/03\/Painel-no-evento-de-30-anos-do-NUTH.-Foto-por-Anouk-Aflalo-Dor\u00e9.jpg","contentUrl":"https:\/\/rioonwatch.org.br\/wp-content\/uploads\/2020\/03\/Painel-no-evento-de-30-anos-do-NUTH.-Foto-por-Anouk-Aflalo-Dor\u00e9.jpg","width":2000,"height":1000},{"@type":"BreadcrumbList","@id":"https:\/\/rioonwatch.org.br\/?p=45984#breadcrumb","itemListElement":[{"@type":"ListItem","position":1,"name":"In\u00edcio","item":"https:\/\/rioonwatch.org.br\/"},{"@type":"ListItem","position":2,"name":"NUTH da Defensoria P\u00fablica do Rio de Janeiro: Institui\u00e7\u00e3o Pioneira Completa 30 Anos"}]},{"@type":"WebSite","@id":"https:\/\/rioonwatch.org.br\/#website","url":"https:\/\/rioonwatch.org.br\/","name":"RioOnWatch","description":"relatos das favelas cariocas","publisher":{"@id":"https:\/\/rioonwatch.org.br\/#organization"},"potentialAction":[{"@type":"SearchAction","target":{"@type":"EntryPoint","urlTemplate":"https:\/\/rioonwatch.org.br\/?s={search_term_string}"},"query-input":{"@type":"PropertyValueSpecification","valueRequired":true,"valueName":"search_term_string"}}],"inLanguage":"pt-BR"},{"@type":"Organization","@id":"https:\/\/rioonwatch.org.br\/#organization","name":"RioOnWatch","url":"https:\/\/rioonwatch.org.br\/","logo":{"@type":"ImageObject","inLanguage":"pt-BR","@id":"https:\/\/rioonwatch.org.br\/#\/schema\/logo\/image\/","url":"https:\/\/rioonwatch.org.br\/wp-content\/uploads\/2021\/06\/RioOnWatchcabecalhoPT11anos-2.png","contentUrl":"https:\/\/rioonwatch.org.br\/wp-content\/uploads\/2021\/06\/RioOnWatchcabecalhoPT11anos-2.png","width":779,"height":277,"caption":"RioOnWatch"},"image":{"@id":"https:\/\/rioonwatch.org.br\/#\/schema\/logo\/image\/"}},{"@type":"Person","@id":"https:\/\/rioonwatch.org.br\/#\/schema\/person\/11d64c290506f9df50c71b850c473f68","name":"Admin","image":{"@type":"ImageObject","inLanguage":"pt-BR","@id":"https:\/\/rioonwatch.org.br\/#\/schema\/person\/image\/","url":"https:\/\/secure.gravatar.com\/avatar\/56211ac74568383903349a1485e3c325?s=96&d=blank&r=g","contentUrl":"https:\/\/secure.gravatar.com\/avatar\/56211ac74568383903349a1485e3c325?s=96&d=blank&r=g","caption":"Admin"},"url":"https:\/\/rioonwatch.org.br\/?author=129"}]}},"_links":{"self":[{"href":"https:\/\/rioonwatch.org.br\/index.php?rest_route=\/wp\/v2\/posts\/45984"}],"collection":[{"href":"https:\/\/rioonwatch.org.br\/index.php?rest_route=\/wp\/v2\/posts"}],"about":[{"href":"https:\/\/rioonwatch.org.br\/index.php?rest_route=\/wp\/v2\/types\/post"}],"author":[{"embeddable":true,"href":"https:\/\/rioonwatch.org.br\/index.php?rest_route=\/wp\/v2\/users\/129"}],"replies":[{"embeddable":true,"href":"https:\/\/rioonwatch.org.br\/index.php?rest_route=%2Fwp%2Fv2%2Fcomments&post=45984"}],"version-history":[{"count":24,"href":"https:\/\/rioonwatch.org.br\/index.php?rest_route=\/wp\/v2\/posts\/45984\/revisions"}],"predecessor-version":[{"id":46098,"href":"https:\/\/rioonwatch.org.br\/index.php?rest_route=\/wp\/v2\/posts\/45984\/revisions\/46098"}],"wp:featuredmedia":[{"embeddable":true,"href":"https:\/\/rioonwatch.org.br\/index.php?rest_route=\/wp\/v2\/media\/45986"}],"wp:attachment":[{"href":"https:\/\/rioonwatch.org.br\/index.php?rest_route=%2Fwp%2Fv2%2Fmedia&parent=45984"}],"wp:term":[{"taxonomy":"category","embeddable":true,"href":"https:\/\/rioonwatch.org.br\/index.php?rest_route=%2Fwp%2Fv2%2Fcategories&post=45984"},{"taxonomy":"post_tag","embeddable":true,"href":"https:\/\/rioonwatch.org.br\/index.php?rest_route=%2Fwp%2Fv2%2Ftags&post=45984"},{"taxonomy":"writer","embeddable":true,"href":"https:\/\/rioonwatch.org.br\/index.php?rest_route=%2Fwp%2Fv2%2Fwriter&post=45984"},{"taxonomy":"translator","embeddable":true,"href":"https:\/\/rioonwatch.org.br\/index.php?rest_route=%2Fwp%2Fv2%2Ftranslator&post=45984"},{"taxonomy":"source","embeddable":true,"href":"https:\/\/rioonwatch.org.br\/index.php?rest_route=%2Fwp%2Fv2%2Fsource&post=45984"},{"taxonomy":"ilustrador","embeddable":true,"href":"https:\/\/rioonwatch.org.br\/index.php?rest_route=%2Fwp%2Fv2%2Filustrador&post=45984"},{"taxonomy":"fotografo","embeddable":true,"href":"https:\/\/rioonwatch.org.br\/index.php?rest_route=%2Fwp%2Fv2%2Ffotografo&post=45984"}],"curies":[{"name":"wp","href":"https:\/\/api.w.org\/{rel}","templated":true}]}}