{"id":46130,"date":"2020-04-02T12:34:54","date_gmt":"2020-04-02T15:34:54","guid":{"rendered":"https:\/\/rioonwatch.org.br\/?p=46130"},"modified":"2024-06-20T16:23:14","modified_gmt":"2024-06-20T19:23:14","slug":"o-impacto-da-pandemia-do-coronavirus-no-dia-a-dia-das-favelas-parte-1-um-olhar-de-dentro-da-vila-autodromo","status":"publish","type":"post","link":"https:\/\/rioonwatch.org.br\/?p=46130","title":{"rendered":"O Impacto da Pandemia do Coronav\u00edrus no Dia a Dia das Favelas, Parte 1: Um Olhar de Dentro da Vila Aut\u00f3dromo"},"content":{"rendered":"<p style=\"text-align: right;\"><em><strong><a href=\"https:\/\/bit.ly\/2JPjeFR\" target=\"_blank\" rel=\"noopener noreferrer\">Click Here for English<\/a><a href=\"https:\/\/bit.ly\/2JPjeFR\" target=\"_blank\" rel=\"noopener noreferrer\"><img decoding=\"async\" width=\"20\" height=\"20\" class=\"alignright wp-image-15790\" src=\"http:\/\/rioonwatch.org.br\/wp-content\/uploads\/2012\/08\/EN-standard-e1439583104716.jpg\" \/><\/a><\/strong><\/em><\/p>\n<p><em><a href=\"https:\/\/rioonwatch.org.br\/wp-content\/uploads\/2019\/08\/SDSU.png\" rel=\"prettyPhoto\"><img decoding=\"async\" class=\"wp-image-42675 alignright\" src=\"https:\/\/rioonwatch.org.br\/wp-content\/uploads\/2019\/08\/SDSU.png\" sizes=\"(max-width: 200px) 100vw, 200px\" srcset=\"https:\/\/rioonwatch.org.br\/wp-content\/uploads\/2019\/08\/SDSU.png 1934w, https:\/\/rioonwatch.org.br\/wp-content\/uploads\/2019\/08\/SDSU-620x211.png 620w, https:\/\/rioonwatch.org.br\/wp-content\/uploads\/2019\/08\/SDSU-768x261.png 768w, https:\/\/rioonwatch.org.br\/wp-content\/uploads\/2019\/08\/SDSU-1024x348.png 1024w\" alt=\"\" width=\"200\" height=\"68\" \/><\/a><\/em><\/p>\n<p><em><strong>Esse primeiro relato advindo da <a href=\"http:\/\/bit.ly\/Nfddvg\" target=\"_blank\" rel=\"noopener noreferrer\">Vila Aut\u00f3dromo<\/a> inaugura <\/strong><strong>uma <a href=\"https:\/\/bit.ly\/2wRgF3t\" target=\"_blank\" rel=\"noopener noreferrer\">s\u00e9rie sobre o impacto da pandemia do coronav\u00edrus no dia a dia das favelas<\/a>, em parceria com o Centro Behner Stiefel de Estudos Brasileiros da Universidade Estadual de San Diego<\/strong>.\u00a0\u00a0<\/em><\/p>\n<p>O que restou da favela Vila Aut\u00f3dromo, na <a href=\"http:\/\/bit.ly\/2x3k8bw\" target=\"_blank\" rel=\"noopener noreferrer\">Zona Oeste<\/a> do Rio, ap\u00f3s as <a href=\"http:\/\/bit.ly\/2m79TRe\" target=\"_blank\" rel=\"noopener noreferrer\">truculentas e insistentes remo\u00e7\u00f5es<\/a> no per\u00edodo que antecedeu as <a href=\"http:\/\/bit.ly\/2x1r6O2\" target=\"_blank\" rel=\"noopener noreferrer\">Olimp\u00edadas<\/a> de 2016\u2014visando \u00e0 especula\u00e7\u00e3o imobili\u00e1ria e \u00e0s trocas de favores entre pol\u00edticos e empres\u00e1rios\u2014<a href=\"https:\/\/bit.ly\/3dM0qVH\" target=\"_blank\" rel=\"noopener noreferrer\">consiste em apenas 20 fam\u00edlias<\/a>, menos de 4% das fam\u00edlias que moravam originalmente aqui.<\/p>\n<p>N\u00f3s j\u00e1 vivemos normalmente em um isolamento sem igual\u2014n\u00e3o somos assistidos por quase nenhum servi\u00e7o p\u00fablico, a n\u00e3o ser a coleta de lixo tr\u00eas vezes por semana. Com a quarentena, tivemos que aprofundar esse isolamento, redobrar os cuidados e procurar seguir as orienta\u00e7\u00f5es divulgadas pelos meios de comunica\u00e7\u00e3o.<\/p>\n<p><a href=\"https:\/\/rioonwatch.org.br\/wp-content\/uploads\/2020\/03\/IMG_0948.jpg\"><img fetchpriority=\"high\" decoding=\"async\" class=\"aligncenter wp-image-46132 size-content\" title=\"Cotidiano tranquilo na Vila Aut\u00f3dromo. Foto por Luiz Cl\u00e1udio\" src=\"https:\/\/rioonwatch.org.br\/wp-content\/uploads\/2020\/03\/IMG_0948-620x264.jpg\" alt=\"\" width=\"620\" height=\"264\" srcset=\"https:\/\/rioonwatch.org.br\/wp-content\/uploads\/2020\/03\/IMG_0948-620x264.jpg 620w, https:\/\/rioonwatch.org.br\/wp-content\/uploads\/2020\/03\/IMG_0948-940x400.jpg 940w\" sizes=\"(max-width: 620px) 100vw, 620px\" \/><\/a><\/p>\n<p>Todos, n\u00e3o s\u00f3 aqui mas em todo Brasil, ficamos apavorados com as not\u00edcias que vinham de pa\u00edses como China e It\u00e1lia, os quais tiveram as maiores perdas em termos de \u00f3bitos, e tiveram por vezes que escolher quem ia viver e quem ia morrer.\u00a0Diante disso, n\u00e3o pod\u00edamos ficar de bra\u00e7os cruzados. Precis\u00e1vamos nos adequar o mais r\u00e1pido poss\u00edvel, principalmente sabendo da enorme precariedade do nosso sistema de sa\u00fade. Nesse momento, isso \u00e9 o que mais nos assombra: o medo de ter que parar l\u00e1.<\/p>\n<p>Aqui na favela Vila Aut\u00f3dromo, como somos poucos, conseguimos rapidamente nos organizar. A solidariedade aqui sempre foi regra. Mesmo antes, quando \u00e9ramos no entorno de 700 fam\u00edlias. Sempre fomos bastante solid\u00e1rio uns com os outros\u2014uns claro com mais afinidade com os outros, e at\u00e9 hoje n\u00e3o \u00e9 diferente.<\/p>\n<p><a href=\"https:\/\/rioonwatch.org.br\/wp-content\/uploads\/2020\/03\/IMG_9814.jpg\"><img loading=\"lazy\" decoding=\"async\" class=\"aligncenter wp-image-46134 size-content\" title=\"A tranquilidade da favela \u00e9 refletida at\u00e9 nos animais dom\u00e9sticos que circulam entre as casa. Foto por Luiz Claudio\" src=\"https:\/\/rioonwatch.org.br\/wp-content\/uploads\/2020\/03\/IMG_9814-620x264.jpg\" alt=\"\" width=\"620\" height=\"264\" srcset=\"https:\/\/rioonwatch.org.br\/wp-content\/uploads\/2020\/03\/IMG_9814-620x264.jpg 620w, https:\/\/rioonwatch.org.br\/wp-content\/uploads\/2020\/03\/IMG_9814-940x400.jpg 940w\" sizes=\"(max-width: 620px) 100vw, 620px\" \/><\/a><\/p>\n<p>Uma das nossas grandes preocupa\u00e7\u00f5es, al\u00e9m de nos mantermos vivos no meio dessa pandemia, com certeza \u00e9 com rela\u00e7\u00e3o ao nosso sustento. As contas n\u00e3o param de chegar. Temos toda a preocupa\u00e7\u00e3o com o nosso alimento, com nossa dispensa.<\/p>\n<p>Vimos nessa semana uma luz no fim do t\u00fanel com a <a href=\"https:\/\/bit.ly\/3bNAtDl\" target=\"_blank\" rel=\"noopener noreferrer\">aprova\u00e7\u00e3o\u00a0de uma ajuda de custo<\/a> no valor de R$600 para os trabalhadores informaies por 3 meses. Os trabalhadores informais s\u00e3o <a href=\"https:\/\/bit.ly\/2X58JWG\" target=\"_blank\" rel=\"noopener noreferrer\">cerca de 40% dos trabalhadores do Brasil<\/a>. Uma fatia consider\u00e1vel: estamos falando de 38 milh\u00f5es de pessoas. Sabemos tamb\u00e9m que a maior preocupa\u00e7\u00e3o do governo n\u00e3o \u00e9 com sua popula\u00e7\u00e3o pobre. Somos tratados como lixo. Para eles, do governo, s\u00f3 importa a nossa m\u00e3o de obra barata e explorada. O governo somente se preocupa com a crise econ\u00f4mica que a pandemia pode trazer e as poss\u00edveis consequ\u00eancias para quem est\u00e1 no poder, como uma maior probabilidade de impeachment, por exemplo.<\/p>\n<p><a href=\"https:\/\/rioonwatch.org.br\/wp-content\/uploads\/2020\/03\/09-de-novembro-de-2019.jpg\"><img loading=\"lazy\" decoding=\"async\" class=\"aligncenter wp-image-46136 size-content\" title=\"Cotidiano tranquilo na Vila Aut\u00f3dromo. Foto por Luiz Cl\u00e1udio\" src=\"https:\/\/rioonwatch.org.br\/wp-content\/uploads\/2020\/03\/09-de-novembro-de-2019-620x264.jpg\" alt=\"\" width=\"620\" height=\"264\" srcset=\"https:\/\/rioonwatch.org.br\/wp-content\/uploads\/2020\/03\/09-de-novembro-de-2019-620x264.jpg 620w, https:\/\/rioonwatch.org.br\/wp-content\/uploads\/2020\/03\/09-de-novembro-de-2019-940x400.jpg 940w\" sizes=\"(max-width: 620px) 100vw, 620px\" \/><\/a><\/p>\n<p>Nesse momento de crise a distribui\u00e7\u00e3o de renda \u00e9 o mais necess\u00e1rio, mas nossos governantes insistem em dar para a popula\u00e7\u00e3o pobre sempre as migalhas, as sobras e os restos. Esse valor de R$600 ainda \u00e9 muito pouco para quem n\u00e3o tem nenhuma outra renda. As fam\u00edlias ter\u00e3o que optar entre comer ou pagar as contas. Como a dor da fome \u00e9 maior, quem sobreviver \u00e0 pandemia se ver\u00e1 endividado.<\/p>\n<p>Estamos acompanhando pelas m\u00eddias os acontecimentos nas favelas e \u00e9 muito triste ver que <a href=\"http:\/\/bit.ly\/3dcI8N2\" target=\"_blank\" rel=\"noopener noreferrer\">v\u00e1rias favelas est\u00e3o sem \u00e1gua<\/a>. Se as principais orienta\u00e7\u00f5es dos m\u00e9dicos e infectologistas, de todos os \u00f3rg\u00e3os de sa\u00fade e da <a href=\"https:\/\/bit.ly\/2WTERN8\" target=\"_blank\" rel=\"noopener noreferrer\">Organiza\u00e7\u00e3o Mundial da Sa\u00fade<\/a>, est\u00e3o centradas no cuidado com a higiene, como segui-las sem \u00e1gua? Entra governo e sai governo e nenhuma gest\u00e3o realiza um projeto voltado para resolver o problema do abastecimento de \u00e1gua e do saneamento b\u00e1sico prec\u00e1rio, problemas que est\u00e3o intimamente entrela\u00e7ados.<\/p>\n<p><a href=\"https:\/\/rioonwatch.org.br\/wp-content\/uploads\/2020\/03\/IMG_9803.jpg\"><img loading=\"lazy\" decoding=\"async\" class=\"aligncenter wp-image-46135 size-content\" title=\"Cotidiano tranquilo na Vila Aut\u00f3dromo. Foto por Luiz Cl\u00e1udio\" src=\"https:\/\/rioonwatch.org.br\/wp-content\/uploads\/2020\/03\/IMG_9803-620x264.jpg\" alt=\"\" width=\"620\" height=\"264\" srcset=\"https:\/\/rioonwatch.org.br\/wp-content\/uploads\/2020\/03\/IMG_9803-620x264.jpg 620w, https:\/\/rioonwatch.org.br\/wp-content\/uploads\/2020\/03\/IMG_9803-940x400.jpg 940w\" sizes=\"(max-width: 620px) 100vw, 620px\" \/><\/a><\/p>\n<p>Antes das remo\u00e7\u00f5es, n\u00f3s t\u00ednhamos muito problemas com o abastecimento de \u00e1gua na Vila Aut\u00f3dromo. Nossa \u00e1gua era clandestina, mas n\u00f3s n\u00e3o quer\u00edamos que fosse assim: fizemos na \u00e9poca v\u00e1rios of\u00edcios atrav\u00e9s de nossa associa\u00e7\u00e3o de moradores pedindo a regulariza\u00e7\u00e3o da \u00e1gua junto \u00e0 <a href=\"http:\/\/bit.ly\/14mlkmP\" target=\"_blank\" rel=\"noopener noreferrer\">CEDAE<\/a>, mas nunca fomos atendidos. Na nova Vila Aut\u00f3dromo, n\u00f3s testemunhamos a regulariza\u00e7\u00e3o do servi\u00e7o aqui. Agora pagamos a \u00e1gua mensalmente e, gra\u00e7as a Deus, nossa \u00e1gua n\u00e3o tem faltado.<\/p>\n<p>Outra grande preocupa\u00e7\u00e3o \u00e9 acerca da orienta\u00e7\u00e3o das autoridades m\u00e9dicas de manter distanciamento de no m\u00ednimo um metro e meio entre as pessoas. No entanto, ainda vemos os <a href=\"http:\/\/bit.ly\/19EtYAY\" target=\"_blank\" rel=\"noopener noreferrer\">BRTs<\/a> lotados todos os dias. Por que n\u00e3o aumentam a frota, como fazem durante o Rock in Rio? Um evento que <a href=\"https:\/\/bit.ly\/2QYoqv4\" target=\"_blank\" rel=\"noopener noreferrer\">aumenta a circula\u00e7\u00e3o de pessoas na linha em 100.000 pessoas<\/a>, mas nos quais os \u00f4nibus n\u00e3o ficam lotados porque eles colocam um \u00f4nibus atr\u00e1s do outro. Onde est\u00e3o esses \u00f4nibus? Por que em um momento perigoso de uma pandemia como essa, que j\u00e1 <a href=\"https:\/\/glo.bo\/2Jvx8Nq\" target=\"_blank\" rel=\"noopener noreferrer\">matou mais de 30.000 pessoas e tem mais de 600.000 infectados no mundo<\/a>, eles n\u00e3o colocam esses \u00f4nibus para circular para evitar o contato e o cont\u00e1gio entre as pessoas?<\/p>\n<p><span style=\"font-weight: 400;\">Nesse per\u00edodo de quarentena, sinto que na comunidade estamos todos vivendo \u00e0 sombra desse fantasma chamado coronav\u00edrus. Todos assustados com a possibilidade de o pior acontecer a qualquer um e a qualquer momento. Em nossa comunidade n\u00e3o est\u00e1 sendo tomada nenhuma a\u00e7\u00e3o especificamente por parte do governo. Entre n\u00f3s, moradores, existe a a\u00e7\u00e3o da solidariedade: nos ajudamos mutuamente no que cada um pode.<\/span><\/p>\n<p><a href=\"https:\/\/rioonwatch.org.br\/wp-content\/uploads\/2020\/03\/IMG_0465.jpg\"><img loading=\"lazy\" decoding=\"async\" class=\"aligncenter wp-image-46133 size-content\" title=\"Moradores realizando um mutir\u00e3o para reparar a rua, que foi entregue com v\u00e1rias falhas de n\u00edvel, ocasionando bolsas d\u2019\u00e1gua quando chove.\u00a0Foto por Luiz Claudio\" src=\"https:\/\/rioonwatch.org.br\/wp-content\/uploads\/2020\/03\/IMG_0465-620x264.jpg\" alt=\"\" width=\"620\" height=\"264\" srcset=\"https:\/\/rioonwatch.org.br\/wp-content\/uploads\/2020\/03\/IMG_0465-620x264.jpg 620w, https:\/\/rioonwatch.org.br\/wp-content\/uploads\/2020\/03\/IMG_0465-1030x438.jpg 1030w, https:\/\/rioonwatch.org.br\/wp-content\/uploads\/2020\/03\/IMG_0465-940x400.jpg 940w\" sizes=\"(max-width: 620px) 100vw, 620px\" \/><\/a><\/p>\n<p><span style=\"font-weight: 400;\">Nosso dia a dia consiste em todos dentro de suas casas, nos falando menos que o normal. Sabemos muito bem que se formos contaminados ficaremos entregues \u00e0 nossa pr\u00f3pria sorte. <\/span>N\u00f3s gra\u00e7as a Deus n\u00e3o temos nenhuma suspeita de coronav\u00edrus at\u00e9 o momento. Isso porque estamos tomando todos os cuidados uns com os outros para que continue assim e porque, com nossa resist\u00eancia e nossa luta, conseguimos obter saneamento b\u00e1sico, \u00e1gua e asfalto adequados. N\u00e3o temos d\u00favidas que se esses servi\u00e7os conquistados aqui fossem realidade em todas as favelas do Brasil e do mundo o risco de cont\u00e1gio seria muito menor. Sauda\u00e7\u00f5es comunit\u00e1rias e solid\u00e1rias a todos!<\/p>\n<p><em>Luiz Claudio da Silva nasceu em 14 de novembro de 1962 na favela da <a href=\"http:\/\/bit.ly\/2XuTtjt\" target=\"_blank\" rel=\"noopener noreferrer\">Rocinha<\/a>, filho de m\u00e3e solteira e dom\u00e9stica. Sempre estudou em escolas p\u00fablicas e cresceu como toda crian\u00e7a de periferia. Casado e pai de uma filha, mudou-se para a comunidade da Vila Aut\u00f3dromo em 1994, onde reside at\u00e9 os dias de hoje. \u00c9 professor de educa\u00e7\u00e3o f\u00edsica e ativista. Participou com seus vizinhos e apoiadores da resist\u00eancia da Vila Aut\u00f3dromo \u00e0s Olimp\u00edadas do Rio, em 2016. \u00c9 um dos organizadores do <a href=\"https:\/\/bit.ly\/2xDbMLp\" target=\"_blank\" rel=\"noopener noreferrer\">Museu das Remo\u00e7\u00f5es<\/a> e continua como membro volunt\u00e1rio do museu recebendo visitantes do Brasil e todo o mundo.<\/em><\/p>\n<!-- AddThis Advanced Settings generic via filter on the_content --><!-- AddThis Share Buttons generic via filter on the_content -->","protected":false},"excerpt":{"rendered":"<div class=\"mh-excerpt\"><p>Click Here for English Esse primeiro relato advindo da Vila Aut\u00f3dromo inaugura uma s\u00e9rie sobre o impacto da pandemia do coronav\u00edrus no dia a dia das favelas, em parceria com o Centro Behner Stiefel de <a class=\"mh-excerpt-more\" href=\"https:\/\/rioonwatch.org.br\/?p=46130\" title=\"O Impacto da Pandemia do Coronav\u00edrus no Dia a Dia das Favelas, Parte 1: Um Olhar de Dentro da Vila Aut\u00f3dromo\">[&#8230;]<\/a><!-- AddThis Advanced Settings generic via filter on get_the_excerpt --><!-- AddThis Share Buttons generic via filter on get_the_excerpt --><\/p>\n<\/div>","protected":false},"author":152,"featured_media":46133,"comment_status":"closed","ping_status":"closed","sticky":false,"template":"","format":"standard","meta":{"_acf_changed":false,"_monsterinsights_skip_tracking":false,"_monsterinsights_sitenote_active":false,"_monsterinsights_sitenote_note":"","_monsterinsights_sitenote_category":0,"footnotes":""},"categories":[2753,1635,1625],"tags":[510,497,620,2748,396,2230,1240,78,14,432,16,492,2759,380,476,2167,55,920,184,383],"writer":[2770],"translator":[],"source":[],"ilustrador":[],"fotografo":[],"class_list":{"0":"post-46130","1":"post","2":"type-post","3":"status-publish","4":"format-standard","5":"has-post-thumbnail","7":"category-covid19nasfavelas","8":"category-1635","9":"category-por-correspondentes-comunitarios","10":"tag-agua","11":"tag-brt","12":"tag-cedae","13":"tag-coronavirus","14":"tag-especulacao-imobiliaria","15":"tag-fome","16":"tag-megaeventos","17":"tag-olimpiadas","18":"tag-remocao","19":"tag-resistencia","20":"tag-rocinha","21":"tag-saneamento","22":"tag-serie-covid-19-no-dia-a-dia-das-favelas","23":"tag-solidariedade","24":"tag-solucao-comunitaria","25":"tag-uniao","26":"tag-vila-autodromo","27":"tag-violencia-de-estado","28":"tag-zona-oeste","29":"tag-zona-sul","30":"writer-luiz-claudio-silva"},"acf":[],"yoast_head":"<!-- This site is optimized with the Yoast SEO plugin v25.6 - https:\/\/yoast.com\/wordpress\/plugins\/seo\/ -->\n<title>O Impacto da Pandemia do Coronav\u00edrus no Dia a Dia das Favelas, Parte 1: Um Olhar de Dentro da Vila Aut\u00f3dromo - RioOnWatch<\/title>\n<meta name=\"robots\" content=\"index, follow, max-snippet:-1, max-image-preview:large, max-video-preview:-1\" \/>\n<link rel=\"canonical\" href=\"https:\/\/rioonwatch.org.br\/?p=46130\" \/>\n<meta property=\"og:locale\" content=\"pt_BR\" \/>\n<meta property=\"og:type\" content=\"article\" \/>\n<meta property=\"og:title\" content=\"O Impacto da Pandemia do Coronav\u00edrus no Dia a Dia das Favelas, Parte 1: Um Olhar de Dentro da Vila Aut\u00f3dromo - RioOnWatch\" \/>\n<meta property=\"og:description\" content=\"Click Here for English Esse primeiro relato advindo da Vila Aut\u00f3dromo inaugura uma s\u00e9rie sobre o impacto da pandemia do coronav\u00edrus no dia a dia das favelas, em parceria com o Centro Behner Stiefel de [...]\" \/>\n<meta property=\"og:url\" content=\"https:\/\/rioonwatch.org.br\/?p=46130\" \/>\n<meta property=\"og:site_name\" content=\"RioOnWatch\" \/>\n<meta property=\"article:published_time\" content=\"2020-04-02T15:34:54+00:00\" \/>\n<meta property=\"article:modified_time\" content=\"2024-06-20T19:23:14+00:00\" \/>\n<meta property=\"og:image\" content=\"https:\/\/rioonwatch.org.br\/wp-content\/uploads\/2020\/03\/IMG_0465-scaled.jpg\" \/>\n\t<meta property=\"og:image:width\" content=\"2560\" \/>\n\t<meta property=\"og:image:height\" content=\"1707\" \/>\n\t<meta property=\"og:image:type\" content=\"image\/jpeg\" \/>\n<meta name=\"author\" content=\"Luisa Fenizola\" \/>\n<meta name=\"twitter:card\" content=\"summary_large_image\" \/>\n<meta name=\"twitter:label1\" content=\"Escrito por\" \/>\n\t<meta name=\"twitter:data1\" content=\"Luisa Fenizola\" \/>\n\t<meta name=\"twitter:label2\" content=\"Est. tempo de leitura\" \/>\n\t<meta name=\"twitter:data2\" content=\"6 minutos\" \/>\n<script type=\"application\/ld+json\" class=\"yoast-schema-graph\">{\"@context\":\"https:\/\/schema.org\",\"@graph\":[{\"@type\":\"Article\",\"@id\":\"https:\/\/rioonwatch.org.br\/?p=46130#article\",\"isPartOf\":{\"@id\":\"https:\/\/rioonwatch.org.br\/?p=46130\"},\"author\":{\"name\":\"Luisa Fenizola\",\"@id\":\"https:\/\/rioonwatch.org.br\/#\/schema\/person\/f443c6b55bb6e80842280318076491c5\"},\"headline\":\"O Impacto da Pandemia do Coronav\u00edrus no Dia a Dia das Favelas, Parte 1: Um Olhar de Dentro da Vila Aut\u00f3dromo\",\"datePublished\":\"2020-04-02T15:34:54+00:00\",\"dateModified\":\"2024-06-20T19:23:14+00:00\",\"mainEntityOfPage\":{\"@id\":\"https:\/\/rioonwatch.org.br\/?p=46130\"},\"wordCount\":1177,\"publisher\":{\"@id\":\"https:\/\/rioonwatch.org.br\/#organization\"},\"image\":{\"@id\":\"https:\/\/rioonwatch.org.br\/?p=46130#primaryimage\"},\"thumbnailUrl\":\"https:\/\/rioonwatch.org.br\/wp-content\/uploads\/2020\/03\/IMG_0465-scaled.jpg\",\"keywords\":[\"\u00e1gua\",\"BRT\",\"CEDAE\",\"coronav\u00edrus\",\"especula\u00e7\u00e3o imobili\u00e1ria\",\"Inseguran\u00e7a alimentar\",\"Megaeventos\",\"Olimp\u00edadas\",\"Remo\u00e7\u00e3o\",\"resist\u00eancia\",\"Rocinha\",\"saneamento\",\"S\u00e9rie: Covid-19 no Dia a Dia das Favelas\",\"solidariedade\",\"solu\u00e7\u00e3o comunit\u00e1ria\",\"uni\u00e3o\",\"Vila Aut\u00f3dromo\",\"viol\u00eancia de Estado\",\"Zona Oeste\",\"Zona Sul\"],\"articleSection\":[\"#Covid19NasFavelas\",\"#Rio2016\",\"Escrito por Comunicadores Populares\"],\"inLanguage\":\"pt-BR\"},{\"@type\":\"WebPage\",\"@id\":\"https:\/\/rioonwatch.org.br\/?p=46130\",\"url\":\"https:\/\/rioonwatch.org.br\/?p=46130\",\"name\":\"O Impacto da Pandemia do Coronav\u00edrus no Dia a Dia das Favelas, Parte 1: Um Olhar de Dentro da Vila Aut\u00f3dromo - RioOnWatch\",\"isPartOf\":{\"@id\":\"https:\/\/rioonwatch.org.br\/#website\"},\"primaryImageOfPage\":{\"@id\":\"https:\/\/rioonwatch.org.br\/?p=46130#primaryimage\"},\"image\":{\"@id\":\"https:\/\/rioonwatch.org.br\/?p=46130#primaryimage\"},\"thumbnailUrl\":\"https:\/\/rioonwatch.org.br\/wp-content\/uploads\/2020\/03\/IMG_0465-scaled.jpg\",\"datePublished\":\"2020-04-02T15:34:54+00:00\",\"dateModified\":\"2024-06-20T19:23:14+00:00\",\"breadcrumb\":{\"@id\":\"https:\/\/rioonwatch.org.br\/?p=46130#breadcrumb\"},\"inLanguage\":\"pt-BR\",\"potentialAction\":[{\"@type\":\"ReadAction\",\"target\":[\"https:\/\/rioonwatch.org.br\/?p=46130\"]}]},{\"@type\":\"ImageObject\",\"inLanguage\":\"pt-BR\",\"@id\":\"https:\/\/rioonwatch.org.br\/?p=46130#primaryimage\",\"url\":\"https:\/\/rioonwatch.org.br\/wp-content\/uploads\/2020\/03\/IMG_0465-scaled.jpg\",\"contentUrl\":\"https:\/\/rioonwatch.org.br\/wp-content\/uploads\/2020\/03\/IMG_0465-scaled.jpg\",\"width\":2560,\"height\":1707},{\"@type\":\"BreadcrumbList\",\"@id\":\"https:\/\/rioonwatch.org.br\/?p=46130#breadcrumb\",\"itemListElement\":[{\"@type\":\"ListItem\",\"position\":1,\"name\":\"In\u00edcio\",\"item\":\"https:\/\/rioonwatch.org.br\/\"},{\"@type\":\"ListItem\",\"position\":2,\"name\":\"O Impacto da Pandemia do Coronav\u00edrus no Dia a Dia das Favelas, Parte 1: Um Olhar de Dentro da Vila Aut\u00f3dromo\"}]},{\"@type\":\"WebSite\",\"@id\":\"https:\/\/rioonwatch.org.br\/#website\",\"url\":\"https:\/\/rioonwatch.org.br\/\",\"name\":\"RioOnWatch\",\"description\":\"relatos das favelas cariocas\",\"publisher\":{\"@id\":\"https:\/\/rioonwatch.org.br\/#organization\"},\"potentialAction\":[{\"@type\":\"SearchAction\",\"target\":{\"@type\":\"EntryPoint\",\"urlTemplate\":\"https:\/\/rioonwatch.org.br\/?s={search_term_string}\"},\"query-input\":{\"@type\":\"PropertyValueSpecification\",\"valueRequired\":true,\"valueName\":\"search_term_string\"}}],\"inLanguage\":\"pt-BR\"},{\"@type\":\"Organization\",\"@id\":\"https:\/\/rioonwatch.org.br\/#organization\",\"name\":\"RioOnWatch\",\"url\":\"https:\/\/rioonwatch.org.br\/\",\"logo\":{\"@type\":\"ImageObject\",\"inLanguage\":\"pt-BR\",\"@id\":\"https:\/\/rioonwatch.org.br\/#\/schema\/logo\/image\/\",\"url\":\"https:\/\/rioonwatch.org.br\/wp-content\/uploads\/2021\/06\/RioOnWatchcabecalhoPT11anos-2.png\",\"contentUrl\":\"https:\/\/rioonwatch.org.br\/wp-content\/uploads\/2021\/06\/RioOnWatchcabecalhoPT11anos-2.png\",\"width\":779,\"height\":277,\"caption\":\"RioOnWatch\"},\"image\":{\"@id\":\"https:\/\/rioonwatch.org.br\/#\/schema\/logo\/image\/\"}},{\"@type\":\"Person\",\"@id\":\"https:\/\/rioonwatch.org.br\/#\/schema\/person\/f443c6b55bb6e80842280318076491c5\",\"name\":\"Luisa Fenizola\",\"image\":{\"@type\":\"ImageObject\",\"inLanguage\":\"pt-BR\",\"@id\":\"https:\/\/rioonwatch.org.br\/#\/schema\/person\/image\/\",\"url\":\"https:\/\/secure.gravatar.com\/avatar\/a3d551110162b9f876cbbdaaecf75663?s=96&d=blank&r=g\",\"contentUrl\":\"https:\/\/secure.gravatar.com\/avatar\/a3d551110162b9f876cbbdaaecf75663?s=96&d=blank&r=g\",\"caption\":\"Luisa Fenizola\"},\"url\":\"https:\/\/rioonwatch.org.br\/?author=152\"}]}<\/script>\n<!-- \/ Yoast SEO plugin. -->","yoast_head_json":{"title":"O Impacto da Pandemia do Coronav\u00edrus no Dia a Dia das Favelas, Parte 1: Um Olhar de Dentro da Vila Aut\u00f3dromo - RioOnWatch","robots":{"index":"index","follow":"follow","max-snippet":"max-snippet:-1","max-image-preview":"max-image-preview:large","max-video-preview":"max-video-preview:-1"},"canonical":"https:\/\/rioonwatch.org.br\/?p=46130","og_locale":"pt_BR","og_type":"article","og_title":"O Impacto da Pandemia do Coronav\u00edrus no Dia a Dia das Favelas, Parte 1: Um Olhar de Dentro da Vila Aut\u00f3dromo - RioOnWatch","og_description":"Click Here for English Esse primeiro relato advindo da Vila Aut\u00f3dromo inaugura uma s\u00e9rie sobre o impacto da pandemia do coronav\u00edrus no dia a dia das favelas, em parceria com o Centro Behner Stiefel de [...]","og_url":"https:\/\/rioonwatch.org.br\/?p=46130","og_site_name":"RioOnWatch","article_published_time":"2020-04-02T15:34:54+00:00","article_modified_time":"2024-06-20T19:23:14+00:00","og_image":[{"width":2560,"height":1707,"url":"https:\/\/rioonwatch.org.br\/wp-content\/uploads\/2020\/03\/IMG_0465-scaled.jpg","type":"image\/jpeg"}],"author":"Luisa Fenizola","twitter_card":"summary_large_image","twitter_misc":{"Escrito por":"Luisa Fenizola","Est. tempo de leitura":"6 minutos"},"schema":{"@context":"https:\/\/schema.org","@graph":[{"@type":"Article","@id":"https:\/\/rioonwatch.org.br\/?p=46130#article","isPartOf":{"@id":"https:\/\/rioonwatch.org.br\/?p=46130"},"author":{"name":"Luisa Fenizola","@id":"https:\/\/rioonwatch.org.br\/#\/schema\/person\/f443c6b55bb6e80842280318076491c5"},"headline":"O Impacto da Pandemia do Coronav\u00edrus no Dia a Dia das Favelas, Parte 1: Um Olhar de Dentro da Vila Aut\u00f3dromo","datePublished":"2020-04-02T15:34:54+00:00","dateModified":"2024-06-20T19:23:14+00:00","mainEntityOfPage":{"@id":"https:\/\/rioonwatch.org.br\/?p=46130"},"wordCount":1177,"publisher":{"@id":"https:\/\/rioonwatch.org.br\/#organization"},"image":{"@id":"https:\/\/rioonwatch.org.br\/?p=46130#primaryimage"},"thumbnailUrl":"https:\/\/rioonwatch.org.br\/wp-content\/uploads\/2020\/03\/IMG_0465-scaled.jpg","keywords":["\u00e1gua","BRT","CEDAE","coronav\u00edrus","especula\u00e7\u00e3o imobili\u00e1ria","Inseguran\u00e7a alimentar","Megaeventos","Olimp\u00edadas","Remo\u00e7\u00e3o","resist\u00eancia","Rocinha","saneamento","S\u00e9rie: Covid-19 no Dia a Dia das Favelas","solidariedade","solu\u00e7\u00e3o comunit\u00e1ria","uni\u00e3o","Vila Aut\u00f3dromo","viol\u00eancia de Estado","Zona Oeste","Zona Sul"],"articleSection":["#Covid19NasFavelas","#Rio2016","Escrito por Comunicadores Populares"],"inLanguage":"pt-BR"},{"@type":"WebPage","@id":"https:\/\/rioonwatch.org.br\/?p=46130","url":"https:\/\/rioonwatch.org.br\/?p=46130","name":"O Impacto da Pandemia do Coronav\u00edrus no Dia a Dia das Favelas, Parte 1: Um Olhar de Dentro da Vila Aut\u00f3dromo - RioOnWatch","isPartOf":{"@id":"https:\/\/rioonwatch.org.br\/#website"},"primaryImageOfPage":{"@id":"https:\/\/rioonwatch.org.br\/?p=46130#primaryimage"},"image":{"@id":"https:\/\/rioonwatch.org.br\/?p=46130#primaryimage"},"thumbnailUrl":"https:\/\/rioonwatch.org.br\/wp-content\/uploads\/2020\/03\/IMG_0465-scaled.jpg","datePublished":"2020-04-02T15:34:54+00:00","dateModified":"2024-06-20T19:23:14+00:00","breadcrumb":{"@id":"https:\/\/rioonwatch.org.br\/?p=46130#breadcrumb"},"inLanguage":"pt-BR","potentialAction":[{"@type":"ReadAction","target":["https:\/\/rioonwatch.org.br\/?p=46130"]}]},{"@type":"ImageObject","inLanguage":"pt-BR","@id":"https:\/\/rioonwatch.org.br\/?p=46130#primaryimage","url":"https:\/\/rioonwatch.org.br\/wp-content\/uploads\/2020\/03\/IMG_0465-scaled.jpg","contentUrl":"https:\/\/rioonwatch.org.br\/wp-content\/uploads\/2020\/03\/IMG_0465-scaled.jpg","width":2560,"height":1707},{"@type":"BreadcrumbList","@id":"https:\/\/rioonwatch.org.br\/?p=46130#breadcrumb","itemListElement":[{"@type":"ListItem","position":1,"name":"In\u00edcio","item":"https:\/\/rioonwatch.org.br\/"},{"@type":"ListItem","position":2,"name":"O Impacto da Pandemia do Coronav\u00edrus no Dia a Dia das Favelas, Parte 1: Um Olhar de Dentro da Vila Aut\u00f3dromo"}]},{"@type":"WebSite","@id":"https:\/\/rioonwatch.org.br\/#website","url":"https:\/\/rioonwatch.org.br\/","name":"RioOnWatch","description":"relatos das favelas cariocas","publisher":{"@id":"https:\/\/rioonwatch.org.br\/#organization"},"potentialAction":[{"@type":"SearchAction","target":{"@type":"EntryPoint","urlTemplate":"https:\/\/rioonwatch.org.br\/?s={search_term_string}"},"query-input":{"@type":"PropertyValueSpecification","valueRequired":true,"valueName":"search_term_string"}}],"inLanguage":"pt-BR"},{"@type":"Organization","@id":"https:\/\/rioonwatch.org.br\/#organization","name":"RioOnWatch","url":"https:\/\/rioonwatch.org.br\/","logo":{"@type":"ImageObject","inLanguage":"pt-BR","@id":"https:\/\/rioonwatch.org.br\/#\/schema\/logo\/image\/","url":"https:\/\/rioonwatch.org.br\/wp-content\/uploads\/2021\/06\/RioOnWatchcabecalhoPT11anos-2.png","contentUrl":"https:\/\/rioonwatch.org.br\/wp-content\/uploads\/2021\/06\/RioOnWatchcabecalhoPT11anos-2.png","width":779,"height":277,"caption":"RioOnWatch"},"image":{"@id":"https:\/\/rioonwatch.org.br\/#\/schema\/logo\/image\/"}},{"@type":"Person","@id":"https:\/\/rioonwatch.org.br\/#\/schema\/person\/f443c6b55bb6e80842280318076491c5","name":"Luisa Fenizola","image":{"@type":"ImageObject","inLanguage":"pt-BR","@id":"https:\/\/rioonwatch.org.br\/#\/schema\/person\/image\/","url":"https:\/\/secure.gravatar.com\/avatar\/a3d551110162b9f876cbbdaaecf75663?s=96&d=blank&r=g","contentUrl":"https:\/\/secure.gravatar.com\/avatar\/a3d551110162b9f876cbbdaaecf75663?s=96&d=blank&r=g","caption":"Luisa Fenizola"},"url":"https:\/\/rioonwatch.org.br\/?author=152"}]}},"_links":{"self":[{"href":"https:\/\/rioonwatch.org.br\/index.php?rest_route=\/wp\/v2\/posts\/46130"}],"collection":[{"href":"https:\/\/rioonwatch.org.br\/index.php?rest_route=\/wp\/v2\/posts"}],"about":[{"href":"https:\/\/rioonwatch.org.br\/index.php?rest_route=\/wp\/v2\/types\/post"}],"author":[{"embeddable":true,"href":"https:\/\/rioonwatch.org.br\/index.php?rest_route=\/wp\/v2\/users\/152"}],"replies":[{"embeddable":true,"href":"https:\/\/rioonwatch.org.br\/index.php?rest_route=%2Fwp%2Fv2%2Fcomments&post=46130"}],"version-history":[{"count":24,"href":"https:\/\/rioonwatch.org.br\/index.php?rest_route=\/wp\/v2\/posts\/46130\/revisions"}],"predecessor-version":[{"id":46906,"href":"https:\/\/rioonwatch.org.br\/index.php?rest_route=\/wp\/v2\/posts\/46130\/revisions\/46906"}],"wp:featuredmedia":[{"embeddable":true,"href":"https:\/\/rioonwatch.org.br\/index.php?rest_route=\/wp\/v2\/media\/46133"}],"wp:attachment":[{"href":"https:\/\/rioonwatch.org.br\/index.php?rest_route=%2Fwp%2Fv2%2Fmedia&parent=46130"}],"wp:term":[{"taxonomy":"category","embeddable":true,"href":"https:\/\/rioonwatch.org.br\/index.php?rest_route=%2Fwp%2Fv2%2Fcategories&post=46130"},{"taxonomy":"post_tag","embeddable":true,"href":"https:\/\/rioonwatch.org.br\/index.php?rest_route=%2Fwp%2Fv2%2Ftags&post=46130"},{"taxonomy":"writer","embeddable":true,"href":"https:\/\/rioonwatch.org.br\/index.php?rest_route=%2Fwp%2Fv2%2Fwriter&post=46130"},{"taxonomy":"translator","embeddable":true,"href":"https:\/\/rioonwatch.org.br\/index.php?rest_route=%2Fwp%2Fv2%2Ftranslator&post=46130"},{"taxonomy":"source","embeddable":true,"href":"https:\/\/rioonwatch.org.br\/index.php?rest_route=%2Fwp%2Fv2%2Fsource&post=46130"},{"taxonomy":"ilustrador","embeddable":true,"href":"https:\/\/rioonwatch.org.br\/index.php?rest_route=%2Fwp%2Fv2%2Filustrador&post=46130"},{"taxonomy":"fotografo","embeddable":true,"href":"https:\/\/rioonwatch.org.br\/index.php?rest_route=%2Fwp%2Fv2%2Ffotografo&post=46130"}],"curies":[{"name":"wp","href":"https:\/\/api.w.org\/{rel}","templated":true}]}}