{"id":46338,"date":"2020-09-14T10:19:47","date_gmt":"2020-09-14T13:19:47","guid":{"rendered":"https:\/\/rioonwatch.org.br\/?p=46338"},"modified":"2020-09-15T01:48:18","modified_gmt":"2020-09-15T04:48:18","slug":"a-luta-da-rede-de-maes-de-vitimas-e-sobreviventes-da-violencia-policial-em-mathare-no-quenia","status":"publish","type":"post","link":"https:\/\/rioonwatch.org.br\/?p=46338","title":{"rendered":"A Luta da Rede de M\u00e3es de V\u00edtimas e Sobreviventes da Viol\u00eancia Policial, em Mathare no Qu\u00eania"},"content":{"rendered":"<p style=\"text-align: right;\"><em><strong><a href=\"https:\/\/bit.ly\/2JH38Op\" target=\"_blank\" rel=\"noopener noreferrer\">Click Here for English<\/a><a href=\"http:\/\/bit.ly\/2Tbfl3D\" target=\"_blank\" rel=\"noopener noreferrer\"><img decoding=\"async\" width=\"20\" height=\"20\" class=\"alignright wp-image-15790\" src=\"https:\/\/rioonwatch.org.br\/wp-content\/uploads\/2012\/08\/EN-standard-e1439583104716.jpg\" \/><\/a><\/strong><\/em><\/p>\n<p><em>Esta mat\u00e9ria faz parte das reportagens cont\u00ednuas do RioOnWatch sobre lutas sociais em todo o mundo que dialogam com a realidade local do Rio de Janeiro e oferecem <a href=\"https:\/\/bit.ly\/2Rh45Bs\" target=\"_blank\" rel=\"noopener noreferrer\">pontos importantes de compara\u00e7\u00e3o internacional<\/a>. Analisar paralelos e mostrar solidariedade \u00e0s comunidades de pares nos permite estabelecer conex\u00f5es, compartilhar conhecimento, construir redes de apoio e estabelecer um senso de experi\u00eancia e prop\u00f3sito comuns.<\/em><\/p>\n<p>No in\u00edcio de 2020, no dia 15 de fevereiro, quase dois anos ap\u00f3s o in\u00edcio de seus trabalhos, a Rede de M\u00e3es de V\u00edtimas e Sobreviventes lan\u00e7ou sua iniciativa no <a href=\"https:\/\/bit.ly\/39FT7Ma\" target=\"_blank\" rel=\"noopener noreferrer\">Centro de Justi\u00e7a Social de Mathare<\/a> (MSJC) em Mathare, Nair\u00f3bi, <a href=\"https:\/\/bit.ly\/3aOUVUm\" target=\"_blank\" rel=\"noopener noreferrer\">Qu\u00eania<\/a>.<\/p>\n<p>A Rede \u00e9 composta por cerca de cinquenta membros de todos os assentamentos informais da cidade\u2014de Kayole, Mathare, Dandora, Mukuru, Kibera e outros lugares\u2014que se reunem para buscar justi\u00e7a pela morte ou vitimiza\u00e7\u00e3o brutal de membros de suaa fam\u00edlias, geralmente homens jovens, pela pol\u00edcia.<\/p>\n<p>Ecoando as lutas das m\u00e3es de presos pol\u00edticos no Qu\u00eania no in\u00edcio dos anos 1990 e <a href=\"https:\/\/bit.ly\/2Raowzi\" target=\"_blank\" rel=\"noopener noreferrer\">mobiliza\u00e7\u00f5es inspiradoras semelhantes<\/a> de madres e m\u00e3es na <a href=\"https:\/\/bit.ly\/2XfOl5h\" target=\"_blank\" rel=\"noopener noreferrer\">Argentina<\/a> e no <a href=\"http:\/\/bit.ly\/2qF2KF4\" target=\"_blank\" rel=\"noopener noreferrer\">Brasil<\/a>, a Rede \u00e9 composta principalmente por mulheres. Estas s\u00e3o as <a href=\"http:\/\/bit.ly\/2vFxOw9\" target=\"_blank\" rel=\"noopener noreferrer\">m\u00e3es<\/a> e esposas de v\u00edtimas de assassinatos extrajudiciais.<\/p>\n<p><a href=\"https:\/\/rioonwatch.org.br\/wp-content\/uploads\/2020\/04\/mathare2.png\"><img fetchpriority=\"high\" decoding=\"async\" class=\"aligncenter wp-image-46342\" title=\"M\u00e3e de Nula Malicha, assassinado em 2015, plantando uma \u00e1rvore em Pirates, Mathare. Foto: Wangui Kimari\" src=\"https:\/\/rioonwatch.org.br\/wp-content\/uploads\/2020\/04\/mathare2.png\" alt=\"\" width=\"620\" height=\"716\" srcset=\"https:\/\/rioonwatch.org.br\/wp-content\/uploads\/2020\/04\/mathare2.png 844w, https:\/\/rioonwatch.org.br\/wp-content\/uploads\/2020\/04\/mathare2-229x264.png 229w, https:\/\/rioonwatch.org.br\/wp-content\/uploads\/2020\/04\/mathare2-537x620.png 537w, https:\/\/rioonwatch.org.br\/wp-content\/uploads\/2020\/04\/mathare2-768x887.png 768w\" sizes=\"(max-width: 620px) 100vw, 620px\" \/><\/a><\/p>\n<p>Desde 2017, membros da Rede de M\u00e3es de V\u00edtimas e Sobreviventes se re\u00fanem para apoiar-se mutuamente, oferecer solidariedade no sistema judicial para as m\u00e3es que tiveram a sorte de seus casos chegarem a um tribunal, documentar novas v\u00edtimas e tra\u00e7ar estrat\u00e9gias coletivas. Embora durante todo esse tempo elas tenham testemunhado e continuem experimentando os desequil\u00edbrios e preconceitos do sistema legal queniano, o lan\u00e7amento do dia foi uma celebra\u00e7\u00e3o do trabalho fatigante, doloroso e meticuloso da Rede: do que realizaram e do que continuar\u00e3o a fazer para garantir justi\u00e7a \u00e0s suas comunidades.<\/p>\n<p>Em 2017, o MSJC, uma organiza\u00e7\u00e3o de base comunit\u00e1ria na favela queniana de Mathare, divulgou um relat\u00f3rio de a\u00e7\u00e3o participativa sobre assassinatos extrajudiciais no Qu\u00eania entre 2013-2016. <a href=\"http:\/\/bit.ly\/38nrNBD\" target=\"_blank\" rel=\"noopener noreferrer\">O relat\u00f3rio<\/a>, intitulado \u201cQuem Ser\u00e1 o Pr\u00f3ximo? Um Relat\u00f3rio de Pesquisa e A\u00e7\u00e3o Participativa Contra a Normaliza\u00e7\u00e3o de Execu\u00e7\u00f5es Extrajudiciais in Mathare\u201d, registrou a morte de pelo menos 50 jovens em Mathare e 803 em \u00e2mbito nacional no per\u00edodo de tr\u00eas anos. Embora ilustrem a for\u00e7a sinistra da pol\u00edcia no pa\u00eds, a maioria dos cidad\u00e3os reconhece que esta documenta\u00e7\u00e3o \u00e9 apenas o come\u00e7o. O n\u00famero representa uma minoria daqueles que foram mortos no passado recente e <a href=\"http:\/\/bit.ly\/2Oeef6D\" target=\"_blank\" rel=\"noopener noreferrer\">arquivados<\/a> como &#8220;bandidos&#8221; ou &#8220;suspeitos de terrorismo&#8221;.<\/p>\n<p>Algumas das fam\u00edlias dos jovens mortos e documentados neste relat\u00f3rio e outras documenta\u00e7\u00f5es em andamento da MSJC est\u00e3o representadas na Rede.<\/p>\n<p><a href=\"http:\/\/bit.ly\/2ToVePu\" target=\"_blank\" rel=\"noopener noreferrer\">Mama Victor<\/a>, atual coordenadora da Rede de M\u00e3es de V\u00edtimas e Sobreviventes, perdeu seus dois filhos, Victor e Bernard, no mesmo dia em 2017. Eles foram mortos, a metros de dist\u00e2ncia um do outro, por policiais que invadiram Mathare, ostensivamente para reprimir protestos provocados pelos resultados das elei\u00e7\u00f5es divulgados um dia antes.<\/p>\n<p>No caso de\u00a0<a href=\"http:\/\/bit.ly\/2IkuWHJ\" target=\"_blank\" rel=\"noopener noreferrer\">Lucy Wambui<\/a>, outra co-lideran\u00e7a da Rede, seu marido, Christopher Maina, foi morto quando ela estava com oito meses de gravidez do primeiro filho. Ele foi arrastado de um canteiro de obras onde trabalhava e morto \u00e0s 14h em uma rua p\u00fablica. Seu assassino, um not\u00f3rio policial chamado Rashid, executou uma das testemunhas do assassinato de Maina um ano depois. Tendo tamb\u00e9m sido filmado matando dois jovens em Eastleigh dois meses depois de matar Maina, Rashid continua trabalhando como policial. Indevidamente justificado em um <a href=\"http:\/\/bit.ly\/2PO6geW\" target=\"_blank\" rel=\"noopener noreferrer\">document\u00e1rio<\/a> <a href=\"http:\/\/bit.ly\/FavelasNaMidiaInternacional\" target=\"_blank\" rel=\"noopener noreferrer\">irrespons\u00e1vel<\/a> e tendencioso da <em>BBC<\/em>, esse tipo de policiamento reflete o que a Relatora Especial da ONU sobre Execu\u00e7\u00f5es Extrajudiciais, Sum\u00e1rias ou Arbitr\u00e1rias Agnes Callamard chamou, durante sua visita a Mathare em fevereiro de 2020, t\u00edpica de \u201c<a href=\"http:\/\/bit.ly\/39v2f6U\" target=\"_blank\" rel=\"noopener noreferrer\">serial killers de uniforme<\/a>\u201d.<\/p>\n<p>Outro membro da Rede \u00e9 Mama Stella, cujo filho foi <a href=\"http:\/\/bit.ly\/2PS6RfA\" target=\"_blank\" rel=\"noopener noreferrer\">um dos oito jovens mortos pela pol\u00edcia em abril de 2016 em Mukuru<\/a>. Embora a m\u00eddia tenha relatado que eles eram &#8220;suspeitos de serem bandidos&#8221;, <a href=\"http:\/\/bit.ly\/2IlLgbl\" target=\"_blank\" rel=\"noopener noreferrer\">dois deles tinham apenas 16 anos<\/a> e um tinha 17 anos. O grupo planejava iniciar um <a href=\"http:\/\/bit.ly\/39GZG14\" target=\"_blank\" rel=\"noopener noreferrer\">neg\u00f3cio comunit\u00e1rio de coleta de lixo<\/a>.<\/p>\n<p>Um dos membros mais jovens da Rede \u00e9 Mso, de 19 anos, de Mathare, que teve dois parceiros mortos pela pol\u00edcia no mesmo ano. Agora ela tem que cuidar de dois filhos pequenos no mesmo local em que seus maridos foram mortos.<\/p>\n<p><a href=\"https:\/\/rioonwatch.org.br\/wp-content\/uploads\/2020\/04\/Membros-da-rede-partem-um-bolo-depois-do-lan\u00e7amento-bem-sucedido-em-Mathare.-Foto-Wangui-Kimari.png\"><img decoding=\"async\" class=\"aligncenter wp-image-46343 size-full\" title=\"Membros da rede partem um bolo depois do lan\u00e7amento bem sucedido em Mathare. Foto: Wangui Kimari\" src=\"https:\/\/rioonwatch.org.br\/wp-content\/uploads\/2020\/04\/Membros-da-rede-partem-um-bolo-depois-do-lan\u00e7amento-bem-sucedido-em-Mathare.-Foto-Wangui-Kimari.png\" alt=\"\" width=\"865\" height=\"1153\" srcset=\"https:\/\/rioonwatch.org.br\/wp-content\/uploads\/2020\/04\/Membros-da-rede-partem-um-bolo-depois-do-lan\u00e7amento-bem-sucedido-em-Mathare.-Foto-Wangui-Kimari.png 865w, https:\/\/rioonwatch.org.br\/wp-content\/uploads\/2020\/04\/Membros-da-rede-partem-um-bolo-depois-do-lan\u00e7amento-bem-sucedido-em-Mathare.-Foto-Wangui-Kimari-198x264.png 198w, https:\/\/rioonwatch.org.br\/wp-content\/uploads\/2020\/04\/Membros-da-rede-partem-um-bolo-depois-do-lan\u00e7amento-bem-sucedido-em-Mathare.-Foto-Wangui-Kimari-465x620.png 465w, https:\/\/rioonwatch.org.br\/wp-content\/uploads\/2020\/04\/Membros-da-rede-partem-um-bolo-depois-do-lan\u00e7amento-bem-sucedido-em-Mathare.-Foto-Wangui-Kimari-768x1024.png 768w\" sizes=\"(max-width: 865px) 100vw, 865px\" \/><\/a><\/p>\n<p>Enquanto seus familiares s\u00e3o mortos por capricho, essas mulheres s\u00e3o incapazes de buscar justi\u00e7a em organiza\u00e7\u00f5es governamentais como a Autoridade Independente de Supervis\u00e3o de Policiamento (IPOA). De acordo com o seu pr\u00f3prio \u201cRelat\u00f3rio do Conselho de Final de Mandato 2012-2018\u201d, o IPOA conseguiu apenas tr\u00eas condena\u00e7\u00f5es dos 9878 casos recebidos durante esse per\u00edodo\u2014<a href=\"https:\/\/bit.ly\/3e3lzeu\" target=\"_blank\" rel=\"noopener noreferrer\">assim como no Brasil<\/a>, a grande maioria desses casos permanece sob investiga\u00e7\u00e3o sem fim. E, no entanto, contra a injusti\u00e7a dessas condi\u00e7\u00f5es, a Rede continuou a crescer.<\/p>\n<p>Essas mulheres sabem que o assassinato de seus familiares \u00e9 apenas um resultado extremo em um continuum de viol\u00eancia estrutural que apresenta, entre outras coisas: falta de acesso \u00e0 \u00e1gua, escolas prec\u00e1rias, assist\u00eancia m\u00e9dica inadequada e a militariza\u00e7\u00e3o de suas casas. &#8220;Crian\u00e7as sendo mortas como <em>kukus<\/em> [galinhas]&#8221;, disse uma m\u00e3e.<\/p>\n<p>Eles tamb\u00e9m sabem que a pol\u00edtica informal de \u201catirar para matar\u201d do governo \u00e9 reservada a espa\u00e7os como o deles. As \u00e1reas ricas da cidade n\u00e3o v\u00eaem esse tipo de policiamento.<\/p>\n<p>Por esse motivo, essas m\u00e3es se reuniram em 15 de fevereiro vestindo camisas vermelhas para representar o \u201csangue derramado\u201d. Na parte de tr\u00e1s dessas camisas havia apenas tr\u00eas palavras: &#8220;Justi\u00e7a para as v\u00edtimas&#8221;.<\/p>\n<p>Juntas, cantaram, dan\u00e7aram e marcharam com determina\u00e7\u00e3o, expressando como o \u201cfogo havia sido aceso\u201d [<em>moto imewaka<\/em>], enquanto dedicavam tempo para plantar \u00e1rvores em mem\u00f3ria daqueles que haviam perdido.<\/p>\n<p>\u00c0 medida que essas \u00e1rvores crescem e s\u00e3o cuidadas em uma comunidade que \u00e9 governada pelo <a href=\"http:\/\/bit.ly\/2PO8H14\" target=\"_blank\" rel=\"noopener noreferrer\">apartheid ambiental<\/a>, elas permanecer\u00e3o como s\u00edmbolos da luta dos moradores por justi\u00e7a. Elas existir\u00e3o em oposi\u00e7\u00e3o a um status quo, plantadas em um momento de mudan\u00e7a co-catalisada quando essas m\u00e3es se levantaram e disseram: &#8220;assassinatos, recuem! Estamos avan\u00e7ando&#8221;.<\/p>\n<p><em>Wangui Kimari trabalha como coordenadora de Pesquisa e A\u00e7\u00e3o Participativa do Centro de Justi\u00e7a Social Mathare em Nairobi, Qu\u00eania, uma organiza\u00e7\u00e3o comunit\u00e1ria no assentamento urbano informal de Mathare. A organiza\u00e7\u00e3o busca a justi\u00e7a social por meio do engajamento da comunidade e do uso de plataformas de movimento social.<\/em><\/p>\n<hr \/>\n<h4><strong>Apoie nossos esfor\u00e7os para fornecer assist\u00eancia estrat\u00e9gica \u00e0s favelas do Rio durante a pandemia da Covid-19, incluindo o jornalismo hiperlocal, cr\u00edtico, inovador e incans\u00e1vel do\u00a0<em>RioOnWatch<\/em><\/strong>\u2014<a href=\"http:\/\/bit.ly\/CatalisandoComunidades\">doe aqui<\/a>.<\/h4>\n<!-- AddThis Advanced Settings generic via filter on the_content --><!-- AddThis Share Buttons generic via filter on the_content -->","protected":false},"excerpt":{"rendered":"<div class=\"mh-excerpt\"><p>Click Here for English Esta mat\u00e9ria faz parte das reportagens cont\u00ednuas do RioOnWatch sobre lutas sociais em todo o mundo que dialogam com a realidade local do Rio de Janeiro e oferecem pontos importantes de <a class=\"mh-excerpt-more\" href=\"https:\/\/rioonwatch.org.br\/?p=46338\" title=\"A Luta da Rede de M\u00e3es de V\u00edtimas e Sobreviventes da Viol\u00eancia Policial, em Mathare no Qu\u00eania\">[&#8230;]<\/a><!-- AddThis Advanced Settings generic via filter on get_the_excerpt --><!-- AddThis Share Buttons generic via filter on get_the_excerpt --><\/p>\n<\/div>","protected":false},"author":152,"featured_media":46340,"comment_status":"closed","ping_status":"closed","sticky":false,"template":"","format":"standard","meta":{"_acf_changed":false,"_monsterinsights_skip_tracking":false,"_monsterinsights_sitenote_active":false,"_monsterinsights_sitenote_note":"","_monsterinsights_sitenote_category":0,"footnotes":""},"categories":[1627,346,1612],"tags":[329,1259,2123,759,2748,88,2900,1722,2104,1109,499,920,52],"writer":[2899],"translator":[1971],"source":[],"ilustrador":[],"fotografo":[],"class_list":{"0":"post-46338","1":"post","2":"type-post","3":"status-publish","4":"format-standard","5":"has-post-thumbnail","7":"category-relato-de-evento","8":"category-denuncias","9":"category-sociedade-civil","10":"tag-africa","11":"tag-assassinato","12":"tag-auto-de-resistencia","13":"tag-comparacao-internacional","14":"tag-coronavirus","15":"tag-direitos-humanos","16":"tag-mathare","17":"tag-onu","18":"tag-quenia","19":"tag-sociedade-civil","20":"tag-terror-psicologico","21":"tag-violencia-de-estado","22":"tag-violencia-policial","23":"writer-wangui-kimari","24":"translator-geovanna-giannini"},"acf":[],"yoast_head":"<!-- This site is optimized with the Yoast SEO plugin v25.6 - https:\/\/yoast.com\/wordpress\/plugins\/seo\/ -->\n<title>A Luta da Rede de M\u00e3es de V\u00edtimas e Sobreviventes da Viol\u00eancia Policial, em Mathare no Qu\u00eania - RioOnWatch<\/title>\n<meta name=\"robots\" content=\"index, follow, max-snippet:-1, max-image-preview:large, max-video-preview:-1\" \/>\n<link rel=\"canonical\" href=\"https:\/\/rioonwatch.org.br\/?p=46338\" \/>\n<meta property=\"og:locale\" content=\"pt_BR\" \/>\n<meta property=\"og:type\" content=\"article\" \/>\n<meta property=\"og:title\" content=\"A Luta da Rede de M\u00e3es de V\u00edtimas e Sobreviventes da Viol\u00eancia Policial, em Mathare no Qu\u00eania - RioOnWatch\" \/>\n<meta property=\"og:description\" content=\"Click Here for English Esta mat\u00e9ria faz parte das reportagens cont\u00ednuas do RioOnWatch sobre lutas sociais em todo o mundo que dialogam com a realidade local do Rio de Janeiro e oferecem pontos importantes de [...]\" \/>\n<meta property=\"og:url\" content=\"https:\/\/rioonwatch.org.br\/?p=46338\" \/>\n<meta property=\"og:site_name\" content=\"RioOnWatch\" \/>\n<meta property=\"article:published_time\" content=\"2020-09-14T13:19:47+00:00\" \/>\n<meta property=\"article:modified_time\" content=\"2020-09-15T04:48:18+00:00\" \/>\n<meta property=\"og:image\" content=\"https:\/\/rioonwatch.org.br\/wp-content\/uploads\/2020\/04\/Membros-da-rede-partem-um-bolo-depois-do-lan\u00e7amento-bem-sucedido-em-Mathare.-Foto-Wangui-Kimari-768x1024.png\" \/>\n\t<meta property=\"og:image:width\" content=\"768\" \/>\n\t<meta property=\"og:image:height\" content=\"1024\" \/>\n\t<meta property=\"og:image:type\" content=\"image\/png\" \/>\n<meta name=\"author\" content=\"Luisa Fenizola\" \/>\n<meta name=\"twitter:card\" content=\"summary_large_image\" \/>\n<meta name=\"twitter:label1\" content=\"Escrito por\" \/>\n\t<meta name=\"twitter:data1\" content=\"Luisa Fenizola\" \/>\n\t<meta name=\"twitter:label2\" content=\"Est. tempo de leitura\" \/>\n\t<meta name=\"twitter:data2\" content=\"6 minutos\" \/>\n<script type=\"application\/ld+json\" class=\"yoast-schema-graph\">{\"@context\":\"https:\/\/schema.org\",\"@graph\":[{\"@type\":\"Article\",\"@id\":\"https:\/\/rioonwatch.org.br\/?p=46338#article\",\"isPartOf\":{\"@id\":\"https:\/\/rioonwatch.org.br\/?p=46338\"},\"author\":{\"name\":\"Luisa Fenizola\",\"@id\":\"https:\/\/rioonwatch.org.br\/#\/schema\/person\/f443c6b55bb6e80842280318076491c5\"},\"headline\":\"A Luta da Rede de M\u00e3es de V\u00edtimas e Sobreviventes da Viol\u00eancia Policial, em Mathare no Qu\u00eania\",\"datePublished\":\"2020-09-14T13:19:47+00:00\",\"dateModified\":\"2020-09-15T04:48:18+00:00\",\"mainEntityOfPage\":{\"@id\":\"https:\/\/rioonwatch.org.br\/?p=46338\"},\"wordCount\":1184,\"publisher\":{\"@id\":\"https:\/\/rioonwatch.org.br\/#organization\"},\"image\":{\"@id\":\"https:\/\/rioonwatch.org.br\/?p=46338#primaryimage\"},\"thumbnailUrl\":\"https:\/\/rioonwatch.org.br\/wp-content\/uploads\/2020\/04\/mathare-1.png\",\"keywords\":[\"\u00c1frica\",\"assassinato\",\"auto de resist\u00eancia\",\"compara\u00e7\u00e3o internacional\",\"coronav\u00edrus\",\"Direitos Humanos\",\"Mathare\",\"ONU\",\"Qu\u00eania\",\"sociedade civil\",\"terror psicol\u00f3gico\",\"viol\u00eancia de Estado\",\"viol\u00eancia policial\"],\"articleSection\":[\"Cobertura de Eventos\",\"Den\u00fancias\",\"Sociedade Civil\"],\"inLanguage\":\"pt-BR\"},{\"@type\":\"WebPage\",\"@id\":\"https:\/\/rioonwatch.org.br\/?p=46338\",\"url\":\"https:\/\/rioonwatch.org.br\/?p=46338\",\"name\":\"A Luta da Rede de M\u00e3es de V\u00edtimas e Sobreviventes da Viol\u00eancia Policial, em Mathare no Qu\u00eania - RioOnWatch\",\"isPartOf\":{\"@id\":\"https:\/\/rioonwatch.org.br\/#website\"},\"primaryImageOfPage\":{\"@id\":\"https:\/\/rioonwatch.org.br\/?p=46338#primaryimage\"},\"image\":{\"@id\":\"https:\/\/rioonwatch.org.br\/?p=46338#primaryimage\"},\"thumbnailUrl\":\"https:\/\/rioonwatch.org.br\/wp-content\/uploads\/2020\/04\/mathare-1.png\",\"datePublished\":\"2020-09-14T13:19:47+00:00\",\"dateModified\":\"2020-09-15T04:48:18+00:00\",\"breadcrumb\":{\"@id\":\"https:\/\/rioonwatch.org.br\/?p=46338#breadcrumb\"},\"inLanguage\":\"pt-BR\",\"potentialAction\":[{\"@type\":\"ReadAction\",\"target\":[\"https:\/\/rioonwatch.org.br\/?p=46338\"]}]},{\"@type\":\"ImageObject\",\"inLanguage\":\"pt-BR\",\"@id\":\"https:\/\/rioonwatch.org.br\/?p=46338#primaryimage\",\"url\":\"https:\/\/rioonwatch.org.br\/wp-content\/uploads\/2020\/04\/mathare-1.png\",\"contentUrl\":\"https:\/\/rioonwatch.org.br\/wp-content\/uploads\/2020\/04\/mathare-1.png\",\"width\":865,\"height\":487},{\"@type\":\"BreadcrumbList\",\"@id\":\"https:\/\/rioonwatch.org.br\/?p=46338#breadcrumb\",\"itemListElement\":[{\"@type\":\"ListItem\",\"position\":1,\"name\":\"In\u00edcio\",\"item\":\"https:\/\/rioonwatch.org.br\/\"},{\"@type\":\"ListItem\",\"position\":2,\"name\":\"A Luta da Rede de M\u00e3es de V\u00edtimas e Sobreviventes da Viol\u00eancia Policial, em Mathare no Qu\u00eania\"}]},{\"@type\":\"WebSite\",\"@id\":\"https:\/\/rioonwatch.org.br\/#website\",\"url\":\"https:\/\/rioonwatch.org.br\/\",\"name\":\"RioOnWatch\",\"description\":\"relatos das favelas cariocas\",\"publisher\":{\"@id\":\"https:\/\/rioonwatch.org.br\/#organization\"},\"potentialAction\":[{\"@type\":\"SearchAction\",\"target\":{\"@type\":\"EntryPoint\",\"urlTemplate\":\"https:\/\/rioonwatch.org.br\/?s={search_term_string}\"},\"query-input\":{\"@type\":\"PropertyValueSpecification\",\"valueRequired\":true,\"valueName\":\"search_term_string\"}}],\"inLanguage\":\"pt-BR\"},{\"@type\":\"Organization\",\"@id\":\"https:\/\/rioonwatch.org.br\/#organization\",\"name\":\"RioOnWatch\",\"url\":\"https:\/\/rioonwatch.org.br\/\",\"logo\":{\"@type\":\"ImageObject\",\"inLanguage\":\"pt-BR\",\"@id\":\"https:\/\/rioonwatch.org.br\/#\/schema\/logo\/image\/\",\"url\":\"https:\/\/rioonwatch.org.br\/wp-content\/uploads\/2021\/06\/RioOnWatchcabecalhoPT11anos-2.png\",\"contentUrl\":\"https:\/\/rioonwatch.org.br\/wp-content\/uploads\/2021\/06\/RioOnWatchcabecalhoPT11anos-2.png\",\"width\":779,\"height\":277,\"caption\":\"RioOnWatch\"},\"image\":{\"@id\":\"https:\/\/rioonwatch.org.br\/#\/schema\/logo\/image\/\"}},{\"@type\":\"Person\",\"@id\":\"https:\/\/rioonwatch.org.br\/#\/schema\/person\/f443c6b55bb6e80842280318076491c5\",\"name\":\"Luisa Fenizola\",\"image\":{\"@type\":\"ImageObject\",\"inLanguage\":\"pt-BR\",\"@id\":\"https:\/\/rioonwatch.org.br\/#\/schema\/person\/image\/\",\"url\":\"https:\/\/secure.gravatar.com\/avatar\/a3d551110162b9f876cbbdaaecf75663?s=96&d=blank&r=g\",\"contentUrl\":\"https:\/\/secure.gravatar.com\/avatar\/a3d551110162b9f876cbbdaaecf75663?s=96&d=blank&r=g\",\"caption\":\"Luisa Fenizola\"},\"url\":\"https:\/\/rioonwatch.org.br\/?author=152\"}]}<\/script>\n<!-- \/ Yoast SEO plugin. -->","yoast_head_json":{"title":"A Luta da Rede de M\u00e3es de V\u00edtimas e Sobreviventes da Viol\u00eancia Policial, em Mathare no Qu\u00eania - RioOnWatch","robots":{"index":"index","follow":"follow","max-snippet":"max-snippet:-1","max-image-preview":"max-image-preview:large","max-video-preview":"max-video-preview:-1"},"canonical":"https:\/\/rioonwatch.org.br\/?p=46338","og_locale":"pt_BR","og_type":"article","og_title":"A Luta da Rede de M\u00e3es de V\u00edtimas e Sobreviventes da Viol\u00eancia Policial, em Mathare no Qu\u00eania - RioOnWatch","og_description":"Click Here for English Esta mat\u00e9ria faz parte das reportagens cont\u00ednuas do RioOnWatch sobre lutas sociais em todo o mundo que dialogam com a realidade local do Rio de Janeiro e oferecem pontos importantes de [...]","og_url":"https:\/\/rioonwatch.org.br\/?p=46338","og_site_name":"RioOnWatch","article_published_time":"2020-09-14T13:19:47+00:00","article_modified_time":"2020-09-15T04:48:18+00:00","og_image":[{"width":768,"height":1024,"url":"https:\/\/rioonwatch.org.br\/wp-content\/uploads\/2020\/04\/Membros-da-rede-partem-um-bolo-depois-do-lan\u00e7amento-bem-sucedido-em-Mathare.-Foto-Wangui-Kimari-768x1024.png","type":"image\/png"}],"author":"Luisa Fenizola","twitter_card":"summary_large_image","twitter_misc":{"Escrito por":"Luisa Fenizola","Est. tempo de leitura":"6 minutos"},"schema":{"@context":"https:\/\/schema.org","@graph":[{"@type":"Article","@id":"https:\/\/rioonwatch.org.br\/?p=46338#article","isPartOf":{"@id":"https:\/\/rioonwatch.org.br\/?p=46338"},"author":{"name":"Luisa Fenizola","@id":"https:\/\/rioonwatch.org.br\/#\/schema\/person\/f443c6b55bb6e80842280318076491c5"},"headline":"A Luta da Rede de M\u00e3es de V\u00edtimas e Sobreviventes da Viol\u00eancia Policial, em Mathare no Qu\u00eania","datePublished":"2020-09-14T13:19:47+00:00","dateModified":"2020-09-15T04:48:18+00:00","mainEntityOfPage":{"@id":"https:\/\/rioonwatch.org.br\/?p=46338"},"wordCount":1184,"publisher":{"@id":"https:\/\/rioonwatch.org.br\/#organization"},"image":{"@id":"https:\/\/rioonwatch.org.br\/?p=46338#primaryimage"},"thumbnailUrl":"https:\/\/rioonwatch.org.br\/wp-content\/uploads\/2020\/04\/mathare-1.png","keywords":["\u00c1frica","assassinato","auto de resist\u00eancia","compara\u00e7\u00e3o internacional","coronav\u00edrus","Direitos Humanos","Mathare","ONU","Qu\u00eania","sociedade civil","terror psicol\u00f3gico","viol\u00eancia de Estado","viol\u00eancia policial"],"articleSection":["Cobertura de Eventos","Den\u00fancias","Sociedade Civil"],"inLanguage":"pt-BR"},{"@type":"WebPage","@id":"https:\/\/rioonwatch.org.br\/?p=46338","url":"https:\/\/rioonwatch.org.br\/?p=46338","name":"A Luta da Rede de M\u00e3es de V\u00edtimas e Sobreviventes da Viol\u00eancia Policial, em Mathare no Qu\u00eania - RioOnWatch","isPartOf":{"@id":"https:\/\/rioonwatch.org.br\/#website"},"primaryImageOfPage":{"@id":"https:\/\/rioonwatch.org.br\/?p=46338#primaryimage"},"image":{"@id":"https:\/\/rioonwatch.org.br\/?p=46338#primaryimage"},"thumbnailUrl":"https:\/\/rioonwatch.org.br\/wp-content\/uploads\/2020\/04\/mathare-1.png","datePublished":"2020-09-14T13:19:47+00:00","dateModified":"2020-09-15T04:48:18+00:00","breadcrumb":{"@id":"https:\/\/rioonwatch.org.br\/?p=46338#breadcrumb"},"inLanguage":"pt-BR","potentialAction":[{"@type":"ReadAction","target":["https:\/\/rioonwatch.org.br\/?p=46338"]}]},{"@type":"ImageObject","inLanguage":"pt-BR","@id":"https:\/\/rioonwatch.org.br\/?p=46338#primaryimage","url":"https:\/\/rioonwatch.org.br\/wp-content\/uploads\/2020\/04\/mathare-1.png","contentUrl":"https:\/\/rioonwatch.org.br\/wp-content\/uploads\/2020\/04\/mathare-1.png","width":865,"height":487},{"@type":"BreadcrumbList","@id":"https:\/\/rioonwatch.org.br\/?p=46338#breadcrumb","itemListElement":[{"@type":"ListItem","position":1,"name":"In\u00edcio","item":"https:\/\/rioonwatch.org.br\/"},{"@type":"ListItem","position":2,"name":"A Luta da Rede de M\u00e3es de V\u00edtimas e Sobreviventes da Viol\u00eancia Policial, em Mathare no Qu\u00eania"}]},{"@type":"WebSite","@id":"https:\/\/rioonwatch.org.br\/#website","url":"https:\/\/rioonwatch.org.br\/","name":"RioOnWatch","description":"relatos das favelas cariocas","publisher":{"@id":"https:\/\/rioonwatch.org.br\/#organization"},"potentialAction":[{"@type":"SearchAction","target":{"@type":"EntryPoint","urlTemplate":"https:\/\/rioonwatch.org.br\/?s={search_term_string}"},"query-input":{"@type":"PropertyValueSpecification","valueRequired":true,"valueName":"search_term_string"}}],"inLanguage":"pt-BR"},{"@type":"Organization","@id":"https:\/\/rioonwatch.org.br\/#organization","name":"RioOnWatch","url":"https:\/\/rioonwatch.org.br\/","logo":{"@type":"ImageObject","inLanguage":"pt-BR","@id":"https:\/\/rioonwatch.org.br\/#\/schema\/logo\/image\/","url":"https:\/\/rioonwatch.org.br\/wp-content\/uploads\/2021\/06\/RioOnWatchcabecalhoPT11anos-2.png","contentUrl":"https:\/\/rioonwatch.org.br\/wp-content\/uploads\/2021\/06\/RioOnWatchcabecalhoPT11anos-2.png","width":779,"height":277,"caption":"RioOnWatch"},"image":{"@id":"https:\/\/rioonwatch.org.br\/#\/schema\/logo\/image\/"}},{"@type":"Person","@id":"https:\/\/rioonwatch.org.br\/#\/schema\/person\/f443c6b55bb6e80842280318076491c5","name":"Luisa Fenizola","image":{"@type":"ImageObject","inLanguage":"pt-BR","@id":"https:\/\/rioonwatch.org.br\/#\/schema\/person\/image\/","url":"https:\/\/secure.gravatar.com\/avatar\/a3d551110162b9f876cbbdaaecf75663?s=96&d=blank&r=g","contentUrl":"https:\/\/secure.gravatar.com\/avatar\/a3d551110162b9f876cbbdaaecf75663?s=96&d=blank&r=g","caption":"Luisa Fenizola"},"url":"https:\/\/rioonwatch.org.br\/?author=152"}]}},"_links":{"self":[{"href":"https:\/\/rioonwatch.org.br\/index.php?rest_route=\/wp\/v2\/posts\/46338"}],"collection":[{"href":"https:\/\/rioonwatch.org.br\/index.php?rest_route=\/wp\/v2\/posts"}],"about":[{"href":"https:\/\/rioonwatch.org.br\/index.php?rest_route=\/wp\/v2\/types\/post"}],"author":[{"embeddable":true,"href":"https:\/\/rioonwatch.org.br\/index.php?rest_route=\/wp\/v2\/users\/152"}],"replies":[{"embeddable":true,"href":"https:\/\/rioonwatch.org.br\/index.php?rest_route=%2Fwp%2Fv2%2Fcomments&post=46338"}],"version-history":[{"count":16,"href":"https:\/\/rioonwatch.org.br\/index.php?rest_route=\/wp\/v2\/posts\/46338\/revisions"}],"predecessor-version":[{"id":50501,"href":"https:\/\/rioonwatch.org.br\/index.php?rest_route=\/wp\/v2\/posts\/46338\/revisions\/50501"}],"wp:featuredmedia":[{"embeddable":true,"href":"https:\/\/rioonwatch.org.br\/index.php?rest_route=\/wp\/v2\/media\/46340"}],"wp:attachment":[{"href":"https:\/\/rioonwatch.org.br\/index.php?rest_route=%2Fwp%2Fv2%2Fmedia&parent=46338"}],"wp:term":[{"taxonomy":"category","embeddable":true,"href":"https:\/\/rioonwatch.org.br\/index.php?rest_route=%2Fwp%2Fv2%2Fcategories&post=46338"},{"taxonomy":"post_tag","embeddable":true,"href":"https:\/\/rioonwatch.org.br\/index.php?rest_route=%2Fwp%2Fv2%2Ftags&post=46338"},{"taxonomy":"writer","embeddable":true,"href":"https:\/\/rioonwatch.org.br\/index.php?rest_route=%2Fwp%2Fv2%2Fwriter&post=46338"},{"taxonomy":"translator","embeddable":true,"href":"https:\/\/rioonwatch.org.br\/index.php?rest_route=%2Fwp%2Fv2%2Ftranslator&post=46338"},{"taxonomy":"source","embeddable":true,"href":"https:\/\/rioonwatch.org.br\/index.php?rest_route=%2Fwp%2Fv2%2Fsource&post=46338"},{"taxonomy":"ilustrador","embeddable":true,"href":"https:\/\/rioonwatch.org.br\/index.php?rest_route=%2Fwp%2Fv2%2Filustrador&post=46338"},{"taxonomy":"fotografo","embeddable":true,"href":"https:\/\/rioonwatch.org.br\/index.php?rest_route=%2Fwp%2Fv2%2Ffotografo&post=46338"}],"curies":[{"name":"wp","href":"https:\/\/api.w.org\/{rel}","templated":true}]}}