{"id":46347,"date":"2020-04-08T08:00:09","date_gmt":"2020-04-08T11:00:09","guid":{"rendered":"https:\/\/rioonwatch.org.br\/?p=46347"},"modified":"2025-08-29T08:47:53","modified_gmt":"2025-08-29T11:47:53","slug":"coronavirus-no-dia-a-dia-das-favelas-parte-3-a-resistencia-da-favela-do-aco-frente-ao-desafio","status":"publish","type":"post","link":"https:\/\/rioonwatch.org.br\/?p=46347","title":{"rendered":"Coronav\u00edrus no Dia a Dia das Favelas, Parte 3: A Resist\u00eancia da Favela do A\u00e7o, em Santa Cruz, Frente ao Desafio"},"content":{"rendered":"<p style=\"text-align: right;\"><em><strong><a href=\"https:\/\/bit.ly\/2VM6fuc\" target=\"_blank\" rel=\"noopener noreferrer\">Click Here for English<\/a><a href=\"https:\/\/bit.ly\/2VM6fuc\" target=\"_blank\" rel=\"noopener noreferrer\"><img decoding=\"async\" width=\"20\" height=\"20\" class=\"alignright wp-image-15790\" src=\"http:\/\/rioonwatch.org.br\/wp-content\/uploads\/2012\/08\/EN-standard-e1439583104716.jpg\" \/><\/a><\/strong><\/em><\/p>\n<p><em><a href=\"https:\/\/rioonwatch.org.br\/wp-content\/uploads\/2019\/08\/SDSU.png\" rel=\"prettyPhoto\"><img decoding=\"async\" class=\"wp-image-42675 alignright\" src=\"https:\/\/rioonwatch.org.br\/wp-content\/uploads\/2019\/08\/SDSU.png\" sizes=\"(max-width: 200px) 100vw, 200px\" srcset=\"https:\/\/rioonwatch.org.br\/wp-content\/uploads\/2019\/08\/SDSU.png 1934w, https:\/\/rioonwatch.org.br\/wp-content\/uploads\/2019\/08\/SDSU-620x211.png 620w, https:\/\/rioonwatch.org.br\/wp-content\/uploads\/2019\/08\/SDSU-768x261.png 768w, https:\/\/rioonwatch.org.br\/wp-content\/uploads\/2019\/08\/SDSU-1024x348.png 1024w\" alt=\"\" width=\"200\" height=\"68\" \/><\/a><i><\/i><\/em><\/p>\n<p><em><strong>Essa mat\u00e9ria oriunda da Favela do A\u00e7o, \u00e9 a terceira de uma <a href=\"https:\/\/bit.ly\/2wRgF3t\" target=\"_blank\" rel=\"noopener noreferrer\">s\u00e9rie sobre o impacto da pandemia do coronav\u00edrus no dia a dia das favelas<\/a>, em parceria com o Centro Behner Stiefel de Estudos Brasileiros da Universidade Estadual de San Diego<\/strong>.\u00a0<\/em><\/p>\n<h3>A Falta de Pol\u00edticas P\u00fablicas e o Abandono do Estado<\/h3>\n<p><span style=\"font-weight: 400;\">Quando se fala em <a href=\"http:\/\/bit.ly\/2x3k8bw\" target=\"_blank\" rel=\"noopener noreferrer\">Zona Oeste<\/a> do Rio de Janeiro \u00e9 necess\u00e1rio saber que existem duas realidades, separadas somente por um t\u00fanel que as liga. A Zona Oeste da <a href=\"https:\/\/bit.ly\/3e5J3zl\" target=\"_blank\" rel=\"noopener noreferrer\">Barra<\/a> e do <a href=\"https:\/\/bit.ly\/2UPHP3F\" target=\"_blank\" rel=\"noopener noreferrer\">Recreio<\/a>, bairros pr\u00f3ximos da <a href=\"http:\/\/bit.ly\/1mNsDyk\" target=\"_blank\" rel=\"noopener noreferrer\">Zona Sul<\/a>, vivenciam uma realidade nunca experimentada na Zona Oeste de bairros como o de <a href=\"http:\/\/bit.ly\/1eH5Mym\" target=\"_blank\" rel=\"noopener noreferrer\">Santa Cruz<\/a>, um dos \u00faltimos bairros do munic\u00edpio, rodeado de favelas que h\u00e1 anos n\u00e3o recebem pol\u00edticas p\u00fablicas, <a href=\"http:\/\/bit.ly\/2e2SW2d\" target=\"_blank\" rel=\"noopener noreferrer\">como \u00e9 direito de todo cidad\u00e3o<\/a>.\u00a0<\/span><\/p>\n<p><span style=\"font-weight: 400;\">Em meio \u00e0 crise atual, causada pela chegada do <a href=\"https:\/\/bit.ly\/2QZjDJI\" target=\"_blank\" rel=\"noopener noreferrer\">Covid-19<\/a>, mais do que nunca os <a href=\"https:\/\/bit.ly\/34gmPGw\" target=\"_blank\" rel=\"noopener noreferrer\">6000 habitantes<\/a> da <a href=\"https:\/\/bit.ly\/2RlGIGR\" target=\"_blank\" rel=\"noopener noreferrer\">Favela do A\u00e7o<\/a>, uma das favelas de Santa Cruz, experimentam o abandono estatal. O esgoto a c\u00e9u aberto na porta de casa \u00e9 realidade di\u00e1ria dos moradores, juntamente com a coleta de lixo prec\u00e1ria, resultando em amontoados de lixo em diversos pontos da comunidade onde crian\u00e7as brincam e idosos passam.<\/span><\/p>\n<p><span style=\"font-weight: 400;\">Al\u00e9m de tudo a informa\u00e7\u00e3o parece n\u00e3o chegar na comunidade. Muitos moradores, apesar de acreditarem na gravidade da situa\u00e7\u00e3o, n\u00e3o est\u00e3o seguindo as recomenda\u00e7\u00f5es indicadas de como se prevenir. Por um lado, por <a href=\"http:\/\/bit.ly\/3dcI8N2\" target=\"_blank\" rel=\"noopener noreferrer\">n\u00e3o terem como se resguardar<\/a> da pr\u00f3pria realidade; por outro, simplesmente por n\u00e3o saberem como segui-las.<\/span><\/p>\n<p><span style=\"font-weight: 400;\"><a href=\"https:\/\/rioonwatch.org.br\/wp-content\/uploads\/2020\/04\/Favela-do-Ac\u0327o.png\"><img fetchpriority=\"high\" decoding=\"async\" class=\"alignright wp-image-46385\" src=\"https:\/\/rioonwatch.org.br\/wp-content\/uploads\/2020\/04\/Favela-do-Ac\u0327o.png\" alt=\"Esgoto a c\u00e9u aberto na porta de uma casa e um adolescente tendo contato. Foto por Moana Couto e Rayane Marques\" width=\"300\" height=\"354\" srcset=\"https:\/\/rioonwatch.org.br\/wp-content\/uploads\/2020\/04\/Favela-do-Ac\u0327o.png 581w, https:\/\/rioonwatch.org.br\/wp-content\/uploads\/2020\/04\/Favela-do-Ac\u0327o-224x264.png 224w, https:\/\/rioonwatch.org.br\/wp-content\/uploads\/2020\/04\/Favela-do-Ac\u0327o-525x620.png 525w\" sizes=\"(max-width: 300px) 100vw, 300px\" \/><\/a>O saneamento b\u00e1sico \u00e9 previsto na <a href=\"https:\/\/bit.ly\/34k8fxI\" target=\"_blank\" rel=\"noopener noreferrer\">Constitui\u00e7\u00e3o<\/a> brasileira como direito de todo cidad\u00e3o. Contudo, esse direito mostra-se praticamente inexistente na Favela do A\u00e7o. Vemos o quanto s\u00e3o negadas \u00e0 popula\u00e7\u00e3o condi\u00e7\u00f5es dignas de se viver. Como evitar ficar doente convivendo com focos de doen\u00e7a? Al\u00e9m do saneamento impr\u00f3prio, a <a href=\"https:\/\/bit.ly\/2UOQlQG\" target=\"_blank\" rel=\"noopener noreferrer\">falta de \u00e1gua<\/a> \u00e9 constante. Dura dias a fio e impede que as pessoas realizem as suas atividades cotidianas. Como manter a casa e se manter higienizado dessa forma? Levando em considera\u00e7\u00e3o que as principais recomenda\u00e7\u00f5es para evitar a propaga\u00e7\u00e3o do v\u00edrus esbarram em <a href=\"https:\/\/bit.ly\/2Rku5Mf\" target=\"_blank\" rel=\"noopener noreferrer\">quest\u00f5es que s\u00e3o h\u00e1 anos negligenciadas<\/a>, mais do que nunca nossa aten\u00e7\u00e3o precisa se voltar para as favelas como um todo.<\/span><\/p>\n<h3>Campanhas de Arrecada\u00e7\u00e3o e Suporte por Coletivos e Volunt\u00e1rios<\/h3>\n<p><span style=\"font-weight: 400;\"><a href=\"https:\/\/bit.ly\/340KKtn\" target=\"_blank\" rel=\"noopener noreferrer\">Projetos que funcionam na comunidade est\u00e3o \u00e0 frente da mobiliza\u00e7\u00e3o<\/a> que visa garantir que a comunidade enfrente esse desafio com um m\u00ednimo de dignidade. As pessoas est\u00e3o arriscando sua sa\u00fade para ajudar como podem\u2014o <a href=\"https:\/\/bit.ly\/2Xgzmbx\" target=\"_blank\" rel=\"noopener noreferrer\">sentimento de pertencimento<\/a> ao lugar e do dever de proteger os seus falam mais alto, especialmente quando sabem que possivelmente nada ser\u00e1 feito pelo poder p\u00fablico para proteger essa popula\u00e7\u00e3o em situa\u00e7\u00e3o de vulnerabilidade.<\/span><\/p>\n<p><span style=\"font-weight: 400;\"><a href=\"https:\/\/rioonwatch.org.br\/wp-content\/uploads\/2020\/04\/Favela-do-Ac\u0327o-2.png\"><img loading=\"lazy\" decoding=\"async\" class=\"alignright wp-image-46387\" title=\"Moanan Couto (20) e Lais Andrade (idade desconhecida), m\u00e3e de tr\u00eas crian\u00e7as. Foto por Moana Couto e Rayane Marques\" src=\"https:\/\/rioonwatch.org.br\/wp-content\/uploads\/2020\/04\/Favela-do-Ac\u0327o-2.png\" alt=\"Moanan Couto (20) e Lais Andrade (idade desconhecida), m\u00e3e de tr\u00eas crian\u00e7as. Foto por Moana Couto e Rayane Marques\" width=\"300\" height=\"277\" srcset=\"https:\/\/rioonwatch.org.br\/wp-content\/uploads\/2020\/04\/Favela-do-Ac\u0327o-2.png 547w, https:\/\/rioonwatch.org.br\/wp-content\/uploads\/2020\/04\/Favela-do-Ac\u0327o-2-286x264.png 286w\" sizes=\"(max-width: 300px) 100vw, 300px\" \/><\/a>A <a href=\"http:\/\/bit.ly\/DoacoesCovid19NasFavelas\" target=\"_blank\" rel=\"noopener noreferrer\">mobiliza\u00e7\u00e3o coletiva<\/a> da Favela do A\u00e7o\/Vila Paci\u00eancia (como tamb\u00e9m \u00e9 conhecida a comunidade) surgiu h\u00e1 duas semanas por iniciativa de tr\u00eas projetos atuantes no local, <a href=\"https:\/\/bit.ly\/2xUxQkE\" target=\"_blank\" rel=\"noopener noreferrer\">Projeto Esperan\u00e7a Para Uma Crian\u00e7a (PEPUC)<\/a>, Coletivo CASA e <a href=\"https:\/\/bit.ly\/2Xc9b5B\" target=\"_blank\" rel=\"noopener noreferrer\">Levante A\u00e7o<\/a>, com o intuito de amenizar o impacto do coronav\u00edrus na favela. A campanha foi posta em pr\u00e1tica a partir do entendimento que a fome e o <a href=\"http:\/\/bit.ly\/2Gl3KZB\" target=\"_blank\" rel=\"noopener noreferrer\">racismo ambiental<\/a>, dentre tantas outras quest\u00f5es, fazem parte da realidade dos moradores, e se agravar\u00e3o com a contamina\u00e7\u00e3o comunit\u00e1ria, a falta de <a href=\"https:\/\/bit.ly\/3aR7M8P\" target=\"_blank\" rel=\"noopener noreferrer\">justi\u00e7a ambiental<\/a> e de recursos locais para suprir o b\u00e1sico.<\/span><\/p>\n<p><span style=\"font-weight: 400;\">A mobiliza\u00e7\u00e3o tem tentado combater a <a href=\"https:\/\/bbc.in\/3dYJo70\" target=\"_blank\" rel=\"noopener noreferrer\">fome que se agravou nesse per\u00edodo<\/a>, visto que muitos moradores s\u00e3o trabalhadores informais, como camel\u00f4s e outros que obt\u00e9m seu sustento de &#8220;bicos&#8221;, que ficaram sem renda. A maioria das casas tem seis ou mais pessoas. A renda extra do <a href=\"https:\/\/bit.ly\/34tNu2R\" target=\"_blank\" rel=\"noopener noreferrer\">Bolsa Fam\u00edlia<\/a> \u00e9 o que salva centenas de fam\u00edlias, mas o benef\u00edcio n\u00e3o supre de forma adequada a subsist\u00eancia de ningu\u00e9m.<\/span><\/p>\n<p><span style=\"font-weight: 400;\">Para fazer um mapeamento e alcan\u00e7ar as pessoas que mais precisariam de aux\u00edlio para se manterem em casa durante a quarentena, a equipe de mobilizadores focou em idosos, m\u00e3es solas e fam\u00edlias com um n\u00famero alto de crian\u00e7as por casa (em sua maioria, as casas s\u00e3o compostas por mais de quatro crian\u00e7as). <\/span><span style=\"font-weight: 400;\">A entrega foi feita diretamente nas casas dos moradores, evitando aglomera\u00e7\u00f5es. Houve a entrega de produtos de higiene, priorizando o uso do sab\u00e3o e enfatizando a import\u00e2ncia da higieniza\u00e7\u00e3o frequente. Juntamente com a distribui\u00e7\u00e3o, \u00e9 feito um trabalho de dissemina\u00e7\u00e3o da informa\u00e7\u00e3o.<\/span><\/p>\n<p><span style=\"font-weight: 400;\">Todo material que est\u00e1 sendo entregue na doa\u00e7\u00e3o \u00e9 proveniente de doa\u00e7\u00f5es, seja em forma de comida, produtos de higiene ou dinheiro. A meta \u00e9 que hajam suprimentos suficientes para at\u00e9 o m\u00eas de maio. Para isso, \u00e9 importante que as doa\u00e7\u00f5es continuem para que a favela respire e resista sempre.<\/span><\/p>\n<h4><strong><a href=\"https:\/\/bit.ly\/2JP5o6C\" target=\"_blank\" rel=\"noopener noreferrer\">Clique para fazer uma doa\u00e7\u00e3o e apoiar os moradores da Favela do A\u00e7o<\/a>.<\/strong><\/h4>\n<p><em><span style=\"font-weight: 400;\">Moanan Costa do Couto, 20 anos, \u00e9 moradora do <a href=\"http:\/\/bit.ly\/2kjWZyI\" target=\"_blank\" rel=\"noopener noreferrer\">Cesar\u00e3o<\/a>, favela localizada na Zona Oeste. Participa da equipe do <a href=\"https:\/\/bit.ly\/2yCojyY\" target=\"_blank\" rel=\"noopener noreferrer\">Pr\u00e9-Vestibular Social Santa Cruz Universit\u00e1rio<\/a> e atualmente cursa Direito na <a href=\"http:\/\/bit.ly\/2KQx9xm\" target=\"_blank\" rel=\"noopener noreferrer\">UERJ<\/a>. Come\u00e7ou a trabalhar como volunt\u00e1ria na Favela do A\u00e7o h\u00e1 um ano. H\u00e1 quatro meses co-fundou o Levante A\u00e7o, projeto voltado para adolescentes da comunidade, somando h\u00e1 oito jovens na equipe.<\/span><\/em><\/p>\n<p><em><span style=\"font-weight: 400;\">Rayane Marques da Silva Gomes, 19 anos, \u00e9 moradora da Favela do A\u00e7o, Zona Oeste do Rio. Atualmente, cursa Hist\u00f3ria na <a href=\"http:\/\/bit.ly\/2kb6iAY\" target=\"_blank\" rel=\"noopener noreferrer\">PUC<\/a>-Rio e realiza o trabalho de mediadora com crian\u00e7as autistas em escolas p\u00fablicas. H\u00e1 um ano come\u00e7ou auxiliar em projetos sociais na comunidade e h\u00e1 quatro meses co-fundou o Levante A\u00e7o, projeto educacional\/cultural voltado para adolescentes da comunidade. <\/span><\/em><\/p>\n<!-- AddThis Advanced Settings generic via filter on the_content --><!-- AddThis Share Buttons generic via filter on the_content -->","protected":false},"excerpt":{"rendered":"<div class=\"mh-excerpt\"><p>Click Here for English Essa mat\u00e9ria oriunda da Favela do A\u00e7o, \u00e9 a terceira de uma s\u00e9rie sobre o impacto da pandemia do coronav\u00edrus no dia a dia das favelas, em parceria com o Centro <a class=\"mh-excerpt-more\" href=\"https:\/\/rioonwatch.org.br\/?p=46347\" title=\"Coronav\u00edrus no Dia a Dia das Favelas, Parte 3: A Resist\u00eancia da Favela do A\u00e7o, em Santa Cruz, Frente ao Desafio\">[&#8230;]<\/a><!-- AddThis Advanced Settings generic via filter on get_the_excerpt --><!-- AddThis Share Buttons generic via filter on get_the_excerpt --><\/p>\n<\/div>","protected":false},"author":152,"featured_media":46384,"comment_status":"closed","ping_status":"closed","sticky":false,"template":"","format":"standard","meta":{"_acf_changed":false,"_monsterinsights_skip_tracking":false,"_monsterinsights_sitenote_active":false,"_monsterinsights_sitenote_note":"","_monsterinsights_sitenote_category":0,"footnotes":""},"categories":[2753,1621,346,1625,1388,1612],"tags":[274,893,227,2553,1226,2748,2343,322,2769,1103,2230,417,2451,1545,2139,185,492,134,2539,2289,2759,1109,380,476,375,2037,1450,184,383],"writer":[2767,2768],"translator":[],"source":[],"ilustrador":[],"fotografo":[],"class_list":{"0":"post-46347","1":"post","2":"type-post","3":"status-publish","4":"format-standard","5":"has-post-thumbnail","7":"category-covid19nasfavelas","8":"category-destaque","9":"category-denuncias","10":"category-por-correspondentes-comunitarios","11":"category-formas-de-apoiar","12":"category-sociedade-civil","13":"tag-barra-da-tijuca","14":"tag-bolsa-familia","15":"tag-cesarao","16":"tag-coleta-de-lixo","17":"tag-constituicao","18":"tag-coronavirus","19":"tag-economia-informal","20":"tag-esgoto","21":"tag-favela-do-aco-vila-paciencia","22":"tag-informalidade","23":"tag-fome","24":"tag-negligencia-do-estado","25":"tag-politicas-publicas","26":"tag-puc","27":"tag-justica-ambiental","28":"tag-recreio","29":"tag-saneamento","30":"tag-santa-cruz","31":"tag-sentimento-de-pertencimento","32":"tag-serie","33":"tag-serie-covid-19-no-dia-a-dia-das-favelas","34":"tag-sociedade-civil","35":"tag-solidariedade","36":"tag-solucao-comunitaria","37":"tag-terceira-idade","38":"tag-uerj","39":"tag-vila-paciencia","40":"tag-zona-oeste","41":"tag-zona-sul","42":"writer-moanan-costa-do-couto","43":"writer-rayane-marques-da-silva-gomes"},"acf":[],"yoast_head":"<!-- This site is optimized with the Yoast SEO plugin v25.6 - https:\/\/yoast.com\/wordpress\/plugins\/seo\/ -->\n<title>Coronav\u00edrus no Dia a Dia das Favelas, Parte 3: A Resist\u00eancia da Favela do A\u00e7o, em Santa Cruz, Frente ao Desafio - RioOnWatch<\/title>\n<meta name=\"robots\" content=\"index, follow, max-snippet:-1, max-image-preview:large, max-video-preview:-1\" \/>\n<link rel=\"canonical\" href=\"https:\/\/rioonwatch.org.br\/?p=46347\" \/>\n<meta property=\"og:locale\" content=\"pt_BR\" \/>\n<meta property=\"og:type\" content=\"article\" \/>\n<meta property=\"og:title\" content=\"Coronav\u00edrus no Dia a Dia das Favelas, Parte 3: A Resist\u00eancia da Favela do A\u00e7o, em Santa Cruz, Frente ao Desafio - RioOnWatch\" \/>\n<meta property=\"og:description\" content=\"Click Here for English Essa mat\u00e9ria oriunda da Favela do A\u00e7o, \u00e9 a terceira de uma s\u00e9rie sobre o impacto da pandemia do coronav\u00edrus no dia a dia das favelas, em parceria com o Centro [...]\" \/>\n<meta property=\"og:url\" content=\"https:\/\/rioonwatch.org.br\/?p=46347\" \/>\n<meta property=\"og:site_name\" content=\"RioOnWatch\" \/>\n<meta property=\"article:published_time\" content=\"2020-04-08T11:00:09+00:00\" \/>\n<meta property=\"article:modified_time\" content=\"2025-08-29T11:47:53+00:00\" \/>\n<meta property=\"og:image\" content=\"https:\/\/rioonwatch.org.br\/wp-content\/uploads\/2020\/04\/favela-do-ac\u0327o-1.jpg\" \/>\n\t<meta property=\"og:image:width\" content=\"960\" \/>\n\t<meta property=\"og:image:height\" content=\"1280\" \/>\n\t<meta property=\"og:image:type\" content=\"image\/jpeg\" \/>\n<meta name=\"author\" content=\"Luisa Fenizola\" \/>\n<meta name=\"twitter:card\" content=\"summary_large_image\" \/>\n<meta name=\"twitter:label1\" content=\"Escrito por\" \/>\n\t<meta name=\"twitter:data1\" content=\"Luisa Fenizola\" \/>\n\t<meta name=\"twitter:label2\" content=\"Est. tempo de leitura\" \/>\n\t<meta name=\"twitter:data2\" content=\"5 minutos\" \/>\n<script type=\"application\/ld+json\" class=\"yoast-schema-graph\">{\"@context\":\"https:\/\/schema.org\",\"@graph\":[{\"@type\":\"Article\",\"@id\":\"https:\/\/rioonwatch.org.br\/?p=46347#article\",\"isPartOf\":{\"@id\":\"https:\/\/rioonwatch.org.br\/?p=46347\"},\"author\":{\"name\":\"Luisa Fenizola\",\"@id\":\"https:\/\/rioonwatch.org.br\/#\/schema\/person\/f443c6b55bb6e80842280318076491c5\"},\"headline\":\"Coronav\u00edrus no Dia a Dia das Favelas, Parte 3: A Resist\u00eancia da Favela do A\u00e7o, em Santa Cruz, Frente ao Desafio\",\"datePublished\":\"2020-04-08T11:00:09+00:00\",\"dateModified\":\"2025-08-29T11:47:53+00:00\",\"mainEntityOfPage\":{\"@id\":\"https:\/\/rioonwatch.org.br\/?p=46347\"},\"wordCount\":1002,\"publisher\":{\"@id\":\"https:\/\/rioonwatch.org.br\/#organization\"},\"image\":{\"@id\":\"https:\/\/rioonwatch.org.br\/?p=46347#primaryimage\"},\"thumbnailUrl\":\"https:\/\/rioonwatch.org.br\/wp-content\/uploads\/2020\/04\/favela-do-ac\u0327o-1.jpg\",\"keywords\":[\"Barra da Tijuca\",\"Bolsa Fam\u00edlia\",\"Cesar\u00e3o\",\"coleta de lixo\",\"constitui\u00e7\u00e3o\",\"coronav\u00edrus\",\"economia informal\",\"esgoto\",\"Favela do A\u00e7o\/Vila Paci\u00eancia\",\"informalidade\",\"Inseguran\u00e7a alimentar\",\"Neglig\u00eancia do Estado\",\"pol\u00edticas p\u00fablicas\",\"PUC\",\"Racismo ambiental\",\"Recreio dos Bandeirantes\",\"saneamento\",\"Santa Cruz\",\"sentimento de pertencimento\",\"S\u00e9rie\",\"S\u00e9rie: Covid-19 no Dia a Dia das Favelas\",\"sociedade civil\",\"solidariedade\",\"solu\u00e7\u00e3o comunit\u00e1ria\",\"terceira idade\",\"UERJ\",\"Vila Paci\u00eancia\",\"Zona Oeste\",\"Zona Sul\"],\"articleSection\":[\"#Covid19NasFavelas\",\"*Destaque\",\"Den\u00fancias\",\"Escrito por Comunicadores Populares\",\"Formas de Apoiar\",\"Sociedade Civil\"],\"inLanguage\":\"pt-BR\"},{\"@type\":\"WebPage\",\"@id\":\"https:\/\/rioonwatch.org.br\/?p=46347\",\"url\":\"https:\/\/rioonwatch.org.br\/?p=46347\",\"name\":\"Coronav\u00edrus no Dia a Dia das Favelas, Parte 3: A Resist\u00eancia da Favela do A\u00e7o, em Santa Cruz, Frente ao Desafio - RioOnWatch\",\"isPartOf\":{\"@id\":\"https:\/\/rioonwatch.org.br\/#website\"},\"primaryImageOfPage\":{\"@id\":\"https:\/\/rioonwatch.org.br\/?p=46347#primaryimage\"},\"image\":{\"@id\":\"https:\/\/rioonwatch.org.br\/?p=46347#primaryimage\"},\"thumbnailUrl\":\"https:\/\/rioonwatch.org.br\/wp-content\/uploads\/2020\/04\/favela-do-ac\u0327o-1.jpg\",\"datePublished\":\"2020-04-08T11:00:09+00:00\",\"dateModified\":\"2025-08-29T11:47:53+00:00\",\"breadcrumb\":{\"@id\":\"https:\/\/rioonwatch.org.br\/?p=46347#breadcrumb\"},\"inLanguage\":\"pt-BR\",\"potentialAction\":[{\"@type\":\"ReadAction\",\"target\":[\"https:\/\/rioonwatch.org.br\/?p=46347\"]}]},{\"@type\":\"ImageObject\",\"inLanguage\":\"pt-BR\",\"@id\":\"https:\/\/rioonwatch.org.br\/?p=46347#primaryimage\",\"url\":\"https:\/\/rioonwatch.org.br\/wp-content\/uploads\/2020\/04\/favela-do-ac\u0327o-1.jpg\",\"contentUrl\":\"https:\/\/rioonwatch.org.br\/wp-content\/uploads\/2020\/04\/favela-do-ac\u0327o-1.jpg\",\"width\":960,\"height\":1280,\"caption\":\"Moanan Couto (20) e Ingrid Botelho (21) gr\u00e1vida de 7 meses e m\u00e3e sola de duas crian\u00e7as. Foto: Moana Couto e Rayane Marques\"},{\"@type\":\"BreadcrumbList\",\"@id\":\"https:\/\/rioonwatch.org.br\/?p=46347#breadcrumb\",\"itemListElement\":[{\"@type\":\"ListItem\",\"position\":1,\"name\":\"In\u00edcio\",\"item\":\"https:\/\/rioonwatch.org.br\/\"},{\"@type\":\"ListItem\",\"position\":2,\"name\":\"Coronav\u00edrus no Dia a Dia das Favelas, Parte 3: A Resist\u00eancia da Favela do A\u00e7o, em Santa Cruz, Frente ao Desafio\"}]},{\"@type\":\"WebSite\",\"@id\":\"https:\/\/rioonwatch.org.br\/#website\",\"url\":\"https:\/\/rioonwatch.org.br\/\",\"name\":\"RioOnWatch\",\"description\":\"relatos das favelas cariocas\",\"publisher\":{\"@id\":\"https:\/\/rioonwatch.org.br\/#organization\"},\"potentialAction\":[{\"@type\":\"SearchAction\",\"target\":{\"@type\":\"EntryPoint\",\"urlTemplate\":\"https:\/\/rioonwatch.org.br\/?s={search_term_string}\"},\"query-input\":{\"@type\":\"PropertyValueSpecification\",\"valueRequired\":true,\"valueName\":\"search_term_string\"}}],\"inLanguage\":\"pt-BR\"},{\"@type\":\"Organization\",\"@id\":\"https:\/\/rioonwatch.org.br\/#organization\",\"name\":\"RioOnWatch\",\"url\":\"https:\/\/rioonwatch.org.br\/\",\"logo\":{\"@type\":\"ImageObject\",\"inLanguage\":\"pt-BR\",\"@id\":\"https:\/\/rioonwatch.org.br\/#\/schema\/logo\/image\/\",\"url\":\"https:\/\/rioonwatch.org.br\/wp-content\/uploads\/2021\/06\/RioOnWatchcabecalhoPT11anos-2.png\",\"contentUrl\":\"https:\/\/rioonwatch.org.br\/wp-content\/uploads\/2021\/06\/RioOnWatchcabecalhoPT11anos-2.png\",\"width\":779,\"height\":277,\"caption\":\"RioOnWatch\"},\"image\":{\"@id\":\"https:\/\/rioonwatch.org.br\/#\/schema\/logo\/image\/\"}},{\"@type\":\"Person\",\"@id\":\"https:\/\/rioonwatch.org.br\/#\/schema\/person\/f443c6b55bb6e80842280318076491c5\",\"name\":\"Luisa Fenizola\",\"image\":{\"@type\":\"ImageObject\",\"inLanguage\":\"pt-BR\",\"@id\":\"https:\/\/rioonwatch.org.br\/#\/schema\/person\/image\/\",\"url\":\"https:\/\/secure.gravatar.com\/avatar\/a3d551110162b9f876cbbdaaecf75663?s=96&d=blank&r=g\",\"contentUrl\":\"https:\/\/secure.gravatar.com\/avatar\/a3d551110162b9f876cbbdaaecf75663?s=96&d=blank&r=g\",\"caption\":\"Luisa Fenizola\"},\"url\":\"https:\/\/rioonwatch.org.br\/?author=152\"}]}<\/script>\n<!-- \/ Yoast SEO plugin. -->","yoast_head_json":{"title":"Coronav\u00edrus no Dia a Dia das Favelas, Parte 3: A Resist\u00eancia da Favela do A\u00e7o, em Santa Cruz, Frente ao Desafio - RioOnWatch","robots":{"index":"index","follow":"follow","max-snippet":"max-snippet:-1","max-image-preview":"max-image-preview:large","max-video-preview":"max-video-preview:-1"},"canonical":"https:\/\/rioonwatch.org.br\/?p=46347","og_locale":"pt_BR","og_type":"article","og_title":"Coronav\u00edrus no Dia a Dia das Favelas, Parte 3: A Resist\u00eancia da Favela do A\u00e7o, em Santa Cruz, Frente ao Desafio - RioOnWatch","og_description":"Click Here for English Essa mat\u00e9ria oriunda da Favela do A\u00e7o, \u00e9 a terceira de uma s\u00e9rie sobre o impacto da pandemia do coronav\u00edrus no dia a dia das favelas, em parceria com o Centro [...]","og_url":"https:\/\/rioonwatch.org.br\/?p=46347","og_site_name":"RioOnWatch","article_published_time":"2020-04-08T11:00:09+00:00","article_modified_time":"2025-08-29T11:47:53+00:00","og_image":[{"width":960,"height":1280,"url":"https:\/\/rioonwatch.org.br\/wp-content\/uploads\/2020\/04\/favela-do-ac\u0327o-1.jpg","type":"image\/jpeg"}],"author":"Luisa Fenizola","twitter_card":"summary_large_image","twitter_misc":{"Escrito por":"Luisa Fenizola","Est. tempo de leitura":"5 minutos"},"schema":{"@context":"https:\/\/schema.org","@graph":[{"@type":"Article","@id":"https:\/\/rioonwatch.org.br\/?p=46347#article","isPartOf":{"@id":"https:\/\/rioonwatch.org.br\/?p=46347"},"author":{"name":"Luisa Fenizola","@id":"https:\/\/rioonwatch.org.br\/#\/schema\/person\/f443c6b55bb6e80842280318076491c5"},"headline":"Coronav\u00edrus no Dia a Dia das Favelas, Parte 3: A Resist\u00eancia da Favela do A\u00e7o, em Santa Cruz, Frente ao Desafio","datePublished":"2020-04-08T11:00:09+00:00","dateModified":"2025-08-29T11:47:53+00:00","mainEntityOfPage":{"@id":"https:\/\/rioonwatch.org.br\/?p=46347"},"wordCount":1002,"publisher":{"@id":"https:\/\/rioonwatch.org.br\/#organization"},"image":{"@id":"https:\/\/rioonwatch.org.br\/?p=46347#primaryimage"},"thumbnailUrl":"https:\/\/rioonwatch.org.br\/wp-content\/uploads\/2020\/04\/favela-do-ac\u0327o-1.jpg","keywords":["Barra da Tijuca","Bolsa Fam\u00edlia","Cesar\u00e3o","coleta de lixo","constitui\u00e7\u00e3o","coronav\u00edrus","economia informal","esgoto","Favela do A\u00e7o\/Vila Paci\u00eancia","informalidade","Inseguran\u00e7a alimentar","Neglig\u00eancia do Estado","pol\u00edticas p\u00fablicas","PUC","Racismo ambiental","Recreio dos Bandeirantes","saneamento","Santa Cruz","sentimento de pertencimento","S\u00e9rie","S\u00e9rie: Covid-19 no Dia a Dia das Favelas","sociedade civil","solidariedade","solu\u00e7\u00e3o comunit\u00e1ria","terceira idade","UERJ","Vila Paci\u00eancia","Zona Oeste","Zona Sul"],"articleSection":["#Covid19NasFavelas","*Destaque","Den\u00fancias","Escrito por Comunicadores Populares","Formas de Apoiar","Sociedade Civil"],"inLanguage":"pt-BR"},{"@type":"WebPage","@id":"https:\/\/rioonwatch.org.br\/?p=46347","url":"https:\/\/rioonwatch.org.br\/?p=46347","name":"Coronav\u00edrus no Dia a Dia das Favelas, Parte 3: A Resist\u00eancia da Favela do A\u00e7o, em Santa Cruz, Frente ao Desafio - RioOnWatch","isPartOf":{"@id":"https:\/\/rioonwatch.org.br\/#website"},"primaryImageOfPage":{"@id":"https:\/\/rioonwatch.org.br\/?p=46347#primaryimage"},"image":{"@id":"https:\/\/rioonwatch.org.br\/?p=46347#primaryimage"},"thumbnailUrl":"https:\/\/rioonwatch.org.br\/wp-content\/uploads\/2020\/04\/favela-do-ac\u0327o-1.jpg","datePublished":"2020-04-08T11:00:09+00:00","dateModified":"2025-08-29T11:47:53+00:00","breadcrumb":{"@id":"https:\/\/rioonwatch.org.br\/?p=46347#breadcrumb"},"inLanguage":"pt-BR","potentialAction":[{"@type":"ReadAction","target":["https:\/\/rioonwatch.org.br\/?p=46347"]}]},{"@type":"ImageObject","inLanguage":"pt-BR","@id":"https:\/\/rioonwatch.org.br\/?p=46347#primaryimage","url":"https:\/\/rioonwatch.org.br\/wp-content\/uploads\/2020\/04\/favela-do-ac\u0327o-1.jpg","contentUrl":"https:\/\/rioonwatch.org.br\/wp-content\/uploads\/2020\/04\/favela-do-ac\u0327o-1.jpg","width":960,"height":1280,"caption":"Moanan Couto (20) e Ingrid Botelho (21) gr\u00e1vida de 7 meses e m\u00e3e sola de duas crian\u00e7as. Foto: Moana Couto e Rayane Marques"},{"@type":"BreadcrumbList","@id":"https:\/\/rioonwatch.org.br\/?p=46347#breadcrumb","itemListElement":[{"@type":"ListItem","position":1,"name":"In\u00edcio","item":"https:\/\/rioonwatch.org.br\/"},{"@type":"ListItem","position":2,"name":"Coronav\u00edrus no Dia a Dia das Favelas, Parte 3: A Resist\u00eancia da Favela do A\u00e7o, em Santa Cruz, Frente ao Desafio"}]},{"@type":"WebSite","@id":"https:\/\/rioonwatch.org.br\/#website","url":"https:\/\/rioonwatch.org.br\/","name":"RioOnWatch","description":"relatos das favelas cariocas","publisher":{"@id":"https:\/\/rioonwatch.org.br\/#organization"},"potentialAction":[{"@type":"SearchAction","target":{"@type":"EntryPoint","urlTemplate":"https:\/\/rioonwatch.org.br\/?s={search_term_string}"},"query-input":{"@type":"PropertyValueSpecification","valueRequired":true,"valueName":"search_term_string"}}],"inLanguage":"pt-BR"},{"@type":"Organization","@id":"https:\/\/rioonwatch.org.br\/#organization","name":"RioOnWatch","url":"https:\/\/rioonwatch.org.br\/","logo":{"@type":"ImageObject","inLanguage":"pt-BR","@id":"https:\/\/rioonwatch.org.br\/#\/schema\/logo\/image\/","url":"https:\/\/rioonwatch.org.br\/wp-content\/uploads\/2021\/06\/RioOnWatchcabecalhoPT11anos-2.png","contentUrl":"https:\/\/rioonwatch.org.br\/wp-content\/uploads\/2021\/06\/RioOnWatchcabecalhoPT11anos-2.png","width":779,"height":277,"caption":"RioOnWatch"},"image":{"@id":"https:\/\/rioonwatch.org.br\/#\/schema\/logo\/image\/"}},{"@type":"Person","@id":"https:\/\/rioonwatch.org.br\/#\/schema\/person\/f443c6b55bb6e80842280318076491c5","name":"Luisa Fenizola","image":{"@type":"ImageObject","inLanguage":"pt-BR","@id":"https:\/\/rioonwatch.org.br\/#\/schema\/person\/image\/","url":"https:\/\/secure.gravatar.com\/avatar\/a3d551110162b9f876cbbdaaecf75663?s=96&d=blank&r=g","contentUrl":"https:\/\/secure.gravatar.com\/avatar\/a3d551110162b9f876cbbdaaecf75663?s=96&d=blank&r=g","caption":"Luisa Fenizola"},"url":"https:\/\/rioonwatch.org.br\/?author=152"}]}},"_links":{"self":[{"href":"https:\/\/rioonwatch.org.br\/index.php?rest_route=\/wp\/v2\/posts\/46347"}],"collection":[{"href":"https:\/\/rioonwatch.org.br\/index.php?rest_route=\/wp\/v2\/posts"}],"about":[{"href":"https:\/\/rioonwatch.org.br\/index.php?rest_route=\/wp\/v2\/types\/post"}],"author":[{"embeddable":true,"href":"https:\/\/rioonwatch.org.br\/index.php?rest_route=\/wp\/v2\/users\/152"}],"replies":[{"embeddable":true,"href":"https:\/\/rioonwatch.org.br\/index.php?rest_route=%2Fwp%2Fv2%2Fcomments&post=46347"}],"version-history":[{"count":30,"href":"https:\/\/rioonwatch.org.br\/index.php?rest_route=\/wp\/v2\/posts\/46347\/revisions"}],"predecessor-version":[{"id":46904,"href":"https:\/\/rioonwatch.org.br\/index.php?rest_route=\/wp\/v2\/posts\/46347\/revisions\/46904"}],"wp:featuredmedia":[{"embeddable":true,"href":"https:\/\/rioonwatch.org.br\/index.php?rest_route=\/wp\/v2\/media\/46384"}],"wp:attachment":[{"href":"https:\/\/rioonwatch.org.br\/index.php?rest_route=%2Fwp%2Fv2%2Fmedia&parent=46347"}],"wp:term":[{"taxonomy":"category","embeddable":true,"href":"https:\/\/rioonwatch.org.br\/index.php?rest_route=%2Fwp%2Fv2%2Fcategories&post=46347"},{"taxonomy":"post_tag","embeddable":true,"href":"https:\/\/rioonwatch.org.br\/index.php?rest_route=%2Fwp%2Fv2%2Ftags&post=46347"},{"taxonomy":"writer","embeddable":true,"href":"https:\/\/rioonwatch.org.br\/index.php?rest_route=%2Fwp%2Fv2%2Fwriter&post=46347"},{"taxonomy":"translator","embeddable":true,"href":"https:\/\/rioonwatch.org.br\/index.php?rest_route=%2Fwp%2Fv2%2Ftranslator&post=46347"},{"taxonomy":"source","embeddable":true,"href":"https:\/\/rioonwatch.org.br\/index.php?rest_route=%2Fwp%2Fv2%2Fsource&post=46347"},{"taxonomy":"ilustrador","embeddable":true,"href":"https:\/\/rioonwatch.org.br\/index.php?rest_route=%2Fwp%2Fv2%2Filustrador&post=46347"},{"taxonomy":"fotografo","embeddable":true,"href":"https:\/\/rioonwatch.org.br\/index.php?rest_route=%2Fwp%2Fv2%2Ffotografo&post=46347"}],"curies":[{"name":"wp","href":"https:\/\/api.w.org\/{rel}","templated":true}]}}