{"id":46393,"date":"2020-04-11T15:39:22","date_gmt":"2020-04-11T18:39:22","guid":{"rendered":"https:\/\/rioonwatch.org.br\/?p=46393"},"modified":"2020-04-24T22:33:52","modified_gmt":"2020-04-25T01:33:52","slug":"coronavirus-no-dia-a-dia-das-favelas-parte-4-vidigal-por-conta-propria-nao-perde-a-esperanca","status":"publish","type":"post","link":"https:\/\/rioonwatch.org.br\/?p=46393","title":{"rendered":"Coronav\u00edrus no Dia a Dia das Favelas, Parte 4: Vidigal Por Conta Pr\u00f3pria N\u00e3o Perde a Esperan\u00e7a"},"content":{"rendered":"<p style=\"text-align: right;\"><em><strong><a href=\"https:\/\/bit.ly\/3aysl91\" target=\"_blank\" rel=\"noopener noreferrer\">Click Here for English<\/a><a href=\"https:\/\/bit.ly\/3aysl91\" target=\"_blank\" rel=\"noopener noreferrer\"><img decoding=\"async\" width=\"20\" height=\"20\" class=\"alignright wp-image-15790\" src=\"http:\/\/rioonwatch.org.br\/wp-content\/uploads\/2012\/08\/EN-standard-e1439583104716.jpg\" \/><\/a><\/strong><\/em><\/p>\n<p><em><a href=\"https:\/\/rioonwatch.org.br\/wp-content\/uploads\/2019\/08\/SDSU.png\" rel=\"prettyPhoto\"><img decoding=\"async\" class=\"wp-image-42675 alignright\" src=\"https:\/\/rioonwatch.org.br\/wp-content\/uploads\/2019\/08\/SDSU.png\" sizes=\"(max-width: 200px) 100vw, 200px\" srcset=\"https:\/\/rioonwatch.org.br\/wp-content\/uploads\/2019\/08\/SDSU.png 1934w, https:\/\/rioonwatch.org.br\/wp-content\/uploads\/2019\/08\/SDSU-620x211.png 620w, https:\/\/rioonwatch.org.br\/wp-content\/uploads\/2019\/08\/SDSU-768x261.png 768w, https:\/\/rioonwatch.org.br\/wp-content\/uploads\/2019\/08\/SDSU-1024x348.png 1024w\" alt=\"\" width=\"200\" height=\"68\" \/><\/a><i><\/i><\/em><\/p>\n<p><em><strong>Essa mat\u00e9ria oriunda do Vidigal, \u00e9 a quarta de uma <a href=\"https:\/\/bit.ly\/2wRgF3t\" target=\"_blank\" rel=\"noopener noreferrer\">s\u00e9rie sobre o impacto da pandemia do coronav\u00edrus no dia a dia das favelas<\/a>, em parceria com o Centro Behner Stiefel de Estudos Brasileiros da Universidade Estadual de San Diego<\/strong>.\u00a0<\/em><\/p>\n<p><span style=\"font-weight: 400;\">Estamos por conta pr\u00f3pria! \u00c9 assim que a gente que mora na favela se sente frente a mais esse desafio de sobreviv\u00eancia. <\/span><span style=\"font-weight: 400;\">Quem mora em favela no Rio de Janeiro j\u00e1 enfrenta cotidianamente o medo de perder a pr\u00f3pria vida ou a de algum familiar, por causa das opera\u00e7\u00f5es policiais. Agora, com essa nova realidade da pandemia, nos sentimos mais desassistidos do que nunca.\u00a0<\/span><\/p>\n<p><span style=\"font-weight: 400;\">Do dia para noite perdemos a rua, de onde grande parte da popula\u00e7\u00e3o informal e moradora de favela tira o seu sustento. N\u00f3s fomos obrigados a nos isolar em nossas casas e aguardar quais medidas de seguran\u00e7a social os governantes ir\u00e3o nos destinar. Mas o que podemos esperar dos mesmos governantes que at\u00e9 ontem brincavam de <a href=\"http:\/\/bit.ly\/2Wy3gJj\" target=\"_blank\" rel=\"noopener noreferrer\">tiro ao alvo contra moradores de favelas<\/a>, desmontavam o <a href=\"http:\/\/bit.ly\/2JEcfk5\" target=\"_blank\" rel=\"noopener noreferrer\">SUS<\/a> e atentavam contra a CLT? \u00c9 neles que devemos depositar nossas esperan\u00e7as de receber um bote salva vidas?<\/span><\/p>\n<h3>O Dia a Dia no Vidigal<\/h3>\n<p><span style=\"font-weight: 400;\">Moro no <a href=\"http:\/\/bit.ly\/2xCoB59\" target=\"_blank\" rel=\"noopener noreferrer\">Vidigal<\/a>, na <a href=\"http:\/\/bit.ly\/2x1yXvl\" target=\"_blank\" rel=\"noopener noreferrer\">Zona Sul<\/a>, e desde dos primeiros dias da quarentena, tenho visto que muitos moradores n\u00e3o est\u00e3o cumprindo o isolamento. \u00c9 como se o perigo estivesse l\u00e1 fora, no asfalto, aonde o Estado concentra seus esfor\u00e7os para isolar as pessoas socialmente. O com\u00e9rcio tem funcionado, pessoas se encontram nas ruas ou nas lajes para socializar e muitos que trabalham dentro da comunidade continuam a vida normalmente. Por outro lado, tamb\u00e9m tenho testemunhado lideran\u00e7as se esfor\u00e7ando para conscientizar os moradores sobre a necessidade de cumprir a quarentena, os alarmes da <a href=\"https:\/\/bit.ly\/2JP9eN3\" target=\"_blank\" rel=\"noopener noreferrer\">Defesa Civil<\/a> que tocam a todo momento lembrando \u00e0s pessoas da import\u00e2ncia do isolamento e os agentes da <a href=\"http:\/\/bit.ly\/2PhF62h\" target=\"_blank\" rel=\"noopener noreferrer\">Cl\u00ednica da Fam\u00edlia<\/a> levando informa\u00e7\u00f5es sobre os cuidados de higiene. N\u00f3s estamos entre o <a href=\"https:\/\/bit.ly\/2JSioYZ\" target=\"_blank\" rel=\"noopener noreferrer\">Leblon<\/a> e a <a href=\"https:\/\/bit.ly\/2UVrwlZ\" target=\"_blank\" rel=\"noopener noreferrer\">Barra da Tijuca<\/a>, os bairros com mais casos de <a href=\"https:\/\/bit.ly\/2QZjDJI\" target=\"_blank\" rel=\"noopener noreferrer\">Covid-19<\/a> e j\u00e1 <a href=\"https:\/\/bit.ly\/2RakkAb\" target=\"_blank\" rel=\"noopener noreferrer\">h\u00e1 um caso confirmado<\/a> aqui. Acho que isso est\u00e1 fazendo as pessoas se tocarem que o risco \u00e9 s\u00e9rio e entenderem a necessidade da prote\u00e7\u00e3o.<b><br \/>\n<\/b><\/span><\/p>\n<p><span style=\"font-weight: 400;\">Agora j\u00e1 s\u00e3o mais de vinte dias da indica\u00e7\u00e3o de isolamento e o estresse psicol\u00f3gico bate na cabe\u00e7a de quem precisa sustentar sua fam\u00edlia. <\/span><span style=\"font-weight: 400;\">Aqui no Vidigal, uma cena in\u00e9dita que se repete, \u00e9 ver os corredores do supermercado vazios com as prateleiras abastecidas, mas o povo j\u00e1 est\u00e1 sem dinheiro no bolso para comprar mantimentos. <\/span><span style=\"font-weight: 400;\">Enquanto isso, aguardamos angustiados o <a href=\"https:\/\/glo.bo\/2x2v1hx\" target=\"_blank\" rel=\"noopener noreferrer\">voucher de R$600<\/a> para auxiliar a popula\u00e7\u00e3o mais pobre que vive na informalidade. Um dia a mais sem comer \u00e9 um dia de desespero para quem precisa alimentar os filhos. <\/span><span style=\"font-weight: 400;\">As pessoas sabem que, se n\u00e3o morrerem de coronav\u00edrus, morrer\u00e3o de fome.\u00a0<\/span><\/p>\n<p style=\"text-align: center;\"><a href=\"https:\/\/rioonwatch.org.br\/wp-content\/uploads\/2020\/04\/foto-1-Vidigal.jpg\"><img fetchpriority=\"high\" decoding=\"async\" class=\"aligncenter wp-image-46455 size-medium\" title=\"Luciano o \u201cCuca\u201d, da Rede de Comunidades e Movimentos Contra Viol\u00eancia, leva esperan\u00e7a em forma de mantimentos para moradores do Vidigal. Foto da p\u00e1gina da Rede de Comunidades e Movimentos Contra Viol\u00eancia no Facebook\" src=\"https:\/\/rioonwatch.org.br\/wp-content\/uploads\/2020\/04\/foto-1-Vidigal-620x465.jpg\" alt=\"\" width=\"620\" height=\"465\" srcset=\"https:\/\/rioonwatch.org.br\/wp-content\/uploads\/2020\/04\/foto-1-Vidigal-620x465.jpg 620w, https:\/\/rioonwatch.org.br\/wp-content\/uploads\/2020\/04\/foto-1-Vidigal-352x264.jpg 352w, https:\/\/rioonwatch.org.br\/wp-content\/uploads\/2020\/04\/foto-1-Vidigal-768x576.jpg 768w, https:\/\/rioonwatch.org.br\/wp-content\/uploads\/2020\/04\/foto-1-Vidigal.jpg 1024w, https:\/\/rioonwatch.org.br\/wp-content\/uploads\/2020\/04\/foto-1-Vidigal-174x131.jpg 174w, https:\/\/rioonwatch.org.br\/wp-content\/uploads\/2020\/04\/foto-1-Vidigal-300x225.jpg 300w, https:\/\/rioonwatch.org.br\/wp-content\/uploads\/2020\/04\/foto-1-Vidigal-70x53.jpg 70w\" sizes=\"(max-width: 620px) 100vw, 620px\" \/><\/a><\/p>\n<h3>Solidariedade Comunit\u00e1ria e Esperan\u00e7a<\/h3>\n<p><span style=\"font-weight: 400;\">Ao ver essa situa\u00e7\u00e3o, diferentes setores da sociedade come\u00e7aram a se mobilizar de forma independente para ajudar os mais vulner\u00e1veis, <a href=\"https:\/\/bit.ly\/2wzR0fx\" target=\"_blank\" rel=\"noopener noreferrer\">organizando vaquinhas ou recolhendo doa\u00e7\u00f5es<\/a>. <\/span><span style=\"font-weight: 400;\">\u00c9 o caso da <a href=\"http:\/\/bit.ly\/2vFxOw9\" target=\"_blank\" rel=\"noopener noreferrer\">Rede de Comunidades e Movimentos Contra Viol\u00eancia<\/a>, que organizou a campanha <a href=\"https:\/\/bit.ly\/3c1feOF\" target=\"_blank\" rel=\"noopener noreferrer\">Doando Esperan\u00e7a<\/a>, com uma <a href=\"https:\/\/bit.ly\/3c1Bech\" target=\"_blank\" rel=\"noopener noreferrer\">vaquinha<\/a> para arrecadar recursos e auxiliar m\u00e3es e familiares de v\u00edtimas de viol\u00eancia policial, de pessoas privadas de liberdade e moradores de favelas.\u00a0<\/span><span style=\"font-weight: 400;\">Trata-se, em geral, de fam\u00edlias chefiadas por mulheres, que em muitos casos est\u00e3o desempregadas, vivem de bicos ou s\u00e3o aut\u00f4nomas e est\u00e3o impossibilitadas de trabalharem por conta da pandemia do coronav\u00edrus.\u00a0<\/span><\/p>\n<p><span style=\"font-weight: 400;\">Iniciativas como essa precisam ganhar visibilidade, porque \u00e9 um corre que salva a vida das pessoas. <\/span><span style=\"font-weight: 400;\">Doando Esperan\u00e7a j\u00e1 levou cestas b\u00e1sicas e kits de higiene para mais de 150 fam\u00edlias em diferentes favelas da cidade. <\/span><span style=\"font-weight: 400;\">A campanha espera que mais pessoas se juntem a essa iniciativa porque h\u00e1 fam\u00edlias na fila aguardando ajuda.\u00a0<\/span><\/p>\n<p><span style=\"font-weight: 400;\">Quem sente na pele \u00e9 quem sabe. Em sua grande maioria, quem est\u00e1 no front, da iniciativa da Rede de Comunidades e Movimentos Contra Viol\u00eancia, s\u00e3o familiares de v\u00edtimas da viol\u00eancia do Estado, mulheres negras, moradoras de favelas e bairros perif\u00e9ricos. Al\u00e9m de organizarem campanhas para doa\u00e7\u00e3o de cestas b\u00e1sicas para quem mais precisa, essas mulheres est\u00e3o vinculadas \u00e0s comunidades e s\u00e3o pe\u00e7as fundamentais para orientar as fam\u00edlias sobre as recomenda\u00e7\u00f5es de isolamento e higiene para conter a pandemia.<\/span><\/p>\n<p><span style=\"font-weight: 400;\">No dia 30 de mar\u00e7o, uma cesta da campanha Doando Esperan\u00e7a chegou na minha casa e foi recebida com alento. Nesses tempos t\u00e3o sombrios, essa rede de solidariedade comunit\u00e1ria n\u00e3o nos alimenta apenas materialmente, mas tamb\u00e9m nos alimenta espiritualmente. \u00c9 reconfortante saber que, mesmo isolados, n\u00e3o estamos sozinhos. <\/span>Desde do in\u00edcio da quarentena <a href=\"https:\/\/bit.ly\/2wzR0fx\" target=\"_blank\" rel=\"noopener noreferrer\">muitas iniciativas est\u00e3o surgindo<\/a> para arrecadar doa\u00e7\u00f5es para fam\u00edlias que precisam. Aqui no Vidigal um supermercado est\u00e1 pedindo ajuda aos clientes para doar alimentos \u00e0s fam\u00edlias mais necessitadas.<\/p>\n<p><a href=\"https:\/\/rioonwatch.org.br\/wp-content\/uploads\/2020\/04\/foto-10-estrada-do-pica-pau-muzema.jpg\"><img loading=\"lazy\" decoding=\"async\" class=\"aligncenter wp-image-46456 size-content\" title=\"Luciano o \u201cCuca\u201d, da Rede de Comunidades e Movimentos Contra Viol\u00eancia, leva esperan\u00e7a em forma de mantimentos para moradores de Muzema, na Zona Oeste. Foto da p\u00e1gina da Rede de Comunidades e Movimentos Contra Viol\u00eancia no Facebook\" src=\"https:\/\/rioonwatch.org.br\/wp-content\/uploads\/2020\/04\/foto-10-estrada-do-pica-pau-muzema-620x264.jpg\" alt=\"\" width=\"620\" height=\"264\" \/><\/a><\/p>\n<p><span style=\"font-weight: 400;\">\u00c9 em meio ao horror que vemos florescer demonstra\u00e7\u00f5es t\u00e3o bonitas de amor ao pr\u00f3ximo e respeito \u00e0 vida. Eu acredito que o Brasil vai enfrentar o coronav\u00edrus, eu acredito na for\u00e7a dos moradores de favela. \u00c9 o melhor que n\u00f3s temos!<\/span><\/p>\n<h4><strong><a href=\"http:\/\/bit.ly\/doandoesperanca\" target=\"_blank\" rel=\"noopener noreferrer\">Clique para fazer uma doa\u00e7\u00e3o para a campanha Doando Esperan\u00e7a que est\u00e1 distribuindo doa\u00e7\u00f5es para in\u00fameras favelas do Rio<\/a>.\u00a0<\/strong><\/h4>\n<p><em>Rachel Gepp, 36, \u00e9 trabalhadora aut\u00f4noma, m\u00e3e, comunicadora, e moradora do Vidigal. Rachel \u00e9 defensora de direitos humanos e militante contra viol\u00eancia do Estado nos territ\u00f3rios de favela, no Rio de Janeiro. Ela usa a fotografia e a comunica\u00e7\u00e3o como ferramentas para divulgar uma narrativa pela \u00f3tica de quem vivencia o que acontece dentro do territ\u00f3rio.<\/em><img decoding=\"async\" class=\"ajT\" src=\"https:\/\/ssl.gstatic.com\/ui\/v1\/icons\/mail\/images\/cleardot.gif\" \/><\/p>\n<!-- AddThis Advanced Settings generic via filter on the_content --><!-- AddThis Share Buttons generic via filter on the_content -->","protected":false},"excerpt":{"rendered":"<div class=\"mh-excerpt\"><p>Click Here for English Essa mat\u00e9ria oriunda do Vidigal, \u00e9 a quarta de uma s\u00e9rie sobre o impacto da pandemia do coronav\u00edrus no dia a dia das favelas, em parceria com o Centro Behner Stiefel <a class=\"mh-excerpt-more\" href=\"https:\/\/rioonwatch.org.br\/?p=46393\" title=\"Coronav\u00edrus no Dia a Dia das Favelas, Parte 4: Vidigal Por Conta Pr\u00f3pria N\u00e3o Perde a Esperan\u00e7a\">[&#8230;]<\/a><!-- AddThis Advanced Settings generic via filter on get_the_excerpt --><!-- AddThis Share Buttons generic via filter on get_the_excerpt --><\/p>\n<\/div>","protected":false},"author":129,"featured_media":46417,"comment_status":"closed","ping_status":"closed","sticky":false,"template":"","format":"standard","meta":{"_acf_changed":false,"_monsterinsights_skip_tracking":false,"_monsterinsights_sitenote_active":false,"_monsterinsights_sitenote_note":"","_monsterinsights_sitenote_category":0,"footnotes":""},"categories":[2753,1625,1388],"tags":[274,750,2625,2343,42,932,358,838,283,294,2289,2759,380,782,354,920,383],"writer":[2771],"translator":[],"source":[],"ilustrador":[],"fotografo":[],"class_list":{"0":"post-46393","1":"post","2":"type-post","3":"status-publish","4":"format-standard","5":"has-post-thumbnail","7":"category-covid19nasfavelas","8":"category-por-correspondentes-comunitarios","9":"category-formas-de-apoiar","10":"tag-barra-da-tijuca","11":"tag-clinica-da-familia","12":"tag-defesa-civil","13":"tag-economia-informal","14":"tag-genero","15":"tag-leblon","16":"tag-organizacao-comunitaria","17":"tag-politica-publica","18":"tag-rede-contra-violencia","19":"tag-saude","20":"tag-serie","21":"tag-serie-covid-19-no-dia-a-dia-das-favelas","22":"tag-solidariedade","23":"tag-sus","24":"tag-vidigal","25":"tag-violencia-de-estado","26":"tag-zona-sul","27":"writer-rachel-gepp"},"acf":[],"yoast_head":"<!-- This site is optimized with the Yoast SEO plugin v25.6 - https:\/\/yoast.com\/wordpress\/plugins\/seo\/ -->\n<title>Coronav\u00edrus no Dia a Dia das Favelas, Parte 4: Vidigal Por Conta Pr\u00f3pria N\u00e3o Perde a Esperan\u00e7a - RioOnWatch<\/title>\n<meta name=\"robots\" content=\"index, follow, max-snippet:-1, max-image-preview:large, max-video-preview:-1\" \/>\n<link rel=\"canonical\" href=\"https:\/\/rioonwatch.org.br\/?p=46393\" \/>\n<meta property=\"og:locale\" content=\"pt_BR\" \/>\n<meta property=\"og:type\" content=\"article\" \/>\n<meta property=\"og:title\" content=\"Coronav\u00edrus no Dia a Dia das Favelas, Parte 4: Vidigal Por Conta Pr\u00f3pria N\u00e3o Perde a Esperan\u00e7a - RioOnWatch\" \/>\n<meta property=\"og:description\" content=\"Click Here for English Essa mat\u00e9ria oriunda do Vidigal, \u00e9 a quarta de uma s\u00e9rie sobre o impacto da pandemia do coronav\u00edrus no dia a dia das favelas, em parceria com o Centro Behner Stiefel [...]\" \/>\n<meta property=\"og:url\" content=\"https:\/\/rioonwatch.org.br\/?p=46393\" \/>\n<meta property=\"og:site_name\" content=\"RioOnWatch\" \/>\n<meta property=\"article:published_time\" content=\"2020-04-11T18:39:22+00:00\" \/>\n<meta property=\"article:modified_time\" content=\"2020-04-25T01:33:52+00:00\" \/>\n<meta property=\"og:image\" content=\"https:\/\/rioonwatch.org.br\/wp-content\/uploads\/2020\/04\/No-Vidigal-fila-na-Lot\u00e9ria-com-dist\u00e2ncia-entre-as-pessoas..jpg\" \/>\n\t<meta property=\"og:image:width\" content=\"960\" \/>\n\t<meta property=\"og:image:height\" content=\"720\" \/>\n\t<meta property=\"og:image:type\" content=\"image\/jpeg\" \/>\n<meta name=\"author\" content=\"Admin\" \/>\n<meta name=\"twitter:card\" content=\"summary_large_image\" \/>\n<meta name=\"twitter:label1\" content=\"Escrito por\" \/>\n\t<meta name=\"twitter:data1\" content=\"Admin\" \/>\n\t<meta name=\"twitter:label2\" content=\"Est. tempo de leitura\" \/>\n\t<meta name=\"twitter:data2\" content=\"5 minutos\" \/>\n<script type=\"application\/ld+json\" class=\"yoast-schema-graph\">{\"@context\":\"https:\/\/schema.org\",\"@graph\":[{\"@type\":\"Article\",\"@id\":\"https:\/\/rioonwatch.org.br\/?p=46393#article\",\"isPartOf\":{\"@id\":\"https:\/\/rioonwatch.org.br\/?p=46393\"},\"author\":{\"name\":\"Admin\",\"@id\":\"https:\/\/rioonwatch.org.br\/#\/schema\/person\/11d64c290506f9df50c71b850c473f68\"},\"headline\":\"Coronav\u00edrus no Dia a Dia das Favelas, Parte 4: Vidigal Por Conta Pr\u00f3pria N\u00e3o Perde a Esperan\u00e7a\",\"datePublished\":\"2020-04-11T18:39:22+00:00\",\"dateModified\":\"2020-04-25T01:33:52+00:00\",\"mainEntityOfPage\":{\"@id\":\"https:\/\/rioonwatch.org.br\/?p=46393\"},\"wordCount\":997,\"publisher\":{\"@id\":\"https:\/\/rioonwatch.org.br\/#organization\"},\"image\":{\"@id\":\"https:\/\/rioonwatch.org.br\/?p=46393#primaryimage\"},\"thumbnailUrl\":\"https:\/\/rioonwatch.org.br\/wp-content\/uploads\/2020\/04\/No-Vidigal-fila-na-Lot\u00e9ria-com-dist\u00e2ncia-entre-as-pessoas..jpg\",\"keywords\":[\"Barra da Tijuca\",\"Cl\u00ednica da Fam\u00edlia\",\"Defesa Civil\",\"economia informal\",\"g\u00eanero\",\"Leblon\",\"organiza\u00e7\u00e3o comunit\u00e1ria\",\"pol\u00edtica p\u00fablica\",\"Rede Contra Viol\u00eancia\",\"sa\u00fade\",\"S\u00e9rie\",\"S\u00e9rie: Covid-19 no Dia a Dia das Favelas\",\"solidariedade\",\"SUS\",\"Vidigal\",\"viol\u00eancia de Estado\",\"Zona Sul\"],\"articleSection\":[\"#Covid19NasFavelas\",\"Escrito por Comunicadores Populares\",\"Formas de Apoiar\"],\"inLanguage\":\"pt-BR\"},{\"@type\":\"WebPage\",\"@id\":\"https:\/\/rioonwatch.org.br\/?p=46393\",\"url\":\"https:\/\/rioonwatch.org.br\/?p=46393\",\"name\":\"Coronav\u00edrus no Dia a Dia das Favelas, Parte 4: Vidigal Por Conta Pr\u00f3pria N\u00e3o Perde a Esperan\u00e7a - RioOnWatch\",\"isPartOf\":{\"@id\":\"https:\/\/rioonwatch.org.br\/#website\"},\"primaryImageOfPage\":{\"@id\":\"https:\/\/rioonwatch.org.br\/?p=46393#primaryimage\"},\"image\":{\"@id\":\"https:\/\/rioonwatch.org.br\/?p=46393#primaryimage\"},\"thumbnailUrl\":\"https:\/\/rioonwatch.org.br\/wp-content\/uploads\/2020\/04\/No-Vidigal-fila-na-Lot\u00e9ria-com-dist\u00e2ncia-entre-as-pessoas..jpg\",\"datePublished\":\"2020-04-11T18:39:22+00:00\",\"dateModified\":\"2020-04-25T01:33:52+00:00\",\"breadcrumb\":{\"@id\":\"https:\/\/rioonwatch.org.br\/?p=46393#breadcrumb\"},\"inLanguage\":\"pt-BR\",\"potentialAction\":[{\"@type\":\"ReadAction\",\"target\":[\"https:\/\/rioonwatch.org.br\/?p=46393\"]}]},{\"@type\":\"ImageObject\",\"inLanguage\":\"pt-BR\",\"@id\":\"https:\/\/rioonwatch.org.br\/?p=46393#primaryimage\",\"url\":\"https:\/\/rioonwatch.org.br\/wp-content\/uploads\/2020\/04\/No-Vidigal-fila-na-Lot\u00e9ria-com-dist\u00e2ncia-entre-as-pessoas..jpg\",\"contentUrl\":\"https:\/\/rioonwatch.org.br\/wp-content\/uploads\/2020\/04\/No-Vidigal-fila-na-Lot\u00e9ria-com-dist\u00e2ncia-entre-as-pessoas..jpg\",\"width\":960,\"height\":720},{\"@type\":\"BreadcrumbList\",\"@id\":\"https:\/\/rioonwatch.org.br\/?p=46393#breadcrumb\",\"itemListElement\":[{\"@type\":\"ListItem\",\"position\":1,\"name\":\"In\u00edcio\",\"item\":\"https:\/\/rioonwatch.org.br\/\"},{\"@type\":\"ListItem\",\"position\":2,\"name\":\"Coronav\u00edrus no Dia a Dia das Favelas, Parte 4: Vidigal Por Conta Pr\u00f3pria N\u00e3o Perde a Esperan\u00e7a\"}]},{\"@type\":\"WebSite\",\"@id\":\"https:\/\/rioonwatch.org.br\/#website\",\"url\":\"https:\/\/rioonwatch.org.br\/\",\"name\":\"RioOnWatch\",\"description\":\"relatos das favelas cariocas\",\"publisher\":{\"@id\":\"https:\/\/rioonwatch.org.br\/#organization\"},\"potentialAction\":[{\"@type\":\"SearchAction\",\"target\":{\"@type\":\"EntryPoint\",\"urlTemplate\":\"https:\/\/rioonwatch.org.br\/?s={search_term_string}\"},\"query-input\":{\"@type\":\"PropertyValueSpecification\",\"valueRequired\":true,\"valueName\":\"search_term_string\"}}],\"inLanguage\":\"pt-BR\"},{\"@type\":\"Organization\",\"@id\":\"https:\/\/rioonwatch.org.br\/#organization\",\"name\":\"RioOnWatch\",\"url\":\"https:\/\/rioonwatch.org.br\/\",\"logo\":{\"@type\":\"ImageObject\",\"inLanguage\":\"pt-BR\",\"@id\":\"https:\/\/rioonwatch.org.br\/#\/schema\/logo\/image\/\",\"url\":\"https:\/\/rioonwatch.org.br\/wp-content\/uploads\/2021\/06\/RioOnWatchcabecalhoPT11anos-2.png\",\"contentUrl\":\"https:\/\/rioonwatch.org.br\/wp-content\/uploads\/2021\/06\/RioOnWatchcabecalhoPT11anos-2.png\",\"width\":779,\"height\":277,\"caption\":\"RioOnWatch\"},\"image\":{\"@id\":\"https:\/\/rioonwatch.org.br\/#\/schema\/logo\/image\/\"}},{\"@type\":\"Person\",\"@id\":\"https:\/\/rioonwatch.org.br\/#\/schema\/person\/11d64c290506f9df50c71b850c473f68\",\"name\":\"Admin\",\"image\":{\"@type\":\"ImageObject\",\"inLanguage\":\"pt-BR\",\"@id\":\"https:\/\/rioonwatch.org.br\/#\/schema\/person\/image\/\",\"url\":\"https:\/\/secure.gravatar.com\/avatar\/56211ac74568383903349a1485e3c325?s=96&d=blank&r=g\",\"contentUrl\":\"https:\/\/secure.gravatar.com\/avatar\/56211ac74568383903349a1485e3c325?s=96&d=blank&r=g\",\"caption\":\"Admin\"},\"url\":\"https:\/\/rioonwatch.org.br\/?author=129\"}]}<\/script>\n<!-- \/ Yoast SEO plugin. -->","yoast_head_json":{"title":"Coronav\u00edrus no Dia a Dia das Favelas, Parte 4: Vidigal Por Conta Pr\u00f3pria N\u00e3o Perde a Esperan\u00e7a - RioOnWatch","robots":{"index":"index","follow":"follow","max-snippet":"max-snippet:-1","max-image-preview":"max-image-preview:large","max-video-preview":"max-video-preview:-1"},"canonical":"https:\/\/rioonwatch.org.br\/?p=46393","og_locale":"pt_BR","og_type":"article","og_title":"Coronav\u00edrus no Dia a Dia das Favelas, Parte 4: Vidigal Por Conta Pr\u00f3pria N\u00e3o Perde a Esperan\u00e7a - RioOnWatch","og_description":"Click Here for English Essa mat\u00e9ria oriunda do Vidigal, \u00e9 a quarta de uma s\u00e9rie sobre o impacto da pandemia do coronav\u00edrus no dia a dia das favelas, em parceria com o Centro Behner Stiefel [...]","og_url":"https:\/\/rioonwatch.org.br\/?p=46393","og_site_name":"RioOnWatch","article_published_time":"2020-04-11T18:39:22+00:00","article_modified_time":"2020-04-25T01:33:52+00:00","og_image":[{"width":960,"height":720,"url":"https:\/\/rioonwatch.org.br\/wp-content\/uploads\/2020\/04\/No-Vidigal-fila-na-Lot\u00e9ria-com-dist\u00e2ncia-entre-as-pessoas..jpg","type":"image\/jpeg"}],"author":"Admin","twitter_card":"summary_large_image","twitter_misc":{"Escrito por":"Admin","Est. tempo de leitura":"5 minutos"},"schema":{"@context":"https:\/\/schema.org","@graph":[{"@type":"Article","@id":"https:\/\/rioonwatch.org.br\/?p=46393#article","isPartOf":{"@id":"https:\/\/rioonwatch.org.br\/?p=46393"},"author":{"name":"Admin","@id":"https:\/\/rioonwatch.org.br\/#\/schema\/person\/11d64c290506f9df50c71b850c473f68"},"headline":"Coronav\u00edrus no Dia a Dia das Favelas, Parte 4: Vidigal Por Conta Pr\u00f3pria N\u00e3o Perde a Esperan\u00e7a","datePublished":"2020-04-11T18:39:22+00:00","dateModified":"2020-04-25T01:33:52+00:00","mainEntityOfPage":{"@id":"https:\/\/rioonwatch.org.br\/?p=46393"},"wordCount":997,"publisher":{"@id":"https:\/\/rioonwatch.org.br\/#organization"},"image":{"@id":"https:\/\/rioonwatch.org.br\/?p=46393#primaryimage"},"thumbnailUrl":"https:\/\/rioonwatch.org.br\/wp-content\/uploads\/2020\/04\/No-Vidigal-fila-na-Lot\u00e9ria-com-dist\u00e2ncia-entre-as-pessoas..jpg","keywords":["Barra da Tijuca","Cl\u00ednica da Fam\u00edlia","Defesa Civil","economia informal","g\u00eanero","Leblon","organiza\u00e7\u00e3o comunit\u00e1ria","pol\u00edtica p\u00fablica","Rede Contra Viol\u00eancia","sa\u00fade","S\u00e9rie","S\u00e9rie: Covid-19 no Dia a Dia das Favelas","solidariedade","SUS","Vidigal","viol\u00eancia de Estado","Zona Sul"],"articleSection":["#Covid19NasFavelas","Escrito por Comunicadores Populares","Formas de Apoiar"],"inLanguage":"pt-BR"},{"@type":"WebPage","@id":"https:\/\/rioonwatch.org.br\/?p=46393","url":"https:\/\/rioonwatch.org.br\/?p=46393","name":"Coronav\u00edrus no Dia a Dia das Favelas, Parte 4: Vidigal Por Conta Pr\u00f3pria N\u00e3o Perde a Esperan\u00e7a - RioOnWatch","isPartOf":{"@id":"https:\/\/rioonwatch.org.br\/#website"},"primaryImageOfPage":{"@id":"https:\/\/rioonwatch.org.br\/?p=46393#primaryimage"},"image":{"@id":"https:\/\/rioonwatch.org.br\/?p=46393#primaryimage"},"thumbnailUrl":"https:\/\/rioonwatch.org.br\/wp-content\/uploads\/2020\/04\/No-Vidigal-fila-na-Lot\u00e9ria-com-dist\u00e2ncia-entre-as-pessoas..jpg","datePublished":"2020-04-11T18:39:22+00:00","dateModified":"2020-04-25T01:33:52+00:00","breadcrumb":{"@id":"https:\/\/rioonwatch.org.br\/?p=46393#breadcrumb"},"inLanguage":"pt-BR","potentialAction":[{"@type":"ReadAction","target":["https:\/\/rioonwatch.org.br\/?p=46393"]}]},{"@type":"ImageObject","inLanguage":"pt-BR","@id":"https:\/\/rioonwatch.org.br\/?p=46393#primaryimage","url":"https:\/\/rioonwatch.org.br\/wp-content\/uploads\/2020\/04\/No-Vidigal-fila-na-Lot\u00e9ria-com-dist\u00e2ncia-entre-as-pessoas..jpg","contentUrl":"https:\/\/rioonwatch.org.br\/wp-content\/uploads\/2020\/04\/No-Vidigal-fila-na-Lot\u00e9ria-com-dist\u00e2ncia-entre-as-pessoas..jpg","width":960,"height":720},{"@type":"BreadcrumbList","@id":"https:\/\/rioonwatch.org.br\/?p=46393#breadcrumb","itemListElement":[{"@type":"ListItem","position":1,"name":"In\u00edcio","item":"https:\/\/rioonwatch.org.br\/"},{"@type":"ListItem","position":2,"name":"Coronav\u00edrus no Dia a Dia das Favelas, Parte 4: Vidigal Por Conta Pr\u00f3pria N\u00e3o Perde a Esperan\u00e7a"}]},{"@type":"WebSite","@id":"https:\/\/rioonwatch.org.br\/#website","url":"https:\/\/rioonwatch.org.br\/","name":"RioOnWatch","description":"relatos das favelas cariocas","publisher":{"@id":"https:\/\/rioonwatch.org.br\/#organization"},"potentialAction":[{"@type":"SearchAction","target":{"@type":"EntryPoint","urlTemplate":"https:\/\/rioonwatch.org.br\/?s={search_term_string}"},"query-input":{"@type":"PropertyValueSpecification","valueRequired":true,"valueName":"search_term_string"}}],"inLanguage":"pt-BR"},{"@type":"Organization","@id":"https:\/\/rioonwatch.org.br\/#organization","name":"RioOnWatch","url":"https:\/\/rioonwatch.org.br\/","logo":{"@type":"ImageObject","inLanguage":"pt-BR","@id":"https:\/\/rioonwatch.org.br\/#\/schema\/logo\/image\/","url":"https:\/\/rioonwatch.org.br\/wp-content\/uploads\/2021\/06\/RioOnWatchcabecalhoPT11anos-2.png","contentUrl":"https:\/\/rioonwatch.org.br\/wp-content\/uploads\/2021\/06\/RioOnWatchcabecalhoPT11anos-2.png","width":779,"height":277,"caption":"RioOnWatch"},"image":{"@id":"https:\/\/rioonwatch.org.br\/#\/schema\/logo\/image\/"}},{"@type":"Person","@id":"https:\/\/rioonwatch.org.br\/#\/schema\/person\/11d64c290506f9df50c71b850c473f68","name":"Admin","image":{"@type":"ImageObject","inLanguage":"pt-BR","@id":"https:\/\/rioonwatch.org.br\/#\/schema\/person\/image\/","url":"https:\/\/secure.gravatar.com\/avatar\/56211ac74568383903349a1485e3c325?s=96&d=blank&r=g","contentUrl":"https:\/\/secure.gravatar.com\/avatar\/56211ac74568383903349a1485e3c325?s=96&d=blank&r=g","caption":"Admin"},"url":"https:\/\/rioonwatch.org.br\/?author=129"}]}},"_links":{"self":[{"href":"https:\/\/rioonwatch.org.br\/index.php?rest_route=\/wp\/v2\/posts\/46393"}],"collection":[{"href":"https:\/\/rioonwatch.org.br\/index.php?rest_route=\/wp\/v2\/posts"}],"about":[{"href":"https:\/\/rioonwatch.org.br\/index.php?rest_route=\/wp\/v2\/types\/post"}],"author":[{"embeddable":true,"href":"https:\/\/rioonwatch.org.br\/index.php?rest_route=\/wp\/v2\/users\/129"}],"replies":[{"embeddable":true,"href":"https:\/\/rioonwatch.org.br\/index.php?rest_route=%2Fwp%2Fv2%2Fcomments&post=46393"}],"version-history":[{"count":38,"href":"https:\/\/rioonwatch.org.br\/index.php?rest_route=\/wp\/v2\/posts\/46393\/revisions"}],"predecessor-version":[{"id":46754,"href":"https:\/\/rioonwatch.org.br\/index.php?rest_route=\/wp\/v2\/posts\/46393\/revisions\/46754"}],"wp:featuredmedia":[{"embeddable":true,"href":"https:\/\/rioonwatch.org.br\/index.php?rest_route=\/wp\/v2\/media\/46417"}],"wp:attachment":[{"href":"https:\/\/rioonwatch.org.br\/index.php?rest_route=%2Fwp%2Fv2%2Fmedia&parent=46393"}],"wp:term":[{"taxonomy":"category","embeddable":true,"href":"https:\/\/rioonwatch.org.br\/index.php?rest_route=%2Fwp%2Fv2%2Fcategories&post=46393"},{"taxonomy":"post_tag","embeddable":true,"href":"https:\/\/rioonwatch.org.br\/index.php?rest_route=%2Fwp%2Fv2%2Ftags&post=46393"},{"taxonomy":"writer","embeddable":true,"href":"https:\/\/rioonwatch.org.br\/index.php?rest_route=%2Fwp%2Fv2%2Fwriter&post=46393"},{"taxonomy":"translator","embeddable":true,"href":"https:\/\/rioonwatch.org.br\/index.php?rest_route=%2Fwp%2Fv2%2Ftranslator&post=46393"},{"taxonomy":"source","embeddable":true,"href":"https:\/\/rioonwatch.org.br\/index.php?rest_route=%2Fwp%2Fv2%2Fsource&post=46393"},{"taxonomy":"ilustrador","embeddable":true,"href":"https:\/\/rioonwatch.org.br\/index.php?rest_route=%2Fwp%2Fv2%2Filustrador&post=46393"},{"taxonomy":"fotografo","embeddable":true,"href":"https:\/\/rioonwatch.org.br\/index.php?rest_route=%2Fwp%2Fv2%2Ffotografo&post=46393"}],"curies":[{"name":"wp","href":"https:\/\/api.w.org\/{rel}","templated":true}]}}