{"id":46400,"date":"2020-04-19T09:00:11","date_gmt":"2020-04-19T12:00:11","guid":{"rendered":"https:\/\/rioonwatch.org.br\/?p=46400"},"modified":"2023-03-26T20:18:49","modified_gmt":"2023-03-26T23:18:49","slug":"coronavirus-no-dia-a-dia-das-favelas-parte-6-vila-alianca-se-mobiliza-pelo-isolamento-social","status":"publish","type":"post","link":"https:\/\/rioonwatch.org.br\/?p=46400","title":{"rendered":"Coronav\u00edrus no Dia a Dia das Favelas, Parte 6: Vila Alian\u00e7a se Mobiliza pelo Isolamento Social"},"content":{"rendered":"<p style=\"text-align: right;\"><em><strong><a href=\"https:\/\/bit.ly\/2WeaD5q\" target=\"_blank\" rel=\"noopener noreferrer\">Click Here for English<\/a><a href=\"https:\/\/bit.ly\/2WeaD5q\" target=\"_blank\" rel=\"noopener noreferrer\"><img decoding=\"async\" width=\"20\" height=\"20\" class=\"alignright wp-image-15790\" src=\"http:\/\/rioonwatch.org.br\/wp-content\/uploads\/2012\/08\/EN-standard-e1439583104716.jpg\" \/><\/a><\/strong><\/em><\/p>\n<p><em><a href=\"https:\/\/rioonwatch.org.br\/wp-content\/uploads\/2019\/08\/SDSU.png\" rel=\"prettyPhoto\"><img decoding=\"async\" class=\"wp-image-42675 alignright\" src=\"https:\/\/rioonwatch.org.br\/wp-content\/uploads\/2019\/08\/SDSU.png\" sizes=\"(max-width: 200px) 100vw, 200px\" srcset=\"https:\/\/rioonwatch.org.br\/wp-content\/uploads\/2019\/08\/SDSU.png 1934w, https:\/\/rioonwatch.org.br\/wp-content\/uploads\/2019\/08\/SDSU-620x211.png 620w, https:\/\/rioonwatch.org.br\/wp-content\/uploads\/2019\/08\/SDSU-768x261.png 768w, https:\/\/rioonwatch.org.br\/wp-content\/uploads\/2019\/08\/SDSU-1024x348.png 1024w\" alt=\"\" width=\"200\" height=\"68\" \/><\/a><i><\/i><\/em><\/p>\n<p><em><strong>Essa mat\u00e9ria oriunda da Vila Alian\u00e7a, \u00e9 a sexta de uma <a href=\"https:\/\/bit.ly\/2wRgF3t\" target=\"_blank\" rel=\"noopener noreferrer\">s\u00e9rie sobre o impacto da pandemia do coronav\u00edrus no dia a dia das favelas<\/a>, em parceria com o Centro Behner Stiefel de Estudos Brasileiros da Universidade Estadual de San Diego<\/strong>.<\/em><\/p>\n<p><span style=\"font-weight: 400;\">Sou Waldemir Correa, mobilizador cultural e idealizador do N\u00facleo Sociocultural Caixa de Surpresa, na favela <a href=\"http:\/\/bit.ly\/1npmeGe\" target=\"_blank\" rel=\"noopener noreferrer\">Vila Alian\u00e7a<\/a>, em <a href=\"http:\/\/bit.ly\/2KhbY5J\" target=\"_blank\" rel=\"noopener noreferrer\">Bangu<\/a>, <a href=\"http:\/\/bit.ly\/2x3k8bw\" target=\"_blank\" rel=\"noopener noreferrer\">Zona Oeste<\/a> do Rio de Janeiro<\/span><span style=\"font-weight: 400;\">. Atualmente, estamos vivenciando um momento \u00fanico em nossa favela com o avan\u00e7o da pandemia do <a href=\"https:\/\/bit.ly\/2QZjDJI\" target=\"_blank\" rel=\"noopener noreferrer\">novo coronav\u00edrus<\/a>. No in\u00edcio, nossa comunidade, e acredito que todas as outras, n\u00e3o estava percebendo a gravidade da pandemia.<\/span><\/p>\n<p><span style=\"font-weight: 400;\">Com a continuidade das not\u00edcias chegando via r\u00e1dio, televis\u00e3o e todos os outros meios de comunica\u00e7\u00e3o, cada vez mais a realidade da pandemia da Covid-19 foi se tornando parte do cotidiano. Os bares, campos de futebol e pra\u00e7as, espa\u00e7os de socializa\u00e7\u00e3o e encontros, eram os lugares em que mais se falava deste novo v\u00edrus. A situa\u00e7\u00e3o foi ficando mais preocupante, pois al\u00e9m de nem a comunidade cient\u00edfica ter ainda a real vis\u00e3o sobre a situa\u00e7\u00e3o que estamos atravessando no Brasil e no mundo, na segunda semana de mar\u00e7o as <\/span><a href=\"http:\/\/bit.ly\/3dcI8N2\" target=\"_blank\" rel=\"noopener noreferrer\"><span style=\"font-weight: 400;\">informa\u00e7\u00f5es que chegavam para n\u00f3s<\/span><\/a><span style=\"font-weight: 400;\"> eram muitas vezes desencontradas<\/span><span style=\"font-weight: 400;\">.\u00a0<\/span><\/p>\n<p><span style=\"font-weight: 400;\">A partir da\u00ed, vivemos um p\u00e2nico generalizado, que tamb\u00e9m n\u00e3o ajudou em nada na preven\u00e7\u00e3o. Foi a\u00ed que, alguns <a href=\"https:\/\/bit.ly\/340KKtn\" target=\"_blank\" rel=\"noopener noreferrer\">mobilizadores comunit\u00e1rios<\/a>, passaram a compartilhar momentos de reflex\u00e3o sobre a necessidade de mais cuidados com as crian\u00e7as e idosos. A euforia e o medo tomou conta das fam\u00edlias, pois elas se encontram desprovidas de conhecimentos sobre a Covid-19 e de condi\u00e7\u00f5es financeiras, que a quest\u00e3o exigia para uma boa e correta preven\u00e7\u00e3o.<\/span><\/p>\n<h3>Mobiliza\u00e7\u00e3o Comunit\u00e1ria Devido \u00e0s Chuvas e ao Coronav\u00edrus<\/h3>\n<p><a href=\"https:\/\/rioonwatch.org.br\/wp-content\/uploads\/2020\/04\/Casas-destroc\u0327adas-pelas-chuvas.png\"><img fetchpriority=\"high\" decoding=\"async\" class=\"aligncenter wp-image-46628\" title=\"Casas destro\u00e7adas pelas chuvas no in\u00edcio de mar\u00e7o, na favela do Muqui\u00e7o que fica pr\u00f3xima \u00e0 Vila Alian\u00e7a.\" src=\"https:\/\/rioonwatch.org.br\/wp-content\/uploads\/2020\/04\/Casas-destroc\u0327adas-pelas-chuvas.png\" alt=\"\" width=\"620\" height=\"415\" srcset=\"https:\/\/rioonwatch.org.br\/wp-content\/uploads\/2020\/04\/Casas-destroc\u0327adas-pelas-chuvas.png 1034w, https:\/\/rioonwatch.org.br\/wp-content\/uploads\/2020\/04\/Casas-destroc\u0327adas-pelas-chuvas-394x264.png 394w, https:\/\/rioonwatch.org.br\/wp-content\/uploads\/2020\/04\/Casas-destroc\u0327adas-pelas-chuvas-620x415.png 620w, https:\/\/rioonwatch.org.br\/wp-content\/uploads\/2020\/04\/Casas-destroc\u0327adas-pelas-chuvas-768x514.png 768w, https:\/\/rioonwatch.org.br\/wp-content\/uploads\/2020\/04\/Casas-destroc\u0327adas-pelas-chuvas-1024x685.png 1024w\" sizes=\"(max-width: 620px) 100vw, 620px\" \/><\/a><\/p>\n<p><span style=\"font-weight: 400;\">Nossa favela Vila Alian\u00e7a, antes da pandemia, j\u00e1 vivia uma grande batalha para reerguer moradias que foram destru\u00eddas por conta das <\/span><a href=\"https:\/\/glo.bo\/3bhWudQ\" target=\"_blank\" rel=\"noopener noreferrer\"><span style=\"font-weight: 400;\">chuvas das semanas anteriores<\/span><\/a><span style=\"font-weight: 400;\">: as \u201c\u00e1guas de mar\u00e7o\u201d. Por conta da chuva, n\u00e3o! Por conta da total <a href=\"http:\/\/bit.ly\/2IF4AkU\" target=\"_blank\" rel=\"noopener noreferrer\">irresponsabilidade do Estado<\/a> com rela\u00e7\u00e3o ao saneamento b\u00e1sico, \u00e0 infraestrutura e aos equipamentos p\u00fablicos na favela. N\u00f3s, mobilizadores comunit\u00e1rios, que j\u00e1 est\u00e1vamos trabalhando juntos para minimizar as quest\u00f5es das enchentes, percebemos que dever\u00edamos estar ainda mais unidos para enfrentar a pandemia. Especialmente diante da falta de a\u00e7\u00e3o do poder p\u00fablico e da <a href=\"https:\/\/bit.ly\/2yiNczq\" target=\"_blank\" rel=\"noopener noreferrer\">vulnerabilidade das favelas<\/a>.<\/span><\/p>\n<p>A iniciativa para ajudar os moradores se deu pela uni\u00e3o dos grupos da Vila Alian\u00e7a: o <span style=\"font-weight: 400;\">N\u00facleo Sociocultural <\/span><a href=\"https:\/\/bit.ly\/3bkmhSy\" target=\"_blank\" rel=\"noopener noreferrer\">Caixa de Surpresa<\/a>, o grupo de Barbeiros e os times de futebol. Unidos conseguimos recolher doa\u00e7\u00f5es e auxiliar os moradores de Vila Alian\u00e7a e de favelas pr\u00f3ximas como a <a href=\"https:\/\/bit.ly\/3bmenZ8\" target=\"_blank\" rel=\"noopener noreferrer\">Favela do Muqui\u00e7o<\/a>.<\/p>\n<p><span style=\"font-weight: 400;\"><a href=\"https:\/\/rioonwatch.org.br\/wp-content\/uploads\/2020\/04\/WhatsApp-Image-2020-03-04-at-16.42.50.jpeg\"><img loading=\"lazy\" decoding=\"async\" class=\"aligncenter wp-image-46402 size-content\" title=\"Arrecada\u00e7\u00e3o de donativos de roupas e produtos para doa\u00e7\u00e3o de cestas b\u00e1sicas da a\u00e7\u00e3o de mobiliza\u00e7\u00e3o de moradores da Vila Alian\u00e7a devido \u00e0s enchentes. Diversas fam\u00edlias na comunidade ainda sofre consequ\u00eancias das \u201c\u00e1guas de mar\u00e7o\u201d.\" src=\"https:\/\/rioonwatch.org.br\/wp-content\/uploads\/2020\/04\/WhatsApp-Image-2020-03-04-at-16.42.50-620x264.jpeg\" alt=\"\" width=\"620\" height=\"264\" srcset=\"https:\/\/rioonwatch.org.br\/wp-content\/uploads\/2020\/04\/WhatsApp-Image-2020-03-04-at-16.42.50-620x264.jpeg 620w, https:\/\/rioonwatch.org.br\/wp-content\/uploads\/2020\/04\/WhatsApp-Image-2020-03-04-at-16.42.50-940x400.jpeg 940w\" sizes=\"(max-width: 620px) 100vw, 620px\" \/><\/a><\/span><\/p>\n<p><span style=\"font-weight: 400;\">Para enfrentar a pandemia unidos fomos aos bares, campos de futebol e pra\u00e7as, onde a popula\u00e7\u00e3o comentava e conversava sobre o assunto <a href=\"https:\/\/bit.ly\/3bcIaTX\" target=\"_blank\" rel=\"noopener noreferrer\">para passarmos informa\u00e7\u00f5es<\/a>. Agora, com mais propriedade e sabendo as atitudes que dever\u00edamos tomar para nos proteger desta grande batalha pela vida, a todo momento deix\u00e1vamos claro para a comunidade que a luta era de todos por todos.<\/span><\/p>\n<p><a href=\"https:\/\/rioonwatch.org.br\/wp-content\/uploads\/2020\/04\/Vila-Alian\u00e7a-Time-de-futebol-2-1-e1587137445407.jpg\"><img loading=\"lazy\" decoding=\"async\" class=\"aligncenter wp-image-46595 size-content\" title=\"H\u00e1 times de futebol que pararam de fazer confraterniza\u00e7\u00f5es na comunidade. \u00c9 o caso do time cultural \u201cFund\u00e3o\u201d na foto acima, que se reunia pra jogar e fazer churrascos. Hoje, eles atuam na preven\u00e7\u00e3o da pandemia.\" src=\"https:\/\/rioonwatch.org.br\/wp-content\/uploads\/2020\/04\/Vila-Alian\u00e7a-Time-de-futebol-2-1-e1587137445407-620x264.jpg\" alt=\"\" width=\"620\" height=\"264\" srcset=\"https:\/\/rioonwatch.org.br\/wp-content\/uploads\/2020\/04\/Vila-Alian\u00e7a-Time-de-futebol-2-1-e1587137445407-620x264.jpg 620w, https:\/\/rioonwatch.org.br\/wp-content\/uploads\/2020\/04\/Vila-Alian\u00e7a-Time-de-futebol-2-1-e1587137445407-940x400.jpg 940w\" sizes=\"(max-width: 620px) 100vw, 620px\" \/><\/a><\/p>\n<p><span style=\"font-weight: 400;\">Acredito ter sido a partir deste momento que tantos perceberam a gravidade da situa\u00e7\u00e3o e, passaram a fazer parte de mais esta luta para evitar a contamina\u00e7\u00e3o de suas fam\u00edlias. Houve a compreens\u00e3o de que as fam\u00edlias quando s\u00e3o as protagonistas da a\u00e7\u00e3o, e n\u00e3o coadjuvantes, seus integrantes <a href=\"https:\/\/bit.ly\/2Xgzmbx\" target=\"_blank\" rel=\"noopener noreferrer\">apropriam-se dos deveres e fazeres<\/a> com muito mais prazer e responsabilidade. Neste momento, houve uma grande corrente de solidariedade. A mobiliza\u00e7\u00e3o passou a ser n\u00e3o apenas daqueles que j\u00e1 eram reconhecidos como mobilizadores, e sim de toda a favela.<\/span><\/p>\n<p><a href=\"https:\/\/rioonwatch.org.br\/wp-content\/uploads\/2020\/04\/WhatsApp-Image-2020-03-04-at-16.43.15.jpeg\"><img loading=\"lazy\" decoding=\"async\" class=\"aligncenter wp-image-46401 size-content\" title=\"Na a\u00e7\u00e3o de mar\u00e7o, jovens barbeiros da comunidade, mobilizaram-se para cortar o cabelos das crian\u00e7as. O grupo \u201cBatalha pela Solidariedade e Preven\u00e7\u00e3o\u201d hoje ajuda no enfrentamento ao coronav\u00edrus.\" src=\"https:\/\/rioonwatch.org.br\/wp-content\/uploads\/2020\/04\/WhatsApp-Image-2020-03-04-at-16.43.15-620x264.jpeg\" alt=\"\" width=\"620\" height=\"264\" srcset=\"https:\/\/rioonwatch.org.br\/wp-content\/uploads\/2020\/04\/WhatsApp-Image-2020-03-04-at-16.43.15-620x264.jpeg 620w, https:\/\/rioonwatch.org.br\/wp-content\/uploads\/2020\/04\/WhatsApp-Image-2020-03-04-at-16.43.15-940x400.jpeg 940w\" sizes=\"(max-width: 620px) 100vw, 620px\" \/><\/a><\/p>\n<p><span style=\"font-weight: 400;\">Por estarmos bem distante do Centro do Rio, a <a href=\"https:\/\/bit.ly\/2Rku5Mf\" target=\"_blank\" rel=\"noopener noreferrer\">aus\u00eancia de pol\u00edticas p\u00fablicas sempre foi o maior problema<\/a> enfrentado em nosso cotidiano. Mais uma vez, foi <a href=\"https:\/\/bit.ly\/340KKtn\" target=\"_blank\" rel=\"noopener noreferrer\">a favela que se uniu<\/a> e buscou fazer o melhor por ela mesma. Com escolas fechadas, as crian\u00e7as estavam mais \u00e0 vontade na favela. Futebol, ping-pong, roda de leituras, atividades recreativas em grupo seria a resposta para as crian\u00e7as. Com os bares e o baile ainda funcionando na comunidade nas primeiras semanas nossas crian\u00e7as e jovens ainda estavam expostos, levando as fam\u00edlias a questionar os paradigmas que envolve morar em favela.<\/span><\/p>\n<p><a href=\"https:\/\/rioonwatch.org.br\/wp-content\/uploads\/2020\/04\/Time-de-futebol-Vila-Alian\u00e7a.jpg\"><img loading=\"lazy\" decoding=\"async\" class=\"aligncenter wp-image-46593 size-content\" title=\"Grupo cultural de futebol \u201cPalmerinha\u201d que interrompeu as atividades devido a pandemia.\" src=\"https:\/\/rioonwatch.org.br\/wp-content\/uploads\/2020\/04\/Time-de-futebol-Vila-Alian\u00e7a-620x264.jpg\" alt=\"\" width=\"620\" height=\"264\" srcset=\"https:\/\/rioonwatch.org.br\/wp-content\/uploads\/2020\/04\/Time-de-futebol-Vila-Alian\u00e7a-620x264.jpg 620w, https:\/\/rioonwatch.org.br\/wp-content\/uploads\/2020\/04\/Time-de-futebol-Vila-Alian\u00e7a-940x400.jpg 940w\" sizes=\"(max-width: 620px) 100vw, 620px\" \/><\/a><\/p>\n<h3>Mobiliza\u00e7\u00e3o Comunit\u00e1ria D\u00e1 Resultado<\/h3>\n<p><span style=\"font-weight: 400;\">Este inc\u00f4modo das fam\u00edlias nos abriu um leque de possibilidades para discutirmos uma s\u00e9rie de quest\u00f5es, que envolve o crescer e criar uma <a href=\"http:\/\/bit.ly\/2oPaGrJ\" target=\"_blank\" rel=\"noopener noreferrer\">crian\u00e7a dentro de uma favela<\/a>, onde os poderes constitu\u00eddos n\u00e3o se fazem presentes com pol\u00edticas p\u00fablicas de inclus\u00e3o e cuidado. Em 29 de mar\u00e7o, acumulamos algumas semanas de empenho publicit\u00e1rio de esclarecimentos sobre a pandemia. Agora, j\u00e1 n\u00e3o temos mais os bares abertos e nem os bailes funcionando. Os campos de futebol est\u00e3o vazios. Idosos, jovens e crian\u00e7as n\u00e3o jogam e brincam mais. Com isto, diminuiu-se de forma significativa a possibilidade de prolifera\u00e7\u00e3o do coronav\u00edrus.<\/span><\/p>\n<p><a href=\"https:\/\/rioonwatch.org.br\/wp-content\/uploads\/2020\/04\/Campo-de-futebol-vazio-na-Vila-Alian\u00e7a-devido-ao-isolamento-social.-e1587095425763.jpg\"><img loading=\"lazy\" decoding=\"async\" class=\"aligncenter wp-image-46585 size-medium\" title=\"Campo de futebol vazio na Vila Alian\u00e7a devido ao isolamento social.\" src=\"https:\/\/rioonwatch.org.br\/wp-content\/uploads\/2020\/04\/Campo-de-futebol-vazio-na-Vila-Alian\u00e7a-devido-ao-isolamento-social.-e1587095425763-620x279.jpg\" alt=\"\" width=\"620\" height=\"279\" srcset=\"https:\/\/rioonwatch.org.br\/wp-content\/uploads\/2020\/04\/Campo-de-futebol-vazio-na-Vila-Alian\u00e7a-devido-ao-isolamento-social.-e1587095425763-620x279.jpg 620w, https:\/\/rioonwatch.org.br\/wp-content\/uploads\/2020\/04\/Campo-de-futebol-vazio-na-Vila-Alian\u00e7a-devido-ao-isolamento-social.-e1587095425763-768x345.jpg 768w, https:\/\/rioonwatch.org.br\/wp-content\/uploads\/2020\/04\/Campo-de-futebol-vazio-na-Vila-Alian\u00e7a-devido-ao-isolamento-social.-e1587095425763-1024x460.jpg 1024w, https:\/\/rioonwatch.org.br\/wp-content\/uploads\/2020\/04\/Campo-de-futebol-vazio-na-Vila-Alian\u00e7a-devido-ao-isolamento-social.-e1587095425763.jpg 1039w\" sizes=\"(max-width: 620px) 100vw, 620px\" \/><\/a><\/p>\n<p><span style=\"font-weight: 400;\">Os campos de futebol na Vila Alian\u00e7a s\u00e3o os espa\u00e7os de sociabilidade, de encontros de times e de gera\u00e7\u00f5es. H\u00e1 times de futebol que j\u00e1 existem h\u00e1 mais de 30 anos. Sempre ap\u00f3s as partidas, os grupos faziam confraterniza\u00e7\u00f5es para conversar, rir, escutar m\u00fasica. O futebol na Vila Alian\u00e7a e os campos s\u00e3o um elo cultural de grande significado dentro da comunidade. Cada time agrega m\u00fasicos, cozinheiros, dan\u00e7arinos, uma pluralidade de cultura no entorno. Tenho como term\u00f4metro o diferencial entre antes e depois da nossa mobiliza\u00e7\u00e3o de preven\u00e7\u00e3o \u00e0 pandemia de coronav\u00edrus pelo campos de futebol vazios. Agora, estamos nos protegendo e protegendo o pr\u00f3ximo. Com isso, n\u00e3o h\u00e1 mais esses encontros e confraterniza\u00e7\u00f5es no fim de semana.<\/span><\/p>\n<p><span style=\"font-weight: 400;\">A solidariedade entre as fam\u00edlias ficou bem evidenciada quanto ao cuidado com as crian\u00e7as e idosos. O <a href=\"https:\/\/bit.ly\/2zbzpLJ\" target=\"_blank\" rel=\"noopener noreferrer\">Centro Municipal Sa\u00fade Waldir Franco<\/a>, que temos como refer\u00eancia em nossa comunidade com seus profissionais engajados na luta pela preven\u00e7\u00e3o, ampliaram a atua\u00e7\u00e3o na divulga\u00e7\u00e3o de informa\u00e7\u00f5es sobre a Covid-19 e a vacina\u00e7\u00e3o de nossos idosos. Boa parte de seus funcion\u00e1rios moram na comunidade. Isso facilitou uma melhor interlocu\u00e7\u00e3o de preven\u00e7\u00e3o entre o posto de sa\u00fade e a Vila Alian\u00e7a. Foi gratificante perceber mesmo em um momento triste, delicado e preocupante que, algumas fam\u00edlias, entenderam o papel da sua participa\u00e7\u00e3o como sendo fundamental para transforma\u00e7\u00e3o do cotidiano dentro da comunidade, e que realmente suas a\u00e7\u00f5es ir\u00e3o proteg\u00ea-las ainda mais.<\/span><\/p>\n<p><a href=\"https:\/\/rioonwatch.org.br\/wp-content\/uploads\/2020\/04\/Campo-Vazio-Vila-Alian\u00e7a.jpg\"><img loading=\"lazy\" decoding=\"async\" class=\"aligncenter wp-image-46598 size-content\" title=\"\u201cTenho como term\u00f4metro o diferencial entre antes e depois da nossa mobiliza\u00e7\u00e3o de preven\u00e7\u00e3o \u00e0 pandemia de coronav\u00edrus pelo campos de futebol vazios\u201d, disse Waldemir\" src=\"https:\/\/rioonwatch.org.br\/wp-content\/uploads\/2020\/04\/Campo-Vazio-Vila-Alian\u00e7a-620x264.jpg\" alt=\"\" width=\"620\" height=\"264\" srcset=\"https:\/\/rioonwatch.org.br\/wp-content\/uploads\/2020\/04\/Campo-Vazio-Vila-Alian\u00e7a-620x264.jpg 620w, https:\/\/rioonwatch.org.br\/wp-content\/uploads\/2020\/04\/Campo-Vazio-Vila-Alian\u00e7a-940x400.jpg 940w\" sizes=\"(max-width: 620px) 100vw, 620px\" \/><\/a><\/p>\n<h3>A Vis\u00edvel Neglig\u00eancia do Estado<\/h3>\n<p><span style=\"font-weight: 400;\">N\u00e3o posso me furtar em relatar minha decep\u00e7\u00e3o com as pol\u00edticas p\u00fablicas e seus gestores. Crescendo e vivendo em uma favela, vivenciamos momentos e situa\u00e7\u00f5es totalmente adversas ao que se possa chamar de um crescimento sadio. Crian\u00e7as e jovens s\u00e3o entregues \u00e0 pr\u00f3pria sorte sem espa\u00e7os de conviv\u00eancia. Acabam tendo diversas vezes seu <a href=\"http:\/\/bit.ly\/2lLSvSe\" target=\"_blank\" rel=\"noopener noreferrer\">crescimento interrompido de forma precoce<\/a> por envolvimento no tr\u00e1fico de drogas ou pelo aparelho repressor do Estado: as for\u00e7as de \u201cseguran\u00e7a\u201d. Estamos assustados, com medo de tudo que ainda possa acontecer, mas tamb\u00e9m temos como legado uma hist\u00f3ria de luta que nos pertence neste momento t\u00e3o dif\u00edcil, que estamos atravessando.\u00a0<\/span><\/p>\n<p><span style=\"font-weight: 400;\">Seguimos ainda tentando minimizar as adversidades trazidas pelas chuvas da primeira semana de mar\u00e7o, somada a pandemia do coronav\u00edrus. N\u00e3o temos como resolver os problemas na totalidade, mas os grupos continuam se solidarizando e tentando apoiar as fam\u00edlias. Nosso grupo mobilizador j\u00e1 n\u00e3o quer atuar mais em alguma situa\u00e7\u00e3o tr\u00e1gica que possa nos atingir, mas sim trabalhar na preven\u00e7\u00e3o, buscando solu\u00e7\u00f5es e tendo como norte o cuidado com nossas crian\u00e7as. A preocupa\u00e7\u00e3o com a higiene e o cuidado com nossos rios e ruas v\u00e3o continuar sendo alvo de a\u00e7\u00f5es, pois nossas fam\u00edlias de favela perceberam que <\/span>\u00e9 <a href=\"https:\/\/bit.ly\/34QBuID\" target=\"_blank\" rel=\"noopener noreferrer\">n\u00f3s por n\u00f3s<\/a>, um por todos e todos por um<span style=\"font-weight: 400;\">.<\/span><\/p>\n<p><span style=\"font-weight: 400;\">Esta \u00e9 a nossa hist\u00f3ria de supera\u00e7\u00e3o e cumplicidade dentro de uma favela do Rio de Janeiro, que n\u00e3o vive <\/span><i>este<\/i><span style=\"font-weight: 400;\"> problema do coronav\u00edrus apenas, mas sim vive <\/span>tamb\u00e9m mais<span style=\"font-weight: 400;\"> esta quest\u00e3o da pandemia da Covid-19. Mas, que j\u00e1 passou, e passa v\u00e1rias outras situa\u00e7\u00f5es de vulnerabilidade e riscos.<\/span><\/p>\n<p><i><span style=\"font-weight: 400;\">Waldemir Correa \u00e9 articulador comunit\u00e1rio na Vila Alian\u00e7a, favela de Bangu. \u00c9 idealizador do N\u00facleo Sociocultural Caixa de Surpresa, fot\u00f3grafo, educador e comunicador popular. E \u00e9, antes de tudo, um Indignado Social!<\/span><\/i><\/p>\n<hr \/>\n<div class=\"entry clearfix\">\n<div class=\"entry clearfix\">\n<h4><strong>Apoie nossos esfor\u00e7os para fornecer assist\u00eancia estrat\u00e9gica \u00e0s favelas do Rio durante a pandemia de Covid-19, incluindo o jornalismo hiperlocal, cr\u00edtico, inovador e incans\u00e1vel do\u00a0<em>RioOnWatch<\/em><\/strong>\u2014<a href=\"http:\/\/bit.ly\/CatalisandoComunidades\">doe aqui<\/a>.<\/h4>\n<\/div>\n<\/div>\n<!-- AddThis Advanced Settings generic via filter on the_content --><!-- AddThis Share Buttons generic via filter on the_content -->","protected":false},"excerpt":{"rendered":"<div class=\"mh-excerpt\"><p>Click Here for English Essa mat\u00e9ria oriunda da Vila Alian\u00e7a, \u00e9 a sexta de uma s\u00e9rie sobre o impacto da pandemia do coronav\u00edrus no dia a dia das favelas, em parceria com o Centro Behner <a class=\"mh-excerpt-more\" href=\"https:\/\/rioonwatch.org.br\/?p=46400\" title=\"Coronav\u00edrus no Dia a Dia das Favelas, Parte 6: Vila Alian\u00e7a se Mobiliza pelo Isolamento Social\">[&#8230;]<\/a><!-- AddThis Advanced Settings generic via filter on get_the_excerpt --><!-- AddThis Share Buttons generic via filter on get_the_excerpt --><\/p>\n<\/div>","protected":false},"author":152,"featured_media":46585,"comment_status":"closed","ping_status":"closed","sticky":false,"template":"","format":"standard","meta":{"_acf_changed":false,"_monsterinsights_skip_tracking":false,"_monsterinsights_sitenote_active":false,"_monsterinsights_sitenote_note":"","_monsterinsights_sitenote_category":0,"footnotes":""},"categories":[2753,1621,1625,1616,342],"tags":[235,11,2748,81,2779,1120,324,1151,417,1830,358,492,2539,2289,2759,380,476,2167,230,184],"writer":[2780],"translator":[],"source":[],"ilustrador":[],"fotografo":[],"class_list":{"0":"post-46400","1":"post","2":"type-post","3":"status-publish","4":"format-standard","5":"has-post-thumbnail","7":"category-covid19nasfavelas","8":"category-destaque","9":"category-por-correspondentes-comunitarios","10":"category-qualidades-da-favela","11":"category-solucoes","12":"tag-bangu","13":"tag-chuvas","14":"tag-coronavirus","15":"tag-cultura","16":"tag-favela-do-muquico","17":"tag-futebol","18":"tag-infraestrutura","19":"tag-organizacao","20":"tag-negligencia-do-estado","21":"tag-nos-por-nos","22":"tag-organizacao-comunitaria","23":"tag-saneamento","24":"tag-sentimento-de-pertencimento","25":"tag-serie","26":"tag-serie-covid-19-no-dia-a-dia-das-favelas","27":"tag-solidariedade","28":"tag-solucao-comunitaria","29":"tag-uniao","30":"tag-vila-alianca","31":"tag-zona-oeste","32":"writer-waldemir-correa"},"acf":[],"yoast_head":"<!-- This site is optimized with the Yoast SEO plugin v25.6 - https:\/\/yoast.com\/wordpress\/plugins\/seo\/ -->\n<title>Coronav\u00edrus no Dia a Dia das Favelas, Parte 6: Vila Alian\u00e7a se Mobiliza pelo Isolamento Social - RioOnWatch<\/title>\n<meta name=\"robots\" content=\"index, follow, max-snippet:-1, max-image-preview:large, max-video-preview:-1\" \/>\n<link rel=\"canonical\" href=\"https:\/\/rioonwatch.org.br\/?p=46400\" \/>\n<meta property=\"og:locale\" content=\"pt_BR\" \/>\n<meta property=\"og:type\" content=\"article\" \/>\n<meta property=\"og:title\" content=\"Coronav\u00edrus no Dia a Dia das Favelas, Parte 6: Vila Alian\u00e7a se Mobiliza pelo Isolamento Social - RioOnWatch\" \/>\n<meta property=\"og:description\" content=\"Click Here for English Essa mat\u00e9ria oriunda da Vila Alian\u00e7a, \u00e9 a sexta de uma s\u00e9rie sobre o impacto da pandemia do coronav\u00edrus no dia a dia das favelas, em parceria com o Centro Behner [...]\" \/>\n<meta property=\"og:url\" content=\"https:\/\/rioonwatch.org.br\/?p=46400\" \/>\n<meta property=\"og:site_name\" content=\"RioOnWatch\" \/>\n<meta property=\"article:published_time\" content=\"2020-04-19T12:00:11+00:00\" \/>\n<meta property=\"article:modified_time\" content=\"2023-03-26T23:18:49+00:00\" \/>\n<meta property=\"og:image\" content=\"https:\/\/rioonwatch.org.br\/wp-content\/uploads\/2020\/04\/Campo-de-futebol-vazio-na-Vila-Alian\u00e7a-devido-ao-isolamento-social.-e1587095425763.jpg\" \/>\n\t<meta property=\"og:image:width\" content=\"1039\" \/>\n\t<meta property=\"og:image:height\" content=\"467\" \/>\n\t<meta property=\"og:image:type\" content=\"image\/jpeg\" \/>\n<meta name=\"author\" content=\"Luisa Fenizola\" \/>\n<meta name=\"twitter:card\" content=\"summary_large_image\" \/>\n<meta name=\"twitter:label1\" content=\"Escrito por\" \/>\n\t<meta name=\"twitter:data1\" content=\"Luisa Fenizola\" \/>\n\t<meta name=\"twitter:label2\" content=\"Est. tempo de leitura\" \/>\n\t<meta name=\"twitter:data2\" content=\"8 minutos\" \/>\n<script type=\"application\/ld+json\" class=\"yoast-schema-graph\">{\"@context\":\"https:\/\/schema.org\",\"@graph\":[{\"@type\":\"Article\",\"@id\":\"https:\/\/rioonwatch.org.br\/?p=46400#article\",\"isPartOf\":{\"@id\":\"https:\/\/rioonwatch.org.br\/?p=46400\"},\"author\":{\"name\":\"Luisa Fenizola\",\"@id\":\"https:\/\/rioonwatch.org.br\/#\/schema\/person\/f443c6b55bb6e80842280318076491c5\"},\"headline\":\"Coronav\u00edrus no Dia a Dia das Favelas, Parte 6: Vila Alian\u00e7a se Mobiliza pelo Isolamento Social\",\"datePublished\":\"2020-04-19T12:00:11+00:00\",\"dateModified\":\"2023-03-26T23:18:49+00:00\",\"mainEntityOfPage\":{\"@id\":\"https:\/\/rioonwatch.org.br\/?p=46400\"},\"wordCount\":1526,\"publisher\":{\"@id\":\"https:\/\/rioonwatch.org.br\/#organization\"},\"image\":{\"@id\":\"https:\/\/rioonwatch.org.br\/?p=46400#primaryimage\"},\"thumbnailUrl\":\"https:\/\/rioonwatch.org.br\/wp-content\/uploads\/2020\/04\/Campo-de-futebol-vazio-na-Vila-Alian\u00e7a-devido-ao-isolamento-social.-e1587095425763.jpg\",\"keywords\":[\"Bangu\",\"chuvas\",\"coronav\u00edrus\",\"cultura\",\"Favela do Muqui\u00e7o\",\"futebol\",\"infraestrutura\",\"mobiliza\u00e7\u00e3o\",\"Neglig\u00eancia do Estado\",\"N\u00f3s por N\u00f3s\",\"organiza\u00e7\u00e3o comunit\u00e1ria\",\"saneamento\",\"sentimento de pertencimento\",\"S\u00e9rie\",\"S\u00e9rie: Covid-19 no Dia a Dia das Favelas\",\"solidariedade\",\"solu\u00e7\u00e3o comunit\u00e1ria\",\"uni\u00e3o\",\"Vila Alian\u00e7a\",\"Zona Oeste\"],\"articleSection\":[\"#Covid19NasFavelas\",\"*Destaque\",\"Escrito por Comunicadores Populares\",\"Qualidades da Favela\",\"Solu\u00e7\u00f5es\"],\"inLanguage\":\"pt-BR\"},{\"@type\":\"WebPage\",\"@id\":\"https:\/\/rioonwatch.org.br\/?p=46400\",\"url\":\"https:\/\/rioonwatch.org.br\/?p=46400\",\"name\":\"Coronav\u00edrus no Dia a Dia das Favelas, Parte 6: Vila Alian\u00e7a se Mobiliza pelo Isolamento Social - RioOnWatch\",\"isPartOf\":{\"@id\":\"https:\/\/rioonwatch.org.br\/#website\"},\"primaryImageOfPage\":{\"@id\":\"https:\/\/rioonwatch.org.br\/?p=46400#primaryimage\"},\"image\":{\"@id\":\"https:\/\/rioonwatch.org.br\/?p=46400#primaryimage\"},\"thumbnailUrl\":\"https:\/\/rioonwatch.org.br\/wp-content\/uploads\/2020\/04\/Campo-de-futebol-vazio-na-Vila-Alian\u00e7a-devido-ao-isolamento-social.-e1587095425763.jpg\",\"datePublished\":\"2020-04-19T12:00:11+00:00\",\"dateModified\":\"2023-03-26T23:18:49+00:00\",\"breadcrumb\":{\"@id\":\"https:\/\/rioonwatch.org.br\/?p=46400#breadcrumb\"},\"inLanguage\":\"pt-BR\",\"potentialAction\":[{\"@type\":\"ReadAction\",\"target\":[\"https:\/\/rioonwatch.org.br\/?p=46400\"]}]},{\"@type\":\"ImageObject\",\"inLanguage\":\"pt-BR\",\"@id\":\"https:\/\/rioonwatch.org.br\/?p=46400#primaryimage\",\"url\":\"https:\/\/rioonwatch.org.br\/wp-content\/uploads\/2020\/04\/Campo-de-futebol-vazio-na-Vila-Alian\u00e7a-devido-ao-isolamento-social.-e1587095425763.jpg\",\"contentUrl\":\"https:\/\/rioonwatch.org.br\/wp-content\/uploads\/2020\/04\/Campo-de-futebol-vazio-na-Vila-Alian\u00e7a-devido-ao-isolamento-social.-e1587095425763.jpg\",\"width\":1039,\"height\":467},{\"@type\":\"BreadcrumbList\",\"@id\":\"https:\/\/rioonwatch.org.br\/?p=46400#breadcrumb\",\"itemListElement\":[{\"@type\":\"ListItem\",\"position\":1,\"name\":\"In\u00edcio\",\"item\":\"https:\/\/rioonwatch.org.br\/\"},{\"@type\":\"ListItem\",\"position\":2,\"name\":\"Coronav\u00edrus no Dia a Dia das Favelas, Parte 6: Vila Alian\u00e7a se Mobiliza pelo Isolamento Social\"}]},{\"@type\":\"WebSite\",\"@id\":\"https:\/\/rioonwatch.org.br\/#website\",\"url\":\"https:\/\/rioonwatch.org.br\/\",\"name\":\"RioOnWatch\",\"description\":\"relatos das favelas cariocas\",\"publisher\":{\"@id\":\"https:\/\/rioonwatch.org.br\/#organization\"},\"potentialAction\":[{\"@type\":\"SearchAction\",\"target\":{\"@type\":\"EntryPoint\",\"urlTemplate\":\"https:\/\/rioonwatch.org.br\/?s={search_term_string}\"},\"query-input\":{\"@type\":\"PropertyValueSpecification\",\"valueRequired\":true,\"valueName\":\"search_term_string\"}}],\"inLanguage\":\"pt-BR\"},{\"@type\":\"Organization\",\"@id\":\"https:\/\/rioonwatch.org.br\/#organization\",\"name\":\"RioOnWatch\",\"url\":\"https:\/\/rioonwatch.org.br\/\",\"logo\":{\"@type\":\"ImageObject\",\"inLanguage\":\"pt-BR\",\"@id\":\"https:\/\/rioonwatch.org.br\/#\/schema\/logo\/image\/\",\"url\":\"https:\/\/rioonwatch.org.br\/wp-content\/uploads\/2021\/06\/RioOnWatchcabecalhoPT11anos-2.png\",\"contentUrl\":\"https:\/\/rioonwatch.org.br\/wp-content\/uploads\/2021\/06\/RioOnWatchcabecalhoPT11anos-2.png\",\"width\":779,\"height\":277,\"caption\":\"RioOnWatch\"},\"image\":{\"@id\":\"https:\/\/rioonwatch.org.br\/#\/schema\/logo\/image\/\"}},{\"@type\":\"Person\",\"@id\":\"https:\/\/rioonwatch.org.br\/#\/schema\/person\/f443c6b55bb6e80842280318076491c5\",\"name\":\"Luisa Fenizola\",\"image\":{\"@type\":\"ImageObject\",\"inLanguage\":\"pt-BR\",\"@id\":\"https:\/\/rioonwatch.org.br\/#\/schema\/person\/image\/\",\"url\":\"https:\/\/secure.gravatar.com\/avatar\/a3d551110162b9f876cbbdaaecf75663?s=96&d=blank&r=g\",\"contentUrl\":\"https:\/\/secure.gravatar.com\/avatar\/a3d551110162b9f876cbbdaaecf75663?s=96&d=blank&r=g\",\"caption\":\"Luisa Fenizola\"},\"url\":\"https:\/\/rioonwatch.org.br\/?author=152\"}]}<\/script>\n<!-- \/ Yoast SEO plugin. -->","yoast_head_json":{"title":"Coronav\u00edrus no Dia a Dia das Favelas, Parte 6: Vila Alian\u00e7a se Mobiliza pelo Isolamento Social - RioOnWatch","robots":{"index":"index","follow":"follow","max-snippet":"max-snippet:-1","max-image-preview":"max-image-preview:large","max-video-preview":"max-video-preview:-1"},"canonical":"https:\/\/rioonwatch.org.br\/?p=46400","og_locale":"pt_BR","og_type":"article","og_title":"Coronav\u00edrus no Dia a Dia das Favelas, Parte 6: Vila Alian\u00e7a se Mobiliza pelo Isolamento Social - RioOnWatch","og_description":"Click Here for English Essa mat\u00e9ria oriunda da Vila Alian\u00e7a, \u00e9 a sexta de uma s\u00e9rie sobre o impacto da pandemia do coronav\u00edrus no dia a dia das favelas, em parceria com o Centro Behner [...]","og_url":"https:\/\/rioonwatch.org.br\/?p=46400","og_site_name":"RioOnWatch","article_published_time":"2020-04-19T12:00:11+00:00","article_modified_time":"2023-03-26T23:18:49+00:00","og_image":[{"width":1039,"height":467,"url":"https:\/\/rioonwatch.org.br\/wp-content\/uploads\/2020\/04\/Campo-de-futebol-vazio-na-Vila-Alian\u00e7a-devido-ao-isolamento-social.-e1587095425763.jpg","type":"image\/jpeg"}],"author":"Luisa Fenizola","twitter_card":"summary_large_image","twitter_misc":{"Escrito por":"Luisa Fenizola","Est. tempo de leitura":"8 minutos"},"schema":{"@context":"https:\/\/schema.org","@graph":[{"@type":"Article","@id":"https:\/\/rioonwatch.org.br\/?p=46400#article","isPartOf":{"@id":"https:\/\/rioonwatch.org.br\/?p=46400"},"author":{"name":"Luisa Fenizola","@id":"https:\/\/rioonwatch.org.br\/#\/schema\/person\/f443c6b55bb6e80842280318076491c5"},"headline":"Coronav\u00edrus no Dia a Dia das Favelas, Parte 6: Vila Alian\u00e7a se Mobiliza pelo Isolamento Social","datePublished":"2020-04-19T12:00:11+00:00","dateModified":"2023-03-26T23:18:49+00:00","mainEntityOfPage":{"@id":"https:\/\/rioonwatch.org.br\/?p=46400"},"wordCount":1526,"publisher":{"@id":"https:\/\/rioonwatch.org.br\/#organization"},"image":{"@id":"https:\/\/rioonwatch.org.br\/?p=46400#primaryimage"},"thumbnailUrl":"https:\/\/rioonwatch.org.br\/wp-content\/uploads\/2020\/04\/Campo-de-futebol-vazio-na-Vila-Alian\u00e7a-devido-ao-isolamento-social.-e1587095425763.jpg","keywords":["Bangu","chuvas","coronav\u00edrus","cultura","Favela do Muqui\u00e7o","futebol","infraestrutura","mobiliza\u00e7\u00e3o","Neglig\u00eancia do Estado","N\u00f3s por N\u00f3s","organiza\u00e7\u00e3o comunit\u00e1ria","saneamento","sentimento de pertencimento","S\u00e9rie","S\u00e9rie: Covid-19 no Dia a Dia das Favelas","solidariedade","solu\u00e7\u00e3o comunit\u00e1ria","uni\u00e3o","Vila Alian\u00e7a","Zona Oeste"],"articleSection":["#Covid19NasFavelas","*Destaque","Escrito por Comunicadores Populares","Qualidades da Favela","Solu\u00e7\u00f5es"],"inLanguage":"pt-BR"},{"@type":"WebPage","@id":"https:\/\/rioonwatch.org.br\/?p=46400","url":"https:\/\/rioonwatch.org.br\/?p=46400","name":"Coronav\u00edrus no Dia a Dia das Favelas, Parte 6: Vila Alian\u00e7a se Mobiliza pelo Isolamento Social - RioOnWatch","isPartOf":{"@id":"https:\/\/rioonwatch.org.br\/#website"},"primaryImageOfPage":{"@id":"https:\/\/rioonwatch.org.br\/?p=46400#primaryimage"},"image":{"@id":"https:\/\/rioonwatch.org.br\/?p=46400#primaryimage"},"thumbnailUrl":"https:\/\/rioonwatch.org.br\/wp-content\/uploads\/2020\/04\/Campo-de-futebol-vazio-na-Vila-Alian\u00e7a-devido-ao-isolamento-social.-e1587095425763.jpg","datePublished":"2020-04-19T12:00:11+00:00","dateModified":"2023-03-26T23:18:49+00:00","breadcrumb":{"@id":"https:\/\/rioonwatch.org.br\/?p=46400#breadcrumb"},"inLanguage":"pt-BR","potentialAction":[{"@type":"ReadAction","target":["https:\/\/rioonwatch.org.br\/?p=46400"]}]},{"@type":"ImageObject","inLanguage":"pt-BR","@id":"https:\/\/rioonwatch.org.br\/?p=46400#primaryimage","url":"https:\/\/rioonwatch.org.br\/wp-content\/uploads\/2020\/04\/Campo-de-futebol-vazio-na-Vila-Alian\u00e7a-devido-ao-isolamento-social.-e1587095425763.jpg","contentUrl":"https:\/\/rioonwatch.org.br\/wp-content\/uploads\/2020\/04\/Campo-de-futebol-vazio-na-Vila-Alian\u00e7a-devido-ao-isolamento-social.-e1587095425763.jpg","width":1039,"height":467},{"@type":"BreadcrumbList","@id":"https:\/\/rioonwatch.org.br\/?p=46400#breadcrumb","itemListElement":[{"@type":"ListItem","position":1,"name":"In\u00edcio","item":"https:\/\/rioonwatch.org.br\/"},{"@type":"ListItem","position":2,"name":"Coronav\u00edrus no Dia a Dia das Favelas, Parte 6: Vila Alian\u00e7a se Mobiliza pelo Isolamento Social"}]},{"@type":"WebSite","@id":"https:\/\/rioonwatch.org.br\/#website","url":"https:\/\/rioonwatch.org.br\/","name":"RioOnWatch","description":"relatos das favelas cariocas","publisher":{"@id":"https:\/\/rioonwatch.org.br\/#organization"},"potentialAction":[{"@type":"SearchAction","target":{"@type":"EntryPoint","urlTemplate":"https:\/\/rioonwatch.org.br\/?s={search_term_string}"},"query-input":{"@type":"PropertyValueSpecification","valueRequired":true,"valueName":"search_term_string"}}],"inLanguage":"pt-BR"},{"@type":"Organization","@id":"https:\/\/rioonwatch.org.br\/#organization","name":"RioOnWatch","url":"https:\/\/rioonwatch.org.br\/","logo":{"@type":"ImageObject","inLanguage":"pt-BR","@id":"https:\/\/rioonwatch.org.br\/#\/schema\/logo\/image\/","url":"https:\/\/rioonwatch.org.br\/wp-content\/uploads\/2021\/06\/RioOnWatchcabecalhoPT11anos-2.png","contentUrl":"https:\/\/rioonwatch.org.br\/wp-content\/uploads\/2021\/06\/RioOnWatchcabecalhoPT11anos-2.png","width":779,"height":277,"caption":"RioOnWatch"},"image":{"@id":"https:\/\/rioonwatch.org.br\/#\/schema\/logo\/image\/"}},{"@type":"Person","@id":"https:\/\/rioonwatch.org.br\/#\/schema\/person\/f443c6b55bb6e80842280318076491c5","name":"Luisa Fenizola","image":{"@type":"ImageObject","inLanguage":"pt-BR","@id":"https:\/\/rioonwatch.org.br\/#\/schema\/person\/image\/","url":"https:\/\/secure.gravatar.com\/avatar\/a3d551110162b9f876cbbdaaecf75663?s=96&d=blank&r=g","contentUrl":"https:\/\/secure.gravatar.com\/avatar\/a3d551110162b9f876cbbdaaecf75663?s=96&d=blank&r=g","caption":"Luisa Fenizola"},"url":"https:\/\/rioonwatch.org.br\/?author=152"}]}},"_links":{"self":[{"href":"https:\/\/rioonwatch.org.br\/index.php?rest_route=\/wp\/v2\/posts\/46400"}],"collection":[{"href":"https:\/\/rioonwatch.org.br\/index.php?rest_route=\/wp\/v2\/posts"}],"about":[{"href":"https:\/\/rioonwatch.org.br\/index.php?rest_route=\/wp\/v2\/types\/post"}],"author":[{"embeddable":true,"href":"https:\/\/rioonwatch.org.br\/index.php?rest_route=\/wp\/v2\/users\/152"}],"replies":[{"embeddable":true,"href":"https:\/\/rioonwatch.org.br\/index.php?rest_route=%2Fwp%2Fv2%2Fcomments&post=46400"}],"version-history":[{"count":44,"href":"https:\/\/rioonwatch.org.br\/index.php?rest_route=\/wp\/v2\/posts\/46400\/revisions"}],"predecessor-version":[{"id":47081,"href":"https:\/\/rioonwatch.org.br\/index.php?rest_route=\/wp\/v2\/posts\/46400\/revisions\/47081"}],"wp:featuredmedia":[{"embeddable":true,"href":"https:\/\/rioonwatch.org.br\/index.php?rest_route=\/wp\/v2\/media\/46585"}],"wp:attachment":[{"href":"https:\/\/rioonwatch.org.br\/index.php?rest_route=%2Fwp%2Fv2%2Fmedia&parent=46400"}],"wp:term":[{"taxonomy":"category","embeddable":true,"href":"https:\/\/rioonwatch.org.br\/index.php?rest_route=%2Fwp%2Fv2%2Fcategories&post=46400"},{"taxonomy":"post_tag","embeddable":true,"href":"https:\/\/rioonwatch.org.br\/index.php?rest_route=%2Fwp%2Fv2%2Ftags&post=46400"},{"taxonomy":"writer","embeddable":true,"href":"https:\/\/rioonwatch.org.br\/index.php?rest_route=%2Fwp%2Fv2%2Fwriter&post=46400"},{"taxonomy":"translator","embeddable":true,"href":"https:\/\/rioonwatch.org.br\/index.php?rest_route=%2Fwp%2Fv2%2Ftranslator&post=46400"},{"taxonomy":"source","embeddable":true,"href":"https:\/\/rioonwatch.org.br\/index.php?rest_route=%2Fwp%2Fv2%2Fsource&post=46400"},{"taxonomy":"ilustrador","embeddable":true,"href":"https:\/\/rioonwatch.org.br\/index.php?rest_route=%2Fwp%2Fv2%2Filustrador&post=46400"},{"taxonomy":"fotografo","embeddable":true,"href":"https:\/\/rioonwatch.org.br\/index.php?rest_route=%2Fwp%2Fv2%2Ffotografo&post=46400"}],"curies":[{"name":"wp","href":"https:\/\/api.w.org\/{rel}","templated":true}]}}