{"id":46471,"date":"2020-04-14T13:43:38","date_gmt":"2020-04-14T16:43:38","guid":{"rendered":"https:\/\/rioonwatch.org.br\/?p=46471"},"modified":"2020-05-25T19:58:40","modified_gmt":"2020-05-25T22:58:40","slug":"na-ausencia-do-estado-a-rocinha-se-mobiliza-contra-a-covid-19","status":"publish","type":"post","link":"https:\/\/rioonwatch.org.br\/?p=46471","title":{"rendered":"Ap\u00f3s Duas Mortes e Na Aus\u00eancia do Estado, a Rocinha se Mobiliza Contra a Covid-19"},"content":{"rendered":"<p style=\"text-align: right;\"><em><strong><a href=\"https:\/\/bit.ly\/34gcpGW\" target=\"_blank\" rel=\"noopener noreferrer\">Click Here for English<\/a><a href=\"https:\/\/bit.ly\/34gcpGW\" target=\"_blank\" rel=\"noopener noreferrer\"><img decoding=\"async\" width=\"20\" height=\"20\" class=\"alignright wp-image-15790\" src=\"https:\/\/rioonwatch.org.br\/wp-content\/uploads\/2012\/08\/EN-standard-e1439583104716.jpg\" \/><\/a><\/strong><\/em><\/p>\n<p><i>Esta \u00e9 a nossa mais recente mat\u00e9ria sobre <a href=\"http:\/\/bit.ly\/Covid19NasFavelas\" target=\"_blank\" rel=\"noopener noreferrer\">o novo coronav\u00edrus e seus impactos sobre as favelas<\/a>.\u00a0<\/i><\/p>\n<p><span style=\"font-weight: 400;\">No dia 30 de mar\u00e7o, a <a href=\"http:\/\/bit.ly\/2XuTtjt\" target=\"_blank\" rel=\"noopener noreferrer\">Rocinha<\/a> registrou sua <a href=\"https:\/\/bit.ly\/2R7GAe6\" target=\"_blank\" rel=\"noopener noreferrer\">segunda<\/a> morte <a href=\"https:\/\/bit.ly\/2V6w5tS\" target=\"_blank\" rel=\"noopener noreferrer\">pelo novo coronav\u00edrus<\/a>. Ambas v\u00edtimas, Maria Luiza Santana do Nascimento e Ant\u00f4nio Edson Mesquita Mariano, tinham chegado na Unidade de Tratamento Intensivo da Rocinha apresentando sintomas da Covid-19\u2013tosse, febres altas, dificuldades em respirar\u2013e ambos foram mandados para casa. S\u00f3 no dia 6 de abril, a favela j\u00e1 havia registrado quatro casos confirmados de Covid-19; nem Maria Luiza nem Ant\u00f4nio estavam inclu\u00eddos neste n\u00famero. Hoje, Rocinha <a href=\"https:\/\/bit.ly\/2K125cq\" target=\"_blank\" rel=\"noopener noreferrer\">j\u00e1 conta com 34 casos<\/a>.<\/span><\/p>\n<p><span style=\"font-weight: 400;\">Durante uma semana tensa de mensagens d\u00fabias vindo de diversas inst\u00e2ncias do governo, muitos moradores da Rocinha provisoriamente voltaram ao trabalho. Na sequ\u00eancia dos coment\u00e1rios anti-cient\u00edficos de Jair Bolsonaro durante uma declara\u00e7\u00e3o p\u00fablica em 24 de mar\u00e7o, na qual ele <a href=\"https:\/\/bit.ly\/2UXY0vS\" target=\"_blank\" rel=\"noopener noreferrer\">se referiu<\/a> ao v\u00edrus como nada mais que uma &#8220;gripezinha&#8221;, a circula\u00e7\u00e3o de moradores se reafirmou.\u00a0<\/span>Depois de fecharem inicialmente sob as <a href=\"https:\/\/glo.bo\/2xSTkhQ\" target=\"_blank\" rel=\"noopener noreferrer\">recomenda\u00e7\u00f5es do governo do Estado<\/a>, cerca de metade das lojas nas \u00e1reas comerciais mais movimentadas da Rocinha, a Via \u00c1pia e o Largo do Boiadeiro, reabriram, com alguma &#8220;meia-abertura&#8221; para servi\u00e7os apenas para entregas.<\/p>\n<p style=\"text-align: center;\"><a href=\"https:\/\/rioonwatch.org.br\/wp-content\/uploads\/2020\/04\/Rocinha-Fla\u0301vio-Carvalho.jpg\"><img fetchpriority=\"high\" decoding=\"async\" class=\"aligncenter wp-image-46477 size-medium\" title=\"Via Apia da Rocinha. Foto: Fl\u00e1vio Carvalho \/ Projeto Fotografando a Favela da Rocinha\" src=\"https:\/\/rioonwatch.org.br\/wp-content\/uploads\/2020\/04\/Rocinha-Fla\u0301vio-Carvalho-620x411.jpg\" alt=\"\" width=\"620\" height=\"411\" srcset=\"https:\/\/rioonwatch.org.br\/wp-content\/uploads\/2020\/04\/Rocinha-Fla\u0301vio-Carvalho-620x411.jpg 620w, https:\/\/rioonwatch.org.br\/wp-content\/uploads\/2020\/04\/Rocinha-Fla\u0301vio-Carvalho-399x264.jpg 399w, https:\/\/rioonwatch.org.br\/wp-content\/uploads\/2020\/04\/Rocinha-Fla\u0301vio-Carvalho-768x509.jpg 768w, https:\/\/rioonwatch.org.br\/wp-content\/uploads\/2020\/04\/Rocinha-Fla\u0301vio-Carvalho-1024x678.jpg 1024w, https:\/\/rioonwatch.org.br\/wp-content\/uploads\/2020\/04\/Rocinha-Fla\u0301vio-Carvalho.jpg 2048w\" sizes=\"(max-width: 620px) 100vw, 620px\" \/><\/a><\/p>\n<p><span style=\"font-weight: 400;\">Por toda a cidade\u2013a Rocinha n\u00e3o \u00e9 uma exce\u00e7\u00e3o\u2013Cl\u00ednicas da Fam\u00edlia se depararam com a falta de condi\u00e7\u00f5es para lidar com o surgimento de casos da Covid-19. Sob a administra\u00e7\u00e3o do prefeito Marcelo Crivella, os <a href=\"https:\/\/bit.ly\/2R3av70\" target=\"_blank\" rel=\"noopener noreferrer\">recursos destinados \u00e0 sa\u00fade p\u00fablica foram desviados para outras \u00e1reas<\/a>, e as cl\u00ednicas das comunidades foram as mais afetadas. Na Rocinha, os servi\u00e7os de aten\u00e7\u00e3o b\u00e1sica \u00e0 sa\u00fade sofreram, principalmente, pela <a href=\"https:\/\/rioonwatch.org.br\/?p=46259\" target=\"_blank\" rel=\"noopener noreferrer\">neglig\u00eancia da prefeitura<\/a>, e pelos cortes de or\u00e7amento que levaram a uma redu\u00e7\u00e3o do pessoal, a paralisa\u00e7\u00f5es e atraso nos sal\u00e1rios. A principal Cl\u00ednica da Fam\u00edlia da Rocinha, a Cl\u00ednica Maria do Socorro Silva e Souza, foi <a href=\"https:\/\/bit.ly\/34kB4tN\" target=\"_blank\" rel=\"noopener noreferrer\">especialmente comprometida<\/a>: ao longo do ano passado, a cl\u00ednica perdeu 11 trabalhadores efetivados. Ela agora enfrenta uma car\u00eancia cr\u00f4nica de rem\u00e9dios e suprimentos m\u00e9dicos.<\/span><\/p>\n<figure id=\"attachment_46481\" aria-describedby=\"caption-attachment-46481\" style=\"width: 620px\" class=\"wp-caption aligncenter\"><a href=\"https:\/\/rioonwatch.org.br\/wp-content\/uploads\/2020\/04\/saude-rocinha-1.jpeg\"><img decoding=\"async\" class=\"wp-image-46481 size-medium\" title=\"Trabalhadores da sa\u00fade e moradores protestam do lado de fora da Maria do Socorro Silva. Foto: Arquivos pessoais \/ Eraldo Silva \/ Fala Ro\u00e7a\" src=\"https:\/\/rioonwatch.org.br\/wp-content\/uploads\/2020\/04\/saude-rocinha-1-620x429.jpeg\" alt=\"\" width=\"620\" height=\"429\" srcset=\"https:\/\/rioonwatch.org.br\/wp-content\/uploads\/2020\/04\/saude-rocinha-1-620x429.jpeg 620w, https:\/\/rioonwatch.org.br\/wp-content\/uploads\/2020\/04\/saude-rocinha-1-382x264.jpeg 382w, https:\/\/rioonwatch.org.br\/wp-content\/uploads\/2020\/04\/saude-rocinha-1-768x531.jpeg 768w, https:\/\/rioonwatch.org.br\/wp-content\/uploads\/2020\/04\/saude-rocinha-1-1024x709.jpeg 1024w, https:\/\/rioonwatch.org.br\/wp-content\/uploads\/2020\/04\/saude-rocinha-1.jpeg 1198w\" sizes=\"(max-width: 620px) 100vw, 620px\" \/><\/a><figcaption id=\"caption-attachment-46481\" class=\"wp-caption-text\">Trabalhadores da sa\u00fade e moradores protestam do lado de fora da Maria do Socorro Silva. Foto: Arquivos pessoais \/ Eraldo Silva \/ Fala Ro\u00e7a<\/figcaption><\/figure>\n<p><span style=\"font-weight: 400;\"><a href=\"http:\/\/bit.ly\/2fBvBoW\" target=\"_blank\" rel=\"noopener noreferrer\">De acordo com o site da Prefeitura do Rio<\/a>, &#8220;As Cl\u00ednicas da Fam\u00edlia s\u00e3o um marco que representa a reforma da Aten\u00e7\u00e3o Prim\u00e1ria no munic\u00edpio do Rio de Janeiro. O modelo tem como objetivo focar nas a\u00e7\u00f5es de preven\u00e7\u00e3o, promo\u00e7\u00e3o da sa\u00fade e diagn\u00f3stico precoce de doen\u00e7as&#8221;. Por\u00e9m, no in\u00edcio de mar\u00e7o, a Cl\u00ednica da Fam\u00edlia Rinaldo de Lamare <a href=\"https:\/\/bit.ly\/2XsrhAs\" target=\"_blank\" rel=\"noopener noreferrer\">estava sem m\u00e9dicos<\/a>. As equipes agora foram recompostas e barracas foram instaladas ao ar livre.<\/span><\/p>\n<p><span style=\"font-weight: 400;\">Tais cl\u00ednicas podem brevemente se depararem com superlota\u00e7\u00e3o, dado que as <a href=\"http:\/\/bit.ly\/3dcI8N2\" target=\"_blank\" rel=\"noopener noreferrer\">caracter\u00edsticas f\u00edsicas da favela combinadas com a neglig\u00eancia do Estado as fazem especialmente vulner\u00e1veis<\/a> \u00e0 transmiss\u00e3o do coronav\u00edrus. A Rocinha, em compara\u00e7\u00e3o com outras favelas e a cidade como um todo, \u00e9 particularmente densa, nove vezes <a href=\"http:\/\/bit.ly\/37aN6q3\" target=\"_blank\" rel=\"noopener noreferrer\">mais que a m\u00e9dia na cidade<\/a> e <a href=\"https:\/\/bit.ly\/2UNOjAe\" target=\"_blank\" rel=\"noopener noreferrer\">cinco vezes<\/a> mais densa que a \u00e1rea constru\u00edda na <a href=\"http:\/\/bit.ly\/2WL6FUi\" target=\"_blank\" rel=\"noopener noreferrer\">Zona Sul<\/a>. Algumas partes da comunidade, portanto, j\u00e1 est\u00e3o familiarizadas com doen\u00e7as respirat\u00f3rias (em particular a tuberculose), devido a condi\u00e7\u00f5es prec\u00e1rias, sem ventila\u00e7\u00e3o adequada ou <a href=\"http:\/\/bit.ly\/2lT9KAA\" target=\"_blank\" rel=\"noopener noreferrer\">saneamento de qualidade<\/a>. A <a href=\"https:\/\/bit.ly\/2UTXRIB\" target=\"_blank\" rel=\"noopener noreferrer\">atual falta de \u00e1gua<\/a> na comunidade exacerba a amea\u00e7a.<\/span><\/p>\n<p><a href=\"https:\/\/rioonwatch.org.br\/wp-content\/uploads\/2020\/04\/Muitas-casas-na-Rocinha-na\u0303o-possuem-ligac\u0327o\u0303es-com-a-rede-de-esgoto..jpg\"><img loading=\"lazy\" decoding=\"async\" class=\"aligncenter wp-image-46483 size-medium\" title=\"Muitas casas na Rocinha na\u0303o possuem ligac\u0327o\u0303es com a rede de esgoto.\" src=\"https:\/\/rioonwatch.org.br\/wp-content\/uploads\/2020\/04\/Muitas-casas-na-Rocinha-na\u0303o-possuem-ligac\u0327o\u0303es-com-a-rede-de-esgoto.-620x414.jpg\" alt=\"\" width=\"620\" height=\"414\" srcset=\"https:\/\/rioonwatch.org.br\/wp-content\/uploads\/2020\/04\/Muitas-casas-na-Rocinha-na\u0303o-possuem-ligac\u0327o\u0303es-com-a-rede-de-esgoto..jpg 620w, https:\/\/rioonwatch.org.br\/wp-content\/uploads\/2020\/04\/Muitas-casas-na-Rocinha-na\u0303o-possuem-ligac\u0327o\u0303es-com-a-rede-de-esgoto.-395x264.jpg 395w\" sizes=\"(max-width: 620px) 100vw, 620px\" \/><\/a><\/p>\n<h3><b>Mobiliza\u00e7\u00e3o Comunit\u00e1ria, Solu\u00e7\u00f5es Comunit\u00e1rias<\/b><\/h3>\n<p><span style=\"font-weight: 400;\">Sem as medidas preventivas e provis\u00f5es adequadas de suprimentos, um surto em grande escala de Covid-19 poderia devastar a comunidade. Conscientes dessa amea\u00e7a, <a href=\"https:\/\/bit.ly\/340KKtn\" target=\"_blank\" rel=\"noopener noreferrer\">organiza\u00e7\u00f5es locais e coletivos entraram diretamente em a\u00e7\u00e3o<\/a>, lan\u00e7ando campanhas <a href=\"https:\/\/bit.ly\/2ywNa7s\" target=\"_blank\" rel=\"noopener noreferrer\">em defesa<\/a> e de <a href=\"https:\/\/bit.ly\/2wzR0fx\" target=\"_blank\" rel=\"noopener noreferrer\">doa\u00e7\u00e3o para o fortalecimento de medidas preventivas<\/a>, apoiando alguns dos moradores mais vulner\u00e1veis da comunidade.<\/span><\/p>\n<p><span style=\"font-weight: 400;\">Dentre elas, est\u00e1 o <a href=\"https:\/\/bit.ly\/2xLnfIx\" target=\"_blank\" rel=\"noopener noreferrer\">Vivendo um Sonho<\/a>, um projeto comunit\u00e1rio de surfe iniciado pelo morador Carlos Belo da Silva. A iniciativa usa o surfe como uma ferramenta s\u00f3cio-educacional, oferecendo aulas gratuitas para jovens da comunidade. Desde os primeiros dias de mar\u00e7o, o Vivendo um Sonho fez uma parceria com a ONG <a href=\"https:\/\/bit.ly\/3dY9uqQ\" target=\"_blank\" rel=\"noopener noreferrer\">Grupo Familia na Mesa<\/a> e outras organiza\u00e7\u00f5es locais para entregar comida e kits de higiene para alguns dos cidad\u00e3os mais vulner\u00e1veis. Respeitando a decis\u00e3o do Estado para o fechamento das praias do Rio, Carlos parou de lecionar. Ele decidiu usar suas redes comunit\u00e1rias para ajudar na a\u00e7\u00e3o preventiva na Rocinha. Para Carlos, &#8220;\u00e9 importante, agora, ajudar a comunidade porque muitas pessoas est\u00e3o sem trabalho, v\u00e1rios idosos, muitas fam\u00edlias que t\u00eam pessoas deficientes em casa e n\u00e3o t\u00eam como comprar alimento. Como a gente \u00e9 refer\u00eancia, e temos conhecimento [da comunidade], a gente vai atr\u00e1s e as pessoas doam para a gente estar repassando [as doa\u00e7\u00f5es]&#8221;.<\/span><\/p>\n<p><a href=\"https:\/\/rioonwatch.org.br\/wp-content\/uploads\/2020\/04\/vivendo-um-sonho-resiste.png\"><img loading=\"lazy\" decoding=\"async\" class=\"aligncenter wp-image-46485 size-medium\" title=\"Moradores recebem doa\u00e7\u00f5es do Vivendo Um Sonho. Fotos por Carlos Belo da Silva\" src=\"https:\/\/rioonwatch.org.br\/wp-content\/uploads\/2020\/04\/vivendo-um-sonho-resiste-620x349.png\" alt=\"\" width=\"620\" height=\"349\" srcset=\"https:\/\/rioonwatch.org.br\/wp-content\/uploads\/2020\/04\/vivendo-um-sonho-resiste-620x349.png 620w, https:\/\/rioonwatch.org.br\/wp-content\/uploads\/2020\/04\/vivendo-um-sonho-resiste-469x264.png 469w, https:\/\/rioonwatch.org.br\/wp-content\/uploads\/2020\/04\/vivendo-um-sonho-resiste-768x432.png 768w, https:\/\/rioonwatch.org.br\/wp-content\/uploads\/2020\/04\/vivendo-um-sonho-resiste-1024x576.png 1024w, https:\/\/rioonwatch.org.br\/wp-content\/uploads\/2020\/04\/vivendo-um-sonho-resiste-580x326.png 580w, https:\/\/rioonwatch.org.br\/wp-content\/uploads\/2020\/04\/vivendo-um-sonho-resiste-174x98.png 174w, https:\/\/rioonwatch.org.br\/wp-content\/uploads\/2020\/04\/vivendo-um-sonho-resiste.png 1200w\" sizes=\"(max-width: 620px) 100vw, 620px\" \/><\/a><\/p>\n<p><span style=\"font-weight: 400;\">Outra iniciativa comunit\u00e1ria, <a href=\"https:\/\/bit.ly\/2vN3tfp\" target=\"_blank\" rel=\"noopener noreferrer\">A Rocinha Resiste<\/a> foi lan\u00e7ada no meio de mar\u00e7o usando a hashtag #ARocinhaContraCorona com o objetivo de conscientizar e fomentar o combate contra a Covid-19. O grupo pretende mobilizar sua rede comunit\u00e1ria, usando as doa\u00e7\u00f5es recebidas e seus dados de coleta para trabalhar a preven\u00e7\u00e3o e tratamentos em casos de Covid-19. Esses s\u00e3o servi\u00e7os que o governo deveria estar providenciando, mas como um dos fundadores da rede, Magda Gomes, explicou: &#8220;<\/span>As favelas do Rio de Janeiro s\u00e3o diferentes entre si, mas t\u00eam em <a href=\"https:\/\/youtu.be\/sxwTqGzCUyc\" target=\"_blank\" rel=\"noopener noreferrer\">comum defici\u00eancias hist\u00f3ricas<\/a> de infraestrutura urbana b\u00e1sica e de presta\u00e7\u00e3o de servi\u00e7os p\u00fablicos, que deveriam ser direitos de qualquer um, mas s\u00e3o restritos \u00e0s \u00e1reas mais abastadas da cidade\u201d.<\/p>\n<p><a href=\"https:\/\/rioonwatch.org.br\/wp-content\/uploads\/2020\/04\/A-Rocinha-Resiste.png\"><img loading=\"lazy\" decoding=\"async\" class=\"aligncenter wp-image-46487 size-medium\" title=\"A Rocinha Resiste chama por a\u00e7\u00e3o.\" src=\"https:\/\/rioonwatch.org.br\/wp-content\/uploads\/2020\/04\/A-Rocinha-Resiste-620x620.png\" alt=\"\" width=\"620\" height=\"620\" srcset=\"https:\/\/rioonwatch.org.br\/wp-content\/uploads\/2020\/04\/A-Rocinha-Resiste-620x620.png 620w, https:\/\/rioonwatch.org.br\/wp-content\/uploads\/2020\/04\/A-Rocinha-Resiste-264x264.png 264w, https:\/\/rioonwatch.org.br\/wp-content\/uploads\/2020\/04\/A-Rocinha-Resiste-768x768.png 768w, https:\/\/rioonwatch.org.br\/wp-content\/uploads\/2020\/04\/A-Rocinha-Resiste.png 1000w\" sizes=\"(max-width: 620px) 100vw, 620px\" \/><\/a><\/p>\n<p><span style=\"font-weight: 400;\">Enquanto o presidente continua a liderar o pa\u00eds em dire\u00e7\u00e3o a uma cat\u00e1strofe da sa\u00fade, as favelas da na\u00e7\u00e3o s\u00e3o as \u00e1reas mais vulner\u00e1veis perante a pandemia. Diante de uma crise de sa\u00fade p\u00fablica de propor\u00e7\u00f5es sem precedentes, a Rocinha continua a trabalhar em conjunto\u2013como sempre fez\u2013na aus\u00eancia de assist\u00eancia m\u00e9dica adequada e do acesso aos servi\u00e7os do Estado.<\/span><\/p>\n<hr \/>\n<p><i><span style=\"font-weight: 400;\">Se voc\u00ea deseja fazer uma doa\u00e7\u00e3o ou contatar algumas das organiza\u00e7\u00f5es mencionadas nesta mat\u00e9ria, voc\u00ea pode contat\u00e1-los usando as informa\u00e7\u00f5es a seguir:<\/span><\/i><\/p>\n<p><span style=\"text-decoration: underline;\"><strong>Vivendo Um Sonho (e organiza\u00e7\u00f5es parceiras)<\/strong><\/span><\/p>\n<p style=\"text-align: left;\">Instagram: <a href=\"https:\/\/bit.ly\/2Xhbkx0\" target=\"_blank\" rel=\"noopener noreferrer\">@vussurfrocinha<\/a> <a href=\"https:\/\/bit.ly\/3aQRLPU\" target=\"_blank\" rel=\"noopener noreferrer\">@grupofamilianamesa<\/a><\/p>\n<p><span style=\"text-decoration: underline;\"><strong>A Rocinha Resiste<\/strong><\/span><\/p>\n<p>Instagram: <a href=\"https:\/\/bit.ly\/3bUfU8v\" target=\"_blank\" rel=\"noopener noreferrer\">@arocinharesiste<\/a> <a href=\"https:\/\/bit.ly\/3bXWcc8\" target=\"_blank\" rel=\"noopener noreferrer\">@maagdaagomes<\/a><br \/>\nWhatsApp: +55 21 99006-3901<br \/>\nEmail: arocinharesiste@gmail.com<\/p>\n<hr \/>\n<h4>Apoie o jornalismo hiperlocal, cr\u00edtico, inovador e incans\u00e1vel do\u00a0<em>RioOnWatch<\/em>. #QueroReportagensSobreFavelas\u2014<a href=\"http:\/\/bit.ly\/CatalisandoComunidades\">doe aqui<\/a>.<\/h4>\n<!-- AddThis Advanced Settings generic via filter on the_content --><!-- AddThis Share Buttons generic via filter on the_content -->","protected":false},"excerpt":{"rendered":"<div class=\"mh-excerpt\"><p>Click Here for English Esta \u00e9 a nossa mais recente mat\u00e9ria sobre o novo coronav\u00edrus e seus impactos sobre as favelas.\u00a0 No dia 30 de mar\u00e7o, a Rocinha registrou sua segunda morte pelo novo coronav\u00edrus. <a class=\"mh-excerpt-more\" href=\"https:\/\/rioonwatch.org.br\/?p=46471\" title=\"Ap\u00f3s Duas Mortes e Na Aus\u00eancia do Estado, a Rocinha se Mobiliza Contra a Covid-19\">[&#8230;]<\/a><!-- AddThis Advanced Settings generic via filter on get_the_excerpt --><!-- AddThis Share Buttons generic via filter on get_the_excerpt --><\/p>\n<\/div>","protected":false},"author":129,"featured_media":46473,"comment_status":"closed","ping_status":"closed","sticky":false,"template":"","format":"standard","meta":{"_acf_changed":false,"_monsterinsights_skip_tracking":false,"_monsterinsights_sitenote_active":false,"_monsterinsights_sitenote_note":"","_monsterinsights_sitenote_category":0,"footnotes":""},"categories":[2753,1621,1626,1388],"tags":[510,2814,750,2748,1982,417,358,16,294,2289,2754,476,782,383],"writer":[2695],"translator":[2713],"source":[],"ilustrador":[],"fotografo":[],"class_list":{"0":"post-46471","1":"post","2":"type-post","3":"status-publish","4":"format-standard","5":"has-post-thumbnail","7":"category-covid19nasfavelas","8":"category-destaque","9":"category-por-observadores-internacionais","10":"category-formas-de-apoiar","11":"tag-agua","12":"tag-bolsonaro-sabota-prevencao-a-covid-19","13":"tag-clinica-da-familia","14":"tag-coronavirus","15":"tag-marcelo-crivella","16":"tag-negligencia-do-estado","17":"tag-organizacao-comunitaria","18":"tag-rocinha","19":"tag-saude","20":"tag-serie","21":"tag-serie-covid-19-nas-favelas","22":"tag-solucao-comunitaria","23":"tag-sus","24":"tag-zona-sul","25":"writer-tara-nelson","26":"translator-sofia-kawall"},"acf":[],"yoast_head":"<!-- This site is optimized with the Yoast SEO plugin v25.6 - https:\/\/yoast.com\/wordpress\/plugins\/seo\/ -->\n<title>Ap\u00f3s Duas Mortes e Na Aus\u00eancia do Estado, a Rocinha se Mobiliza Contra a Covid-19 - RioOnWatch<\/title>\n<meta name=\"robots\" content=\"index, follow, max-snippet:-1, max-image-preview:large, max-video-preview:-1\" \/>\n<link rel=\"canonical\" href=\"https:\/\/rioonwatch.org.br\/?p=46471\" \/>\n<meta property=\"og:locale\" content=\"pt_BR\" \/>\n<meta property=\"og:type\" content=\"article\" \/>\n<meta property=\"og:title\" content=\"Ap\u00f3s Duas Mortes e Na Aus\u00eancia do Estado, a Rocinha se Mobiliza Contra a Covid-19 - RioOnWatch\" \/>\n<meta property=\"og:description\" content=\"Click Here for English Esta \u00e9 a nossa mais recente mat\u00e9ria sobre o novo coronav\u00edrus e seus impactos sobre as favelas.\u00a0 No dia 30 de mar\u00e7o, a Rocinha registrou sua segunda morte pelo novo coronav\u00edrus. [...]\" \/>\n<meta property=\"og:url\" content=\"https:\/\/rioonwatch.org.br\/?p=46471\" \/>\n<meta property=\"og:site_name\" content=\"RioOnWatch\" \/>\n<meta property=\"article:published_time\" content=\"2020-04-14T16:43:38+00:00\" \/>\n<meta property=\"article:modified_time\" content=\"2020-05-25T22:58:40+00:00\" \/>\n<meta property=\"og:image\" content=\"https:\/\/rioonwatch.org.br\/wp-content\/uploads\/2020\/04\/Rocinha.jpg\" \/>\n\t<meta property=\"og:image:width\" content=\"2048\" \/>\n\t<meta property=\"og:image:height\" content=\"1536\" \/>\n\t<meta property=\"og:image:type\" content=\"image\/jpeg\" \/>\n<meta name=\"author\" content=\"Admin\" \/>\n<meta name=\"twitter:card\" content=\"summary_large_image\" \/>\n<meta name=\"twitter:label1\" content=\"Escrito por\" \/>\n\t<meta name=\"twitter:data1\" content=\"Admin\" \/>\n\t<meta name=\"twitter:label2\" content=\"Est. tempo de leitura\" \/>\n\t<meta name=\"twitter:data2\" content=\"6 minutos\" \/>\n<script type=\"application\/ld+json\" class=\"yoast-schema-graph\">{\"@context\":\"https:\/\/schema.org\",\"@graph\":[{\"@type\":\"Article\",\"@id\":\"https:\/\/rioonwatch.org.br\/?p=46471#article\",\"isPartOf\":{\"@id\":\"https:\/\/rioonwatch.org.br\/?p=46471\"},\"author\":{\"name\":\"Admin\",\"@id\":\"https:\/\/rioonwatch.org.br\/#\/schema\/person\/11d64c290506f9df50c71b850c473f68\"},\"headline\":\"Ap\u00f3s Duas Mortes e Na Aus\u00eancia do Estado, a Rocinha se Mobiliza Contra a Covid-19\",\"datePublished\":\"2020-04-14T16:43:38+00:00\",\"dateModified\":\"2020-05-25T22:58:40+00:00\",\"mainEntityOfPage\":{\"@id\":\"https:\/\/rioonwatch.org.br\/?p=46471\"},\"wordCount\":1134,\"publisher\":{\"@id\":\"https:\/\/rioonwatch.org.br\/#organization\"},\"image\":{\"@id\":\"https:\/\/rioonwatch.org.br\/?p=46471#primaryimage\"},\"thumbnailUrl\":\"https:\/\/rioonwatch.org.br\/wp-content\/uploads\/2020\/04\/Rocinha.jpg\",\"keywords\":[\"\u00e1gua\",\"Bolsonaro sabota preven\u00e7\u00e3o \u00e0 Covid-19\",\"Cl\u00ednica da Fam\u00edlia\",\"coronav\u00edrus\",\"Marcelo Crivella\",\"Neglig\u00eancia do Estado\",\"organiza\u00e7\u00e3o comunit\u00e1ria\",\"Rocinha\",\"sa\u00fade\",\"S\u00e9rie\",\"S\u00e9rie: Covid-19 Nas Favelas\",\"solu\u00e7\u00e3o comunit\u00e1ria\",\"SUS\",\"Zona Sul\"],\"articleSection\":[\"#Covid19NasFavelas\",\"*Destaque\",\"Escrito por Aliados\",\"Formas de Apoiar\"],\"inLanguage\":\"pt-BR\"},{\"@type\":\"WebPage\",\"@id\":\"https:\/\/rioonwatch.org.br\/?p=46471\",\"url\":\"https:\/\/rioonwatch.org.br\/?p=46471\",\"name\":\"Ap\u00f3s Duas Mortes e Na Aus\u00eancia do Estado, a Rocinha se Mobiliza Contra a Covid-19 - RioOnWatch\",\"isPartOf\":{\"@id\":\"https:\/\/rioonwatch.org.br\/#website\"},\"primaryImageOfPage\":{\"@id\":\"https:\/\/rioonwatch.org.br\/?p=46471#primaryimage\"},\"image\":{\"@id\":\"https:\/\/rioonwatch.org.br\/?p=46471#primaryimage\"},\"thumbnailUrl\":\"https:\/\/rioonwatch.org.br\/wp-content\/uploads\/2020\/04\/Rocinha.jpg\",\"datePublished\":\"2020-04-14T16:43:38+00:00\",\"dateModified\":\"2020-05-25T22:58:40+00:00\",\"breadcrumb\":{\"@id\":\"https:\/\/rioonwatch.org.br\/?p=46471#breadcrumb\"},\"inLanguage\":\"pt-BR\",\"potentialAction\":[{\"@type\":\"ReadAction\",\"target\":[\"https:\/\/rioonwatch.org.br\/?p=46471\"]}]},{\"@type\":\"ImageObject\",\"inLanguage\":\"pt-BR\",\"@id\":\"https:\/\/rioonwatch.org.br\/?p=46471#primaryimage\",\"url\":\"https:\/\/rioonwatch.org.br\/wp-content\/uploads\/2020\/04\/Rocinha.jpg\",\"contentUrl\":\"https:\/\/rioonwatch.org.br\/wp-content\/uploads\/2020\/04\/Rocinha.jpg\",\"width\":2048,\"height\":1536},{\"@type\":\"BreadcrumbList\",\"@id\":\"https:\/\/rioonwatch.org.br\/?p=46471#breadcrumb\",\"itemListElement\":[{\"@type\":\"ListItem\",\"position\":1,\"name\":\"In\u00edcio\",\"item\":\"https:\/\/rioonwatch.org.br\/\"},{\"@type\":\"ListItem\",\"position\":2,\"name\":\"Ap\u00f3s Duas Mortes e Na Aus\u00eancia do Estado, a Rocinha se Mobiliza Contra a Covid-19\"}]},{\"@type\":\"WebSite\",\"@id\":\"https:\/\/rioonwatch.org.br\/#website\",\"url\":\"https:\/\/rioonwatch.org.br\/\",\"name\":\"RioOnWatch\",\"description\":\"relatos das favelas cariocas\",\"publisher\":{\"@id\":\"https:\/\/rioonwatch.org.br\/#organization\"},\"potentialAction\":[{\"@type\":\"SearchAction\",\"target\":{\"@type\":\"EntryPoint\",\"urlTemplate\":\"https:\/\/rioonwatch.org.br\/?s={search_term_string}\"},\"query-input\":{\"@type\":\"PropertyValueSpecification\",\"valueRequired\":true,\"valueName\":\"search_term_string\"}}],\"inLanguage\":\"pt-BR\"},{\"@type\":\"Organization\",\"@id\":\"https:\/\/rioonwatch.org.br\/#organization\",\"name\":\"RioOnWatch\",\"url\":\"https:\/\/rioonwatch.org.br\/\",\"logo\":{\"@type\":\"ImageObject\",\"inLanguage\":\"pt-BR\",\"@id\":\"https:\/\/rioonwatch.org.br\/#\/schema\/logo\/image\/\",\"url\":\"https:\/\/rioonwatch.org.br\/wp-content\/uploads\/2021\/06\/RioOnWatchcabecalhoPT11anos-2.png\",\"contentUrl\":\"https:\/\/rioonwatch.org.br\/wp-content\/uploads\/2021\/06\/RioOnWatchcabecalhoPT11anos-2.png\",\"width\":779,\"height\":277,\"caption\":\"RioOnWatch\"},\"image\":{\"@id\":\"https:\/\/rioonwatch.org.br\/#\/schema\/logo\/image\/\"}},{\"@type\":\"Person\",\"@id\":\"https:\/\/rioonwatch.org.br\/#\/schema\/person\/11d64c290506f9df50c71b850c473f68\",\"name\":\"Admin\",\"image\":{\"@type\":\"ImageObject\",\"inLanguage\":\"pt-BR\",\"@id\":\"https:\/\/rioonwatch.org.br\/#\/schema\/person\/image\/\",\"url\":\"https:\/\/secure.gravatar.com\/avatar\/56211ac74568383903349a1485e3c325?s=96&d=blank&r=g\",\"contentUrl\":\"https:\/\/secure.gravatar.com\/avatar\/56211ac74568383903349a1485e3c325?s=96&d=blank&r=g\",\"caption\":\"Admin\"},\"url\":\"https:\/\/rioonwatch.org.br\/?author=129\"}]}<\/script>\n<!-- \/ Yoast SEO plugin. -->","yoast_head_json":{"title":"Ap\u00f3s Duas Mortes e Na Aus\u00eancia do Estado, a Rocinha se Mobiliza Contra a Covid-19 - RioOnWatch","robots":{"index":"index","follow":"follow","max-snippet":"max-snippet:-1","max-image-preview":"max-image-preview:large","max-video-preview":"max-video-preview:-1"},"canonical":"https:\/\/rioonwatch.org.br\/?p=46471","og_locale":"pt_BR","og_type":"article","og_title":"Ap\u00f3s Duas Mortes e Na Aus\u00eancia do Estado, a Rocinha se Mobiliza Contra a Covid-19 - RioOnWatch","og_description":"Click Here for English Esta \u00e9 a nossa mais recente mat\u00e9ria sobre o novo coronav\u00edrus e seus impactos sobre as favelas.\u00a0 No dia 30 de mar\u00e7o, a Rocinha registrou sua segunda morte pelo novo coronav\u00edrus. [...]","og_url":"https:\/\/rioonwatch.org.br\/?p=46471","og_site_name":"RioOnWatch","article_published_time":"2020-04-14T16:43:38+00:00","article_modified_time":"2020-05-25T22:58:40+00:00","og_image":[{"width":2048,"height":1536,"url":"https:\/\/rioonwatch.org.br\/wp-content\/uploads\/2020\/04\/Rocinha.jpg","type":"image\/jpeg"}],"author":"Admin","twitter_card":"summary_large_image","twitter_misc":{"Escrito por":"Admin","Est. tempo de leitura":"6 minutos"},"schema":{"@context":"https:\/\/schema.org","@graph":[{"@type":"Article","@id":"https:\/\/rioonwatch.org.br\/?p=46471#article","isPartOf":{"@id":"https:\/\/rioonwatch.org.br\/?p=46471"},"author":{"name":"Admin","@id":"https:\/\/rioonwatch.org.br\/#\/schema\/person\/11d64c290506f9df50c71b850c473f68"},"headline":"Ap\u00f3s Duas Mortes e Na Aus\u00eancia do Estado, a Rocinha se Mobiliza Contra a Covid-19","datePublished":"2020-04-14T16:43:38+00:00","dateModified":"2020-05-25T22:58:40+00:00","mainEntityOfPage":{"@id":"https:\/\/rioonwatch.org.br\/?p=46471"},"wordCount":1134,"publisher":{"@id":"https:\/\/rioonwatch.org.br\/#organization"},"image":{"@id":"https:\/\/rioonwatch.org.br\/?p=46471#primaryimage"},"thumbnailUrl":"https:\/\/rioonwatch.org.br\/wp-content\/uploads\/2020\/04\/Rocinha.jpg","keywords":["\u00e1gua","Bolsonaro sabota preven\u00e7\u00e3o \u00e0 Covid-19","Cl\u00ednica da Fam\u00edlia","coronav\u00edrus","Marcelo Crivella","Neglig\u00eancia do Estado","organiza\u00e7\u00e3o comunit\u00e1ria","Rocinha","sa\u00fade","S\u00e9rie","S\u00e9rie: Covid-19 Nas Favelas","solu\u00e7\u00e3o comunit\u00e1ria","SUS","Zona Sul"],"articleSection":["#Covid19NasFavelas","*Destaque","Escrito por Aliados","Formas de Apoiar"],"inLanguage":"pt-BR"},{"@type":"WebPage","@id":"https:\/\/rioonwatch.org.br\/?p=46471","url":"https:\/\/rioonwatch.org.br\/?p=46471","name":"Ap\u00f3s Duas Mortes e Na Aus\u00eancia do Estado, a Rocinha se Mobiliza Contra a Covid-19 - RioOnWatch","isPartOf":{"@id":"https:\/\/rioonwatch.org.br\/#website"},"primaryImageOfPage":{"@id":"https:\/\/rioonwatch.org.br\/?p=46471#primaryimage"},"image":{"@id":"https:\/\/rioonwatch.org.br\/?p=46471#primaryimage"},"thumbnailUrl":"https:\/\/rioonwatch.org.br\/wp-content\/uploads\/2020\/04\/Rocinha.jpg","datePublished":"2020-04-14T16:43:38+00:00","dateModified":"2020-05-25T22:58:40+00:00","breadcrumb":{"@id":"https:\/\/rioonwatch.org.br\/?p=46471#breadcrumb"},"inLanguage":"pt-BR","potentialAction":[{"@type":"ReadAction","target":["https:\/\/rioonwatch.org.br\/?p=46471"]}]},{"@type":"ImageObject","inLanguage":"pt-BR","@id":"https:\/\/rioonwatch.org.br\/?p=46471#primaryimage","url":"https:\/\/rioonwatch.org.br\/wp-content\/uploads\/2020\/04\/Rocinha.jpg","contentUrl":"https:\/\/rioonwatch.org.br\/wp-content\/uploads\/2020\/04\/Rocinha.jpg","width":2048,"height":1536},{"@type":"BreadcrumbList","@id":"https:\/\/rioonwatch.org.br\/?p=46471#breadcrumb","itemListElement":[{"@type":"ListItem","position":1,"name":"In\u00edcio","item":"https:\/\/rioonwatch.org.br\/"},{"@type":"ListItem","position":2,"name":"Ap\u00f3s Duas Mortes e Na Aus\u00eancia do Estado, a Rocinha se Mobiliza Contra a Covid-19"}]},{"@type":"WebSite","@id":"https:\/\/rioonwatch.org.br\/#website","url":"https:\/\/rioonwatch.org.br\/","name":"RioOnWatch","description":"relatos das favelas cariocas","publisher":{"@id":"https:\/\/rioonwatch.org.br\/#organization"},"potentialAction":[{"@type":"SearchAction","target":{"@type":"EntryPoint","urlTemplate":"https:\/\/rioonwatch.org.br\/?s={search_term_string}"},"query-input":{"@type":"PropertyValueSpecification","valueRequired":true,"valueName":"search_term_string"}}],"inLanguage":"pt-BR"},{"@type":"Organization","@id":"https:\/\/rioonwatch.org.br\/#organization","name":"RioOnWatch","url":"https:\/\/rioonwatch.org.br\/","logo":{"@type":"ImageObject","inLanguage":"pt-BR","@id":"https:\/\/rioonwatch.org.br\/#\/schema\/logo\/image\/","url":"https:\/\/rioonwatch.org.br\/wp-content\/uploads\/2021\/06\/RioOnWatchcabecalhoPT11anos-2.png","contentUrl":"https:\/\/rioonwatch.org.br\/wp-content\/uploads\/2021\/06\/RioOnWatchcabecalhoPT11anos-2.png","width":779,"height":277,"caption":"RioOnWatch"},"image":{"@id":"https:\/\/rioonwatch.org.br\/#\/schema\/logo\/image\/"}},{"@type":"Person","@id":"https:\/\/rioonwatch.org.br\/#\/schema\/person\/11d64c290506f9df50c71b850c473f68","name":"Admin","image":{"@type":"ImageObject","inLanguage":"pt-BR","@id":"https:\/\/rioonwatch.org.br\/#\/schema\/person\/image\/","url":"https:\/\/secure.gravatar.com\/avatar\/56211ac74568383903349a1485e3c325?s=96&d=blank&r=g","contentUrl":"https:\/\/secure.gravatar.com\/avatar\/56211ac74568383903349a1485e3c325?s=96&d=blank&r=g","caption":"Admin"},"url":"https:\/\/rioonwatch.org.br\/?author=129"}]}},"_links":{"self":[{"href":"https:\/\/rioonwatch.org.br\/index.php?rest_route=\/wp\/v2\/posts\/46471"}],"collection":[{"href":"https:\/\/rioonwatch.org.br\/index.php?rest_route=\/wp\/v2\/posts"}],"about":[{"href":"https:\/\/rioonwatch.org.br\/index.php?rest_route=\/wp\/v2\/types\/post"}],"author":[{"embeddable":true,"href":"https:\/\/rioonwatch.org.br\/index.php?rest_route=\/wp\/v2\/users\/129"}],"replies":[{"embeddable":true,"href":"https:\/\/rioonwatch.org.br\/index.php?rest_route=%2Fwp%2Fv2%2Fcomments&post=46471"}],"version-history":[{"count":21,"href":"https:\/\/rioonwatch.org.br\/index.php?rest_route=\/wp\/v2\/posts\/46471\/revisions"}],"predecessor-version":[{"id":46502,"href":"https:\/\/rioonwatch.org.br\/index.php?rest_route=\/wp\/v2\/posts\/46471\/revisions\/46502"}],"wp:featuredmedia":[{"embeddable":true,"href":"https:\/\/rioonwatch.org.br\/index.php?rest_route=\/wp\/v2\/media\/46473"}],"wp:attachment":[{"href":"https:\/\/rioonwatch.org.br\/index.php?rest_route=%2Fwp%2Fv2%2Fmedia&parent=46471"}],"wp:term":[{"taxonomy":"category","embeddable":true,"href":"https:\/\/rioonwatch.org.br\/index.php?rest_route=%2Fwp%2Fv2%2Fcategories&post=46471"},{"taxonomy":"post_tag","embeddable":true,"href":"https:\/\/rioonwatch.org.br\/index.php?rest_route=%2Fwp%2Fv2%2Ftags&post=46471"},{"taxonomy":"writer","embeddable":true,"href":"https:\/\/rioonwatch.org.br\/index.php?rest_route=%2Fwp%2Fv2%2Fwriter&post=46471"},{"taxonomy":"translator","embeddable":true,"href":"https:\/\/rioonwatch.org.br\/index.php?rest_route=%2Fwp%2Fv2%2Ftranslator&post=46471"},{"taxonomy":"source","embeddable":true,"href":"https:\/\/rioonwatch.org.br\/index.php?rest_route=%2Fwp%2Fv2%2Fsource&post=46471"},{"taxonomy":"ilustrador","embeddable":true,"href":"https:\/\/rioonwatch.org.br\/index.php?rest_route=%2Fwp%2Fv2%2Filustrador&post=46471"},{"taxonomy":"fotografo","embeddable":true,"href":"https:\/\/rioonwatch.org.br\/index.php?rest_route=%2Fwp%2Fv2%2Ffotografo&post=46471"}],"curies":[{"name":"wp","href":"https:\/\/api.w.org\/{rel}","templated":true}]}}