{"id":46504,"date":"2020-04-15T14:25:29","date_gmt":"2020-04-15T17:25:29","guid":{"rendered":"https:\/\/rioonwatch.org.br\/?p=46504"},"modified":"2024-01-17T11:11:21","modified_gmt":"2024-01-17T14:11:21","slug":"coronavirus-no-dia-a-dia-das-favelas-parte-5-resposta-da-mare-frente-ao-desafio-de-informar","status":"publish","type":"post","link":"https:\/\/rioonwatch.org.br\/?p=46504","title":{"rendered":"Coronav\u00edrus no Dia a Dia das Favelas, Parte 5: Resposta da Mar\u00e9 Frente ao Desafio de Informar"},"content":{"rendered":"<p style=\"text-align: right;\"><em><strong><a href=\"https:\/\/bit.ly\/2KEJm6G\" target=\"_blank\" rel=\"noopener noreferrer\">Click Here for English<\/a><a href=\"https:\/\/bit.ly\/2KEJm6G\" target=\"_blank\" rel=\"noopener noreferrer\"><img decoding=\"async\" width=\"20\" height=\"20\" class=\"alignright wp-image-15790\" src=\"http:\/\/rioonwatch.org.br\/wp-content\/uploads\/2012\/08\/EN-standard-e1439583104716.jpg\" \/><\/a><\/strong><\/em><\/p>\n<p><em><a href=\"https:\/\/rioonwatch.org.br\/wp-content\/uploads\/2019\/08\/SDSU.png\" rel=\"prettyPhoto\"><img decoding=\"async\" class=\"wp-image-42675 alignright\" src=\"https:\/\/rioonwatch.org.br\/wp-content\/uploads\/2019\/08\/SDSU.png\" sizes=\"(max-width: 200px) 100vw, 200px\" srcset=\"https:\/\/rioonwatch.org.br\/wp-content\/uploads\/2019\/08\/SDSU.png 1934w, https:\/\/rioonwatch.org.br\/wp-content\/uploads\/2019\/08\/SDSU-620x211.png 620w, https:\/\/rioonwatch.org.br\/wp-content\/uploads\/2019\/08\/SDSU-768x261.png 768w, https:\/\/rioonwatch.org.br\/wp-content\/uploads\/2019\/08\/SDSU-1024x348.png 1024w\" alt=\"\" width=\"200\" height=\"68\" \/><\/a><i><\/i><\/em><\/p>\n<p><em><strong>Essa mat\u00e9ria oriunda da Mar\u00e9, \u00e9 a quinta de uma <a href=\"https:\/\/bit.ly\/2wRgF3t\" target=\"_blank\" rel=\"noopener noreferrer\">s\u00e9rie sobre o impacto da pandemia do coronav\u00edrus no dia a dia das favelas<\/a>, em parceria com o Centro Behner Stiefel de Estudos Brasileiros da Universidade Estadual de San Diego<\/strong>.\u00a0<\/em><\/p>\n<h4><i><span style=\"font-weight: 400;\">Falta de pol\u00edticas p\u00fablicas e desinforma\u00e7\u00e3o evidenciam vulnerabilidade das favelas cariocas em meio \u00e0 pandemia de Covid-19; comunicadores e ONGs locais se mobilizam para tentar ajudar as fam\u00edlias.<\/span><\/i><\/h4>\n<h3><strong>A Realidade Favelada e a Necessidade da Informa\u00e7\u00e3o<\/strong><\/h3>\n<p><span style=\"font-weight: 400;\">Desde quando come\u00e7aram as <\/span><a href=\"https:\/\/bit.ly\/3cngmfP\" target=\"_blank\" rel=\"noopener noreferrer\"><span style=\"font-weight: 400;\">recomenda\u00e7\u00f5es do Minist\u00e9rio da Sa\u00fade<\/span><\/a><span style=\"font-weight: 400;\"> e da <a href=\"https:\/\/bit.ly\/2WTERN8\" target=\"_blank\" rel=\"noopener noreferrer\">Organiza\u00e7\u00e3o Mundial da Sa\u00fade (OMS)<\/a> para que toda a popula\u00e7\u00e3o brasileira ficasse em suas casas, respeitando o isolamento social para a n\u00e3o propaga\u00e7\u00e3o do <a href=\"https:\/\/bit.ly\/2QZjDJI\" target=\"_blank\" rel=\"noopener noreferrer\">novo coronav\u00edrus<\/a>, os moradores de favelas e periferias se viram com grandes desafios pela frente. Parte das orienta\u00e7\u00f5es n\u00e3o contemplava a realidade dos favelados e perif\u00e9ricos, afinal, n\u00e3o s\u00e3o em todas as favelas que existem, por exemplo, <\/span><a href=\"https:\/\/bit.ly\/2UOQlQG\" target=\"_blank\" rel=\"noopener noreferrer\"><span style=\"font-weight: 400;\">abastecimento regular de \u00e1gua<\/span><\/a><span style=\"font-weight: 400;\">. Outro problema \u00e9 a quest\u00e3o da aglomera\u00e7\u00e3o, j\u00e1 que as casas destes locais t\u00eam, frequentemente, apenas um ou dois c\u00f4modos.<\/span><span style=\"font-weight: 400;\">\u00a0<\/span><\/p>\n<p><span style=\"font-weight: 400;\">Por essas raz\u00f5es, o cen\u00e1rio que se v\u00ea nas favelas \u00e9 bem diferente daquele observado em \u00e1reas de classe m\u00e9dia e alta da cidade do Rio de Janeiro. Se, nestas \u00e1reas, h\u00e1 pouca circula\u00e7\u00e3o de pessoas, no <a href=\"http:\/\/bit.ly\/2K1s59x\" target=\"_blank\" rel=\"noopener noreferrer\">Conjunto de Favelas da Mar\u00e9<\/a>, <a href=\"http:\/\/bit.ly\/2ETpYR1\" target=\"_blank\" rel=\"noopener noreferrer\">Zona Norte<\/a>, a movimenta\u00e7\u00e3o n\u00e3o parou.<\/span><\/p>\n<p><span style=\"font-weight: 400;\">\u201cN\u00e3o \u00e9 uma coisa s\u00f3. Crian\u00e7a quer espa\u00e7o, <a href=\"http:\/\/bit.ly\/30Z5eQK\" target=\"_blank\" rel=\"noopener noreferrer\">a rua \u00e9 a extens\u00e3o da casa do jovem<\/a>. Outros s\u00e3o obrigados a trabalhar. As coisas est\u00e3o dif\u00edceis, e em \u00e9pocas de medo e solid\u00e3o ficamos fragilizados. Tecnologia n\u00e3o substitui o contato e a conversa da esquina\u201d, explica <a href=\"https:\/\/bit.ly\/3bcgdM1\" target=\"_blank\" rel=\"noopener noreferrer\">Bira Carvalho<\/a>, fot\u00f3grafo e morador da <a href=\"http:\/\/bit.ly\/2LMcg6I\" target=\"_blank\" rel=\"noopener noreferrer\">Nova Holanda<\/a> h\u00e1 mais de 45 anos.<\/span><\/p>\n<p><a href=\"https:\/\/bit.ly\/2K3SlOu\" target=\"_blank\" rel=\"noopener noreferrer\"><span style=\"font-weight: 400;\">As falas do Presidente da Rep\u00fablica<\/span><\/a><span style=\"font-weight: 400;\">, <a href=\"https:\/\/bit.ly\/2XDbQFM\" target=\"_blank\" rel=\"noopener noreferrer\">Jair Bolsonaro<\/a>, aliadas a de <a href=\"https:\/\/bit.ly\/2K5P7dw\" target=\"_blank\" rel=\"noopener noreferrer\">grandes empres\u00e1rios<\/a>, de que a popula\u00e7\u00e3o poderia voltar \u00e0 rotina normalmente, adicionada a intensa troca de <\/span><i><span style=\"font-weight: 400;\">fake news,<\/span><\/i><span style=\"font-weight: 400;\"> fizeram aumentar o n\u00famero de moradores pelas ruas. Esta diretriz dificultou ainda mais a conscientiza\u00e7\u00e3o das pessoas quanto a gravidade da pandemia. Com isso, a popula\u00e7\u00e3o come\u00e7ou a <\/span><span style=\"font-weight: 400;\">desacreditar nos <\/span><a href=\"https:\/\/bit.ly\/2z1LtPE\" target=\"_blank\" rel=\"noopener noreferrer\"><span style=\"font-weight: 400;\">dados da OMS<\/span><\/a><span style=\"font-weight: 400;\"> e do Minist\u00e9rio da Sa\u00fade, aumentando os <a href=\"https:\/\/bit.ly\/34yYfRp\" target=\"_blank\" rel=\"noopener noreferrer\">desafios para os comunicadores<\/a> da Mar\u00e9 <a href=\"http:\/\/bit.ly\/3dcI8N2\" target=\"_blank\" rel=\"noopener noreferrer\">devido \u00e0 a contra-informa\u00e7\u00e3o<\/a>.\u00a0<\/span><\/p>\n<p><a href=\"https:\/\/rioonwatch.org.br\/wp-content\/uploads\/2020\/04\/Faixas-na-Mar\u00e9-1.jpeg\"><img fetchpriority=\"high\" decoding=\"async\" class=\"size-content wp-image-46516 aligncenter\" src=\"https:\/\/rioonwatch.org.br\/wp-content\/uploads\/2020\/04\/Faixas-na-Mar\u00e9-1-620x264.jpeg\" alt=\"\" width=\"620\" height=\"264\" srcset=\"https:\/\/rioonwatch.org.br\/wp-content\/uploads\/2020\/04\/Faixas-na-Mar\u00e9-1-620x264.jpeg 620w, https:\/\/rioonwatch.org.br\/wp-content\/uploads\/2020\/04\/Faixas-na-Mar\u00e9-1-940x400.jpeg 940w\" sizes=\"(max-width: 620px) 100vw, 620px\" \/><\/a><\/p>\n<p><span style=\"font-weight: 400;\">Al\u00e9m disso, muitas mensagens passadas pelas m\u00eddias comerciais t\u00eam um car\u00e1ter sensacionalista e n\u00e3o informativo. Ou seja, n\u00e3o s\u00e3o s\u00f3 as <\/span><i><span style=\"font-weight: 400;\">fake news<\/span><\/i><span style=\"font-weight: 400;\">\u00a0que circulam sempre de forma r\u00e1pida pelos grupos de <\/span><i><span style=\"font-weight: 400;\">WhatsApp<\/span><\/i><span style=\"font-weight: 400;\">\u00a0que t\u00eam de ser combatidas, mas tamb\u00e9m esse tipo de conte\u00fado das m\u00eddias comerciais. Comunicadores comunit\u00e1rios e moradores das favelas da Mar\u00e9 se viram num grande desafio e come\u00e7aram a pensar em como adaptar tais informa\u00e7\u00f5es para a realidade da favelas.<\/span><\/p>\n<p><span style=\"font-weight: 400;\">Na \u00faltima quinzena de mar\u00e7o, comunicadores da Mar\u00e9 iniciaram uma campanha virtual <\/span><a href=\"https:\/\/bit.ly\/2xuf0Rz\" target=\"_blank\" rel=\"noopener noreferrer\">Complexo da Mar\u00e9 Contra o Coronav\u00edrus<\/a> <span style=\"font-weight: 400;\">convocando n\u00e3o somente os moradores da Mar\u00e9, mas tamb\u00e9m os de outras localidades para a constru\u00e7\u00e3o de um <a href=\"https:\/\/bit.ly\/2VpLiVM\" target=\"_blank\" rel=\"noopener noreferrer\">plano de comunica\u00e7\u00e3o<\/a> que os contemplassem. Desde da \u00faltima semana de mar\u00e7o, est\u00e3o sendo espalhados pelas ruas faixas, <a href=\"https:\/\/bit.ly\/2VwIUMP\" target=\"_blank\" rel=\"noopener noreferrer\">imagens<\/a>, v\u00eddeos, <a href=\"https:\/\/bit.ly\/2wG3rX9\" target=\"_blank\" rel=\"noopener noreferrer\">carro de som<\/a> e <a href=\"https:\/\/bit.ly\/3el6Qvm\" target=\"_blank\" rel=\"noopener noreferrer\">cartazes<\/a>\u00a0com mensagens produzidas e aprovadas pelos profissionais de sa\u00fade do local.<\/span><\/p>\n<p><iframe style=\"border: none; overflow: hidden;\" src=\"https:\/\/www.facebook.com\/plugins\/post.php?href=https%3A%2F%2Fwww.facebook.com%2FMare0800%2Fposts%2F2253014905000849&amp;width=500\" width=\"500\" height=\"891\" frameborder=\"0\" scrolling=\"no\"><\/iframe><\/p>\n<h3>Pol\u00edticas P\u00fablicas para Garantir Direitos B\u00e1sicos<\/h3>\n<p><span style=\"font-weight: 400;\">A falta de a\u00e7\u00f5es governamentais que resolvam as quest\u00f5es mais urgentes impede que o mareense cuide da pr\u00f3pria sa\u00fade. Muitos moradores continuam tendo que trabalhar para garantir seus empregos. Aqueles que ficaram sem ter como manter sua remunera\u00e7\u00e3o, tais como trabalhadores aut\u00f4nomos, empregados dom\u00e9sticos, trabalhadores informais e outros grupos, n\u00e3o conseguem sustentar suas fam\u00edlias. <\/span><\/p>\n<p><span style=\"font-weight: 400;\">Passado quase um m\u00eas de isolamento social, o <a href=\"https:\/\/bit.ly\/2VuNOtR\" target=\"_blank\" rel=\"noopener noreferrer\">Aux\u00edlio Emergencial<\/a>, prometido pelo presidente, foi pago primeiramente aos cadastrados no programa Cadastro \u00danico. Os outros grupos come\u00e7aram a receber o aux\u00edlio ontem, <a href=\"https:\/\/bit.ly\/3chzhs9\" target=\"_blank\" rel=\"noopener noreferrer\">no dia 14 de abril<\/a>. Aqueles que n\u00e3o conseguiram se cadastrar <\/span><span style=\"font-weight: 400;\">on-line<\/span><i><span style=\"font-weight: 400;\">\u2014<\/span><\/i><span style=\"font-weight: 400;\">\u00e9 o caso de muitos moradores de favelas que n\u00e3o t\u00eam acesso \u00e0 <\/span><span style=\"font-weight: 400;\">internet <\/span><span style=\"font-weight: 400;\">ou pessoas em situa\u00e7\u00e3o de rua\u2014para receber os R$600 foram orientados a comparecer a uma ag\u00eancia da Caixa Econ\u00f4mica Federal, e acabam colocando a sa\u00fade em risco por gerar aglomera\u00e7\u00f5es.<\/span><\/p>\n<p><span style=\"font-weight: 400;\">A constante falta d\u2019\u00e1gua, m\u00e1s condi\u00e7\u00f5es de moradia e os mantimentos e itens de higiene est\u00e3o se esgotando nas casas do moradores da Mar\u00e9, assim como em v\u00e1rias outras favelas cariocas. Mais uma vez, <a href=\"https:\/\/bit.ly\/2wzR0fx\" target=\"_blank\" rel=\"noopener noreferrer\">comunicadores e membros de organiza\u00e7\u00f5es locais<\/a> organizam doa\u00e7\u00f5es de cestas b\u00e1sicas, denunciam as condi\u00e7\u00f5es adversas \u00e0s grandes m\u00eddias e reportam os casos \u00e0s autoridades competentes.<\/span><\/p>\n<p><a href=\"https:\/\/rioonwatch.org.br\/wp-content\/uploads\/2020\/04\/Faixa-na-Mar\u00e9-abastecimento-de-\u00e1gua.jpeg\"><img loading=\"lazy\" decoding=\"async\" class=\"size-content wp-image-46517 aligncenter\" src=\"https:\/\/rioonwatch.org.br\/wp-content\/uploads\/2020\/04\/Faixa-na-Mar\u00e9-abastecimento-de-\u00e1gua-620x264.jpeg\" alt=\"\" width=\"620\" height=\"264\" srcset=\"https:\/\/rioonwatch.org.br\/wp-content\/uploads\/2020\/04\/Faixa-na-Mar\u00e9-abastecimento-de-\u00e1gua-620x264.jpeg 620w, https:\/\/rioonwatch.org.br\/wp-content\/uploads\/2020\/04\/Faixa-na-Mar\u00e9-abastecimento-de-\u00e1gua-940x400.jpeg 940w\" sizes=\"(max-width: 620px) 100vw, 620px\" \/><\/a><\/p>\n<p><span style=\"font-weight: 400;\">Para que o n\u00famero de casos do novo coronav\u00edrus n\u00e3o aumente na favela, lideran\u00e7as comunit\u00e1rias, comunicadores e <a href=\"https:\/\/bit.ly\/340KKtn\" target=\"_blank\" rel=\"noopener noreferrer\">organiza\u00e7\u00f5es sociais est\u00e3o se mobilizando<\/a>, mas isso n\u00e3o \u00e9 suficiente. N\u00e3o s\u00e3o as organiza\u00e7\u00f5es nem os movimentos sociais que v\u00e3o resolver os problemas de saneamento e moradia, melhorar o sistema de sa\u00fade ou a quest\u00e3o financeira dos trabalhadores. Tampouco essas s\u00e3o adversidades novas para os favelados e perif\u00e9ricos, que s\u00f3 est\u00e3o ainda mais invisibilizados e negados de seus direitos em meio \u00e0 pandemia.<\/span><\/p>\n<p><span style=\"font-weight: 400;\">\u00c9 <a href=\"https:\/\/bit.ly\/2ywNa7s\" target=\"_blank\" rel=\"noopener noreferrer\">preciso pol\u00edticas p\u00fablicas<\/a> que garantam o direito m\u00ednimo para a popula\u00e7\u00e3o favelada. \u00c9 necess\u00e1rio ainda que governantes e a sociedade apoie movimentos sociais que de forma independente v\u00eam se organizando para conseguir doa\u00e7\u00f5es de alimentos e higiene, al\u00e9m de trabalharem uma comunica\u00e7\u00e3o que seja voltada para a realidade local.<\/span><\/p>\n<p><em>Fl\u00e1via Veloso \u00e9 moradora da favela <a href=\"https:\/\/bit.ly\/2K7XGo0\" target=\"_blank\" rel=\"noopener noreferrer\">\u00c1guia de Ouro<\/a>, atua como comunicadora comunit\u00e1ria no jornal <i><span style=\"font-weight: 400;\"><a href=\"https:\/\/bit.ly\/34E7Ea4\" target=\"_blank\" rel=\"noopener noreferrer\">Mar\u00e9 de Not\u00edcias<\/a><\/span><\/i> e estuda jornalismo pela <a href=\"https:\/\/bit.ly\/3eoGcBK\" target=\"_blank\" rel=\"noopener noreferrer\">Unisuam<\/a>.<\/em><\/p>\n<p><i data-stringify-type=\"italic\">Gizele Martins \u00e9 moradora e comunicadora comunit\u00e1ria da Mar\u00e9, mestre em educa\u00e7\u00e3o, comunica\u00e7\u00e3o e cultura pela\u00a0<\/i><i data-stringify-type=\"italic\"><a class=\"c-link\" href=\"https:\/\/slack-redir.net\/link?url=http%3A%2F%2Fbit.ly%2F2INK2GE\" target=\"_blank\" rel=\"noopener noreferrer\" aria-describedby=\"slack-kit-tooltip\">UERJ-FEBF<\/a><\/i><i data-stringify-type=\"italic\">\u00a0e formada em jornalismo pela\u00a0<\/i><i data-stringify-type=\"italic\"><a class=\"c-link\" href=\"https:\/\/slack-redir.net\/link?url=https%3A%2F%2Fbit.ly%2F3eoFKDN\" target=\"_blank\" rel=\"noopener noreferrer\" aria-describedby=\"slack-kit-tooltip\">PUC<\/a><\/i><i data-stringify-type=\"italic\">-Rio.<\/i><\/p>\n<!-- AddThis Advanced Settings generic via filter on the_content --><!-- AddThis Share Buttons generic via filter on the_content -->","protected":false},"excerpt":{"rendered":"<div class=\"mh-excerpt\"><p>Click Here for English Essa mat\u00e9ria oriunda da Mar\u00e9, \u00e9 a quinta de uma s\u00e9rie sobre o impacto da pandemia do coronav\u00edrus no dia a dia das favelas, em parceria com o Centro Behner Stiefel <a class=\"mh-excerpt-more\" href=\"https:\/\/rioonwatch.org.br\/?p=46504\" title=\"Coronav\u00edrus no Dia a Dia das Favelas, Parte 5: Resposta da Mar\u00e9 Frente ao Desafio de Informar\">[&#8230;]<\/a><!-- AddThis Advanced Settings generic via filter on get_the_excerpt --><!-- AddThis Share Buttons generic via filter on get_the_excerpt --><\/p>\n<\/div>","protected":false},"author":129,"featured_media":46514,"comment_status":"closed","ping_status":"closed","sticky":false,"template":"","format":"standard","meta":{"_acf_changed":false,"_monsterinsights_skip_tracking":false,"_monsterinsights_sitenote_active":false,"_monsterinsights_sitenote_note":"","_monsterinsights_sitenote_category":0,"footnotes":""},"categories":[2753,1621,1625,1613,344,1612],"tags":[2775,332,2748,2761,1454,2271,1151,350,1545,492,294,2289,2759,2037,218],"writer":[2772,1699],"translator":[],"source":[],"ilustrador":[],"fotografo":[],"class_list":{"0":"post-46504","1":"post","2":"type-post","3":"status-publish","4":"format-standard","5":"has-post-thumbnail","7":"category-covid19nasfavelas","8":"category-destaque","9":"category-por-correspondentes-comunitarios","10":"category-midia-comunitaria","11":"category-politicas","12":"category-sociedade-civil","13":"tag-aguia-de-ouro","14":"tag-complexo-da-mare","15":"tag-coronavirus","16":"tag-direito-a-agua","17":"tag-direito-a-comunicacao","18":"tag-fake-news","19":"tag-organizacao","20":"tag-nova-holanda","21":"tag-puc","22":"tag-saneamento","23":"tag-saude","24":"tag-serie","25":"tag-serie-covid-19-no-dia-a-dia-das-favelas","26":"tag-uerj","27":"tag-zona-norte","28":"writer-flavia-veloso","29":"writer-gizele-martins"},"acf":[],"yoast_head":"<!-- This site is optimized with the Yoast SEO plugin v25.6 - https:\/\/yoast.com\/wordpress\/plugins\/seo\/ -->\n<title>Coronav\u00edrus no Dia a Dia das Favelas, Parte 5: Resposta da Mar\u00e9 Frente ao Desafio de Informar - RioOnWatch<\/title>\n<meta name=\"robots\" content=\"index, follow, max-snippet:-1, max-image-preview:large, max-video-preview:-1\" \/>\n<link rel=\"canonical\" href=\"https:\/\/rioonwatch.org.br\/?p=46504\" \/>\n<meta property=\"og:locale\" content=\"pt_BR\" \/>\n<meta property=\"og:type\" content=\"article\" \/>\n<meta property=\"og:title\" content=\"Coronav\u00edrus no Dia a Dia das Favelas, Parte 5: Resposta da Mar\u00e9 Frente ao Desafio de Informar - RioOnWatch\" \/>\n<meta property=\"og:description\" content=\"Click Here for English Essa mat\u00e9ria oriunda da Mar\u00e9, \u00e9 a quinta de uma s\u00e9rie sobre o impacto da pandemia do coronav\u00edrus no dia a dia das favelas, em parceria com o Centro Behner Stiefel [...]\" \/>\n<meta property=\"og:url\" content=\"https:\/\/rioonwatch.org.br\/?p=46504\" \/>\n<meta property=\"og:site_name\" content=\"RioOnWatch\" \/>\n<meta property=\"article:published_time\" content=\"2020-04-15T17:25:29+00:00\" \/>\n<meta property=\"article:modified_time\" content=\"2024-01-17T14:11:21+00:00\" \/>\n<meta property=\"og:image\" content=\"https:\/\/rioonwatch.org.br\/wp-content\/uploads\/2020\/04\/Arte-de-rua-e-coronav\u00edrus-na-Mar\u00e9-p\u00e1gina-Mar\u00e9-0800-e1586914367750.jpg\" \/>\n\t<meta property=\"og:image:width\" content=\"1280\" \/>\n\t<meta property=\"og:image:height\" content=\"656\" \/>\n\t<meta property=\"og:image:type\" content=\"image\/jpeg\" \/>\n<meta name=\"author\" content=\"Admin\" \/>\n<meta name=\"twitter:card\" content=\"summary_large_image\" \/>\n<meta name=\"twitter:label1\" content=\"Escrito por\" \/>\n\t<meta name=\"twitter:data1\" content=\"Admin\" \/>\n\t<meta name=\"twitter:label2\" content=\"Est. tempo de leitura\" \/>\n\t<meta name=\"twitter:data2\" content=\"5 minutos\" \/>\n<script type=\"application\/ld+json\" class=\"yoast-schema-graph\">{\"@context\":\"https:\/\/schema.org\",\"@graph\":[{\"@type\":\"Article\",\"@id\":\"https:\/\/rioonwatch.org.br\/?p=46504#article\",\"isPartOf\":{\"@id\":\"https:\/\/rioonwatch.org.br\/?p=46504\"},\"author\":{\"name\":\"Admin\",\"@id\":\"https:\/\/rioonwatch.org.br\/#\/schema\/person\/11d64c290506f9df50c71b850c473f68\"},\"headline\":\"Coronav\u00edrus no Dia a Dia das Favelas, Parte 5: Resposta da Mar\u00e9 Frente ao Desafio de Informar\",\"datePublished\":\"2020-04-15T17:25:29+00:00\",\"dateModified\":\"2024-01-17T14:11:21+00:00\",\"mainEntityOfPage\":{\"@id\":\"https:\/\/rioonwatch.org.br\/?p=46504\"},\"wordCount\":1035,\"publisher\":{\"@id\":\"https:\/\/rioonwatch.org.br\/#organization\"},\"image\":{\"@id\":\"https:\/\/rioonwatch.org.br\/?p=46504#primaryimage\"},\"thumbnailUrl\":\"https:\/\/rioonwatch.org.br\/wp-content\/uploads\/2020\/04\/Arte-de-rua-e-coronav\u00edrus-na-Mar\u00e9-p\u00e1gina-Mar\u00e9-0800-e1586914367750.jpg\",\"keywords\":[\"\u00c1guia de Ouro\",\"Complexo da Mar\u00e9\",\"coronav\u00edrus\",\"direito \u00e0 \u00e1gua\",\"direito \u00e0 comunica\u00e7\u00e3o\",\"Fake news\",\"mobiliza\u00e7\u00e3o\",\"Nova Holanda\",\"PUC\",\"saneamento\",\"sa\u00fade\",\"S\u00e9rie\",\"S\u00e9rie: Covid-19 no Dia a Dia das Favelas\",\"UERJ\",\"Zona Norte\"],\"articleSection\":[\"#Covid19NasFavelas\",\"*Destaque\",\"Escrito por Comunicadores Populares\",\"M\u00eddia Comunit\u00e1ria\",\"Pol\u00edticas\",\"Sociedade Civil\"],\"inLanguage\":\"pt-BR\"},{\"@type\":\"WebPage\",\"@id\":\"https:\/\/rioonwatch.org.br\/?p=46504\",\"url\":\"https:\/\/rioonwatch.org.br\/?p=46504\",\"name\":\"Coronav\u00edrus no Dia a Dia das Favelas, Parte 5: Resposta da Mar\u00e9 Frente ao Desafio de Informar - RioOnWatch\",\"isPartOf\":{\"@id\":\"https:\/\/rioonwatch.org.br\/#website\"},\"primaryImageOfPage\":{\"@id\":\"https:\/\/rioonwatch.org.br\/?p=46504#primaryimage\"},\"image\":{\"@id\":\"https:\/\/rioonwatch.org.br\/?p=46504#primaryimage\"},\"thumbnailUrl\":\"https:\/\/rioonwatch.org.br\/wp-content\/uploads\/2020\/04\/Arte-de-rua-e-coronav\u00edrus-na-Mar\u00e9-p\u00e1gina-Mar\u00e9-0800-e1586914367750.jpg\",\"datePublished\":\"2020-04-15T17:25:29+00:00\",\"dateModified\":\"2024-01-17T14:11:21+00:00\",\"breadcrumb\":{\"@id\":\"https:\/\/rioonwatch.org.br\/?p=46504#breadcrumb\"},\"inLanguage\":\"pt-BR\",\"potentialAction\":[{\"@type\":\"ReadAction\",\"target\":[\"https:\/\/rioonwatch.org.br\/?p=46504\"]}]},{\"@type\":\"ImageObject\",\"inLanguage\":\"pt-BR\",\"@id\":\"https:\/\/rioonwatch.org.br\/?p=46504#primaryimage\",\"url\":\"https:\/\/rioonwatch.org.br\/wp-content\/uploads\/2020\/04\/Arte-de-rua-e-coronav\u00edrus-na-Mar\u00e9-p\u00e1gina-Mar\u00e9-0800-e1586914367750.jpg\",\"contentUrl\":\"https:\/\/rioonwatch.org.br\/wp-content\/uploads\/2020\/04\/Arte-de-rua-e-coronav\u00edrus-na-Mar\u00e9-p\u00e1gina-Mar\u00e9-0800-e1586914367750.jpg\",\"width\":1280,\"height\":656},{\"@type\":\"BreadcrumbList\",\"@id\":\"https:\/\/rioonwatch.org.br\/?p=46504#breadcrumb\",\"itemListElement\":[{\"@type\":\"ListItem\",\"position\":1,\"name\":\"In\u00edcio\",\"item\":\"https:\/\/rioonwatch.org.br\/\"},{\"@type\":\"ListItem\",\"position\":2,\"name\":\"Coronav\u00edrus no Dia a Dia das Favelas, Parte 5: Resposta da Mar\u00e9 Frente ao Desafio de Informar\"}]},{\"@type\":\"WebSite\",\"@id\":\"https:\/\/rioonwatch.org.br\/#website\",\"url\":\"https:\/\/rioonwatch.org.br\/\",\"name\":\"RioOnWatch\",\"description\":\"relatos das favelas cariocas\",\"publisher\":{\"@id\":\"https:\/\/rioonwatch.org.br\/#organization\"},\"potentialAction\":[{\"@type\":\"SearchAction\",\"target\":{\"@type\":\"EntryPoint\",\"urlTemplate\":\"https:\/\/rioonwatch.org.br\/?s={search_term_string}\"},\"query-input\":{\"@type\":\"PropertyValueSpecification\",\"valueRequired\":true,\"valueName\":\"search_term_string\"}}],\"inLanguage\":\"pt-BR\"},{\"@type\":\"Organization\",\"@id\":\"https:\/\/rioonwatch.org.br\/#organization\",\"name\":\"RioOnWatch\",\"url\":\"https:\/\/rioonwatch.org.br\/\",\"logo\":{\"@type\":\"ImageObject\",\"inLanguage\":\"pt-BR\",\"@id\":\"https:\/\/rioonwatch.org.br\/#\/schema\/logo\/image\/\",\"url\":\"https:\/\/rioonwatch.org.br\/wp-content\/uploads\/2021\/06\/RioOnWatchcabecalhoPT11anos-2.png\",\"contentUrl\":\"https:\/\/rioonwatch.org.br\/wp-content\/uploads\/2021\/06\/RioOnWatchcabecalhoPT11anos-2.png\",\"width\":779,\"height\":277,\"caption\":\"RioOnWatch\"},\"image\":{\"@id\":\"https:\/\/rioonwatch.org.br\/#\/schema\/logo\/image\/\"}},{\"@type\":\"Person\",\"@id\":\"https:\/\/rioonwatch.org.br\/#\/schema\/person\/11d64c290506f9df50c71b850c473f68\",\"name\":\"Admin\",\"image\":{\"@type\":\"ImageObject\",\"inLanguage\":\"pt-BR\",\"@id\":\"https:\/\/rioonwatch.org.br\/#\/schema\/person\/image\/\",\"url\":\"https:\/\/secure.gravatar.com\/avatar\/56211ac74568383903349a1485e3c325?s=96&d=blank&r=g\",\"contentUrl\":\"https:\/\/secure.gravatar.com\/avatar\/56211ac74568383903349a1485e3c325?s=96&d=blank&r=g\",\"caption\":\"Admin\"},\"url\":\"https:\/\/rioonwatch.org.br\/?author=129\"}]}<\/script>\n<!-- \/ Yoast SEO plugin. -->","yoast_head_json":{"title":"Coronav\u00edrus no Dia a Dia das Favelas, Parte 5: Resposta da Mar\u00e9 Frente ao Desafio de Informar - RioOnWatch","robots":{"index":"index","follow":"follow","max-snippet":"max-snippet:-1","max-image-preview":"max-image-preview:large","max-video-preview":"max-video-preview:-1"},"canonical":"https:\/\/rioonwatch.org.br\/?p=46504","og_locale":"pt_BR","og_type":"article","og_title":"Coronav\u00edrus no Dia a Dia das Favelas, Parte 5: Resposta da Mar\u00e9 Frente ao Desafio de Informar - RioOnWatch","og_description":"Click Here for English Essa mat\u00e9ria oriunda da Mar\u00e9, \u00e9 a quinta de uma s\u00e9rie sobre o impacto da pandemia do coronav\u00edrus no dia a dia das favelas, em parceria com o Centro Behner Stiefel [...]","og_url":"https:\/\/rioonwatch.org.br\/?p=46504","og_site_name":"RioOnWatch","article_published_time":"2020-04-15T17:25:29+00:00","article_modified_time":"2024-01-17T14:11:21+00:00","og_image":[{"width":1280,"height":656,"url":"https:\/\/rioonwatch.org.br\/wp-content\/uploads\/2020\/04\/Arte-de-rua-e-coronav\u00edrus-na-Mar\u00e9-p\u00e1gina-Mar\u00e9-0800-e1586914367750.jpg","type":"image\/jpeg"}],"author":"Admin","twitter_card":"summary_large_image","twitter_misc":{"Escrito por":"Admin","Est. tempo de leitura":"5 minutos"},"schema":{"@context":"https:\/\/schema.org","@graph":[{"@type":"Article","@id":"https:\/\/rioonwatch.org.br\/?p=46504#article","isPartOf":{"@id":"https:\/\/rioonwatch.org.br\/?p=46504"},"author":{"name":"Admin","@id":"https:\/\/rioonwatch.org.br\/#\/schema\/person\/11d64c290506f9df50c71b850c473f68"},"headline":"Coronav\u00edrus no Dia a Dia das Favelas, Parte 5: Resposta da Mar\u00e9 Frente ao Desafio de Informar","datePublished":"2020-04-15T17:25:29+00:00","dateModified":"2024-01-17T14:11:21+00:00","mainEntityOfPage":{"@id":"https:\/\/rioonwatch.org.br\/?p=46504"},"wordCount":1035,"publisher":{"@id":"https:\/\/rioonwatch.org.br\/#organization"},"image":{"@id":"https:\/\/rioonwatch.org.br\/?p=46504#primaryimage"},"thumbnailUrl":"https:\/\/rioonwatch.org.br\/wp-content\/uploads\/2020\/04\/Arte-de-rua-e-coronav\u00edrus-na-Mar\u00e9-p\u00e1gina-Mar\u00e9-0800-e1586914367750.jpg","keywords":["\u00c1guia de Ouro","Complexo da Mar\u00e9","coronav\u00edrus","direito \u00e0 \u00e1gua","direito \u00e0 comunica\u00e7\u00e3o","Fake news","mobiliza\u00e7\u00e3o","Nova Holanda","PUC","saneamento","sa\u00fade","S\u00e9rie","S\u00e9rie: Covid-19 no Dia a Dia das Favelas","UERJ","Zona Norte"],"articleSection":["#Covid19NasFavelas","*Destaque","Escrito por Comunicadores Populares","M\u00eddia Comunit\u00e1ria","Pol\u00edticas","Sociedade Civil"],"inLanguage":"pt-BR"},{"@type":"WebPage","@id":"https:\/\/rioonwatch.org.br\/?p=46504","url":"https:\/\/rioonwatch.org.br\/?p=46504","name":"Coronav\u00edrus no Dia a Dia das Favelas, Parte 5: Resposta da Mar\u00e9 Frente ao Desafio de Informar - RioOnWatch","isPartOf":{"@id":"https:\/\/rioonwatch.org.br\/#website"},"primaryImageOfPage":{"@id":"https:\/\/rioonwatch.org.br\/?p=46504#primaryimage"},"image":{"@id":"https:\/\/rioonwatch.org.br\/?p=46504#primaryimage"},"thumbnailUrl":"https:\/\/rioonwatch.org.br\/wp-content\/uploads\/2020\/04\/Arte-de-rua-e-coronav\u00edrus-na-Mar\u00e9-p\u00e1gina-Mar\u00e9-0800-e1586914367750.jpg","datePublished":"2020-04-15T17:25:29+00:00","dateModified":"2024-01-17T14:11:21+00:00","breadcrumb":{"@id":"https:\/\/rioonwatch.org.br\/?p=46504#breadcrumb"},"inLanguage":"pt-BR","potentialAction":[{"@type":"ReadAction","target":["https:\/\/rioonwatch.org.br\/?p=46504"]}]},{"@type":"ImageObject","inLanguage":"pt-BR","@id":"https:\/\/rioonwatch.org.br\/?p=46504#primaryimage","url":"https:\/\/rioonwatch.org.br\/wp-content\/uploads\/2020\/04\/Arte-de-rua-e-coronav\u00edrus-na-Mar\u00e9-p\u00e1gina-Mar\u00e9-0800-e1586914367750.jpg","contentUrl":"https:\/\/rioonwatch.org.br\/wp-content\/uploads\/2020\/04\/Arte-de-rua-e-coronav\u00edrus-na-Mar\u00e9-p\u00e1gina-Mar\u00e9-0800-e1586914367750.jpg","width":1280,"height":656},{"@type":"BreadcrumbList","@id":"https:\/\/rioonwatch.org.br\/?p=46504#breadcrumb","itemListElement":[{"@type":"ListItem","position":1,"name":"In\u00edcio","item":"https:\/\/rioonwatch.org.br\/"},{"@type":"ListItem","position":2,"name":"Coronav\u00edrus no Dia a Dia das Favelas, Parte 5: Resposta da Mar\u00e9 Frente ao Desafio de Informar"}]},{"@type":"WebSite","@id":"https:\/\/rioonwatch.org.br\/#website","url":"https:\/\/rioonwatch.org.br\/","name":"RioOnWatch","description":"relatos das favelas cariocas","publisher":{"@id":"https:\/\/rioonwatch.org.br\/#organization"},"potentialAction":[{"@type":"SearchAction","target":{"@type":"EntryPoint","urlTemplate":"https:\/\/rioonwatch.org.br\/?s={search_term_string}"},"query-input":{"@type":"PropertyValueSpecification","valueRequired":true,"valueName":"search_term_string"}}],"inLanguage":"pt-BR"},{"@type":"Organization","@id":"https:\/\/rioonwatch.org.br\/#organization","name":"RioOnWatch","url":"https:\/\/rioonwatch.org.br\/","logo":{"@type":"ImageObject","inLanguage":"pt-BR","@id":"https:\/\/rioonwatch.org.br\/#\/schema\/logo\/image\/","url":"https:\/\/rioonwatch.org.br\/wp-content\/uploads\/2021\/06\/RioOnWatchcabecalhoPT11anos-2.png","contentUrl":"https:\/\/rioonwatch.org.br\/wp-content\/uploads\/2021\/06\/RioOnWatchcabecalhoPT11anos-2.png","width":779,"height":277,"caption":"RioOnWatch"},"image":{"@id":"https:\/\/rioonwatch.org.br\/#\/schema\/logo\/image\/"}},{"@type":"Person","@id":"https:\/\/rioonwatch.org.br\/#\/schema\/person\/11d64c290506f9df50c71b850c473f68","name":"Admin","image":{"@type":"ImageObject","inLanguage":"pt-BR","@id":"https:\/\/rioonwatch.org.br\/#\/schema\/person\/image\/","url":"https:\/\/secure.gravatar.com\/avatar\/56211ac74568383903349a1485e3c325?s=96&d=blank&r=g","contentUrl":"https:\/\/secure.gravatar.com\/avatar\/56211ac74568383903349a1485e3c325?s=96&d=blank&r=g","caption":"Admin"},"url":"https:\/\/rioonwatch.org.br\/?author=129"}]}},"_links":{"self":[{"href":"https:\/\/rioonwatch.org.br\/index.php?rest_route=\/wp\/v2\/posts\/46504"}],"collection":[{"href":"https:\/\/rioonwatch.org.br\/index.php?rest_route=\/wp\/v2\/posts"}],"about":[{"href":"https:\/\/rioonwatch.org.br\/index.php?rest_route=\/wp\/v2\/types\/post"}],"author":[{"embeddable":true,"href":"https:\/\/rioonwatch.org.br\/index.php?rest_route=\/wp\/v2\/users\/129"}],"replies":[{"embeddable":true,"href":"https:\/\/rioonwatch.org.br\/index.php?rest_route=%2Fwp%2Fv2%2Fcomments&post=46504"}],"version-history":[{"count":32,"href":"https:\/\/rioonwatch.org.br\/index.php?rest_route=\/wp\/v2\/posts\/46504\/revisions"}],"predecessor-version":[{"id":46869,"href":"https:\/\/rioonwatch.org.br\/index.php?rest_route=\/wp\/v2\/posts\/46504\/revisions\/46869"}],"wp:featuredmedia":[{"embeddable":true,"href":"https:\/\/rioonwatch.org.br\/index.php?rest_route=\/wp\/v2\/media\/46514"}],"wp:attachment":[{"href":"https:\/\/rioonwatch.org.br\/index.php?rest_route=%2Fwp%2Fv2%2Fmedia&parent=46504"}],"wp:term":[{"taxonomy":"category","embeddable":true,"href":"https:\/\/rioonwatch.org.br\/index.php?rest_route=%2Fwp%2Fv2%2Fcategories&post=46504"},{"taxonomy":"post_tag","embeddable":true,"href":"https:\/\/rioonwatch.org.br\/index.php?rest_route=%2Fwp%2Fv2%2Ftags&post=46504"},{"taxonomy":"writer","embeddable":true,"href":"https:\/\/rioonwatch.org.br\/index.php?rest_route=%2Fwp%2Fv2%2Fwriter&post=46504"},{"taxonomy":"translator","embeddable":true,"href":"https:\/\/rioonwatch.org.br\/index.php?rest_route=%2Fwp%2Fv2%2Ftranslator&post=46504"},{"taxonomy":"source","embeddable":true,"href":"https:\/\/rioonwatch.org.br\/index.php?rest_route=%2Fwp%2Fv2%2Fsource&post=46504"},{"taxonomy":"ilustrador","embeddable":true,"href":"https:\/\/rioonwatch.org.br\/index.php?rest_route=%2Fwp%2Fv2%2Filustrador&post=46504"},{"taxonomy":"fotografo","embeddable":true,"href":"https:\/\/rioonwatch.org.br\/index.php?rest_route=%2Fwp%2Fv2%2Ffotografo&post=46504"}],"curies":[{"name":"wp","href":"https:\/\/api.w.org\/{rel}","templated":true}]}}