{"id":46671,"date":"2020-04-22T11:32:28","date_gmt":"2020-04-22T14:32:28","guid":{"rendered":"https:\/\/rioonwatch.org.br\/?p=46671"},"modified":"2021-01-26T09:55:45","modified_gmt":"2021-01-26T12:55:45","slug":"pandemia-de-coronavirus-expoe-problemas-de-agua-e-saneamento-do-rio","status":"publish","type":"post","link":"https:\/\/rioonwatch.org.br\/?p=46671","title":{"rendered":"Pandemia de Coronav\u00edrus Exp\u00f5e Problemas de \u00c1gua e Saneamento do Rio"},"content":{"rendered":"<p style=\"text-align: right;\"><em><strong><a href=\"https:\/\/bit.ly\/2RPJx3m\" target=\"_blank\" rel=\"noopener noreferrer\">Click Here for English<\/a><a href=\"https:\/\/bit.ly\/2RPJx3m\" target=\"_blank\" rel=\"noopener noreferrer\"><img decoding=\"async\" width=\"20\" height=\"20\" class=\"alignright wp-image-15790\" src=\"http:\/\/rioonwatch.org.br\/wp-content\/uploads\/2012\/08\/EN-standard-e1439583104716.jpg\" \/><\/a><\/strong><\/em><\/p>\n<p><i>Esta \u00e9 a nossa mais recente mat\u00e9ria sobre\u00a0<a href=\"http:\/\/bit.ly\/Covid19NasFavelas\" target=\"_blank\" rel=\"noopener noreferrer\">o novo coronav\u00edrus e seus impactos sobre as favelas<\/a>,\u00a0<\/i><i><span style=\"font-weight: 400;\">e faz parte de nossa <a href=\"http:\/\/bit.ly\/2Yf0iaL\" target=\"_blank\" rel=\"noopener\">parceria com o The Rio Times<\/a>. Para a mat\u00e9ria publicada no The Rio Times, em ingl\u00eas, clique <a href=\"https:\/\/bit.ly\/2ze6sPb\" target=\"_blank\" rel=\"noopener noreferrer\">aqui<\/a>.<\/span><\/i><\/p>\n<p><span style=\"font-weight: 400;\">Problemas de \u00e1gua e esgoto h\u00e1 muito negligenciados nas favelas do Brasil <\/span><a href=\"http:\/\/bit.ly\/3dcI8N2\" target=\"_blank\" rel=\"noopener noreferrer\"><span style=\"font-weight: 400;\">ganharam nova aten\u00e7\u00e3o<\/span><\/a><span style=\"font-weight: 400;\"> em meio \u00e0 crise global da Covid-19<\/span><span style=\"font-weight: 400;\">.<\/span><span style=\"font-weight: 400;\"> No Rio, onde mais de <\/span><a href=\"https:\/\/bit.ly\/3eCipyh\" target=\"_blank\" rel=\"noopener noreferrer\"><span style=\"font-weight: 400;\">24% dos habitantes da cidade<\/span><\/a><span style=\"font-weight: 400;\"> residem em favelas, a falta de infraestrutura de saneamento suficiente e de pol\u00edticas coloca os moradores na linha de frente da pandemia.<\/span><\/p>\n<p><span style=\"font-weight: 400;\">&#8220;Todos n\u00f3s sab\u00edamos que h\u00e1 anos muitas pessoas n\u00e3o estavam tendo acesso adequado \u00e0 \u00e1gua&#8221;, disse Rubens Filho, coordenador de comunica\u00e7\u00f5es do <\/span><a href=\"http:\/\/bit.ly\/13ABEiJ\" target=\"_blank\" rel=\"noopener noreferrer\"><span style=\"font-weight: 400;\">Instituto Trata Brasil<\/span><\/a><span style=\"font-weight: 400;\">, um grupo de interesse p\u00fablico da sociedade civil. &#8220;<\/span><span style=\"font-weight: 400;\">As empresas sabem, os jornalistas sabem, os pol\u00edticos sabem&#8230; [foram] deixando os anos passarem porque n\u00e3o havia uma pandemia&#8221;.<\/span><\/p>\n<p><span style=\"font-weight: 400;\">Quando uma crise h\u00eddrica no Rio, em janeiro de 2020, deixou os moradores de toda a cidade com <\/span><a href=\"http:\/\/bit.ly\/38vEBqi\" target=\"_blank\" rel=\"noopener noreferrer\"><span style=\"font-weight: 400;\">\u00e1gua turva e com sabor desagrad\u00e1vel<\/span><\/a><span style=\"font-weight: 400;\">, os moradores das favelas estavam entre os mais atingidos. Ativistas <a href=\"http:\/\/bit.ly\/2V7Fzp4\" target=\"_blank\" rel=\"noopener noreferrer\">marcharam do gabinete do prefeito at\u00e9 \u00e0 sede da CEDAE<\/a>, protestando pelo seu direito constitucional \u00e0 \u00e1gua pot\u00e1vel, enfatizando que as popula\u00e7\u00f5es das favelas n\u00e3o tinham meios de comprar \u00e1gua mineral.<\/span><\/p>\n<p><span style=\"font-weight: 400;\">Embora esses protestos tenham ganhado visibilidade, muitas \u00e1reas continuaram relatando n\u00e3o apenas a falta de qualidade da \u00e1gua, mas tamb\u00e9m escassez de \u00e1gua. Isso ocorreu no in\u00edcio de mar\u00e7o, quando o Rio registrou os primeiros casos confirmados de coronav\u00edrus. <\/span><span style=\"font-weight: 400;\">Agora, pesquisadores e moradores temem que, sem acesso adequado \u00e0 \u00e1gua pot\u00e1vel, os moradores <\/span><a href=\"http:\/\/bit.ly\/33qGxiq\" target=\"_blank\" rel=\"noopener noreferrer\"><span style=\"font-weight: 400;\">n\u00e3o possam seguir os m\u00e9todos de preven\u00e7\u00e3o contra o coronav\u00edrus<\/span><\/a><span style=\"font-weight: 400;\">, acarretando uma prolifera\u00e7\u00e3o ainda mais r\u00e1pida em toda a cidade.<\/span><\/p>\n<blockquote class=\"twitter-tweet\">\n<p dir=\"ltr\" lang=\"pt\">\u201c\u201dN\u00e3o tem \u00e1gua na favela pra lavar a m\u00e3o? COMPRA!\u201d\u201d<\/p>\n<p>Eu n\u00e3o posso comprar \u00e1gua nem pra beber, mesmo infectada e com gosto de barro. Vou comprar pra lavar a m\u00e3o?<\/p>\n<p>Ter \u00e1gua na favela pra lavar a m\u00e3o t\u00e1 sendo luxo<\/p>\n<p>N\u00e3o fazem ideia da nossa realidade!<br \/>\n<a href=\"https:\/\/twitter.com\/hashtag\/COVID19NasFavelas?src=hash&amp;ref_src=twsrc%5Etfw\">#COVID19NasFavelas<\/a> <a href=\"https:\/\/twitter.com\/hashtag\/coronavirus?src=hash&amp;ref_src=twsrc%5Etfw\">#coronavirus<\/a> <a href=\"https:\/\/t.co\/Vf2zOKMcd7\">pic.twitter.com\/Vf2zOKMcd7<\/a><\/p>\n<p>\u2014 Ti\u00ea Vasconcelos (@tievasconcelos) <a href=\"https:\/\/twitter.com\/tievasconcelos\/status\/1239596885087858688?ref_src=twsrc%5Etfw\">March 16, 2020<\/a><\/p><\/blockquote>\n<p><script async src=\"https:\/\/platform.twitter.com\/widgets.js\" charset=\"utf-8\"><\/script><\/p>\n<p><span style=\"font-weight: 400;\">Quando a Ouvidoria Geral da <a href=\"https:\/\/bit.ly\/2x7dVPc\" target=\"_blank\" rel=\"noopener noreferrer\">Defensoria P\u00fablica do Estado do Rio de Janeiro<\/a> realizou uma <\/span><a href=\"https:\/\/bit.ly\/2Vd3UJG\" target=\"_blank\" rel=\"noopener noreferrer\"><span style=\"font-weight: 400;\">pesquisa em 18 de mar\u00e7o<\/span><\/a><span style=\"font-weight: 400;\">, solicitando informa\u00e7\u00f5es sobre o abastecimento de \u00e1gua em toda a cidade, <\/span><a href=\"https:\/\/bit.ly\/2UOQlQG\" target=\"_blank\" rel=\"noopener noreferrer\"><span style=\"font-weight: 400;\">140 \u00e1reas relataram acesso irregular \u00e0 \u00e1gua<\/span><\/a><span style=\"font-weight: 400;\">. Agora, a Defensoria P\u00fablica alerta que o inconsistente acesso \u00e0 \u00e1gua amea\u00e7a os esfor\u00e7os para conter a pandemia. \u201cTorneiras secas que agora vitimizam n\u00e3o s\u00f3 quem n\u00e3o pode lavar as pr\u00f3prias m\u00e3os, mas sobretudo amea\u00e7am nossos esfor\u00e7os em barrar uma pandemia que coloca principalmente os idosos na mira desse inimigo invis\u00edvel, que s\u00f3 poder\u00e1 ser detido se todos puderem seguir as recomenda\u00e7\u00f5es sanit\u00e1rias\u201d, ressalta o relat\u00f3rio da Defensoria P\u00fablica.<\/span><\/p>\n<p><span style=\"font-weight: 400;\">Rubens,<\/span><span style=\"font-weight: 400;\"> concorda. Para ele, o abastecimento inadequado e a falta de acesso a \u00e1gua aumenta os riscos para as favelas. &#8220;A partir do momento que voc\u00ea tem um problema de sa\u00fade global, pessoas morrendo por causa de um v\u00edrus, e uma das medidas mais b\u00e1sicas \u00e9 lavar as m\u00e3os, limpar banheiros e casas, como \u00e9 que voc\u00ea vai fazer tudo isso sem \u00e1gua? Agora sim, \u00e9 uma necessidade&#8221;, afirmou ele.<\/span><\/p>\n<p><span style=\"font-weight: 400;\">Do ponto de vista jur\u00eddico, fornecer acesso \u00e0 \u00e1gua para assentamentos informais pode ser um processo dif\u00edcil e lento, explicou Rubens. Devido \u00e0 sua situa\u00e7\u00e3o legal irregular, muitas das favelas do Brasil n\u00e3o conseguem receber servi\u00e7os de abastecimento de \u00e1gua e saneamento diretamente da empresa. Os contratos de servi\u00e7o da <a href=\"https:\/\/bit.ly\/3dSu8Zc\" target=\"_blank\" rel=\"noopener noreferrer\">CEDAE<\/a> exigem comprova\u00e7\u00e3o de propriedade, demonstrada por um recibo de pagamento do IPTU. A posse do recibo pressup\u00f5e que a propriedade em quest\u00e3o seja regularizada, o que n\u00e3o \u00e9 o caso em muitas favelas. Como resultado, quando a CEDAE entra oficialmente em uma comunidade, geralmente o faz simplesmente fornecendo \u00e1gua a um local central a partir do qual os moradores conectam suas pr\u00f3prias conex\u00f5es. Nos casos em que a CEDAE n\u00e3o fornece nenhuma infraestrutura para uma favela, os canos que passam pelas \u00e1reas vizinhas s\u00e3o acessados diretamente pelos moradores da favela que montam um sistema de gambiarra para atender \u00e0s suas necessidades b\u00e1sicas de \u00e1gua, puxando a \u00e1gua da rede. O resultado \u00e9 \u00e1gua quase universal nas resid\u00eancias. No entanto, como \u00e9 fornecida informalmente, a manuten\u00e7\u00e3o \u00e9 abaixo do padr\u00e3o e as comunidades experimentam per\u00edodos regulares de cortes do fornecimento de \u00e1gua pela empresa, \u00e0s vezes por dias seguidos.<\/span><\/p>\n<p><span style=\"font-weight: 400;\">Para que sejam feitas exce\u00e7\u00f5es para se obter o fornecimento de \u00e1gua, que n\u00e3o dependem da confirma\u00e7\u00e3o da propriedade legal das casas, as favelas dependem da interven\u00e7\u00e3o do governo estadual. &#8220;O que a gente est\u00e1 pedindo aqui em S\u00e3o Paulo, \u00e9 que as autoridades deixem a SABESP [concession\u00e1ria de \u00e1gua do estado] entrar nesses lugares com problemas de \u00e1gua e resolv\u00ea-los em dois ou tr\u00eas dias&#8221;, <\/span><span style=\"font-weight: 400;\">disse Rubens, que acrescentou que o Instituto Trata Brasil est\u00e1 conversando com a CEDAE e a SABESP. &#8220;Estamos <\/span><span style=\"font-weight: 400;\">vendo se seria poss\u00edvel enviar caminh\u00f5es-pipa, cisternas de \u00e1gua de chuva ou qualquer outra alternativa que possa fornecer \u00e1gua a quem precisa rapidamente&#8221;. Em 7 de abril, a <a href=\"https:\/\/bit.ly\/3baIYIS\" target=\"_blank\" rel=\"noopener noreferrer\">Justi\u00e7a de S\u00e3o Paulo concedeu liminar determinando que a SABESP forne\u00e7a \u00e1gua<\/a> a todas as favelas dos munic\u00edpios. A CEDAE afirmou em nota ao <em>RioOnWatch<\/em> que havia enviado mais de 40 caminh\u00f5es-pipa, mas n\u00e3o comentou sobre as barreiras legais ao atendimento de favelas.<\/span><\/p>\n<h3><b>Saneamento Inadequado como Comorbidade<\/b><\/h3>\n<p><span style=\"font-weight: 400;\">Al\u00e9m da falta de abastecimento de \u00e1gua, quest\u00f5es relacionadas \u00e0 falta de saneamento adequado podem contribuir para o enfraquecimento das condi\u00e7\u00f5es de sa\u00fade entre moradores de favelas. Um estudo realizado pelo Instituto Trata Brasil mostra que, em 2018, o Brasil <\/span><a href=\"https:\/\/bit.ly\/3bcYNPe\" target=\"_blank\" rel=\"noopener noreferrer\"><span style=\"font-weight: 400;\">registrou um total de 233.880 casos de hospitaliza\u00e7\u00f5es por doen\u00e7as transmitidas pela \u00e1gua<\/span><\/a><span style=\"font-weight: 400;\">. Muitas das doen\u00e7as citadas, concluiu o estudo, poderiam ter sido facilmente evitadas se as pessoas tivessem tido acesso a uma fonte de \u00e1gua limpa e regular. Rubens alertou que essas doen\u00e7as podem comprometer o sistema imunol\u00f3gico, levando a uma maior vulnerabilidade ao coronav\u00edrus. &#8220;No caso de j\u00e1 estarem doentes, o sistema imunol\u00f3gico \u00e9 mais fraco, o que significa que s\u00e3o mais suscet\u00edveis a adoecer pelo novo v\u00edrus&#8221;, afirmou.<\/span><\/p>\n<p><span style=\"font-weight: 400;\">Essa situa\u00e7\u00e3o criou um ambiente estressante de vulnerabilidade para moradores de favelas. Irenaldo Hon\u00f3rio da Silva, que mora na favela <a href=\"https:\/\/bit.ly\/3bd68OR\" target=\"_blank\" rel=\"noopener noreferrer\">Pica-Pau<\/a> na <a href=\"http:\/\/bit.ly\/2ETpYR1\" target=\"_blank\" rel=\"noopener noreferrer\">Zona Norte<\/a> do Rio de Janeiro, h\u00e1 mais de trinta anos, diz que a maioria das casas em sua \u00e1rea sempre carece de \u00e1gua tratada ou de infraestrutura de saneamento adequada. As promessas das autoridades p\u00fablicas para resolver os problemas de \u00e1gua da comunidade <a href=\"https:\/\/bit.ly\/3cD4C99\" target=\"_blank\" rel=\"noopener noreferrer\">nunca foram concretizadas<\/a>. \u201c<\/span><span style=\"font-weight: 400;\">Eu acho que foi em 2015 ou 2016. Eles [as autoridades] estiveram aqui com grandes projetos para a \u00e1rea. Mas nada aconteceu. Agora j\u00e1 \u00e9 2020&#8243;, disse Irenaldo.<\/span><\/p>\n<p><a href=\"https:\/\/rioonwatch.org.br\/wp-content\/uploads\/2020\/04\/Pica-Pau.jpg\"><img fetchpriority=\"high\" decoding=\"async\" class=\"aligncenter wp-image-46683 size-content\" title=\"A tubula\u00e7\u00e3o improvisada na favela Pica-Pau, ao lado do bairro de Cordovil, na Zona Norte, permanece sem vigil\u00e2ncia e irregular. Foto - Arquivos RioOnWatch, 2016\" src=\"https:\/\/rioonwatch.org.br\/wp-content\/uploads\/2020\/04\/Pica-Pau-620x264.jpg\" alt=\"\" width=\"620\" height=\"264\" \/><\/a><\/p>\n<p><span style=\"font-weight: 400;\">Tais promessas n\u00e3o cumpridas levam a popula\u00e7\u00e3o a ter um sentimento geral de frustra\u00e7\u00e3o e desconfian\u00e7a em rela\u00e7\u00e3o ao governo. &#8220;Existe uma frustra\u00e7\u00e3o especialmente no contexto do Rio de Janeiro, porque j\u00e1 enfrentamos problemas com a CEDAE&#8221;, disse Juliana Marques, analista de dados e pesquisadora do <\/span><em><a href=\"https:\/\/bit.ly\/2VE7uLQ\" target=\"_blank\" rel=\"noopener noreferrer\"><span style=\"font-weight: 400;\">Data_Labe<\/span><\/a><\/em><span style=\"font-weight: 400;\">, um laborat\u00f3rio de dados e narrativa baseado nas favelas do <a href=\"http:\/\/bit.ly\/2K1s59x\" target=\"_blank\" rel=\"noopener noreferrer\">Complexo da Mar\u00e9<\/a>. &#8220;N\u00e3o faz muito tempo, que nas torneiras da gente estava saindo <a href=\"https:\/\/bit.ly\/3cuWIOM\" target=\"_blank\" rel=\"noopener noreferrer\">\u00e1gua contaminada, em n\u00edvel nunca visto antes<\/a>&#8220;, acrescentou ela, referindo-se \u00e0 crise h\u00eddrica de janeiro<\/span><span style=\"font-weight: 400;\">.<\/span><\/p>\n<p><span style=\"font-weight: 400;\">Essa crise for\u00e7ou muitos moradores de favelas a <\/span><a href=\"http:\/\/bit.ly\/38vEBqi\" target=\"_blank\" rel=\"noopener noreferrer\"><span style=\"font-weight: 400;\">escolher entre comprar \u00e1gua engarrafada ou comprar comida<\/span><\/a><span style=\"font-weight: 400;\"> para suas fam\u00edlias. A pandemia da Covid-19 levou as fam\u00edlias a passarem por um dilema semelhante na compra de suprimentos de higiene e sanit\u00e1rios. Mesmo apoiados por <a href=\"https:\/\/bit.ly\/2wzR0fx\" target=\"_blank\" rel=\"noopener noreferrer\">campanhas locais de doa\u00e7\u00e3o de alimentos e produtos de limpeza<\/a>, &#8220;para muitas pessoas aqui, se voc\u00ea tem que escolher entre comprar comida para sua fam\u00edlia ou comprar \u00e1lcool gel, a escolha \u00e9 feita rapidamente&#8221;, disse Irenaldo.<\/span><\/p>\n<p><span style=\"font-weight: 400;\">Juliana apontou a decis\u00e3o do governo Bolsonaro, de 2019, de <\/span><a href=\"https:\/\/glo.bo\/2XGaAlp\" target=\"_blank\" rel=\"noopener noreferrer\"><span style=\"font-weight: 400;\">cortar o or\u00e7amento nacional de saneamento em 21% para 2020<\/span><\/a><span style=\"font-weight: 400;\">, e afirmou que, espera que o momento atual sirva de alerta para o problema. Citando a constata\u00e7\u00e3o da Organiza\u00e7\u00e3o Mundial da Sa\u00fade de que cada d\u00f3lar (R$5) investido em \u00e1gua e saneamento <a href=\"https:\/\/bit.ly\/3aodu0S\" target=\"_blank\" rel=\"noopener noreferrer\">economiza US$4,30 (R$22,80) em custos com sa\u00fade<\/a>, Juliana enfatizou: &#8220;Precisamos lutar por um or\u00e7amento que contemple obras estruturais de \u00e1gua e saneamento&#8221;. Ela acrescentou que teme que, uma vez que a pandemia desapare\u00e7a, os problemas de saneamento nas favelas sejam novamente negligenciados. \u201cO que est\u00e1 acontecendo hoje em rela\u00e7\u00e3o \u00e0 pandemia <\/span><a href=\"http:\/\/bit.ly\/2o8QfoZ\" target=\"_blank\" rel=\"noopener noreferrer\"><span style=\"font-weight: 400;\">pode ser uma grande oportunidade<\/span><\/a><span style=\"font-weight: 400;\">.\u00a0<\/span><span style=\"font-weight: 400;\">N\u00e3o podemos perder isso de vista no per\u00edodo p\u00f3s-crise. O debate precisa ressurgir com a mesma for\u00e7a&#8221;.<\/span><\/p>\n<hr \/>\n<div class=\"entry clearfix\">\n<div class=\"entry clearfix\">\n<div class=\"c-message_kit__gutter\">\n<div class=\"c-message_kit__gutter__right\" data-qa=\"message_content\">\n<div class=\"c-message_kit__blocks c-message_kit__blocks--rich_text\">\n<div class=\"c-message__message_blocks c-message__message_blocks--rich_text\">\n<div class=\"p-block_kit_renderer\" data-qa=\"block-kit-renderer\">\n<div class=\"p-block_kit_renderer__block_wrapper p-block_kit_renderer__block_wrapper--first\">\n<div class=\"p-rich_text_block\" dir=\"auto\">\n<div class=\"p-rich_text_section\">\n<div class=\"entry clearfix\">\n<div class=\"entry clearfix\">\n<div class=\"entry clearfix\">\n<div class=\"entry clearfix\">\n<div class=\"entry clearfix\">\n<h4><strong>Apoie nossos esfor\u00e7os para fornecer assist\u00eancia estrat\u00e9gica \u00e0s favelas do Rio durante a pandemia de Covid-19, incluindo o jornalismo hiperlocal, cr\u00edtico, inovador e incans\u00e1vel do\u00a0<em>RioOnWatch<\/em><\/strong>\u2014<a href=\"http:\/\/bit.ly\/CatalisandoComunidades\">doe aqui<\/a>.<\/h4>\n<\/div>\n<\/div>\n<\/div>\n<\/div>\n<\/div>\n<\/div>\n<\/div>\n<\/div>\n<\/div>\n<\/div>\n<\/div>\n<\/div>\n<\/div>\n<\/div>\n<\/div>\n<!-- AddThis Advanced Settings generic via filter on the_content --><!-- AddThis Share Buttons generic via filter on the_content -->","protected":false},"excerpt":{"rendered":"<div class=\"mh-excerpt\"><p>Click Here for English Esta \u00e9 a nossa mais recente mat\u00e9ria sobre\u00a0o novo coronav\u00edrus e seus impactos sobre as favelas,\u00a0e faz parte de nossa parceria com o The Rio Times. Para a mat\u00e9ria publicada no <a class=\"mh-excerpt-more\" href=\"https:\/\/rioonwatch.org.br\/?p=46671\" title=\"Pandemia de Coronav\u00edrus Exp\u00f5e Problemas de \u00c1gua e Saneamento do Rio\">[&#8230;]<\/a><!-- AddThis Advanced Settings generic via filter on get_the_excerpt --><!-- AddThis Share Buttons generic via filter on get_the_excerpt --><\/p>\n<\/div>","protected":false},"author":129,"featured_media":46675,"comment_status":"closed","ping_status":"closed","sticky":false,"template":"","format":"standard","meta":{"_acf_changed":false,"_monsterinsights_skip_tracking":false,"_monsterinsights_sitenote_active":false,"_monsterinsights_sitenote_note":"","_monsterinsights_sitenote_category":0,"footnotes":""},"categories":[2753,1621,346,1631,1626],"tags":[934,510,620,332,2748,90,2761,426,492,2289,2754,2991,2782,218],"writer":[2781],"translator":[1971],"source":[],"ilustrador":[],"fotografo":[],"class_list":{"0":"post-46671","1":"post","2":"type-post","3":"status-publish","4":"format-standard","5":"has-post-thumbnail","7":"category-covid19nasfavelas","8":"category-destaque","9":"category-denuncias","10":"category-entendendo-o-rio","11":"category-por-observadores-internacionais","12":"tag-acesso","13":"tag-agua","14":"tag-cedae","15":"tag-complexo-da-mare","16":"tag-coronavirus","17":"tag-defensoria-publica","18":"tag-direito-a-agua","19":"tag-pica-pau","20":"tag-saneamento","21":"tag-serie","22":"tag-serie-covid-19-nas-favelas","23":"tag-serie-em-parceria-com-the-rio-times","24":"tag-trata-brasil","25":"tag-zona-norte","26":"writer-sophie-anne-monplaisir","27":"translator-geovanna-giannini"},"acf":[],"yoast_head":"<!-- This site is optimized with the Yoast SEO plugin v25.6 - https:\/\/yoast.com\/wordpress\/plugins\/seo\/ -->\n<title>Pandemia de Coronav\u00edrus Exp\u00f5e Problemas de \u00c1gua e Saneamento do Rio - RioOnWatch<\/title>\n<meta name=\"robots\" content=\"index, follow, max-snippet:-1, max-image-preview:large, max-video-preview:-1\" \/>\n<link rel=\"canonical\" href=\"https:\/\/rioonwatch.org.br\/?p=46671\" \/>\n<meta property=\"og:locale\" content=\"pt_BR\" \/>\n<meta property=\"og:type\" content=\"article\" \/>\n<meta property=\"og:title\" content=\"Pandemia de Coronav\u00edrus Exp\u00f5e Problemas de \u00c1gua e Saneamento do Rio - RioOnWatch\" \/>\n<meta property=\"og:description\" content=\"Click Here for English Esta \u00e9 a nossa mais recente mat\u00e9ria sobre\u00a0o novo coronav\u00edrus e seus impactos sobre as favelas,\u00a0e faz parte de nossa parceria com o The Rio Times. Para a mat\u00e9ria publicada no [...]\" \/>\n<meta property=\"og:url\" content=\"https:\/\/rioonwatch.org.br\/?p=46671\" \/>\n<meta property=\"og:site_name\" content=\"RioOnWatch\" \/>\n<meta property=\"article:published_time\" content=\"2020-04-22T14:32:28+00:00\" \/>\n<meta property=\"article:modified_time\" content=\"2021-01-26T12:55:45+00:00\" \/>\n<meta property=\"og:image\" content=\"https:\/\/rioonwatch.org.br\/wp-content\/uploads\/2020\/04\/Lixo-no-rio-na-Pavuna.-Foto-por-Luiza-Andrade.jpg\" \/>\n\t<meta property=\"og:image:width\" content=\"2048\" \/>\n\t<meta property=\"og:image:height\" content=\"1151\" \/>\n\t<meta property=\"og:image:type\" content=\"image\/jpeg\" \/>\n<meta name=\"author\" content=\"Admin\" \/>\n<meta name=\"twitter:card\" content=\"summary_large_image\" \/>\n<meta name=\"twitter:label1\" content=\"Escrito por\" \/>\n\t<meta name=\"twitter:data1\" content=\"Admin\" \/>\n\t<meta name=\"twitter:label2\" content=\"Est. tempo de leitura\" \/>\n\t<meta name=\"twitter:data2\" content=\"8 minutos\" \/>\n<script type=\"application\/ld+json\" class=\"yoast-schema-graph\">{\"@context\":\"https:\/\/schema.org\",\"@graph\":[{\"@type\":\"Article\",\"@id\":\"https:\/\/rioonwatch.org.br\/?p=46671#article\",\"isPartOf\":{\"@id\":\"https:\/\/rioonwatch.org.br\/?p=46671\"},\"author\":{\"name\":\"Admin\",\"@id\":\"https:\/\/rioonwatch.org.br\/#\/schema\/person\/11d64c290506f9df50c71b850c473f68\"},\"headline\":\"Pandemia de Coronav\u00edrus Exp\u00f5e Problemas de \u00c1gua e Saneamento do Rio\",\"datePublished\":\"2020-04-22T14:32:28+00:00\",\"dateModified\":\"2021-01-26T12:55:45+00:00\",\"mainEntityOfPage\":{\"@id\":\"https:\/\/rioonwatch.org.br\/?p=46671\"},\"wordCount\":1539,\"publisher\":{\"@id\":\"https:\/\/rioonwatch.org.br\/#organization\"},\"image\":{\"@id\":\"https:\/\/rioonwatch.org.br\/?p=46671#primaryimage\"},\"thumbnailUrl\":\"https:\/\/rioonwatch.org.br\/wp-content\/uploads\/2020\/04\/Lixo-no-rio-na-Pavuna.-Foto-por-Luiza-Andrade.jpg\",\"keywords\":[\"acesso\",\"\u00e1gua\",\"CEDAE\",\"Complexo da Mar\u00e9\",\"coronav\u00edrus\",\"Defensoria P\u00fablica\",\"direito \u00e0 \u00e1gua\",\"Pica-Pau\",\"saneamento\",\"S\u00e9rie\",\"S\u00e9rie: Covid-19 Nas Favelas\",\"S\u00e9rie: Em parceria com The Rio Times\",\"Trata Brasil\",\"Zona Norte\"],\"articleSection\":[\"#Covid19NasFavelas\",\"*Destaque\",\"Den\u00fancias\",\"Entendendo o Rio\",\"Escrito por Aliados\"],\"inLanguage\":\"pt-BR\"},{\"@type\":\"WebPage\",\"@id\":\"https:\/\/rioonwatch.org.br\/?p=46671\",\"url\":\"https:\/\/rioonwatch.org.br\/?p=46671\",\"name\":\"Pandemia de Coronav\u00edrus Exp\u00f5e Problemas de \u00c1gua e Saneamento do Rio - RioOnWatch\",\"isPartOf\":{\"@id\":\"https:\/\/rioonwatch.org.br\/#website\"},\"primaryImageOfPage\":{\"@id\":\"https:\/\/rioonwatch.org.br\/?p=46671#primaryimage\"},\"image\":{\"@id\":\"https:\/\/rioonwatch.org.br\/?p=46671#primaryimage\"},\"thumbnailUrl\":\"https:\/\/rioonwatch.org.br\/wp-content\/uploads\/2020\/04\/Lixo-no-rio-na-Pavuna.-Foto-por-Luiza-Andrade.jpg\",\"datePublished\":\"2020-04-22T14:32:28+00:00\",\"dateModified\":\"2021-01-26T12:55:45+00:00\",\"breadcrumb\":{\"@id\":\"https:\/\/rioonwatch.org.br\/?p=46671#breadcrumb\"},\"inLanguage\":\"pt-BR\",\"potentialAction\":[{\"@type\":\"ReadAction\",\"target\":[\"https:\/\/rioonwatch.org.br\/?p=46671\"]}]},{\"@type\":\"ImageObject\",\"inLanguage\":\"pt-BR\",\"@id\":\"https:\/\/rioonwatch.org.br\/?p=46671#primaryimage\",\"url\":\"https:\/\/rioonwatch.org.br\/wp-content\/uploads\/2020\/04\/Lixo-no-rio-na-Pavuna.-Foto-por-Luiza-Andrade.jpg\",\"contentUrl\":\"https:\/\/rioonwatch.org.br\/wp-content\/uploads\/2020\/04\/Lixo-no-rio-na-Pavuna.-Foto-por-Luiza-Andrade.jpg\",\"width\":2048,\"height\":1151},{\"@type\":\"BreadcrumbList\",\"@id\":\"https:\/\/rioonwatch.org.br\/?p=46671#breadcrumb\",\"itemListElement\":[{\"@type\":\"ListItem\",\"position\":1,\"name\":\"In\u00edcio\",\"item\":\"https:\/\/rioonwatch.org.br\/\"},{\"@type\":\"ListItem\",\"position\":2,\"name\":\"Pandemia de Coronav\u00edrus Exp\u00f5e Problemas de \u00c1gua e Saneamento do Rio\"}]},{\"@type\":\"WebSite\",\"@id\":\"https:\/\/rioonwatch.org.br\/#website\",\"url\":\"https:\/\/rioonwatch.org.br\/\",\"name\":\"RioOnWatch\",\"description\":\"relatos das favelas cariocas\",\"publisher\":{\"@id\":\"https:\/\/rioonwatch.org.br\/#organization\"},\"potentialAction\":[{\"@type\":\"SearchAction\",\"target\":{\"@type\":\"EntryPoint\",\"urlTemplate\":\"https:\/\/rioonwatch.org.br\/?s={search_term_string}\"},\"query-input\":{\"@type\":\"PropertyValueSpecification\",\"valueRequired\":true,\"valueName\":\"search_term_string\"}}],\"inLanguage\":\"pt-BR\"},{\"@type\":\"Organization\",\"@id\":\"https:\/\/rioonwatch.org.br\/#organization\",\"name\":\"RioOnWatch\",\"url\":\"https:\/\/rioonwatch.org.br\/\",\"logo\":{\"@type\":\"ImageObject\",\"inLanguage\":\"pt-BR\",\"@id\":\"https:\/\/rioonwatch.org.br\/#\/schema\/logo\/image\/\",\"url\":\"https:\/\/rioonwatch.org.br\/wp-content\/uploads\/2021\/06\/RioOnWatchcabecalhoPT11anos-2.png\",\"contentUrl\":\"https:\/\/rioonwatch.org.br\/wp-content\/uploads\/2021\/06\/RioOnWatchcabecalhoPT11anos-2.png\",\"width\":779,\"height\":277,\"caption\":\"RioOnWatch\"},\"image\":{\"@id\":\"https:\/\/rioonwatch.org.br\/#\/schema\/logo\/image\/\"}},{\"@type\":\"Person\",\"@id\":\"https:\/\/rioonwatch.org.br\/#\/schema\/person\/11d64c290506f9df50c71b850c473f68\",\"name\":\"Admin\",\"image\":{\"@type\":\"ImageObject\",\"inLanguage\":\"pt-BR\",\"@id\":\"https:\/\/rioonwatch.org.br\/#\/schema\/person\/image\/\",\"url\":\"https:\/\/secure.gravatar.com\/avatar\/56211ac74568383903349a1485e3c325?s=96&d=blank&r=g\",\"contentUrl\":\"https:\/\/secure.gravatar.com\/avatar\/56211ac74568383903349a1485e3c325?s=96&d=blank&r=g\",\"caption\":\"Admin\"},\"url\":\"https:\/\/rioonwatch.org.br\/?author=129\"}]}<\/script>\n<!-- \/ Yoast SEO plugin. -->","yoast_head_json":{"title":"Pandemia de Coronav\u00edrus Exp\u00f5e Problemas de \u00c1gua e Saneamento do Rio - RioOnWatch","robots":{"index":"index","follow":"follow","max-snippet":"max-snippet:-1","max-image-preview":"max-image-preview:large","max-video-preview":"max-video-preview:-1"},"canonical":"https:\/\/rioonwatch.org.br\/?p=46671","og_locale":"pt_BR","og_type":"article","og_title":"Pandemia de Coronav\u00edrus Exp\u00f5e Problemas de \u00c1gua e Saneamento do Rio - RioOnWatch","og_description":"Click Here for English Esta \u00e9 a nossa mais recente mat\u00e9ria sobre\u00a0o novo coronav\u00edrus e seus impactos sobre as favelas,\u00a0e faz parte de nossa parceria com o The Rio Times. Para a mat\u00e9ria publicada no [...]","og_url":"https:\/\/rioonwatch.org.br\/?p=46671","og_site_name":"RioOnWatch","article_published_time":"2020-04-22T14:32:28+00:00","article_modified_time":"2021-01-26T12:55:45+00:00","og_image":[{"width":2048,"height":1151,"url":"https:\/\/rioonwatch.org.br\/wp-content\/uploads\/2020\/04\/Lixo-no-rio-na-Pavuna.-Foto-por-Luiza-Andrade.jpg","type":"image\/jpeg"}],"author":"Admin","twitter_card":"summary_large_image","twitter_misc":{"Escrito por":"Admin","Est. tempo de leitura":"8 minutos"},"schema":{"@context":"https:\/\/schema.org","@graph":[{"@type":"Article","@id":"https:\/\/rioonwatch.org.br\/?p=46671#article","isPartOf":{"@id":"https:\/\/rioonwatch.org.br\/?p=46671"},"author":{"name":"Admin","@id":"https:\/\/rioonwatch.org.br\/#\/schema\/person\/11d64c290506f9df50c71b850c473f68"},"headline":"Pandemia de Coronav\u00edrus Exp\u00f5e Problemas de \u00c1gua e Saneamento do Rio","datePublished":"2020-04-22T14:32:28+00:00","dateModified":"2021-01-26T12:55:45+00:00","mainEntityOfPage":{"@id":"https:\/\/rioonwatch.org.br\/?p=46671"},"wordCount":1539,"publisher":{"@id":"https:\/\/rioonwatch.org.br\/#organization"},"image":{"@id":"https:\/\/rioonwatch.org.br\/?p=46671#primaryimage"},"thumbnailUrl":"https:\/\/rioonwatch.org.br\/wp-content\/uploads\/2020\/04\/Lixo-no-rio-na-Pavuna.-Foto-por-Luiza-Andrade.jpg","keywords":["acesso","\u00e1gua","CEDAE","Complexo da Mar\u00e9","coronav\u00edrus","Defensoria P\u00fablica","direito \u00e0 \u00e1gua","Pica-Pau","saneamento","S\u00e9rie","S\u00e9rie: Covid-19 Nas Favelas","S\u00e9rie: Em parceria com The Rio Times","Trata Brasil","Zona Norte"],"articleSection":["#Covid19NasFavelas","*Destaque","Den\u00fancias","Entendendo o Rio","Escrito por Aliados"],"inLanguage":"pt-BR"},{"@type":"WebPage","@id":"https:\/\/rioonwatch.org.br\/?p=46671","url":"https:\/\/rioonwatch.org.br\/?p=46671","name":"Pandemia de Coronav\u00edrus Exp\u00f5e Problemas de \u00c1gua e Saneamento do Rio - RioOnWatch","isPartOf":{"@id":"https:\/\/rioonwatch.org.br\/#website"},"primaryImageOfPage":{"@id":"https:\/\/rioonwatch.org.br\/?p=46671#primaryimage"},"image":{"@id":"https:\/\/rioonwatch.org.br\/?p=46671#primaryimage"},"thumbnailUrl":"https:\/\/rioonwatch.org.br\/wp-content\/uploads\/2020\/04\/Lixo-no-rio-na-Pavuna.-Foto-por-Luiza-Andrade.jpg","datePublished":"2020-04-22T14:32:28+00:00","dateModified":"2021-01-26T12:55:45+00:00","breadcrumb":{"@id":"https:\/\/rioonwatch.org.br\/?p=46671#breadcrumb"},"inLanguage":"pt-BR","potentialAction":[{"@type":"ReadAction","target":["https:\/\/rioonwatch.org.br\/?p=46671"]}]},{"@type":"ImageObject","inLanguage":"pt-BR","@id":"https:\/\/rioonwatch.org.br\/?p=46671#primaryimage","url":"https:\/\/rioonwatch.org.br\/wp-content\/uploads\/2020\/04\/Lixo-no-rio-na-Pavuna.-Foto-por-Luiza-Andrade.jpg","contentUrl":"https:\/\/rioonwatch.org.br\/wp-content\/uploads\/2020\/04\/Lixo-no-rio-na-Pavuna.-Foto-por-Luiza-Andrade.jpg","width":2048,"height":1151},{"@type":"BreadcrumbList","@id":"https:\/\/rioonwatch.org.br\/?p=46671#breadcrumb","itemListElement":[{"@type":"ListItem","position":1,"name":"In\u00edcio","item":"https:\/\/rioonwatch.org.br\/"},{"@type":"ListItem","position":2,"name":"Pandemia de Coronav\u00edrus Exp\u00f5e Problemas de \u00c1gua e Saneamento do Rio"}]},{"@type":"WebSite","@id":"https:\/\/rioonwatch.org.br\/#website","url":"https:\/\/rioonwatch.org.br\/","name":"RioOnWatch","description":"relatos das favelas cariocas","publisher":{"@id":"https:\/\/rioonwatch.org.br\/#organization"},"potentialAction":[{"@type":"SearchAction","target":{"@type":"EntryPoint","urlTemplate":"https:\/\/rioonwatch.org.br\/?s={search_term_string}"},"query-input":{"@type":"PropertyValueSpecification","valueRequired":true,"valueName":"search_term_string"}}],"inLanguage":"pt-BR"},{"@type":"Organization","@id":"https:\/\/rioonwatch.org.br\/#organization","name":"RioOnWatch","url":"https:\/\/rioonwatch.org.br\/","logo":{"@type":"ImageObject","inLanguage":"pt-BR","@id":"https:\/\/rioonwatch.org.br\/#\/schema\/logo\/image\/","url":"https:\/\/rioonwatch.org.br\/wp-content\/uploads\/2021\/06\/RioOnWatchcabecalhoPT11anos-2.png","contentUrl":"https:\/\/rioonwatch.org.br\/wp-content\/uploads\/2021\/06\/RioOnWatchcabecalhoPT11anos-2.png","width":779,"height":277,"caption":"RioOnWatch"},"image":{"@id":"https:\/\/rioonwatch.org.br\/#\/schema\/logo\/image\/"}},{"@type":"Person","@id":"https:\/\/rioonwatch.org.br\/#\/schema\/person\/11d64c290506f9df50c71b850c473f68","name":"Admin","image":{"@type":"ImageObject","inLanguage":"pt-BR","@id":"https:\/\/rioonwatch.org.br\/#\/schema\/person\/image\/","url":"https:\/\/secure.gravatar.com\/avatar\/56211ac74568383903349a1485e3c325?s=96&d=blank&r=g","contentUrl":"https:\/\/secure.gravatar.com\/avatar\/56211ac74568383903349a1485e3c325?s=96&d=blank&r=g","caption":"Admin"},"url":"https:\/\/rioonwatch.org.br\/?author=129"}]}},"_links":{"self":[{"href":"https:\/\/rioonwatch.org.br\/index.php?rest_route=\/wp\/v2\/posts\/46671"}],"collection":[{"href":"https:\/\/rioonwatch.org.br\/index.php?rest_route=\/wp\/v2\/posts"}],"about":[{"href":"https:\/\/rioonwatch.org.br\/index.php?rest_route=\/wp\/v2\/types\/post"}],"author":[{"embeddable":true,"href":"https:\/\/rioonwatch.org.br\/index.php?rest_route=\/wp\/v2\/users\/129"}],"replies":[{"embeddable":true,"href":"https:\/\/rioonwatch.org.br\/index.php?rest_route=%2Fwp%2Fv2%2Fcomments&post=46671"}],"version-history":[{"count":21,"href":"https:\/\/rioonwatch.org.br\/index.php?rest_route=\/wp\/v2\/posts\/46671\/revisions"}],"predecessor-version":[{"id":53308,"href":"https:\/\/rioonwatch.org.br\/index.php?rest_route=\/wp\/v2\/posts\/46671\/revisions\/53308"}],"wp:featuredmedia":[{"embeddable":true,"href":"https:\/\/rioonwatch.org.br\/index.php?rest_route=\/wp\/v2\/media\/46675"}],"wp:attachment":[{"href":"https:\/\/rioonwatch.org.br\/index.php?rest_route=%2Fwp%2Fv2%2Fmedia&parent=46671"}],"wp:term":[{"taxonomy":"category","embeddable":true,"href":"https:\/\/rioonwatch.org.br\/index.php?rest_route=%2Fwp%2Fv2%2Fcategories&post=46671"},{"taxonomy":"post_tag","embeddable":true,"href":"https:\/\/rioonwatch.org.br\/index.php?rest_route=%2Fwp%2Fv2%2Ftags&post=46671"},{"taxonomy":"writer","embeddable":true,"href":"https:\/\/rioonwatch.org.br\/index.php?rest_route=%2Fwp%2Fv2%2Fwriter&post=46671"},{"taxonomy":"translator","embeddable":true,"href":"https:\/\/rioonwatch.org.br\/index.php?rest_route=%2Fwp%2Fv2%2Ftranslator&post=46671"},{"taxonomy":"source","embeddable":true,"href":"https:\/\/rioonwatch.org.br\/index.php?rest_route=%2Fwp%2Fv2%2Fsource&post=46671"},{"taxonomy":"ilustrador","embeddable":true,"href":"https:\/\/rioonwatch.org.br\/index.php?rest_route=%2Fwp%2Fv2%2Filustrador&post=46671"},{"taxonomy":"fotografo","embeddable":true,"href":"https:\/\/rioonwatch.org.br\/index.php?rest_route=%2Fwp%2Fv2%2Ffotografo&post=46671"}],"curies":[{"name":"wp","href":"https:\/\/api.w.org\/{rel}","templated":true}]}}