{"id":46786,"date":"2020-05-06T13:32:46","date_gmt":"2020-05-06T16:32:46","guid":{"rendered":"https:\/\/rioonwatch.org.br\/?p=46786"},"modified":"2022-12-21T10:30:17","modified_gmt":"2022-12-21T13:30:17","slug":"coronavirus-no-dia-a-dia-das-favelas-parte-9-arte-e-esperanca-no-combate-a-pandemia-na-providencia","status":"publish","type":"post","link":"https:\/\/rioonwatch.org.br\/?p=46786","title":{"rendered":"Coronav\u00edrus nas Favelas, Parte 9: Poesia, Pia e A\u00e7\u00e3o no Combate \u00e0 Pandemia na Provid\u00eancia"},"content":{"rendered":"<p style=\"text-align: right;\"><em><strong><a href=\"https:\/\/bit.ly\/2LlvnDb\" target=\"_blank\" rel=\"noopener noreferrer\">Click Here for English<\/a><a href=\"https:\/\/bit.ly\/2LlvnDb\" target=\"_blank\" rel=\"noopener noreferrer\"><img decoding=\"async\" width=\"20\" height=\"20\" class=\"alignright wp-image-15790\" src=\"http:\/\/rioonwatch.org.br\/wp-content\/uploads\/2012\/08\/EN-standard-e1439583104716.jpg\" \/><\/a><\/strong><\/em><\/p>\n<p><em><strong><a href=\"https:\/\/rioonwatch.org.br\/wp-content\/uploads\/2019\/08\/SDSU.png\" rel=\"prettyPhoto\"><img decoding=\"async\" class=\"wp-image-42675 alignright\" src=\"https:\/\/rioonwatch.org.br\/wp-content\/uploads\/2019\/08\/SDSU.png\" sizes=\"(max-width: 200px) 100vw, 200px\" srcset=\"https:\/\/rioonwatch.org.br\/wp-content\/uploads\/2019\/08\/SDSU.png 1934w, https:\/\/rioonwatch.org.br\/wp-content\/uploads\/2019\/08\/SDSU-620x211.png 620w, https:\/\/rioonwatch.org.br\/wp-content\/uploads\/2019\/08\/SDSU-768x261.png 768w, https:\/\/rioonwatch.org.br\/wp-content\/uploads\/2019\/08\/SDSU-1024x348.png 1024w\" alt=\"\" width=\"200\" height=\"68\" \/><\/a>Essa mat\u00e9ria oriunda do Morro da Provid\u00eancia, \u00e9 a nona de uma <a href=\"https:\/\/bit.ly\/2wRgF3t\">s\u00e9rie sobre o impacto da pandemia do coronav\u00edrus no dia a dia das favelas<\/a>, em parceria com o Centro Behner Stiefel de Estudos Brasileiros da Universidade Estadual de San Diego.<\/strong><\/em><\/p>\n<p>A <a href=\"http:\/\/bit.ly\/2Yc1ivK\" target=\"_blank\" rel=\"noopener noreferrer\">Provid\u00eancia<\/a>, com <a href=\"https:\/\/bit.ly\/2zfIdQG\" target=\"_blank\" rel=\"noopener noreferrer\">mais de 120 anos<\/a>, \u00e9 considerada a <a href=\"http:\/\/bit.ly\/QueEFavela\" target=\"_blank\" rel=\"noopener noreferrer\">primeira favela do Brasil<\/a>. Localizada no <a href=\"http:\/\/bit.ly\/2x1dXEP\" target=\"_blank\" rel=\"noopener noreferrer\">Centro<\/a> do Rio de Janeiro, a \u00e1rea <a href=\"http:\/\/bit.ly\/2cUojex\" target=\"_blank\" rel=\"noopener noreferrer\">come\u00e7ou a ser ocupada<\/a> por ex-escravos em 1888, e por <a href=\"https:\/\/bit.ly\/2SEpzsO\" target=\"_blank\" rel=\"noopener noreferrer\">ex-combatentes da Guerra de Canudos<\/a>, em 1897. Os soldados enviados para Canudos ao retornarem ao Rio de Janeiro, n\u00e3o receberam a casa prometida como pagamento e acabaram se instalando no morro.<\/p>\n<p>O Morro da Provid\u00eancia, <a href=\"https:\/\/bit.ly\/2yLrrsg\" target=\"_blank\" rel=\"noopener noreferrer\">assemelhava-se com outro morro<\/a> que se tornou a trincheira dos combatentes em Canudos, que se insurgiram contra a Rep\u00fablica: o &#8216;Morro da Favella&#8217;. No morro havia a planta &#8220;faveleira&#8221;. Seja pela lembran\u00e7a dos soldados do morro baiano ou por uma poss\u00edvel presen\u00e7a da planta &#8216;favela&#8217; no morro carioca, o fato \u00e9 que a regi\u00e3o passou a ser conhecida como &#8216;Morro da Favela&#8217;.<\/p>\n<p>Com o passar de d\u00e9cadas, a palavra \u2018<a href=\"http:\/\/bit.ly\/33AGboe\" target=\"_blank\" rel=\"noopener noreferrer\">favela<\/a>\u2019 passou a ser o nome usado para designar<span style=\"font-weight: 400;\">\u00a0<\/span><a href=\"http:\/\/bit.ly\/2wF7rDI\" target=\"_blank\" rel=\"noopener noreferrer\">assentamentos informais<\/a> brasileiros, e o Morro da Favela passou ser chamado Morro da Provid\u00eancia. De acordo com o <a href=\"http:\/\/bit.ly\/1U8FIwP\">Instituto Pereira Passos (IPP)<\/a> de urbanismo do governo municipal, sua popula\u00e7\u00e3o tem cerca de 5.000 pessoas. Mas, seus moradores consideram que j\u00e1 s\u00e3o bem mais.<\/p>\n<p>Neste relato, em forma de poesia\u2014as coordenadoras do projeto <a href=\"http:\/\/bit.ly\/2HCcMku\" target=\"_blank\" rel=\"noopener noreferrer\">Horta Inteligente<\/a>, na Provid\u00eancia\u2014<a href=\"http:\/\/bit.ly\/2prkLWe\" target=\"_blank\" rel=\"noopener noreferrer\">Elis\u00e2ngela Almeida Oliveira<\/a> e <a href=\"http:\/\/bit.ly\/2toxBHT\" target=\"_blank\" rel=\"noopener noreferrer\">Lorena Portela<\/a>, contam como a primeira favela est\u00e1 enfrentando \u00e0 pandemia da <a href=\"https:\/\/bit.ly\/2QZjDJI\" target=\"_blank\" rel=\"noopener noreferrer\">Covid-19<\/a>.<\/p>\n<blockquote><p><em>Na cidade do Rio de Janeiro, sua primeira favela segue na luta!<br \/>\nAqui no Morro da Provid\u00eancia, o tal \u00e1lcool gel \u00e9 ouro.<br \/>\n\u00c9 pra lavar a m\u00e3o e a roupa que v\u00eam da rua. Mas <a href=\"https:\/\/bit.ly\/2UOQlQG\" target=\"_blank\" rel=\"noopener noreferrer\">lava com que \u00e1gua<\/a>?<br \/>\n\u00c9 pra comer bem pra manter a imunidade alta. Mas come que comida?<br \/>\nFalta d\u2019\u00e1gua e <a href=\"https:\/\/bit.ly\/2RWqZhC\" target=\"_blank\" rel=\"noopener noreferrer\">saneamento b\u00e1sico prec\u00e1rio \u00e9 nossa realidade<\/a> desde muito antes desses dias de pandemia.<br \/>\nSai da rua, crian\u00e7a! Mas <a href=\"https:\/\/bit.ly\/2wXJV8G\" target=\"_blank\" rel=\"noopener noreferrer\">como faz quarentena<\/a> com fam\u00edlia grande e casa pequena?\u00a0<\/em><\/p><\/blockquote>\n<p><a href=\"https:\/\/rioonwatch.org.br\/wp-content\/uploads\/2020\/04\/Coronav\u00edrus-no-Dia-a-Dia-das-Favelas-PROVIDENCIA-4.jpeg\"><img fetchpriority=\"high\" decoding=\"async\" class=\"aligncenter wp-image-46790 size-content\" title=\"Cestas b\u00e1sicas organizadas para distribui\u00e7\u00e3o entre as fam\u00edlias do Morro da\u00a0Provid\u00eancia\u00a0na \u00faltima semana de mar\u00e7o, a partir das iniciativas locais &quot;Entre o C\u00e9u e a Favela&quot;, &quot;Casa Amarela&quot; e colaboradores.\" src=\"https:\/\/rioonwatch.org.br\/wp-content\/uploads\/2020\/04\/Coronav\u00edrus-no-Dia-a-Dia-das-Favelas-PROVIDENCIA-4-620x264.jpeg\" alt=\"\" width=\"620\" height=\"264\" srcset=\"https:\/\/rioonwatch.org.br\/wp-content\/uploads\/2020\/04\/Coronav\u00edrus-no-Dia-a-Dia-das-Favelas-PROVIDENCIA-4-620x264.jpeg 620w, https:\/\/rioonwatch.org.br\/wp-content\/uploads\/2020\/04\/Coronav\u00edrus-no-Dia-a-Dia-das-Favelas-PROVIDENCIA-4-940x400.jpeg 940w\" sizes=\"(max-width: 620px) 100vw, 620px\" \/><\/a><\/p>\n<blockquote><p><em>N\u00e3o tem abra\u00e7o nem aperto de m\u00e3o.<\/em><br \/>\n<em>Mas, mais do que nunca, <a href=\"https:\/\/bit.ly\/340KKtn\" target=\"_blank\" rel=\"noopener noreferrer\">coletivos e lideran\u00e7as v\u00eam trabalhando juntos<\/a>: <\/em><br \/>\n<em><a href=\"https:\/\/bit.ly\/3bcIaTX\" target=\"_blank\" rel=\"noopener noreferrer\">no carro de som<\/a> gritando por sa\u00fade, nas redes sociais <a href=\"https:\/\/bit.ly\/2wzR0fx\" target=\"_blank\" rel=\"noopener noreferrer\">gritando por doa\u00e7\u00e3o<\/a>!<\/em><br \/>\n<em>Segura a\u00ed: esses n\u00fameros grand\u00f5es representam uni\u00e3o: <\/em><br \/>\n<em>At\u00e9 o fim de abril, j\u00e1 foram 620 cestas b\u00e1sicas, 103 cestas com alimentos da agricultura ecol\u00f3gica, 950 cart\u00f5es pras refei\u00e7\u00f5es, 2868 litros de \u00e1gua mineral.<br \/>\nNa limpeza, 1.460 sabonetes, 1.008 pacotes de papel higi\u00eanico, 1.100 barras de sab\u00e3o, 400 \u00e1lcool em gel&#8230;.<br \/>\nAl\u00e9m disso (e que coisa bonita!): j\u00e1 foram <a href=\"https:\/\/bit.ly\/2L4QHNi\" target=\"_blank\" rel=\"noopener noreferrer\">37 pias instaladas<\/a> ao longo do morro e 1200 litros de sab\u00e3o produzido com \u00f3leo de cozinha reciclado daqui da regi\u00e3o! E tem bem mais vindo a\u00ed&#8230;<br \/>\nPor <a href=\"https:\/\/bit.ly\/3c5T3qY\" target=\"_blank\" rel=\"noopener noreferrer\">transfer\u00eancia banc\u00e1ria<\/a> ou vaquinha, at\u00e9 empresa grande j\u00e1 fez doa\u00e7\u00e3o!<br \/>\nE pra distribuir isso tudo? Morador se cadastra por Zap, e quem t\u00e1 mais vulner\u00e1vel tem prioridade!<\/em><\/p><\/blockquote>\n<p><a href=\"https:\/\/rioonwatch.org.br\/wp-content\/uploads\/2020\/05\/Pia-instaladas-no-Morro-da-Provid\u00eancia-Foto-da-p\u00e1gina-de-Maur\u00edcio-ora-no-Facebook-e1588719270849.jpg\"><img loading=\"lazy\" decoding=\"async\" class=\"aligncenter wp-image-47142 size-content\" title=\"Pia instalada no Morro da Provid\u00eancia. Foto da pagina de Maur\u00edcio Hora no Facebook\" src=\"https:\/\/rioonwatch.org.br\/wp-content\/uploads\/2020\/05\/Pia-instaladas-no-Morro-da-Provid\u00eancia-Foto-da-p\u00e1gina-de-Maur\u00edcio-ora-no-Facebook-e1588719270849-620x264.jpg\" alt=\"\" width=\"620\" height=\"264\" \/><\/a><\/p>\n<blockquote><p><em><a href=\"http:\/\/bit.ly\/3csm54S\" target=\"_blank\" rel=\"noopener noreferrer\">Cultivo de horta e pomar<\/a> tamb\u00e9m continua, nas pra\u00e7as, pela rua.\u00a0<\/em><br \/>\n<em>Ser\u00e1 que um dia a favela vai conquistar soberania alimentar?\u00a0<\/em><br \/>\n<em>S\u00f3 d\u00e1 pra saber se a gente plantar!<\/em><\/p><\/blockquote>\n<p><strong><a href=\"https:\/\/rioonwatch.org.br\/wp-content\/uploads\/2020\/04\/Coronav\u00edrus-no-Dia-a-Dia-das-Favelas-PROVIDENCIA-5.jpeg\"><img loading=\"lazy\" decoding=\"async\" class=\"aligncenter wp-image-46791 size-content\" title=\"O plantio de comida na pra\u00e7a continua na quarentena! Cultivo no canteiro da Pra\u00e7a do Cruzeiro, no alto do Morro da\u00a0Provid\u00eancia, cuidado pelo projeto local &quot;Natural\u00ea&quot;, da Alessandra Roque. Al\u00e9m das a\u00e7\u00f5es emergenciais e de assist\u00eancia, \u00e9 preciso cuidar da autonomia e soberania alimentar na favela a m\u00e9dio e longo prazo.\" src=\"https:\/\/rioonwatch.org.br\/wp-content\/uploads\/2020\/04\/Coronav\u00edrus-no-Dia-a-Dia-das-Favelas-PROVIDENCIA-5-620x264.jpeg\" alt=\"\" width=\"620\" height=\"264\" srcset=\"https:\/\/rioonwatch.org.br\/wp-content\/uploads\/2020\/04\/Coronav\u00edrus-no-Dia-a-Dia-das-Favelas-PROVIDENCIA-5-620x264.jpeg 620w, https:\/\/rioonwatch.org.br\/wp-content\/uploads\/2020\/04\/Coronav\u00edrus-no-Dia-a-Dia-das-Favelas-PROVIDENCIA-5-940x400.jpeg 940w\" sizes=\"(max-width: 620px) 100vw, 620px\" \/><\/a><\/strong><\/p>\n<blockquote><p><em>A rua j\u00e1 anda mais vazia&#8230; Mas a maioria de n\u00f3s ainda tem que sair todo dia pra laborar.<br \/>\nNo pa\u00eds mais desigual do mundo, ficar em casa \u00e9 <a href=\"https:\/\/bit.ly\/2wXJV8G\" target=\"_blank\" rel=\"noopener noreferrer\">mais privil\u00e9gio do que precau\u00e7\u00e3o<\/a>:<br \/>\nprote\u00e7\u00e3o que o trabalhador da base ainda n\u00e3o pode utilizar.<br \/>\nE por isso a gente refor\u00e7a o pedido: <a href=\"https:\/\/bit.ly\/2ywNa7s\" target=\"_blank\" rel=\"noopener noreferrer\">renda b\u00e1sica pra j\u00e1<\/a>! Burocracia do <a href=\"https:\/\/bit.ly\/2Rku5Mf\" target=\"_blank\" rel=\"noopener noreferrer\">Estado n\u00e3o t\u00e1 dando mais pra esperar<\/a>.\u00a0<\/em><\/p><\/blockquote>\n<p><em><a href=\"https:\/\/rioonwatch.org.br\/wp-content\/uploads\/2020\/04\/Coronav\u00edrus-no-Dia-a-Dia-das-Favelas-PROVIDENCIA-7.jpeg\"><img loading=\"lazy\" decoding=\"async\" class=\"aligncenter wp-image-46792 size-content\" title=\"Fam\u00edlias do Morro da\u00a0Provid\u00eancia\u00a0recebendo cestas b\u00e1sicas na \u00faltima semana de mar\u00e7o, a partir dos esfor\u00e7os da organiza\u00e7\u00e3o local &quot;Providenciando a Favor da Vida&quot; e colaboradores.\" src=\"https:\/\/rioonwatch.org.br\/wp-content\/uploads\/2020\/04\/Coronav\u00edrus-no-Dia-a-Dia-das-Favelas-PROVIDENCIA-7-620x264.jpeg\" alt=\"\" width=\"620\" height=\"264\" srcset=\"https:\/\/rioonwatch.org.br\/wp-content\/uploads\/2020\/04\/Coronav\u00edrus-no-Dia-a-Dia-das-Favelas-PROVIDENCIA-7-620x264.jpeg 620w, https:\/\/rioonwatch.org.br\/wp-content\/uploads\/2020\/04\/Coronav\u00edrus-no-Dia-a-Dia-das-Favelas-PROVIDENCIA-7-940x400.jpeg 940w\" sizes=\"(max-width: 620px) 100vw, 620px\" \/><\/a><\/em><\/p>\n<blockquote><p><em>Luva e m\u00e1scara s\u00e3o descart\u00e1veis. <\/em><br \/>\n<em>A vida de milh\u00f5es de crian\u00e7as e <a href=\"https:\/\/bit.ly\/2YbqB34\" target=\"_blank\" rel=\"noopener noreferrer\">moradores de favelas e periferias n\u00e3o<\/a>!<\/em><br \/>\n<em>Daqui vamos apagando umas labaredas de fogo surreais, <\/em><br \/>\n<em>mas sabemos que \u00e9 pol\u00edtica p\u00fablica que d\u00e1 conta desses <a href=\"https:\/\/bit.ly\/2xZzthv\" target=\"_blank\" rel=\"noopener noreferrer\">problemas estruturais<\/a>. <\/em><br \/>\n<em>\u00c9 pelos nossos que seguimos: mobiliza\u00e7\u00e3o de formiguinha, <\/em><br \/>\n<em>porque n\u00e3o \u00e9 s\u00f3 uma \u201cgripizinha\u201d.<\/em><br \/>\n<em>Todo dia uma provid\u00eancia \u00e9 tomada.<\/em><br \/>\n<em>Nesses 120 anos de Morro da Favela<\/em><br \/>\n<em>Resist\u00eancia e esperan\u00e7a, ainda que em tempos de guerra!<\/em><\/p><\/blockquote>\n<p>As autoras deste relato po\u00e9tico, Elis\u00e2ngela e Lorena, tamb\u00e9m desenvolveram uma campanha com aquarelas para transmitir\u2014por meio de mensagens diretas que atra\u00edssem a aten\u00e7\u00e3o de maneira positiva\u2014 informa\u00e7\u00f5es \u00fateis \u00e0 mitiga\u00e7\u00e3o da transmiss\u00e3o da Covid-19. As ilustra\u00e7\u00f5es em aquarela*, feitas por Lorena (<a href=\"https:\/\/bit.ly\/3doBxyB\" target=\"_blank\" rel=\"noopener noreferrer\" data-saferedirecturl=\"https:\/\/www.google.com\/url?q=https:\/\/www.instagram.com\/hippie_sinistra\/&amp;source=gmail&amp;ust=1588770290398000&amp;usg=AFQjCNFzZfITfpdVq6UPZMyxkWjsnuT7Zw\">@hippie_sinistra<\/a>), foram elaboradas a partir das observa\u00e7\u00f5es de Elis\u00e2ngela sobre situa\u00e7\u00f5es e comportamentos observados na sua viv\u00eancia na Provid\u00eancia.<\/p>\n<p><iframe src=\"https:\/\/docs.google.com\/presentation\/d\/e\/2PACX-1vQdPRWjbRC7mfO8tN1t8V5SOeEw2UWfmpRfNAnvVdsEX9cVK-QmW1S-Dnjebvc3mTg_x-2MyGEVf61b\/embed?start=true&amp;loop=false&amp;delayms=3000\" width=\"620\" height=\"377\" frameborder=\"0\" allowfullscreen=\"allowfullscreen\"><\/iframe><\/p>\n<div>\n<div>\n<p><em>Elis\u00e2ngela Almeida criou o <a href=\"http:\/\/bit.ly\/2HCcMku\" target=\"_blank\" rel=\"noopener noreferrer\">projeto Horta Inteligente<\/a> em 2015. \u00c9 moradora do Morro da Provid\u00eancia e natural de Vit\u00f3ria da Conquista (BA). Elis\u00e2ngela tem 23 anos, e atualmente trabalha na \u00e1rea administrativa na empresa SUIPA. Com forma\u00e7\u00f5es nas \u00e1reas de administra\u00e7\u00e3o, log\u00edstica e design, tem como sonho se formar em ci\u00eancias ambientais. Em 2015, foi nomeada embaixadora e uma das semifinalistas do pr\u00eamio &#8220;Prudential Esp\u00edrito Comunit\u00e1rio&#8221;.<\/em><\/p>\n<\/div>\n<p><em>Lorena Portela \u00e9 engenheira ambiental e doutoranda em sa\u00fade p\u00fablica (ENSP\/<a href=\"https:\/\/bit.ly\/35zUXOd\" target=\"_blank\" rel=\"noopener noreferrer\">FIOCRUZ<\/a>). Lorena tem 27 anos e desde 2013 atua com educa\u00e7\u00e3o e viv\u00eancias em agroecologia, permacultura e saneamento ecol\u00f3gico. Tamb\u00e9m \u00e9 artista pl\u00e1stica e professora de yoga. Sua pesquisa no campo da sa\u00fade e das artes visuais dialoga com as quest\u00f5es socioambientais e a afirma\u00e7\u00e3o da agroecologia como pr\u00e1tica de emancipa\u00e7\u00e3o.<\/em><\/p>\n<p>*As autoras autorizam a divulga\u00e7\u00e3o ampla do material produzido.<\/p>\n<hr \/>\n<h4><strong>Apoie nossos esfor\u00e7os para fornecer assist\u00eancia estrat\u00e9gica \u00e0s favelas do Rio durante a pandemia de Covid-19, incluindo o jornalismo hiperlocal, cr\u00edtico, inovador e incans\u00e1vel do\u00a0<em>RioOnWatch<\/em><\/strong>\u2014<a href=\"http:\/\/bit.ly\/CatalisandoComunidades\">doe aqui<\/a>.<\/h4>\n<\/div>\n<!-- AddThis Advanced Settings generic via filter on the_content --><!-- AddThis Share Buttons generic via filter on the_content -->","protected":false},"excerpt":{"rendered":"<div class=\"mh-excerpt\"><p>Click Here for English Essa mat\u00e9ria oriunda do Morro da Provid\u00eancia, \u00e9 a nona de uma s\u00e9rie sobre o impacto da pandemia do coronav\u00edrus no dia a dia das favelas, em parceria com o Centro <a class=\"mh-excerpt-more\" href=\"https:\/\/rioonwatch.org.br\/?p=46786\" title=\"Coronav\u00edrus nas Favelas, Parte 9: Poesia, Pia e A\u00e7\u00e3o no Combate \u00e0 Pandemia na Provid\u00eancia\">[&#8230;]<\/a><!-- AddThis Advanced Settings generic via filter on get_the_excerpt --><!-- AddThis Share Buttons generic via filter on get_the_excerpt --><\/p>\n<\/div>","protected":false},"author":165,"featured_media":47121,"comment_status":"closed","ping_status":"closed","sticky":false,"template":"","format":"standard","meta":{"_acf_changed":false,"_monsterinsights_skip_tracking":false,"_monsterinsights_sitenote_active":false,"_monsterinsights_sitenote_note":"","_monsterinsights_sitenote_category":0,"footnotes":""},"categories":[2753,2323,1621,1625,1612,342,1639],"tags":[301,510,334,259,2748,81,413,88,2146,1097,1151,1304,257,417,358,102,492,2289,2693,2759,2797,380,476],"writer":[2794,2795],"translator":[],"source":[],"ilustrador":[],"fotografo":[],"class_list":{"0":"post-46786","1":"post","2":"type-post","3":"status-publish","4":"format-standard","5":"has-post-thumbnail","7":"category-covid19nasfavelas","8":"category-urbanismopopular","9":"category-destaque","10":"category-por-correspondentes-comunitarios","11":"category-sociedade-civil","12":"category-solucoes","13":"category-sustentabilidade","14":"tag-agroecologia","15":"tag-agua","16":"tag-arte","17":"tag-centro","18":"tag-coronavirus","19":"tag-cultura","20":"tag-desigualdade","21":"tag-direitos-humanos","22":"tag-fiocruz","23":"tag-horta-comunitaria","24":"tag-organizacao","25":"tag-organizacao-criativa","26":"tag-providencia","27":"tag-negligencia-do-estado","28":"tag-organizacao-comunitaria","29":"tag-poesia","30":"tag-saneamento","31":"tag-serie","32":"tag-serie-direitos-humanos-com-apoio-do-centro-behner-stiefel-da-sdsu","33":"tag-serie-covid-19-no-dia-a-dia-das-favelas","34":"tag-soberania-alimentar","35":"tag-solidariedade","36":"tag-solucao-comunitaria","37":"writer-elisangela-almeida-oliveira","38":"writer-lorena-portela"},"acf":[],"yoast_head":"<!-- This site is optimized with the Yoast SEO plugin v25.6 - https:\/\/yoast.com\/wordpress\/plugins\/seo\/ -->\n<title>Coronav\u00edrus nas Favelas, Parte 9: Poesia, Pia e A\u00e7\u00e3o no Combate \u00e0 Pandemia na Provid\u00eancia - RioOnWatch<\/title>\n<meta name=\"robots\" content=\"index, follow, max-snippet:-1, max-image-preview:large, max-video-preview:-1\" \/>\n<link rel=\"canonical\" href=\"https:\/\/rioonwatch.org.br\/?p=46786\" \/>\n<meta property=\"og:locale\" content=\"pt_BR\" \/>\n<meta property=\"og:type\" content=\"article\" \/>\n<meta property=\"og:title\" content=\"Coronav\u00edrus nas Favelas, Parte 9: Poesia, Pia e A\u00e7\u00e3o no Combate \u00e0 Pandemia na Provid\u00eancia - RioOnWatch\" \/>\n<meta property=\"og:description\" content=\"Click Here for English Essa mat\u00e9ria oriunda do Morro da Provid\u00eancia, \u00e9 a nona de uma s\u00e9rie sobre o impacto da pandemia do coronav\u00edrus no dia a dia das favelas, em parceria com o Centro [...]\" \/>\n<meta property=\"og:url\" content=\"https:\/\/rioonwatch.org.br\/?p=46786\" \/>\n<meta property=\"og:site_name\" content=\"RioOnWatch\" \/>\n<meta property=\"article:published_time\" content=\"2020-05-06T16:32:46+00:00\" \/>\n<meta property=\"article:modified_time\" content=\"2022-12-21T13:30:17+00:00\" \/>\n<meta property=\"og:image\" content=\"https:\/\/rioonwatch.org.br\/wp-content\/uploads\/2020\/05\/Pia-sendo-instalada-no-Morro-da-Provid\u00eancia.-Foto-da-pagina-de-Maur\u00edcio-Hora-no-Facebook.jpg\" \/>\n\t<meta property=\"og:image:width\" content=\"960\" \/>\n\t<meta property=\"og:image:height\" content=\"720\" \/>\n\t<meta property=\"og:image:type\" content=\"image\/jpeg\" \/>\n<meta name=\"author\" content=\"Tatiana Lima\" \/>\n<meta name=\"twitter:card\" content=\"summary_large_image\" \/>\n<meta name=\"twitter:label1\" content=\"Escrito por\" \/>\n\t<meta name=\"twitter:data1\" content=\"Tatiana Lima\" \/>\n\t<meta name=\"twitter:label2\" content=\"Est. tempo de leitura\" \/>\n\t<meta name=\"twitter:data2\" content=\"5 minutos\" \/>\n<script type=\"application\/ld+json\" class=\"yoast-schema-graph\">{\"@context\":\"https:\/\/schema.org\",\"@graph\":[{\"@type\":\"Article\",\"@id\":\"https:\/\/rioonwatch.org.br\/?p=46786#article\",\"isPartOf\":{\"@id\":\"https:\/\/rioonwatch.org.br\/?p=46786\"},\"author\":{\"name\":\"Tatiana Lima\",\"@id\":\"https:\/\/rioonwatch.org.br\/#\/schema\/person\/8fde974ee24e219acc413d63393ec551\"},\"headline\":\"Coronav\u00edrus nas Favelas, Parte 9: Poesia, Pia e A\u00e7\u00e3o no Combate \u00e0 Pandemia na Provid\u00eancia\",\"datePublished\":\"2020-05-06T16:32:46+00:00\",\"dateModified\":\"2022-12-21T13:30:17+00:00\",\"mainEntityOfPage\":{\"@id\":\"https:\/\/rioonwatch.org.br\/?p=46786\"},\"wordCount\":985,\"publisher\":{\"@id\":\"https:\/\/rioonwatch.org.br\/#organization\"},\"image\":{\"@id\":\"https:\/\/rioonwatch.org.br\/?p=46786#primaryimage\"},\"thumbnailUrl\":\"https:\/\/rioonwatch.org.br\/wp-content\/uploads\/2020\/05\/Pia-sendo-instalada-no-Morro-da-Provid\u00eancia.-Foto-da-pagina-de-Maur\u00edcio-Hora-no-Facebook.jpg\",\"keywords\":[\"agroecologia\",\"\u00e1gua\",\"arte\",\"Centro\",\"coronav\u00edrus\",\"cultura\",\"desigualdade\",\"Direitos Humanos\",\"Fiocruz\",\"horta comunit\u00e1ria\",\"mobiliza\u00e7\u00e3o\",\"mobiliza\u00e7\u00e3o criativa\",\"Morro da Provid\u00eancia\",\"Neglig\u00eancia do Estado\",\"organiza\u00e7\u00e3o comunit\u00e1ria\",\"poesia\",\"saneamento\",\"S\u00e9rie\",\"S\u00e9rie Apoiada pelo Centro Behner Stiefel\/SDSU\",\"S\u00e9rie: Covid-19 no Dia a Dia das Favelas\",\"soberania alimentar\",\"solidariedade\",\"solu\u00e7\u00e3o comunit\u00e1ria\"],\"articleSection\":[\"#Covid19NasFavelas\",\"#UrbanismoPopular\",\"*Destaque\",\"Escrito por Comunicadores Populares\",\"Sociedade Civil\",\"Solu\u00e7\u00f5es\",\"Sustentabilidade\"],\"inLanguage\":\"pt-BR\"},{\"@type\":\"WebPage\",\"@id\":\"https:\/\/rioonwatch.org.br\/?p=46786\",\"url\":\"https:\/\/rioonwatch.org.br\/?p=46786\",\"name\":\"Coronav\u00edrus nas Favelas, Parte 9: Poesia, Pia e A\u00e7\u00e3o no Combate \u00e0 Pandemia na Provid\u00eancia - RioOnWatch\",\"isPartOf\":{\"@id\":\"https:\/\/rioonwatch.org.br\/#website\"},\"primaryImageOfPage\":{\"@id\":\"https:\/\/rioonwatch.org.br\/?p=46786#primaryimage\"},\"image\":{\"@id\":\"https:\/\/rioonwatch.org.br\/?p=46786#primaryimage\"},\"thumbnailUrl\":\"https:\/\/rioonwatch.org.br\/wp-content\/uploads\/2020\/05\/Pia-sendo-instalada-no-Morro-da-Provid\u00eancia.-Foto-da-pagina-de-Maur\u00edcio-Hora-no-Facebook.jpg\",\"datePublished\":\"2020-05-06T16:32:46+00:00\",\"dateModified\":\"2022-12-21T13:30:17+00:00\",\"breadcrumb\":{\"@id\":\"https:\/\/rioonwatch.org.br\/?p=46786#breadcrumb\"},\"inLanguage\":\"pt-BR\",\"potentialAction\":[{\"@type\":\"ReadAction\",\"target\":[\"https:\/\/rioonwatch.org.br\/?p=46786\"]}]},{\"@type\":\"ImageObject\",\"inLanguage\":\"pt-BR\",\"@id\":\"https:\/\/rioonwatch.org.br\/?p=46786#primaryimage\",\"url\":\"https:\/\/rioonwatch.org.br\/wp-content\/uploads\/2020\/05\/Pia-sendo-instalada-no-Morro-da-Provid\u00eancia.-Foto-da-pagina-de-Maur\u00edcio-Hora-no-Facebook.jpg\",\"contentUrl\":\"https:\/\/rioonwatch.org.br\/wp-content\/uploads\/2020\/05\/Pia-sendo-instalada-no-Morro-da-Provid\u00eancia.-Foto-da-pagina-de-Maur\u00edcio-Hora-no-Facebook.jpg\",\"width\":960,\"height\":720,\"caption\":\"Com falta generalizada e constante de \u00e1gua no Morro da Provid\u00eancia durante a pandemia do coronav\u00edrus, movimentos sociais instalaram pias p\u00fablicas com \u00e1gua e sab\u00e3o no Morro da Provid\u00eancia para incentivar a lavagem de m\u00e3os. Foto: Maur\u00edcio Hora no Facebook\"},{\"@type\":\"BreadcrumbList\",\"@id\":\"https:\/\/rioonwatch.org.br\/?p=46786#breadcrumb\",\"itemListElement\":[{\"@type\":\"ListItem\",\"position\":1,\"name\":\"In\u00edcio\",\"item\":\"https:\/\/rioonwatch.org.br\/\"},{\"@type\":\"ListItem\",\"position\":2,\"name\":\"Coronav\u00edrus nas Favelas, Parte 9: Poesia, Pia e A\u00e7\u00e3o no Combate \u00e0 Pandemia na Provid\u00eancia\"}]},{\"@type\":\"WebSite\",\"@id\":\"https:\/\/rioonwatch.org.br\/#website\",\"url\":\"https:\/\/rioonwatch.org.br\/\",\"name\":\"RioOnWatch\",\"description\":\"relatos das favelas cariocas\",\"publisher\":{\"@id\":\"https:\/\/rioonwatch.org.br\/#organization\"},\"potentialAction\":[{\"@type\":\"SearchAction\",\"target\":{\"@type\":\"EntryPoint\",\"urlTemplate\":\"https:\/\/rioonwatch.org.br\/?s={search_term_string}\"},\"query-input\":{\"@type\":\"PropertyValueSpecification\",\"valueRequired\":true,\"valueName\":\"search_term_string\"}}],\"inLanguage\":\"pt-BR\"},{\"@type\":\"Organization\",\"@id\":\"https:\/\/rioonwatch.org.br\/#organization\",\"name\":\"RioOnWatch\",\"url\":\"https:\/\/rioonwatch.org.br\/\",\"logo\":{\"@type\":\"ImageObject\",\"inLanguage\":\"pt-BR\",\"@id\":\"https:\/\/rioonwatch.org.br\/#\/schema\/logo\/image\/\",\"url\":\"https:\/\/rioonwatch.org.br\/wp-content\/uploads\/2021\/06\/RioOnWatchcabecalhoPT11anos-2.png\",\"contentUrl\":\"https:\/\/rioonwatch.org.br\/wp-content\/uploads\/2021\/06\/RioOnWatchcabecalhoPT11anos-2.png\",\"width\":779,\"height\":277,\"caption\":\"RioOnWatch\"},\"image\":{\"@id\":\"https:\/\/rioonwatch.org.br\/#\/schema\/logo\/image\/\"}},{\"@type\":\"Person\",\"@id\":\"https:\/\/rioonwatch.org.br\/#\/schema\/person\/8fde974ee24e219acc413d63393ec551\",\"name\":\"Tatiana Lima\",\"image\":{\"@type\":\"ImageObject\",\"inLanguage\":\"pt-BR\",\"@id\":\"https:\/\/rioonwatch.org.br\/#\/schema\/person\/image\/\",\"url\":\"https:\/\/secure.gravatar.com\/avatar\/5fb587d000e124a9d6aae50aec42d39e?s=96&d=blank&r=g\",\"contentUrl\":\"https:\/\/secure.gravatar.com\/avatar\/5fb587d000e124a9d6aae50aec42d39e?s=96&d=blank&r=g\",\"caption\":\"Tatiana Lima\"},\"url\":\"https:\/\/rioonwatch.org.br\/?author=165\"}]}<\/script>\n<!-- \/ Yoast SEO plugin. -->","yoast_head_json":{"title":"Coronav\u00edrus nas Favelas, Parte 9: Poesia, Pia e A\u00e7\u00e3o no Combate \u00e0 Pandemia na Provid\u00eancia - RioOnWatch","robots":{"index":"index","follow":"follow","max-snippet":"max-snippet:-1","max-image-preview":"max-image-preview:large","max-video-preview":"max-video-preview:-1"},"canonical":"https:\/\/rioonwatch.org.br\/?p=46786","og_locale":"pt_BR","og_type":"article","og_title":"Coronav\u00edrus nas Favelas, Parte 9: Poesia, Pia e A\u00e7\u00e3o no Combate \u00e0 Pandemia na Provid\u00eancia - RioOnWatch","og_description":"Click Here for English Essa mat\u00e9ria oriunda do Morro da Provid\u00eancia, \u00e9 a nona de uma s\u00e9rie sobre o impacto da pandemia do coronav\u00edrus no dia a dia das favelas, em parceria com o Centro [...]","og_url":"https:\/\/rioonwatch.org.br\/?p=46786","og_site_name":"RioOnWatch","article_published_time":"2020-05-06T16:32:46+00:00","article_modified_time":"2022-12-21T13:30:17+00:00","og_image":[{"width":960,"height":720,"url":"https:\/\/rioonwatch.org.br\/wp-content\/uploads\/2020\/05\/Pia-sendo-instalada-no-Morro-da-Provid\u00eancia.-Foto-da-pagina-de-Maur\u00edcio-Hora-no-Facebook.jpg","type":"image\/jpeg"}],"author":"Tatiana Lima","twitter_card":"summary_large_image","twitter_misc":{"Escrito por":"Tatiana Lima","Est. tempo de leitura":"5 minutos"},"schema":{"@context":"https:\/\/schema.org","@graph":[{"@type":"Article","@id":"https:\/\/rioonwatch.org.br\/?p=46786#article","isPartOf":{"@id":"https:\/\/rioonwatch.org.br\/?p=46786"},"author":{"name":"Tatiana Lima","@id":"https:\/\/rioonwatch.org.br\/#\/schema\/person\/8fde974ee24e219acc413d63393ec551"},"headline":"Coronav\u00edrus nas Favelas, Parte 9: Poesia, Pia e A\u00e7\u00e3o no Combate \u00e0 Pandemia na Provid\u00eancia","datePublished":"2020-05-06T16:32:46+00:00","dateModified":"2022-12-21T13:30:17+00:00","mainEntityOfPage":{"@id":"https:\/\/rioonwatch.org.br\/?p=46786"},"wordCount":985,"publisher":{"@id":"https:\/\/rioonwatch.org.br\/#organization"},"image":{"@id":"https:\/\/rioonwatch.org.br\/?p=46786#primaryimage"},"thumbnailUrl":"https:\/\/rioonwatch.org.br\/wp-content\/uploads\/2020\/05\/Pia-sendo-instalada-no-Morro-da-Provid\u00eancia.-Foto-da-pagina-de-Maur\u00edcio-Hora-no-Facebook.jpg","keywords":["agroecologia","\u00e1gua","arte","Centro","coronav\u00edrus","cultura","desigualdade","Direitos Humanos","Fiocruz","horta comunit\u00e1ria","mobiliza\u00e7\u00e3o","mobiliza\u00e7\u00e3o criativa","Morro da Provid\u00eancia","Neglig\u00eancia do Estado","organiza\u00e7\u00e3o comunit\u00e1ria","poesia","saneamento","S\u00e9rie","S\u00e9rie Apoiada pelo Centro Behner Stiefel\/SDSU","S\u00e9rie: Covid-19 no Dia a Dia das Favelas","soberania alimentar","solidariedade","solu\u00e7\u00e3o comunit\u00e1ria"],"articleSection":["#Covid19NasFavelas","#UrbanismoPopular","*Destaque","Escrito por Comunicadores Populares","Sociedade Civil","Solu\u00e7\u00f5es","Sustentabilidade"],"inLanguage":"pt-BR"},{"@type":"WebPage","@id":"https:\/\/rioonwatch.org.br\/?p=46786","url":"https:\/\/rioonwatch.org.br\/?p=46786","name":"Coronav\u00edrus nas Favelas, Parte 9: Poesia, Pia e A\u00e7\u00e3o no Combate \u00e0 Pandemia na Provid\u00eancia - RioOnWatch","isPartOf":{"@id":"https:\/\/rioonwatch.org.br\/#website"},"primaryImageOfPage":{"@id":"https:\/\/rioonwatch.org.br\/?p=46786#primaryimage"},"image":{"@id":"https:\/\/rioonwatch.org.br\/?p=46786#primaryimage"},"thumbnailUrl":"https:\/\/rioonwatch.org.br\/wp-content\/uploads\/2020\/05\/Pia-sendo-instalada-no-Morro-da-Provid\u00eancia.-Foto-da-pagina-de-Maur\u00edcio-Hora-no-Facebook.jpg","datePublished":"2020-05-06T16:32:46+00:00","dateModified":"2022-12-21T13:30:17+00:00","breadcrumb":{"@id":"https:\/\/rioonwatch.org.br\/?p=46786#breadcrumb"},"inLanguage":"pt-BR","potentialAction":[{"@type":"ReadAction","target":["https:\/\/rioonwatch.org.br\/?p=46786"]}]},{"@type":"ImageObject","inLanguage":"pt-BR","@id":"https:\/\/rioonwatch.org.br\/?p=46786#primaryimage","url":"https:\/\/rioonwatch.org.br\/wp-content\/uploads\/2020\/05\/Pia-sendo-instalada-no-Morro-da-Provid\u00eancia.-Foto-da-pagina-de-Maur\u00edcio-Hora-no-Facebook.jpg","contentUrl":"https:\/\/rioonwatch.org.br\/wp-content\/uploads\/2020\/05\/Pia-sendo-instalada-no-Morro-da-Provid\u00eancia.-Foto-da-pagina-de-Maur\u00edcio-Hora-no-Facebook.jpg","width":960,"height":720,"caption":"Com falta generalizada e constante de \u00e1gua no Morro da Provid\u00eancia durante a pandemia do coronav\u00edrus, movimentos sociais instalaram pias p\u00fablicas com \u00e1gua e sab\u00e3o no Morro da Provid\u00eancia para incentivar a lavagem de m\u00e3os. Foto: Maur\u00edcio Hora no Facebook"},{"@type":"BreadcrumbList","@id":"https:\/\/rioonwatch.org.br\/?p=46786#breadcrumb","itemListElement":[{"@type":"ListItem","position":1,"name":"In\u00edcio","item":"https:\/\/rioonwatch.org.br\/"},{"@type":"ListItem","position":2,"name":"Coronav\u00edrus nas Favelas, Parte 9: Poesia, Pia e A\u00e7\u00e3o no Combate \u00e0 Pandemia na Provid\u00eancia"}]},{"@type":"WebSite","@id":"https:\/\/rioonwatch.org.br\/#website","url":"https:\/\/rioonwatch.org.br\/","name":"RioOnWatch","description":"relatos das favelas cariocas","publisher":{"@id":"https:\/\/rioonwatch.org.br\/#organization"},"potentialAction":[{"@type":"SearchAction","target":{"@type":"EntryPoint","urlTemplate":"https:\/\/rioonwatch.org.br\/?s={search_term_string}"},"query-input":{"@type":"PropertyValueSpecification","valueRequired":true,"valueName":"search_term_string"}}],"inLanguage":"pt-BR"},{"@type":"Organization","@id":"https:\/\/rioonwatch.org.br\/#organization","name":"RioOnWatch","url":"https:\/\/rioonwatch.org.br\/","logo":{"@type":"ImageObject","inLanguage":"pt-BR","@id":"https:\/\/rioonwatch.org.br\/#\/schema\/logo\/image\/","url":"https:\/\/rioonwatch.org.br\/wp-content\/uploads\/2021\/06\/RioOnWatchcabecalhoPT11anos-2.png","contentUrl":"https:\/\/rioonwatch.org.br\/wp-content\/uploads\/2021\/06\/RioOnWatchcabecalhoPT11anos-2.png","width":779,"height":277,"caption":"RioOnWatch"},"image":{"@id":"https:\/\/rioonwatch.org.br\/#\/schema\/logo\/image\/"}},{"@type":"Person","@id":"https:\/\/rioonwatch.org.br\/#\/schema\/person\/8fde974ee24e219acc413d63393ec551","name":"Tatiana Lima","image":{"@type":"ImageObject","inLanguage":"pt-BR","@id":"https:\/\/rioonwatch.org.br\/#\/schema\/person\/image\/","url":"https:\/\/secure.gravatar.com\/avatar\/5fb587d000e124a9d6aae50aec42d39e?s=96&d=blank&r=g","contentUrl":"https:\/\/secure.gravatar.com\/avatar\/5fb587d000e124a9d6aae50aec42d39e?s=96&d=blank&r=g","caption":"Tatiana Lima"},"url":"https:\/\/rioonwatch.org.br\/?author=165"}]}},"_links":{"self":[{"href":"https:\/\/rioonwatch.org.br\/index.php?rest_route=\/wp\/v2\/posts\/46786"}],"collection":[{"href":"https:\/\/rioonwatch.org.br\/index.php?rest_route=\/wp\/v2\/posts"}],"about":[{"href":"https:\/\/rioonwatch.org.br\/index.php?rest_route=\/wp\/v2\/types\/post"}],"author":[{"embeddable":true,"href":"https:\/\/rioonwatch.org.br\/index.php?rest_route=\/wp\/v2\/users\/165"}],"replies":[{"embeddable":true,"href":"https:\/\/rioonwatch.org.br\/index.php?rest_route=%2Fwp%2Fv2%2Fcomments&post=46786"}],"version-history":[{"count":70,"href":"https:\/\/rioonwatch.org.br\/index.php?rest_route=\/wp\/v2\/posts\/46786\/revisions"}],"predecessor-version":[{"id":47326,"href":"https:\/\/rioonwatch.org.br\/index.php?rest_route=\/wp\/v2\/posts\/46786\/revisions\/47326"}],"wp:featuredmedia":[{"embeddable":true,"href":"https:\/\/rioonwatch.org.br\/index.php?rest_route=\/wp\/v2\/media\/47121"}],"wp:attachment":[{"href":"https:\/\/rioonwatch.org.br\/index.php?rest_route=%2Fwp%2Fv2%2Fmedia&parent=46786"}],"wp:term":[{"taxonomy":"category","embeddable":true,"href":"https:\/\/rioonwatch.org.br\/index.php?rest_route=%2Fwp%2Fv2%2Fcategories&post=46786"},{"taxonomy":"post_tag","embeddable":true,"href":"https:\/\/rioonwatch.org.br\/index.php?rest_route=%2Fwp%2Fv2%2Ftags&post=46786"},{"taxonomy":"writer","embeddable":true,"href":"https:\/\/rioonwatch.org.br\/index.php?rest_route=%2Fwp%2Fv2%2Fwriter&post=46786"},{"taxonomy":"translator","embeddable":true,"href":"https:\/\/rioonwatch.org.br\/index.php?rest_route=%2Fwp%2Fv2%2Ftranslator&post=46786"},{"taxonomy":"source","embeddable":true,"href":"https:\/\/rioonwatch.org.br\/index.php?rest_route=%2Fwp%2Fv2%2Fsource&post=46786"},{"taxonomy":"ilustrador","embeddable":true,"href":"https:\/\/rioonwatch.org.br\/index.php?rest_route=%2Fwp%2Fv2%2Filustrador&post=46786"},{"taxonomy":"fotografo","embeddable":true,"href":"https:\/\/rioonwatch.org.br\/index.php?rest_route=%2Fwp%2Fv2%2Ffotografo&post=46786"}],"curies":[{"name":"wp","href":"https:\/\/api.w.org\/{rel}","templated":true}]}}