{"id":46805,"date":"2020-04-28T10:38:01","date_gmt":"2020-04-28T13:38:01","guid":{"rendered":"https:\/\/rioonwatch.org.br\/?p=46805"},"modified":"2024-06-20T12:33:30","modified_gmt":"2024-06-20T15:33:30","slug":"perguntas-e-respostas-sobre-a-covid-19-nas-favelas-e-realmente-mais-perigoso-que-uma-gripe-como-evitar-o-pior","status":"publish","type":"post","link":"https:\/\/rioonwatch.org.br\/?p=46805","title":{"rendered":"Perguntas e Respostas: Covid-19 \u00e9 Realmente mais Perigoso que uma Gripe? Como Evitar o Pior? [REFER\u00caNCIA]"},"content":{"rendered":"<p style=\"text-align: right;\"><em><strong><a href=\"https:\/\/bit.ly\/2zmYDXt\" target=\"_blank\" rel=\"noopener noreferrer\">Click Here for English<\/a><a href=\"https:\/\/bit.ly\/2zmYDXt\" target=\"_blank\" rel=\"noopener noreferrer\"><img decoding=\"async\" width=\"20\" height=\"20\" class=\"alignright wp-image-15790\" src=\"http:\/\/rioonwatch.org.br\/wp-content\/uploads\/2012\/08\/EN-standard-e1439583104716.jpg\" \/><\/a><\/strong><\/em><\/p>\n<p><i>Esta \u00e9 a nossa mais recente mat\u00e9ria sobre <a href=\"http:\/\/bit.ly\/Covid19NasFavelas\" target=\"_blank\" rel=\"noopener noreferrer\">o novo coronav\u00edrus e seus impactos sobre as favelas<\/a>.<\/i><\/p>\n<p><span style=\"font-weight: 400;\">Um m\u00eas ap\u00f3s as primeiras medidas de isolamento serem introduzidas no Brasil para conter a pandemia da Covid-19, a contra-narrativa difundida pelo <\/span><a href=\"https:\/\/bit.ly\/3bHjJON\" target=\"_blank\" rel=\"noopener noreferrer\"><span style=\"font-weight: 400;\">Presidente Bolsonaro negando a crise<\/span><\/a><span style=\"font-weight: 400;\"> e a percep\u00e7\u00e3o dos moradores de favelas de que essa \u00e9 apenas mais uma luta entre muitas, est\u00e3o levando cada vez mais aqueles em maior risco a retomarem suas vidas normais. Ainda assim, dados mostram que a crise \u00e9 real, e que o isolamento f\u00edsico precisa ser implementado com seriedade para evitar consequ\u00eancias catastr\u00f3ficas, particularmente nas favelas.<\/span><\/p>\n<p><span style=\"font-weight: 400;\">\u00c0 medida que a pandemia come\u00e7a a se espalhar no Brasil, \u00e9 f\u00e1cil imaginar que ela n\u00e3o vai impactar a n\u00f3s mesmos ou \u00e0 nossa comunidade at\u00e9 que seja tarde demais, simplesmente porque nenhum de n\u00f3s j\u00e1 viveu algo assim. De fato, a experi\u00eancia mais similar na hist\u00f3ria recente foi a <\/span><a href=\"https:\/\/bit.ly\/2UfdRWE\" target=\"_blank\" rel=\"noopener noreferrer\"><span style=\"font-weight: 400;\">Pandemia da Gripe Espanhola, de 1918<\/span><\/a><span style=\"font-weight: 400;\">, e quantos de n\u00f3s est\u00e1vamos aqui para vivenci\u00e1-la?<\/span><\/p>\n<p><span style=\"font-weight: 400;\">Em seguida, n\u00f3s compartilhamos dados atuais para responder dez perguntas sobre por que este v\u00edrus \u00e9 t\u00e3o perigoso, particularmente nas favelas, e por que ele j\u00e1 est\u00e1 mais disseminado do que o relatado. N\u00f3s examinamos a ideia equivocada de que precisamos escolher entre a economia e as vidas humanas, e como prevenir o cen\u00e1rio mais grave. De casos individuais aos riscos coletivos, da situa\u00e7\u00e3o atual \u00e0s estrat\u00e9gias que adotamos, esta mat\u00e9ria busca esclarecer por que metade do mundo est\u00e1 ficando em casa, e por que o Brasil e suas favelas deveriam tamb\u00e9m.<\/span><\/p>\n<hr \/>\n<h3><b>1. O que pode acontecer se voc\u00ea pegar o v\u00edrus?<\/b><\/h3>\n<p><span style=\"font-weight: 400;\"><a href=\"https:\/\/rioonwatch.org.br\/wp-content\/uploads\/2020\/04\/qua\u0303o-graves.png\"><img fetchpriority=\"high\" decoding=\"async\" class=\"alignright wp-image-46872\" title=\"Fontes: www.bit.ly\/2VQ96Cs e www.bit.ly\/2Kzat3c\" src=\"https:\/\/rioonwatch.org.br\/wp-content\/uploads\/2020\/04\/qua\u0303o-graves.png\" alt=\"Fontes: www.bit.ly\/2VQ96Cs e www.bit.ly\/2Kzat3c\" width=\"300\" height=\"324\" srcset=\"https:\/\/rioonwatch.org.br\/wp-content\/uploads\/2020\/04\/qua\u0303o-graves.png 1204w, https:\/\/rioonwatch.org.br\/wp-content\/uploads\/2020\/04\/qua\u0303o-graves-245x264.png 245w, https:\/\/rioonwatch.org.br\/wp-content\/uploads\/2020\/04\/qua\u0303o-graves-574x620.png 574w, https:\/\/rioonwatch.org.br\/wp-content\/uploads\/2020\/04\/qua\u0303o-graves-768x829.png 768w, https:\/\/rioonwatch.org.br\/wp-content\/uploads\/2020\/04\/qua\u0303o-graves-948x1024.png 948w\" sizes=\"(max-width: 300px) 100vw, 300px\" \/><\/a>A maioria dos infectados pelo v\u00edrus apenas desenvolvem sintomas leves ou moderados (56%), ou mesmo n\u00e3o desenvolvem sintoma nenhum (30%), e n\u00e3o sabem que est\u00e3o doentes. Estas pessoas precisam ficar em casa e se auto isolar, para evitar contaminar outros que podem desenvolver sintomas mais graves. O fato de muitas pessoas apresentarem sintomas t\u00e3o leves \u00e9 uma das raz\u00f5es pelas quais o v\u00edrus \u00e9 t\u00e3o perigoso.<\/span><\/p>\n<p><span style=\"font-weight: 400;\">Porque para os casos mais graves (14%), com sintomas fortes como febre alta, dor cont\u00ednua no peito e dificuldade de respirar, \u00e9 necess\u00e1ria a hospitaliza\u00e7\u00e3o, geralmente por uma semana ou at\u00e9 mais. Nos piores casos de problemas respirat\u00f3rios, ventiladores mec\u00e2nicos s\u00e3o necess\u00e1rios, com ajustes a todo momento e monitoramento 24h por dia por uma equipe qualificada e preparada. Para cerca de <\/span><a href=\"https:\/\/bit.ly\/2yKoxo0\" target=\"_blank\" rel=\"noopener noreferrer\"><span style=\"font-weight: 400;\">7% da popula\u00e7\u00e3o mundial testada<\/span><\/a><span style=\"font-weight: 400;\">, a doen\u00e7a progrediu para uma pneumonia ou fal\u00eancia m\u00faltipla de \u00f3rg\u00e3os, levando \u00e0 morte.<\/span><\/p>\n<hr \/>\n<h3><b>2. Est\u00e1 contagiado? Para quantas pessoas voc\u00ea pode transmitir?<\/b><\/h3>\n<p><span style=\"font-weight: 400;\">Pessoas infectadas pelo v\u00edrus s\u00e3o bastante contagiosas durante as duas primeiras semanas, e aqueles que s\u00e3o assintom\u00e1ticos ou que est\u00e3o no per\u00edodo de 2-14 dias de incuba\u00e7\u00e3o geralmente n\u00e3o sabem que o contra\u00edram. Muitos seguem com suas vidas enquanto transmitem o v\u00edrus para diversas outras pessoas, para quem o v\u00edrus ser\u00e1 letal em cerca de 1 em 14 casos confirmados. Portanto, em comunidades onde v\u00e1rias gera\u00e7\u00f5es dividem uma casa, jovens que podem achar que o v\u00edrus n\u00e3o \u00e9 perigoso para eles, e que n\u00e3o apresentam sintomas, podem acabar contaminando seus av\u00f3s ou outros parentes mais vulner\u00e1veis sem saber, que passam a correr risco de vida por causa da doen\u00e7a em si ou por um tratamento m\u00e9dico inadequado.<\/span><\/p>\n<p><a href=\"https:\/\/rioonwatch.org.br\/wp-content\/uploads\/2020\/04\/Esta\u0301gios.png\"><img decoding=\"async\" class=\"aligncenter wp-image-46873\" title=\"Fonte: https:\/\/bit.ly\/2RonsbZ \" src=\"https:\/\/rioonwatch.org.br\/wp-content\/uploads\/2020\/04\/Esta\u0301gios.png\" alt=\"Fonte: https:\/\/bit.ly\/2RonsbZ \" width=\"620\" height=\"120\" srcset=\"https:\/\/rioonwatch.org.br\/wp-content\/uploads\/2020\/04\/Esta\u0301gios.png 1256w, https:\/\/rioonwatch.org.br\/wp-content\/uploads\/2020\/04\/Esta\u0301gios-620x120.png 620w, https:\/\/rioonwatch.org.br\/wp-content\/uploads\/2020\/04\/Esta\u0301gios-768x149.png 768w, https:\/\/rioonwatch.org.br\/wp-content\/uploads\/2020\/04\/Esta\u0301gios-1024x198.png 1024w\" sizes=\"(max-width: 620px) 100vw, 620px\" \/><\/a><\/p>\n<p><span style=\"font-weight: 400;\"><a href=\"https:\/\/rioonwatch.org.br\/wp-content\/uploads\/2020\/04\/Transmissoes2.png\"><img loading=\"lazy\" decoding=\"async\" class=\"alignright wp-image-46874\" src=\"https:\/\/rioonwatch.org.br\/wp-content\/uploads\/2020\/04\/Transmissoes2.png\" alt=\"\" width=\"300\" height=\"230\" srcset=\"https:\/\/rioonwatch.org.br\/wp-content\/uploads\/2020\/04\/Transmissoes2.png 864w, https:\/\/rioonwatch.org.br\/wp-content\/uploads\/2020\/04\/Transmissoes2-344x264.png 344w, https:\/\/rioonwatch.org.br\/wp-content\/uploads\/2020\/04\/Transmissoes2-620x476.png 620w, https:\/\/rioonwatch.org.br\/wp-content\/uploads\/2020\/04\/Transmissoes2-768x589.png 768w, https:\/\/rioonwatch.org.br\/wp-content\/uploads\/2020\/04\/Transmissoes2-70x53.png 70w\" sizes=\"(max-width: 300px) 100vw, 300px\" \/><\/a>Estima-se que cada pessoa que contrai o v\u00edrus transmite-o para <\/span><a href=\"https:\/\/bit.ly\/2x6wLGw\" target=\"_blank\" rel=\"noopener noreferrer\"><span style=\"font-weight: 400;\">2 ou 3 pessoas em m\u00e9dia<\/span><\/a><span style=\"font-weight: 400;\">, mas esse n\u00famero ser\u00e1 maior para aqueles que vivem em locais com dificuldade de isolamento. Esta \u00e9 a taxa de transmiss\u00e3o. Ela depende das medidas de higiene e isolamento f\u00edsico implementadas e o quanto elas s\u00e3o respeitadas pela popula\u00e7\u00e3o. A taxa de transmiss\u00e3o precisa ser abaixo de 1 para frear a propaga\u00e7\u00e3o do v\u00edrus. Atualmente, h\u00e1 poucos lugares que conseguiram reduzir a taxa de transmiss\u00e3o, e \u00e9 por isso que grande parte do mundo est\u00e1 em quarentena.<\/span><\/p>\n<hr \/>\n<h3>3. <b>O v\u00edrus n\u00e3o vai parar sozinho?<\/b><\/h3>\n<p><span style=\"font-weight: 400;\"><a href=\"https:\/\/rioonwatch.org.br\/wp-content\/uploads\/2020\/04\/Casos-Brasil.png\"><img loading=\"lazy\" decoding=\"async\" class=\"alignright wp-image-46875\" title=\"Fonte: https:\/\/bit.ly\/2xY6FFQ\" src=\"https:\/\/rioonwatch.org.br\/wp-content\/uploads\/2020\/04\/Casos-Brasil.png\" alt=\"Fonte: https:\/\/bit.ly\/2xY6FFQ\" width=\"250\" height=\"264\" srcset=\"https:\/\/rioonwatch.org.br\/wp-content\/uploads\/2020\/04\/Casos-Brasil.png 1030w, https:\/\/rioonwatch.org.br\/wp-content\/uploads\/2020\/04\/Casos-Brasil-250x264.png 250w, https:\/\/rioonwatch.org.br\/wp-content\/uploads\/2020\/04\/Casos-Brasil-587x620.png 587w, https:\/\/rioonwatch.org.br\/wp-content\/uploads\/2020\/04\/Casos-Brasil-768x811.png 768w, https:\/\/rioonwatch.org.br\/wp-content\/uploads\/2020\/04\/Casos-Brasil-969x1024.png 969w\" sizes=\"(max-width: 250px) 100vw, 250px\" \/><\/a>As contamina\u00e7\u00f5es v\u00eam aumentando exponencialmente, resultando na pandemia diante de n\u00f3s. O n\u00famero de casos confirmados no Brasil dobrou nos \u00faltimos 10 dias, sem sinal de desacelerar. E isso \u00e9 baseado nos dados oficiais, que s\u00e3o subnotificados. O v\u00edrus n\u00e3o vai parar sozinho.<\/span><\/p>\n<p><span style=\"font-weight: 400;\">Comparado ao resto do mundo, o Brasil n\u00e3o est\u00e1 melhor. Pode inclusive estar pior, ou no processo de piorar. O n\u00famero de casos confirmados por habitantes est\u00e1 crescendo quase t\u00e3o r\u00e1pido quanto na China durante o come\u00e7o da pandemia. No entanto, ap\u00f3s v\u00e1rios meses e muitas medidas implementadas, as autoridades chinesas conseguiram par\u00e1-la. O Brasil n\u00e3o conseguiu e n\u00e3o vai conseguir fazer isso sem uma mudan\u00e7a dr\u00e1stica na pol\u00edtica.<\/span><\/p>\n<p><span style=\"font-weight: 400;\"><a href=\"https:\/\/rioonwatch.org.br\/wp-content\/uploads\/2020\/04\/Casos-confirmados.jpg\"><img loading=\"lazy\" decoding=\"async\" class=\"alignright wp-image-46879\" title=\"Fontes: Rio www.bit.ly\/2K125cq; Rocinha www.bit.ly\/2XTsoJE\" src=\"https:\/\/rioonwatch.org.br\/wp-content\/uploads\/2020\/04\/Casos-confirmados.jpg\" alt=\"Fontes: Rio www.bit.ly\/2K125cq; Rocinha www.bit.ly\/2XTsoJE\" width=\"250\" height=\"228\" srcset=\"https:\/\/rioonwatch.org.br\/wp-content\/uploads\/2020\/04\/Casos-confirmados.jpg 1362w, https:\/\/rioonwatch.org.br\/wp-content\/uploads\/2020\/04\/Casos-confirmados-289x264.jpg 289w, https:\/\/rioonwatch.org.br\/wp-content\/uploads\/2020\/04\/Casos-confirmados-620x566.jpg 620w, https:\/\/rioonwatch.org.br\/wp-content\/uploads\/2020\/04\/Casos-confirmados-768x701.jpg 768w, https:\/\/rioonwatch.org.br\/wp-content\/uploads\/2020\/04\/Casos-confirmados-1024x935.jpg 1024w\" sizes=\"(max-width: 250px) 100vw, 250px\" \/><\/a>Nas favelas do Rio, os casos foram identificados mais tarde do que no resto da cidade, pois os <\/span><a href=\"https:\/\/bit.ly\/2W1fjLX\" target=\"_blank\" rel=\"noopener noreferrer\"><span style=\"font-weight: 400;\">primeiros casos<\/span><\/a><span style=\"font-weight: 400;\"> foram encontrados nos <\/span><a href=\"https:\/\/bit.ly\/2KBYAt8\" target=\"_blank\" rel=\"noopener noreferrer\"><span style=\"font-weight: 400;\">cidad\u00e3os mais ricos que tinham viajado para o exterior<\/span><\/a><span style=\"font-weight: 400;\">. Por\u00e9m, desde que a Covid-19 penetrou nesses bairros desassistidos, os casos aumentaram num ritmo maior por conta das condi\u00e7\u00f5es de muitos destes territ\u00f3rios: alta densidade populacional, <\/span><a href=\"https:\/\/bit.ly\/2RWqZhC\" target=\"_blank\" rel=\"noopener noreferrer\"><span style=\"font-weight: 400;\">falta de infraestrutura de saneamento<\/span><\/a><span style=\"font-weight: 400;\"> para aplicar as medidas de higiene, <\/span><a href=\"https:\/\/bit.ly\/2wXJV8G\" target=\"_blank\" rel=\"noopener noreferrer\"><span style=\"font-weight: 400;\">impossibilidade de renunciar ao trabalho<\/span><\/a><span style=\"font-weight: 400;\">, e a forte presen\u00e7a de fatores de comorbidade entre os moradores, entre outras particularidades.<\/span><\/p>\n<p><span style=\"font-weight: 400;\">Na <\/span><a href=\"http:\/\/bit.ly\/2XuTtjt\" target=\"_blank\" rel=\"noopener noreferrer\"><span style=\"font-weight: 400;\">Rocinha<\/span><\/a><span style=\"font-weight: 400;\">\u00a0(a favela que teve o maior n\u00famero de testes e precis\u00e3o de resultados), os casos j\u00e1 est\u00e3o explodindo, com um <\/span><a href=\"https:\/\/glo.bo\/2K5LIv4\" target=\"_blank\" rel=\"noopener noreferrer\"><span style=\"font-weight: 400;\">aumento de 483% em menos de uma semana<\/span><\/a><span style=\"font-weight: 400;\">. Um novo surto do v\u00edrus tamb\u00e9m ocorreu na <\/span><a href=\"http:\/\/bit.ly\/2ETpYR1\" target=\"_blank\" rel=\"noopener noreferrer\"><span style=\"font-weight: 400;\">Zona Norte<\/span><\/a><span style=\"font-weight: 400;\"> da cidade.<\/span><\/p>\n<hr \/>\n<h3><b>4. Por que j\u00e1 existem muito mais casos do que n\u00f3s imaginamos?<\/b><\/h3>\n<p><span style=\"font-weight: 400;\">Existe uma diferen\u00e7a significante entre o n\u00famero de novos casos diagnosticados diariamente e a verdadeira quantidade de novos casos por dia. J\u00e1 foi demonstrado que pessoas s\u00e3o diagnosticadas em m\u00e9dia 12 dias ap\u00f3s serem infectadas pelo v\u00edrus. Isso significa que, em qualquer dia, sempre h\u00e1 muito mais pessoas que est\u00e3o com o v\u00edrus do que aquelas que mostram sintomas, e que portanto s\u00e3o testadas. O verdadeiro n\u00famero di\u00e1rio de casos de coronav\u00edrus s\u00f3 pode ser determinado se olharmos para o passado e assegurarmos uma coleta de dados precisa. No gr\u00e1fico abaixo, as barras cinzentas mostram o que as autoridades pensam que sabem<\/span>\u2014<span style=\"font-weight: 400;\">o n\u00famero oficial de casos diagnosticados por dia\u2014enquanto as barras vermelhas mostram o que realmente est\u00e1 acontecendo.<\/span><\/p>\n<p><span style=\"font-weight: 400;\">Esse tamb\u00e9m \u00e9 o motivo de levar tempo para que efeitos das medidas e esfor\u00e7os implementados fiquem vis\u00edveis, e por isso para retirar essas medidas tamb\u00e9m leva tempo.<\/span><\/p>\n<p><a href=\"https:\/\/rioonwatch.org.br\/wp-content\/uploads\/2020\/04\/linha-do-tempo.jpg\"><img loading=\"lazy\" decoding=\"async\" class=\"aligncenter wp-image-46880\" title=\"Fontes: Tempo de atraso www.bit.ly\/3aNkWDg; Brasil www.bit.ly\/2xY6FFQ 7\" src=\"https:\/\/rioonwatch.org.br\/wp-content\/uploads\/2020\/04\/linha-do-tempo.jpg\" alt=\"Fontes: Tempo de atraso www.bit.ly\/3aNkWDg; Brasil www.bit.ly\/2xY6FFQ 7\" width=\"620\" height=\"327\" srcset=\"https:\/\/rioonwatch.org.br\/wp-content\/uploads\/2020\/04\/linha-do-tempo.jpg 1249w, https:\/\/rioonwatch.org.br\/wp-content\/uploads\/2020\/04\/linha-do-tempo-501x264.jpg 501w, https:\/\/rioonwatch.org.br\/wp-content\/uploads\/2020\/04\/linha-do-tempo-620x327.jpg 620w, https:\/\/rioonwatch.org.br\/wp-content\/uploads\/2020\/04\/linha-do-tempo-768x405.jpg 768w, https:\/\/rioonwatch.org.br\/wp-content\/uploads\/2020\/04\/linha-do-tempo-1024x539.jpg 1024w\" sizes=\"(max-width: 620px) 100vw, 620px\" \/><\/a><\/p>\n<p><span style=\"font-weight: 400;\">Os resultados dos testes tamb\u00e9m levam <\/span><a href=\"https:\/\/spoti.fi\/2SgParB\" target=\"_blank\" rel=\"noopener noreferrer\"><span style=\"font-weight: 400;\">de v\u00e1rios dias a semanas para serem divulgados<\/span><\/a><span style=\"font-weight: 400;\">, em diferentes partes do pa\u00eds, tornando a dist\u00e2ncia entre casos confirmados e a realidade ainda maior.<\/span><\/p>\n<p><span style=\"font-weight: 400;\"><a href=\"https:\/\/rioonwatch.org.br\/wp-content\/uploads\/2020\/04\/testes.png\"><img loading=\"lazy\" decoding=\"async\" class=\"alignright wp-image-46876\" title=\"Fonte: www.bit.ly\/3bznkyn\" src=\"https:\/\/rioonwatch.org.br\/wp-content\/uploads\/2020\/04\/testes.png\" alt=\"Fonte: www.bit.ly\/3bznkyn\" width=\"300\" height=\"220\" srcset=\"https:\/\/rioonwatch.org.br\/wp-content\/uploads\/2020\/04\/testes.png 1156w, https:\/\/rioonwatch.org.br\/wp-content\/uploads\/2020\/04\/testes-361x264.png 361w, https:\/\/rioonwatch.org.br\/wp-content\/uploads\/2020\/04\/testes-620x454.png 620w, https:\/\/rioonwatch.org.br\/wp-content\/uploads\/2020\/04\/testes-768x562.png 768w, https:\/\/rioonwatch.org.br\/wp-content\/uploads\/2020\/04\/testes-1024x749.png 1024w\" sizes=\"(max-width: 300px) 100vw, 300px\" \/><\/a>Al\u00e9m disso, no Brasil, outra dificuldade em determinar o n\u00famero de casos e mortes \u00e9 a inconsist\u00eancia entre os dados divulgados pelos <\/span><a href=\"https:\/\/bit.ly\/2REvP3d\" target=\"_blank\" rel=\"noopener noreferrer\"><span style=\"font-weight: 400;\">diferentes n\u00edveis de governo<\/span><\/a><span style=\"font-weight: 400;\">. Dados do Minist\u00e9rio da Sa\u00fade, Governo do Estado, prefeituras municipais e <\/span><a href=\"https:\/\/glo.bo\/2Y0hZvU\" target=\"_blank\" rel=\"noopener noreferrer\"><span style=\"font-weight: 400;\">cart\u00f3rios locais geralmente s\u00e3o contradit\u00f3rios<\/span><\/a><span style=\"font-weight: 400;\">.<\/span><\/p>\n<p><span style=\"font-weight: 400;\">O n\u00famero de casos tamb\u00e9m \u00e9 fortemente subnotificado porque muitos n\u00e3o s\u00e3o diagnosticados ou testados. O Brasil \u00e9 um dos pa\u00edses que <\/span><a href=\"https:\/\/glo.bo\/2yJDiqZ\" target=\"_blank\" rel=\"noopener noreferrer\"><span style=\"font-weight: 400;\">realizam menos testes<\/span><\/a><span style=\"font-weight: 400;\">, e portanto tem uma contagem bastante baixa dos casos confirmados. No in\u00edcio de abril, <\/span><a href=\"https:\/\/bit.ly\/352SjjF\" target=\"_blank\" rel=\"noopener noreferrer\"><span style=\"font-weight: 400;\">127.000 casos suspeitos<\/span><\/a><span style=\"font-weight: 400;\"> estavam aguardando para serem testados, e ainda mortes suspeitas est\u00e3o esperando para serem investigadas.<\/span><\/p>\n<p><span style=\"font-weight: 400;\"><a href=\"https:\/\/rioonwatch.org.br\/wp-content\/uploads\/2020\/04\/Diferenc\u0327a-casos-Brasil.png\"><img loading=\"lazy\" decoding=\"async\" class=\"alignright wp-image-46882\" title=\"Fonte: www.bit.ly\/2S17hla\" src=\"https:\/\/rioonwatch.org.br\/wp-content\/uploads\/2020\/04\/Diferenc\u0327a-casos-Brasil.png\" alt=\"Fonte: www.bit.ly\/2S17hla\" width=\"300\" height=\"218\" srcset=\"https:\/\/rioonwatch.org.br\/wp-content\/uploads\/2020\/04\/Diferenc\u0327a-casos-Brasil.png 935w, https:\/\/rioonwatch.org.br\/wp-content\/uploads\/2020\/04\/Diferenc\u0327a-casos-Brasil-364x264.png 364w, https:\/\/rioonwatch.org.br\/wp-content\/uploads\/2020\/04\/Diferenc\u0327a-casos-Brasil-620x450.png 620w, https:\/\/rioonwatch.org.br\/wp-content\/uploads\/2020\/04\/Diferenc\u0327a-casos-Brasil-768x557.png 768w\" sizes=\"(max-width: 300px) 100vw, 300px\" \/><\/a>Em suma, \u00e9 estimado que apenas <\/span><a href=\"https:\/\/bit.ly\/2x0n4ZZ\"><span style=\"font-weight: 400;\">1%<\/span><\/a><span style=\"font-weight: 400;\"> a <\/span><a href=\"https:\/\/glo.bo\/2yJDiqZ\" target=\"_blank\" rel=\"noopener noreferrer\"><span style=\"font-weight: 400;\">8%<\/span><\/a><span style=\"font-weight: 400;\"> dos casos de coronav\u00edrus no Brasil est\u00e3o sendo oficialmente reportados. Em 11 de Abril, a quantidade de casos era provavelmente <\/span><a href=\"https:\/\/bit.ly\/2Kua7uw\"><span style=\"font-weight: 400;\">15 vezes maior<\/span><\/a><span style=\"font-weight: 400;\"> que os n\u00fameros oficiais, o que significa que haviam cerca de 300.000 casos. Cerca de meio milh\u00e3o de pessoas podem estar contaminadas hoje no pa\u00eds.<\/span><\/p>\n<p><span style=\"font-weight: 400;\">Com uma avalia\u00e7\u00e3o t\u00e3o imprecisa da escala e ritmo da crise, o Brasil n\u00e3o pode implementar as medidas corretas para salvar a popula\u00e7\u00e3o e preparar a economia para os pr\u00f3ximos passos ap\u00f3s a quarentena.<\/span><\/p>\n<hr \/>\n<h3><b>5. Por que a subnotifica\u00e7\u00e3o de casos \u00e9 ainda pior nas favelas?<\/b><\/h3>\n<p><span style=\"font-weight: 400;\">De acordo com o<\/span> <a href=\"https:\/\/bit.ly\/2yhyNnr\" target=\"_blank\" rel=\"noopener noreferrer\"><span style=\"font-weight: 400;\">painel Covid-19 nas favelas do Rio<\/span><\/a><span style=\"font-weight: 400;\">, criado pelo canal <em>Voz das Comunidades<\/em> e baseado nos dados divulgados pelo munic\u00edpio, h\u00e1 agora 147 casos confirmados em 12 favelas da cidade e 20 mortes (24 de Abril). Mas existem mais favelas contando casos confirmados de acordo com os <\/span><a href=\"https:\/\/bit.ly\/2K125cq\" target=\"_blank\" rel=\"noopener noreferrer\"><span style=\"font-weight: 400;\">dados municipais<\/span><\/a><span style=\"font-weight: 400;\"> (ex: Vig\u00e1rio Geral, Complexo Caju, Complexo do Lins, Parada de Lucas e Complexo da Penha). E ainda mais com <\/span><a href=\"https:\/\/glo.bo\/2JhkPUx\" target=\"_blank\" rel=\"noopener noreferrer\"><span style=\"font-weight: 400;\">casos e mortes suspeitas<\/span><\/a><span style=\"font-weight: 400;\"> (ex. Rio das Pedras, Complexo S\u00e3o Carlos, Complexo da Pedreira, Vilar Carioca), de acordo com a imprensa. Quando se pergunta aos l\u00edderes comunit\u00e1rios, o n\u00famero aumenta ainda mais.<\/span><\/p>\n<p><span style=\"font-weight: 400;\"><a href=\"https:\/\/rioonwatch.org.br\/wp-content\/uploads\/2020\/04\/Diferenc\u0327a-casos-Alema\u0303o.png\"><img loading=\"lazy\" decoding=\"async\" class=\"alignright wp-image-46881\" title=\"Fonte: www.bit.ly\/2Vs9jNg\" src=\"https:\/\/rioonwatch.org.br\/wp-content\/uploads\/2020\/04\/Diferenc\u0327a-casos-Alema\u0303o.png\" alt=\"Fonte: www.bit.ly\/2Vs9jNg\" width=\"300\" height=\"235\" srcset=\"https:\/\/rioonwatch.org.br\/wp-content\/uploads\/2020\/04\/Diferenc\u0327a-casos-Alema\u0303o.png 1620w, https:\/\/rioonwatch.org.br\/wp-content\/uploads\/2020\/04\/Diferenc\u0327a-casos-Alema\u0303o-338x264.png 338w, https:\/\/rioonwatch.org.br\/wp-content\/uploads\/2020\/04\/Diferenc\u0327a-casos-Alema\u0303o-620x485.png 620w, https:\/\/rioonwatch.org.br\/wp-content\/uploads\/2020\/04\/Diferenc\u0327a-casos-Alema\u0303o-768x601.png 768w, https:\/\/rioonwatch.org.br\/wp-content\/uploads\/2020\/04\/Diferenc\u0327a-casos-Alema\u0303o-1024x801.png 1024w\" sizes=\"(max-width: 300px) 100vw, 300px\" \/><\/a>A Rocinha parece ser a mais impactada at\u00e9 agora, com 54 casos confirmados. Entretanto, o n\u00famero alto de casos confirmados pode estar vinculado a uma <\/span><a href=\"https:\/\/bit.ly\/2REvP3d\" target=\"_blank\" rel=\"noopener noreferrer\"><span style=\"font-weight: 400;\">campanha de testagem<\/span><\/a><span style=\"font-weight: 400;\"> que ocorreu l\u00e1 e n\u00e3o em outras favelas.<\/span><\/p>\n<p><span style=\"font-weight: 400;\">Dentro de cada uma delas, o n\u00famero de casos ser\u00e1 altamente subnotificado, considerando a falta de testes. No <\/span><a href=\"http:\/\/bit.ly\/2wIyn5a\" target=\"_blank\" rel=\"noopener noreferrer\"><span style=\"font-weight: 400;\">Complexo do Alem\u00e3o<\/span><\/a><span style=\"font-weight: 400;\">, onde quatro casos foram confirmados, a <\/span><a href=\"https:\/\/bit.ly\/2Vs9jNg\" target=\"_blank\" rel=\"noopener noreferrer\"><span style=\"font-weight: 400;\">cl\u00ednica da fam\u00edlia Zilda Arns identificou<\/span><\/a><span style=\"font-weight: 400;\"> 941 casos suspeitos, 5 mortes suspeitas e 37 pessoas hospitalizadas por sintomas t\u00edpicos da Covid-19 (23 de Abril).<\/span><\/p>\n<p><span style=\"font-weight: 400;\">Al\u00e9m disso, a porcentagem de mortes em rela\u00e7\u00e3o ao n\u00famero de casos confirmados nas favelas do Rio \u00e9 quase o dobro do que o da cidade como um todo, e at\u00e9 2,5 vezes maior no Complexo do Alem\u00e3o, e 4,5 vezes maior no <\/span><a href=\"http:\/\/bit.ly\/2K1s59x\" target=\"_blank\" rel=\"noopener noreferrer\"><span style=\"font-weight: 400;\">Complexo da Mar\u00e9<\/span><\/a><span style=\"font-weight: 400;\">. Isso significa que o n\u00famero de casos \u00e9 particularmente subestimado nas favelas, que as instala\u00e7\u00f5es de sa\u00fade est\u00e3o negando aos moradores de favelas a mesma qualidade de tratamento do que ao resto da cidade, e\/ou que moradores de favelas s\u00e3o mais vulner\u00e1veis e portanto mais propensos a se tornarem v\u00edtimas do v\u00edrus.<\/span><\/p>\n<p><a href=\"https:\/\/rioonwatch.org.br\/wp-content\/uploads\/2020\/04\/porcentagem-de-casos-confirmados.png\"><img loading=\"lazy\" decoding=\"async\" class=\"aligncenter wp-image-46883\" title=\"Fontes: Rio e favelas www.bit.ly\/2K125cq; Voz das Comunidades: www.bit.ly\/2yhyNnr\" src=\"https:\/\/rioonwatch.org.br\/wp-content\/uploads\/2020\/04\/porcentagem-de-casos-confirmados.png\" alt=\"Fontes: Rio e favelas www.bit.ly\/2K125cq; Voz das Comunidades: www.bit.ly\/2yhyNnr\" width=\"620\" height=\"210\" srcset=\"https:\/\/rioonwatch.org.br\/wp-content\/uploads\/2020\/04\/porcentagem-de-casos-confirmados.png 1248w, https:\/\/rioonwatch.org.br\/wp-content\/uploads\/2020\/04\/porcentagem-de-casos-confirmados-620x210.png 620w, https:\/\/rioonwatch.org.br\/wp-content\/uploads\/2020\/04\/porcentagem-de-casos-confirmados-768x260.png 768w, https:\/\/rioonwatch.org.br\/wp-content\/uploads\/2020\/04\/porcentagem-de-casos-confirmados-1024x347.png 1024w\" sizes=\"(max-width: 620px) 100vw, 620px\" \/><\/a><\/p>\n<hr \/>\n<h3>6. <b>Por que precisamos desacelerar a pandemia?<\/b><\/h3>\n<p><span style=\"font-weight: 400;\"><a href=\"https:\/\/rioonwatch.org.br\/wp-content\/uploads\/2020\/04\/12.-curva-Covid-19-PT.png\"><img loading=\"lazy\" decoding=\"async\" class=\"wp-image-46850 alignright\" src=\"https:\/\/rioonwatch.org.br\/wp-content\/uploads\/2020\/04\/12.-curva-Covid-19-PT.png\" alt=\"\" width=\"300\" height=\"163\" srcset=\"https:\/\/rioonwatch.org.br\/wp-content\/uploads\/2020\/04\/12.-curva-Covid-19-PT.png 1271w, https:\/\/rioonwatch.org.br\/wp-content\/uploads\/2020\/04\/12.-curva-Covid-19-PT-485x264.png 485w, https:\/\/rioonwatch.org.br\/wp-content\/uploads\/2020\/04\/12.-curva-Covid-19-PT-620x338.png 620w, https:\/\/rioonwatch.org.br\/wp-content\/uploads\/2020\/04\/12.-curva-Covid-19-PT-768x418.png 768w, https:\/\/rioonwatch.org.br\/wp-content\/uploads\/2020\/04\/12.-curva-Covid-19-PT-1024x558.png 1024w\" sizes=\"(max-width: 300px) 100vw, 300px\" \/><\/a>Para evitar um massacre dos pobres urbanos do Rio, e sobrecarregar ainda mais um sistema de sa\u00fade cronicamente sobrecarregado, \u00e9 fundamental evitar demasiados casos simult\u00e2neos. O <\/span><a href=\"https:\/\/bit.ly\/2VE7VY1\" target=\"_blank\" rel=\"noopener noreferrer\"><span style=\"font-weight: 400;\">Brasil hoje<\/span><\/a><span style=\"font-weight: 400;\">, com 210 milh\u00f5es de habitantes, tem um total de 50.000 leitos de UTI. Destes, metade s\u00e3o p\u00fablicos e metade privados. Mas 170 milh\u00f5es de brasileiros dependem do sistema p\u00fablico, o que significa que metade dos leitos s\u00e3o deixados para apenas 19% da popula\u00e7\u00e3o. J\u00e1 que aqueles que s\u00e3o mais propensos a se tornarem v\u00edtimas da Covid-19 s\u00e3o tamb\u00e9m aqueles que dependem da infraestrutura do sistema p\u00fablico de sa\u00fade, e j\u00e1 que casos graves precisam de respiradores e monitoramento 24h por dias, \u00e0 medida que as capacidades dos hospitais s\u00e3o excedidas, muitos pacientes da classe trabalhadora n\u00e3o v\u00e3o receber tratamento e morrer\u00e3o. \u00c9 por isso que a prioridade \u00e9 achatar a curva, em outras palavras: implementar medidas para prevenir um r\u00e1pido aumento no n\u00famero de casos.<\/span><\/p>\n<p><span style=\"font-weight: 400;\">Sem interven\u00e7\u00e3o, o Rio pode passar de <\/span><a href=\"https:\/\/bit.ly\/3azegIe\" target=\"_blank\" rel=\"noopener noreferrer\"><span style=\"font-weight: 400;\">41 a 93 dias sem vagas nos leitos hospitalares de terapia intensiva<\/span><\/a><span style=\"font-weight: 400;\">. A capacidade do sistema municipal <a href=\"https:\/\/bit.ly\/2x0nTC3\" target=\"_blank\" rel=\"noopener noreferrer\">j\u00e1 foi atingida<\/a> e hospitais podem em breve ter que <\/span><a href=\"https:\/\/bit.ly\/3eIM2hF\" target=\"_blank\" rel=\"noopener noreferrer\"><span style=\"font-weight: 400;\">escolher a quem salvar<\/span><\/a><span style=\"font-weight: 400;\">.<\/span><\/p>\n<hr \/>\n<h3>7. <b>Por que o isolamento f\u00edsico \u00e9 necess\u00e1rio?<\/b><\/h3>\n<p><span style=\"font-weight: 400;\">Para conter a prolifera\u00e7\u00e3o do v\u00edrus, a medida protetiva mais eficiente \u00e9 evitar o contato f\u00edsico entre as pessoas.<\/span> <a href=\"https:\/\/bit.ly\/2KGmzra\" target=\"_blank\" rel=\"noopener noreferrer\"><span style=\"font-weight: 400;\">Quando as pessoas n\u00e3o interagem umas com as outras,<\/span><\/a><span style=\"font-weight: 400;\"> o v\u00edrus n\u00e3o se espalha.<\/span><\/p>\n<p><a href=\"https:\/\/rioonwatch.org.br\/wp-content\/uploads\/2020\/04\/taxa1.png\"><img loading=\"lazy\" decoding=\"async\" class=\"alignright wp-image-46884\" src=\"https:\/\/rioonwatch.org.br\/wp-content\/uploads\/2020\/04\/taxa1.png\" alt=\"\" width=\"300\" height=\"241\" srcset=\"https:\/\/rioonwatch.org.br\/wp-content\/uploads\/2020\/04\/taxa1.png 812w, https:\/\/rioonwatch.org.br\/wp-content\/uploads\/2020\/04\/taxa1-329x264.png 329w, https:\/\/rioonwatch.org.br\/wp-content\/uploads\/2020\/04\/taxa1-620x497.png 620w, https:\/\/rioonwatch.org.br\/wp-content\/uploads\/2020\/04\/taxa1-768x616.png 768w\" sizes=\"(max-width: 300px) 100vw, 300px\" \/><\/a><a href=\"https:\/\/bit.ly\/3eZmBby\" target=\"_blank\" rel=\"noopener noreferrer\"><span style=\"font-weight: 400;\">De acordo com um estudo<\/span><\/a><span style=\"font-weight: 400;\"> conduzido pelo Imperial College de Londres, apoiado pela Organiza\u00e7\u00e3o Mundial da Sa\u00fade, que se tornou uma refer\u00eancia mundial, uma estrita estrat\u00e9gia de supress\u00e3o para toda a popula\u00e7\u00e3o \u00e9 necess\u00e1ria para barrar a circula\u00e7\u00e3o do v\u00edrus e salvar vidas.<\/span><\/p>\n<p><span style=\"font-weight: 400;\">Cientistas mostraram que, na aus\u00eancia de estrat\u00e9gias de isolamento, <\/span><a href=\"https:\/\/glo.bo\/3apNG4o\" target=\"_blank\" rel=\"noopener noreferrer\"><span style=\"font-weight: 400;\">o Brasil pode sofrer<\/span><\/a><span style=\"font-weight: 400;\"> mais de 1,15 milh\u00f5es de mortes por conta da Covid-19. Este n\u00famero pode ser reduzido para 44.200 atrav\u00e9s de medidas estritas de distanciamento f\u00edsico.\u00a0 <\/span><\/p>\n<p><span style=\"font-weight: 400;\">Um confinamento severo tornando obrigat\u00f3rio ficar em casa, exceto para necessidades essenciais, \u00e9 a estrat\u00e9gia mais recomendada e <\/span><a href=\"https:\/\/glo.bo\/2y6XW4h\" target=\"_blank\" rel=\"noopener noreferrer\"><span style=\"font-weight: 400;\">j\u00e1 funcionou em diversos pa\u00edses<\/span><\/a><span style=\"font-weight: 400;\">, se implementada de forma estrita, em apenas algumas semanas.<\/span><\/p>\n<hr \/>\n<h3><b>8. Existem outras solu\u00e7\u00f5es al\u00e9m do confinamento?<\/b><\/h3>\n<p><span style=\"font-weight: 400;\">Nas favelas, existem diversas dificuldades que os moradores vivenciam na tentativa de fazer o isolamento f\u00edsico, como a alta densidade de habita\u00e7\u00f5es e arquitetura comunit\u00e1ria, e uma impossibilidade de parar de trabalhar sem sofrer com a fome e com outras consequ\u00eancias brutais.<\/span><\/p>\n<p><span style=\"font-weight: 400;\">Quando ficar em casa n\u00e3o \u00e9 realmente uma op\u00e7\u00e3o, parece que ao menos <\/span><a href=\"https:\/\/bit.ly\/3bw6mRr\" target=\"_blank\" rel=\"noopener noreferrer\"><span style=\"font-weight: 400;\">usar uma m\u00e1scara<\/span><\/a><span style=\"font-weight: 400;\"> \u00e9 a forma mais eficiente de reduzir a propaga\u00e7\u00e3o do v\u00edrus de acordo com um <\/span><a href=\"https:\/\/bit.ly\/3bucKIB\" target=\"_blank\" rel=\"noopener noreferrer\"><span style=\"font-weight: 400;\">simulador criado pelo grupo comunit\u00e1rio Favela Contra Corona<\/span><\/a><span style=\"font-weight: 400;\"> (veja abaixo). Ele mostra o efeito de diferentes medidas que poderiam ser implementadas nas favelas, como transferir temporariamente moradores para hot\u00e9is, subs\u00eddios ou renda b\u00e1sica para a compra de produtos de higiene, estruturas sanit\u00e1rias de emerg\u00eancia, expans\u00e3o da disponibilidade de leitos de UTI, e uso de m\u00e1scaras faciais protetivas. A ferramenta mostra a import\u00e2ncia de combinar essas diferentes medidas para refor\u00e7ar sua efici\u00eancia.<\/span><\/p>\n<p><span style=\"font-weight: 400;\">O Rio de Janeiro deve ent\u00e3o implementar um amplo isolamento f\u00edsico, higiene, uso de m\u00e1scaras e todos os outros meios necess\u00e1rios para prevenir o pior, especialmente nas favelas.<\/span><\/p>\n<p><a href=\"https:\/\/rioonwatch.org.br\/wp-content\/uploads\/2020\/04\/Simulador-Favela-Contra-Corona.png\"><img loading=\"lazy\" decoding=\"async\" class=\"aligncenter wp-image-46885\" src=\"https:\/\/rioonwatch.org.br\/wp-content\/uploads\/2020\/04\/Simulador-Favela-Contra-Corona.png\" alt=\"\" width=\"620\" height=\"440\" srcset=\"https:\/\/rioonwatch.org.br\/wp-content\/uploads\/2020\/04\/Simulador-Favela-Contra-Corona.png 952w, https:\/\/rioonwatch.org.br\/wp-content\/uploads\/2020\/04\/Simulador-Favela-Contra-Corona-372x264.png 372w, https:\/\/rioonwatch.org.br\/wp-content\/uploads\/2020\/04\/Simulador-Favela-Contra-Corona-620x440.png 620w, https:\/\/rioonwatch.org.br\/wp-content\/uploads\/2020\/04\/Simulador-Favela-Contra-Corona-768x545.png 768w\" sizes=\"(max-width: 620px) 100vw, 620px\" \/><\/a><\/p>\n<p><span style=\"font-weight: 400;\">Medidas alternativas ao confinamento generalizado se provaram eficientes em alguns pa\u00edses, em particular: testagem em massa, rastreamento dos contatos feitos e isolamento focalizado. Mas estas requerem um n\u00edvel de capacidade e testagem muito distantes da realidade brasileira.<\/span><\/p>\n<hr \/>\n<h3>9.\u00a0<b>O colapso econ\u00f4mico trazido pela quarentena n\u00e3o vai causar mais danos do que o v\u00edrus?<\/b><\/h3>\n<p><span style=\"font-weight: 400;\">Medidas de isolamento insuficientes ou breves, em parte por n\u00e3o proporcionar aos trabalhadores impactados com o suporte necess\u00e1rio e informa\u00e7\u00f5es precisas para ficar em casa, v\u00e3o apenas prolongar a crise sanit\u00e1ria <\/span><i><span style=\"font-weight: 400;\">e econ\u00f4mica<\/span><\/i><span style=\"font-weight: 400;\">. De fato, n\u00e3o h\u00e1 como salvar a economia at\u00e9 que a pandemia termine, por diversas raz\u00f5es, incluindo o fato de que a incerteza \u00e9 prolongada, e poucas coisas s\u00e3o mais prejudiciais \u00e0 economia que a incerteza.<\/span><\/p>\n<p><span style=\"font-weight: 400;\">\u00c9 isso que <\/span><a href=\"https:\/\/bit.ly\/2x9JvMA\" target=\"_blank\" rel=\"noopener noreferrer\"><span style=\"font-weight: 400;\">32<\/span><\/a><span style=\"font-weight: 400;\"> economistas proeminentes <\/span><a href=\"https:\/\/bit.ly\/3aBgrLp\" target=\"_blank\" rel=\"noopener noreferrer\"><span style=\"font-weight: 400;\">argumentaram em uma carta comum<\/span><\/a><span style=\"font-weight: 400;\">: &#8220;Salvar vidas e salvar a economia n\u00e3o est\u00e3o em conflito agora; n\u00f3s vamos apressar o retorno para uma economia robusta tomando medidas para conter a propaga\u00e7\u00e3o do v\u00edrus e salvar vidas&#8221;.<\/span><\/p>\n<p><span style=\"font-weight: 400;\">A maneira mais eficaz de minimizar a gravidade dos preju\u00edzos econ\u00f4micos\u2014e as vidas perdidas\u2014\u00e9 <\/span><a href=\"https:\/\/bit.ly\/3bKrvay\" target=\"_blank\" rel=\"noopener noreferrer\"><span style=\"font-weight: 400;\">aplicar um confinamento severo em um primeiro momento<\/span><\/a><span style=\"font-weight: 400;\">, uma estrat\u00e9gia de supress\u00e3o levando as infec\u00e7\u00f5es para pr\u00f3ximo de zero, fechar a economia por algumas semanas ou meses, e voltar ao normal o mais cedo poss\u00edvel.\u00a0<\/span><\/p>\n<p><span style=\"font-weight: 400;\">Uma pesquisa dos principais economistas da Iniciativa do F\u00f3rum de Mercados Globais descobriu que a vasta maioria (80%) acredita que abandonar as medidas dr\u00e1sticas de confinamento agora iria levar a um &#8220;maior dano econ\u00f4mico total&#8221;. Entretanto, nenhum discordou.<\/span><\/p>\n<p><a href=\"https:\/\/rioonwatch.org.br\/wp-content\/uploads\/2020\/04\/Pergunta-B.jpg\"><img loading=\"lazy\" decoding=\"async\" class=\"aligncenter wp-image-46866\" title=\"Source: www.bit.ly\/3bD4nea\" src=\"https:\/\/rioonwatch.org.br\/wp-content\/uploads\/2020\/04\/Pergunta-B.jpg\" alt=\"\" width=\"620\" height=\"397\" srcset=\"https:\/\/rioonwatch.org.br\/wp-content\/uploads\/2020\/04\/Pergunta-B.jpg 1181w, https:\/\/rioonwatch.org.br\/wp-content\/uploads\/2020\/04\/Pergunta-B-412x264.jpg 412w, https:\/\/rioonwatch.org.br\/wp-content\/uploads\/2020\/04\/Pergunta-B-620x397.jpg 620w, https:\/\/rioonwatch.org.br\/wp-content\/uploads\/2020\/04\/Pergunta-B-768x492.jpg 768w, https:\/\/rioonwatch.org.br\/wp-content\/uploads\/2020\/04\/Pergunta-B-1024x656.jpg 1024w\" sizes=\"(max-width: 620px) 100vw, 620px\" \/><\/a><\/p>\n<hr \/>\n<h3>10.\u00a0<b>O que posso fazer para me prevenir?<\/b><\/h3>\n<p><span style=\"font-weight: 400;\"><a href=\"https:\/\/rioonwatch.org.br\/wp-content\/uploads\/2020\/04\/15.-Covid-19.jpeg\"><img loading=\"lazy\" decoding=\"async\" class=\"wp-image-46855 alignright\" src=\"https:\/\/rioonwatch.org.br\/wp-content\/uploads\/2020\/04\/15.-Covid-19.jpeg\" alt=\"\" width=\"300\" height=\"300\" srcset=\"https:\/\/rioonwatch.org.br\/wp-content\/uploads\/2020\/04\/15.-Covid-19.jpeg 600w, https:\/\/rioonwatch.org.br\/wp-content\/uploads\/2020\/04\/15.-Covid-19-264x264.jpeg 264w\" sizes=\"(max-width: 300px) 100vw, 300px\" \/><\/a>Individualmente, a prioridade \u00e9 seguir as recomenda\u00e7\u00f5es de isolamento social para frear a propaga\u00e7\u00e3o do v\u00edrus. <\/span><a href=\"https:\/\/bit.ly\/2RFcsa9\" target=\"_blank\" rel=\"noopener noreferrer\"><span style=\"font-weight: 400;\">Muitos materiais foram desenvolvidos por coletivos de favelas<\/span><\/a><span style=\"font-weight: 400;\"> para explicar o que os moradores precisam fazer para evitar a dissemina\u00e7\u00e3o: sair apenas para necessidades essenciais (ex. compras no mercado) e sempre usando m\u00e1scara, ficar isolado de outros em uma parte separada da casa se apresenta sintomas, ficar ao menos a um metro de dist\u00e2ncia dos outros quando sair, lavar as m\u00e3os com frequ\u00eancia, evitar tocar o rosto, tomar cuidado com superf\u00edcies tocadas porque o v\u00edrus pode sobreviver nelas at\u00e9 tr\u00eas dias (um dia no papel\u00e3o, tr\u00eas no metal e pl\u00e1stico, apesar de que em temperaturas altas este per\u00edodo \u00e9 menor).\u00a0<\/span><\/p>\n<p><span style=\"font-weight: 400;\">Levar as medidas de combate \u00e0 prolifera\u00e7\u00e3o do v\u00edrus a s\u00e9rio \u00e9 vital para salvar vidas, ainda mais nas favelas. Particularmente, este \u00e9 o caso se o confinamento no Brasil n\u00e3o for encorajado pelo governo federal. Para a nossa sobreviv\u00eancia, todos precisam se auto regular e reduzir as intera\u00e7\u00f5es f\u00edsicas o m\u00e1ximo poss\u00edvel. Entender o porqu\u00ea \u00e9 essencial para ampliar a consci\u00eancia coletiva e salvar vidas.<\/span><\/p>\n<p><a href=\"https:\/\/rioonwatch.org.br\/wp-content\/uploads\/2020\/04\/Seja-Vivo.jpg\"><img loading=\"lazy\" decoding=\"async\" class=\"aligncenter wp-image-46857\" title=\"Esses materiais foram produzidos pelo Movimento Seja Vivo!, com o objetivo de unir profissionais com tempo e conhecimento para contribuir com a produ\u00e7\u00e3o de materiais educacionais sobre o coronav\u00edrus.\" src=\"https:\/\/rioonwatch.org.br\/wp-content\/uploads\/2020\/04\/Seja-Vivo.jpg\" alt=\"\" width=\"300\" height=\"212\" srcset=\"https:\/\/rioonwatch.org.br\/wp-content\/uploads\/2020\/04\/Seja-Vivo.jpg 1754w, https:\/\/rioonwatch.org.br\/wp-content\/uploads\/2020\/04\/Seja-Vivo-373x264.jpg 373w, https:\/\/rioonwatch.org.br\/wp-content\/uploads\/2020\/04\/Seja-Vivo-620x439.jpg 620w, https:\/\/rioonwatch.org.br\/wp-content\/uploads\/2020\/04\/Seja-Vivo-768x543.jpg 768w, https:\/\/rioonwatch.org.br\/wp-content\/uploads\/2020\/04\/Seja-Vivo-1024x725.jpg 1024w\" sizes=\"(max-width: 300px) 100vw, 300px\" \/><\/a><\/p>\n<figure id=\"attachment_46858\" aria-describedby=\"caption-attachment-46858\" style=\"width: 300px\" class=\"wp-caption aligncenter\"><a href=\"https:\/\/rioonwatch.org.br\/wp-content\/uploads\/2020\/04\/Seja-Vivo-2.jpg\"><img loading=\"lazy\" decoding=\"async\" class=\"wp-image-46858\" src=\"https:\/\/rioonwatch.org.br\/wp-content\/uploads\/2020\/04\/Seja-Vivo-2.jpg\" alt=\"\" width=\"300\" height=\"212\" srcset=\"https:\/\/rioonwatch.org.br\/wp-content\/uploads\/2020\/04\/Seja-Vivo-2.jpg 1754w, https:\/\/rioonwatch.org.br\/wp-content\/uploads\/2020\/04\/Seja-Vivo-2-373x264.jpg 373w, https:\/\/rioonwatch.org.br\/wp-content\/uploads\/2020\/04\/Seja-Vivo-2-620x439.jpg 620w, https:\/\/rioonwatch.org.br\/wp-content\/uploads\/2020\/04\/Seja-Vivo-2-768x543.jpg 768w, https:\/\/rioonwatch.org.br\/wp-content\/uploads\/2020\/04\/Seja-Vivo-2-1024x725.jpg 1024w\" sizes=\"(max-width: 300px) 100vw, 300px\" \/><\/a><figcaption id=\"caption-attachment-46858\" class=\"wp-caption-text\">Esses materiais foram produzidos pelo Movimento Seja Vivo!, com o objetivo de unir profissionais com tempo e conhecimento para contribuir com a produ\u00e7\u00e3o de materiais educacionais sobre o coronav\u00edrus.<\/figcaption><\/figure>\n<hr \/>\n<div class=\"entry clearfix\">\n<div class=\"entry clearfix\">\n<h4><strong>Apoie nossos esfor\u00e7os para fornecer assist\u00eancia estrat\u00e9gica \u00e0s favelas do Rio durante a pandemia de Covid-19, incluindo o jornalismo hiperlocal, cr\u00edtico, inovador e incans\u00e1vel do\u00a0<em>RioOnWatch<\/em><\/strong>\u2014<a href=\"http:\/\/bit.ly\/CatalisandoComunidades\">doe aqui<\/a>.<\/h4>\n<\/div>\n<\/div>\n<!-- AddThis Advanced Settings generic via filter on the_content --><!-- AddThis Share Buttons generic via filter on the_content -->","protected":false},"excerpt":{"rendered":"<div class=\"mh-excerpt\"><p>Click Here for English Esta \u00e9 a nossa mais recente mat\u00e9ria sobre o novo coronav\u00edrus e seus impactos sobre as favelas. Um m\u00eas ap\u00f3s as primeiras medidas de isolamento serem introduzidas no Brasil para conter <a class=\"mh-excerpt-more\" href=\"https:\/\/rioonwatch.org.br\/?p=46805\" title=\"Perguntas e Respostas: Covid-19 \u00e9 Realmente mais Perigoso que uma Gripe? Como Evitar o Pior? [REFER\u00caNCIA]\">[&#8230;]<\/a><!-- AddThis Advanced Settings generic via filter on get_the_excerpt --><!-- AddThis Share Buttons generic via filter on get_the_excerpt --><\/p>\n<\/div>","protected":false},"author":129,"featured_media":46808,"comment_status":"closed","ping_status":"closed","sticky":false,"template":"","format":"standard","meta":{"_acf_changed":false,"_monsterinsights_skip_tracking":false,"_monsterinsights_sitenote_active":false,"_monsterinsights_sitenote_note":"","_monsterinsights_sitenote_category":0,"footnotes":""},"categories":[2753,1621,1632,1626,344,342],"tags":[554,332,2748,687,1955,1637,838,839,2588,16,294,2754,218,383],"writer":[2752],"translator":[2791],"source":[],"ilustrador":[],"fotografo":[],"class_list":{"0":"post-46805","1":"post","2":"type-post","3":"status-publish","4":"format-standard","5":"has-post-thumbnail","7":"category-covid19nasfavelas","8":"category-destaque","9":"category-pesquisa-e-analise","10":"category-por-observadores-internacionais","11":"category-politicas","12":"category-solucoes","13":"tag-cidade-de-deus","14":"tag-complexo-da-mare","15":"tag-coronavirus","16":"tag-economia","17":"tag-infografico","18":"tag-referencia","19":"tag-politica-publica","20":"tag-prioridades-publicas-equivocadas","21":"tag-resultados-da-pesquisa","22":"tag-rocinha","23":"tag-saude","24":"tag-serie-covid-19-nas-favelas","25":"tag-zona-norte","26":"tag-zona-sul","27":"writer-anouk-aflalo-dore","28":"translator-felipe-litsek"},"acf":[],"yoast_head":"<!-- This site is optimized with the Yoast SEO plugin v25.6 - https:\/\/yoast.com\/wordpress\/plugins\/seo\/ -->\n<title>Perguntas e Respostas: Covid-19 \u00e9 Realmente mais Perigoso que uma Gripe? Como Evitar o Pior? [REFER\u00caNCIA] - RioOnWatch<\/title>\n<meta name=\"robots\" content=\"index, follow, max-snippet:-1, max-image-preview:large, max-video-preview:-1\" \/>\n<link rel=\"canonical\" href=\"https:\/\/rioonwatch.org.br\/?p=46805\" \/>\n<meta property=\"og:locale\" content=\"pt_BR\" \/>\n<meta property=\"og:type\" content=\"article\" \/>\n<meta property=\"og:title\" content=\"Perguntas e Respostas: Covid-19 \u00e9 Realmente mais Perigoso que uma Gripe? Como Evitar o Pior? [REFER\u00caNCIA] - RioOnWatch\" \/>\n<meta property=\"og:description\" content=\"Click Here for English Esta \u00e9 a nossa mais recente mat\u00e9ria sobre o novo coronav\u00edrus e seus impactos sobre as favelas. Um m\u00eas ap\u00f3s as primeiras medidas de isolamento serem introduzidas no Brasil para conter [...]\" \/>\n<meta property=\"og:url\" content=\"https:\/\/rioonwatch.org.br\/?p=46805\" \/>\n<meta property=\"og:site_name\" content=\"RioOnWatch\" \/>\n<meta property=\"article:published_time\" content=\"2020-04-28T13:38:01+00:00\" \/>\n<meta property=\"article:modified_time\" content=\"2024-06-20T15:33:30+00:00\" \/>\n<meta property=\"og:image\" content=\"https:\/\/rioonwatch.org.br\/wp-content\/uploads\/2020\/04\/Covid-Caricatura.jpg\" \/>\n\t<meta property=\"og:image:width\" content=\"1080\" \/>\n\t<meta property=\"og:image:height\" content=\"757\" \/>\n\t<meta property=\"og:image:type\" content=\"image\/jpeg\" \/>\n<meta name=\"author\" content=\"Admin\" \/>\n<meta name=\"twitter:card\" content=\"summary_large_image\" \/>\n<meta name=\"twitter:label1\" content=\"Escrito por\" \/>\n\t<meta name=\"twitter:data1\" content=\"Admin\" \/>\n\t<meta name=\"twitter:label2\" content=\"Est. tempo de leitura\" \/>\n\t<meta name=\"twitter:data2\" content=\"19 minutos\" \/>\n<script type=\"application\/ld+json\" class=\"yoast-schema-graph\">{\"@context\":\"https:\/\/schema.org\",\"@graph\":[{\"@type\":\"Article\",\"@id\":\"https:\/\/rioonwatch.org.br\/?p=46805#article\",\"isPartOf\":{\"@id\":\"https:\/\/rioonwatch.org.br\/?p=46805\"},\"author\":{\"name\":\"Admin\",\"@id\":\"https:\/\/rioonwatch.org.br\/#\/schema\/person\/11d64c290506f9df50c71b850c473f68\"},\"headline\":\"Perguntas e Respostas: Covid-19 \u00e9 Realmente mais Perigoso que uma Gripe? Como Evitar o Pior? [REFER\u00caNCIA]\",\"datePublished\":\"2020-04-28T13:38:01+00:00\",\"dateModified\":\"2024-06-20T15:33:30+00:00\",\"mainEntityOfPage\":{\"@id\":\"https:\/\/rioonwatch.org.br\/?p=46805\"},\"wordCount\":2849,\"publisher\":{\"@id\":\"https:\/\/rioonwatch.org.br\/#organization\"},\"image\":{\"@id\":\"https:\/\/rioonwatch.org.br\/?p=46805#primaryimage\"},\"thumbnailUrl\":\"https:\/\/rioonwatch.org.br\/wp-content\/uploads\/2020\/04\/Covid-Caricatura.jpg\",\"keywords\":[\"Cidade de Deus\",\"Complexo da Mar\u00e9\",\"coronav\u00edrus\",\"economia\",\"infogr\u00e1fico\",\"Mat\u00e9rias de Refer\u00eancia\",\"pol\u00edtica p\u00fablica\",\"prioridades p\u00fablicas equivocadas\",\"resultados da pesquisa\",\"Rocinha\",\"sa\u00fade\",\"S\u00e9rie: Covid-19 Nas Favelas\",\"Zona Norte\",\"Zona Sul\"],\"articleSection\":[\"#Covid19NasFavelas\",\"*Destaque\",\"Dados e Pesquisa\",\"Escrito por Aliados\",\"Pol\u00edticas\",\"Solu\u00e7\u00f5es\"],\"inLanguage\":\"pt-BR\"},{\"@type\":\"WebPage\",\"@id\":\"https:\/\/rioonwatch.org.br\/?p=46805\",\"url\":\"https:\/\/rioonwatch.org.br\/?p=46805\",\"name\":\"Perguntas e Respostas: Covid-19 \u00e9 Realmente mais Perigoso que uma Gripe? Como Evitar o Pior? [REFER\u00caNCIA] - RioOnWatch\",\"isPartOf\":{\"@id\":\"https:\/\/rioonwatch.org.br\/#website\"},\"primaryImageOfPage\":{\"@id\":\"https:\/\/rioonwatch.org.br\/?p=46805#primaryimage\"},\"image\":{\"@id\":\"https:\/\/rioonwatch.org.br\/?p=46805#primaryimage\"},\"thumbnailUrl\":\"https:\/\/rioonwatch.org.br\/wp-content\/uploads\/2020\/04\/Covid-Caricatura.jpg\",\"datePublished\":\"2020-04-28T13:38:01+00:00\",\"dateModified\":\"2024-06-20T15:33:30+00:00\",\"breadcrumb\":{\"@id\":\"https:\/\/rioonwatch.org.br\/?p=46805#breadcrumb\"},\"inLanguage\":\"pt-BR\",\"potentialAction\":[{\"@type\":\"ReadAction\",\"target\":[\"https:\/\/rioonwatch.org.br\/?p=46805\"]}]},{\"@type\":\"ImageObject\",\"inLanguage\":\"pt-BR\",\"@id\":\"https:\/\/rioonwatch.org.br\/?p=46805#primaryimage\",\"url\":\"https:\/\/rioonwatch.org.br\/wp-content\/uploads\/2020\/04\/Covid-Caricatura.jpg\",\"contentUrl\":\"https:\/\/rioonwatch.org.br\/wp-content\/uploads\/2020\/04\/Covid-Caricatura.jpg\",\"width\":1080,\"height\":757},{\"@type\":\"BreadcrumbList\",\"@id\":\"https:\/\/rioonwatch.org.br\/?p=46805#breadcrumb\",\"itemListElement\":[{\"@type\":\"ListItem\",\"position\":1,\"name\":\"In\u00edcio\",\"item\":\"https:\/\/rioonwatch.org.br\/\"},{\"@type\":\"ListItem\",\"position\":2,\"name\":\"Perguntas e Respostas: Covid-19 \u00e9 Realmente mais Perigoso que uma Gripe? Como Evitar o Pior? [REFER\u00caNCIA]\"}]},{\"@type\":\"WebSite\",\"@id\":\"https:\/\/rioonwatch.org.br\/#website\",\"url\":\"https:\/\/rioonwatch.org.br\/\",\"name\":\"RioOnWatch\",\"description\":\"relatos das favelas cariocas\",\"publisher\":{\"@id\":\"https:\/\/rioonwatch.org.br\/#organization\"},\"potentialAction\":[{\"@type\":\"SearchAction\",\"target\":{\"@type\":\"EntryPoint\",\"urlTemplate\":\"https:\/\/rioonwatch.org.br\/?s={search_term_string}\"},\"query-input\":{\"@type\":\"PropertyValueSpecification\",\"valueRequired\":true,\"valueName\":\"search_term_string\"}}],\"inLanguage\":\"pt-BR\"},{\"@type\":\"Organization\",\"@id\":\"https:\/\/rioonwatch.org.br\/#organization\",\"name\":\"RioOnWatch\",\"url\":\"https:\/\/rioonwatch.org.br\/\",\"logo\":{\"@type\":\"ImageObject\",\"inLanguage\":\"pt-BR\",\"@id\":\"https:\/\/rioonwatch.org.br\/#\/schema\/logo\/image\/\",\"url\":\"https:\/\/rioonwatch.org.br\/wp-content\/uploads\/2021\/06\/RioOnWatchcabecalhoPT11anos-2.png\",\"contentUrl\":\"https:\/\/rioonwatch.org.br\/wp-content\/uploads\/2021\/06\/RioOnWatchcabecalhoPT11anos-2.png\",\"width\":779,\"height\":277,\"caption\":\"RioOnWatch\"},\"image\":{\"@id\":\"https:\/\/rioonwatch.org.br\/#\/schema\/logo\/image\/\"}},{\"@type\":\"Person\",\"@id\":\"https:\/\/rioonwatch.org.br\/#\/schema\/person\/11d64c290506f9df50c71b850c473f68\",\"name\":\"Admin\",\"image\":{\"@type\":\"ImageObject\",\"inLanguage\":\"pt-BR\",\"@id\":\"https:\/\/rioonwatch.org.br\/#\/schema\/person\/image\/\",\"url\":\"https:\/\/secure.gravatar.com\/avatar\/56211ac74568383903349a1485e3c325?s=96&d=blank&r=g\",\"contentUrl\":\"https:\/\/secure.gravatar.com\/avatar\/56211ac74568383903349a1485e3c325?s=96&d=blank&r=g\",\"caption\":\"Admin\"},\"url\":\"https:\/\/rioonwatch.org.br\/?author=129\"}]}<\/script>\n<!-- \/ Yoast SEO plugin. -->","yoast_head_json":{"title":"Perguntas e Respostas: Covid-19 \u00e9 Realmente mais Perigoso que uma Gripe? Como Evitar o Pior? [REFER\u00caNCIA] - RioOnWatch","robots":{"index":"index","follow":"follow","max-snippet":"max-snippet:-1","max-image-preview":"max-image-preview:large","max-video-preview":"max-video-preview:-1"},"canonical":"https:\/\/rioonwatch.org.br\/?p=46805","og_locale":"pt_BR","og_type":"article","og_title":"Perguntas e Respostas: Covid-19 \u00e9 Realmente mais Perigoso que uma Gripe? Como Evitar o Pior? [REFER\u00caNCIA] - RioOnWatch","og_description":"Click Here for English Esta \u00e9 a nossa mais recente mat\u00e9ria sobre o novo coronav\u00edrus e seus impactos sobre as favelas. Um m\u00eas ap\u00f3s as primeiras medidas de isolamento serem introduzidas no Brasil para conter [...]","og_url":"https:\/\/rioonwatch.org.br\/?p=46805","og_site_name":"RioOnWatch","article_published_time":"2020-04-28T13:38:01+00:00","article_modified_time":"2024-06-20T15:33:30+00:00","og_image":[{"width":1080,"height":757,"url":"https:\/\/rioonwatch.org.br\/wp-content\/uploads\/2020\/04\/Covid-Caricatura.jpg","type":"image\/jpeg"}],"author":"Admin","twitter_card":"summary_large_image","twitter_misc":{"Escrito por":"Admin","Est. tempo de leitura":"19 minutos"},"schema":{"@context":"https:\/\/schema.org","@graph":[{"@type":"Article","@id":"https:\/\/rioonwatch.org.br\/?p=46805#article","isPartOf":{"@id":"https:\/\/rioonwatch.org.br\/?p=46805"},"author":{"name":"Admin","@id":"https:\/\/rioonwatch.org.br\/#\/schema\/person\/11d64c290506f9df50c71b850c473f68"},"headline":"Perguntas e Respostas: Covid-19 \u00e9 Realmente mais Perigoso que uma Gripe? Como Evitar o Pior? [REFER\u00caNCIA]","datePublished":"2020-04-28T13:38:01+00:00","dateModified":"2024-06-20T15:33:30+00:00","mainEntityOfPage":{"@id":"https:\/\/rioonwatch.org.br\/?p=46805"},"wordCount":2849,"publisher":{"@id":"https:\/\/rioonwatch.org.br\/#organization"},"image":{"@id":"https:\/\/rioonwatch.org.br\/?p=46805#primaryimage"},"thumbnailUrl":"https:\/\/rioonwatch.org.br\/wp-content\/uploads\/2020\/04\/Covid-Caricatura.jpg","keywords":["Cidade de Deus","Complexo da Mar\u00e9","coronav\u00edrus","economia","infogr\u00e1fico","Mat\u00e9rias de Refer\u00eancia","pol\u00edtica p\u00fablica","prioridades p\u00fablicas equivocadas","resultados da pesquisa","Rocinha","sa\u00fade","S\u00e9rie: Covid-19 Nas Favelas","Zona Norte","Zona Sul"],"articleSection":["#Covid19NasFavelas","*Destaque","Dados e Pesquisa","Escrito por Aliados","Pol\u00edticas","Solu\u00e7\u00f5es"],"inLanguage":"pt-BR"},{"@type":"WebPage","@id":"https:\/\/rioonwatch.org.br\/?p=46805","url":"https:\/\/rioonwatch.org.br\/?p=46805","name":"Perguntas e Respostas: Covid-19 \u00e9 Realmente mais Perigoso que uma Gripe? Como Evitar o Pior? [REFER\u00caNCIA] - RioOnWatch","isPartOf":{"@id":"https:\/\/rioonwatch.org.br\/#website"},"primaryImageOfPage":{"@id":"https:\/\/rioonwatch.org.br\/?p=46805#primaryimage"},"image":{"@id":"https:\/\/rioonwatch.org.br\/?p=46805#primaryimage"},"thumbnailUrl":"https:\/\/rioonwatch.org.br\/wp-content\/uploads\/2020\/04\/Covid-Caricatura.jpg","datePublished":"2020-04-28T13:38:01+00:00","dateModified":"2024-06-20T15:33:30+00:00","breadcrumb":{"@id":"https:\/\/rioonwatch.org.br\/?p=46805#breadcrumb"},"inLanguage":"pt-BR","potentialAction":[{"@type":"ReadAction","target":["https:\/\/rioonwatch.org.br\/?p=46805"]}]},{"@type":"ImageObject","inLanguage":"pt-BR","@id":"https:\/\/rioonwatch.org.br\/?p=46805#primaryimage","url":"https:\/\/rioonwatch.org.br\/wp-content\/uploads\/2020\/04\/Covid-Caricatura.jpg","contentUrl":"https:\/\/rioonwatch.org.br\/wp-content\/uploads\/2020\/04\/Covid-Caricatura.jpg","width":1080,"height":757},{"@type":"BreadcrumbList","@id":"https:\/\/rioonwatch.org.br\/?p=46805#breadcrumb","itemListElement":[{"@type":"ListItem","position":1,"name":"In\u00edcio","item":"https:\/\/rioonwatch.org.br\/"},{"@type":"ListItem","position":2,"name":"Perguntas e Respostas: Covid-19 \u00e9 Realmente mais Perigoso que uma Gripe? Como Evitar o Pior? [REFER\u00caNCIA]"}]},{"@type":"WebSite","@id":"https:\/\/rioonwatch.org.br\/#website","url":"https:\/\/rioonwatch.org.br\/","name":"RioOnWatch","description":"relatos das favelas cariocas","publisher":{"@id":"https:\/\/rioonwatch.org.br\/#organization"},"potentialAction":[{"@type":"SearchAction","target":{"@type":"EntryPoint","urlTemplate":"https:\/\/rioonwatch.org.br\/?s={search_term_string}"},"query-input":{"@type":"PropertyValueSpecification","valueRequired":true,"valueName":"search_term_string"}}],"inLanguage":"pt-BR"},{"@type":"Organization","@id":"https:\/\/rioonwatch.org.br\/#organization","name":"RioOnWatch","url":"https:\/\/rioonwatch.org.br\/","logo":{"@type":"ImageObject","inLanguage":"pt-BR","@id":"https:\/\/rioonwatch.org.br\/#\/schema\/logo\/image\/","url":"https:\/\/rioonwatch.org.br\/wp-content\/uploads\/2021\/06\/RioOnWatchcabecalhoPT11anos-2.png","contentUrl":"https:\/\/rioonwatch.org.br\/wp-content\/uploads\/2021\/06\/RioOnWatchcabecalhoPT11anos-2.png","width":779,"height":277,"caption":"RioOnWatch"},"image":{"@id":"https:\/\/rioonwatch.org.br\/#\/schema\/logo\/image\/"}},{"@type":"Person","@id":"https:\/\/rioonwatch.org.br\/#\/schema\/person\/11d64c290506f9df50c71b850c473f68","name":"Admin","image":{"@type":"ImageObject","inLanguage":"pt-BR","@id":"https:\/\/rioonwatch.org.br\/#\/schema\/person\/image\/","url":"https:\/\/secure.gravatar.com\/avatar\/56211ac74568383903349a1485e3c325?s=96&d=blank&r=g","contentUrl":"https:\/\/secure.gravatar.com\/avatar\/56211ac74568383903349a1485e3c325?s=96&d=blank&r=g","caption":"Admin"},"url":"https:\/\/rioonwatch.org.br\/?author=129"}]}},"_links":{"self":[{"href":"https:\/\/rioonwatch.org.br\/index.php?rest_route=\/wp\/v2\/posts\/46805"}],"collection":[{"href":"https:\/\/rioonwatch.org.br\/index.php?rest_route=\/wp\/v2\/posts"}],"about":[{"href":"https:\/\/rioonwatch.org.br\/index.php?rest_route=\/wp\/v2\/types\/post"}],"author":[{"embeddable":true,"href":"https:\/\/rioonwatch.org.br\/index.php?rest_route=\/wp\/v2\/users\/129"}],"replies":[{"embeddable":true,"href":"https:\/\/rioonwatch.org.br\/index.php?rest_route=%2Fwp%2Fv2%2Fcomments&post=46805"}],"version-history":[{"count":45,"href":"https:\/\/rioonwatch.org.br\/index.php?rest_route=\/wp\/v2\/posts\/46805\/revisions"}],"predecessor-version":[{"id":74109,"href":"https:\/\/rioonwatch.org.br\/index.php?rest_route=\/wp\/v2\/posts\/46805\/revisions\/74109"}],"wp:featuredmedia":[{"embeddable":true,"href":"https:\/\/rioonwatch.org.br\/index.php?rest_route=\/wp\/v2\/media\/46808"}],"wp:attachment":[{"href":"https:\/\/rioonwatch.org.br\/index.php?rest_route=%2Fwp%2Fv2%2Fmedia&parent=46805"}],"wp:term":[{"taxonomy":"category","embeddable":true,"href":"https:\/\/rioonwatch.org.br\/index.php?rest_route=%2Fwp%2Fv2%2Fcategories&post=46805"},{"taxonomy":"post_tag","embeddable":true,"href":"https:\/\/rioonwatch.org.br\/index.php?rest_route=%2Fwp%2Fv2%2Ftags&post=46805"},{"taxonomy":"writer","embeddable":true,"href":"https:\/\/rioonwatch.org.br\/index.php?rest_route=%2Fwp%2Fv2%2Fwriter&post=46805"},{"taxonomy":"translator","embeddable":true,"href":"https:\/\/rioonwatch.org.br\/index.php?rest_route=%2Fwp%2Fv2%2Ftranslator&post=46805"},{"taxonomy":"source","embeddable":true,"href":"https:\/\/rioonwatch.org.br\/index.php?rest_route=%2Fwp%2Fv2%2Fsource&post=46805"},{"taxonomy":"ilustrador","embeddable":true,"href":"https:\/\/rioonwatch.org.br\/index.php?rest_route=%2Fwp%2Fv2%2Filustrador&post=46805"},{"taxonomy":"fotografo","embeddable":true,"href":"https:\/\/rioonwatch.org.br\/index.php?rest_route=%2Fwp%2Fv2%2Ffotografo&post=46805"}],"curies":[{"name":"wp","href":"https:\/\/api.w.org\/{rel}","templated":true}]}}