{"id":46973,"date":"2020-05-02T14:02:01","date_gmt":"2020-05-02T17:02:01","guid":{"rendered":"https:\/\/rioonwatch.org.br\/?p=46973"},"modified":"2022-12-21T10:30:17","modified_gmt":"2022-12-21T13:30:17","slug":"coronavirus-no-dia-a-dia-das-favelas-parte-8-no-extremo-leste-paulistano-guianases-vive-o-avanco-da-pandemia","status":"publish","type":"post","link":"https:\/\/rioonwatch.org.br\/?p=46973","title":{"rendered":"Coronav\u00edrus no Dia a Dia das Favelas, Parte 8: Guaianases Vive o Avan\u00e7o da Pandemia"},"content":{"rendered":"<p style=\"text-align: right;\"><em><strong><a href=\"https:\/\/bit.ly\/2SIeHd9\" target=\"_blank\" rel=\"noopener noreferrer\">Click Here for English<\/a><a href=\"https:\/\/bit.ly\/2SIeHd9\" target=\"_blank\" rel=\"noopener noreferrer\"><img decoding=\"async\" width=\"20\" height=\"20\" class=\"alignright wp-image-15790\" src=\"http:\/\/rioonwatch.org.br\/wp-content\/uploads\/2012\/08\/EN-standard-e1439583104716.jpg\" \/><\/a><\/strong><\/em><\/p>\n<p><em><strong><a href=\"https:\/\/rioonwatch.org.br\/wp-content\/uploads\/2019\/08\/SDSU.png\" rel=\"prettyPhoto\"><img decoding=\"async\" class=\"wp-image-42675 alignright\" src=\"https:\/\/rioonwatch.org.br\/wp-content\/uploads\/2019\/08\/SDSU.png\" sizes=\"(max-width: 200px) 100vw, 200px\" srcset=\"https:\/\/rioonwatch.org.br\/wp-content\/uploads\/2019\/08\/SDSU.png 1934w, https:\/\/rioonwatch.org.br\/wp-content\/uploads\/2019\/08\/SDSU-620x211.png 620w, https:\/\/rioonwatch.org.br\/wp-content\/uploads\/2019\/08\/SDSU-768x261.png 768w, https:\/\/rioonwatch.org.br\/wp-content\/uploads\/2019\/08\/SDSU-1024x348.png 1024w\" alt=\"\" width=\"200\" height=\"68\" \/><\/a>Essa mat\u00e9ria oriunda de Guaianases, \u00e9 a oitava de uma <a href=\"https:\/\/bit.ly\/2wRgF3t\" target=\"_blank\" rel=\"noopener noreferrer\">s\u00e9rie sobre o impacto da pandemia do coronav\u00edrus no dia a dia das favelas<\/a>, em parceria com o Centro Behner Stiefel de Estudos Brasileiros da Universidade Estadual de San Diego.<\/strong><\/em><\/p>\n<p><span style=\"font-weight: 400;\">Eu moro em <\/span><a href=\"https:\/\/bit.ly\/3f4fUVN\" target=\"_blank\" rel=\"noopener noreferrer\">Guaianases<\/a><span style=\"font-weight: 400;\">, um bairro que fica 30km do Centro, no extremo Leste de <a href=\"http:\/\/bit.ly\/2RR28KT\" target=\"_blank\" rel=\"noopener noreferrer\">S\u00e3o Paulo<\/a>. Apesar de estar na mesma cidade, muitas vezes citada como o centro econ\u00f4mico da Am\u00e9rica Latina, esse dinheiro n\u00e3o chega aqui. <\/span><span style=\"font-weight: 400;\">De acordo com o censo de 2010, <a href=\"https:\/\/bit.ly\/2KNKrcF\" target=\"_blank\" rel=\"noopener noreferrer\">268.000 pessoas<\/a> vivem onde moro. Parte significativa dessa popula\u00e7\u00e3o \u00e9 composta por<\/span><span style=\"font-weight: 400;\"> migrantes nordestinos. Nos \u00faltimos anos, bolivianos, nigerianos, angolanos e haitianos tamb\u00e9m passaram a compor o quadro de moradores da regi\u00e3o.<\/span><\/p>\n<p><span style=\"font-weight: 400;\">No meu bairro n\u00e3o tem teatro, cinema ou variedades de atividades culturais. O Estado parece que desconhece o lugar onde fica a minha casa. Ali\u00e1s, isso acontece nas outras periferias como Cap\u00e3o Redondo, <a href=\"https:\/\/bit.ly\/39GPNjR\" target=\"_blank\" rel=\"noopener noreferrer\">Graja\u00fa<\/a>, Jova Rural, que tamb\u00e9m ficam nas bordas da cidade, quebradas de onde eu escrevo na <\/span><a href=\"https:\/\/bit.ly\/2SlTRA7\" target=\"_blank\" rel=\"noopener noreferrer\"><span style=\"font-weight: 400;\">Ag\u00eancia Mural<\/span><\/a><span style=\"font-weight: 400;\">.<\/span><\/p>\n<p><span style=\"font-weight: 400;\">Eu fiquei sabendo da primeira morte do coronav\u00edrus na porta de casa, quando uma amiga da minha m\u00e3e comentou \u201csobre aquela doen\u00e7a que era uma gripe\u201d. Sem mencionar o nome, ela disse que \u201ca doen\u00e7a\u201d tinha chegado ao pa\u00eds, mas segundo ela, n\u00e3o chegaria em Guaianases. \u201cA gente mora t\u00e3o longe que a doen\u00e7a n\u00e3o alcan\u00e7a\u201d. No in\u00edcio de mar\u00e7o<\/span><span style=\"font-weight: 400;\">, ainda em meio a muita <a href=\"http:\/\/bit.ly\/3dcI8N2\" target=\"_blank\" rel=\"noopener noreferrer\">confus\u00e3o de informa\u00e7\u00f5es e desinforma\u00e7\u00f5es<\/a>, tamb\u00e9m ouvi por algumas vezes que, se a <a href=\"https:\/\/bit.ly\/2QZjDJI\" target=\"_blank\" rel=\"noopener noreferrer\">Covid-19<\/a> chegasse no nosso bairro, o mundo inteiro j\u00e1 teria sido infectado. Isso porque Guaianases, na cabe\u00e7a dos meus vizinhos, \u00e9 longe de tudo.\u00a0<\/span><\/p>\n<p><span style=\"font-weight: 400;\">Os dias se passaram e algumas medidas como o <a href=\"https:\/\/bit.ly\/2VMDr68\" target=\"_blank\" rel=\"noopener noreferrer\">isolamento social foram anunciadas<\/a>. Eu, que sempre fa\u00e7o v\u00e1rias coisas na rua, no Centro da cidade, fui ficando em casa. Eventos e reuni\u00f5es na Ag\u00eancia Mural foram cancelados. Por fim, quando veio a indica\u00e7\u00e3o para que eu trabalhasse de casa, percebi que a coisa era mais grave do que supunha.\u00a0<\/span><\/p>\n<p><span style=\"font-weight: 400;\">Guaianases tem casas sem saneamento b\u00e1sico. Tem gente que mora na frente de c\u00f3rregos e h\u00e1 ruas sem asfalto. Aquela doen\u00e7a que come\u00e7ou longe e, que parecia que n\u00e3o ia nos alcan\u00e7ar, em meados de mar\u00e7o j\u00e1 afetava a rotina, mas <a href=\"https:\/\/bit.ly\/3f4veBT\" target=\"_blank\" rel=\"noopener noreferrer\">n\u00e3o parou a cidade<\/a>.\u00a0<\/span><\/p>\n<p><a href=\"https:\/\/rioonwatch.org.br\/wp-content\/uploads\/2020\/04\/3_Por-conta-da-desiguldade-social-muitos-trabalhadores-nas-periferias-n\u00e3o-pararam-de-trabalhar-apesar-da-pandemia_l\u00e9u-britto.jpg\"><img fetchpriority=\"high\" decoding=\"async\" class=\"aligncenter wp-image-46979 size-content\" title=\"Por conta da desigualdade social, muitos trabalhadores nas periferias n\u00e3o pararam de trabalhar, apesar da pandemia. Foto por L\u00e9u Britto\" src=\"https:\/\/rioonwatch.org.br\/wp-content\/uploads\/2020\/04\/3_Por-conta-da-desiguldade-social-muitos-trabalhadores-nas-periferias-n\u00e3o-pararam-de-trabalhar-apesar-da-pandemia_l\u00e9u-britto-e1588219096232-620x264.jpg\" alt=\"\" width=\"620\" height=\"264\" srcset=\"https:\/\/rioonwatch.org.br\/wp-content\/uploads\/2020\/04\/3_Por-conta-da-desiguldade-social-muitos-trabalhadores-nas-periferias-n\u00e3o-pararam-de-trabalhar-apesar-da-pandemia_l\u00e9u-britto-e1588219096232-620x264.jpg 620w, https:\/\/rioonwatch.org.br\/wp-content\/uploads\/2020\/04\/3_Por-conta-da-desiguldade-social-muitos-trabalhadores-nas-periferias-n\u00e3o-pararam-de-trabalhar-apesar-da-pandemia_l\u00e9u-britto-e1588219096232-940x400.jpg 940w\" sizes=\"(max-width: 620px) 100vw, 620px\" \/><\/a><\/p>\n<p><span style=\"font-weight: 400;\">Os notici\u00e1rios informarem sobre o aumento de mortes e a <a href=\"https:\/\/bit.ly\/2Sn3M8F\" target=\"_blank\" rel=\"noopener noreferrer\">expans\u00e3o de casos na periferia<\/a> de S\u00e3o Paulo, mas aqui tem muitas mulheres que trabalham como empregadas dom\u00e9sticas, e <a href=\"https:\/\/bit.ly\/2xZzthv\" target=\"_blank\" rel=\"noopener noreferrer\">elas n\u00e3o podiam optar por ficar em casa<\/a> para cuidar dos pr\u00f3prios filhos. Independente das orienta\u00e7\u00f5es m\u00e9dicas, tenho vizinhos que passam fome, e \u00e1lcool em gel ou \u00e1gua e sab\u00e3o s\u00e3o artigos de luxo.<\/span><\/p>\n<p><span style=\"font-weight: 400;\">\u00c0 medida que fui vendo a cidade parar, os governantes foram alertando para o perigo, e aqui nada mudando, fiquei preocupado. Quase acreditei na teoria de que morava longe o suficiente para a doen\u00e7a n\u00e3o chegar.<\/span><\/p>\n<h3><b>Migrantes e Imigrantes, um Mesmo Lar e Desigualdades<\/b><\/h3>\n<p><span style=\"font-weight: 400;\">Madalena e Jonas s\u00e3o haitianos. Eles chegaram por aqui em 2014. Sem visto, com medo de serem obrigados a voltarem para a terra natal, tiveram Josi Marrie, a menina que lhes garantiu o direito de ficar no Brasil. Como eles, centenas de outros, <a href=\"https:\/\/bit.ly\/2SpqFbv\" target=\"_blank\" rel=\"noopener noreferrer\">que tamb\u00e9m vivem na regi\u00e3o<\/a>.\u00a0 <\/span><\/p>\n<p><span style=\"font-weight: 400;\">Este tamb\u00e9m \u00e9 o caso de Ronal, haitiano, ele veio para Guaianases para tentar seguir a vida ap\u00f3s o terremoto, que atingiu seu pa\u00eds. Com as not\u00edcias nos jornais, na tev\u00ea e nos grupos de WhatsApp, ele passou a ter medo do impacto da pandemia sobre o bairro, sua fam\u00edlia e amigos. Em <\/span><span style=\"font-weight: 400;\">uma conversa que tivemos, ele disse que aquilo o preocupava muito, pois eles eram muito pobres. Sem dinheiro e com filhos para cuidar, Ronal comentou que n\u00e3o conseguiria ficar sem sair todo dia do bairro, <a href=\"https:\/\/bit.ly\/2wXJV8G\" target=\"_blank\" rel=\"noopener noreferrer\">contrariando o isolamento social<\/a> pedido pelas autoridades p\u00fablicas.<\/span><\/p>\n<p><span style=\"font-weight: 400;\">Por aqui, e ainda perdidos, os haitianos do bairro, as diaristas, e todos os trabalhadores informais que conhe\u00e7o, agora est\u00e3o buscando o <a href=\"https:\/\/bit.ly\/2VuNOtR\" target=\"_blank\" rel=\"noopener noreferrer\">aux\u00edlio emergencial<\/a> do governo de R$600 por tr\u00eas meses.\u00a0<\/span><\/p>\n<p><a href=\"https:\/\/rioonwatch.org.br\/wp-content\/uploads\/2020\/04\/imigrante.jpg\"><img loading=\"lazy\" decoding=\"async\" class=\"aligncenter wp-image-47005 size-content\" title=\" Uma das moradoras haitianas do bairro indo ao trabalho pr\u00f3ximo a esta\u00e7\u00e3o de trem. Foto por Lucas Veloso\" src=\"https:\/\/rioonwatch.org.br\/wp-content\/uploads\/2020\/04\/imigrante-620x264.jpg\" alt=\"\" width=\"620\" height=\"264\" \/><\/a><\/p>\n<p><span style=\"font-weight: 400;\">No in\u00edcio de abril, apesar da movimenta\u00e7\u00e3o normal no bairro, percebi a realidade quando um amigo procurou um posto de sa\u00fade, porque estava com suspeita da doen\u00e7a. \u201cO coronav\u00edrus chegou na favela\u201d, disse ele, com um misto de nervosismo e brincadeira.<\/span><\/p>\n<p>At\u00e9 a segunda semana de abril, perto da esta\u00e7\u00e3o de trem ficavam v\u00e1rios ambulantes vendendo fones de ouvidos, comida e outras bugigangas. No dia 15 de abril, os ambulantes foram retirados de l\u00e1 pela fiscaliza\u00e7\u00e3o da prefeitura. O aux\u00edlio emergencial come\u00e7ou a ser pago no dia 14 de abril e de l\u00e1 para c\u00e1\u2014 apesar da retirada dos ambulantes no dia 15\u2014h\u00e1 aglomera\u00e7\u00f5es, pois centenas de aut\u00f4nomos, dentre outros, se dirigem para as ag\u00eancias da Caixa em busca do aux\u00edlio emergencial, prometido pelo governo. Os problemas no aplicativo do banco e a falta de dinheiro s\u00e3o os motivos das filas imensas.<\/p>\n<p>Por fim, entendi que a preocupa\u00e7\u00e3o com a doen\u00e7a demorou para chegar aqui. Essa demora em reconhecer a gravidade da Covid-19, mais do que no restante da cidade, diz muito sobre a desigualdade social de S\u00e3o Paulo e do pa\u00eds. <span style=\"font-weight: 400;\">Nas pesquisas anuais que comparam as estruturas dos bairros, minha regi\u00e3o sempre fica com os piores \u00edndices, em rela\u00e7\u00e3o aos bairros centrais. <\/span><span style=\"font-weight: 400;\">De acordo com a pesquisa <a href=\"https:\/\/bit.ly\/2KUcxCR\" target=\"_blank\" rel=\"noopener noreferrer\">Viver em S\u00e3o Paulo: Trabalho e Renda<\/a>, publicada pela <a href=\"https:\/\/bit.ly\/3aTfHl4\" target=\"_blank\" rel=\"noopener noreferrer\">Rede Nossa S\u00e3o Paulo<\/a> e <a href=\"https:\/\/bit.ly\/35m9Kfk\" target=\"_blank\" rel=\"noopener noreferrer\">Ibope<\/a>, em 2019, <\/span><span style=\"font-weight: 400;\">cerca de 20% dos moradores da Zona Leste levam mais de duas horas no trajeto entre casa e trabalho<\/span><span style=\"font-weight: 400;\">.\u00a0<\/span><span style=\"font-weight: 400;\"><a href=\"https:\/\/bit.ly\/2Sot0Ul\" target=\"_blank\" rel=\"noopener noreferrer\">J\u00e1 no campo da cultura<\/a>, em 2018<\/span><span style=\"font-weight: 400;\">, 65% dos moradores da Zona Leste nunca frequentaram salas de teatro na capital paulista. \u00c9 o pior \u00edndice da cidade.<\/span><\/p>\n<p>Moro na cidade considerada o centro financeiro do pa\u00eds. A Covid-19 chegou por aqui em Guaianases. Na \u00faltima atualiza\u00e7\u00e3o da Prefeitura da Cidade de S\u00e3o Paulo, do dia 27 de abril, entre casos suspeitos e confirmados, <a href=\"https:\/\/bit.ly\/35pj6a3\" target=\"_blank\" rel=\"noopener noreferrer\">foram contabilizados 28 casos no bairro<\/a>, isso sem levar em conta os casos n\u00e3o-notificados. <a href=\"https:\/\/bit.ly\/2W7FJLS\" target=\"_blank\" rel=\"noopener noreferrer\">A Zona Leste lidera os n\u00fameros de mortos<\/a>. Foram 1.098 \u00f3bitos confirmados ou suspeitos por coronav\u00edrus at\u00e9 a o dia 24 de abril. 1.098 vidas!<\/p>\n<p>A pandemia est\u00e1 nas nossas ruas. Nem o Ministro da Sa\u00fade Nelson Teich, o Governador Jo\u00e3o D\u00f3ria (<a href=\"https:\/\/bit.ly\/3d1pgjk\" target=\"_blank\" rel=\"noopener noreferrer\">PSDB<\/a>) ou o Prefeito Bruno Covas (PSDB) ofereceram um plano de a\u00e7\u00e3o para Guaianases. Sem pol\u00edticas p\u00fablicas, voltadas aos mais pobres, como n\u00f3s\u2014moradores de casas min\u00fasculas, sem saneamento b\u00e1sico e com poucas condi\u00e7\u00f5es de comprar \u00e1lcool em gel, ou mesmo tomar outras medidas de prote\u00e7\u00e3o\u2014vamos nos proteger da morte, provocada pelo v\u00edrus, que encontra em n\u00f3s um alvo f\u00e1cil.<\/p>\n<p><em><span style=\"font-weight: 400;\">Lucas Veloso \u00e9 formado em Jornalismo e \u00e9 um dos co-fundadores da <\/span><span style=\"font-weight: 400;\"><a href=\"https:\/\/bit.ly\/2SlTRA7\" target=\"_blank\" rel=\"noopener noreferrer\">Ag\u00eancia Mural<\/a><\/span><span style=\"font-weight: 400;\">, uma iniciativa que tem como miss\u00e3o minimizar as lacunas de informa\u00e7\u00e3o e contribuir para a desconstru\u00e7\u00e3o de estere\u00f3tipos sobre as periferias da Grande S\u00e3o Paulo. Com passagem no portal Alma Preta, atualmente, Lucas \u00e9 rep\u00f3rter na Ag\u00eancia Mural e escreve no site <\/span><a href=\"https:\/\/bit.ly\/2KN6m3s\" target=\"_blank\" rel=\"noopener noreferrer\"><span style=\"font-weight: 400;\">Papo de Homem<\/span><\/a><span style=\"font-weight: 400;\">.<\/span><\/em><\/p>\n<hr \/>\n<h4><strong>Apoie nossos esfor\u00e7os para fornecer assist\u00eancia estrat\u00e9gica \u00e0s favelas do Rio durante a pandemia de Covid-19, incluindo o jornalismo hiperlocal, cr\u00edtico, inovador e incans\u00e1vel do\u00a0<em>RioOnWatch<\/em><\/strong>\u2014<a href=\"http:\/\/bit.ly\/CatalisandoComunidades\">doe aqui<\/a>.<\/h4>\n<!-- AddThis Advanced Settings generic via filter on the_content --><!-- AddThis Share Buttons generic via filter on the_content -->","protected":false},"excerpt":{"rendered":"<div class=\"mh-excerpt\"><p>Click Here for English Essa mat\u00e9ria oriunda de Guaianases, \u00e9 a oitava de uma s\u00e9rie sobre o impacto da pandemia do coronav\u00edrus no dia a dia das favelas, em parceria com o Centro Behner Stiefel <a class=\"mh-excerpt-more\" href=\"https:\/\/rioonwatch.org.br\/?p=46973\" title=\"Coronav\u00edrus no Dia a Dia das Favelas, Parte 8: Guaianases Vive o Avan\u00e7o da Pandemia\">[&#8230;]<\/a><!-- AddThis Advanced Settings generic via filter on get_the_excerpt --><!-- AddThis Share Buttons generic via filter on get_the_excerpt --><\/p>\n<\/div>","protected":false},"author":129,"featured_media":46977,"comment_status":"closed","ping_status":"closed","sticky":false,"template":"","format":"standard","meta":{"_acf_changed":false,"_monsterinsights_skip_tracking":false,"_monsterinsights_sitenote_active":false,"_monsterinsights_sitenote_note":"","_monsterinsights_sitenote_category":0,"footnotes":""},"categories":[2753,1621,1625],"tags":[1221,413,2891,417,838,998,294,2289,2693,2759,578],"writer":[2792],"translator":[],"source":[],"ilustrador":[],"fotografo":[],"class_list":{"0":"post-46973","1":"post","2":"type-post","3":"status-publish","4":"format-standard","5":"has-post-thumbnail","7":"category-covid19nasfavelas","8":"category-destaque","9":"category-por-correspondentes-comunitarios","10":"tag-comparacao-nacional","11":"tag-desigualdade","12":"tag-guaianases","13":"tag-negligencia-do-estado","14":"tag-politica-publica","15":"tag-sao-paulo","16":"tag-saude","17":"tag-serie","18":"tag-serie-direitos-humanos-com-apoio-do-centro-behner-stiefel-da-sdsu","19":"tag-serie-covid-19-no-dia-a-dia-das-favelas","20":"tag-trabalho-e-renda","21":"writer-lucas-veloso"},"acf":[],"yoast_head":"<!-- This site is optimized with the Yoast SEO plugin v25.6 - https:\/\/yoast.com\/wordpress\/plugins\/seo\/ -->\n<title>Coronav\u00edrus no Dia a Dia das Favelas, Parte 8: Guaianases Vive o Avan\u00e7o da Pandemia - RioOnWatch<\/title>\n<meta name=\"robots\" content=\"index, follow, max-snippet:-1, max-image-preview:large, max-video-preview:-1\" \/>\n<link rel=\"canonical\" href=\"https:\/\/rioonwatch.org.br\/?p=46973\" \/>\n<meta property=\"og:locale\" content=\"pt_BR\" \/>\n<meta property=\"og:type\" content=\"article\" \/>\n<meta property=\"og:title\" content=\"Coronav\u00edrus no Dia a Dia das Favelas, Parte 8: Guaianases Vive o Avan\u00e7o da Pandemia - RioOnWatch\" \/>\n<meta property=\"og:description\" content=\"Click Here for English Essa mat\u00e9ria oriunda de Guaianases, \u00e9 a oitava de uma s\u00e9rie sobre o impacto da pandemia do coronav\u00edrus no dia a dia das favelas, em parceria com o Centro Behner Stiefel [...]\" \/>\n<meta property=\"og:url\" content=\"https:\/\/rioonwatch.org.br\/?p=46973\" \/>\n<meta property=\"og:site_name\" content=\"RioOnWatch\" \/>\n<meta property=\"article:published_time\" content=\"2020-05-02T17:02:01+00:00\" \/>\n<meta property=\"article:modified_time\" content=\"2022-12-21T13:30:17+00:00\" \/>\n<meta property=\"og:image\" content=\"https:\/\/rioonwatch.org.br\/wp-content\/uploads\/2020\/04\/Guaianase.jpg\" \/>\n\t<meta property=\"og:image:width\" content=\"1500\" \/>\n\t<meta property=\"og:image:height\" content=\"1125\" \/>\n\t<meta property=\"og:image:type\" content=\"image\/jpeg\" \/>\n<meta name=\"author\" content=\"Admin\" \/>\n<meta name=\"twitter:card\" content=\"summary_large_image\" \/>\n<meta name=\"twitter:label1\" content=\"Escrito por\" \/>\n\t<meta name=\"twitter:data1\" content=\"Admin\" \/>\n\t<meta name=\"twitter:label2\" content=\"Est. tempo de leitura\" \/>\n\t<meta name=\"twitter:data2\" content=\"6 minutos\" \/>\n<script type=\"application\/ld+json\" class=\"yoast-schema-graph\">{\"@context\":\"https:\/\/schema.org\",\"@graph\":[{\"@type\":\"Article\",\"@id\":\"https:\/\/rioonwatch.org.br\/?p=46973#article\",\"isPartOf\":{\"@id\":\"https:\/\/rioonwatch.org.br\/?p=46973\"},\"author\":{\"name\":\"Admin\",\"@id\":\"https:\/\/rioonwatch.org.br\/#\/schema\/person\/11d64c290506f9df50c71b850c473f68\"},\"headline\":\"Coronav\u00edrus no Dia a Dia das Favelas, Parte 8: Guaianases Vive o Avan\u00e7o da Pandemia\",\"datePublished\":\"2020-05-02T17:02:01+00:00\",\"dateModified\":\"2022-12-21T13:30:17+00:00\",\"mainEntityOfPage\":{\"@id\":\"https:\/\/rioonwatch.org.br\/?p=46973\"},\"wordCount\":1292,\"publisher\":{\"@id\":\"https:\/\/rioonwatch.org.br\/#organization\"},\"image\":{\"@id\":\"https:\/\/rioonwatch.org.br\/?p=46973#primaryimage\"},\"thumbnailUrl\":\"https:\/\/rioonwatch.org.br\/wp-content\/uploads\/2020\/04\/Guaianase.jpg\",\"keywords\":[\"compara\u00e7\u00e3o nacional\",\"desigualdade\",\"Guaianases\",\"Neglig\u00eancia do Estado\",\"pol\u00edtica p\u00fablica\",\"S\u00e3o Paulo\",\"sa\u00fade\",\"S\u00e9rie\",\"S\u00e9rie Apoiada pelo Centro Behner Stiefel\/SDSU\",\"S\u00e9rie: Covid-19 no Dia a Dia das Favelas\",\"Trabalho e renda\"],\"articleSection\":[\"#Covid19NasFavelas\",\"*Destaque\",\"Escrito por Comunicadores Populares\"],\"inLanguage\":\"pt-BR\"},{\"@type\":\"WebPage\",\"@id\":\"https:\/\/rioonwatch.org.br\/?p=46973\",\"url\":\"https:\/\/rioonwatch.org.br\/?p=46973\",\"name\":\"Coronav\u00edrus no Dia a Dia das Favelas, Parte 8: Guaianases Vive o Avan\u00e7o da Pandemia - RioOnWatch\",\"isPartOf\":{\"@id\":\"https:\/\/rioonwatch.org.br\/#website\"},\"primaryImageOfPage\":{\"@id\":\"https:\/\/rioonwatch.org.br\/?p=46973#primaryimage\"},\"image\":{\"@id\":\"https:\/\/rioonwatch.org.br\/?p=46973#primaryimage\"},\"thumbnailUrl\":\"https:\/\/rioonwatch.org.br\/wp-content\/uploads\/2020\/04\/Guaianase.jpg\",\"datePublished\":\"2020-05-02T17:02:01+00:00\",\"dateModified\":\"2022-12-21T13:30:17+00:00\",\"breadcrumb\":{\"@id\":\"https:\/\/rioonwatch.org.br\/?p=46973#breadcrumb\"},\"inLanguage\":\"pt-BR\",\"potentialAction\":[{\"@type\":\"ReadAction\",\"target\":[\"https:\/\/rioonwatch.org.br\/?p=46973\"]}]},{\"@type\":\"ImageObject\",\"inLanguage\":\"pt-BR\",\"@id\":\"https:\/\/rioonwatch.org.br\/?p=46973#primaryimage\",\"url\":\"https:\/\/rioonwatch.org.br\/wp-content\/uploads\/2020\/04\/Guaianase.jpg\",\"contentUrl\":\"https:\/\/rioonwatch.org.br\/wp-content\/uploads\/2020\/04\/Guaianase.jpg\",\"width\":1500,\"height\":1125},{\"@type\":\"BreadcrumbList\",\"@id\":\"https:\/\/rioonwatch.org.br\/?p=46973#breadcrumb\",\"itemListElement\":[{\"@type\":\"ListItem\",\"position\":1,\"name\":\"In\u00edcio\",\"item\":\"https:\/\/rioonwatch.org.br\/\"},{\"@type\":\"ListItem\",\"position\":2,\"name\":\"Coronav\u00edrus no Dia a Dia das Favelas, Parte 8: Guaianases Vive o Avan\u00e7o da Pandemia\"}]},{\"@type\":\"WebSite\",\"@id\":\"https:\/\/rioonwatch.org.br\/#website\",\"url\":\"https:\/\/rioonwatch.org.br\/\",\"name\":\"RioOnWatch\",\"description\":\"relatos das favelas cariocas\",\"publisher\":{\"@id\":\"https:\/\/rioonwatch.org.br\/#organization\"},\"potentialAction\":[{\"@type\":\"SearchAction\",\"target\":{\"@type\":\"EntryPoint\",\"urlTemplate\":\"https:\/\/rioonwatch.org.br\/?s={search_term_string}\"},\"query-input\":{\"@type\":\"PropertyValueSpecification\",\"valueRequired\":true,\"valueName\":\"search_term_string\"}}],\"inLanguage\":\"pt-BR\"},{\"@type\":\"Organization\",\"@id\":\"https:\/\/rioonwatch.org.br\/#organization\",\"name\":\"RioOnWatch\",\"url\":\"https:\/\/rioonwatch.org.br\/\",\"logo\":{\"@type\":\"ImageObject\",\"inLanguage\":\"pt-BR\",\"@id\":\"https:\/\/rioonwatch.org.br\/#\/schema\/logo\/image\/\",\"url\":\"https:\/\/rioonwatch.org.br\/wp-content\/uploads\/2021\/06\/RioOnWatchcabecalhoPT11anos-2.png\",\"contentUrl\":\"https:\/\/rioonwatch.org.br\/wp-content\/uploads\/2021\/06\/RioOnWatchcabecalhoPT11anos-2.png\",\"width\":779,\"height\":277,\"caption\":\"RioOnWatch\"},\"image\":{\"@id\":\"https:\/\/rioonwatch.org.br\/#\/schema\/logo\/image\/\"}},{\"@type\":\"Person\",\"@id\":\"https:\/\/rioonwatch.org.br\/#\/schema\/person\/11d64c290506f9df50c71b850c473f68\",\"name\":\"Admin\",\"image\":{\"@type\":\"ImageObject\",\"inLanguage\":\"pt-BR\",\"@id\":\"https:\/\/rioonwatch.org.br\/#\/schema\/person\/image\/\",\"url\":\"https:\/\/secure.gravatar.com\/avatar\/56211ac74568383903349a1485e3c325?s=96&d=blank&r=g\",\"contentUrl\":\"https:\/\/secure.gravatar.com\/avatar\/56211ac74568383903349a1485e3c325?s=96&d=blank&r=g\",\"caption\":\"Admin\"},\"url\":\"https:\/\/rioonwatch.org.br\/?author=129\"}]}<\/script>\n<!-- \/ Yoast SEO plugin. -->","yoast_head_json":{"title":"Coronav\u00edrus no Dia a Dia das Favelas, Parte 8: Guaianases Vive o Avan\u00e7o da Pandemia - RioOnWatch","robots":{"index":"index","follow":"follow","max-snippet":"max-snippet:-1","max-image-preview":"max-image-preview:large","max-video-preview":"max-video-preview:-1"},"canonical":"https:\/\/rioonwatch.org.br\/?p=46973","og_locale":"pt_BR","og_type":"article","og_title":"Coronav\u00edrus no Dia a Dia das Favelas, Parte 8: Guaianases Vive o Avan\u00e7o da Pandemia - RioOnWatch","og_description":"Click Here for English Essa mat\u00e9ria oriunda de Guaianases, \u00e9 a oitava de uma s\u00e9rie sobre o impacto da pandemia do coronav\u00edrus no dia a dia das favelas, em parceria com o Centro Behner Stiefel [...]","og_url":"https:\/\/rioonwatch.org.br\/?p=46973","og_site_name":"RioOnWatch","article_published_time":"2020-05-02T17:02:01+00:00","article_modified_time":"2022-12-21T13:30:17+00:00","og_image":[{"width":1500,"height":1125,"url":"https:\/\/rioonwatch.org.br\/wp-content\/uploads\/2020\/04\/Guaianase.jpg","type":"image\/jpeg"}],"author":"Admin","twitter_card":"summary_large_image","twitter_misc":{"Escrito por":"Admin","Est. tempo de leitura":"6 minutos"},"schema":{"@context":"https:\/\/schema.org","@graph":[{"@type":"Article","@id":"https:\/\/rioonwatch.org.br\/?p=46973#article","isPartOf":{"@id":"https:\/\/rioonwatch.org.br\/?p=46973"},"author":{"name":"Admin","@id":"https:\/\/rioonwatch.org.br\/#\/schema\/person\/11d64c290506f9df50c71b850c473f68"},"headline":"Coronav\u00edrus no Dia a Dia das Favelas, Parte 8: Guaianases Vive o Avan\u00e7o da Pandemia","datePublished":"2020-05-02T17:02:01+00:00","dateModified":"2022-12-21T13:30:17+00:00","mainEntityOfPage":{"@id":"https:\/\/rioonwatch.org.br\/?p=46973"},"wordCount":1292,"publisher":{"@id":"https:\/\/rioonwatch.org.br\/#organization"},"image":{"@id":"https:\/\/rioonwatch.org.br\/?p=46973#primaryimage"},"thumbnailUrl":"https:\/\/rioonwatch.org.br\/wp-content\/uploads\/2020\/04\/Guaianase.jpg","keywords":["compara\u00e7\u00e3o nacional","desigualdade","Guaianases","Neglig\u00eancia do Estado","pol\u00edtica p\u00fablica","S\u00e3o Paulo","sa\u00fade","S\u00e9rie","S\u00e9rie Apoiada pelo Centro Behner Stiefel\/SDSU","S\u00e9rie: Covid-19 no Dia a Dia das Favelas","Trabalho e renda"],"articleSection":["#Covid19NasFavelas","*Destaque","Escrito por Comunicadores Populares"],"inLanguage":"pt-BR"},{"@type":"WebPage","@id":"https:\/\/rioonwatch.org.br\/?p=46973","url":"https:\/\/rioonwatch.org.br\/?p=46973","name":"Coronav\u00edrus no Dia a Dia das Favelas, Parte 8: Guaianases Vive o Avan\u00e7o da Pandemia - RioOnWatch","isPartOf":{"@id":"https:\/\/rioonwatch.org.br\/#website"},"primaryImageOfPage":{"@id":"https:\/\/rioonwatch.org.br\/?p=46973#primaryimage"},"image":{"@id":"https:\/\/rioonwatch.org.br\/?p=46973#primaryimage"},"thumbnailUrl":"https:\/\/rioonwatch.org.br\/wp-content\/uploads\/2020\/04\/Guaianase.jpg","datePublished":"2020-05-02T17:02:01+00:00","dateModified":"2022-12-21T13:30:17+00:00","breadcrumb":{"@id":"https:\/\/rioonwatch.org.br\/?p=46973#breadcrumb"},"inLanguage":"pt-BR","potentialAction":[{"@type":"ReadAction","target":["https:\/\/rioonwatch.org.br\/?p=46973"]}]},{"@type":"ImageObject","inLanguage":"pt-BR","@id":"https:\/\/rioonwatch.org.br\/?p=46973#primaryimage","url":"https:\/\/rioonwatch.org.br\/wp-content\/uploads\/2020\/04\/Guaianase.jpg","contentUrl":"https:\/\/rioonwatch.org.br\/wp-content\/uploads\/2020\/04\/Guaianase.jpg","width":1500,"height":1125},{"@type":"BreadcrumbList","@id":"https:\/\/rioonwatch.org.br\/?p=46973#breadcrumb","itemListElement":[{"@type":"ListItem","position":1,"name":"In\u00edcio","item":"https:\/\/rioonwatch.org.br\/"},{"@type":"ListItem","position":2,"name":"Coronav\u00edrus no Dia a Dia das Favelas, Parte 8: Guaianases Vive o Avan\u00e7o da Pandemia"}]},{"@type":"WebSite","@id":"https:\/\/rioonwatch.org.br\/#website","url":"https:\/\/rioonwatch.org.br\/","name":"RioOnWatch","description":"relatos das favelas cariocas","publisher":{"@id":"https:\/\/rioonwatch.org.br\/#organization"},"potentialAction":[{"@type":"SearchAction","target":{"@type":"EntryPoint","urlTemplate":"https:\/\/rioonwatch.org.br\/?s={search_term_string}"},"query-input":{"@type":"PropertyValueSpecification","valueRequired":true,"valueName":"search_term_string"}}],"inLanguage":"pt-BR"},{"@type":"Organization","@id":"https:\/\/rioonwatch.org.br\/#organization","name":"RioOnWatch","url":"https:\/\/rioonwatch.org.br\/","logo":{"@type":"ImageObject","inLanguage":"pt-BR","@id":"https:\/\/rioonwatch.org.br\/#\/schema\/logo\/image\/","url":"https:\/\/rioonwatch.org.br\/wp-content\/uploads\/2021\/06\/RioOnWatchcabecalhoPT11anos-2.png","contentUrl":"https:\/\/rioonwatch.org.br\/wp-content\/uploads\/2021\/06\/RioOnWatchcabecalhoPT11anos-2.png","width":779,"height":277,"caption":"RioOnWatch"},"image":{"@id":"https:\/\/rioonwatch.org.br\/#\/schema\/logo\/image\/"}},{"@type":"Person","@id":"https:\/\/rioonwatch.org.br\/#\/schema\/person\/11d64c290506f9df50c71b850c473f68","name":"Admin","image":{"@type":"ImageObject","inLanguage":"pt-BR","@id":"https:\/\/rioonwatch.org.br\/#\/schema\/person\/image\/","url":"https:\/\/secure.gravatar.com\/avatar\/56211ac74568383903349a1485e3c325?s=96&d=blank&r=g","contentUrl":"https:\/\/secure.gravatar.com\/avatar\/56211ac74568383903349a1485e3c325?s=96&d=blank&r=g","caption":"Admin"},"url":"https:\/\/rioonwatch.org.br\/?author=129"}]}},"_links":{"self":[{"href":"https:\/\/rioonwatch.org.br\/index.php?rest_route=\/wp\/v2\/posts\/46973"}],"collection":[{"href":"https:\/\/rioonwatch.org.br\/index.php?rest_route=\/wp\/v2\/posts"}],"about":[{"href":"https:\/\/rioonwatch.org.br\/index.php?rest_route=\/wp\/v2\/types\/post"}],"author":[{"embeddable":true,"href":"https:\/\/rioonwatch.org.br\/index.php?rest_route=\/wp\/v2\/users\/129"}],"replies":[{"embeddable":true,"href":"https:\/\/rioonwatch.org.br\/index.php?rest_route=%2Fwp%2Fv2%2Fcomments&post=46973"}],"version-history":[{"count":52,"href":"https:\/\/rioonwatch.org.br\/index.php?rest_route=\/wp\/v2\/posts\/46973\/revisions"}],"predecessor-version":[{"id":47311,"href":"https:\/\/rioonwatch.org.br\/index.php?rest_route=\/wp\/v2\/posts\/46973\/revisions\/47311"}],"wp:featuredmedia":[{"embeddable":true,"href":"https:\/\/rioonwatch.org.br\/index.php?rest_route=\/wp\/v2\/media\/46977"}],"wp:attachment":[{"href":"https:\/\/rioonwatch.org.br\/index.php?rest_route=%2Fwp%2Fv2%2Fmedia&parent=46973"}],"wp:term":[{"taxonomy":"category","embeddable":true,"href":"https:\/\/rioonwatch.org.br\/index.php?rest_route=%2Fwp%2Fv2%2Fcategories&post=46973"},{"taxonomy":"post_tag","embeddable":true,"href":"https:\/\/rioonwatch.org.br\/index.php?rest_route=%2Fwp%2Fv2%2Ftags&post=46973"},{"taxonomy":"writer","embeddable":true,"href":"https:\/\/rioonwatch.org.br\/index.php?rest_route=%2Fwp%2Fv2%2Fwriter&post=46973"},{"taxonomy":"translator","embeddable":true,"href":"https:\/\/rioonwatch.org.br\/index.php?rest_route=%2Fwp%2Fv2%2Ftranslator&post=46973"},{"taxonomy":"source","embeddable":true,"href":"https:\/\/rioonwatch.org.br\/index.php?rest_route=%2Fwp%2Fv2%2Fsource&post=46973"},{"taxonomy":"ilustrador","embeddable":true,"href":"https:\/\/rioonwatch.org.br\/index.php?rest_route=%2Fwp%2Fv2%2Filustrador&post=46973"},{"taxonomy":"fotografo","embeddable":true,"href":"https:\/\/rioonwatch.org.br\/index.php?rest_route=%2Fwp%2Fv2%2Ffotografo&post=46973"}],"curies":[{"name":"wp","href":"https:\/\/api.w.org\/{rel}","templated":true}]}}