{"id":47090,"date":"2020-05-09T12:37:23","date_gmt":"2020-05-09T15:37:23","guid":{"rendered":"https:\/\/rioonwatch.org.br\/?p=47090"},"modified":"2022-12-21T10:30:16","modified_gmt":"2022-12-21T13:30:16","slug":"coronavirus-no-dia-a-dia-das-favelas-parte-10-o-desafio-do-isolamento-social-na-vila-nova-jaguare-na-capital-paulista","status":"publish","type":"post","link":"https:\/\/rioonwatch.org.br\/?p=47090","title":{"rendered":"Coronav\u00edrus nas Favelas, Parte 10: O Desafio do Isolamento Social na Vila Nova Jaguar\u00e9, Capital Paulista"},"content":{"rendered":"<p style=\"text-align: right;\"><em><strong><a href=\"https:\/\/bit.ly\/367rone\" target=\"_blank\" rel=\"noopener noreferrer\">Click Here for English<\/a><a href=\"https:\/\/bit.ly\/367rone\" target=\"_blank\" rel=\"noopener noreferrer\"><img decoding=\"async\" width=\"20\" height=\"20\" class=\"alignright wp-image-15790\" src=\"http:\/\/rioonwatch.org.br\/wp-content\/uploads\/2012\/08\/EN-standard-e1439583104716.jpg\" \/><\/a><\/strong><\/em><\/p>\n<p><em><strong><a href=\"https:\/\/rioonwatch.org.br\/wp-content\/uploads\/2019\/08\/SDSU.png\" rel=\"prettyPhoto\"><img decoding=\"async\" class=\"wp-image-42675 alignright\" src=\"https:\/\/rioonwatch.org.br\/wp-content\/uploads\/2019\/08\/SDSU.png\" sizes=\"(max-width: 200px) 100vw, 200px\" srcset=\"https:\/\/rioonwatch.org.br\/wp-content\/uploads\/2019\/08\/SDSU.png 1934w, https:\/\/rioonwatch.org.br\/wp-content\/uploads\/2019\/08\/SDSU-620x211.png 620w, https:\/\/rioonwatch.org.br\/wp-content\/uploads\/2019\/08\/SDSU-768x261.png 768w, https:\/\/rioonwatch.org.br\/wp-content\/uploads\/2019\/08\/SDSU-1024x348.png 1024w\" alt=\"\" width=\"200\" height=\"68\" \/><\/a>Essa mat\u00e9ria oriunda da Vila Nova Jaguar\u00e9, \u00e9 a d\u00e9cima de uma <a href=\"https:\/\/bit.ly\/2wRgF3t\">s\u00e9rie sobre o impacto da pandemia do coronav\u00edrus no dia a dia das favelas<\/a>, em parceria com o Centro Behner Stiefel de Estudos Brasileiros da Universidade Estadual de San Diego.<\/strong><\/em><\/p>\n<p><span style=\"font-weight: 400;\">A <a href=\"https:\/\/bit.ly\/2YHrIaS\" target=\"_blank\" rel=\"noopener noreferrer\">Vila Nova Jaguar\u00e9<\/a> \u00e9 uma das maiores favelas da cidade de <a href=\"http:\/\/bit.ly\/2RR28KT\" target=\"_blank\" rel=\"noopener noreferrer\">S\u00e3o Paulo<\/a>\u00a0em \u00e1rea cont\u00ednua, <\/span><span style=\"font-weight: 400;\">e est\u00e1 situada no distrito de <a href=\"https:\/\/bit.ly\/3cjf9Gu\" target=\"_blank\" rel=\"noopener noreferrer\">Jaguar\u00e9<\/a>, um dos primeiros bairros planejados na<\/span><span style=\"font-weight: 400;\"> Zona Oeste da capital paulista<\/span><span style=\"font-weight: 400;\">. <\/span><span style=\"font-weight: 400;\">O <a href=\"https:\/\/bit.ly\/3cgUgMr\" target=\"_blank\" rel=\"noopener noreferrer\">bairro foi projetado<\/a> <\/span><span style=\"font-weight: 400;\">na d\u00e9cada de 1930<\/span> <span style=\"font-weight: 400;\">para abrigar o <a href=\"https:\/\/bit.ly\/35JPmVz\" target=\"_blank\" rel=\"noopener noreferrer\">Centro Industrial Jaguar\u00e9<\/a>, que se transformou em um dos principais polos industriais da d\u00e9cada de 1970.<\/span><\/p>\n<p><span style=\"font-weight: 400;\">Devido \u00e0 alta demanda por moradia, uma \u00e1rea destinada para ser <a href=\"https:\/\/bit.ly\/3cgUgMr\" target=\"_blank\" rel=\"noopener noreferrer\">um parque p\u00fablico de 160.000 m\u00b2<\/a> no bairro, come\u00e7ou a ser ocupada entre as d\u00e9cadas de 1960 e 1970, formando <\/span><span style=\"font-weight: 400;\">a favela Jaguar\u00e9, que \u00e9 hoje chamada de <\/span>Vila Nova Jaguar\u00e9. A favela tem atualmente <a href=\"https:\/\/bit.ly\/2YHrIaS\" target=\"_blank\" rel=\"noopener noreferrer\">12.000 habitantes<\/a> e guarda <a href=\"https:\/\/bit.ly\/3cgUgMr\" target=\"_blank\" rel=\"noopener noreferrer\">uma hist\u00f3ria de luta popular intensa<\/a> pelo direito \u00e0 cidade e \u00e0 moradia. Foi somente nos anos 2000 que a favela foi efetivamente consolidada e reconhecimento pelo poder p\u00fablico.<\/p>\n<p><a href=\"https:\/\/rioonwatch.org.br\/wp-content\/uploads\/2020\/05\/Escada-Vila-Nova-Jaguar\u00e9.jpeg\"><img fetchpriority=\"high\" decoding=\"async\" class=\"aligncenter wp-image-47280\" title=\"Escadaria para a Pra\u00e7a 11, vivendo de altos e baixos\" src=\"https:\/\/rioonwatch.org.br\/wp-content\/uploads\/2020\/05\/Escada-Vila-Nova-Jaguar\u00e9.jpeg\" alt=\"\" width=\"620\" height=\"413\" srcset=\"https:\/\/rioonwatch.org.br\/wp-content\/uploads\/2020\/05\/Escada-Vila-Nova-Jaguar\u00e9.jpeg 1280w, https:\/\/rioonwatch.org.br\/wp-content\/uploads\/2020\/05\/Escada-Vila-Nova-Jaguar\u00e9-396x264.jpeg 396w, https:\/\/rioonwatch.org.br\/wp-content\/uploads\/2020\/05\/Escada-Vila-Nova-Jaguar\u00e9-620x413.jpeg 620w, https:\/\/rioonwatch.org.br\/wp-content\/uploads\/2020\/05\/Escada-Vila-Nova-Jaguar\u00e9-768x512.jpeg 768w, https:\/\/rioonwatch.org.br\/wp-content\/uploads\/2020\/05\/Escada-Vila-Nova-Jaguar\u00e9-1024x682.jpeg 1024w\" sizes=\"(max-width: 620px) 100vw, 620px\" \/><\/a><\/p>\n<p><span style=\"font-weight: 400;\">Meu nome \u00e9 Thuane Ainy Campos Barretto e minha hist\u00f3ria com a Vila Nova Jaguar\u00e9 \u00e9 de um constante \u201cvai e volta\u201d. Morei no bairro por mais de dez anos e a \u00faltima mudan\u00e7a foi em 2013, mas meus tios e av\u00f3s ainda continuam morando l\u00e1. Eu estou diariamente na comunidade porque atuo como atriz e monitora das atividades culturais do <a href=\"https:\/\/bit.ly\/3fvAxug\" target=\"_blank\" rel=\"noopener noreferrer\">Projeto PALCO<\/a>, baseado na comunidade.\u00a0<\/span><\/p>\n<p>Para compor este relato entrevistei a moradora, atriz e dramaturga de Vila Nova Jaguar\u00e9, Andreza Santos Rodrigues\u2014que se uniu a mim na composi\u00e7\u00e3o deste texto\u2014e juntas entrevistamos Urideia Andrade de Costa, que est\u00e1 \u00e0 frente do <a href=\"https:\/\/bit.ly\/2WeKULg\" target=\"_blank\" rel=\"noopener noreferrer\">Projeto Mobiliza Jaguar\u00e9<\/a> junto ao Projeto PALCO e tamb\u00e9m \u00e9 moradora da Vila Nova Jaguar\u00e9.<\/p>\n<p><span style=\"font-weight: 400;\">Ou\u00e7o o discurso de que a pandemia \u00e9 democr\u00e1tica, mas sinceramente n\u00e3o sei qual o ponto de vista para se afirmar tal coisa. O que me disse Urideia, em entrevista por telefone, <a href=\"https:\/\/bit.ly\/2wXJV8G\" target=\"_blank\" rel=\"noopener noreferrer\">revela uma outra perspectiva<\/a>: &#8220;<\/span><span style=\"font-weight: 400;\">Como a gente se protege? Isolamento com dois c\u00f4modos para quatro, seis, oito pessoas? Sem condi\u00e7\u00f5es de comprar um leite, que dir\u00e1 um \u00e1lcool em gel e sab\u00e3o para se higienizar! A \u00fanica prote\u00e7\u00e3o para a maioria dos moradores daqui \u00e9 a f\u00e9 em Deus. Os moradores est\u00e3o ansiosos para entender <a href=\"https:\/\/bit.ly\/2YbqB34\" target=\"_blank\" rel=\"noopener noreferrer\">o que vai acontecer com eles daqui para frente<\/a>. Muitos n\u00e3o t\u00eam o que comer\u201d.<\/span><\/p>\n<p><a href=\"https:\/\/rioonwatch.org.br\/wp-content\/uploads\/2020\/05\/Vila-Nova-Jaguar\u00e9.jpeg\"><img loading=\"lazy\" decoding=\"async\" class=\"aligncenter wp-image-47279 size-content\" title=\"Proximidades das casa em Vila Nova Jaguar\u00e9\" src=\"https:\/\/rioonwatch.org.br\/wp-content\/uploads\/2020\/05\/Vila-Nova-Jaguar\u00e9-620x264.jpeg\" alt=\"\" width=\"620\" height=\"264\" srcset=\"https:\/\/rioonwatch.org.br\/wp-content\/uploads\/2020\/05\/Vila-Nova-Jaguar\u00e9-620x264.jpeg 620w, https:\/\/rioonwatch.org.br\/wp-content\/uploads\/2020\/05\/Vila-Nova-Jaguar\u00e9-940x400.jpeg 940w\" sizes=\"(max-width: 620px) 100vw, 620px\" \/><\/a><\/p>\n<p><span style=\"font-weight: 400;\">Urideia, que \u00e9 dona do <a href=\"https:\/\/bit.ly\/2WeCB23\">buffet Flor de Mandacaru<\/a>, em Jaguar\u00e9, tamb\u00e9m deu suas impress\u00f5es sobre a situa\u00e7\u00e3o do com\u00e9rcio e falta de dinheiro no bairro provocada pela pandemia: <\/span><span style=\"font-weight: 400;\">&#8220;Os com\u00e9rcios est\u00e3o parados. Muitos geram empregos para os moradores da comunidade, que pagam aluguel e n\u00e3o sabem como ficar\u00e1 tudo isso com o aumento do desemprego. Por isso, \u00e9 importante impulsionar a economia local para que estes comerciantes n\u00e3o venham abrir fal\u00eancia. <\/span><span style=\"font-weight: 400;\">D\u00e1 para ver o desespero dos comerciantes, que sofrem com a diminui\u00e7\u00e3o em suas vendas. \u00c9 um momento delicado para todos&#8221;.\u00a0<\/span><\/p>\n<p><span style=\"font-weight: 400;\">A desigualdade social, portanto, \u00e9 vis\u00edvel em seu relato. As condi\u00e7\u00f5es desiguais de renda, moradia e fome, n\u00e3o permitem que a Covid-19 seja uma doen\u00e7a democr\u00e1tica. &#8220;<\/span><span style=\"font-weight: 400;\">J\u00e1 falta dinheiro para comprar o essencial! O alimento n\u00e3o est\u00e1 mais chegando \u00e0 mesa. O consumo de alimentos para toda a fam\u00edlia, o dia inteiro em casa \u00e9 muito maior. A m\u00e3e j\u00e1 n\u00e3o trabalha, o pai olha para o canto da casa e n\u00e3o v\u00ea nenhuma oportunidade, as crian\u00e7as pedem um biscoito e n\u00e3o t\u00eam. \u00c9 triste. Sem expectativas para comprar a comida, e ainda sem expectativas de tudo isso acabar&#8221;, relata Urideia.<\/span><\/p>\n<p><a href=\"https:\/\/rioonwatch.org.br\/wp-content\/uploads\/2020\/05\/Jaguare\u0301-Solida\u0301rio-informa.png\"><img loading=\"lazy\" decoding=\"async\" class=\"aligncenter wp-image-47317\" title=\"Cestas b\u00e1sicas a serem distribu\u00eddas pelo Jaguar\u00e9 Solid\u00e1rio\" src=\"https:\/\/rioonwatch.org.br\/wp-content\/uploads\/2020\/05\/Jaguare\u0301-Solida\u0301rio-informa.png\" alt=\"Cestas b\u00e1sicas a serem distribu\u00eddas pelo Jaguar\u00e9 Solid\u00e1rio\" width=\"620\" height=\"346\" srcset=\"https:\/\/rioonwatch.org.br\/wp-content\/uploads\/2020\/05\/Jaguare\u0301-Solida\u0301rio-informa.png 2548w, https:\/\/rioonwatch.org.br\/wp-content\/uploads\/2020\/05\/Jaguare\u0301-Solida\u0301rio-informa-473x264.png 473w, https:\/\/rioonwatch.org.br\/wp-content\/uploads\/2020\/05\/Jaguare\u0301-Solida\u0301rio-informa-620x346.png 620w, https:\/\/rioonwatch.org.br\/wp-content\/uploads\/2020\/05\/Jaguare\u0301-Solida\u0301rio-informa-768x428.png 768w, https:\/\/rioonwatch.org.br\/wp-content\/uploads\/2020\/05\/Jaguare\u0301-Solida\u0301rio-informa-1024x571.png 1024w, https:\/\/rioonwatch.org.br\/wp-content\/uploads\/2020\/05\/Jaguare\u0301-Solida\u0301rio-informa-174x98.png 174w\" sizes=\"(max-width: 620px) 100vw, 620px\" \/><\/a><\/p>\n<p><span style=\"font-weight: 400;\">&#8220;T\u00eam pessoas <a href=\"http:\/\/bit.ly\/DoacoesCovid19NasFavelas\" target=\"_blank\" rel=\"noopener noreferrer\">fazendo campanhas<\/a> para arrecadar alimentos para as fam\u00edlias que est\u00e3o em situa\u00e7\u00e3o de vulnerabilidade social. Isso n\u00e3o resolve, mas ajuda a minimizar a situa\u00e7\u00e3o. Os moradores est\u00e3o em busca do apoio [aux\u00edlio emergencial] prometido pelo governo. Isso ir\u00e1 aliviar esse per\u00edodo de isolamento. A uni\u00e3o das pessoas <a href=\"https:\/\/bit.ly\/340KKtn\" target=\"_blank\" rel=\"noopener noreferrer\">est\u00e1 cada dia mais forte<\/a>. O olhar de como\u00e7\u00e3o pelo que est\u00e1 acontecendo com o outro. O sentimento de que est\u00e3o todos no mesmo barco <a href=\"https:\/\/bit.ly\/2XIoJOW\" target=\"_blank\" rel=\"noopener noreferrer\">faz surgir a vontade de ajudar<\/a> e compartilhar com quem nada t\u00eam\u201d, ela concluiu.\u00a0<\/span><\/p>\n<p><span style=\"font-weight: 400;\"><a href=\"https:\/\/rioonwatch.org.br\/wp-content\/uploads\/2020\/05\/Montagem-das-cestas-basicas.png\"><img loading=\"lazy\" decoding=\"async\" class=\"alignright wp-image-47318\" title=\"Moradores e volunt\u00e1rios no preparo e distribui\u00e7\u00e3o de cestas b\u00e1sicas\" src=\"https:\/\/rioonwatch.org.br\/wp-content\/uploads\/2020\/05\/Montagem-das-cestas-basicas.png\" alt=\"\" width=\"300\" height=\"361\" srcset=\"https:\/\/rioonwatch.org.br\/wp-content\/uploads\/2020\/05\/Montagem-das-cestas-basicas.png 1269w, https:\/\/rioonwatch.org.br\/wp-content\/uploads\/2020\/05\/Montagem-das-cestas-basicas-219x264.png 219w, https:\/\/rioonwatch.org.br\/wp-content\/uploads\/2020\/05\/Montagem-das-cestas-basicas-515x620.png 515w, https:\/\/rioonwatch.org.br\/wp-content\/uploads\/2020\/05\/Montagem-das-cestas-basicas-768x924.png 768w, https:\/\/rioonwatch.org.br\/wp-content\/uploads\/2020\/05\/Montagem-das-cestas-basicas-851x1024.png 851w\" sizes=\"(max-width: 300px) 100vw, 300px\" \/><\/a>Atualmente, est\u00e1 ocorrendo o movimento &#8220;<a href=\"https:\/\/bit.ly\/2zl3gRW\" target=\"_blank\" rel=\"noopener noreferrer\">Mobiliza Jaguar\u00e9<\/a>&#8220;, uma parceria entre o buffet Flor de Mandacaru e Projeto PALCO.<strong>\u00a0<\/strong>Juntos, eles promovem uma <a href=\"https:\/\/bit.ly\/2ST9Nua\" target=\"_blank\" rel=\"noopener noreferrer\">campanha de arrecada\u00e7\u00e3o de dinheiro para a realiza\u00e7\u00e3o de a\u00e7\u00f5es no bairro<\/a> como montagens de cestas b\u00e1sicas, que s\u00e3o compradas nos mercados locais e entregues \u00e0s fam\u00edlias mais vulner\u00e1veis. Em 15 dias, o movimento j\u00e1 conseguiu: R$17.765,00, com <a href=\"https:\/\/bit.ly\/3beeO6U\" target=\"_blank\" rel=\"noopener noreferrer\">137 fam\u00edlias beneficiadas, e mais 40 que ainda ser\u00e3o beneficiadas com este recurso<\/a>. Com essa a\u00e7\u00e3o, sete com\u00e9rcios locais tamb\u00e9m foram beneficiados e 29 volunt\u00e1rios se envolveram no projeto. <a href=\"https:\/\/bit.ly\/3bgsQon\" target=\"_blank\" rel=\"noopener noreferrer\">A campanha continua, tendo 142 fam\u00edlias em lista de espera<\/a>.<\/span><\/p>\n<p><span style=\"font-weight: 400;\">Ao ser entrevistada, Andreza me <\/span><span style=\"font-weight: 400;\">contou que escrevia relatos do cotidiano da pandemia em forma de di\u00e1rio, ent\u00e3o a convidei a ser coautora deste presente relato, <\/span><span style=\"font-weight: 400;\">incorporado seu texto redigido em primeira pessoa.<\/span><\/p>\n<p><span style=\"font-weight: 400;\">O testemunho de Andreza <\/span>marca n\u00e3o apenas o cotidiano, mas<span style=\"font-weight: 400;\"> as dificuldades de viver sob os efeitos da pandemia sendo aut\u00f4noma e artista dentro da favela:<\/span><\/p>\n<blockquote><p><em><span style=\"font-weight: 400;\">\u201cN\u00e3o sou m\u00e3e, n\u00e3o sou av\u00f3, n\u00e3o sou tia de ningu\u00e9m, mas sou irm\u00e3, sou filha, sou gente. N\u00e3o sou rica, n\u00e3o sou assalariada, sou aut\u00f4noma, sou artista. N\u00e3o pago aluguel, mas pago \u00e1gua, energia, g\u00e1s. A vida \u00e9 muito mais dif\u00edcil para um perif\u00e9rico, ainda mais artista. Eu? Ficar em casa? Eu fico. Com medo de uma coisa que \u00e9 invis\u00edvel. Um espirro que solto n\u00e3o sei se \u00e9 a Covid-19 ou s\u00f3 o p\u00f3 do meu quarto, n\u00e3o sei. N\u00e3o sei de nada. <\/span><\/em><\/p>\n<p><em><span style=\"font-weight: 400;\">Fa\u00e7o minha arte nessa quarentena e eu compartilho, n\u00e3o cobro nada por isso. N\u00e3o posso sair para ensaiar, n\u00e3o posso sair para correr atr\u00e1s de figurino, n\u00e3o posso sair para me inspirar, tem que ser tudo aqui dentro da minha casa. Aqui tem muita poesia, porque eu sou artista, isso me alivia, mas tamb\u00e9m me desespero. Vejo a \u00e1gua do caf\u00e9 fervendo, eu j\u00e1 corro para desligar o g\u00e1s, para n\u00e3o gastar. Eu n\u00e3o sei quanto tempo esse filme de terror vai durar. Eu n\u00e3o sei quanto tempo a minha calma vai durar. N\u00e3o sou m\u00e3e, n\u00e3o sou av\u00f3, n\u00e3o sou tia, mas pode ter certeza que carrego as mesmas incertezas que elas.\u00a0<\/span><\/em><\/p>\n<p><em>Eu <span style=\"font-weight: 400;\">e<\/span><\/em><span style=\"font-weight: 400;\"><em>scuto crian\u00e7a gritando o dia inteiro, cachorro latindo, o dia todo aqui. N\u00e3o vejo muita coisa porque eu estou seguindo o que a OMS falou para fazer, ficar em casa. Pouca gente perif\u00e9rica fica em casa. Eu fico porque n\u00e3o tem o que eu fazer. N\u00e3o tem onde trabalhar. Eu preciso de dinheiro, mas preciso ter sa\u00fade tamb\u00e9m. A escolha perif\u00e9rica \u00e9: ser mais pobre ainda com sa\u00fade ou ser pobre sem sa\u00fade? Escolhi ser mais pobre ainda com sa\u00fade para quando tudo isso acabar, eu ter como correr atr\u00e1s de novo e de novo. <\/em><\/span><\/p>\n<p><span style=\"font-weight: 400;\"><em>Fui ao mercado ontem, era minha terceira vez saindo de casa desde o dia 16 de mar\u00e7o, quando trabalhei pela \u00faltima vez e vi a peruinha do churros funcionando, o bar aberto, a quitanda da Dona Neti aberta, o mercado aberto. E nos caixas tinham um vidro entre o funcion\u00e1ria e o cliente, parecia que eu estava na lot\u00e9rica. Os velhinhos, que ficam todo dia na cal\u00e7ada do mercado, j\u00e1 n\u00e3o estavam mais l\u00e1. As pessoas que estavam na rua se olhavam como se estivessem procurando a Covid-19 umas nas outras, mas eu tamb\u00e9m estava fazendo isso. <\/em><\/span><\/p>\n<p><span style=\"font-weight: 400;\"><em>Na semana, \u00e9 tudo mais silencioso. Fim de semana, a gente escuta uma mistura de som. Isso n\u00e3o mudou! Fim de semana \u00e9 dia de escutar m\u00fasica na favela, bem alto, parece que a gente cansa de ouvir nossos pensamentos, nossas incertezas e liga o som. Eu n\u00e3o fazia isso, mas tenho feito. Ligo minha caixinha de som e, arrumando meu quarto, escuto m\u00fasica<\/em>.<\/span><\/p>\n<p><em><span style=\"font-weight: 400;\">Eu vejo na televis\u00e3o a galera fazendo &#8220;Panela\u00e7o&#8221;. Acho muito bom o grito do povo saindo, mas voc\u00ea acha que eu posso bater panela? Quem vai consertar? A gente sabe que isso n\u00e3o funciona! Para! Vai dizer que estou descrente, sem f\u00e9? Eu s\u00f3 estou apontando as minhas convic\u00e7\u00f5es. N\u00e3o posso bater panela e nem estragar a concha do feij\u00e3o! Tenho que fazer comida. Comida \u00e9 mais importante do que estragar a minha panela para um cara que faz pronunciamento dizendo que \u2018infelizmente algumas pessoas v\u00e3o morrer mesmo\u2019. Meu manifesto \u00e9 outro, e \u00e9 o que posso fazer agora: ficar em casa, manter minha casa limpa, sair dessa e voltar a trabalhar. T\u00eam dias que acordo positiva, t\u00eam dias que acordo na f\u00faria. Mas adianta ficar enfurecida? Ningu\u00e9m est\u00e1 vendo a f\u00faria, o desespero, a agonia, a incerteza perif\u00e9rica. Do lado de l\u00e1, est\u00e3o vendo s\u00f3 tijolos e telha, esgoto a c\u00e9u aberto, <a href=\"https:\/\/bit.ly\/2YbqB34\" target=\"_blank\" rel=\"noopener noreferrer\">n\u00e3o olham as pessoas<\/a>, s\u00f3 olham o lugar e ponto&#8221;.<\/span><\/em><\/p><\/blockquote>\n<p><em><span style=\"font-weight: 400;\">Thuane Ainy Campos Barretto \u00e9 atriz e <\/span><span style=\"font-weight: 400;\">dramaturga no Grupo de Teatro <\/span><a href=\"https:\/\/bit.ly\/2LejpeI\" target=\"_blank\" rel=\"noopener noreferrer\"><span style=\"font-weight: 400;\">T\u00d4 EM OUTRA! Cia. de Teatro<\/span><\/a><span style=\"font-weight: 400;\">, <\/span><span style=\"font-weight: 400;\">o qual fundou junto a amigos em 2012. Psic\u00f3loga, formada em 2019 pela Universidade Paulista, atua no<\/span><\/em> <em>Projeto PALCO desde o in\u00edcio de 2020, em Jaguar\u00e9, no monitoramento das atividades.\u00a0<\/em><\/p>\n<p><em><span style=\"font-weight: 400;\">Andreza Rodrigues \u00e9 atriz e dramaturga. \u00c9 moradora da favela Vila Nova Jaguar\u00e9 e iniciou sua carreira art\u00edstica pela Cia, de Teatro Vizinho Legal, em 2008 (atualmente Cia. PALCO). Tamb\u00e9m \u00e9 uma das fundadoras do grupo de teatro <a href=\"https:\/\/bit.ly\/2LejpeI\" target=\"_blank\" rel=\"noopener noreferrer\">T\u00d4 EM OUTRA! Cia. de Teatro<\/a>, no qual escreveu os espet\u00e1culos \u201cDas ruas um Orfeu de mochila\u201d e \u201cUm tempo para o infinito\u201d. Andreza \u00e9 formada em Fotografia pela Universidade Paulista.<\/span><\/em><\/p>\n<hr \/>\n<h4><strong>Apoie nossos esfor\u00e7os para fornecer assist\u00eancia estrat\u00e9gica \u00e0s favelas do Rio durante a pandemia de Covid-19, incluindo o jornalismo hiperlocal, cr\u00edtico, inovador e incans\u00e1vel do\u00a0<em>RioOnWatch<\/em><\/strong>\u2014<a href=\"http:\/\/bit.ly\/CatalisandoComunidades\">doe aqui<\/a>.<\/h4>\n<!-- AddThis Advanced Settings generic via filter on the_content --><!-- AddThis Share Buttons generic via filter on the_content -->","protected":false},"excerpt":{"rendered":"<div class=\"mh-excerpt\"><p>Click Here for English Essa mat\u00e9ria oriunda da Vila Nova Jaguar\u00e9, \u00e9 a d\u00e9cima de uma s\u00e9rie sobre o impacto da pandemia do coronav\u00edrus no dia a dia das favelas, em parceria com o Centro <a class=\"mh-excerpt-more\" href=\"https:\/\/rioonwatch.org.br\/?p=47090\" title=\"Coronav\u00edrus nas Favelas, Parte 10: O Desafio do Isolamento Social na Vila Nova Jaguar\u00e9, Capital Paulista\">[&#8230;]<\/a><!-- AddThis Advanced Settings generic via filter on get_the_excerpt --><!-- AddThis Share Buttons generic via filter on get_the_excerpt --><\/p>\n<\/div>","protected":false},"author":165,"featured_media":47182,"comment_status":"closed","ping_status":"closed","sticky":false,"template":"","format":"standard","meta":{"_acf_changed":false,"_monsterinsights_skip_tracking":false,"_monsterinsights_sitenote_active":false,"_monsterinsights_sitenote_note":"","_monsterinsights_sitenote_category":0,"footnotes":""},"categories":[2753,1615,1625,1388],"tags":[299,334,1221,2748,413,731,1306,1493,102,998,2539,2289,2693,2759,380,335,578],"writer":[2802,2801],"translator":[],"source":[],"ilustrador":[],"fotografo":[],"class_list":{"0":"post-47090","1":"post","2":"type-post","3":"status-publish","4":"format-standard","5":"has-post-thumbnail","7":"category-covid19nasfavelas","8":"category-cultura-da-favela","9":"category-por-correspondentes-comunitarios","10":"category-formas-de-apoiar","11":"tag-alimentacao","12":"tag-arte","13":"tag-comparacao-nacional","14":"tag-coronavirus","15":"tag-desigualdade","16":"tag-empreendedorismo","17":"tag-exclusao","18":"tag-negocio-comunitario","19":"tag-poesia","20":"tag-sao-paulo","21":"tag-sentimento-de-pertencimento","22":"tag-serie","23":"tag-serie-direitos-humanos-com-apoio-do-centro-behner-stiefel-da-sdsu","24":"tag-serie-covid-19-no-dia-a-dia-das-favelas","25":"tag-solidariedade","26":"tag-teatro","27":"tag-trabalho-e-renda","28":"writer-andreza-rodrigues","29":"writer-thuane-ainy-campos-barretto"},"acf":[],"yoast_head":"<!-- This site is optimized with the Yoast SEO plugin v25.6 - https:\/\/yoast.com\/wordpress\/plugins\/seo\/ -->\n<title>Coronav\u00edrus nas Favelas, Parte 10: O Desafio do Isolamento Social na Vila Nova Jaguar\u00e9, Capital Paulista - RioOnWatch<\/title>\n<meta name=\"robots\" content=\"index, follow, max-snippet:-1, max-image-preview:large, max-video-preview:-1\" \/>\n<link rel=\"canonical\" href=\"https:\/\/rioonwatch.org.br\/?p=47090\" \/>\n<meta property=\"og:locale\" content=\"pt_BR\" \/>\n<meta property=\"og:type\" content=\"article\" \/>\n<meta property=\"og:title\" content=\"Coronav\u00edrus nas Favelas, Parte 10: O Desafio do Isolamento Social na Vila Nova Jaguar\u00e9, Capital Paulista - RioOnWatch\" \/>\n<meta property=\"og:description\" content=\"Click Here for English Essa mat\u00e9ria oriunda da Vila Nova Jaguar\u00e9, \u00e9 a d\u00e9cima de uma s\u00e9rie sobre o impacto da pandemia do coronav\u00edrus no dia a dia das favelas, em parceria com o Centro [...]\" \/>\n<meta property=\"og:url\" content=\"https:\/\/rioonwatch.org.br\/?p=47090\" \/>\n<meta property=\"og:site_name\" content=\"RioOnWatch\" \/>\n<meta property=\"article:published_time\" content=\"2020-05-09T15:37:23+00:00\" \/>\n<meta property=\"article:modified_time\" content=\"2022-12-21T13:30:16+00:00\" \/>\n<meta property=\"og:image\" content=\"https:\/\/rioonwatch.org.br\/wp-content\/uploads\/2020\/05\/Nova-Jacarei-Fonte-Miguel-Bustamante-e1588796235330-scaled.jpg\" \/>\n\t<meta property=\"og:image:width\" content=\"2560\" \/>\n\t<meta property=\"og:image:height\" content=\"1260\" \/>\n\t<meta property=\"og:image:type\" content=\"image\/jpeg\" \/>\n<meta name=\"author\" content=\"Tatiana Lima\" \/>\n<meta name=\"twitter:card\" content=\"summary_large_image\" \/>\n<meta name=\"twitter:label1\" content=\"Escrito por\" \/>\n\t<meta name=\"twitter:data1\" content=\"Tatiana Lima\" \/>\n\t<meta name=\"twitter:label2\" content=\"Est. tempo de leitura\" \/>\n\t<meta name=\"twitter:data2\" content=\"9 minutos\" \/>\n<script type=\"application\/ld+json\" class=\"yoast-schema-graph\">{\"@context\":\"https:\/\/schema.org\",\"@graph\":[{\"@type\":\"Article\",\"@id\":\"https:\/\/rioonwatch.org.br\/?p=47090#article\",\"isPartOf\":{\"@id\":\"https:\/\/rioonwatch.org.br\/?p=47090\"},\"author\":{\"name\":\"Tatiana Lima\",\"@id\":\"https:\/\/rioonwatch.org.br\/#\/schema\/person\/8fde974ee24e219acc413d63393ec551\"},\"headline\":\"Coronav\u00edrus nas Favelas, Parte 10: O Desafio do Isolamento Social na Vila Nova Jaguar\u00e9, Capital Paulista\",\"datePublished\":\"2020-05-09T15:37:23+00:00\",\"dateModified\":\"2022-12-21T13:30:16+00:00\",\"mainEntityOfPage\":{\"@id\":\"https:\/\/rioonwatch.org.br\/?p=47090\"},\"wordCount\":1738,\"publisher\":{\"@id\":\"https:\/\/rioonwatch.org.br\/#organization\"},\"image\":{\"@id\":\"https:\/\/rioonwatch.org.br\/?p=47090#primaryimage\"},\"thumbnailUrl\":\"https:\/\/rioonwatch.org.br\/wp-content\/uploads\/2020\/05\/Nova-Jacarei-Fonte-Miguel-Bustamante-e1588796235330-scaled.jpg\",\"keywords\":[\"alimenta\u00e7\u00e3o\",\"arte\",\"compara\u00e7\u00e3o nacional\",\"coronav\u00edrus\",\"desigualdade\",\"empreendedorismo\",\"exclus\u00e3o\",\"neg\u00f3cio comunit\u00e1rio\",\"poesia\",\"S\u00e3o Paulo\",\"sentimento de pertencimento\",\"S\u00e9rie\",\"S\u00e9rie Apoiada pelo Centro Behner Stiefel\/SDSU\",\"S\u00e9rie: Covid-19 no Dia a Dia das Favelas\",\"solidariedade\",\"teatro\",\"Trabalho e renda\"],\"articleSection\":[\"#Covid19NasFavelas\",\"Cultura da Favela\",\"Escrito por Comunicadores Populares\",\"Formas de Apoiar\"],\"inLanguage\":\"pt-BR\"},{\"@type\":\"WebPage\",\"@id\":\"https:\/\/rioonwatch.org.br\/?p=47090\",\"url\":\"https:\/\/rioonwatch.org.br\/?p=47090\",\"name\":\"Coronav\u00edrus nas Favelas, Parte 10: O Desafio do Isolamento Social na Vila Nova Jaguar\u00e9, Capital Paulista - RioOnWatch\",\"isPartOf\":{\"@id\":\"https:\/\/rioonwatch.org.br\/#website\"},\"primaryImageOfPage\":{\"@id\":\"https:\/\/rioonwatch.org.br\/?p=47090#primaryimage\"},\"image\":{\"@id\":\"https:\/\/rioonwatch.org.br\/?p=47090#primaryimage\"},\"thumbnailUrl\":\"https:\/\/rioonwatch.org.br\/wp-content\/uploads\/2020\/05\/Nova-Jacarei-Fonte-Miguel-Bustamante-e1588796235330-scaled.jpg\",\"datePublished\":\"2020-05-09T15:37:23+00:00\",\"dateModified\":\"2022-12-21T13:30:16+00:00\",\"breadcrumb\":{\"@id\":\"https:\/\/rioonwatch.org.br\/?p=47090#breadcrumb\"},\"inLanguage\":\"pt-BR\",\"potentialAction\":[{\"@type\":\"ReadAction\",\"target\":[\"https:\/\/rioonwatch.org.br\/?p=47090\"]}]},{\"@type\":\"ImageObject\",\"inLanguage\":\"pt-BR\",\"@id\":\"https:\/\/rioonwatch.org.br\/?p=47090#primaryimage\",\"url\":\"https:\/\/rioonwatch.org.br\/wp-content\/uploads\/2020\/05\/Nova-Jacarei-Fonte-Miguel-Bustamante-e1588796235330-scaled.jpg\",\"contentUrl\":\"https:\/\/rioonwatch.org.br\/wp-content\/uploads\/2020\/05\/Nova-Jacarei-Fonte-Miguel-Bustamante-e1588796235330-scaled.jpg\",\"width\":2560,\"height\":1260},{\"@type\":\"BreadcrumbList\",\"@id\":\"https:\/\/rioonwatch.org.br\/?p=47090#breadcrumb\",\"itemListElement\":[{\"@type\":\"ListItem\",\"position\":1,\"name\":\"In\u00edcio\",\"item\":\"https:\/\/rioonwatch.org.br\/\"},{\"@type\":\"ListItem\",\"position\":2,\"name\":\"Coronav\u00edrus nas Favelas, Parte 10: O Desafio do Isolamento Social na Vila Nova Jaguar\u00e9, Capital Paulista\"}]},{\"@type\":\"WebSite\",\"@id\":\"https:\/\/rioonwatch.org.br\/#website\",\"url\":\"https:\/\/rioonwatch.org.br\/\",\"name\":\"RioOnWatch\",\"description\":\"relatos das favelas cariocas\",\"publisher\":{\"@id\":\"https:\/\/rioonwatch.org.br\/#organization\"},\"potentialAction\":[{\"@type\":\"SearchAction\",\"target\":{\"@type\":\"EntryPoint\",\"urlTemplate\":\"https:\/\/rioonwatch.org.br\/?s={search_term_string}\"},\"query-input\":{\"@type\":\"PropertyValueSpecification\",\"valueRequired\":true,\"valueName\":\"search_term_string\"}}],\"inLanguage\":\"pt-BR\"},{\"@type\":\"Organization\",\"@id\":\"https:\/\/rioonwatch.org.br\/#organization\",\"name\":\"RioOnWatch\",\"url\":\"https:\/\/rioonwatch.org.br\/\",\"logo\":{\"@type\":\"ImageObject\",\"inLanguage\":\"pt-BR\",\"@id\":\"https:\/\/rioonwatch.org.br\/#\/schema\/logo\/image\/\",\"url\":\"https:\/\/rioonwatch.org.br\/wp-content\/uploads\/2021\/06\/RioOnWatchcabecalhoPT11anos-2.png\",\"contentUrl\":\"https:\/\/rioonwatch.org.br\/wp-content\/uploads\/2021\/06\/RioOnWatchcabecalhoPT11anos-2.png\",\"width\":779,\"height\":277,\"caption\":\"RioOnWatch\"},\"image\":{\"@id\":\"https:\/\/rioonwatch.org.br\/#\/schema\/logo\/image\/\"}},{\"@type\":\"Person\",\"@id\":\"https:\/\/rioonwatch.org.br\/#\/schema\/person\/8fde974ee24e219acc413d63393ec551\",\"name\":\"Tatiana Lima\",\"image\":{\"@type\":\"ImageObject\",\"inLanguage\":\"pt-BR\",\"@id\":\"https:\/\/rioonwatch.org.br\/#\/schema\/person\/image\/\",\"url\":\"https:\/\/secure.gravatar.com\/avatar\/5fb587d000e124a9d6aae50aec42d39e?s=96&d=blank&r=g\",\"contentUrl\":\"https:\/\/secure.gravatar.com\/avatar\/5fb587d000e124a9d6aae50aec42d39e?s=96&d=blank&r=g\",\"caption\":\"Tatiana Lima\"},\"url\":\"https:\/\/rioonwatch.org.br\/?author=165\"}]}<\/script>\n<!-- \/ Yoast SEO plugin. -->","yoast_head_json":{"title":"Coronav\u00edrus nas Favelas, Parte 10: O Desafio do Isolamento Social na Vila Nova Jaguar\u00e9, Capital Paulista - RioOnWatch","robots":{"index":"index","follow":"follow","max-snippet":"max-snippet:-1","max-image-preview":"max-image-preview:large","max-video-preview":"max-video-preview:-1"},"canonical":"https:\/\/rioonwatch.org.br\/?p=47090","og_locale":"pt_BR","og_type":"article","og_title":"Coronav\u00edrus nas Favelas, Parte 10: O Desafio do Isolamento Social na Vila Nova Jaguar\u00e9, Capital Paulista - RioOnWatch","og_description":"Click Here for English Essa mat\u00e9ria oriunda da Vila Nova Jaguar\u00e9, \u00e9 a d\u00e9cima de uma s\u00e9rie sobre o impacto da pandemia do coronav\u00edrus no dia a dia das favelas, em parceria com o Centro [...]","og_url":"https:\/\/rioonwatch.org.br\/?p=47090","og_site_name":"RioOnWatch","article_published_time":"2020-05-09T15:37:23+00:00","article_modified_time":"2022-12-21T13:30:16+00:00","og_image":[{"width":2560,"height":1260,"url":"https:\/\/rioonwatch.org.br\/wp-content\/uploads\/2020\/05\/Nova-Jacarei-Fonte-Miguel-Bustamante-e1588796235330-scaled.jpg","type":"image\/jpeg"}],"author":"Tatiana Lima","twitter_card":"summary_large_image","twitter_misc":{"Escrito por":"Tatiana Lima","Est. tempo de leitura":"9 minutos"},"schema":{"@context":"https:\/\/schema.org","@graph":[{"@type":"Article","@id":"https:\/\/rioonwatch.org.br\/?p=47090#article","isPartOf":{"@id":"https:\/\/rioonwatch.org.br\/?p=47090"},"author":{"name":"Tatiana Lima","@id":"https:\/\/rioonwatch.org.br\/#\/schema\/person\/8fde974ee24e219acc413d63393ec551"},"headline":"Coronav\u00edrus nas Favelas, Parte 10: O Desafio do Isolamento Social na Vila Nova Jaguar\u00e9, Capital Paulista","datePublished":"2020-05-09T15:37:23+00:00","dateModified":"2022-12-21T13:30:16+00:00","mainEntityOfPage":{"@id":"https:\/\/rioonwatch.org.br\/?p=47090"},"wordCount":1738,"publisher":{"@id":"https:\/\/rioonwatch.org.br\/#organization"},"image":{"@id":"https:\/\/rioonwatch.org.br\/?p=47090#primaryimage"},"thumbnailUrl":"https:\/\/rioonwatch.org.br\/wp-content\/uploads\/2020\/05\/Nova-Jacarei-Fonte-Miguel-Bustamante-e1588796235330-scaled.jpg","keywords":["alimenta\u00e7\u00e3o","arte","compara\u00e7\u00e3o nacional","coronav\u00edrus","desigualdade","empreendedorismo","exclus\u00e3o","neg\u00f3cio comunit\u00e1rio","poesia","S\u00e3o Paulo","sentimento de pertencimento","S\u00e9rie","S\u00e9rie Apoiada pelo Centro Behner Stiefel\/SDSU","S\u00e9rie: Covid-19 no Dia a Dia das Favelas","solidariedade","teatro","Trabalho e renda"],"articleSection":["#Covid19NasFavelas","Cultura da Favela","Escrito por Comunicadores Populares","Formas de Apoiar"],"inLanguage":"pt-BR"},{"@type":"WebPage","@id":"https:\/\/rioonwatch.org.br\/?p=47090","url":"https:\/\/rioonwatch.org.br\/?p=47090","name":"Coronav\u00edrus nas Favelas, Parte 10: O Desafio do Isolamento Social na Vila Nova Jaguar\u00e9, Capital Paulista - RioOnWatch","isPartOf":{"@id":"https:\/\/rioonwatch.org.br\/#website"},"primaryImageOfPage":{"@id":"https:\/\/rioonwatch.org.br\/?p=47090#primaryimage"},"image":{"@id":"https:\/\/rioonwatch.org.br\/?p=47090#primaryimage"},"thumbnailUrl":"https:\/\/rioonwatch.org.br\/wp-content\/uploads\/2020\/05\/Nova-Jacarei-Fonte-Miguel-Bustamante-e1588796235330-scaled.jpg","datePublished":"2020-05-09T15:37:23+00:00","dateModified":"2022-12-21T13:30:16+00:00","breadcrumb":{"@id":"https:\/\/rioonwatch.org.br\/?p=47090#breadcrumb"},"inLanguage":"pt-BR","potentialAction":[{"@type":"ReadAction","target":["https:\/\/rioonwatch.org.br\/?p=47090"]}]},{"@type":"ImageObject","inLanguage":"pt-BR","@id":"https:\/\/rioonwatch.org.br\/?p=47090#primaryimage","url":"https:\/\/rioonwatch.org.br\/wp-content\/uploads\/2020\/05\/Nova-Jacarei-Fonte-Miguel-Bustamante-e1588796235330-scaled.jpg","contentUrl":"https:\/\/rioonwatch.org.br\/wp-content\/uploads\/2020\/05\/Nova-Jacarei-Fonte-Miguel-Bustamante-e1588796235330-scaled.jpg","width":2560,"height":1260},{"@type":"BreadcrumbList","@id":"https:\/\/rioonwatch.org.br\/?p=47090#breadcrumb","itemListElement":[{"@type":"ListItem","position":1,"name":"In\u00edcio","item":"https:\/\/rioonwatch.org.br\/"},{"@type":"ListItem","position":2,"name":"Coronav\u00edrus nas Favelas, Parte 10: O Desafio do Isolamento Social na Vila Nova Jaguar\u00e9, Capital Paulista"}]},{"@type":"WebSite","@id":"https:\/\/rioonwatch.org.br\/#website","url":"https:\/\/rioonwatch.org.br\/","name":"RioOnWatch","description":"relatos das favelas cariocas","publisher":{"@id":"https:\/\/rioonwatch.org.br\/#organization"},"potentialAction":[{"@type":"SearchAction","target":{"@type":"EntryPoint","urlTemplate":"https:\/\/rioonwatch.org.br\/?s={search_term_string}"},"query-input":{"@type":"PropertyValueSpecification","valueRequired":true,"valueName":"search_term_string"}}],"inLanguage":"pt-BR"},{"@type":"Organization","@id":"https:\/\/rioonwatch.org.br\/#organization","name":"RioOnWatch","url":"https:\/\/rioonwatch.org.br\/","logo":{"@type":"ImageObject","inLanguage":"pt-BR","@id":"https:\/\/rioonwatch.org.br\/#\/schema\/logo\/image\/","url":"https:\/\/rioonwatch.org.br\/wp-content\/uploads\/2021\/06\/RioOnWatchcabecalhoPT11anos-2.png","contentUrl":"https:\/\/rioonwatch.org.br\/wp-content\/uploads\/2021\/06\/RioOnWatchcabecalhoPT11anos-2.png","width":779,"height":277,"caption":"RioOnWatch"},"image":{"@id":"https:\/\/rioonwatch.org.br\/#\/schema\/logo\/image\/"}},{"@type":"Person","@id":"https:\/\/rioonwatch.org.br\/#\/schema\/person\/8fde974ee24e219acc413d63393ec551","name":"Tatiana Lima","image":{"@type":"ImageObject","inLanguage":"pt-BR","@id":"https:\/\/rioonwatch.org.br\/#\/schema\/person\/image\/","url":"https:\/\/secure.gravatar.com\/avatar\/5fb587d000e124a9d6aae50aec42d39e?s=96&d=blank&r=g","contentUrl":"https:\/\/secure.gravatar.com\/avatar\/5fb587d000e124a9d6aae50aec42d39e?s=96&d=blank&r=g","caption":"Tatiana Lima"},"url":"https:\/\/rioonwatch.org.br\/?author=165"}]}},"_links":{"self":[{"href":"https:\/\/rioonwatch.org.br\/index.php?rest_route=\/wp\/v2\/posts\/47090"}],"collection":[{"href":"https:\/\/rioonwatch.org.br\/index.php?rest_route=\/wp\/v2\/posts"}],"about":[{"href":"https:\/\/rioonwatch.org.br\/index.php?rest_route=\/wp\/v2\/types\/post"}],"author":[{"embeddable":true,"href":"https:\/\/rioonwatch.org.br\/index.php?rest_route=\/wp\/v2\/users\/165"}],"replies":[{"embeddable":true,"href":"https:\/\/rioonwatch.org.br\/index.php?rest_route=%2Fwp%2Fv2%2Fcomments&post=47090"}],"version-history":[{"count":50,"href":"https:\/\/rioonwatch.org.br\/index.php?rest_route=\/wp\/v2\/posts\/47090\/revisions"}],"predecessor-version":[{"id":47553,"href":"https:\/\/rioonwatch.org.br\/index.php?rest_route=\/wp\/v2\/posts\/47090\/revisions\/47553"}],"wp:featuredmedia":[{"embeddable":true,"href":"https:\/\/rioonwatch.org.br\/index.php?rest_route=\/wp\/v2\/media\/47182"}],"wp:attachment":[{"href":"https:\/\/rioonwatch.org.br\/index.php?rest_route=%2Fwp%2Fv2%2Fmedia&parent=47090"}],"wp:term":[{"taxonomy":"category","embeddable":true,"href":"https:\/\/rioonwatch.org.br\/index.php?rest_route=%2Fwp%2Fv2%2Fcategories&post=47090"},{"taxonomy":"post_tag","embeddable":true,"href":"https:\/\/rioonwatch.org.br\/index.php?rest_route=%2Fwp%2Fv2%2Ftags&post=47090"},{"taxonomy":"writer","embeddable":true,"href":"https:\/\/rioonwatch.org.br\/index.php?rest_route=%2Fwp%2Fv2%2Fwriter&post=47090"},{"taxonomy":"translator","embeddable":true,"href":"https:\/\/rioonwatch.org.br\/index.php?rest_route=%2Fwp%2Fv2%2Ftranslator&post=47090"},{"taxonomy":"source","embeddable":true,"href":"https:\/\/rioonwatch.org.br\/index.php?rest_route=%2Fwp%2Fv2%2Fsource&post=47090"},{"taxonomy":"ilustrador","embeddable":true,"href":"https:\/\/rioonwatch.org.br\/index.php?rest_route=%2Fwp%2Fv2%2Filustrador&post=47090"},{"taxonomy":"fotografo","embeddable":true,"href":"https:\/\/rioonwatch.org.br\/index.php?rest_route=%2Fwp%2Fv2%2Ffotografo&post=47090"}],"curies":[{"name":"wp","href":"https:\/\/api.w.org\/{rel}","templated":true}]}}