{"id":47191,"date":"2020-05-12T11:01:59","date_gmt":"2020-05-12T14:01:59","guid":{"rendered":"https:\/\/rioonwatch.org.br\/?p=47191"},"modified":"2024-05-24T12:36:27","modified_gmt":"2024-05-24T15:36:27","slug":"doze-evidencias-da-necropolitica-frente-a-covid-19-nas-favelas-oquedizemasredes","status":"publish","type":"post","link":"https:\/\/rioonwatch.org.br\/?p=47191","title":{"rendered":"Doze Evid\u00eancias da Necropol\u00edtica Frente \u00e0 Covid-19 nas Favelas #OQueDizemAsRedes"},"content":{"rendered":"<p style=\"text-align: right;\"><em><strong><a href=\"https:\/\/bit.ly\/2WNVzNz\" target=\"_blank\" rel=\"noopener noreferrer\">Click Here for English<\/a><a href=\"https:\/\/bit.ly\/2WNVzNz\" target=\"_blank\" rel=\"noopener noreferrer\"><img decoding=\"async\" width=\"20\" height=\"20\" class=\"alignright wp-image-15790\" src=\"http:\/\/rioonwatch.org.br\/wp-content\/uploads\/2012\/08\/EN-standard-e1439583104716.jpg\" \/><\/a><\/strong><\/em><\/p>\n<p><em>Esta \u00e9 a nossa mais recente mat\u00e9ria sobre\u00a0<a href=\"http:\/\/bit.ly\/Covid19NasFavelas\" target=\"_blank\" rel=\"noopener noreferrer\">o novo coronav\u00edrus e seus impactos sobre as favelas<\/a>, e tamb\u00e9m faz parte da s\u00e9rie <a href=\"http:\/\/bit.ly\/2mWUr7d\" target=\"_blank\" rel=\"noopener noreferrer\">#OQueDizemAsRedes<\/a> que traz pontos de vista publicados nas redes sociais, de moradores e ativistas de favela, sobre eventos e temas que surgem na sociedade.\u00a0<\/em><\/p>\n<p>A pandemia da <a href=\"https:\/\/bit.ly\/2QZjDJI\" target=\"_blank\" rel=\"noopener noreferrer\">Covid-19<\/a> trouxe \u00e0 tona de forma muito clara a desigualdade social no Brasil. Inicialmente, a Covid-19 foi alardeada como uma doen\u00e7a causada por um v\u00edrus \u201cdemocr\u00e1tico\u201d, uma vez que supostamente afeta todas as pessoas sem escolha de ra\u00e7a, cor, classe social, idade ou sexo. No entanto, o monitoramento feito pelo <em>RioOnWatch<\/em>, das vozes das favelas no Twitter e no Facebook, entre os dias 24 de abril e 8 de maio, revela que a realidade da pandemia nas favelas <a href=\"https:\/\/bit.ly\/2xZzthv\" target=\"_blank\" rel=\"noopener noreferrer\">n\u00e3o \u00e9 bem assim<\/a>.<\/p>\n<p>Moradores que ergueram suas vozes nas redes atrav\u00e9s da hashtag <a href=\"http:\/\/bit.ly\/2x2D8dB\" target=\"_blank\" rel=\"noopener noreferrer\">#COVID19NasFavelas<\/a> retratam a desigualdade de acesso a direitos b\u00e1sicos no Brasil, em cidades como o Rio de Janeiro, e como a pandemia do novo coronav\u00edrus acelerou ainda mais o estado de exce\u00e7\u00e3o nas favelas como uma pol\u00edtica de morte gestada pelo Estado. Mesmo o Brasil sendo <a href=\"https:\/\/bit.ly\/3bunwhy\" target=\"_blank\" rel=\"noopener noreferrer\">a \u00fanica na\u00e7\u00e3o no mundo<\/a> com mais de 100 milh\u00f5es de habitantes a ter um sistema p\u00fablico e universal de sa\u00fade.<\/p>\n<p>\u00c0 partir das postagens aqui citadas das redes sociais, oriundas de moradores de favelas, destacamos doze evid\u00eancias de necropol\u00edtica, relacionadas ao avan\u00e7o do n\u00famero de v\u00edtimas fatais da Covid-19 nas favelas. Essas doze verdades mostram como a <a href=\"https:\/\/bit.ly\/2YQbMTP\" target=\"_blank\" rel=\"noopener noreferrer\">necropol\u00edtica<\/a>, que escolhe quem morre e quem vive, n\u00e3o apenas retira o direito \u00e0 vida por meio da viol\u00eancia armada, mas mata e <a href=\"http:\/\/bit.ly\/3dcI8N2\" target=\"_blank\" rel=\"noopener noreferrer\">precariza ainda mais a sobreviv\u00eancia nas favelas<\/a> ao suprimir o acesso a direitos de sa\u00fade mesmo diante da pandemia da Covid-19, al\u00e9m de condi\u00e7\u00f5es m\u00ednimas de uma vida digna.<\/p>\n<h3>1. Sem Leitos ou Respiradores: O Colapso da Sa\u00fade P\u00fablica<\/h3>\n<p>A jornalista <a href=\"https:\/\/bit.ly\/3fEF39M\" target=\"_blank\" rel=\"noopener noreferrer\">Daiene Mendes<\/a>, moradora do Complexo do Alem\u00e3o, no dia 24 de abril, usou as redes para denunciar a falta de leitos com respiradores. Mesmo para pacientes com prioridade na fila do <a href=\"https:\/\/bit.ly\/2LksOkW\" target=\"_blank\" rel=\"noopener noreferrer\">Sistema de Regula\u00e7\u00e3o<\/a> (SISREG) no <a href=\"http:\/\/bit.ly\/2JEcfk5\" target=\"_blank\" rel=\"noopener noreferrer\">SUS<\/a>. Ela pede ajuda e denuncia o colapso na tentativa de conseguir atendimento para sua av\u00f3. A sequ\u00eancia de tweets de Daiene \u00e9 desesperadora.<\/p>\n<blockquote class=\"twitter-tweet\">\n<p dir=\"ltr\" lang=\"pt\">Minha v\u00f3 ta precisando de um leito em hospital que tenha respirador! To correndo atr\u00e1s com todas as minhas for\u00e7as, se alguem nessa rede puder ajudar, eu agrade\u00e7o muito!<br \/>\nEla ta no sisreg como prioridade, mas n\u00e3o tem leito e respirador dispon\u00edvel. Algu\u00e9m pode ajudar?<\/p>\n<p>\u2014 Daiene (@Daienemendes) <a href=\"https:\/\/twitter.com\/Daienemendes\/status\/1253662364114747392?ref_src=twsrc%5Etfw\">April 24, 2020<\/a><\/p><\/blockquote>\n<p><script async src=\"https:\/\/platform.twitter.com\/widgets.js\" charset=\"utf-8\"><\/script><\/p>\n<blockquote class=\"twitter-tweet\">\n<p dir=\"ltr\" lang=\"pt\">jornalistas que quiserem\/puderem repercutir, eu vou falar. o sistema de sa\u00fade no Rio de Janeiro ja est\u00e1 colapsado. est\u00e3o esperando minha v\u00f3 morrer.<\/p>\n<p>\u2014 Daiene (@Daienemendes) <a href=\"https:\/\/twitter.com\/Daienemendes\/status\/1254012770619662336?ref_src=twsrc%5Etfw\">April 25, 2020<\/a><\/p><\/blockquote>\n<p><script async src=\"https:\/\/platform.twitter.com\/widgets.js\" charset=\"utf-8\"><\/script><\/p>\n<p>Por\u00e9m, com a falta de transfer\u00eancia, 24 horas depois do primeiro tweet, a av\u00f3 da jornalista morre no dia 25 de abril.<\/p>\n<blockquote class=\"twitter-tweet\">\n<p dir=\"ltr\" lang=\"pt\">eu to enterrando a minha v\u00f3. o dia mais triste da minha vida<\/p>\n<p>\u2014 Daiene (@Daienemendes) <a href=\"https:\/\/twitter.com\/Daienemendes\/status\/1254505778997874693?ref_src=twsrc%5Etfw\">April 26, 2020<\/a><\/p><\/blockquote>\n<p><script async src=\"https:\/\/platform.twitter.com\/widgets.js\" charset=\"utf-8\"><\/script><\/p>\n<p>Um dia depois de enterrar a av\u00f3, ela ergueu mais uma vez a voz nas redes para denunciar a <a href=\"https:\/\/bit.ly\/3afm8yk\" target=\"_blank\" rel=\"noopener noreferrer\">necropol\u00edtica no Rio de Janeiro<\/a>.<\/p>\n<blockquote class=\"twitter-tweet\">\n<p dir=\"ltr\" lang=\"pt\">Respirador no hospital n\u00e3o tem, politicas de preven\u00e7\u00e3o para a Pandemia do <a href=\"https:\/\/twitter.com\/hashtag\/Coronav%C3%ADrus?src=hash&amp;ref_src=twsrc%5Etfw\">#Coronav\u00edrus<\/a> n\u00e3o tem, alimentos pra quem tem fome, esquece.<br \/>\nN\u00e3o tem nada, mas tem helic\u00f3ptero da <a href=\"https:\/\/twitter.com\/PMERJ?ref_src=twsrc%5Etfw\">@PMERJ<\/a> e muito tiro de bom dia aqui no <a href=\"https:\/\/twitter.com\/hashtag\/ComplexoDoAlem%C3%A3o?src=hash&amp;ref_src=twsrc%5Etfw\">#ComplexoDoAlem\u00e3o<\/a>.<a href=\"https:\/\/twitter.com\/hashtag\/EstadoAssassino?src=hash&amp;ref_src=twsrc%5Etfw\">#EstadoAssassino<\/a><br \/>\nDiz ai, a revolta n\u00e3o \u00e9 leg\u00edtima? <a href=\"https:\/\/t.co\/pQl9wfLd0W\">pic.twitter.com\/pQl9wfLd0W<\/a><\/p>\n<p>\u2014 Daiene (@Daienemendes) <a href=\"https:\/\/twitter.com\/Daienemendes\/status\/1254733381033754630?ref_src=twsrc%5Etfw\">April 27, 2020<\/a><\/p><\/blockquote>\n<p><script async src=\"https:\/\/platform.twitter.com\/widgets.js\" charset=\"utf-8\"><\/script><\/p>\n<blockquote class=\"twitter-tweet\"><p>Poucos dias depois, mais um membro da fam\u00edlia da jornalista, morreu por Covid-19.<\/p>\n<p dir=\"ltr\" lang=\"pt\">to com medo de morrer e n\u00e3o conseguir escrever tudo o que eu gostaria. o coronav\u00edrus ta matando toda minha familia <a href=\"https:\/\/t.co\/5s4fIcEEyV\">pic.twitter.com\/5s4fIcEEyV<\/a><\/p>\n<p>\u2014 Daiene (@Daienemendes) <a href=\"https:\/\/twitter.com\/Daienemendes\/status\/1256260509185323009?ref_src=twsrc%5Etfw\">May 1, 2020<\/a><\/p><\/blockquote>\n<p><script async=\"\" src=\"https:\/\/platform.twitter.com\/widgets.js\" charset=\"utf-8\"><\/script><\/p>\n<h3><strong>2. Falta de Testes da Covid-19 no Sistema P\u00fablico de Sa\u00fade<\/strong><\/h3>\n<p>A realiza\u00e7\u00e3o de testes laboratoriais para identificar a Covid-19 \u00e9 uma medida essencial para diminuir a transmiss\u00e3o, al\u00e9m de contribuir para o tratamento adequado do paciente. Mas, n\u00e3o h\u00e1 teste para toda a popula\u00e7\u00e3o. Enquanto isso, \u00e9 poss\u00edvel realizar o teste em cl\u00ednicas particulares.<\/p>\n<blockquote class=\"twitter-tweet\">\n<p dir=\"ltr\" lang=\"pt\">CONTE\u00daDO ABERTO | Al\u00e9m dos testes que s\u00e3o feitos na rede p\u00fablica, normalmente s\u00f3 para casos suspeitos, particulares podem procurar laborat\u00f3rios que ofere\u00e7am testagem como servi\u00e7o pago.<\/p>\n<p>Saiba mais&#x2b07;&#xfe0f;<a href=\"https:\/\/t.co\/jGRkriCLas\">https:\/\/t.co\/jGRkriCLas<\/a><\/p>\n<p>\u2014 Jornal NH (@jornalnh) <a href=\"https:\/\/twitter.com\/jornalnh\/status\/1258731877038469125?ref_src=twsrc%5Etfw\">May 8, 2020<\/a><\/p><\/blockquote>\n<p><script async src=\"https:\/\/platform.twitter.com\/widgets.js\" charset=\"utf-8\"><\/script><\/p>\n<p>O <a href=\"https:\/\/bit.ly\/3afm8yk\" target=\"_blank\" rel=\"noopener noreferrer\">custo varia entre R$300 a R$400<\/a> (com envio de uma equipe domiciliar para realizar o teste), mesmo em pacientes fora da janela de cont\u00e1gio ou sem sintomas, tanto para identificar a Covid-19 quanto para a realiza\u00e7\u00e3o do Teste de Anticorpos Coronav\u00edrus (IgG e IgM).<\/p>\n<blockquote class=\"twitter-tweet\">\n<p dir=\"ltr\" lang=\"pt\">Se n\u00e3o tem teste e tratamento s\u00f3 pra quem \u00e9 pobre, n\u00e3o \u00e9 acidente! \u00e9 de prop\u00f3sito!<br \/>\nPerdi minha v\u00f3 no s\u00e1bado, hoje meu tio morreu com suspeita de Covid-19.<br \/>\nGenoc\u00eddio \u00e9 o nome do que ta acontecendo no Rio de Janeiro.<\/p>\n<p>\u2014 Daiene (@Daienemendes) <a href=\"https:\/\/twitter.com\/Daienemendes\/status\/1256221001823772679?ref_src=twsrc%5Etfw\">May 1, 2020<\/a><\/p><\/blockquote>\n<p><script async src=\"https:\/\/platform.twitter.com\/widgets.js\" charset=\"utf-8\"><\/script><\/p>\n<blockquote class=\"twitter-tweet\">\n<p dir=\"ltr\" lang=\"pt\">A gente tenta controlar a ansiedade e o medo, mas isso tudo \u00e9 muito assustador. A subnotifica\u00e7\u00e3o de casos na favela \u00e9 grave e \u00e9 real.<\/p>\n<p>Nas \u00faltimas duas semanas, quatro vizinhos pr\u00f3ximos morreram e s\u00f3 um foi testado por coronav\u00edrus. Mais duas vizinhas est\u00e3o internadas&#8230;<\/p>\n<p>\u2014 Tha\u00eds Cavalcante ( em &#x1f3e0;) (@tcavalcantes) <a href=\"https:\/\/twitter.com\/tcavalcantes\/status\/1258951313293008902?ref_src=twsrc%5Etfw\">May 9, 2020<\/a><\/p><\/blockquote>\n<p><script async src=\"https:\/\/platform.twitter.com\/widgets.js\" charset=\"utf-8\"><\/script><\/p>\n<h3>3. Falta de Acesso ao Teste Causa Subnotifica\u00e7\u00f5es<\/h3>\n<p>Devido \u00e0 rapidez da propaga\u00e7\u00e3o do v\u00edrus <a href=\"https:\/\/bbc.in\/2SKwNvf\" target=\"_blank\" rel=\"noopener noreferrer\">por conta do contexto de desigualdade social t\u00e3o severo<\/a> quanto o nosso, o Brasil j\u00e1 \u00e9 considerado como o <a href=\"https:\/\/bit.ly\/2WOHJcm\" target=\"_blank\" rel=\"noopener noreferrer\">novo epicentro da pandemia no mundo<\/a>. De acordo com progn\u00f3sticos e pesquisas do portal <a href=\"https:\/\/bit.ly\/3ccFaY5\" target=\"_blank\" rel=\"noopener noreferrer\">Inforgripe<\/a> da <a href=\"http:\/\/bit.ly\/2WDhuUk\" target=\"_blank\" rel=\"noopener noreferrer\">Fiocruz<\/a>, estima-se que cada brasileiro com coronav\u00edrus pode <a href=\"https:\/\/bit.ly\/CovidRespostas\" target=\"_blank\" rel=\"noopener noreferrer\">contaminar 2 a 3 pessoas<\/a>.<\/p>\n<blockquote class=\"twitter-tweet\">\n<p dir=\"ltr\" lang=\"pt\">Anast\u00e1sio Amorim de 89 anos, l\u00edder comunit\u00e1rio da Baixa do Sapateiro, morreu de pneumonia. Sua morte n\u00e3o entrou na estat\u00edstica de suspeita de COVID-19, por serem muitos casos subnotificados na Mar\u00e9, por falta de testes. <a href=\"https:\/\/twitter.com\/hashtag\/COVID19NasFavelas?src=hash&amp;ref_src=twsrc%5Etfw\">#COVID19NasFavelas<\/a><\/p>\n<p>\u2014 Voz das Comunidades (De &#x1f3e1;) (@vozdacomunidade) <a href=\"https:\/\/twitter.com\/vozdacomunidade\/status\/1254861251018194946?ref_src=twsrc%5Etfw\">April 27, 2020<\/a><\/p><\/blockquote>\n<p><script async src=\"https:\/\/platform.twitter.com\/widgets.js\" charset=\"utf-8\"><\/script><\/p>\n<blockquote class=\"twitter-tweet\">\n<p dir=\"ltr\" lang=\"pt\">2O ou + mortos na <a href=\"https:\/\/twitter.com\/hashtag\/rocinha?src=hash&amp;ref_src=twsrc%5Etfw\">#rocinha<\/a> <a href=\"https:\/\/twitter.com\/hashtag\/COVID19NasFavelas?src=hash&amp;ref_src=twsrc%5Etfw\">#COVID19NasFavelas<\/a> <a href=\"https:\/\/twitter.com\/hashtag\/COVID19Pandemic?src=hash&amp;ref_src=twsrc%5Etfw\">#COVID19Pandemic<\/a> <a href=\"https:\/\/t.co\/ZmcMJZYX5P\">pic.twitter.com\/ZmcMJZYX5P<\/a><\/p>\n<p>\u2014 Monitor da Crise nas Favelas &#8211; RJ (@covidnafavela) <a href=\"https:\/\/twitter.com\/covidnafavela\/status\/1257129848901980170?ref_src=twsrc%5Etfw\">May 4, 2020<\/a><\/p><\/blockquote>\n<p><script async src=\"https:\/\/platform.twitter.com\/widgets.js\" charset=\"utf-8\"><\/script><\/p>\n<blockquote class=\"twitter-tweet\">\n<p dir=\"ltr\" lang=\"pt\">23 moradores da Rocinha morreram de Covid-19 e n\u00e3o 9, conforme vinha divulgando a Prefeitura do Rio. Os n\u00fameros de casos confirmados e recuperados tamb\u00e9m s\u00e3o diferentes, revela painel in\u00e9dito feito por m\u00e9dicos que trabalham na Rocinha. <a href=\"https:\/\/twitter.com\/hashtag\/COVID19NasFavelas?src=hash&amp;ref_src=twsrc%5Etfw\">#COVID19NasFavelas<\/a><a href=\"https:\/\/t.co\/qIDhRxqhR9\">https:\/\/t.co\/qIDhRxqhR9<\/a><\/p>\n<p>\u2014 Fala Ro\u00e7a (@jornalfalaroca) <a href=\"https:\/\/twitter.com\/jornalfalaroca\/status\/1257324273271619589?ref_src=twsrc%5Etfw\">May 4, 2020<\/a><\/p><\/blockquote>\n<p><script async src=\"https:\/\/platform.twitter.com\/widgets.js\" charset=\"utf-8\"><\/script><\/p>\n<h3>4. Moradores de Favelas V\u00e3o a \u00d3bito em Casa<\/h3>\n<p>Pacientes com casos leves de coronav\u00edrus s\u00e3o orientados a se tratar em casa mesmo sem a certeza se t\u00eam ou n\u00e3o Covid-19, sendo que o coronav\u00edrus \u00e9 uma doen\u00e7a com sintomas que podem se agravar subitamente devido \u00e0 s\u00edndrome respirat\u00f3ria aguda grave, que pode se manifestar com ou sem falta de ar. Muitos moradores de favelas v\u00eam morrendo em casa.<\/p>\n<blockquote class=\"twitter-tweet\">\n<p dir=\"ltr\" lang=\"pt\">N\u00e3o desejo para ningu\u00e9m que esse carro v\u00e1 at\u00e9 voc\u00ea, sua fam\u00edlia, amigos. Covid-19 n\u00e3o \u00e9 brincadeira. E cada vez mais tenho visto esse carro subindo e descendo a Rocinha. Cuidem-se! <a href=\"https:\/\/twitter.com\/hashtag\/COVID19NasFavelas?src=hash&amp;ref_src=twsrc%5Etfw\">#COVID19NasFavelas<\/a> <a href=\"https:\/\/t.co\/Ok1T5CJ5IT\">pic.twitter.com\/Ok1T5CJ5IT<\/a><\/p>\n<p>\u2014 Michel Silva (@eumichelsilva) <a href=\"https:\/\/twitter.com\/eumichelsilva\/status\/1255939607054647298?ref_src=twsrc%5Etfw\">April 30, 2020<\/a><\/p><\/blockquote>\n<p><script async=\"\" src=\"https:\/\/platform.twitter.com\/widgets.js\" charset=\"utf-8\"><\/script><\/p>\n<h3>5. Falta de Acesso ao Sepultamento Gratuito<\/h3>\n<p>Na tarde de 24 de abril, o jornal <em><a href=\"http:\/\/bit.ly\/2JhMwyE\" target=\"_blank\" rel=\"noopener noreferrer\">Voz das Comunidades<\/a><\/em>\u00a0contava ao mundo que Rodrigues Moura, primeiro fot\u00f3grafo do <a href=\"http:\/\/bit.ly\/2wIyn5a\" target=\"_blank\" rel=\"noopener noreferrer\">Complexo do Alem\u00e3o<\/a>, veio a \u00f3bito com suspeita de coronav\u00edrus. Mas, tamb\u00e9m como a fam\u00edlia n\u00e3o tinha condi\u00e7\u00f5es financeiras para pagar o funeral.<\/p>\n<blockquote class=\"twitter-tweet\">\n<p dir=\"ltr\" lang=\"pt\">O nosso amigo Rodrigues Moura, primeiro fot\u00f3grafo do Complexo do Alem\u00e3o faleceu nesta noite com suspeita de coronav\u00edrus. Infelizmente a fam\u00edlia n\u00e3o tem dinheiro para o enterro do corpo. Se voc\u00ea puder contribuir, a fam\u00edlia criou uma vaquinha on-line: <a href=\"https:\/\/t.co\/ZlBD7KPEkX\">https:\/\/t.co\/ZlBD7KPEkX<\/a><\/p>\n<p>\u2014 Voz das Comunidades (De &#x1f3e1;) (@vozdacomunidade) <a href=\"https:\/\/twitter.com\/vozdacomunidade\/status\/1253717518130257929?ref_src=twsrc%5Etfw\">April 24, 2020<\/a><\/p><\/blockquote>\n<p><script async=\"\" src=\"https:\/\/platform.twitter.com\/widgets.js\" charset=\"utf-8\"><\/script><\/p>\n<blockquote class=\"twitter-tweet\">\n<p dir=\"ltr\" lang=\"pt\">Toda hora chega um pedido de ajuda&#8230; um aviso que algu\u00e9m esta morto em casa e j\u00e1 se passou v\u00e1rias horas&#8230; um pedido pra ajudar enterrar gratuitamente. T\u00e1 dif\u00edcil!<br \/>\nN\u00e3o \u00e9 brincadeira!<a href=\"https:\/\/twitter.com\/hashtag\/COVID19NasFavelas?src=hash&amp;ref_src=twsrc%5Etfw\">#COVID19NasFavelas<\/a><\/p>\n<p>\u2014 Camila Moradia (@camilamoradia) <a href=\"https:\/\/twitter.com\/camilamoradia\/status\/1257432382719889414?ref_src=twsrc%5Etfw\">May 4, 2020<\/a><\/p><\/blockquote>\n<p><script async=\"\" src=\"https:\/\/platform.twitter.com\/widgets.js\" charset=\"utf-8\"><\/script><\/p>\n<p>Em 7 de maio, o <a href=\"https:\/\/bit.ly\/2SKOKcV\" target=\"_blank\" rel=\"noopener noreferrer\">Prefeito Marcelo Crivella anunciou<\/a> que fam\u00edlias de at\u00e9 tr\u00eas sal\u00e1rios m\u00ednimos receber\u00e3o ajuda da prefeitura para enterrar seus entes gratuitamente durante o per\u00edodo da pandemia da Covid-19. A prefeitura tamb\u00e9m passou a oferecer sepultamento social at\u00e9 o valor de R$546 para as demais fam\u00edlias de qualquer faixa de renda.<\/p>\n<h3>6. Dados de Casos em Favelas Mascarados pela Prefeitura<\/h3>\n<p>De acordo com o <a href=\"https:\/\/bit.ly\/3dsQQX3\" target=\"_blank\" rel=\"noopener noreferrer\">painel Covid-19 Nas Favelas<\/a> do jornal <em>Voz das Comunidades<\/em>, que usa dados disponibilizados pelo <a href=\"https:\/\/bit.ly\/35KtWrp\" target=\"_blank\" rel=\"noopener noreferrer\">painel da prefeitura<\/a>, a cidade t\u00eam 315 casos de coronav\u00edrus confirmados em favelas, com 100 \u00f3bitos. Por\u00e9m, o monitoramento de casos feito por unidades locais da rede de sa\u00fade do pr\u00f3prio munic\u00edpio demostram que, ao menos em tr\u00eas favelas: <a href=\"https:\/\/bit.ly\/2Vs9jNg\" target=\"_blank\" rel=\"noopener noreferrer\">Complexo do Alem\u00e3o<\/a>, <a href=\"https:\/\/bit.ly\/3floekj\" target=\"_blank\" rel=\"noopener noreferrer\">Rocinha<\/a> e<a href=\"https:\/\/bit.ly\/2Y9TWLd\" target=\"_blank\" rel=\"noopener noreferrer\"> Conjunto de Favelas da Mar\u00e9<\/a>, h\u00e1 uma <a href=\"https:\/\/bit.ly\/2LaDYIU\" target=\"_blank\" rel=\"noopener noreferrer\">quantidade maior de casos<\/a> de infectados e \u00f3bitos por Covid-19.<\/p>\n<blockquote class=\"twitter-tweet\">\n<p dir=\"ltr\" lang=\"pt\">A equipe do Voz das Comunidades est\u00e1 em contato com muitos m\u00e9dicos das cl\u00ednicas da fam\u00edlia que atendem a regi\u00e3o do Complexo do Alem\u00e3o para entender como est\u00e3o os atendimentos diante da pandemia que estamos vivendo. <a href=\"https:\/\/twitter.com\/hashtag\/COVID19NasFavelas?src=hash&amp;ref_src=twsrc%5Etfw\">#COVID19NasFavelas<\/a> &#8211; THREAD<\/p>\n<p>\u2014 Voz das Comunidades (De &#x1f3e1;) (@vozdacomunidade) <a href=\"https:\/\/twitter.com\/vozdacomunidade\/status\/1254234879602176002?ref_src=twsrc%5Etfw\">April 26, 2020<\/a><\/p><\/blockquote>\n<p><script async src=\"https:\/\/platform.twitter.com\/widgets.js\" charset=\"utf-8\"><\/script><\/p>\n<p>O levantamento feito por m\u00e9dicos das comunidades n\u00e3o apenas revela as subnotifica\u00e7\u00f5es por falta de testes, mas tamb\u00e9m como a contabiliza\u00e7\u00e3o de casos pela prefeitura pelo CEP do paciente, mascara os dados uma vez que a grande maioria das favelas n\u00e3o s\u00e3o reconhecidas pelo munic\u00edpio como um bairro. Mesmo quando s\u00e3o, como \u00e9 o caso do Complexo do Alem\u00e3o, ainda sim existe a imprecis\u00e3o.<\/p>\n<blockquote class=\"twitter-tweet\">\n<p dir=\"ltr\" lang=\"pt\">Apesar do Complexo do Alem\u00e3o ser reconhecido como bairro desde 1993, a maioria dos CEPs que comp\u00f5em a regi\u00e3o ainda sinalizam os bairros em que o Complexo est\u00e1 inserido, como Inha\u00fama, Ramos, Bonsucesso e Olaria.<\/p>\n<p>\u2014 Voz das Comunidades (De &#x1f3e1;) (@vozdacomunidade) <a href=\"https:\/\/twitter.com\/vozdacomunidade\/status\/1254234893858623493?ref_src=twsrc%5Etfw\">April 26, 2020<\/a><\/p><\/blockquote>\n<p><script async src=\"https:\/\/platform.twitter.com\/widgets.js\" charset=\"utf-8\"><\/script><\/p>\n<blockquote class=\"twitter-tweet\">\n<p dir=\"ltr\" lang=\"pt\">Sendo assim, no painel da prefeitura, os casos acabam sendo divididos nesses bairros, ao inv\u00e9s de aparecerem unificados como Complexo do Alem\u00e3o.<\/p>\n<p>\u2014 Voz das Comunidades (De &#x1f3e1;) (@vozdacomunidade) <a href=\"https:\/\/twitter.com\/vozdacomunidade\/status\/1254234895452422145?ref_src=twsrc%5Etfw\">April 26, 2020<\/a><\/p><\/blockquote>\n<p><script async src=\"https:\/\/platform.twitter.com\/widgets.js\" charset=\"utf-8\"><\/script><\/p>\n<h3>7. Falta de Acesso a Renda B\u00e1sica x Isolamento Social<\/h3>\n<p>A demora da libera\u00e7\u00e3o do aux\u00edlio emergencial <a href=\"https:\/\/bit.ly\/2wXJV8G\" target=\"_blank\" rel=\"noopener noreferrer\">levou a popula\u00e7\u00e3o a voltar a circular nas ruas<\/a>, seja para sobreviver ou para receber e fazer pagamentos. A falta de organiza\u00e7\u00e3o, por exemplo, para o pagamento do aux\u00edlio emergencial gera h\u00e1 duas semanas enormes filas nas ag\u00eancias das Caixas Econ\u00f4micas, contribuindo para aglomera\u00e7\u00f5es nas ruas, nos transportes p\u00fablicos e uma corrida aos supermercados.<\/p>\n<blockquote class=\"twitter-tweet\">\n<p dir=\"ltr\" lang=\"pt\">Uma desordem total, as pessoas n\u00e3o conseguem baixar o tal app, n\u00e3o conseguem falar ao telefone e se arriscam indo para as filas na madrugada muitos sem m\u00e1scaras, luvas se quer. Governo covarde expondo nosso povo ao v\u00edrus.&#x1f614;<\/p>\n<p>\u2014 Nega R\u00ea &#x2764;&#xfe0f;&#x1f5a4; (@RenataTrajano1) <a href=\"https:\/\/twitter.com\/RenataTrajano1\/status\/1255071040839000064?ref_src=twsrc%5Etfw\">April 28, 2020<\/a><\/p><\/blockquote>\n<p><script async src=\"https:\/\/platform.twitter.com\/widgets.js\" charset=\"utf-8\"><\/script><\/p>\n<blockquote class=\"twitter-tweet\">\n<p dir=\"ltr\" lang=\"pt\">\u00c9 muita covardia com o povo em meio a uma pandemia de Covid19. N\u00e3o podemos esperar muito de quem diz \u201cvou fazer o que \u201c. Que revolta<\/p>\n<p>\u2014 Nega R\u00ea &#x2764;&#xfe0f;&#x1f5a4; (@RenataTrajano1) <a href=\"https:\/\/twitter.com\/RenataTrajano1\/status\/1255449483309187072?ref_src=twsrc%5Etfw\">April 29, 2020<\/a><\/p><\/blockquote>\n<p><script async src=\"https:\/\/platform.twitter.com\/widgets.js\" charset=\"utf-8\"><\/script><\/p>\n<h3>8. M\u00e1quina de Guerra do Estado Mesmo em Tempos de Pandemia<\/h3>\n<p>A popula\u00e7\u00e3o que mora em diversas favelas, al\u00e9m da crise econ\u00f4mica, tamb\u00e9m <a href=\"https:\/\/bit.ly\/3afm8yk\" target=\"_blank\" rel=\"noopener noreferrer\">enfrenta a viol\u00eancia armada do Estado<\/a>. Inclusive, as opera\u00e7\u00f5es policiais j\u00e1 interromperam a distribui\u00e7\u00e3o de cestas b\u00e1sicas organizadas por lideran\u00e7as e comunicadores comunit\u00e1rios.<\/p>\n<blockquote class=\"twitter-tweet\">\n<p dir=\"ltr\" lang=\"pt\">\u00c9 crise em cima de crise. As a\u00e7\u00f5es do <a href=\"https:\/\/twitter.com\/gabinetealemao?ref_src=twsrc%5Etfw\">@gabinetealemao<\/a> est\u00e3o paralisadas nessa manh\u00e3. Muitos volunt\u00e1rios n\u00e3o conseguiram sair de casa. Motivo: Opera\u00e7\u00e3o policial <a href=\"https:\/\/twitter.com\/hashtag\/COVID19NasFavelas?src=hash&amp;ref_src=twsrc%5Etfw\">#COVID19NasFavelas<\/a><\/p>\n<p>\u2014 Camila Moradia (@camilamoradia) <a href=\"https:\/\/twitter.com\/camilamoradia\/status\/1254781480632348672?ref_src=twsrc%5Etfw\">April 27, 2020<\/a><\/p><\/blockquote>\n<p><script async src=\"https:\/\/platform.twitter.com\/widgets.js\" charset=\"utf-8\"><\/script><\/p>\n<blockquote class=\"twitter-tweet\">\n<p dir=\"ltr\" lang=\"pt\">Opera\u00e7\u00f5es policiais na Mar\u00e9 e Mangueira. Al\u00e9m de sobreviver da Covid-19, os moradores ainda precisam sobreviver a pol\u00edtica de seguran\u00e7a p\u00fablica do Rio. Nem na pandemia, nem na pandemia&#8230;<\/p>\n<p>\u2014 Michel Silva (@eumichelsilva) <a href=\"https:\/\/twitter.com\/eumichelsilva\/status\/1255505486054666241?ref_src=twsrc%5Etfw\">April 29, 2020<\/a><\/p><\/blockquote>\n<p><script async src=\"https:\/\/platform.twitter.com\/widgets.js\" charset=\"utf-8\"><\/script><\/p>\n<blockquote class=\"twitter-tweet\">\n<p dir=\"ltr\" lang=\"pt\">No meio da A\u00e7\u00e3o na Favela da Galinha <a href=\"https:\/\/twitter.com\/PMERJ?ref_src=twsrc%5Etfw\">@PMERJ<\/a> invade a favela alegando suposto caminh\u00e3o roubado. Ou seja confundiu nosso caminh\u00e3o de doa\u00e7\u00e3o com um roubado. Nos abrigamos nas casas dos moradores porque teve um forte tiroteiro.<\/p>\n<p>\u2014 Nega R\u00ea &#x2764;&#xfe0f;&#x1f5a4; (@RenataTrajano1) <a href=\"https:\/\/twitter.com\/RenataTrajano1\/status\/1255886689475723266?ref_src=twsrc%5Etfw\">April 30, 2020<\/a><\/p><\/blockquote>\n<p><script async src=\"https:\/\/platform.twitter.com\/widgets.js\" charset=\"utf-8\"><\/script><\/p>\n<blockquote class=\"twitter-tweet\">\n<p dir=\"ltr\" lang=\"pt\">Eu sa\u00ed cedo da Cidade de Deus. Estou em miss\u00e3o em outra favela. Dei de cara com uma opera\u00e7\u00e3o policial. Estou recebendo v\u00e1rias mensagens de moradores com medo. Uma moradora me disse que um mototaxista foi atropelado pelo caveir\u00e3o. Estou averiguando, mas com o cora\u00e7\u00e3o apertado! &#x1f614;<\/p>\n<p>\u2014 &#x1f1e7;&#x1f1f7; &#x1f33b; JOTA MARQUES (@jotamarquesrj) <a href=\"https:\/\/twitter.com\/jotamarquesrj\/status\/1255819210728538113?ref_src=twsrc%5Etfw\">April 30, 2020<\/a><\/p><\/blockquote>\n<p><script async src=\"https:\/\/platform.twitter.com\/widgets.js\" charset=\"utf-8\"><\/script><\/p>\n<blockquote class=\"twitter-tweet\">\n<p dir=\"ltr\" lang=\"pt\">Se fiquei mal? Muita coisa. A aus\u00eancia do estado me deixa mal todos os dias, e ainda sim ele manda o que sempre mandou pras favelas Pol\u00edcia, a pandemia chegou por aqui com for\u00e7a mais o estado n\u00e3o faz e nunca far\u00e1 nada por n\u00f3s.<\/p>\n<p>\u2014 Nega R\u00ea &#x2764;&#xfe0f;&#x1f5a4; (@RenataTrajano1) <a href=\"https:\/\/twitter.com\/RenataTrajano1\/status\/1256185563662737408?ref_src=twsrc%5Etfw\">May 1, 2020<\/a><\/p><\/blockquote>\n<p><script async src=\"https:\/\/platform.twitter.com\/widgets.js\" charset=\"utf-8\"><\/script><\/p>\n<h3>9. Desinforma\u00e7\u00e3o, Ades\u00e3o Irregular e Afrouxamento do Isolamento Social<\/h3>\n<p>A troca do Ministro da Sa\u00fade, a disson\u00e2ncia de decis\u00f5es entre governo federal, estadual e prefeituras, mas principalmente o comportamento e os <a href=\"https:\/\/bit.ly\/3fCAQ6x\" target=\"_blank\" rel=\"noopener noreferrer\">constantes pronunciamentos<\/a> do Presidente da Rep\u00fablica <a href=\"https:\/\/bit.ly\/2XDbQFM\" target=\"_blank\" rel=\"noopener noreferrer\">Jair Bolsonaro<\/a>, confundem a popula\u00e7\u00e3o. Na minimiza\u00e7\u00e3o dos riscos de cont\u00e1gio do novo coronav\u00edrus, o presidente condena o isolamento social decretado por governadores e prefeitos como exagero e abuso de poder, provocando um quadro ca\u00f3tico na gest\u00e3o de crise da pandemia no pa\u00eds.<\/p>\n<blockquote class=\"twitter-tweet\">\n<blockquote class=\"twitter-tweet\">\n<p dir=\"ltr\" lang=\"pt\">O isolamento social vinha em uma tend\u00eancia crescente at\u00e9 o pronunciamento do presidente na \u00faltima semana. <a href=\"https:\/\/twitter.com\/hashtag\/Bolsonaro%C3%89Culpado?src=hash&amp;ref_src=twsrc%5Etfw\">#Bolsonaro\u00c9Culpado<\/a><\/p>\n<p>\u2014 Salvino Oliveira (@SalvinoOliveir1) <a href=\"https:\/\/twitter.com\/SalvinoOliveir1\/status\/1255616635702034436?ref_src=twsrc%5Etfw\">April 29, 2020<\/a><\/p><\/blockquote>\n<p><script async=\"\" src=\"https:\/\/platform.twitter.com\/widgets.js\" charset=\"utf-8\"><\/script><\/p>\n<p dir=\"ltr\" lang=\"pt\">A cada pronunciamento irrespons\u00e1vel do presidente, mais mortes s\u00e3o contabilizadas. <a href=\"https:\/\/twitter.com\/hashtag\/Bolsonaro%C3%89Culpado?src=hash&amp;ref_src=twsrc%5Etfw\">#Bolsonaro\u00c9Culpado<\/a><\/p>\n<p>\u2014 Salvino Oliveira (@SalvinoOliveir1) <a href=\"https:\/\/twitter.com\/SalvinoOliveir1\/status\/1255616702534029313?ref_src=twsrc%5Etfw\">April 29, 2020<\/a><\/p><\/blockquote>\n<p><script async=\"\" src=\"https:\/\/platform.twitter.com\/widgets.js\" charset=\"utf-8\"><\/script><\/p>\n<blockquote class=\"twitter-tweet\">\n<blockquote class=\"twitter-tweet\">\n<blockquote class=\"twitter-tweet\">\n<p dir=\"ltr\" lang=\"pt\">UPA da favela da Mar\u00e9 tem rotina de falta de m\u00e9dicos e corpos acumulados. A situa\u00e7\u00e3o est\u00e1 cada vez mais ca\u00f3tica e o presidente segue dizendo &#8220;E da\u00ed?&#8221;<a href=\"https:\/\/t.co\/QaEUk6ENQI\">https:\/\/t.co\/QaEUk6ENQI<\/a><\/p>\n<p>\u2014 laerte (@brenolaerte) <a href=\"https:\/\/twitter.com\/brenolaerte\/status\/1255478488045404160?ref_src=twsrc%5Etfw\">April 29, 2020<\/a><\/p><\/blockquote>\n<p><script async=\"\" src=\"https:\/\/platform.twitter.com\/widgets.js\" charset=\"utf-8\"><\/script><\/p>\n<p dir=\"ltr\" lang=\"pt\">\u201cFulano faleceu\u201d.<br \/>\nRecebi essa not\u00edcia 5 vezes hoje. Conhe\u00e7o uma das pessoas que se foram. Sofro com o restante. O cerco est\u00e1 fechando. O caos \u00e9 o agora! Que l\u00e1stima. Precisamos intensificar ainda mais os cuidados, enquanto o presidente brinca e fala merda.<\/p>\n<p>\u2014 Santiago, Raull. (@raullsantiago) <a href=\"https:\/\/twitter.com\/raullsantiago\/status\/1257420067228323848?ref_src=twsrc%5Etfw\">May 4, 2020<\/a><\/p><\/blockquote>\n<p><script async=\"\" src=\"https:\/\/platform.twitter.com\/widgets.js\" charset=\"utf-8\"><\/script><\/p>\n<p dir=\"ltr\" lang=\"pt\">Com MUITO esfor\u00e7o e isolamento, conseguiremos melhorar a situa\u00e7\u00e3o, diminuir o cont\u00e1gio e salvar vidas. Por\u00e9m o est\u00edmulo a sair de casa feito pelo governo federal nos leva, a passos largos, para o colapso agora em maio.<\/p>\n<p>Se puder, <a href=\"https:\/\/twitter.com\/hashtag\/Ficaemcasa?src=hash&amp;ref_src=twsrc%5Etfw\">#Ficaemcasa<\/a><\/p>\n<p>\u2014 &#x1f1e7;&#x1f1f7; &#x1f33b; JOTA MARQUES (@jotamarquesrj) <a href=\"https:\/\/twitter.com\/jotamarquesrj\/status\/1257329715553148930?ref_src=twsrc%5Etfw\">May 4, 2020<\/a><\/p><\/blockquote>\n<p><script async src=\"https:\/\/platform.twitter.com\/widgets.js\" charset=\"utf-8\"><\/script><\/p>\n<blockquote class=\"twitter-tweet\">\n<p dir=\"ltr\" lang=\"pt\">Desde o in\u00edcio do <a href=\"https:\/\/twitter.com\/gabinetealemao?ref_src=twsrc%5Etfw\">@gabinetealemao<\/a> as falas do Bolsonaro impactaram negativamente nosso trabalho.<\/p>\n<p>Ao dizer que far\u00e1 churrasco pra 30 pessoas, destr\u00f3i todos os nossos argumentos&#8230;<\/p>\n<p>Infelizmente esse \u00e9 o cara que voc\u00eas escolheram pra direcionar o pa\u00eds.<\/p>\n<p>A gente que lute n\u00e9&#8230;<\/p>\n<p>\u2014 Lana Souza (@Lanadsouza) <a href=\"https:\/\/twitter.com\/Lanadsouza\/status\/1258724676488040449?ref_src=twsrc%5Etfw\">May 8, 2020<\/a><\/p><\/blockquote>\n<p><script async src=\"https:\/\/platform.twitter.com\/widgets.js\" charset=\"utf-8\"><\/script><\/p>\n<p>Al\u00e9m de falar que a coronav\u00edrus era apenas uma &#8220;gripezinha&#8221;, mediante ao avan\u00e7o da pandemia no pa\u00eds, o presidente da Rep\u00fablica, ao ser cobrado pela imprensa um posicionamento sobre o aumento do n\u00famero de mortes por Covid-19, respondeu em tom ir\u00f4nico: &#8220;E da\u00ed?&#8221;. A declara\u00e7\u00e3o repercutiu nas redes e nas m\u00eddias do Brasil e do mundo<\/p>\n<blockquote class=\"twitter-tweet\">\n<p dir=\"ltr\" lang=\"pt\">No ENEM que vai ocorrer em tempos futuros, haver\u00e1 uma quest\u00e3o com essa foto <a href=\"https:\/\/t.co\/abFkaAWwa5\">pic.twitter.com\/abFkaAWwa5<\/a><\/p>\n<p>\u2014 laerte (@brenolaerte) <a href=\"https:\/\/twitter.com\/brenolaerte\/status\/1255528106976333824?ref_src=twsrc%5Etfw\">April 29, 2020<\/a><\/p><\/blockquote>\n<p><script async src=\"https:\/\/platform.twitter.com\/widgets.js\" charset=\"utf-8\"><\/script><\/p>\n<blockquote class=\"twitter-tweet\"><p>Para piorar mesmo com o avan\u00e7o da pandemia e das mortes, e com o sistema de sa\u00fade em colapso, somente no Rio de Janeiro, 789 pessoas com suspeita ou confirma\u00e7\u00e3o da Covid-19 esperam<strong> leitos de enfermaria, e <\/strong>400 aguardam\u00a0<strong>leitos de UTI,<\/strong> o presidente Jair Bolsonaro declarou que vai promover um churras no fim de semana.<\/p>\n<p dir=\"ltr\" lang=\"pt\">AGORA ME DIZ VC&#8230; Que argumentos eu vou usar pra quem mora aqui na favela ao tentar dizer pra n\u00e3o ter churrasco com fam\u00edlia toda no dia das m\u00e3es?<\/p>\n<p>Bolsonaro diz que far\u00e1 churrasco para \u2018uns 30 convidados\u2019 no s\u00e1bado &#8211; Pol\u00edtica &#8211; <a href=\"https:\/\/t.co\/Q0sYeknQcH\">https:\/\/t.co\/Q0sYeknQcH<\/a><\/p>\n<p>\u2014 Rene Silva (@eurenesilva) <a href=\"https:\/\/twitter.com\/eurenesilva\/status\/1258605942167474176?ref_src=twsrc%5Etfw\">May 8, 2020<\/a><\/p><\/blockquote>\n<p><script async src=\"https:\/\/platform.twitter.com\/widgets.js\" charset=\"utf-8\"><\/script><\/p>\n<h3>10. Falta de Acesso a Direitos B\u00e1sicos para Sobreviv\u00eancia<\/h3>\n<p>Tem dia que a \u00e1gua cai, <a href=\"https:\/\/bit.ly\/2UOQlQG\" target=\"_blank\" rel=\"noopener noreferrer\">tem dia que n\u00e3o<\/a>. Outros dias, n\u00e3o h\u00e1 comida. A fome bate na porta de muitos. E para outros, em meio <a href=\"https:\/\/bit.ly\/2YbqB34\" target=\"_blank\" rel=\"noopener noreferrer\">a luta por sobreviv\u00eancia durante a pandemia<\/a>, tamb\u00e9m existe a luta pelo direito \u00e0 moradia.<\/p>\n<blockquote class=\"twitter-tweet\">\n<p dir=\"ltr\" lang=\"pt\">Ap\u00f3s tr\u00eas dias sem \u00e1gua, hoje finalmente come\u00e7ou a cair. Agora \u00e9 a luta para encher todos os recipientes e a caixa de \u00e1gua, antes que pare. &#x1f64f;&#x1f3fd;&#x2728;<a href=\"https:\/\/twitter.com\/hashtag\/DiarioDeUmFaveladoNaPandemia?src=hash&amp;ref_src=twsrc%5Etfw\">#DiarioDeUmFaveladoNaPandemia<\/a> <a href=\"https:\/\/t.co\/Byn7mW44px\">pic.twitter.com\/Byn7mW44px<\/a><\/p>\n<p>\u2014 Santiago, Raull. (@raullsantiago) <a href=\"https:\/\/twitter.com\/raullsantiago\/status\/1255500102044733448?ref_src=twsrc%5Etfw\">April 29, 2020<\/a><\/p><\/blockquote>\n<p><script async src=\"https:\/\/platform.twitter.com\/widgets.js\" charset=\"utf-8\"><\/script><\/p>\n<blockquote class=\"twitter-tweet\">\n<p dir=\"ltr\" lang=\"pt\">Quase 10 anos recebendo 400 reais de aluguel social. Minha casa sem previs\u00e3o de ser constru\u00edda. Quase 1300 fam\u00edlias na mesma situa\u00e7\u00e3o q eu. Quando falam: Fiquem em casa&#8230;Eu lembro q preciso sobreviver pra continuar lutando pela minha. <a href=\"https:\/\/twitter.com\/hashtag\/covid19nasfavelas?src=hash&amp;ref_src=twsrc%5Etfw\">#covid19nasfavelas<\/a><\/p>\n<p>\u2014 Camila Moradia (@camilamoradia) <a href=\"https:\/\/twitter.com\/camilamoradia\/status\/1257684584294219776?ref_src=twsrc%5Etfw\">May 5, 2020<\/a><\/p><\/blockquote>\n<p><script async src=\"https:\/\/platform.twitter.com\/widgets.js\" charset=\"utf-8\"><\/script><\/p>\n<h3>11. Recorte Racial e de Classe da Pandemia<\/h3>\n<p>\u00c9 a popula\u00e7\u00e3o negra, pobre e moradora de bairros pobres, favelas e periferias que vem sentido mais os efeitos da pandemia. Inclusive, n\u00e3o apenas por conta do adoecimento por cont\u00e1gio pela Covid-19, mas tamb\u00e9m por ter comprometido a sua sa\u00fade mental.<\/p>\n<blockquote class=\"twitter-tweet\">\n<p dir=\"ltr\" lang=\"pt\">Necropolitica na teoria e na pr\u00e1tica \u00e9 viver 2020. <a href=\"https:\/\/t.co\/CCYYEOnBgg\">https:\/\/t.co\/CCYYEOnBgg<\/a><\/p>\n<p>\u2014 Marcelle Decoth\u00e9 (@marcelledecothe) <a href=\"https:\/\/twitter.com\/marcelledecothe\/status\/1256043932766609409?ref_src=twsrc%5Etfw\">May 1, 2020<\/a><\/p><\/blockquote>\n<p><script async src=\"https:\/\/platform.twitter.com\/widgets.js\" charset=\"utf-8\"><\/script><\/p>\n<blockquote class=\"twitter-tweet\">\n<blockquote class=\"twitter-tweet\">\n<p dir=\"ltr\" lang=\"pt\">Tda a minha solidariedade e carinho aos amigos e amigas q est\u00e3o perdendo entes queridos pra esse v\u00edrus.<\/p>\n<p>N\u00e3o \u00e9 acaso, \u00e9 projeto. Pq quem mora na periferia est\u00e1 morrendo mais?<\/p>\n<p>A estrutura \u00e9 hist\u00f3rica, o v\u00edrus est\u00e1 acelerando um quadro que todes n\u00f3s conhecemos bem.<\/p>\n<p>N\u00e3o d\u00e1 mais!<\/p>\n<p>\u2014 Marcelle Decoth\u00e9 (@marcelledecothe) <a href=\"https:\/\/twitter.com\/marcelledecothe\/status\/1256270293083004929?ref_src=twsrc%5Etfw\">May 1, 2020<\/a><\/p><\/blockquote>\n<p><script async=\"\" src=\"https:\/\/platform.twitter.com\/widgets.js\" charset=\"utf-8\"><\/script><\/p>\n<blockquote class=\"twitter-tweet\">\n<p dir=\"ltr\" lang=\"pt\">Covid \u00f1 escolhe alvo, dizem&#8230;&#x1f914;Comparando a propor\u00e7\u00e3o de casos entre a Rocinha e S. Conrado, bairro rico ao lado, d\u00e1 pra ver q a doen\u00e7a pode at\u00e9 n\u00e3o escolher, mas os anos de abandono social pesam nessa hora. \u00d1 d\u00e1 pra duvidar q o covid \u00e9 muito mais severo com a popula\u00e7\u00e3o pobre. <a href=\"https:\/\/t.co\/7zFm1UUkUl\">pic.twitter.com\/7zFm1UUkUl<\/a><\/p>\n<p>\u2014 Michele Silva (@micheleps89) <a href=\"https:\/\/twitter.com\/micheleps89\/status\/1256729437233713153?ref_src=twsrc%5Etfw\">May 2, 2020<\/a><\/p><\/blockquote>\n<p><script async=\"\" src=\"https:\/\/platform.twitter.com\/widgets.js\" charset=\"utf-8\"><\/script><\/p>\n<p dir=\"ltr\" lang=\"pt\">Cad\u00ea os influenciadores brancos falando que o coronav\u00edrus atinge a todos sem distin\u00e7\u00e3o de cor ou classe social? E a imprensa mostrando showzinho em condom\u00ednio de bacana. <a href=\"https:\/\/twitter.com\/hashtag\/COVID19NasFavelas?src=hash&amp;ref_src=twsrc%5Etfw\">#COVID19NasFavelas<\/a> <a href=\"https:\/\/t.co\/hMEfJo5M9a\">https:\/\/t.co\/hMEfJo5M9a<\/a><br \/>\n\u2014 Raife Sales (@Raife_Sales) <a href=\"https:\/\/twitter.com\/Raife_Sales\/status\/1258457374748278789?ref_src=twsrc%5Etfw\">May 7, 2020<\/a><\/p>\n<\/blockquote>\n<p><script async src=\"https:\/\/platform.twitter.com\/widgets.js\" charset=\"utf-8\"><\/script><\/p>\n<h3>12. \u00c9 N\u00f3s Por N\u00f3s<\/h3>\n<p>Antes da chegada da pandemia da Covid-19, jornalistas comunit\u00e1rios de favelas do Rio de Janeiro trabalhavam para trazer not\u00edcias e informa\u00e7\u00f5es precisas para a popula\u00e7\u00e3o local e dar visibilidade para suas lutas. Agora, dezenas de <a href=\"https:\/\/bit.ly\/3bcIaTX\" target=\"_blank\" rel=\"noopener noreferrer\">grupos de m\u00eddia comunit\u00e1ria<\/a>, lideran\u00e7as locais e moradores <a href=\"https:\/\/bit.ly\/340KKtn\" target=\"_blank\" rel=\"noopener noreferrer\">est\u00e3o na chamada \u201clinha de frente\u201d<\/a> para ajudar vizinhos frente \u00e0 aus\u00eancia de pol\u00edticas do Estado. A #Covid19NasFavelas tamb\u00e9m demonstra que s\u00e3o as favelas que v\u00eam produzindo solu\u00e7\u00f5es para as favelas.<\/p>\n<blockquote class=\"twitter-tweet\">\n<p dir=\"ltr\" lang=\"pt\">Confesso que \u00e9 de emocionar vendo meus amigos, amigos daqui da favela mesmo e projetos socias se solidariezando para ajudar os demais moradores. \u00c9 sobre aquele lema que mais uma vez est\u00e1 fazendo todo o sentido nesse per\u00edodo de coronav\u00edrus:<\/p>\n<p>N\u00d3S POR N\u00d3S!<\/p>\n<p>\u2014 laerte (@brenolaerte) <a href=\"https:\/\/twitter.com\/brenolaerte\/status\/1255664667847987201?ref_src=twsrc%5Etfw\">April 30, 2020<\/a><\/p><\/blockquote>\n<p><script async src=\"https:\/\/platform.twitter.com\/widgets.js\" charset=\"utf-8\"><\/script><\/p>\n<blockquote class=\"twitter-tweet\">\n<p dir=\"ltr\" lang=\"pt\">Hoje vou dormir tranquila e sem calmantes (espero conseguir)! Minha favela ta limpa, meus vizinhos est\u00e3o abastecidos de alimentos! \u00c9 t\u00e3o pouco o que nosso povo precisa! Eu nunca ando sozinha!<\/p>\n<p>~ O <a href=\"https:\/\/twitter.com\/hashtag\/COVID__19?src=hash&amp;ref_src=twsrc%5Etfw\">#COVID__19<\/a> \u00e9 o sintoma, a desigualdade \u00e9 o v\u00edrus e a solidariedade \u00e9 o Rem\u00e9dio ~ <a href=\"https:\/\/t.co\/74NGibBlpd\">pic.twitter.com\/74NGibBlpd<\/a><\/p>\n<p>\u2014 Daiene (@Daienemendes) <a href=\"https:\/\/twitter.com\/Daienemendes\/status\/1256697159870820354?ref_src=twsrc%5Etfw\">May 2, 2020<\/a><\/p><\/blockquote>\n<p><script async src=\"https:\/\/platform.twitter.com\/widgets.js\" charset=\"utf-8\"><\/script><\/p>\n<h5>\u00c9 por tudo isso que <a href=\"https:\/\/bit.ly\/2LfMqH2\" target=\"_blank\" rel=\"noopener noreferrer\">\u00e9 um erro dizer que a pandemia do coronav\u00edrus \u00e9 democr\u00e1tica<\/a>. As diversas viol\u00eancias como a falta de acesso a atendimento m\u00e9dico, leitos com respiradores, testes para diagn\u00f3stico, renda b\u00e1sica para alimenta\u00e7\u00e3o, \u00e1gua pot\u00e1vel, saneamento b\u00e1sico e at\u00e9 moradia, al\u00e9m da viol\u00eancia armada, comprometem nas favelas a preven\u00e7\u00e3o \u00e0 Covid-19, al\u00e9m da recupera\u00e7\u00e3o e tratamento de pessoas infectadas, podendo causar mais \u00f3bitos. Essa condi\u00e7\u00e3o desigual de sobreviv\u00eancia marcada por ra\u00e7a, classe e g\u00eanero, \u00e9 uma das principais caracter\u00edsticas que constitui a necropol\u00edtica.<\/h5>\n<hr \/>\n<div class=\"entry clearfix\">\n<div class=\"entry clearfix\">\n<h4><strong>Apoie nossos esfor\u00e7os para fornecer assist\u00eancia estrat\u00e9gica \u00e0s favelas do Rio durante a pandemia de Covid-19, incluindo o jornalismo hiperlocal, cr\u00edtico, inovador e incans\u00e1vel do\u00a0<em>RioOnWatch<\/em><\/strong>\u2014<a href=\"http:\/\/bit.ly\/CatalisandoComunidades\">doe aqui<\/a>.<\/h4>\n<\/div>\n<\/div>\n<!-- AddThis Advanced Settings generic via filter on the_content --><!-- AddThis Share Buttons generic via filter on the_content -->","protected":false},"excerpt":{"rendered":"<div class=\"mh-excerpt\"><p>Click Here for English Esta \u00e9 a nossa mais recente mat\u00e9ria sobre\u00a0o novo coronav\u00edrus e seus impactos sobre as favelas, e tamb\u00e9m faz parte da s\u00e9rie #OQueDizemAsRedes que traz pontos de vista publicados nas redes <a class=\"mh-excerpt-more\" href=\"https:\/\/rioonwatch.org.br\/?p=47191\" title=\"Doze Evid\u00eancias da Necropol\u00edtica Frente \u00e0 Covid-19 nas Favelas #OQueDizemAsRedes\">[&#8230;]<\/a><!-- AddThis Advanced Settings generic via filter on get_the_excerpt --><!-- AddThis Share Buttons generic via filter on get_the_excerpt --><\/p>\n<\/div>","protected":false},"author":165,"featured_media":47346,"comment_status":"closed","ping_status":"closed","sticky":false,"template":"","format":"standard","meta":{"_acf_changed":false,"_monsterinsights_skip_tracking":false,"_monsterinsights_sitenote_active":false,"_monsterinsights_sitenote_note":"","_monsterinsights_sitenote_category":0,"footnotes":""},"categories":[2753,1621,346,1631,1613],"tags":[943,3253,2814,332,217,1530,2748,413,2761,2146,2269,1982,379,2561,1830,2451,294,2069,2754,782,920],"writer":[2800],"translator":[],"source":[],"ilustrador":[],"fotografo":[],"class_list":{"0":"post-47191","1":"post","2":"type-post","3":"status-publish","4":"format-standard","5":"has-post-thumbnail","7":"category-covid19nasfavelas","8":"category-destaque","9":"category-denuncias","10":"category-entendendo-o-rio","11":"category-midia-comunitaria","12":"tag-oquedizemasredes","13":"tag-antirracismo","14":"tag-bolsonaro-sabota-prevencao-a-covid-19","15":"tag-complexo-da-mare","16":"tag-complexo-do-alemao","17":"tag-midia-comunitaria","18":"tag-coronavirus","19":"tag-desigualdade","20":"tag-direito-a-agua","21":"tag-fiocruz","22":"tag-jair-bolsonaro","23":"tag-marcelo-crivella","24":"tag-midia-social","25":"tag-necropolitica","26":"tag-nos-por-nos","27":"tag-politicas-publicas","28":"tag-saude","29":"tag-saude-mental","30":"tag-serie-covid-19-nas-favelas","31":"tag-sus","32":"tag-violencia-de-estado","33":"writer-tatiana-lima"},"acf":[],"yoast_head":"<!-- This site is optimized with the Yoast SEO plugin v25.6 - https:\/\/yoast.com\/wordpress\/plugins\/seo\/ -->\n<title>Doze Evid\u00eancias da Necropol\u00edtica Frente \u00e0 Covid-19 nas Favelas #OQueDizemAsRedes - RioOnWatch<\/title>\n<meta name=\"robots\" content=\"index, follow, max-snippet:-1, max-image-preview:large, max-video-preview:-1\" \/>\n<link rel=\"canonical\" href=\"https:\/\/rioonwatch.org.br\/?p=47191\" \/>\n<meta property=\"og:locale\" content=\"pt_BR\" \/>\n<meta property=\"og:type\" content=\"article\" \/>\n<meta property=\"og:title\" content=\"Doze Evid\u00eancias da Necropol\u00edtica Frente \u00e0 Covid-19 nas Favelas #OQueDizemAsRedes - RioOnWatch\" \/>\n<meta property=\"og:description\" content=\"Click Here for English Esta \u00e9 a nossa mais recente mat\u00e9ria sobre\u00a0o novo coronav\u00edrus e seus impactos sobre as favelas, e tamb\u00e9m faz parte da s\u00e9rie #OQueDizemAsRedes que traz pontos de vista publicados nas redes [...]\" \/>\n<meta property=\"og:url\" content=\"https:\/\/rioonwatch.org.br\/?p=47191\" \/>\n<meta property=\"og:site_name\" content=\"RioOnWatch\" \/>\n<meta property=\"article:published_time\" content=\"2020-05-12T14:01:59+00:00\" \/>\n<meta property=\"article:modified_time\" content=\"2024-05-24T15:36:27+00:00\" \/>\n<meta property=\"og:image\" content=\"https:\/\/rioonwatch.org.br\/wp-content\/uploads\/2020\/05\/Foto-por-Pedro-Conforte-e1589235530852.jpg\" \/>\n\t<meta property=\"og:image:width\" content=\"620\" \/>\n\t<meta property=\"og:image:height\" content=\"289\" \/>\n\t<meta property=\"og:image:type\" content=\"image\/jpeg\" \/>\n<meta name=\"author\" content=\"Tatiana Lima\" \/>\n<meta name=\"twitter:card\" content=\"summary_large_image\" \/>\n<meta name=\"twitter:label1\" content=\"Escrito por\" \/>\n\t<meta name=\"twitter:data1\" content=\"Tatiana Lima\" \/>\n\t<meta name=\"twitter:label2\" content=\"Est. tempo de leitura\" \/>\n\t<meta name=\"twitter:data2\" content=\"17 minutos\" \/>\n<script type=\"application\/ld+json\" class=\"yoast-schema-graph\">{\"@context\":\"https:\/\/schema.org\",\"@graph\":[{\"@type\":\"Article\",\"@id\":\"https:\/\/rioonwatch.org.br\/?p=47191#article\",\"isPartOf\":{\"@id\":\"https:\/\/rioonwatch.org.br\/?p=47191\"},\"author\":{\"name\":\"Tatiana Lima\",\"@id\":\"https:\/\/rioonwatch.org.br\/#\/schema\/person\/8fde974ee24e219acc413d63393ec551\"},\"headline\":\"Doze Evid\u00eancias da Necropol\u00edtica Frente \u00e0 Covid-19 nas Favelas #OQueDizemAsRedes\",\"datePublished\":\"2020-05-12T14:01:59+00:00\",\"dateModified\":\"2024-05-24T15:36:27+00:00\",\"mainEntityOfPage\":{\"@id\":\"https:\/\/rioonwatch.org.br\/?p=47191\"},\"wordCount\":3467,\"publisher\":{\"@id\":\"https:\/\/rioonwatch.org.br\/#organization\"},\"image\":{\"@id\":\"https:\/\/rioonwatch.org.br\/?p=47191#primaryimage\"},\"thumbnailUrl\":\"https:\/\/rioonwatch.org.br\/wp-content\/uploads\/2020\/05\/Foto-por-Pedro-Conforte-e1589235530852.jpg\",\"keywords\":[\"#OQueDizemAsRedes\",\"Antirracismo\",\"Bolsonaro sabota preven\u00e7\u00e3o \u00e0 Covid-19\",\"Complexo da Mar\u00e9\",\"Complexo do Alem\u00e3o\",\"Comunica\u00e7\u00e3o Comunit\u00e1ria\",\"coronav\u00edrus\",\"desigualdade\",\"direito \u00e0 \u00e1gua\",\"Fiocruz\",\"Jair Bolsonaro\",\"Marcelo Crivella\",\"m\u00eddia social\",\"necropol\u00edtica\",\"N\u00f3s por N\u00f3s\",\"pol\u00edticas p\u00fablicas\",\"sa\u00fade\",\"sa\u00fade mental\",\"S\u00e9rie: Covid-19 Nas Favelas\",\"SUS\",\"viol\u00eancia de Estado\"],\"articleSection\":[\"#Covid19NasFavelas\",\"*Destaque\",\"Den\u00fancias\",\"Entendendo o Rio\",\"M\u00eddia Comunit\u00e1ria\"],\"inLanguage\":\"pt-BR\"},{\"@type\":\"WebPage\",\"@id\":\"https:\/\/rioonwatch.org.br\/?p=47191\",\"url\":\"https:\/\/rioonwatch.org.br\/?p=47191\",\"name\":\"Doze Evid\u00eancias da Necropol\u00edtica Frente \u00e0 Covid-19 nas Favelas #OQueDizemAsRedes - RioOnWatch\",\"isPartOf\":{\"@id\":\"https:\/\/rioonwatch.org.br\/#website\"},\"primaryImageOfPage\":{\"@id\":\"https:\/\/rioonwatch.org.br\/?p=47191#primaryimage\"},\"image\":{\"@id\":\"https:\/\/rioonwatch.org.br\/?p=47191#primaryimage\"},\"thumbnailUrl\":\"https:\/\/rioonwatch.org.br\/wp-content\/uploads\/2020\/05\/Foto-por-Pedro-Conforte-e1589235530852.jpg\",\"datePublished\":\"2020-05-12T14:01:59+00:00\",\"dateModified\":\"2024-05-24T15:36:27+00:00\",\"breadcrumb\":{\"@id\":\"https:\/\/rioonwatch.org.br\/?p=47191#breadcrumb\"},\"inLanguage\":\"pt-BR\",\"potentialAction\":[{\"@type\":\"ReadAction\",\"target\":[\"https:\/\/rioonwatch.org.br\/?p=47191\"]}]},{\"@type\":\"ImageObject\",\"inLanguage\":\"pt-BR\",\"@id\":\"https:\/\/rioonwatch.org.br\/?p=47191#primaryimage\",\"url\":\"https:\/\/rioonwatch.org.br\/wp-content\/uploads\/2020\/05\/Foto-por-Pedro-Conforte-e1589235530852.jpg\",\"contentUrl\":\"https:\/\/rioonwatch.org.br\/wp-content\/uploads\/2020\/05\/Foto-por-Pedro-Conforte-e1589235530852.jpg\",\"width\":620,\"height\":289},{\"@type\":\"BreadcrumbList\",\"@id\":\"https:\/\/rioonwatch.org.br\/?p=47191#breadcrumb\",\"itemListElement\":[{\"@type\":\"ListItem\",\"position\":1,\"name\":\"In\u00edcio\",\"item\":\"https:\/\/rioonwatch.org.br\/\"},{\"@type\":\"ListItem\",\"position\":2,\"name\":\"Doze Evid\u00eancias da Necropol\u00edtica Frente \u00e0 Covid-19 nas Favelas #OQueDizemAsRedes\"}]},{\"@type\":\"WebSite\",\"@id\":\"https:\/\/rioonwatch.org.br\/#website\",\"url\":\"https:\/\/rioonwatch.org.br\/\",\"name\":\"RioOnWatch\",\"description\":\"relatos das favelas cariocas\",\"publisher\":{\"@id\":\"https:\/\/rioonwatch.org.br\/#organization\"},\"potentialAction\":[{\"@type\":\"SearchAction\",\"target\":{\"@type\":\"EntryPoint\",\"urlTemplate\":\"https:\/\/rioonwatch.org.br\/?s={search_term_string}\"},\"query-input\":{\"@type\":\"PropertyValueSpecification\",\"valueRequired\":true,\"valueName\":\"search_term_string\"}}],\"inLanguage\":\"pt-BR\"},{\"@type\":\"Organization\",\"@id\":\"https:\/\/rioonwatch.org.br\/#organization\",\"name\":\"RioOnWatch\",\"url\":\"https:\/\/rioonwatch.org.br\/\",\"logo\":{\"@type\":\"ImageObject\",\"inLanguage\":\"pt-BR\",\"@id\":\"https:\/\/rioonwatch.org.br\/#\/schema\/logo\/image\/\",\"url\":\"https:\/\/rioonwatch.org.br\/wp-content\/uploads\/2021\/06\/RioOnWatchcabecalhoPT11anos-2.png\",\"contentUrl\":\"https:\/\/rioonwatch.org.br\/wp-content\/uploads\/2021\/06\/RioOnWatchcabecalhoPT11anos-2.png\",\"width\":779,\"height\":277,\"caption\":\"RioOnWatch\"},\"image\":{\"@id\":\"https:\/\/rioonwatch.org.br\/#\/schema\/logo\/image\/\"}},{\"@type\":\"Person\",\"@id\":\"https:\/\/rioonwatch.org.br\/#\/schema\/person\/8fde974ee24e219acc413d63393ec551\",\"name\":\"Tatiana Lima\",\"image\":{\"@type\":\"ImageObject\",\"inLanguage\":\"pt-BR\",\"@id\":\"https:\/\/rioonwatch.org.br\/#\/schema\/person\/image\/\",\"url\":\"https:\/\/secure.gravatar.com\/avatar\/5fb587d000e124a9d6aae50aec42d39e?s=96&d=blank&r=g\",\"contentUrl\":\"https:\/\/secure.gravatar.com\/avatar\/5fb587d000e124a9d6aae50aec42d39e?s=96&d=blank&r=g\",\"caption\":\"Tatiana Lima\"},\"url\":\"https:\/\/rioonwatch.org.br\/?author=165\"}]}<\/script>\n<!-- \/ Yoast SEO plugin. -->","yoast_head_json":{"title":"Doze Evid\u00eancias da Necropol\u00edtica Frente \u00e0 Covid-19 nas Favelas #OQueDizemAsRedes - RioOnWatch","robots":{"index":"index","follow":"follow","max-snippet":"max-snippet:-1","max-image-preview":"max-image-preview:large","max-video-preview":"max-video-preview:-1"},"canonical":"https:\/\/rioonwatch.org.br\/?p=47191","og_locale":"pt_BR","og_type":"article","og_title":"Doze Evid\u00eancias da Necropol\u00edtica Frente \u00e0 Covid-19 nas Favelas #OQueDizemAsRedes - RioOnWatch","og_description":"Click Here for English Esta \u00e9 a nossa mais recente mat\u00e9ria sobre\u00a0o novo coronav\u00edrus e seus impactos sobre as favelas, e tamb\u00e9m faz parte da s\u00e9rie #OQueDizemAsRedes que traz pontos de vista publicados nas redes [...]","og_url":"https:\/\/rioonwatch.org.br\/?p=47191","og_site_name":"RioOnWatch","article_published_time":"2020-05-12T14:01:59+00:00","article_modified_time":"2024-05-24T15:36:27+00:00","og_image":[{"width":620,"height":289,"url":"https:\/\/rioonwatch.org.br\/wp-content\/uploads\/2020\/05\/Foto-por-Pedro-Conforte-e1589235530852.jpg","type":"image\/jpeg"}],"author":"Tatiana Lima","twitter_card":"summary_large_image","twitter_misc":{"Escrito por":"Tatiana Lima","Est. tempo de leitura":"17 minutos"},"schema":{"@context":"https:\/\/schema.org","@graph":[{"@type":"Article","@id":"https:\/\/rioonwatch.org.br\/?p=47191#article","isPartOf":{"@id":"https:\/\/rioonwatch.org.br\/?p=47191"},"author":{"name":"Tatiana Lima","@id":"https:\/\/rioonwatch.org.br\/#\/schema\/person\/8fde974ee24e219acc413d63393ec551"},"headline":"Doze Evid\u00eancias da Necropol\u00edtica Frente \u00e0 Covid-19 nas Favelas #OQueDizemAsRedes","datePublished":"2020-05-12T14:01:59+00:00","dateModified":"2024-05-24T15:36:27+00:00","mainEntityOfPage":{"@id":"https:\/\/rioonwatch.org.br\/?p=47191"},"wordCount":3467,"publisher":{"@id":"https:\/\/rioonwatch.org.br\/#organization"},"image":{"@id":"https:\/\/rioonwatch.org.br\/?p=47191#primaryimage"},"thumbnailUrl":"https:\/\/rioonwatch.org.br\/wp-content\/uploads\/2020\/05\/Foto-por-Pedro-Conforte-e1589235530852.jpg","keywords":["#OQueDizemAsRedes","Antirracismo","Bolsonaro sabota preven\u00e7\u00e3o \u00e0 Covid-19","Complexo da Mar\u00e9","Complexo do Alem\u00e3o","Comunica\u00e7\u00e3o Comunit\u00e1ria","coronav\u00edrus","desigualdade","direito \u00e0 \u00e1gua","Fiocruz","Jair Bolsonaro","Marcelo Crivella","m\u00eddia social","necropol\u00edtica","N\u00f3s por N\u00f3s","pol\u00edticas p\u00fablicas","sa\u00fade","sa\u00fade mental","S\u00e9rie: Covid-19 Nas Favelas","SUS","viol\u00eancia de Estado"],"articleSection":["#Covid19NasFavelas","*Destaque","Den\u00fancias","Entendendo o Rio","M\u00eddia Comunit\u00e1ria"],"inLanguage":"pt-BR"},{"@type":"WebPage","@id":"https:\/\/rioonwatch.org.br\/?p=47191","url":"https:\/\/rioonwatch.org.br\/?p=47191","name":"Doze Evid\u00eancias da Necropol\u00edtica Frente \u00e0 Covid-19 nas Favelas #OQueDizemAsRedes - RioOnWatch","isPartOf":{"@id":"https:\/\/rioonwatch.org.br\/#website"},"primaryImageOfPage":{"@id":"https:\/\/rioonwatch.org.br\/?p=47191#primaryimage"},"image":{"@id":"https:\/\/rioonwatch.org.br\/?p=47191#primaryimage"},"thumbnailUrl":"https:\/\/rioonwatch.org.br\/wp-content\/uploads\/2020\/05\/Foto-por-Pedro-Conforte-e1589235530852.jpg","datePublished":"2020-05-12T14:01:59+00:00","dateModified":"2024-05-24T15:36:27+00:00","breadcrumb":{"@id":"https:\/\/rioonwatch.org.br\/?p=47191#breadcrumb"},"inLanguage":"pt-BR","potentialAction":[{"@type":"ReadAction","target":["https:\/\/rioonwatch.org.br\/?p=47191"]}]},{"@type":"ImageObject","inLanguage":"pt-BR","@id":"https:\/\/rioonwatch.org.br\/?p=47191#primaryimage","url":"https:\/\/rioonwatch.org.br\/wp-content\/uploads\/2020\/05\/Foto-por-Pedro-Conforte-e1589235530852.jpg","contentUrl":"https:\/\/rioonwatch.org.br\/wp-content\/uploads\/2020\/05\/Foto-por-Pedro-Conforte-e1589235530852.jpg","width":620,"height":289},{"@type":"BreadcrumbList","@id":"https:\/\/rioonwatch.org.br\/?p=47191#breadcrumb","itemListElement":[{"@type":"ListItem","position":1,"name":"In\u00edcio","item":"https:\/\/rioonwatch.org.br\/"},{"@type":"ListItem","position":2,"name":"Doze Evid\u00eancias da Necropol\u00edtica Frente \u00e0 Covid-19 nas Favelas #OQueDizemAsRedes"}]},{"@type":"WebSite","@id":"https:\/\/rioonwatch.org.br\/#website","url":"https:\/\/rioonwatch.org.br\/","name":"RioOnWatch","description":"relatos das favelas cariocas","publisher":{"@id":"https:\/\/rioonwatch.org.br\/#organization"},"potentialAction":[{"@type":"SearchAction","target":{"@type":"EntryPoint","urlTemplate":"https:\/\/rioonwatch.org.br\/?s={search_term_string}"},"query-input":{"@type":"PropertyValueSpecification","valueRequired":true,"valueName":"search_term_string"}}],"inLanguage":"pt-BR"},{"@type":"Organization","@id":"https:\/\/rioonwatch.org.br\/#organization","name":"RioOnWatch","url":"https:\/\/rioonwatch.org.br\/","logo":{"@type":"ImageObject","inLanguage":"pt-BR","@id":"https:\/\/rioonwatch.org.br\/#\/schema\/logo\/image\/","url":"https:\/\/rioonwatch.org.br\/wp-content\/uploads\/2021\/06\/RioOnWatchcabecalhoPT11anos-2.png","contentUrl":"https:\/\/rioonwatch.org.br\/wp-content\/uploads\/2021\/06\/RioOnWatchcabecalhoPT11anos-2.png","width":779,"height":277,"caption":"RioOnWatch"},"image":{"@id":"https:\/\/rioonwatch.org.br\/#\/schema\/logo\/image\/"}},{"@type":"Person","@id":"https:\/\/rioonwatch.org.br\/#\/schema\/person\/8fde974ee24e219acc413d63393ec551","name":"Tatiana Lima","image":{"@type":"ImageObject","inLanguage":"pt-BR","@id":"https:\/\/rioonwatch.org.br\/#\/schema\/person\/image\/","url":"https:\/\/secure.gravatar.com\/avatar\/5fb587d000e124a9d6aae50aec42d39e?s=96&d=blank&r=g","contentUrl":"https:\/\/secure.gravatar.com\/avatar\/5fb587d000e124a9d6aae50aec42d39e?s=96&d=blank&r=g","caption":"Tatiana Lima"},"url":"https:\/\/rioonwatch.org.br\/?author=165"}]}},"_links":{"self":[{"href":"https:\/\/rioonwatch.org.br\/index.php?rest_route=\/wp\/v2\/posts\/47191"}],"collection":[{"href":"https:\/\/rioonwatch.org.br\/index.php?rest_route=\/wp\/v2\/posts"}],"about":[{"href":"https:\/\/rioonwatch.org.br\/index.php?rest_route=\/wp\/v2\/types\/post"}],"author":[{"embeddable":true,"href":"https:\/\/rioonwatch.org.br\/index.php?rest_route=\/wp\/v2\/users\/165"}],"replies":[{"embeddable":true,"href":"https:\/\/rioonwatch.org.br\/index.php?rest_route=%2Fwp%2Fv2%2Fcomments&post=47191"}],"version-history":[{"count":66,"href":"https:\/\/rioonwatch.org.br\/index.php?rest_route=\/wp\/v2\/posts\/47191\/revisions"}],"predecessor-version":[{"id":53233,"href":"https:\/\/rioonwatch.org.br\/index.php?rest_route=\/wp\/v2\/posts\/47191\/revisions\/53233"}],"wp:featuredmedia":[{"embeddable":true,"href":"https:\/\/rioonwatch.org.br\/index.php?rest_route=\/wp\/v2\/media\/47346"}],"wp:attachment":[{"href":"https:\/\/rioonwatch.org.br\/index.php?rest_route=%2Fwp%2Fv2%2Fmedia&parent=47191"}],"wp:term":[{"taxonomy":"category","embeddable":true,"href":"https:\/\/rioonwatch.org.br\/index.php?rest_route=%2Fwp%2Fv2%2Fcategories&post=47191"},{"taxonomy":"post_tag","embeddable":true,"href":"https:\/\/rioonwatch.org.br\/index.php?rest_route=%2Fwp%2Fv2%2Ftags&post=47191"},{"taxonomy":"writer","embeddable":true,"href":"https:\/\/rioonwatch.org.br\/index.php?rest_route=%2Fwp%2Fv2%2Fwriter&post=47191"},{"taxonomy":"translator","embeddable":true,"href":"https:\/\/rioonwatch.org.br\/index.php?rest_route=%2Fwp%2Fv2%2Ftranslator&post=47191"},{"taxonomy":"source","embeddable":true,"href":"https:\/\/rioonwatch.org.br\/index.php?rest_route=%2Fwp%2Fv2%2Fsource&post=47191"},{"taxonomy":"ilustrador","embeddable":true,"href":"https:\/\/rioonwatch.org.br\/index.php?rest_route=%2Fwp%2Fv2%2Filustrador&post=47191"},{"taxonomy":"fotografo","embeddable":true,"href":"https:\/\/rioonwatch.org.br\/index.php?rest_route=%2Fwp%2Fv2%2Ffotografo&post=47191"}],"curies":[{"name":"wp","href":"https:\/\/api.w.org\/{rel}","templated":true}]}}