{"id":47210,"date":"2020-05-08T11:33:22","date_gmt":"2020-05-08T14:33:22","guid":{"rendered":"https:\/\/rioonwatch.org.br\/?p=47210"},"modified":"2023-08-01T16:43:39","modified_gmt":"2023-08-01T19:43:39","slug":"7-erros-cometidos-pela-imprensa-ao-cobrir-coronavirus-nas-favelas","status":"publish","type":"post","link":"https:\/\/rioonwatch.org.br\/?p=47210","title":{"rendered":"7 Erros Cometidos Pela Imprensa ao Cobrir Coronav\u00edrus nas Favelas"},"content":{"rendered":"<p style=\"text-align: right;\"><em><strong><a href=\"https:\/\/bit.ly\/7MistakesCovidReporting\" target=\"_blank\" rel=\"noopener noreferrer\">Click Here for English<\/a><a href=\"https:\/\/bit.ly\/7MistakesCovidReporting\" target=\"_blank\" rel=\"noopener noreferrer\"><img decoding=\"async\" width=\"20\" height=\"20\" class=\"alignright wp-image-15790\" src=\"http:\/\/rioonwatch.org.br\/wp-content\/uploads\/2012\/08\/EN-standard-e1439583104716.jpg\" \/><\/a><\/strong><\/em><\/p>\n<p><em>Esta \u00e9 a nossa mais recente mat\u00e9ria sobre\u00a0<a href=\"http:\/\/bit.ly\/Covid19NasFavelas\" target=\"_blank\" rel=\"noopener noreferrer\">o novo coronav\u00edrus e seus impactos sobre as favelas<\/a> e tamb\u00e9m f<i>az\u00a0parte do debate promovido pelo RioOnWatch sobre a\u00a0<a href=\"http:\/\/bit.ly\/1ZVXkRS\" target=\"_blank\" rel=\"noopener noreferrer\">narrativa<\/a>\u00a0e as\u00a0<a href=\"http:\/\/bit.ly\/1OKE065\" target=\"_blank\" rel=\"noopener noreferrer\">representa\u00e7\u00f5es midi\u00e1ticas<\/a>\u00a0acerca das favelas cariocas.<\/i><\/em><\/p>\n<p><span style=\"font-weight: 400;\">Desde mar\u00e7o, a pandemia da <a href=\"https:\/\/bit.ly\/2QZjDJI\" target=\"_blank\" rel=\"noopener noreferrer\">Covid-19<\/a> gerou uma necessidade de informa\u00e7\u00e3o maci\u00e7a e uma produ\u00e7\u00e3o de conte\u00fado in\u00e9dita no mundo inteiro. Dissemina\u00e7\u00e3o da doen\u00e7a, medidas de prote\u00e7\u00e3o, pol\u00edticas p\u00fablicas de emerg\u00eancia, situa\u00e7\u00f5es cr\u00edticas nos sistemas de sa\u00fade, danos colaterais do isolamento f\u00edsico, s\u00e3o entre algumas das in\u00fameras pautas.<\/span><\/p>\n<p><span style=\"font-weight: 400;\">Contudo, com a chegada do v\u00edrus nas favelas do pa\u00eds, t\u00eam surgido um grande n\u00famero de mat\u00e9rias cobrindo o potencial impacto\u2014e, infelizmente, o que hoje \u00e9 um impacto de fato\u2014da doen\u00e7a nas periferias do Brasil. Infelizmente, como \u00e9 costume na cobertura de favelas em qualquer momento, t\u00eam surgido tamb\u00e9m pautas contraproducentes junto a um jornalismo problem\u00e1tico.<\/span><\/p>\n<p><span style=\"font-weight: 400;\">Enquanto muitas mat\u00e9rias fazem uma abordagem justa \u00e0s situa\u00e7\u00f5es e aos protagonistas das comunidades, <a href=\"https:\/\/bit.ly\/2KMJO34\" target=\"_blank\" rel=\"noopener noreferrer\">enfatizando as solu\u00e7\u00f5es locais<\/a> sem perpetuar estigmas injustos, in\u00fameras continuam caindo nos <a href=\"http:\/\/bit.ly\/326qd5r\" target=\"_blank\" rel=\"noopener noreferrer\">erros habituais ou conjunturais<\/a> das reportagens sobre favelas. Nesta mat\u00e9ria, correspondentes comunit\u00e1rios e observadores internacionais evidenciam sete erros que a imprensa est\u00e1 cometendo ao cobrir Covid-19 nas favelas, tanto nas narrativas, como na metodologia jornal\u00edstica, para evitar reproduzi-los.<\/span><\/p>\n<h3><b>1. Cair na Armadilha de Sempre: O Sensacionalismo<\/b><\/h3>\n<p><a href=\"https:\/\/rioonwatch.org.br\/wp-content\/uploads\/2020\/05\/CDD-Faixa.png\"><img fetchpriority=\"high\" decoding=\"async\" class=\"aligncenter wp-image-47236\" src=\"https:\/\/rioonwatch.org.br\/wp-content\/uploads\/2020\/05\/CDD-Faixa.png\" alt=\"Faixa na Cidade de Deus, no feriado de P\u00e1scoa. Foto: Jovem Pan\" width=\"620\" height=\"164\" srcset=\"https:\/\/rioonwatch.org.br\/wp-content\/uploads\/2020\/05\/CDD-Faixa.png 2339w, https:\/\/rioonwatch.org.br\/wp-content\/uploads\/2020\/05\/CDD-Faixa-620x164.png 620w, https:\/\/rioonwatch.org.br\/wp-content\/uploads\/2020\/05\/CDD-Faixa-768x204.png 768w, https:\/\/rioonwatch.org.br\/wp-content\/uploads\/2020\/05\/CDD-Faixa-1024x271.png 1024w\" sizes=\"(max-width: 620px) 100vw, 620px\" \/><\/a><\/p>\n<p><span style=\"font-weight: 400;\">A <a href=\"http:\/\/bit.ly\/2nWdgfe\" target=\"_blank\" rel=\"noopener noreferrer\">viol\u00eancia nas favelas<\/a> sempre foi o tema mais coberto pela grande m\u00eddia, cristalizando <a href=\"http:\/\/bit.ly\/2XvC2zf\" target=\"_blank\" rel=\"noopener noreferrer\">uma imagem j\u00e1 estigmatizada<\/a>. A crise do coronav\u00edrus n\u00e3o parece ter desencorajado alguns canais de continuar veiculando as mesmas ideias sensacionalistas, as vezes baseadas em provas escassas. Em particular, meio \u00e0 pandemia, e enquanto <a href=\"https:\/\/bit.ly\/340KKtn\" target=\"_blank\" rel=\"noopener noreferrer\">organiza\u00e7\u00f5es comunit\u00e1rias respondiam \u00e0 crise<\/a> com incr\u00edvel prontid\u00e3o, v\u00e1rias m\u00eddias <a href=\"https:\/\/bit.ly\/2yCJHVe\" target=\"_blank\" rel=\"noopener noreferrer\">brasileiras<\/a> e <a href=\"https:\/\/on.ft.com\/2YG4jqi\" target=\"_blank\" rel=\"noopener noreferrer\">internacionais<\/a> resolveram focar, na terceira semana de quarentena, na informa\u00e7\u00e3o de que o tr\u00e1fico de drogas impunha um<\/span> <span style=\"font-weight: 400;\">toque de recolher<\/span><span style=\"font-weight: 400;\"> em algumas comunidades. Um conte\u00fado raso e sem sequer uma fun\u00e7\u00e3o social, tomando tempo e energia de leitores num momento em que leitura e compartilhamento de informa\u00e7\u00f5es de qualidade s\u00e3o criticas para salvar vidas. N\u00e3o h\u00e1 justifica\u00e7\u00e3o \u00e9tica para este foco durante uma semana t\u00e3o cr\u00edtica. A \u00fanica justifica\u00e7\u00e3o, como comumente \u00e9 o caso na cobertura das favelas, \u00e9 ibope e lucro em cima do descaso.<\/span><\/p>\n<p><span style=\"font-weight: 400;\">Embora seja uma verdade triste de algumas comunidades do Rio, essa atua\u00e7\u00e3o de grupos civis armados (\u00e9 importante destacar que t\u00eam relatos do mesmo fen\u00f4meno acontecendo em \u00e1reas controladas por mil\u00edcias, tanto quanto de <a href=\"https:\/\/glo.bo\/3euWgSD\" target=\"_blank\" rel=\"noopener noreferrer\">mil\u00edcias barrando o isolamento<\/a>, fatos bem menos pautados), \u00e9 um elemento simples dentro de uma hist\u00f3ria rica e complexa e muito mais importante: a <a href=\"https:\/\/glo.bo\/3euWgSD\" target=\"_blank\" rel=\"noopener noreferrer\">mobiliza\u00e7\u00e3o comunit\u00e1ria<\/a> diante a neglig\u00eancia do Estado. Ao focar um holofote estigmatizante acima de um elemento m\u00ednimo do que est\u00e1 ocorrendo nas favelas, quando a pauta principal do momento \u00e9 sua resili\u00eancia e protagonismo, o vi\u00e9s da m\u00eddia se torna ainda mais desmascarado.<\/span><\/p>\n<h3><b>2. Romantizar o Confinamento<\/b><\/h3>\n<p><a href=\"https:\/\/rioonwatch.org.br\/wp-content\/uploads\/2020\/05\/Mare\u0301-by-Antoine-Horenbeek.jpg\"><img decoding=\"async\" class=\"aligncenter wp-image-47239 size-content\" title=\"Mar\u00e9. Foto: Antoine Horenbeek\" src=\"https:\/\/rioonwatch.org.br\/wp-content\/uploads\/2020\/05\/Mare\u0301-by-Antoine-Horenbeek-620x264.jpg\" alt=\"\" width=\"620\" height=\"264\" srcset=\"https:\/\/rioonwatch.org.br\/wp-content\/uploads\/2020\/05\/Mare\u0301-by-Antoine-Horenbeek-620x264.jpg 620w, https:\/\/rioonwatch.org.br\/wp-content\/uploads\/2020\/05\/Mare\u0301-by-Antoine-Horenbeek-940x400.jpg 940w\" sizes=\"(max-width: 620px) 100vw, 620px\" \/><\/a><\/p>\n<p><span style=\"font-weight: 400;\">Ao fazer reportagens sobre a adapta\u00e7\u00e3o do modo de vida na sociedade em tempos de isolamento social, uns jornalistas se focam em hist\u00f3rias dos que conseguem lidar bem com a situa\u00e7\u00e3o, sem mencionar as <a href=\"https:\/\/bit.ly\/2xZzthv\" target=\"_blank\" rel=\"noopener noreferrer\">dificuldades vividas<\/a> pela grande maioria. Se alguns aproveitem do isolamento para se dedicar a sua fam\u00edlia, redescobrir prazer simples, se centrar no seu lar e cuidar de si, em realidade, para muitos mais na nossa sociedade, a <a href=\"https:\/\/bit.ly\/2wXJV8G\" target=\"_blank\" rel=\"noopener noreferrer\">maior preocupa\u00e7\u00e3o do isolamento<\/a> \u00e9 de sobreviver \u00e0 fome, medo, promiscuidade, <a href=\"https:\/\/bit.ly\/35HttpX\" target=\"_blank\" rel=\"noopener noreferrer\">viol\u00eancias dom\u00e9sticas<\/a>, e falta de perspectivas.<\/span><\/p>\n<p><span style=\"font-weight: 400;\">Esta narrativa de quarentena como tempo de qualidade para reflex\u00e3o e momento privilegiado para fazer coisas que importam \u00e9 relatada pelas classes m\u00e9dia e alta cujas condi\u00e7\u00f5es de conforto e preocupa\u00e7\u00f5es n\u00e3o t\u00eam nada a ver com as das comunidades. Romantizar por sua vez o confinamento, seja onde for, \u00e9 desviar a aten\u00e7\u00e3o das necessidades urgentes e primordiais que vivemos como sociedade. Se a pandemia nos ensina uma coisa, \u00e9 que todos s\u00e3o intrincadamente interligados.<\/span><\/p>\n<p><span style=\"font-weight: 400;\">N\u00e3o \u00e9 uma quest\u00e3o de esconder que o confinamento pode ser fonte de cria\u00e7\u00e3o para alguns e que t\u00eam v\u00e1rias atividades sendo desenvolvidas para manter a forma f\u00edsica e psicol\u00f3gica apesar do isolamento social, mas n\u00e3o deve-se criar uma narrativa indecente de elogio do confinamento.\u00a0 <\/span><\/p>\n<h3><b>3. &#8220;Heroizar&#8221; Ativistas Comunit\u00e1rios sem Denunciar Falta de Servi\u00e7os P\u00fablicos<\/b><\/h3>\n<p><a href=\"https:\/\/rioonwatch.org.br\/wp-content\/uploads\/2020\/05\/sanitiza\u00e7\u00e3o-Santa-Marta.jpeg\"><img loading=\"lazy\" decoding=\"async\" class=\"aligncenter wp-image-47223\" title=\"Volunt\u00e1rios e moradores realizam sanitiza\u00e7\u00e3o na favela Santa Marta, no Rio de Janeiro. Foto: Thiago Firmino\/Arquivo Pessoal\" src=\"https:\/\/rioonwatch.org.br\/wp-content\/uploads\/2020\/05\/sanitiza\u00e7\u00e3o-Santa-Marta.jpeg\" alt=\"\" width=\"620\" height=\"349\" srcset=\"https:\/\/rioonwatch.org.br\/wp-content\/uploads\/2020\/05\/sanitiza\u00e7\u00e3o-Santa-Marta.jpeg 1280w, https:\/\/rioonwatch.org.br\/wp-content\/uploads\/2020\/05\/sanitiza\u00e7\u00e3o-Santa-Marta-469x264.jpeg 469w, https:\/\/rioonwatch.org.br\/wp-content\/uploads\/2020\/05\/sanitiza\u00e7\u00e3o-Santa-Marta-620x349.jpeg 620w, https:\/\/rioonwatch.org.br\/wp-content\/uploads\/2020\/05\/sanitiza\u00e7\u00e3o-Santa-Marta-768x432.jpeg 768w, https:\/\/rioonwatch.org.br\/wp-content\/uploads\/2020\/05\/sanitiza\u00e7\u00e3o-Santa-Marta-1024x576.jpeg 1024w, https:\/\/rioonwatch.org.br\/wp-content\/uploads\/2020\/05\/sanitiza\u00e7\u00e3o-Santa-Marta-580x326.jpeg 580w, https:\/\/rioonwatch.org.br\/wp-content\/uploads\/2020\/05\/sanitiza\u00e7\u00e3o-Santa-Marta-174x98.jpeg 174w\" sizes=\"(max-width: 620px) 100vw, 620px\" \/><\/a><\/p>\n<p><span style=\"font-weight: 400;\">Desde o come\u00e7o da crise da Covid-19, muitos grupos comunit\u00e1rios se organizaram para <a href=\"https:\/\/bit.ly\/3bcIaTX\" target=\"_blank\" rel=\"noopener noreferrer\">divulgar informa\u00e7\u00e3o de preven\u00e7\u00e3o<\/a>, <a href=\"https:\/\/bit.ly\/2wzR0fx\" target=\"_blank\" rel=\"noopener noreferrer\">arrecadar doa\u00e7\u00f5es<\/a>, <a href=\"https:\/\/bit.ly\/3bZvYWy\" target=\"_blank\" rel=\"noopener noreferrer\">distribuir kit de higiene e cestas b\u00e1sicas<\/a> para fam\u00edlias passando por necessidade, e mais recentemente costurar m\u00e1scaras, <a href=\"https:\/\/bit.ly\/3fmvzzY\" target=\"_blank\" rel=\"noopener noreferrer\">instalar pias comunit\u00e1rias<\/a> ou <a href=\"https:\/\/glo.bo\/2wvwFrC\" target=\"_blank\" rel=\"noopener noreferrer\">higienizar os bairros<\/a>. Estas iniciativas de ajuda e mobiliza\u00e7\u00f5es, para e pelas pr\u00f3prias comunidades, est\u00e3o cada vez mais aparentes na m\u00eddia, o que \u00e9 bom ao mostrar \u00e0 ag\u00eancia e protagonismo local e sua efic\u00e1cia e capacidade, mas <\/span><span style=\"font-weight: 400;\">n\u00e3o na <a href=\"https:\/\/bit.ly\/3drWCrP\" target=\"_blank\" rel=\"noopener noreferrer\">aus\u00eancia de recordar<\/a><\/span><span style=\"font-weight: 400;\"> que a falta de servi\u00e7os p\u00fablicos e <a href=\"https:\/\/bit.ly\/2Rku5Mf\" target=\"_blank\" rel=\"noopener noreferrer\">neglig\u00eancia do estado<\/a> est\u00e1 na origem das car\u00eancias. Os volunt\u00e1rios comunit\u00e1rios chegam ao ponto de tomar as r\u00e9deas porque os poderes p\u00fablicos n\u00e3o assumem a responsabilidade que lhes cabe.<\/span><\/p>\n<p><span style=\"font-weight: 400;\">Ao<\/span> <a href=\"https:\/\/glo.bo\/3dS4ROS\" target=\"_blank\" rel=\"noopener noreferrer\"><span style=\"font-weight: 400;\">pintar estes ativistas como her\u00f3is<\/span><\/a><span style=\"font-weight: 400;\">, a m\u00eddia normaliza e idealiza esta transfer\u00eancia de responsabilidade. Mas a admira\u00e7\u00e3o n\u00e3o \u00e9 bem-vinda se n\u00e3o \u00e9 seguida de demanda por garantias de direito, respeito e dignidade. Desvia o olhar que deveria estar focado na den\u00fancia de falta de medidas efetivas por parte das autoridades, e n\u00e3o nos parab\u00e9ns aos que preenchem os vazios tanto quanto poss\u00edvel. O papel da m\u00eddia n\u00e3o deveria ser de lan\u00e7ar um olhar complacente, at\u00e9 condescendente, mas de mostrar que estas a\u00e7\u00f5es n\u00e3o substituem o Estado. Precisamos de ambos nas mat\u00e9rias sobre a\u00e7\u00f5es locais: o reconhecimento da luta, a autogest\u00e3o e a resist\u00eancia criada historicamente nas favelas, e o reconhecimento da aus\u00eancia dos direitos que obriga as comunidades a se organizar e seus mobilizadores a se colocarem na linha de frente do risco.<\/span><\/p>\n<h3><b>4. N\u00e3o Cobrir, ou Cobrir Superficialmente, Viol\u00eancia Dom\u00e9stica<\/b><\/h3>\n<p><a href=\"https:\/\/rioonwatch.org.br\/wp-content\/uploads\/2020\/05\/violencia_domestica_marcos_santos_usp.jpg\"><img loading=\"lazy\" decoding=\"async\" class=\"aligncenter wp-image-47242 size-content\" title=\"Foto: Marcos Santos | USP\" src=\"https:\/\/rioonwatch.org.br\/wp-content\/uploads\/2020\/05\/violencia_domestica_marcos_santos_usp-620x264.jpg\" alt=\"Foto: Marcos Santos | USP\" width=\"620\" height=\"264\" srcset=\"https:\/\/rioonwatch.org.br\/wp-content\/uploads\/2020\/05\/violencia_domestica_marcos_santos_usp-620x264.jpg 620w, https:\/\/rioonwatch.org.br\/wp-content\/uploads\/2020\/05\/violencia_domestica_marcos_santos_usp-940x400.jpg 940w\" sizes=\"(max-width: 620px) 100vw, 620px\" \/><\/a><\/p>\n<p><span style=\"font-weight: 400;\">Pouca m\u00eddia est\u00e1 se debru\u00e7ando sobre os efeitos sociais danosos e <a href=\"https:\/\/bit.ly\/3dqeyTF\" target=\"_blank\" rel=\"noopener noreferrer\">potencializados pelo isolamento social<\/a>, tais como os <a href=\"https:\/\/bit.ly\/3dvcoC6\" target=\"_blank\" rel=\"noopener noreferrer\">epis\u00f3dios de viol\u00eancia dom\u00e9stica<\/a>. Salvo raras exce\u00e7\u00f5es presentes em iniciativas editoriais independentes, setorizadas ou institucionais, a produ\u00e7\u00e3o de conte\u00fados contextualizados e focados especificamente neste tipo de viol\u00eancia s\u00e3o raros ou muito superficiais. No entanto, os impactos perturbadores dessa viol\u00eancia sobre a sa\u00fade f\u00edsica, sexual, reprodutiva e mental de mulheres, crian\u00e7as e adolescentes, incluindo a popula\u00e7\u00e3o LGBTQA+ s\u00e3o imensas, ainda mais quando fugir n\u00e3o \u00e9 uma op\u00e7\u00e3o.<\/span><\/p>\n<p><span style=\"font-weight: 400;\">A grande m\u00eddia come\u00e7ou a ecoar o problema mais uma vez s\u00f3 a partir de uma declara\u00e7\u00e3o oficial, <a href=\"https:\/\/bit.ly\/3bf1u2b\" target=\"_blank\" rel=\"noopener noreferrer\">no caso de Ant\u00f3nio Guterres<\/a>, chefe da Organiza\u00e7\u00e3o das Na\u00e7\u00f5es Unidas que pediu medidas para combater o assunto crescente. Por\u00e9m, para a maioria, foi s\u00f3 uma mera reprodu\u00e7\u00e3o da fala de Guterres e das conclus\u00f5es da ONU, com pouco destaque acerca das perturba\u00e7\u00f5es internalizadas decorrentes do isolamento social tais como ansiedade, depress\u00e3o, idealiza\u00e7\u00e3o de suic\u00eddio e agressividade por parte de maridos e namorados violentos. As coberturas tamb\u00e9m faltam de resgate historiogr\u00e1fico decorrente de momentos de crise na sociedade com impactos na economia e pol\u00edtica, por exemplo, sob o ponto de vista de epidemias que, historicamente, trazem aumento da viol\u00eancia contra a mulher, como aconteceu com o<\/span> e<span style=\"font-weight: 400;\">bola na \u00c1frica e a c\u00f3lera no Haiti<\/span><span style=\"font-weight: 400;\">. Tamb\u00e9m poucas s\u00e3o as mat\u00e9rias que mencionam ou analisam a exist\u00eancia de apenas <a href=\"https:\/\/bit.ly\/3bf1LCf\" target=\"_blank\" rel=\"noopener noreferrer\">21 delegacias especializadas no atendimento \u00e0s mulheres<\/a> com funcionamento 24 horas em todo o pa\u00eds. Dessas, s\u00f3 S\u00e3o Paulo e Rio de Janeiro possuem delegacias fora das capitais.<\/span><\/p>\n<p><span style=\"font-weight: 400;\">As narrativas mais usadas mais uma vez reproduzem a ideia que o papel das v\u00edtimas \u00e9 sempre o de se proteger atrav\u00e9s de variados meios, mas n\u00e3o culpabilizam de forma suficiente a viol\u00eancia dos agressores. Tamb\u00e9m s\u00e3o muito poucas as mat\u00e9rias que intensificam o debate em torno de pol\u00edticas pedag\u00f3gicas antimachistas que<\/span><a href=\"https:\/\/bit.ly\/2yCLj1e\" target=\"_blank\" rel=\"noopener noreferrer\"> <span style=\"font-weight: 400;\">responsabilizam os homens<\/span><\/a><span style=\"font-weight: 400;\"> pela iniciativa de impedir atos violentos em domic\u00edlio no contexto da pandemia. Teve ainda menos conte\u00fado que enfatizou a recorr\u00eancia de epis\u00f3dios de estresse decorrente da sobrecarga de mulheres nos servi\u00e7os dom\u00e9sticos e nos cuidados com os entes familiares que pertencem aos grupos de risco.<\/span><\/p>\n<h3><b>5. <\/b><b>N\u00e3o Remunerar Comunicadores Populares Contribuintes e Usar Imagens de Pessoas Sem Sua Autoriza\u00e7\u00e3o<\/b><\/h3>\n<p><a href=\"https:\/\/rioonwatch.org.br\/wp-content\/uploads\/2020\/05\/Witness-no-Favela-em-Pauta.jpeg\"><img loading=\"lazy\" decoding=\"async\" class=\"aligncenter wp-image-47238 size-content\" title=\"&quot;N\u00e3o seremos pauta, n\u00f3s pautamos a nossa exist\u00eancia!&quot; Foto: Favela Em Pauta | Witness.org\" src=\"https:\/\/rioonwatch.org.br\/wp-content\/uploads\/2020\/05\/Witness-no-Favela-em-Pauta-620x264.jpeg\" alt=\"\" width=\"620\" height=\"264\" srcset=\"https:\/\/rioonwatch.org.br\/wp-content\/uploads\/2020\/05\/Witness-no-Favela-em-Pauta-620x264.jpeg 620w, https:\/\/rioonwatch.org.br\/wp-content\/uploads\/2020\/05\/Witness-no-Favela-em-Pauta-940x400.jpeg 940w\" sizes=\"(max-width: 620px) 100vw, 620px\" \/><\/a><\/p>\n<p><span style=\"font-weight: 400;\">Em tempos de pandemia, ainda mais do que o habitual, poucos s\u00e3o os jornalistas que se aventuram no territ\u00f3rio das favelas, ent\u00e3o o trabalho deles <a href=\"https:\/\/bit.ly\/3dtoc7Y\" target=\"_blank\" rel=\"noopener noreferrer\">baseia-se em boa parte nas fontes locais<\/a>. Muitos moradores de favelas acabam exercendo o papel de <\/span><i><span style=\"font-weight: 400;\">fixer <\/span><\/i><span style=\"font-weight: 400;\">ou produzindo conte\u00fados diretamente retomados pela m\u00eddia. Apesar da parceria estabelecida e da troca de qualidade de conte\u00fado, \u00e9 essencial que ve\u00edculos e equipes de grandes redes de comunica\u00e7\u00e3o seja TV, impresso ou portais de not\u00edcias e ag\u00eancias, estabele\u00e7am um pagamento pelo apoio e uso da produ\u00e7\u00e3o de conte\u00fado dos comunicadores comunit\u00e1rios.<\/span><\/p>\n<p><span style=\"font-weight: 400;\">Ainda que a rela\u00e7\u00e3o de troca seja fundamental neste momento, mediante a quest\u00f5es econ\u00f4micas de sobreviv\u00eancia, a reprodu\u00e7\u00e3o de conte\u00fado poderia come\u00e7ar a ser remunerada por ve\u00edculos de grandes redes. \u00c9 uma forma tamb\u00e9m de auxiliar e dar suporte a a\u00e7\u00e3o de comunicadores e jornalistas das favelas e suas fam\u00edlias. (Importante: o apontamento n\u00e3o se refere a entrevistas realizadas com os moradores como fonte de informa\u00e7\u00e3o.)<\/span><\/p>\n<p><span style=\"font-weight: 400;\">N\u00e3o se quebram os princ\u00edpios habituais do jornalismo, como direitos de imagem, mesmo numa \u00e9poca de crise. Mas j\u00e1 ouvimos v\u00e1rios relatos de falta de profissionalismo e respeito sobre isso. Por exemplo, em mar\u00e7o, um projeto social na Cidade De Deus foi procurado por dois foto-jornalistas freelancers com a suposta inten\u00e7\u00e3o de fotografar fam\u00edlias da favela para ajudar. Mas n\u00e3o deixaram claro as verdadeiras inten\u00e7\u00f5es das fotos, que acabaram vendidas para v\u00e1rios ve\u00edculos de comunica\u00e7\u00e3o diferentes e at\u00e9 sa\u00edram em duas capas de jornais nacionais e na TV. As entrevistadas n\u00e3o imaginavam que teriam suas imagens expostas dessa maneira. Uma gestante entrevistada foi particularmente afetada por muitas pessoas que julgaram e xingaram a mo\u00e7a nas redes sociais do jornal <\/span><i><span style=\"font-weight: 400;\">Extra<\/span><\/i><span style=\"font-weight: 400;\">. Ela se sentiu invadida e explica que n\u00e3o autorizou que sua imagem fosse para tantos ve\u00edculos.<\/span><\/p>\n<h3><b>6. Falta de Apura\u00e7\u00e3o ou Informa\u00e7\u00f5es Imprecisas\u00a0<\/b><\/h3>\n<p><a href=\"https:\/\/rioonwatch.org.br\/wp-content\/uploads\/2020\/05\/Carro-da-rapada-1-e1588916501498.jpg\"><img loading=\"lazy\" decoding=\"async\" class=\"aligncenter wp-image-47227 size-content\" title=\"Carro da Lapada - Moradores filmam carro de som anunciando toque de recolher durante pandemia do coronav\u00edrus. Foto: Reprodu\u00e7\u00e3o\/Twitter 'comunidadeRJ'\" src=\"https:\/\/rioonwatch.org.br\/wp-content\/uploads\/2020\/05\/Carro-da-rapada-1-e1588916501498-620x264.jpg\" alt=\"\" width=\"620\" height=\"264\" \/><\/a><\/p>\n<p><span style=\"font-weight: 400;\">Quando o tema \u00e9 favela \u00e9 poss\u00edvel encontrar com facilidade, na grande m\u00eddia, mat\u00e9rias mal apuradas, com informa\u00e7\u00f5es faltando ou at\u00e9 mesmo contendo imagens ou dados falsos, como no <a href=\"https:\/\/bit.ly\/3dqytSp\" target=\"_blank\" rel=\"noopener noreferrer\">caso ocorrido em Acari<\/a><\/span><span style=\"font-weight: 400;\">. \u00c9 necess\u00e1rio fazer apura\u00e7\u00e3o de qualidade quando o assunto vem da favela da mesma forma como se a informa\u00e7\u00e3o viesse de qualquer outro lugar, talvez, at\u00e9 mais. Ter fontes seguras \u00e9 fundamental. \u00c9 preciso buscar associa\u00e7\u00f5es locais, moradores, l\u00edderes comunit\u00e1rios, jornalistas que moram na regi\u00e3o, acessar os sites e redes sociais de m\u00eddias e coletivos de favela e, dessa forma, buscar e reunir informa\u00e7\u00e3o de qualidade.\u00a0<\/span><\/p>\n<p><span style=\"font-weight: 400;\">Al\u00e9m disso, \u00e9 fundamental que essa informa\u00e7\u00e3o seja acess\u00edvel. N\u00e3o adianta querer informar a favela e usar palavras como \u201clockdown\u201d ou \u201chome office\u201d. N\u00e3o apenas o favelado mas a maior parte da popula\u00e7\u00e3o brasileira n\u00e3o entende esses termos. \u00c9 preciso que a informa\u00e7\u00e3o n\u00e3o apenas chegue mas que seja clara, direta e acess\u00edvel.\u00a0<\/span><\/p>\n<h3><b>7. Falta de Empatia<\/b><\/h3>\n<p><a href=\"https:\/\/rioonwatch.org.br\/wp-content\/uploads\/2020\/05\/PPG-Ipanema.jpg\"><img loading=\"lazy\" decoding=\"async\" class=\"aligncenter wp-image-47240\" title=\"Pav\u00e3o-Pav\u00e3osinho e Ipanema. Foto: ComCat | RioOnWatch\" src=\"https:\/\/rioonwatch.org.br\/wp-content\/uploads\/2020\/05\/PPG-Ipanema.jpg\" alt=\"\" width=\"620\" height=\"348\" \/><\/a><\/p>\n<p><span style=\"font-weight: 400;\">As mat\u00e9rias contando os \u00f3bitos por coronav\u00edrus em favelas se multiplicam a cada dia, apontando cada morador de favela como<\/span><a href=\"https:\/\/bit.ly\/3cqL5cp\" target=\"_blank\" rel=\"noopener noreferrer\"> <span style=\"font-weight: 400;\">mais uma estat\u00edstica<\/span><\/a><span style=\"font-weight: 400;\"> de maneira fria, quando deveriam ser valorizadas as hist\u00f3rias das pessoas, como \u00e9 feito com moradores de \u00e1reas nobres. \u00c9 fundamental ter um olhar mais humano, por\u00e9m sem violar a privacidade das v\u00edtimas e de suas fam\u00edlias.<\/span><\/p>\n<p><span style=\"font-weight: 400;\">Reconhecemos que acertar esse equil\u00edbrio delicado\u2014de combinar empatia com rigor, sem reproduzir estigma nem romantizar demais\u2014\u00e9 dif\u00edcil, ainda mais em tempos de pandemia e uma nova urg\u00eancia midi\u00e1tica exigida pelos grandes canais. Mas a crise atual requer, mais do que nunca, um jornalismo de qualidade.<\/span><\/p>\n<p><em>Esta mat\u00e9ria foi escrita de forma coletiva e \u00e9 assinada pelos comunicadores Bia Carvalho, Carla Souza, F\u00e1bio Leon, Gracilene Firmino, Jota Marques, Tatiana Lima, Th\u00e1bara Garcia e Tha\u00eds Cavalcante.<\/em><\/p>\n<hr \/>\n<h4><strong>Apoie nossos esfor\u00e7os para fornecer assist\u00eancia estrat\u00e9gica \u00e0s favelas do Rio durante a pandemia de Covid-19, incluindo o jornalismo hiperlocal, cr\u00edtico, inovador e incans\u00e1vel do\u00a0<em>RioOnWatch<\/em><\/strong>\u2014<a href=\"http:\/\/bit.ly\/CatalisandoComunidades\">doe aqui<\/a>.<\/h4>\n<!-- AddThis Advanced Settings generic via filter on the_content --><!-- AddThis Share Buttons generic via filter on the_content -->","protected":false},"excerpt":{"rendered":"<div class=\"mh-excerpt\"><p>Click Here for English Esta \u00e9 a nossa mais recente mat\u00e9ria sobre\u00a0o novo coronav\u00edrus e seus impactos sobre as favelas e tamb\u00e9m faz\u00a0parte do debate promovido pelo RioOnWatch sobre a\u00a0narrativa\u00a0e as\u00a0representa\u00e7\u00f5es midi\u00e1ticas\u00a0acerca das favelas cariocas. <a class=\"mh-excerpt-more\" href=\"https:\/\/rioonwatch.org.br\/?p=47210\" title=\"7 Erros Cometidos Pela Imprensa ao Cobrir Coronav\u00edrus nas Favelas\">[&#8230;]<\/a><!-- AddThis Advanced Settings generic via filter on get_the_excerpt --><!-- AddThis Share Buttons generic via filter on get_the_excerpt --><\/p>\n<\/div>","protected":false},"author":129,"featured_media":47240,"comment_status":"closed","ping_status":"closed","sticky":false,"template":"","format":"standard","meta":{"_acf_changed":false,"_monsterinsights_skip_tracking":false,"_monsterinsights_sitenote_active":false,"_monsterinsights_sitenote_note":"","_monsterinsights_sitenote_category":0,"footnotes":""},"categories":[2753,1621,1632,346,1631,1625,1613],"tags":[386,592,1676,2748,1167,1166,2470,482,1151,1760,417,1722,2754,562,30,2387,218],"writer":[2752,2466,2249,2177,2798,2800,1294,284],"translator":[],"source":[],"ilustrador":[],"fotografo":[],"class_list":{"0":"post-47210","1":"post","2":"type-post","3":"status-publish","4":"format-standard","5":"has-post-thumbnail","7":"category-covid19nasfavelas","8":"category-destaque","9":"category-pesquisa-e-analise","10":"category-denuncias","11":"category-entendendo-o-rio","12":"category-por-correspondentes-comunitarios","13":"category-midia-comunitaria","14":"tag-estigma","15":"tag-acari","16":"tag-analise-cobertura-de-favelas","17":"tag-coronavirus","18":"tag-grande-midia","19":"tag-jornalismo","20":"tag-listicle","21":"tag-milicia","22":"tag-organizacao","23":"tag-narrativa-midiatica","24":"tag-negligencia-do-estado","25":"tag-onu","26":"tag-serie-covid-19-nas-favelas","27":"tag-trafico-de-drogas","28":"tag-violencia","29":"tag-violencia-contra-a-mulher","30":"tag-zona-norte","31":"writer-anouk-aflalo-dore","32":"writer-beatriz-carvalho","33":"writer-edmund-ruge","34":"writer-fabio-leon","35":"writer-gracilene-firmino","36":"writer-tatiana-lima","37":"writer-thais-cavalcante","38":"writer-theresa-williamson"},"acf":[],"yoast_head":"<!-- This site is optimized with the Yoast SEO plugin v25.6 - https:\/\/yoast.com\/wordpress\/plugins\/seo\/ -->\n<title>7 Erros Cometidos Pela Imprensa ao Cobrir Coronav\u00edrus nas Favelas - RioOnWatch<\/title>\n<meta name=\"robots\" content=\"index, follow, max-snippet:-1, max-image-preview:large, max-video-preview:-1\" \/>\n<link rel=\"canonical\" href=\"https:\/\/rioonwatch.org.br\/?p=47210\" \/>\n<meta property=\"og:locale\" content=\"pt_BR\" \/>\n<meta property=\"og:type\" content=\"article\" \/>\n<meta property=\"og:title\" content=\"7 Erros Cometidos Pela Imprensa ao Cobrir Coronav\u00edrus nas Favelas - RioOnWatch\" \/>\n<meta property=\"og:description\" content=\"Click Here for English Esta \u00e9 a nossa mais recente mat\u00e9ria sobre\u00a0o novo coronav\u00edrus e seus impactos sobre as favelas e tamb\u00e9m faz\u00a0parte do debate promovido pelo RioOnWatch sobre a\u00a0narrativa\u00a0e as\u00a0representa\u00e7\u00f5es midi\u00e1ticas\u00a0acerca das favelas cariocas. [...]\" \/>\n<meta property=\"og:url\" content=\"https:\/\/rioonwatch.org.br\/?p=47210\" \/>\n<meta property=\"og:site_name\" content=\"RioOnWatch\" \/>\n<meta property=\"article:published_time\" content=\"2020-05-08T14:33:22+00:00\" \/>\n<meta property=\"article:modified_time\" content=\"2023-08-01T19:43:39+00:00\" \/>\n<meta property=\"og:image\" content=\"https:\/\/rioonwatch.org.br\/wp-content\/uploads\/2020\/05\/PPG-Ipanema-scaled.jpg\" \/>\n\t<meta property=\"og:image:width\" content=\"2560\" \/>\n\t<meta property=\"og:image:height\" content=\"1438\" \/>\n\t<meta property=\"og:image:type\" content=\"image\/jpeg\" \/>\n<meta name=\"author\" content=\"Admin\" \/>\n<meta name=\"twitter:card\" content=\"summary_large_image\" \/>\n<meta name=\"twitter:label1\" content=\"Escrito por\" \/>\n\t<meta name=\"twitter:data1\" content=\"Admin\" \/>\n\t<meta name=\"twitter:label2\" content=\"Est. tempo de leitura\" \/>\n\t<meta name=\"twitter:data2\" content=\"11 minutos\" \/>\n<script type=\"application\/ld+json\" class=\"yoast-schema-graph\">{\"@context\":\"https:\/\/schema.org\",\"@graph\":[{\"@type\":\"Article\",\"@id\":\"https:\/\/rioonwatch.org.br\/?p=47210#article\",\"isPartOf\":{\"@id\":\"https:\/\/rioonwatch.org.br\/?p=47210\"},\"author\":{\"name\":\"Admin\",\"@id\":\"https:\/\/rioonwatch.org.br\/#\/schema\/person\/11d64c290506f9df50c71b850c473f68\"},\"headline\":\"7 Erros Cometidos Pela Imprensa ao Cobrir Coronav\u00edrus nas Favelas\",\"datePublished\":\"2020-05-08T14:33:22+00:00\",\"dateModified\":\"2023-08-01T19:43:39+00:00\",\"mainEntityOfPage\":{\"@id\":\"https:\/\/rioonwatch.org.br\/?p=47210\"},\"wordCount\":2206,\"publisher\":{\"@id\":\"https:\/\/rioonwatch.org.br\/#organization\"},\"image\":{\"@id\":\"https:\/\/rioonwatch.org.br\/?p=47210#primaryimage\"},\"thumbnailUrl\":\"https:\/\/rioonwatch.org.br\/wp-content\/uploads\/2020\/05\/PPG-Ipanema-scaled.jpg\",\"keywords\":[\"#StopFavelaStigma\",\"Acari\",\"an\u00e1lise cobertura de favelas\",\"coronav\u00edrus\",\"grande m\u00eddia\",\"jornalismo\",\"listicle\",\"Mil\u00edcia\",\"mobiliza\u00e7\u00e3o\",\"narrativa midi\u00e1tica\",\"Neglig\u00eancia do Estado\",\"ONU\",\"S\u00e9rie: Covid-19 Nas Favelas\",\"tr\u00e1fico de drogas\",\"viol\u00eancia\",\"viol\u00eancia contra a mulher\",\"Zona Norte\"],\"articleSection\":[\"#Covid19NasFavelas\",\"*Destaque\",\"Dados e Pesquisa\",\"Den\u00fancias\",\"Entendendo o Rio\",\"Escrito por Comunicadores Populares\",\"M\u00eddia Comunit\u00e1ria\"],\"inLanguage\":\"pt-BR\"},{\"@type\":\"WebPage\",\"@id\":\"https:\/\/rioonwatch.org.br\/?p=47210\",\"url\":\"https:\/\/rioonwatch.org.br\/?p=47210\",\"name\":\"7 Erros Cometidos Pela Imprensa ao Cobrir Coronav\u00edrus nas Favelas - RioOnWatch\",\"isPartOf\":{\"@id\":\"https:\/\/rioonwatch.org.br\/#website\"},\"primaryImageOfPage\":{\"@id\":\"https:\/\/rioonwatch.org.br\/?p=47210#primaryimage\"},\"image\":{\"@id\":\"https:\/\/rioonwatch.org.br\/?p=47210#primaryimage\"},\"thumbnailUrl\":\"https:\/\/rioonwatch.org.br\/wp-content\/uploads\/2020\/05\/PPG-Ipanema-scaled.jpg\",\"datePublished\":\"2020-05-08T14:33:22+00:00\",\"dateModified\":\"2023-08-01T19:43:39+00:00\",\"breadcrumb\":{\"@id\":\"https:\/\/rioonwatch.org.br\/?p=47210#breadcrumb\"},\"inLanguage\":\"pt-BR\",\"potentialAction\":[{\"@type\":\"ReadAction\",\"target\":[\"https:\/\/rioonwatch.org.br\/?p=47210\"]}]},{\"@type\":\"ImageObject\",\"inLanguage\":\"pt-BR\",\"@id\":\"https:\/\/rioonwatch.org.br\/?p=47210#primaryimage\",\"url\":\"https:\/\/rioonwatch.org.br\/wp-content\/uploads\/2020\/05\/PPG-Ipanema-scaled.jpg\",\"contentUrl\":\"https:\/\/rioonwatch.org.br\/wp-content\/uploads\/2020\/05\/PPG-Ipanema-scaled.jpg\",\"width\":2560,\"height\":1438},{\"@type\":\"BreadcrumbList\",\"@id\":\"https:\/\/rioonwatch.org.br\/?p=47210#breadcrumb\",\"itemListElement\":[{\"@type\":\"ListItem\",\"position\":1,\"name\":\"In\u00edcio\",\"item\":\"https:\/\/rioonwatch.org.br\/\"},{\"@type\":\"ListItem\",\"position\":2,\"name\":\"7 Erros Cometidos Pela Imprensa ao Cobrir Coronav\u00edrus nas Favelas\"}]},{\"@type\":\"WebSite\",\"@id\":\"https:\/\/rioonwatch.org.br\/#website\",\"url\":\"https:\/\/rioonwatch.org.br\/\",\"name\":\"RioOnWatch\",\"description\":\"relatos das favelas cariocas\",\"publisher\":{\"@id\":\"https:\/\/rioonwatch.org.br\/#organization\"},\"potentialAction\":[{\"@type\":\"SearchAction\",\"target\":{\"@type\":\"EntryPoint\",\"urlTemplate\":\"https:\/\/rioonwatch.org.br\/?s={search_term_string}\"},\"query-input\":{\"@type\":\"PropertyValueSpecification\",\"valueRequired\":true,\"valueName\":\"search_term_string\"}}],\"inLanguage\":\"pt-BR\"},{\"@type\":\"Organization\",\"@id\":\"https:\/\/rioonwatch.org.br\/#organization\",\"name\":\"RioOnWatch\",\"url\":\"https:\/\/rioonwatch.org.br\/\",\"logo\":{\"@type\":\"ImageObject\",\"inLanguage\":\"pt-BR\",\"@id\":\"https:\/\/rioonwatch.org.br\/#\/schema\/logo\/image\/\",\"url\":\"https:\/\/rioonwatch.org.br\/wp-content\/uploads\/2021\/06\/RioOnWatchcabecalhoPT11anos-2.png\",\"contentUrl\":\"https:\/\/rioonwatch.org.br\/wp-content\/uploads\/2021\/06\/RioOnWatchcabecalhoPT11anos-2.png\",\"width\":779,\"height\":277,\"caption\":\"RioOnWatch\"},\"image\":{\"@id\":\"https:\/\/rioonwatch.org.br\/#\/schema\/logo\/image\/\"}},{\"@type\":\"Person\",\"@id\":\"https:\/\/rioonwatch.org.br\/#\/schema\/person\/11d64c290506f9df50c71b850c473f68\",\"name\":\"Admin\",\"image\":{\"@type\":\"ImageObject\",\"inLanguage\":\"pt-BR\",\"@id\":\"https:\/\/rioonwatch.org.br\/#\/schema\/person\/image\/\",\"url\":\"https:\/\/secure.gravatar.com\/avatar\/56211ac74568383903349a1485e3c325?s=96&d=blank&r=g\",\"contentUrl\":\"https:\/\/secure.gravatar.com\/avatar\/56211ac74568383903349a1485e3c325?s=96&d=blank&r=g\",\"caption\":\"Admin\"},\"url\":\"https:\/\/rioonwatch.org.br\/?author=129\"}]}<\/script>\n<!-- \/ Yoast SEO plugin. -->","yoast_head_json":{"title":"7 Erros Cometidos Pela Imprensa ao Cobrir Coronav\u00edrus nas Favelas - RioOnWatch","robots":{"index":"index","follow":"follow","max-snippet":"max-snippet:-1","max-image-preview":"max-image-preview:large","max-video-preview":"max-video-preview:-1"},"canonical":"https:\/\/rioonwatch.org.br\/?p=47210","og_locale":"pt_BR","og_type":"article","og_title":"7 Erros Cometidos Pela Imprensa ao Cobrir Coronav\u00edrus nas Favelas - RioOnWatch","og_description":"Click Here for English Esta \u00e9 a nossa mais recente mat\u00e9ria sobre\u00a0o novo coronav\u00edrus e seus impactos sobre as favelas e tamb\u00e9m faz\u00a0parte do debate promovido pelo RioOnWatch sobre a\u00a0narrativa\u00a0e as\u00a0representa\u00e7\u00f5es midi\u00e1ticas\u00a0acerca das favelas cariocas. [...]","og_url":"https:\/\/rioonwatch.org.br\/?p=47210","og_site_name":"RioOnWatch","article_published_time":"2020-05-08T14:33:22+00:00","article_modified_time":"2023-08-01T19:43:39+00:00","og_image":[{"width":2560,"height":1438,"url":"https:\/\/rioonwatch.org.br\/wp-content\/uploads\/2020\/05\/PPG-Ipanema-scaled.jpg","type":"image\/jpeg"}],"author":"Admin","twitter_card":"summary_large_image","twitter_misc":{"Escrito por":"Admin","Est. tempo de leitura":"11 minutos"},"schema":{"@context":"https:\/\/schema.org","@graph":[{"@type":"Article","@id":"https:\/\/rioonwatch.org.br\/?p=47210#article","isPartOf":{"@id":"https:\/\/rioonwatch.org.br\/?p=47210"},"author":{"name":"Admin","@id":"https:\/\/rioonwatch.org.br\/#\/schema\/person\/11d64c290506f9df50c71b850c473f68"},"headline":"7 Erros Cometidos Pela Imprensa ao Cobrir Coronav\u00edrus nas Favelas","datePublished":"2020-05-08T14:33:22+00:00","dateModified":"2023-08-01T19:43:39+00:00","mainEntityOfPage":{"@id":"https:\/\/rioonwatch.org.br\/?p=47210"},"wordCount":2206,"publisher":{"@id":"https:\/\/rioonwatch.org.br\/#organization"},"image":{"@id":"https:\/\/rioonwatch.org.br\/?p=47210#primaryimage"},"thumbnailUrl":"https:\/\/rioonwatch.org.br\/wp-content\/uploads\/2020\/05\/PPG-Ipanema-scaled.jpg","keywords":["#StopFavelaStigma","Acari","an\u00e1lise cobertura de favelas","coronav\u00edrus","grande m\u00eddia","jornalismo","listicle","Mil\u00edcia","mobiliza\u00e7\u00e3o","narrativa midi\u00e1tica","Neglig\u00eancia do Estado","ONU","S\u00e9rie: Covid-19 Nas Favelas","tr\u00e1fico de drogas","viol\u00eancia","viol\u00eancia contra a mulher","Zona Norte"],"articleSection":["#Covid19NasFavelas","*Destaque","Dados e Pesquisa","Den\u00fancias","Entendendo o Rio","Escrito por Comunicadores Populares","M\u00eddia Comunit\u00e1ria"],"inLanguage":"pt-BR"},{"@type":"WebPage","@id":"https:\/\/rioonwatch.org.br\/?p=47210","url":"https:\/\/rioonwatch.org.br\/?p=47210","name":"7 Erros Cometidos Pela Imprensa ao Cobrir Coronav\u00edrus nas Favelas - RioOnWatch","isPartOf":{"@id":"https:\/\/rioonwatch.org.br\/#website"},"primaryImageOfPage":{"@id":"https:\/\/rioonwatch.org.br\/?p=47210#primaryimage"},"image":{"@id":"https:\/\/rioonwatch.org.br\/?p=47210#primaryimage"},"thumbnailUrl":"https:\/\/rioonwatch.org.br\/wp-content\/uploads\/2020\/05\/PPG-Ipanema-scaled.jpg","datePublished":"2020-05-08T14:33:22+00:00","dateModified":"2023-08-01T19:43:39+00:00","breadcrumb":{"@id":"https:\/\/rioonwatch.org.br\/?p=47210#breadcrumb"},"inLanguage":"pt-BR","potentialAction":[{"@type":"ReadAction","target":["https:\/\/rioonwatch.org.br\/?p=47210"]}]},{"@type":"ImageObject","inLanguage":"pt-BR","@id":"https:\/\/rioonwatch.org.br\/?p=47210#primaryimage","url":"https:\/\/rioonwatch.org.br\/wp-content\/uploads\/2020\/05\/PPG-Ipanema-scaled.jpg","contentUrl":"https:\/\/rioonwatch.org.br\/wp-content\/uploads\/2020\/05\/PPG-Ipanema-scaled.jpg","width":2560,"height":1438},{"@type":"BreadcrumbList","@id":"https:\/\/rioonwatch.org.br\/?p=47210#breadcrumb","itemListElement":[{"@type":"ListItem","position":1,"name":"In\u00edcio","item":"https:\/\/rioonwatch.org.br\/"},{"@type":"ListItem","position":2,"name":"7 Erros Cometidos Pela Imprensa ao Cobrir Coronav\u00edrus nas Favelas"}]},{"@type":"WebSite","@id":"https:\/\/rioonwatch.org.br\/#website","url":"https:\/\/rioonwatch.org.br\/","name":"RioOnWatch","description":"relatos das favelas cariocas","publisher":{"@id":"https:\/\/rioonwatch.org.br\/#organization"},"potentialAction":[{"@type":"SearchAction","target":{"@type":"EntryPoint","urlTemplate":"https:\/\/rioonwatch.org.br\/?s={search_term_string}"},"query-input":{"@type":"PropertyValueSpecification","valueRequired":true,"valueName":"search_term_string"}}],"inLanguage":"pt-BR"},{"@type":"Organization","@id":"https:\/\/rioonwatch.org.br\/#organization","name":"RioOnWatch","url":"https:\/\/rioonwatch.org.br\/","logo":{"@type":"ImageObject","inLanguage":"pt-BR","@id":"https:\/\/rioonwatch.org.br\/#\/schema\/logo\/image\/","url":"https:\/\/rioonwatch.org.br\/wp-content\/uploads\/2021\/06\/RioOnWatchcabecalhoPT11anos-2.png","contentUrl":"https:\/\/rioonwatch.org.br\/wp-content\/uploads\/2021\/06\/RioOnWatchcabecalhoPT11anos-2.png","width":779,"height":277,"caption":"RioOnWatch"},"image":{"@id":"https:\/\/rioonwatch.org.br\/#\/schema\/logo\/image\/"}},{"@type":"Person","@id":"https:\/\/rioonwatch.org.br\/#\/schema\/person\/11d64c290506f9df50c71b850c473f68","name":"Admin","image":{"@type":"ImageObject","inLanguage":"pt-BR","@id":"https:\/\/rioonwatch.org.br\/#\/schema\/person\/image\/","url":"https:\/\/secure.gravatar.com\/avatar\/56211ac74568383903349a1485e3c325?s=96&d=blank&r=g","contentUrl":"https:\/\/secure.gravatar.com\/avatar\/56211ac74568383903349a1485e3c325?s=96&d=blank&r=g","caption":"Admin"},"url":"https:\/\/rioonwatch.org.br\/?author=129"}]}},"_links":{"self":[{"href":"https:\/\/rioonwatch.org.br\/index.php?rest_route=\/wp\/v2\/posts\/47210"}],"collection":[{"href":"https:\/\/rioonwatch.org.br\/index.php?rest_route=\/wp\/v2\/posts"}],"about":[{"href":"https:\/\/rioonwatch.org.br\/index.php?rest_route=\/wp\/v2\/types\/post"}],"author":[{"embeddable":true,"href":"https:\/\/rioonwatch.org.br\/index.php?rest_route=\/wp\/v2\/users\/129"}],"replies":[{"embeddable":true,"href":"https:\/\/rioonwatch.org.br\/index.php?rest_route=%2Fwp%2Fv2%2Fcomments&post=47210"}],"version-history":[{"count":42,"href":"https:\/\/rioonwatch.org.br\/index.php?rest_route=\/wp\/v2\/posts\/47210\/revisions"}],"predecessor-version":[{"id":47576,"href":"https:\/\/rioonwatch.org.br\/index.php?rest_route=\/wp\/v2\/posts\/47210\/revisions\/47576"}],"wp:featuredmedia":[{"embeddable":true,"href":"https:\/\/rioonwatch.org.br\/index.php?rest_route=\/wp\/v2\/media\/47240"}],"wp:attachment":[{"href":"https:\/\/rioonwatch.org.br\/index.php?rest_route=%2Fwp%2Fv2%2Fmedia&parent=47210"}],"wp:term":[{"taxonomy":"category","embeddable":true,"href":"https:\/\/rioonwatch.org.br\/index.php?rest_route=%2Fwp%2Fv2%2Fcategories&post=47210"},{"taxonomy":"post_tag","embeddable":true,"href":"https:\/\/rioonwatch.org.br\/index.php?rest_route=%2Fwp%2Fv2%2Ftags&post=47210"},{"taxonomy":"writer","embeddable":true,"href":"https:\/\/rioonwatch.org.br\/index.php?rest_route=%2Fwp%2Fv2%2Fwriter&post=47210"},{"taxonomy":"translator","embeddable":true,"href":"https:\/\/rioonwatch.org.br\/index.php?rest_route=%2Fwp%2Fv2%2Ftranslator&post=47210"},{"taxonomy":"source","embeddable":true,"href":"https:\/\/rioonwatch.org.br\/index.php?rest_route=%2Fwp%2Fv2%2Fsource&post=47210"},{"taxonomy":"ilustrador","embeddable":true,"href":"https:\/\/rioonwatch.org.br\/index.php?rest_route=%2Fwp%2Fv2%2Filustrador&post=47210"},{"taxonomy":"fotografo","embeddable":true,"href":"https:\/\/rioonwatch.org.br\/index.php?rest_route=%2Fwp%2Fv2%2Ffotografo&post=47210"}],"curies":[{"name":"wp","href":"https:\/\/api.w.org\/{rel}","templated":true}]}}