{"id":47571,"date":"2020-05-21T10:22:39","date_gmt":"2020-05-21T13:22:39","guid":{"rendered":"https:\/\/rioonwatch.org.br\/?p=47571"},"modified":"2020-12-17T12:47:33","modified_gmt":"2020-12-17T15:47:33","slug":"psicologos-e-liderancas-comunitarias-na-live-saude-mental-nas-favelas-durante-a-pandemia-video","status":"publish","type":"post","link":"https:\/\/rioonwatch.org.br\/?p=47571","title":{"rendered":"Psic\u00f3logos Comunit\u00e1rios Falam na LIVE: &#8216;Sa\u00fade Mental nas Favelas Durante a Pandemia&#8217; [V\u00cdDEO]"},"content":{"rendered":"<p style=\"text-align: right;\"><em><strong><a href=\"https:\/\/bit.ly\/2ycUjKl\" target=\"_blank\" rel=\"noopener noreferrer\">Click Here for English<\/a><a href=\"https:\/\/bit.ly\/2ycUjKl\" target=\"_blank\" rel=\"noopener noreferrer\"><img decoding=\"async\" width=\"20\" height=\"20\" class=\"alignright wp-image-15790\" src=\"http:\/\/rioonwatch.org.br\/wp-content\/uploads\/2012\/08\/EN-standard-e1439583104716.jpg\" \/><\/a><\/strong><\/em><\/p>\n<p><i data-stringify-type=\"italic\">Esta \u00e9 a nossa mais recente mat\u00e9ria sobre\u00a0<\/i><i data-stringify-type=\"italic\"><a class=\"c-link\" href=\"http:\/\/bit.ly\/Covid19NasFavelas\" target=\"_blank\" rel=\"noopener noreferrer\" data-stringify-link=\"http:\/\/bit.ly\/Covid19NasFavelas\" data-sk=\"tooltip_parent\" aria-describedby=\"sk-tooltip-1581\">o novo coronav\u00edrus e seus impactos sobre as favelas<\/a><\/i><i data-stringify-type=\"italic\">\u00a0e tamb\u00e9m da\u00a0<\/i><i data-stringify-type=\"italic\"><a class=\"c-link\" href=\"https:\/\/bit.ly\/LivesCovidFavelas\" target=\"_blank\" rel=\"noopener noreferrer\" data-stringify-link=\"https:\/\/bit.ly\/LivesCovidFavelas\" data-sk=\"tooltip_parent\" aria-describedby=\"sk-tooltip-1582\">s\u00e9rie LIVES Covid-19 nas Favelas<\/a><\/i><i data-stringify-type=\"italic\">.<\/i><\/p>\n<p><span style=\"font-weight: 400;\">No dia 11 de maio, a <\/span><a href=\"http:\/\/bit.ly\/2Ziqwv5\" target=\"_blank\" rel=\"noopener noreferrer\"><span style=\"font-weight: 400;\">Comunidades Catalisadoras (ComCat)<\/span><\/a><span style=\"font-weight: 400;\">,*<\/span><span style=\"font-weight: 400;\"> atrav\u00e9s da <\/span><a href=\"http:\/\/bit.ly\/2BBaj72\" target=\"_blank\" rel=\"noopener noreferrer\"><span style=\"font-weight: 400;\">Rede Favela Sustent\u00e1vel (RFS)<\/span><\/a><span style=\"font-weight: 400;\">\u00a0e <\/span><i><span style=\"font-weight: 400;\">RioOnWatch,<\/span><\/i> <span style=\"font-weight: 400;\">com apoio da<\/span> <a href=\"http:\/\/bit.ly\/1jCIAqW\" target=\"_blank\" rel=\"noopener noreferrer\"><span style=\"font-weight: 400;\">Funda\u00e7\u00e3o Heinrich B\u00f6ll Brasil<\/span><\/a><span style=\"font-weight: 400;\">,<\/span> realizou sua segunda LIVE interativa, &#8220;Sa\u00fade Mental nas Favelas Durante a Pandemia&#8221;. Os cinco palestrantes do evento, todos envolvidos em trabalhos com sa\u00fade mental em favelas de diferentes formas e perspectivas, falaram do impacto psicossocial da crise do coronav\u00edrus nas favelas e da import\u00e2ncia do cuidado, carinho e solidariedade durante a pandemia.<\/p>\n<p><span style=\"font-weight: 400;\">A roda de conversa reuniu: o historiador, ativista social e bolsista da <\/span><a href=\"https:\/\/bit.ly\/2WWkKw0\" target=\"_blank\" rel=\"noopener noreferrer\"><span style=\"font-weight: 400;\">Fiocruz<\/span><\/a><span style=\"font-weight: 400;\">,<\/span> <a href=\"https:\/\/bit.ly\/2Z17CbA\" target=\"_blank\" rel=\"noopener noreferrer\"><span style=\"font-weight: 400;\">Andr\u00e9 Lima<\/span><\/a><span style=\"font-weight: 400;\">,<\/span><span style=\"font-weight: 400;\"> de <\/span><a href=\"http:\/\/bit.ly\/2x3UPpU\" target=\"_blank\" rel=\"noopener noreferrer\"><span style=\"font-weight: 400;\">Manguinhos<\/span><\/a><span style=\"font-weight: 400;\"> na <\/span><a href=\"http:\/\/bit.ly\/2ETpYR1\" target=\"_blank\" rel=\"noopener noreferrer\"><span style=\"font-weight: 400;\">Zona Norte<\/span><\/a><span style=\"font-weight: 400;\">; a psic\u00f3loga cl\u00ednica e comunit\u00e1ria do Centro de Atendimento Psicossocial Magal (<\/span><a href=\"https:\/\/bit.ly\/2WUKcC9\" target=\"_blank\" rel=\"noopener noreferrer\"><span style=\"font-weight: 400;\">CAPS<\/span><\/a><span style=\"font-weight: 400;\">), Nara Goes,<\/span><span style=\"font-weight: 400;\"> que atua no <a href=\"http:\/\/bit.ly\/2K1s59x\" target=\"_blank\" rel=\"noopener noreferrer\">Complexo da Mar\u00e9<\/a> <\/span><span style=\"font-weight: 400;\">na Zona Norte; a criadora do projeto de agrofloresta e m\u00e9todos naturais de cuidado <a href=\"https:\/\/bit.ly\/2yWcMeu\" target=\"_blank\" rel=\"noopener noreferrer\">Natural\u00ea<\/a>,<\/span><span style=\"font-weight: 400;\">\u00a0Alessandra Alves-Roque, do <\/span><a href=\"http:\/\/bit.ly\/2Yc1ivK\" target=\"_blank\" rel=\"noopener noreferrer\"><span style=\"font-weight: 400;\">Morro da Provid\u00eancia<\/span><\/a><span style=\"font-weight: 400;\"> no <a href=\"http:\/\/bit.ly\/2x1dXEP\" target=\"_blank\" rel=\"noopener noreferrer\">Centro<\/a>;<\/span><span style=\"font-weight: 400;\">\u00a0a <\/span><span style=\"font-weight: 400;\">comunicadora da Mar\u00e9, Simone Lauar, da <a href=\"https:\/\/bit.ly\/3bvx3Vp\" target=\"_blank\" rel=\"noopener noreferrer\"><i>Ag\u00eancia de Not\u00edcias das Favelas<\/i><\/a>\u00a0<\/span><span style=\"font-weight: 400;\">e do blog <a href=\"https:\/\/bit.ly\/3fIEnjX\" target=\"_blank\" rel=\"noopener noreferrer\">Garotas da Mar\u00e9<\/a><\/span><span style=\"font-weight: 400;\">; e a psic\u00f3loga da <a href=\"http:\/\/bit.ly\/2ITsVD6\" target=\"_blank\" rel=\"noopener noreferrer\">Casa Dona Am\u00e9lia<\/a> <\/span><span style=\"font-weight: 400;\">e <\/span><span style=\"font-weight: 400;\">colaboradora da <a href=\"https:\/\/bit.ly\/3belWA0\" target=\"_blank\" rel=\"noopener noreferrer\">Frente CDD<\/a>,<\/span><span style=\"font-weight: 400;\">\u00a0Ingrid Siss, da <\/span><a href=\"http:\/\/bit.ly\/2KY6nDO\" target=\"_blank\" rel=\"noopener noreferrer\"><span style=\"font-weight: 400;\">Cidade de Deus<\/span><\/a><span style=\"font-weight: 400;\"> na <\/span><a href=\"http:\/\/bit.ly\/2x3k8bw\" target=\"_blank\" rel=\"noopener noreferrer\"><span style=\"font-weight: 400;\">Zona Oeste<\/span><\/a><span style=\"font-weight: 400;\">.<\/span><\/p>\n<p><span style=\"font-weight: 400;\">O encontro virtual come\u00e7ou e terminou com <\/span><span style=\"font-weight: 400;\">pr\u00e1ticas de respira\u00e7\u00e3o como ferramentas para lidar com estresse e ansiedade, guiadas por <\/span><a href=\"https:\/\/bit.ly\/2X6cSbC\" target=\"_blank\" rel=\"noopener noreferrer\"><span style=\"font-weight: 400;\">Lorena Portela<\/span><\/a><span style=\"font-weight: 400;\">, doutoranda em sa\u00fade p\u00fablica na <a href=\"http:\/\/bit.ly\/YWSczy\" target=\"_blank\" rel=\"noopener noreferrer\">ENSP\/Fiocruz<\/a><\/span><span style=\"font-weight: 400;\">, professora de Dakshina Tantra Yoga e co-coordenadora do projeto <a href=\"http:\/\/bit.ly\/2HCcMku\" target=\"_blank\" rel=\"noopener noreferrer\">Horta Inteligente<\/a>, na Provid\u00eancia.<\/span><\/p>\n<p><a href=\"https:\/\/rioonwatch.org.br\/wp-content\/uploads\/2020\/05\/Meditac\u0327a\u0303o-Zoom-Live-Sau\u0301de-Mental.jpeg\"><img fetchpriority=\"high\" decoding=\"async\" class=\"aligncenter wp-image-47582 size-medium\" title=\"Na LIVE, Lorena Portela conduz exerc\u00edcios respirat\u00f3rios.\" src=\"https:\/\/rioonwatch.org.br\/wp-content\/uploads\/2020\/05\/Meditac\u0327a\u0303o-Zoom-Live-Sau\u0301de-Mental-620x325.jpeg\" alt=\"\" width=\"620\" height=\"325\" srcset=\"https:\/\/rioonwatch.org.br\/wp-content\/uploads\/2020\/05\/Meditac\u0327a\u0303o-Zoom-Live-Sau\u0301de-Mental-620x325.jpeg 620w, https:\/\/rioonwatch.org.br\/wp-content\/uploads\/2020\/05\/Meditac\u0327a\u0303o-Zoom-Live-Sau\u0301de-Mental-504x264.jpeg 504w, https:\/\/rioonwatch.org.br\/wp-content\/uploads\/2020\/05\/Meditac\u0327a\u0303o-Zoom-Live-Sau\u0301de-Mental-768x402.jpeg 768w, https:\/\/rioonwatch.org.br\/wp-content\/uploads\/2020\/05\/Meditac\u0327a\u0303o-Zoom-Live-Sau\u0301de-Mental-1024x536.jpeg 1024w, https:\/\/rioonwatch.org.br\/wp-content\/uploads\/2020\/05\/Meditac\u0327a\u0303o-Zoom-Live-Sau\u0301de-Mental.jpeg 1401w\" sizes=\"(max-width: 620px) 100vw, 620px\" \/><\/a><\/p>\n<p>O evento foi planejado por conta das dificuldades com a sa\u00fade mental que est\u00e3o surgindo entre moradores de favelas devido \u00e0 pandemia da Covid-19 e por um pedido nos encaminhamentos ap\u00f3s a <a href=\"https:\/\/bit.ly\/2WngdUo\" target=\"_blank\" rel=\"noopener noreferrer\">primeira LIVE da s\u00e9rie, sobre as estrat\u00e9gias de comunicadores comunit\u00e1rios<\/a> <span style=\"font-weight: 400;\">para informar, comunicar e mobilizar nas favelas frente \u00e0 pandemia do Coronav\u00edrus.<\/span><\/p>\n<p>O interc\u00e2mbio focou nos desafios da sa\u00fade mental sofridos devido \u00e0 crise da Covid-19 e centrou-se em seis temas: medo, luto, coexist\u00eancia, acesso a servi\u00e7os de sa\u00fade mental, g\u00eanero e luta. Incerteza, doen\u00e7a, morte de entes queridos e o isolamento social, est\u00e3o levando moradores ao aumento do medo, estresse, ansiedade, ins\u00f4nia, tristeza, depress\u00e3o, solid\u00e3o e falta de perspectivas.<\/p>\n<p>Os palestrantes da noite tamb\u00e9m abordaram preocupa\u00e7\u00f5es relacionadas aos elementos da viol\u00eancia estrutural na crise, como o agravamento da desigualdade econ\u00f4mica, da viol\u00eancia dom\u00e9stica e do \u00f4nus emocional das mulheres. Todos os participantes tiveram a oportunidade de trocar dicas sobre autocuidado e preserva\u00e7\u00e3o da sa\u00fade mental, principalmente para os que est\u00e3o na linha de frente da crise.<\/p>\n<h3>Desafios Psicol\u00f3gicos Exacerbados Durante a Pandemia<\/h3>\n<p><span style=\"font-weight: 400;\">Alessandra tentou colocar em palavras um dos sofrimentos psicol\u00f3gicos mais amplamente compartilhados: &#8220;O medo \u00e9 o maior sentimento no momento na favela. O medo de n\u00e3o ser atendido, o medo de ficar s\u00f3, o medo da morte&#8230; O isolamento e o distanciamento social trazem isso porque nos remetem a uma solid\u00e3o, pois somos pessoas que se abra\u00e7am o tempo inteiro&#8221;.<\/span><\/p>\n<p><span style=\"font-weight: 400;\">Ingrid explicou que o medo tamb\u00e9m vem do desconhecido e da proximidade da amea\u00e7a: &#8220;\u00c9 uma doen\u00e7a que voc\u00ea n\u00e3o sabe de onde vem e a subnotifica\u00e7\u00e3o \u00e9 muito real, com cada vez mais mortes do lado, um vizinho que est\u00e1 infectado, um amigo que vamos perdendo&#8230;&#8221;, ela disse.<\/span><\/p>\n<p><span style=\"font-weight: 400;\">Simone explicou que tudo isso cria desafios psicol\u00f3gicos crescentes<\/span><span style=\"font-weight: 400;\">: &#8220;[O problema da] sa\u00fade mental \u00e9 uma coisa que n\u00e3o se fala muito, mas \u00e9 uma coisa que a gente v\u00ea cada dia mais acontecer. Tenho uma vizinha que est\u00e1 gr\u00e1vida e ela sofre de ansiedade [&#8230;], ouvi relatos de mulheres que est\u00e3o sofrendo abuso em casa e que come\u00e7aram a desenvolver estresse, depress\u00e3o e p\u00e2nico [&#8230;], o \u00edndice de suic\u00eddio aumentou muito nas favelas [&#8230;] tem muita gente passando mal&#8221;.\u00a0<\/span><\/p>\n<p>Simone at\u00e9 compartilhou experi\u00eancias pessoais, relatando que ela e sua irm\u00e3, que sofre de depress\u00e3o cl\u00ednica, tiveram experi\u00eancias ligadas \u00e0s preocupa\u00e7\u00f5es econ\u00f4micas geradas pela crise:<span style=\"font-weight: 400;\">\u00a0&#8220;Os problemas com o aux\u00edlio emergencial fez com que minha irm\u00e3 tivesse uma crise de p\u00e2nico no meio da rua&#8221;, disse Simone. &#8220;Eu mesmo tive uma crise de ansiedade ontem porque eu trabalhava com quentinhas veganas, e <a href=\"https:\/\/bit.ly\/2LBxSl9\" target=\"_blank\" rel=\"noopener noreferrer\">de repente eu n\u00e3o tenho mais nada<\/a>&#8220;.<\/span><\/p>\n<p><span style=\"font-weight: 400;\">Para Alessandra, estes problemas psicol\u00f3gicos n\u00e3o deveriam ser ignorados: &#8220;N\u00f3s favelados n\u00e3o fomos acostumados a fazer terapia, ir ao psic\u00f3logo [&#8230;] mas [a pandemia] cria traumas e doen\u00e7as na nossa alma, na nossa mente. E a\u00ed a gente precisa de um profissional, de um grupo de apoio para n\u00f3s auxiliar&#8221;.<\/span><\/p>\n<p><a href=\"https:\/\/rioonwatch.org.br\/wp-content\/uploads\/2020\/05\/Live-Sau\u0301de-Mental-Zoom-1.jpeg\"><img decoding=\"async\" class=\"aligncenter size-content wp-image-47587\" src=\"https:\/\/rioonwatch.org.br\/wp-content\/uploads\/2020\/05\/Live-Sau\u0301de-Mental-Zoom-1-620x264.jpeg\" alt=\"\" width=\"620\" height=\"264\" srcset=\"https:\/\/rioonwatch.org.br\/wp-content\/uploads\/2020\/05\/Live-Sau\u0301de-Mental-Zoom-1-620x264.jpeg 620w, https:\/\/rioonwatch.org.br\/wp-content\/uploads\/2020\/05\/Live-Sau\u0301de-Mental-Zoom-1-940x400.jpeg 940w\" sizes=\"(max-width: 620px) 100vw, 620px\" \/><\/a><\/p>\n<h3>Falta de Aten\u00e7\u00e3o P\u00fablica e Desigualdades Estruturais Agravam a Sa\u00fade Mental nas Favelas<\/h3>\n<p><span style=\"font-weight: 400;\">Simone mostrou que sempre houve a falta de acesso ao atendimento psicol\u00f3gico nas favelas: &#8220;Minha irm\u00e3 foi diagnosticada com ansiedade depressiva e s\u00edndrome do p\u00e2nico desde 2007, e desde ent\u00e3o a gente t\u00eam muita dificuldade de achar tratamento aqui&#8221;, ela disse. &#8220;Com a pandemia, isso deu uma piorada.&#8221;<\/span><\/p>\n<p><span style=\"font-weight: 400;\">Nara explicou que a falta de aten\u00e7\u00e3o psicossocial por parte do poder p\u00fablico n\u00e3o \u00e9 nova: &#8220;Tinha psic\u00f3logos na <a href=\"https:\/\/bit.ly\/3dOeInX\" target=\"_blank\" rel=\"noopener noreferrer\">Cl\u00ednica da Fam\u00edlia<\/a>, mas eles foram todos demitidos. Ent\u00e3o, tem a quest\u00e3o do desmonte do <a href=\"http:\/\/bit.ly\/2JEcfk5\" target=\"_blank\" rel=\"noopener noreferrer\">SUS<\/a>, da pol\u00edtica p\u00fablica. O cuidado da sa\u00fade mental j\u00e1 era vulner\u00e1vel, e agora a rede est\u00e1 ainda mais prec\u00e1ria&#8221;.<\/span><\/p>\n<p>Ingrid tamb\u00e9m insistiu na import\u00e2ncia de entender a quest\u00e3o da sa\u00fade mental nas favelas, observando as <a href=\"https:\/\/bbc.in\/2SKwNvf\" target=\"_blank\" rel=\"noopener noreferrer\">desigualdades socioecon\u00f4micas estruturais que sempre existiram<\/a> e foram exacerbadas pela crise atual. A Covid-19 n\u00e3o \u00e9 a \u00fanica fonte de estresse psicol\u00f3gico, disse Ingrid. &#8220;O<span style=\"font-weight: 400;\">s reflexos da pandemia causam um peso muito grande [&#8230;] o v\u00edrus \u00e9 invis\u00edvel, mas a fome \u00e9 extremamente sens\u00edvel, e o cara que quer tirar minha casa \u00e9 vis\u00edvel.&#8221;<\/span><\/p>\n<p>Ela explicou que essa vulnerabilidade estrutural atua como uma carga adicional, que agrava a situa\u00e7\u00e3o das popula\u00e7\u00f5es em maior risco<span style=\"font-weight: 400;\">: &#8220;Quando se fala sobre sa\u00fade mental neste contexto atual, o que salta aos olhos \u00e9 o isolamento ou o medo desta doen\u00e7a. Mas s\u00e3o preocupa\u00e7\u00f5es mais burguesas&#8221;, disse Ingrid. &#8220;Ainda que todos n\u00f3s estejamos afetados, <a href=\"https:\/\/bit.ly\/2wXJV8G\" target=\"_blank\" rel=\"noopener noreferrer\">\u00e9 uma situa\u00e7\u00e3o de privil\u00e9gio estar afetado s\u00f3 por estas duas quest\u00f5es<\/a>. A favela ainda est\u00e1 se preocupando com quest\u00f5es muito b\u00e1sicas, que j\u00e1 eram muito preocupantes e que j\u00e1 causavam quest\u00f5es de sa\u00fade mental, mas que se tornam muito maiores.&#8221;<\/span><\/p>\n<p><span style=\"font-weight: 400;\">&#8220;Vivemos uma pandemia e uma quarentena diferente na cidade e na favela [&#8230;] porque a gente precisa entender que boa parte da favela n\u00e3o pode parar&#8221;, disse a psic\u00f3loga. &#8220;A rotina da cidade parou, mas a minha rotina n\u00e3o parou. O que muda \u00e9 o \u00f4nibus estar vazio e eu ter que usar m\u00e1scara. Mas ainda tenho obriga\u00e7\u00f5es e hor\u00e1rios a cumprir. A cidade<\/span><span style=\"font-weight: 400;\"> est\u00e1 vivendo uma coisa que eu n\u00e3o estou vivendo porque n\u00e3o tive esse direito.&#8221;<\/span><\/p>\n<h3>Investindo no Poder das Redes de Cuidado Existentes nas Favelas<\/h3>\n<p><span style=\"font-weight: 400;\">Cada palestrante mencionou v\u00e1rias <a href=\"https:\/\/bit.ly\/340KKtn\" target=\"_blank\" rel=\"noopener noreferrer\">solu\u00e7\u00f5es pr\u00f3prias<\/a> que est\u00e3o sendo desenvolvidas nos territ\u00f3rios das favelas. Segundo Andr\u00e9, &#8220;a favela \u00e9 um espa\u00e7o de vulnerabilidade, mas que nasce de uma for\u00e7a, de uma energia, de uma pot\u00eancia que n\u00e3o pode ser ignorada, e isso vale tamb\u00e9m quando falamos de sa\u00fade mental&#8221;. Ele citou o <a href=\"https:\/\/bit.ly\/3cIOdjH\" target=\"_blank\" rel=\"noopener noreferrer\">conceito de esperan\u00e7a de Paulo Freire<\/a> para caracterizar a for\u00e7a da favela para ir em frente: &#8220;Esperan\u00e7ar \u00e9 se levantar, esperan\u00e7ar \u00e9 ir atr\u00e1s, esperan\u00e7ar \u00e9 construir e n\u00e3o desistir!&#8221;. De fato, para Andr\u00e9 &#8220;se tem uma palavra que a favela conhece h\u00e1 muito tempo \u00e9 resili\u00eancia, inovar para tentar avan\u00e7ar&#8221;.<\/span><\/p>\n<p><span style=\"font-weight: 400;\">Nara concordou: &#8220;temos que olhar para favela como <a href=\"http:\/\/bit.ly\/2sq0BmX\" target=\"_blank\" rel=\"noopener noreferrer\">lugar de pot\u00eancia<\/a>, as pessoas da favela j\u00e1 t\u00eam suas formas e redes de cuidado&#8221;. Alessandra<\/span><span style=\"font-weight: 400;\"> adicionou que &#8220;<\/span><span style=\"font-weight: 400;\">vamos resistir como sempre fizemos na favela&#8221;. Uma das participantes prosseguiu no final da conversa dizendo que com essas redes &#8220;voc\u00ea n\u00e3o se sente t\u00e3o sozinha&#8221;.<\/span><\/p>\n<p><span style=\"font-weight: 400;\">Os palestrantes compartilharam conselhos concretos para lidar com ansiedade e apresentaram iniciativas sendo preparadas para ajudar. <\/span><span style=\"font-weight: 400;\">Ingrid falou das iniciativas da Casa Dona Am\u00e9lia com volunt\u00e1rios psic\u00f3logos, e tamb\u00e9m com distribui\u00e7\u00e3o de cestas b\u00e1sicas para ajudar a aliviar o peso mental da <a href=\"https:\/\/glo.bo\/3bKnn9Z\" target=\"_blank\" rel=\"noopener noreferrer\">fome e da falta de renda<\/a>. <\/span><\/p>\n<p><span style=\"font-weight: 400;\">Simone compartilhou a a\u00e7\u00e3o na qual est\u00e1 participando com a sua irm\u00e3, a &#8220;Mentes da Mar\u00e9&#8221;, iniciativa na qual elas gostariam de fazer uma roda de conversa com psic\u00f3logos. Alessandra descreveu o poder de algumas ervas explicando que &#8220;no meio desse nervoso, as ervas podem ajudar para equilibrar as emo\u00e7\u00f5es e os sentimentos&#8221;. Ela encerrou a roda de conversa respondendo \u00e0 pergunta &#8220;agora o que fazer?&#8221; A resposta?: &#8220;Nos colocar a disposi\u00e7\u00e3o para ajudar ao outro&#8221;.<\/span><\/p>\n<p><span style=\"font-weight: 400;\">A terceira LIVE interativa da s\u00e9rie <a href=\"https:\/\/bit.ly\/3cBpeyL\" target=\"_blank\" rel=\"noopener noreferrer\">acontecer\u00e1 hoje, 21 de maio<\/a>, onde<\/span> <a href=\"https:\/\/bit.ly\/LIVEImprensaCovidFavelas\" target=\"_blank\" rel=\"noopener noreferrer\">comunicadores populares debater\u00e3o o papel da grande imprensa na cobertura da crise do coronav\u00edrus<\/a>.<\/p>\n<h3><strong>Assista a LIVE sobre Sa\u00fade Mental nas Favelas <a href=\"https:\/\/bit.ly\/LIVESaudeMental\" target=\"_blank\" rel=\"noopener noreferrer\">aqui<\/a>: <\/strong><\/h3>\n<p><iframe src=\"https:\/\/www.youtube.com\/embed\/6a6jye-njT4\" width=\"620\" height=\"315\" frameborder=\"0\" allowfullscreen=\"allowfullscreen\"><\/iframe><\/p>\n<p><em>* <i data-stringify-type=\"italic\">A Rede Favela Sustent\u00e1vel (RFS) e o RioOnWatch s\u00e3o projetos da\u00a0<\/i><i data-stringify-type=\"italic\"><a class=\"c-link\" href=\"http:\/\/bit.ly\/2Ziqwv5\" target=\"_blank\" rel=\"noopener noreferrer\" data-stringify-link=\"http:\/\/bit.ly\/2Ziqwv5\" data-sk=\"tooltip_parent\" aria-describedby=\"sk-tooltip-6287\">Comunidades Catalisadoras<\/a><\/i><i data-stringify-type=\"italic\">. A RFS tem o apoio da\u00a0<\/i><i data-stringify-type=\"italic\"><a class=\"c-link\" href=\"http:\/\/bit.ly\/2sKLSD3\" target=\"_blank\" rel=\"noopener noreferrer\" data-stringify-link=\"http:\/\/bit.ly\/2sKLSD3\" data-sk=\"tooltip_parent\" aria-describedby=\"sk-tooltip-6288\">Funda\u00e7\u00e3o Heinrich B\u00f6ll Brasil<\/a>.<\/i><\/em><\/p>\n<hr \/>\n<h4><strong>Apoie nossos esfor\u00e7os para fornecer assist\u00eancia estrat\u00e9gica \u00e0s favelas do Rio durante a pandemia de Covid-19, incluindo o jornalismo hiperlocal, cr\u00edtico, inovador e incans\u00e1vel do\u00a0<em>RioOnWatch<\/em><\/strong>\u2014<a href=\"http:\/\/bit.ly\/CatalisandoComunidades\">doe aqui<\/a>.<\/h4>\n<!-- AddThis Advanced Settings generic via filter on the_content --><!-- AddThis Share Buttons generic via filter on the_content -->","protected":false},"excerpt":{"rendered":"<div class=\"mh-excerpt\"><p>Click Here for English Esta \u00e9 a nossa mais recente mat\u00e9ria sobre\u00a0o novo coronav\u00edrus e seus impactos sobre as favelas\u00a0e tamb\u00e9m da\u00a0s\u00e9rie LIVES Covid-19 nas Favelas. No dia 11 de maio, a Comunidades Catalisadoras (ComCat),* <a class=\"mh-excerpt-more\" href=\"https:\/\/rioonwatch.org.br\/?p=47571\" title=\"Psic\u00f3logos Comunit\u00e1rios Falam na LIVE: &#8216;Sa\u00fade Mental nas Favelas Durante a Pandemia&#8217; [V\u00cdDEO]\">[&#8230;]<\/a><!-- AddThis Advanced Settings generic via filter on get_the_excerpt --><!-- AddThis Share Buttons generic via filter on get_the_excerpt --><\/p>\n<\/div>","protected":false},"author":129,"featured_media":47574,"comment_status":"closed","ping_status":"closed","sticky":false,"template":"","format":"standard","meta":{"_acf_changed":false,"_monsterinsights_skip_tracking":false,"_monsterinsights_sitenote_active":false,"_monsterinsights_sitenote_note":"","_monsterinsights_sitenote_category":0,"footnotes":""},"categories":[2753,1621,1627,1626,1616,1612,342,1638],"tags":[554,332,2748,421,413,2146,636,257,358,838,2245,494,2069,2754,2549,2824,476,218,184],"writer":[2752],"translator":[],"source":[],"ilustrador":[],"fotografo":[],"class_list":{"0":"post-47571","1":"post","2":"type-post","3":"status-publish","4":"format-standard","5":"has-post-thumbnail","7":"category-covid19nasfavelas","8":"category-destaque","9":"category-relato-de-evento","10":"category-por-observadores-internacionais","11":"category-qualidades-da-favela","12":"category-sociedade-civil","13":"category-solucoes","14":"category-video","15":"tag-cidade-de-deus","16":"tag-complexo-da-mare","17":"tag-coronavirus","18":"tag-cultura-da-favela","19":"tag-desigualdade","20":"tag-fiocruz","21":"tag-manguinhos","22":"tag-providencia","23":"tag-organizacao-comunitaria","24":"tag-politica-publica","25":"tag-redes","26":"tag-regiao-do-porto","27":"tag-saude-mental","28":"tag-serie-covid-19-nas-favelas","29":"tag-serie-intercambios-da-rfs","30":"tag-serie-lives-covid-19-nas-favelas","31":"tag-solucao-comunitaria","32":"tag-zona-norte","33":"tag-zona-oeste","34":"writer-anouk-aflalo-dore"},"acf":[],"yoast_head":"<!-- This site is optimized with the Yoast SEO plugin v25.6 - https:\/\/yoast.com\/wordpress\/plugins\/seo\/ -->\n<title>Psic\u00f3logos Comunit\u00e1rios Falam na LIVE: &#039;Sa\u00fade Mental nas Favelas Durante a Pandemia&#039; [V\u00cdDEO] - RioOnWatch<\/title>\n<meta name=\"robots\" content=\"index, follow, max-snippet:-1, max-image-preview:large, max-video-preview:-1\" \/>\n<link rel=\"canonical\" href=\"https:\/\/rioonwatch.org.br\/?p=47571\" \/>\n<meta property=\"og:locale\" content=\"pt_BR\" \/>\n<meta property=\"og:type\" content=\"article\" \/>\n<meta property=\"og:title\" content=\"Psic\u00f3logos Comunit\u00e1rios Falam na LIVE: &#039;Sa\u00fade Mental nas Favelas Durante a Pandemia&#039; [V\u00cdDEO] - RioOnWatch\" \/>\n<meta property=\"og:description\" content=\"Click Here for English Esta \u00e9 a nossa mais recente mat\u00e9ria sobre\u00a0o novo coronav\u00edrus e seus impactos sobre as favelas\u00a0e tamb\u00e9m da\u00a0s\u00e9rie LIVES Covid-19 nas Favelas. No dia 11 de maio, a Comunidades Catalisadoras (ComCat),* [...]\" \/>\n<meta property=\"og:url\" content=\"https:\/\/rioonwatch.org.br\/?p=47571\" \/>\n<meta property=\"og:site_name\" content=\"RioOnWatch\" \/>\n<meta property=\"article:published_time\" content=\"2020-05-21T13:22:39+00:00\" \/>\n<meta property=\"article:modified_time\" content=\"2020-12-17T15:47:33+00:00\" \/>\n<meta property=\"og:image\" content=\"https:\/\/rioonwatch.org.br\/wp-content\/uploads\/2020\/05\/Live-Sau\u0301de-Mental-Zoom.jpeg\" \/>\n\t<meta property=\"og:image:width\" content=\"1440\" \/>\n\t<meta property=\"og:image:height\" content=\"642\" \/>\n\t<meta property=\"og:image:type\" content=\"image\/jpeg\" \/>\n<meta name=\"author\" content=\"Admin\" \/>\n<meta name=\"twitter:card\" content=\"summary_large_image\" \/>\n<meta name=\"twitter:label1\" content=\"Escrito por\" \/>\n\t<meta name=\"twitter:data1\" content=\"Admin\" \/>\n\t<meta name=\"twitter:label2\" content=\"Est. tempo de leitura\" \/>\n\t<meta name=\"twitter:data2\" content=\"8 minutos\" \/>\n<script type=\"application\/ld+json\" class=\"yoast-schema-graph\">{\"@context\":\"https:\/\/schema.org\",\"@graph\":[{\"@type\":\"Article\",\"@id\":\"https:\/\/rioonwatch.org.br\/?p=47571#article\",\"isPartOf\":{\"@id\":\"https:\/\/rioonwatch.org.br\/?p=47571\"},\"author\":{\"name\":\"Admin\",\"@id\":\"https:\/\/rioonwatch.org.br\/#\/schema\/person\/11d64c290506f9df50c71b850c473f68\"},\"headline\":\"Psic\u00f3logos Comunit\u00e1rios Falam na LIVE: &#8216;Sa\u00fade Mental nas Favelas Durante a Pandemia&#8217; [V\u00cdDEO]\",\"datePublished\":\"2020-05-21T13:22:39+00:00\",\"dateModified\":\"2020-12-17T15:47:33+00:00\",\"mainEntityOfPage\":{\"@id\":\"https:\/\/rioonwatch.org.br\/?p=47571\"},\"wordCount\":1641,\"publisher\":{\"@id\":\"https:\/\/rioonwatch.org.br\/#organization\"},\"image\":{\"@id\":\"https:\/\/rioonwatch.org.br\/?p=47571#primaryimage\"},\"thumbnailUrl\":\"https:\/\/rioonwatch.org.br\/wp-content\/uploads\/2020\/05\/Live-Sau\u0301de-Mental-Zoom.jpeg\",\"keywords\":[\"Cidade de Deus\",\"Complexo da Mar\u00e9\",\"coronav\u00edrus\",\"cultura da favela\",\"desigualdade\",\"Fiocruz\",\"Manguinhos\",\"Morro da Provid\u00eancia\",\"organiza\u00e7\u00e3o comunit\u00e1ria\",\"pol\u00edtica p\u00fablica\",\"redes\",\"Regi\u00e3o do Porto\",\"sa\u00fade mental\",\"S\u00e9rie: Covid-19 Nas Favelas\",\"S\u00e9rie: Interc\u00e2mbios da RFS\",\"S\u00e9rie: LIVES Covid-19 nas Favelas\",\"solu\u00e7\u00e3o comunit\u00e1ria\",\"Zona Norte\",\"Zona Oeste\"],\"articleSection\":[\"#Covid19NasFavelas\",\"*Destaque\",\"Cobertura de Eventos\",\"Escrito por Aliados\",\"Qualidades da Favela\",\"Sociedade Civil\",\"Solu\u00e7\u00f5es\",\"V\u00eddeo\"],\"inLanguage\":\"pt-BR\"},{\"@type\":\"WebPage\",\"@id\":\"https:\/\/rioonwatch.org.br\/?p=47571\",\"url\":\"https:\/\/rioonwatch.org.br\/?p=47571\",\"name\":\"Psic\u00f3logos Comunit\u00e1rios Falam na LIVE: 'Sa\u00fade Mental nas Favelas Durante a Pandemia' [V\u00cdDEO] - RioOnWatch\",\"isPartOf\":{\"@id\":\"https:\/\/rioonwatch.org.br\/#website\"},\"primaryImageOfPage\":{\"@id\":\"https:\/\/rioonwatch.org.br\/?p=47571#primaryimage\"},\"image\":{\"@id\":\"https:\/\/rioonwatch.org.br\/?p=47571#primaryimage\"},\"thumbnailUrl\":\"https:\/\/rioonwatch.org.br\/wp-content\/uploads\/2020\/05\/Live-Sau\u0301de-Mental-Zoom.jpeg\",\"datePublished\":\"2020-05-21T13:22:39+00:00\",\"dateModified\":\"2020-12-17T15:47:33+00:00\",\"breadcrumb\":{\"@id\":\"https:\/\/rioonwatch.org.br\/?p=47571#breadcrumb\"},\"inLanguage\":\"pt-BR\",\"potentialAction\":[{\"@type\":\"ReadAction\",\"target\":[\"https:\/\/rioonwatch.org.br\/?p=47571\"]}]},{\"@type\":\"ImageObject\",\"inLanguage\":\"pt-BR\",\"@id\":\"https:\/\/rioonwatch.org.br\/?p=47571#primaryimage\",\"url\":\"https:\/\/rioonwatch.org.br\/wp-content\/uploads\/2020\/05\/Live-Sau\u0301de-Mental-Zoom.jpeg\",\"contentUrl\":\"https:\/\/rioonwatch.org.br\/wp-content\/uploads\/2020\/05\/Live-Sau\u0301de-Mental-Zoom.jpeg\",\"width\":1440,\"height\":642},{\"@type\":\"BreadcrumbList\",\"@id\":\"https:\/\/rioonwatch.org.br\/?p=47571#breadcrumb\",\"itemListElement\":[{\"@type\":\"ListItem\",\"position\":1,\"name\":\"In\u00edcio\",\"item\":\"https:\/\/rioonwatch.org.br\/\"},{\"@type\":\"ListItem\",\"position\":2,\"name\":\"Psic\u00f3logos Comunit\u00e1rios Falam na LIVE: &#8216;Sa\u00fade Mental nas Favelas Durante a Pandemia&#8217; [V\u00cdDEO]\"}]},{\"@type\":\"WebSite\",\"@id\":\"https:\/\/rioonwatch.org.br\/#website\",\"url\":\"https:\/\/rioonwatch.org.br\/\",\"name\":\"RioOnWatch\",\"description\":\"relatos das favelas cariocas\",\"publisher\":{\"@id\":\"https:\/\/rioonwatch.org.br\/#organization\"},\"potentialAction\":[{\"@type\":\"SearchAction\",\"target\":{\"@type\":\"EntryPoint\",\"urlTemplate\":\"https:\/\/rioonwatch.org.br\/?s={search_term_string}\"},\"query-input\":{\"@type\":\"PropertyValueSpecification\",\"valueRequired\":true,\"valueName\":\"search_term_string\"}}],\"inLanguage\":\"pt-BR\"},{\"@type\":\"Organization\",\"@id\":\"https:\/\/rioonwatch.org.br\/#organization\",\"name\":\"RioOnWatch\",\"url\":\"https:\/\/rioonwatch.org.br\/\",\"logo\":{\"@type\":\"ImageObject\",\"inLanguage\":\"pt-BR\",\"@id\":\"https:\/\/rioonwatch.org.br\/#\/schema\/logo\/image\/\",\"url\":\"https:\/\/rioonwatch.org.br\/wp-content\/uploads\/2021\/06\/RioOnWatchcabecalhoPT11anos-2.png\",\"contentUrl\":\"https:\/\/rioonwatch.org.br\/wp-content\/uploads\/2021\/06\/RioOnWatchcabecalhoPT11anos-2.png\",\"width\":779,\"height\":277,\"caption\":\"RioOnWatch\"},\"image\":{\"@id\":\"https:\/\/rioonwatch.org.br\/#\/schema\/logo\/image\/\"}},{\"@type\":\"Person\",\"@id\":\"https:\/\/rioonwatch.org.br\/#\/schema\/person\/11d64c290506f9df50c71b850c473f68\",\"name\":\"Admin\",\"image\":{\"@type\":\"ImageObject\",\"inLanguage\":\"pt-BR\",\"@id\":\"https:\/\/rioonwatch.org.br\/#\/schema\/person\/image\/\",\"url\":\"https:\/\/secure.gravatar.com\/avatar\/56211ac74568383903349a1485e3c325?s=96&d=blank&r=g\",\"contentUrl\":\"https:\/\/secure.gravatar.com\/avatar\/56211ac74568383903349a1485e3c325?s=96&d=blank&r=g\",\"caption\":\"Admin\"},\"url\":\"https:\/\/rioonwatch.org.br\/?author=129\"}]}<\/script>\n<!-- \/ Yoast SEO plugin. -->","yoast_head_json":{"title":"Psic\u00f3logos Comunit\u00e1rios Falam na LIVE: 'Sa\u00fade Mental nas Favelas Durante a Pandemia' [V\u00cdDEO] - RioOnWatch","robots":{"index":"index","follow":"follow","max-snippet":"max-snippet:-1","max-image-preview":"max-image-preview:large","max-video-preview":"max-video-preview:-1"},"canonical":"https:\/\/rioonwatch.org.br\/?p=47571","og_locale":"pt_BR","og_type":"article","og_title":"Psic\u00f3logos Comunit\u00e1rios Falam na LIVE: 'Sa\u00fade Mental nas Favelas Durante a Pandemia' [V\u00cdDEO] - RioOnWatch","og_description":"Click Here for English Esta \u00e9 a nossa mais recente mat\u00e9ria sobre\u00a0o novo coronav\u00edrus e seus impactos sobre as favelas\u00a0e tamb\u00e9m da\u00a0s\u00e9rie LIVES Covid-19 nas Favelas. No dia 11 de maio, a Comunidades Catalisadoras (ComCat),* [...]","og_url":"https:\/\/rioonwatch.org.br\/?p=47571","og_site_name":"RioOnWatch","article_published_time":"2020-05-21T13:22:39+00:00","article_modified_time":"2020-12-17T15:47:33+00:00","og_image":[{"width":1440,"height":642,"url":"https:\/\/rioonwatch.org.br\/wp-content\/uploads\/2020\/05\/Live-Sau\u0301de-Mental-Zoom.jpeg","type":"image\/jpeg"}],"author":"Admin","twitter_card":"summary_large_image","twitter_misc":{"Escrito por":"Admin","Est. tempo de leitura":"8 minutos"},"schema":{"@context":"https:\/\/schema.org","@graph":[{"@type":"Article","@id":"https:\/\/rioonwatch.org.br\/?p=47571#article","isPartOf":{"@id":"https:\/\/rioonwatch.org.br\/?p=47571"},"author":{"name":"Admin","@id":"https:\/\/rioonwatch.org.br\/#\/schema\/person\/11d64c290506f9df50c71b850c473f68"},"headline":"Psic\u00f3logos Comunit\u00e1rios Falam na LIVE: &#8216;Sa\u00fade Mental nas Favelas Durante a Pandemia&#8217; [V\u00cdDEO]","datePublished":"2020-05-21T13:22:39+00:00","dateModified":"2020-12-17T15:47:33+00:00","mainEntityOfPage":{"@id":"https:\/\/rioonwatch.org.br\/?p=47571"},"wordCount":1641,"publisher":{"@id":"https:\/\/rioonwatch.org.br\/#organization"},"image":{"@id":"https:\/\/rioonwatch.org.br\/?p=47571#primaryimage"},"thumbnailUrl":"https:\/\/rioonwatch.org.br\/wp-content\/uploads\/2020\/05\/Live-Sau\u0301de-Mental-Zoom.jpeg","keywords":["Cidade de Deus","Complexo da Mar\u00e9","coronav\u00edrus","cultura da favela","desigualdade","Fiocruz","Manguinhos","Morro da Provid\u00eancia","organiza\u00e7\u00e3o comunit\u00e1ria","pol\u00edtica p\u00fablica","redes","Regi\u00e3o do Porto","sa\u00fade mental","S\u00e9rie: Covid-19 Nas Favelas","S\u00e9rie: Interc\u00e2mbios da RFS","S\u00e9rie: LIVES Covid-19 nas Favelas","solu\u00e7\u00e3o comunit\u00e1ria","Zona Norte","Zona Oeste"],"articleSection":["#Covid19NasFavelas","*Destaque","Cobertura de Eventos","Escrito por Aliados","Qualidades da Favela","Sociedade Civil","Solu\u00e7\u00f5es","V\u00eddeo"],"inLanguage":"pt-BR"},{"@type":"WebPage","@id":"https:\/\/rioonwatch.org.br\/?p=47571","url":"https:\/\/rioonwatch.org.br\/?p=47571","name":"Psic\u00f3logos Comunit\u00e1rios Falam na LIVE: 'Sa\u00fade Mental nas Favelas Durante a Pandemia' [V\u00cdDEO] - RioOnWatch","isPartOf":{"@id":"https:\/\/rioonwatch.org.br\/#website"},"primaryImageOfPage":{"@id":"https:\/\/rioonwatch.org.br\/?p=47571#primaryimage"},"image":{"@id":"https:\/\/rioonwatch.org.br\/?p=47571#primaryimage"},"thumbnailUrl":"https:\/\/rioonwatch.org.br\/wp-content\/uploads\/2020\/05\/Live-Sau\u0301de-Mental-Zoom.jpeg","datePublished":"2020-05-21T13:22:39+00:00","dateModified":"2020-12-17T15:47:33+00:00","breadcrumb":{"@id":"https:\/\/rioonwatch.org.br\/?p=47571#breadcrumb"},"inLanguage":"pt-BR","potentialAction":[{"@type":"ReadAction","target":["https:\/\/rioonwatch.org.br\/?p=47571"]}]},{"@type":"ImageObject","inLanguage":"pt-BR","@id":"https:\/\/rioonwatch.org.br\/?p=47571#primaryimage","url":"https:\/\/rioonwatch.org.br\/wp-content\/uploads\/2020\/05\/Live-Sau\u0301de-Mental-Zoom.jpeg","contentUrl":"https:\/\/rioonwatch.org.br\/wp-content\/uploads\/2020\/05\/Live-Sau\u0301de-Mental-Zoom.jpeg","width":1440,"height":642},{"@type":"BreadcrumbList","@id":"https:\/\/rioonwatch.org.br\/?p=47571#breadcrumb","itemListElement":[{"@type":"ListItem","position":1,"name":"In\u00edcio","item":"https:\/\/rioonwatch.org.br\/"},{"@type":"ListItem","position":2,"name":"Psic\u00f3logos Comunit\u00e1rios Falam na LIVE: &#8216;Sa\u00fade Mental nas Favelas Durante a Pandemia&#8217; [V\u00cdDEO]"}]},{"@type":"WebSite","@id":"https:\/\/rioonwatch.org.br\/#website","url":"https:\/\/rioonwatch.org.br\/","name":"RioOnWatch","description":"relatos das favelas cariocas","publisher":{"@id":"https:\/\/rioonwatch.org.br\/#organization"},"potentialAction":[{"@type":"SearchAction","target":{"@type":"EntryPoint","urlTemplate":"https:\/\/rioonwatch.org.br\/?s={search_term_string}"},"query-input":{"@type":"PropertyValueSpecification","valueRequired":true,"valueName":"search_term_string"}}],"inLanguage":"pt-BR"},{"@type":"Organization","@id":"https:\/\/rioonwatch.org.br\/#organization","name":"RioOnWatch","url":"https:\/\/rioonwatch.org.br\/","logo":{"@type":"ImageObject","inLanguage":"pt-BR","@id":"https:\/\/rioonwatch.org.br\/#\/schema\/logo\/image\/","url":"https:\/\/rioonwatch.org.br\/wp-content\/uploads\/2021\/06\/RioOnWatchcabecalhoPT11anos-2.png","contentUrl":"https:\/\/rioonwatch.org.br\/wp-content\/uploads\/2021\/06\/RioOnWatchcabecalhoPT11anos-2.png","width":779,"height":277,"caption":"RioOnWatch"},"image":{"@id":"https:\/\/rioonwatch.org.br\/#\/schema\/logo\/image\/"}},{"@type":"Person","@id":"https:\/\/rioonwatch.org.br\/#\/schema\/person\/11d64c290506f9df50c71b850c473f68","name":"Admin","image":{"@type":"ImageObject","inLanguage":"pt-BR","@id":"https:\/\/rioonwatch.org.br\/#\/schema\/person\/image\/","url":"https:\/\/secure.gravatar.com\/avatar\/56211ac74568383903349a1485e3c325?s=96&d=blank&r=g","contentUrl":"https:\/\/secure.gravatar.com\/avatar\/56211ac74568383903349a1485e3c325?s=96&d=blank&r=g","caption":"Admin"},"url":"https:\/\/rioonwatch.org.br\/?author=129"}]}},"_links":{"self":[{"href":"https:\/\/rioonwatch.org.br\/index.php?rest_route=\/wp\/v2\/posts\/47571"}],"collection":[{"href":"https:\/\/rioonwatch.org.br\/index.php?rest_route=\/wp\/v2\/posts"}],"about":[{"href":"https:\/\/rioonwatch.org.br\/index.php?rest_route=\/wp\/v2\/types\/post"}],"author":[{"embeddable":true,"href":"https:\/\/rioonwatch.org.br\/index.php?rest_route=\/wp\/v2\/users\/129"}],"replies":[{"embeddable":true,"href":"https:\/\/rioonwatch.org.br\/index.php?rest_route=%2Fwp%2Fv2%2Fcomments&post=47571"}],"version-history":[{"count":34,"href":"https:\/\/rioonwatch.org.br\/index.php?rest_route=\/wp\/v2\/posts\/47571\/revisions"}],"predecessor-version":[{"id":50064,"href":"https:\/\/rioonwatch.org.br\/index.php?rest_route=\/wp\/v2\/posts\/47571\/revisions\/50064"}],"wp:featuredmedia":[{"embeddable":true,"href":"https:\/\/rioonwatch.org.br\/index.php?rest_route=\/wp\/v2\/media\/47574"}],"wp:attachment":[{"href":"https:\/\/rioonwatch.org.br\/index.php?rest_route=%2Fwp%2Fv2%2Fmedia&parent=47571"}],"wp:term":[{"taxonomy":"category","embeddable":true,"href":"https:\/\/rioonwatch.org.br\/index.php?rest_route=%2Fwp%2Fv2%2Fcategories&post=47571"},{"taxonomy":"post_tag","embeddable":true,"href":"https:\/\/rioonwatch.org.br\/index.php?rest_route=%2Fwp%2Fv2%2Ftags&post=47571"},{"taxonomy":"writer","embeddable":true,"href":"https:\/\/rioonwatch.org.br\/index.php?rest_route=%2Fwp%2Fv2%2Fwriter&post=47571"},{"taxonomy":"translator","embeddable":true,"href":"https:\/\/rioonwatch.org.br\/index.php?rest_route=%2Fwp%2Fv2%2Ftranslator&post=47571"},{"taxonomy":"source","embeddable":true,"href":"https:\/\/rioonwatch.org.br\/index.php?rest_route=%2Fwp%2Fv2%2Fsource&post=47571"},{"taxonomy":"ilustrador","embeddable":true,"href":"https:\/\/rioonwatch.org.br\/index.php?rest_route=%2Fwp%2Fv2%2Filustrador&post=47571"},{"taxonomy":"fotografo","embeddable":true,"href":"https:\/\/rioonwatch.org.br\/index.php?rest_route=%2Fwp%2Fv2%2Ffotografo&post=47571"}],"curies":[{"name":"wp","href":"https:\/\/api.w.org\/{rel}","templated":true}]}}