{"id":47743,"date":"2020-07-07T10:23:08","date_gmt":"2020-07-07T13:23:08","guid":{"rendered":"https:\/\/rioonwatch.org.br\/?p=47743"},"modified":"2024-05-24T12:36:24","modified_gmt":"2024-05-24T15:36:24","slug":"covid-19-no-cep-23000-racismo-estrutura-letalidade-em-campo-grande-parte-1","status":"publish","type":"post","link":"https:\/\/rioonwatch.org.br\/?p=47743","title":{"rendered":"Covid-19 No CEP 23000: Racismo Estrutura Letalidade em Campo Grande, Parte 1"},"content":{"rendered":"<p style=\"text-align: right;\"><em><strong><a href=\"https:\/\/bit.ly\/33gbMy7\" target=\"_blank\" rel=\"noopener noreferrer\">Click Here for English<\/a><a href=\"https:\/\/bit.ly\/33gbMy7\" target=\"_blank\" rel=\"noopener noreferrer\"><img decoding=\"async\" width=\"20\" height=\"20\" class=\"alignright wp-image-15790\" src=\"https:\/\/rioonwatch.org.br\/wp-content\/uploads\/2012\/08\/EN-standard-e1439583104716.jpg\" \/><\/a><\/strong><\/em><\/p>\n<p><i><em>Esta \u00e9 a nossa mais recente mat\u00e9ria sobre <a href=\"http:\/\/bit.ly\/Covid19NasFavelas\" target=\"_blank\" rel=\"noopener noreferrer\">o novo coronav\u00edrus e seus impactos sobre as favelas<\/a> e \u00e9 a primeira parte de uma s\u00e9rie de duas mat\u00e9rias que analisa a desigualdade da letalidade da Covid-19 entre dois bairros da Zona Oeste, a Barra da Tijuca e Campo Grande. A mat\u00e9ria foi escrita pelas <span style=\"font-weight: 400;\">integrantes da <a href=\"https:\/\/bit.ly\/36WimtS\" target=\"_blank\" rel=\"noopener noreferrer\">Teia de Solidariedade Zona Oeste<\/a><\/span><span style=\"font-weight: 400;\">.*<\/span><\/em><\/i><\/p>\n<p><em>Esta primeira parte traz um breve hist\u00f3rico comparativo entre a letalidade da Covid-19 na Barra da Tijuca e Campo Grande, apontando a iniquidade no sistema de sa\u00fade e o recorte racial entre os bairros.<\/em><\/p>\n<p><span style=\"font-weight: 400;\">Quando os n\u00fameros se transmutam em rostos amigos, vizinhas\/os e parentes eles descortinam a triste desigualdade a que estamos submetidas na periferia do mundo, fruto em grande parte do racismo estrutural. Pelo menos tr\u00eas iniquidades centrais se alternam no contexto da <a href=\"https:\/\/bit.ly\/2QZjDJI\" target=\"_blank\" rel=\"noopener noreferrer\">Covid-19<\/a>, todas inter-relacionadas. Uma lida com o risco concreto de morte, a outra com acesso a pol\u00edticas p\u00fablicas\u2014tanto de sa\u00fade quanto \u00e0s demais para garantia da vida digna\u2014e a terceira com acesso a dados qualificados e contextualizados. Nessa \u00faltima camada, entra n\u00e3o apenas a <a href=\"https:\/\/bit.ly\/2T3HEQW\" target=\"_blank\" rel=\"noopener noreferrer\">subnotifica\u00e7\u00e3o<\/a>, mas toda a possibilidade de leitura de n\u00fameros que possa dar visibilidade \u00e0s outras desigualdades.\u00a0<\/span><\/p>\n<p><span style=\"font-weight: 400;\">Na medida em que se sobrep\u00f5em na parte pobre e mais populosa da cidade do Rio de Janeiro, essas iniquidades escancaram o exerc\u00edcio do poder dos governos por meio de um <a href=\"https:\/\/bit.ly\/2yPgaYv\" target=\"_blank\" rel=\"noopener noreferrer\">padr\u00e3o m\u00f3rbido<\/a>, onde ora mata, ora deixa morrer pobres, pretos e perif\u00e9ricos. E \u00e9 isso que se apresenta quando olhamos para <a href=\"http:\/\/bit.ly\/37jLc7e\" target=\"_blank\" rel=\"noopener noreferrer\">Campo Grande<\/a>, bairro de mais de <a href=\"https:\/\/bit.ly\/2Mwo3VP\" target=\"_blank\" rel=\"noopener noreferrer\">300.000 habitantes<\/a> na <a href=\"http:\/\/bit.ly\/2x3k8bw\" target=\"_blank\" rel=\"noopener noreferrer\">Zona Oeste<\/a>, que se tornou o <a href=\"https:\/\/bit.ly\/2XZCs2e\" target=\"_blank\" rel=\"noopener noreferrer\">epicentro da letalidade da Covid-19<\/a> na cidade.\u00a0<\/span><\/p>\n<p><span style=\"font-weight: 400;\">As integrantes da Teia de Solidariedade Zona Oeste<\/span>\u00a0acompanham as informa\u00e7\u00f5es sobre \u00f3bitos em rela\u00e7\u00e3o \u00e0 contamina\u00e7\u00e3o pelo novo coronav\u00edrus, a partir do <a href=\"https:\/\/bit.ly\/2K125cq\" target=\"_blank\" rel=\"noopener noreferrer\"><span style=\"font-weight: 400;\">Painel Rio Covid-19<\/span><\/a><span style=\"font-weight: 400;\">, da Prefeitura do Rio de Janeiro. Em fins de mar\u00e7o, a Zona Oeste s\u00f3 aparecia no mapa, com casos de Covid-19 confirmados, na <a href=\"https:\/\/bit.ly\/2UVrwlZ\" target=\"_blank\" rel=\"noopener noreferrer\">Barra da Tijuca<\/a>\u2014bairro considerado \u201cnobre\u201d dentro da Zona Oeste, sendo, naqueles dias, o <a href=\"https:\/\/bit.ly\/3dLCKjR\" target=\"_blank\" rel=\"noopener noreferrer\">primeiro da cidade em n\u00famero de notifica\u00e7\u00f5es<\/a><\/span><span style=\"font-weight: 400;\">. Dentre os campe\u00f5es de casos, todos eram bairros da <a href=\"http:\/\/bit.ly\/2WL6FUi\" target=\"_blank\" rel=\"noopener noreferrer\">Zona Sul<\/a> da cidade. Embora esteja na Zona Oeste, a Barra da Tijuca se alinha \u00e0 Zona Sul em caracter\u00edsticas demogr\u00e1ficas, ainda que nesta \u00faltima concentrem-se os bairros de <a href=\"https:\/\/bit.ly\/37g7KGj\" target=\"_blank\" rel=\"noopener noreferrer\">metro quadrado mais caros do munic\u00edpio<\/a>. S\u00e3o \u00e1reas de poder aquisitivo alto, com a popula\u00e7\u00e3o <a href=\"https:\/\/bit.ly\/2Z073x7\" target=\"_blank\" rel=\"noopener noreferrer\">majoritariamente branca<\/a>, que tem garantida pelo Estado o <a href=\"http:\/\/bit.ly\/3aY4PCT\" target=\"_blank\" rel=\"noopener noreferrer\">direito \u00e0 cidade<\/a>\u2014e \u00e0 vida\u2014por meio de pol\u00edticas p\u00fablicas. Os dados que expressaram o avan\u00e7o da doen\u00e7a inicialmente nestes bairros podem tamb\u00e9m ter sido alterados pelo simples acesso aos testes, mas como veremos adiante, o que comp\u00f5em o mesmo contexto de iniquidade.\u00a0<\/span><\/p>\n<p><a href=\"https:\/\/rioonwatch.org.br\/wp-content\/uploads\/2020\/06\/2020-05-13_Infogr\u00e1ficoPubli_Letalidade_R01.jpg\"><img fetchpriority=\"high\" decoding=\"async\" class=\"aligncenter wp-image-48138 size-medium\" title=\"Letalidade da Covid \u2013 Barra da Tijuca x Campo Grande\" src=\"https:\/\/rioonwatch.org.br\/wp-content\/uploads\/2020\/06\/2020-05-13_Infogr\u00e1ficoPubli_Letalidade_R01-620x377.jpg\" alt=\"\" width=\"620\" height=\"377\" srcset=\"https:\/\/rioonwatch.org.br\/wp-content\/uploads\/2020\/06\/2020-05-13_Infogr\u00e1ficoPubli_Letalidade_R01-620x377.jpg 620w, https:\/\/rioonwatch.org.br\/wp-content\/uploads\/2020\/06\/2020-05-13_Infogr\u00e1ficoPubli_Letalidade_R01-434x264.jpg 434w, https:\/\/rioonwatch.org.br\/wp-content\/uploads\/2020\/06\/2020-05-13_Infogr\u00e1ficoPubli_Letalidade_R01-768x467.jpg 768w, https:\/\/rioonwatch.org.br\/wp-content\/uploads\/2020\/06\/2020-05-13_Infogr\u00e1ficoPubli_Letalidade_R01-1024x623.jpg 1024w\" sizes=\"(max-width: 620px) 100vw, 620px\" \/><\/a><\/p>\n<p><span style=\"font-weight: 400;\"><a href=\"https:\/\/bit.ly\/30kLee3\" target=\"_blank\" rel=\"noopener noreferrer\">No dia 19 de abril<\/a>, com um n\u00famero muito menor de casos confirmados notificados<\/span><span style=\"font-weight: 400;\">, Campo Grande, o bairro de baixa renda<\/span><span style=\"font-weight: 400;\">, come\u00e7a a despontar no ranking de mortos. <a href=\"https:\/\/glo.bo\/2MHEqiI\" target=\"_blank\" rel=\"noopener noreferrer\">Enquanto o bairro nobre contava com 246 notifica\u00e7\u00f5es<\/a> de adoecimento e 11 pessoas falecidas (4,47%), o bairro de baixa renda contava 144 doentes e 20 v\u00edtimas fatais (13,89%), o que significa que em<\/span><span style=\"font-weight: 400;\"> cada 100 doentes em Campo Grande, 14 morreram, enquanto na Barra, foram <\/span><span style=\"font-weight: 400;\">4.<\/span><span style=\"font-weight: 400;\"> Dezoito dias depois desta primeira observa\u00e7\u00e3o, no dia 07 de maio, a Barra da Tijuca apresentava taxa de letalidade de 8,33%, enquanto Campo Grande chegava \u00e0 17,8% na rela\u00e7\u00e3o entre infectados e v\u00edtimas fatais (veja infogr\u00e1fico acima). Em 06 de julho o painel da prefeitura constava Campo Grande com 2261 casos confirmados e 335 \u00f3bitos (14,81%) e a Barra da Tijuca com 2472 casos e 141 \u00f3bitos (5,7%). Isto significa que, atualmente pela contagem da prefeitura, os moradores de Campo Grande t\u00eam 2,5 vezes mais chance de morrer pela doen\u00e7a do que os moradores da Barra da Tijuca.<\/span><\/p>\n<p><span style=\"font-weight: 400;\">Sabemos por experi\u00eancia que as <a href=\"https:\/\/bit.ly\/3eNxuwS\" target=\"_blank\" rel=\"noopener noreferrer\">subnotifica\u00e7\u00f5es<\/a>, tanto de casos quanto de \u00f3bitos, sugere que tais propor\u00e7\u00f5es podem ser ainda mais alarmantes. O fato de conhecermos as hist\u00f3rias de moradores de nossos bairros que <a href=\"https:\/\/glo.bo\/2W0qp5a\" target=\"_blank\" rel=\"noopener noreferrer\">n\u00e3o conseguiram atendimento de sa\u00fade<\/a>, e de alguns que foram a <a href=\"https:\/\/bit.ly\/30lEEDX\" target=\"_blank\" rel=\"noopener noreferrer\">\u00f3bito em casa<\/a>, causando uma multiplicidade de dores ao nosso redor, nos impele a cobrar que as medidas de socorro nesta pandemia considerem essas desigualdades de acesso. Fica bastante evidente que a letalidade nesta compara\u00e7\u00e3o tem a ver com o maior acesso que moradores da Barra da Tijuca t\u00eam aos sistemas de sa\u00fade e de emerg\u00eancia diante da Covid-19, al\u00e9m de melhores condi\u00e7\u00f5es de autocuidado<\/span><span style=\"font-weight: 400;\">. <\/span><span style=\"font-weight: 400;\">Por esse motivo, argumentamos que <a href=\"https:\/\/bit.ly\/2wXJV8G\" target=\"_blank\" rel=\"noopener noreferrer\">melhores condi\u00e7\u00f5es de isolamento social<\/a>, assim como de acesso \u00e0 sa\u00fade, para os bairros de baixa renda da Zona Oeste, devem ser priorizados pelo poder p\u00fablico.<\/span><\/p>\n<p><span style=\"font-weight: 400;\">Seja por <a href=\"https:\/\/glo.bo\/3h6KteJ\" target=\"_blank\" rel=\"noopener noreferrer\">retratar racialmente a letalidade da doen\u00e7a<\/a> por regi\u00e3o da cidade\u2014<a href=\"https:\/\/bit.ly\/2Z073x7\" target=\"_blank\" rel=\"noopener noreferrer\">Barra da Tijuca com 87,59% de brancas\/os e Campo Grande com 54,37% de pretas\/os e pardos\/as<\/a>\u2014ou seja por n\u00e3o definir os \u00edndices de adoecimento, estes n\u00fameros retratam a desigualdade. A falta de testes cl\u00ednicos ou de unidades de sa\u00fade dispon\u00edveis, a falta de acesso a equipamentos de sa\u00fade p\u00fablica t\u00eam um lado bastante evidente <a href=\"https:\/\/bit.ly\/2yPgaYv\" target=\"_blank\" rel=\"noopener noreferrer\">enquanto pol\u00edtica de Estado<\/a>. A falta de transpar\u00eancia desses dados alcan\u00e7ou uma culmin\u00e2ncia no dia 18 de maio, quando o Painel Rio Covid deixou de apresentar os dados referentes aos \u00f3bitos na cidade divulgando apenas os de notificados por bairro, o que impedia de monitorar a letalidade nos bairros.<\/span><\/p>\n<p><a href=\"https:\/\/glo.bo\/2Nw7Qk0\"><span style=\"font-weight: 400;\">No dia 25 de maio<\/span><\/a><span style=\"font-weight: 400;\">, uma decis\u00e3o liminar do Tribunal de Justi\u00e7a obtida pela Defensoria P\u00fablica do Rio e pelo Minist\u00e9rio P\u00fablico Estadual, obrigou a prefeitura a voltar a informar, com destaque, as mortes segundo a contagem dos hospitais. No entanto, atualmente, o <a href=\"https:\/\/bit.ly\/2K125cq\">painel<\/a> mostra os bairros em ordem alfab\u00e9tica e n\u00e3o mais na ordem de n\u00fameros de casos, como anteriormente, dificultando a leitura de onde h\u00e1 mais casos e consequentemente maior risco de cont\u00e1gio.<\/span><\/p>\n<p><a href=\"https:\/\/rioonwatch.org.br\/wp-content\/uploads\/2020\/06\/painel-covid.jpg\"><img decoding=\"async\" class=\"wp-image-48109 size-medium aligncenter\" title=\"C\u00f3pia da p\u00e1gina do Painel Rio Covid em 18\/5\/2020. Demonstra a aus\u00eancia dos dados de \u00f3bitos nesta data.\" src=\"https:\/\/rioonwatch.org.br\/wp-content\/uploads\/2020\/06\/painel-covid-620x260.jpg\" alt=\"\" width=\"620\" height=\"260\" srcset=\"https:\/\/rioonwatch.org.br\/wp-content\/uploads\/2020\/06\/painel-covid-620x260.jpg 620w, https:\/\/rioonwatch.org.br\/wp-content\/uploads\/2020\/06\/painel-covid-768x322.jpg 768w, https:\/\/rioonwatch.org.br\/wp-content\/uploads\/2020\/06\/painel-covid-1024x430.jpg 1024w, https:\/\/rioonwatch.org.br\/wp-content\/uploads\/2020\/06\/painel-covid.jpg 1366w\" sizes=\"(max-width: 620px) 100vw, 620px\" \/><\/a><\/p>\n<p><span style=\"font-weight: 400;\">Ao olhar de forma consequente e relacional os dados do avan\u00e7o da pandemia e de sua letalidade, no Brasil fica escancarada a <a href=\"https:\/\/bit.ly\/2yPgaYv\" target=\"_blank\" rel=\"noopener noreferrer\">l\u00f3gica da necropol\u00edtica<\/a>, de quem morre e quem vive. E amplifica a den\u00fancia dos abismos sociais e da estrutural marginaliza\u00e7\u00e3o de milh\u00f5es de pessoas que s\u00e3o, <a href=\"https:\/\/bit.ly\/2xZzthv\" target=\"_blank\" rel=\"noopener noreferrer\">em sua maioria, pretas e afrodescendentes<\/a>. Consequ\u00eancias ainda da grande trag\u00e9dia humana do processo escravocrata, vivida tanto na periferia da capital do Rio de Janeiro, como <a href=\"https:\/\/bit.ly\/2XGJUjY\" target=\"_blank\" rel=\"noopener noreferrer\">em pa\u00edses como os Estados Unidos<\/a>. N\u00e3o h\u00e1 surpresa, portanto, quanto \u00e0 <a href=\"https:\/\/bit.ly\/2Rku5Mf\" target=\"_blank\" rel=\"noopener noreferrer\">neglig\u00eancia do Estado<\/a>, perante a uma trag\u00e9dia completamente anunciada.<\/span><\/p>\n<p><span style=\"font-weight: 400;\">A chegada do v\u00edrus ao Brasil colocou no debate p\u00fablico uma das vers\u00f5es mais cru\u00e9is do racismo estrutural, capilarizado nas institui\u00e7\u00f5es brasileiras: a dimens\u00e3o <a href=\"https:\/\/bit.ly\/2YQbMTP\" target=\"_blank\" rel=\"noopener noreferrer\">necropol\u00edtica<\/a> do \u201cdeixar morrer\u201d, evidenciando que as escolhas pol\u00edticas, econ\u00f4micas e ideol\u00f3gicas dos governos, por meio da viol\u00eancia e invisibiliza\u00e7\u00e3o de desigualdades, t\u00eam implica\u00e7\u00f5es materiais na vida e nos corpos dos grupos racializados deste pa\u00eds.\u00a0<\/span><\/p>\n<p><span style=\"font-weight: 400;\">A leitura de dados das pol\u00edticas de assist\u00eancia e sa\u00fade neste per\u00edodo de pandemia <a href=\"https:\/\/bit.ly\/2XOu6eS\" target=\"_blank\" rel=\"noopener noreferrer\">evidencia a defasagem de recursos<\/a> e a escolha na aloca\u00e7\u00e3o de equipamentos p\u00fablicos emergenciais. Faz-se necess\u00e1rio compreender que a amplia\u00e7\u00e3o do alcance das pol\u00edticas de sa\u00fade e prote\u00e7\u00e3o social b\u00e1sica e especializada s\u00e3o passos fundamentais para a redu\u00e7\u00e3o das desigualdades e injusti\u00e7as sociais, sobretudo para a manuten\u00e7\u00e3o de vidas.\u00a0<\/span><\/p>\n<p>Olhar para esta realidade, em pleno contexto de pandemia e distribui\u00e7\u00e3o da renda b\u00e1sica emergencial \u00e9 refletir sobre seus impactos na abrang\u00eancia do atendimento \u00e0 popula\u00e7\u00e3o em situa\u00e7\u00e3o vulner\u00e1vel. Ou seja, al\u00e9m de camadas de desigualdades e opress\u00f5es existentes previamente, mais uma \u00e9 adicionada neste momento: a trajet\u00f3ria dos recursos liberados para preven\u00e7\u00e3o e tratamento de pacientes infectados pela Covid-19.<\/p>\n<p><span style=\"font-weight: 400;\">Embora j\u00e1 houvesse levantamentos pr\u00e9vios apontando os bairros perif\u00e9ricos como locais de maior risco de acelera\u00e7\u00e3o do crescimento exponencial de n\u00famero de pessoas infectadas, o poder p\u00fablico n\u00e3o agiu de acordo com esses dados. Para ilustrar esse argumento, basta dizer que o primeiro hospital de campanha inaugurado na cidade <a href=\"https:\/\/glo.bo\/2ASNChA\" target=\"_blank\" rel=\"noopener noreferrer\">foi instalado no Leblon<\/a>, bairro que ostenta o t\u00edtulo de metro quadrado mais caro do pa\u00eds\u2014e um dos mais caros do mundo.<\/span><\/p>\n<p><i><em>Esta mat\u00e9ria \u00e9 a primeira de duas que analisa a desigualdade entre a letalidade da Covid-19 entre dois bairros da Zona Oeste, a Barra da Tijuca e Campo Grande. A segunda parte analisar\u00e1 uma s\u00e9rie de dados<span style=\"font-weight: 400;\">\u2014<\/span>que <span style=\"font-weight: 400;\">possibilita a leitura de outras desigualdades estruturais\u2014e a invisibiliza\u00e7\u00e3o de dados que impede que a popula\u00e7\u00e3o, em geral, tenha um panorama claro da sua realidade local frente \u00e0 pandemia.<\/span><\/em><\/i><\/p>\n<p><strong>Nota<\/strong><\/p>\n<p><span style=\"font-weight: 400;\">A Teia de Solidariedade Zona Oeste \u00e9 a uni\u00e3o de coletivas, coletivos e institui\u00e7\u00f5es da Zona Oeste para levantar doa\u00e7\u00f5es para alguns bairros, em fun\u00e7\u00e3o da atua\u00e7\u00e3o pol\u00edtica de cada um dos coletivos. A <a href=\"http:\/\/bit.ly\/2SYIyNp\" target=\"_blank\" rel=\"noopener noreferrer\">Coletiva Popular de Mulheres da Zona Oeste<\/a>, o Instituto de Forma\u00e7\u00e3o Humana e Educa\u00e7\u00e3o Popular <a href=\"https:\/\/bit.ly\/2MNZaW0\" target=\"_blank\" rel=\"noopener noreferrer\">(IFHEP)<\/a>, o <a href=\"https:\/\/bit.ly\/2YoY2gH\" target=\"_blank\" rel=\"noopener noreferrer\">Coletivo Piracema<\/a>, a <a href=\"https:\/\/bit.ly\/2XR8FKl\" target=\"_blank\" rel=\"noopener noreferrer\">Coletiva As Caboclas<\/a>, <a href=\"http:\/\/bit.ly\/2LI2T5f\" target=\"_blank\" rel=\"noopener noreferrer\">Mulheres de Pedra<\/a>, institui\u00e7\u00f5es como a <a href=\"https:\/\/bit.ly\/2zpyqrQ\" target=\"_blank\" rel=\"noopener noreferrer\">Funda\u00e7\u00e3o Angelica Goulart<\/a>, e o <a href=\"http:\/\/bit.ly\/2x9MT4d\" target=\"_blank\" rel=\"noopener noreferrer\">Plano Popular das Vargens<\/a>, se juntaram na busca por doa\u00e7\u00f5es a serem direcionadas aos bairros de <a href=\"http:\/\/bit.ly\/306P48F\" target=\"_blank\" rel=\"noopener noreferrer\">Sepetiba<\/a>, <a href=\"http:\/\/bit.ly\/2IUYpbd\" target=\"_blank\" rel=\"noopener noreferrer\">Santa Cruz<\/a>, Campo Grande\/<a href=\"https:\/\/bit.ly\/2Ylen6d\" target=\"_blank\" rel=\"noopener noreferrer\">Bosque dos Caboclos<\/a>, <a href=\"https:\/\/bit.ly\/30ANrlw\" target=\"_blank\" rel=\"noopener noreferrer\">Pedra de Guaratiba<\/a>, e <a href=\"https:\/\/bit.ly\/2MLPyen\" target=\"_blank\" rel=\"noopener noreferrer\">Vargem Grande<\/a>.<\/span><\/p>\n<p><i>Ana Alvarenga de Castro \u00e9<\/i><i>\u00a0engenheira agr\u00f4noma doutoranda em G\u00eanero e Agricultura na\u00a0<a href=\"https:\/\/bit.ly\/2ZN3Wch\" target=\"_blank\" rel=\"noopener noreferrer\">Universidade Humboldt de Berlim<\/a>, agroecofeminista, l\u00e9sbica antirracista, colaboradora da Teia de Solidariedade Zona Oeste. Ana trabalhou como analista ambiental e extensionista em agroecologia e hoje pesquisa sobre as dimens\u00f5es de trabalho, terra e alimento em disputa no contexto de conflitos socioambientais na\u00a0<a href=\"http:\/\/bit.ly\/2XNCFYa\" target=\"_blank\" rel=\"noopener noreferrer\">Am\u00e9rica Latina<\/a>, especialmente o avan\u00e7o do modelo neoextrativo diante das agriculturas camponesa, quilombola e ind\u00edgena.<\/i><\/p>\n<p><i>Camila Nobrega \u00e9\u00a0<\/i><i>\u00a0jornalista e pesquisadora, carioca de Vila Isabel, atualmente \u00e9 doutoranda em Ci\u00eancia Pol\u00edtica na\u00a0<a href=\"https:\/\/bit.ly\/2CdjsX0\" target=\"_blank\" rel=\"noopener noreferrer\">Universidade Livre de Berlim<\/a>. Camila trabalha principalmente com temas relacionados \u00e0 justi\u00e7a socioambiental, feminismos latino-americanos e democratiza\u00e7\u00e3o da m\u00eddia, atuando em constru\u00e7\u00f5es que conectam jornalismo, ativismo e pesquisa.<\/i><\/p>\n<p><i>Caroline Santana \u00e9<\/i><i>\u00a0pesquisadora negra, doutoranda em Servi\u00e7o Social pela Escola de Servi\u00e7o Social da\u00a0<a href=\"http:\/\/bit.ly\/2XQ3Rma\" target=\"_blank\" rel=\"noopener noreferrer\">UFRJ<\/a>; mestre em Planejamento Urbano e Regional pelo\u00a0<a href=\"http:\/\/bit.ly\/2megedN\" target=\"_blank\" rel=\"noopener noreferrer\">IPPUR<\/a>\u00a0\/UFRJ, assistente social pela ESS\/UFRJ, coordenadora de trabalho socioambiental nos projetos de desenvolvimento territorial em favelas do Rio de Janeiro e\u00a0<a href=\"http:\/\/bit.ly\/2xtrOnO\" target=\"_blank\" rel=\"noopener noreferrer\">Niter\u00f3i<\/a>, membro da Roda de Mulheres da Rede de Agricultura Urbana Carioca e militante do Grupo de Enfrentamento ao Racismo na Baixada Fluminense.\u00a0<\/i><\/p>\n<p><em>Marina Ribeiro \u00e9\u00a0<\/em><i>educadora popular, cientista social (<a href=\"https:\/\/bit.ly\/31W3H1b\" target=\"_blank\" rel=\"noopener noreferrer\">FIC-FEUC<\/a>), pesquisadora e ativista antirracista, mulher negra perif\u00e9rica com atua\u00e7\u00e3o na Zona Oeste, integrante da Coletiva Popular de Mulheres da Zona Oeste e da Articula\u00e7\u00e3o Teia de Solidariedade Zona Oeste, fundadora e coordenadora geral do Instituto de Forma\u00e7\u00e3o Humana e Educa\u00e7\u00e3o Popular (<a href=\"https:\/\/bit.ly\/2MNZaW0\" target=\"_blank\" rel=\"noopener noreferrer\">IFHEP<\/a>), desde 2010.\u00a0<\/i><\/p>\n<p><i>Rosineide Freitas \u00e9\u00a0<\/i><i>mulher preta, cria e moradora de Campo Grande, professora da\u00a0<a href=\"http:\/\/bit.ly\/2KQx9xm\" target=\"_blank\" rel=\"noopener noreferrer\">UERJ<\/a>, integrante da\u00a0<a href=\"https:\/\/bit.ly\/3iGQ24b\" target=\"_blank\" rel=\"noopener noreferrer\">Diretoria Regional RJ do ANDES-SN<\/a>, integrante da Coletiva Popular de Mulheres da Zona Oeste, integrante do\u00a0<a href=\"https:\/\/bit.ly\/2Oj6xpj\" target=\"_blank\" rel=\"noopener noreferrer\">F\u00f3rum Estadual de Mulheres Negras RJ<\/a>\u00a0e integrante do Colegiado da Sociedade Civil do\u00a0<a href=\"https:\/\/bit.ly\/3iLU3oa\" target=\"_blank\" rel=\"noopener noreferrer\">F\u00f3rum Permanente de Di\u00e1logos Marielle Franco<\/a>\u00a0da\u00a0<a href=\"http:\/\/bit.ly\/2N6nkOC\" target=\"_blank\" rel=\"noopener noreferrer\">ALERJ<\/a>.<\/i><\/p>\n<p><i>Silvia Baptista \u00e9<\/i><i>\u00a0mulher negra, de origem quilombola, cria das Vargens, pedagoga e doutoranda em planejamento urbano pelo IPPUR\/UFRJ.<\/i><\/p>\n<p><i><span style=\"font-weight: 400;\">Infogr\u00e1ficos por <a href=\"https:\/\/bit.ly\/3fmy70o\" target=\"_blank\" rel=\"noopener noreferrer\">Poliana Monteiro<\/a>.<\/span><\/i><\/p>\n<hr \/>\n<h4><strong>Apoie nossos esfor\u00e7os para fornecer assist\u00eancia estrat\u00e9gica \u00e0s favelas do Rio durante a pandemia de Covid-19, incluindo o jornalismo hiperlocal, cr\u00edtico, inovador e incans\u00e1vel do\u00a0<em>RioOnWatch<\/em><\/strong>\u2014<a href=\"http:\/\/bit.ly\/CatalisandoComunidades\">doe aqui<\/a>.<\/h4>\n<!-- AddThis Advanced Settings generic via filter on the_content --><!-- AddThis Share Buttons generic via filter on the_content -->","protected":false},"excerpt":{"rendered":"<div class=\"mh-excerpt\"><p>Click Here for English Esta \u00e9 a nossa mais recente mat\u00e9ria sobre o novo coronav\u00edrus e seus impactos sobre as favelas e \u00e9 a primeira parte de uma s\u00e9rie de duas mat\u00e9rias que analisa a <a class=\"mh-excerpt-more\" href=\"https:\/\/rioonwatch.org.br\/?p=47743\" title=\"Covid-19 No CEP 23000: Racismo Estrutura Letalidade em Campo Grande, Parte 1\">[&#8230;]<\/a><!-- AddThis Advanced Settings generic via filter on get_the_excerpt --><!-- AddThis Share Buttons generic via filter on get_the_excerpt --><\/p>\n<\/div>","protected":false},"author":129,"featured_media":48546,"comment_status":"closed","ping_status":"closed","sticky":false,"template":"","format":"standard","meta":{"_acf_changed":false,"_monsterinsights_skip_tracking":false,"_monsterinsights_sitenote_active":false,"_monsterinsights_sitenote_note":"","_monsterinsights_sitenote_category":0,"footnotes":""},"categories":[2753,1621,1632,346,1625,344],"tags":[3253,274,2821,2748,2214,413,831,818,1523,932,2561,417,2822,134,294,23,2816,1725,184,383],"writer":[2861,2860,2857,2856,2858,2859],"translator":[],"source":[],"ilustrador":[],"fotografo":[],"class_list":{"0":"post-47743","1":"post","2":"type-post","3":"status-publish","4":"format-standard","5":"has-post-thumbnail","7":"category-covid19nasfavelas","8":"category-destaque","9":"category-pesquisa-e-analise","10":"category-denuncias","11":"category-por-correspondentes-comunitarios","12":"category-politicas","13":"tag-antirracismo","14":"tag-barra-da-tijuca","15":"tag-bosque-dos-caboclos","16":"tag-coronavirus","17":"tag-dados","18":"tag-desigualdade","19":"tag-direito-a-cidade","20":"tag-eua","21":"tag-instituto-pereira-passos-ipp","22":"tag-leblon","23":"tag-necropolitica","24":"tag-negligencia-do-estado","25":"tag-pedra-de-guaratiba","26":"tag-santa-cruz","27":"tag-saude","28":"tag-sepetiba","29":"tag-subnotificacao","30":"tag-vargem-grande","31":"tag-zona-oeste","32":"tag-zona-sul","33":"writer-ana-alvarenga-de-castro","34":"writer-camila-nobrega","35":"writer-caroline-santana","36":"writer-marina-ribeiro","37":"writer-rosineide-freitas","38":"writer-silvia-baptista"},"acf":[],"yoast_head":"<!-- This site is optimized with the Yoast SEO plugin v25.6 - https:\/\/yoast.com\/wordpress\/plugins\/seo\/ -->\n<title>Covid-19 No CEP 23000: Racismo Estrutura Letalidade em Campo Grande, Parte 1 - RioOnWatch<\/title>\n<meta name=\"robots\" content=\"index, follow, max-snippet:-1, max-image-preview:large, max-video-preview:-1\" \/>\n<link rel=\"canonical\" href=\"https:\/\/rioonwatch.org.br\/?p=47743\" \/>\n<meta property=\"og:locale\" content=\"pt_BR\" \/>\n<meta property=\"og:type\" content=\"article\" \/>\n<meta property=\"og:title\" content=\"Covid-19 No CEP 23000: Racismo Estrutura Letalidade em Campo Grande, Parte 1 - RioOnWatch\" \/>\n<meta property=\"og:description\" content=\"Click Here for English Esta \u00e9 a nossa mais recente mat\u00e9ria sobre o novo coronav\u00edrus e seus impactos sobre as favelas e \u00e9 a primeira parte de uma s\u00e9rie de duas mat\u00e9rias que analisa a [...]\" \/>\n<meta property=\"og:url\" content=\"https:\/\/rioonwatch.org.br\/?p=47743\" \/>\n<meta property=\"og:site_name\" content=\"RioOnWatch\" \/>\n<meta property=\"article:published_time\" content=\"2020-07-07T13:23:08+00:00\" \/>\n<meta property=\"article:modified_time\" content=\"2024-05-24T15:36:24+00:00\" \/>\n<meta property=\"og:image\" content=\"https:\/\/rioonwatch.org.br\/wp-content\/uploads\/2020\/06\/O-bairro-de-Campo-Grande-Foto-por-Luiz-Morier-Ag\u00eancia-O-Globo.jpg\" \/>\n\t<meta property=\"og:image:width\" content=\"1086\" \/>\n\t<meta property=\"og:image:height\" content=\"652\" \/>\n\t<meta property=\"og:image:type\" content=\"image\/jpeg\" \/>\n<meta name=\"author\" content=\"Admin\" \/>\n<meta name=\"twitter:card\" content=\"summary_large_image\" \/>\n<meta name=\"twitter:label1\" content=\"Escrito por\" \/>\n\t<meta name=\"twitter:data1\" content=\"Admin\" \/>\n\t<meta name=\"twitter:label2\" content=\"Est. tempo de leitura\" \/>\n\t<meta name=\"twitter:data2\" content=\"10 minutos\" \/>\n<script type=\"application\/ld+json\" class=\"yoast-schema-graph\">{\"@context\":\"https:\/\/schema.org\",\"@graph\":[{\"@type\":\"Article\",\"@id\":\"https:\/\/rioonwatch.org.br\/?p=47743#article\",\"isPartOf\":{\"@id\":\"https:\/\/rioonwatch.org.br\/?p=47743\"},\"author\":{\"name\":\"Admin\",\"@id\":\"https:\/\/rioonwatch.org.br\/#\/schema\/person\/11d64c290506f9df50c71b850c473f68\"},\"headline\":\"Covid-19 No CEP 23000: Racismo Estrutura Letalidade em Campo Grande, Parte 1\",\"datePublished\":\"2020-07-07T13:23:08+00:00\",\"dateModified\":\"2024-05-24T15:36:24+00:00\",\"mainEntityOfPage\":{\"@id\":\"https:\/\/rioonwatch.org.br\/?p=47743\"},\"wordCount\":1969,\"publisher\":{\"@id\":\"https:\/\/rioonwatch.org.br\/#organization\"},\"image\":{\"@id\":\"https:\/\/rioonwatch.org.br\/?p=47743#primaryimage\"},\"thumbnailUrl\":\"https:\/\/rioonwatch.org.br\/wp-content\/uploads\/2020\/06\/O-bairro-de-Campo-Grande-Foto-por-Luiz-Morier-Ag\u00eancia-O-Globo.jpg\",\"keywords\":[\"Antirracismo\",\"Barra da Tijuca\",\"Bosque dos Caboclos\",\"coronav\u00edrus\",\"dados\",\"desigualdade\",\"Direito \u00e0 Cidade\",\"EUA\",\"Instituto Pereira Passos (IPP)\",\"Leblon\",\"necropol\u00edtica\",\"Neglig\u00eancia do Estado\",\"Pedra de Guaratiba\",\"Santa Cruz\",\"sa\u00fade\",\"Sepetiba\",\"subnotifica\u00e7\u00e3o\",\"Vargem Grande\",\"Zona Oeste\",\"Zona Sul\"],\"articleSection\":[\"#Covid19NasFavelas\",\"*Destaque\",\"Dados e Pesquisa\",\"Den\u00fancias\",\"Escrito por Comunicadores Populares\",\"Pol\u00edticas\"],\"inLanguage\":\"pt-BR\"},{\"@type\":\"WebPage\",\"@id\":\"https:\/\/rioonwatch.org.br\/?p=47743\",\"url\":\"https:\/\/rioonwatch.org.br\/?p=47743\",\"name\":\"Covid-19 No CEP 23000: Racismo Estrutura Letalidade em Campo Grande, Parte 1 - RioOnWatch\",\"isPartOf\":{\"@id\":\"https:\/\/rioonwatch.org.br\/#website\"},\"primaryImageOfPage\":{\"@id\":\"https:\/\/rioonwatch.org.br\/?p=47743#primaryimage\"},\"image\":{\"@id\":\"https:\/\/rioonwatch.org.br\/?p=47743#primaryimage\"},\"thumbnailUrl\":\"https:\/\/rioonwatch.org.br\/wp-content\/uploads\/2020\/06\/O-bairro-de-Campo-Grande-Foto-por-Luiz-Morier-Ag\u00eancia-O-Globo.jpg\",\"datePublished\":\"2020-07-07T13:23:08+00:00\",\"dateModified\":\"2024-05-24T15:36:24+00:00\",\"breadcrumb\":{\"@id\":\"https:\/\/rioonwatch.org.br\/?p=47743#breadcrumb\"},\"inLanguage\":\"pt-BR\",\"potentialAction\":[{\"@type\":\"ReadAction\",\"target\":[\"https:\/\/rioonwatch.org.br\/?p=47743\"]}]},{\"@type\":\"ImageObject\",\"inLanguage\":\"pt-BR\",\"@id\":\"https:\/\/rioonwatch.org.br\/?p=47743#primaryimage\",\"url\":\"https:\/\/rioonwatch.org.br\/wp-content\/uploads\/2020\/06\/O-bairro-de-Campo-Grande-Foto-por-Luiz-Morier-Ag\u00eancia-O-Globo.jpg\",\"contentUrl\":\"https:\/\/rioonwatch.org.br\/wp-content\/uploads\/2020\/06\/O-bairro-de-Campo-Grande-Foto-por-Luiz-Morier-Ag\u00eancia-O-Globo.jpg\",\"width\":1086,\"height\":652},{\"@type\":\"BreadcrumbList\",\"@id\":\"https:\/\/rioonwatch.org.br\/?p=47743#breadcrumb\",\"itemListElement\":[{\"@type\":\"ListItem\",\"position\":1,\"name\":\"In\u00edcio\",\"item\":\"https:\/\/rioonwatch.org.br\/\"},{\"@type\":\"ListItem\",\"position\":2,\"name\":\"Covid-19 No CEP 23000: Racismo Estrutura Letalidade em Campo Grande, Parte 1\"}]},{\"@type\":\"WebSite\",\"@id\":\"https:\/\/rioonwatch.org.br\/#website\",\"url\":\"https:\/\/rioonwatch.org.br\/\",\"name\":\"RioOnWatch\",\"description\":\"relatos das favelas cariocas\",\"publisher\":{\"@id\":\"https:\/\/rioonwatch.org.br\/#organization\"},\"potentialAction\":[{\"@type\":\"SearchAction\",\"target\":{\"@type\":\"EntryPoint\",\"urlTemplate\":\"https:\/\/rioonwatch.org.br\/?s={search_term_string}\"},\"query-input\":{\"@type\":\"PropertyValueSpecification\",\"valueRequired\":true,\"valueName\":\"search_term_string\"}}],\"inLanguage\":\"pt-BR\"},{\"@type\":\"Organization\",\"@id\":\"https:\/\/rioonwatch.org.br\/#organization\",\"name\":\"RioOnWatch\",\"url\":\"https:\/\/rioonwatch.org.br\/\",\"logo\":{\"@type\":\"ImageObject\",\"inLanguage\":\"pt-BR\",\"@id\":\"https:\/\/rioonwatch.org.br\/#\/schema\/logo\/image\/\",\"url\":\"https:\/\/rioonwatch.org.br\/wp-content\/uploads\/2021\/06\/RioOnWatchcabecalhoPT11anos-2.png\",\"contentUrl\":\"https:\/\/rioonwatch.org.br\/wp-content\/uploads\/2021\/06\/RioOnWatchcabecalhoPT11anos-2.png\",\"width\":779,\"height\":277,\"caption\":\"RioOnWatch\"},\"image\":{\"@id\":\"https:\/\/rioonwatch.org.br\/#\/schema\/logo\/image\/\"}},{\"@type\":\"Person\",\"@id\":\"https:\/\/rioonwatch.org.br\/#\/schema\/person\/11d64c290506f9df50c71b850c473f68\",\"name\":\"Admin\",\"image\":{\"@type\":\"ImageObject\",\"inLanguage\":\"pt-BR\",\"@id\":\"https:\/\/rioonwatch.org.br\/#\/schema\/person\/image\/\",\"url\":\"https:\/\/secure.gravatar.com\/avatar\/56211ac74568383903349a1485e3c325?s=96&d=blank&r=g\",\"contentUrl\":\"https:\/\/secure.gravatar.com\/avatar\/56211ac74568383903349a1485e3c325?s=96&d=blank&r=g\",\"caption\":\"Admin\"},\"url\":\"https:\/\/rioonwatch.org.br\/?author=129\"}]}<\/script>\n<!-- \/ Yoast SEO plugin. -->","yoast_head_json":{"title":"Covid-19 No CEP 23000: Racismo Estrutura Letalidade em Campo Grande, Parte 1 - RioOnWatch","robots":{"index":"index","follow":"follow","max-snippet":"max-snippet:-1","max-image-preview":"max-image-preview:large","max-video-preview":"max-video-preview:-1"},"canonical":"https:\/\/rioonwatch.org.br\/?p=47743","og_locale":"pt_BR","og_type":"article","og_title":"Covid-19 No CEP 23000: Racismo Estrutura Letalidade em Campo Grande, Parte 1 - RioOnWatch","og_description":"Click Here for English Esta \u00e9 a nossa mais recente mat\u00e9ria sobre o novo coronav\u00edrus e seus impactos sobre as favelas e \u00e9 a primeira parte de uma s\u00e9rie de duas mat\u00e9rias que analisa a [...]","og_url":"https:\/\/rioonwatch.org.br\/?p=47743","og_site_name":"RioOnWatch","article_published_time":"2020-07-07T13:23:08+00:00","article_modified_time":"2024-05-24T15:36:24+00:00","og_image":[{"width":1086,"height":652,"url":"https:\/\/rioonwatch.org.br\/wp-content\/uploads\/2020\/06\/O-bairro-de-Campo-Grande-Foto-por-Luiz-Morier-Ag\u00eancia-O-Globo.jpg","type":"image\/jpeg"}],"author":"Admin","twitter_card":"summary_large_image","twitter_misc":{"Escrito por":"Admin","Est. tempo de leitura":"10 minutos"},"schema":{"@context":"https:\/\/schema.org","@graph":[{"@type":"Article","@id":"https:\/\/rioonwatch.org.br\/?p=47743#article","isPartOf":{"@id":"https:\/\/rioonwatch.org.br\/?p=47743"},"author":{"name":"Admin","@id":"https:\/\/rioonwatch.org.br\/#\/schema\/person\/11d64c290506f9df50c71b850c473f68"},"headline":"Covid-19 No CEP 23000: Racismo Estrutura Letalidade em Campo Grande, Parte 1","datePublished":"2020-07-07T13:23:08+00:00","dateModified":"2024-05-24T15:36:24+00:00","mainEntityOfPage":{"@id":"https:\/\/rioonwatch.org.br\/?p=47743"},"wordCount":1969,"publisher":{"@id":"https:\/\/rioonwatch.org.br\/#organization"},"image":{"@id":"https:\/\/rioonwatch.org.br\/?p=47743#primaryimage"},"thumbnailUrl":"https:\/\/rioonwatch.org.br\/wp-content\/uploads\/2020\/06\/O-bairro-de-Campo-Grande-Foto-por-Luiz-Morier-Ag\u00eancia-O-Globo.jpg","keywords":["Antirracismo","Barra da Tijuca","Bosque dos Caboclos","coronav\u00edrus","dados","desigualdade","Direito \u00e0 Cidade","EUA","Instituto Pereira Passos (IPP)","Leblon","necropol\u00edtica","Neglig\u00eancia do Estado","Pedra de Guaratiba","Santa Cruz","sa\u00fade","Sepetiba","subnotifica\u00e7\u00e3o","Vargem Grande","Zona Oeste","Zona Sul"],"articleSection":["#Covid19NasFavelas","*Destaque","Dados e Pesquisa","Den\u00fancias","Escrito por Comunicadores Populares","Pol\u00edticas"],"inLanguage":"pt-BR"},{"@type":"WebPage","@id":"https:\/\/rioonwatch.org.br\/?p=47743","url":"https:\/\/rioonwatch.org.br\/?p=47743","name":"Covid-19 No CEP 23000: Racismo Estrutura Letalidade em Campo Grande, Parte 1 - RioOnWatch","isPartOf":{"@id":"https:\/\/rioonwatch.org.br\/#website"},"primaryImageOfPage":{"@id":"https:\/\/rioonwatch.org.br\/?p=47743#primaryimage"},"image":{"@id":"https:\/\/rioonwatch.org.br\/?p=47743#primaryimage"},"thumbnailUrl":"https:\/\/rioonwatch.org.br\/wp-content\/uploads\/2020\/06\/O-bairro-de-Campo-Grande-Foto-por-Luiz-Morier-Ag\u00eancia-O-Globo.jpg","datePublished":"2020-07-07T13:23:08+00:00","dateModified":"2024-05-24T15:36:24+00:00","breadcrumb":{"@id":"https:\/\/rioonwatch.org.br\/?p=47743#breadcrumb"},"inLanguage":"pt-BR","potentialAction":[{"@type":"ReadAction","target":["https:\/\/rioonwatch.org.br\/?p=47743"]}]},{"@type":"ImageObject","inLanguage":"pt-BR","@id":"https:\/\/rioonwatch.org.br\/?p=47743#primaryimage","url":"https:\/\/rioonwatch.org.br\/wp-content\/uploads\/2020\/06\/O-bairro-de-Campo-Grande-Foto-por-Luiz-Morier-Ag\u00eancia-O-Globo.jpg","contentUrl":"https:\/\/rioonwatch.org.br\/wp-content\/uploads\/2020\/06\/O-bairro-de-Campo-Grande-Foto-por-Luiz-Morier-Ag\u00eancia-O-Globo.jpg","width":1086,"height":652},{"@type":"BreadcrumbList","@id":"https:\/\/rioonwatch.org.br\/?p=47743#breadcrumb","itemListElement":[{"@type":"ListItem","position":1,"name":"In\u00edcio","item":"https:\/\/rioonwatch.org.br\/"},{"@type":"ListItem","position":2,"name":"Covid-19 No CEP 23000: Racismo Estrutura Letalidade em Campo Grande, Parte 1"}]},{"@type":"WebSite","@id":"https:\/\/rioonwatch.org.br\/#website","url":"https:\/\/rioonwatch.org.br\/","name":"RioOnWatch","description":"relatos das favelas cariocas","publisher":{"@id":"https:\/\/rioonwatch.org.br\/#organization"},"potentialAction":[{"@type":"SearchAction","target":{"@type":"EntryPoint","urlTemplate":"https:\/\/rioonwatch.org.br\/?s={search_term_string}"},"query-input":{"@type":"PropertyValueSpecification","valueRequired":true,"valueName":"search_term_string"}}],"inLanguage":"pt-BR"},{"@type":"Organization","@id":"https:\/\/rioonwatch.org.br\/#organization","name":"RioOnWatch","url":"https:\/\/rioonwatch.org.br\/","logo":{"@type":"ImageObject","inLanguage":"pt-BR","@id":"https:\/\/rioonwatch.org.br\/#\/schema\/logo\/image\/","url":"https:\/\/rioonwatch.org.br\/wp-content\/uploads\/2021\/06\/RioOnWatchcabecalhoPT11anos-2.png","contentUrl":"https:\/\/rioonwatch.org.br\/wp-content\/uploads\/2021\/06\/RioOnWatchcabecalhoPT11anos-2.png","width":779,"height":277,"caption":"RioOnWatch"},"image":{"@id":"https:\/\/rioonwatch.org.br\/#\/schema\/logo\/image\/"}},{"@type":"Person","@id":"https:\/\/rioonwatch.org.br\/#\/schema\/person\/11d64c290506f9df50c71b850c473f68","name":"Admin","image":{"@type":"ImageObject","inLanguage":"pt-BR","@id":"https:\/\/rioonwatch.org.br\/#\/schema\/person\/image\/","url":"https:\/\/secure.gravatar.com\/avatar\/56211ac74568383903349a1485e3c325?s=96&d=blank&r=g","contentUrl":"https:\/\/secure.gravatar.com\/avatar\/56211ac74568383903349a1485e3c325?s=96&d=blank&r=g","caption":"Admin"},"url":"https:\/\/rioonwatch.org.br\/?author=129"}]}},"_links":{"self":[{"href":"https:\/\/rioonwatch.org.br\/index.php?rest_route=\/wp\/v2\/posts\/47743"}],"collection":[{"href":"https:\/\/rioonwatch.org.br\/index.php?rest_route=\/wp\/v2\/posts"}],"about":[{"href":"https:\/\/rioonwatch.org.br\/index.php?rest_route=\/wp\/v2\/types\/post"}],"author":[{"embeddable":true,"href":"https:\/\/rioonwatch.org.br\/index.php?rest_route=\/wp\/v2\/users\/129"}],"replies":[{"embeddable":true,"href":"https:\/\/rioonwatch.org.br\/index.php?rest_route=%2Fwp%2Fv2%2Fcomments&post=47743"}],"version-history":[{"count":71,"href":"https:\/\/rioonwatch.org.br\/index.php?rest_route=\/wp\/v2\/posts\/47743\/revisions"}],"predecessor-version":[{"id":50653,"href":"https:\/\/rioonwatch.org.br\/index.php?rest_route=\/wp\/v2\/posts\/47743\/revisions\/50653"}],"wp:featuredmedia":[{"embeddable":true,"href":"https:\/\/rioonwatch.org.br\/index.php?rest_route=\/wp\/v2\/media\/48546"}],"wp:attachment":[{"href":"https:\/\/rioonwatch.org.br\/index.php?rest_route=%2Fwp%2Fv2%2Fmedia&parent=47743"}],"wp:term":[{"taxonomy":"category","embeddable":true,"href":"https:\/\/rioonwatch.org.br\/index.php?rest_route=%2Fwp%2Fv2%2Fcategories&post=47743"},{"taxonomy":"post_tag","embeddable":true,"href":"https:\/\/rioonwatch.org.br\/index.php?rest_route=%2Fwp%2Fv2%2Ftags&post=47743"},{"taxonomy":"writer","embeddable":true,"href":"https:\/\/rioonwatch.org.br\/index.php?rest_route=%2Fwp%2Fv2%2Fwriter&post=47743"},{"taxonomy":"translator","embeddable":true,"href":"https:\/\/rioonwatch.org.br\/index.php?rest_route=%2Fwp%2Fv2%2Ftranslator&post=47743"},{"taxonomy":"source","embeddable":true,"href":"https:\/\/rioonwatch.org.br\/index.php?rest_route=%2Fwp%2Fv2%2Fsource&post=47743"},{"taxonomy":"ilustrador","embeddable":true,"href":"https:\/\/rioonwatch.org.br\/index.php?rest_route=%2Fwp%2Fv2%2Filustrador&post=47743"},{"taxonomy":"fotografo","embeddable":true,"href":"https:\/\/rioonwatch.org.br\/index.php?rest_route=%2Fwp%2Fv2%2Ffotografo&post=47743"}],"curies":[{"name":"wp","href":"https:\/\/api.w.org\/{rel}","templated":true}]}}