{"id":47908,"date":"2020-06-01T13:10:30","date_gmt":"2020-06-01T16:10:30","guid":{"rendered":"https:\/\/rioonwatch.org.br\/?p=47908"},"modified":"2020-06-30T10:03:56","modified_gmt":"2020-06-30T13:03:56","slug":"pandemia-acentua-desigualdade-social-e-dificulta-entrada-de-estudantes-perifericos-na-universidade","status":"publish","type":"post","link":"https:\/\/rioonwatch.org.br\/?p=47908","title":{"rendered":"Pandemia Compromete Educa\u00e7\u00e3o, Amplia Desigualdade de Estudantes Perif\u00e9ricos"},"content":{"rendered":"<p style=\"text-align: right;\"><em><strong><a href=\"https:\/\/bit.ly\/37y73ID\" target=\"_blank\" rel=\"noopener noreferrer\">Click Here for English<\/a><a href=\"https:\/\/bit.ly\/37y73ID\" target=\"_blank\" rel=\"noopener noreferrer\"><img decoding=\"async\" width=\"20\" height=\"20\" class=\"alignright wp-image-15790\" src=\"http:\/\/rioonwatch.org.br\/wp-content\/uploads\/2012\/08\/EN-standard-e1439583104716.jpg\" \/><\/a><\/strong><\/em><\/p>\n<p><em>Esta \u00e9 a nossa mais recente mat\u00e9ria sobre\u00a0<a href=\"http:\/\/bit.ly\/Covid19NasFavelas\" target=\"_blank\" rel=\"noopener noreferrer\">o novo coronav\u00edrus e seus impactos sobre as favelas<\/a>.<\/em><\/p>\n<p>A pandemia do <a href=\"https:\/\/bit.ly\/2QZjDJI\" target=\"_blank\" rel=\"noopener noreferrer\">novo coronav\u00edrus<\/a> escancarou o cotidiano desigual vivido por boa parte dos brasileiros. A pol\u00edtica de <a href=\"https:\/\/bit.ly\/2wXJV8G\" target=\"_blank\" rel=\"noopener noreferrer\">distanciamento e isolamento f\u00edsico<\/a>, principal m\u00e9todo de conten\u00e7\u00e3o da doen\u00e7a, tem afetado drasticamente a renda das fam\u00edlias mais pobres. Para muitos, <a href=\"https:\/\/bit.ly\/12EvidenciasNecropolitica\" target=\"_blank\" rel=\"noopener noreferrer\">continuar trabalhando, mesmo diante dos riscos<\/a>, \u00e9 uma quest\u00e3o de sobreviv\u00eancia. Os jovens dessas fam\u00edlias, alunos da rede p\u00fablica de ensino em sua maioria, tamb\u00e9m s\u00e3o afetados. O fechamento das escolas amea\u00e7a os sonhos para o futuro e amplia o abismo que separa os estudantes perif\u00e9ricos <a href=\"http:\/\/bit.ly\/2ooOQus\" target=\"_blank\" rel=\"noopener noreferrer\">de uma vaga na universidade<\/a>.<\/p>\n<p>Desde que o isolamento f\u00edsico foi decretado no Estado do Rio, na segunda semana de mar\u00e7o, Juliana Avelar, de 19 anos, est\u00e1 sem aulas. A estudante cursa o ensino m\u00e9dio t\u00e9cnico no Instituto Federal do Rio de Janeiro (<a href=\"https:\/\/bit.ly\/3cfJFAz\" target=\"_blank\" rel=\"noopener noreferrer\">IFRJ<\/a>), em <a href=\"http:\/\/bit.ly\/2UTQEHf\" target=\"_blank\" rel=\"noopener noreferrer\">Nil\u00f3polis<\/a>, na <a href=\"http:\/\/bit.ly\/2XXECxy\" target=\"_blank\" rel=\"noopener noreferrer\">Baixada Fluminense<\/a>. Al\u00e9m das aulas regulares, ela tamb\u00e9m faz <a href=\"http:\/\/bit.ly\/2X9F6oK\" target=\"_blank\" rel=\"noopener noreferrer\">pr\u00e9-vestibular comunit\u00e1rio<\/a> em <a href=\"http:\/\/bit.ly\/2YytCa6\" target=\"_blank\" rel=\"noopener noreferrer\">Nova Igua\u00e7u<\/a>, no mesmo munic\u00edpio onde mora. Sem computador e wifi em casa, manter uma rotina de estudos virtualmente \u00e9 quase imposs\u00edvel: \u201cFica muito dif\u00edcil estudar nesse momento sem um ambiente favor\u00e1vel e sem equipamento. Assim como eu, tem diversos alunos passando por essa dificuldade\u201d, conta Juliana.<\/p>\n<p>Na <a href=\"http:\/\/bit.ly\/2kFp5ol\" target=\"_blank\" rel=\"noopener noreferrer\">Regi\u00e3o Metropolitana do Rio<\/a>, 32% dos estudantes n\u00e3o t\u00eam computador em casa. Desse grupo, a maioria, 75%, s\u00e3o alunos na rede p\u00fablica de ensino. O <a href=\"https:\/\/bit.ly\/2XD66Kr\" target=\"_blank\" rel=\"noopener noreferrer\">levantamento foi feito pela Casa Fluminense<\/a>, a partir dos <a href=\"https:\/\/bit.ly\/2TRQr93\" target=\"_blank\" rel=\"noopener noreferrer\">microdados do Enem 2018<\/a>, preenchidos no ato de inscri\u00e7\u00e3o no exame. Os n\u00fameros s\u00e3o ainda piores entre os estudantes do Pr\u00e9-vestibular para Negros e Carentes (<a href=\"https:\/\/bit.ly\/3ci87B4\" target=\"_blank\" rel=\"noopener noreferrer\">PVNC<\/a>) da <a href=\"https:\/\/bit.ly\/2yI7EKV\" target=\"_blank\" rel=\"noopener noreferrer\">Vila Oper\u00e1ria<\/a>, onde Juliana estuda. A cada dez alunos, sete n\u00e3o possuem computador em casa. Assim como Juliana, a maioria utiliza o celular para estudar.<\/p>\n<p><img fetchpriority=\"high\" decoding=\"async\" class=\"aligncenter wp-image-47914 size-content\" title=\"Juliana Avelar\" src=\"https:\/\/rioonwatch.org.br\/wp-content\/uploads\/2020\/05\/Juliana-Avelar-_-Cr\u00e9dito-arquivo-pessoal-620x264.jpeg\" alt=\"\" width=\"620\" height=\"264\" srcset=\"https:\/\/rioonwatch.org.br\/wp-content\/uploads\/2020\/05\/Juliana-Avelar-_-Cr\u00e9dito-arquivo-pessoal-620x264.jpeg 620w, https:\/\/rioonwatch.org.br\/wp-content\/uploads\/2020\/05\/Juliana-Avelar-_-Cr\u00e9dito-arquivo-pessoal-940x400.jpeg 940w\" sizes=\"(max-width: 620px) 100vw, 620px\" \/><\/p>\n<p>A mais de 60km de Nova Igua\u00e7u, no bairro Jardim Catarina, em <a href=\"http:\/\/bit.ly\/2KWOFkm\" target=\"_blank\" rel=\"noopener noreferrer\">S\u00e3o Gon\u00e7alo<\/a>, a situa\u00e7\u00e3o \u00e9 parecida. Sem computador em casa, o celular \u00e9 o \u00fanico meio pelo qual Lorrayne Muniz, de 17 anos, acessa o conte\u00fado enviado pela escola. As atividades no Col\u00e9gio Estadual Trasilbo Filgueiras est\u00e3o sendo realizadas \u00e0 dist\u00e2ncia, desde o in\u00edcio de abril: &#8220;A gente n\u00e3o est\u00e1 tendo videoaula ou videoconfer\u00eancia. O que tem \u00e9 um material que eles colocam na plataforma e esperam a gente responder no dia que eles [professores] determinam. Eles passam a corre\u00e7\u00e3o, mandam um coment\u00e1rio do exerc\u00edcio e \u00e9 isso. Nada que seja muito parecido com aulas&#8221;, avalia Lorrayne.<\/p>\n<p>Para a estudante, o ensino virtual nesse momento n\u00e3o \u00e9 a solu\u00e7\u00e3o. Lorrayne conta que estudando em casa \u00e9 dif\u00edcil estabelecer uma rotina isolada dos afazeres dom\u00e9sticos ou alheia \u00e0s preocupa\u00e7\u00f5es da fam\u00edlia. \u201cPor mais que a gente esteja em casa, tem muitas outras coisas para fazer, tem muita coisa acontecendo e a nossa mente fica cheia. Para mim, realizar todas as tarefas estava sendo bem complicado, ent\u00e3o eu tive que escolher entre o meu ano letivo e o pr\u00e9-vestibular. Eu acabei, entre aspas, abrindo m\u00e3o do pr\u00e9-vestibular\u201d, explica a estudante.<\/p>\n<p>A preocupa\u00e7\u00e3o com as demandas financeiras da fam\u00edlia, a necessidade de ajudar nas tarefas de casa ou no cuidado de algum familiar, a dificuldade de acesso \u00e0 internet e ao computador s\u00e3o algumas das dimens\u00f5es de exclus\u00e3o dos estudantes perif\u00e9ricos. Essas quest\u00f5es sempre existiram, mas no per\u00edodo de pandemia elas se intensificaram, como avalia Yasmin Monteiro, coordenadora da articula\u00e7\u00e3o de <a href=\"https:\/\/bit.ly\/2TQOk5E\" target=\"_blank\" rel=\"noopener noreferrer\">juventude popular nas universidades<\/a>, da <a href=\"http:\/\/bit.ly\/2qmYcYQ\" target=\"_blank\" rel=\"noopener noreferrer\">Casa Fluminense<\/a>: \u201cS\u00e3o alunos que est\u00e3o observando o avan\u00e7o da Covid-19 de forma extremamente devastadora no bairro em que eles moram. Eles mesmos est\u00e3o ficando doentes, a fam\u00edlia est\u00e1 ficando doente e a not\u00edcia de \u00f3bito no entorno desses alunos \u00e9 muito maior do que no entorno de um aluno que mora em bairro de classe m\u00e9dia, por exemplo\u201d.<\/p>\n<p>Esse mesmo grupo, segundo Yasmin, tamb\u00e9m experimenta os piores impactos econ\u00f4micos do isolamento social: \u201cse antes da pandemia, entre os alunos de escola p\u00fablica, o n\u00famero que se dedicava a atividades profissionais j\u00e1 era muito grande, hoje, apesar do isolamento, o n\u00famero de alunos que est\u00e3o tendo que se desdobrar, junto com a fam\u00edlia, para garantir a comida e a dispensa cheia \u00e9 muito maior\u201d.<\/p>\n<p>\u201cDinheiro sempre foi preocupa\u00e7\u00e3o por aqui\u201d, conta Renam Xavier,\u00a0de 19 anos, morador da comunidade do <a href=\"https:\/\/bit.ly\/3gyg6x9\" target=\"_blank\" rel=\"noopener noreferrer\">Cesar\u00e3o<\/a>, em <a href=\"http:\/\/bit.ly\/1eH5Mym\" target=\"_blank\" rel=\"noopener noreferrer\">Santa Cruz<\/a>, <a href=\"http:\/\/bit.ly\/2x3k8bw\" target=\"_blank\" rel=\"noopener noreferrer\">Zona Oeste<\/a> do Rio. A pandemia, no entanto, agravou ainda mais a situa\u00e7\u00e3o. Al\u00e9m de perder o trabalho informal de gar\u00e7om, o cen\u00e1rio para quem busca um emprego parece ainda pior. Ele tamb\u00e9m v\u00ea com preocupa\u00e7\u00e3o a situa\u00e7\u00e3o da m\u00e3e, que trabalha como faxineira e teve a renda duramente afetada. O aux\u00edlio emergencial tem sido fundamental para pagar as contas e garantir a alimenta\u00e7\u00e3o.<\/p>\n<p>Renam concluiu o ensino m\u00e9dio no ano passado, mas segue tentando uma vaga em uma universidade p\u00fablica. O jovem, que pretende cursar Hist\u00f3ria, tem estudado por conta pr\u00f3pria por uma plataforma virtual. O curso \u00e9 pago, mas foi disponibilizado gratuitamente \u00e0 Renam por meio do pr\u00e9-vestibular comunit\u00e1rio que ele faz parte. J\u00e1 as atividades pr\u00f3prias do preparat\u00f3rio, que t\u00eam ocorrido pelo WhatsApp, ele n\u00e3o t\u00eam conseguido acompanhar por conta de problemas no celular.<\/p>\n<p><a href=\"https:\/\/rioonwatch.org.br\/wp-content\/uploads\/2020\/05\/Lorrayne-Muniz-_-Cr\u00e9dito-Arquivo-pessoal.jpeg\"><img decoding=\"async\" class=\"wp-image-47915 alignright\" src=\"https:\/\/rioonwatch.org.br\/wp-content\/uploads\/2020\/05\/Lorrayne-Muniz-_-Cr\u00e9dito-Arquivo-pessoal.jpeg\" alt=\"\" width=\"300\" height=\"409\" srcset=\"https:\/\/rioonwatch.org.br\/wp-content\/uploads\/2020\/05\/Lorrayne-Muniz-_-Cr\u00e9dito-Arquivo-pessoal.jpeg 865w, https:\/\/rioonwatch.org.br\/wp-content\/uploads\/2020\/05\/Lorrayne-Muniz-_-Cr\u00e9dito-Arquivo-pessoal-194x264.jpeg 194w, https:\/\/rioonwatch.org.br\/wp-content\/uploads\/2020\/05\/Lorrayne-Muniz-_-Cr\u00e9dito-Arquivo-pessoal-454x620.jpeg 454w, https:\/\/rioonwatch.org.br\/wp-content\/uploads\/2020\/05\/Lorrayne-Muniz-_-Cr\u00e9dito-Arquivo-pessoal-768x1048.jpeg 768w, https:\/\/rioonwatch.org.br\/wp-content\/uploads\/2020\/05\/Lorrayne-Muniz-_-Cr\u00e9dito-Arquivo-pessoal-751x1024.jpeg 751w\" sizes=\"(max-width: 300px) 100vw, 300px\" \/><\/a>Conciliar trabalho e estudo \u00e9 uma realidade que Juliana Avelar, de 19 anos, j\u00e1 conhece desde muito cedo. Com a chegada da pandemia, o movimento na feira livre onde a jovem trabalha diminuiu drasticamente. Ganhando menos, ela precisou aumentar os dias de trabalho, passando de um para quatro por semana. Al\u00e9m de ser a respons\u00e1vel financeira da casa, ela tamb\u00e9m precisa fazer as atividades dom\u00e9sticas e cuidar da m\u00e3e, que tem a sa\u00fade psicol\u00f3gica comprometida. O <a href=\"https:\/\/bit.ly\/ObitosApagao\" target=\"_blank\" rel=\"noopener noreferrer\">avan\u00e7o da Covid-19 no estado<\/a> \u00e9 motivo de preocupa\u00e7\u00e3o: \u201cTenho medo sim, por quest\u00f5es financeiras, de n\u00e3o sabemos quando isso vai acabar e se vou conseguir manter as contas em dia. E se eu ficar doente, o que ser\u00e1 da minha casa? Sou eu que fa\u00e7o tudo. O que ser\u00e1?\u201d, questiona.<\/p>\n<p>J\u00e1 na casa de Lorrayne Muniz, do Jardim Catarina, a maior preocupa\u00e7\u00e3o \u00e9 o aluguel. Os pais da estudante s\u00e3o aut\u00f4nomos\u2014a m\u00e3e manicure e o pai mec\u00e2nico\u2014e tiveram uma queda significativa na renda. S\u00e3o eles os respons\u00e1veis financeiros da casa, onde vivem seis pessoas. Mesmo com o decreto de isolamento, eles precisaram continuar trabalhando. O bairro onde vivem <a href=\"https:\/\/bit.ly\/3dbPFLM\" target=\"_blank\" rel=\"noopener noreferrer\">\u00e9 o recordista em casos de Covid-19<\/a> no munic\u00edpio de S\u00e3o Gon\u00e7alo at\u00e9 ent\u00e3o. Segundo dados oficiais da Secretaria Municipal de Sa\u00fade, s\u00e3o ao menos <a href=\"https:\/\/bit.ly\/2Xeafp9\" target=\"_blank\" rel=\"noopener noreferrer\">67 casos confirmados<\/a>, em 29 de maio. Considerando a <a href=\"https:\/\/bit.ly\/31FavelasComCovid\" target=\"_blank\" rel=\"noopener noreferrer\">subnotifica\u00e7\u00e3o<\/a>, esse n\u00famero pode ser at\u00e9 15 vezes maior.<\/p>\n<p>Al\u00e9m do avan\u00e7o da doen\u00e7a, a viol\u00eancia est\u00e1 voltando a ser uma fonte de preocupa\u00e7\u00e3o. As opera\u00e7\u00f5es policiais no Jardim Catarina eram frequentes, mas com o in\u00edcio da pandemia elas diminu\u00edram, segundo Lorrayne. No entanto, na <a href=\"https:\/\/bit.ly\/2Mcl7hj\" target=\"_blank\" rel=\"noopener noreferrer\">\u00faltima semana recome\u00e7aram<\/a>: \u201cOntem [20\/05] teve opera\u00e7\u00e3o mais para dentro do [Jardim] Catarina e hoje [21\/05], aqui mais perto da minha casa, teve a\u00e7\u00e3o com helic\u00f3ptero. Nesses dias seguintes \u00e0 morte do Jo\u00e3o [Pedro] est\u00e1 tendo opera\u00e7\u00e3o\u201d. <a href=\"https:\/\/bit.ly\/2WPaas0\" target=\"_blank\" rel=\"noopener noreferrer\">Jo\u00e3o Pedro Matos Pinto, de 14 anos<\/a>, citado por Lorrayne, foi executado dentro de casa no <a href=\"https:\/\/bit.ly\/2XocipQ\" target=\"_blank\" rel=\"noopener noreferrer\">Complexo do Salgueiro<\/a>, comunidade pr\u00f3xima ao Jardim Catarina, no \u00faltimo dia 18.<\/p>\n<p>\u201cSem d\u00favida o isolamento agravou as desigualdades que j\u00e1 existiam entre alunos da escola p\u00fablica e da escola particular\u201d, argumenta Yasmin Monteiro, coordenadora do projeto Juventude Popular nas Universidades, articula\u00e7\u00e3o que re\u00fane oito cursos comunit\u00e1rios de pr\u00e9-vestibular na Regi\u00e3o Metropolitana do Rio. \u201cA gente falou da dimens\u00e3o de sa\u00fade, da dimens\u00e3o econ\u00f4mica e a gente est\u00e1 adicionando uma terceira dimens\u00e3o, seguran\u00e7a p\u00fablica, que <a href=\"https:\/\/bit.ly\/2WOOThV\" target=\"_blank\" rel=\"noopener noreferrer\">impacta diretamente na sa\u00fade mental<\/a> desses alunos. Impacta na capacidade desses alunos de se dedicarem plenamente a uma atividade que exige concentra\u00e7\u00e3o, calma e aten\u00e7\u00e3o\u201d, explica Yasmim.<\/p>\n<h3><strong>Adiamento do Enem<\/strong><\/h3>\n<p>Nesse contexto, o <a href=\"https:\/\/bit.ly\/3ewAc9d\" target=\"_blank\" rel=\"noopener noreferrer\">adiamento do Enem<\/a> \u00e9 visto <a href=\"https:\/\/bit.ly\/2zIXj1J\" target=\"_blank\" rel=\"noopener noreferrer\">como uma pequena vit\u00f3ria<\/a>. O exame, que ocorreria em novembro, foi suspenso pelo Minist\u00e9rio da Educa\u00e7\u00e3o (MEC) no \u00faltimo dia 20, ap\u00f3s forte press\u00e3o popular. No entanto, os respons\u00e1veis pela prova falam em um adiamento de 30 a 60 dias, o que, na vis\u00e3o de Yasmin, seria \u201ccompletamente insuficiente\u201d. Com as aulas presenciais suspensas h\u00e1 mais de dois meses e sem previs\u00e3o de retorno, n\u00e3o h\u00e1 bases para estabelecer uma nova data: \u201choje, a maior parte das escolas e dos pr\u00e9-vestibulares comunit\u00e1rios n\u00e3o t\u00eam metodologia, nem professores, nem ferramentas ou experi\u00eancia suficiente para a gente considerar que, de fato, o que a gente est\u00e1 fazendo \u00e9 educa\u00e7\u00e3o \u00e0 dist\u00e2ncia. N\u00e3o \u00e9. \u00c9 um tipo de tapa buraco\u201d, defende Yasmin.<\/p>\n<p>Doutoranda em antropologia pela <a href=\"http:\/\/bit.ly\/2wR1FPk\" target=\"_blank\" rel=\"noopener noreferrer\">UFF<\/a>, Yasmin lembra ainda que as universidades p\u00fablicas est\u00e3o, em sua maioria, com o calend\u00e1rio suspenso. Isso significa que estudantes aprovados no \u00faltimo Enem de 2019 ainda n\u00e3o iniciaram a universidade. Se at\u00e9 o final do ano a situa\u00e7\u00e3o n\u00e3o for normalizada, ser\u00e3o duas turmas de calouros na fila de espera. Nesse cen\u00e1rio, ela n\u00e3o v\u00ea motivos para que o Enem seja realizado \u00e0s pressas ainda esse ano: \u201ca gente precisa que esse calend\u00e1rio seja suspenso enquanto a gente n\u00e3o conseguir retomar as atividades presenciais\u201d.<\/p>\n<p>Sem o funcionamento regular de escolas e pr\u00e9-vestibulares comunit\u00e1rios a equidade do exame fica comprometida e a desvantagem na linha de partida dos estudantes da rede p\u00fablica se amplia. Yasmin lembra que a educa\u00e7\u00e3o e, especialmente o Enem \u00e9 um <a href=\"https:\/\/bit.ly\/3di4r3A\" target=\"_blank\" rel=\"noopener noreferrer\">instrumento de justi\u00e7a social<\/a> e, por isso, \u00e9 t\u00e3o fundamental que se garanta chances minimamente iguais entre todos os estudantes que v\u00e3o realizar o exame: \u201capesar de todos os abismos sociais, o acesso ao ensino superior ele est\u00e1 muito ligado a uma possibilidade maior de mobilidade social para esses jovens de origem perif\u00e9rica que v\u00eam de escolas p\u00fablicas\u201d.<\/p>\n<p><em>Jaqueline Suarez \u00e9 jornalista e estudante de mestrado na UFF. \u00c9 tamb\u00e9m comunicadora popular e v\u00eddeo-documentarista <wbr \/>independente. Vive na comunidade do <a href=\"https:\/\/bit.ly\/3bXRRoY\" target=\"_blank\" rel=\"noopener noreferrer\">Fallet<\/a>, em <a href=\"http:\/\/bit.ly\/1EsSJzx\" target=\"_blank\" rel=\"noopener noreferrer\">Santa Teresa<\/a>, <a href=\"http:\/\/bit.ly\/1qX7nZG\" target=\"_blank\" rel=\"noopener noreferrer\">Zona Central<\/a> do Rio.<\/em><\/p>\n<hr \/>\n<h4><strong>Apoie nossos esfor\u00e7os para fornecer assist\u00eancia estrat\u00e9gica \u00e0s favelas do Rio durante a pandemia de Covid-19, incluindo o jornalismo hiperlocal, cr\u00edtico, inovador e incans\u00e1vel do\u00a0<em>RioOnWatch<\/em><\/strong>\u2014<a href=\"http:\/\/bit.ly\/CatalisandoComunidades\">doe aqui<\/a>.<\/h4>\n<!-- AddThis Advanced Settings generic via filter on the_content --><!-- AddThis Share Buttons generic via filter on the_content -->","protected":false},"excerpt":{"rendered":"<div class=\"mh-excerpt\"><p>Click Here for English Esta \u00e9 a nossa mais recente mat\u00e9ria sobre\u00a0o novo coronav\u00edrus e seus impactos sobre as favelas. A pandemia do novo coronav\u00edrus escancarou o cotidiano desigual vivido por boa parte dos brasileiros. <a class=\"mh-excerpt-more\" href=\"https:\/\/rioonwatch.org.br\/?p=47908\" title=\"Pandemia Compromete Educa\u00e7\u00e3o, Amplia Desigualdade de Estudantes Perif\u00e9ricos\">[&#8230;]<\/a><!-- AddThis Advanced Settings generic via filter on get_the_excerpt --><!-- AddThis Share Buttons generic via filter on get_the_excerpt --><\/p>\n<\/div>","protected":false},"author":165,"featured_media":47909,"comment_status":"closed","ping_status":"closed","sticky":false,"template":"","format":"standard","meta":{"_acf_changed":false,"_monsterinsights_skip_tracking":false,"_monsterinsights_sitenote_active":false,"_monsterinsights_sitenote_note":"","_monsterinsights_sitenote_category":0,"footnotes":""},"categories":[2753,1621,1625,344,342],"tags":[2402,959,1597,259,227,2291,1917,2748,413,2070,316,2642,1436,1372,1455,2818,113,1587,961,838,104,134,35,231,2069,2289,2754,2153,1752,920,184],"writer":[2817],"translator":[],"source":[],"ilustrador":[],"fotografo":[],"class_list":{"0":"post-47908","1":"post","2":"type-post","3":"status-publish","4":"format-standard","5":"has-post-thumbnail","7":"category-covid19nasfavelas","8":"category-destaque","9":"category-por-correspondentes-comunitarios","10":"category-politicas","11":"category-solucoes","12":"tag-acesso-a-universidade","13":"tag-baixada-fluminense","14":"tag-casa-fluminense","15":"tag-centro","16":"tag-cesarao","17":"tag-complexo-do-salgueiro","18":"tag-comunidade-x-academia","19":"tag-coronavirus","20":"tag-desigualdade","21":"tag-direito-a-educacao","22":"tag-educacao","23":"tag-enem","24":"tag-fallet","25":"tag-grande-rio","26":"tag-internet","27":"tag-jardim-catarina","28":"tag-juventude","29":"tag-nilopolis","30":"tag-nova-iguacu","31":"tag-politica-publica","32":"tag-pvnc","33":"tag-santa-cruz","34":"tag-santa-teresa","35":"tag-sao-goncalo","36":"tag-saude-mental","37":"tag-serie","38":"tag-serie-covid-19-nas-favelas","39":"tag-uff","40":"tag-vila-operaria","41":"tag-violencia-de-estado","42":"tag-zona-oeste","43":"writer-jaqueline-suarez"},"acf":[],"yoast_head":"<!-- This site is optimized with the Yoast SEO plugin v25.6 - https:\/\/yoast.com\/wordpress\/plugins\/seo\/ -->\n<title>Pandemia Compromete Educa\u00e7\u00e3o, Amplia Desigualdade de Estudantes Perif\u00e9ricos - RioOnWatch<\/title>\n<meta name=\"robots\" content=\"index, follow, max-snippet:-1, max-image-preview:large, max-video-preview:-1\" \/>\n<link rel=\"canonical\" href=\"https:\/\/rioonwatch.org.br\/?p=47908\" \/>\n<meta property=\"og:locale\" content=\"pt_BR\" \/>\n<meta property=\"og:type\" content=\"article\" \/>\n<meta property=\"og:title\" content=\"Pandemia Compromete Educa\u00e7\u00e3o, Amplia Desigualdade de Estudantes Perif\u00e9ricos - RioOnWatch\" \/>\n<meta property=\"og:description\" content=\"Click Here for English Esta \u00e9 a nossa mais recente mat\u00e9ria sobre\u00a0o novo coronav\u00edrus e seus impactos sobre as favelas. A pandemia do novo coronav\u00edrus escancarou o cotidiano desigual vivido por boa parte dos brasileiros. [...]\" \/>\n<meta property=\"og:url\" content=\"https:\/\/rioonwatch.org.br\/?p=47908\" \/>\n<meta property=\"og:site_name\" content=\"RioOnWatch\" \/>\n<meta property=\"article:published_time\" content=\"2020-06-01T16:10:30+00:00\" \/>\n<meta property=\"article:modified_time\" content=\"2020-06-30T13:03:56+00:00\" \/>\n<meta property=\"og:image\" content=\"https:\/\/rioonwatch.org.br\/wp-content\/uploads\/2020\/05\/Yasmin-Monteiro-_-Cr\u00e9dito-Casa-Fluminense.jpeg\" \/>\n\t<meta property=\"og:image:width\" content=\"1280\" \/>\n\t<meta property=\"og:image:height\" content=\"853\" \/>\n\t<meta property=\"og:image:type\" content=\"image\/jpeg\" \/>\n<meta name=\"author\" content=\"Tatiana Lima\" \/>\n<meta name=\"twitter:card\" content=\"summary_large_image\" \/>\n<meta name=\"twitter:label1\" content=\"Escrito por\" \/>\n\t<meta name=\"twitter:data1\" content=\"Tatiana Lima\" \/>\n\t<meta name=\"twitter:label2\" content=\"Est. tempo de leitura\" \/>\n\t<meta name=\"twitter:data2\" content=\"9 minutos\" \/>\n<script type=\"application\/ld+json\" class=\"yoast-schema-graph\">{\"@context\":\"https:\/\/schema.org\",\"@graph\":[{\"@type\":\"Article\",\"@id\":\"https:\/\/rioonwatch.org.br\/?p=47908#article\",\"isPartOf\":{\"@id\":\"https:\/\/rioonwatch.org.br\/?p=47908\"},\"author\":{\"name\":\"Tatiana Lima\",\"@id\":\"https:\/\/rioonwatch.org.br\/#\/schema\/person\/8fde974ee24e219acc413d63393ec551\"},\"headline\":\"Pandemia Compromete Educa\u00e7\u00e3o, Amplia Desigualdade de Estudantes Perif\u00e9ricos\",\"datePublished\":\"2020-06-01T16:10:30+00:00\",\"dateModified\":\"2020-06-30T13:03:56+00:00\",\"mainEntityOfPage\":{\"@id\":\"https:\/\/rioonwatch.org.br\/?p=47908\"},\"wordCount\":1820,\"publisher\":{\"@id\":\"https:\/\/rioonwatch.org.br\/#organization\"},\"image\":{\"@id\":\"https:\/\/rioonwatch.org.br\/?p=47908#primaryimage\"},\"thumbnailUrl\":\"https:\/\/rioonwatch.org.br\/wp-content\/uploads\/2020\/05\/Yasmin-Monteiro-_-Cr\u00e9dito-Casa-Fluminense.jpeg\",\"keywords\":[\"acesso \u00e0 universidade\",\"Baixada Fluminense\",\"Casa Fluminense\",\"Centro\",\"Cesar\u00e3o\",\"Complexo do Salgueiro\",\"comunidade x academia\",\"coronav\u00edrus\",\"desigualdade\",\"direito \u00e0 educa\u00e7\u00e3o\",\"educa\u00e7\u00e3o\",\"ENEM\",\"Fallet\",\"Grande Rio\",\"internet\",\"Jardim Catarina\",\"juventude\",\"Nil\u00f3polis\",\"Nova Igua\u00e7u\",\"pol\u00edtica p\u00fablica\",\"Pr\u00e9-Vestibular\",\"Santa Cruz\",\"Santa Teresa\",\"S\u00e3o Gon\u00e7alo\",\"sa\u00fade mental\",\"S\u00e9rie\",\"S\u00e9rie: Covid-19 Nas Favelas\",\"UFF\",\"Vila Oper\u00e1ria\",\"viol\u00eancia de Estado\",\"Zona Oeste\"],\"articleSection\":[\"#Covid19NasFavelas\",\"*Destaque\",\"Escrito por Comunicadores Populares\",\"Pol\u00edticas\",\"Solu\u00e7\u00f5es\"],\"inLanguage\":\"pt-BR\"},{\"@type\":\"WebPage\",\"@id\":\"https:\/\/rioonwatch.org.br\/?p=47908\",\"url\":\"https:\/\/rioonwatch.org.br\/?p=47908\",\"name\":\"Pandemia Compromete Educa\u00e7\u00e3o, Amplia Desigualdade de Estudantes Perif\u00e9ricos - RioOnWatch\",\"isPartOf\":{\"@id\":\"https:\/\/rioonwatch.org.br\/#website\"},\"primaryImageOfPage\":{\"@id\":\"https:\/\/rioonwatch.org.br\/?p=47908#primaryimage\"},\"image\":{\"@id\":\"https:\/\/rioonwatch.org.br\/?p=47908#primaryimage\"},\"thumbnailUrl\":\"https:\/\/rioonwatch.org.br\/wp-content\/uploads\/2020\/05\/Yasmin-Monteiro-_-Cr\u00e9dito-Casa-Fluminense.jpeg\",\"datePublished\":\"2020-06-01T16:10:30+00:00\",\"dateModified\":\"2020-06-30T13:03:56+00:00\",\"breadcrumb\":{\"@id\":\"https:\/\/rioonwatch.org.br\/?p=47908#breadcrumb\"},\"inLanguage\":\"pt-BR\",\"potentialAction\":[{\"@type\":\"ReadAction\",\"target\":[\"https:\/\/rioonwatch.org.br\/?p=47908\"]}]},{\"@type\":\"ImageObject\",\"inLanguage\":\"pt-BR\",\"@id\":\"https:\/\/rioonwatch.org.br\/?p=47908#primaryimage\",\"url\":\"https:\/\/rioonwatch.org.br\/wp-content\/uploads\/2020\/05\/Yasmin-Monteiro-_-Cr\u00e9dito-Casa-Fluminense.jpeg\",\"contentUrl\":\"https:\/\/rioonwatch.org.br\/wp-content\/uploads\/2020\/05\/Yasmin-Monteiro-_-Cr\u00e9dito-Casa-Fluminense.jpeg\",\"width\":1280,\"height\":853},{\"@type\":\"BreadcrumbList\",\"@id\":\"https:\/\/rioonwatch.org.br\/?p=47908#breadcrumb\",\"itemListElement\":[{\"@type\":\"ListItem\",\"position\":1,\"name\":\"In\u00edcio\",\"item\":\"https:\/\/rioonwatch.org.br\/\"},{\"@type\":\"ListItem\",\"position\":2,\"name\":\"Pandemia Compromete Educa\u00e7\u00e3o, Amplia Desigualdade de Estudantes Perif\u00e9ricos\"}]},{\"@type\":\"WebSite\",\"@id\":\"https:\/\/rioonwatch.org.br\/#website\",\"url\":\"https:\/\/rioonwatch.org.br\/\",\"name\":\"RioOnWatch\",\"description\":\"relatos das favelas cariocas\",\"publisher\":{\"@id\":\"https:\/\/rioonwatch.org.br\/#organization\"},\"potentialAction\":[{\"@type\":\"SearchAction\",\"target\":{\"@type\":\"EntryPoint\",\"urlTemplate\":\"https:\/\/rioonwatch.org.br\/?s={search_term_string}\"},\"query-input\":{\"@type\":\"PropertyValueSpecification\",\"valueRequired\":true,\"valueName\":\"search_term_string\"}}],\"inLanguage\":\"pt-BR\"},{\"@type\":\"Organization\",\"@id\":\"https:\/\/rioonwatch.org.br\/#organization\",\"name\":\"RioOnWatch\",\"url\":\"https:\/\/rioonwatch.org.br\/\",\"logo\":{\"@type\":\"ImageObject\",\"inLanguage\":\"pt-BR\",\"@id\":\"https:\/\/rioonwatch.org.br\/#\/schema\/logo\/image\/\",\"url\":\"https:\/\/rioonwatch.org.br\/wp-content\/uploads\/2021\/06\/RioOnWatchcabecalhoPT11anos-2.png\",\"contentUrl\":\"https:\/\/rioonwatch.org.br\/wp-content\/uploads\/2021\/06\/RioOnWatchcabecalhoPT11anos-2.png\",\"width\":779,\"height\":277,\"caption\":\"RioOnWatch\"},\"image\":{\"@id\":\"https:\/\/rioonwatch.org.br\/#\/schema\/logo\/image\/\"}},{\"@type\":\"Person\",\"@id\":\"https:\/\/rioonwatch.org.br\/#\/schema\/person\/8fde974ee24e219acc413d63393ec551\",\"name\":\"Tatiana Lima\",\"image\":{\"@type\":\"ImageObject\",\"inLanguage\":\"pt-BR\",\"@id\":\"https:\/\/rioonwatch.org.br\/#\/schema\/person\/image\/\",\"url\":\"https:\/\/secure.gravatar.com\/avatar\/5fb587d000e124a9d6aae50aec42d39e?s=96&d=blank&r=g\",\"contentUrl\":\"https:\/\/secure.gravatar.com\/avatar\/5fb587d000e124a9d6aae50aec42d39e?s=96&d=blank&r=g\",\"caption\":\"Tatiana Lima\"},\"url\":\"https:\/\/rioonwatch.org.br\/?author=165\"}]}<\/script>\n<!-- \/ Yoast SEO plugin. -->","yoast_head_json":{"title":"Pandemia Compromete Educa\u00e7\u00e3o, Amplia Desigualdade de Estudantes Perif\u00e9ricos - RioOnWatch","robots":{"index":"index","follow":"follow","max-snippet":"max-snippet:-1","max-image-preview":"max-image-preview:large","max-video-preview":"max-video-preview:-1"},"canonical":"https:\/\/rioonwatch.org.br\/?p=47908","og_locale":"pt_BR","og_type":"article","og_title":"Pandemia Compromete Educa\u00e7\u00e3o, Amplia Desigualdade de Estudantes Perif\u00e9ricos - RioOnWatch","og_description":"Click Here for English Esta \u00e9 a nossa mais recente mat\u00e9ria sobre\u00a0o novo coronav\u00edrus e seus impactos sobre as favelas. A pandemia do novo coronav\u00edrus escancarou o cotidiano desigual vivido por boa parte dos brasileiros. [...]","og_url":"https:\/\/rioonwatch.org.br\/?p=47908","og_site_name":"RioOnWatch","article_published_time":"2020-06-01T16:10:30+00:00","article_modified_time":"2020-06-30T13:03:56+00:00","og_image":[{"width":1280,"height":853,"url":"https:\/\/rioonwatch.org.br\/wp-content\/uploads\/2020\/05\/Yasmin-Monteiro-_-Cr\u00e9dito-Casa-Fluminense.jpeg","type":"image\/jpeg"}],"author":"Tatiana Lima","twitter_card":"summary_large_image","twitter_misc":{"Escrito por":"Tatiana Lima","Est. tempo de leitura":"9 minutos"},"schema":{"@context":"https:\/\/schema.org","@graph":[{"@type":"Article","@id":"https:\/\/rioonwatch.org.br\/?p=47908#article","isPartOf":{"@id":"https:\/\/rioonwatch.org.br\/?p=47908"},"author":{"name":"Tatiana Lima","@id":"https:\/\/rioonwatch.org.br\/#\/schema\/person\/8fde974ee24e219acc413d63393ec551"},"headline":"Pandemia Compromete Educa\u00e7\u00e3o, Amplia Desigualdade de Estudantes Perif\u00e9ricos","datePublished":"2020-06-01T16:10:30+00:00","dateModified":"2020-06-30T13:03:56+00:00","mainEntityOfPage":{"@id":"https:\/\/rioonwatch.org.br\/?p=47908"},"wordCount":1820,"publisher":{"@id":"https:\/\/rioonwatch.org.br\/#organization"},"image":{"@id":"https:\/\/rioonwatch.org.br\/?p=47908#primaryimage"},"thumbnailUrl":"https:\/\/rioonwatch.org.br\/wp-content\/uploads\/2020\/05\/Yasmin-Monteiro-_-Cr\u00e9dito-Casa-Fluminense.jpeg","keywords":["acesso \u00e0 universidade","Baixada Fluminense","Casa Fluminense","Centro","Cesar\u00e3o","Complexo do Salgueiro","comunidade x academia","coronav\u00edrus","desigualdade","direito \u00e0 educa\u00e7\u00e3o","educa\u00e7\u00e3o","ENEM","Fallet","Grande Rio","internet","Jardim Catarina","juventude","Nil\u00f3polis","Nova Igua\u00e7u","pol\u00edtica p\u00fablica","Pr\u00e9-Vestibular","Santa Cruz","Santa Teresa","S\u00e3o Gon\u00e7alo","sa\u00fade mental","S\u00e9rie","S\u00e9rie: Covid-19 Nas Favelas","UFF","Vila Oper\u00e1ria","viol\u00eancia de Estado","Zona Oeste"],"articleSection":["#Covid19NasFavelas","*Destaque","Escrito por Comunicadores Populares","Pol\u00edticas","Solu\u00e7\u00f5es"],"inLanguage":"pt-BR"},{"@type":"WebPage","@id":"https:\/\/rioonwatch.org.br\/?p=47908","url":"https:\/\/rioonwatch.org.br\/?p=47908","name":"Pandemia Compromete Educa\u00e7\u00e3o, Amplia Desigualdade de Estudantes Perif\u00e9ricos - RioOnWatch","isPartOf":{"@id":"https:\/\/rioonwatch.org.br\/#website"},"primaryImageOfPage":{"@id":"https:\/\/rioonwatch.org.br\/?p=47908#primaryimage"},"image":{"@id":"https:\/\/rioonwatch.org.br\/?p=47908#primaryimage"},"thumbnailUrl":"https:\/\/rioonwatch.org.br\/wp-content\/uploads\/2020\/05\/Yasmin-Monteiro-_-Cr\u00e9dito-Casa-Fluminense.jpeg","datePublished":"2020-06-01T16:10:30+00:00","dateModified":"2020-06-30T13:03:56+00:00","breadcrumb":{"@id":"https:\/\/rioonwatch.org.br\/?p=47908#breadcrumb"},"inLanguage":"pt-BR","potentialAction":[{"@type":"ReadAction","target":["https:\/\/rioonwatch.org.br\/?p=47908"]}]},{"@type":"ImageObject","inLanguage":"pt-BR","@id":"https:\/\/rioonwatch.org.br\/?p=47908#primaryimage","url":"https:\/\/rioonwatch.org.br\/wp-content\/uploads\/2020\/05\/Yasmin-Monteiro-_-Cr\u00e9dito-Casa-Fluminense.jpeg","contentUrl":"https:\/\/rioonwatch.org.br\/wp-content\/uploads\/2020\/05\/Yasmin-Monteiro-_-Cr\u00e9dito-Casa-Fluminense.jpeg","width":1280,"height":853},{"@type":"BreadcrumbList","@id":"https:\/\/rioonwatch.org.br\/?p=47908#breadcrumb","itemListElement":[{"@type":"ListItem","position":1,"name":"In\u00edcio","item":"https:\/\/rioonwatch.org.br\/"},{"@type":"ListItem","position":2,"name":"Pandemia Compromete Educa\u00e7\u00e3o, Amplia Desigualdade de Estudantes Perif\u00e9ricos"}]},{"@type":"WebSite","@id":"https:\/\/rioonwatch.org.br\/#website","url":"https:\/\/rioonwatch.org.br\/","name":"RioOnWatch","description":"relatos das favelas cariocas","publisher":{"@id":"https:\/\/rioonwatch.org.br\/#organization"},"potentialAction":[{"@type":"SearchAction","target":{"@type":"EntryPoint","urlTemplate":"https:\/\/rioonwatch.org.br\/?s={search_term_string}"},"query-input":{"@type":"PropertyValueSpecification","valueRequired":true,"valueName":"search_term_string"}}],"inLanguage":"pt-BR"},{"@type":"Organization","@id":"https:\/\/rioonwatch.org.br\/#organization","name":"RioOnWatch","url":"https:\/\/rioonwatch.org.br\/","logo":{"@type":"ImageObject","inLanguage":"pt-BR","@id":"https:\/\/rioonwatch.org.br\/#\/schema\/logo\/image\/","url":"https:\/\/rioonwatch.org.br\/wp-content\/uploads\/2021\/06\/RioOnWatchcabecalhoPT11anos-2.png","contentUrl":"https:\/\/rioonwatch.org.br\/wp-content\/uploads\/2021\/06\/RioOnWatchcabecalhoPT11anos-2.png","width":779,"height":277,"caption":"RioOnWatch"},"image":{"@id":"https:\/\/rioonwatch.org.br\/#\/schema\/logo\/image\/"}},{"@type":"Person","@id":"https:\/\/rioonwatch.org.br\/#\/schema\/person\/8fde974ee24e219acc413d63393ec551","name":"Tatiana Lima","image":{"@type":"ImageObject","inLanguage":"pt-BR","@id":"https:\/\/rioonwatch.org.br\/#\/schema\/person\/image\/","url":"https:\/\/secure.gravatar.com\/avatar\/5fb587d000e124a9d6aae50aec42d39e?s=96&d=blank&r=g","contentUrl":"https:\/\/secure.gravatar.com\/avatar\/5fb587d000e124a9d6aae50aec42d39e?s=96&d=blank&r=g","caption":"Tatiana Lima"},"url":"https:\/\/rioonwatch.org.br\/?author=165"}]}},"_links":{"self":[{"href":"https:\/\/rioonwatch.org.br\/index.php?rest_route=\/wp\/v2\/posts\/47908"}],"collection":[{"href":"https:\/\/rioonwatch.org.br\/index.php?rest_route=\/wp\/v2\/posts"}],"about":[{"href":"https:\/\/rioonwatch.org.br\/index.php?rest_route=\/wp\/v2\/types\/post"}],"author":[{"embeddable":true,"href":"https:\/\/rioonwatch.org.br\/index.php?rest_route=\/wp\/v2\/users\/165"}],"replies":[{"embeddable":true,"href":"https:\/\/rioonwatch.org.br\/index.php?rest_route=%2Fwp%2Fv2%2Fcomments&post=47908"}],"version-history":[{"count":27,"href":"https:\/\/rioonwatch.org.br\/index.php?rest_route=\/wp\/v2\/posts\/47908\/revisions"}],"predecessor-version":[{"id":48528,"href":"https:\/\/rioonwatch.org.br\/index.php?rest_route=\/wp\/v2\/posts\/47908\/revisions\/48528"}],"wp:featuredmedia":[{"embeddable":true,"href":"https:\/\/rioonwatch.org.br\/index.php?rest_route=\/wp\/v2\/media\/47909"}],"wp:attachment":[{"href":"https:\/\/rioonwatch.org.br\/index.php?rest_route=%2Fwp%2Fv2%2Fmedia&parent=47908"}],"wp:term":[{"taxonomy":"category","embeddable":true,"href":"https:\/\/rioonwatch.org.br\/index.php?rest_route=%2Fwp%2Fv2%2Fcategories&post=47908"},{"taxonomy":"post_tag","embeddable":true,"href":"https:\/\/rioonwatch.org.br\/index.php?rest_route=%2Fwp%2Fv2%2Ftags&post=47908"},{"taxonomy":"writer","embeddable":true,"href":"https:\/\/rioonwatch.org.br\/index.php?rest_route=%2Fwp%2Fv2%2Fwriter&post=47908"},{"taxonomy":"translator","embeddable":true,"href":"https:\/\/rioonwatch.org.br\/index.php?rest_route=%2Fwp%2Fv2%2Ftranslator&post=47908"},{"taxonomy":"source","embeddable":true,"href":"https:\/\/rioonwatch.org.br\/index.php?rest_route=%2Fwp%2Fv2%2Fsource&post=47908"},{"taxonomy":"ilustrador","embeddable":true,"href":"https:\/\/rioonwatch.org.br\/index.php?rest_route=%2Fwp%2Fv2%2Filustrador&post=47908"},{"taxonomy":"fotografo","embeddable":true,"href":"https:\/\/rioonwatch.org.br\/index.php?rest_route=%2Fwp%2Fv2%2Ffotografo&post=47908"}],"curies":[{"name":"wp","href":"https:\/\/api.w.org\/{rel}","templated":true}]}}