{"id":47931,"date":"2020-06-04T09:54:34","date_gmt":"2020-06-04T12:54:34","guid":{"rendered":"https:\/\/rioonwatch.org.br\/?p=47931"},"modified":"2024-05-24T12:36:25","modified_gmt":"2024-05-24T15:36:25","slug":"nao-e-obesidade-e-escravidao-opiniao","status":"publish","type":"post","link":"https:\/\/rioonwatch.org.br\/?p=47931","title":{"rendered":"N\u00e3o \u00e9 Obesidade. \u00c9 Escravid\u00e3o. [OPINI\u00c3O]"},"content":{"rendered":"<p style=\"text-align: right;\"><em><strong><a href=\"https:\/\/nyti.ms\/2zXzfrX\" target=\"_blank\" rel=\"noopener noreferrer\">Click Here for English<\/a><a href=\"https:\/\/nyti.ms\/2zXzfrX\" target=\"_blank\" rel=\"noopener noreferrer\"><img decoding=\"async\" width=\"20\" height=\"20\" class=\"alignright wp-image-15790\" src=\"http:\/\/rioonwatch.org.br\/wp-content\/uploads\/2012\/08\/EN-standard-e1439583104716.jpg\" \/><\/a><\/strong><\/em><\/p>\n<p><i><em>Leia a mat\u00e9ria original por Sabrina Strings, em ingl\u00eas, no <em class=\"css-2fg4z9 e1gzwzxm0\">The New York Times<\/em> <a href=\"https:\/\/nyti.ms\/2zXzfrX\" target=\"_blank\" rel=\"noopener noreferrer\">aqui<\/a><\/em><em>. Esta \u00e9 a nossa mais recente mat\u00e9ria sobre\u00a0<a href=\"http:\/\/bit.ly\/Covid19NasFavelas\" target=\"_blank\" rel=\"noopener noreferrer\">o novo coronav\u00edrus e seus impactos sobre as favelas<\/a>.\u00a0<\/em><\/i><i><em>O RioOnWatch traduz mat\u00e9rias do ingl\u00eas para que brasileiros possam ter acesso e acompanhar temas ou an\u00e1lises cobertos fora do pa\u00eds que nem sempre s\u00e3o cobertos no Brasil.\u00a0<\/em><\/i><\/p>\n<h3><em style=\"font-size: 16px;\">N\u00f3s sabemos porque a <a href=\"https:\/\/bit.ly\/2xOpNGB\" target=\"_blank\" rel=\"noopener noreferrer\">Covid-19<\/a> est\u00e1 matando tantas pessoas negras.<\/em><\/h3>\n<p>Cerca de cinco anos atr\u00e1s, eu fui convidada a participar de um encontro sobre sa\u00fade na comunidade afro-americana. Diversas figuras importantes nas \u00e1reas de sa\u00fade p\u00fablica e economia estavam presentes. Doutora rec\u00e9m-diplomada, eu me sentia estranhamente como uma intrusa. <span style=\"font-weight: 400;\">Eu <\/span><span style=\"font-weight: 400;\">era a \u00fanica pessoa negra na sala.<\/span><\/p>\n<p>Um dos mediadores me apresentou aos outros participantes e disse algo no seguinte sentido: &#8220;Sabrina, o que voc\u00ea acha? Por que as pessoas negras est\u00e3o doentes?&#8221;<\/p>\n<p><span style=\"font-weight: 400;\">Foi uma pergunta <\/span>sincera<span style=\"font-weight: 400;\">. Alguns dos especialistas haviam dedicado toda sua carreira a abordar quest\u00f5es em torno das desigualdades de sa\u00fade racial. Anos de pesquisa, e em alguns casos de interven\u00e7\u00f5es sem sucesso<\/span><span style=\"font-weight: 400;\">, os deixaram desorientados. Por que as pessoas negras est\u00e3o t\u00e3o doentes?<\/span><\/p>\n<p>Minha resposta foi r\u00e1pida e inequ\u00edvoca.<\/p>\n<p>&#8220;Escravid\u00e3o.&#8221;<\/p>\n<p>Meus colegas pareciam atordoados enquanto tentavam entender a minha resposta.<\/p>\n<p>Eu havia falado s\u00e9rio: A era da escravid\u00e3o foi quando americanos brancos determinaram que americanos negros precisavam apenas das necessidades mais b\u00e1sicas, o que n\u00e3o era o suficiente para mant\u00ea-los adequadamente seguros e saud\u00e1veis. Isso colocou em pr\u00e1tica o acesso reduzido das pessoas negras a comidas saud\u00e1veis, condi\u00e7\u00f5es seguras de trabalho, tratamento m\u00e9dico e muitas outras desigualdades sociais que impactam negativamente em sua sa\u00fade.<\/p>\n<p>Essa mensagem \u00e9 particularmente importante em um momento no qual afro-americanos sofrem com as maiores taxas de complica\u00e7\u00f5es graves e mortes por coronav\u00edrus e quando a &#8220;obesidade&#8221; tem aparecido como uma explica\u00e7\u00e3o. A narrativa cultural de que o peso de pessoas negras \u00e9 um precursor de doen\u00e7as e morte tem servido h\u00e1 muito tempo como uma distra\u00e7\u00e3o perigosa das reais fontes de desigualdade, e isso est\u00e1 acontecendo novamente.<\/p>\n<p>Dados confi\u00e1veis <a href=\"https:\/\/bit.ly\/2T3HEQW\" target=\"_blank\" rel=\"noopener noreferrer\">s\u00e3o dif\u00edceis de se encontrar<\/a>, mas an\u00e1lises dispon\u00edveis mostram que, em m\u00e9dia, os \u00edndices de fatalidades em negros corresponde a mais que o dobro (2,4 vezes) de casos em brancos com Covid-19. Em estados como Michigan, Kansas e Wisconsin, e em Washington D.C., <a href=\"https:\/\/bit.ly\/2TUtouu\" target=\"_blank\" rel=\"noopener noreferrer\">essa propor\u00e7\u00e3o salta<\/a> para 5 a 7 pessoas negras morrendo de complica\u00e7\u00f5es da Covid-19 para cada morte de um indiv\u00edduo branco.<\/p>\n<figure id=\"attachment_47932\" aria-describedby=\"caption-attachment-47932\" style=\"width: 620px\" class=\"wp-caption aligncenter\"><img fetchpriority=\"high\" decoding=\"async\" class=\"wp-image-47932 size-content\" src=\"https:\/\/rioonwatch.org.br\/wp-content\/uploads\/2020\/05\/certid\u00e3o-_artigo-n\u00e3o-\u00e9-obesidade.-\u00e9-escravid\u00e3o-620x264.jpg\" alt=\"\" width=\"620\" height=\"264\" srcset=\"https:\/\/rioonwatch.org.br\/wp-content\/uploads\/2020\/05\/certid\u00e3o-_artigo-n\u00e3o-\u00e9-obesidade.-\u00e9-escravid\u00e3o-620x264.jpg 620w, https:\/\/rioonwatch.org.br\/wp-content\/uploads\/2020\/05\/certid\u00e3o-_artigo-n\u00e3o-\u00e9-obesidade.-\u00e9-escravid\u00e3o-940x400.jpg 940w\" sizes=\"(max-width: 620px) 100vw, 620px\" \/><figcaption id=\"caption-attachment-47932\" class=\"wp-caption-text\">Detalhes da certid\u00e3o de \u00f3bito de um homem negro que morreu do coronav\u00edrus em abril. David Ryder\/Reuters<\/figcaption><\/figure>\n<p>Apesar da falta de clareza em torno dessas descobertas, uma interpreta\u00e7\u00e3o dessas disparidades que tem ganhado popularidade \u00e9 <a href=\"https:\/\/nbcnews.to\/2MdtgC1\" target=\"_blank\" rel=\"noopener noreferrer\">a ideia de que pessoas negras s\u00e3o demasiadamente obesas<\/a> (termo definido como o \u00edndice de massa corporal acima de 30), algo que \u00e9 encarado como um causador de outras doen\u00e7as cr\u00f4nicas. Acredita-se que isso coloca os negros em alto risco de complica\u00e7\u00f5es por Covid-19.<\/p>\n<p>Essas alega\u00e7\u00f5es t\u00eam recebido intensa aten\u00e7\u00e3o da m\u00eddia, apesar do fato de que cientistas n\u00e3o foram capazes de explicar satisfatoriamente a conex\u00e3o entre obesidade e Covid-19. De acordo com o Centro de Controle e Preven\u00e7\u00e3o de Doen\u00e7as, 42,2% de americanos brancos e 49,6% de afro-americanos s\u00e3o obesos. Pesquisadores ainda precisam explicar como uma disparidade de 7% na preval\u00eancia da obesidade se traduz em <a href=\"https:\/\/bit.ly\/2TUtouu\" target=\"_blank\" rel=\"noopener noreferrer\">uma disparidade de 240% a 700% nas fatalidades<\/a>.<\/p>\n<p>Especialistas levantaram questionamentos sobre a pressa em se utilizar a obesidade como justificativa, e especialmente a &#8220;obesidade m\u00f3rbida&#8221; (I.M.C. maior que 40), como um fator das complica\u00e7\u00f5es do coronav\u00edrus.<\/p>\n<p>Um artigo no peri\u00f3dico m\u00e9dico <em><a href=\"https:\/\/bit.ly\/2ZMzZLa\" target=\"_blank\" rel=\"noopener noreferrer\">The Lancet<\/a><\/em> avaliou a inclus\u00e3o da obesidade pelo <a href=\"https:\/\/bit.ly\/2XpOyCP\" target=\"_blank\" rel=\"noopener noreferrer\">Reino Unido<\/a> como fator de risco para complica\u00e7\u00f5es do coronav\u00edrus e constatou: &#8220;At\u00e9 o momento, n\u00e3o h\u00e1 dados dispon\u00edveis que mostrem resultados adversos da Covid-19 especificamente em pessoas com um I.M.C. de 40kg\/m2&#8221;.<\/p>\n<p>Os autores conclu\u00edram: \u201cA escassez de informa\u00e7\u00f5es relativas a um poss\u00edvel aumento de risco de doen\u00e7as para pessoas com um I.M.C. acima de 40kg\/m2 gerou conclus\u00f5es amb\u00edguas e pode aumentar a ansiedade, dado que esses indiv\u00edduo passaram a ser categorizados como vulner\u00e1veis a doen\u00e7as graves caso contraiam Covid-19\u201d.<\/p>\n<p>O uso distorcido da associa\u00e7\u00e3o entre ra\u00e7a, tamanho do corpo e complica\u00e7\u00f5es dessa doen\u00e7a, ainda pouco compreendida, tem servido para refor\u00e7ar uma imagem de que pessoas negras abusam de prazeres sensoriais como comer e beber, o que supostamente tornaria nossos corpos indisciplinados ainda mais suscet\u00edveis a doen\u00e7as relacionadas \u00e0 obesidade que poderiam ser prevenidas.<\/p>\n<p>As atitudes que vejo hoje t\u00eam seus ecos no que descrevo em <em><a href=\"https:\/\/bit.ly\/2XHm2eP\" target=\"_blank\" rel=\"noopener noreferrer\">Fearing the Black Body: The Racial Origins of Fat Phobia<\/a><\/em> <em>(Medo do Corpo Negro: As Origens Raciais da Gordofobia)<\/em>. Minha pesquisa mostrou que atitudes anti-gordos n\u00e3o se originaram com descobertas m\u00e9dicas, mas com a cren\u00e7a da era <a href=\"https:\/\/bit.ly\/2XrA5pV\" target=\"_blank\" rel=\"noopener noreferrer\">iluminista<\/a> de que o excesso de alimenta\u00e7\u00e3o e a gordura eram evid\u00eancias de &#8220;selvageria&#8221; e de inferioridade racial.<\/p>\n<p><span style=\"font-weight: 400;\">Hoje, essas discuss\u00f5es s\u00e3o ainda mais relevantes. Quando fiquei sabendo a respeito das diretrizes sugerindo que <\/span><span style=\"font-weight: 400;\">m\u00e9dicos podem se valer de condi\u00e7\u00f5es pr\u00e9vias de sa\u00fade, incluindo obesidade, <a href=\"https:\/\/nyti.ms\/2XAh0k4\" target=\"_blank\" rel=\"noopener noreferrer\">para negar ou limitar a elegibilidade a tratamentos<\/a> do coronav\u00edrus que podem salvar vidas<\/span><span style=\"font-weight: 400;\">, eu n\u00e3o consegui deixar de pensar <\/span>sobre os<span style=\"font-weight: 400;\"> debates que estudei em rela\u00e7\u00e3o ao per\u00edodo da escravid\u00e3o, sobre se os chamados afro-americanos \u201cconstitucionalmente fracos\u201d deveriam ou n\u00e3o receber cuidados m\u00e9dicos.<\/span><\/p>\n<p>Felizmente, desde aquele evento, ocorrido cinco anos atr\u00e1s, especialistas em sa\u00fade de afro-americanos t\u00eam trabalhado para tirar o foco dos fatores de n\u00edvel individual.<\/p>\n<p><span style=\"font-weight: 400;\">O <a href=\"https:\/\/nyti.ms\/370LiRF\" target=\"_blank\" rel=\"noopener noreferrer\">Projeto 1619<\/a>, do<em> New York Times<\/em>, contou com artigos detalhando como o legado da escravid\u00e3o impactou a sa\u00fade e os servi\u00e7os de <\/span><a href=\"https:\/\/nyti.ms\/2ZOOgag\" target=\"_blank\" rel=\"noopener noreferrer\"><span style=\"font-weight: 400;\">sa\u00fade<\/span><\/a><span style=\"font-weight: 400;\"> para afro-americanos e explicando como, desde a era da escravid\u00e3o, os corpos das pessoas negras t\u00eam sido rotulados como<\/span> <a href=\"https:\/\/bit.ly\/3gDf3ft\" target=\"_blank\" rel=\"noopener noreferrer\">intrinsicamente <span style=\"font-weight: 400;\">doentes<\/span><\/a><span style=\"font-weight: 400;\"> e <\/span><span style=\"font-weight: 400;\"><a href=\"https:\/\/bit.ly\/2XfvgjC\" target=\"_blank\" rel=\"noopener noreferrer\">n\u00e3o merecedores do acesso a tratamentos<\/a> que salvem suas vidas<\/span><span style=\"font-weight: 400;\">.<\/span><\/p>\n<p>Em ensaio recente abordando especificamente a Covid-19, Rashawn Ray <a href=\"https:\/\/brook.gs\/2TNXLCv\" target=\"_blank\" rel=\"noopener noreferrer\">sublinhou o legado da nega\u00e7\u00e3o sistem\u00e1tica de pol\u00edticas p\u00fablicas<\/a> que empurrou a popula\u00e7\u00e3o negra para comunidades pobres, densamente povoadas, frequentemente com acesso limitado a servi\u00e7os de sa\u00fade. E ele destacou que pessoas negras est\u00e3o em n\u00fameros muito altos em posi\u00e7\u00f5es de servi\u00e7o e como trabalhadores essenciais que t\u00eam maior exposi\u00e7\u00e3o no lugar daqueles com o luxo de se abrigarem.<\/p>\n<p><a href=\"https:\/\/bit.ly\/3evX88D\" target=\"_blank\" rel=\"noopener noreferrer\">Ibram X. Kendi<\/a> escreveu que considerar \u201co comportamento irrespons\u00e1vel de pessoas de cor desproporcionalmente pobres\u201d para culp\u00e1-los\u2014o que \u00e9 com frequ\u00eancia citado como um fator importante em disparidades de sa\u00fade\u2014\u00e9 um bode expiat\u00f3rio que tira a aten\u00e7\u00e3o dos americanos sobre a centralidade do racismo sist\u00eamico nas atuais desigualdades raciais na sa\u00fade.<\/p>\n<p>Avaliando e relacionando os dados inadequados e question\u00e1veis sobre ra\u00e7a, peso e complica\u00e7\u00f5es da Covid-19 com essas reflex\u00f5es, torna-se evidente que a obesidade\u2014e a associa\u00e7\u00e3o incorreta com escolhas no n\u00edvel individual\u2014n\u00e3o deveriam estar \u00e0 frente quando se trata de compreender como essa pandemia tem afetado afro-americanos. Mesmo antes da Covid-19, <a href=\"https:\/\/bit.ly\/2ZLpCax\" target=\"_blank\" rel=\"noopener noreferrer\">americanos negros tinham maiores taxas<\/a> de doen\u00e7as cr\u00f4nicas m\u00faltiplas e uma <a href=\"https:\/\/bit.ly\/3exvus8\" target=\"_blank\" rel=\"noopener noreferrer\">expectativa de vida mais baixa<\/a> do que americanos brancos, independentemente do peso.<\/p>\n<p>Essa \u00e9 uma indica\u00e7\u00e3o de que nossas estruturas sociais est\u00e3o falhando conosco. Essas falhas\u2014e o pensamento que criou a cren\u00e7a de que os corpos negros s\u00e3o intrinsecamente doentes\u2014est\u00e3o enraizadas em uma vergonhosa p\u00e1gina da hist\u00f3ria americana que come\u00e7ou a ser escrita centenas de anos antes dessa pandemia.<\/p>\n<p>Sabrina Strings \u00e9 professora associada de sociologia na Universidade da Calif\u00f3rnia em Irvine e autora de <em><a href=\"https:\/\/bit.ly\/2XHm2eP\" target=\"_blank\" rel=\"noopener noreferrer\">Fearing the Black Body: The Racial Origins of Fat Phobia<\/a>.<\/em><\/p>\n<hr \/>\n<h4><strong>Apoie nossos esfor\u00e7os para fornecer assist\u00eancia estrat\u00e9gica \u00e0s favelas do Rio durante a pandemia de Covid-19, incluindo o jornalismo hiperlocal, cr\u00edtico, inovador e incans\u00e1vel do\u00a0<em>RioOnWatch<\/em><\/strong>\u2014<a href=\"http:\/\/bit.ly\/CatalisandoComunidades\">doe aqui<\/a>.<\/h4>\n<!-- AddThis Advanced Settings generic via filter on the_content --><!-- AddThis Share Buttons generic via filter on the_content -->","protected":false},"excerpt":{"rendered":"<div class=\"mh-excerpt\"><p>Click Here for English Leia a mat\u00e9ria original por Sabrina Strings, em ingl\u00eas, no The New York Times aqui. Esta \u00e9 a nossa mais recente mat\u00e9ria sobre\u00a0o novo coronav\u00edrus e seus impactos sobre as favelas.\u00a0O <a class=\"mh-excerpt-more\" href=\"https:\/\/rioonwatch.org.br\/?p=47931\" title=\"N\u00e3o \u00e9 Obesidade. \u00c9 Escravid\u00e3o. [OPINI\u00c3O]\">[&#8230;]<\/a><!-- AddThis Advanced Settings generic via filter on get_the_excerpt --><!-- AddThis Share Buttons generic via filter on get_the_excerpt --><\/p>\n<\/div>","protected":false},"author":165,"featured_media":47933,"comment_status":"closed","ping_status":"closed","sticky":false,"template":"","format":"standard","meta":{"_acf_changed":false,"_monsterinsights_skip_tracking":false,"_monsterinsights_sitenote_active":false,"_monsterinsights_sitenote_note":"","_monsterinsights_sitenote_category":0,"footnotes":""},"categories":[2753,1621,1632,346,1630,344,1634],"tags":[386,3253,759,2748,413,514,818,417,307,588,838,1205,294,1168],"writer":[2819],"translator":[1895],"source":[859],"ilustrador":[],"fotografo":[],"class_list":{"0":"post-47931","1":"post","2":"type-post","3":"status-publish","4":"format-standard","5":"has-post-thumbnail","7":"category-covid19nasfavelas","8":"category-destaque","9":"category-pesquisa-e-analise","10":"category-denuncias","11":"category-opiniao","12":"category-politicas","13":"category-traducoes","14":"tag-estigma","15":"tag-antirracismo","16":"tag-comparacao-internacional","17":"tag-coronavirus","18":"tag-desigualdade","19":"tag-escravidao","20":"tag-eua","21":"tag-negligencia-do-estado","22":"tag-opiniao","23":"tag-pesquisa","24":"tag-politica-publica","25":"tag-reino-unido","26":"tag-saude","27":"tag-traducao","28":"writer-sabrina-strings","29":"translator-francine-oliveira","30":"source-the-new-york-times"},"acf":[],"yoast_head":"<!-- This site is optimized with the Yoast SEO plugin v25.6 - https:\/\/yoast.com\/wordpress\/plugins\/seo\/ -->\n<title>N\u00e3o \u00e9 Obesidade. \u00c9 Escravid\u00e3o. [OPINI\u00c3O] - RioOnWatch<\/title>\n<meta name=\"robots\" content=\"index, follow, max-snippet:-1, max-image-preview:large, max-video-preview:-1\" \/>\n<link rel=\"canonical\" href=\"https:\/\/rioonwatch.org.br\/?p=47931\" \/>\n<meta property=\"og:locale\" content=\"pt_BR\" \/>\n<meta property=\"og:type\" content=\"article\" \/>\n<meta property=\"og:title\" content=\"N\u00e3o \u00e9 Obesidade. \u00c9 Escravid\u00e3o. [OPINI\u00c3O] - RioOnWatch\" \/>\n<meta property=\"og:description\" content=\"Click Here for English Leia a mat\u00e9ria original por Sabrina Strings, em ingl\u00eas, no The New York Times aqui. Esta \u00e9 a nossa mais recente mat\u00e9ria sobre\u00a0o novo coronav\u00edrus e seus impactos sobre as favelas.\u00a0O [...]\" \/>\n<meta property=\"og:url\" content=\"https:\/\/rioonwatch.org.br\/?p=47931\" \/>\n<meta property=\"og:site_name\" content=\"RioOnWatch\" \/>\n<meta property=\"article:published_time\" content=\"2020-06-04T12:54:34+00:00\" \/>\n<meta property=\"article:modified_time\" content=\"2024-05-24T15:36:25+00:00\" \/>\n<meta property=\"og:image\" content=\"https:\/\/rioonwatch.org.br\/wp-content\/uploads\/2020\/05\/25artigo-n\u00e3o-\u00e9-obesidade.-\u00e9-escravid\u00e3o.jpg\" \/>\n\t<meta property=\"og:image:width\" content=\"2048\" \/>\n\t<meta property=\"og:image:height\" content=\"1476\" \/>\n\t<meta property=\"og:image:type\" content=\"image\/jpeg\" \/>\n<meta name=\"author\" content=\"Tatiana Lima\" \/>\n<meta name=\"twitter:card\" content=\"summary_large_image\" \/>\n<meta name=\"twitter:label1\" content=\"Escrito por\" \/>\n\t<meta name=\"twitter:data1\" content=\"Tatiana Lima\" \/>\n\t<meta name=\"twitter:label2\" content=\"Est. tempo de leitura\" \/>\n\t<meta name=\"twitter:data2\" content=\"7 minutos\" \/>\n<script type=\"application\/ld+json\" class=\"yoast-schema-graph\">{\"@context\":\"https:\/\/schema.org\",\"@graph\":[{\"@type\":\"Article\",\"@id\":\"https:\/\/rioonwatch.org.br\/?p=47931#article\",\"isPartOf\":{\"@id\":\"https:\/\/rioonwatch.org.br\/?p=47931\"},\"author\":{\"name\":\"Tatiana Lima\",\"@id\":\"https:\/\/rioonwatch.org.br\/#\/schema\/person\/8fde974ee24e219acc413d63393ec551\"},\"headline\":\"N\u00e3o \u00e9 Obesidade. \u00c9 Escravid\u00e3o. [OPINI\u00c3O]\",\"datePublished\":\"2020-06-04T12:54:34+00:00\",\"dateModified\":\"2024-05-24T15:36:25+00:00\",\"mainEntityOfPage\":{\"@id\":\"https:\/\/rioonwatch.org.br\/?p=47931\"},\"wordCount\":1419,\"publisher\":{\"@id\":\"https:\/\/rioonwatch.org.br\/#organization\"},\"image\":{\"@id\":\"https:\/\/rioonwatch.org.br\/?p=47931#primaryimage\"},\"thumbnailUrl\":\"https:\/\/rioonwatch.org.br\/wp-content\/uploads\/2020\/05\/25artigo-n\u00e3o-\u00e9-obesidade.-\u00e9-escravid\u00e3o.jpg\",\"keywords\":[\"#StopFavelaStigma\",\"Antirracismo\",\"compara\u00e7\u00e3o internacional\",\"coronav\u00edrus\",\"desigualdade\",\"escravid\u00e3o\",\"EUA\",\"Neglig\u00eancia do Estado\",\"opini\u00e3o\",\"pesquisa\",\"pol\u00edtica p\u00fablica\",\"Reino Unido\",\"sa\u00fade\",\"tradu\u00e7\u00e3o\"],\"articleSection\":[\"#Covid19NasFavelas\",\"*Destaque\",\"Dados e Pesquisa\",\"Den\u00fancias\",\"Opini\u00e3o\",\"Pol\u00edticas\",\"Traduzidas do Ingl\u00eas\"],\"inLanguage\":\"pt-BR\"},{\"@type\":\"WebPage\",\"@id\":\"https:\/\/rioonwatch.org.br\/?p=47931\",\"url\":\"https:\/\/rioonwatch.org.br\/?p=47931\",\"name\":\"N\u00e3o \u00e9 Obesidade. \u00c9 Escravid\u00e3o. [OPINI\u00c3O] - RioOnWatch\",\"isPartOf\":{\"@id\":\"https:\/\/rioonwatch.org.br\/#website\"},\"primaryImageOfPage\":{\"@id\":\"https:\/\/rioonwatch.org.br\/?p=47931#primaryimage\"},\"image\":{\"@id\":\"https:\/\/rioonwatch.org.br\/?p=47931#primaryimage\"},\"thumbnailUrl\":\"https:\/\/rioonwatch.org.br\/wp-content\/uploads\/2020\/05\/25artigo-n\u00e3o-\u00e9-obesidade.-\u00e9-escravid\u00e3o.jpg\",\"datePublished\":\"2020-06-04T12:54:34+00:00\",\"dateModified\":\"2024-05-24T15:36:25+00:00\",\"breadcrumb\":{\"@id\":\"https:\/\/rioonwatch.org.br\/?p=47931#breadcrumb\"},\"inLanguage\":\"pt-BR\",\"potentialAction\":[{\"@type\":\"ReadAction\",\"target\":[\"https:\/\/rioonwatch.org.br\/?p=47931\"]}]},{\"@type\":\"ImageObject\",\"inLanguage\":\"pt-BR\",\"@id\":\"https:\/\/rioonwatch.org.br\/?p=47931#primaryimage\",\"url\":\"https:\/\/rioonwatch.org.br\/wp-content\/uploads\/2020\/05\/25artigo-n\u00e3o-\u00e9-obesidade.-\u00e9-escravid\u00e3o.jpg\",\"contentUrl\":\"https:\/\/rioonwatch.org.br\/wp-content\/uploads\/2020\/05\/25artigo-n\u00e3o-\u00e9-obesidade.-\u00e9-escravid\u00e3o.jpg\",\"width\":2048,\"height\":1476,\"caption\":\"Pessoas aguardando por uma distribui\u00e7\u00e3o de m\u00e1scaras e comida no Harlem, cidade de Nova York. Bebeto Matthews\/Associated Press\"},{\"@type\":\"BreadcrumbList\",\"@id\":\"https:\/\/rioonwatch.org.br\/?p=47931#breadcrumb\",\"itemListElement\":[{\"@type\":\"ListItem\",\"position\":1,\"name\":\"In\u00edcio\",\"item\":\"https:\/\/rioonwatch.org.br\/\"},{\"@type\":\"ListItem\",\"position\":2,\"name\":\"N\u00e3o \u00e9 Obesidade. \u00c9 Escravid\u00e3o. [OPINI\u00c3O]\"}]},{\"@type\":\"WebSite\",\"@id\":\"https:\/\/rioonwatch.org.br\/#website\",\"url\":\"https:\/\/rioonwatch.org.br\/\",\"name\":\"RioOnWatch\",\"description\":\"relatos das favelas cariocas\",\"publisher\":{\"@id\":\"https:\/\/rioonwatch.org.br\/#organization\"},\"potentialAction\":[{\"@type\":\"SearchAction\",\"target\":{\"@type\":\"EntryPoint\",\"urlTemplate\":\"https:\/\/rioonwatch.org.br\/?s={search_term_string}\"},\"query-input\":{\"@type\":\"PropertyValueSpecification\",\"valueRequired\":true,\"valueName\":\"search_term_string\"}}],\"inLanguage\":\"pt-BR\"},{\"@type\":\"Organization\",\"@id\":\"https:\/\/rioonwatch.org.br\/#organization\",\"name\":\"RioOnWatch\",\"url\":\"https:\/\/rioonwatch.org.br\/\",\"logo\":{\"@type\":\"ImageObject\",\"inLanguage\":\"pt-BR\",\"@id\":\"https:\/\/rioonwatch.org.br\/#\/schema\/logo\/image\/\",\"url\":\"https:\/\/rioonwatch.org.br\/wp-content\/uploads\/2021\/06\/RioOnWatchcabecalhoPT11anos-2.png\",\"contentUrl\":\"https:\/\/rioonwatch.org.br\/wp-content\/uploads\/2021\/06\/RioOnWatchcabecalhoPT11anos-2.png\",\"width\":779,\"height\":277,\"caption\":\"RioOnWatch\"},\"image\":{\"@id\":\"https:\/\/rioonwatch.org.br\/#\/schema\/logo\/image\/\"}},{\"@type\":\"Person\",\"@id\":\"https:\/\/rioonwatch.org.br\/#\/schema\/person\/8fde974ee24e219acc413d63393ec551\",\"name\":\"Tatiana Lima\",\"image\":{\"@type\":\"ImageObject\",\"inLanguage\":\"pt-BR\",\"@id\":\"https:\/\/rioonwatch.org.br\/#\/schema\/person\/image\/\",\"url\":\"https:\/\/secure.gravatar.com\/avatar\/5fb587d000e124a9d6aae50aec42d39e?s=96&d=blank&r=g\",\"contentUrl\":\"https:\/\/secure.gravatar.com\/avatar\/5fb587d000e124a9d6aae50aec42d39e?s=96&d=blank&r=g\",\"caption\":\"Tatiana Lima\"},\"url\":\"https:\/\/rioonwatch.org.br\/?author=165\"}]}<\/script>\n<!-- \/ Yoast SEO plugin. -->","yoast_head_json":{"title":"N\u00e3o \u00e9 Obesidade. \u00c9 Escravid\u00e3o. [OPINI\u00c3O] - RioOnWatch","robots":{"index":"index","follow":"follow","max-snippet":"max-snippet:-1","max-image-preview":"max-image-preview:large","max-video-preview":"max-video-preview:-1"},"canonical":"https:\/\/rioonwatch.org.br\/?p=47931","og_locale":"pt_BR","og_type":"article","og_title":"N\u00e3o \u00e9 Obesidade. \u00c9 Escravid\u00e3o. [OPINI\u00c3O] - RioOnWatch","og_description":"Click Here for English Leia a mat\u00e9ria original por Sabrina Strings, em ingl\u00eas, no The New York Times aqui. Esta \u00e9 a nossa mais recente mat\u00e9ria sobre\u00a0o novo coronav\u00edrus e seus impactos sobre as favelas.\u00a0O [...]","og_url":"https:\/\/rioonwatch.org.br\/?p=47931","og_site_name":"RioOnWatch","article_published_time":"2020-06-04T12:54:34+00:00","article_modified_time":"2024-05-24T15:36:25+00:00","og_image":[{"width":2048,"height":1476,"url":"https:\/\/rioonwatch.org.br\/wp-content\/uploads\/2020\/05\/25artigo-n\u00e3o-\u00e9-obesidade.-\u00e9-escravid\u00e3o.jpg","type":"image\/jpeg"}],"author":"Tatiana Lima","twitter_card":"summary_large_image","twitter_misc":{"Escrito por":"Tatiana Lima","Est. tempo de leitura":"7 minutos"},"schema":{"@context":"https:\/\/schema.org","@graph":[{"@type":"Article","@id":"https:\/\/rioonwatch.org.br\/?p=47931#article","isPartOf":{"@id":"https:\/\/rioonwatch.org.br\/?p=47931"},"author":{"name":"Tatiana Lima","@id":"https:\/\/rioonwatch.org.br\/#\/schema\/person\/8fde974ee24e219acc413d63393ec551"},"headline":"N\u00e3o \u00e9 Obesidade. \u00c9 Escravid\u00e3o. [OPINI\u00c3O]","datePublished":"2020-06-04T12:54:34+00:00","dateModified":"2024-05-24T15:36:25+00:00","mainEntityOfPage":{"@id":"https:\/\/rioonwatch.org.br\/?p=47931"},"wordCount":1419,"publisher":{"@id":"https:\/\/rioonwatch.org.br\/#organization"},"image":{"@id":"https:\/\/rioonwatch.org.br\/?p=47931#primaryimage"},"thumbnailUrl":"https:\/\/rioonwatch.org.br\/wp-content\/uploads\/2020\/05\/25artigo-n\u00e3o-\u00e9-obesidade.-\u00e9-escravid\u00e3o.jpg","keywords":["#StopFavelaStigma","Antirracismo","compara\u00e7\u00e3o internacional","coronav\u00edrus","desigualdade","escravid\u00e3o","EUA","Neglig\u00eancia do Estado","opini\u00e3o","pesquisa","pol\u00edtica p\u00fablica","Reino Unido","sa\u00fade","tradu\u00e7\u00e3o"],"articleSection":["#Covid19NasFavelas","*Destaque","Dados e Pesquisa","Den\u00fancias","Opini\u00e3o","Pol\u00edticas","Traduzidas do Ingl\u00eas"],"inLanguage":"pt-BR"},{"@type":"WebPage","@id":"https:\/\/rioonwatch.org.br\/?p=47931","url":"https:\/\/rioonwatch.org.br\/?p=47931","name":"N\u00e3o \u00e9 Obesidade. \u00c9 Escravid\u00e3o. [OPINI\u00c3O] - RioOnWatch","isPartOf":{"@id":"https:\/\/rioonwatch.org.br\/#website"},"primaryImageOfPage":{"@id":"https:\/\/rioonwatch.org.br\/?p=47931#primaryimage"},"image":{"@id":"https:\/\/rioonwatch.org.br\/?p=47931#primaryimage"},"thumbnailUrl":"https:\/\/rioonwatch.org.br\/wp-content\/uploads\/2020\/05\/25artigo-n\u00e3o-\u00e9-obesidade.-\u00e9-escravid\u00e3o.jpg","datePublished":"2020-06-04T12:54:34+00:00","dateModified":"2024-05-24T15:36:25+00:00","breadcrumb":{"@id":"https:\/\/rioonwatch.org.br\/?p=47931#breadcrumb"},"inLanguage":"pt-BR","potentialAction":[{"@type":"ReadAction","target":["https:\/\/rioonwatch.org.br\/?p=47931"]}]},{"@type":"ImageObject","inLanguage":"pt-BR","@id":"https:\/\/rioonwatch.org.br\/?p=47931#primaryimage","url":"https:\/\/rioonwatch.org.br\/wp-content\/uploads\/2020\/05\/25artigo-n\u00e3o-\u00e9-obesidade.-\u00e9-escravid\u00e3o.jpg","contentUrl":"https:\/\/rioonwatch.org.br\/wp-content\/uploads\/2020\/05\/25artigo-n\u00e3o-\u00e9-obesidade.-\u00e9-escravid\u00e3o.jpg","width":2048,"height":1476,"caption":"Pessoas aguardando por uma distribui\u00e7\u00e3o de m\u00e1scaras e comida no Harlem, cidade de Nova York. Bebeto Matthews\/Associated Press"},{"@type":"BreadcrumbList","@id":"https:\/\/rioonwatch.org.br\/?p=47931#breadcrumb","itemListElement":[{"@type":"ListItem","position":1,"name":"In\u00edcio","item":"https:\/\/rioonwatch.org.br\/"},{"@type":"ListItem","position":2,"name":"N\u00e3o \u00e9 Obesidade. \u00c9 Escravid\u00e3o. [OPINI\u00c3O]"}]},{"@type":"WebSite","@id":"https:\/\/rioonwatch.org.br\/#website","url":"https:\/\/rioonwatch.org.br\/","name":"RioOnWatch","description":"relatos das favelas cariocas","publisher":{"@id":"https:\/\/rioonwatch.org.br\/#organization"},"potentialAction":[{"@type":"SearchAction","target":{"@type":"EntryPoint","urlTemplate":"https:\/\/rioonwatch.org.br\/?s={search_term_string}"},"query-input":{"@type":"PropertyValueSpecification","valueRequired":true,"valueName":"search_term_string"}}],"inLanguage":"pt-BR"},{"@type":"Organization","@id":"https:\/\/rioonwatch.org.br\/#organization","name":"RioOnWatch","url":"https:\/\/rioonwatch.org.br\/","logo":{"@type":"ImageObject","inLanguage":"pt-BR","@id":"https:\/\/rioonwatch.org.br\/#\/schema\/logo\/image\/","url":"https:\/\/rioonwatch.org.br\/wp-content\/uploads\/2021\/06\/RioOnWatchcabecalhoPT11anos-2.png","contentUrl":"https:\/\/rioonwatch.org.br\/wp-content\/uploads\/2021\/06\/RioOnWatchcabecalhoPT11anos-2.png","width":779,"height":277,"caption":"RioOnWatch"},"image":{"@id":"https:\/\/rioonwatch.org.br\/#\/schema\/logo\/image\/"}},{"@type":"Person","@id":"https:\/\/rioonwatch.org.br\/#\/schema\/person\/8fde974ee24e219acc413d63393ec551","name":"Tatiana Lima","image":{"@type":"ImageObject","inLanguage":"pt-BR","@id":"https:\/\/rioonwatch.org.br\/#\/schema\/person\/image\/","url":"https:\/\/secure.gravatar.com\/avatar\/5fb587d000e124a9d6aae50aec42d39e?s=96&d=blank&r=g","contentUrl":"https:\/\/secure.gravatar.com\/avatar\/5fb587d000e124a9d6aae50aec42d39e?s=96&d=blank&r=g","caption":"Tatiana Lima"},"url":"https:\/\/rioonwatch.org.br\/?author=165"}]}},"_links":{"self":[{"href":"https:\/\/rioonwatch.org.br\/index.php?rest_route=\/wp\/v2\/posts\/47931"}],"collection":[{"href":"https:\/\/rioonwatch.org.br\/index.php?rest_route=\/wp\/v2\/posts"}],"about":[{"href":"https:\/\/rioonwatch.org.br\/index.php?rest_route=\/wp\/v2\/types\/post"}],"author":[{"embeddable":true,"href":"https:\/\/rioonwatch.org.br\/index.php?rest_route=\/wp\/v2\/users\/165"}],"replies":[{"embeddable":true,"href":"https:\/\/rioonwatch.org.br\/index.php?rest_route=%2Fwp%2Fv2%2Fcomments&post=47931"}],"version-history":[{"count":17,"href":"https:\/\/rioonwatch.org.br\/index.php?rest_route=\/wp\/v2\/posts\/47931\/revisions"}],"predecessor-version":[{"id":48012,"href":"https:\/\/rioonwatch.org.br\/index.php?rest_route=\/wp\/v2\/posts\/47931\/revisions\/48012"}],"wp:featuredmedia":[{"embeddable":true,"href":"https:\/\/rioonwatch.org.br\/index.php?rest_route=\/wp\/v2\/media\/47933"}],"wp:attachment":[{"href":"https:\/\/rioonwatch.org.br\/index.php?rest_route=%2Fwp%2Fv2%2Fmedia&parent=47931"}],"wp:term":[{"taxonomy":"category","embeddable":true,"href":"https:\/\/rioonwatch.org.br\/index.php?rest_route=%2Fwp%2Fv2%2Fcategories&post=47931"},{"taxonomy":"post_tag","embeddable":true,"href":"https:\/\/rioonwatch.org.br\/index.php?rest_route=%2Fwp%2Fv2%2Ftags&post=47931"},{"taxonomy":"writer","embeddable":true,"href":"https:\/\/rioonwatch.org.br\/index.php?rest_route=%2Fwp%2Fv2%2Fwriter&post=47931"},{"taxonomy":"translator","embeddable":true,"href":"https:\/\/rioonwatch.org.br\/index.php?rest_route=%2Fwp%2Fv2%2Ftranslator&post=47931"},{"taxonomy":"source","embeddable":true,"href":"https:\/\/rioonwatch.org.br\/index.php?rest_route=%2Fwp%2Fv2%2Fsource&post=47931"},{"taxonomy":"ilustrador","embeddable":true,"href":"https:\/\/rioonwatch.org.br\/index.php?rest_route=%2Fwp%2Fv2%2Filustrador&post=47931"},{"taxonomy":"fotografo","embeddable":true,"href":"https:\/\/rioonwatch.org.br\/index.php?rest_route=%2Fwp%2Fv2%2Ffotografo&post=47931"}],"curies":[{"name":"wp","href":"https:\/\/api.w.org\/{rel}","templated":true}]}}