{"id":484,"date":"2010-06-20T00:59:29","date_gmt":"2010-06-20T03:59:29","guid":{"rendered":"http:\/\/favela.info\/?p=484"},"modified":"2015-08-14T15:00:55","modified_gmt":"2015-08-14T18:00:55","slug":"voces-ja-visitaram-a-nova-biblioteca-publica-do-rio-de-janeiro","status":"publish","type":"post","link":"https:\/\/rioonwatch.org.br\/?p=484","title":{"rendered":"Voc\u00eas j\u00e1 visitaram a nova biblioteca p\u00fablica do Rio de Janeiro?"},"content":{"rendered":"<p style=\"text-align: left;\">Venham nos visitar e vivenciar o funcionamento de uma biblioteca p\u00fablica em um complexo de favelas. <\/p>\n<p style=\"text-align: left;\">Oferecemos internet, oficinas em linguagens culturais e leitura em braile aos portadores de defici\u00eancia visual e\u00a0salas para estudos. <\/p>\n<p style=\"text-align: left;\">Endere\u00e7o Av. Dom Helder, 1.184 em Benfica. Ao lado do UPA Manguinhos. <\/p>\n<p style=\"text-align: left;\">Metr\u00f4 esta\u00e7\u00e3o de Maria da Gra\u00e7a. Trem esta\u00e7\u00e3o Vieira Fazenda ramal Belford Roxo ou esta\u00e7\u00e3o Manguinhos ramal gramacho ou saracuruna.\u00a0<\/p>\n<p style=\"text-align: left;\">Linhas de \u00f4nibus: 311, 296, 298, 313, 312, 310, 680, 696, 629, 261, 711, 630, 621, 622, 625, 673, 624, 284. <a href=\"http:\/\/go2.wordpress.com\/?id=725X1342&amp;site=revistalivro.wordpress.com&amp;url=http%3A%2F%2Frevistalivro.files.wordpress.com%2F2010%2F05%2Fbiblioteca-parque-manguinhos2-550x366.jpg&amp;sref=http%3A%2F%2Frevistalivro.wordpress.com%2F2010%2F05%2F03%2Fbiblioteca-parque-de-manguinhos%2F\"><img fetchpriority=\"high\" decoding=\"async\" title=\"Biblioteca Parque de Manguinhos\" src=\"http:\/\/revistalivro.files.wordpress.com\/2010\/05\/biblioteca-parque-manguinhos2-550x366.jpg?w=490&amp;h=326\" alt=\"\" width=\"490\" height=\"326\" \/><\/a><\/p>\n<p style=\"text-align: left;\">Telefone: 23348917 <\/p>\n<p style=\"text-align: left;\">Funcionamento de ter\u00e7a a domingo apartir das 10h sendo quinta, sexta e s\u00e1bado at\u00e9 as 21h e os outros dias at\u00e9 as 20h.<\/p>\n<p style=\"text-align: left;\">\n<!-- AddThis Advanced Settings generic via filter on the_content --><!-- AddThis Share Buttons generic via filter on the_content -->","protected":false},"excerpt":{"rendered":"<div class=\"mh-excerpt\"><p>Venham nos visitar e vivenciar o funcionamento de uma biblioteca p\u00fablica em um complexo de favelas. Oferecemos internet, oficinas em linguagens culturais e leitura em braile aos portadores de defici\u00eancia visual e\u00a0salas para estudos. Endere\u00e7o <a class=\"mh-excerpt-more\" href=\"https:\/\/rioonwatch.org.br\/?p=484\" title=\"Voc\u00eas j\u00e1 visitaram a nova biblioteca p\u00fablica do Rio de Janeiro?\">[&#8230;]<\/a><!-- AddThis Advanced Settings generic via filter on get_the_excerpt --><!-- AddThis Share Buttons generic via filter on get_the_excerpt --><\/p>\n<\/div>","protected":false},"author":5,"featured_media":0,"comment_status":"open","ping_status":"open","sticky":false,"template":"","format":"standard","meta":{"_acf_changed":false,"_monsterinsights_skip_tracking":false,"_monsterinsights_sitenote_active":false,"_monsterinsights_sitenote_note":"","_monsterinsights_sitenote_category":0,"footnotes":""},"categories":[1625],"tags":[1005,316],"writer":[151],"translator":[],"source":[],"ilustrador":[],"fotografo":[],"class_list":{"0":"post-484","1":"post","2":"type-post","3":"status-publish","4":"format-standard","6":"category-por-correspondentes-comunitarios","7":"tag-biblioteca","8":"tag-educacao","9":"writer-luiz-soares"},"acf":[],"yoast_head":"<!-- This site is optimized with the Yoast SEO plugin v25.6 - https:\/\/yoast.com\/wordpress\/plugins\/seo\/ -->\n<title>Voc\u00eas j\u00e1 visitaram a nova biblioteca p\u00fablica do Rio de Janeiro? - RioOnWatch<\/title>\n<meta name=\"robots\" content=\"index, follow, max-snippet:-1, max-image-preview:large, max-video-preview:-1\" \/>\n<link rel=\"canonical\" href=\"https:\/\/rioonwatch.org.br\/?p=484\" \/>\n<meta property=\"og:locale\" content=\"pt_BR\" \/>\n<meta property=\"og:type\" content=\"article\" \/>\n<meta property=\"og:title\" content=\"Voc\u00eas j\u00e1 visitaram a nova biblioteca p\u00fablica do Rio de Janeiro? - RioOnWatch\" \/>\n<meta property=\"og:description\" content=\"Venham nos visitar e vivenciar o funcionamento de uma biblioteca p\u00fablica em um complexo de favelas. Oferecemos internet, oficinas em linguagens culturais e leitura em braile aos portadores de defici\u00eancia visual e\u00a0salas para estudos. Endere\u00e7o [...]\" \/>\n<meta property=\"og:url\" content=\"https:\/\/rioonwatch.org.br\/?p=484\" \/>\n<meta property=\"og:site_name\" content=\"RioOnWatch\" \/>\n<meta property=\"article:published_time\" content=\"2010-06-20T03:59:29+00:00\" \/>\n<meta property=\"article:modified_time\" content=\"2015-08-14T18:00:55+00:00\" \/>\n<meta property=\"og:image\" content=\"http:\/\/revistalivro.files.wordpress.com\/2010\/05\/biblioteca-parque-manguinhos2-550x366.jpg?w=490&amp;h=326\" \/>\n<meta name=\"author\" content=\"Tiago\" \/>\n<meta name=\"twitter:card\" content=\"summary_large_image\" \/>\n<meta name=\"twitter:label1\" content=\"Escrito por\" \/>\n\t<meta name=\"twitter:data1\" content=\"Tiago\" \/>\n\t<meta name=\"twitter:label2\" content=\"Est. tempo de leitura\" \/>\n\t<meta name=\"twitter:data2\" content=\"1 minuto\" \/>\n<script type=\"application\/ld+json\" class=\"yoast-schema-graph\">{\"@context\":\"https:\/\/schema.org\",\"@graph\":[{\"@type\":\"Article\",\"@id\":\"https:\/\/rioonwatch.org.br\/?p=484#article\",\"isPartOf\":{\"@id\":\"https:\/\/rioonwatch.org.br\/?p=484\"},\"author\":{\"name\":\"Tiago\",\"@id\":\"https:\/\/rioonwatch.org.br\/#\/schema\/person\/7c54ce0a929f914709db001584daa6ee\"},\"headline\":\"Voc\u00eas j\u00e1 visitaram a nova biblioteca p\u00fablica do Rio de Janeiro?\",\"datePublished\":\"2010-06-20T03:59:29+00:00\",\"dateModified\":\"2015-08-14T18:00:55+00:00\",\"mainEntityOfPage\":{\"@id\":\"https:\/\/rioonwatch.org.br\/?p=484\"},\"wordCount\":115,\"commentCount\":0,\"publisher\":{\"@id\":\"https:\/\/rioonwatch.org.br\/#organization\"},\"image\":{\"@id\":\"https:\/\/rioonwatch.org.br\/?p=484#primaryimage\"},\"thumbnailUrl\":\"http:\/\/revistalivro.files.wordpress.com\/2010\/05\/biblioteca-parque-manguinhos2-550x366.jpg?w=490&amp;h=326\",\"keywords\":[\"Bibliotecas\",\"educa\u00e7\u00e3o\"],\"articleSection\":[\"Escrito por Comunicadores Populares\"],\"inLanguage\":\"pt-BR\",\"potentialAction\":[{\"@type\":\"CommentAction\",\"name\":\"Comment\",\"target\":[\"https:\/\/rioonwatch.org.br\/?p=484#respond\"]}]},{\"@type\":\"WebPage\",\"@id\":\"https:\/\/rioonwatch.org.br\/?p=484\",\"url\":\"https:\/\/rioonwatch.org.br\/?p=484\",\"name\":\"Voc\u00eas j\u00e1 visitaram a nova biblioteca p\u00fablica do Rio de Janeiro? - RioOnWatch\",\"isPartOf\":{\"@id\":\"https:\/\/rioonwatch.org.br\/#website\"},\"primaryImageOfPage\":{\"@id\":\"https:\/\/rioonwatch.org.br\/?p=484#primaryimage\"},\"image\":{\"@id\":\"https:\/\/rioonwatch.org.br\/?p=484#primaryimage\"},\"thumbnailUrl\":\"http:\/\/revistalivro.files.wordpress.com\/2010\/05\/biblioteca-parque-manguinhos2-550x366.jpg?w=490&amp;h=326\",\"datePublished\":\"2010-06-20T03:59:29+00:00\",\"dateModified\":\"2015-08-14T18:00:55+00:00\",\"breadcrumb\":{\"@id\":\"https:\/\/rioonwatch.org.br\/?p=484#breadcrumb\"},\"inLanguage\":\"pt-BR\",\"potentialAction\":[{\"@type\":\"ReadAction\",\"target\":[\"https:\/\/rioonwatch.org.br\/?p=484\"]}]},{\"@type\":\"ImageObject\",\"inLanguage\":\"pt-BR\",\"@id\":\"https:\/\/rioonwatch.org.br\/?p=484#primaryimage\",\"url\":\"http:\/\/revistalivro.files.wordpress.com\/2010\/05\/biblioteca-parque-manguinhos2-550x366.jpg?w=490&amp;h=326\",\"contentUrl\":\"http:\/\/revistalivro.files.wordpress.com\/2010\/05\/biblioteca-parque-manguinhos2-550x366.jpg?w=490&amp;h=326\"},{\"@type\":\"BreadcrumbList\",\"@id\":\"https:\/\/rioonwatch.org.br\/?p=484#breadcrumb\",\"itemListElement\":[{\"@type\":\"ListItem\",\"position\":1,\"name\":\"In\u00edcio\",\"item\":\"https:\/\/rioonwatch.org.br\/\"},{\"@type\":\"ListItem\",\"position\":2,\"name\":\"Voc\u00eas j\u00e1 visitaram a nova biblioteca p\u00fablica do Rio de Janeiro?\"}]},{\"@type\":\"WebSite\",\"@id\":\"https:\/\/rioonwatch.org.br\/#website\",\"url\":\"https:\/\/rioonwatch.org.br\/\",\"name\":\"RioOnWatch\",\"description\":\"relatos das favelas cariocas\",\"publisher\":{\"@id\":\"https:\/\/rioonwatch.org.br\/#organization\"},\"potentialAction\":[{\"@type\":\"SearchAction\",\"target\":{\"@type\":\"EntryPoint\",\"urlTemplate\":\"https:\/\/rioonwatch.org.br\/?s={search_term_string}\"},\"query-input\":{\"@type\":\"PropertyValueSpecification\",\"valueRequired\":true,\"valueName\":\"search_term_string\"}}],\"inLanguage\":\"pt-BR\"},{\"@type\":\"Organization\",\"@id\":\"https:\/\/rioonwatch.org.br\/#organization\",\"name\":\"RioOnWatch\",\"url\":\"https:\/\/rioonwatch.org.br\/\",\"logo\":{\"@type\":\"ImageObject\",\"inLanguage\":\"pt-BR\",\"@id\":\"https:\/\/rioonwatch.org.br\/#\/schema\/logo\/image\/\",\"url\":\"https:\/\/rioonwatch.org.br\/wp-content\/uploads\/2021\/06\/RioOnWatchcabecalhoPT11anos-2.png\",\"contentUrl\":\"https:\/\/rioonwatch.org.br\/wp-content\/uploads\/2021\/06\/RioOnWatchcabecalhoPT11anos-2.png\",\"width\":779,\"height\":277,\"caption\":\"RioOnWatch\"},\"image\":{\"@id\":\"https:\/\/rioonwatch.org.br\/#\/schema\/logo\/image\/\"}},{\"@type\":\"Person\",\"@id\":\"https:\/\/rioonwatch.org.br\/#\/schema\/person\/7c54ce0a929f914709db001584daa6ee\",\"name\":\"Tiago\",\"image\":{\"@type\":\"ImageObject\",\"inLanguage\":\"pt-BR\",\"@id\":\"https:\/\/rioonwatch.org.br\/#\/schema\/person\/image\/\",\"url\":\"https:\/\/secure.gravatar.com\/avatar\/886b123583861b1f9e1b1393972b9aeb?s=96&d=blank&r=g\",\"contentUrl\":\"https:\/\/secure.gravatar.com\/avatar\/886b123583861b1f9e1b1393972b9aeb?s=96&d=blank&r=g\",\"caption\":\"Tiago\"},\"url\":\"https:\/\/rioonwatch.org.br\/?author=5\"}]}<\/script>\n<!-- \/ Yoast SEO plugin. -->","yoast_head_json":{"title":"Voc\u00eas j\u00e1 visitaram a nova biblioteca p\u00fablica do Rio de Janeiro? - RioOnWatch","robots":{"index":"index","follow":"follow","max-snippet":"max-snippet:-1","max-image-preview":"max-image-preview:large","max-video-preview":"max-video-preview:-1"},"canonical":"https:\/\/rioonwatch.org.br\/?p=484","og_locale":"pt_BR","og_type":"article","og_title":"Voc\u00eas j\u00e1 visitaram a nova biblioteca p\u00fablica do Rio de Janeiro? - RioOnWatch","og_description":"Venham nos visitar e vivenciar o funcionamento de uma biblioteca p\u00fablica em um complexo de favelas. Oferecemos internet, oficinas em linguagens culturais e leitura em braile aos portadores de defici\u00eancia visual e\u00a0salas para estudos. Endere\u00e7o [...]","og_url":"https:\/\/rioonwatch.org.br\/?p=484","og_site_name":"RioOnWatch","article_published_time":"2010-06-20T03:59:29+00:00","article_modified_time":"2015-08-14T18:00:55+00:00","og_image":[{"url":"http:\/\/revistalivro.files.wordpress.com\/2010\/05\/biblioteca-parque-manguinhos2-550x366.jpg?w=490&amp;h=326","type":"","width":"","height":""}],"author":"Tiago","twitter_card":"summary_large_image","twitter_misc":{"Escrito por":"Tiago","Est. tempo de leitura":"1 minuto"},"schema":{"@context":"https:\/\/schema.org","@graph":[{"@type":"Article","@id":"https:\/\/rioonwatch.org.br\/?p=484#article","isPartOf":{"@id":"https:\/\/rioonwatch.org.br\/?p=484"},"author":{"name":"Tiago","@id":"https:\/\/rioonwatch.org.br\/#\/schema\/person\/7c54ce0a929f914709db001584daa6ee"},"headline":"Voc\u00eas j\u00e1 visitaram a nova biblioteca p\u00fablica do Rio de Janeiro?","datePublished":"2010-06-20T03:59:29+00:00","dateModified":"2015-08-14T18:00:55+00:00","mainEntityOfPage":{"@id":"https:\/\/rioonwatch.org.br\/?p=484"},"wordCount":115,"commentCount":0,"publisher":{"@id":"https:\/\/rioonwatch.org.br\/#organization"},"image":{"@id":"https:\/\/rioonwatch.org.br\/?p=484#primaryimage"},"thumbnailUrl":"http:\/\/revistalivro.files.wordpress.com\/2010\/05\/biblioteca-parque-manguinhos2-550x366.jpg?w=490&amp;h=326","keywords":["Bibliotecas","educa\u00e7\u00e3o"],"articleSection":["Escrito por Comunicadores Populares"],"inLanguage":"pt-BR","potentialAction":[{"@type":"CommentAction","name":"Comment","target":["https:\/\/rioonwatch.org.br\/?p=484#respond"]}]},{"@type":"WebPage","@id":"https:\/\/rioonwatch.org.br\/?p=484","url":"https:\/\/rioonwatch.org.br\/?p=484","name":"Voc\u00eas j\u00e1 visitaram a nova biblioteca p\u00fablica do Rio de Janeiro? - RioOnWatch","isPartOf":{"@id":"https:\/\/rioonwatch.org.br\/#website"},"primaryImageOfPage":{"@id":"https:\/\/rioonwatch.org.br\/?p=484#primaryimage"},"image":{"@id":"https:\/\/rioonwatch.org.br\/?p=484#primaryimage"},"thumbnailUrl":"http:\/\/revistalivro.files.wordpress.com\/2010\/05\/biblioteca-parque-manguinhos2-550x366.jpg?w=490&amp;h=326","datePublished":"2010-06-20T03:59:29+00:00","dateModified":"2015-08-14T18:00:55+00:00","breadcrumb":{"@id":"https:\/\/rioonwatch.org.br\/?p=484#breadcrumb"},"inLanguage":"pt-BR","potentialAction":[{"@type":"ReadAction","target":["https:\/\/rioonwatch.org.br\/?p=484"]}]},{"@type":"ImageObject","inLanguage":"pt-BR","@id":"https:\/\/rioonwatch.org.br\/?p=484#primaryimage","url":"http:\/\/revistalivro.files.wordpress.com\/2010\/05\/biblioteca-parque-manguinhos2-550x366.jpg?w=490&amp;h=326","contentUrl":"http:\/\/revistalivro.files.wordpress.com\/2010\/05\/biblioteca-parque-manguinhos2-550x366.jpg?w=490&amp;h=326"},{"@type":"BreadcrumbList","@id":"https:\/\/rioonwatch.org.br\/?p=484#breadcrumb","itemListElement":[{"@type":"ListItem","position":1,"name":"In\u00edcio","item":"https:\/\/rioonwatch.org.br\/"},{"@type":"ListItem","position":2,"name":"Voc\u00eas j\u00e1 visitaram a nova biblioteca p\u00fablica do Rio de Janeiro?"}]},{"@type":"WebSite","@id":"https:\/\/rioonwatch.org.br\/#website","url":"https:\/\/rioonwatch.org.br\/","name":"RioOnWatch","description":"relatos das favelas cariocas","publisher":{"@id":"https:\/\/rioonwatch.org.br\/#organization"},"potentialAction":[{"@type":"SearchAction","target":{"@type":"EntryPoint","urlTemplate":"https:\/\/rioonwatch.org.br\/?s={search_term_string}"},"query-input":{"@type":"PropertyValueSpecification","valueRequired":true,"valueName":"search_term_string"}}],"inLanguage":"pt-BR"},{"@type":"Organization","@id":"https:\/\/rioonwatch.org.br\/#organization","name":"RioOnWatch","url":"https:\/\/rioonwatch.org.br\/","logo":{"@type":"ImageObject","inLanguage":"pt-BR","@id":"https:\/\/rioonwatch.org.br\/#\/schema\/logo\/image\/","url":"https:\/\/rioonwatch.org.br\/wp-content\/uploads\/2021\/06\/RioOnWatchcabecalhoPT11anos-2.png","contentUrl":"https:\/\/rioonwatch.org.br\/wp-content\/uploads\/2021\/06\/RioOnWatchcabecalhoPT11anos-2.png","width":779,"height":277,"caption":"RioOnWatch"},"image":{"@id":"https:\/\/rioonwatch.org.br\/#\/schema\/logo\/image\/"}},{"@type":"Person","@id":"https:\/\/rioonwatch.org.br\/#\/schema\/person\/7c54ce0a929f914709db001584daa6ee","name":"Tiago","image":{"@type":"ImageObject","inLanguage":"pt-BR","@id":"https:\/\/rioonwatch.org.br\/#\/schema\/person\/image\/","url":"https:\/\/secure.gravatar.com\/avatar\/886b123583861b1f9e1b1393972b9aeb?s=96&d=blank&r=g","contentUrl":"https:\/\/secure.gravatar.com\/avatar\/886b123583861b1f9e1b1393972b9aeb?s=96&d=blank&r=g","caption":"Tiago"},"url":"https:\/\/rioonwatch.org.br\/?author=5"}]}},"_links":{"self":[{"href":"https:\/\/rioonwatch.org.br\/index.php?rest_route=\/wp\/v2\/posts\/484"}],"collection":[{"href":"https:\/\/rioonwatch.org.br\/index.php?rest_route=\/wp\/v2\/posts"}],"about":[{"href":"https:\/\/rioonwatch.org.br\/index.php?rest_route=\/wp\/v2\/types\/post"}],"author":[{"embeddable":true,"href":"https:\/\/rioonwatch.org.br\/index.php?rest_route=\/wp\/v2\/users\/5"}],"replies":[{"embeddable":true,"href":"https:\/\/rioonwatch.org.br\/index.php?rest_route=%2Fwp%2Fv2%2Fcomments&post=484"}],"version-history":[{"count":4,"href":"https:\/\/rioonwatch.org.br\/index.php?rest_route=\/wp\/v2\/posts\/484\/revisions"}],"predecessor-version":[{"id":939,"href":"https:\/\/rioonwatch.org.br\/index.php?rest_route=\/wp\/v2\/posts\/484\/revisions\/939"}],"wp:attachment":[{"href":"https:\/\/rioonwatch.org.br\/index.php?rest_route=%2Fwp%2Fv2%2Fmedia&parent=484"}],"wp:term":[{"taxonomy":"category","embeddable":true,"href":"https:\/\/rioonwatch.org.br\/index.php?rest_route=%2Fwp%2Fv2%2Fcategories&post=484"},{"taxonomy":"post_tag","embeddable":true,"href":"https:\/\/rioonwatch.org.br\/index.php?rest_route=%2Fwp%2Fv2%2Ftags&post=484"},{"taxonomy":"writer","embeddable":true,"href":"https:\/\/rioonwatch.org.br\/index.php?rest_route=%2Fwp%2Fv2%2Fwriter&post=484"},{"taxonomy":"translator","embeddable":true,"href":"https:\/\/rioonwatch.org.br\/index.php?rest_route=%2Fwp%2Fv2%2Ftranslator&post=484"},{"taxonomy":"source","embeddable":true,"href":"https:\/\/rioonwatch.org.br\/index.php?rest_route=%2Fwp%2Fv2%2Fsource&post=484"},{"taxonomy":"ilustrador","embeddable":true,"href":"https:\/\/rioonwatch.org.br\/index.php?rest_route=%2Fwp%2Fv2%2Filustrador&post=484"},{"taxonomy":"fotografo","embeddable":true,"href":"https:\/\/rioonwatch.org.br\/index.php?rest_route=%2Fwp%2Fv2%2Ffotografo&post=484"}],"curies":[{"name":"wp","href":"https:\/\/api.w.org\/{rel}","templated":true}]}}