{"id":4845,"date":"2013-01-30T07:00:21","date_gmt":"2013-01-30T10:00:21","guid":{"rendered":"http:\/\/rioonwatch.org.br\/?p=4845"},"modified":"2015-08-14T23:30:54","modified_gmt":"2015-08-15T02:30:54","slug":"bangu-tem-a-pior-qualidade-do-ar-do-rio-de-janeiro","status":"publish","type":"post","link":"https:\/\/rioonwatch.org.br\/?p=4845","title":{"rendered":"Bangu Tem a Pior Qualidade do Ar do Rio de Janeiro"},"content":{"rendered":"<p>Segundo dados do MonitoAr-Rio, a esta\u00e7\u00e3o de monitoramento de ar de Bangu teve o pior desempenho do segundo semestre de 2012 dentre as nove esta\u00e7\u00f5es que abrangem a rede. No pior dia de polui\u00e7\u00e3o deste per\u00edodo, <a href=\"http:\/\/bit.ly\/Wh9PWt\">25 de dezembro<\/a>, a qualidade do ar de Bangu marcou 213 pontos, o que a classifica como \u201cm\u00e1\u201d numa escala de cinco classifica\u00e7\u00f5es poss\u00edveis: boa, regular, inadequada, m\u00e1 e p\u00e9ssima. No mesmo dia, no Porto, foram registrados 47 pontos, uma qualifica\u00e7\u00e3o boa.<\/p>\n<p>O <a href=\"http:\/\/bit.ly\/13GCgCJ\">MonitorAr-Rio<\/a> \u00e9 um programa da Secretaria Municipal de Meio Ambiente (SMAC) que registra os \u00edndices de poluentes e as condi\u00e7\u00f5es atmosf\u00e9ricas de 8 esta\u00e7\u00f5es fixas (Centro, Copacabana, S\u00e3o Crist\u00f3v\u00e3o, Tijuca, Iraj\u00e1, Bangu, Campo Grande e Pedra de Guaratiba) e uma esta\u00e7\u00e3o m\u00f3vel (Porto) em boletins di\u00e1rios. S\u00e3o medidos cinco tipos de poluentes: di\u00f3xido de enxofre, mon\u00f3xido de carbono, material particulado, oz\u00f4nio e di\u00f3xido de nitrog\u00eanio. As medi\u00e7\u00f5es d\u00e3o origem ao <a href=\"http:\/\/bit.ly\/13GCnyk\">\u00cdndice de Qualidade do Ar<\/a> (IQA) da regi\u00e3o no dia.<\/p>\n<p>Os boletins do segundo semestre indicam que o principal respons\u00e1vel pelo IQA ruim de Bangu \u00e9 o oz\u00f4nio. A concentra\u00e7\u00e3o do g\u00e1s teve os maiores \u00edndices registrados no bairro do que nas outras oito regi\u00f5es monitoradas, principalmente nos dias de sol e calor. No Natal de 2012, os term\u00f4metros do Rio de Janeiro chegaram a marcar 41 graus e a taxa de oz\u00f4nio de Bangu foi a maior do semestre: 280 pontos.<\/p>\n<p>Existe uma rela\u00e7\u00e3o direta entre as altas taxas de oz\u00f4nio e as temperaturas elevadas. \u201cO oz\u00f4nio \u00e9 um poluente formado a partir da a\u00e7\u00e3o da luz solar e de oxida\u00e7\u00f5es fotoqu\u00edmicas\u201d, explica o <a href=\"http:\/\/bit.ly\/UvPDRp\">estudo sobre a concentra\u00e7\u00e3o de oz\u00f4nioda regi\u00e3o metropolitana do Rio de Janeiro<\/a> do Instituto de Geografia (IGEO) da UFRJ.<\/p>\n<p>Na estratosfera, o oz\u00f4nio forma uma camada importante de prote\u00e7\u00e3o contra a radia\u00e7\u00e3o solar. J\u00e1 nas camadas mais baixas da atmosfera, onde vivem os seres humanos, altos \u00edndices do g\u00e1s podem ser mal\u00e9ficos para a sa\u00fade. \u201cAs consequ\u00eancias diretas da exposi\u00e7\u00e3o da popula\u00e7\u00e3o \u00e0s altas concentra\u00e7\u00f5es deste poluente, pr\u00f3ximo \u00e0 superf\u00edcie, s\u00e3o irrita\u00e7\u00e3o nos olhos e nas vias respirat\u00f3rias\u201d, diz o estudo do IGEO.<\/p>\n<p><strong>Uma quest\u00e3o ambiental e de sa\u00fade p\u00fablica<\/strong><\/p>\n<p><a href=\"http:\/\/rioonwatch.org.br\/?attachment_id=4847\" rel=\"attachment wp-att-4847\"><img fetchpriority=\"high\" decoding=\"async\" class=\"alignright size-medium wp-image-4847\" title=\"Esta\u00e7\u00e3o de Monitoramento de Ar de Bangu, na Rua Mong\u00f3lia\" src=\"http:\/\/rioonwatch.org.br\/wp-content\/uploads\/2013\/01\/100_4792-236x300.jpg\" alt=\"Esta\u00e7\u00e3o de Monitoramento de Ar de Bangu, na Rua Mong\u00f3lia\" width=\"236\" height=\"300\" \/><\/a>Enquanto Bangu tem a pior qualidade do ar do munic\u00edpio, Centro e S\u00e3o Crist\u00f3v\u00e3o tiveram o melhor desempenho no mesmo per\u00edodo, com mais de 70% dos dias com classifica\u00e7\u00e3o \u201cboa\u201d e nenhum dia com classifica\u00e7\u00e3o \u201cm\u00e1\u201d. O tr\u00e2nsito de ve\u00edculos, uma das causas da polui\u00e7\u00e3o urbana, \u00e9 muito grande nas duas regi\u00f5es. Apesar disso, a proximidade com o mar e Ba\u00eda de Guanabara ajuda a dissipar os poluentes.<\/p>\n<p>Em Bangu, onde o MonitoAr registrou menos de 20% de dias de boa qualidade do ar, a geografia local pode ter a reposta para esse desempenho. O bairro est\u00e1 localizado entre duas cadeias de montanhas: o Maci\u00e7o da Pedra Branca, ao sul, e a Serra de Gericin\u00f3, ao norte. \u201cBangu est\u00e1 situado num vale. Isso dificulta a dispers\u00e3o dos poluentes, que acabam se concentrando\u201d, explica o ambientalista S\u00e9rgio Ricardo, p\u00f3s-graduado pela COPPE\/UFRJ.<\/p>\n<p>Julho foi o m\u00eas com os melhores \u00edndices, com nenhum dia de classifica\u00e7\u00e3o \u201cinadequada\u201d ou \u201cm\u00e1\u201d. J\u00e1 o m\u00eas de dezembro teve os piores resultados, com nenhum dia de qualidade boa e mais das metades das ocorr\u00eancias entre inadequada e m\u00e1. Segundo o MonitorAr Rio, a partir de 100 pontos no IQA, que indica classifica\u00e7\u00e3o inadequada na qualidade do ar, toda a popula\u00e7\u00e3o pode apresentar sintomas de tosse seca, cansa\u00e7o, ardor nos olhos, nariz e garganta, al\u00e9m de causar efeitos mais s\u00e9rios na sa\u00fade da popula\u00e7\u00e3o de grupos sens\u00edveis.<\/p>\n<p>Bangu faz parte da \u00c1rea de Planejamento 5 (AP5) da cidade, que corresponde \u00e0s regi\u00f5es administrativas da Zona Oeste de Realengo, Bangu, Campo Grande, Guaratiba e Santa Cruz. Junto com a AP3 (Zona Norte) correspondem \u00e0s \u00e1reas com menor presen\u00e7a de arboriza\u00e7\u00e3o na cidade. Al\u00e9m disso, a principal cobertura florestal da regi\u00e3o, o Parque Estadual da Pedra Branca, vem sido desmatada nas \u00faltimas d\u00e9cadas por conta do processo de ocupa\u00e7\u00e3o intensificado.<\/p>\n<p>Segundo estudo da Universidade de Aveiro, em Portugal, a presen\u00e7a de vegeta\u00e7\u00e3o \u00e9 uma forma eficaz de combate \u00e0 polui\u00e7\u00e3o no meio urbano, inclusive no que diz respeito ao oz\u00f4nio. \u201cO aumento da zona verde em \u00e1reas urbanas com grandes n\u00edveis de oz\u00f4nio pode ser uma estrat\u00e9gia vi\u00e1vel para ajudar a reduzir estas concentra\u00e7\u00f5es nessas \u00e1reas\u201d, afirma Ana L\u00facia Feitais Fernandes, na disserta\u00e7\u00e3o \u201c<a href=\"http:\/\/bit.ly\/11Bi1qA\">Os Impactos dos Espa\u00e7os Verdes na Qualidade do Ar<\/a>\u201d.<\/p>\n<p>Os dados do MonitorAr s\u00e3o um alerta para os \u00f3rg\u00e3os governamentais. Os \u00edndices de Bangu s\u00e3o os mais alarmantes no munic\u00edpio do Rio de Janeiro no que diz respeito \u00e0 qualidade do ar. O agravamento do quadro representa n\u00e3o s\u00f3 uma quest\u00e3o ambiental, mas um problema de sa\u00fade p\u00fablica.<\/p>\n<!-- AddThis Advanced Settings generic via filter on the_content --><!-- AddThis Share Buttons generic via filter on the_content -->","protected":false},"excerpt":{"rendered":"<div class=\"mh-excerpt\"><p>Segundo dados do MonitoAr-Rio, a esta\u00e7\u00e3o de monitoramento de ar de Bangu teve o pior desempenho do segundo semestre de 2012 dentre as nove esta\u00e7\u00f5es que abrangem a rede. No pior dia de polui\u00e7\u00e3o deste <a class=\"mh-excerpt-more\" href=\"https:\/\/rioonwatch.org.br\/?p=4845\" title=\"Bangu Tem a Pior Qualidade do Ar do Rio de Janeiro\">[&#8230;]<\/a><!-- AddThis Advanced Settings generic via filter on get_the_excerpt --><!-- AddThis Share Buttons generic via filter on get_the_excerpt --><\/p>\n<\/div>","protected":false},"author":132,"featured_media":4848,"comment_status":"closed","ping_status":"closed","sticky":false,"template":"","format":"standard","meta":{"_acf_changed":false,"_monsterinsights_skip_tracking":false,"_monsterinsights_sitenote_active":false,"_monsterinsights_sitenote_note":"","_monsterinsights_sitenote_category":0,"footnotes":""},"categories":[346],"tags":[583,582,235,106,581,404,184],"writer":[515],"translator":[],"source":[],"ilustrador":[],"fotografo":[],"class_list":{"0":"post-4845","1":"post","2":"type-post","3":"status-publish","4":"format-standard","5":"has-post-thumbnail","7":"category-denuncias","8":"tag-ap5","9":"tag-ar","10":"tag-bangu","11":"tag-meio-ambiente","12":"tag-poluicao","13":"tag-sustentabilidade","14":"tag-zona-oeste","15":"writer-paloma-silbar"},"acf":[],"yoast_head":"<!-- This site is optimized with the Yoast SEO plugin v25.6 - https:\/\/yoast.com\/wordpress\/plugins\/seo\/ -->\n<title>Bangu Tem a Pior Qualidade do Ar do Rio de Janeiro - RioOnWatch<\/title>\n<meta name=\"robots\" content=\"index, follow, max-snippet:-1, max-image-preview:large, max-video-preview:-1\" \/>\n<link rel=\"canonical\" href=\"https:\/\/rioonwatch.org.br\/?p=4845\" \/>\n<meta property=\"og:locale\" content=\"pt_BR\" \/>\n<meta property=\"og:type\" content=\"article\" \/>\n<meta property=\"og:title\" content=\"Bangu Tem a Pior Qualidade do Ar do Rio de Janeiro - RioOnWatch\" \/>\n<meta property=\"og:description\" content=\"Segundo dados do MonitoAr-Rio, a esta\u00e7\u00e3o de monitoramento de ar de Bangu teve o pior desempenho do segundo semestre de 2012 dentre as nove esta\u00e7\u00f5es que abrangem a rede. No pior dia de polui\u00e7\u00e3o deste [...]\" \/>\n<meta property=\"og:url\" content=\"https:\/\/rioonwatch.org.br\/?p=4845\" \/>\n<meta property=\"og:site_name\" content=\"RioOnWatch\" \/>\n<meta property=\"article:published_time\" content=\"2013-01-30T10:00:21+00:00\" \/>\n<meta property=\"article:modified_time\" content=\"2015-08-15T02:30:54+00:00\" \/>\n<meta property=\"og:image\" content=\"https:\/\/rioonwatch.org.br\/wp-content\/uploads\/2013\/01\/108_0382_opt.jpg\" \/>\n\t<meta property=\"og:image:width\" content=\"300\" \/>\n\t<meta property=\"og:image:height\" content=\"211\" \/>\n\t<meta property=\"og:image:type\" content=\"image\/jpeg\" \/>\n<meta name=\"author\" content=\"Felicity\" \/>\n<meta name=\"twitter:card\" content=\"summary_large_image\" \/>\n<meta name=\"twitter:label1\" content=\"Escrito por\" \/>\n\t<meta name=\"twitter:data1\" content=\"Felicity\" \/>\n\t<meta name=\"twitter:label2\" content=\"Est. tempo de leitura\" \/>\n\t<meta name=\"twitter:data2\" content=\"4 minutos\" \/>\n<script type=\"application\/ld+json\" class=\"yoast-schema-graph\">{\"@context\":\"https:\/\/schema.org\",\"@graph\":[{\"@type\":\"Article\",\"@id\":\"https:\/\/rioonwatch.org.br\/?p=4845#article\",\"isPartOf\":{\"@id\":\"https:\/\/rioonwatch.org.br\/?p=4845\"},\"author\":{\"name\":\"Felicity\",\"@id\":\"https:\/\/rioonwatch.org.br\/#\/schema\/person\/4d05cf5053c358ab740b3edd75a173f2\"},\"headline\":\"Bangu Tem a Pior Qualidade do Ar do Rio de Janeiro\",\"datePublished\":\"2013-01-30T10:00:21+00:00\",\"dateModified\":\"2015-08-15T02:30:54+00:00\",\"mainEntityOfPage\":{\"@id\":\"https:\/\/rioonwatch.org.br\/?p=4845\"},\"wordCount\":882,\"publisher\":{\"@id\":\"https:\/\/rioonwatch.org.br\/#organization\"},\"image\":{\"@id\":\"https:\/\/rioonwatch.org.br\/?p=4845#primaryimage\"},\"thumbnailUrl\":\"https:\/\/rioonwatch.org.br\/wp-content\/uploads\/2013\/01\/108_0382_opt.jpg\",\"keywords\":[\"AP5\",\"ar\",\"Bangu\",\"meio ambiente\",\"polui\u00e7\u00e3o\",\"sustentabilidade\",\"Zona Oeste\"],\"articleSection\":[\"Den\u00fancias\"],\"inLanguage\":\"pt-BR\"},{\"@type\":\"WebPage\",\"@id\":\"https:\/\/rioonwatch.org.br\/?p=4845\",\"url\":\"https:\/\/rioonwatch.org.br\/?p=4845\",\"name\":\"Bangu Tem a Pior Qualidade do Ar do Rio de Janeiro - RioOnWatch\",\"isPartOf\":{\"@id\":\"https:\/\/rioonwatch.org.br\/#website\"},\"primaryImageOfPage\":{\"@id\":\"https:\/\/rioonwatch.org.br\/?p=4845#primaryimage\"},\"image\":{\"@id\":\"https:\/\/rioonwatch.org.br\/?p=4845#primaryimage\"},\"thumbnailUrl\":\"https:\/\/rioonwatch.org.br\/wp-content\/uploads\/2013\/01\/108_0382_opt.jpg\",\"datePublished\":\"2013-01-30T10:00:21+00:00\",\"dateModified\":\"2015-08-15T02:30:54+00:00\",\"breadcrumb\":{\"@id\":\"https:\/\/rioonwatch.org.br\/?p=4845#breadcrumb\"},\"inLanguage\":\"pt-BR\",\"potentialAction\":[{\"@type\":\"ReadAction\",\"target\":[\"https:\/\/rioonwatch.org.br\/?p=4845\"]}]},{\"@type\":\"ImageObject\",\"inLanguage\":\"pt-BR\",\"@id\":\"https:\/\/rioonwatch.org.br\/?p=4845#primaryimage\",\"url\":\"https:\/\/rioonwatch.org.br\/wp-content\/uploads\/2013\/01\/108_0382_opt.jpg\",\"contentUrl\":\"https:\/\/rioonwatch.org.br\/wp-content\/uploads\/2013\/01\/108_0382_opt.jpg\",\"width\":300,\"height\":211,\"caption\":\"Vista do Maci\u00e7o da Pedra Branca do Bangu Shopping\"},{\"@type\":\"BreadcrumbList\",\"@id\":\"https:\/\/rioonwatch.org.br\/?p=4845#breadcrumb\",\"itemListElement\":[{\"@type\":\"ListItem\",\"position\":1,\"name\":\"In\u00edcio\",\"item\":\"https:\/\/rioonwatch.org.br\/\"},{\"@type\":\"ListItem\",\"position\":2,\"name\":\"Bangu Tem a Pior Qualidade do Ar do Rio de Janeiro\"}]},{\"@type\":\"WebSite\",\"@id\":\"https:\/\/rioonwatch.org.br\/#website\",\"url\":\"https:\/\/rioonwatch.org.br\/\",\"name\":\"RioOnWatch\",\"description\":\"relatos das favelas cariocas\",\"publisher\":{\"@id\":\"https:\/\/rioonwatch.org.br\/#organization\"},\"potentialAction\":[{\"@type\":\"SearchAction\",\"target\":{\"@type\":\"EntryPoint\",\"urlTemplate\":\"https:\/\/rioonwatch.org.br\/?s={search_term_string}\"},\"query-input\":{\"@type\":\"PropertyValueSpecification\",\"valueRequired\":true,\"valueName\":\"search_term_string\"}}],\"inLanguage\":\"pt-BR\"},{\"@type\":\"Organization\",\"@id\":\"https:\/\/rioonwatch.org.br\/#organization\",\"name\":\"RioOnWatch\",\"url\":\"https:\/\/rioonwatch.org.br\/\",\"logo\":{\"@type\":\"ImageObject\",\"inLanguage\":\"pt-BR\",\"@id\":\"https:\/\/rioonwatch.org.br\/#\/schema\/logo\/image\/\",\"url\":\"https:\/\/rioonwatch.org.br\/wp-content\/uploads\/2021\/06\/RioOnWatchcabecalhoPT11anos-2.png\",\"contentUrl\":\"https:\/\/rioonwatch.org.br\/wp-content\/uploads\/2021\/06\/RioOnWatchcabecalhoPT11anos-2.png\",\"width\":779,\"height\":277,\"caption\":\"RioOnWatch\"},\"image\":{\"@id\":\"https:\/\/rioonwatch.org.br\/#\/schema\/logo\/image\/\"}},{\"@type\":\"Person\",\"@id\":\"https:\/\/rioonwatch.org.br\/#\/schema\/person\/4d05cf5053c358ab740b3edd75a173f2\",\"name\":\"Felicity\",\"image\":{\"@type\":\"ImageObject\",\"inLanguage\":\"pt-BR\",\"@id\":\"https:\/\/rioonwatch.org.br\/#\/schema\/person\/image\/\",\"url\":\"https:\/\/secure.gravatar.com\/avatar\/bfc904486dc0bba6015410a00fe3fc27?s=96&d=blank&r=g\",\"contentUrl\":\"https:\/\/secure.gravatar.com\/avatar\/bfc904486dc0bba6015410a00fe3fc27?s=96&d=blank&r=g\",\"caption\":\"Felicity\"},\"url\":\"https:\/\/rioonwatch.org.br\/?author=132\"}]}<\/script>\n<!-- \/ Yoast SEO plugin. -->","yoast_head_json":{"title":"Bangu Tem a Pior Qualidade do Ar do Rio de Janeiro - RioOnWatch","robots":{"index":"index","follow":"follow","max-snippet":"max-snippet:-1","max-image-preview":"max-image-preview:large","max-video-preview":"max-video-preview:-1"},"canonical":"https:\/\/rioonwatch.org.br\/?p=4845","og_locale":"pt_BR","og_type":"article","og_title":"Bangu Tem a Pior Qualidade do Ar do Rio de Janeiro - RioOnWatch","og_description":"Segundo dados do MonitoAr-Rio, a esta\u00e7\u00e3o de monitoramento de ar de Bangu teve o pior desempenho do segundo semestre de 2012 dentre as nove esta\u00e7\u00f5es que abrangem a rede. No pior dia de polui\u00e7\u00e3o deste [...]","og_url":"https:\/\/rioonwatch.org.br\/?p=4845","og_site_name":"RioOnWatch","article_published_time":"2013-01-30T10:00:21+00:00","article_modified_time":"2015-08-15T02:30:54+00:00","og_image":[{"width":300,"height":211,"url":"https:\/\/rioonwatch.org.br\/wp-content\/uploads\/2013\/01\/108_0382_opt.jpg","type":"image\/jpeg"}],"author":"Felicity","twitter_card":"summary_large_image","twitter_misc":{"Escrito por":"Felicity","Est. tempo de leitura":"4 minutos"},"schema":{"@context":"https:\/\/schema.org","@graph":[{"@type":"Article","@id":"https:\/\/rioonwatch.org.br\/?p=4845#article","isPartOf":{"@id":"https:\/\/rioonwatch.org.br\/?p=4845"},"author":{"name":"Felicity","@id":"https:\/\/rioonwatch.org.br\/#\/schema\/person\/4d05cf5053c358ab740b3edd75a173f2"},"headline":"Bangu Tem a Pior Qualidade do Ar do Rio de Janeiro","datePublished":"2013-01-30T10:00:21+00:00","dateModified":"2015-08-15T02:30:54+00:00","mainEntityOfPage":{"@id":"https:\/\/rioonwatch.org.br\/?p=4845"},"wordCount":882,"publisher":{"@id":"https:\/\/rioonwatch.org.br\/#organization"},"image":{"@id":"https:\/\/rioonwatch.org.br\/?p=4845#primaryimage"},"thumbnailUrl":"https:\/\/rioonwatch.org.br\/wp-content\/uploads\/2013\/01\/108_0382_opt.jpg","keywords":["AP5","ar","Bangu","meio ambiente","polui\u00e7\u00e3o","sustentabilidade","Zona Oeste"],"articleSection":["Den\u00fancias"],"inLanguage":"pt-BR"},{"@type":"WebPage","@id":"https:\/\/rioonwatch.org.br\/?p=4845","url":"https:\/\/rioonwatch.org.br\/?p=4845","name":"Bangu Tem a Pior Qualidade do Ar do Rio de Janeiro - RioOnWatch","isPartOf":{"@id":"https:\/\/rioonwatch.org.br\/#website"},"primaryImageOfPage":{"@id":"https:\/\/rioonwatch.org.br\/?p=4845#primaryimage"},"image":{"@id":"https:\/\/rioonwatch.org.br\/?p=4845#primaryimage"},"thumbnailUrl":"https:\/\/rioonwatch.org.br\/wp-content\/uploads\/2013\/01\/108_0382_opt.jpg","datePublished":"2013-01-30T10:00:21+00:00","dateModified":"2015-08-15T02:30:54+00:00","breadcrumb":{"@id":"https:\/\/rioonwatch.org.br\/?p=4845#breadcrumb"},"inLanguage":"pt-BR","potentialAction":[{"@type":"ReadAction","target":["https:\/\/rioonwatch.org.br\/?p=4845"]}]},{"@type":"ImageObject","inLanguage":"pt-BR","@id":"https:\/\/rioonwatch.org.br\/?p=4845#primaryimage","url":"https:\/\/rioonwatch.org.br\/wp-content\/uploads\/2013\/01\/108_0382_opt.jpg","contentUrl":"https:\/\/rioonwatch.org.br\/wp-content\/uploads\/2013\/01\/108_0382_opt.jpg","width":300,"height":211,"caption":"Vista do Maci\u00e7o da Pedra Branca do Bangu Shopping"},{"@type":"BreadcrumbList","@id":"https:\/\/rioonwatch.org.br\/?p=4845#breadcrumb","itemListElement":[{"@type":"ListItem","position":1,"name":"In\u00edcio","item":"https:\/\/rioonwatch.org.br\/"},{"@type":"ListItem","position":2,"name":"Bangu Tem a Pior Qualidade do Ar do Rio de Janeiro"}]},{"@type":"WebSite","@id":"https:\/\/rioonwatch.org.br\/#website","url":"https:\/\/rioonwatch.org.br\/","name":"RioOnWatch","description":"relatos das favelas cariocas","publisher":{"@id":"https:\/\/rioonwatch.org.br\/#organization"},"potentialAction":[{"@type":"SearchAction","target":{"@type":"EntryPoint","urlTemplate":"https:\/\/rioonwatch.org.br\/?s={search_term_string}"},"query-input":{"@type":"PropertyValueSpecification","valueRequired":true,"valueName":"search_term_string"}}],"inLanguage":"pt-BR"},{"@type":"Organization","@id":"https:\/\/rioonwatch.org.br\/#organization","name":"RioOnWatch","url":"https:\/\/rioonwatch.org.br\/","logo":{"@type":"ImageObject","inLanguage":"pt-BR","@id":"https:\/\/rioonwatch.org.br\/#\/schema\/logo\/image\/","url":"https:\/\/rioonwatch.org.br\/wp-content\/uploads\/2021\/06\/RioOnWatchcabecalhoPT11anos-2.png","contentUrl":"https:\/\/rioonwatch.org.br\/wp-content\/uploads\/2021\/06\/RioOnWatchcabecalhoPT11anos-2.png","width":779,"height":277,"caption":"RioOnWatch"},"image":{"@id":"https:\/\/rioonwatch.org.br\/#\/schema\/logo\/image\/"}},{"@type":"Person","@id":"https:\/\/rioonwatch.org.br\/#\/schema\/person\/4d05cf5053c358ab740b3edd75a173f2","name":"Felicity","image":{"@type":"ImageObject","inLanguage":"pt-BR","@id":"https:\/\/rioonwatch.org.br\/#\/schema\/person\/image\/","url":"https:\/\/secure.gravatar.com\/avatar\/bfc904486dc0bba6015410a00fe3fc27?s=96&d=blank&r=g","contentUrl":"https:\/\/secure.gravatar.com\/avatar\/bfc904486dc0bba6015410a00fe3fc27?s=96&d=blank&r=g","caption":"Felicity"},"url":"https:\/\/rioonwatch.org.br\/?author=132"}]}},"_links":{"self":[{"href":"https:\/\/rioonwatch.org.br\/index.php?rest_route=\/wp\/v2\/posts\/4845"}],"collection":[{"href":"https:\/\/rioonwatch.org.br\/index.php?rest_route=\/wp\/v2\/posts"}],"about":[{"href":"https:\/\/rioonwatch.org.br\/index.php?rest_route=\/wp\/v2\/types\/post"}],"author":[{"embeddable":true,"href":"https:\/\/rioonwatch.org.br\/index.php?rest_route=\/wp\/v2\/users\/132"}],"replies":[{"embeddable":true,"href":"https:\/\/rioonwatch.org.br\/index.php?rest_route=%2Fwp%2Fv2%2Fcomments&post=4845"}],"version-history":[{"count":13,"href":"https:\/\/rioonwatch.org.br\/index.php?rest_route=\/wp\/v2\/posts\/4845\/revisions"}],"predecessor-version":[{"id":15865,"href":"https:\/\/rioonwatch.org.br\/index.php?rest_route=\/wp\/v2\/posts\/4845\/revisions\/15865"}],"wp:featuredmedia":[{"embeddable":true,"href":"https:\/\/rioonwatch.org.br\/index.php?rest_route=\/wp\/v2\/media\/4848"}],"wp:attachment":[{"href":"https:\/\/rioonwatch.org.br\/index.php?rest_route=%2Fwp%2Fv2%2Fmedia&parent=4845"}],"wp:term":[{"taxonomy":"category","embeddable":true,"href":"https:\/\/rioonwatch.org.br\/index.php?rest_route=%2Fwp%2Fv2%2Fcategories&post=4845"},{"taxonomy":"post_tag","embeddable":true,"href":"https:\/\/rioonwatch.org.br\/index.php?rest_route=%2Fwp%2Fv2%2Ftags&post=4845"},{"taxonomy":"writer","embeddable":true,"href":"https:\/\/rioonwatch.org.br\/index.php?rest_route=%2Fwp%2Fv2%2Fwriter&post=4845"},{"taxonomy":"translator","embeddable":true,"href":"https:\/\/rioonwatch.org.br\/index.php?rest_route=%2Fwp%2Fv2%2Ftranslator&post=4845"},{"taxonomy":"source","embeddable":true,"href":"https:\/\/rioonwatch.org.br\/index.php?rest_route=%2Fwp%2Fv2%2Fsource&post=4845"},{"taxonomy":"ilustrador","embeddable":true,"href":"https:\/\/rioonwatch.org.br\/index.php?rest_route=%2Fwp%2Fv2%2Filustrador&post=4845"},{"taxonomy":"fotografo","embeddable":true,"href":"https:\/\/rioonwatch.org.br\/index.php?rest_route=%2Fwp%2Fv2%2Ffotografo&post=4845"}],"curies":[{"name":"wp","href":"https:\/\/api.w.org\/{rel}","templated":true}]}}