{"id":48532,"date":"2020-06-30T11:27:38","date_gmt":"2020-06-30T14:27:38","guid":{"rendered":"https:\/\/rioonwatch.org.br\/?p=48532"},"modified":"2020-07-08T13:54:30","modified_gmt":"2020-07-08T16:54:30","slug":"enquanto-o-brasil-ignora-as-orientacoes-da-oms-sobre-como-notificar-covid-19-belgica-demonstra-melhores-praticas-2","status":"publish","type":"post","link":"https:\/\/rioonwatch.org.br\/?p=48532","title":{"rendered":"Brasil Ignora Orienta\u00e7\u00f5es da OMS de Como Notificar Covid-19, B\u00e9lgica Demonstra Melhores Pr\u00e1ticas"},"content":{"rendered":"<p style=\"text-align: right;\"><em><strong><a href=\"https:\/\/bit.ly\/37XOIEW\" target=\"_blank\" rel=\"noopener noreferrer\">Click Here for English<\/a><a href=\"https:\/\/bit.ly\/37XOIEW\" target=\"_blank\" rel=\"noopener noreferrer\"><img decoding=\"async\" width=\"20\" height=\"20\" class=\"alignright wp-image-15790\" src=\"http:\/\/rioonwatch.org.br\/wp-content\/uploads\/2012\/08\/EN-standard-e1439583104716.jpg\" \/><\/a><\/strong><\/em><\/p>\n<p>Esta \u00e9 a nossa mais recente mat\u00e9ria sobre\u00a0<a href=\"http:\/\/bit.ly\/Covid19NasFavelas\" target=\"_blank\" rel=\"noopener noreferrer\">o novo coronav\u00edrus e seus impactos nas favelas<\/a>.<\/p>\n<p>Em 12 de junho, o Brasil ultrapassou o Reino Unido e desde ent\u00e3o det\u00e9m o <a href=\"https:\/\/bit.ly\/2x6VM4f\" target=\"_blank\" rel=\"noopener noreferrer\">segundo maior n\u00famero de mortos por Covid-19 do mundo<\/a>. Na \u00faltima semana, por\u00e9m, o n\u00famero de novos casos por dia come\u00e7ou a competir ativamente com o n\u00famero de novos casos do pa\u00eds em primeiro lugar de mortes, os EUA (<a href=\"https:\/\/bit.ly\/3dTg0Ot\" target=\"_blank\" rel=\"noopener noreferrer\">veja gr\u00e1fico abaixo<\/a>), um pa\u00eds com uma popula\u00e7\u00e3o de 120 milh\u00f5es a mais do que o Brasil. E, no entanto, em meio a preocupa\u00e7\u00f5es acerca de <a href=\"https:\/\/bit.ly\/2T3HEQW\" target=\"_blank\" rel=\"noopener noreferrer\">subnotifica\u00e7\u00f5es<\/a> generalizadas\u2014especialmente nas favelas e periferias\u2014os verdadeiros n\u00fameros da doen\u00e7a no pa\u00eds podem superar em muito o registro oficial de 58.385 mortes e 1,37 milh\u00e3o de casos confirmados (em 30 de junho). Essas preocupa\u00e7\u00f5es sobre contagem e subnotifica\u00e7\u00f5es ganharam nova urg\u00eancia desde que o governo federal tomou medidas para modificar e depois restringir a publica\u00e7\u00e3o de dados sobre a Covid-19 em n\u00edvel nacional. O mesmo tamb\u00e9m foi feito no <a href=\"https:\/\/bit.ly\/2ZFvpym\" target=\"_blank\" rel=\"noopener noreferrer\">munic\u00edpio do Rio de Janeiro<\/a>.<\/p>\n<figure id=\"attachment_48530\" aria-describedby=\"caption-attachment-48530\" style=\"width: 620px\" class=\"wp-caption aligncenter\"><a href=\"https:\/\/rioonwatch.org.br\/wp-content\/uploads\/2020\/06\/Mapa-de-novos-casos-de-Covid-pelo-mundo-atualizado-em-30-de-junho.-Por-Johns-Hopkins-University.png\" target=\"_blank\" rel=\"noopener noreferrer\"><img fetchpriority=\"high\" decoding=\"async\" class=\"wp-image-48530\" title=\"Mapa de novos casos pelo mundo. Atualizado em 30 de junho de 2020. Por: Johns Hopkins University\" src=\"https:\/\/rioonwatch.org.br\/wp-content\/uploads\/2020\/06\/Mapa-de-novos-casos-de-Covid-pelo-mundo-atualizado-em-30-de-junho.-Por-Johns-Hopkins-University.png\" alt=\"Mapa de novos casos pelo mundo. Atualizado em 30 de junho de 2020. Por: Johns Hopkins University\" width=\"620\" height=\"441\" srcset=\"https:\/\/rioonwatch.org.br\/wp-content\/uploads\/2020\/06\/Mapa-de-novos-casos-de-Covid-pelo-mundo-atualizado-em-30-de-junho.-Por-Johns-Hopkins-University.png 1487w, https:\/\/rioonwatch.org.br\/wp-content\/uploads\/2020\/06\/Mapa-de-novos-casos-de-Covid-pelo-mundo-atualizado-em-30-de-junho.-Por-Johns-Hopkins-University-620x441.png 620w, https:\/\/rioonwatch.org.br\/wp-content\/uploads\/2020\/06\/Mapa-de-novos-casos-de-Covid-pelo-mundo-atualizado-em-30-de-junho.-Por-Johns-Hopkins-University-1024x729.png 1024w, https:\/\/rioonwatch.org.br\/wp-content\/uploads\/2020\/06\/Mapa-de-novos-casos-de-Covid-pelo-mundo-atualizado-em-30-de-junho.-Por-Johns-Hopkins-University-371x264.png 371w, https:\/\/rioonwatch.org.br\/wp-content\/uploads\/2020\/06\/Mapa-de-novos-casos-de-Covid-pelo-mundo-atualizado-em-30-de-junho.-Por-Johns-Hopkins-University-768x546.png 768w\" sizes=\"(max-width: 620px) 100vw, 620px\" \/><\/a><figcaption id=\"caption-attachment-48530\" class=\"wp-caption-text\">Mapa de novos casos pelo mundo. Atualizado em 30 de junho de 2020. Por: Johns Hopkins University<\/figcaption><\/figure>\n<h3><strong>Uma Breve Hist\u00f3ria da Metodologia de Notifica\u00e7\u00f5es de Casos e Mortes por Covid-19 no Brasil<\/strong><\/h3>\n<p>Em 6 de junho, o Minist\u00e9rio da Sa\u00fade tentou, fundamentalmente, mudar <a href=\"https:\/\/bit.ly\/3hxdhx7\" target=\"_blank\" rel=\"noopener noreferrer\">a metodologia de notifica\u00e7\u00f5es de casos e mortes no Brasil<\/a>. O \u00f3rg\u00e3o executivo retirou meses de dados do painel oficial, removendo o n\u00famero total de casos e mortes confirmados da Covid-19 desde o in\u00edcio da pandemia, deixando apenas o total di\u00e1rio de novos casos e mortes confirmados por coronav\u00edrus nas \u00faltimas 24 horas.<\/p>\n<p>Justificando a escolha de remover o total acumulado de casos e mortes confirmados por Covid-19, o <a href=\"https:\/\/bit.ly\/3hxdhx7\" target=\"_blank\" rel=\"noopener noreferrer\">Minist\u00e9rio da Sa\u00fade disse<\/a> que &#8220;o novo modelo de divulga\u00e7\u00e3o de informa\u00e7\u00f5es sobre a Covid-19 abordar\u00e1 o cen\u00e1rio atual da doen\u00e7a&#8221;, porque &#8220;na divulga\u00e7\u00e3o, puramente, do ac\u00famulo de casos&#8230; \u00e9 muito dif\u00edcil verificar as mudan\u00e7as dos cen\u00e1rios regionais, estaduais e municipais\u201d. O apag\u00e3o ocorreu mesmo em desacordo com as <a href=\"https:\/\/bit.ly\/2Y8ctXE\" target=\"_blank\" rel=\"noopener noreferrer\">orienta\u00e7\u00f5es das estrat\u00e9gias de vigil\u00e2ncia da Organiza\u00e7\u00e3o Mundial da Sa\u00fade (OMS)<\/a>, obscurecendo a compreens\u00e3o da progress\u00e3o e evolu\u00e7\u00e3o geral da pandemia.<\/p>\n<p>O Minist\u00e9rio da Sa\u00fade tamb\u00e9m parou de compilar os dados de mortes por Covid-19 de acordo com a data em que a morte foi registrada, <a href=\"https:\/\/bit.ly\/3fa00Z9\" target=\"_blank\" rel=\"noopener noreferrer\">como \u00e9 comum na maioria dos pa\u00edses<\/a>, para compilar dados de mortes por Covid-19 de acordo com a data em que a morte ocorreu. <span style=\"font-weight: 400;\">O <a href=\"https:\/\/bit.ly\/2N5cJAj\" target=\"_blank\" rel=\"noopener noreferrer\">Minist\u00e9rio considerou<\/a> que a troca era necess\u00e1ria porque o sistema aceito internacionalmente levou \u00e0 publica\u00e7\u00e3o de &#8220;casos de resultados laboratoriais de mortes registradas h\u00e1 semanas, mas que contam para a contabilidade do dia&#8221;.<\/span><\/p>\n<p>O efeito foi uma redu\u00e7\u00e3o dr\u00e1stica nas mortes relatadas por Covid-19. Segundo <a href=\"https:\/\/bit.ly\/2UQHJbx\" target=\"_blank\" rel=\"noopener noreferrer\">estimativas da <em>Folha de S\u00e3o Paulo<\/em><\/a>, a troca deixou pelo menos 44% das mortes por coronav\u00edrus de fora das publica\u00e7\u00f5es oficiais de dados, pois a confirma\u00e7\u00e3o da Covid-19 geralmente s\u00f3 fica dispon\u00edvel <em>post-mortem<\/em>. A mesma an\u00e1lise tamb\u00e9m aponta para interfer\u00eancia pol\u00edtica, observando que \u201co governo come\u00e7ou a falar em mudar a metodologia de divulga\u00e7\u00e3o ap\u00f3s o Brasil bater recordes seguidos de mortes\u201d.<\/p>\n<p><img decoding=\"async\" class=\"aligncenter wp-image-48423 size-medium\" title=\"Ministro do\u00a0Supremo Tribunal Federal (STF) Alexandre de Moraes. Foto: Folhapress\" src=\"https:\/\/rioonwatch.org.br\/wp-content\/uploads\/2020\/06\/A-Question-of-Methodology_Divergent-Methods-and-Conflicting-Outcomes-in-Brazils-Covid-19-Coverage-5-620x413.jpeg\" alt=\"\" width=\"620\" height=\"413\" srcset=\"https:\/\/rioonwatch.org.br\/wp-content\/uploads\/2020\/06\/A-Question-of-Methodology_Divergent-Methods-and-Conflicting-Outcomes-in-Brazils-Covid-19-Coverage-5-620x413.jpeg 620w, https:\/\/rioonwatch.org.br\/wp-content\/uploads\/2020\/06\/A-Question-of-Methodology_Divergent-Methods-and-Conflicting-Outcomes-in-Brazils-Covid-19-Coverage-5-396x264.jpeg 396w, https:\/\/rioonwatch.org.br\/wp-content\/uploads\/2020\/06\/A-Question-of-Methodology_Divergent-Methods-and-Conflicting-Outcomes-in-Brazils-Covid-19-Coverage-5.jpeg 768w\" sizes=\"(max-width: 620px) 100vw, 620px\" \/><\/p>\n<p><a href=\"https:\/\/bit.ly\/3fa00Z9\" target=\"_blank\" rel=\"noopener noreferrer\">Em 8 de junho<\/a>, o ministro do\u00a0Supremo Tribunal Federal (<wbr \/>STF) Alexandre de Moraes, ordenou que o Minist\u00e9rio da Sa\u00fade retornasse aos m\u00e9todos anteriores de publica\u00e7\u00e3o de dados, dizendo que \u201ca\u00a0 consagra\u00e7\u00e3o constitucional de publicidade e transpar\u00eancia corresponde a obrigatoriedade do Estado em fornecer as informa\u00e7\u00f5es necess\u00e1rias \u00e0 sociedade&#8221;.<\/p>\n<p>Embora a crise tenha durado pouco, a resposta da sociedade e a rea\u00e7\u00e3o internacional destacaram a import\u00e2ncia cr\u00edtica da publica\u00e7\u00e3o de dados precisos no Brasil. Altera\u00e7\u00f5es na <a href=\"https:\/\/bit.ly\/3hxdhx7\" target=\"_blank\" rel=\"noopener noreferrer\">metodologia de notifica\u00e7\u00f5es<\/a> moldam as informa\u00e7\u00f5es dispon\u00edveis para profissionais de sa\u00fade, formuladores de pol\u00edticas e a popula\u00e7\u00e3o em geral, alterando a capacidade de todos de tomar decis\u00f5es.<\/p>\n<h3><strong>Os Impactos das Defini\u00e7\u00f5es de Caso na Metodologia de Notifica\u00e7\u00e3o da Covid-19<\/strong><\/h3>\n<p>A notifica\u00e7\u00e3o de dados da Covid-19 come\u00e7a com a contagem de casos. A OMS usa um <a href=\"https:\/\/bit.ly\/3hFOMO2\" target=\"_blank\" rel=\"noopener noreferrer\">sistema de tr\u00eas n\u00edveis para contar e notificar casos da Covid-19<\/a>: suspeitos, prov\u00e1veis e confirmados, com o \u00faltimo n\u00edvel definido como sendo o de \u201cpessoa com confirma\u00e7\u00e3o laboratorial da infec\u00e7\u00e3o por Covid-19, independentemente de sinais e sintomas cl\u00ednicos\u201d. Essa \u00e9 a \u00fanica camada do sistema de notifica\u00e7\u00e3o de casos que se baseia nos resultados dos testes de laborat\u00f3rio para confirmar a presen\u00e7a do v\u00edrus, e \u00e9 apenas uma parte da equa\u00e7\u00e3o dos dados, quando se trata de fornecer informa\u00e7\u00f5es para a formula\u00e7\u00e3o eficaz de pol\u00edticas p\u00fablicas.<\/p>\n<p>Para as outras cinco defini\u00e7\u00f5es da OMS (tr\u00eas para casos suspeitos e duas para casos prov\u00e1veis), s\u00e3o necess\u00e1rias observa\u00e7\u00f5es cl\u00ednicas dos sintomas para confirmar ou negar a possibilidade ou probabilidade do v\u00edrus. No contexto da escassez global de capacidade de teste, os resultados das observa\u00e7\u00f5es cl\u00ednicas tornam-se fundamentais.<\/p>\n<p><a href=\"https:\/\/bit.ly\/30OuTi5\" target=\"_blank\" rel=\"noopener noreferrer\">O Brasil utiliza um sistema de duas camadas<\/a>, contando apenas casos suspeitos e confirmados. Os casos &#8220;confirmados&#8221;, como recomenda a OMS, requerem a confirma\u00e7\u00e3o de testes laboratoriais. Profissionais de sa\u00fade e institui\u00e7\u00f5es de unidades de sa\u00fade do setor p\u00fablico e privado s\u00e3o obrigados a relatar todos os casos suspeitos e confirmados \u00e0s autoridades de sa\u00fade. No entanto, no Brasil, apenas casos confirmados est\u00e3o sendo publicados em pain\u00e9is de dados oficiais.<\/p>\n<p>Como apenas os casos confirmados s\u00e3o publicados nos pain\u00e9is oficiais, e os casos s\u00f3 podem ser notificados como confirmados por testes laboratoriais, a capacidade de realizar teste da Covid-19 no Brasil \u00e9 crucial. No entanto, o pa\u00eds <a href=\"https:\/\/glo.bo\/3fAbwgJ\" target=\"_blank\" rel=\"noopener noreferrer\">testa severamente menos do que deveria<\/a> desde o in\u00edcio da pandemia. A OMS recomenda que os pa\u00edses realizem testes suficientes, de modo que uma m\u00e9dia de 5% dos testes retorne positivo diariamente\u2014o Brasil, em m\u00e9dia, possui uma taxa positiva de 36,7%. Ou seja: apenas os casos mais dram\u00e1ticos e vis\u00edveis est\u00e3o sendo testados.<\/p>\n<p>O relat\u00f3rio tamb\u00e9m aponta que nem todos os laborat\u00f3rios que realizam testes est\u00e3o registrados no sistema no qual o Minist\u00e9rio da Sa\u00fade recebe os resultados, o que significa que o Minist\u00e9rio n\u00e3o est\u00e1 acessando todos os dados dispon\u00edveis da Covid-19.<\/p>\n<figure id=\"attachment_48424\" aria-describedby=\"caption-attachment-48424\" style=\"width: 620px\" class=\"wp-caption aligncenter\"><img loading=\"lazy\" decoding=\"async\" class=\"wp-image-48424 size-medium\" title=\"M\u00e9dia de testes Covid-19 para cada 100 mil habitantes - as taxas levam em considera\u00e7\u00e3o os testes realizados at\u00e9 29 de maio de 2020. Foto: G1\" src=\"https:\/\/rioonwatch.org.br\/wp-content\/uploads\/2020\/06\/A-Question-of-Methodology_Divergent-Methods-and-Conflicting-Outcomes-in-Brazils-Covid-19-Coverage-3-620x420.jpg\" alt=\"\" width=\"620\" height=\"420\" srcset=\"https:\/\/rioonwatch.org.br\/wp-content\/uploads\/2020\/06\/A-Question-of-Methodology_Divergent-Methods-and-Conflicting-Outcomes-in-Brazils-Covid-19-Coverage-3-620x420.jpg 620w, https:\/\/rioonwatch.org.br\/wp-content\/uploads\/2020\/06\/A-Question-of-Methodology_Divergent-Methods-and-Conflicting-Outcomes-in-Brazils-Covid-19-Coverage-3-389x264.jpg 389w, https:\/\/rioonwatch.org.br\/wp-content\/uploads\/2020\/06\/A-Question-of-Methodology_Divergent-Methods-and-Conflicting-Outcomes-in-Brazils-Covid-19-Coverage-3-768x521.jpg 768w, https:\/\/rioonwatch.org.br\/wp-content\/uploads\/2020\/06\/A-Question-of-Methodology_Divergent-Methods-and-Conflicting-Outcomes-in-Brazils-Covid-19-Coverage-3.jpg 984w\" sizes=\"(max-width: 620px) 100vw, 620px\" \/><figcaption id=\"caption-attachment-48424\" class=\"wp-caption-text\">O dia 29 de maio de 2020 \u00e9 o \u00faltimo dado de testes que o &#8220;Our World in Data&#8221; possui para o Brasil. Fonte: <em>G1<\/em><\/figcaption><\/figure>\n<h3><strong>Influ\u00eancia Pol\u00edtica na Metodologia de Notifica\u00e7\u00e3o da Covid-19<\/strong><\/h3>\n<p>Em uma <a href=\"https:\/\/bit.ly\/2A8p9V7\" target=\"_blank\" rel=\"noopener noreferrer\">grava\u00e7\u00e3o da reuni\u00e3o ministerial de 22 de abril<\/a>, o Presidente Jair Bolsonaro disse aos ministros e membros do governo para que <a href=\"https:\/\/bit.ly\/2ZFvpym\" target=\"_blank\" rel=\"noopener noreferrer\">enfatizassem as comorbidades dos pacientes ao registrar as mortes por Covid-19<\/a>, a fim de diminuir os n\u00fameros oficiais publicados como Covid-19.<\/p>\n<p>O objetivo central das <a href=\"https:\/\/bit.ly\/2YaXZXh\" target=\"_blank\" rel=\"noopener noreferrer\">Diretrizes Internacionais da OMS para Certifica\u00e7\u00e3o e Classifica\u00e7\u00e3o (Codifica\u00e7\u00e3o) de Covid-19 como Causa da Morte<\/a> orienta &#8220;identificar todas as mortes por Covid-19&#8221; para facilitar um sistema inclusivo para a pr\u00e1tica de notifica\u00e7\u00e3o de mortes em publica\u00e7\u00e3o oficial:<\/p>\n<blockquote><p>Uma morte \u00e9 definida como sendo por Covid-19, para fins de vigil\u00e2ncia, quando se trata de uma morte resultante de uma doen\u00e7a clinicamente compat\u00edvel, em um caso prov\u00e1vel ou confirmado da Covid-19, a menos que exista uma causa alternativa clara de morte que n\u00e3o possa estar relacionada \u00e0 doen\u00e7a da Covid (por exemplo, trauma). N\u00e3o deve haver per\u00edodo de recupera\u00e7\u00e3o completa da Covid-19 entre doen\u00e7a e morte.<\/p><\/blockquote>\n<p>O sistema de notifica\u00e7\u00f5es da OMS n\u00e3o permite que mortes por Covid-19 sejam atribu\u00eddas a comorbidades. Em vez disso, especifica uma maneira de mapear uma cadeia de eventos cl\u00ednicos para determinar a sequ\u00eancia causal que leva \u00e0 morte e, destacar claramente a causa subjacente da morte. O sistema permite que o hist\u00f3rico m\u00e9dico do paciente seja documentado com a maior precis\u00e3o poss\u00edvel durante o curso da(s) doen\u00e7a(s). Se um paciente tiver comorbidades, o sistema as registrar\u00e1 em uma se\u00e7\u00e3o separada do formul\u00e1rio. Nesses casos, a morte \u00e9 sempre classificada como &#8220;suspeita \u00e0 COVID-19&#8221;.<\/p>\n<p><img loading=\"lazy\" decoding=\"async\" class=\"aligncenter size-content wp-image-48425\" src=\"https:\/\/rioonwatch.org.br\/wp-content\/uploads\/2020\/06\/A-Question-of-Methodology_Divergent-Methods-and-Conflicting-Outcomes-in-Brazils-Covid-19-Coverage-1-620x264.png\" alt=\"\" width=\"620\" height=\"264\" srcset=\"https:\/\/rioonwatch.org.br\/wp-content\/uploads\/2020\/06\/A-Question-of-Methodology_Divergent-Methods-and-Conflicting-Outcomes-in-Brazils-Covid-19-Coverage-1-620x264.png 620w, https:\/\/rioonwatch.org.br\/wp-content\/uploads\/2020\/06\/A-Question-of-Methodology_Divergent-Methods-and-Conflicting-Outcomes-in-Brazils-Covid-19-Coverage-1-940x400.png 940w\" sizes=\"(max-width: 620px) 100vw, 620px\" \/><\/p>\n<p>Em uma tradu\u00e7\u00e3o <a href=\"https:\/\/bit.ly\/2Y8KJ5l\" target=\"_blank\" rel=\"noopener noreferrer\">quase direta do documento<\/a>, o Minist\u00e9rio da Sa\u00fade brasileiro incluiu em sua orienta\u00e7\u00e3o, imitada da OMS, uma modifica\u00e7\u00e3o nas instru\u00e7\u00f5es. A mudan\u00e7a \u00e9 relevante para a <a href=\"https:\/\/bit.ly\/2ZFvpym\" target=\"_blank\" rel=\"noopener noreferrer\">solicita\u00e7\u00e3o do presidente<\/a> de que &#8220;quem tem o direito, o respectivo minist\u00e9rio&#8221; inclua menos mortes por Covid-19 em relat\u00f3rios oficiais. As diretrizes declaram: \u201cSe, no momento do preenchimento da Declara\u00e7\u00e3o de \u00d3bito, a causa da morte ainda n\u00e3o estiver confirmada para Covid-19, mas houver suspei\u00e7\u00e3o, o m\u00e9dico dever\u00e1 registrar o termo \u201csuspeita de Covid-19\u201d na parte I&#8221;.<\/p>\n<p>As diretrizes brasileiras explicam que a \u201crecomenda\u00e7\u00e3o para o preenchimento de \u201csuspeita de Covid-19\u201d \u00e9 internacional e visa capturar todas as mortes poss\u00edveis pela doen\u00e7a\u201d, mas que, no final das contas, no Brasil:<\/p>\n<blockquote><p>A confirma\u00e7\u00e3o ou descarte da Covid-19 ficar\u00e1 sob a responsabilidade das Secretarias Municipais e\/ou Estaduais de Sa\u00fade.<\/p><\/blockquote>\n<p>As informa\u00e7\u00f5es que permanecem ap\u00f3s esse processo inicial de classifica\u00e7\u00e3o s\u00e3o ent\u00e3o repassadas ao Minist\u00e9rio da Sa\u00fade, que \u201cconsolida\u201d os dados antes de public\u00e1-los todos os dias. O Minist\u00e9rio n\u00e3o publica suspeitas de mortes por Covid-19 em seus pain\u00e9is oficiais de dados, mas o sequenciamento desse tipo de extra\u00e7\u00e3o de dados demonstra que h\u00e1 um leque de op\u00e7\u00f5es dispon\u00edveis para as autoridades p\u00fablicas definirem os n\u00fameros publicados, tornando poss\u00edvel diminuir o impacto da pandemia.<\/p>\n<h3><strong>Melhores Pr\u00e1ticas da B\u00e9lgica<\/strong><\/h3>\n<p><span style=\"font-weight: 400;\">J\u00e1 o modelo de abordagem usado na B\u00e9lgica, <\/span><span style=\"font-weight: 400;\">pode ser visto como uma volta de 180\u00b0 em rela\u00e7\u00e3o ao utilizado\u00a0 no Brasil. Na B\u00e9lgica a institui\u00e7\u00e3o de sa\u00fade p\u00fablica <a href=\"https:\/\/bit.ly\/3dbUfc3\" target=\"_blank\" rel=\"noopener noreferrer\">Sciensano<\/a>, respons\u00e1vel pela resposta \u00e0 Covid-19 no pa\u00eds, usa uma <a href=\"https:\/\/bit.ly\/2UTxjbb\" target=\"_blank\" rel=\"noopener noreferrer\">vers\u00e3o simplificada<\/a> das defini\u00e7\u00f5es de casos da OMS para vigil\u00e2ncia, a fim de permitir uma maior taxa de notifica\u00e7\u00f5es para fornecer uma quantidade m\u00e1xima de dados. Al\u00e9m disso, na B\u00e9lgica, \u00e9 <a href=\"https:\/\/bit.ly\/2Y8NWlq\" target=\"_blank\" rel=\"noopener noreferrer\">obrigat\u00f3rio que os profissionais e institui\u00e7\u00f5es de sa\u00fade declarem<\/a> &#8220;todos os casos poss\u00edveis&#8221;. O sistema Sciensano identifica &#8220;o n\u00famero de casos, confirmados ou n\u00e3o&#8221; e &#8220;o n\u00famero de mortes, suspeitas ou confirmadas&#8221; <a href=\"https:\/\/bit.ly\/2YDm8o4\" target=\"_blank\" rel=\"noopener noreferrer\">para a coleta e an\u00e1lise de dados<\/a>. A <a href=\"https:\/\/on.wsj.com\/3fT9rfZ\" target=\"_blank\" rel=\"noopener noreferrer\">abordagem da B\u00e9lgica tem sido apontada<\/a> como a que fornece a <a href=\"https:\/\/bit.ly\/2Vseyfq\" target=\"_blank\" rel=\"noopener noreferrer\">contabilidade mais precisa do v\u00edrus<\/a>.<\/span><\/p>\n<p><a href=\"https:\/\/bit.ly\/2CJU37m\" target=\"_blank\" rel=\"noopener noreferrer\">Sciensano publica casos suspeitos da Covid-19<\/a> dentro e fora de hospitais em seus n\u00fameros oficiais. Isso ocorre porque eles consideram os casos suspeitos t\u00e3o importantes quanto os casos confirmados. Na aus\u00eancia de testes completos, <a href=\"https:\/\/bit.ly\/2BcNkSJ\" target=\"_blank\" rel=\"noopener noreferrer\">a contagem de casos suspeitos \u00e9 a melhor forma<\/a> para estimar os casos com precis\u00e3o. A B\u00e9lgica procurou evitar subestimar os casos e mortes por Covid-19 como objetivo principal. O <a href=\"https:\/\/bit.ly\/3hDqK6r\" target=\"_blank\" rel=\"noopener noreferrer\">Sciensano considera<\/a> sua metodologia de coleta um &#8220;padr\u00e3o de boa pr\u00e1tica&#8221; para registrar casos confirmados e suspeitos, seguindo as <a href=\"https:\/\/bit.ly\/3ecoYa9\" target=\"_blank\" rel=\"noopener noreferrer\">recomenda\u00e7\u00f5es da OMS<\/a> e do Centro Europeu de Preven\u00e7\u00e3o e Controle de Doen\u00e7as.<\/p>\n<p>O resultado da metodologia inclusiva de contagem e notifica\u00e7\u00e3o da B\u00e9lgica \u00e9 que o pa\u00eds tem <a href=\"https:\/\/bit.ly\/2Vseyfq\" target=\"_blank\" rel=\"noopener noreferrer\">taxas muito altas de casos e mortes por Covid-19<\/a> para o tamanho da popula\u00e7\u00e3o. A primeira-ministra Sophie Wilm\u00e8s explica que a B\u00e9lgica &#8220;escolheu a maior transpar\u00eancia na comunica\u00e7\u00e3o de mortes relacionadas \u00e0 Covid-19&#8221;.<\/p>\n<p><a href=\"https:\/\/rioonwatch.org.br\/wp-content\/uploads\/2020\/06\/A-Question-of-Methodology_Divergent-Methods-and-Conflicting-Outcomes-in-Brazils-Covid-19-Coverage-7.png\"><img loading=\"lazy\" decoding=\"async\" class=\"aligncenter wp-image-48426 size-content\" title=\"Ainda na reuni\u00e3o em v\u00eddeo em que o presidente Jair Bolsonaro disse aos ministros e membros do governo que enfatizassem as comorbidades dos pacientes ao registrar as mortes por Covid-19. Fonte: UOL\" src=\"https:\/\/rioonwatch.org.br\/wp-content\/uploads\/2020\/06\/A-Question-of-Methodology_Divergent-Methods-and-Conflicting-Outcomes-in-Brazils-Covid-19-Coverage-7-620x264.png\" alt=\"\" width=\"620\" height=\"264\" srcset=\"https:\/\/rioonwatch.org.br\/wp-content\/uploads\/2020\/06\/A-Question-of-Methodology_Divergent-Methods-and-Conflicting-Outcomes-in-Brazils-Covid-19-Coverage-7-620x264.png 620w, https:\/\/rioonwatch.org.br\/wp-content\/uploads\/2020\/06\/A-Question-of-Methodology_Divergent-Methods-and-Conflicting-Outcomes-in-Brazils-Covid-19-Coverage-7-940x400.png 940w\" sizes=\"(max-width: 620px) 100vw, 620px\" \/><\/a><\/p>\n<p>Por outro lado, o Presidente Jair Bolsonaro <a href=\"https:\/\/bit.ly\/2zNpSv2\" target=\"_blank\" rel=\"noopener noreferrer\">insiste constantemente<\/a> que os dados da Covid-19 s\u00e3o inflados no pa\u00eds. Em vez de enfrentar a pandemia com transpar\u00eancia no estilo belga, o governo optou por desrespeitar as orienta\u00e7\u00f5es da OMS sobre as estrat\u00e9gias de vigil\u00e2ncia da Covid-19. Em meio a acusa\u00e7\u00f5es de subnotifica\u00e7\u00e3o, testes insuficientes e as consequ\u00eancias devastadoras, o governo federal continua a manipular dados publicamente dispon\u00edveis, em um esfor\u00e7o para distorcer as percep\u00e7\u00f5es sobre o manejo da pandemia.<\/p>\n<p>Dados divulgados pelo governo determinam a sub-representa\u00e7\u00e3o oficial da realidade vivida pelos brasileiros para observadores nacionais e internacionais. Ao optar por fugir e distorcer os n\u00fameros oficiais da Covid-19, o Minist\u00e9rio da Sa\u00fade descartou a seguran\u00e7a de sa\u00fade p\u00fablica da popula\u00e7\u00e3o, deixando os brasileiros <a href=\"https:\/\/bit.ly\/3dBAlYs\" target=\"_blank\" rel=\"noopener noreferrer\">\u00e0 merc\u00ea de uma pandemia ainda crescente e devastadora<\/a>.<\/p>\n<hr \/>\n<div class=\"entry clearfix\">\n<div class=\"entry clearfix\">\n<h4><strong>Apoie nossos esfor\u00e7os para fornecer assist\u00eancia estrat\u00e9gica \u00e0s favelas do Rio durante a pandemia de Covid-19, incluindo o jornalismo hiperlocal, cr\u00edtico, inovador e incans\u00e1vel do\u00a0<em>RioOnWatch<\/em><\/strong>\u2014<a href=\"http:\/\/bit.ly\/CatalisandoComunidades\">doe aqui<\/a>.<\/h4>\n<\/div>\n<\/div>\n<!-- AddThis Advanced Settings generic via filter on the_content --><!-- AddThis Share Buttons generic via filter on the_content -->","protected":false},"excerpt":{"rendered":"<div class=\"mh-excerpt\"><p>Click Here for English Esta \u00e9 a nossa mais recente mat\u00e9ria sobre\u00a0o novo coronav\u00edrus e seus impactos nas favelas. Em 12 de junho, o Brasil ultrapassou o Reino Unido e desde ent\u00e3o det\u00e9m o segundo <a class=\"mh-excerpt-more\" href=\"https:\/\/rioonwatch.org.br\/?p=48532\" title=\"Brasil Ignora Orienta\u00e7\u00f5es da OMS de Como Notificar Covid-19, B\u00e9lgica Demonstra Melhores Pr\u00e1ticas\">[&#8230;]<\/a><!-- AddThis Advanced Settings generic via filter on get_the_excerpt --><!-- AddThis Share Buttons generic via filter on get_the_excerpt --><\/p>\n<\/div>","protected":false},"author":3,"featured_media":48422,"comment_status":"closed","ping_status":"closed","sticky":false,"template":"","format":"standard","meta":{"_acf_changed":false,"_monsterinsights_skip_tracking":false,"_monsterinsights_sitenote_active":false,"_monsterinsights_sitenote_note":"","_monsterinsights_sitenote_category":0,"footnotes":""},"categories":[2753,1621,1632,346,1626,344],"tags":[2814,1226,2748,2214,2269,294,2754,2816],"writer":[2750],"translator":[1971],"source":[],"ilustrador":[],"fotografo":[],"class_list":{"0":"post-48532","1":"post","2":"type-post","3":"status-publish","4":"format-standard","5":"has-post-thumbnail","7":"category-covid19nasfavelas","8":"category-destaque","9":"category-pesquisa-e-analise","10":"category-denuncias","11":"category-por-observadores-internacionais","12":"category-politicas","13":"tag-bolsonaro-sabota-prevencao-a-covid-19","14":"tag-constituicao","15":"tag-coronavirus","16":"tag-dados","17":"tag-jair-bolsonaro","18":"tag-saude","19":"tag-serie-covid-19-nas-favelas","20":"tag-subnotificacao","21":"writer-cormac-whitney-low","22":"translator-geovanna-giannini"},"acf":[],"yoast_head":"<!-- This site is optimized with the Yoast SEO plugin v25.6 - https:\/\/yoast.com\/wordpress\/plugins\/seo\/ -->\n<title>Brasil Ignora Orienta\u00e7\u00f5es da OMS de Como Notificar Covid-19, B\u00e9lgica Demonstra Melhores Pr\u00e1ticas - RioOnWatch<\/title>\n<meta name=\"robots\" content=\"index, follow, max-snippet:-1, max-image-preview:large, max-video-preview:-1\" \/>\n<link rel=\"canonical\" href=\"https:\/\/rioonwatch.org.br\/?p=48532\" \/>\n<meta property=\"og:locale\" content=\"pt_BR\" \/>\n<meta property=\"og:type\" content=\"article\" \/>\n<meta property=\"og:title\" content=\"Brasil Ignora Orienta\u00e7\u00f5es da OMS de Como Notificar Covid-19, B\u00e9lgica Demonstra Melhores Pr\u00e1ticas - RioOnWatch\" \/>\n<meta property=\"og:description\" content=\"Click Here for English Esta \u00e9 a nossa mais recente mat\u00e9ria sobre\u00a0o novo coronav\u00edrus e seus impactos nas favelas. Em 12 de junho, o Brasil ultrapassou o Reino Unido e desde ent\u00e3o det\u00e9m o segundo [...]\" \/>\n<meta property=\"og:url\" content=\"https:\/\/rioonwatch.org.br\/?p=48532\" \/>\n<meta property=\"og:site_name\" content=\"RioOnWatch\" \/>\n<meta property=\"article:published_time\" content=\"2020-06-30T14:27:38+00:00\" \/>\n<meta property=\"article:modified_time\" content=\"2020-07-08T16:54:30+00:00\" \/>\n<meta property=\"og:image\" content=\"https:\/\/rioonwatch.org.br\/wp-content\/uploads\/2020\/06\/A-Question-of-Methodology_Divergent-Methods-and-Conflicting-Outcomes-in-Brazils-Covid-19-Coverage-6.png\" \/>\n\t<meta property=\"og:image:width\" content=\"1877\" \/>\n\t<meta property=\"og:image:height\" content=\"637\" \/>\n\t<meta property=\"og:image:type\" content=\"image\/png\" \/>\n<meta name=\"author\" content=\"Admin\" \/>\n<meta name=\"twitter:card\" content=\"summary_large_image\" \/>\n<meta name=\"twitter:label1\" content=\"Escrito por\" \/>\n\t<meta name=\"twitter:data1\" content=\"Admin\" \/>\n\t<meta name=\"twitter:label2\" content=\"Est. tempo de leitura\" \/>\n\t<meta name=\"twitter:data2\" content=\"11 minutos\" \/>\n<script type=\"application\/ld+json\" class=\"yoast-schema-graph\">{\"@context\":\"https:\/\/schema.org\",\"@graph\":[{\"@type\":\"Article\",\"@id\":\"https:\/\/rioonwatch.org.br\/?p=48532#article\",\"isPartOf\":{\"@id\":\"https:\/\/rioonwatch.org.br\/?p=48532\"},\"author\":{\"name\":\"Admin\",\"@id\":\"https:\/\/rioonwatch.org.br\/#\/schema\/person\/c6c09a0b56b38f0157a45b963ef3f269\"},\"headline\":\"Brasil Ignora Orienta\u00e7\u00f5es da OMS de Como Notificar Covid-19, B\u00e9lgica Demonstra Melhores Pr\u00e1ticas\",\"datePublished\":\"2020-06-30T14:27:38+00:00\",\"dateModified\":\"2020-07-08T16:54:30+00:00\",\"mainEntityOfPage\":{\"@id\":\"https:\/\/rioonwatch.org.br\/?p=48532\"},\"wordCount\":2193,\"publisher\":{\"@id\":\"https:\/\/rioonwatch.org.br\/#organization\"},\"image\":{\"@id\":\"https:\/\/rioonwatch.org.br\/?p=48532#primaryimage\"},\"thumbnailUrl\":\"https:\/\/rioonwatch.org.br\/wp-content\/uploads\/2020\/06\/A-Question-of-Methodology_Divergent-Methods-and-Conflicting-Outcomes-in-Brazils-Covid-19-Coverage-6.png\",\"keywords\":[\"Bolsonaro sabota preven\u00e7\u00e3o \u00e0 Covid-19\",\"constitui\u00e7\u00e3o\",\"coronav\u00edrus\",\"dados\",\"Jair Bolsonaro\",\"sa\u00fade\",\"S\u00e9rie: Covid-19 Nas Favelas\",\"subnotifica\u00e7\u00e3o\"],\"articleSection\":[\"#Covid19NasFavelas\",\"*Destaque\",\"Dados e Pesquisa\",\"Den\u00fancias\",\"Escrito por Aliados\",\"Pol\u00edticas\"],\"inLanguage\":\"pt-BR\"},{\"@type\":\"WebPage\",\"@id\":\"https:\/\/rioonwatch.org.br\/?p=48532\",\"url\":\"https:\/\/rioonwatch.org.br\/?p=48532\",\"name\":\"Brasil Ignora Orienta\u00e7\u00f5es da OMS de Como Notificar Covid-19, B\u00e9lgica Demonstra Melhores Pr\u00e1ticas - RioOnWatch\",\"isPartOf\":{\"@id\":\"https:\/\/rioonwatch.org.br\/#website\"},\"primaryImageOfPage\":{\"@id\":\"https:\/\/rioonwatch.org.br\/?p=48532#primaryimage\"},\"image\":{\"@id\":\"https:\/\/rioonwatch.org.br\/?p=48532#primaryimage\"},\"thumbnailUrl\":\"https:\/\/rioonwatch.org.br\/wp-content\/uploads\/2020\/06\/A-Question-of-Methodology_Divergent-Methods-and-Conflicting-Outcomes-in-Brazils-Covid-19-Coverage-6.png\",\"datePublished\":\"2020-06-30T14:27:38+00:00\",\"dateModified\":\"2020-07-08T16:54:30+00:00\",\"breadcrumb\":{\"@id\":\"https:\/\/rioonwatch.org.br\/?p=48532#breadcrumb\"},\"inLanguage\":\"pt-BR\",\"potentialAction\":[{\"@type\":\"ReadAction\",\"target\":[\"https:\/\/rioonwatch.org.br\/?p=48532\"]}]},{\"@type\":\"ImageObject\",\"inLanguage\":\"pt-BR\",\"@id\":\"https:\/\/rioonwatch.org.br\/?p=48532#primaryimage\",\"url\":\"https:\/\/rioonwatch.org.br\/wp-content\/uploads\/2020\/06\/A-Question-of-Methodology_Divergent-Methods-and-Conflicting-Outcomes-in-Brazils-Covid-19-Coverage-6.png\",\"contentUrl\":\"https:\/\/rioonwatch.org.br\/wp-content\/uploads\/2020\/06\/A-Question-of-Methodology_Divergent-Methods-and-Conflicting-Outcomes-in-Brazils-Covid-19-Coverage-6.png\",\"width\":1877,\"height\":637},{\"@type\":\"BreadcrumbList\",\"@id\":\"https:\/\/rioonwatch.org.br\/?p=48532#breadcrumb\",\"itemListElement\":[{\"@type\":\"ListItem\",\"position\":1,\"name\":\"In\u00edcio\",\"item\":\"https:\/\/rioonwatch.org.br\/\"},{\"@type\":\"ListItem\",\"position\":2,\"name\":\"Brasil Ignora Orienta\u00e7\u00f5es da OMS de Como Notificar Covid-19, B\u00e9lgica Demonstra Melhores Pr\u00e1ticas\"}]},{\"@type\":\"WebSite\",\"@id\":\"https:\/\/rioonwatch.org.br\/#website\",\"url\":\"https:\/\/rioonwatch.org.br\/\",\"name\":\"RioOnWatch\",\"description\":\"relatos das favelas cariocas\",\"publisher\":{\"@id\":\"https:\/\/rioonwatch.org.br\/#organization\"},\"potentialAction\":[{\"@type\":\"SearchAction\",\"target\":{\"@type\":\"EntryPoint\",\"urlTemplate\":\"https:\/\/rioonwatch.org.br\/?s={search_term_string}\"},\"query-input\":{\"@type\":\"PropertyValueSpecification\",\"valueRequired\":true,\"valueName\":\"search_term_string\"}}],\"inLanguage\":\"pt-BR\"},{\"@type\":\"Organization\",\"@id\":\"https:\/\/rioonwatch.org.br\/#organization\",\"name\":\"RioOnWatch\",\"url\":\"https:\/\/rioonwatch.org.br\/\",\"logo\":{\"@type\":\"ImageObject\",\"inLanguage\":\"pt-BR\",\"@id\":\"https:\/\/rioonwatch.org.br\/#\/schema\/logo\/image\/\",\"url\":\"https:\/\/rioonwatch.org.br\/wp-content\/uploads\/2021\/06\/RioOnWatchcabecalhoPT11anos-2.png\",\"contentUrl\":\"https:\/\/rioonwatch.org.br\/wp-content\/uploads\/2021\/06\/RioOnWatchcabecalhoPT11anos-2.png\",\"width\":779,\"height\":277,\"caption\":\"RioOnWatch\"},\"image\":{\"@id\":\"https:\/\/rioonwatch.org.br\/#\/schema\/logo\/image\/\"}},{\"@type\":\"Person\",\"@id\":\"https:\/\/rioonwatch.org.br\/#\/schema\/person\/c6c09a0b56b38f0157a45b963ef3f269\",\"name\":\"Admin\",\"image\":{\"@type\":\"ImageObject\",\"inLanguage\":\"pt-BR\",\"@id\":\"https:\/\/rioonwatch.org.br\/#\/schema\/person\/image\/\",\"url\":\"https:\/\/secure.gravatar.com\/avatar\/da45c89efd4810dc70c16a5da3419806?s=96&d=blank&r=g\",\"contentUrl\":\"https:\/\/secure.gravatar.com\/avatar\/da45c89efd4810dc70c16a5da3419806?s=96&d=blank&r=g\",\"caption\":\"Admin\"},\"url\":\"https:\/\/rioonwatch.org.br\/?author=3\"}]}<\/script>\n<!-- \/ Yoast SEO plugin. -->","yoast_head_json":{"title":"Brasil Ignora Orienta\u00e7\u00f5es da OMS de Como Notificar Covid-19, B\u00e9lgica Demonstra Melhores Pr\u00e1ticas - RioOnWatch","robots":{"index":"index","follow":"follow","max-snippet":"max-snippet:-1","max-image-preview":"max-image-preview:large","max-video-preview":"max-video-preview:-1"},"canonical":"https:\/\/rioonwatch.org.br\/?p=48532","og_locale":"pt_BR","og_type":"article","og_title":"Brasil Ignora Orienta\u00e7\u00f5es da OMS de Como Notificar Covid-19, B\u00e9lgica Demonstra Melhores Pr\u00e1ticas - RioOnWatch","og_description":"Click Here for English Esta \u00e9 a nossa mais recente mat\u00e9ria sobre\u00a0o novo coronav\u00edrus e seus impactos nas favelas. Em 12 de junho, o Brasil ultrapassou o Reino Unido e desde ent\u00e3o det\u00e9m o segundo [...]","og_url":"https:\/\/rioonwatch.org.br\/?p=48532","og_site_name":"RioOnWatch","article_published_time":"2020-06-30T14:27:38+00:00","article_modified_time":"2020-07-08T16:54:30+00:00","og_image":[{"width":1877,"height":637,"url":"https:\/\/rioonwatch.org.br\/wp-content\/uploads\/2020\/06\/A-Question-of-Methodology_Divergent-Methods-and-Conflicting-Outcomes-in-Brazils-Covid-19-Coverage-6.png","type":"image\/png"}],"author":"Admin","twitter_card":"summary_large_image","twitter_misc":{"Escrito por":"Admin","Est. tempo de leitura":"11 minutos"},"schema":{"@context":"https:\/\/schema.org","@graph":[{"@type":"Article","@id":"https:\/\/rioonwatch.org.br\/?p=48532#article","isPartOf":{"@id":"https:\/\/rioonwatch.org.br\/?p=48532"},"author":{"name":"Admin","@id":"https:\/\/rioonwatch.org.br\/#\/schema\/person\/c6c09a0b56b38f0157a45b963ef3f269"},"headline":"Brasil Ignora Orienta\u00e7\u00f5es da OMS de Como Notificar Covid-19, B\u00e9lgica Demonstra Melhores Pr\u00e1ticas","datePublished":"2020-06-30T14:27:38+00:00","dateModified":"2020-07-08T16:54:30+00:00","mainEntityOfPage":{"@id":"https:\/\/rioonwatch.org.br\/?p=48532"},"wordCount":2193,"publisher":{"@id":"https:\/\/rioonwatch.org.br\/#organization"},"image":{"@id":"https:\/\/rioonwatch.org.br\/?p=48532#primaryimage"},"thumbnailUrl":"https:\/\/rioonwatch.org.br\/wp-content\/uploads\/2020\/06\/A-Question-of-Methodology_Divergent-Methods-and-Conflicting-Outcomes-in-Brazils-Covid-19-Coverage-6.png","keywords":["Bolsonaro sabota preven\u00e7\u00e3o \u00e0 Covid-19","constitui\u00e7\u00e3o","coronav\u00edrus","dados","Jair Bolsonaro","sa\u00fade","S\u00e9rie: Covid-19 Nas Favelas","subnotifica\u00e7\u00e3o"],"articleSection":["#Covid19NasFavelas","*Destaque","Dados e Pesquisa","Den\u00fancias","Escrito por Aliados","Pol\u00edticas"],"inLanguage":"pt-BR"},{"@type":"WebPage","@id":"https:\/\/rioonwatch.org.br\/?p=48532","url":"https:\/\/rioonwatch.org.br\/?p=48532","name":"Brasil Ignora Orienta\u00e7\u00f5es da OMS de Como Notificar Covid-19, B\u00e9lgica Demonstra Melhores Pr\u00e1ticas - RioOnWatch","isPartOf":{"@id":"https:\/\/rioonwatch.org.br\/#website"},"primaryImageOfPage":{"@id":"https:\/\/rioonwatch.org.br\/?p=48532#primaryimage"},"image":{"@id":"https:\/\/rioonwatch.org.br\/?p=48532#primaryimage"},"thumbnailUrl":"https:\/\/rioonwatch.org.br\/wp-content\/uploads\/2020\/06\/A-Question-of-Methodology_Divergent-Methods-and-Conflicting-Outcomes-in-Brazils-Covid-19-Coverage-6.png","datePublished":"2020-06-30T14:27:38+00:00","dateModified":"2020-07-08T16:54:30+00:00","breadcrumb":{"@id":"https:\/\/rioonwatch.org.br\/?p=48532#breadcrumb"},"inLanguage":"pt-BR","potentialAction":[{"@type":"ReadAction","target":["https:\/\/rioonwatch.org.br\/?p=48532"]}]},{"@type":"ImageObject","inLanguage":"pt-BR","@id":"https:\/\/rioonwatch.org.br\/?p=48532#primaryimage","url":"https:\/\/rioonwatch.org.br\/wp-content\/uploads\/2020\/06\/A-Question-of-Methodology_Divergent-Methods-and-Conflicting-Outcomes-in-Brazils-Covid-19-Coverage-6.png","contentUrl":"https:\/\/rioonwatch.org.br\/wp-content\/uploads\/2020\/06\/A-Question-of-Methodology_Divergent-Methods-and-Conflicting-Outcomes-in-Brazils-Covid-19-Coverage-6.png","width":1877,"height":637},{"@type":"BreadcrumbList","@id":"https:\/\/rioonwatch.org.br\/?p=48532#breadcrumb","itemListElement":[{"@type":"ListItem","position":1,"name":"In\u00edcio","item":"https:\/\/rioonwatch.org.br\/"},{"@type":"ListItem","position":2,"name":"Brasil Ignora Orienta\u00e7\u00f5es da OMS de Como Notificar Covid-19, B\u00e9lgica Demonstra Melhores Pr\u00e1ticas"}]},{"@type":"WebSite","@id":"https:\/\/rioonwatch.org.br\/#website","url":"https:\/\/rioonwatch.org.br\/","name":"RioOnWatch","description":"relatos das favelas cariocas","publisher":{"@id":"https:\/\/rioonwatch.org.br\/#organization"},"potentialAction":[{"@type":"SearchAction","target":{"@type":"EntryPoint","urlTemplate":"https:\/\/rioonwatch.org.br\/?s={search_term_string}"},"query-input":{"@type":"PropertyValueSpecification","valueRequired":true,"valueName":"search_term_string"}}],"inLanguage":"pt-BR"},{"@type":"Organization","@id":"https:\/\/rioonwatch.org.br\/#organization","name":"RioOnWatch","url":"https:\/\/rioonwatch.org.br\/","logo":{"@type":"ImageObject","inLanguage":"pt-BR","@id":"https:\/\/rioonwatch.org.br\/#\/schema\/logo\/image\/","url":"https:\/\/rioonwatch.org.br\/wp-content\/uploads\/2021\/06\/RioOnWatchcabecalhoPT11anos-2.png","contentUrl":"https:\/\/rioonwatch.org.br\/wp-content\/uploads\/2021\/06\/RioOnWatchcabecalhoPT11anos-2.png","width":779,"height":277,"caption":"RioOnWatch"},"image":{"@id":"https:\/\/rioonwatch.org.br\/#\/schema\/logo\/image\/"}},{"@type":"Person","@id":"https:\/\/rioonwatch.org.br\/#\/schema\/person\/c6c09a0b56b38f0157a45b963ef3f269","name":"Admin","image":{"@type":"ImageObject","inLanguage":"pt-BR","@id":"https:\/\/rioonwatch.org.br\/#\/schema\/person\/image\/","url":"https:\/\/secure.gravatar.com\/avatar\/da45c89efd4810dc70c16a5da3419806?s=96&d=blank&r=g","contentUrl":"https:\/\/secure.gravatar.com\/avatar\/da45c89efd4810dc70c16a5da3419806?s=96&d=blank&r=g","caption":"Admin"},"url":"https:\/\/rioonwatch.org.br\/?author=3"}]}},"_links":{"self":[{"href":"https:\/\/rioonwatch.org.br\/index.php?rest_route=\/wp\/v2\/posts\/48532"}],"collection":[{"href":"https:\/\/rioonwatch.org.br\/index.php?rest_route=\/wp\/v2\/posts"}],"about":[{"href":"https:\/\/rioonwatch.org.br\/index.php?rest_route=\/wp\/v2\/types\/post"}],"author":[{"embeddable":true,"href":"https:\/\/rioonwatch.org.br\/index.php?rest_route=\/wp\/v2\/users\/3"}],"replies":[{"embeddable":true,"href":"https:\/\/rioonwatch.org.br\/index.php?rest_route=%2Fwp%2Fv2%2Fcomments&post=48532"}],"version-history":[{"count":3,"href":"https:\/\/rioonwatch.org.br\/index.php?rest_route=\/wp\/v2\/posts\/48532\/revisions"}],"predecessor-version":[{"id":48583,"href":"https:\/\/rioonwatch.org.br\/index.php?rest_route=\/wp\/v2\/posts\/48532\/revisions\/48583"}],"wp:featuredmedia":[{"embeddable":true,"href":"https:\/\/rioonwatch.org.br\/index.php?rest_route=\/wp\/v2\/media\/48422"}],"wp:attachment":[{"href":"https:\/\/rioonwatch.org.br\/index.php?rest_route=%2Fwp%2Fv2%2Fmedia&parent=48532"}],"wp:term":[{"taxonomy":"category","embeddable":true,"href":"https:\/\/rioonwatch.org.br\/index.php?rest_route=%2Fwp%2Fv2%2Fcategories&post=48532"},{"taxonomy":"post_tag","embeddable":true,"href":"https:\/\/rioonwatch.org.br\/index.php?rest_route=%2Fwp%2Fv2%2Ftags&post=48532"},{"taxonomy":"writer","embeddable":true,"href":"https:\/\/rioonwatch.org.br\/index.php?rest_route=%2Fwp%2Fv2%2Fwriter&post=48532"},{"taxonomy":"translator","embeddable":true,"href":"https:\/\/rioonwatch.org.br\/index.php?rest_route=%2Fwp%2Fv2%2Ftranslator&post=48532"},{"taxonomy":"source","embeddable":true,"href":"https:\/\/rioonwatch.org.br\/index.php?rest_route=%2Fwp%2Fv2%2Fsource&post=48532"},{"taxonomy":"ilustrador","embeddable":true,"href":"https:\/\/rioonwatch.org.br\/index.php?rest_route=%2Fwp%2Fv2%2Filustrador&post=48532"},{"taxonomy":"fotografo","embeddable":true,"href":"https:\/\/rioonwatch.org.br\/index.php?rest_route=%2Fwp%2Fv2%2Ffotografo&post=48532"}],"curies":[{"name":"wp","href":"https:\/\/api.w.org\/{rel}","templated":true}]}}