{"id":48601,"date":"2020-07-08T09:38:22","date_gmt":"2020-07-08T12:38:22","guid":{"rendered":"https:\/\/rioonwatch.org.br\/?p=48601"},"modified":"2020-07-16T17:20:04","modified_gmt":"2020-07-16T20:20:04","slug":"ativistas-de-favelas-compartilham-estrategias-para-combater-a-covid-19-na-live-correria-favelada","status":"publish","type":"post","link":"https:\/\/rioonwatch.org.br\/?p=48601","title":{"rendered":"Ativistas de Favelas Compartilham Estrat\u00e9gias para Combater a Covid-19 na Live &#8216;Correria Favelada&#8217;"},"content":{"rendered":"<p style=\"text-align: right;\"><em><strong><a href=\"https:\/\/bit.ly\/2CH0VCB\" target=\"_blank\" rel=\"noopener noreferrer\">Click Here for English<\/a><a href=\"https:\/\/bit.ly\/2CH0VCB\" target=\"_blank\" rel=\"noopener noreferrer\"><img decoding=\"async\" width=\"20\" height=\"20\" class=\"alignright wp-image-15790\" src=\"http:\/\/rioonwatch.org.br\/wp-content\/uploads\/2012\/08\/EN-standard-e1439583104716.jpg\" \/><\/a><\/strong><\/em><\/p>\n<p><em>Esta \u00e9 a nossa mais recente mat\u00e9ria sobre\u00a0<a href=\"http:\/\/bit.ly\/Covid19NasFavelas\" target=\"_blank\" rel=\"noopener noreferrer\">o novo coronav\u00edrus e seus impactos nas favelas<\/a>.<\/em><\/p>\n<p>No dia 4 de junho, a <a href=\"https:\/\/bit.ly\/2YibqDE\" target=\"_blank\" rel=\"noopener noreferrer\">Usina de Valores<\/a>, projeto lan\u00e7ado para facilitar o di\u00e1logo a respeito dos direitos humanos e criado pelo Instituto <a href=\"https:\/\/bit.ly\/2YibqDE\" target=\"_blank\" rel=\"noopener noreferrer\">Vladimir Herzog<\/a>, transmitiu uma live no Instagram chamada &#8220;Correria Favelada&#8221;. Os espectadores assistiram \u00e0 Deise Pimenta, uma educadora da Usina de Valores, entrevistando <a href=\"http:\/\/bit.ly\/2OtcaUL\" target=\"_blank\" rel=\"noopener noreferrer\">Gizele Martins<\/a> e Raphael Cruz. Os entrevistados contaram sobre suas experi\u00eancias de ativismo comunit\u00e1rio nas favelas do <a href=\"http:\/\/bit.ly\/10BvARw\" target=\"_blank\" rel=\"noopener noreferrer\">Complexo da Mar\u00e9<\/a> durante a pandemia da Covid-19. A conversa focou nas <a href=\"http:\/\/bit.ly\/2x52iVm\" target=\"_blank\" rel=\"noopener noreferrer\">solu\u00e7\u00f5es<\/a> inovadoras que Raphael e Gizele e seus aliados desenvolveram em favelas, com \u00eanfase na <a href=\"https:\/\/bit.ly\/2WngdUo\" target=\"_blank\" rel=\"noopener noreferrer\">comunica\u00e7\u00e3o local e campanhas de conscientiza\u00e7\u00e3o p\u00fablica<\/a>.<\/p>\n<h3>Gizele Martins: Sobre Organiza\u00e7\u00e3o Comunit\u00e1ria e Comunica\u00e7\u00e3o<\/h3>\n<p>Gizele, jornalista e ativista da Mar\u00e9, com seus 15 anos de experi\u00eancia e editora chefe do jornal local <em><a href=\"https:\/\/bit.ly\/2WngdUo\" target=\"_blank\" rel=\"noopener noreferrer\">O Cidad\u00e3o<\/a><\/em>, enfatizou a import\u00e2ncia das vozes dos cidad\u00e3os da Mar\u00e9, especialmente para contra-atacar as falsas e estereotipadas narrativas divulgadas pelo governo. Para tais fins, &#8220;n\u00f3s temos que escrever nossa pr\u00f3pria hist\u00f3ria&#8221;, ela disse. Gizele \u00e9 uma lideran\u00e7a da <a href=\"https:\/\/bit.ly\/2WntZq6\" target=\"_blank\" rel=\"noopener noreferrer\">Frente de Mobiliza\u00e7\u00e3o da Mar\u00e9<\/a>, a qual tem <a href=\"https:\/\/bit.ly\/3bcIaTX\" target=\"_blank\" rel=\"noopener noreferrer\">distribu\u00eddo suprimentos essenciais e cestas b\u00e1sicas<\/a> a moradores da \u00e1rea, assim como <a href=\"https:\/\/bit.ly\/2WngdUo\" target=\"_blank\" rel=\"noopener noreferrer\">divulgado informa\u00e7\u00f5es confi\u00e1veis a respeito da Covid-19<\/a>.<\/p>\n<h3>Desafios na Distribui\u00e7\u00e3o de Suprimentos e Cestas B\u00e1sicas<\/h3>\n<p><img fetchpriority=\"high\" decoding=\"async\" class=\"aligncenter wp-image-48603 size-content\" title=\"Mar\u00e9 COVID-19: Cartaz informativo da frente de mobiliza\u00e7\u00e3o\" src=\"https:\/\/rioonwatch.org.br\/wp-content\/uploads\/2020\/07\/Mare\u0301-Mobilization-Front-COVID-19-Info-Poster-620x264.png\" alt=\"\" width=\"620\" height=\"264\" \/><\/p>\n<p>Em resposta \u00e0s perguntas de Deise sobre as dificuldades enfrentadas pela Frente de Mobiliza\u00e7\u00e3o da Mar\u00e9, Gizele chamou a aten\u00e7\u00e3o ao tamanho da Mar\u00e9\u201416 favelas abrigando 140.000 moradores\u2014o que torna a distribui\u00e7\u00e3o uma tarefa enorme. Embora Gizele lamentou que &#8220;n\u00e3o \u00e9 poss\u00edvel atender a todo mundo&#8221;, a Frente de Mobiliza\u00e7\u00e3o da Mar\u00e9 j\u00e1 conseguiu fornecer a 3.000 fam\u00edlias os suprimentos necess\u00e1rios. Gizele ressaltou que, para abordar a Covid-19, sua comunidade &#8220;precisa da solidariedade, sen\u00e3o a gente n\u00e3o sobrevive&#8221; afinal, ela disse, &#8220;n\u00e3o \u00e9 o governo que vai salvar nossas vidas&#8221;.<\/p>\n<p>Falando de sua experi\u00eancia como escritora sobre seguran\u00e7a p\u00fablica, Gizele discutiu o status das <a href=\"https:\/\/bit.ly\/2Mcl7hj\" target=\"_blank\" rel=\"noopener noreferrer\">opera\u00e7\u00f5es policiais nas favelas<\/a> durante a pandemia. A Mar\u00e9, agora <a href=\"http:\/\/www.favela.info\" target=\"_blank\" rel=\"noopener noreferrer\">um epicentro da Covid-19<\/a>, j\u00e1 sofre h\u00e1 muito tempo pelas <a href=\"http:\/\/bit.ly\/2x3RgQw\" target=\"_blank\" rel=\"noopener noreferrer\">fatais opera\u00e7\u00f5es policiais<\/a>. Opera\u00e7\u00f5es como essas aumentaram tanto em frequ\u00eancia quanto em letalidade no Estado durante abril e maio, muitas vezes inviabilizando os esfor\u00e7os de assist\u00eancia aos moradores. Gizele refletiu sobre o assassinato do jovem de 19 anos, <a href=\"https:\/\/glo.bo\/3ecFeI6\" target=\"_blank\" rel=\"noopener noreferrer\">Rodrigo Cerqueira<\/a>, alvejado pela pol\u00edcia durante uma distribui\u00e7\u00e3o de cestas b\u00e1sicas na favela da <a href=\"http:\/\/bit.ly\/UBMUVJ\" target=\"_blank\" rel=\"noopener noreferrer\">Provid\u00eancia<\/a>, no Centro. Ela tamb\u00e9m salientou que j\u00e1 houve um razo\u00e1vel n\u00famero de opera\u00e7\u00f5es policiais que interromperam a distribui\u00e7\u00e3o de cestas b\u00e1sicas. Gizele explica que casos como esse revelam que &#8220;o governo n\u00e3o quer que a gente sobreviva&#8221;. Ao contr\u00e1rio: &#8220;n\u00f3s somos um laborat\u00f3rio para a pol\u00edtica da morte&#8221;.<\/p>\n<h3>Divulgando Informa\u00e7\u00f5es Confi\u00e1veis em Meio ao Combate \u00e0s Fake News<\/h3>\n<p><a href=\"https:\/\/rioonwatch.org.br\/wp-content\/uploads\/2020\/07\/Mare\u0301-Mobilization-Front-COVID-19-Grafitti-Mural-e1591587108789.png\"><img decoding=\"async\" class=\"aligncenter wp-image-48604 size-content\" title=\"Mural de grafite da Frente de Mobiliza\u00e7\u00e3o Mar\u00e9, casos COVID-19 e mortes, 2020. Foto: Frente de Mobiliza\u00e7\u00e3o Mar\u00e9\" src=\"https:\/\/rioonwatch.org.br\/wp-content\/uploads\/2020\/07\/Mare\u0301-Mobilization-Front-COVID-19-Grafitti-Mural-e1591587108789-620x264.png\" alt=\"\" width=\"620\" height=\"264\" srcset=\"https:\/\/rioonwatch.org.br\/wp-content\/uploads\/2020\/07\/Mare\u0301-Mobilization-Front-COVID-19-Grafitti-Mural-e1591587108789-620x264.png 620w, https:\/\/rioonwatch.org.br\/wp-content\/uploads\/2020\/07\/Mare\u0301-Mobilization-Front-COVID-19-Grafitti-Mural-e1591587108789-940x400.png 940w\" sizes=\"(max-width: 620px) 100vw, 620px\" \/><\/a><\/p>\n<p>Gizele destacou a import\u00e2ncia de encontrar solu\u00e7\u00f5es criativas para compartilhar informa\u00e7\u00f5es sobre a Covid-19 com moradores da Mar\u00e9. &#8220;A comunica\u00e7\u00e3o comunit\u00e1ria n\u00e3o \u00e9 f\u00e1cil [\u2026] A gente sempre precisa nos adaptar.&#8221; A Frente de Mobiliza\u00e7\u00e3o da Mar\u00e9 implementou um <a href=\"https:\/\/bit.ly\/340KKtn\" target=\"_blank\" rel=\"noopener noreferrer\">leque de estrat\u00e9gias<\/a>: membros da equipe dirigem um carro de som alugado pelas ruas, transmitindo recomenda\u00e7\u00f5es de seguran\u00e7a para a Covid-19, descri\u00e7\u00f5es de sintomas do v\u00edrus e, recentemente, mensagens contendo recursos \u00e0s v\u00edtimas de <a href=\"https:\/\/bit.ly\/2Z0pOC5\" target=\"_blank\" rel=\"noopener noreferrer\">viol\u00eancia dom\u00e9stica<\/a>; colaboradores ajudam a entregar panfletos informacionais a cada uma das casas, e tamb\u00e9m produzem arte de rua e colocam faixas em pontos estrat\u00e9gicos nos arredores do Complexo da Mar\u00e9.<\/p>\n<p>Deise pede a Gizele que comente sobre o impacto das fake news dentro da favela, assim como o impacto da desinforma\u00e7\u00e3o em tempos de pandemia. Muitos notici\u00e1rios t\u00eam reafirmado alguns estere\u00f3tipos prejudiciais ao retratar quem mora em favela. Construindo uma resposta unida \u00e0 essa equivocada e defeituosa representa\u00e7\u00e3o, Gizele explica que &#8220;\u00e9 preciso a gente sempre estar tocando na quest\u00e3o racial, na quest\u00e3o ideol\u00f3gica, na quest\u00e3o de uma outra comunica\u00e7\u00e3o para a gente ter um outro tipo de sociedade e de mundo&#8221;.<\/p>\n<h3>Raphael Cruz: Sobre Usar M\u00eddias Visuais Durante a Pandemia<\/h3>\n<p><a href=\"https:\/\/rioonwatch.org.br\/wp-content\/uploads\/2020\/07\/Corona-Favelado-Instagram-Page-1-e1591586436553.png\"><img loading=\"lazy\" decoding=\"async\" class=\"aligncenter wp-image-48605 size-content\" title=\"Corona Favelado. V\u00eddeo no Instagram \" src=\"https:\/\/rioonwatch.org.br\/wp-content\/uploads\/2020\/07\/Corona-Favelado-Instagram-Page-1-e1591586436553-620x264.png\" alt=\"\" width=\"620\" height=\"264\" srcset=\"https:\/\/rioonwatch.org.br\/wp-content\/uploads\/2020\/07\/Corona-Favelado-Instagram-Page-1-e1591586436553-620x264.png 620w, https:\/\/rioonwatch.org.br\/wp-content\/uploads\/2020\/07\/Corona-Favelado-Instagram-Page-1-e1591586436553-940x400.png 940w\" sizes=\"(max-width: 620px) 100vw, 620px\" \/><\/a><\/p>\n<p>Raphael Cruz, um ativista, comunicador e artista visual, criador da p\u00e1gina do Instagram \u201c<a href=\"https:\/\/bit.ly\/2UkSWkB\">Corona Favelado&#8221;<\/a>, usa seus v\u00eddeos para disseminar recomenda\u00e7\u00f5es na preven\u00e7\u00e3o do v\u00edrus. Raphael se lamentou pelas tantas barreiras que existem em se comunicar com a favela, mas diz que est\u00e1 determinado em fazer com que a troca de informa\u00e7\u00f5es corretas e diretas se torne mais f\u00e1cil.<\/p>\n<p>No come\u00e7o da pandemia, Raphael entrou na Frente de Mobiliza\u00e7\u00e3o da Mar\u00e9 para criar o mural de grafite da Covid-19 da comunidade, onde a progress\u00e3o dos casos e n\u00famero total de mortes s\u00e3o registrados e atualizados regularmente. Encorajado pela import\u00e2ncia da sua contribui\u00e7\u00e3o \u00e0 estrat\u00e9gia de comunica\u00e7\u00e3o da Mar\u00e9, meio \u00e0 Covid-19, Raphael come\u00e7ou a criar v\u00eddeos no Instagram que &#8220;produzem um di\u00e1logo bem forte e bem real&#8221;. Logo, surgiu o Corona Favelado. Os v\u00eddeos cont\u00e9m o rosto de Raphael em cima de uma mulher pixelada dan\u00e7ando samba na famosa cal\u00e7ada de Copacabana, pedindo aos espectadores que usem m\u00e1scaras, lavem as m\u00e3os e tomem cuidado com as fake news.<\/p>\n<h3>Desafios Financeiros das Artes<\/h3>\n<p>Raphael levantou opini\u00f5es perspicazes acerca da dificuldade que comunidades art\u00edsticas est\u00e3o enfrentando, mais do que nunca, na gera\u00e7\u00e3o de renda. Raphael refletiu sobre o fardo financeiro que a Covid-19 significou para os artistas do <a href=\"https:\/\/bit.ly\/2YWGYjV\" target=\"_blank\" rel=\"noopener noreferrer\">funk<\/a> e organizadores das festas: &#8220;o baile funk \u00e9 uma financeira enorme para a favela [&#8230;] baile da favela n\u00e3o \u00e9 s\u00f3 um baile&#8221;. Apesar da dificuldade de aplicar as precau\u00e7\u00f5es de seguran\u00e7a aos bailes, Raphael reconhece que &#8220;[aqueles] que mandam nos bailes, v\u00e3o precisar voltar por causa da renda, porque eles est\u00e3o sem dinheiro&#8221;.<\/p>\n<p>Raphael, assim como muitos artistas visuais, teve que se reinventar durante a pandemia. As comunidades art\u00edsticas como um todo &#8220;come\u00e7aram a trocar experi\u00eancias para come\u00e7ar de novo e aprender como sobreviver de novo&#8221;, disse Raphael, que tamb\u00e9m ressaltou que esse apoio m\u00fatuo fortaleceu muitos v\u00ednculos da comunidade art\u00edstica. &#8220;\u00c9 o momento da gente se comunicar, falar em rede.&#8221; Embora isso tenha se provado dif\u00edcil durante a pandemia, Raphael continuou a vender sua arte. Raphael disse que \u00e9 importante que ele mesmo &#8220;pinte mais pelo meu territ\u00f3rio&#8221; para tal, ele tem se adaptado \u00e0s necessidades financeiras de seus clientes, permitindo que paguem em parcelas. Assim como jovens ativistas e artistas da favela, Raphael e alguns outros est\u00e3o encontrando jeitos &#8220;de conseguir sobreviver, [&#8230;] com o que a gente gosta, a arte, o que \u00e9 dif\u00edcil&#8221;.<\/p>\n<hr \/>\n<h4><strong>Apoie nossos esfor\u00e7os para fornecer assist\u00eancia estrat\u00e9gica \u00e0s favelas do Rio durante a pandemia de Covid-19, incluindo o jornalismo hiperlocal, cr\u00edtico, inovador e incans\u00e1vel do\u00a0<em>RioOnWatch<\/em><\/strong>\u2014<a href=\"http:\/\/bit.ly\/CatalisandoComunidades\">doe aqui<\/a>.<\/h4>\n<!-- AddThis Advanced Settings generic via filter on the_content --><!-- AddThis Share Buttons generic via filter on the_content -->","protected":false},"excerpt":{"rendered":"<div class=\"mh-excerpt\"><p>Click Here for English Esta \u00e9 a nossa mais recente mat\u00e9ria sobre\u00a0o novo coronav\u00edrus e seus impactos nas favelas. No dia 4 de junho, a Usina de Valores, projeto lan\u00e7ado para facilitar o di\u00e1logo a <a class=\"mh-excerpt-more\" href=\"https:\/\/rioonwatch.org.br\/?p=48601\" title=\"Ativistas de Favelas Compartilham Estrat\u00e9gias para Combater a Covid-19 na Live &#8216;Correria Favelada&#8217;\">[&#8230;]<\/a><!-- AddThis Advanced Settings generic via filter on get_the_excerpt --><!-- AddThis Share Buttons generic via filter on get_the_excerpt --><\/p>\n<\/div>","protected":false},"author":165,"featured_media":48602,"comment_status":"closed","ping_status":"closed","sticky":false,"template":"","format":"standard","meta":{"_acf_changed":false,"_monsterinsights_skip_tracking":false,"_monsterinsights_sitenote_active":false,"_monsterinsights_sitenote_note":"","_monsterinsights_sitenote_category":0,"footnotes":""},"categories":[2753,1621,1626,1613,342],"tags":[386,334,332,2748,421,502,2561,358,774,672,2754,476,52,218],"writer":[2862],"translator":[2713],"source":[],"ilustrador":[],"fotografo":[],"class_list":{"0":"post-48601","1":"post","2":"type-post","3":"status-publish","4":"format-standard","5":"has-post-thumbnail","7":"category-covid19nasfavelas","8":"category-destaque","9":"category-por-observadores-internacionais","10":"category-midia-comunitaria","11":"category-solucoes","12":"tag-estigma","13":"tag-arte","14":"tag-complexo-da-mare","15":"tag-coronavirus","16":"tag-cultura-da-favela","17":"tag-funk","18":"tag-necropolitica","19":"tag-organizacao-comunitaria","20":"tag-policia-militar","21":"tag-seguranca-publica","22":"tag-serie-covid-19-nas-favelas","23":"tag-solucao-comunitaria","24":"tag-violencia-policial","25":"tag-zona-norte","26":"writer-emily-zislis","27":"translator-sofia-kawall"},"acf":[],"yoast_head":"<!-- This site is optimized with the Yoast SEO plugin v25.6 - https:\/\/yoast.com\/wordpress\/plugins\/seo\/ -->\n<title>Ativistas de Favelas Compartilham Estrat\u00e9gias para Combater a Covid-19 na Live &#039;Correria Favelada&#039; - RioOnWatch<\/title>\n<meta name=\"robots\" content=\"index, follow, max-snippet:-1, max-image-preview:large, max-video-preview:-1\" \/>\n<link rel=\"canonical\" href=\"https:\/\/rioonwatch.org.br\/?p=48601\" \/>\n<meta property=\"og:locale\" content=\"pt_BR\" \/>\n<meta property=\"og:type\" content=\"article\" \/>\n<meta property=\"og:title\" content=\"Ativistas de Favelas Compartilham Estrat\u00e9gias para Combater a Covid-19 na Live &#039;Correria Favelada&#039; - RioOnWatch\" \/>\n<meta property=\"og:description\" content=\"Click Here for English Esta \u00e9 a nossa mais recente mat\u00e9ria sobre\u00a0o novo coronav\u00edrus e seus impactos nas favelas. No dia 4 de junho, a Usina de Valores, projeto lan\u00e7ado para facilitar o di\u00e1logo a [...]\" \/>\n<meta property=\"og:url\" content=\"https:\/\/rioonwatch.org.br\/?p=48601\" \/>\n<meta property=\"og:site_name\" content=\"RioOnWatch\" \/>\n<meta property=\"article:published_time\" content=\"2020-07-08T12:38:22+00:00\" \/>\n<meta property=\"article:modified_time\" content=\"2020-07-16T20:20:04+00:00\" \/>\n<meta property=\"og:image\" content=\"https:\/\/rioonwatch.org.br\/wp-content\/uploads\/2020\/07\/Deise-Pimenta-Usina-de-Valores-Educator.png\" \/>\n\t<meta property=\"og:image:width\" content=\"996\" \/>\n\t<meta property=\"og:image:height\" content=\"480\" \/>\n\t<meta property=\"og:image:type\" content=\"image\/png\" \/>\n<meta name=\"author\" content=\"Tatiana Lima\" \/>\n<meta name=\"twitter:card\" content=\"summary_large_image\" \/>\n<meta name=\"twitter:label1\" content=\"Escrito por\" \/>\n\t<meta name=\"twitter:data1\" content=\"Tatiana Lima\" \/>\n\t<meta name=\"twitter:label2\" content=\"Est. tempo de leitura\" \/>\n\t<meta name=\"twitter:data2\" content=\"6 minutos\" \/>\n<script type=\"application\/ld+json\" class=\"yoast-schema-graph\">{\"@context\":\"https:\/\/schema.org\",\"@graph\":[{\"@type\":\"Article\",\"@id\":\"https:\/\/rioonwatch.org.br\/?p=48601#article\",\"isPartOf\":{\"@id\":\"https:\/\/rioonwatch.org.br\/?p=48601\"},\"author\":{\"name\":\"Tatiana Lima\",\"@id\":\"https:\/\/rioonwatch.org.br\/#\/schema\/person\/8fde974ee24e219acc413d63393ec551\"},\"headline\":\"Ativistas de Favelas Compartilham Estrat\u00e9gias para Combater a Covid-19 na Live &#8216;Correria Favelada&#8217;\",\"datePublished\":\"2020-07-08T12:38:22+00:00\",\"dateModified\":\"2020-07-16T20:20:04+00:00\",\"mainEntityOfPage\":{\"@id\":\"https:\/\/rioonwatch.org.br\/?p=48601\"},\"wordCount\":1207,\"publisher\":{\"@id\":\"https:\/\/rioonwatch.org.br\/#organization\"},\"image\":{\"@id\":\"https:\/\/rioonwatch.org.br\/?p=48601#primaryimage\"},\"thumbnailUrl\":\"https:\/\/rioonwatch.org.br\/wp-content\/uploads\/2020\/07\/Deise-Pimenta-Usina-de-Valores-Educator.png\",\"keywords\":[\"#StopFavelaStigma\",\"arte\",\"Complexo da Mar\u00e9\",\"coronav\u00edrus\",\"cultura da favela\",\"funk\",\"necropol\u00edtica\",\"organiza\u00e7\u00e3o comunit\u00e1ria\",\"Pol\u00edcia Militar\",\"seguran\u00e7a p\u00fablica\",\"S\u00e9rie: Covid-19 Nas Favelas\",\"solu\u00e7\u00e3o comunit\u00e1ria\",\"viol\u00eancia policial\",\"Zona Norte\"],\"articleSection\":[\"#Covid19NasFavelas\",\"*Destaque\",\"Escrito por Aliados\",\"M\u00eddia Comunit\u00e1ria\",\"Solu\u00e7\u00f5es\"],\"inLanguage\":\"pt-BR\"},{\"@type\":\"WebPage\",\"@id\":\"https:\/\/rioonwatch.org.br\/?p=48601\",\"url\":\"https:\/\/rioonwatch.org.br\/?p=48601\",\"name\":\"Ativistas de Favelas Compartilham Estrat\u00e9gias para Combater a Covid-19 na Live 'Correria Favelada' - RioOnWatch\",\"isPartOf\":{\"@id\":\"https:\/\/rioonwatch.org.br\/#website\"},\"primaryImageOfPage\":{\"@id\":\"https:\/\/rioonwatch.org.br\/?p=48601#primaryimage\"},\"image\":{\"@id\":\"https:\/\/rioonwatch.org.br\/?p=48601#primaryimage\"},\"thumbnailUrl\":\"https:\/\/rioonwatch.org.br\/wp-content\/uploads\/2020\/07\/Deise-Pimenta-Usina-de-Valores-Educator.png\",\"datePublished\":\"2020-07-08T12:38:22+00:00\",\"dateModified\":\"2020-07-16T20:20:04+00:00\",\"breadcrumb\":{\"@id\":\"https:\/\/rioonwatch.org.br\/?p=48601#breadcrumb\"},\"inLanguage\":\"pt-BR\",\"potentialAction\":[{\"@type\":\"ReadAction\",\"target\":[\"https:\/\/rioonwatch.org.br\/?p=48601\"]}]},{\"@type\":\"ImageObject\",\"inLanguage\":\"pt-BR\",\"@id\":\"https:\/\/rioonwatch.org.br\/?p=48601#primaryimage\",\"url\":\"https:\/\/rioonwatch.org.br\/wp-content\/uploads\/2020\/07\/Deise-Pimenta-Usina-de-Valores-Educator.png\",\"contentUrl\":\"https:\/\/rioonwatch.org.br\/wp-content\/uploads\/2020\/07\/Deise-Pimenta-Usina-de-Valores-Educator.png\",\"width\":996,\"height\":480,\"caption\":\"Deise Pimenta, educadora da Usina de Valores\"},{\"@type\":\"BreadcrumbList\",\"@id\":\"https:\/\/rioonwatch.org.br\/?p=48601#breadcrumb\",\"itemListElement\":[{\"@type\":\"ListItem\",\"position\":1,\"name\":\"In\u00edcio\",\"item\":\"https:\/\/rioonwatch.org.br\/\"},{\"@type\":\"ListItem\",\"position\":2,\"name\":\"Ativistas de Favelas Compartilham Estrat\u00e9gias para Combater a Covid-19 na Live &#8216;Correria Favelada&#8217;\"}]},{\"@type\":\"WebSite\",\"@id\":\"https:\/\/rioonwatch.org.br\/#website\",\"url\":\"https:\/\/rioonwatch.org.br\/\",\"name\":\"RioOnWatch\",\"description\":\"relatos das favelas cariocas\",\"publisher\":{\"@id\":\"https:\/\/rioonwatch.org.br\/#organization\"},\"potentialAction\":[{\"@type\":\"SearchAction\",\"target\":{\"@type\":\"EntryPoint\",\"urlTemplate\":\"https:\/\/rioonwatch.org.br\/?s={search_term_string}\"},\"query-input\":{\"@type\":\"PropertyValueSpecification\",\"valueRequired\":true,\"valueName\":\"search_term_string\"}}],\"inLanguage\":\"pt-BR\"},{\"@type\":\"Organization\",\"@id\":\"https:\/\/rioonwatch.org.br\/#organization\",\"name\":\"RioOnWatch\",\"url\":\"https:\/\/rioonwatch.org.br\/\",\"logo\":{\"@type\":\"ImageObject\",\"inLanguage\":\"pt-BR\",\"@id\":\"https:\/\/rioonwatch.org.br\/#\/schema\/logo\/image\/\",\"url\":\"https:\/\/rioonwatch.org.br\/wp-content\/uploads\/2021\/06\/RioOnWatchcabecalhoPT11anos-2.png\",\"contentUrl\":\"https:\/\/rioonwatch.org.br\/wp-content\/uploads\/2021\/06\/RioOnWatchcabecalhoPT11anos-2.png\",\"width\":779,\"height\":277,\"caption\":\"RioOnWatch\"},\"image\":{\"@id\":\"https:\/\/rioonwatch.org.br\/#\/schema\/logo\/image\/\"}},{\"@type\":\"Person\",\"@id\":\"https:\/\/rioonwatch.org.br\/#\/schema\/person\/8fde974ee24e219acc413d63393ec551\",\"name\":\"Tatiana Lima\",\"image\":{\"@type\":\"ImageObject\",\"inLanguage\":\"pt-BR\",\"@id\":\"https:\/\/rioonwatch.org.br\/#\/schema\/person\/image\/\",\"url\":\"https:\/\/secure.gravatar.com\/avatar\/5fb587d000e124a9d6aae50aec42d39e?s=96&d=blank&r=g\",\"contentUrl\":\"https:\/\/secure.gravatar.com\/avatar\/5fb587d000e124a9d6aae50aec42d39e?s=96&d=blank&r=g\",\"caption\":\"Tatiana Lima\"},\"url\":\"https:\/\/rioonwatch.org.br\/?author=165\"}]}<\/script>\n<!-- \/ Yoast SEO plugin. -->","yoast_head_json":{"title":"Ativistas de Favelas Compartilham Estrat\u00e9gias para Combater a Covid-19 na Live 'Correria Favelada' - RioOnWatch","robots":{"index":"index","follow":"follow","max-snippet":"max-snippet:-1","max-image-preview":"max-image-preview:large","max-video-preview":"max-video-preview:-1"},"canonical":"https:\/\/rioonwatch.org.br\/?p=48601","og_locale":"pt_BR","og_type":"article","og_title":"Ativistas de Favelas Compartilham Estrat\u00e9gias para Combater a Covid-19 na Live 'Correria Favelada' - RioOnWatch","og_description":"Click Here for English Esta \u00e9 a nossa mais recente mat\u00e9ria sobre\u00a0o novo coronav\u00edrus e seus impactos nas favelas. No dia 4 de junho, a Usina de Valores, projeto lan\u00e7ado para facilitar o di\u00e1logo a [...]","og_url":"https:\/\/rioonwatch.org.br\/?p=48601","og_site_name":"RioOnWatch","article_published_time":"2020-07-08T12:38:22+00:00","article_modified_time":"2020-07-16T20:20:04+00:00","og_image":[{"width":996,"height":480,"url":"https:\/\/rioonwatch.org.br\/wp-content\/uploads\/2020\/07\/Deise-Pimenta-Usina-de-Valores-Educator.png","type":"image\/png"}],"author":"Tatiana Lima","twitter_card":"summary_large_image","twitter_misc":{"Escrito por":"Tatiana Lima","Est. tempo de leitura":"6 minutos"},"schema":{"@context":"https:\/\/schema.org","@graph":[{"@type":"Article","@id":"https:\/\/rioonwatch.org.br\/?p=48601#article","isPartOf":{"@id":"https:\/\/rioonwatch.org.br\/?p=48601"},"author":{"name":"Tatiana Lima","@id":"https:\/\/rioonwatch.org.br\/#\/schema\/person\/8fde974ee24e219acc413d63393ec551"},"headline":"Ativistas de Favelas Compartilham Estrat\u00e9gias para Combater a Covid-19 na Live &#8216;Correria Favelada&#8217;","datePublished":"2020-07-08T12:38:22+00:00","dateModified":"2020-07-16T20:20:04+00:00","mainEntityOfPage":{"@id":"https:\/\/rioonwatch.org.br\/?p=48601"},"wordCount":1207,"publisher":{"@id":"https:\/\/rioonwatch.org.br\/#organization"},"image":{"@id":"https:\/\/rioonwatch.org.br\/?p=48601#primaryimage"},"thumbnailUrl":"https:\/\/rioonwatch.org.br\/wp-content\/uploads\/2020\/07\/Deise-Pimenta-Usina-de-Valores-Educator.png","keywords":["#StopFavelaStigma","arte","Complexo da Mar\u00e9","coronav\u00edrus","cultura da favela","funk","necropol\u00edtica","organiza\u00e7\u00e3o comunit\u00e1ria","Pol\u00edcia Militar","seguran\u00e7a p\u00fablica","S\u00e9rie: Covid-19 Nas Favelas","solu\u00e7\u00e3o comunit\u00e1ria","viol\u00eancia policial","Zona Norte"],"articleSection":["#Covid19NasFavelas","*Destaque","Escrito por Aliados","M\u00eddia Comunit\u00e1ria","Solu\u00e7\u00f5es"],"inLanguage":"pt-BR"},{"@type":"WebPage","@id":"https:\/\/rioonwatch.org.br\/?p=48601","url":"https:\/\/rioonwatch.org.br\/?p=48601","name":"Ativistas de Favelas Compartilham Estrat\u00e9gias para Combater a Covid-19 na Live 'Correria Favelada' - RioOnWatch","isPartOf":{"@id":"https:\/\/rioonwatch.org.br\/#website"},"primaryImageOfPage":{"@id":"https:\/\/rioonwatch.org.br\/?p=48601#primaryimage"},"image":{"@id":"https:\/\/rioonwatch.org.br\/?p=48601#primaryimage"},"thumbnailUrl":"https:\/\/rioonwatch.org.br\/wp-content\/uploads\/2020\/07\/Deise-Pimenta-Usina-de-Valores-Educator.png","datePublished":"2020-07-08T12:38:22+00:00","dateModified":"2020-07-16T20:20:04+00:00","breadcrumb":{"@id":"https:\/\/rioonwatch.org.br\/?p=48601#breadcrumb"},"inLanguage":"pt-BR","potentialAction":[{"@type":"ReadAction","target":["https:\/\/rioonwatch.org.br\/?p=48601"]}]},{"@type":"ImageObject","inLanguage":"pt-BR","@id":"https:\/\/rioonwatch.org.br\/?p=48601#primaryimage","url":"https:\/\/rioonwatch.org.br\/wp-content\/uploads\/2020\/07\/Deise-Pimenta-Usina-de-Valores-Educator.png","contentUrl":"https:\/\/rioonwatch.org.br\/wp-content\/uploads\/2020\/07\/Deise-Pimenta-Usina-de-Valores-Educator.png","width":996,"height":480,"caption":"Deise Pimenta, educadora da Usina de Valores"},{"@type":"BreadcrumbList","@id":"https:\/\/rioonwatch.org.br\/?p=48601#breadcrumb","itemListElement":[{"@type":"ListItem","position":1,"name":"In\u00edcio","item":"https:\/\/rioonwatch.org.br\/"},{"@type":"ListItem","position":2,"name":"Ativistas de Favelas Compartilham Estrat\u00e9gias para Combater a Covid-19 na Live &#8216;Correria Favelada&#8217;"}]},{"@type":"WebSite","@id":"https:\/\/rioonwatch.org.br\/#website","url":"https:\/\/rioonwatch.org.br\/","name":"RioOnWatch","description":"relatos das favelas cariocas","publisher":{"@id":"https:\/\/rioonwatch.org.br\/#organization"},"potentialAction":[{"@type":"SearchAction","target":{"@type":"EntryPoint","urlTemplate":"https:\/\/rioonwatch.org.br\/?s={search_term_string}"},"query-input":{"@type":"PropertyValueSpecification","valueRequired":true,"valueName":"search_term_string"}}],"inLanguage":"pt-BR"},{"@type":"Organization","@id":"https:\/\/rioonwatch.org.br\/#organization","name":"RioOnWatch","url":"https:\/\/rioonwatch.org.br\/","logo":{"@type":"ImageObject","inLanguage":"pt-BR","@id":"https:\/\/rioonwatch.org.br\/#\/schema\/logo\/image\/","url":"https:\/\/rioonwatch.org.br\/wp-content\/uploads\/2021\/06\/RioOnWatchcabecalhoPT11anos-2.png","contentUrl":"https:\/\/rioonwatch.org.br\/wp-content\/uploads\/2021\/06\/RioOnWatchcabecalhoPT11anos-2.png","width":779,"height":277,"caption":"RioOnWatch"},"image":{"@id":"https:\/\/rioonwatch.org.br\/#\/schema\/logo\/image\/"}},{"@type":"Person","@id":"https:\/\/rioonwatch.org.br\/#\/schema\/person\/8fde974ee24e219acc413d63393ec551","name":"Tatiana Lima","image":{"@type":"ImageObject","inLanguage":"pt-BR","@id":"https:\/\/rioonwatch.org.br\/#\/schema\/person\/image\/","url":"https:\/\/secure.gravatar.com\/avatar\/5fb587d000e124a9d6aae50aec42d39e?s=96&d=blank&r=g","contentUrl":"https:\/\/secure.gravatar.com\/avatar\/5fb587d000e124a9d6aae50aec42d39e?s=96&d=blank&r=g","caption":"Tatiana Lima"},"url":"https:\/\/rioonwatch.org.br\/?author=165"}]}},"_links":{"self":[{"href":"https:\/\/rioonwatch.org.br\/index.php?rest_route=\/wp\/v2\/posts\/48601"}],"collection":[{"href":"https:\/\/rioonwatch.org.br\/index.php?rest_route=\/wp\/v2\/posts"}],"about":[{"href":"https:\/\/rioonwatch.org.br\/index.php?rest_route=\/wp\/v2\/types\/post"}],"author":[{"embeddable":true,"href":"https:\/\/rioonwatch.org.br\/index.php?rest_route=\/wp\/v2\/users\/165"}],"replies":[{"embeddable":true,"href":"https:\/\/rioonwatch.org.br\/index.php?rest_route=%2Fwp%2Fv2%2Fcomments&post=48601"}],"version-history":[{"count":25,"href":"https:\/\/rioonwatch.org.br\/index.php?rest_route=\/wp\/v2\/posts\/48601\/revisions"}],"predecessor-version":[{"id":48845,"href":"https:\/\/rioonwatch.org.br\/index.php?rest_route=\/wp\/v2\/posts\/48601\/revisions\/48845"}],"wp:featuredmedia":[{"embeddable":true,"href":"https:\/\/rioonwatch.org.br\/index.php?rest_route=\/wp\/v2\/media\/48602"}],"wp:attachment":[{"href":"https:\/\/rioonwatch.org.br\/index.php?rest_route=%2Fwp%2Fv2%2Fmedia&parent=48601"}],"wp:term":[{"taxonomy":"category","embeddable":true,"href":"https:\/\/rioonwatch.org.br\/index.php?rest_route=%2Fwp%2Fv2%2Fcategories&post=48601"},{"taxonomy":"post_tag","embeddable":true,"href":"https:\/\/rioonwatch.org.br\/index.php?rest_route=%2Fwp%2Fv2%2Ftags&post=48601"},{"taxonomy":"writer","embeddable":true,"href":"https:\/\/rioonwatch.org.br\/index.php?rest_route=%2Fwp%2Fv2%2Fwriter&post=48601"},{"taxonomy":"translator","embeddable":true,"href":"https:\/\/rioonwatch.org.br\/index.php?rest_route=%2Fwp%2Fv2%2Ftranslator&post=48601"},{"taxonomy":"source","embeddable":true,"href":"https:\/\/rioonwatch.org.br\/index.php?rest_route=%2Fwp%2Fv2%2Fsource&post=48601"},{"taxonomy":"ilustrador","embeddable":true,"href":"https:\/\/rioonwatch.org.br\/index.php?rest_route=%2Fwp%2Fv2%2Filustrador&post=48601"},{"taxonomy":"fotografo","embeddable":true,"href":"https:\/\/rioonwatch.org.br\/index.php?rest_route=%2Fwp%2Fv2%2Ffotografo&post=48601"}],"curies":[{"name":"wp","href":"https:\/\/api.w.org\/{rel}","templated":true}]}}