{"id":48686,"date":"2020-07-10T13:28:29","date_gmt":"2020-07-10T16:28:29","guid":{"rendered":"https:\/\/rioonwatch.org.br\/?p=48686"},"modified":"2020-12-17T13:24:19","modified_gmt":"2020-12-17T16:24:19","slug":"live-como-a-pandemia-impacta-os-catadores-debate-o-tema-e-reforca-a-campanha-apoieumcatador-video","status":"publish","type":"post","link":"https:\/\/rioonwatch.org.br\/?p=48686","title":{"rendered":"Live &#8216;Como a Pandemia Impacta os Catadores?&#8217; Debate o Tema e Refor\u00e7a #ApoieUmCatador [V\u00cdDEO]"},"content":{"rendered":"<p style=\"text-align: right;\"><em><strong><a href=\"https:\/\/bit.ly\/3f4u08q\" target=\"_blank\" rel=\"noopener noreferrer\">Click Here for English<\/a><a href=\"https:\/\/bit.ly\/3f4u08q\" target=\"_blank\" rel=\"noopener noreferrer\"><img decoding=\"async\" class=\"alignright wp-image-15790\" src=\"https:\/\/rioonwatch.org.br\/wp-content\/uploads\/2012\/08\/EN-standard-e1439583104716.jpg\" alt=\"\" width=\"20\" height=\"20\" \/><\/a><\/strong><\/em><\/p>\n<p><i><em>Esta \u00e9 a nossa mais recente mat\u00e9ria sobre\u00a0<a href=\"http:\/\/bit.ly\/Covid19NasFavelas\" target=\"_blank\" rel=\"noopener noreferrer\">o novo coronav\u00edrus e seus impactos sobre as favelas<\/a> e tamb\u00e9m da <a href=\"https:\/\/bit.ly\/LivesCovidFavelas\" target=\"_blank\" rel=\"noopener noreferrer\">s\u00e9rie LIVES Covid-19 nas Favelas<\/a>.<\/em><\/i><\/p>\n<p>Na esteira da campanha <a href=\"http:\/\/www.bit.ly\/ApoieUmCatador\" target=\"_blank\" rel=\"noopener noreferrer\">#ApoieUmCatador<\/a>, que busca oferecer apoio a catadores e catadoras invisibilizados durante a pandemia da <a href=\"https:\/\/bit.ly\/2xOpNGB\" target=\"_blank\" rel=\"noopener noreferrer\">Covid-19<\/a>, e que est\u00e1 promovendo o <a href=\"https:\/\/bit.ly\/PlaylistMostreSeuLixo\" target=\"_blank\" rel=\"noopener noreferrer\">desafio de v\u00eddeos caseiros #MostreSeuLixo<\/a>, o Grupo de Trabalho de Res\u00edduos S\u00f3lidos da <a href=\"http:\/\/bit.ly\/2lADvX3\" target=\"_blank\" rel=\"noopener noreferrer\">Rede Favela Sustent\u00e1vel (RFS)<\/a>* organizou uma aula p\u00fablica no dia 30 de junho. Na <a href=\"https:\/\/bit.ly\/3ffp41B\" target=\"_blank\" rel=\"noopener noreferrer\">LIVE Interativa: Como a Pandemia Impacta os Catadores?<\/a> seis apresentadores dividiram suas experi\u00eancias e an\u00e1lises sobre a atual conjuntura e tamb\u00e9m discutiram os principais empecilhos que ainda dificultam o trabalho de cooperativas e catadores. Outros membros do grupo tamb\u00e9m contribu\u00edram ao compartilharem suas experi\u00eancias nas favelas com a reciclagem e o reaproveitamento de materiais.<\/p>\n<p>Participaram do debate: Luiz Carlos Santiago, presidente da cooperativa <a href=\"https:\/\/bit.ly\/2CmgkrW\" target=\"_blank\" rel=\"noopener noreferrer\">Cootrabom<\/a> e diretor da <a href=\"https:\/\/bit.ly\/3gDbqp6\" target=\"_blank\" rel=\"noopener noreferrer\">Rede Recicla Rio<\/a>, al\u00e9m de integrante do <a href=\"https:\/\/bit.ly\/2DiMNj6\" target=\"_blank\" rel=\"noopener noreferrer\">F\u00f3rum Municipal dos Catadores e Catadoras do Rio De Janeiro<\/a>; Gilberto Batista, fundador do projeto <a href=\"https:\/\/bit.ly\/2WejxA0\" target=\"_blank\" rel=\"noopener noreferrer\">Comunidade Limpa S\u00f3 Lazer<\/a> no <a href=\"http:\/\/bit.ly\/2rfrNEo\" target=\"_blank\" rel=\"noopener noreferrer\">Morro do Salgueiro<\/a>; Edson Freitas, fundador da <a href=\"https:\/\/bit.ly\/3b9MenN\" target=\"_blank\" rel=\"noopener noreferrer\">ONG EccoVida<\/a>, uma cooperativa de catadores de materiais recicl\u00e1veis com sede em <a href=\"https:\/\/bit.ly\/3egVLKq\" target=\"_blank\" rel=\"noopener noreferrer\">Hon\u00f3rio Gurgel<\/a> e que atua em diversos bairros na regi\u00e3o metropolitana fluminense; T\u00e2nia Ramos, assistente social e agente da <a href=\"https:\/\/bit.ly\/2AHloGG\" target=\"_blank\" rel=\"noopener noreferrer\">Pastoral do Povo da Rua<\/a> na Arquidiocese do Rio de Janeiro; Ilaci Oliveira, fundadora da <a href=\"http:\/\/bit.ly\/33LkbHI\" target=\"_blank\" rel=\"noopener noreferrer\">Cooperativa Transvida<\/a> na <a href=\"http:\/\/bit.ly\/2m1TMEr\" target=\"_blank\" rel=\"noopener noreferrer\">Vila Cruzeiro<\/a>; e Claudete Costa, presidenta e primeira mulher representante do <a href=\"http:\/\/bit.ly\/2ddY3QK\" target=\"_blank\" rel=\"noopener noreferrer\">Movimento Nacional dos Catadores de Materiais Recicl\u00e1veis<\/a> (MNCR) no Rio de Janeiro.<\/p>\n<p>Clara Ferraz, da <a href=\"http:\/\/bit.ly\/1aIQgif\" target=\"_blank\" rel=\"noopener noreferrer\">Comunidade Catalisadoras<\/a>*, mediou o debate. Ela iniciou a programa\u00e7\u00e3o da noite lembrando a miss\u00e3o da <a href=\"http:\/\/bit.ly\/2BBaj72\">RFS<\/a> em \u201cconectar e apoiar as diversas iniciativas de sustentabilidade ambiental e resili\u00eancia social nas favelas da regi\u00e3o metropolitana do Rio de Janeiro\u201d. Ap\u00f3s a abertura, ela passou a palavra para <a href=\"https:\/\/bit.ly\/3gDbqp6\" target=\"_blank\" rel=\"noopener noreferrer\">Luiz Santiago<\/a>, que enfatizou as diversas maneiras pelas quais os catadores s\u00e3o essenciais para a sociedade, sendo a economia um dos fatores. \u201cA a\u00e7\u00e3o do catador de rua e das cooperativas gera uma redu\u00e7\u00e3o de gastos enorme para os munic\u00edpios. O material chega na ponta da balan\u00e7a com economia e ainda volta para a ind\u00fastria pelas m\u00e3os do catador, diminuindo a extra\u00e7\u00e3o de mat\u00e9ria prima da natureza\u201d, disse Luiz.<\/p>\n<p><a href=\"https:\/\/rioonwatch.org.br\/wp-content\/uploads\/2020\/07\/373cf540-9f75-4c28-9dbf-0cc410a03633.jpg\"><img fetchpriority=\"high\" decoding=\"async\" class=\"aligncenter wp-image-48688 size-medium\" src=\"https:\/\/rioonwatch.org.br\/wp-content\/uploads\/2020\/07\/373cf540-9f75-4c28-9dbf-0cc410a03633-620x413.jpg\" alt=\"\" width=\"620\" height=\"413\" srcset=\"https:\/\/rioonwatch.org.br\/wp-content\/uploads\/2020\/07\/373cf540-9f75-4c28-9dbf-0cc410a03633-620x413.jpg 620w, https:\/\/rioonwatch.org.br\/wp-content\/uploads\/2020\/07\/373cf540-9f75-4c28-9dbf-0cc410a03633-1024x683.jpg 1024w, https:\/\/rioonwatch.org.br\/wp-content\/uploads\/2020\/07\/373cf540-9f75-4c28-9dbf-0cc410a03633-396x264.jpg 396w, https:\/\/rioonwatch.org.br\/wp-content\/uploads\/2020\/07\/373cf540-9f75-4c28-9dbf-0cc410a03633-768x512.jpg 768w, https:\/\/rioonwatch.org.br\/wp-content\/uploads\/2020\/07\/373cf540-9f75-4c28-9dbf-0cc410a03633-1536x1024.jpg 1536w, https:\/\/rioonwatch.org.br\/wp-content\/uploads\/2020\/07\/373cf540-9f75-4c28-9dbf-0cc410a03633.jpg 2048w\" sizes=\"(max-width: 620px) 100vw, 620px\" \/><\/a><\/p>\n<h3>Economia e Emancipa\u00e7\u00e3o<\/h3>\n<p>Luiz ainda alertou para a percep\u00e7\u00e3o, da maior parte da sociedade, de que catadores s\u00e3o necessariamente pessoas em situa\u00e7\u00e3o de vulnerabilidade, o que n\u00e3o \u00e9 a regra geral da categoria. \u201cSomos agentes econ\u00f4micos, cobra-se efici\u00eancia e gest\u00e3o da gente, mas n\u00e3o temos acesso \u00e0 capital de giro e cr\u00e9dito. A enfermeira \u00e9 her\u00f3i, mas com o catador \u00e9 sempre a hist\u00f3ria do trabalho bonito, eu quero ser remunerado como qualquer trabalhador\u201d, reivindicou ele.<\/p>\n<p>J\u00e1 Edson Freitas, da <a href=\"https:\/\/bit.ly\/3b9MenN\" target=\"_blank\" rel=\"noopener noreferrer\">EccoVida<\/a>, exp\u00f4s o panorama econ\u00f4mico durante a pandemia. De acordo com ele, \u201cestim\u00e1vamos que 320.000 pessoas estivessem catando lixo no estado do Rio de Janeiro, mas com essa situa\u00e7\u00e3o de desemprego, este n\u00famero pode passar de 400.000 em um futuro pr\u00f3ximo. Temos cooperativas e pequenos dep\u00f3sitos que geram empregos para um ex\u00e9rcito. 90% do material recicl\u00e1vel vem de catadores e cooperativas e por isso esse ele precisa ser incentivado no estado. Estamos com dificuldades de escoar todo o material\u201d, revelou Edson.<\/p>\n<p>Claudete Costa, que come\u00e7ou a coletar materiais recicl\u00e1veis aos 10 anos, tem lutado pelo reconhecimento do trabalho de catadores e catadoras com apoio socioecon\u00f4mico. Representante do <a href=\"http:\/\/bit.ly\/2ddY3QK\" target=\"_blank\" rel=\"noopener noreferrer\">MNCR<\/a>, ela contextualizou a atual situa\u00e7\u00e3o dos trabalhadores: &#8220;Come\u00e7amos a entender a import\u00e2ncia de nos organizarmos para prestar servi\u00e7o dentro da sociedade. Seria importante uma lei que obrigue prefeituras a contratarem cooperativas de catadores de material recicl\u00e1vel, mas isso n\u00e3o acontece, muitas portas n\u00e3o est\u00e3o abertas para n\u00f3s. A <a href=\"https:\/\/bit.ly\/2ZSMVgR\" target=\"_blank\" rel=\"noopener noreferrer\">lei nacional de res\u00edduos<\/a> foi feita com a inclus\u00e3o de catadores e vemos que deu certo na ponta\u201d. Ela tamb\u00e9m destacou a import\u00e2ncia da dignidade dos trabalhadores atrav\u00e9s do respeito e reconhecimento. &#8220;A gente precisa de investimento e estrutura para estar de igual para igual no mercado. As empresas conseguem bilh\u00f5es em investimento e para n\u00f3s vem muito pouco. Fazemos um trabalho social e profissional, movimentamos mais de 7% da economia do nosso pa\u00eds. Dentro do Minist\u00e9rio do Trabalho somos reconhecidos como profissionais, \u00e9 uma profiss\u00e3o!\u201d disparou Claudete.<\/p>\n<p>Trabalhando como assistente social h\u00e1 20 anos junto \u00e0 Arquidiocese do Rio de Janeiro, T\u00e2nia Ramos realiza o trabalho de base com um grupo espec\u00edfico que n\u00e3o se encaixa no contexto organizado das cooperativas e organiza\u00e7\u00f5es. \u201cTemos que reconhecer e celebrar a dignidade de cada pessoa. Trabalhamos com o povo que est\u00e1 fora dos meios organizados, aqueles que est\u00e3o na rua, [que] catam no dia a dia e vendem para conseguir alimenta\u00e7\u00e3o. \u00c9 uma outra caracter\u00edstica e est\u00e1 presente principalmente nos centros urbanos\u201d, relatou ela.<\/p>\n<p><a href=\"https:\/\/rioonwatch.org.br\/wp-content\/uploads\/2019\/03\/catadores.jpg\"><img decoding=\"async\" class=\"aligncenter wp-image-39261 size-content\" src=\"https:\/\/rioonwatch.org.br\/wp-content\/uploads\/2019\/03\/catadores-620x250.jpg\" alt=\"\" width=\"620\" height=\"250\" \/><\/a><\/p>\n<h3><b>Educa\u00e7\u00e3o<\/b><\/h3>\n<p>O tema da educa\u00e7\u00e3o foi considerado um dos mais importantes pelos convidados, principalmente quando relacionado \u00e0 consci\u00eancia ambiental e \u00e0 forma\u00e7\u00e3o dos mais jovens para a valoriza\u00e7\u00e3o do meio ambiente. V\u00e2nia Nascimento, da <a href=\"https:\/\/bit.ly\/PerfilLataDoida\" target=\"_blank\" rel=\"noopener noreferrer\">Associa\u00e7\u00e3o Cultural Lata Doida<\/a> em Realengo, membro do Grupo de Trabalho de Res\u00edduos S\u00f3lidos da RFS, apontou como \u201corganiza\u00e7\u00f5es t\u00eam inser\u00e7\u00e3o em escolas municipais atrav\u00e9s de parcerias com professores. Os projetos chegam \u00e0s escolas com gincanas que estimulam a reciclagem de pl\u00e1sticos, metal, papel\u00e3o e \u00f3leo de cozinha, o que acaba engajando moradores e estimulando as favelas que ainda n\u00e3o t\u00eam coleta seletiva\u201d.<\/p>\n<p>Ilaci Oliveria da <a href=\"http:\/\/bit.ly\/2BN07s8\" target=\"_blank\" rel=\"noopener noreferrer\">Cooperativa Transvida<\/a> na Vila Cruzeiro tamb\u00e9m enfocou na educa\u00e7\u00e3o como forma de transformar a sociedade: \u201cMuitos achavam que tudo era lixo, mas o olhar mudou quando comecei a mostrar a import\u00e2ncia da reciclagem, mostrei o artesanato, o papel\u00e3o, o valor agregado no material. A mentalidade sobre o res\u00edduo que era jogado fora mudou, come\u00e7aram at\u00e9 a mandar os materiais j\u00e1 limpos\u201d. Ela concluiu que \u201cos catadores e catadoras limpam e tratam o meio ambiente, eles tamb\u00e9m atuam como educadores ambientais, s\u00e3o anos nesse trabalho que precisa ser transformado em pol\u00edtica p\u00fablica\u201d.<\/p>\n<p>Sobre educa\u00e7\u00e3o e a invisibilidade dos profissionais, Luiz ponderou: \u201cO catador \u00e9 um elo importante na quest\u00e3o de educa\u00e7\u00e3o ambiental. Muita gente de bem fala sobre educa\u00e7\u00e3o ambiental, mas n\u00e3o sabe para onde vai seu lixo, nunca foi num lix\u00e3o, numa cooperativa. Quem faz o trabalho de educador \u00e9 o catador, que recolhe e leva o material\u201d. Ele tamb\u00e9m notou que \u201ca Pol\u00edtica Nacional de Res\u00edduos S\u00f3lidos tem que ser implementada de verdade. Dizem que o Brasil \u00e9 o maior catador de latinhas do mundo, mas \u00e9 a troco de qu\u00ea? Hoje nem catam mais porque o alum\u00ednio n\u00e3o \u00e9 mais valorizado. Tudo acaba sendo em cima da mis\u00e9ria do catador, temos que nos rever como pa\u00eds, estamos cansados da invisibilidade\u201d.<\/p>\n<p style=\"text-align: center;\"><a href=\"https:\/\/rioonwatch.org.br\/wp-content\/uploads\/2019\/08\/Catadores3.jpg\"><img loading=\"lazy\" decoding=\"async\" class=\"alignnone wp-image-42762 size-content\" src=\"https:\/\/rioonwatch.org.br\/wp-content\/uploads\/2019\/08\/Catadores3-620x264.jpg\" alt=\"\" width=\"620\" height=\"264\" srcset=\"https:\/\/rioonwatch.org.br\/wp-content\/uploads\/2019\/08\/Catadores3-620x264.jpg 620w, https:\/\/rioonwatch.org.br\/wp-content\/uploads\/2019\/08\/Catadores3-940x400.jpg 940w\" sizes=\"(max-width: 620px) 100vw, 620px\" \/><\/a><\/p>\n<h3><b>Coronav\u00edrus<\/b><\/h3>\n<p>Sobre as dificuldades encontradas por catadoras e catadores durante a pandemia da COVID-19, Gilberto admitiu que o trabalho fica ainda mais dif\u00edcil. \u201cAgora temos que aguardar para pegar o material. Em alguns caso eu recomendo esperar o gari, para n\u00e3o acumular nas lixeiras. Alguns j\u00e1 est\u00e3o com a doen\u00e7a, por isso paramos de ir a alguns lugares\u201d. J\u00e1 T\u00e2nia reiterou: \u201cNesse momento de pandemia \u00e9 importante come\u00e7ar a ouvir catadores e moradores de rua. Pergunte para o seu catador o que ele precisa, escutem o que cada grupo e o que cada pessoa necessita, ajude nas campanhas\u201d, pediu ela.<\/p>\n<p>Na mesma linha, Claudete expressou sua preocupa\u00e7\u00e3o: \u201cEstamos impossibilitados de estar nas ruas fazendo nosso trabalho, por isso a import\u00e2ncia da solidariedade com os catadores. Estou em casa desde mar\u00e7o e agora estou come\u00e7ando a me organizar com outros catadores que est\u00e3o voltando \u00e0s atividades\u201d. Ela tamb\u00e9m mencionou as dificuldades dos trabalhadores: \u201cEstamos precisando de ajuda com cestas b\u00e1sicas. Somos profissionais, somos trabalhadoras e trabalhadores e as contas est\u00e3o acumuladas. Infelizmente temos um governo completamente alheio a essa situa\u00e7\u00e3o\u201d.<\/p>\n<p><a href=\"https:\/\/rioonwatch.org.br\/wp-content\/uploads\/2020\/07\/Screenshot_2020-07-09-ApoieUmCatador.jpg\"><img loading=\"lazy\" decoding=\"async\" class=\"aligncenter wp-image-48690 size-content\" src=\"https:\/\/rioonwatch.org.br\/wp-content\/uploads\/2020\/07\/Screenshot_2020-07-09-ApoieUmCatador-620x264.jpg\" alt=\"\" width=\"620\" height=\"264\" srcset=\"https:\/\/rioonwatch.org.br\/wp-content\/uploads\/2020\/07\/Screenshot_2020-07-09-ApoieUmCatador-620x264.jpg 620w, https:\/\/rioonwatch.org.br\/wp-content\/uploads\/2020\/07\/Screenshot_2020-07-09-ApoieUmCatador-940x400.jpg 940w\" sizes=\"(max-width: 620px) 100vw, 620px\" \/><\/a><\/p>\n<p>E como ajudar? Clara destacou a todos, ao fim das falas iniciais, a origem da live, que \u00e9 a campanha <a href=\"https:\/\/www.bit.ly\/ApoieUmCatador\" target=\"_blank\" rel=\"noopener noreferrer\">#ApoieUmCatador<\/a>. \u201cCatadores e catadoras prestam um apoio essencial \u00e0 preserva\u00e7\u00e3o do meio ambiente e, hoje, eles e elas correm muitos riscos durante a pandemia, incluindo o contato com material contaminado e o impacto no pagamento reduzido. Voc\u00ea tamb\u00e9m pode apoiar diretamente os catadores na sua rua, fazer a higieniza\u00e7\u00e3o dos materiais recicl\u00e1veis e tomar cuidado com luvas e m\u00e1scaras que n\u00e3o devem ir junto aos materiais recicl\u00e1veis.\u201d Todas essas informa\u00e7\u00f5es e mais orienta\u00e7\u00f5es podem ser vistas na <a href=\"http:\/\/www.bit.ly\/ApoieUmCatador\" target=\"_blank\" rel=\"noopener noreferrer\">p\u00e1gina da campanha<\/a>\u00a0<span style=\"font-weight: 400;\">onde h\u00e1 tamb\u00e9m um <\/span><a href=\"http:\/\/bit.ly\/DoeUmCatador\"><span style=\"font-weight: 400;\">link para doa\u00e7\u00f5es<\/span><\/a>.<\/p>\n<p>Clara tamb\u00e9m convidou todos os participantes a compartilharem <a href=\"https:\/\/bit.ly\/PlaylistMostreSeuLixo\" target=\"_blank\" rel=\"noopener noreferrer\">os v\u00eddeos do desafio #MostreSeuLixo<\/a> (tamb\u00e9m dispon\u00edveis no <a href=\"https:\/\/bit.ly\/2CkofWH\" target=\"_blank\" rel=\"noopener noreferrer\">Facebook da Rede Favela Sustent\u00e1vel<\/a>) e, principalmente, postarem os seus pr\u00f3prios. Para mostrar apoio aos catadores, pode-se fazer um v\u00eddeo simples, caseiro, retratando os res\u00edduos de sua casa: \u201cEsses v\u00eddeos v\u00e3o fomentar um debate p\u00fablico sobre como lidamos com nossos res\u00edduos e trazer aten\u00e7\u00e3o para a Campanha #ApoieUmCatador,\u201d explicou Clara, orientando que todos que postem v\u00eddeos incluam men\u00e7\u00e3o \u00e0 hashtag da campanha e convidem seus seguidores a acessarem <a href=\"http:\/\/www.bit.ly\/ApoieUmCatador\" target=\"_blank\" rel=\"noopener noreferrer\">a p\u00e1gina<\/a> para terem mais informa\u00e7\u00f5es sobre como apoiar catadoras e catadores durante a pandemia. \u201cA ideia \u00e9 que cada pessoa que fa\u00e7a o v\u00eddeo desafie tr\u00eas outras pessoas a postarem v\u00eddeos tamb\u00e9m, assim n\u00f3s criaremos uma onda de engajamento e apoio\u201d.<\/p>\n<p>Cris dos Prazeres, do projeto <a href=\"http:\/\/bit.ly\/2gLgo9U\" target=\"_blank\" rel=\"noopener noreferrer\">ReciclA\u00e7\u00e3o<\/a> e membro do GT, concluiu: \u201cCada vez que vejo aut\u00f4nomos e an\u00f4nimos vindo buscar informa\u00e7\u00f5es sobre EPIs (Equipamento de Prote\u00e7\u00e3o Individual) fico muito feliz, estamos passando por uma transforma\u00e7\u00e3o pessoal e profissional. Essa luta inspira e fortalece a constru\u00e7\u00e3o compartilhada, valorizando a a\u00e7\u00e3o ambiental. Parab\u00e9ns \u00e0 Rede!\u201d<\/p>\n<h3>Assista \u00e0 Live interativa <a href=\"https:\/\/bit.ly\/LIVEApoieUmCatador\" target=\"_blank\" rel=\"noopener noreferrer\">aqui<\/a>:<\/h3>\n<p><iframe src=\"https:\/\/www.youtube.com\/embed\/zmTR_oJgfJ0\" width=\"620\" height=\"315\" frameborder=\"0\" allowfullscreen=\"allowfullscreen\"><span data-mce-type=\"bookmark\" style=\"display: inline-block; width: 0px; overflow: hidden; line-height: 0;\" class=\"mce_SELRES_start\">\ufeff<\/span><\/iframe><\/p>\n<p><em>*<\/em><i data-stringify-type=\"italic\">A Rede Favela Sustent\u00e1vel (RFS) e o RioOnWatch s\u00e3o projetos da\u00a0<\/i><i data-stringify-type=\"italic\"><a class=\"c-link\" href=\"http:\/\/bit.ly\/2Ziqwv5\" target=\"_blank\" rel=\"noopener noreferrer\" data-stringify-link=\"http:\/\/bit.ly\/2Ziqwv5\" data-sk=\"tooltip_parent\" aria-describedby=\"sk-tooltip-6287\">Comunidades Catalisadoras<\/a><\/i><i data-stringify-type=\"italic\">. A RFS tem o apoio da\u00a0<\/i><i data-stringify-type=\"italic\"><a class=\"c-link\" href=\"http:\/\/bit.ly\/2sKLSD3\" target=\"_blank\" rel=\"noopener noreferrer\" data-stringify-link=\"http:\/\/bit.ly\/2sKLSD3\" data-sk=\"tooltip_parent\" aria-describedby=\"sk-tooltip-6288\">Funda\u00e7\u00e3o Heinrich B\u00f6ll Brasil<\/a><\/i><\/p>\n<hr \/>\n<h4><strong>Apoie nossos esfor\u00e7os para fornecer assist\u00eancia estrat\u00e9gica \u00e0s favelas do Rio durante a pandemia de Covid-19, incluindo o jornalismo hiperlocal, cr\u00edtico, inovador e incans\u00e1vel do\u00a0<em>RioOnWatch<\/em><\/strong>\u2014<a href=\"http:\/\/bit.ly\/CatalisandoComunidades\">doe aqui<\/a>.<\/h4>\n<!-- AddThis Advanced Settings generic via filter on the_content --><!-- AddThis Share Buttons generic via filter on the_content -->","protected":false},"excerpt":{"rendered":"<div class=\"mh-excerpt\"><p>Click Here for English Esta \u00e9 a nossa mais recente mat\u00e9ria sobre\u00a0o novo coronav\u00edrus e seus impactos sobre as favelas e tamb\u00e9m da s\u00e9rie LIVES Covid-19 nas Favelas. Na esteira da campanha #ApoieUmCatador, que busca <a class=\"mh-excerpt-more\" href=\"https:\/\/rioonwatch.org.br\/?p=48686\" title=\"Live &#8216;Como a Pandemia Impacta os Catadores?&#8217; Debate o Tema e Refor\u00e7a #ApoieUmCatador [V\u00cdDEO]\">[&#8230;]<\/a><!-- AddThis Advanced Settings generic via filter on get_the_excerpt --><!-- AddThis Share Buttons generic via filter on get_the_excerpt --><\/p>\n<\/div>","protected":false},"author":166,"featured_media":48689,"comment_status":"closed","ping_status":"closed","sticky":false,"template":"","format":"standard","meta":{"_acf_changed":false,"_monsterinsights_skip_tracking":false,"_monsterinsights_sitenote_active":false,"_monsterinsights_sitenote_note":"","_monsterinsights_sitenote_category":0,"footnotes":""},"categories":[2753,1621,1627,1388,344,1639,1638],"tags":[103,2291,2748,709,316,363,1554,2438,360,44,361,2289,2754,2549,2824,1810,1001,218],"writer":[2826],"translator":[],"source":[],"ilustrador":[],"fotografo":[],"class_list":{"0":"post-48686","1":"post","2":"type-post","3":"status-publish","4":"format-standard","5":"has-post-thumbnail","7":"category-covid19nasfavelas","8":"category-destaque","9":"category-relato-de-evento","10":"category-formas-de-apoiar","11":"category-politicas","12":"category-sustentabilidade","13":"category-video","14":"tag-catadores","15":"tag-complexo-do-salgueiro","16":"tag-coronavirus","17":"tag-debate","18":"tag-educacao","19":"tag-educacao-ambiental","20":"tag-gestao-de-residuos","21":"tag-honorio-gurgel","22":"tag-lixo","23":"tag-prazeres","24":"tag-reciclagem","25":"tag-serie","26":"tag-serie-covid-19-nas-favelas","27":"tag-serie-intercambios-da-rfs","28":"tag-serie-lives-covid-19-nas-favelas","29":"tag-video","30":"tag-vila-cruzeiro","31":"tag-zona-norte","32":"writer-wilson-saiki-junior"},"acf":[],"yoast_head":"<!-- This site is optimized with the Yoast SEO plugin v25.6 - https:\/\/yoast.com\/wordpress\/plugins\/seo\/ -->\n<title>Live &#039;Como a Pandemia Impacta os Catadores?&#039; Debate o Tema e Refor\u00e7a #ApoieUmCatador [V\u00cdDEO] - RioOnWatch<\/title>\n<meta name=\"robots\" content=\"index, follow, max-snippet:-1, max-image-preview:large, max-video-preview:-1\" \/>\n<link rel=\"canonical\" href=\"https:\/\/rioonwatch.org.br\/?p=48686\" \/>\n<meta property=\"og:locale\" content=\"pt_BR\" \/>\n<meta property=\"og:type\" content=\"article\" \/>\n<meta property=\"og:title\" content=\"Live &#039;Como a Pandemia Impacta os Catadores?&#039; Debate o Tema e Refor\u00e7a #ApoieUmCatador [V\u00cdDEO] - RioOnWatch\" \/>\n<meta property=\"og:description\" content=\"Click Here for English Esta \u00e9 a nossa mais recente mat\u00e9ria sobre\u00a0o novo coronav\u00edrus e seus impactos sobre as favelas e tamb\u00e9m da s\u00e9rie LIVES Covid-19 nas Favelas. Na esteira da campanha #ApoieUmCatador, que busca [...]\" \/>\n<meta property=\"og:url\" content=\"https:\/\/rioonwatch.org.br\/?p=48686\" \/>\n<meta property=\"og:site_name\" content=\"RioOnWatch\" \/>\n<meta property=\"article:published_time\" content=\"2020-07-10T16:28:29+00:00\" \/>\n<meta property=\"article:modified_time\" content=\"2020-12-17T16:24:19+00:00\" \/>\n<meta property=\"og:image\" content=\"https:\/\/rioonwatch.org.br\/wp-content\/uploads\/2020\/07\/373cf540-9f75-4c28-9dbf-0cc410a03633.jpg\" \/>\n\t<meta property=\"og:image:width\" content=\"2048\" \/>\n\t<meta property=\"og:image:height\" content=\"1365\" \/>\n\t<meta property=\"og:image:type\" content=\"image\/jpeg\" \/>\n<meta name=\"author\" content=\"Wilson Saiki Junior\" \/>\n<meta name=\"twitter:card\" content=\"summary_large_image\" \/>\n<meta name=\"twitter:label1\" content=\"Escrito por\" \/>\n\t<meta name=\"twitter:data1\" content=\"Wilson Saiki Junior\" \/>\n\t<meta name=\"twitter:label2\" content=\"Est. tempo de leitura\" \/>\n\t<meta name=\"twitter:data2\" content=\"9 minutos\" \/>\n<script type=\"application\/ld+json\" class=\"yoast-schema-graph\">{\"@context\":\"https:\/\/schema.org\",\"@graph\":[{\"@type\":\"Article\",\"@id\":\"https:\/\/rioonwatch.org.br\/?p=48686#article\",\"isPartOf\":{\"@id\":\"https:\/\/rioonwatch.org.br\/?p=48686\"},\"author\":{\"name\":\"Wilson Saiki Junior\",\"@id\":\"https:\/\/rioonwatch.org.br\/#\/schema\/person\/441912ed23f9d383f2360a738f12c96c\"},\"headline\":\"Live &#8216;Como a Pandemia Impacta os Catadores?&#8217; Debate o Tema e Refor\u00e7a #ApoieUmCatador [V\u00cdDEO]\",\"datePublished\":\"2020-07-10T16:28:29+00:00\",\"dateModified\":\"2020-12-17T16:24:19+00:00\",\"mainEntityOfPage\":{\"@id\":\"https:\/\/rioonwatch.org.br\/?p=48686\"},\"wordCount\":1797,\"publisher\":{\"@id\":\"https:\/\/rioonwatch.org.br\/#organization\"},\"image\":{\"@id\":\"https:\/\/rioonwatch.org.br\/?p=48686#primaryimage\"},\"thumbnailUrl\":\"https:\/\/rioonwatch.org.br\/wp-content\/uploads\/2020\/07\/LiveCatadores-e1594301625333.jpg\",\"keywords\":[\"catadores\",\"Complexo do Salgueiro\",\"coronav\u00edrus\",\"debate\",\"educa\u00e7\u00e3o\",\"educa\u00e7\u00e3o ambiental\",\"gest\u00e3o de res\u00edduos\",\"Hon\u00f3rio Gurgel\",\"lixo\",\"Morro dos Prazeres\",\"reciclagem\",\"S\u00e9rie\",\"S\u00e9rie: Covid-19 Nas Favelas\",\"S\u00e9rie: Interc\u00e2mbios da RFS\",\"S\u00e9rie: LIVES Covid-19 nas Favelas\",\"v\u00eddeo\",\"Vila Cruzeiro\",\"Zona Norte\"],\"articleSection\":[\"#Covid19NasFavelas\",\"*Destaque\",\"Cobertura de Eventos\",\"Formas de Apoiar\",\"Pol\u00edticas\",\"Sustentabilidade\",\"V\u00eddeo\"],\"inLanguage\":\"pt-BR\"},{\"@type\":\"WebPage\",\"@id\":\"https:\/\/rioonwatch.org.br\/?p=48686\",\"url\":\"https:\/\/rioonwatch.org.br\/?p=48686\",\"name\":\"Live 'Como a Pandemia Impacta os Catadores?' Debate o Tema e Refor\u00e7a #ApoieUmCatador [V\u00cdDEO] - RioOnWatch\",\"isPartOf\":{\"@id\":\"https:\/\/rioonwatch.org.br\/#website\"},\"primaryImageOfPage\":{\"@id\":\"https:\/\/rioonwatch.org.br\/?p=48686#primaryimage\"},\"image\":{\"@id\":\"https:\/\/rioonwatch.org.br\/?p=48686#primaryimage\"},\"thumbnailUrl\":\"https:\/\/rioonwatch.org.br\/wp-content\/uploads\/2020\/07\/LiveCatadores-e1594301625333.jpg\",\"datePublished\":\"2020-07-10T16:28:29+00:00\",\"dateModified\":\"2020-12-17T16:24:19+00:00\",\"breadcrumb\":{\"@id\":\"https:\/\/rioonwatch.org.br\/?p=48686#breadcrumb\"},\"inLanguage\":\"pt-BR\",\"potentialAction\":[{\"@type\":\"ReadAction\",\"target\":[\"https:\/\/rioonwatch.org.br\/?p=48686\"]}]},{\"@type\":\"ImageObject\",\"inLanguage\":\"pt-BR\",\"@id\":\"https:\/\/rioonwatch.org.br\/?p=48686#primaryimage\",\"url\":\"https:\/\/rioonwatch.org.br\/wp-content\/uploads\/2020\/07\/LiveCatadores-e1594301625333.jpg\",\"contentUrl\":\"https:\/\/rioonwatch.org.br\/wp-content\/uploads\/2020\/07\/LiveCatadores-e1594301625333.jpg\",\"width\":1920,\"height\":864},{\"@type\":\"BreadcrumbList\",\"@id\":\"https:\/\/rioonwatch.org.br\/?p=48686#breadcrumb\",\"itemListElement\":[{\"@type\":\"ListItem\",\"position\":1,\"name\":\"In\u00edcio\",\"item\":\"https:\/\/rioonwatch.org.br\/\"},{\"@type\":\"ListItem\",\"position\":2,\"name\":\"Live &#8216;Como a Pandemia Impacta os Catadores?&#8217; Debate o Tema e Refor\u00e7a #ApoieUmCatador [V\u00cdDEO]\"}]},{\"@type\":\"WebSite\",\"@id\":\"https:\/\/rioonwatch.org.br\/#website\",\"url\":\"https:\/\/rioonwatch.org.br\/\",\"name\":\"RioOnWatch\",\"description\":\"relatos das favelas cariocas\",\"publisher\":{\"@id\":\"https:\/\/rioonwatch.org.br\/#organization\"},\"potentialAction\":[{\"@type\":\"SearchAction\",\"target\":{\"@type\":\"EntryPoint\",\"urlTemplate\":\"https:\/\/rioonwatch.org.br\/?s={search_term_string}\"},\"query-input\":{\"@type\":\"PropertyValueSpecification\",\"valueRequired\":true,\"valueName\":\"search_term_string\"}}],\"inLanguage\":\"pt-BR\"},{\"@type\":\"Organization\",\"@id\":\"https:\/\/rioonwatch.org.br\/#organization\",\"name\":\"RioOnWatch\",\"url\":\"https:\/\/rioonwatch.org.br\/\",\"logo\":{\"@type\":\"ImageObject\",\"inLanguage\":\"pt-BR\",\"@id\":\"https:\/\/rioonwatch.org.br\/#\/schema\/logo\/image\/\",\"url\":\"https:\/\/rioonwatch.org.br\/wp-content\/uploads\/2021\/06\/RioOnWatchcabecalhoPT11anos-2.png\",\"contentUrl\":\"https:\/\/rioonwatch.org.br\/wp-content\/uploads\/2021\/06\/RioOnWatchcabecalhoPT11anos-2.png\",\"width\":779,\"height\":277,\"caption\":\"RioOnWatch\"},\"image\":{\"@id\":\"https:\/\/rioonwatch.org.br\/#\/schema\/logo\/image\/\"}},{\"@type\":\"Person\",\"@id\":\"https:\/\/rioonwatch.org.br\/#\/schema\/person\/441912ed23f9d383f2360a738f12c96c\",\"name\":\"Wilson Saiki Junior\",\"image\":{\"@type\":\"ImageObject\",\"inLanguage\":\"pt-BR\",\"@id\":\"https:\/\/rioonwatch.org.br\/#\/schema\/person\/image\/\",\"url\":\"https:\/\/secure.gravatar.com\/avatar\/ef58dab6ec43450f7c0f6c905f507f12?s=96&d=blank&r=g\",\"contentUrl\":\"https:\/\/secure.gravatar.com\/avatar\/ef58dab6ec43450f7c0f6c905f507f12?s=96&d=blank&r=g\",\"caption\":\"Wilson Saiki Junior\"},\"url\":\"https:\/\/rioonwatch.org.br\/?author=166\"}]}<\/script>\n<!-- \/ Yoast SEO plugin. -->","yoast_head_json":{"title":"Live 'Como a Pandemia Impacta os Catadores?' Debate o Tema e Refor\u00e7a #ApoieUmCatador [V\u00cdDEO] - RioOnWatch","robots":{"index":"index","follow":"follow","max-snippet":"max-snippet:-1","max-image-preview":"max-image-preview:large","max-video-preview":"max-video-preview:-1"},"canonical":"https:\/\/rioonwatch.org.br\/?p=48686","og_locale":"pt_BR","og_type":"article","og_title":"Live 'Como a Pandemia Impacta os Catadores?' Debate o Tema e Refor\u00e7a #ApoieUmCatador [V\u00cdDEO] - RioOnWatch","og_description":"Click Here for English Esta \u00e9 a nossa mais recente mat\u00e9ria sobre\u00a0o novo coronav\u00edrus e seus impactos sobre as favelas e tamb\u00e9m da s\u00e9rie LIVES Covid-19 nas Favelas. Na esteira da campanha #ApoieUmCatador, que busca [...]","og_url":"https:\/\/rioonwatch.org.br\/?p=48686","og_site_name":"RioOnWatch","article_published_time":"2020-07-10T16:28:29+00:00","article_modified_time":"2020-12-17T16:24:19+00:00","og_image":[{"width":2048,"height":1365,"url":"https:\/\/rioonwatch.org.br\/wp-content\/uploads\/2020\/07\/373cf540-9f75-4c28-9dbf-0cc410a03633.jpg","type":"image\/jpeg"}],"author":"Wilson Saiki Junior","twitter_card":"summary_large_image","twitter_misc":{"Escrito por":"Wilson Saiki Junior","Est. tempo de leitura":"9 minutos"},"schema":{"@context":"https:\/\/schema.org","@graph":[{"@type":"Article","@id":"https:\/\/rioonwatch.org.br\/?p=48686#article","isPartOf":{"@id":"https:\/\/rioonwatch.org.br\/?p=48686"},"author":{"name":"Wilson Saiki Junior","@id":"https:\/\/rioonwatch.org.br\/#\/schema\/person\/441912ed23f9d383f2360a738f12c96c"},"headline":"Live &#8216;Como a Pandemia Impacta os Catadores?&#8217; Debate o Tema e Refor\u00e7a #ApoieUmCatador [V\u00cdDEO]","datePublished":"2020-07-10T16:28:29+00:00","dateModified":"2020-12-17T16:24:19+00:00","mainEntityOfPage":{"@id":"https:\/\/rioonwatch.org.br\/?p=48686"},"wordCount":1797,"publisher":{"@id":"https:\/\/rioonwatch.org.br\/#organization"},"image":{"@id":"https:\/\/rioonwatch.org.br\/?p=48686#primaryimage"},"thumbnailUrl":"https:\/\/rioonwatch.org.br\/wp-content\/uploads\/2020\/07\/LiveCatadores-e1594301625333.jpg","keywords":["catadores","Complexo do Salgueiro","coronav\u00edrus","debate","educa\u00e7\u00e3o","educa\u00e7\u00e3o ambiental","gest\u00e3o de res\u00edduos","Hon\u00f3rio Gurgel","lixo","Morro dos Prazeres","reciclagem","S\u00e9rie","S\u00e9rie: Covid-19 Nas Favelas","S\u00e9rie: Interc\u00e2mbios da RFS","S\u00e9rie: LIVES Covid-19 nas Favelas","v\u00eddeo","Vila Cruzeiro","Zona Norte"],"articleSection":["#Covid19NasFavelas","*Destaque","Cobertura de Eventos","Formas de Apoiar","Pol\u00edticas","Sustentabilidade","V\u00eddeo"],"inLanguage":"pt-BR"},{"@type":"WebPage","@id":"https:\/\/rioonwatch.org.br\/?p=48686","url":"https:\/\/rioonwatch.org.br\/?p=48686","name":"Live 'Como a Pandemia Impacta os Catadores?' Debate o Tema e Refor\u00e7a #ApoieUmCatador [V\u00cdDEO] - RioOnWatch","isPartOf":{"@id":"https:\/\/rioonwatch.org.br\/#website"},"primaryImageOfPage":{"@id":"https:\/\/rioonwatch.org.br\/?p=48686#primaryimage"},"image":{"@id":"https:\/\/rioonwatch.org.br\/?p=48686#primaryimage"},"thumbnailUrl":"https:\/\/rioonwatch.org.br\/wp-content\/uploads\/2020\/07\/LiveCatadores-e1594301625333.jpg","datePublished":"2020-07-10T16:28:29+00:00","dateModified":"2020-12-17T16:24:19+00:00","breadcrumb":{"@id":"https:\/\/rioonwatch.org.br\/?p=48686#breadcrumb"},"inLanguage":"pt-BR","potentialAction":[{"@type":"ReadAction","target":["https:\/\/rioonwatch.org.br\/?p=48686"]}]},{"@type":"ImageObject","inLanguage":"pt-BR","@id":"https:\/\/rioonwatch.org.br\/?p=48686#primaryimage","url":"https:\/\/rioonwatch.org.br\/wp-content\/uploads\/2020\/07\/LiveCatadores-e1594301625333.jpg","contentUrl":"https:\/\/rioonwatch.org.br\/wp-content\/uploads\/2020\/07\/LiveCatadores-e1594301625333.jpg","width":1920,"height":864},{"@type":"BreadcrumbList","@id":"https:\/\/rioonwatch.org.br\/?p=48686#breadcrumb","itemListElement":[{"@type":"ListItem","position":1,"name":"In\u00edcio","item":"https:\/\/rioonwatch.org.br\/"},{"@type":"ListItem","position":2,"name":"Live &#8216;Como a Pandemia Impacta os Catadores?&#8217; Debate o Tema e Refor\u00e7a #ApoieUmCatador [V\u00cdDEO]"}]},{"@type":"WebSite","@id":"https:\/\/rioonwatch.org.br\/#website","url":"https:\/\/rioonwatch.org.br\/","name":"RioOnWatch","description":"relatos das favelas cariocas","publisher":{"@id":"https:\/\/rioonwatch.org.br\/#organization"},"potentialAction":[{"@type":"SearchAction","target":{"@type":"EntryPoint","urlTemplate":"https:\/\/rioonwatch.org.br\/?s={search_term_string}"},"query-input":{"@type":"PropertyValueSpecification","valueRequired":true,"valueName":"search_term_string"}}],"inLanguage":"pt-BR"},{"@type":"Organization","@id":"https:\/\/rioonwatch.org.br\/#organization","name":"RioOnWatch","url":"https:\/\/rioonwatch.org.br\/","logo":{"@type":"ImageObject","inLanguage":"pt-BR","@id":"https:\/\/rioonwatch.org.br\/#\/schema\/logo\/image\/","url":"https:\/\/rioonwatch.org.br\/wp-content\/uploads\/2021\/06\/RioOnWatchcabecalhoPT11anos-2.png","contentUrl":"https:\/\/rioonwatch.org.br\/wp-content\/uploads\/2021\/06\/RioOnWatchcabecalhoPT11anos-2.png","width":779,"height":277,"caption":"RioOnWatch"},"image":{"@id":"https:\/\/rioonwatch.org.br\/#\/schema\/logo\/image\/"}},{"@type":"Person","@id":"https:\/\/rioonwatch.org.br\/#\/schema\/person\/441912ed23f9d383f2360a738f12c96c","name":"Wilson Saiki Junior","image":{"@type":"ImageObject","inLanguage":"pt-BR","@id":"https:\/\/rioonwatch.org.br\/#\/schema\/person\/image\/","url":"https:\/\/secure.gravatar.com\/avatar\/ef58dab6ec43450f7c0f6c905f507f12?s=96&d=blank&r=g","contentUrl":"https:\/\/secure.gravatar.com\/avatar\/ef58dab6ec43450f7c0f6c905f507f12?s=96&d=blank&r=g","caption":"Wilson Saiki Junior"},"url":"https:\/\/rioonwatch.org.br\/?author=166"}]}},"_links":{"self":[{"href":"https:\/\/rioonwatch.org.br\/index.php?rest_route=\/wp\/v2\/posts\/48686"}],"collection":[{"href":"https:\/\/rioonwatch.org.br\/index.php?rest_route=\/wp\/v2\/posts"}],"about":[{"href":"https:\/\/rioonwatch.org.br\/index.php?rest_route=\/wp\/v2\/types\/post"}],"author":[{"embeddable":true,"href":"https:\/\/rioonwatch.org.br\/index.php?rest_route=\/wp\/v2\/users\/166"}],"replies":[{"embeddable":true,"href":"https:\/\/rioonwatch.org.br\/index.php?rest_route=%2Fwp%2Fv2%2Fcomments&post=48686"}],"version-history":[{"count":30,"href":"https:\/\/rioonwatch.org.br\/index.php?rest_route=\/wp\/v2\/posts\/48686\/revisions"}],"predecessor-version":[{"id":50748,"href":"https:\/\/rioonwatch.org.br\/index.php?rest_route=\/wp\/v2\/posts\/48686\/revisions\/50748"}],"wp:featuredmedia":[{"embeddable":true,"href":"https:\/\/rioonwatch.org.br\/index.php?rest_route=\/wp\/v2\/media\/48689"}],"wp:attachment":[{"href":"https:\/\/rioonwatch.org.br\/index.php?rest_route=%2Fwp%2Fv2%2Fmedia&parent=48686"}],"wp:term":[{"taxonomy":"category","embeddable":true,"href":"https:\/\/rioonwatch.org.br\/index.php?rest_route=%2Fwp%2Fv2%2Fcategories&post=48686"},{"taxonomy":"post_tag","embeddable":true,"href":"https:\/\/rioonwatch.org.br\/index.php?rest_route=%2Fwp%2Fv2%2Ftags&post=48686"},{"taxonomy":"writer","embeddable":true,"href":"https:\/\/rioonwatch.org.br\/index.php?rest_route=%2Fwp%2Fv2%2Fwriter&post=48686"},{"taxonomy":"translator","embeddable":true,"href":"https:\/\/rioonwatch.org.br\/index.php?rest_route=%2Fwp%2Fv2%2Ftranslator&post=48686"},{"taxonomy":"source","embeddable":true,"href":"https:\/\/rioonwatch.org.br\/index.php?rest_route=%2Fwp%2Fv2%2Fsource&post=48686"},{"taxonomy":"ilustrador","embeddable":true,"href":"https:\/\/rioonwatch.org.br\/index.php?rest_route=%2Fwp%2Fv2%2Filustrador&post=48686"},{"taxonomy":"fotografo","embeddable":true,"href":"https:\/\/rioonwatch.org.br\/index.php?rest_route=%2Fwp%2Fv2%2Ffotografo&post=48686"}],"curies":[{"name":"wp","href":"https:\/\/api.w.org\/{rel}","templated":true}]}}