{"id":48864,"date":"2020-08-18T09:00:04","date_gmt":"2020-08-18T12:00:04","guid":{"rendered":"https:\/\/rioonwatch.org.br\/?p=48864"},"modified":"2024-05-24T12:35:28","modified_gmt":"2024-05-24T15:35:28","slug":"__trashed-2","status":"publish","type":"post","link":"https:\/\/rioonwatch.org.br\/?p=48864","title":{"rendered":"Sim, N\u00f3s Queremos Dizer Literalmente: Abolir a Pol\u00edcia [OPINI\u00c3O]"},"content":{"rendered":"<p style=\"text-align: right;\"><em><strong><a href=\"https:\/\/nyti.ms\/3gVwEPM\" target=\"_blank\" rel=\"noopener noreferrer\">Click Here for English<\/a><a href=\"https:\/\/nyti.ms\/3gVwEPM\" target=\"_blank\" rel=\"noopener noreferrer\"><img decoding=\"async\" width=\"20\" height=\"20\" class=\"alignright wp-image-15790\" src=\"https:\/\/rioonwatch.org.br\/wp-content\/uploads\/2012\/08\/EN-standard-e1439583104716.jpg\" \/><\/a><\/strong><\/em><\/p>\n<p><i><em>Leia a mat\u00e9ria original por Mariame Kaba, em ingl\u00eas, no <em class=\"css-2fg4z9 e1gzwzxm0\">The New York Times<\/em>\u00a0<a href=\"https:\/\/nyti.ms\/3gVwEPM\" target=\"_blank\" rel=\"noopener noreferrer\">aqui<\/a><\/em><em>.\u00a0<\/em><\/i><i><em>O RioOnWatch traduz mat\u00e9rias do ingl\u00eas para que brasileiros possam ter acesso e acompanhar temas ou an\u00e1lises cobertos fora do pa\u00eds que nem sempre s\u00e3o cobertos no Brasil.\u00a0<\/em><\/i><\/p>\n<p><span style=\"font-weight: 400;\">Os congressistas democratas <\/span><a href=\"https:\/\/nyti.ms\/2N9kQvR\" target=\"_blank\" rel=\"noopener noreferrer\"><span style=\"font-weight: 400;\">querem<\/span><\/a><span style=\"font-weight: 400;\"> facilitar a identifica\u00e7\u00e3o e acusa\u00e7\u00e3o da m\u00e1 conduta policial; Joe Biden quer dar <\/span><a href=\"https:\/\/bit.ly\/32xhGuG\" target=\"_blank\" rel=\"noopener noreferrer\"><span style=\"font-weight: 400;\">$300 milh\u00f5es de d\u00f3lares<\/span><\/a><span style=\"font-weight: 400;\"> ao departamento de pol\u00edcia. Mas os esfor\u00e7os em tentar solucionar a quest\u00e3o da viol\u00eancia policial, atrav\u00e9s de reformas liberais como essas t\u00eam falhado por quase um s\u00e9culo.<\/span><\/p>\n<p><span style=\"font-weight: 400;\">Chega. N\u00e3o podemos reformar a pol\u00edcia. A \u00fanica forma de diminuir a viol\u00eancia policial \u00e9 reduzir o contato entre ela e o p\u00fablico.<\/span><\/p>\n<p><span style=\"font-weight: 400;\">N\u00e3o h\u00e1 um per\u00edodo sequer na hist\u00f3ria dos <a href=\"https:\/\/bit.ly\/2y11XaE\" target=\"_blank\" rel=\"noopener noreferrer\">Estados Unidos<\/a> em que a pol\u00edcia n\u00e3o foi um instrumento de viol\u00eancia contra a popula\u00e7\u00e3o negra. O policiamento do Sul surgiu das <\/span><a href=\"https:\/\/bit.ly\/2ZJe8E8\"><span style=\"font-weight: 400;\">patrulhas de escravos<\/span><\/a><span style=\"font-weight: 400;\"> nos s\u00e9culos 18 e 19, que <a href=\"https:\/\/bit.ly\/2ZC0kM3\" target=\"_blank\" rel=\"noopener noreferrer\">capturavam e devolviam escravos fugitivos<\/a>. No Norte, os primeiros departamentos policiais municipais em meados do s\u00e9culo 19 ajudaram a suprimir <\/span><a href=\"https:\/\/n.pr\/2ODFEwr\"><span style=\"font-weight: 400;\">greves trabalhistas<\/span><\/a><span style=\"font-weight: 400;\"> e revoltas contra os ricos. Por toda parte, eles t\u00eam reprimido popula\u00e7\u00f5es marginalizadas para proteger o status quo. <\/span><\/p>\n<p><span style=\"font-weight: 400;\">Ent\u00e3o, quando voc\u00ea v\u00ea um agente policial pressionando o pr\u00f3prio joelho contra o pesco\u00e7o de um homem negro at\u00e9 ele morrer, este \u00e9 o resultado l\u00f3gico do policiamento dos Estados Unidos. Quando um agente policial tortura uma pessoa negra, ele est\u00e1 fazendo o que considera ser seu trabalho.<\/span><\/p>\n<p><span style=\"font-weight: 400;\">Agora, ap\u00f3s <a href=\"https:\/\/bit.ly\/2V6r3Nu\" target=\"_blank\" rel=\"noopener noreferrer\">semanas de protestos<\/a> em todo o pa\u00eds levaram alguns a apelar para que cortem as verbas da pol\u00edcia, enquanto outros argumentam que, ao faz\u00ea-lo, ficaremos menos seguros.<\/span><\/p>\n<p><span style=\"font-weight: 400;\">A primeira quest\u00e3o a ser tratada \u00e9 que agentes policiais <\/span><a href=\"https:\/\/nyti.ms\/39apiEQ\" target=\"_blank\" rel=\"noopener noreferrer\"><span style=\"font-weight: 400;\">n\u00e3o fazem o que voc\u00ea pensa que fazem<\/span><\/a><span style=\"font-weight: 400;\">. Eles passam a maioria do tempo atendendo a chamadas que reclamam do excesso de barulho, distribuindo multas de tr\u00e2nsito e estacionamento, lidando com outras quest\u00f5es n\u00e3o criminais. Fomos ensinados a pensar que eles \u201cenfrentam os bandidos; que perseguem ladr\u00f5es de banco; que capturam os serial killers,\u201d disse Alex Vitale, coordenador do Projeto de Policiamento e Justi\u00e7a Social na Brooklyn College <\/span><a href=\"https:\/\/bit.ly\/3hgG2Nq\" target=\"_blank\" rel=\"noopener noreferrer\"><span style=\"font-weight: 400;\">numa entrevista no <em>Jacobin<\/em><\/span><\/a><b>. <\/b><span style=\"font-weight: 400;\">Mas isso \u00e9 \u201cum grande mito\u201d, ele disse. \u201cA grande maioria dos policiais fazem apenas uma pris\u00e3o por delito grave por ano. Se forem duas, eles viram policial do ano.\u201d<\/span><\/p>\n<p><span style=\"font-weight: 400;\">N\u00f3s n\u00e3o podemos simplesmente mudar a sua din\u00e2mica de trabalho para que foquem nos piores criminosos. N\u00e3o \u00e9 para isso que eles foram treinados.<\/span><\/p>\n<p><span style=\"font-weight: 400;\">Em segundo lugar, um mundo \u201cseguro\u201d n\u00e3o \u00e9 um lugar em que a pol\u00edcia mant\u00e9m pessoas negras e marginalizadas sob controle, atrav\u00e9s de amea\u00e7as de pris\u00e3o, encarceramento, <a href=\"https:\/\/bit.ly\/2XpQ6wv\" target=\"_blank\" rel=\"noopener noreferrer\">viol\u00eancia e morte<\/a>.<\/span><\/p>\n<p><span style=\"font-weight: 400;\">Tenho defendido a aboli\u00e7\u00e3o da pol\u00edcia h\u00e1 anos. Independentemente de sua opini\u00e3o sobre a for\u00e7a policial\u2014se voc\u00ea quer eliminar a pol\u00edcia ou simplesmente torn\u00e1-la menos violenta\u2014aqui vai um pedido imediato que todos n\u00f3s podemos cumprir: cortar o n\u00famero de policiais pela metade e cortar sua verba pela metade. Menos agentes policiais significa menos oportunidades para eles violentarem e matarem as pessoas. A ideia vem ganhando for\u00e7a em Mine\u00e1polis, Dallas, <a href=\"https:\/\/bit.ly\/3eTEYgW\" target=\"_blank\" rel=\"noopener noreferrer\">Los Angeles<\/a> e outras cidades.<\/span><\/p>\n<p><span style=\"font-weight: 400;\">A hist\u00f3ria \u00e9 did\u00e1tica, n\u00e3o porque oferece um modelo para como agir no tempo presente, e sim porque pode nos ajudar fazer perguntas melhores ao futuro.<\/span><\/p>\n<p><span style=\"font-weight: 400;\">O Comit\u00ea Lexow realizou a <\/span><a href=\"https:\/\/bit.ly\/3eH8jLt\" target=\"_blank\" rel=\"noopener noreferrer\"><span style=\"font-weight: 400;\">primeira grande investiga\u00e7\u00e3o<\/span><\/a> <span style=\"font-weight: 400;\">das improbidades policiais em <a href=\"https:\/\/bit.ly\/2DPSfup\" target=\"_blank\" rel=\"noopener noreferrer\">Nova Iorque<\/a>, em 1894. Na \u00e9poca, a reclama\u00e7\u00e3o mais comum a respeito da pol\u00edcia eram as \u201cbaladas\u201d\u2014\u201co rotineiro espancamento de cidad\u00e3os por patrulheiros armados de cassetetes e porretes\u201d, conta a historiadora Marilynn Johnson <\/span><a href=\"https:\/\/bit.ly\/3eH8jLt\" target=\"_blank\" rel=\"noopener noreferrer\"><span style=\"font-weight: 400;\">em seus textos<\/span><\/a><span style=\"font-weight: 400;\">. <\/span><\/p>\n<p><span style=\"font-weight: 400;\">A <\/span><a href=\"https:\/\/bit.ly\/3jikrWT\" target=\"_blank\" rel=\"noopener noreferrer\"><span style=\"font-weight: 400;\">Comiss\u00e3o Wickersham<\/span><\/a><span style=\"font-weight: 400;\">, convocada para estudar o sistema de justi\u00e7a criminal e examinar a quest\u00e3o da imposi\u00e7\u00e3o da Lei Seca, forneceu uma <\/span><a href=\"https:\/\/bit.ly\/2OE4sEj\" target=\"_blank\" rel=\"noopener noreferrer\"><span style=\"font-weight: 400;\">acusa\u00e7\u00e3o contundente<\/span><\/a> <span style=\"font-weight: 400;\">em 1931, incluindo evid\u00eancias de <\/span><a href=\"https:\/\/bit.ly\/2Ci9m7D\" target=\"_blank\" rel=\"noopener noreferrer\"><span style=\"font-weight: 400;\">estrat\u00e9gias brutais de interroga\u00e7\u00e3o<\/span><\/a><span style=\"font-weight: 400;\">. A <\/span><a href=\"https:\/\/bit.ly\/30SkfGo\" target=\"_blank\" rel=\"noopener noreferrer\"><span style=\"font-weight: 400;\">falta de profissionalismo<\/span><\/a><span style=\"font-weight: 400;\"> dos policiais foi culpabilizada por essas cr\u00edticas. <\/span><\/p>\n<p><span style=\"font-weight: 400;\">Depois das revoltas urbanas de 1967, a Comiss\u00e3o Kerner descobriu que \u201cas a\u00e7\u00f5es policiais foram os incidentes \u2018finais\u2019 que precederam surtos de viol\u00eancia em 12 das 24 desordens no levantamento\u201d. O relat\u00f3rio listava um conjunto de <\/span><a href=\"https:\/\/bit.ly\/2BcD39q\" target=\"_blank\" rel=\"noopener noreferrer\"><span style=\"font-weight: 400;\">recomenda\u00e7\u00f5es<\/span><\/a><span style=\"font-weight: 400;\"> bem conhecidas atualmente, como o \u201capoio comunit\u00e1rio ao cumprimento das leis\u201d e avaliava opera\u00e7\u00f5es policiais \u201cno gueto, para assegurar uma conduta correta por parte dos policiais\u201d.<\/span><\/p>\n<p><span style=\"font-weight: 400;\">Essas comiss\u00f5es n\u00e3o deram um fim \u00e0 viol\u00eancia; elas s\u00f3 tiveram uma fun\u00e7\u00e3o contrarrevolucion\u00e1ria nas vezes em que a viol\u00eancia policial levou a protestos. Alguns pedidos por <\/span><a href=\"https:\/\/bit.ly\/3hgsC4e\" target=\"_blank\" rel=\"noopener noreferrer\"><span style=\"font-weight: 400;\">reformas parecidas<\/span><\/a><span style=\"font-weight: 400;\"> foram desencadeados numa resposta ao brutal espancamento de Rodney King por um policial em 1991, na rebeli\u00e3o seguinte, e ent\u00e3o novamente depois dos assassinatos de Michael Brown e Eric Garner. O <\/span><a href=\"https:\/\/bit.ly\/2COQtJc\" target=\"_blank\" rel=\"noopener noreferrer\"><span style=\"font-weight: 400;\">relat\u00f3rio final<\/span><\/a><span style=\"font-weight: 400;\"> da For\u00e7a Tarefa Presidencial do governo Obama sobre Policiamento no S\u00e9culo 21 resultou em ajustes nos procedimentos, como o treinamento de redu\u00e7\u00e3o de preconceitos impl\u00edcitos, sess\u00f5es em que policiais ouvem a comunidade, pequenas altera\u00e7\u00f5es nas pol\u00edticas de uso da for\u00e7a pr\u00f3pria e sistemas para identificar agentes potencialmente problem\u00e1ticos desde cedo.<\/span><\/p>\n<p><span style=\"font-weight: 400;\">Por\u00e9m, at\u00e9 mesmo um membro da for\u00e7a tarefa, Tracey Meares, <\/span><a href=\"https:\/\/bit.ly\/39fkeiG\" target=\"_blank\" rel=\"noopener noreferrer\"><span style=\"font-weight: 400;\">notou em 2017 que<\/span><\/a> <span style=\"font-weight: 400;\">\u201co policiamento que n\u00f3s conhecemos precisa ser abolido antes que se transforme.\u201d<\/span><\/p>\n<p><span style=\"font-weight: 400;\">A filosofia subscrita a essas reformas implica que mais regras resultam em menos viol\u00eancia. Mas os policiais <\/span><a href=\"https:\/\/wapo.st\/2sSJgjB\" target=\"_blank\" rel=\"noopener noreferrer\"><span style=\"font-weight: 400;\">quebram regras<\/span><\/a><span style=\"font-weight: 400;\"> o tempo todo. Veja o que j\u00e1 aconteceu ao longo das semanas de protesto\u2014policiais <\/span><a href=\"https:\/\/n.pr\/2CrBl4J\" target=\"_blank\" rel=\"noopener noreferrer\"><span style=\"font-weight: 400;\">furando pneus<\/span><\/a><span style=\"font-weight: 400;\">, <\/span><a href=\"https:\/\/nyti.ms\/3jrauqj\" target=\"_blank\" rel=\"noopener noreferrer\"><span style=\"font-weight: 400;\">empurrando idosos<\/span><\/a><span style=\"font-weight: 400;\"> frente \u00e0 c\u00e2mera, <\/span><a href=\"https:\/\/nyti.ms\/3jm26If\" target=\"_blank\" rel=\"noopener noreferrer\"><span style=\"font-weight: 400;\">prendendo e ferindo jornalistas<\/span><\/a><span style=\"font-weight: 400;\"> e manifestantes. Estes policiais n\u00e3o est\u00e3o mais preocupados com as repercuss\u00f5es do que Daniel Pantaleo, ex-policial nova-iorquino cuja gravata levou \u00e0 morte de Garner: ele acenou para a c\u00e2mera ao filmar o incidente. Ele sabia que o sindicato da pol\u00edcia o apoiaria e estava certo. Ele permaneceu no emprego durante mais cinco anos.\u00a0<\/span><\/p>\n<p><a href=\"https:\/\/bit.ly\/2DVGHpb\" target=\"_blank\" rel=\"noopener noreferrer\"><span style=\"font-weight: 400;\">Mine\u00e1polis instituiu<\/span><\/a><span style=\"font-weight: 400;\"> v\u00e1rias dessas \u201cboas pr\u00e1ticas\u201d mas n\u00e3o conseguiu retirar Derek Chauvin do departamento apesar de <\/span><a href=\"https:\/\/nyti.ms\/2CL7NyO\" target=\"_blank\" rel=\"noopener noreferrer\"><span style=\"font-weight: 400;\">17 reclama\u00e7\u00f5es de m\u00e1 conduta<\/span><\/a><span style=\"font-weight: 400;\"> ao longo de quase duas d\u00e9cadas, culminando no momento em que o mundo inteiro o assistiu se ajoelhar sob o pesco\u00e7o de George Floyd por quase <\/span><a href=\"https:\/\/nyti.ms\/2Cld0xA\" target=\"_blank\" rel=\"noopener noreferrer\"><span style=\"font-weight: 400;\">nove minutos<\/span><\/a><span style=\"font-weight: 400;\">. <\/span><\/p>\n<p><span style=\"font-weight: 400;\">Por que raios achar\u00edamos que as mesmas reformas funcionariam agora? Precisamos mudar nossas exig\u00eancias. O jeito mais certo de reduzir a viol\u00eancia policial \u00e9 reduzindo o poder da pol\u00edcia, cortando verbas e o n\u00famero de oficiais.<\/span><\/p>\n<p><span style=\"font-weight: 400;\">Mas n\u00e3o me leve a mal. N\u00e3o estamos deixando nossas comunidades \u00e0 merc\u00ea da viol\u00eancia. N\u00f3s n\u00e3o queremos simplesmente fechar delegacias. N\u00f3s queremos faz\u00ea-las obsoletas.<\/span><\/p>\n<p><span style=\"font-weight: 400;\">Devemos redirecionar os bilh\u00f5es destinados \u00e0s delegacias de pol\u00edcia para o fornecimento de assist\u00eancia b\u00e1sica, moradia, educa\u00e7\u00e3o e bons empregos. Se fiz\u00e9ssemos assim, haveria desde o princ\u00edpio uma menor necessidade de policiamento.<\/span><\/p>\n<p><span style=\"font-weight: 400;\">N\u00f3s conseguimos construir outros meios de responder aos males da sociedade. Os \u201cassistentes comunit\u00e1rios\u201d poderiam fazer check-ups de sa\u00fade mental caso algu\u00e9m precisasse de ajuda. As cidades poderiam se beneficiar a partir de modelos a favor da <a href=\"https:\/\/bit.ly\/2E4aDzV\" target=\"_blank\" rel=\"noopener noreferrer\">justi\u00e7a restaurativa<\/a>, ao inv\u00e9s de mandar pessoas \u00e0s pris\u00f5es.<\/span><\/p>\n<p><span style=\"font-weight: 400;\">E o estupro? A abordagem atual ainda n\u00e3o acabou com ele. Ali\u00e1s, a maioria dos estupradores sequer sabe como \u00e9 estar dentro de um tribunal. Dois ter\u00e7os de quem j\u00e1 passou por viol\u00eancia sexual nunca reportou a ningu\u00e9m. Os que prestam queixas frequentemente ficam <\/span><a href=\"https:\/\/nyti.ms\/2ZJ0Bw1\" target=\"_blank\" rel=\"noopener noreferrer\"><span style=\"font-weight: 400;\">insatisfeitos com os resultados<\/span><\/a><span style=\"font-weight: 400;\">.<\/span><\/p>\n<p><span style=\"font-weight: 400;\">Al\u00e9m do mais, os pr\u00f3prios policiais <\/span><a href=\"https:\/\/wapo.st\/2sSJgjB\" target=\"_blank\" rel=\"noopener noreferrer\"><span style=\"font-weight: 400;\">cometem ass\u00e9dio sexual<\/span><\/a><span style=\"font-weight: 400;\"> com frequ\u00eancia e em escala preocupante. <\/span><a href=\"https:\/\/bit.ly\/2ZJ5g14\" target=\"_blank\" rel=\"noopener noreferrer\"><span style=\"font-weight: 400;\">Um estudo de 2010<\/span><\/a><span style=\"font-weight: 400;\"> revelou que o comportamento sexual impr\u00f3prio foi a segunda forma de improbidade policial mais relatada. Em 2015, o jornal <em>The Buffalo News<\/em> <a href=\"https:\/\/bit.ly\/30RuGdB\" target=\"_blank\" rel=\"noopener noreferrer\">revelou<\/a><\/span><span style=\"font-weight: 400;\"> que [nos EUA] a cada cinco dias um policial \u00e9 flagrado cometendo ass\u00e9dio.<\/span><\/p>\n<p><span style=\"font-weight: 400;\">Quando pessoas, especialmente as brancas, imaginam um mundo sem pol\u00edcia, elas enxergam uma sociedade t\u00e3o violenta quanto a dos dias de hoje, simplesmente sem seguran\u00e7a p\u00fablica\u2014e se arrepiam. Como parte da sociedade, fomos t\u00e3o doutrinados a pensar que os problemas se resolvem com a for\u00e7a policial e o encarceramento de pessoas, que a maioria mal consegue imaginar qualquer outro meio, al\u00e9m de pris\u00f5es e da pol\u00edcia, para solucionar a viol\u00eancia e o mau.\u00a0<\/span><\/p>\n<p><span style=\"font-weight: 400;\">Pessoas como eu que querem abolir as pris\u00f5es e a pol\u00edcia, no entanto, t\u00eam uma vis\u00e3o diferente da sociedade, baseada na coopera\u00e7\u00e3o no lugar de individualismo, na ajuda rec\u00edproca no lugar de autopreserva\u00e7\u00e3o. Como seria um pa\u00eds que tivesse <\/span><a href=\"https:\/\/nyti.ms\/2BhrgH2\" target=\"_blank\" rel=\"noopener noreferrer\"><span style=\"font-weight: 400;\">bilh\u00f5es<\/span><\/a><span style=\"font-weight: 400;\"> de d\u00f3lares a mais para gastar em moradia, alimenta\u00e7\u00e3o e educa\u00e7\u00e3o a todos? Essa mudan\u00e7a dentro da sociedade n\u00e3o aconteceria de imediato, mas os protestos mostram que muitos est\u00e3o prontos para abra\u00e7ar uma vis\u00e3o diferente acerca da seguran\u00e7a e justi\u00e7a.<\/span><\/p>\n<p><span style=\"font-weight: 400;\">Quando o clamor das ruas se acalmarem e as pessoas sugerirem novamente que contratemos mais policiais negros ou que criemos mais comit\u00eas de avalia\u00e7\u00e3o civil, eu espero que possamos todos nos lembrar de todas as vezes que tais esfor\u00e7os falharam.<\/span><\/p>\n<p><em>Mariame Kaba (@prisonculture) \u00e9 uma mobilizadora contra a criminaliza\u00e7\u00e3o. Ela \u00e9 diretora do <a href=\"http:\/\/project-nia.org\/\" target=\"_blank\" rel=\"noopener noreferrer\">Projeto NIA<\/a>, um grupo de base que trabalha para acabar com o encarceramento de jovens.<\/em><\/p>\n<hr \/>\n<h4><b>Apoie nossos esfor\u00e7os para fornecer assist\u00eancia estrat\u00e9gica \u00e0s favelas do Rio durante a pandemia de Covid-19, incluindo o jornalismo hiperlocal, cr\u00edtico, inovador e incans\u00e1vel do\u00a0<\/b><b><i>RioOnWatch\u00a0<\/i><\/b><b>\u2014\u00a0<\/b><a href=\"http:\/\/bit.ly\/CatalisandoComunidades\"><b>doe aqui<\/b><\/a><b>.<\/b><\/h4>\n<!-- AddThis Advanced Settings generic via filter on the_content --><!-- AddThis Share Buttons generic via filter on the_content -->","protected":false},"excerpt":{"rendered":"<div class=\"mh-excerpt\"><p>Click Here for English Leia a mat\u00e9ria original por Mariame Kaba, em ingl\u00eas, no The New York Times\u00a0aqui.\u00a0O RioOnWatch traduz mat\u00e9rias do ingl\u00eas para que brasileiros possam ter acesso e acompanhar temas ou an\u00e1lises cobertos <a class=\"mh-excerpt-more\" href=\"https:\/\/rioonwatch.org.br\/?p=48864\" title=\"Sim, N\u00f3s Queremos Dizer Literalmente: Abolir a Pol\u00edcia [OPINI\u00c3O]\">[&#8230;]<\/a><!-- AddThis Advanced Settings generic via filter on get_the_excerpt --><!-- AddThis Share Buttons generic via filter on get_the_excerpt --><\/p>\n<\/div>","protected":false},"author":165,"featured_media":48865,"comment_status":"closed","ping_status":"closed","sticky":false,"template":"","format":"standard","meta":{"_acf_changed":false,"_monsterinsights_skip_tracking":false,"_monsterinsights_sitenote_active":false,"_monsterinsights_sitenote_note":"","_monsterinsights_sitenote_category":0,"footnotes":""},"categories":[1621,1632,1630,344,1620,1612,342,1634],"tags":[2893,3253,2159,2748,413,514,818,2894,2102,417,1158,838,1721,763,919,672,1168,920,52],"writer":[2889],"translator":[2713],"source":[859],"ilustrador":[],"fotografo":[],"class_list":{"0":"post-48864","1":"post","2":"type-post","3":"status-publish","4":"format-standard","5":"has-post-thumbnail","7":"category-destaque","8":"category-pesquisa-e-analise","9":"category-opiniao","10":"category-politicas","11":"category-olhonaupp","12":"category-sociedade-civil","13":"category-solucoes","14":"category-traducoes","15":"tag-abolicao-da-policia","16":"tag-antirracismo","17":"tag-black-lives-matter","18":"tag-coronavirus","19":"tag-desigualdade","20":"tag-escravidao","21":"tag-eua","22":"tag-justica-restaurativa","23":"tag-los-angeles","24":"tag-negligencia-do-estado","25":"tag-nova-iorque","26":"tag-politica-publica","27":"tag-prisoes","28":"tag-protesto","29":"tag-reforma-da-policia","30":"tag-seguranca-publica","31":"tag-traducao","32":"tag-violencia-de-estado","33":"tag-violencia-policial","34":"writer-mariame-kaba","35":"translator-sofia-kawall","36":"source-the-new-york-times"},"acf":[],"yoast_head":"<!-- This site is optimized with the Yoast SEO plugin v25.6 - https:\/\/yoast.com\/wordpress\/plugins\/seo\/ -->\n<title>Sim, N\u00f3s Queremos Dizer Literalmente: Abolir a Pol\u00edcia [OPINI\u00c3O] - RioOnWatch<\/title>\n<meta name=\"robots\" content=\"index, follow, max-snippet:-1, max-image-preview:large, max-video-preview:-1\" \/>\n<link rel=\"canonical\" href=\"https:\/\/rioonwatch.org.br\/?p=48864\" \/>\n<meta property=\"og:locale\" content=\"pt_BR\" \/>\n<meta property=\"og:type\" content=\"article\" \/>\n<meta property=\"og:title\" content=\"Sim, N\u00f3s Queremos Dizer Literalmente: Abolir a Pol\u00edcia [OPINI\u00c3O] - RioOnWatch\" \/>\n<meta property=\"og:description\" content=\"Click Here for English Leia a mat\u00e9ria original por Mariame Kaba, em ingl\u00eas, no The New York Times\u00a0aqui.\u00a0O RioOnWatch traduz mat\u00e9rias do ingl\u00eas para que brasileiros possam ter acesso e acompanhar temas ou an\u00e1lises cobertos [...]\" \/>\n<meta property=\"og:url\" content=\"https:\/\/rioonwatch.org.br\/?p=48864\" \/>\n<meta property=\"og:site_name\" content=\"RioOnWatch\" \/>\n<meta property=\"article:published_time\" content=\"2020-08-18T12:00:04+00:00\" \/>\n<meta property=\"article:modified_time\" content=\"2024-05-24T15:35:28+00:00\" \/>\n<meta property=\"og:image\" content=\"https:\/\/rioonwatch.org.br\/wp-content\/uploads\/2020\/07\/Sim-N\u00f3s-Queremos-Dizer-Literalmente-Abolir-a-Pol\u00edcia-1.jpg\" \/>\n\t<meta property=\"og:image:width\" content=\"2005\" \/>\n\t<meta property=\"og:image:height\" content=\"2048\" \/>\n\t<meta property=\"og:image:type\" content=\"image\/jpeg\" \/>\n<meta name=\"author\" content=\"Tatiana Lima\" \/>\n<meta name=\"twitter:card\" content=\"summary_large_image\" \/>\n<meta name=\"twitter:label1\" content=\"Escrito por\" \/>\n\t<meta name=\"twitter:data1\" content=\"Tatiana Lima\" \/>\n\t<meta name=\"twitter:label2\" content=\"Est. tempo de leitura\" \/>\n\t<meta name=\"twitter:data2\" content=\"8 minutos\" \/>\n<script type=\"application\/ld+json\" class=\"yoast-schema-graph\">{\"@context\":\"https:\/\/schema.org\",\"@graph\":[{\"@type\":\"Article\",\"@id\":\"https:\/\/rioonwatch.org.br\/?p=48864#article\",\"isPartOf\":{\"@id\":\"https:\/\/rioonwatch.org.br\/?p=48864\"},\"author\":{\"name\":\"Tatiana Lima\",\"@id\":\"https:\/\/rioonwatch.org.br\/#\/schema\/person\/8fde974ee24e219acc413d63393ec551\"},\"headline\":\"Sim, N\u00f3s Queremos Dizer Literalmente: Abolir a Pol\u00edcia [OPINI\u00c3O]\",\"datePublished\":\"2020-08-18T12:00:04+00:00\",\"dateModified\":\"2024-05-24T15:35:28+00:00\",\"mainEntityOfPage\":{\"@id\":\"https:\/\/rioonwatch.org.br\/?p=48864\"},\"wordCount\":1660,\"publisher\":{\"@id\":\"https:\/\/rioonwatch.org.br\/#organization\"},\"image\":{\"@id\":\"https:\/\/rioonwatch.org.br\/?p=48864#primaryimage\"},\"thumbnailUrl\":\"https:\/\/rioonwatch.org.br\/wp-content\/uploads\/2020\/07\/Sim-N\u00f3s-Queremos-Dizer-Literalmente-Abolir-a-Pol\u00edcia-1.jpg\",\"keywords\":[\"aboli\u00e7\u00e3o da pol\u00edcia\",\"Antirracismo\",\"Black Lives Matter\",\"coronav\u00edrus\",\"desigualdade\",\"escravid\u00e3o\",\"EUA\",\"justi\u00e7a restaurativa\",\"Los Angeles\",\"Neglig\u00eancia do Estado\",\"Nova Iorque\",\"pol\u00edtica p\u00fablica\",\"pris\u00f5es\",\"protesto\",\"reforma da pol\u00edcia\",\"seguran\u00e7a p\u00fablica\",\"tradu\u00e7\u00e3o\",\"viol\u00eancia de Estado\",\"viol\u00eancia policial\"],\"articleSection\":[\"*Destaque\",\"Dados e Pesquisa\",\"Opini\u00e3o\",\"Pol\u00edticas\",\"Seguran\u00e7a P\u00fablica\",\"Sociedade Civil\",\"Solu\u00e7\u00f5es\",\"Traduzidas do Ingl\u00eas\"],\"inLanguage\":\"pt-BR\"},{\"@type\":\"WebPage\",\"@id\":\"https:\/\/rioonwatch.org.br\/?p=48864\",\"url\":\"https:\/\/rioonwatch.org.br\/?p=48864\",\"name\":\"Sim, N\u00f3s Queremos Dizer Literalmente: Abolir a Pol\u00edcia [OPINI\u00c3O] - RioOnWatch\",\"isPartOf\":{\"@id\":\"https:\/\/rioonwatch.org.br\/#website\"},\"primaryImageOfPage\":{\"@id\":\"https:\/\/rioonwatch.org.br\/?p=48864#primaryimage\"},\"image\":{\"@id\":\"https:\/\/rioonwatch.org.br\/?p=48864#primaryimage\"},\"thumbnailUrl\":\"https:\/\/rioonwatch.org.br\/wp-content\/uploads\/2020\/07\/Sim-N\u00f3s-Queremos-Dizer-Literalmente-Abolir-a-Pol\u00edcia-1.jpg\",\"datePublished\":\"2020-08-18T12:00:04+00:00\",\"dateModified\":\"2024-05-24T15:35:28+00:00\",\"breadcrumb\":{\"@id\":\"https:\/\/rioonwatch.org.br\/?p=48864#breadcrumb\"},\"inLanguage\":\"pt-BR\",\"potentialAction\":[{\"@type\":\"ReadAction\",\"target\":[\"https:\/\/rioonwatch.org.br\/?p=48864\"]}]},{\"@type\":\"ImageObject\",\"inLanguage\":\"pt-BR\",\"@id\":\"https:\/\/rioonwatch.org.br\/?p=48864#primaryimage\",\"url\":\"https:\/\/rioonwatch.org.br\/wp-content\/uploads\/2020\/07\/Sim-N\u00f3s-Queremos-Dizer-Literalmente-Abolir-a-Pol\u00edcia-1.jpg\",\"contentUrl\":\"https:\/\/rioonwatch.org.br\/wp-content\/uploads\/2020\/07\/Sim-N\u00f3s-Queremos-Dizer-Literalmente-Abolir-a-Pol\u00edcia-1.jpg\",\"width\":2005,\"height\":2048},{\"@type\":\"BreadcrumbList\",\"@id\":\"https:\/\/rioonwatch.org.br\/?p=48864#breadcrumb\",\"itemListElement\":[{\"@type\":\"ListItem\",\"position\":1,\"name\":\"In\u00edcio\",\"item\":\"https:\/\/rioonwatch.org.br\/\"},{\"@type\":\"ListItem\",\"position\":2,\"name\":\"Sim, N\u00f3s Queremos Dizer Literalmente: Abolir a Pol\u00edcia [OPINI\u00c3O]\"}]},{\"@type\":\"WebSite\",\"@id\":\"https:\/\/rioonwatch.org.br\/#website\",\"url\":\"https:\/\/rioonwatch.org.br\/\",\"name\":\"RioOnWatch\",\"description\":\"relatos das favelas cariocas\",\"publisher\":{\"@id\":\"https:\/\/rioonwatch.org.br\/#organization\"},\"potentialAction\":[{\"@type\":\"SearchAction\",\"target\":{\"@type\":\"EntryPoint\",\"urlTemplate\":\"https:\/\/rioonwatch.org.br\/?s={search_term_string}\"},\"query-input\":{\"@type\":\"PropertyValueSpecification\",\"valueRequired\":true,\"valueName\":\"search_term_string\"}}],\"inLanguage\":\"pt-BR\"},{\"@type\":\"Organization\",\"@id\":\"https:\/\/rioonwatch.org.br\/#organization\",\"name\":\"RioOnWatch\",\"url\":\"https:\/\/rioonwatch.org.br\/\",\"logo\":{\"@type\":\"ImageObject\",\"inLanguage\":\"pt-BR\",\"@id\":\"https:\/\/rioonwatch.org.br\/#\/schema\/logo\/image\/\",\"url\":\"https:\/\/rioonwatch.org.br\/wp-content\/uploads\/2021\/06\/RioOnWatchcabecalhoPT11anos-2.png\",\"contentUrl\":\"https:\/\/rioonwatch.org.br\/wp-content\/uploads\/2021\/06\/RioOnWatchcabecalhoPT11anos-2.png\",\"width\":779,\"height\":277,\"caption\":\"RioOnWatch\"},\"image\":{\"@id\":\"https:\/\/rioonwatch.org.br\/#\/schema\/logo\/image\/\"}},{\"@type\":\"Person\",\"@id\":\"https:\/\/rioonwatch.org.br\/#\/schema\/person\/8fde974ee24e219acc413d63393ec551\",\"name\":\"Tatiana Lima\",\"image\":{\"@type\":\"ImageObject\",\"inLanguage\":\"pt-BR\",\"@id\":\"https:\/\/rioonwatch.org.br\/#\/schema\/person\/image\/\",\"url\":\"https:\/\/secure.gravatar.com\/avatar\/5fb587d000e124a9d6aae50aec42d39e?s=96&d=blank&r=g\",\"contentUrl\":\"https:\/\/secure.gravatar.com\/avatar\/5fb587d000e124a9d6aae50aec42d39e?s=96&d=blank&r=g\",\"caption\":\"Tatiana Lima\"},\"url\":\"https:\/\/rioonwatch.org.br\/?author=165\"}]}<\/script>\n<!-- \/ Yoast SEO plugin. -->","yoast_head_json":{"title":"Sim, N\u00f3s Queremos Dizer Literalmente: Abolir a Pol\u00edcia [OPINI\u00c3O] - RioOnWatch","robots":{"index":"index","follow":"follow","max-snippet":"max-snippet:-1","max-image-preview":"max-image-preview:large","max-video-preview":"max-video-preview:-1"},"canonical":"https:\/\/rioonwatch.org.br\/?p=48864","og_locale":"pt_BR","og_type":"article","og_title":"Sim, N\u00f3s Queremos Dizer Literalmente: Abolir a Pol\u00edcia [OPINI\u00c3O] - RioOnWatch","og_description":"Click Here for English Leia a mat\u00e9ria original por Mariame Kaba, em ingl\u00eas, no The New York Times\u00a0aqui.\u00a0O RioOnWatch traduz mat\u00e9rias do ingl\u00eas para que brasileiros possam ter acesso e acompanhar temas ou an\u00e1lises cobertos [...]","og_url":"https:\/\/rioonwatch.org.br\/?p=48864","og_site_name":"RioOnWatch","article_published_time":"2020-08-18T12:00:04+00:00","article_modified_time":"2024-05-24T15:35:28+00:00","og_image":[{"width":2005,"height":2048,"url":"https:\/\/rioonwatch.org.br\/wp-content\/uploads\/2020\/07\/Sim-N\u00f3s-Queremos-Dizer-Literalmente-Abolir-a-Pol\u00edcia-1.jpg","type":"image\/jpeg"}],"author":"Tatiana Lima","twitter_card":"summary_large_image","twitter_misc":{"Escrito por":"Tatiana Lima","Est. tempo de leitura":"8 minutos"},"schema":{"@context":"https:\/\/schema.org","@graph":[{"@type":"Article","@id":"https:\/\/rioonwatch.org.br\/?p=48864#article","isPartOf":{"@id":"https:\/\/rioonwatch.org.br\/?p=48864"},"author":{"name":"Tatiana Lima","@id":"https:\/\/rioonwatch.org.br\/#\/schema\/person\/8fde974ee24e219acc413d63393ec551"},"headline":"Sim, N\u00f3s Queremos Dizer Literalmente: Abolir a Pol\u00edcia [OPINI\u00c3O]","datePublished":"2020-08-18T12:00:04+00:00","dateModified":"2024-05-24T15:35:28+00:00","mainEntityOfPage":{"@id":"https:\/\/rioonwatch.org.br\/?p=48864"},"wordCount":1660,"publisher":{"@id":"https:\/\/rioonwatch.org.br\/#organization"},"image":{"@id":"https:\/\/rioonwatch.org.br\/?p=48864#primaryimage"},"thumbnailUrl":"https:\/\/rioonwatch.org.br\/wp-content\/uploads\/2020\/07\/Sim-N\u00f3s-Queremos-Dizer-Literalmente-Abolir-a-Pol\u00edcia-1.jpg","keywords":["aboli\u00e7\u00e3o da pol\u00edcia","Antirracismo","Black Lives Matter","coronav\u00edrus","desigualdade","escravid\u00e3o","EUA","justi\u00e7a restaurativa","Los Angeles","Neglig\u00eancia do Estado","Nova Iorque","pol\u00edtica p\u00fablica","pris\u00f5es","protesto","reforma da pol\u00edcia","seguran\u00e7a p\u00fablica","tradu\u00e7\u00e3o","viol\u00eancia de Estado","viol\u00eancia policial"],"articleSection":["*Destaque","Dados e Pesquisa","Opini\u00e3o","Pol\u00edticas","Seguran\u00e7a P\u00fablica","Sociedade Civil","Solu\u00e7\u00f5es","Traduzidas do Ingl\u00eas"],"inLanguage":"pt-BR"},{"@type":"WebPage","@id":"https:\/\/rioonwatch.org.br\/?p=48864","url":"https:\/\/rioonwatch.org.br\/?p=48864","name":"Sim, N\u00f3s Queremos Dizer Literalmente: Abolir a Pol\u00edcia [OPINI\u00c3O] - RioOnWatch","isPartOf":{"@id":"https:\/\/rioonwatch.org.br\/#website"},"primaryImageOfPage":{"@id":"https:\/\/rioonwatch.org.br\/?p=48864#primaryimage"},"image":{"@id":"https:\/\/rioonwatch.org.br\/?p=48864#primaryimage"},"thumbnailUrl":"https:\/\/rioonwatch.org.br\/wp-content\/uploads\/2020\/07\/Sim-N\u00f3s-Queremos-Dizer-Literalmente-Abolir-a-Pol\u00edcia-1.jpg","datePublished":"2020-08-18T12:00:04+00:00","dateModified":"2024-05-24T15:35:28+00:00","breadcrumb":{"@id":"https:\/\/rioonwatch.org.br\/?p=48864#breadcrumb"},"inLanguage":"pt-BR","potentialAction":[{"@type":"ReadAction","target":["https:\/\/rioonwatch.org.br\/?p=48864"]}]},{"@type":"ImageObject","inLanguage":"pt-BR","@id":"https:\/\/rioonwatch.org.br\/?p=48864#primaryimage","url":"https:\/\/rioonwatch.org.br\/wp-content\/uploads\/2020\/07\/Sim-N\u00f3s-Queremos-Dizer-Literalmente-Abolir-a-Pol\u00edcia-1.jpg","contentUrl":"https:\/\/rioonwatch.org.br\/wp-content\/uploads\/2020\/07\/Sim-N\u00f3s-Queremos-Dizer-Literalmente-Abolir-a-Pol\u00edcia-1.jpg","width":2005,"height":2048},{"@type":"BreadcrumbList","@id":"https:\/\/rioonwatch.org.br\/?p=48864#breadcrumb","itemListElement":[{"@type":"ListItem","position":1,"name":"In\u00edcio","item":"https:\/\/rioonwatch.org.br\/"},{"@type":"ListItem","position":2,"name":"Sim, N\u00f3s Queremos Dizer Literalmente: Abolir a Pol\u00edcia [OPINI\u00c3O]"}]},{"@type":"WebSite","@id":"https:\/\/rioonwatch.org.br\/#website","url":"https:\/\/rioonwatch.org.br\/","name":"RioOnWatch","description":"relatos das favelas cariocas","publisher":{"@id":"https:\/\/rioonwatch.org.br\/#organization"},"potentialAction":[{"@type":"SearchAction","target":{"@type":"EntryPoint","urlTemplate":"https:\/\/rioonwatch.org.br\/?s={search_term_string}"},"query-input":{"@type":"PropertyValueSpecification","valueRequired":true,"valueName":"search_term_string"}}],"inLanguage":"pt-BR"},{"@type":"Organization","@id":"https:\/\/rioonwatch.org.br\/#organization","name":"RioOnWatch","url":"https:\/\/rioonwatch.org.br\/","logo":{"@type":"ImageObject","inLanguage":"pt-BR","@id":"https:\/\/rioonwatch.org.br\/#\/schema\/logo\/image\/","url":"https:\/\/rioonwatch.org.br\/wp-content\/uploads\/2021\/06\/RioOnWatchcabecalhoPT11anos-2.png","contentUrl":"https:\/\/rioonwatch.org.br\/wp-content\/uploads\/2021\/06\/RioOnWatchcabecalhoPT11anos-2.png","width":779,"height":277,"caption":"RioOnWatch"},"image":{"@id":"https:\/\/rioonwatch.org.br\/#\/schema\/logo\/image\/"}},{"@type":"Person","@id":"https:\/\/rioonwatch.org.br\/#\/schema\/person\/8fde974ee24e219acc413d63393ec551","name":"Tatiana Lima","image":{"@type":"ImageObject","inLanguage":"pt-BR","@id":"https:\/\/rioonwatch.org.br\/#\/schema\/person\/image\/","url":"https:\/\/secure.gravatar.com\/avatar\/5fb587d000e124a9d6aae50aec42d39e?s=96&d=blank&r=g","contentUrl":"https:\/\/secure.gravatar.com\/avatar\/5fb587d000e124a9d6aae50aec42d39e?s=96&d=blank&r=g","caption":"Tatiana Lima"},"url":"https:\/\/rioonwatch.org.br\/?author=165"}]}},"_links":{"self":[{"href":"https:\/\/rioonwatch.org.br\/index.php?rest_route=\/wp\/v2\/posts\/48864"}],"collection":[{"href":"https:\/\/rioonwatch.org.br\/index.php?rest_route=\/wp\/v2\/posts"}],"about":[{"href":"https:\/\/rioonwatch.org.br\/index.php?rest_route=\/wp\/v2\/types\/post"}],"author":[{"embeddable":true,"href":"https:\/\/rioonwatch.org.br\/index.php?rest_route=\/wp\/v2\/users\/165"}],"replies":[{"embeddable":true,"href":"https:\/\/rioonwatch.org.br\/index.php?rest_route=%2Fwp%2Fv2%2Fcomments&post=48864"}],"version-history":[{"count":18,"href":"https:\/\/rioonwatch.org.br\/index.php?rest_route=\/wp\/v2\/posts\/48864\/revisions"}],"predecessor-version":[{"id":49831,"href":"https:\/\/rioonwatch.org.br\/index.php?rest_route=\/wp\/v2\/posts\/48864\/revisions\/49831"}],"wp:featuredmedia":[{"embeddable":true,"href":"https:\/\/rioonwatch.org.br\/index.php?rest_route=\/wp\/v2\/media\/48865"}],"wp:attachment":[{"href":"https:\/\/rioonwatch.org.br\/index.php?rest_route=%2Fwp%2Fv2%2Fmedia&parent=48864"}],"wp:term":[{"taxonomy":"category","embeddable":true,"href":"https:\/\/rioonwatch.org.br\/index.php?rest_route=%2Fwp%2Fv2%2Fcategories&post=48864"},{"taxonomy":"post_tag","embeddable":true,"href":"https:\/\/rioonwatch.org.br\/index.php?rest_route=%2Fwp%2Fv2%2Ftags&post=48864"},{"taxonomy":"writer","embeddable":true,"href":"https:\/\/rioonwatch.org.br\/index.php?rest_route=%2Fwp%2Fv2%2Fwriter&post=48864"},{"taxonomy":"translator","embeddable":true,"href":"https:\/\/rioonwatch.org.br\/index.php?rest_route=%2Fwp%2Fv2%2Ftranslator&post=48864"},{"taxonomy":"source","embeddable":true,"href":"https:\/\/rioonwatch.org.br\/index.php?rest_route=%2Fwp%2Fv2%2Fsource&post=48864"},{"taxonomy":"ilustrador","embeddable":true,"href":"https:\/\/rioonwatch.org.br\/index.php?rest_route=%2Fwp%2Fv2%2Filustrador&post=48864"},{"taxonomy":"fotografo","embeddable":true,"href":"https:\/\/rioonwatch.org.br\/index.php?rest_route=%2Fwp%2Fv2%2Ffotografo&post=48864"}],"curies":[{"name":"wp","href":"https:\/\/api.w.org\/{rel}","templated":true}]}}