{"id":4893,"date":"2013-01-28T06:00:30","date_gmt":"2013-01-28T09:00:30","guid":{"rendered":"http:\/\/rioonwatch.org.br\/?p=4893"},"modified":"2013-01-28T08:36:35","modified_gmt":"2013-01-28T11:36:35","slug":"o-vidro-sustentavel","status":"publish","type":"post","link":"https:\/\/rioonwatch.org.br\/?p=4893","title":{"rendered":"O Vidro Sustent\u00e1vel"},"content":{"rendered":"<p><a href=\"http:\/\/rioonwatch.org.br\/?attachment_id=4894\" rel=\"attachment wp-att-4894\"><img fetchpriority=\"high\" decoding=\"async\" class=\"alignright size-medium wp-image-4894\" title=\"Alex Sandro faz trabalho artesanal reciclando vidro\" src=\"http:\/\/rioonwatch.org.br\/wp-content\/uploads\/2013\/01\/Alex-Vidro-1-300x225.jpg\" alt=\"Alex Sandro faz trabalho artesanal reciclando vidro\" width=\"300\" height=\"225\" srcset=\"https:\/\/rioonwatch.org.br\/wp-content\/uploads\/2013\/01\/Alex-Vidro-1-300x225.jpg 300w, https:\/\/rioonwatch.org.br\/wp-content\/uploads\/2013\/01\/Alex-Vidro-1-352x264.jpg 352w, https:\/\/rioonwatch.org.br\/wp-content\/uploads\/2013\/01\/Alex-Vidro-1-620x465.jpg 620w, https:\/\/rioonwatch.org.br\/wp-content\/uploads\/2013\/01\/Alex-Vidro-1-1024x768.jpg 1024w, https:\/\/rioonwatch.org.br\/wp-content\/uploads\/2013\/01\/Alex-Vidro-1-174x131.jpg 174w, https:\/\/rioonwatch.org.br\/wp-content\/uploads\/2013\/01\/Alex-Vidro-1-70x53.jpg 70w, https:\/\/rioonwatch.org.br\/wp-content\/uploads\/2013\/01\/Alex-Vidro-1.jpg 1280w\" sizes=\"(max-width: 300px) 100vw, 300px\" \/><\/a>Subindo uma das tantas ladeiras do Morro da Pedreira em Costa Barros, <a href=\"http:\/\/bit.ly\/WximDf\">Zona Norte<\/a> do Rio de Janeiro, n\u00e3o se pode imaginar que exista ali um chefe de fam\u00edlia com um talento enorme para o artesanato e ainda extremamente preocupado com a reciclagem e o <a href=\"http:\/\/bit.ly\/VxnHgj\">meio ambiente<\/a>. Neste caso, a mat\u00e9ria prima escolhida por ele para desenvolver o belo trabalho \u00e9 o vidro.<\/p>\n<p>Material este que por diversas vezes \u00e9 descartado de forma errada pela popula\u00e7\u00e3o e acaba sendo um dos vil\u00f5es nos t\u00e3o comuns alagamentos, principalmente nesta \u00e9poca do ano. Devido a sua composi\u00e7\u00e3o o vidro demora centenas de anos para se degradar na natureza e por isso \u00e9 um material que \u00e9 muito reciclado, ou pelo menos deveria ser.<\/p>\n<p>Garrafas de todos os tamanhos e tipos viram copos, ta\u00e7as e at\u00e9 mesmo cofres nas m\u00e3os desse artista. Alex Sandro ou simplesmente &#8216;Cabeludo&#8217; como \u00e9 conhecido pelos moradores (apesar de ter cortado o cabelo) \u00e9 quem d\u00e1 um novo rumo \u00e0s garrafas que s\u00e3o encontradas pelas ruas. Alex conta com a ajuda de diversas pessoas que juntam o material para que ele possa trabalhar em suas cria\u00e7\u00f5es. \u201cVou passando e as pessoas v\u00e3o me dando as garrafas que juntaram pensando no meu trabalho\u201d, afirma ele. Quando n\u00e3o tem material suficiente o pr\u00f3prio Alex \u00e9 quem vai \u00e0s ruas, sempre atento para n\u00e3o deixar passar nenhuma garrafinha.<\/p>\n<p><a href=\"http:\/\/rioonwatch.org.br\/?attachment_id=4895\" rel=\"attachment wp-att-4895\"><img decoding=\"async\" class=\"alignright size-medium wp-image-4895\" title=\"Na mesa, Alex utiliza o motor para lixar\" src=\"http:\/\/rioonwatch.org.br\/wp-content\/uploads\/2013\/01\/Alex-Vidro-2-300x225.jpg\" alt=\"Na mesa, Alex utiliza o motor para lixar\" width=\"300\" height=\"225\" srcset=\"https:\/\/rioonwatch.org.br\/wp-content\/uploads\/2013\/01\/Alex-Vidro-2-300x225.jpg 300w, https:\/\/rioonwatch.org.br\/wp-content\/uploads\/2013\/01\/Alex-Vidro-2-352x264.jpg 352w, https:\/\/rioonwatch.org.br\/wp-content\/uploads\/2013\/01\/Alex-Vidro-2-620x465.jpg 620w, https:\/\/rioonwatch.org.br\/wp-content\/uploads\/2013\/01\/Alex-Vidro-2-1024x768.jpg 1024w, https:\/\/rioonwatch.org.br\/wp-content\/uploads\/2013\/01\/Alex-Vidro-2-174x131.jpg 174w, https:\/\/rioonwatch.org.br\/wp-content\/uploads\/2013\/01\/Alex-Vidro-2-70x53.jpg 70w, https:\/\/rioonwatch.org.br\/wp-content\/uploads\/2013\/01\/Alex-Vidro-2.jpg 1280w\" sizes=\"(max-width: 300px) 100vw, 300px\" \/><\/a>Sabemos que hoje a solu\u00e7\u00e3o para o lixo est\u00e1 diretamente ligada ao que o produto representa e \u00e9 justamente com base nisso que ele acredita na reutiliza\u00e7\u00e3o e no sucesso de seus produtos. \u201cUm copo ou uma ta\u00e7a comprada numa loja pode custar duas vezes mais que os que eu fa\u00e7o e mesmo sendo mais caro n\u00e3o tem a mesma import\u00e2ncia que o meu tem para a pessoa. Se algu\u00e9m quebrar a sua ta\u00e7a, ela diz &#8216;tudo bem,&#8217; e que depois pode comprar outra em qualquer lugar. Por\u00e9m se quebrar a ta\u00e7a que foi feita exclusivamente para ela de forma artesanal tenho certeza que a pessoa sentir\u00e1 falta dela. Cada ta\u00e7a ou copo que fa\u00e7o tem um sentimento envolvido\u201d.<\/p>\n<p>Auxiliar de servi\u00e7os gerais no Centro do Rio de Janeiro, este batalhador encontrou na reciclagem uma forma de completar a renda familiar. \u201cPassei quatro anos desempregado, neste per\u00edodo mantive a casa e minha fam\u00edlia fabricando e vendendo as ta\u00e7as e os copos\u201d. Hoje ele conta com a ajuda do seu filho mais velho, Alec Sander, um menino muito inteligente de 11 anos que j\u00e1 conhece os macetes para desenvolver um trabalho legal junto com seu pai. \u201cEu aprendo muito r\u00e1pido, ajudo meu pai, lavo as garrafas, coloco pra secar, tamb\u00e9m passo a cola. S\u00f3 n\u00e3o fa\u00e7o os cortes porque \u00e9 muito perigoso\u201d, diz o menino.<\/p>\n<p><a href=\"http:\/\/rioonwatch.org.br\/?attachment_id=4896\" rel=\"attachment wp-att-4896\"><img decoding=\"async\" class=\"alignright size-medium wp-image-4896\" title=\"Alex e seu filho, Alec, que ajuda com o trabalho\" src=\"http:\/\/rioonwatch.org.br\/wp-content\/uploads\/2013\/01\/Alex-Alec-Vidro-300x225.jpg\" alt=\"Alex e seu filho, Alec, que ajuda com o trabalho\" width=\"300\" height=\"225\" srcset=\"https:\/\/rioonwatch.org.br\/wp-content\/uploads\/2013\/01\/Alex-Alec-Vidro-300x225.jpg 300w, https:\/\/rioonwatch.org.br\/wp-content\/uploads\/2013\/01\/Alex-Alec-Vidro-352x264.jpg 352w, https:\/\/rioonwatch.org.br\/wp-content\/uploads\/2013\/01\/Alex-Alec-Vidro-620x465.jpg 620w, https:\/\/rioonwatch.org.br\/wp-content\/uploads\/2013\/01\/Alex-Alec-Vidro-1024x768.jpg 1024w, https:\/\/rioonwatch.org.br\/wp-content\/uploads\/2013\/01\/Alex-Alec-Vidro-174x131.jpg 174w, https:\/\/rioonwatch.org.br\/wp-content\/uploads\/2013\/01\/Alex-Alec-Vidro-70x53.jpg 70w, https:\/\/rioonwatch.org.br\/wp-content\/uploads\/2013\/01\/Alex-Alec-Vidro.jpg 1280w\" sizes=\"(max-width: 300px) 100vw, 300px\" \/><\/a>Alex conta que j\u00e1 recebeu visita de universit\u00e1rios interessados em lev\u00e1-lo para S\u00e3o Paulo para que pudesse desenvolver seu trabalho em algum projeto social. Por\u00e9m, sentiu que aquele n\u00e3o era o momento. \u201cFiquei em d\u00favida, n\u00e3o queria deixar minha fam\u00edlia aqui, meu filho era muito novo e eu n\u00e3o podia deix\u00e1-los\u201d. Hoje a vontade dele \u00e9 ensinar o que aprendeu aos jovens da comunidade e mostr\u00e1-los que \u00e9 poss\u00edvel ter uma renda extra e ainda contribuir para um mundo mais limpo e saud\u00e1vel. \u201cAinda falta interesse p\u00fablico. Falam sobre sustentabilidade, preserva\u00e7\u00e3o, mas n\u00e3o investem nos pequenos projetos. Aqui em casa tenho como contribuir de forma reduzida. Imagina se tenho equipamentos melhores e espa\u00e7o? Os jovens querem aprender, n\u00f3s queremos ensinar, mas o investimento n\u00e3o aparece\u201d, conclui.<\/p>\n<p>Alex se refere a pouca estrutura que tem. Tudo \u00e9 realmente artesanal. Para realizar o corte das garrafas ele utiliza uma resist\u00eancia de chuveiro acoplada a um peda\u00e7o de madeira ligada \u00e0 energia, um estalo e pronto a pe\u00e7a j\u00e1 ganha forma. Outra curiosidade \u00e9 a lixadeira criada por ele, simplesmente um motor extra\u00eddo de um tanquinho de lavar roupas que carrega a responsabilidade de retirar o perigo de haver um corte ao levar as ta\u00e7as \u00e0 boca. Seu p\u00fablico-alvo encontra-se em todos os lugares. Alex vende para bares, clientes dos bares, moradores. Mas \u00e9 no baile funk que ele realmente ganha o dia, ou melhor, a noite. \u201cNo baile todos me conhecem e compram mesmo, principalmente porque vendo barato e eles tem aquela vontade de beber num copo exclusivo\u201d. Os pre\u00e7os s\u00e3o os mais variados, v\u00e3o de R$2 at\u00e9 R$20, depende muito do tamanho, do trabalho que d\u00e1 e tamb\u00e9m da dificuldade em encontrar determinada garrafa.<\/p>\n<p><a href=\"http:\/\/rioonwatch.org.br\/?attachment_id=4899\" rel=\"attachment wp-att-4899\"><img loading=\"lazy\" decoding=\"async\" class=\"alignright size-medium wp-image-4899\" title=\"Garrafa por grafiteiro Tim\" src=\"http:\/\/rioonwatch.org.br\/wp-content\/uploads\/2013\/01\/garrafa2-225x300.jpg\" alt=\"Garrafa por grafiteiro Tim\" width=\"225\" height=\"300\" \/><\/a>Ainda em Costa Barros outro artista tem se destacado com trabalho em garrafas, este na comunidade da Lagartixa. Walter Vin\u00edcius, o Tim. Grafiteiro nato, ele encontrou uma nova forma de se expressar atrav\u00e9s das garrafas. Tim tem utilizado garrafas de bebidas e tamb\u00e9m de azeite. A arte desenvolvida nas paredes foi adaptada de forma a ser utilizada em outro material, tanto \u00e9 que a base utilizada \u00e9 o spray e para fazer alguns detalhes ele faz uso de canetas especiais que n\u00e3o saem nem mesmo lavando. Tim fala sobre a import\u00e2ncia de seu trabalho. \u201cO material muitas vezes \u00e9 visto como lixo, por\u00e9m tento dar uma solu\u00e7\u00e3o para as garrafas. Al\u00e9m de me render um dinheiro \u00e9 poss\u00edvel reduzir o impacto na natureza\u201d. Ele conta quem s\u00e3o seus clientes. \u201cOs amigos geralmente trazem suas garrafas cheias, eu pinto e devolvo para que ele possa colocar na sua casa, assim divulga para outras pessoas. H\u00e1 quem queira personalizar a garrafa para presentear tamb\u00e9m, \u00e9 muito comum\u201d.<\/p>\n<p>Em um ferro-velho da regi\u00e3o o valor pago por uma garrafa custa em m\u00e9dia R$0,15. Portanto ambos os artistas poderiam compr\u00e1-las para investir no seu trabalho j\u00e1 que o valor \u00e9 muito acess\u00edvel. Por\u00e9m, n\u00e3o fazem desta forma. Preferem contar com a contribui\u00e7\u00e3o e conscientiza\u00e7\u00e3o da popula\u00e7\u00e3o local sobre a quest\u00e3o de preserva\u00e7\u00e3o do ambiente e reutiliza\u00e7\u00e3o. Al\u00e9m de serem artistas preocupados s\u00e3o microempreendedores que encontraram naquilo que as pessoas descartam o lucro sustent\u00e1vel.<\/p>\n<p>&nbsp;<\/p>\n<p><object width=\"600\" height=\"450\" classid=\"clsid:d27cdb6e-ae6d-11cf-96b8-444553540000\" codebase=\"http:\/\/download.macromedia.com\/pub\/shockwave\/cabs\/flash\/swflash.cab#version=6,0,40,0\"><param name=\"flashvars\" value=\"offsite=true&amp;lang=en-us&amp;page_show_url=%2Fphotos%2Fcatcomm%2Fsets%2F72157632608019212%2Fshow%2F&amp;page_show_back_url=%2Fphotos%2Fcatcomm%2Fsets%2F72157632608019212%2F&amp;set_id=72157632608019212&amp;jump_to=\" \/><param name=\"allowFullScreen\" value=\"true\" \/><param name=\"src\" value=\"http:\/\/www.flickr.com\/apps\/slideshow\/show.swf?v=124984\" \/><param name=\"allowfullscreen\" value=\"true\" \/><embed width=\"600\" height=\"450\" type=\"application\/x-shockwave-flash\" src=\"http:\/\/www.flickr.com\/apps\/slideshow\/show.swf?v=124984\" flashvars=\"offsite=true&amp;lang=en-us&amp;page_show_url=%2Fphotos%2Fcatcomm%2Fsets%2F72157632608019212%2Fshow%2F&amp;page_show_back_url=%2Fphotos%2Fcatcomm%2Fsets%2F72157632608019212%2F&amp;set_id=72157632608019212&amp;jump_to=\" allowFullScreen=\"true\" allowfullscreen=\"true\" \/><\/object><\/p>\n<!-- AddThis Advanced Settings generic via filter on the_content --><!-- AddThis Share Buttons generic via filter on the_content -->","protected":false},"excerpt":{"rendered":"<div class=\"mh-excerpt\"><p>Subindo uma das tantas ladeiras do Morro da Pedreira em Costa Barros, Zona Norte do Rio de Janeiro, n\u00e3o se pode imaginar que exista ali um chefe de fam\u00edlia com um talento enorme para o <a class=\"mh-excerpt-more\" href=\"https:\/\/rioonwatch.org.br\/?p=4893\" title=\"O Vidro Sustent\u00e1vel\">[&#8230;]<\/a><!-- AddThis Advanced Settings generic via filter on get_the_excerpt --><!-- AddThis Share Buttons generic via filter on get_the_excerpt --><\/p>\n<\/div>","protected":false},"author":132,"featured_media":4904,"comment_status":"closed","ping_status":"closed","sticky":false,"template":"","format":"standard","meta":{"_acf_changed":false,"_monsterinsights_skip_tracking":false,"_monsterinsights_sitenote_active":false,"_monsterinsights_sitenote_note":"","_monsterinsights_sitenote_category":0,"footnotes":""},"categories":[342],"tags":[573,575,580,360,106,574,576,361,476,404,578,218],"writer":[577],"translator":[],"source":[],"ilustrador":[],"fotografo":[],"class_list":{"0":"post-4893","1":"post","2":"type-post","3":"status-publish","4":"format-standard","5":"has-post-thumbnail","7":"category-solucoes","8":"tag-artesanato","9":"tag-costa-barros","10":"tag-lagartixa","11":"tag-lixo","12":"tag-meio-ambiente","13":"tag-microempreendedor","14":"tag-morro-da-pedreira","15":"tag-reciclagem","16":"tag-solucao-comunitaria","17":"tag-sustentabilidade","18":"tag-trabalho-e-renda","19":"tag-zona-norte","20":"writer-renan-schuindt"},"acf":[],"yoast_head":"<!-- This site is optimized with the Yoast SEO plugin v25.6 - https:\/\/yoast.com\/wordpress\/plugins\/seo\/ -->\n<title>O Vidro Sustent\u00e1vel - RioOnWatch<\/title>\n<meta name=\"robots\" content=\"index, follow, max-snippet:-1, max-image-preview:large, max-video-preview:-1\" \/>\n<link rel=\"canonical\" href=\"https:\/\/rioonwatch.org.br\/?p=4893\" \/>\n<meta property=\"og:locale\" content=\"pt_BR\" \/>\n<meta property=\"og:type\" content=\"article\" \/>\n<meta property=\"og:title\" content=\"O Vidro Sustent\u00e1vel - RioOnWatch\" \/>\n<meta property=\"og:description\" content=\"Subindo uma das tantas ladeiras do Morro da Pedreira em Costa Barros, Zona Norte do Rio de Janeiro, n\u00e3o se pode imaginar que exista ali um chefe de fam\u00edlia com um talento enorme para o [...]\" \/>\n<meta property=\"og:url\" content=\"https:\/\/rioonwatch.org.br\/?p=4893\" \/>\n<meta property=\"og:site_name\" content=\"RioOnWatch\" \/>\n<meta property=\"article:published_time\" content=\"2013-01-28T09:00:30+00:00\" \/>\n<meta property=\"article:modified_time\" content=\"2013-01-28T11:36:35+00:00\" \/>\n<meta property=\"og:image\" content=\"https:\/\/rioonwatch.org.br\/wp-content\/uploads\/2013\/01\/Alex-Alec-Vidro_opt.jpg\" \/>\n\t<meta property=\"og:image:width\" content=\"300\" \/>\n\t<meta property=\"og:image:height\" content=\"211\" \/>\n\t<meta property=\"og:image:type\" content=\"image\/jpeg\" \/>\n<meta name=\"author\" content=\"Felicity\" \/>\n<meta name=\"twitter:card\" content=\"summary_large_image\" \/>\n<meta name=\"twitter:label1\" content=\"Escrito por\" \/>\n\t<meta name=\"twitter:data1\" content=\"Felicity\" \/>\n\t<meta name=\"twitter:label2\" content=\"Est. tempo de leitura\" \/>\n\t<meta name=\"twitter:data2\" content=\"5 minutos\" \/>\n<script type=\"application\/ld+json\" class=\"yoast-schema-graph\">{\"@context\":\"https:\/\/schema.org\",\"@graph\":[{\"@type\":\"Article\",\"@id\":\"https:\/\/rioonwatch.org.br\/?p=4893#article\",\"isPartOf\":{\"@id\":\"https:\/\/rioonwatch.org.br\/?p=4893\"},\"author\":{\"name\":\"Felicity\",\"@id\":\"https:\/\/rioonwatch.org.br\/#\/schema\/person\/4d05cf5053c358ab740b3edd75a173f2\"},\"headline\":\"O Vidro Sustent\u00e1vel\",\"datePublished\":\"2013-01-28T09:00:30+00:00\",\"dateModified\":\"2013-01-28T11:36:35+00:00\",\"mainEntityOfPage\":{\"@id\":\"https:\/\/rioonwatch.org.br\/?p=4893\"},\"wordCount\":1046,\"publisher\":{\"@id\":\"https:\/\/rioonwatch.org.br\/#organization\"},\"image\":{\"@id\":\"https:\/\/rioonwatch.org.br\/?p=4893#primaryimage\"},\"thumbnailUrl\":\"https:\/\/rioonwatch.org.br\/wp-content\/uploads\/2013\/01\/Alex-Alec-Vidro_opt.jpg\",\"keywords\":[\"artesanato\",\"Costa Barros\",\"Lagartixa\",\"lixo\",\"meio ambiente\",\"microempreendedor\",\"Morro da Pedreira\",\"reciclagem\",\"solu\u00e7\u00e3o comunit\u00e1ria\",\"sustentabilidade\",\"Trabalho e renda\",\"Zona Norte\"],\"articleSection\":[\"Solu\u00e7\u00f5es\"],\"inLanguage\":\"pt-BR\"},{\"@type\":\"WebPage\",\"@id\":\"https:\/\/rioonwatch.org.br\/?p=4893\",\"url\":\"https:\/\/rioonwatch.org.br\/?p=4893\",\"name\":\"O Vidro Sustent\u00e1vel - RioOnWatch\",\"isPartOf\":{\"@id\":\"https:\/\/rioonwatch.org.br\/#website\"},\"primaryImageOfPage\":{\"@id\":\"https:\/\/rioonwatch.org.br\/?p=4893#primaryimage\"},\"image\":{\"@id\":\"https:\/\/rioonwatch.org.br\/?p=4893#primaryimage\"},\"thumbnailUrl\":\"https:\/\/rioonwatch.org.br\/wp-content\/uploads\/2013\/01\/Alex-Alec-Vidro_opt.jpg\",\"datePublished\":\"2013-01-28T09:00:30+00:00\",\"dateModified\":\"2013-01-28T11:36:35+00:00\",\"breadcrumb\":{\"@id\":\"https:\/\/rioonwatch.org.br\/?p=4893#breadcrumb\"},\"inLanguage\":\"pt-BR\",\"potentialAction\":[{\"@type\":\"ReadAction\",\"target\":[\"https:\/\/rioonwatch.org.br\/?p=4893\"]}]},{\"@type\":\"ImageObject\",\"inLanguage\":\"pt-BR\",\"@id\":\"https:\/\/rioonwatch.org.br\/?p=4893#primaryimage\",\"url\":\"https:\/\/rioonwatch.org.br\/wp-content\/uploads\/2013\/01\/Alex-Alec-Vidro_opt.jpg\",\"contentUrl\":\"https:\/\/rioonwatch.org.br\/wp-content\/uploads\/2013\/01\/Alex-Alec-Vidro_opt.jpg\",\"width\":300,\"height\":211,\"caption\":\"Alex & Alec\"},{\"@type\":\"BreadcrumbList\",\"@id\":\"https:\/\/rioonwatch.org.br\/?p=4893#breadcrumb\",\"itemListElement\":[{\"@type\":\"ListItem\",\"position\":1,\"name\":\"In\u00edcio\",\"item\":\"https:\/\/rioonwatch.org.br\/\"},{\"@type\":\"ListItem\",\"position\":2,\"name\":\"O Vidro Sustent\u00e1vel\"}]},{\"@type\":\"WebSite\",\"@id\":\"https:\/\/rioonwatch.org.br\/#website\",\"url\":\"https:\/\/rioonwatch.org.br\/\",\"name\":\"RioOnWatch\",\"description\":\"relatos das favelas cariocas\",\"publisher\":{\"@id\":\"https:\/\/rioonwatch.org.br\/#organization\"},\"potentialAction\":[{\"@type\":\"SearchAction\",\"target\":{\"@type\":\"EntryPoint\",\"urlTemplate\":\"https:\/\/rioonwatch.org.br\/?s={search_term_string}\"},\"query-input\":{\"@type\":\"PropertyValueSpecification\",\"valueRequired\":true,\"valueName\":\"search_term_string\"}}],\"inLanguage\":\"pt-BR\"},{\"@type\":\"Organization\",\"@id\":\"https:\/\/rioonwatch.org.br\/#organization\",\"name\":\"RioOnWatch\",\"url\":\"https:\/\/rioonwatch.org.br\/\",\"logo\":{\"@type\":\"ImageObject\",\"inLanguage\":\"pt-BR\",\"@id\":\"https:\/\/rioonwatch.org.br\/#\/schema\/logo\/image\/\",\"url\":\"https:\/\/rioonwatch.org.br\/wp-content\/uploads\/2021\/06\/RioOnWatchcabecalhoPT11anos-2.png\",\"contentUrl\":\"https:\/\/rioonwatch.org.br\/wp-content\/uploads\/2021\/06\/RioOnWatchcabecalhoPT11anos-2.png\",\"width\":779,\"height\":277,\"caption\":\"RioOnWatch\"},\"image\":{\"@id\":\"https:\/\/rioonwatch.org.br\/#\/schema\/logo\/image\/\"}},{\"@type\":\"Person\",\"@id\":\"https:\/\/rioonwatch.org.br\/#\/schema\/person\/4d05cf5053c358ab740b3edd75a173f2\",\"name\":\"Felicity\",\"image\":{\"@type\":\"ImageObject\",\"inLanguage\":\"pt-BR\",\"@id\":\"https:\/\/rioonwatch.org.br\/#\/schema\/person\/image\/\",\"url\":\"https:\/\/secure.gravatar.com\/avatar\/bfc904486dc0bba6015410a00fe3fc27?s=96&d=blank&r=g\",\"contentUrl\":\"https:\/\/secure.gravatar.com\/avatar\/bfc904486dc0bba6015410a00fe3fc27?s=96&d=blank&r=g\",\"caption\":\"Felicity\"},\"url\":\"https:\/\/rioonwatch.org.br\/?author=132\"}]}<\/script>\n<!-- \/ Yoast SEO plugin. -->","yoast_head_json":{"title":"O Vidro Sustent\u00e1vel - RioOnWatch","robots":{"index":"index","follow":"follow","max-snippet":"max-snippet:-1","max-image-preview":"max-image-preview:large","max-video-preview":"max-video-preview:-1"},"canonical":"https:\/\/rioonwatch.org.br\/?p=4893","og_locale":"pt_BR","og_type":"article","og_title":"O Vidro Sustent\u00e1vel - RioOnWatch","og_description":"Subindo uma das tantas ladeiras do Morro da Pedreira em Costa Barros, Zona Norte do Rio de Janeiro, n\u00e3o se pode imaginar que exista ali um chefe de fam\u00edlia com um talento enorme para o [...]","og_url":"https:\/\/rioonwatch.org.br\/?p=4893","og_site_name":"RioOnWatch","article_published_time":"2013-01-28T09:00:30+00:00","article_modified_time":"2013-01-28T11:36:35+00:00","og_image":[{"width":300,"height":211,"url":"https:\/\/rioonwatch.org.br\/wp-content\/uploads\/2013\/01\/Alex-Alec-Vidro_opt.jpg","type":"image\/jpeg"}],"author":"Felicity","twitter_card":"summary_large_image","twitter_misc":{"Escrito por":"Felicity","Est. tempo de leitura":"5 minutos"},"schema":{"@context":"https:\/\/schema.org","@graph":[{"@type":"Article","@id":"https:\/\/rioonwatch.org.br\/?p=4893#article","isPartOf":{"@id":"https:\/\/rioonwatch.org.br\/?p=4893"},"author":{"name":"Felicity","@id":"https:\/\/rioonwatch.org.br\/#\/schema\/person\/4d05cf5053c358ab740b3edd75a173f2"},"headline":"O Vidro Sustent\u00e1vel","datePublished":"2013-01-28T09:00:30+00:00","dateModified":"2013-01-28T11:36:35+00:00","mainEntityOfPage":{"@id":"https:\/\/rioonwatch.org.br\/?p=4893"},"wordCount":1046,"publisher":{"@id":"https:\/\/rioonwatch.org.br\/#organization"},"image":{"@id":"https:\/\/rioonwatch.org.br\/?p=4893#primaryimage"},"thumbnailUrl":"https:\/\/rioonwatch.org.br\/wp-content\/uploads\/2013\/01\/Alex-Alec-Vidro_opt.jpg","keywords":["artesanato","Costa Barros","Lagartixa","lixo","meio ambiente","microempreendedor","Morro da Pedreira","reciclagem","solu\u00e7\u00e3o comunit\u00e1ria","sustentabilidade","Trabalho e renda","Zona Norte"],"articleSection":["Solu\u00e7\u00f5es"],"inLanguage":"pt-BR"},{"@type":"WebPage","@id":"https:\/\/rioonwatch.org.br\/?p=4893","url":"https:\/\/rioonwatch.org.br\/?p=4893","name":"O Vidro Sustent\u00e1vel - RioOnWatch","isPartOf":{"@id":"https:\/\/rioonwatch.org.br\/#website"},"primaryImageOfPage":{"@id":"https:\/\/rioonwatch.org.br\/?p=4893#primaryimage"},"image":{"@id":"https:\/\/rioonwatch.org.br\/?p=4893#primaryimage"},"thumbnailUrl":"https:\/\/rioonwatch.org.br\/wp-content\/uploads\/2013\/01\/Alex-Alec-Vidro_opt.jpg","datePublished":"2013-01-28T09:00:30+00:00","dateModified":"2013-01-28T11:36:35+00:00","breadcrumb":{"@id":"https:\/\/rioonwatch.org.br\/?p=4893#breadcrumb"},"inLanguage":"pt-BR","potentialAction":[{"@type":"ReadAction","target":["https:\/\/rioonwatch.org.br\/?p=4893"]}]},{"@type":"ImageObject","inLanguage":"pt-BR","@id":"https:\/\/rioonwatch.org.br\/?p=4893#primaryimage","url":"https:\/\/rioonwatch.org.br\/wp-content\/uploads\/2013\/01\/Alex-Alec-Vidro_opt.jpg","contentUrl":"https:\/\/rioonwatch.org.br\/wp-content\/uploads\/2013\/01\/Alex-Alec-Vidro_opt.jpg","width":300,"height":211,"caption":"Alex & Alec"},{"@type":"BreadcrumbList","@id":"https:\/\/rioonwatch.org.br\/?p=4893#breadcrumb","itemListElement":[{"@type":"ListItem","position":1,"name":"In\u00edcio","item":"https:\/\/rioonwatch.org.br\/"},{"@type":"ListItem","position":2,"name":"O Vidro Sustent\u00e1vel"}]},{"@type":"WebSite","@id":"https:\/\/rioonwatch.org.br\/#website","url":"https:\/\/rioonwatch.org.br\/","name":"RioOnWatch","description":"relatos das favelas cariocas","publisher":{"@id":"https:\/\/rioonwatch.org.br\/#organization"},"potentialAction":[{"@type":"SearchAction","target":{"@type":"EntryPoint","urlTemplate":"https:\/\/rioonwatch.org.br\/?s={search_term_string}"},"query-input":{"@type":"PropertyValueSpecification","valueRequired":true,"valueName":"search_term_string"}}],"inLanguage":"pt-BR"},{"@type":"Organization","@id":"https:\/\/rioonwatch.org.br\/#organization","name":"RioOnWatch","url":"https:\/\/rioonwatch.org.br\/","logo":{"@type":"ImageObject","inLanguage":"pt-BR","@id":"https:\/\/rioonwatch.org.br\/#\/schema\/logo\/image\/","url":"https:\/\/rioonwatch.org.br\/wp-content\/uploads\/2021\/06\/RioOnWatchcabecalhoPT11anos-2.png","contentUrl":"https:\/\/rioonwatch.org.br\/wp-content\/uploads\/2021\/06\/RioOnWatchcabecalhoPT11anos-2.png","width":779,"height":277,"caption":"RioOnWatch"},"image":{"@id":"https:\/\/rioonwatch.org.br\/#\/schema\/logo\/image\/"}},{"@type":"Person","@id":"https:\/\/rioonwatch.org.br\/#\/schema\/person\/4d05cf5053c358ab740b3edd75a173f2","name":"Felicity","image":{"@type":"ImageObject","inLanguage":"pt-BR","@id":"https:\/\/rioonwatch.org.br\/#\/schema\/person\/image\/","url":"https:\/\/secure.gravatar.com\/avatar\/bfc904486dc0bba6015410a00fe3fc27?s=96&d=blank&r=g","contentUrl":"https:\/\/secure.gravatar.com\/avatar\/bfc904486dc0bba6015410a00fe3fc27?s=96&d=blank&r=g","caption":"Felicity"},"url":"https:\/\/rioonwatch.org.br\/?author=132"}]}},"_links":{"self":[{"href":"https:\/\/rioonwatch.org.br\/index.php?rest_route=\/wp\/v2\/posts\/4893"}],"collection":[{"href":"https:\/\/rioonwatch.org.br\/index.php?rest_route=\/wp\/v2\/posts"}],"about":[{"href":"https:\/\/rioonwatch.org.br\/index.php?rest_route=\/wp\/v2\/types\/post"}],"author":[{"embeddable":true,"href":"https:\/\/rioonwatch.org.br\/index.php?rest_route=\/wp\/v2\/users\/132"}],"replies":[{"embeddable":true,"href":"https:\/\/rioonwatch.org.br\/index.php?rest_route=%2Fwp%2Fv2%2Fcomments&post=4893"}],"version-history":[{"count":24,"href":"https:\/\/rioonwatch.org.br\/index.php?rest_route=\/wp\/v2\/posts\/4893\/revisions"}],"predecessor-version":[{"id":4924,"href":"https:\/\/rioonwatch.org.br\/index.php?rest_route=\/wp\/v2\/posts\/4893\/revisions\/4924"}],"wp:featuredmedia":[{"embeddable":true,"href":"https:\/\/rioonwatch.org.br\/index.php?rest_route=\/wp\/v2\/media\/4904"}],"wp:attachment":[{"href":"https:\/\/rioonwatch.org.br\/index.php?rest_route=%2Fwp%2Fv2%2Fmedia&parent=4893"}],"wp:term":[{"taxonomy":"category","embeddable":true,"href":"https:\/\/rioonwatch.org.br\/index.php?rest_route=%2Fwp%2Fv2%2Fcategories&post=4893"},{"taxonomy":"post_tag","embeddable":true,"href":"https:\/\/rioonwatch.org.br\/index.php?rest_route=%2Fwp%2Fv2%2Ftags&post=4893"},{"taxonomy":"writer","embeddable":true,"href":"https:\/\/rioonwatch.org.br\/index.php?rest_route=%2Fwp%2Fv2%2Fwriter&post=4893"},{"taxonomy":"translator","embeddable":true,"href":"https:\/\/rioonwatch.org.br\/index.php?rest_route=%2Fwp%2Fv2%2Ftranslator&post=4893"},{"taxonomy":"source","embeddable":true,"href":"https:\/\/rioonwatch.org.br\/index.php?rest_route=%2Fwp%2Fv2%2Fsource&post=4893"},{"taxonomy":"ilustrador","embeddable":true,"href":"https:\/\/rioonwatch.org.br\/index.php?rest_route=%2Fwp%2Fv2%2Filustrador&post=4893"},{"taxonomy":"fotografo","embeddable":true,"href":"https:\/\/rioonwatch.org.br\/index.php?rest_route=%2Fwp%2Fv2%2Ffotografo&post=4893"}],"curies":[{"name":"wp","href":"https:\/\/api.w.org\/{rel}","templated":true}]}}