{"id":49106,"date":"2020-07-27T15:18:44","date_gmt":"2020-07-27T18:18:44","guid":{"rendered":"https:\/\/rioonwatch.org.br\/?p=49106"},"modified":"2022-10-11T09:23:39","modified_gmt":"2022-10-11T12:23:39","slug":"hoje-marielle-franco-faria-41-anos-sua-luta-vive-e-live-show-de-elza-soares-e-flavio-renegado-celebra-sua-memoria","status":"publish","type":"post","link":"https:\/\/rioonwatch.org.br\/?p=49106","title":{"rendered":"Hoje Marielle Franco Faria 41 Anos! Sua Luta Vive e Live Show de Elza Soares e Fl\u00e1vio Renegado Celebra Sua Mem\u00f3ria"},"content":{"rendered":"<p style=\"text-align: right;\"><em><strong><a href=\"https:\/\/bit.ly\/2P4unp2\" target=\"_blank\" rel=\"noopener noreferrer\">Click Here for English<\/a><a href=\"https:\/\/bit.ly\/2P4unp2\" target=\"_blank\" rel=\"noopener noreferrer\"><img decoding=\"async\" class=\"alignright wp-image-15790\" src=\"https:\/\/rioonwatch.org.br\/wp-content\/uploads\/2012\/08\/EN-standard-e1439583104716.jpg\" alt=\"\" width=\"20\" height=\"20\" \/><\/a><\/strong><\/em><\/p>\n<p><span style=\"font-weight: 400;\">Um show da cantora <a href=\"https:\/\/bit.ly\/2DaDdyV\" target=\"_blank\" rel=\"noopener noreferrer\">Elza Soares<\/a> e do rapper <a href=\"https:\/\/bit.ly\/39v3TXf\" target=\"_blank\" rel=\"noopener noreferrer\">Fl\u00e1vio Renegado<\/a> marcam as celebra\u00e7\u00f5es pelo anivers\u00e1rio de <a href=\"http:\/\/bit.ly\/2ZubT41\" target=\"_blank\" rel=\"noopener noreferrer\">Marielle Franco<\/a>, que completaria 41 anos nesta segunda-feira, dia 27. A <a href=\"https:\/\/bit.ly\/2Ej57ZT\" target=\"_blank\" rel=\"noopener noreferrer\">Live Elza por Marielle!<\/a>, que aconteceu no domingo, dia 26, <\/span>foi <a href=\"https:\/\/bit.ly\/39v4msc\" target=\"_blank\" rel=\"noopener noreferrer\">transmitido ao vivo<\/a> pelo <a href=\"https:\/\/bit.ly\/30RBGWv\" target=\"_blank\" rel=\"noopener noreferrer\">canal do Instituto Marielle Franco<\/a><span style=\"font-weight: 400;\">, organiza\u00e7\u00e3o criada pela fam\u00edlia da vereadora para lutar por justi\u00e7a, multiplicar o legado e preservar a mem\u00f3ria da parlamentar.<\/span><\/p>\n<p><span style=\"font-weight: 400;\">\u201cA gente est\u00e1 \u00e0 frente de v\u00e1rias campanhas com diversas mulheres negras, porque o foco do Instituto, al\u00e9m de levar o nome da Mari, que n\u00e3o \u00e9 uma tarefa f\u00e1cil, \u00e9 estruturar e inspirar outras mulheres negras\u201d, explicou Anielle Franco, irm\u00e3 da vereadora e diretora executiva do <a href=\"https:\/\/bit.ly\/2WZLnRs\" target=\"_blank\" rel=\"noopener noreferrer\">Instituto Marielle Franco<\/a>. Al\u00e9m de Anielle, tamb\u00e9m participaram da live os pais de Marielle, Marinete Silva e Ant\u00f4nio Francisco, a filha Luyara Franco e as duas sobrinhas.\u00a0<\/span><\/p>\n<p><span style=\"font-weight: 400;\">\u201cQuem mandou matar Marielle? Hoje \u00e9 dia de celebrar a vida dessa grande mulher, mas essa pergunta precisa de resposta: quem mandou matar Marielle Franco e Anderson Gomes?\u201d, iniciou Elza Soares, que completou 90 anos na semana passada. Nos palcos ou fora deles, a cantora \u00e9 uma voz potente contra o racismo, o machismo e outras formas de opress\u00e3o. Elza e Fl\u00e1vio Renegado cantaram contra a viol\u00eancia de g\u00eanero e o <a href=\"http:\/\/bit.ly\/2PALm3Q\" target=\"_blank\" rel=\"noopener noreferrer\">genoc\u00eddio do povo negro<\/a>, temas presentes na trajet\u00f3ria de luta de Marielle Franco.\u00a0<\/span><\/p>\n<p><span style=\"font-weight: 400;\">\u201c\u00c9 muito triste ver a hist\u00f3ria do nosso povo ser ceifada t\u00e3o cedo, t\u00e3o jovem. Como ela, muitos, v\u00e1rios e v\u00e1rios jovens t\u00eam a vida exterminada antes do come\u00e7o ainda. \u00c9 uma corrida muito injusta. Por isso, a necessidade da popula\u00e7\u00e3o brasileira entender que n\u00e3o basta s\u00f3 n\u00e3o ser racista, \u00e9 extremamente importante e urgente sermos antirracista\u201d, refor\u00e7ou Fl\u00e1vio Renegado.\u00a0<\/span><\/p>\n<p><span style=\"font-weight: 400;\">A apresenta\u00e7\u00e3o, que chegou a ter quase 7.000 pessoas assistindo simultaneamente, esteve tamb\u00e9m entre os dez assuntos mais <a href=\"https:\/\/bit.ly\/3jQVsub\" target=\"_blank\" rel=\"noopener noreferrer\">comentados no Twitter Brasil<\/a>. Al\u00e9m de celebrar a vida da vereadora, o show ainda arrecadou recursos para financiar projetos do Instituto Marielle Franco.\u00a0<\/span><\/p>\n<p><a href=\"https:\/\/rioonwatch.org.br\/wp-content\/uploads\/2020\/07\/Elsa-Soares-Justi\u00e7a-por-marielle.jpg\"><img fetchpriority=\"high\" decoding=\"async\" class=\"aligncenter wp-image-49133 size-medium\" title=\"Elza Soares na Live Elza por Marielle! Foto da p\u00e1gina do Facebook do Instituto Marielle Franco\" src=\"https:\/\/rioonwatch.org.br\/wp-content\/uploads\/2020\/07\/Elsa-Soares-Justi\u00e7a-por-marielle-620x413.jpg\" alt=\"\" width=\"620\" height=\"413\" srcset=\"https:\/\/rioonwatch.org.br\/wp-content\/uploads\/2020\/07\/Elsa-Soares-Justi\u00e7a-por-marielle-620x413.jpg 620w, https:\/\/rioonwatch.org.br\/wp-content\/uploads\/2020\/07\/Elsa-Soares-Justi\u00e7a-por-marielle-396x264.jpg 396w, https:\/\/rioonwatch.org.br\/wp-content\/uploads\/2020\/07\/Elsa-Soares-Justi\u00e7a-por-marielle-768x512.jpg 768w, https:\/\/rioonwatch.org.br\/wp-content\/uploads\/2020\/07\/Elsa-Soares-Justi\u00e7a-por-marielle.jpg 960w\" sizes=\"(max-width: 620px) 100vw, 620px\" \/><\/a><\/p>\n<h3><b>A Luta de Marielle Permanece Viva<\/b><\/h3>\n<p><span style=\"font-weight: 400;\">Se fosse viva, a vereadora Marielle Franco completaria seu primeiro mandato neste ano. Dos quatro anos garantidos pela democracia a qualquer parlamentar eleito, Marielle e o time que integrava sua mandata coletiva atuaram por pouco mais de um ano, foram 15 meses. Com Marielle, mulheres negras, perif\u00e9ricos e pessoas LGBTQI+ <a href=\"http:\/\/bit.ly\/2ym5qwk\" target=\"_blank\" rel=\"noopener noreferrer\">chegaram<\/a> a <a href=\"https:\/\/bit.ly\/3jIhz5K\" target=\"_blank\" rel=\"noopener noreferrer\">C\u00e2mara Municipal do Rio de Janeiro<\/a>, com poder para propor pol\u00edticas p\u00fablicas que afetam diretamente a exist\u00eancia de seus corpos e territ\u00f3rios.\u00a0<\/span><\/p>\n<p><span style=\"font-weight: 400;\">Pouco mais de dois anos ap\u00f3s o assassinato da vereadora, o Instituto Marielle Franco trabalha para florescer novas sementes. Com o <\/span>lan\u00e7amento da <a href=\"https:\/\/bit.ly\/2D6mKM2\" target=\"_blank\" rel=\"noopener noreferrer\">Plataforma Antirracista nas Elei\u00e7\u00f5es (PANE)<\/a> nesse m\u00eas<span style=\"font-weight: 400;\">, a institui\u00e7\u00e3o d\u00e1 inicio a uma s\u00e9rie de a\u00e7\u00f5es para apoiar a <a href=\"https:\/\/bit.ly\/302R6b8\" target=\"_blank\" rel=\"noopener noreferrer\">candidatura de mulheres negras<\/a> nas pr\u00f3ximas elei\u00e7\u00f5es municipais, a primeira ap\u00f3s a morte de Marielle. <\/span>Nas elei\u00e7\u00f5es de 2016, mulheres negras ou pardas <a href=\"http:\/\/bit.ly\/2Q7VvTm\" target=\"_blank\" rel=\"noopener noreferrer\">representavam apenas 5% dos vereadores eleitos<\/a> no pa\u00eds<span style=\"font-weight: 400;\">. A vit\u00f3ria de Marielle, como a quinta parlamentar mais votada na capital fluminense, levou \u00e0 C\u00e2mara dos Vereadores do Rio a \u00fanica mulher negra da gest\u00e3o.\u00a0<\/span><\/p>\n<p><span style=\"font-weight: 400;\">As sementes plantadas por Marielle Franco floresceram nas elei\u00e7\u00f5es de 2018, quando <\/span><a href=\"http:\/\/bit.ly\/2WP0XR3\" target=\"_blank\" rel=\"noopener noreferrer\">tr\u00eas de suas ex-assessoras foram eleitas<\/a> como deputadas estaduais<span style=\"font-weight: 400;\">, as \u00fanicas tr\u00eas mulheres negras na atual gest\u00e3o da <a href=\"http:\/\/bit.ly\/2yL8t1X\" target=\"_blank\" rel=\"noopener noreferrer\">Alerj<\/a>. Em todo o Brasil, o n\u00famero de candidatos negros cresceu, especialmente de mulheres, mas ainda est\u00e1 longe de alterar o perfil comum dos parlamentares. De acordo com o Tribunal Superior Eleitoral (TSE), <\/span>nas \u00faltimas elei\u00e7\u00f5es <a href=\"https:\/\/bit.ly\/3jJJ9Q9\" target=\"_blank\" rel=\"noopener noreferrer\">apenas 4% dos candidatos eleitos<\/a> no pa\u00eds eram homens e mulheres negros<span style=\"font-weight: 400;\">.\u00a0<\/span><\/p>\n<p><span style=\"font-weight: 400;\">A PANE, Plataforma Antirracista nas Elei\u00e7\u00f5es surge com a miss\u00e3o de mover as estruturas do sistema pol\u00edtico no Brasil, mobilizando a sociedade para pressionar partidos pol\u00edticos e o <a href=\"http:\/\/bit.ly\/2PkJr0K\" target=\"_blank\" rel=\"noopener noreferrer\">TSE<\/a> pela a ado\u00e7\u00e3o de pol\u00edticas que garantam maior equidade na disputa eleitoral. A plataforma visa estimular<\/span><span style=\"font-weight: 400;\">\u00a0que mais mulheres negras ocupem os espa\u00e7os de decis\u00e3o e que movam as estruturas que, historicamente, afastam e violentam negros, perif\u00e9ricos e pessoas LGBTQI+, <a href=\"https:\/\/bit.ly\/39vim5v\" target=\"_blank\" rel=\"noopener noreferrer\">mantendo viva a luta e a mem\u00f3ria<\/a> de Marielle Franco.\u00a0<\/span><\/p>\n<p><a href=\"https:\/\/rioonwatch.org.br\/wp-content\/uploads\/2020\/07\/Reprodu\u00e7\u00e3o-Facebook_Marielle-Franco-ok-e1595856004647.jpg\"><img decoding=\"async\" class=\"aligncenter wp-image-49128 size-content\" title=\"Defesa de minorias era principal bandeira de luta pol\u00edtica de Marielle Franco. Foto reprodu\u00e7\u00e3o do Facebook\" src=\"https:\/\/rioonwatch.org.br\/wp-content\/uploads\/2020\/07\/Reprodu\u00e7\u00e3o-Facebook_Marielle-Franco-ok-e1595856004647-620x264.jpg\" alt=\"\" width=\"620\" height=\"264\" srcset=\"https:\/\/rioonwatch.org.br\/wp-content\/uploads\/2020\/07\/Reprodu\u00e7\u00e3o-Facebook_Marielle-Franco-ok-e1595856004647-620x264.jpg 620w, https:\/\/rioonwatch.org.br\/wp-content\/uploads\/2020\/07\/Reprodu\u00e7\u00e3o-Facebook_Marielle-Franco-ok-e1595856004647-940x400.jpg 940w\" sizes=\"(max-width: 620px) 100vw, 620px\" \/><\/a><\/p>\n<p><span style=\"font-weight: 400;\">Cria do <a href=\"http:\/\/bit.ly\/2K1s59x\" target=\"_blank\" rel=\"noopener noreferrer\">Complexo da Mar\u00e9<\/a>, <a href=\"http:\/\/bit.ly\/2ETpYR1\" target=\"_blank\" rel=\"noopener noreferrer\">Zona Norte<\/a>, a vereadora tinha o direito \u00e0 vida como sua principal bandeira de luta no campo pol\u00edtico, especialmente da juventude negra e perif\u00e9rica. Marielle iniciou sua milit\u00e2ncia em direitos humanos ap\u00f3s ingressar no pr\u00e9-vestibular comunit\u00e1rio e perder uma amiga, v\u00edtima de bala perdida durante um tiroteio na Mar\u00e9. Publicamente, <\/span>ela se posicionava <a href=\"http:\/\/bit.ly\/2IKsZ7N\" target=\"_blank\" rel=\"noopener noreferrer\">contr\u00e1ria \u00e0s opera\u00e7\u00f5es policiais em favelas<\/a><span style=\"font-weight: 400;\">.<\/span><\/p>\n<p><span style=\"font-weight: 400;\">Um dia antes de ser assassinada, em resposta \u00e0 morte de mais um jovem negro pela pol\u00edcia, ela questionou no Twitter: \u201cQuantos mais v\u00e3o precisar morrer para que essa guerra acabe?\u201d. <\/span><\/p>\n<blockquote class=\"twitter-tweet\">\n<p dir=\"ltr\" lang=\"pt\">Mais um homic\u00eddio de um jovem que pode estar entrando para a conta da PM. Matheus Melo estava saindo da igreja. Quantos mais v\u00e3o precisar morrer para que essa guerra acabe?<\/p>\n<p>\u2014 Marielle Franco (@mariellefranco) <a href=\"https:\/\/twitter.com\/mariellefranco\/status\/973568966403731456?ref_src=twsrc%5Etfw\">March 13, 2018<\/a><\/p><\/blockquote>\n<p><script async src=\"https:\/\/platform.twitter.com\/widgets.js\" charset=\"utf-8\"><\/script><\/p>\n<p><span style=\"font-weight: 400;\">No Brasil, as chances de voc\u00ea ser v\u00edtima de um homic\u00eddio est\u00e3o diretamente relacionadas \u00e0 cor da sua pele. Dados do <a href=\"http:\/\/bit.ly\/2Pr9GTX\" target=\"_blank\" rel=\"noopener noreferrer\">Instituto de Seguran\u00e7a P\u00fablica (ISP)<\/a> demonstram que o estado do Rio bateu recorde no n\u00famero de mortes provocadas por policiais em 2019. <\/span><a href=\"https:\/\/bit.ly\/3hLMOLD\" target=\"_blank\" rel=\"noopener noreferrer\">O Mapa da Desigualdade<\/a> produzido pela <a href=\"http:\/\/bit.ly\/2qmYcYQ\" target=\"_blank\" rel=\"noopener noreferrer\">Casa Fluminense<\/a> relevou que 81% dos mortos pelo Estado eram negros<span style=\"font-weight: 400;\">. Esse \u00edndice sobe para 100% nas cidades de Petr\u00f3polis, <a href=\"http:\/\/bit.ly\/2OvY7uU\" target=\"_blank\" rel=\"noopener noreferrer\">Serop\u00e9dica<\/a>, <a href=\"https:\/\/bit.ly\/30Vuzwc\" target=\"_blank\" rel=\"noopener noreferrer\">Guapimirim<\/a>, <a href=\"https:\/\/bit.ly\/39vckl8\" target=\"_blank\" rel=\"noopener noreferrer\">Cachoeiras de Macacu<\/a> e <a href=\"https:\/\/bit.ly\/2ZR7lYO\" target=\"_blank\" rel=\"noopener noreferrer\">Rio Bonito<\/a>.<\/span><\/p>\n<p><span style=\"font-weight: 400;\">O resultado da guerra \u00e0s drogas e de uma pol\u00edtica de seguran\u00e7a cada vez mais militarizada aparecia no seu dia a dia. No per\u00edodo em que trabalhou como assessora da <a href=\"https:\/\/bit.ly\/3jN6tML\" target=\"_blank\" rel=\"noopener noreferrer\">Comiss\u00e3o de Direitos Humanos da Alerj<\/a>, ao lado de <a href=\"https:\/\/bit.ly\/2P2niW1\" target=\"_blank\" rel=\"noopener noreferrer\">Marcelo Freixo<\/a>, Marielle dava suporte a familiares de v\u00edtimas da viol\u00eancia, inclusive parentes de policiais. A parlamentar criticava o modo de atua\u00e7\u00e3o da <a href=\"http:\/\/bit.ly\/2Zek2tx\" target=\"_blank\" rel=\"noopener noreferrer\">UPP<\/a>, tema de sua <a href=\"https:\/\/bit.ly\/3g4u7Cr\" target=\"_blank\" rel=\"noopener noreferrer\">disserta\u00e7\u00e3o de mestrado<\/a>.\u00a0<\/span><\/p>\n<p><span style=\"font-weight: 400;\">Entre os <a href=\"https:\/\/bit.ly\/3jJsPia\" target=\"_blank\" rel=\"noopener noreferrer\">projetos apresentados \u00e0 C\u00e2mara dos Vereadores do Rio<\/a>, destacam-se as propostas de promo\u00e7\u00e3o e garantia de direitos das mulheres, de negros, moradores de favelas e pessoas LGBTQI+. Em pouco mais de um ano, foram vinte propostas apresentadas, parte dessas ap\u00f3s o assassinato da vereadora.\u00a0<\/span><\/p>\n<p><span style=\"font-weight: 400;\">Um dos projetos de lei aprovados pela C\u00e2mara trata da <a href=\"https:\/\/bit.ly\/3fZF73P\" target=\"_blank\" rel=\"noopener noreferrer\">legaliza\u00e7\u00e3o da profiss\u00e3o de mototaxista<\/a>, meio de transporte comum nas favelas do Rio. O texto, assinado por Marielle e outros parlamentares, virou lei em junho do ano passado. Tamb\u00e9m foi <a href=\"https:\/\/bit.ly\/3jJsPia\" target=\"_blank\" rel=\"noopener noreferrer\">aprovada a cria\u00e7\u00e3o de um Dossi\u00ea Mulher Carioca<\/a>, que possibilita a coleta de dados sobre o atendimento de mulheres v\u00edtimas de viol\u00eancia na rede municipal. O projeto foi apresentado \u00e0 C\u00e2mara e sancionado ap\u00f3s a morte da parlamentar.<\/span><\/p>\n<p><span style=\"font-weight: 400;\">Presidente da <a href=\"https:\/\/bit.ly\/3g6kK4W\" target=\"_blank\" rel=\"noopener noreferrer\">Comiss\u00e3o de Defesa dos Direitos da Mulher<\/a>, a vereadora <a href=\"https:\/\/bit.ly\/301y2KA\" target=\"_blank\" rel=\"noopener noreferrer\">apresentou<\/a> <\/span>projetos para <a href=\"https:\/\/bit.ly\/39xyX8B\" target=\"_blank\" rel=\"noopener noreferrer\">amplia\u00e7\u00e3o do acesso ao aborto legal<\/a>; <a href=\"https:\/\/bit.ly\/3hFfkhH\" target=\"_blank\" rel=\"noopener noreferrer\">creches noturnas<\/a>; <a href=\"https:\/\/bit.ly\/3g57Vrv\" target=\"_blank\" rel=\"noopener noreferrer\">parto humanizado e preven\u00e7\u00e3o da mortalidade<\/a>; <a href=\"https:\/\/bit.ly\/3040wU7\" target=\"_blank\" rel=\"noopener noreferrer\">combate ao ass\u00e9dio no transporte p\u00fablico<\/a><span style=\"font-weight: 400;\">; sendo todos os citados j\u00e1 aprovados. Ela tamb\u00e9m <a href=\"https:\/\/bit.ly\/3jJsPia\" target=\"_blank\" rel=\"noopener noreferrer\">apresentou o projeto<\/a> da inclus\u00e3o do Dia da Visibilidade L\u00e9sbica no calend\u00e1rio da cidade, proposta esta que foi recusada pelos vereadores.\u00a0<\/span><\/p>\n<p><span style=\"font-weight: 400;\">Marielle acreditava que era preciso trazer visibilidade ao tema para que a\u00e7\u00f5es pudessem ser realizadas no plano institucional. No Brasil, <\/span>entre 2014 e 2017, ao <a href=\"https:\/\/bit.ly\/301y2KA\" target=\"_blank\" rel=\"noopener noreferrer\">menos 126 mulheres foram mortas<\/a> apenas por serem l\u00e9sbicas<span style=\"font-weight: 400;\">. O dado faz parte de um levantamento in\u00e9dito realizado pelo <a href=\"https:\/\/bit.ly\/306jWrr\" target=\"_blank\" rel=\"noopener noreferrer\">N\u00facleo de Inclus\u00e3o Social<\/a> vinculado \u00e0 <a href=\"http:\/\/bit.ly\/2XQ3Rma\" target=\"_blank\" rel=\"noopener noreferrer\">UFRJ<\/a>. Os n\u00fameros, no entanto, podem ser ainda maiores porque n\u00e3o h\u00e1 registros oficiais espec\u00edficos sobre crimes de \u00f3dio \u00e0s mulheres l\u00e9sbicas e bissexuais no pa\u00eds.<\/span><\/p>\n<p><a href=\"https:\/\/rioonwatch.org.br\/wp-content\/uploads\/2020\/07\/Tomaz-Silva_EBC-_-2-anos-sem-Marielle.jpg\"><img loading=\"lazy\" decoding=\"async\" class=\"aligncenter wp-image-49154 size-content\" title=\"Foto por Tomaz Silva \/ EBC\" src=\"https:\/\/rioonwatch.org.br\/wp-content\/uploads\/2020\/07\/Tomaz-Silva_EBC-_-2-anos-sem-Marielle-620x264.jpg\" alt=\"\" width=\"620\" height=\"264\" srcset=\"https:\/\/rioonwatch.org.br\/wp-content\/uploads\/2020\/07\/Tomaz-Silva_EBC-_-2-anos-sem-Marielle-620x264.jpg 620w, https:\/\/rioonwatch.org.br\/wp-content\/uploads\/2020\/07\/Tomaz-Silva_EBC-_-2-anos-sem-Marielle-940x400.jpg 940w\" sizes=\"(max-width: 620px) 100vw, 620px\" \/><\/a><\/p>\n<h3><b>Quem Mandou Matar Marielle?<\/b><\/h3>\n<p><span style=\"font-weight: 400;\">H\u00e1 pouco mais de dois anos e quatro meses a fam\u00edlia de Marielle Franco continua cobrando de forma incans\u00e1vel a resposta das autoridades sobre o crime. O <a href=\"https:\/\/bit.ly\/3jDw2jk\" target=\"_blank\" rel=\"noopener noreferrer\">ataque ao carro da vereadora no dia 14 de mar\u00e7o<\/a> de 2018, no <a href=\"https:\/\/bit.ly\/3hKCELb\" target=\"_blank\" rel=\"noopener noreferrer\">Est\u00e1cio<\/a>, Zona Norte, tamb\u00e9m terminou com a morte do motorista Anderson Gomes. Desde ent\u00e3o, familiares das v\u00edtimas, o partido da parlamentar, o <a href=\"http:\/\/bit.ly\/2FuT6P5\" target=\"_blank\" rel=\"noopener noreferrer\">PSOL<\/a>, e diversas organiza\u00e7\u00f5es de direitos humanos lutam para que os mandantes do crime sejam identificados.\u00a0<\/span><\/p>\n<p><span style=\"font-weight: 400;\">Na medida em que as investiga\u00e7\u00f5es avan\u00e7am, <\/span>ind\u00edcios de uma poss\u00edvel rela\u00e7\u00e3o <a href=\"http:\/\/bit.ly\/2TYI384\" target=\"_blank\" rel=\"noopener noreferrer\">entre agentes do Estado e o crime organizado<\/a> v\u00e3o surgindo<span style=\"font-weight: 400;\">. At\u00e9 agora, um sargento reformado e um ex-policial militar foram presos suspeitos de efetuar os disparos contra o carro. Em junho desse ano, um bombeiro tamb\u00e9m foi preso suspeito de participa\u00e7\u00e3o no crime. Por\u00e9m, as motiva\u00e7\u00f5es do crime e o mandante do assassinato continuam sem resposta.<\/span><\/p>\n<h3><strong>Assista Abaixo a Live Elza Por Marielle:<\/strong><\/h3>\n<p><iframe src=\"https:\/\/www.youtube.com\/embed\/CQHhSdRLZ74\" width=\"620\" height=\"349\" frameborder=\"0\" allowfullscreen=\"allowfullscreen\"><span data-mce-type=\"bookmark\" style=\"display: inline-block; width: 0px; overflow: hidden; line-height: 0;\" class=\"mce_SELRES_start\">\ufeff<\/span><\/iframe><\/p>\n<p><em>Jaqueline Suarez \u00e9 jornalista e estudante de mestrado na UFF. \u00c9 tamb\u00e9m comunicadora popular e v\u00eddeo-documentarista\u00a0<wbr \/>independente. Vive na comunidade do\u00a0<a href=\"https:\/\/bit.ly\/3bXRRoY\" target=\"_blank\" rel=\"noopener noreferrer\">Fallet<\/a>, em\u00a0<a href=\"http:\/\/bit.ly\/1EsSJzx\" target=\"_blank\" rel=\"noopener noreferrer\">Santa Teresa<\/a>,\u00a0<a href=\"http:\/\/bit.ly\/1qX7nZG\" target=\"_blank\" rel=\"noopener noreferrer\">Zona Central<\/a>\u00a0do Rio.<\/em><\/p>\n<hr \/>\n<h4><b>Apoie nossos esfor\u00e7os para fornecer assist\u00eancia estrat\u00e9gica \u00e0s favelas do Rio durante a pandemia de Covid-19, incluindo o jornalismo hiperlocal, cr\u00edtico, inovador e incans\u00e1vel do\u00a0<\/b><b><i>RioOnWatch\u00a0<\/i><\/b><b>\u2014\u00a0<\/b><a href=\"http:\/\/bit.ly\/CatalisandoComunidades\"><b>doe aqui<\/b><\/a><b>.<\/b><\/h4>\n<!-- AddThis Advanced Settings generic via filter on the_content --><!-- AddThis Share Buttons generic via filter on the_content -->","protected":false},"excerpt":{"rendered":"<div class=\"mh-excerpt\"><p>Click Here for English Um show da cantora Elza Soares e do rapper Fl\u00e1vio Renegado marcam as celebra\u00e7\u00f5es pelo anivers\u00e1rio de Marielle Franco, que completaria 41 anos nesta segunda-feira, dia 27. A Live Elza por <a class=\"mh-excerpt-more\" href=\"https:\/\/rioonwatch.org.br\/?p=49106\" title=\"Hoje Marielle Franco Faria 41 Anos! Sua Luta Vive e Live Show de Elza Soares e Fl\u00e1vio Renegado Celebra Sua Mem\u00f3ria\">[&#8230;]<\/a><!-- AddThis Advanced Settings generic via filter on get_the_excerpt --><!-- AddThis Share Buttons generic via filter on get_the_excerpt --><\/p>\n<\/div>","protected":false},"author":129,"featured_media":49129,"comment_status":"closed","ping_status":"closed","sticky":false,"template":"","format":"standard","meta":{"_acf_changed":false,"_monsterinsights_skip_tracking":false,"_monsterinsights_sitenote_active":false,"_monsterinsights_sitenote_note":"","_monsterinsights_sitenote_category":0,"footnotes":""},"categories":[1621,1627,1625],"tags":[1852,1259,1580,1754,1597,1464,1515,332,457,42,2699,1582,2253,2165,2312,1398,2033,469,1989,2432,1591,1592,2193,92,920,52,218],"writer":[2817],"translator":[],"source":[],"ilustrador":[],"fotografo":[],"class_list":{"0":"post-49106","1":"post","2":"type-post","3":"status-publish","4":"format-standard","5":"has-post-thumbnail","7":"category-destaque","8":"category-relato-de-evento","9":"category-por-correspondentes-comunitarios","10":"tag-alerj","11":"tag-assassinato","12":"tag-cachoeiras-de-macacu","13":"tag-camara-dos-vereadores","14":"tag-casa-fluminense","15":"tag-comemoracao","16":"tag-comissao-de-direitos-humanos-alerj","17":"tag-complexo-da-mare","18":"tag-eleicoes","19":"tag-genero","20":"tag-genocidio","21":"tag-guapimirim","22":"tag-guerra-as-drogas","23":"tag-isp","24":"tag-legado-de-marielle","25":"tag-lgbt","26":"tag-marielle-franco","27":"tag-memoria","28":"tag-psol","29":"tag-representatividade","30":"tag-rio-bonito","31":"tag-seropedica","32":"tag-ufrj","33":"tag-upp","34":"tag-violencia-de-estado","35":"tag-violencia-policial","36":"tag-zona-norte","37":"writer-jaqueline-suarez"},"acf":[],"yoast_head":"<!-- This site is optimized with the Yoast SEO plugin v25.6 - https:\/\/yoast.com\/wordpress\/plugins\/seo\/ -->\n<title>Hoje Marielle Franco Faria 41 Anos! Sua Luta Vive e Live Show de Elza Soares e Fl\u00e1vio Renegado Celebra Sua Mem\u00f3ria - RioOnWatch<\/title>\n<meta name=\"robots\" content=\"index, follow, max-snippet:-1, max-image-preview:large, max-video-preview:-1\" \/>\n<link rel=\"canonical\" href=\"https:\/\/rioonwatch.org.br\/?p=49106\" \/>\n<meta property=\"og:locale\" content=\"pt_BR\" \/>\n<meta property=\"og:type\" content=\"article\" \/>\n<meta property=\"og:title\" content=\"Hoje Marielle Franco Faria 41 Anos! Sua Luta Vive e Live Show de Elza Soares e Fl\u00e1vio Renegado Celebra Sua Mem\u00f3ria - RioOnWatch\" \/>\n<meta property=\"og:description\" content=\"Click Here for English Um show da cantora Elza Soares e do rapper Fl\u00e1vio Renegado marcam as celebra\u00e7\u00f5es pelo anivers\u00e1rio de Marielle Franco, que completaria 41 anos nesta segunda-feira, dia 27. A Live Elza por [...]\" \/>\n<meta property=\"og:url\" content=\"https:\/\/rioonwatch.org.br\/?p=49106\" \/>\n<meta property=\"og:site_name\" content=\"RioOnWatch\" \/>\n<meta property=\"article:published_time\" content=\"2020-07-27T18:18:44+00:00\" \/>\n<meta property=\"article:modified_time\" content=\"2022-10-11T12:23:39+00:00\" \/>\n<meta property=\"og:image\" content=\"https:\/\/rioonwatch.org.br\/wp-content\/uploads\/2020\/07\/Marielle-e-flores-e1595856240344.jpeg\" \/>\n\t<meta property=\"og:image:width\" content=\"780\" \/>\n\t<meta property=\"og:image:height\" content=\"323\" \/>\n\t<meta property=\"og:image:type\" content=\"image\/jpeg\" \/>\n<meta name=\"author\" content=\"Admin\" \/>\n<meta name=\"twitter:card\" content=\"summary_large_image\" \/>\n<meta name=\"twitter:label1\" content=\"Escrito por\" \/>\n\t<meta name=\"twitter:data1\" content=\"Admin\" \/>\n\t<meta name=\"twitter:label2\" content=\"Est. tempo de leitura\" \/>\n\t<meta name=\"twitter:data2\" content=\"8 minutos\" \/>\n<script type=\"application\/ld+json\" class=\"yoast-schema-graph\">{\"@context\":\"https:\/\/schema.org\",\"@graph\":[{\"@type\":\"Article\",\"@id\":\"https:\/\/rioonwatch.org.br\/?p=49106#article\",\"isPartOf\":{\"@id\":\"https:\/\/rioonwatch.org.br\/?p=49106\"},\"author\":{\"name\":\"Admin\",\"@id\":\"https:\/\/rioonwatch.org.br\/#\/schema\/person\/11d64c290506f9df50c71b850c473f68\"},\"headline\":\"Hoje Marielle Franco Faria 41 Anos! Sua Luta Vive e Live Show de Elza Soares e Fl\u00e1vio Renegado Celebra Sua Mem\u00f3ria\",\"datePublished\":\"2020-07-27T18:18:44+00:00\",\"dateModified\":\"2022-10-11T12:23:39+00:00\",\"mainEntityOfPage\":{\"@id\":\"https:\/\/rioonwatch.org.br\/?p=49106\"},\"wordCount\":1564,\"publisher\":{\"@id\":\"https:\/\/rioonwatch.org.br\/#organization\"},\"image\":{\"@id\":\"https:\/\/rioonwatch.org.br\/?p=49106#primaryimage\"},\"thumbnailUrl\":\"https:\/\/rioonwatch.org.br\/wp-content\/uploads\/2020\/07\/Marielle-e-flores-e1595856240344.jpeg\",\"keywords\":[\"Alerj\",\"assassinato\",\"Cachoeiras de Macacu\",\"C\u00e2mara dos Vereadores\",\"Casa Fluminense\",\"comemora\u00e7\u00e3o\",\"Comiss\u00e3o de Direitos Humanos - Alerj\",\"Complexo da Mar\u00e9\",\"Elei\u00e7\u00f5es\",\"g\u00eanero\",\"genoc\u00eddio\",\"Guapimirim\",\"guerra \u00e0s drogas\",\"ISP\",\"Legado de Marielle\",\"LGBTQIAPN+\",\"Marielle Franco\",\"Mem\u00f3rias Faveladas\",\"PSOL\",\"representatividade\",\"Rio Bonito\",\"Serop\u00e9dica\",\"UFRJ\",\"UPP\",\"viol\u00eancia de Estado\",\"viol\u00eancia policial\",\"Zona Norte\"],\"articleSection\":[\"*Destaque\",\"Cobertura de Eventos\",\"Escrito por Comunicadores Populares\"],\"inLanguage\":\"pt-BR\"},{\"@type\":\"WebPage\",\"@id\":\"https:\/\/rioonwatch.org.br\/?p=49106\",\"url\":\"https:\/\/rioonwatch.org.br\/?p=49106\",\"name\":\"Hoje Marielle Franco Faria 41 Anos! Sua Luta Vive e Live Show de Elza Soares e Fl\u00e1vio Renegado Celebra Sua Mem\u00f3ria - RioOnWatch\",\"isPartOf\":{\"@id\":\"https:\/\/rioonwatch.org.br\/#website\"},\"primaryImageOfPage\":{\"@id\":\"https:\/\/rioonwatch.org.br\/?p=49106#primaryimage\"},\"image\":{\"@id\":\"https:\/\/rioonwatch.org.br\/?p=49106#primaryimage\"},\"thumbnailUrl\":\"https:\/\/rioonwatch.org.br\/wp-content\/uploads\/2020\/07\/Marielle-e-flores-e1595856240344.jpeg\",\"datePublished\":\"2020-07-27T18:18:44+00:00\",\"dateModified\":\"2022-10-11T12:23:39+00:00\",\"breadcrumb\":{\"@id\":\"https:\/\/rioonwatch.org.br\/?p=49106#breadcrumb\"},\"inLanguage\":\"pt-BR\",\"potentialAction\":[{\"@type\":\"ReadAction\",\"target\":[\"https:\/\/rioonwatch.org.br\/?p=49106\"]}]},{\"@type\":\"ImageObject\",\"inLanguage\":\"pt-BR\",\"@id\":\"https:\/\/rioonwatch.org.br\/?p=49106#primaryimage\",\"url\":\"https:\/\/rioonwatch.org.br\/wp-content\/uploads\/2020\/07\/Marielle-e-flores-e1595856240344.jpeg\",\"contentUrl\":\"https:\/\/rioonwatch.org.br\/wp-content\/uploads\/2020\/07\/Marielle-e-flores-e1595856240344.jpeg\",\"width\":780,\"height\":323},{\"@type\":\"BreadcrumbList\",\"@id\":\"https:\/\/rioonwatch.org.br\/?p=49106#breadcrumb\",\"itemListElement\":[{\"@type\":\"ListItem\",\"position\":1,\"name\":\"In\u00edcio\",\"item\":\"https:\/\/rioonwatch.org.br\/\"},{\"@type\":\"ListItem\",\"position\":2,\"name\":\"Hoje Marielle Franco Faria 41 Anos! Sua Luta Vive e Live Show de Elza Soares e Fl\u00e1vio Renegado Celebra Sua Mem\u00f3ria\"}]},{\"@type\":\"WebSite\",\"@id\":\"https:\/\/rioonwatch.org.br\/#website\",\"url\":\"https:\/\/rioonwatch.org.br\/\",\"name\":\"RioOnWatch\",\"description\":\"relatos das favelas cariocas\",\"publisher\":{\"@id\":\"https:\/\/rioonwatch.org.br\/#organization\"},\"potentialAction\":[{\"@type\":\"SearchAction\",\"target\":{\"@type\":\"EntryPoint\",\"urlTemplate\":\"https:\/\/rioonwatch.org.br\/?s={search_term_string}\"},\"query-input\":{\"@type\":\"PropertyValueSpecification\",\"valueRequired\":true,\"valueName\":\"search_term_string\"}}],\"inLanguage\":\"pt-BR\"},{\"@type\":\"Organization\",\"@id\":\"https:\/\/rioonwatch.org.br\/#organization\",\"name\":\"RioOnWatch\",\"url\":\"https:\/\/rioonwatch.org.br\/\",\"logo\":{\"@type\":\"ImageObject\",\"inLanguage\":\"pt-BR\",\"@id\":\"https:\/\/rioonwatch.org.br\/#\/schema\/logo\/image\/\",\"url\":\"https:\/\/rioonwatch.org.br\/wp-content\/uploads\/2021\/06\/RioOnWatchcabecalhoPT11anos-2.png\",\"contentUrl\":\"https:\/\/rioonwatch.org.br\/wp-content\/uploads\/2021\/06\/RioOnWatchcabecalhoPT11anos-2.png\",\"width\":779,\"height\":277,\"caption\":\"RioOnWatch\"},\"image\":{\"@id\":\"https:\/\/rioonwatch.org.br\/#\/schema\/logo\/image\/\"}},{\"@type\":\"Person\",\"@id\":\"https:\/\/rioonwatch.org.br\/#\/schema\/person\/11d64c290506f9df50c71b850c473f68\",\"name\":\"Admin\",\"image\":{\"@type\":\"ImageObject\",\"inLanguage\":\"pt-BR\",\"@id\":\"https:\/\/rioonwatch.org.br\/#\/schema\/person\/image\/\",\"url\":\"https:\/\/secure.gravatar.com\/avatar\/56211ac74568383903349a1485e3c325?s=96&d=blank&r=g\",\"contentUrl\":\"https:\/\/secure.gravatar.com\/avatar\/56211ac74568383903349a1485e3c325?s=96&d=blank&r=g\",\"caption\":\"Admin\"},\"url\":\"https:\/\/rioonwatch.org.br\/?author=129\"}]}<\/script>\n<!-- \/ Yoast SEO plugin. -->","yoast_head_json":{"title":"Hoje Marielle Franco Faria 41 Anos! Sua Luta Vive e Live Show de Elza Soares e Fl\u00e1vio Renegado Celebra Sua Mem\u00f3ria - RioOnWatch","robots":{"index":"index","follow":"follow","max-snippet":"max-snippet:-1","max-image-preview":"max-image-preview:large","max-video-preview":"max-video-preview:-1"},"canonical":"https:\/\/rioonwatch.org.br\/?p=49106","og_locale":"pt_BR","og_type":"article","og_title":"Hoje Marielle Franco Faria 41 Anos! Sua Luta Vive e Live Show de Elza Soares e Fl\u00e1vio Renegado Celebra Sua Mem\u00f3ria - RioOnWatch","og_description":"Click Here for English Um show da cantora Elza Soares e do rapper Fl\u00e1vio Renegado marcam as celebra\u00e7\u00f5es pelo anivers\u00e1rio de Marielle Franco, que completaria 41 anos nesta segunda-feira, dia 27. A Live Elza por [...]","og_url":"https:\/\/rioonwatch.org.br\/?p=49106","og_site_name":"RioOnWatch","article_published_time":"2020-07-27T18:18:44+00:00","article_modified_time":"2022-10-11T12:23:39+00:00","og_image":[{"width":780,"height":323,"url":"https:\/\/rioonwatch.org.br\/wp-content\/uploads\/2020\/07\/Marielle-e-flores-e1595856240344.jpeg","type":"image\/jpeg"}],"author":"Admin","twitter_card":"summary_large_image","twitter_misc":{"Escrito por":"Admin","Est. tempo de leitura":"8 minutos"},"schema":{"@context":"https:\/\/schema.org","@graph":[{"@type":"Article","@id":"https:\/\/rioonwatch.org.br\/?p=49106#article","isPartOf":{"@id":"https:\/\/rioonwatch.org.br\/?p=49106"},"author":{"name":"Admin","@id":"https:\/\/rioonwatch.org.br\/#\/schema\/person\/11d64c290506f9df50c71b850c473f68"},"headline":"Hoje Marielle Franco Faria 41 Anos! Sua Luta Vive e Live Show de Elza Soares e Fl\u00e1vio Renegado Celebra Sua Mem\u00f3ria","datePublished":"2020-07-27T18:18:44+00:00","dateModified":"2022-10-11T12:23:39+00:00","mainEntityOfPage":{"@id":"https:\/\/rioonwatch.org.br\/?p=49106"},"wordCount":1564,"publisher":{"@id":"https:\/\/rioonwatch.org.br\/#organization"},"image":{"@id":"https:\/\/rioonwatch.org.br\/?p=49106#primaryimage"},"thumbnailUrl":"https:\/\/rioonwatch.org.br\/wp-content\/uploads\/2020\/07\/Marielle-e-flores-e1595856240344.jpeg","keywords":["Alerj","assassinato","Cachoeiras de Macacu","C\u00e2mara dos Vereadores","Casa Fluminense","comemora\u00e7\u00e3o","Comiss\u00e3o de Direitos Humanos - Alerj","Complexo da Mar\u00e9","Elei\u00e7\u00f5es","g\u00eanero","genoc\u00eddio","Guapimirim","guerra \u00e0s drogas","ISP","Legado de Marielle","LGBTQIAPN+","Marielle Franco","Mem\u00f3rias Faveladas","PSOL","representatividade","Rio Bonito","Serop\u00e9dica","UFRJ","UPP","viol\u00eancia de Estado","viol\u00eancia policial","Zona Norte"],"articleSection":["*Destaque","Cobertura de Eventos","Escrito por Comunicadores Populares"],"inLanguage":"pt-BR"},{"@type":"WebPage","@id":"https:\/\/rioonwatch.org.br\/?p=49106","url":"https:\/\/rioonwatch.org.br\/?p=49106","name":"Hoje Marielle Franco Faria 41 Anos! Sua Luta Vive e Live Show de Elza Soares e Fl\u00e1vio Renegado Celebra Sua Mem\u00f3ria - RioOnWatch","isPartOf":{"@id":"https:\/\/rioonwatch.org.br\/#website"},"primaryImageOfPage":{"@id":"https:\/\/rioonwatch.org.br\/?p=49106#primaryimage"},"image":{"@id":"https:\/\/rioonwatch.org.br\/?p=49106#primaryimage"},"thumbnailUrl":"https:\/\/rioonwatch.org.br\/wp-content\/uploads\/2020\/07\/Marielle-e-flores-e1595856240344.jpeg","datePublished":"2020-07-27T18:18:44+00:00","dateModified":"2022-10-11T12:23:39+00:00","breadcrumb":{"@id":"https:\/\/rioonwatch.org.br\/?p=49106#breadcrumb"},"inLanguage":"pt-BR","potentialAction":[{"@type":"ReadAction","target":["https:\/\/rioonwatch.org.br\/?p=49106"]}]},{"@type":"ImageObject","inLanguage":"pt-BR","@id":"https:\/\/rioonwatch.org.br\/?p=49106#primaryimage","url":"https:\/\/rioonwatch.org.br\/wp-content\/uploads\/2020\/07\/Marielle-e-flores-e1595856240344.jpeg","contentUrl":"https:\/\/rioonwatch.org.br\/wp-content\/uploads\/2020\/07\/Marielle-e-flores-e1595856240344.jpeg","width":780,"height":323},{"@type":"BreadcrumbList","@id":"https:\/\/rioonwatch.org.br\/?p=49106#breadcrumb","itemListElement":[{"@type":"ListItem","position":1,"name":"In\u00edcio","item":"https:\/\/rioonwatch.org.br\/"},{"@type":"ListItem","position":2,"name":"Hoje Marielle Franco Faria 41 Anos! Sua Luta Vive e Live Show de Elza Soares e Fl\u00e1vio Renegado Celebra Sua Mem\u00f3ria"}]},{"@type":"WebSite","@id":"https:\/\/rioonwatch.org.br\/#website","url":"https:\/\/rioonwatch.org.br\/","name":"RioOnWatch","description":"relatos das favelas cariocas","publisher":{"@id":"https:\/\/rioonwatch.org.br\/#organization"},"potentialAction":[{"@type":"SearchAction","target":{"@type":"EntryPoint","urlTemplate":"https:\/\/rioonwatch.org.br\/?s={search_term_string}"},"query-input":{"@type":"PropertyValueSpecification","valueRequired":true,"valueName":"search_term_string"}}],"inLanguage":"pt-BR"},{"@type":"Organization","@id":"https:\/\/rioonwatch.org.br\/#organization","name":"RioOnWatch","url":"https:\/\/rioonwatch.org.br\/","logo":{"@type":"ImageObject","inLanguage":"pt-BR","@id":"https:\/\/rioonwatch.org.br\/#\/schema\/logo\/image\/","url":"https:\/\/rioonwatch.org.br\/wp-content\/uploads\/2021\/06\/RioOnWatchcabecalhoPT11anos-2.png","contentUrl":"https:\/\/rioonwatch.org.br\/wp-content\/uploads\/2021\/06\/RioOnWatchcabecalhoPT11anos-2.png","width":779,"height":277,"caption":"RioOnWatch"},"image":{"@id":"https:\/\/rioonwatch.org.br\/#\/schema\/logo\/image\/"}},{"@type":"Person","@id":"https:\/\/rioonwatch.org.br\/#\/schema\/person\/11d64c290506f9df50c71b850c473f68","name":"Admin","image":{"@type":"ImageObject","inLanguage":"pt-BR","@id":"https:\/\/rioonwatch.org.br\/#\/schema\/person\/image\/","url":"https:\/\/secure.gravatar.com\/avatar\/56211ac74568383903349a1485e3c325?s=96&d=blank&r=g","contentUrl":"https:\/\/secure.gravatar.com\/avatar\/56211ac74568383903349a1485e3c325?s=96&d=blank&r=g","caption":"Admin"},"url":"https:\/\/rioonwatch.org.br\/?author=129"}]}},"_links":{"self":[{"href":"https:\/\/rioonwatch.org.br\/index.php?rest_route=\/wp\/v2\/posts\/49106"}],"collection":[{"href":"https:\/\/rioonwatch.org.br\/index.php?rest_route=\/wp\/v2\/posts"}],"about":[{"href":"https:\/\/rioonwatch.org.br\/index.php?rest_route=\/wp\/v2\/types\/post"}],"author":[{"embeddable":true,"href":"https:\/\/rioonwatch.org.br\/index.php?rest_route=\/wp\/v2\/users\/129"}],"replies":[{"embeddable":true,"href":"https:\/\/rioonwatch.org.br\/index.php?rest_route=%2Fwp%2Fv2%2Fcomments&post=49106"}],"version-history":[{"count":35,"href":"https:\/\/rioonwatch.org.br\/index.php?rest_route=\/wp\/v2\/posts\/49106\/revisions"}],"predecessor-version":[{"id":50429,"href":"https:\/\/rioonwatch.org.br\/index.php?rest_route=\/wp\/v2\/posts\/49106\/revisions\/50429"}],"wp:featuredmedia":[{"embeddable":true,"href":"https:\/\/rioonwatch.org.br\/index.php?rest_route=\/wp\/v2\/media\/49129"}],"wp:attachment":[{"href":"https:\/\/rioonwatch.org.br\/index.php?rest_route=%2Fwp%2Fv2%2Fmedia&parent=49106"}],"wp:term":[{"taxonomy":"category","embeddable":true,"href":"https:\/\/rioonwatch.org.br\/index.php?rest_route=%2Fwp%2Fv2%2Fcategories&post=49106"},{"taxonomy":"post_tag","embeddable":true,"href":"https:\/\/rioonwatch.org.br\/index.php?rest_route=%2Fwp%2Fv2%2Ftags&post=49106"},{"taxonomy":"writer","embeddable":true,"href":"https:\/\/rioonwatch.org.br\/index.php?rest_route=%2Fwp%2Fv2%2Fwriter&post=49106"},{"taxonomy":"translator","embeddable":true,"href":"https:\/\/rioonwatch.org.br\/index.php?rest_route=%2Fwp%2Fv2%2Ftranslator&post=49106"},{"taxonomy":"source","embeddable":true,"href":"https:\/\/rioonwatch.org.br\/index.php?rest_route=%2Fwp%2Fv2%2Fsource&post=49106"},{"taxonomy":"ilustrador","embeddable":true,"href":"https:\/\/rioonwatch.org.br\/index.php?rest_route=%2Fwp%2Fv2%2Filustrador&post=49106"},{"taxonomy":"fotografo","embeddable":true,"href":"https:\/\/rioonwatch.org.br\/index.php?rest_route=%2Fwp%2Fv2%2Ffotografo&post=49106"}],"curies":[{"name":"wp","href":"https:\/\/api.w.org\/{rel}","templated":true}]}}