{"id":49212,"date":"2020-07-30T12:09:58","date_gmt":"2020-07-30T15:09:58","guid":{"rendered":"https:\/\/rioonwatch.org.br\/?p=49212"},"modified":"2025-08-01T15:07:45","modified_gmt":"2025-08-01T18:07:45","slug":"chacinadeacari30anos-o-legado-das-maes-de-acari-e-suas-vozes-presentes","status":"publish","type":"post","link":"https:\/\/rioonwatch.org.br\/?p=49212","title":{"rendered":"#ChacinaDeAcari30Anos: O Legado Das M\u00e3es de Acari e Suas Vozes Presentes"},"content":{"rendered":"<p style=\"text-align: right;\"><em><strong><a href=\"https:\/\/bit.ly\/2D598kw\" target=\"_blank\" rel=\"noopener noreferrer\">Click Here for English<\/a><a href=\"https:\/\/bit.ly\/2D598kw\" target=\"_blank\" rel=\"noopener noreferrer\"><img decoding=\"async\" class=\"alignright wp-image-15790\" src=\"https:\/\/rioonwatch.org.br\/wp-content\/uploads\/2012\/08\/EN-standard-e1439583104716.jpg\" alt=\"\" width=\"20\" height=\"20\" \/><\/a><\/strong><\/em><\/p>\n<p><em>Esta \u00e9 a nossa mais recente mat\u00e9ria sobre\u00a0<a href=\"http:\/\/bit.ly\/Covid19NasFavelas\" target=\"_blank\" rel=\"noopener noreferrer\">o novo coronav\u00edrus e seus impactos sobre as favelas<\/a>.\u00a0<\/em><\/p>\n<p>No \u00faltimo domingo, 26 de julho, um ato simb\u00f3lico pelos <a href=\"https:\/\/bit.ly\/3f0YmIU\" target=\"_blank\" rel=\"noopener noreferrer\">30 Anos da Chacina de Acari<\/a><strong><span style=\"font-weight: 400;\">,<\/span><\/strong>\u00a0organizado pelo <a href=\"https:\/\/bit.ly\/2Dx68rd\" target=\"_blank\" rel=\"noopener noreferrer\">Coletivo Favela Akari<\/a>\u2014com autoriza\u00e7\u00e3o das duas <a href=\"https:\/\/bit.ly\/2OSJ6TT\" target=\"_blank\" rel=\"noopener noreferrer\">M\u00e3es de Acari<\/a> ainda vivas\u2014deu in\u00edcio a <a href=\"https:\/\/bit.ly\/3hxyAh5\" target=\"_blank\" rel=\"noopener noreferrer\">5\u00aa edi\u00e7\u00e3o do Julho Negro<\/a>, <strong><span style=\"font-weight: 400;\">unindo as <a href=\"http:\/\/bit.ly\/2lYV9Uk\" target=\"_blank\" rel=\"noopener noreferrer\">vozes de luto e luta de ontem e de hoje<\/a> contra a viol\u00eancia de Estado. <\/span><\/strong>A caminhada <a href=\"https:\/\/bit.ly\/3eYW0uj\" target=\"_blank\" rel=\"noopener noreferrer\">#ChacinaDeAcari30Anos<\/a> tomou as ruas e vielas da favela de <a href=\"http:\/\/bit.ly\/2LVsIlU\" target=\"_blank\" rel=\"noopener noreferrer\">Acari<\/a> para marcar as tr\u00eas d\u00e9cadas do crime.<\/p>\n<p>Diante da\u00a0<a href=\"http:\/\/bit.ly\/Covid19NasFavelas\" target=\"_blank\" rel=\"noopener noreferrer\">pandemia da Covid-19<\/a>, n\u00e3o houve chamada p\u00fablica para participa\u00e7\u00e3o do ato para evitar aglomera\u00e7\u00f5es. Esta foi a \u00fanica atividade presencial desta edi\u00e7\u00e3o do <a href=\"https:\/\/bit.ly\/2BFHdqJ\" target=\"_blank\" rel=\"noopener noreferrer\">Julho Negro<\/a>, que est\u00e1 acontecendo atrav\u00e9s de debates online. <span style=\"font-weight: 400;\">A a\u00e7\u00e3o em mem\u00f3ria dos 11 jovens assassinatos na Chacina de Acari teve in\u00edcio nas redes sociais com um Twitta\u00e7o realizado no dia 24 de julho.<\/span><\/p>\n<p><span style=\"font-weight: 400;\">\u201cN\u00e3o \u00e9 qualquer data. S\u00e3o 30 anos sem resposta. 30 anos de uma impunidade do Estado. As pessoas dizem que o Brasil \u00e9 o pa\u00eds da impunidade, mas depende para quem, n\u00e9? As cadeias est\u00e3o lotadas dos nosso irm\u00e3os, pais, companheiros, mas tanto os executores quanto os mandantes intelectuais desta chacina e de outras mortes, nunca s\u00e3o presos ou respondem por seus crimes\u201d, ressalta <a href=\"https:\/\/bit.ly\/2Bs7l8g\" target=\"_blank\" rel=\"noopener noreferrer\">Buba Aguiar<\/a>, integrante do Coletivo Fala Akari, de 28 anos, moradora da comunidade.\u00a0<\/span><\/p>\n<h3><strong>Favela de Acari, 26 de Julho de 2020<\/strong><\/h3>\n<p>Sentado no meio fio da cal\u00e7ada ao lado da escultura de uma crian\u00e7a com c\u00e1psulas de fuzil na m\u00e3o est\u00e1 <a href=\"https:\/\/glo.bo\/30VJK8H\" target=\"_blank\" rel=\"noopener noreferrer\">Jos\u00e9 Lu\u00eds Faria da Silva, de 59 anos<\/a>. Ele perdeu o filho, de dois anos, por bala perdida. Uma mulher com cabelos longos fuma um cigarro, \u00e9 <a href=\"https:\/\/bit.ly\/3345DFp\" target=\"_blank\" rel=\"noopener noreferrer\">Bruna Silva, de 38 anos<\/a>, outra v\u00edtima de viol\u00eancia do Estado. Ela segura nas m\u00e3os uma camisa surrada, da Rede Municipal de Ensino, suja <a href=\"http:\/\/bit.ly\/2Kgh97J\" target=\"_blank\" rel=\"noopener noreferrer\">com o sangue do seu filho<\/a>, Marcus Vinicius de 14 anos, que morreu alvejado por um blindado da Pol\u00edcia Militar.<\/p>\n<p><a href=\"https:\/\/rioonwatch.org.br\/wp-content\/uploads\/2020\/07\/CHACINA-DE-ACARI-30-ANOS-33-scaled.jpg\"><img fetchpriority=\"high\" decoding=\"async\" class=\"aligncenter wp-image-49230 size-content\" title=\"Camisa de Marcos Vin\u00edcius, de 14 anos, morto a caminho da escola em opera\u00e7\u00e3o, na Mar\u00e9.\" src=\"https:\/\/rioonwatch.org.br\/wp-content\/uploads\/2020\/07\/CHACINA-DE-ACARI-30-ANOS-33-620x264.jpg\" alt=\"\" width=\"620\" height=\"264\" srcset=\"https:\/\/rioonwatch.org.br\/wp-content\/uploads\/2020\/07\/CHACINA-DE-ACARI-30-ANOS-33-620x264.jpg 620w, https:\/\/rioonwatch.org.br\/wp-content\/uploads\/2020\/07\/CHACINA-DE-ACARI-30-ANOS-33-940x400.jpg 940w\" sizes=\"(max-width: 620px) 100vw, 620px\" \/><\/a><\/p>\n<p>Bianca Costa, 23 anos, carrega a foto de uma <a href=\"https:\/\/glo.bo\/30504Vq\" target=\"_blank\" rel=\"noopener noreferrer\">menina sorridente vestida com uma camisa tamb\u00e9m da escola<\/a> emoldurada em um quadro. A m\u00e3e da jovem da menina sorridente, <a href=\"https:\/\/bit.ly\/39xGgxa\" target=\"_blank\" rel=\"noopener noreferrer\">Rosilene Costa<\/a>, de 56 anos, amparada por seu filho, tamb\u00e9m carrega a mesma imagem do quadro, mas estampada em uma blusa no peito. Sua filha Maria Eduarda, de 13 anos, foi fuzilada dentro da escola. <a href=\"https:\/\/bit.ly\/2P3Z3ql\" target=\"_blank\" rel=\"noopener noreferrer\">Ana Paula de Oliveira, de 43 anos<\/a>, est\u00e1 encostada na grade do port\u00e3o do Hospital Ronaldo Gazolla, ela teve a maternidade arrancada quando <a href=\"https:\/\/bit.ly\/2X7mfIN\" target=\"_blank\" rel=\"noopener noreferrer\">seu filho<\/a>, Johnatha de Oliveira Lima, de 19 anos, levou um tiro nas costas por um policial militar.<\/p>\n<p>Apesar dos nomes e sobrenomes diferentes (ou n\u00e3o) todas ali nasceram separadas, mas <a href=\"http:\/\/bit.ly\/2lTTYFQ\" target=\"_blank\" rel=\"noopener noreferrer\">hoje s\u00e3o da mesma fam\u00edlia<\/a>. Vivem uma maternidade continuada atrav\u00e9s da transforma\u00e7\u00e3o da <a href=\"http:\/\/bit.ly\/2kODn69\" target=\"_blank\" rel=\"noopener noreferrer\">dor do luto em luta<\/a>. S\u00e3o m\u00e3es e pais v\u00edtimas da viol\u00eancia de Estado. Perderam seus filhos assassinatos ou em desaparecimentos for\u00e7ados como as M\u00e3es de Acari. \u201cN\u00f3s somos uma s\u00f3. Uma \u00e9 todas e todos. A bala que matou meu filho foi a mesma que matou os 11 jovens de Acari!\u201d, branda Ana Paula Oliveira, do movimento <a href=\"https:\/\/bit.ly\/30cKasl\" target=\"_blank\" rel=\"noopener noreferrer\">M\u00e3es de Manguinhos<\/a>.<\/p>\n<p><span style=\"font-weight: 400;\">Neste cen\u00e1rio, as vozes de hoje do movimento d<\/span><span style=\"font-weight: 400;\">e familiares de jovens assassinados por agentes do Estado se prop\u00f5em n\u00e3o apenas serem as vozes vivas dos seus filhos mortos, mas tamb\u00e9m as <\/span>vozes vivas dos mortos de ontem, de outras <a href=\"https:\/\/bit.ly\/3f5jrSK\" target=\"_blank\" rel=\"noopener noreferrer\">m\u00e3es v\u00edtimas de viol\u00eancia, como as M\u00e3es de Acari<\/a><span style=\"font-weight: 400;\">. \u00c9 um reconhecimento \u00e0 luta pioneira delas em prol de justi\u00e7a, mem\u00f3ria e verdade frente \u00e0 viol\u00eancia policial.<\/span><span style=\"font-weight: 400;\">\u00a0&#8220;<\/span>N\u00e3o somos guerreiras. N\u00e3o foi uma escolha. Como elas, n\u00e3o tivemos op\u00e7\u00e3o\u201d, desabafa Ana Paula Oliveira.<\/p>\n<p>Em 26 de julho de 1990<span style=\"font-weight: 400;\">, um grupo de jovens, sendo sete menores, foi sequestrado por homens identificados como policiais militares. Come\u00e7ava ali a luta de 11 m\u00e3es a procura de seus filhos que sumiram sem deixar pistas. Apenas uma kombi que levou o grupo at\u00e9 um s\u00edtio localizado em <a href=\"https:\/\/bit.ly\/3eYFbj9\" target=\"_blank\" rel=\"noopener noreferrer\">Mag\u00e9<\/a>, na <\/span><a href=\"http:\/\/bit.ly\/2XXECxy\" target=\"_blank\" rel=\"noopener noreferrer\">Baixada Fluminense<\/a><span style=\"font-weight: 400;\">, foi encontrada.\u00a0<\/span><a href=\"https:\/\/bit.ly\/39LXaZb\" target=\"_blank\" rel=\"noopener noreferrer\"><span style=\"font-weight: 400;\">Surgia pela <\/span>dor do luto <span style=\"font-weight: 400;\">o movimento das M\u00e3es de Acari<\/span><\/a><span style=\"font-weight: 400;\">, nome dado em alus\u00e3o ao fato de que a maioria das v\u00edtimas morava na favela de Acari, na <\/span><a href=\"http:\/\/bit.ly\/2ETpYR1\" target=\"_blank\" rel=\"noopener noreferrer\">Zona Norte<\/a><span style=\"font-weight: 400;\">. <\/span><\/p>\n<p><span style=\"font-weight: 400;\">\u00c9 uma experi\u00eancia pr\u00f3xima a das <a href=\"https:\/\/bit.ly\/30a3Ywj\" target=\"_blank\" rel=\"noopener noreferrer\">M\u00e3es da Pra\u00e7a de Maio<\/a>, que perderam seus filhos devido \u00e1 ditadura militar da <a href=\"https:\/\/bit.ly\/2OS02d0\" target=\"_blank\" rel=\"noopener noreferrer\">Argentina<\/a> e que at\u00e9 hoje buscam pelos corpos dos seus filhos e at\u00e9 netos. A diferen\u00e7a \u00e9 que no Brasil, a <a href=\"https:\/\/bit.ly\/39nMkZ2\" target=\"_blank\" rel=\"noopener noreferrer\">ditadura militar<\/a> j\u00e1 havia terminado h\u00e1 cinco anos, mas parte das pr\u00e1ticas policiais usadas n\u00e3o. Entre elas, a pr\u00e1tica de policiais em grupos de exterm\u00ednio como os<\/span><span style=\"font-weight: 400;\">\u00a0<a href=\"https:\/\/bit.ly\/2WUG4mp\" target=\"_blank\" rel=\"noopener noreferrer\">Cavalos Corredores<\/a>, atuante na d\u00e9cada de 1990, tamb\u00e9m respons\u00e1veis por outros assassinatos como a <a href=\"https:\/\/bit.ly\/3f7ZSsN\" target=\"_blank\" rel=\"noopener noreferrer\">Chacina da Candel\u00e1ria<\/a><\/span><span style=\"font-weight: 400;\">.<\/span><\/p>\n<p><span style=\"font-weight: 400;\">O movimento M\u00e3es de Acari tem uma import\u00e2ncia sem precedente no combate a viol\u00eancia policial, fruto da ditadura militar, mas principalmente do <\/span><a href=\"https:\/\/bit.ly\/3f5lmGU\"><span style=\"font-weight: 400;\">racismo estrutural brasileiro<\/span><\/a><span style=\"font-weight: 400;\"> que produz o <a href=\"http:\/\/bit.ly\/2PALm3Q\" target=\"_blank\" rel=\"noopener noreferrer\">genoc\u00eddio da popula\u00e7\u00e3o negra<\/a>. <\/span><span style=\"font-weight: 400;\">Especialmente, da popula\u00e7\u00e3o que vive em favelas e periferias do Brasil.\u00a0<\/span><\/p>\n<p><a href=\"https:\/\/rioonwatch.org.br\/wp-content\/uploads\/2020\/07\/CHACINA-DE-ACARI-30-ANOS-BUBA-AGUIAR_FOTO-PEDRO-MARA.jpg\"><img decoding=\"async\" class=\"aligncenter wp-image-49263 size-content\" title=\"Buba Aguiar, explica durante o Ato #ChacinaDeAcari30anos. O local \u00e9 um dos locais mais atingidos por balas em opera\u00e7\u00f5es policiais. Foto por Pedro Padro.\" src=\"https:\/\/rioonwatch.org.br\/wp-content\/uploads\/2020\/07\/CHACINA-DE-ACARI-30-ANOS-BUBA-AGUIAR_FOTO-PEDRO-MARA-620x264.jpg\" alt=\"\" width=\"620\" height=\"264\" srcset=\"https:\/\/rioonwatch.org.br\/wp-content\/uploads\/2020\/07\/CHACINA-DE-ACARI-30-ANOS-BUBA-AGUIAR_FOTO-PEDRO-MARA-620x264.jpg 620w, https:\/\/rioonwatch.org.br\/wp-content\/uploads\/2020\/07\/CHACINA-DE-ACARI-30-ANOS-BUBA-AGUIAR_FOTO-PEDRO-MARA-940x400.jpg 940w\" sizes=\"(max-width: 620px) 100vw, 620px\" \/><\/a><\/p>\n<p><span style=\"font-weight: 400;\">Tr\u00eas d\u00e9cadas ap\u00f3s o crime, apenas duas m\u00e3es est\u00e3o vivas, exauridas da luta, mas n\u00e3o da busca por respostas. Ambas se preservam e n\u00e3o participam mais de atos. \u201cElas est\u00e3o doentes. T\u00eam sequelas f\u00edsicas e psicol\u00f3gicas dessa dor. Todo dia \u00e9 dif\u00edcil, mas a data marca. Aumenta a dor. Agora, \u00e9 nossa vez de levar esse legado e lutar por justi\u00e7a\u201d, afirma Buba Aguiar. Uma das M\u00e3es de Acari foi t\u00e3o procurada pela m\u00eddia nesta \u00faltima semana que, segundo relato da ativista, precisou desligar o telefone.\u00a0<\/span><\/p>\n<h3><b>Sem Justi\u00e7a N\u00e3o H\u00e1 Paz!<\/b><\/h3>\n<p><span style=\"font-weight: 400;\">O ato teve concentra\u00e7\u00e3o em frente ao Hospital de Acari, com uma enorme faixa, como um memorial pelos 30 anos da Chacina de Acari. Familiares v\u00edtimas de viol\u00eancia que perderam seus filhos assassinados pela <a href=\"http:\/\/bit.ly\/2x488q5\" target=\"_blank\" rel=\"noopener noreferrer\">Pol\u00edcia Militar do Rio de Janeiro<\/a> ao longo de tr\u00eas d\u00e9cadas e ativistas de favelas, caminharam da rua principal que d\u00e1 acesso a comunidade, em dire\u00e7\u00e3o \u00e0s ruas e vielas de Acari gritando: \u201cSem justi\u00e7a, n\u00e3o h\u00e1 paz!\u201d at\u00e9 o Centro Cultural do Coletivo Fala Akari.\u00a0<\/span><\/p>\n<p><a href=\"https:\/\/rioonwatch.org.br\/wp-content\/uploads\/2020\/07\/CHACINA-DE-ACARI-30-ANOS-111-scaled.jpg\"><img loading=\"lazy\" decoding=\"async\" class=\"alignright wp-image-49245\" title=\"Ato na favela de Acari.\" src=\"https:\/\/rioonwatch.org.br\/wp-content\/uploads\/2020\/07\/CHACINA-DE-ACARI-30-ANOS-111-465x620.jpg\" alt=\"\" width=\"300\" height=\"400\" srcset=\"https:\/\/rioonwatch.org.br\/wp-content\/uploads\/2020\/07\/CHACINA-DE-ACARI-30-ANOS-111-465x620.jpg 465w, https:\/\/rioonwatch.org.br\/wp-content\/uploads\/2020\/07\/CHACINA-DE-ACARI-30-ANOS-111-768x1024.jpg 768w, https:\/\/rioonwatch.org.br\/wp-content\/uploads\/2020\/07\/CHACINA-DE-ACARI-30-ANOS-111-198x264.jpg 198w, https:\/\/rioonwatch.org.br\/wp-content\/uploads\/2020\/07\/CHACINA-DE-ACARI-30-ANOS-111-1152x1536.jpg 1152w, https:\/\/rioonwatch.org.br\/wp-content\/uploads\/2020\/07\/CHACINA-DE-ACARI-30-ANOS-111-1536x2048.jpg 1536w, https:\/\/rioonwatch.org.br\/wp-content\/uploads\/2020\/07\/CHACINA-DE-ACARI-30-ANOS-111-scaled.jpg 1920w\" sizes=\"(max-width: 300px) 100vw, 300px\" \/><\/a><\/p>\n<p><span style=\"font-weight: 400;\">\u201cO ato \u00e9 para marcar que pode passar 100 anos que a gente n\u00e3o vai esquecer. A gente vai continuar cobrando, por mais que o processo caduque na justi\u00e7a. Na nossa mem\u00f3ria n\u00e3o vai caducar jamais. Nosso ato \u00e9 para marcar os 30 anos de chacina para a sociedade, mas tamb\u00e9m para dentro da comunidade. Essa \u00e9 a import\u00e2ncia do pr\u00f3prio coletivo Fala Akari e do <\/span><a href=\"https:\/\/bit.ly\/3dM4GnU\" target=\"_blank\" rel=\"noopener noreferrer\">Movimento Favelas na Luta<\/a><span style=\"font-weight: 400;\">\u201d, ressalta Buba Aguiar.<\/span><\/p>\n<p><span style=\"font-weight: 400;\">Os manifestantes tamb\u00e9m seguravam placas com nomes das 11 v\u00edtimas da chacina. Tanto a faixa do ato quanto as placas fazem alus\u00e3o ao movimento: \u201cQuem mandou matar <a href=\"http:\/\/bit.ly\/2ZubT41\" target=\"_blank\" rel=\"noopener noreferrer\">Marielle Franco<\/a>? E por qu\u00ea?\u201d, que reivindica respostas ao assassinato da vereadora. Cria da <a href=\"http:\/\/bit.ly\/2K1s59x\" target=\"_blank\" rel=\"noopener noreferrer\">Mar\u00e9<\/a>, ela e seu motorista Anderson Gomes, morador do <a href=\"http:\/\/bit.ly\/2wIyn5a\" target=\"_blank\" rel=\"noopener noreferrer\">Complexo do Alem\u00e3o<\/a>, foram executados em 14 de mar\u00e7o de 2018. <\/span><span style=\"font-weight: 400;\">Na \u00faltima segunda-feira, 27 de julho, a <a href=\"https:\/\/bit.ly\/30Rh0Or\" target=\"_blank\" rel=\"noopener noreferrer\">vereadora completaria 41 anos<\/a>. As placas com est\u00e9tica iguais a placas que nomeiam ruas da cidade se transformaram em uma pol\u00edtica de mem\u00f3ria ao genoc\u00eddio da popula\u00e7\u00e3o negra de favelas e periferias.<\/span><\/p>\n<p><span style=\"font-weight: 400;\">As placas com os nomes dos 11 jovens da Chacina de Acari ir\u00e3o para uma exposi\u00e7\u00e3o permanente no Espa\u00e7o Cultural do Coletivo Fala Akari, onde ser\u00e1 constru\u00eddo um memorial para os 11 jovens e a homenagem as M\u00e3es de Acari. Os familiares receberam rosas e juntas cantaram o funk do <\/span>Mano Teko<span style=\"font-weight: 400;\"> que, segundo elas, tornou-se o hino da sua luta: <\/span>\u201c<a href=\"https:\/\/bit.ly\/2DaKHSy\" target=\"_blank\" rel=\"noopener noreferrer\">Hoje o quilombo vem dizer, a favela vem dizer, que \u00e9 n\u00f3s por n\u00f3s!<\/a>\u201d<span style=\"font-weight: 400;\">.\u00a0<\/span><\/p>\n<p><a href=\"https:\/\/rioonwatch.org.br\/wp-content\/uploads\/2020\/07\/CHACINA-DE-ACARI-30-ANOS-90-scaled.jpg\"><img loading=\"lazy\" decoding=\"async\" class=\"aligncenter wp-image-49243 size-content\" title=\"Familiares v\u00edtimas de viol\u00eancia do Estado caminham dentro da comunidade em mem\u00f3ria aos 30 anos da Chacina de Acari.\" src=\"https:\/\/rioonwatch.org.br\/wp-content\/uploads\/2020\/07\/CHACINA-DE-ACARI-30-ANOS-90-620x264.jpg\" alt=\"\" width=\"620\" height=\"264\" srcset=\"https:\/\/rioonwatch.org.br\/wp-content\/uploads\/2020\/07\/CHACINA-DE-ACARI-30-ANOS-90-620x264.jpg 620w, https:\/\/rioonwatch.org.br\/wp-content\/uploads\/2020\/07\/CHACINA-DE-ACARI-30-ANOS-90-940x400.jpg 940w\" sizes=\"(max-width: 620px) 100vw, 620px\" \/><\/a><\/p>\n<h3>Hist\u00f3rico<\/h3>\n<p><span style=\"font-weight: 400;\">Pioneiras do movimento dentro do Brasil, as M\u00e3es de Acari n\u00e3o apenas reivindicam uma resposta da sociedade como <\/span>denunciam o crime para dentro e fora do Brasil<span style=\"font-weight: 400;\">. \u00c9 uma luta que inspira at\u00e9 os dias de hoje outros <\/span>movimentos e organiza\u00e7\u00f5es de familiares v\u00edtimas de viol\u00eancia de Estado<span style=\"font-weight: 400;\">.<\/span><\/p>\n<p><span style=\"font-weight: 400;\">As onze m\u00e3es de Acari s\u00e3o as sementes deste tipo de movimento no Brasil. Elas s\u00e3o as precursoras de movimento de familiares v\u00edtimas do estado como as <\/span>M\u00e3es de Maio<span style=\"font-weight: 400;\">, <\/span><a href=\"http:\/\/bit.ly\/2OrPAb8\" target=\"_blank\" rel=\"noopener noreferrer\">Rede de M\u00e3es e Familiares da Baixada Fluminense<\/a><span style=\"font-weight: 400;\">, <a href=\"https:\/\/bit.ly\/313n7iC\" target=\"_blank\" rel=\"noopener noreferrer\">M\u00e3es em Luto da Zona Leste<\/a> (SP), <a href=\"https:\/\/bit.ly\/2D34IdM\" target=\"_blank\" rel=\"noopener noreferrer\">M\u00e3es de Curi\u00f3<\/a>, <\/span>M\u00e3es de Manguinhos<span style=\"font-weight: 400;\">, <a href=\"https:\/\/bit.ly\/311A5NM\" target=\"_blank\" rel=\"noopener noreferrer\">M\u00e3es de Maio do Cerrado<\/a>, <a href=\"https:\/\/glo.bo\/311AoYW\" target=\"_blank\" rel=\"noopener noreferrer\">M\u00e3es do Xingu<\/a>, <a href=\"https:\/\/bit.ly\/2DbRPhn\" target=\"_blank\" rel=\"noopener noreferrer\">M\u00e3es Mogianas<\/a>, <\/span><a href=\"http:\/\/bit.ly\/2vFxOw9\" target=\"_blank\" rel=\"noopener noreferrer\">Rede de Comunidades e Movimentos Contra a Viol\u00eancia<\/a><span style=\"font-weight: 400;\">, <a href=\"https:\/\/bit.ly\/39FjjYX\" target=\"_blank\" rel=\"noopener noreferrer\">Associa\u00e7\u00e3o de M\u00e3es e Familiares de V\u00edtimas de Viol\u00eancia do Estado do Esp\u00edrito Santo<\/a>, dentre outras, num pa\u00eds de tantas chacinas cometidas por agentes de seguran\u00e7a p\u00fablica.\u00a0<\/span><\/p>\n<p><a href=\"https:\/\/rioonwatch.org.br\/wp-content\/uploads\/2020\/07\/Chacina-de-Acari-_Arquivo.jpg\"><img loading=\"lazy\" decoding=\"async\" class=\"aligncenter wp-image-49265 size-medium\" src=\"https:\/\/rioonwatch.org.br\/wp-content\/uploads\/2020\/07\/Chacina-de-Acari-_Arquivo-620x369.jpg\" alt=\"\" width=\"620\" height=\"369\" srcset=\"https:\/\/rioonwatch.org.br\/wp-content\/uploads\/2020\/07\/Chacina-de-Acari-_Arquivo-620x369.jpg 620w, https:\/\/rioonwatch.org.br\/wp-content\/uploads\/2020\/07\/Chacina-de-Acari-_Arquivo-444x264.jpg 444w, https:\/\/rioonwatch.org.br\/wp-content\/uploads\/2020\/07\/Chacina-de-Acari-_Arquivo.jpg 718w\" sizes=\"(max-width: 620px) 100vw, 620px\" \/><\/a><\/p>\n<p>Nove das M\u00e3es de Acari morreram buscando por justi\u00e7a muito doentes com sequelas do trauma, n\u00e3o apenas da morte dos filhos, mas de uma das m\u00e3es. M\u00e3e de Luiz Henrique e l\u00edder do movimento, <a href=\"http:\/\/bit.ly\/1VZLfr9\" target=\"_blank\" rel=\"noopener noreferrer\">Edm\u00e9ia Euz\u00e9bio, e Sheila Concei\u00e7\u00e3o<\/a>, sua cunhada, sofreram uma emboscada e foram assassinadas no estacionamento do metr\u00f4 Pra\u00e7a XI em 1993, ap\u00f3s visitarem um detento no Pres\u00eddio H\u00e9lio Gomes. Neste dia, ela teria descoberto uma pista do crime.<\/p>\n<p><span style=\"font-weight: 400;\">\u201cAs M\u00e3es de Acari s\u00e3o uma for\u00e7a e inspira\u00e7\u00e3o para todas n\u00f3s que como elas perdemos nossos filhos. S\u00e3o as pioneiras da nossa luta. Estamos aqui para dar for\u00e7a e dizer que como elas, n\u00e3o apenas n\u00e3o vamos deixar que nossos filhos sejam esquecidos, como seguimos seus exemplos transformando luto em luta. Sabe&#8230; essa palavra&#8230; faz com que eu tenha for\u00e7a e que eu esteja de p\u00e9\u201d, garante Rosilene Costa, de 56 anos.<\/span><\/p>\n<h3><b>As Vozes de Hoje Presentes<\/b><\/h3>\n<p><a href=\"https:\/\/bit.ly\/39FKKlb\" target=\"_blank\" rel=\"noopener noreferrer\">Maicon Faria da Silva<\/a>\u00a0foi morto por bala perdida em Acari. Ele f<span style=\"font-weight: 400;\">az parte da estat\u00edstica de homic\u00eddio por interven\u00e7\u00e3o do Estado: na pr\u00e1tica, o policial n\u00e3o responde processo nestes casos devido ao argumento da leg\u00edtima defesa ou circunst\u00e2ncias de risco (<a href=\"https:\/\/bit.ly\/3g74QY9\" target=\"_blank\" rel=\"noopener noreferrer\">0 antigo auto de resist\u00eancia<\/a>). Ele tinha apenas dois<\/span>\u00a0anos de idade e foi morto<span style=\"font-weight: 400;\"> enquanto brincava com uma pistola de \u00e1gua nas m\u00e3os. Se<\/span><span style=\"font-weight: 400;\">u pai luta h\u00e1 25 anos por justi\u00e7a. Ele faz parte da estat\u00edstica de <a href=\"https:\/\/glo.bo\/30VJK8H\" target=\"_blank\" rel=\"noopener noreferrer\">mortes por \u201cautos de resist\u00eancia\u201d<\/a> como eram conhecidos assassinatos cometidos por policiais, supostamente em defesa da pr\u00f3pria vida.\u00a0<\/span><\/p>\n<p><span style=\"font-weight: 400;\"><a href=\"https:\/\/rioonwatch.org.br\/wp-content\/uploads\/2020\/07\/CHACINA-DE-ACARI-30-ANOS-8-scaled.jpg\"><img loading=\"lazy\" decoding=\"async\" class=\"alignright wp-image-49225\" title=\"Jos\u00e9 Luis Faria ao lado da escultura que representa seu filho Maicon, morto aos 2 anos de idade, por bala perdida em opera\u00e7\u00e3o policial. Ele segura uma pistola de agu\u00e1, brinquedo que o beb\u00ea segurava nas m\u00e3os quando foi morta.\" src=\"https:\/\/rioonwatch.org.br\/wp-content\/uploads\/2020\/07\/CHACINA-DE-ACARI-30-ANOS-8-465x620.jpg\" alt=\"\" width=\"300\" height=\"400\" srcset=\"https:\/\/rioonwatch.org.br\/wp-content\/uploads\/2020\/07\/CHACINA-DE-ACARI-30-ANOS-8-465x620.jpg 465w, https:\/\/rioonwatch.org.br\/wp-content\/uploads\/2020\/07\/CHACINA-DE-ACARI-30-ANOS-8-768x1024.jpg 768w, https:\/\/rioonwatch.org.br\/wp-content\/uploads\/2020\/07\/CHACINA-DE-ACARI-30-ANOS-8-198x264.jpg 198w, https:\/\/rioonwatch.org.br\/wp-content\/uploads\/2020\/07\/CHACINA-DE-ACARI-30-ANOS-8-1152x1536.jpg 1152w, https:\/\/rioonwatch.org.br\/wp-content\/uploads\/2020\/07\/CHACINA-DE-ACARI-30-ANOS-8-1536x2048.jpg 1536w, https:\/\/rioonwatch.org.br\/wp-content\/uploads\/2020\/07\/CHACINA-DE-ACARI-30-ANOS-8-scaled.jpg 1920w\" sizes=\"(max-width: 300px) 100vw, 300px\" \/><\/a><\/span><\/p>\n<p><span style=\"font-weight: 400;\">\u201cEstou aqui neste ano dos 30 anos da Chacina de Acari pela mem\u00f3ria dos 11 de jovens de Acari, pelas M\u00e3es de Acari, mas tamb\u00e9m porque sou a voz do meu filho e de todos que s\u00e3o v\u00edtimas do Estado. Somos a den\u00fancia viva em corpo presente e vivo do Estado genocida e terrorista que, no cotidiano da favela, n\u00e3o d\u00e1 educa\u00e7\u00e3o, saneamento, sa\u00fade, mas tira vidas\u2019, afirma o pai de Maicon, Jos\u00e9 Luis Faria da Silva.\u00a0<\/span><\/p>\n<p><span style=\"font-weight: 400;\">E completa: \u201cO mais dif\u00edcil \u00e9 lutar por justi\u00e7a para nossos filhos. Por ser pobre e da favela, [precisamos] ter que ficar o tempo todo provando quem \u00e9 a gente, que n\u00e3o somos bandidos, mostrar curr\u00edculo para ser respeitado. Sou analfabeto, n\u00e3o sei falar direito, mas sigo no objetivo de ser voz do meu filho e limpar seu nome. E a culpa n\u00e3o \u00e9 s\u00f3 da pol\u00edcia que mata. Mas, tamb\u00e9m do Minist\u00e9rio P\u00fablico que n\u00e3o prende\u201d. Desde 2010, em todas as manifesta\u00e7\u00f5es, ele carrega uma escultura feita pelo artista Vandinho, que representa a imagem do seu filho.\u00a0<\/span><\/p>\n<p><span style=\"font-weight: 400;\">Ana Paula Oliveira, moradora de <a href=\"http:\/\/bit.ly\/2x3UPpU\" target=\"_blank\" rel=\"noopener noreferrer\">Manguinhos<\/a>, <\/span>\u00e9 a voz de Jonathan Oliveira, de 19 anos, assassinado em 2014<span style=\"font-weight: 400;\">. \u201cMeu filho foi morto por um policial que j\u00e1 respondia por triplo homic\u00eddio e duas tentativas de homic\u00eddios. Esse mesmo policial j\u00e1 tinha sido preso um ano antes de assassinar meu filho, mas depois foi solto. Eu fui obrigada a lutar porque quando assassinam nossos filhos n\u00e3o \u00e9 somente o corpo que eles matam, mas a dignidade das v\u00edtimas e a nossa maternidade. S\u00f3 nos resta buscar por verdade, mem\u00f3ria, justi\u00e7a\u201d.\u00a0<\/span><\/p>\n<p><a href=\"https:\/\/rioonwatch.org.br\/wp-content\/uploads\/2020\/07\/CHACINA-DE-ACARI-30-ANOS-29-scaled.jpg\"><img loading=\"lazy\" decoding=\"async\" class=\"aligncenter wp-image-49229 size-content\" title=\"Fam\u00edlia da jovem Maria Eduarda se re\u00fane para pedir justi\u00e7a e pela mem\u00f3ria das 11 v\u00edtimas da Chacina de Acari.\" src=\"https:\/\/rioonwatch.org.br\/wp-content\/uploads\/2020\/07\/CHACINA-DE-ACARI-30-ANOS-29-620x264.jpg\" alt=\"\" width=\"620\" height=\"264\" srcset=\"https:\/\/rioonwatch.org.br\/wp-content\/uploads\/2020\/07\/CHACINA-DE-ACARI-30-ANOS-29-620x264.jpg 620w, https:\/\/rioonwatch.org.br\/wp-content\/uploads\/2020\/07\/CHACINA-DE-ACARI-30-ANOS-29-940x400.jpg 940w\" sizes=\"(max-width: 620px) 100vw, 620px\" \/><\/a><\/p>\n<p>Rosilene Costa \u00e9 a m\u00e3e de Maria Eduarda Costa, jovem de 13 anos, morta dentro de uma escola municipal <span style=\"font-weight: 400;\">em 2017. \u201cMinha filha estava no lugar certo e na hora certa. Chegou a Pol\u00edcia e mesmo vendo uma escola na frente, atirou! Passaram tr\u00eas anos, perdi minha vista e fiquei cega de um olho, n\u00e3o enxergo, mas n\u00e3o tenho medo porque eu vim falar a verdade\u201d. <\/span><span style=\"font-weight: 400;\">Bianca Costa, outra voz viva de Maria Eduarda, sua irm\u00e3 do meio, afirma: \u201cN\u00e3o \u00e9 porque somos negros que podemos ser v\u00edtimas de balas perdidas. Maria Eduarda n\u00e3o vai ser esquecida. A fam\u00edlia foi destro\u00e7ada\u201d.<\/span><\/p>\n<p><span style=\"font-weight: 400;\"><a href=\"https:\/\/rioonwatch.org.br\/wp-content\/uploads\/2020\/07\/CHACINA-DE-ACARI-30-ANOS-14-scaled.jpg\"><img loading=\"lazy\" decoding=\"async\" class=\"alignright wp-image-49226\" title=\"Bruna Silva, m\u00e3e de Marcos Vin\u00edcius leva a camisa do filho suja de sangue a todos os protestos. A camisa da rede municipal de ensino marcada pela viol\u00eancia policial se tornou sua bandeira de luta por justi\u00e7a.\" src=\"https:\/\/rioonwatch.org.br\/wp-content\/uploads\/2020\/07\/CHACINA-DE-ACARI-30-ANOS-14-465x620.jpg\" alt=\"\" width=\"300\" height=\"400\" srcset=\"https:\/\/rioonwatch.org.br\/wp-content\/uploads\/2020\/07\/CHACINA-DE-ACARI-30-ANOS-14-465x620.jpg 465w, https:\/\/rioonwatch.org.br\/wp-content\/uploads\/2020\/07\/CHACINA-DE-ACARI-30-ANOS-14-768x1024.jpg 768w, https:\/\/rioonwatch.org.br\/wp-content\/uploads\/2020\/07\/CHACINA-DE-ACARI-30-ANOS-14-198x264.jpg 198w, https:\/\/rioonwatch.org.br\/wp-content\/uploads\/2020\/07\/CHACINA-DE-ACARI-30-ANOS-14-1152x1536.jpg 1152w, https:\/\/rioonwatch.org.br\/wp-content\/uploads\/2020\/07\/CHACINA-DE-ACARI-30-ANOS-14-1536x2048.jpg 1536w, https:\/\/rioonwatch.org.br\/wp-content\/uploads\/2020\/07\/CHACINA-DE-ACARI-30-ANOS-14-scaled.jpg 1920w\" sizes=\"(max-width: 300px) 100vw, 300px\" \/><\/a>Ela tem crise de p\u00e2nico recorrente, especialmente, quando h\u00e1 opera\u00e7\u00f5es policiais na comunidade em que vive. \u201cEu sinto medo o tempo todo. N\u00e3o temos seguran\u00e7a. Come\u00e7a o tiro, vai pra onde? Para o banheiro? Atr\u00e1s da cama? O tiro entra, fura a parede, mata a gente. Minha irm\u00e3 est\u00e1 morta para provar. N\u00e3o \u00e9 porque moramos em comunidade que a pol\u00edcia pode agir assim&#8221;, protesta.<\/span><\/p>\n<p><span style=\"font-weight: 400;\">Bruna da Silva \u00e9 a voz de<\/span> Marcos Vin\u00edcius, jovem de 14 anos, executado com um tiro nas costas pela pol\u00edcia, na Mar\u00e9, em 2018<span style=\"font-weight: 400;\">. \u201cMeu filho estava a caminho da escola. Estou aqui para dizer que ele e os 11 jovens de Acari n\u00e3o ser\u00e3o esquecidos, independente dos anos que passem. A gente est\u00e1 cansado desse genoc\u00eddio. Nossas crian\u00e7as s\u00e3o mortas por quem deveria proteg\u00ea-las. Venho para a rua para tentar mudar este pa\u00eds, por um Brasil melhor no qual todas as vidas importem: inclusive, as vidas negras e faveladas\u201d.\u00a0<\/span><\/p>\n<p><span style=\"font-weight: 400;\">A cada 23 minutos, <a href=\"https:\/\/glo.bo\/2Mk3T4r\" target=\"_blank\" rel=\"noopener noreferrer\">um jovem negro \u00e9 assassinado<\/a> no Brasil. Os n\u00fameros s\u00e3o do Mapa da Viol\u00eancia, da Faculdade Latino-Americana de Ci\u00eancias Sociais (Flacso)<\/span>. <span style=\"font-weight: 400;\">No Rio de Janeiro,<\/span> <a href=\"https:\/\/bit.ly\/2Mcl7hj\" target=\"_blank\" rel=\"noopener noreferrer\"><span style=\"font-weight: 400;\">mesmo diante da pandemia<\/span><\/a><span style=\"font-weight: 400;\">, entre janeiro e abril deste ano<\/span><b>, <\/b><span style=\"font-weight: 400;\">houve <\/span><a href=\"https:\/\/bit.ly\/2XmFY6z\" target=\"_blank\" rel=\"noopener noreferrer\"><span style=\"font-weight: 400;\">aumento de opera\u00e7\u00f5es policiais e mortes<\/span><\/a><span style=\"font-weight: 400;\">.<\/span><\/p>\n<h3>Assista o V\u00eddeo que Traz a Voz de Rosilene Costa no ato na favela de Acari:<\/h3>\n<p><iframe src=\"https:\/\/drive.google.com\/file\/d\/1M8JaqHRqzceB2nyRsTldIfiOYAfdXNhM\/preview\" width=\"620\" height=\"349\"><span data-mce-type=\"bookmark\" style=\"display: inline-block; width: 0px; overflow: hidden; line-height: 0;\" class=\"mce_SELRES_start\">\ufeff<\/span><\/iframe><\/p>\n<p><em>Contribui\u00e7\u00e3o foto de Buba Aguiar por fot\u00f3grafo Pedro Prado.<\/em><\/p>\n<hr \/>\n<h4><strong>Apoie nossos esfor\u00e7os para fornecer assist\u00eancia estrat\u00e9gica \u00e0s favelas do Rio durante a pandemia de Covid-19, incluindo o jornalismo hiperlocal, cr\u00edtico, inovador e incans\u00e1vel do\u00a0<em>RioOnWatch<\/em><\/strong>\u2014<a href=\"http:\/\/bit.ly\/CatalisandoComunidades\">doe aqui<\/a>.<\/h4>\n<!-- AddThis Advanced Settings generic via filter on the_content --><!-- AddThis Share Buttons generic via filter on the_content -->","protected":false},"excerpt":{"rendered":"<div class=\"mh-excerpt\"><p>Click Here for English Esta \u00e9 a nossa mais recente mat\u00e9ria sobre\u00a0o novo coronav\u00edrus e seus impactos sobre as favelas.\u00a0 No \u00faltimo domingo, 26 de julho, um ato simb\u00f3lico pelos 30 Anos da Chacina de <a class=\"mh-excerpt-more\" href=\"https:\/\/rioonwatch.org.br\/?p=49212\" title=\"#ChacinaDeAcari30Anos: O Legado Das M\u00e3es de Acari e Suas Vozes Presentes\">[&#8230;]<\/a><!-- AddThis Advanced Settings generic via filter on get_the_excerpt --><!-- AddThis Share Buttons generic via filter on get_the_excerpt --><\/p>\n<\/div>","protected":false},"author":165,"featured_media":49314,"comment_status":"closed","ping_status":"closed","sticky":false,"template":"","format":"standard","meta":{"_acf_changed":false,"_monsterinsights_skip_tracking":false,"_monsterinsights_sitenote_active":false,"_monsterinsights_sitenote_note":"","_monsterinsights_sitenote_category":0,"footnotes":""},"categories":[1621,1627,346,1620,1612],"tags":[592,3253,2308,2123,959,787,2162,332,217,2748,88,1023,128,1936,3585,2161,1179,636,2033,2178,358,304,774,763,283,672,2754,92,920,52,218],"writer":[2800],"translator":[],"source":[],"ilustrador":[],"fotografo":[],"class_list":{"0":"post-49212","1":"post","2":"type-post","3":"status-publish","4":"format-standard","5":"has-post-thumbnail","7":"category-destaque","8":"category-relato-de-evento","9":"category-denuncias","10":"category-olhonaupp","11":"category-sociedade-civil","12":"tag-acari","13":"tag-antirracismo","14":"tag-argentina","15":"tag-auto-de-resistencia","16":"tag-baixada-fluminense","17":"tag-chacina","18":"tag-chacina-da-candelaria","19":"tag-complexo-da-mare","20":"tag-complexo-do-alemao","21":"tag-coronavirus","22":"tag-direitos-humanos","23":"tag-ditadura-militar","24":"tag-historia","25":"tag-julho-negro","26":"tag-maes-de-acari","27":"tag-maes-de-manguinhos","28":"tag-mage","29":"tag-manguinhos","30":"tag-marielle-franco","31":"tag-ministerio-publico","32":"tag-organizacao-comunitaria","33":"tag-participacao","34":"tag-policia-militar","35":"tag-protesto","36":"tag-rede-contra-violencia","37":"tag-seguranca-publica","38":"tag-serie-covid-19-nas-favelas","39":"tag-upp","40":"tag-violencia-de-estado","41":"tag-violencia-policial","42":"tag-zona-norte","43":"writer-tatiana-lima"},"acf":[],"yoast_head":"<!-- This site is optimized with the Yoast SEO plugin v25.6 - https:\/\/yoast.com\/wordpress\/plugins\/seo\/ -->\n<title>#ChacinaDeAcari30Anos: O Legado Das M\u00e3es de Acari e Suas Vozes Presentes - RioOnWatch<\/title>\n<meta name=\"robots\" content=\"index, follow, max-snippet:-1, max-image-preview:large, max-video-preview:-1\" \/>\n<link rel=\"canonical\" href=\"https:\/\/rioonwatch.org.br\/?p=49212\" \/>\n<meta property=\"og:locale\" content=\"pt_BR\" \/>\n<meta property=\"og:type\" content=\"article\" \/>\n<meta property=\"og:title\" content=\"#ChacinaDeAcari30Anos: O Legado Das M\u00e3es de Acari e Suas Vozes Presentes - RioOnWatch\" \/>\n<meta property=\"og:description\" content=\"Click Here for English Esta \u00e9 a nossa mais recente mat\u00e9ria sobre\u00a0o novo coronav\u00edrus e seus impactos sobre as favelas.\u00a0 No \u00faltimo domingo, 26 de julho, um ato simb\u00f3lico pelos 30 Anos da Chacina de [...]\" \/>\n<meta property=\"og:url\" content=\"https:\/\/rioonwatch.org.br\/?p=49212\" \/>\n<meta property=\"og:site_name\" content=\"RioOnWatch\" \/>\n<meta property=\"article:published_time\" content=\"2020-07-30T15:09:58+00:00\" \/>\n<meta property=\"article:modified_time\" content=\"2025-08-01T18:07:45+00:00\" \/>\n<meta property=\"og:image\" content=\"https:\/\/rioonwatch.org.br\/wp-content\/uploads\/2020\/07\/CHACINA-DE-ACARI-30-ANOS-BUBA-AGUIAR_FOTO-PEDRO-MARA.jpg\" \/>\n\t<meta property=\"og:image:width\" content=\"1280\" \/>\n\t<meta property=\"og:image:height\" content=\"853\" \/>\n\t<meta property=\"og:image:type\" content=\"image\/jpeg\" \/>\n<meta name=\"author\" content=\"Tatiana Lima\" \/>\n<meta name=\"twitter:card\" content=\"summary_large_image\" \/>\n<meta name=\"twitter:label1\" content=\"Escrito por\" \/>\n\t<meta name=\"twitter:data1\" content=\"Tatiana Lima\" \/>\n\t<meta name=\"twitter:label2\" content=\"Est. tempo de leitura\" \/>\n\t<meta name=\"twitter:data2\" content=\"15 minutos\" \/>\n<script type=\"application\/ld+json\" class=\"yoast-schema-graph\">{\"@context\":\"https:\/\/schema.org\",\"@graph\":[{\"@type\":\"Article\",\"@id\":\"https:\/\/rioonwatch.org.br\/?p=49212#article\",\"isPartOf\":{\"@id\":\"https:\/\/rioonwatch.org.br\/?p=49212\"},\"author\":{\"name\":\"Tatiana Lima\",\"@id\":\"https:\/\/rioonwatch.org.br\/#\/schema\/person\/8fde974ee24e219acc413d63393ec551\"},\"headline\":\"#ChacinaDeAcari30Anos: O Legado Das M\u00e3es de Acari e Suas Vozes Presentes\",\"datePublished\":\"2020-07-30T15:09:58+00:00\",\"dateModified\":\"2025-08-01T18:07:45+00:00\",\"mainEntityOfPage\":{\"@id\":\"https:\/\/rioonwatch.org.br\/?p=49212\"},\"wordCount\":2465,\"publisher\":{\"@id\":\"https:\/\/rioonwatch.org.br\/#organization\"},\"image\":{\"@id\":\"https:\/\/rioonwatch.org.br\/?p=49212#primaryimage\"},\"thumbnailUrl\":\"https:\/\/rioonwatch.org.br\/wp-content\/uploads\/2020\/07\/chacina.png\",\"keywords\":[\"Acari\",\"Antirracismo\",\"Argentina\",\"auto de resist\u00eancia\",\"Baixada Fluminense\",\"chacina\",\"chacina da Candel\u00e1ria\",\"Complexo da Mar\u00e9\",\"Complexo do Alem\u00e3o\",\"coronav\u00edrus\",\"Direitos Humanos\",\"Ditadura Militar\",\"hist\u00f3ria\",\"Julho Negro\",\"M\u00e3es de Acari\",\"M\u00e3es de Manguinhos\",\"Mag\u00e9\",\"Manguinhos\",\"Marielle Franco\",\"Minist\u00e9rio P\u00fablico\",\"organiza\u00e7\u00e3o comunit\u00e1ria\",\"participa\u00e7\u00e3o\",\"Pol\u00edcia Militar\",\"protesto\",\"Rede Contra Viol\u00eancia\",\"seguran\u00e7a p\u00fablica\",\"S\u00e9rie: Covid-19 Nas Favelas\",\"UPP\",\"viol\u00eancia de Estado\",\"viol\u00eancia policial\",\"Zona Norte\"],\"articleSection\":[\"*Destaque\",\"Cobertura de Eventos\",\"Den\u00fancias\",\"Seguran\u00e7a P\u00fablica\",\"Sociedade Civil\"],\"inLanguage\":\"pt-BR\"},{\"@type\":\"WebPage\",\"@id\":\"https:\/\/rioonwatch.org.br\/?p=49212\",\"url\":\"https:\/\/rioonwatch.org.br\/?p=49212\",\"name\":\"#ChacinaDeAcari30Anos: O Legado Das M\u00e3es de Acari e Suas Vozes Presentes - RioOnWatch\",\"isPartOf\":{\"@id\":\"https:\/\/rioonwatch.org.br\/#website\"},\"primaryImageOfPage\":{\"@id\":\"https:\/\/rioonwatch.org.br\/?p=49212#primaryimage\"},\"image\":{\"@id\":\"https:\/\/rioonwatch.org.br\/?p=49212#primaryimage\"},\"thumbnailUrl\":\"https:\/\/rioonwatch.org.br\/wp-content\/uploads\/2020\/07\/chacina.png\",\"datePublished\":\"2020-07-30T15:09:58+00:00\",\"dateModified\":\"2025-08-01T18:07:45+00:00\",\"breadcrumb\":{\"@id\":\"https:\/\/rioonwatch.org.br\/?p=49212#breadcrumb\"},\"inLanguage\":\"pt-BR\",\"potentialAction\":[{\"@type\":\"ReadAction\",\"target\":[\"https:\/\/rioonwatch.org.br\/?p=49212\"]}]},{\"@type\":\"ImageObject\",\"inLanguage\":\"pt-BR\",\"@id\":\"https:\/\/rioonwatch.org.br\/?p=49212#primaryimage\",\"url\":\"https:\/\/rioonwatch.org.br\/wp-content\/uploads\/2020\/07\/chacina.png\",\"contentUrl\":\"https:\/\/rioonwatch.org.br\/wp-content\/uploads\/2020\/07\/chacina.png\",\"width\":2510,\"height\":1091,\"caption\":\"M\u00e3es, pais e ativistas de favelas v\u00edtimas de viol\u00eancia do Estado seguram placas de rua com os nomes dos 11 jovens desaparecidos na Chacina de Acari.\"},{\"@type\":\"BreadcrumbList\",\"@id\":\"https:\/\/rioonwatch.org.br\/?p=49212#breadcrumb\",\"itemListElement\":[{\"@type\":\"ListItem\",\"position\":1,\"name\":\"In\u00edcio\",\"item\":\"https:\/\/rioonwatch.org.br\/\"},{\"@type\":\"ListItem\",\"position\":2,\"name\":\"#ChacinaDeAcari30Anos: O Legado Das M\u00e3es de Acari e Suas Vozes Presentes\"}]},{\"@type\":\"WebSite\",\"@id\":\"https:\/\/rioonwatch.org.br\/#website\",\"url\":\"https:\/\/rioonwatch.org.br\/\",\"name\":\"RioOnWatch\",\"description\":\"relatos das favelas cariocas\",\"publisher\":{\"@id\":\"https:\/\/rioonwatch.org.br\/#organization\"},\"potentialAction\":[{\"@type\":\"SearchAction\",\"target\":{\"@type\":\"EntryPoint\",\"urlTemplate\":\"https:\/\/rioonwatch.org.br\/?s={search_term_string}\"},\"query-input\":{\"@type\":\"PropertyValueSpecification\",\"valueRequired\":true,\"valueName\":\"search_term_string\"}}],\"inLanguage\":\"pt-BR\"},{\"@type\":\"Organization\",\"@id\":\"https:\/\/rioonwatch.org.br\/#organization\",\"name\":\"RioOnWatch\",\"url\":\"https:\/\/rioonwatch.org.br\/\",\"logo\":{\"@type\":\"ImageObject\",\"inLanguage\":\"pt-BR\",\"@id\":\"https:\/\/rioonwatch.org.br\/#\/schema\/logo\/image\/\",\"url\":\"https:\/\/rioonwatch.org.br\/wp-content\/uploads\/2021\/06\/RioOnWatchcabecalhoPT11anos-2.png\",\"contentUrl\":\"https:\/\/rioonwatch.org.br\/wp-content\/uploads\/2021\/06\/RioOnWatchcabecalhoPT11anos-2.png\",\"width\":779,\"height\":277,\"caption\":\"RioOnWatch\"},\"image\":{\"@id\":\"https:\/\/rioonwatch.org.br\/#\/schema\/logo\/image\/\"}},{\"@type\":\"Person\",\"@id\":\"https:\/\/rioonwatch.org.br\/#\/schema\/person\/8fde974ee24e219acc413d63393ec551\",\"name\":\"Tatiana Lima\",\"image\":{\"@type\":\"ImageObject\",\"inLanguage\":\"pt-BR\",\"@id\":\"https:\/\/rioonwatch.org.br\/#\/schema\/person\/image\/\",\"url\":\"https:\/\/secure.gravatar.com\/avatar\/5fb587d000e124a9d6aae50aec42d39e?s=96&d=blank&r=g\",\"contentUrl\":\"https:\/\/secure.gravatar.com\/avatar\/5fb587d000e124a9d6aae50aec42d39e?s=96&d=blank&r=g\",\"caption\":\"Tatiana Lima\"},\"url\":\"https:\/\/rioonwatch.org.br\/?author=165\"}]}<\/script>\n<!-- \/ Yoast SEO plugin. -->","yoast_head_json":{"title":"#ChacinaDeAcari30Anos: O Legado Das M\u00e3es de Acari e Suas Vozes Presentes - RioOnWatch","robots":{"index":"index","follow":"follow","max-snippet":"max-snippet:-1","max-image-preview":"max-image-preview:large","max-video-preview":"max-video-preview:-1"},"canonical":"https:\/\/rioonwatch.org.br\/?p=49212","og_locale":"pt_BR","og_type":"article","og_title":"#ChacinaDeAcari30Anos: O Legado Das M\u00e3es de Acari e Suas Vozes Presentes - RioOnWatch","og_description":"Click Here for English Esta \u00e9 a nossa mais recente mat\u00e9ria sobre\u00a0o novo coronav\u00edrus e seus impactos sobre as favelas.\u00a0 No \u00faltimo domingo, 26 de julho, um ato simb\u00f3lico pelos 30 Anos da Chacina de [...]","og_url":"https:\/\/rioonwatch.org.br\/?p=49212","og_site_name":"RioOnWatch","article_published_time":"2020-07-30T15:09:58+00:00","article_modified_time":"2025-08-01T18:07:45+00:00","og_image":[{"width":1280,"height":853,"url":"https:\/\/rioonwatch.org.br\/wp-content\/uploads\/2020\/07\/CHACINA-DE-ACARI-30-ANOS-BUBA-AGUIAR_FOTO-PEDRO-MARA.jpg","type":"image\/jpeg"}],"author":"Tatiana Lima","twitter_card":"summary_large_image","twitter_misc":{"Escrito por":"Tatiana Lima","Est. tempo de leitura":"15 minutos"},"schema":{"@context":"https:\/\/schema.org","@graph":[{"@type":"Article","@id":"https:\/\/rioonwatch.org.br\/?p=49212#article","isPartOf":{"@id":"https:\/\/rioonwatch.org.br\/?p=49212"},"author":{"name":"Tatiana Lima","@id":"https:\/\/rioonwatch.org.br\/#\/schema\/person\/8fde974ee24e219acc413d63393ec551"},"headline":"#ChacinaDeAcari30Anos: O Legado Das M\u00e3es de Acari e Suas Vozes Presentes","datePublished":"2020-07-30T15:09:58+00:00","dateModified":"2025-08-01T18:07:45+00:00","mainEntityOfPage":{"@id":"https:\/\/rioonwatch.org.br\/?p=49212"},"wordCount":2465,"publisher":{"@id":"https:\/\/rioonwatch.org.br\/#organization"},"image":{"@id":"https:\/\/rioonwatch.org.br\/?p=49212#primaryimage"},"thumbnailUrl":"https:\/\/rioonwatch.org.br\/wp-content\/uploads\/2020\/07\/chacina.png","keywords":["Acari","Antirracismo","Argentina","auto de resist\u00eancia","Baixada Fluminense","chacina","chacina da Candel\u00e1ria","Complexo da Mar\u00e9","Complexo do Alem\u00e3o","coronav\u00edrus","Direitos Humanos","Ditadura Militar","hist\u00f3ria","Julho Negro","M\u00e3es de Acari","M\u00e3es de Manguinhos","Mag\u00e9","Manguinhos","Marielle Franco","Minist\u00e9rio P\u00fablico","organiza\u00e7\u00e3o comunit\u00e1ria","participa\u00e7\u00e3o","Pol\u00edcia Militar","protesto","Rede Contra Viol\u00eancia","seguran\u00e7a p\u00fablica","S\u00e9rie: Covid-19 Nas Favelas","UPP","viol\u00eancia de Estado","viol\u00eancia policial","Zona Norte"],"articleSection":["*Destaque","Cobertura de Eventos","Den\u00fancias","Seguran\u00e7a P\u00fablica","Sociedade Civil"],"inLanguage":"pt-BR"},{"@type":"WebPage","@id":"https:\/\/rioonwatch.org.br\/?p=49212","url":"https:\/\/rioonwatch.org.br\/?p=49212","name":"#ChacinaDeAcari30Anos: O Legado Das M\u00e3es de Acari e Suas Vozes Presentes - RioOnWatch","isPartOf":{"@id":"https:\/\/rioonwatch.org.br\/#website"},"primaryImageOfPage":{"@id":"https:\/\/rioonwatch.org.br\/?p=49212#primaryimage"},"image":{"@id":"https:\/\/rioonwatch.org.br\/?p=49212#primaryimage"},"thumbnailUrl":"https:\/\/rioonwatch.org.br\/wp-content\/uploads\/2020\/07\/chacina.png","datePublished":"2020-07-30T15:09:58+00:00","dateModified":"2025-08-01T18:07:45+00:00","breadcrumb":{"@id":"https:\/\/rioonwatch.org.br\/?p=49212#breadcrumb"},"inLanguage":"pt-BR","potentialAction":[{"@type":"ReadAction","target":["https:\/\/rioonwatch.org.br\/?p=49212"]}]},{"@type":"ImageObject","inLanguage":"pt-BR","@id":"https:\/\/rioonwatch.org.br\/?p=49212#primaryimage","url":"https:\/\/rioonwatch.org.br\/wp-content\/uploads\/2020\/07\/chacina.png","contentUrl":"https:\/\/rioonwatch.org.br\/wp-content\/uploads\/2020\/07\/chacina.png","width":2510,"height":1091,"caption":"M\u00e3es, pais e ativistas de favelas v\u00edtimas de viol\u00eancia do Estado seguram placas de rua com os nomes dos 11 jovens desaparecidos na Chacina de Acari."},{"@type":"BreadcrumbList","@id":"https:\/\/rioonwatch.org.br\/?p=49212#breadcrumb","itemListElement":[{"@type":"ListItem","position":1,"name":"In\u00edcio","item":"https:\/\/rioonwatch.org.br\/"},{"@type":"ListItem","position":2,"name":"#ChacinaDeAcari30Anos: O Legado Das M\u00e3es de Acari e Suas Vozes Presentes"}]},{"@type":"WebSite","@id":"https:\/\/rioonwatch.org.br\/#website","url":"https:\/\/rioonwatch.org.br\/","name":"RioOnWatch","description":"relatos das favelas cariocas","publisher":{"@id":"https:\/\/rioonwatch.org.br\/#organization"},"potentialAction":[{"@type":"SearchAction","target":{"@type":"EntryPoint","urlTemplate":"https:\/\/rioonwatch.org.br\/?s={search_term_string}"},"query-input":{"@type":"PropertyValueSpecification","valueRequired":true,"valueName":"search_term_string"}}],"inLanguage":"pt-BR"},{"@type":"Organization","@id":"https:\/\/rioonwatch.org.br\/#organization","name":"RioOnWatch","url":"https:\/\/rioonwatch.org.br\/","logo":{"@type":"ImageObject","inLanguage":"pt-BR","@id":"https:\/\/rioonwatch.org.br\/#\/schema\/logo\/image\/","url":"https:\/\/rioonwatch.org.br\/wp-content\/uploads\/2021\/06\/RioOnWatchcabecalhoPT11anos-2.png","contentUrl":"https:\/\/rioonwatch.org.br\/wp-content\/uploads\/2021\/06\/RioOnWatchcabecalhoPT11anos-2.png","width":779,"height":277,"caption":"RioOnWatch"},"image":{"@id":"https:\/\/rioonwatch.org.br\/#\/schema\/logo\/image\/"}},{"@type":"Person","@id":"https:\/\/rioonwatch.org.br\/#\/schema\/person\/8fde974ee24e219acc413d63393ec551","name":"Tatiana Lima","image":{"@type":"ImageObject","inLanguage":"pt-BR","@id":"https:\/\/rioonwatch.org.br\/#\/schema\/person\/image\/","url":"https:\/\/secure.gravatar.com\/avatar\/5fb587d000e124a9d6aae50aec42d39e?s=96&d=blank&r=g","contentUrl":"https:\/\/secure.gravatar.com\/avatar\/5fb587d000e124a9d6aae50aec42d39e?s=96&d=blank&r=g","caption":"Tatiana Lima"},"url":"https:\/\/rioonwatch.org.br\/?author=165"}]}},"_links":{"self":[{"href":"https:\/\/rioonwatch.org.br\/index.php?rest_route=\/wp\/v2\/posts\/49212"}],"collection":[{"href":"https:\/\/rioonwatch.org.br\/index.php?rest_route=\/wp\/v2\/posts"}],"about":[{"href":"https:\/\/rioonwatch.org.br\/index.php?rest_route=\/wp\/v2\/types\/post"}],"author":[{"embeddable":true,"href":"https:\/\/rioonwatch.org.br\/index.php?rest_route=\/wp\/v2\/users\/165"}],"replies":[{"embeddable":true,"href":"https:\/\/rioonwatch.org.br\/index.php?rest_route=%2Fwp%2Fv2%2Fcomments&post=49212"}],"version-history":[{"count":38,"href":"https:\/\/rioonwatch.org.br\/index.php?rest_route=\/wp\/v2\/posts\/49212\/revisions"}],"predecessor-version":[{"id":49372,"href":"https:\/\/rioonwatch.org.br\/index.php?rest_route=\/wp\/v2\/posts\/49212\/revisions\/49372"}],"wp:featuredmedia":[{"embeddable":true,"href":"https:\/\/rioonwatch.org.br\/index.php?rest_route=\/wp\/v2\/media\/49314"}],"wp:attachment":[{"href":"https:\/\/rioonwatch.org.br\/index.php?rest_route=%2Fwp%2Fv2%2Fmedia&parent=49212"}],"wp:term":[{"taxonomy":"category","embeddable":true,"href":"https:\/\/rioonwatch.org.br\/index.php?rest_route=%2Fwp%2Fv2%2Fcategories&post=49212"},{"taxonomy":"post_tag","embeddable":true,"href":"https:\/\/rioonwatch.org.br\/index.php?rest_route=%2Fwp%2Fv2%2Ftags&post=49212"},{"taxonomy":"writer","embeddable":true,"href":"https:\/\/rioonwatch.org.br\/index.php?rest_route=%2Fwp%2Fv2%2Fwriter&post=49212"},{"taxonomy":"translator","embeddable":true,"href":"https:\/\/rioonwatch.org.br\/index.php?rest_route=%2Fwp%2Fv2%2Ftranslator&post=49212"},{"taxonomy":"source","embeddable":true,"href":"https:\/\/rioonwatch.org.br\/index.php?rest_route=%2Fwp%2Fv2%2Fsource&post=49212"},{"taxonomy":"ilustrador","embeddable":true,"href":"https:\/\/rioonwatch.org.br\/index.php?rest_route=%2Fwp%2Fv2%2Filustrador&post=49212"},{"taxonomy":"fotografo","embeddable":true,"href":"https:\/\/rioonwatch.org.br\/index.php?rest_route=%2Fwp%2Fv2%2Ffotografo&post=49212"}],"curies":[{"name":"wp","href":"https:\/\/api.w.org\/{rel}","templated":true}]}}