{"id":49367,"date":"2020-10-13T10:59:45","date_gmt":"2020-10-13T13:59:45","guid":{"rendered":"https:\/\/rioonwatch.org.br\/?p=49367"},"modified":"2020-10-14T12:04:51","modified_gmt":"2020-10-14T15:04:51","slug":"rio-sustentavel-2050-um-caminho-possivel-a-emissoes-de-carbono-zero-no-transporte-ate-2050","status":"publish","type":"post","link":"https:\/\/rioonwatch.org.br\/?p=49367","title":{"rendered":"&#8216;Rio Sustent\u00e1vel 2050&#8217;: Um Caminho Poss\u00edvel a Emiss\u00f5es de Carbono Zero no Transporte at\u00e9 2050"},"content":{"rendered":"<p style=\"text-align: right;\"><em><strong><a href=\"https:\/\/bit.ly\/2ZO7Cfd\" target=\"_blank\" rel=\"noopener noreferrer\">Click Here for English<\/a><a href=\"https:\/\/bit.ly\/2ZO7Cfd\" target=\"_blank\" rel=\"noopener noreferrer\"><img decoding=\"async\" width=\"20\" height=\"20\" class=\"alignright wp-image-15790\" src=\"https:\/\/rioonwatch.org.br\/wp-content\/uploads\/2012\/08\/EN-standard-e1439583104716.jpg\" \/><\/a><\/strong><\/em><\/p>\n<p>A pandemia da Covid-19 revelou uma s\u00e9rie de acertos de contas a serem feitas dentro dos espa\u00e7os urbanos, evidenciando o modo como interagimos com eles. Um dos mais not\u00e1veis \u00e9 nossa pegada de carbono. Durante a pandemia, os confinamentos globais est\u00e3o correlacionados com <a href=\"https:\/\/n.pr\/2ZbTJXL\" target=\"_blank\" rel=\"noopener noreferrer\"><span style=\"font-weight: 400;\">simplesmente a maior queda<\/span><\/a><span style=\"font-weight: 400;\"> nas emiss\u00f5es de carbono desde a Segunda Guerra Mundial\u2014e a reabertura causou uma &#8220;volta \u00e0 normalidade&#8221; t\u00e3o r\u00e1pida que at\u00e9 mesmo <\/span><a href=\"https:\/\/bit.ly\/3gA82Ly\" target=\"_blank\" rel=\"noopener noreferrer\"><span style=\"font-weight: 400;\">espantou<\/span><\/a><span style=\"font-weight: 400;\"> os climatologistas. Agora, v\u00e1rias cidades ao redor do mundo se perguntam como podem manter os ganhos ambientais adquiridos durante a pandemia, antes que eles desapare\u00e7am.<\/span><\/p>\n<p>\u00c0 luz dos fatos, j\u00e1 est\u00e1 mais do que na hora de se fazer uma pergunta ao Rio. Como que a Cidade Maravilhosa\u2013cidade que tem exercido um papel preponderante no debate sobre sustentabilidade, sede da <a href=\"http:\/\/bit.ly\/2fh9Y1P\" target=\"_blank\" rel=\"noopener noreferrer\"><span style=\"font-weight: 400;\">primeira<\/span><\/a><span style=\"font-weight: 400;\"> confer\u00eancia global sobre o assunto\u2013pode colaborar com um futuro de baixa emiss\u00e3o de carbono? Foquemos especificamente no setor dos <\/span><a href=\"https:\/\/bit.ly\/318rjxN\" target=\"_blank\" rel=\"noopener noreferrer\"><span style=\"font-weight: 400;\">transportes<\/span><\/a><span style=\"font-weight: 400;\">, que \u00e9 hoje <\/span><a href=\"http:\/\/bit.ly\/2wwz8S8\" target=\"_blank\" rel=\"noopener noreferrer\"><span style=\"font-weight: 400;\">um dos maiores contribuidores<\/span><\/a><span style=\"font-weight: 400;\"> globais para as emiss\u00f5es de CO2 (e as taxas s\u00f3 v\u00eam crescendo). No fim, foi a <\/span><a href=\"https:\/\/bit.ly\/2BUEWYP\" target=\"_blank\" rel=\"noopener noreferrer\"><span style=\"font-weight: 400;\">queda de mobilidade<\/span><\/a><span style=\"font-weight: 400;\">\u2013vindo mais precisamente do transporte a\u00e9reo, automobil\u00edstico e de carga\u2013que levou ao ar mais limpo que as cidades jamais viram dentro da \u00e9poca atual.\u00a0<\/span><\/p>\n<p>Usando a <a href=\"https:\/\/bit.ly\/33iJT8C\" target=\"_blank\" rel=\"noopener noreferrer\"><span style=\"font-weight: 400;\">abordagem de<em> backcasting<\/em><\/span><\/a><span style=\"font-weight: 400;\"> para an\u00e1lise de cen\u00e1rios\u2013onde se projeta um cen\u00e1rio futuro, para ent\u00e3o a partir dele se pensar um caminho de a\u00e7\u00e3o\u2013esta mat\u00e9ria procura tra\u00e7ar novas alternativas para o Rio, sustent\u00e1veis ou n\u00e3o sustent\u00e1veis, examinando tanto os carros-chefe necess\u00e1rios para futuras mudan\u00e7as, quanto incertezas que podem afetar o transporte dentro dos pr\u00f3ximos 30 anos. Basicamente, a mat\u00e9ria propor\u00e1 uma perspectiva de baixo carbono para o transporte a ser cumprida at\u00e9 2050, discutindo pol\u00edticas dispon\u00edveis e em potencial, implicadas na obten\u00e7\u00e3o de tais metas.<\/span><\/p>\n<p><a href=\"https:\/\/rioonwatch.org.br\/wp-content\/uploads\/2020\/07\/Bikeshare-above-and-new-cycling-infrastructure-have-helped-boost-cycling-rates-in-Rio-but-still-are-largely-concentrated-in-the-South-Zone-and-Centro.-Photo-Wikimedia-commons.png\"><img fetchpriority=\"high\" decoding=\"async\" class=\"aligncenter size-medium wp-image-49369\" src=\"https:\/\/rioonwatch.org.br\/wp-content\/uploads\/2020\/07\/Bikeshare-above-and-new-cycling-infrastructure-have-helped-boost-cycling-rates-in-Rio-but-still-are-largely-concentrated-in-the-South-Zone-and-Centro.-Photo-Wikimedia-commons-620x349.png\" alt=\"\" width=\"620\" height=\"349\" srcset=\"https:\/\/rioonwatch.org.br\/wp-content\/uploads\/2020\/07\/Bikeshare-above-and-new-cycling-infrastructure-have-helped-boost-cycling-rates-in-Rio-but-still-are-largely-concentrated-in-the-South-Zone-and-Centro.-Photo-Wikimedia-commons-620x349.png 620w, https:\/\/rioonwatch.org.br\/wp-content\/uploads\/2020\/07\/Bikeshare-above-and-new-cycling-infrastructure-have-helped-boost-cycling-rates-in-Rio-but-still-are-largely-concentrated-in-the-South-Zone-and-Centro.-Photo-Wikimedia-commons-469x264.png 469w, https:\/\/rioonwatch.org.br\/wp-content\/uploads\/2020\/07\/Bikeshare-above-and-new-cycling-infrastructure-have-helped-boost-cycling-rates-in-Rio-but-still-are-largely-concentrated-in-the-South-Zone-and-Centro.-Photo-Wikimedia-commons-768x432.png 768w, https:\/\/rioonwatch.org.br\/wp-content\/uploads\/2020\/07\/Bikeshare-above-and-new-cycling-infrastructure-have-helped-boost-cycling-rates-in-Rio-but-still-are-largely-concentrated-in-the-South-Zone-and-Centro.-Photo-Wikimedia-commons-580x326.png 580w, https:\/\/rioonwatch.org.br\/wp-content\/uploads\/2020\/07\/Bikeshare-above-and-new-cycling-infrastructure-have-helped-boost-cycling-rates-in-Rio-but-still-are-largely-concentrated-in-the-South-Zone-and-Centro.-Photo-Wikimedia-commons-174x98.png 174w, https:\/\/rioonwatch.org.br\/wp-content\/uploads\/2020\/07\/Bikeshare-above-and-new-cycling-infrastructure-have-helped-boost-cycling-rates-in-Rio-but-still-are-largely-concentrated-in-the-South-Zone-and-Centro.-Photo-Wikimedia-commons.png 1024w\" sizes=\"(max-width: 620px) 100vw, 620px\" \/><\/a><\/p>\n<h3><b>Defini\u00e7\u00f5es e Considera\u00e7\u00f5es<\/b><\/h3>\n<p>De acordo com a defini\u00e7\u00e3o do Painel Intergovernamental sobre as Altera\u00e7\u00f5es Clim\u00e1ticas (PIAC), a palavra &#8220;sustent\u00e1vel&#8221; se refere \u00e0 estabiliza\u00e7\u00e3o das concentra\u00e7\u00f5es de di\u00f3xido de carbono na atmosfera em 450 partes por milh\u00e3o (ppm), ou abaixo de 1.000 Gigagrama (Gg) de di\u00f3xido de carbono (CO2e). Dadas as tend\u00eancias relativamente est\u00e1veis, vamos presumir que a popula\u00e7\u00e3o da cidade do Rio cres\u00e7a de <a href=\"https:\/\/bbc.in\/2HKvfeI\" target=\"_blank\" rel=\"noopener noreferrer\"><span style=\"font-weight: 400;\">6.5 milh\u00f5es em 2020<\/span><\/a> <span style=\"font-weight: 400;\">para aproximadamente 7 milh\u00f5es em 2050. <\/span><a href=\"http:\/\/bit.ly\/32h6lNl\" target=\"_blank\" rel=\"noopener noreferrer\"><span style=\"font-weight: 400;\">De acordo com as Na\u00e7\u00f5es Unidas,<\/span><\/a><span style=\"font-weight: 400;\"> a <\/span><a href=\"http:\/\/bit.ly\/2kFp5ol\" target=\"_blank\" rel=\"noopener noreferrer\"><span style=\"font-weight: 400;\">regi\u00e3o metropolitana<\/span><\/a><span style=\"font-weight: 400;\"> do Rio vai aumentar ainda mais que isso, indo de 13 milh\u00f5es em 2020 para 14 milh\u00f5es em 2030, e talvez at\u00e9 16 milh\u00f5es em 2050\u2013comprometendo o transporte de maneira significativa.<\/span><\/p>\n<p>O transporte do Rio aqui \u00e9 definido por todo o transporte gerado pelos cidad\u00e3os, incluindo tanto viagens nacionais quanto internacionais, assim como transporte de carga. Quase metade das emiss\u00f5es de carbono do Brasil s\u00e3o efeitos do uso das terras que, depois de anos declinando, est\u00e1 <a href=\"https:\/\/bit.ly\/3n1RXCJ\" target=\"_blank\" rel=\"noopener noreferrer\"><span style=\"font-weight: 400;\">prestes a aumentar<\/span><\/a><span style=\"font-weight: 400;\"> devido ao desmatamento. No Rio, o consumo de energia <\/span><a href=\"https:\/\/bit.ly\/2ExwL5v\" target=\"_blank\" rel=\"noopener noreferrer\"><span style=\"font-weight: 400;\">comp\u00f5e 79%<\/span><\/a><span style=\"font-weight: 400;\"> dos 20.56 milh\u00f5es de toneladas de carbono soltos na atmosfera em 2017; dentro disso, o transporte contribui em 36%, ou 7.371 Gg de CO2. O tr\u00e1fego terrestre constitui por volta de tr\u00eas-quartos das emiss\u00f5es do transporte, enquanto a avia\u00e7\u00e3o contribui para um quarto. Portanto, reduzir as emiss\u00f5es dos passageiros de diversos transportes \u00e9 crucial.\u00a0<\/span><\/p>\n<p>Usando as previs\u00f5es <a href=\"http:\/\/bit.ly\/38Ol3Ob\" target=\"_blank\" rel=\"noopener noreferrer\"><span style=\"font-weight: 400;\">implantadas<\/span><\/a><span style=\"font-weight: 400;\"> por Jonas \u00c5kerman e Mattias H\u00f6jer, nossa an\u00e1lise reconhece o potencial da tecnologia em reduzir a concentra\u00e7\u00e3o do combust\u00edvel dos autom\u00f3veis para 35-80% at\u00e9 2050, seguido de 40% na avia\u00e7\u00e3o e 20-60% nas cargas. \u00c9 tamb\u00e9m preciso fazer uma distin\u00e7\u00e3o entre uma viagem para chegar a um destino desejado (derivada) e a viagem necess\u00e1ria para realizar certas fun\u00e7\u00f5es, como uma ida ao emprego ou mercado (imposta estruturalmente). Esta \u00faltima, por sua vez \u00e9, claro, mais dif\u00edcil de ser mudada, mas \u00e9 de longe mais essencial: nas favelas do Rio, 49% de todas as viagens <\/span><a href=\"http:\/\/bit.ly\/39QCFJt\"><span style=\"font-weight: 400;\">s\u00e3o relativas ao trabalho<\/span><\/a><span style=\"font-weight: 400;\">, e 39% aos estudos. Para delimitar os trajetos, \u00e9 necess\u00e1rio entender como funciona a acessibilidade geogr\u00e1fica e funcional, observando dist\u00e2ncias; no Rio, a <\/span><a href=\"http:\/\/bit.ly\/32gJVvN\"><span style=\"font-weight: 400;\">jornada cotidiana at\u00e9 o trabalho<\/span><\/a><span style=\"font-weight: 400;\"> \u00e9 de 17,74km, o que leva 52 minutos. Aqueles que t\u00eam carro pr\u00f3prio percorrem as dist\u00e2ncias mais longas (22,1km) e praticamente as mais demoradas (51 minutos), s\u00f3 perdendo para os passageiros de \u00f4nibus (63 minutos). O maior potencial para efici\u00eancia de combust\u00edvel \u00e9 projetado para viagens de carro de curta dist\u00e2ncia, mas <\/span><span style=\"font-weight: 400;\"> com um crescimento j\u00e1 esperado, tanto na popula\u00e7\u00e3o quanto na venda de carros (que ser\u00e1 discutida adiante), pode-se concluir que a tecnologia por si s\u00f3 n\u00e3o garantir\u00e1 a manuten\u00e7\u00e3o da sustentabilidade.\u00a0<\/span><\/p>\n<p>Contextualizar a situa\u00e7\u00e3o do transporte da Am\u00e9rica Latina \u00e9 indispens\u00e1vel. No Rio, o carro \u00e9 a modalidade que comp\u00f5e <a href=\"http:\/\/bit.ly\/37KAXIg\" target=\"_blank\" rel=\"noopener noreferrer\"><span style=\"font-weight: 400;\">apenas 22%<\/span><\/a><span style=\"font-weight: 400;\"> do transporte da cidade. Mesmo assim, o formato do Rio ainda \u00e9 baseado no uso de carros, constru\u00eddo ao redor de grandes avenidas, de t\u00faneis que atravessam os morros, sem contar as vias engarrafadas. Viagens de \u00f4nibus, que contribuem para 37% da quota modal, s\u00e3o muitas vezes dif\u00edceis e perigosas; as jornadas a p\u00e9, compondo para um quarto do total, envolvem a travessia de ruas pouco seguras e com pouca cal\u00e7ada. O planejador de transporte <\/span><a href=\"http:\/\/bit.ly\/2PLe2pQ\" target=\"_blank\" rel=\"noopener noreferrer\"><span style=\"font-weight: 400;\">Eduardo Alc\u00e2ntara Vasconcellos<\/span><\/a><span style=\"font-weight: 400;\"> explica que, durante anos, os recursos foram majoritariamente destinados \u00e0 minoria que dirige os pr\u00f3prios carros, mais do que aos usu\u00e1rios do transporte p\u00fablico. Isso \u00e9 consequ\u00eancia de uma s\u00e9rie de fatores hist\u00f3ricos dentro do contexto da Am\u00e9rica Latina, Eduardo escreve, incluindo a falta de representa\u00e7\u00e3o pol\u00edtica, car\u00eancia de dados, um poder centralizado, limita\u00e7\u00f5es econ\u00f4micas e um planejamento conservador do transporte. Como resultado, os servi\u00e7os que antes eram localmente acess\u00edveis agora est\u00e3o mais longe, e s\u00f3 s\u00e3o mais convenientes aos carros.<\/span><\/p>\n<h3><b>Transporte e Desigualdade Urbana<\/b><\/h3>\n<p>O transporte urbano no Rio envolve problemas subjacentes de equidade que podem n\u00e3o se comportar do mesmo modo em outros contextos ocidentais. Tal distin\u00e7\u00e3o \u00e9 crucial em qualquer planejamento ou prescri\u00e7\u00e3o pol\u00edtica a ser levada adiante. Diante do governo tecnocrata do <a href=\"http:\/\/bit.ly\/2XByjQA\" target=\"_blank\" rel=\"noopener noreferrer\"><span style=\"font-weight: 400;\">Prefeito Eduardo Paes<\/span><\/a><span style=\"font-weight: 400;\">, a cidade (sob seu governo) vendeu uma imagem de enfrentamento \u00e0s desigualdades a partir dos grandes investimentos no transporte, incluindo a introdu\u00e7\u00e3o da rede Bus Rapid Transit (<\/span><a href=\"https:\/\/bit.ly\/3fnOsl2\" target=\"_blank\" rel=\"noopener noreferrer\"><span style=\"font-weight: 400;\">BRT<\/span><\/a><span style=\"font-weight: 400;\">); uma expans\u00e3o das ciclovias e ciclofaixas; novas linhas f\u00e9rreas urbanas; e uma quarta linha de metr\u00f4 com vag\u00f5es maiores. No entanto, <\/span><a href=\"http:\/\/bit.ly\/2mFWccL\" target=\"_blank\" rel=\"noopener noreferrer\"><span style=\"font-weight: 400;\">os tempos de deslocamento s\u00f3 tornaram a subir<\/span><\/a><span style=\"font-weight: 400;\">, e tais &#8220;melhoras&#8221; nas variadas modalidades se provaram muito mais uma jogada de marketing do que uma garantia de f\u00e1cil acesso (dado o t\u00e9rmino de v\u00e1rias linhas de \u00f4nibus, incluindo as de acesso direto entre regi\u00f5es de baixa-renda \u00e0s de renda superior na cidade).\u00a0<\/span><\/p>\n<p>Os investimentos aparentemente renderam em rela\u00e7\u00e3o ao n\u00famero de passageiros: em 2010, a cidade tinha 2.3 milh\u00f5es de passageiros de \u00f4nibus, 588.000 nos metr\u00f4s e 499.000 nos trens; em 2018, houve respectivamente 2.9 milh\u00f5es, 661.000 e 598.000. Entretanto, n\u00e3o fica claro o quanto isso realmente significa um aumento de pessoas, j\u00e1 que ao inv\u00e9s de pegar um s\u00f3 \u00f4nibus, agora, \u00e9 necess\u00e1rio fazer v\u00e1rias baldea\u00e7\u00f5es (e por esse motivo a dura\u00e7\u00e3o dos deslocamentos aumentou).<\/p>\n<p>Os <a href=\"https:\/\/bit.ly\/3cNb9zh\" target=\"_blank\" rel=\"noopener noreferrer\"><span style=\"font-weight: 400;\">450km de ciclovias e ciclofaixas<\/span><\/a> <span style=\"font-weight: 400;\">dentro da cidade, tendo sido acumulados ao redor dos anos desde as duas primeiras vias constru\u00eddas em 1990, representam uma melhoria. Por\u00e9m, a confec\u00e7\u00e3o naturalmente acidentada das rotas cont\u00eam algumas lacunas dif\u00edceis de ignorar, causando in\u00fameros ferimentos e <\/span><a href=\"https:\/\/glo.bo\/2WJwOkW\" target=\"_blank\" rel=\"noopener noreferrer\"><span style=\"font-weight: 400;\">fatalidades<\/span><\/a><span style=\"font-weight: 400;\">. A <\/span><a href=\"https:\/\/glo.bo\/2CBDeMj\" target=\"_blank\" rel=\"noopener noreferrer\"><span style=\"font-weight: 400;\">Avenida Atl\u00e2ntica e outras quatro<\/span><\/a><span style=\"font-weight: 400;\"> avenidas importantes t\u00eam sido fechadas, rotineiramente de algumas d\u00e9cadas para c\u00e1, impedindo o tr\u00e1fego de carros aos domingos. Agora, dispositivos de micro-mobilidade, como patinetes, est\u00e3o sendo implementados por companhias privadas dentro da regulamenta\u00e7\u00e3o urbana. Hoje, em mais uma gera\u00e7\u00e3o de jogadas de marketing, o prefeito <\/span><a href=\"http:\/\/bit.ly\/2K5o9oo\" target=\"_blank\" rel=\"noopener noreferrer\"><span style=\"font-weight: 400;\">Marcelo Crivella<\/span><\/a> <a href=\"https:\/\/bit.ly\/2EQF11a\" target=\"_blank\" rel=\"noopener noreferrer\"><span style=\"font-weight: 400;\">prometeu<\/span><\/a><span style=\"font-weight: 400;\"> a entrega de &#8220;ruas livres de combust\u00edveis f\u00f3sseis&#8221;, oferecendo \u00f4nibus totalmente el\u00e9tricos at\u00e9 2050, al\u00e9m de outras medidas de controle do tr\u00e2nsito. Assim como outras promessas de seu primeiro mandato, que agora est\u00e1 quase acabando, pouco foi feito, passando a responsabilidade mais uma vez ao pr\u00f3ximo governo.<\/span><\/p>\n<p><a href=\"https:\/\/rioonwatch.org.br\/wp-content\/uploads\/2020\/07\/surico2.png\"><img decoding=\"async\" class=\"aligncenter size-medium wp-image-49368\" src=\"https:\/\/rioonwatch.org.br\/wp-content\/uploads\/2020\/07\/surico2-620x413.png\" alt=\"\" width=\"620\" height=\"413\" srcset=\"https:\/\/rioonwatch.org.br\/wp-content\/uploads\/2020\/07\/surico2-620x413.png 620w, https:\/\/rioonwatch.org.br\/wp-content\/uploads\/2020\/07\/surico2-944x629.png 944w, https:\/\/rioonwatch.org.br\/wp-content\/uploads\/2020\/07\/surico2-768x512.png 768w, https:\/\/rioonwatch.org.br\/wp-content\/uploads\/2020\/07\/surico2-1024x683.png 1024w, https:\/\/rioonwatch.org.br\/wp-content\/uploads\/2020\/07\/surico2.png 1920w\" sizes=\"(max-width: 620px) 100vw, 620px\" \/><\/a><\/p>\n<p>Enquanto as emiss\u00f5es do transporte de maneira geral diminu\u00edram de 8.7 milh\u00f5es de toneladas em 2012 para 7.3 milh\u00f5es em 2017, isso pode ter se dado, em primeira inst\u00e2ncia, por causa da recess\u00e3o econ\u00f4mica. Al\u00e9m do mais, a prefeitura <a href=\"https:\/\/bit.ly\/30leYH1\" target=\"_blank\" rel=\"noopener noreferrer\"><span style=\"font-weight: 400;\">disse<\/span><\/a><span style=\"font-weight: 400;\"> que o &#8220;crescimento das frotas de carros individuais&#8221; foi um fator chave no pico do total de energia gasta, sem nenhum crescimento populacional, indo de 8.7 milh\u00f5es de toneladas em 2005 para 17.9 milh\u00f5es de toneladas em 2012. A compra de carros cresceu de 1.3 milh\u00f5es de autom\u00f3veis em 2001 para 2.2 milh\u00f5es em 2019, encorajada pela classe m\u00e9dia e pre\u00e7os relativamente baixos da gasolina, <\/span><span style=\"font-weight: 400;\">de acordo com o <\/span><span style=\"font-weight: 400;\"><a href=\"http:\/\/bit.ly\/2SNZzvk\" target=\"_blank\" rel=\"noopener noreferrer\">IBGE<\/a>. Embora ainda seja menos que 1% da quota modal, a compra de patinetes de duas rodas est\u00e1 crescendo ainda mais rapidamente, de 75.755 em 2001 para 330.000 em 2019. Uma quantidade descomunal de transportes flex movidos a etanol ajudaram a manter baixas emiss\u00f5es, mas a taxa de crescimento automobil\u00edstico ainda \u00e9 o maior obst\u00e1culo a ser enfrentado dentro dos pr\u00f3ximos 30 anos.<\/span><\/p>\n<p>O carro-chefe para gerar a mudan\u00e7a est\u00e1, novamente, sob o controle de pol\u00edticas estruturais dos deslocamentos do pr\u00f3prio Rio. Geograficamente, a cidade \u00e9 dif\u00edcil de se atravessar, estendida por entre intersec\u00e7\u00f5es montanhosas, florestas tropicais e a costa do Atl\u00e2ntico; sua imensid\u00e3o \u00e9 dividida em quatro zonas: <a href=\"http:\/\/bit.ly\/2ETpYR1\" target=\"_blank\" rel=\"noopener noreferrer\"><span style=\"font-weight: 400;\">Norte<\/span><\/a><span style=\"font-weight: 400;\">, <\/span><a href=\"http:\/\/bit.ly\/2WL6FUi\" target=\"_blank\" rel=\"noopener noreferrer\"><span style=\"font-weight: 400;\">Sul<\/span><\/a><span style=\"font-weight: 400;\">, <\/span><a href=\"http:\/\/bit.ly\/2x3k8bw\" target=\"_blank\" rel=\"noopener noreferrer\"><span style=\"font-weight: 400;\">Oeste<\/span><\/a><span style=\"font-weight: 400;\"> e <\/span><a href=\"http:\/\/bit.ly\/2x1dXEP\" target=\"_blank\" rel=\"noopener noreferrer\"><span style=\"font-weight: 400;\">Centro<\/span><\/a><span style=\"font-weight: 400;\">, a \u00faltima <\/span><a href=\"http:\/\/bit.ly\/38NfsrD\" target=\"_blank\" rel=\"noopener noreferrer\"><span style=\"font-weight: 400;\">concentrando<\/span><\/a><span style=\"font-weight: 400;\"> metade dos empregos da cidade. Diferente dos pa\u00edses industrializados, onde moradores mais ricos moram longe dos centros, os abastados do Rio se concentram na orla da Zona Sul, enquanto indiv\u00edduos de baixa-renda s\u00e3o constantemente empurrados para a periferia urbana. Essa segrega\u00e7\u00e3o significa que, todos os dias, milh\u00f5es viajam at\u00e9 o Centro, onde ficam seus empregos. H\u00e1 expectativa de que ainda mais indiv\u00edduos se movimentem no futuro, com um crescimento projetado para a <\/span><a href=\"http:\/\/bit.ly\/2kFp5ol\" target=\"_blank\" rel=\"noopener noreferrer\"><span style=\"font-weight: 400;\">Grande Rio<\/span><\/a><span style=\"font-weight: 400;\"> nos anos que seguem. Atualmente, a regi\u00e3o metropolitana do Rio tem o maior <\/span><a href=\"http:\/\/bit.ly\/32wDBzE\" target=\"_blank\" rel=\"noopener noreferrer\"><span style=\"font-weight: 400;\">tempo de deslocamento casa-trabalho<\/span><\/a><span style=\"font-weight: 400;\"> de qualquer uma das regi\u00f5es metropolitanas brasileiras.<\/span><\/p>\n<p><a href=\"https:\/\/rioonwatch.org.br\/wp-content\/uploads\/2020\/07\/Half-of-all-jobs-in-Rio-are-located-in-Centro-above-or-nearby-leading-to-long-commutes-from-the-North-and-West-Zones.-Photo-Rodrigo-Sold\u00f3n.jpg\"><img loading=\"lazy\" decoding=\"async\" class=\"aligncenter wp-image-49370 size-medium\" title=\"Metade de todos os empregos no Rio est\u00e3o localizados no Centro ou nas proximidades, levando a longos deslocamentos das Zonas Norte e Oeste. Foto: Rodrigo Sold\u00f3n\" src=\"https:\/\/rioonwatch.org.br\/wp-content\/uploads\/2020\/07\/Half-of-all-jobs-in-Rio-are-located-in-Centro-above-or-nearby-leading-to-long-commutes-from-the-North-and-West-Zones.-Photo-Rodrigo-Sold\u00f3n-620x465.jpg\" alt=\"\" width=\"620\" height=\"465\" srcset=\"https:\/\/rioonwatch.org.br\/wp-content\/uploads\/2020\/07\/Half-of-all-jobs-in-Rio-are-located-in-Centro-above-or-nearby-leading-to-long-commutes-from-the-North-and-West-Zones.-Photo-Rodrigo-Sold\u00f3n-620x465.jpg 620w, https:\/\/rioonwatch.org.br\/wp-content\/uploads\/2020\/07\/Half-of-all-jobs-in-Rio-are-located-in-Centro-above-or-nearby-leading-to-long-commutes-from-the-North-and-West-Zones.-Photo-Rodrigo-Sold\u00f3n-352x264.jpg 352w, https:\/\/rioonwatch.org.br\/wp-content\/uploads\/2020\/07\/Half-of-all-jobs-in-Rio-are-located-in-Centro-above-or-nearby-leading-to-long-commutes-from-the-North-and-West-Zones.-Photo-Rodrigo-Sold\u00f3n-768x576.jpg 768w, https:\/\/rioonwatch.org.br\/wp-content\/uploads\/2020\/07\/Half-of-all-jobs-in-Rio-are-located-in-Centro-above-or-nearby-leading-to-long-commutes-from-the-North-and-West-Zones.-Photo-Rodrigo-Sold\u00f3n-174x131.jpg 174w, https:\/\/rioonwatch.org.br\/wp-content\/uploads\/2020\/07\/Half-of-all-jobs-in-Rio-are-located-in-Centro-above-or-nearby-leading-to-long-commutes-from-the-North-and-West-Zones.-Photo-Rodrigo-Sold\u00f3n-300x225.jpg 300w, https:\/\/rioonwatch.org.br\/wp-content\/uploads\/2020\/07\/Half-of-all-jobs-in-Rio-are-located-in-Centro-above-or-nearby-leading-to-long-commutes-from-the-North-and-West-Zones.-Photo-Rodrigo-Sold\u00f3n-70x53.jpg 70w, https:\/\/rioonwatch.org.br\/wp-content\/uploads\/2020\/07\/Half-of-all-jobs-in-Rio-are-located-in-Centro-above-or-nearby-leading-to-long-commutes-from-the-North-and-West-Zones.-Photo-Rodrigo-Sold\u00f3n.jpg 1024w\" sizes=\"(max-width: 620px) 100vw, 620px\" \/><\/a><\/p>\n<p>Assumindo que n\u00e3o hajam interven\u00e7\u00f5es, o quadro &#8220;Rio Insustent\u00e1vel 2050&#8221; projeta que as emiss\u00f5es permane\u00e7am por volta de 7.000 Gg de CO2e at\u00e9 2030. Se a quota modal dos ve\u00edculos ficar por volta de 25% e 1 milh\u00e3o de pessoas forem morar na regi\u00e3o, os 250.000 novos carros e motos trafegando, assim como o j\u00e1 presente transporte a\u00e9reo, v\u00e3o oscilar a efici\u00eancia do combust\u00edvel de 35% para 40% e 20%, respectivamente. Manter os investimentos atuais do transporte, assim como provado anteriormente, n\u00e3o trar\u00e1 um impacto substancial. A j\u00e1 crescente venda de autom\u00f3veis na Grande Rio subir\u00e1 ainda mais em 2050, por\u00e9m, novas tecnologias poder\u00e3o manter o limite de emiss\u00f5es dentro da casa dos 5.000-6.000 Gg. N\u00e3o obstante, &#8220;os neg\u00f3cios como de costume&#8221; continuar\u00e3o.<\/p>\n<h3><b>O Caminho \u00e0 Sustentabilidade<\/b><\/h3>\n<p>Aqui est\u00e1 o quadro &#8220;Rio Sustent\u00e1vel 2050&#8221;. Reiterando, o transporte carioca em 2020 comp\u00f5e 35,9% do total de emiss\u00f5es (7.317Gg), com uma quota modal de 47,3% dos usu\u00e1rios de transporte p\u00fablico, incluindo \u00f4nibus, metr\u00f4, trem e VLT; a p\u00e9 s\u00e3o 27,24%; carros, 22,74%; e bicicletas, 1%. Para atingir um n\u00edvel sustent\u00e1vel, at\u00e9 2050, o transporte carioca precisa equivaler a apenas 0-5% do total de emiss\u00f5es da cidade (1.000 Gg ou abaixo; de acordo com o padr\u00e3o PIAC). Para atingi-lo, precisamos chegar a uma quota modal de usu\u00e1rios do transporte p\u00fablico que seja 60%; a p\u00e9, 30%, bicicletas; e carros, 5%. Enquanto isso, caminhando para atingir a meta, at\u00e9 2040, o transporte deve compor 15% das emiss\u00f5es totais, com o transporte p\u00fablico em 57%; a p\u00e9, 29%; carros, 10%; bicicletas, 4%. E at\u00e9 2030, o transporte deve ser respons\u00e1vel por 25% das emiss\u00f5es, sendo o transporte p\u00fablico em 55%, a p\u00e9, 28%; carros, 15% e bicicletas, 3%.<\/p>\n<p>Esta progress\u00e3o traria um transporte futuramente baixo em carbono at\u00e9 2050. Ent\u00e3o como que isso poderia acontecer?<\/p>\n<p>Em n\u00edvel nacional: investindo em energias renov\u00e1veis, criando uma malha intermetropolitana de trens, instalando redes de transporte de cargas ecoeficientes, e tamb\u00e9m deliberando um imposto sob o combust\u00edvel a\u00e9reo, que deve ser aplicado para diminuir as emiss\u00f5es do transporte tanto dom\u00e9stico quanto internacional. O Rio j\u00e1 tem um n\u00famero de estrat\u00e9gias eficazes e dispon\u00edveis para emplacar quotas modais n\u00e3o-veiculares entre seu pr\u00f3prio per\u00edmetro. Trocando o sistema BRT pelo f\u00e9rreo e melhorando os servi\u00e7os de \u00f4nibus poderia ajudar a diminuir o tempo de deslocamento dos transeuntes. Expandir o sistema BRT tamb\u00e9m seria \u00fatil. Mas os idealizadores n\u00e3o podem repetir <a href=\"https:\/\/bit.ly\/33h4qu6\" target=\"_blank\" rel=\"noopener noreferrer\"><span style=\"font-weight: 400;\">os mesmos erros<\/span><\/a><span style=\"font-weight: 400;\"> cometidos nos preparativos das Olimp\u00edadas em 2016, quando o sistema BRT foi encaminhado na Zona Oeste de tal jeito que deixou uma marca terr\u00edvel de pessoas removidas de suas casas. Essas fam\u00edlias foram deslocadas para moradias mais longes, e n\u00e3o perto, dos seus locais de emprego (gerando um maior tempo de espera no tr\u00e2nsito). Ao contr\u00e1rio, o BRT seria mais efetivo na populosa Zona Norte, onde as jornadas <\/span><a href=\"http:\/\/bit.ly\/32wDBzE\" target=\"_blank\" rel=\"noopener noreferrer\"><span style=\"font-weight: 400;\">chegam at\u00e9 tr\u00eas horas<\/span><\/a><span style=\"font-weight: 400;\"> devido \u00e0 lota\u00e7\u00e3o das ruas.<\/span><\/p>\n<p>Uma infraestrutura de ciclismo robusta e cont\u00ednua, contando com uma malha de faixas e bicicletas de aluguel, poderia ser distribu\u00edda tamb\u00e9m pela Zona Norte, ajudando a conectar os transeuntes com uma rede segura e extensa, incluindo solu\u00e7\u00f5es baratas de pequenos circuitos. Outros esfor\u00e7os poderiam incluir a expans\u00e3o das cal\u00e7adas, fazendo das ruas um lugar mais seguro para se andar a p\u00e9. Linhas adicionais de trem, trem el\u00e9trico e metr\u00f4 tamb\u00e9m devem ser desenvolvidas, com uma integra\u00e7\u00e3o mais direta e eficiente entre diferentes sistemas, algo fundamental. A prefeitura poderia at\u00e9 considerar uma (m\u00ednima) taxa para adentrar as zonas Sul e Centro, mas somente se amplas melhorias no transporte forem conquistadas; caso n\u00e3o, cobrar dos propriet\u00e1rios de carros, logo, poderia gradualmente solucionar os problemas de desigualdade j\u00e1 mencionados acima. Supondo que as ruas sejam seguras o bastante, uma investida da prefeitura que visasse emitir mais patinetes de baixa ou zero emiss\u00e3o\u2013uma escolha ideal de deslocamento\u2013poderia rebater esse crescimento j\u00e1 esperado.<\/p>\n<p>O crescimento de compras automobil\u00edsticas, entretanto, n\u00e3o pode ser abordado sem se mencionar os prop\u00f3sitos, destinos e modalidades dispon\u00edveis das viagens sendo realizadas no momento. As viagens cotidianas mais longas, como j\u00e1 visto, s\u00e3o as percorridas de carro, chegando a 22,1km. Um pr\u00e9-requisito da &#8220;Rio Sustent\u00e1vel 2050&#8221; \u00e9 reduzir as viagens estruturais em 50% ou abaixo at\u00e9 2050. Uma das \u00e1reas que requerem encaminhamentos \u00e9 o emprego: <a href=\"http:\/\/bit.ly\/38NfsrD\"><span style=\"font-weight: 400;\">pesquisadores j\u00e1 revelaram<\/span><\/a><span style=\"font-weight: 400;\"> que existem disparidades significativas nos empregos formais e informais quanto aos seus trajetos. No Rio, 55% dos moradores s\u00e3o informais, ou seja, ou trabalham sem documenta\u00e7\u00e3o, ou s\u00e3o auto-empregados. Essa popula\u00e7\u00e3o provavelmente mora mais perto do trabalho e n\u00e3o dirige, sendo que sua dist\u00e2ncia casa-trabalho \u00e9 de 6,4km; logo, 23,2% dela anda a p\u00e9. Enquanto isso, trabalhadores formais viajam uma dist\u00e2ncia de 10,6km, com apenas 16% de suas viagens sendo feitas a p\u00e9. Considerando a dificuldade das adversidades econ\u00f4micas, inst\u00e2ncias que ajudam a manter o trabalho informal\u2013por exemplo, incentivos para trabalhar pr\u00f3ximo de casa; est\u00edmulos de promo\u00e7\u00e3o ao auto-empreendedorismo\u2013devem ser implementadas.<\/span><\/p>\n<p>Como mostrado, no entanto, nos lugares em que as riquezas e oportunidades se concentram, desigualdades espaciais rapidamente s\u00e3o evidenciadas. A cidade deve fazer mais do que abordar esse desequil\u00edbrio no acesso, criando n\u00facleos locais e regionais para o emprego, para as compras e o lazer dentro das Zonas Norte e Oeste, assim com foi promovido no planejamento urbano da &#8220;<a href=\"https:\/\/bit.ly\/3cMkZRS\" target=\"_blank\" rel=\"noopener noreferrer\"><span style=\"font-weight: 400;\">Cidade de 15 Minutos<\/span><\/a><span style=\"font-weight: 400;\">&#8220;, uma <a href=\"https:\/\/on.ft.com\/2E5d9pk\" target=\"_blank\" rel=\"noopener noreferrer\">\u00faltima tend\u00eancia no planejamento urbano mundial<\/a>. Os moradores n\u00e3o devem viajar tr\u00eas horas para serem bem pagos no trabalho; <\/span><a href=\"http:\/\/bit.ly\/32wDBzE\"><span style=\"font-weight: 400;\">50%<\/span><\/a><span style=\"font-weight: 400;\"> das viagens de transporte p\u00fablico n\u00e3o devem ser somente destinadas a servi\u00e7os da educa\u00e7\u00e3o ou da sa\u00fade. Uma infraestrutura legitimamente comunit\u00e1ria, oferecendo <\/span><a href=\"https:\/\/bit.ly\/2WpfG32\" target=\"_blank\" rel=\"noopener noreferrer\"><span style=\"font-weight: 400;\">parques<\/span><\/a> <span style=\"font-weight: 400;\">e <\/span><a href=\"http:\/\/bit.ly\/1bHWcLD\" target=\"_blank\" rel=\"noopener noreferrer\"><span style=\"font-weight: 400;\">programas culturais<\/span><\/a><span style=\"font-weight: 400;\">, por exemplo, deve ser amplamente disseminada, e n\u00e3o s\u00f3 adquir\u00edvel aos estratos superiores ou a quem se desloca intensamente. Precisar de um carro para acessar os recursos mais b\u00e1sicos n\u00e3o deve ser a norma. Assim, o uso do carro deve ser minimizado a todo custo.<\/span><\/p>\n<p><a href=\"https:\/\/rioonwatch.org.br\/wp-content\/uploads\/2020\/07\/With-hyper-local-services-favelas-like-Rocinha-above-have-much-lower-rates-of-car-usage-and-travel-than-the-rest-of-Rio.-Photo-Krishna-Naudin-Wikimedia-Commons.png\"><img loading=\"lazy\" decoding=\"async\" class=\"aligncenter wp-image-49371 size-medium\" title=\" 156\/5000 Com servi\u00e7os hiperlocais, favelas como a Rocinha t\u00eam taxas muito mais baixas de uso de carro e viagens do que o resto do Rio. Foto: Krishna Naudin, Wikimedia Commons\" src=\"https:\/\/rioonwatch.org.br\/wp-content\/uploads\/2020\/07\/With-hyper-local-services-favelas-like-Rocinha-above-have-much-lower-rates-of-car-usage-and-travel-than-the-rest-of-Rio.-Photo-Krishna-Naudin-Wikimedia-Commons-620x464.png\" alt=\"\" width=\"620\" height=\"464\" srcset=\"https:\/\/rioonwatch.org.br\/wp-content\/uploads\/2020\/07\/With-hyper-local-services-favelas-like-Rocinha-above-have-much-lower-rates-of-car-usage-and-travel-than-the-rest-of-Rio.-Photo-Krishna-Naudin-Wikimedia-Commons-620x464.png 620w, https:\/\/rioonwatch.org.br\/wp-content\/uploads\/2020\/07\/With-hyper-local-services-favelas-like-Rocinha-above-have-much-lower-rates-of-car-usage-and-travel-than-the-rest-of-Rio.-Photo-Krishna-Naudin-Wikimedia-Commons-352x264.png 352w, https:\/\/rioonwatch.org.br\/wp-content\/uploads\/2020\/07\/With-hyper-local-services-favelas-like-Rocinha-above-have-much-lower-rates-of-car-usage-and-travel-than-the-rest-of-Rio.-Photo-Krishna-Naudin-Wikimedia-Commons-768x575.png 768w, https:\/\/rioonwatch.org.br\/wp-content\/uploads\/2020\/07\/With-hyper-local-services-favelas-like-Rocinha-above-have-much-lower-rates-of-car-usage-and-travel-than-the-rest-of-Rio.-Photo-Krishna-Naudin-Wikimedia-Commons-174x131.png 174w, https:\/\/rioonwatch.org.br\/wp-content\/uploads\/2020\/07\/With-hyper-local-services-favelas-like-Rocinha-above-have-much-lower-rates-of-car-usage-and-travel-than-the-rest-of-Rio.-Photo-Krishna-Naudin-Wikimedia-Commons-300x225.png 300w, https:\/\/rioonwatch.org.br\/wp-content\/uploads\/2020\/07\/With-hyper-local-services-favelas-like-Rocinha-above-have-much-lower-rates-of-car-usage-and-travel-than-the-rest-of-Rio.-Photo-Krishna-Naudin-Wikimedia-Commons-70x53.png 70w, https:\/\/rioonwatch.org.br\/wp-content\/uploads\/2020\/07\/With-hyper-local-services-favelas-like-Rocinha-above-have-much-lower-rates-of-car-usage-and-travel-than-the-rest-of-Rio.-Photo-Krishna-Naudin-Wikimedia-Commons.png 1024w\" sizes=\"(max-width: 620px) 100vw, 620px\" \/><\/a><\/p>\n<p>As favelas do Rio constituem um estudo de caso: nelas, os moradores viajam bem mais por meios n\u00e3o motorizados que o resto da cidade, de acordo com <a href=\"http:\/\/bit.ly\/37OQwP8\" target=\"_blank\" rel=\"noopener noreferrer\"><span style=\"font-weight: 400;\">um relat\u00f3rio do Lincoln Institute de Pol\u00edtica da Terra<\/span><\/a><span style=\"font-weight: 400;\">. A maioria das viagens dentro das comunidades s\u00e3o a lazer, para compras e trabalho, e somente 3% das ditas viagens s\u00e3o feitas de carro; quando os moradores saem da favela, 50% das viagens s\u00e3o a trabalho. Reconhecer que esses bairros <\/span><a href=\"http:\/\/bit.ly\/2XvC2zf\" target=\"_blank\" rel=\"noopener noreferrer\"><span style=\"font-weight: 400;\">foram historicamente marginalizados<\/span><\/a><span style=\"font-weight: 400;\">, e que as ladeiras \u00edngremes de algumas favelas desencorajam o uso de carro generalizado, traz \u00e0 tona uma temporalidade de servi\u00e7os hiper-locais que vale a pena ser mencionada aqui.<\/span><\/p>\n<p>Um futuro sustent\u00e1vel para o Rio <a href=\"http:\/\/www.catcomm.org\/sdg\"><span style=\"font-weight: 400;\">s\u00f3 pode ser apoiado por uma reformula\u00e7\u00e3o dram\u00e1tica<\/span><\/a><span style=\"font-weight: 400;\"> da forma com que a cidade funciona para seus moradores, e da forma com que a cidade foi constru\u00edda antes de todos esses desdobramentos. Reconhecendo tend\u00eancias nas quotas modais e emiss\u00f5es, essa mat\u00e9ria busca desvendar as metas necess\u00e1rias de um futuro carbono zero nos transportes at\u00e9 2050\u2013assim como entender a realidade que resultar\u00e1 de uma perspectiva passiva, caso n\u00e3o nos preocupemos com a agrava\u00e7\u00e3o das condi\u00e7\u00f5es in\u00f3spitas\u2013utilizando a estrat\u00e9gia <em>backcasting<\/em> como ponto de partida para a an\u00e1lise de cen\u00e1rios. O futuro, entretanto, n\u00e3o \u00e9 um caso perdido: a mobilidade do Rio tem avan\u00e7ado, e quotas modais t\u00eam continuado abaixo em rela\u00e7\u00e3o a v\u00e1rias outras cidades desenvolvidas. <\/span>Mas as &#8220;promessas&#8221; est\u00e3o amea\u00e7adas pelo aumento das vendas de carros, crescimento populacional e planejamento de transporte desordenado, o que impedir\u00e1 o progresso, a menos que as desigualdades espaciais sejam abordadas e um planejamento de transporte abrangente seja realizado.<\/p>\n<p>O Rio, assim como qualquer megacidade, \u00e9 \u00fanico, mas in\u00fameras caracter\u00edsticas aplic\u00e1veis a contextos de desenvolvimento rompem com as t\u00edpicas suposi\u00e7\u00f5es a respeito do funcionamento do transporte. Os idealizadores devem reconhecer especificidades da \u00e1rea em quest\u00e3o; as ideias importadas da \u00c1sia ou Europa falham frequentemente, ou at\u00e9 mesmo trazem tens\u00f5es j\u00e1 existentes de volta. Nas palavras de Vasconcellos, as pol\u00edticas de um transporte carbono zero devem ter tanto uma consci\u00eancia ambiental quanto equitativa, proporcionando um futuro ecossustent\u00e1vel ao Rio.<\/p>\n<p>O mundo em quarentena oferece um breve vislumbre de como isso poderia ser, embora sob pretextos tr\u00e1gicos. Agora vem a parte dif\u00edcil.<\/p>\n<p><em>John Surico \u00e9 jornalista e pesquisador. Seu trabalho pode ser encontrado no The New York Times, CityLab, VICE, entre outros. Ele atualmente est\u00e1 estudando para obter seu Mestrado em Planejamento Urbano e Transporte pela University College London.<\/em><\/p>\n<hr \/>\n<h4><strong>Apoie nossos esfor\u00e7os para fornecer assist\u00eancia estrat\u00e9gica \u00e0s favelas do Rio durante a pandemia da Covid-19, incluindo o jornalismo hiperlocal, cr\u00edtico, inovador e incans\u00e1vel do\u00a0<em>RioOnWatch<\/em><\/strong>\u2014<a href=\"http:\/\/bit.ly\/CatalisandoComunidades\">doe aqui<\/a>.<\/h4>\n<!-- AddThis Advanced Settings generic via filter on the_content --><!-- AddThis Share Buttons generic via filter on the_content -->","protected":false},"excerpt":{"rendered":"<div class=\"mh-excerpt\"><p>Click Here for English A pandemia da Covid-19 revelou uma s\u00e9rie de acertos de contas a serem feitas dentro dos espa\u00e7os urbanos, evidenciando o modo como interagimos com eles. Um dos mais not\u00e1veis \u00e9 nossa <a class=\"mh-excerpt-more\" href=\"https:\/\/rioonwatch.org.br\/?p=49367\" title=\"&#8216;Rio Sustent\u00e1vel 2050&#8217;: Um Caminho Poss\u00edvel a Emiss\u00f5es de Carbono Zero no Transporte at\u00e9 2050\">[&#8230;]<\/a><!-- AddThis Advanced Settings generic via filter on get_the_excerpt --><!-- AddThis Share Buttons generic via filter on get_the_excerpt --><\/p>\n<\/div>","protected":false},"author":165,"featured_media":49368,"comment_status":"closed","ping_status":"closed","sticky":false,"template":"","format":"standard","meta":{"_acf_changed":false,"_monsterinsights_skip_tracking":false,"_monsterinsights_sitenote_active":false,"_monsterinsights_sitenote_note":"","_monsterinsights_sitenote_category":0,"footnotes":""},"categories":[1621,1632,1631,1626,342,1639,1726],"tags":[497,259,413,484,1372,1982,616,673,581,2072,2865,764,370,1153,1724,218,184,383],"writer":[2912],"translator":[2713],"source":[],"ilustrador":[],"fotografo":[],"class_list":{"0":"post-49367","1":"post","2":"type-post","3":"status-publish","4":"format-standard","5":"has-post-thumbnail","7":"category-destaque","8":"category-pesquisa-e-analise","9":"category-entendendo-o-rio","10":"category-por-observadores-internacionais","11":"category-solucoes","12":"category-sustentabilidade","13":"category-transporte","14":"tag-brt","15":"tag-centro","16":"tag-desigualdade","17":"tag-prefeito-eduardo-paes","18":"tag-grande-rio","19":"tag-marcelo-crivella","20":"tag-metro","21":"tag-onibus","22":"tag-poluicao","23":"tag-qualidades-da-informalidade","24":"tag-regiao-metropolitana","25":"tag-transporte","26":"tag-transporte-publico","27":"tag-uso-de-bicicleta","28":"tag-vlt","29":"tag-zona-norte","30":"tag-zona-oeste","31":"tag-zona-sul","32":"writer-john-surico","33":"translator-sofia-kawall"},"acf":[],"yoast_head":"<!-- This site is optimized with the Yoast SEO plugin v25.6 - https:\/\/yoast.com\/wordpress\/plugins\/seo\/ -->\n<title>&#039;Rio Sustent\u00e1vel 2050&#039;: Um Caminho Poss\u00edvel a Emiss\u00f5es de Carbono Zero no Transporte at\u00e9 2050 - RioOnWatch<\/title>\n<meta name=\"robots\" content=\"index, follow, max-snippet:-1, max-image-preview:large, max-video-preview:-1\" \/>\n<link rel=\"canonical\" href=\"https:\/\/rioonwatch.org.br\/?p=49367\" \/>\n<meta property=\"og:locale\" content=\"pt_BR\" \/>\n<meta property=\"og:type\" content=\"article\" \/>\n<meta property=\"og:title\" content=\"&#039;Rio Sustent\u00e1vel 2050&#039;: Um Caminho Poss\u00edvel a Emiss\u00f5es de Carbono Zero no Transporte at\u00e9 2050 - RioOnWatch\" \/>\n<meta property=\"og:description\" content=\"Click Here for English A pandemia da Covid-19 revelou uma s\u00e9rie de acertos de contas a serem feitas dentro dos espa\u00e7os urbanos, evidenciando o modo como interagimos com eles. Um dos mais not\u00e1veis \u00e9 nossa [...]\" \/>\n<meta property=\"og:url\" content=\"https:\/\/rioonwatch.org.br\/?p=49367\" \/>\n<meta property=\"og:site_name\" content=\"RioOnWatch\" \/>\n<meta property=\"article:published_time\" content=\"2020-10-13T13:59:45+00:00\" \/>\n<meta property=\"article:modified_time\" content=\"2020-10-14T15:04:51+00:00\" \/>\n<meta property=\"og:image\" content=\"https:\/\/rioonwatch.org.br\/wp-content\/uploads\/2020\/07\/surico2-944x629.png\" \/>\n\t<meta property=\"og:image:width\" content=\"944\" \/>\n\t<meta property=\"og:image:height\" content=\"629\" \/>\n\t<meta property=\"og:image:type\" content=\"image\/png\" \/>\n<meta name=\"author\" content=\"Tatiana Lima\" \/>\n<meta name=\"twitter:card\" content=\"summary_large_image\" \/>\n<meta name=\"twitter:label1\" content=\"Escrito por\" \/>\n\t<meta name=\"twitter:data1\" content=\"Tatiana Lima\" \/>\n\t<meta name=\"twitter:label2\" content=\"Est. tempo de leitura\" \/>\n\t<meta name=\"twitter:data2\" content=\"16 minutos\" \/>\n<script type=\"application\/ld+json\" class=\"yoast-schema-graph\">{\"@context\":\"https:\/\/schema.org\",\"@graph\":[{\"@type\":\"Article\",\"@id\":\"https:\/\/rioonwatch.org.br\/?p=49367#article\",\"isPartOf\":{\"@id\":\"https:\/\/rioonwatch.org.br\/?p=49367\"},\"author\":{\"name\":\"Tatiana Lima\",\"@id\":\"https:\/\/rioonwatch.org.br\/#\/schema\/person\/8fde974ee24e219acc413d63393ec551\"},\"headline\":\"&#8216;Rio Sustent\u00e1vel 2050&#8217;: Um Caminho Poss\u00edvel a Emiss\u00f5es de Carbono Zero no Transporte at\u00e9 2050\",\"datePublished\":\"2020-10-13T13:59:45+00:00\",\"dateModified\":\"2020-10-14T15:04:51+00:00\",\"mainEntityOfPage\":{\"@id\":\"https:\/\/rioonwatch.org.br\/?p=49367\"},\"wordCount\":3245,\"publisher\":{\"@id\":\"https:\/\/rioonwatch.org.br\/#organization\"},\"image\":{\"@id\":\"https:\/\/rioonwatch.org.br\/?p=49367#primaryimage\"},\"thumbnailUrl\":\"https:\/\/rioonwatch.org.br\/wp-content\/uploads\/2020\/07\/surico2.png\",\"keywords\":[\"BRT\",\"Centro\",\"desigualdade\",\"Eduardo Paes\",\"Grande Rio\",\"Marcelo Crivella\",\"metr\u00f4\",\"\u00f4nibus\",\"polui\u00e7\u00e3o\",\"qualidades da informalidade\",\"regi\u00e3o metropolitana\",\"transporte\",\"transporte p\u00fablico\",\"uso de bicicleta\",\"VLT\",\"Zona Norte\",\"Zona Oeste\",\"Zona Sul\"],\"articleSection\":[\"*Destaque\",\"Dados e Pesquisa\",\"Entendendo o Rio\",\"Escrito por Aliados\",\"Solu\u00e7\u00f5es\",\"Sustentabilidade\",\"Transporte\"],\"inLanguage\":\"pt-BR\"},{\"@type\":\"WebPage\",\"@id\":\"https:\/\/rioonwatch.org.br\/?p=49367\",\"url\":\"https:\/\/rioonwatch.org.br\/?p=49367\",\"name\":\"'Rio Sustent\u00e1vel 2050': Um Caminho Poss\u00edvel a Emiss\u00f5es de Carbono Zero no Transporte at\u00e9 2050 - RioOnWatch\",\"isPartOf\":{\"@id\":\"https:\/\/rioonwatch.org.br\/#website\"},\"primaryImageOfPage\":{\"@id\":\"https:\/\/rioonwatch.org.br\/?p=49367#primaryimage\"},\"image\":{\"@id\":\"https:\/\/rioonwatch.org.br\/?p=49367#primaryimage\"},\"thumbnailUrl\":\"https:\/\/rioonwatch.org.br\/wp-content\/uploads\/2020\/07\/surico2.png\",\"datePublished\":\"2020-10-13T13:59:45+00:00\",\"dateModified\":\"2020-10-14T15:04:51+00:00\",\"breadcrumb\":{\"@id\":\"https:\/\/rioonwatch.org.br\/?p=49367#breadcrumb\"},\"inLanguage\":\"pt-BR\",\"potentialAction\":[{\"@type\":\"ReadAction\",\"target\":[\"https:\/\/rioonwatch.org.br\/?p=49367\"]}]},{\"@type\":\"ImageObject\",\"inLanguage\":\"pt-BR\",\"@id\":\"https:\/\/rioonwatch.org.br\/?p=49367#primaryimage\",\"url\":\"https:\/\/rioonwatch.org.br\/wp-content\/uploads\/2020\/07\/surico2.png\",\"contentUrl\":\"https:\/\/rioonwatch.org.br\/wp-content\/uploads\/2020\/07\/surico2.png\",\"width\":1920,\"height\":1280},{\"@type\":\"BreadcrumbList\",\"@id\":\"https:\/\/rioonwatch.org.br\/?p=49367#breadcrumb\",\"itemListElement\":[{\"@type\":\"ListItem\",\"position\":1,\"name\":\"In\u00edcio\",\"item\":\"https:\/\/rioonwatch.org.br\/\"},{\"@type\":\"ListItem\",\"position\":2,\"name\":\"&#8216;Rio Sustent\u00e1vel 2050&#8217;: Um Caminho Poss\u00edvel a Emiss\u00f5es de Carbono Zero no Transporte at\u00e9 2050\"}]},{\"@type\":\"WebSite\",\"@id\":\"https:\/\/rioonwatch.org.br\/#website\",\"url\":\"https:\/\/rioonwatch.org.br\/\",\"name\":\"RioOnWatch\",\"description\":\"relatos das favelas cariocas\",\"publisher\":{\"@id\":\"https:\/\/rioonwatch.org.br\/#organization\"},\"potentialAction\":[{\"@type\":\"SearchAction\",\"target\":{\"@type\":\"EntryPoint\",\"urlTemplate\":\"https:\/\/rioonwatch.org.br\/?s={search_term_string}\"},\"query-input\":{\"@type\":\"PropertyValueSpecification\",\"valueRequired\":true,\"valueName\":\"search_term_string\"}}],\"inLanguage\":\"pt-BR\"},{\"@type\":\"Organization\",\"@id\":\"https:\/\/rioonwatch.org.br\/#organization\",\"name\":\"RioOnWatch\",\"url\":\"https:\/\/rioonwatch.org.br\/\",\"logo\":{\"@type\":\"ImageObject\",\"inLanguage\":\"pt-BR\",\"@id\":\"https:\/\/rioonwatch.org.br\/#\/schema\/logo\/image\/\",\"url\":\"https:\/\/rioonwatch.org.br\/wp-content\/uploads\/2021\/06\/RioOnWatchcabecalhoPT11anos-2.png\",\"contentUrl\":\"https:\/\/rioonwatch.org.br\/wp-content\/uploads\/2021\/06\/RioOnWatchcabecalhoPT11anos-2.png\",\"width\":779,\"height\":277,\"caption\":\"RioOnWatch\"},\"image\":{\"@id\":\"https:\/\/rioonwatch.org.br\/#\/schema\/logo\/image\/\"}},{\"@type\":\"Person\",\"@id\":\"https:\/\/rioonwatch.org.br\/#\/schema\/person\/8fde974ee24e219acc413d63393ec551\",\"name\":\"Tatiana Lima\",\"image\":{\"@type\":\"ImageObject\",\"inLanguage\":\"pt-BR\",\"@id\":\"https:\/\/rioonwatch.org.br\/#\/schema\/person\/image\/\",\"url\":\"https:\/\/secure.gravatar.com\/avatar\/5fb587d000e124a9d6aae50aec42d39e?s=96&d=blank&r=g\",\"contentUrl\":\"https:\/\/secure.gravatar.com\/avatar\/5fb587d000e124a9d6aae50aec42d39e?s=96&d=blank&r=g\",\"caption\":\"Tatiana Lima\"},\"url\":\"https:\/\/rioonwatch.org.br\/?author=165\"}]}<\/script>\n<!-- \/ Yoast SEO plugin. -->","yoast_head_json":{"title":"'Rio Sustent\u00e1vel 2050': Um Caminho Poss\u00edvel a Emiss\u00f5es de Carbono Zero no Transporte at\u00e9 2050 - RioOnWatch","robots":{"index":"index","follow":"follow","max-snippet":"max-snippet:-1","max-image-preview":"max-image-preview:large","max-video-preview":"max-video-preview:-1"},"canonical":"https:\/\/rioonwatch.org.br\/?p=49367","og_locale":"pt_BR","og_type":"article","og_title":"'Rio Sustent\u00e1vel 2050': Um Caminho Poss\u00edvel a Emiss\u00f5es de Carbono Zero no Transporte at\u00e9 2050 - RioOnWatch","og_description":"Click Here for English A pandemia da Covid-19 revelou uma s\u00e9rie de acertos de contas a serem feitas dentro dos espa\u00e7os urbanos, evidenciando o modo como interagimos com eles. Um dos mais not\u00e1veis \u00e9 nossa [...]","og_url":"https:\/\/rioonwatch.org.br\/?p=49367","og_site_name":"RioOnWatch","article_published_time":"2020-10-13T13:59:45+00:00","article_modified_time":"2020-10-14T15:04:51+00:00","og_image":[{"width":944,"height":629,"url":"https:\/\/rioonwatch.org.br\/wp-content\/uploads\/2020\/07\/surico2-944x629.png","type":"image\/png"}],"author":"Tatiana Lima","twitter_card":"summary_large_image","twitter_misc":{"Escrito por":"Tatiana Lima","Est. tempo de leitura":"16 minutos"},"schema":{"@context":"https:\/\/schema.org","@graph":[{"@type":"Article","@id":"https:\/\/rioonwatch.org.br\/?p=49367#article","isPartOf":{"@id":"https:\/\/rioonwatch.org.br\/?p=49367"},"author":{"name":"Tatiana Lima","@id":"https:\/\/rioonwatch.org.br\/#\/schema\/person\/8fde974ee24e219acc413d63393ec551"},"headline":"&#8216;Rio Sustent\u00e1vel 2050&#8217;: Um Caminho Poss\u00edvel a Emiss\u00f5es de Carbono Zero no Transporte at\u00e9 2050","datePublished":"2020-10-13T13:59:45+00:00","dateModified":"2020-10-14T15:04:51+00:00","mainEntityOfPage":{"@id":"https:\/\/rioonwatch.org.br\/?p=49367"},"wordCount":3245,"publisher":{"@id":"https:\/\/rioonwatch.org.br\/#organization"},"image":{"@id":"https:\/\/rioonwatch.org.br\/?p=49367#primaryimage"},"thumbnailUrl":"https:\/\/rioonwatch.org.br\/wp-content\/uploads\/2020\/07\/surico2.png","keywords":["BRT","Centro","desigualdade","Eduardo Paes","Grande Rio","Marcelo Crivella","metr\u00f4","\u00f4nibus","polui\u00e7\u00e3o","qualidades da informalidade","regi\u00e3o metropolitana","transporte","transporte p\u00fablico","uso de bicicleta","VLT","Zona Norte","Zona Oeste","Zona Sul"],"articleSection":["*Destaque","Dados e Pesquisa","Entendendo o Rio","Escrito por Aliados","Solu\u00e7\u00f5es","Sustentabilidade","Transporte"],"inLanguage":"pt-BR"},{"@type":"WebPage","@id":"https:\/\/rioonwatch.org.br\/?p=49367","url":"https:\/\/rioonwatch.org.br\/?p=49367","name":"'Rio Sustent\u00e1vel 2050': Um Caminho Poss\u00edvel a Emiss\u00f5es de Carbono Zero no Transporte at\u00e9 2050 - RioOnWatch","isPartOf":{"@id":"https:\/\/rioonwatch.org.br\/#website"},"primaryImageOfPage":{"@id":"https:\/\/rioonwatch.org.br\/?p=49367#primaryimage"},"image":{"@id":"https:\/\/rioonwatch.org.br\/?p=49367#primaryimage"},"thumbnailUrl":"https:\/\/rioonwatch.org.br\/wp-content\/uploads\/2020\/07\/surico2.png","datePublished":"2020-10-13T13:59:45+00:00","dateModified":"2020-10-14T15:04:51+00:00","breadcrumb":{"@id":"https:\/\/rioonwatch.org.br\/?p=49367#breadcrumb"},"inLanguage":"pt-BR","potentialAction":[{"@type":"ReadAction","target":["https:\/\/rioonwatch.org.br\/?p=49367"]}]},{"@type":"ImageObject","inLanguage":"pt-BR","@id":"https:\/\/rioonwatch.org.br\/?p=49367#primaryimage","url":"https:\/\/rioonwatch.org.br\/wp-content\/uploads\/2020\/07\/surico2.png","contentUrl":"https:\/\/rioonwatch.org.br\/wp-content\/uploads\/2020\/07\/surico2.png","width":1920,"height":1280},{"@type":"BreadcrumbList","@id":"https:\/\/rioonwatch.org.br\/?p=49367#breadcrumb","itemListElement":[{"@type":"ListItem","position":1,"name":"In\u00edcio","item":"https:\/\/rioonwatch.org.br\/"},{"@type":"ListItem","position":2,"name":"&#8216;Rio Sustent\u00e1vel 2050&#8217;: Um Caminho Poss\u00edvel a Emiss\u00f5es de Carbono Zero no Transporte at\u00e9 2050"}]},{"@type":"WebSite","@id":"https:\/\/rioonwatch.org.br\/#website","url":"https:\/\/rioonwatch.org.br\/","name":"RioOnWatch","description":"relatos das favelas cariocas","publisher":{"@id":"https:\/\/rioonwatch.org.br\/#organization"},"potentialAction":[{"@type":"SearchAction","target":{"@type":"EntryPoint","urlTemplate":"https:\/\/rioonwatch.org.br\/?s={search_term_string}"},"query-input":{"@type":"PropertyValueSpecification","valueRequired":true,"valueName":"search_term_string"}}],"inLanguage":"pt-BR"},{"@type":"Organization","@id":"https:\/\/rioonwatch.org.br\/#organization","name":"RioOnWatch","url":"https:\/\/rioonwatch.org.br\/","logo":{"@type":"ImageObject","inLanguage":"pt-BR","@id":"https:\/\/rioonwatch.org.br\/#\/schema\/logo\/image\/","url":"https:\/\/rioonwatch.org.br\/wp-content\/uploads\/2021\/06\/RioOnWatchcabecalhoPT11anos-2.png","contentUrl":"https:\/\/rioonwatch.org.br\/wp-content\/uploads\/2021\/06\/RioOnWatchcabecalhoPT11anos-2.png","width":779,"height":277,"caption":"RioOnWatch"},"image":{"@id":"https:\/\/rioonwatch.org.br\/#\/schema\/logo\/image\/"}},{"@type":"Person","@id":"https:\/\/rioonwatch.org.br\/#\/schema\/person\/8fde974ee24e219acc413d63393ec551","name":"Tatiana Lima","image":{"@type":"ImageObject","inLanguage":"pt-BR","@id":"https:\/\/rioonwatch.org.br\/#\/schema\/person\/image\/","url":"https:\/\/secure.gravatar.com\/avatar\/5fb587d000e124a9d6aae50aec42d39e?s=96&d=blank&r=g","contentUrl":"https:\/\/secure.gravatar.com\/avatar\/5fb587d000e124a9d6aae50aec42d39e?s=96&d=blank&r=g","caption":"Tatiana Lima"},"url":"https:\/\/rioonwatch.org.br\/?author=165"}]}},"_links":{"self":[{"href":"https:\/\/rioonwatch.org.br\/index.php?rest_route=\/wp\/v2\/posts\/49367"}],"collection":[{"href":"https:\/\/rioonwatch.org.br\/index.php?rest_route=\/wp\/v2\/posts"}],"about":[{"href":"https:\/\/rioonwatch.org.br\/index.php?rest_route=\/wp\/v2\/types\/post"}],"author":[{"embeddable":true,"href":"https:\/\/rioonwatch.org.br\/index.php?rest_route=\/wp\/v2\/users\/165"}],"replies":[{"embeddable":true,"href":"https:\/\/rioonwatch.org.br\/index.php?rest_route=%2Fwp%2Fv2%2Fcomments&post=49367"}],"version-history":[{"count":23,"href":"https:\/\/rioonwatch.org.br\/index.php?rest_route=\/wp\/v2\/posts\/49367\/revisions"}],"predecessor-version":[{"id":50871,"href":"https:\/\/rioonwatch.org.br\/index.php?rest_route=\/wp\/v2\/posts\/49367\/revisions\/50871"}],"wp:featuredmedia":[{"embeddable":true,"href":"https:\/\/rioonwatch.org.br\/index.php?rest_route=\/wp\/v2\/media\/49368"}],"wp:attachment":[{"href":"https:\/\/rioonwatch.org.br\/index.php?rest_route=%2Fwp%2Fv2%2Fmedia&parent=49367"}],"wp:term":[{"taxonomy":"category","embeddable":true,"href":"https:\/\/rioonwatch.org.br\/index.php?rest_route=%2Fwp%2Fv2%2Fcategories&post=49367"},{"taxonomy":"post_tag","embeddable":true,"href":"https:\/\/rioonwatch.org.br\/index.php?rest_route=%2Fwp%2Fv2%2Ftags&post=49367"},{"taxonomy":"writer","embeddable":true,"href":"https:\/\/rioonwatch.org.br\/index.php?rest_route=%2Fwp%2Fv2%2Fwriter&post=49367"},{"taxonomy":"translator","embeddable":true,"href":"https:\/\/rioonwatch.org.br\/index.php?rest_route=%2Fwp%2Fv2%2Ftranslator&post=49367"},{"taxonomy":"source","embeddable":true,"href":"https:\/\/rioonwatch.org.br\/index.php?rest_route=%2Fwp%2Fv2%2Fsource&post=49367"},{"taxonomy":"ilustrador","embeddable":true,"href":"https:\/\/rioonwatch.org.br\/index.php?rest_route=%2Fwp%2Fv2%2Filustrador&post=49367"},{"taxonomy":"fotografo","embeddable":true,"href":"https:\/\/rioonwatch.org.br\/index.php?rest_route=%2Fwp%2Fv2%2Ffotografo&post=49367"}],"curies":[{"name":"wp","href":"https:\/\/api.w.org\/{rel}","templated":true}]}}