{"id":49655,"date":"2020-08-11T16:41:27","date_gmt":"2020-08-11T19:41:27","guid":{"rendered":"https:\/\/rioonwatch.org.br\/?p=49655"},"modified":"2020-08-12T21:45:18","modified_gmt":"2020-08-13T00:45:18","slug":"painel-unificador-das-favelas-realizara-segunda-coletiva-nesta-quinta-13-08","status":"publish","type":"post","link":"https:\/\/rioonwatch.org.br\/?p=49655","title":{"rendered":"Por Tr\u00e1s dos N\u00fameros do Coronav\u00edrus nas Favelas: Painel Unificador Realizar\u00e1 2a Coletiva"},"content":{"rendered":"<p style=\"text-align: right;\"><em><strong><a href=\"https:\/\/bit.ly\/3fQ9d95\" target=\"_blank\" rel=\"noopener noreferrer\">Click Here for English<\/a><a href=\"https:\/\/bit.ly\/2BtISPV\" target=\"_blank\" rel=\"noopener noreferrer\"><img decoding=\"async\" class=\"alignright wp-image-15790\" src=\"https:\/\/rioonwatch.org.br\/wp-content\/uploads\/2012\/08\/EN-standard-e1439583104716.jpg\" alt=\"\" width=\"20\" height=\"20\" \/><\/a><\/strong><\/em><\/p>\n<p><i><a href=\"https:\/\/bit.ly\/37nLHOc\" target=\"_blank\" rel=\"noopener noreferrer\">Painel Unificador Covid-19 nas Favelas<\/a>, iniciativa que re\u00fane coletivos perif\u00e9ricos e sociedade civil, realiza segunda coletiva de imprensa nesta quinta-feira, 13 de agosto, \u00e0s 14h.<\/i><\/p>\n<p>11 de agosto de 2020\u2014Nos mais de 150 dias corridos desde a chegada da Covid-19 no Brasil, a doen\u00e7a matou mais de <a href=\"https:\/\/glo.bo\/33PWvog\" target=\"_blank\" rel=\"noopener noreferrer\">101.000 pessoas<\/a> at\u00e9 segunda-feira (10\/8), segundo levantamento do cons\u00f3rcio de ve\u00edculos de imprensa a partir de dados das secretarias de sa\u00fade dos Estados. Com isso, a pandemia da Covid-19 j\u00e1 se trata da <a href=\"https:\/\/bit.ly\/3gOwlpM\" target=\"_blank\" rel=\"noopener noreferrer\">maior trag\u00e9dia sanit\u00e1ria na hist\u00f3ria do pa\u00eds<\/a>. Por\u00e9m, estima-se que o n\u00famero seja muito mais alto j\u00e1 que o Brasil s\u00f3 conta casos confirmados por teste e o n\u00famero de testes \u00e9 drasticamente insuficiente sendo mais frequente em casos graves.<\/p>\n<p>No estado do Rio de Janeiro, segundo o mesmo levantamento, <a href=\"https:\/\/bit.ly\/2XRQK5U\" target=\"_blank\" rel=\"noopener noreferrer\">14.080 mortes foram registradas, sendo 8.612 delas dentro da capital<\/a>. Por\u00e9m, novamente, como s\u00f3 casos confirmados na certid\u00e3o de \u00f3bito est\u00e3o sendo contados e comorbidades est\u00e3o sendo notificadas como caso de morte em um n\u00famero desconhecido de casos\u2014ambos procedimentos que v\u00e3o contra a <a href=\"https:\/\/bit.ly\/2YaXZXh\" target=\"_blank\" rel=\"noopener noreferrer\">recomenda\u00e7\u00e3o da Organiza\u00e7\u00e3o Mundial da Sa\u00fade<\/a>\u2014o n\u00famero real dever\u00e1 ser muito mais alto. Al\u00e9m destes fatos somam-se os excessos de \u00f3bitos no munic\u00edpio do Rio de Janeiro com outras classifica\u00e7\u00f5es diferentes da Covid-19 descritos na <a href=\"https:\/\/bit.ly\/3ae6XHo\" target=\"_blank\" rel=\"noopener noreferrer\">nota t\u00e9cnica da Fiocruz do Monitora Covid<\/a>.<\/p>\n<p>De forma geral, \u00e9 <a href=\"https:\/\/bit.ly\/3gPqPmJ\" target=\"_blank\" rel=\"noopener noreferrer\">dif\u00edcil saber a magnitude<\/a> que a pandemia j\u00e1 chegou no Brasil. E nos espa\u00e7os mais vulnerabilizados e negligenciados da nossa sociedade, que contam com testagem ainda mais baixa, servi\u00e7os e oportunidade de isolamento prec\u00e1rios: nossas favelas? \u00c9 ainda mais dif\u00edcil de saber.<\/p>\n<p>O \u00faltimo levantamento realizado pelo <a href=\"http:\/\/www.favela.info\" target=\"_blank\" rel=\"noopener noreferrer\">Painel Unificador Covid-19 nas Favelas<\/a> (11\/8), que acompanha at\u00e9 agora 41 favelas e complexos da Regi\u00e3o Metropolitana do Rio (154 favelas individuais), informa que dentre estas mortes, no m\u00ednimo 1.402* s\u00e3o de moradores de favelas. De acordo com um dos parceiros do painel, o <a href=\"https:\/\/bit.ly\/3kx7UiU\" target=\"_blank\" rel=\"noopener noreferrer\"><i>Voz das Comunidades<\/i><\/a>, &#8220;O n\u00famero ultrapassa estados como Mato Grosso do Sul com 509 \u00f3bitos, Amap\u00e1 com 602, Tocantins com 547, Roraima com 547 e Acre com 561 mortos por Covid-19\u201d. Estes dados podem ser acompanhados pela plataforma <a href=\"https:\/\/bit.ly\/3kubFFT\" target=\"_blank\" rel=\"noopener noreferrer\">Monitora Covid<\/a>, da Fiocruz.<\/p>\n<p>No entanto, este n\u00famero corresponde somente \u00e0s favelas para as quais o coletivo que gera o Painel Unificador captou dados at\u00e9 hoje (observa\u00e7\u00e3o: no Rio h\u00e1 mais de 1000 favelas). E os dados para cada favela representada no Painel Unificador s\u00e3o alimentados da melhor fonte identificada at\u00e9 o momento para tal comunidade, que muitas vezes s\u00e3o fontes limitadas em si (ou por dependerem de dados p\u00fablicos ou de levantamentos por volunt\u00e1rios). At\u00e9 hoje, as favelas com contagem mais precisa s\u00e3o as que fazem parte das 16 favelas do <a href=\"http:\/\/bit.ly\/2K1s59x\" target=\"_blank\" rel=\"noopener noreferrer\">Conjunto de Favelas da Mar\u00e9<\/a> e cinco comunidades de <a href=\"https:\/\/bit.ly\/3fRxR9o\" target=\"_blank\" rel=\"noopener noreferrer\">Itagua\u00ed<\/a>. \u00c9 por isso que os dados destas comunidades s\u00e3o os mais altos no Painel Unificador, mas podem haver favelas com um n\u00famero mais elevado, para os quais ainda n\u00e3o possu\u00edmos fontes.<\/p>\n<p>A <a href=\"http:\/\/bit.ly\/2IjQeoE\" target=\"_blank\" rel=\"noopener noreferrer\">Redes da Mar\u00e9<\/a>, organiza\u00e7\u00e3o premiada com alcance significativo nas 16 favelas do Conjunto de Favelas da Mar\u00e9, tem monitorado casos de forma bastante robusta. Com isso, \u00e9 interessante realizar compara\u00e7\u00f5es com base nestes dados. Se utiliz\u00e1ssemos os dados coletados na Mar\u00e9 como base estimada para favelas de modo geral, por exemplo, chegar\u00edamos a uma estimativa de 15.000 moradores infectados por coronav\u00edrus em favelas da capital do estado, o que pode ser um n\u00famero mais pr\u00f3ximo \u00e0 realidade. Este n\u00famero corresponderia \u00e0 20% dos casos de Covid-19 na capital.<\/p>\n<p>Enquanto isso, o <a href=\"https:\/\/bit.ly\/3fgbwCW\" target=\"_blank\" rel=\"noopener noreferrer\">A.M.I.G.A.S.<\/a> (Associa\u00e7\u00e3o de Mulheres de Itagua\u00ed &#8211; Guerreiras e Articuladoras Sociais) vem realizando um levantamento intenso e detalhado em cinco comunidades do munic\u00edpio de Itagua\u00ed desde mar\u00e7o, com isso alcan\u00e7ando uma vis\u00e3o mais precisa do impacto real da doen\u00e7a nestes territ\u00f3rios (Engenho, Sem Terra, Morro do Carv\u00e3o, Chaper\u00f3, e Brisamar). Combinadas, estas cinco favelas cont\u00e9m 2.671 casos e 560 mortes.<\/p>\n<p>Este tipo de contagem e estimativa se tornou essencial para come\u00e7armos a ter uma dimens\u00e3o da situa\u00e7\u00e3o, pois desde o dia 14 de maio, a Prefeitura do Rio de Janeiro deixou de informar as mortes por coronav\u00edrus em favelas no <a href=\"https:\/\/bit.ly\/3fM4HIu\" target=\"_blank\" rel=\"noopener noreferrer\">boletim oficial e na plataforma da Prefeitura<\/a>. O n\u00famero de mortes oficiais pela Covid-19 nas favelas do Rio de Janeiro de fato \u00e9 uma inc\u00f3gnita. Mas, uma certeza existe: as favelas do Rio de Janeiro vivem uma pandemia dentro da pandemia. A pandemia \u00e9 mundial mas a capacidade de enfrentamento \u00e9 desigual entre os pa\u00edses, estados, munic\u00edpios e dentro dos munic\u00edpios como \u00e9 poss\u00edvel observar no Rio de Janeiro.<\/p>\n<p><a href=\"https:\/\/rioonwatch.org.br\/wp-content\/uploads\/2020\/08\/Casos-e-obitos.png\"><img fetchpriority=\"high\" decoding=\"async\" class=\"aligncenter size-content wp-image-49717\" src=\"https:\/\/rioonwatch.org.br\/wp-content\/uploads\/2020\/08\/Casos-e-obitos-620x264.png\" alt=\"\" width=\"620\" height=\"264\" srcset=\"https:\/\/rioonwatch.org.br\/wp-content\/uploads\/2020\/08\/Casos-e-obitos-620x264.png 620w, https:\/\/rioonwatch.org.br\/wp-content\/uploads\/2020\/08\/Casos-e-obitos-940x400.png 940w\" sizes=\"(max-width: 620px) 100vw, 620px\" \/><\/a><\/p>\n<h3>Por Tr\u00e1s dos N\u00fameros do Coronav\u00edrus nas Favelas<\/h3>\n<p>Se os dados e todas as tentativas de monitoramento n\u00e3o conseguem mensurar a realidade da Covid-19 nas favelas, os relatos de lideran\u00e7as, comunicadores comunit\u00e1rios e moradores se tornam essenciais para se ter uma no\u00e7\u00e3o do tamanho desta trag\u00e9dia.<\/p>\n<p>\u00c9 por isso que na sua segunda coletiva de imprensa, os parceiros por tr\u00e1s do <a href=\"https:\/\/bit.ly\/37nLHOc\" target=\"_blank\" rel=\"noopener noreferrer\">Painel Unificador Covid-19 nas Favelas<\/a> ir\u00e3o focar para al\u00e9m dos dados coletados neste primeiro m\u00eas de monitoramento.<\/p>\n<p>O foco agora ser\u00e1 em ouvir dos parceiros envolvidos no projeto, como est\u00e1 a pandemia nas suas comunidades neste momento atual, um momento em que se fala que o Rio est\u00e1 com tend\u00eancia de queda nas mortes por Covid-19, enquanto o negacionismo da doen\u00e7a talvez esteja no seu \u00e1pice.<\/p>\n<p>Importante ressaltar que o negacionismo n\u00e3o ocorre de forma espont\u00e2nea, tampouco se trata de uma estrat\u00e9gia pol\u00edtica, conforme observado na postura do governo federal e de alguns prefeitos no pa\u00eds. Mas sim, devido ao medo do desemprego. Al\u00e9m do preconceito devido ao CEP de moradia (ou de sua aus\u00eancia), no contexto da pandemia, trabalhadores e trabalhadoras moradores de favelas tamb\u00e9m t\u00eam sido estigmatizados devido a Covid-19, sobretudo os que residem em favelas com alta concentra\u00e7\u00e3o de mortes e\/ou casos confirmados. Conforme ocorreu com trabalhadores da favela de Rio das Pedras, ap\u00f3s reportagem que apontou, erroneamente, a Rua Amparo como o epicentro de contamina\u00e7\u00e3o naquela favela.<\/p>\n<p>Qual \u00e9 a dor, a cor, a classe social desta pandemia? Com a retomada das atividades econ\u00f4micas, quem se coloca <a href=\"https:\/\/bit.ly\/2CishPE\" target=\"_blank\" rel=\"noopener noreferrer\">em risco no transporte p\u00fablico<\/a>? Quais iniciativas est\u00e3o sendo realizadas para combater a pandemia neste momento de negacionismo? Quais novos obst\u00e1culos t\u00eam surgido na preven\u00e7\u00e3o e mitiga\u00e7\u00e3o da Covid-19 no \u00faltimo m\u00eas? Entre os temas a serem abordados nesta coletiva de imprensa, ser\u00e1 o crescente estigma associado a pessoa que j\u00e1 teve ou tem sintomas da doen\u00e7a, al\u00e9m da diminui\u00e7\u00e3o de doa\u00e7\u00f5es para o enfrentamento da crise apontados por coletivos na linha de frente e o negacionismo crescente entre moradores e sociedade.<\/p>\n<p>Atualmente, crescem os relatos dos que escondem a doen\u00e7a temendo perder n\u00e3o s\u00f3 renda, emprego e teto, mas tamb\u00e9m la\u00e7os sociais, com o crescimento da estigmatiza\u00e7\u00e3o de quem tem Covid-19 nas favelas.<\/p>\n<p>Para esta coletiva, est\u00e3o confirmados depoimentos dos seguintes integrantes do Painel:<\/p>\n<ol>\n<li style=\"font-weight: 400;\">Anna Paula Sales &#8211; Associa\u00e7\u00e3o de Mulheres de Itagua\u00ed A.M.I.G.A.S. (Itagua\u00ed)<\/li>\n<li style=\"font-weight: 400;\">Rafael Oliveira &#8211; Coletivo Favela Vertical (Gard\u00eania Azul)<\/li>\n<li style=\"font-weight: 400;\">Melissa Cannabrava &#8211; Voz das Comunidades (Complexo do Alem\u00e3o)<\/li>\n<li style=\"font-weight: 400;\">Douglas Heliodoro &#8211; Coletivo Conex\u00f5es Perif\u00e9ricas (Rio das Pedras)<\/li>\n<li style=\"font-weight: 400;\">Maria Cristina &#8211; moradora que sobreviveu Covid-19 (Acari)<\/li>\n<li style=\"font-weight: 400;\">Dani Moura &#8211; Redes da Mar\u00e9 (Mar\u00e9)<\/li>\n<li style=\"font-weight: 400;\">Nill Santos &#8211; AMAC (Duque de Caxias)<\/li>\n<li style=\"font-weight: 400;\">Renata Gracie &#8211; ICICT\/Fiocruz<\/li>\n<li style=\"font-weight: 400;\">Seimour Souza &#8211; LabJaca (Jacarezinho)<\/li>\n<li style=\"font-weight: 400;\">Tatiana Lima &#8211; <i>RioOnWatch<\/i><\/li>\n<li style=\"font-weight: 400;\">Theresa Williamson &#8211; Comunidades Catalisadoras (ComCat)<\/li>\n<\/ol>\n<p><i><span style=\"font-weight: 400;\">*Dado corrigido em 12 de agosto de 2020 (havia um atraso na atualiza\u00e7\u00e3o do painel que levou ao dado anterior de 1.276 equivocado).<\/span><\/i><\/p>\n<h3>SERVI\u00c7O: Segunda Coletiva de Imprensa<\/h3>\n<p>QUANDO: Quinta-feira, 13 de agosto de 2020, das 14 \u00e0s 15 horas<br \/>\nONDE: No Zoom. Inscri\u00e7\u00f5es <a href=\"https:\/\/bit.ly\/ColetivaPainelInscricoes\" target=\"_blank\" rel=\"noopener noreferrer\">aqui<\/a>.<\/p>\n<h3>CR\u00c9DITOS<\/h3>\n<p>Realiza\u00e7\u00e3o: <a href=\"https:\/\/comcat.org\/\" target=\"_blank\" rel=\"noopener noreferrer\">Comunidades Catalisadoras<\/a> (ComCat)<\/p>\n<p>Parceiros: <a href=\"https:\/\/bit.ly\/3fgbwCW\" target=\"_blank\" rel=\"noopener noreferrer\">A.M.I.G.A.S.<\/a> | <a href=\"https:\/\/bit.ly\/2ZwXbN1\" target=\"_blank\" rel=\"noopener noreferrer\">Centro Social Fus\u00e3o<\/a> | <a href=\"https:\/\/bit.ly\/2C05Iid\" target=\"_blank\" rel=\"noopener noreferrer\">Coletivo Conex\u00f5es Perif\u00e9ricas-RP<\/a> | <a href=\"https:\/\/bit.ly\/2ObvNgR\" target=\"_blank\" rel=\"noopener noreferrer\">Covid por CEP<\/a> | <a href=\"http:\/\/bit.ly\/2lbFqNb\" target=\"_blank\" rel=\"noopener noreferrer\">Data_Labe<\/a> | <a href=\"https:\/\/bit.ly\/3dcAaDa\" target=\"_blank\" rel=\"noopener noreferrer\">Fala Ro\u00e7a<\/a> | <a href=\"https:\/\/bit.ly\/2ULKquh\" target=\"_blank\" rel=\"noopener noreferrer\">Favela Vertical<\/a> | <a href=\"https:\/\/bit.ly\/2ZEAIw6\" target=\"_blank\" rel=\"noopener noreferrer\">Fiocruz<\/a> | <a href=\"https:\/\/bit.ly\/3cZ2CZe\" target=\"_blank\" rel=\"noopener noreferrer\">F\u00f3rum Grita Baixada<\/a> | <a href=\"https:\/\/bit.ly\/30zcFAO\" target=\"_blank\" rel=\"noopener noreferrer\">Frente de Mobiliza\u00e7\u00e3o da Mar\u00e9<\/a> | <a href=\"https:\/\/www.facebook.com\/LabJaca\/\" target=\"_blank\" rel=\"noopener noreferrer\">LabJaca<\/a> | <a href=\"http:\/\/bit.ly\/2xQ8oJQ\" target=\"_blank\" rel=\"noopener noreferrer\">Mulheres de Frente<\/a> | <a href=\"http:\/\/bit.ly\/392ezvF\" target=\"_blank\" rel=\"noopener noreferrer\">Observat\u00f3rio de Favelas<\/a> | <a href=\"https:\/\/bit.ly\/3glWkF6\" target=\"_blank\" rel=\"noopener noreferrer\">PerifaConnection<\/a> | <a href=\"https:\/\/bit.ly\/2XSLrTF\" target=\"_blank\" rel=\"noopener noreferrer\">Redes da Mar\u00e9<\/a> | <a href=\"https:\/\/bit.ly\/2ZWsgZB\" target=\"_blank\" rel=\"noopener noreferrer\">SOS Provid\u00eancia<\/a> | <a href=\"http:\/\/bit.ly\/30l5RrX\" target=\"_blank\" rel=\"noopener noreferrer\">TETO<\/a> | <a href=\"http:\/\/bit.ly\/2JhMwyE\" target=\"_blank\" rel=\"noopener noreferrer\">Voz das Comunidades<\/a><\/p>\n<p>Desenvolvimento e atualiza\u00e7\u00f5es: <a href=\"https:\/\/bit.ly\/2Cmut8O\" target=\"_blank\" rel=\"noopener noreferrer\">Esri &#8211; Environmental Systems Research Institute<\/a><br \/>\nDados Demogr\u00e1ficos: <a href=\"https:\/\/bit.ly\/38FkXJv\" target=\"_blank\" rel=\"noopener noreferrer\">Prefeitura Rio e IBGE 2010<\/a><br \/>\nTecnologia de integra\u00e7\u00e3o: <a href=\"https:\/\/bit.ly\/38GCTni\" target=\"_blank\" rel=\"noopener noreferrer\">Integromat<\/a><\/p>\n<p><i>#DadosSalvamVidas #Covid19NasFavelas #PainelUnificadorCovidNasFavelas<\/i><\/p>\n<h3>CONTATOS<\/h3>\n<p>Painel Unificador\/ComCat: <a href=\"mailto:covid19nasfavelas@comcat.org\">covid19nasfavelas@comcat.org<\/a> +55-21-991976444<br \/>\nRedes da Mar\u00e9: +55-21-98886-0892 Daniele Moura<br \/>\nInternacional\/ingl\u00eas: <a href=\"mailto:press@catcomm.org\">press@catcomm.org<\/a> +55-21-991976444<\/p>\n<p><em>Comunidades Catalisadoras \u00e9 a associa\u00e7\u00e3o sem fins lucrativos que publica o RioOnWatch.<\/em><\/p>\n<hr \/>\n<h4>Apoie nossos esfor\u00e7os para fornecer assist\u00eancia estrat\u00e9gica \u00e0s favelas do Rio durante a pandemia de Covid-19, incluindo o jornalismo hiperlocal, cr\u00edtico, inovador e incans\u00e1vel do\u00a0<i>RioOnWatch\u00a0<\/i>\u2014\u00a0<a href=\"http:\/\/bit.ly\/CatalisandoComunidades\">doe aqui<\/a>.<\/h4>\n<!-- AddThis Advanced Settings generic via filter on the_content --><!-- AddThis Share Buttons generic via filter on the_content -->","protected":false},"excerpt":{"rendered":"<div class=\"mh-excerpt\"><p>Click Here for English Painel Unificador Covid-19 nas Favelas, iniciativa que re\u00fane coletivos perif\u00e9ricos e sociedade civil, realiza segunda coletiva de imprensa nesta quinta-feira, 13 de agosto, \u00e0s 14h. 11 de agosto de 2020\u2014Nos mais <a class=\"mh-excerpt-more\" href=\"https:\/\/rioonwatch.org.br\/?p=49655\" title=\"Por Tr\u00e1s dos N\u00fameros do Coronav\u00edrus nas Favelas: Painel Unificador Realizar\u00e1 2a Coletiva\">[&#8230;]<\/a><!-- AddThis Advanced Settings generic via filter on get_the_excerpt --><!-- AddThis Share Buttons generic via filter on get_the_excerpt --><\/p>\n<\/div>","protected":false},"author":129,"featured_media":49718,"comment_status":"closed","ping_status":"closed","sticky":false,"template":"","format":"standard","meta":{"_acf_changed":false,"_monsterinsights_skip_tracking":false,"_monsterinsights_sitenote_active":false,"_monsterinsights_sitenote_note":"","_monsterinsights_sitenote_category":0,"footnotes":""},"categories":[2753,2089,1621,344,1616,1612,342],"tags":[592,2886,2887,332,217,2748,2214,1091,1874,2146,2179,2755,1372,1583,599,2058,1151,2888,2812,663,2790,358,1107,1393,294,2754,1109,1347,476,2816,2025,2003],"writer":[2800,284],"translator":[],"source":[],"ilustrador":[],"fotografo":[],"class_list":{"0":"post-49655","1":"post","2":"type-post","3":"status-publish","4":"format-standard","5":"has-post-thumbnail","7":"category-covid19nasfavelas","8":"category-monitoramento","9":"category-destaque","10":"category-politicas","11":"category-qualidades-da-favela","12":"category-sociedade-civil","13":"category-solucoes","14":"tag-acari","15":"tag-brisamar","16":"tag-chapero","17":"tag-complexo-da-mare","18":"tag-complexo-do-alemao","19":"tag-coronavirus","20":"tag-dados","21":"tag-duque-de-caxias","22":"tag-fala-roca","23":"tag-fiocruz","24":"tag-forum-grita-baixada","25":"tag-gardenia-azul","26":"tag-grande-rio","27":"tag-itaguai","28":"tag-jacarezinho","29":"tag-lancamento","30":"tag-organizacao","31":"tag-morro-do-carvao","32":"tag-morro-do-engenho","33":"tag-observatorio-de-favelas","34":"tag-oms","35":"tag-organizacao-comunitaria","36":"tag-redes-da-mare","37":"tag-rio-das-pedras","38":"tag-saude","39":"tag-serie-covid-19-nas-favelas","40":"tag-sociedade-civil","41":"tag-solucao","42":"tag-solucao-comunitaria","43":"tag-subnotificacao","44":"tag-teto","45":"tag-voz-das-comunidades","46":"writer-tatiana-lima","47":"writer-theresa-williamson"},"acf":[],"yoast_head":"<!-- This site is optimized with the Yoast SEO plugin v25.6 - https:\/\/yoast.com\/wordpress\/plugins\/seo\/ -->\n<title>Por Tr\u00e1s dos N\u00fameros do Coronav\u00edrus nas Favelas: Painel Unificador Realizar\u00e1 2a Coletiva - RioOnWatch<\/title>\n<meta name=\"robots\" content=\"index, follow, max-snippet:-1, max-image-preview:large, max-video-preview:-1\" \/>\n<link rel=\"canonical\" href=\"https:\/\/rioonwatch.org.br\/?p=49655\" \/>\n<meta property=\"og:locale\" content=\"pt_BR\" \/>\n<meta property=\"og:type\" content=\"article\" \/>\n<meta property=\"og:title\" content=\"Por Tr\u00e1s dos N\u00fameros do Coronav\u00edrus nas Favelas: Painel Unificador Realizar\u00e1 2a Coletiva - RioOnWatch\" \/>\n<meta property=\"og:description\" content=\"Click Here for English Painel Unificador Covid-19 nas Favelas, iniciativa que re\u00fane coletivos perif\u00e9ricos e sociedade civil, realiza segunda coletiva de imprensa nesta quinta-feira, 13 de agosto, \u00e0s 14h. 11 de agosto de 2020\u2014Nos mais [...]\" \/>\n<meta property=\"og:url\" content=\"https:\/\/rioonwatch.org.br\/?p=49655\" \/>\n<meta property=\"og:site_name\" content=\"RioOnWatch\" \/>\n<meta property=\"article:published_time\" content=\"2020-08-11T19:41:27+00:00\" \/>\n<meta property=\"article:modified_time\" content=\"2020-08-13T00:45:18+00:00\" \/>\n<meta property=\"og:image\" content=\"https:\/\/rioonwatch.org.br\/wp-content\/uploads\/2020\/08\/2020-08-11-Painel-Unificador-Covid.png\" \/>\n\t<meta property=\"og:image:width\" content=\"1903\" \/>\n\t<meta property=\"og:image:height\" content=\"757\" \/>\n\t<meta property=\"og:image:type\" content=\"image\/png\" \/>\n<meta name=\"author\" content=\"Admin\" \/>\n<meta name=\"twitter:card\" content=\"summary_large_image\" \/>\n<meta name=\"twitter:label1\" content=\"Escrito por\" \/>\n\t<meta name=\"twitter:data1\" content=\"Admin\" \/>\n\t<meta name=\"twitter:label2\" content=\"Est. tempo de leitura\" \/>\n\t<meta name=\"twitter:data2\" content=\"8 minutos\" \/>\n<script type=\"application\/ld+json\" class=\"yoast-schema-graph\">{\"@context\":\"https:\/\/schema.org\",\"@graph\":[{\"@type\":\"Article\",\"@id\":\"https:\/\/rioonwatch.org.br\/?p=49655#article\",\"isPartOf\":{\"@id\":\"https:\/\/rioonwatch.org.br\/?p=49655\"},\"author\":{\"name\":\"Admin\",\"@id\":\"https:\/\/rioonwatch.org.br\/#\/schema\/person\/11d64c290506f9df50c71b850c473f68\"},\"headline\":\"Por Tr\u00e1s dos N\u00fameros do Coronav\u00edrus nas Favelas: Painel Unificador Realizar\u00e1 2a Coletiva\",\"datePublished\":\"2020-08-11T19:41:27+00:00\",\"dateModified\":\"2020-08-13T00:45:18+00:00\",\"mainEntityOfPage\":{\"@id\":\"https:\/\/rioonwatch.org.br\/?p=49655\"},\"wordCount\":1518,\"publisher\":{\"@id\":\"https:\/\/rioonwatch.org.br\/#organization\"},\"image\":{\"@id\":\"https:\/\/rioonwatch.org.br\/?p=49655#primaryimage\"},\"thumbnailUrl\":\"https:\/\/rioonwatch.org.br\/wp-content\/uploads\/2020\/08\/2020-08-12-Painel-full.png\",\"keywords\":[\"Acari\",\"Brisamar\",\"Chaper\u00f3\",\"Complexo da Mar\u00e9\",\"Complexo do Alem\u00e3o\",\"coronav\u00edrus\",\"dados\",\"Duque de Caxias\",\"Fala Ro\u00e7a\",\"Fiocruz\",\"F\u00f3rum Grita Baixada\",\"Gard\u00eania Azul\",\"Grande Rio\",\"Itagua\u00ed\",\"Jacarezinho\",\"lan\u00e7amento\",\"mobiliza\u00e7\u00e3o\",\"Morro do Carv\u00e3o\",\"Morro do Engenho\",\"Observat\u00f3rio de Favelas\",\"OMS\",\"organiza\u00e7\u00e3o comunit\u00e1ria\",\"Redes da Mar\u00e9\",\"Rio das Pedras\",\"sa\u00fade\",\"S\u00e9rie: Covid-19 Nas Favelas\",\"sociedade civil\",\"solu\u00e7\u00e3o\",\"solu\u00e7\u00e3o comunit\u00e1ria\",\"subnotifica\u00e7\u00e3o\",\"TETO\",\"Voz das Comunidades\"],\"articleSection\":[\"#Covid19NasFavelas\",\"#Monitoramento\",\"*Destaque\",\"Pol\u00edticas\",\"Qualidades da Favela\",\"Sociedade Civil\",\"Solu\u00e7\u00f5es\"],\"inLanguage\":\"pt-BR\"},{\"@type\":\"WebPage\",\"@id\":\"https:\/\/rioonwatch.org.br\/?p=49655\",\"url\":\"https:\/\/rioonwatch.org.br\/?p=49655\",\"name\":\"Por Tr\u00e1s dos N\u00fameros do Coronav\u00edrus nas Favelas: Painel Unificador Realizar\u00e1 2a Coletiva - RioOnWatch\",\"isPartOf\":{\"@id\":\"https:\/\/rioonwatch.org.br\/#website\"},\"primaryImageOfPage\":{\"@id\":\"https:\/\/rioonwatch.org.br\/?p=49655#primaryimage\"},\"image\":{\"@id\":\"https:\/\/rioonwatch.org.br\/?p=49655#primaryimage\"},\"thumbnailUrl\":\"https:\/\/rioonwatch.org.br\/wp-content\/uploads\/2020\/08\/2020-08-12-Painel-full.png\",\"datePublished\":\"2020-08-11T19:41:27+00:00\",\"dateModified\":\"2020-08-13T00:45:18+00:00\",\"breadcrumb\":{\"@id\":\"https:\/\/rioonwatch.org.br\/?p=49655#breadcrumb\"},\"inLanguage\":\"pt-BR\",\"potentialAction\":[{\"@type\":\"ReadAction\",\"target\":[\"https:\/\/rioonwatch.org.br\/?p=49655\"]}]},{\"@type\":\"ImageObject\",\"inLanguage\":\"pt-BR\",\"@id\":\"https:\/\/rioonwatch.org.br\/?p=49655#primaryimage\",\"url\":\"https:\/\/rioonwatch.org.br\/wp-content\/uploads\/2020\/08\/2020-08-12-Painel-full.png\",\"contentUrl\":\"https:\/\/rioonwatch.org.br\/wp-content\/uploads\/2020\/08\/2020-08-12-Painel-full.png\",\"width\":1907,\"height\":823},{\"@type\":\"BreadcrumbList\",\"@id\":\"https:\/\/rioonwatch.org.br\/?p=49655#breadcrumb\",\"itemListElement\":[{\"@type\":\"ListItem\",\"position\":1,\"name\":\"In\u00edcio\",\"item\":\"https:\/\/rioonwatch.org.br\/\"},{\"@type\":\"ListItem\",\"position\":2,\"name\":\"Por Tr\u00e1s dos N\u00fameros do Coronav\u00edrus nas Favelas: Painel Unificador Realizar\u00e1 2a Coletiva\"}]},{\"@type\":\"WebSite\",\"@id\":\"https:\/\/rioonwatch.org.br\/#website\",\"url\":\"https:\/\/rioonwatch.org.br\/\",\"name\":\"RioOnWatch\",\"description\":\"relatos das favelas cariocas\",\"publisher\":{\"@id\":\"https:\/\/rioonwatch.org.br\/#organization\"},\"potentialAction\":[{\"@type\":\"SearchAction\",\"target\":{\"@type\":\"EntryPoint\",\"urlTemplate\":\"https:\/\/rioonwatch.org.br\/?s={search_term_string}\"},\"query-input\":{\"@type\":\"PropertyValueSpecification\",\"valueRequired\":true,\"valueName\":\"search_term_string\"}}],\"inLanguage\":\"pt-BR\"},{\"@type\":\"Organization\",\"@id\":\"https:\/\/rioonwatch.org.br\/#organization\",\"name\":\"RioOnWatch\",\"url\":\"https:\/\/rioonwatch.org.br\/\",\"logo\":{\"@type\":\"ImageObject\",\"inLanguage\":\"pt-BR\",\"@id\":\"https:\/\/rioonwatch.org.br\/#\/schema\/logo\/image\/\",\"url\":\"https:\/\/rioonwatch.org.br\/wp-content\/uploads\/2021\/06\/RioOnWatchcabecalhoPT11anos-2.png\",\"contentUrl\":\"https:\/\/rioonwatch.org.br\/wp-content\/uploads\/2021\/06\/RioOnWatchcabecalhoPT11anos-2.png\",\"width\":779,\"height\":277,\"caption\":\"RioOnWatch\"},\"image\":{\"@id\":\"https:\/\/rioonwatch.org.br\/#\/schema\/logo\/image\/\"}},{\"@type\":\"Person\",\"@id\":\"https:\/\/rioonwatch.org.br\/#\/schema\/person\/11d64c290506f9df50c71b850c473f68\",\"name\":\"Admin\",\"image\":{\"@type\":\"ImageObject\",\"inLanguage\":\"pt-BR\",\"@id\":\"https:\/\/rioonwatch.org.br\/#\/schema\/person\/image\/\",\"url\":\"https:\/\/secure.gravatar.com\/avatar\/56211ac74568383903349a1485e3c325?s=96&d=blank&r=g\",\"contentUrl\":\"https:\/\/secure.gravatar.com\/avatar\/56211ac74568383903349a1485e3c325?s=96&d=blank&r=g\",\"caption\":\"Admin\"},\"url\":\"https:\/\/rioonwatch.org.br\/?author=129\"}]}<\/script>\n<!-- \/ Yoast SEO plugin. -->","yoast_head_json":{"title":"Por Tr\u00e1s dos N\u00fameros do Coronav\u00edrus nas Favelas: Painel Unificador Realizar\u00e1 2a Coletiva - RioOnWatch","robots":{"index":"index","follow":"follow","max-snippet":"max-snippet:-1","max-image-preview":"max-image-preview:large","max-video-preview":"max-video-preview:-1"},"canonical":"https:\/\/rioonwatch.org.br\/?p=49655","og_locale":"pt_BR","og_type":"article","og_title":"Por Tr\u00e1s dos N\u00fameros do Coronav\u00edrus nas Favelas: Painel Unificador Realizar\u00e1 2a Coletiva - RioOnWatch","og_description":"Click Here for English Painel Unificador Covid-19 nas Favelas, iniciativa que re\u00fane coletivos perif\u00e9ricos e sociedade civil, realiza segunda coletiva de imprensa nesta quinta-feira, 13 de agosto, \u00e0s 14h. 11 de agosto de 2020\u2014Nos mais [...]","og_url":"https:\/\/rioonwatch.org.br\/?p=49655","og_site_name":"RioOnWatch","article_published_time":"2020-08-11T19:41:27+00:00","article_modified_time":"2020-08-13T00:45:18+00:00","og_image":[{"width":1903,"height":757,"url":"https:\/\/rioonwatch.org.br\/wp-content\/uploads\/2020\/08\/2020-08-11-Painel-Unificador-Covid.png","type":"image\/png"}],"author":"Admin","twitter_card":"summary_large_image","twitter_misc":{"Escrito por":"Admin","Est. tempo de leitura":"8 minutos"},"schema":{"@context":"https:\/\/schema.org","@graph":[{"@type":"Article","@id":"https:\/\/rioonwatch.org.br\/?p=49655#article","isPartOf":{"@id":"https:\/\/rioonwatch.org.br\/?p=49655"},"author":{"name":"Admin","@id":"https:\/\/rioonwatch.org.br\/#\/schema\/person\/11d64c290506f9df50c71b850c473f68"},"headline":"Por Tr\u00e1s dos N\u00fameros do Coronav\u00edrus nas Favelas: Painel Unificador Realizar\u00e1 2a Coletiva","datePublished":"2020-08-11T19:41:27+00:00","dateModified":"2020-08-13T00:45:18+00:00","mainEntityOfPage":{"@id":"https:\/\/rioonwatch.org.br\/?p=49655"},"wordCount":1518,"publisher":{"@id":"https:\/\/rioonwatch.org.br\/#organization"},"image":{"@id":"https:\/\/rioonwatch.org.br\/?p=49655#primaryimage"},"thumbnailUrl":"https:\/\/rioonwatch.org.br\/wp-content\/uploads\/2020\/08\/2020-08-12-Painel-full.png","keywords":["Acari","Brisamar","Chaper\u00f3","Complexo da Mar\u00e9","Complexo do Alem\u00e3o","coronav\u00edrus","dados","Duque de Caxias","Fala Ro\u00e7a","Fiocruz","F\u00f3rum Grita Baixada","Gard\u00eania Azul","Grande Rio","Itagua\u00ed","Jacarezinho","lan\u00e7amento","mobiliza\u00e7\u00e3o","Morro do Carv\u00e3o","Morro do Engenho","Observat\u00f3rio de Favelas","OMS","organiza\u00e7\u00e3o comunit\u00e1ria","Redes da Mar\u00e9","Rio das Pedras","sa\u00fade","S\u00e9rie: Covid-19 Nas Favelas","sociedade civil","solu\u00e7\u00e3o","solu\u00e7\u00e3o comunit\u00e1ria","subnotifica\u00e7\u00e3o","TETO","Voz das Comunidades"],"articleSection":["#Covid19NasFavelas","#Monitoramento","*Destaque","Pol\u00edticas","Qualidades da Favela","Sociedade Civil","Solu\u00e7\u00f5es"],"inLanguage":"pt-BR"},{"@type":"WebPage","@id":"https:\/\/rioonwatch.org.br\/?p=49655","url":"https:\/\/rioonwatch.org.br\/?p=49655","name":"Por Tr\u00e1s dos N\u00fameros do Coronav\u00edrus nas Favelas: Painel Unificador Realizar\u00e1 2a Coletiva - RioOnWatch","isPartOf":{"@id":"https:\/\/rioonwatch.org.br\/#website"},"primaryImageOfPage":{"@id":"https:\/\/rioonwatch.org.br\/?p=49655#primaryimage"},"image":{"@id":"https:\/\/rioonwatch.org.br\/?p=49655#primaryimage"},"thumbnailUrl":"https:\/\/rioonwatch.org.br\/wp-content\/uploads\/2020\/08\/2020-08-12-Painel-full.png","datePublished":"2020-08-11T19:41:27+00:00","dateModified":"2020-08-13T00:45:18+00:00","breadcrumb":{"@id":"https:\/\/rioonwatch.org.br\/?p=49655#breadcrumb"},"inLanguage":"pt-BR","potentialAction":[{"@type":"ReadAction","target":["https:\/\/rioonwatch.org.br\/?p=49655"]}]},{"@type":"ImageObject","inLanguage":"pt-BR","@id":"https:\/\/rioonwatch.org.br\/?p=49655#primaryimage","url":"https:\/\/rioonwatch.org.br\/wp-content\/uploads\/2020\/08\/2020-08-12-Painel-full.png","contentUrl":"https:\/\/rioonwatch.org.br\/wp-content\/uploads\/2020\/08\/2020-08-12-Painel-full.png","width":1907,"height":823},{"@type":"BreadcrumbList","@id":"https:\/\/rioonwatch.org.br\/?p=49655#breadcrumb","itemListElement":[{"@type":"ListItem","position":1,"name":"In\u00edcio","item":"https:\/\/rioonwatch.org.br\/"},{"@type":"ListItem","position":2,"name":"Por Tr\u00e1s dos N\u00fameros do Coronav\u00edrus nas Favelas: Painel Unificador Realizar\u00e1 2a Coletiva"}]},{"@type":"WebSite","@id":"https:\/\/rioonwatch.org.br\/#website","url":"https:\/\/rioonwatch.org.br\/","name":"RioOnWatch","description":"relatos das favelas cariocas","publisher":{"@id":"https:\/\/rioonwatch.org.br\/#organization"},"potentialAction":[{"@type":"SearchAction","target":{"@type":"EntryPoint","urlTemplate":"https:\/\/rioonwatch.org.br\/?s={search_term_string}"},"query-input":{"@type":"PropertyValueSpecification","valueRequired":true,"valueName":"search_term_string"}}],"inLanguage":"pt-BR"},{"@type":"Organization","@id":"https:\/\/rioonwatch.org.br\/#organization","name":"RioOnWatch","url":"https:\/\/rioonwatch.org.br\/","logo":{"@type":"ImageObject","inLanguage":"pt-BR","@id":"https:\/\/rioonwatch.org.br\/#\/schema\/logo\/image\/","url":"https:\/\/rioonwatch.org.br\/wp-content\/uploads\/2021\/06\/RioOnWatchcabecalhoPT11anos-2.png","contentUrl":"https:\/\/rioonwatch.org.br\/wp-content\/uploads\/2021\/06\/RioOnWatchcabecalhoPT11anos-2.png","width":779,"height":277,"caption":"RioOnWatch"},"image":{"@id":"https:\/\/rioonwatch.org.br\/#\/schema\/logo\/image\/"}},{"@type":"Person","@id":"https:\/\/rioonwatch.org.br\/#\/schema\/person\/11d64c290506f9df50c71b850c473f68","name":"Admin","image":{"@type":"ImageObject","inLanguage":"pt-BR","@id":"https:\/\/rioonwatch.org.br\/#\/schema\/person\/image\/","url":"https:\/\/secure.gravatar.com\/avatar\/56211ac74568383903349a1485e3c325?s=96&d=blank&r=g","contentUrl":"https:\/\/secure.gravatar.com\/avatar\/56211ac74568383903349a1485e3c325?s=96&d=blank&r=g","caption":"Admin"},"url":"https:\/\/rioonwatch.org.br\/?author=129"}]}},"_links":{"self":[{"href":"https:\/\/rioonwatch.org.br\/index.php?rest_route=\/wp\/v2\/posts\/49655"}],"collection":[{"href":"https:\/\/rioonwatch.org.br\/index.php?rest_route=\/wp\/v2\/posts"}],"about":[{"href":"https:\/\/rioonwatch.org.br\/index.php?rest_route=\/wp\/v2\/types\/post"}],"author":[{"embeddable":true,"href":"https:\/\/rioonwatch.org.br\/index.php?rest_route=\/wp\/v2\/users\/129"}],"replies":[{"embeddable":true,"href":"https:\/\/rioonwatch.org.br\/index.php?rest_route=%2Fwp%2Fv2%2Fcomments&post=49655"}],"version-history":[{"count":23,"href":"https:\/\/rioonwatch.org.br\/index.php?rest_route=\/wp\/v2\/posts\/49655\/revisions"}],"predecessor-version":[{"id":49730,"href":"https:\/\/rioonwatch.org.br\/index.php?rest_route=\/wp\/v2\/posts\/49655\/revisions\/49730"}],"wp:featuredmedia":[{"embeddable":true,"href":"https:\/\/rioonwatch.org.br\/index.php?rest_route=\/wp\/v2\/media\/49718"}],"wp:attachment":[{"href":"https:\/\/rioonwatch.org.br\/index.php?rest_route=%2Fwp%2Fv2%2Fmedia&parent=49655"}],"wp:term":[{"taxonomy":"category","embeddable":true,"href":"https:\/\/rioonwatch.org.br\/index.php?rest_route=%2Fwp%2Fv2%2Fcategories&post=49655"},{"taxonomy":"post_tag","embeddable":true,"href":"https:\/\/rioonwatch.org.br\/index.php?rest_route=%2Fwp%2Fv2%2Ftags&post=49655"},{"taxonomy":"writer","embeddable":true,"href":"https:\/\/rioonwatch.org.br\/index.php?rest_route=%2Fwp%2Fv2%2Fwriter&post=49655"},{"taxonomy":"translator","embeddable":true,"href":"https:\/\/rioonwatch.org.br\/index.php?rest_route=%2Fwp%2Fv2%2Ftranslator&post=49655"},{"taxonomy":"source","embeddable":true,"href":"https:\/\/rioonwatch.org.br\/index.php?rest_route=%2Fwp%2Fv2%2Fsource&post=49655"},{"taxonomy":"ilustrador","embeddable":true,"href":"https:\/\/rioonwatch.org.br\/index.php?rest_route=%2Fwp%2Fv2%2Filustrador&post=49655"},{"taxonomy":"fotografo","embeddable":true,"href":"https:\/\/rioonwatch.org.br\/index.php?rest_route=%2Fwp%2Fv2%2Ffotografo&post=49655"}],"curies":[{"name":"wp","href":"https:\/\/api.w.org\/{rel}","templated":true}]}}