{"id":49698,"date":"2020-08-17T10:50:22","date_gmt":"2020-08-17T13:50:22","guid":{"rendered":"https:\/\/rioonwatch.org.br\/?p=49698"},"modified":"2020-12-17T12:51:58","modified_gmt":"2020-12-17T15:51:58","slug":"favelas-dao-aula-de-solidariedade-na-live-povo-brasileiro-e-sem-memoria-a-memoria-da-pandemia-na-favela-video","status":"publish","type":"post","link":"https:\/\/rioonwatch.org.br\/?p=49698","title":{"rendered":"Favelas D\u00e3o Aula na Live &#8216;Povo Brasileiro \u00e9 Sem Mem\u00f3ria? A Mem\u00f3ria da Pandemia na Favela&#8217;"},"content":{"rendered":"<p style=\"text-align: right;\"><em><strong><a href=\"https:\/\/bit.ly\/3gzgTNr\" target=\"_blank\" rel=\"noopener noreferrer\">Click Here for English<\/a><a href=\"https:\/\/bit.ly\/3gzgTNr\" target=\"_blank\" rel=\"noopener noreferrer\"><img decoding=\"async\" width=\"20\" height=\"20\" class=\"alignright wp-image-15790\" src=\"https:\/\/rioonwatch.org.br\/wp-content\/uploads\/2012\/08\/EN-standard-e1439583104716.jpg\" \/><\/a><\/strong><\/em><\/p>\n<p><i data-stringify-type=\"italic\">Esta \u00e9 nossa mat\u00e9ria mais recente sobre\u00a0<\/i><i data-stringify-type=\"italic\"><a class=\"c-link\" href=\"http:\/\/bit.ly\/Covid19NasFavelas\" target=\"_blank\" rel=\"noopener noreferrer\" data-stringify-link=\"http:\/\/bit.ly\/Covid19NasFavelas\" data-sk=\"tooltip_parent\">o novo coronav\u00edrus e seus impactos sobre as favelas<\/a><\/i><i data-stringify-type=\"italic\">\u00a0e tamb\u00e9m da <\/i><i data-stringify-type=\"italic\"><a class=\"c-link\" href=\"https:\/\/bit.ly\/LivesCovidFavelas\" target=\"_blank\" rel=\"noopener noreferrer\" data-stringify-link=\"https:\/\/bit.ly\/LivesCovidFavelas\" data-sk=\"tooltip_parent\" aria-describedby=\"sk-tooltip-1582\">s\u00e9rie LIVES Covid-19 nas Favelas<\/a><\/i><i data-stringify-type=\"italic\">.<\/i><\/p>\n<p><span style=\"font-weight: 400;\">No dia 27 de julho o Grupo de Trabalho Mem\u00f3ria e Cultura, da <a href=\"http:\/\/bit.ly\/2lADvX3\" target=\"_blank\" rel=\"noopener noreferrer\">Rede Favela Sustent\u00e1vel (RFS)<\/a>*<\/span><a href=\"https:\/\/www.facebook.com\/FavelaSustentavel\/\"><span style=\"font-weight: 400;\">,<\/span><\/a> organizou a aula p\u00fablica online: <a href=\"https:\/\/bit.ly\/39oAQ7C\" target=\"_blank\" rel=\"noopener noreferrer\"><span style=\"font-weight: 400;\">Povo Brasileiro \u00e9 Sem Mem\u00f3ria? A Mem\u00f3ria da Pandemia na Favela<\/span><\/a><span style=\"font-weight: 400;\">. A live interativa <\/span><span style=\"font-weight: 400;\">mediada por Bia Carvalho, coordenadora do projeto<\/span> <a href=\"http:\/\/bit.ly\/2xQ8oJQ\" target=\"_blank\" rel=\"noopener noreferrer\"><span style=\"font-weight: 400;\">Mulheres de Frente<\/span><\/a><span style=\"font-weight: 400;\"> e integrante do GT, reuniu <\/span><span style=\"font-weight: 400;\">cinco palestrantes que dialogaram sobre o tema e como projetos de mem\u00f3ria nas favelas t\u00eam um papel crucial para nutrir o sentimento de pertencimento em seus territ\u00f3rios, e como este sentimento \u00e9 a base para a promo\u00e7\u00e3o dos cuidados locais, o que \u00e9 especialmente relevante em plena pandemia.<\/span><\/p>\n<p><span style=\"font-weight: 400;\">O debate contou com <a href=\"http:\/\/bit.ly\/2z8VkA5\" target=\"_blank\" rel=\"noopener noreferrer\">Jota Marques<\/a>, educador popular, conselheiro tutelar e coordenador do coletivo<\/span>\u00a0<a href=\"http:\/\/bit.ly\/2MiHIuu\" target=\"_blank\" rel=\"noopener noreferrer\"><span style=\"font-weight: 400;\">Marginal<\/span><\/a><span style=\"font-weight: 400;\"> e integrante da <\/span><a href=\"https:\/\/bit.ly\/3belWA0\" target=\"_blank\" rel=\"noopener noreferrer\"><span style=\"font-weight: 400;\">Frente CDD<\/span><\/a><span style=\"font-weight: 400;\">,<\/span> <span style=\"font-weight: 400;\">na<\/span> <a href=\"http:\/\/bit.ly\/2KY6nDO\" target=\"_blank\" rel=\"noopener noreferrer\"><span style=\"font-weight: 400;\">Cidade de Deus<\/span><\/a><span style=\"font-weight: 400;\">; Marcia Penna, pedagoga e analista t\u00e9cnica do <\/span><span style=\"font-weight: 400;\">Sesc Departamento Nacional, na <\/span><span style=\"font-weight: 400;\">Ger\u00eancia de Forma\u00e7\u00e3o e Pesquisa; Elisabeth Lopes, do grupo <\/span><a href=\"https:\/\/bit.ly\/3iETCes\" target=\"_blank\" rel=\"noopener noreferrer\"><span style=\"font-weight: 400;\">Mulheres que Acontecem<\/span><\/a><span style=\"font-weight: 400;\">, no <\/span><a href=\"http:\/\/bit.ly\/2rfrNEo\" target=\"_blank\" rel=\"noopener noreferrer\"><span style=\"font-weight: 400;\">Salgueiro<\/span><\/a><span style=\"font-weight: 400;\">; Luiz Ant\u00f4nio de Oliveira, historiador e um dos fundadores do<\/span> <a href=\"http:\/\/bit.ly\/2CF6gXA\" target=\"_blank\" rel=\"noopener noreferrer\"><span style=\"font-weight: 400;\">Museu da Mar\u00e9<\/span><\/a><span style=\"font-weight: 400;\">; <a href=\"http:\/\/bit.ly\/1pcDODu\" target=\"_blank\" rel=\"noopener noreferrer\">Maria da Penha<\/a>, moradora <\/span><span style=\"font-weight: 400;\">da<\/span> <a href=\"http:\/\/bit.ly\/2x3RcjK\" target=\"_blank\" rel=\"noopener noreferrer\"><span style=\"font-weight: 400;\">Vila Aut\u00f3dromo<\/span><\/a><span style=\"font-weight: 400;\">\u00a0e representante do<\/span>\u00a0<a href=\"https:\/\/bit.ly\/2LSseew\" target=\"_blank\" rel=\"noopener noreferrer\"><span style=\"font-weight: 400;\">Museu das Remo\u00e7\u00f5es<\/span><\/a><span style=\"font-weight: 400;\">; e Glaucia Maciel, integrante da <\/span><a href=\"https:\/\/bit.ly\/2Co3klJ\" target=\"_blank\" rel=\"noopener noreferrer\"><span style=\"font-weight: 400;\">Orquestra de Rua<\/span><\/a><span style=\"font-weight: 400;\">,<\/span><span style=\"font-weight: 400;\"> no<\/span>\u00a0<a href=\"https:\/\/bit.ly\/2DGGRBi\" target=\"_blank\" rel=\"noopener noreferrer\"><span style=\"font-weight: 400;\">Morro da Provid\u00eancia<\/span><\/a><span style=\"font-weight: 400;\">. A live contou com 81 participantes no Zoom, e foi vista por mais de 470 <a href=\"https:\/\/bit.ly\/3g22UiD\" target=\"_blank\" rel=\"noopener noreferrer\">pelo Facebook<\/a>.<\/span><\/p>\n<p><a href=\"https:\/\/rioonwatch.org.br\/wp-content\/uploads\/2020\/08\/Frente-CDD.png\"><img fetchpriority=\"high\" decoding=\"async\" class=\"aligncenter wp-image-49704 size-content\" title=\"A\u00e7\u00e3o da Frente CDD\" src=\"https:\/\/rioonwatch.org.br\/wp-content\/uploads\/2020\/08\/Frente-CDD-620x264.png\" alt=\"A\u00e7\u00e3o da Frente CDD\" width=\"620\" height=\"264\" \/><\/a><\/p>\n<p><span style=\"font-weight: 400;\">A roda de conversa foi marcada por cr\u00edticas ao Estado, que segundo os palestrantes, <a href=\"https:\/\/bit.ly\/2YbqB34\" target=\"_blank\" rel=\"noopener noreferrer\">virou as costas \u00e0s favelas<\/a> em meio \u00e0 pandemia. Jota Marques explicou: \u201cFomos deixados, se n\u00e3o para morrer do v\u00edrus, para <a href=\"https:\/\/bit.ly\/2USJFjN\" target=\"_blank\" rel=\"noopener noreferrer\">morrer da fome ou da bala<\/a>\u201d, e acrescentou: \u201cSe a gente n\u00e3o age pela gente&#8230; provavelmente ficaremos ao Deus dar\u00e1\u201d. Para solucionar a falta de a\u00e7\u00e3o do Estado, as v\u00e1rias institui\u00e7\u00f5es representadas na live se reuniram para <a href=\"https:\/\/bit.ly\/2O9zN1i\" target=\"_blank\" rel=\"noopener noreferrer\">dar suporte as suas comunidades<\/a>. \u00c9 o caso do Museu da Mar\u00e9 e da Orquestra de Rua, cujas atividades cotidianas cessaram por causa do distanciamento f\u00edsico, por\u00e9m o trabalho de ambos continuaram com o foco no combate \u00e0 pandemia.<\/span><\/p>\n<p><span style=\"font-weight: 400;\">\u201cNa <a href=\"http:\/\/bit.ly\/2K1s59x\" target=\"_blank\" rel=\"noopener noreferrer\">Mar\u00e9<\/a> se criou a <a href=\"https:\/\/bit.ly\/30T1Wkp\" target=\"_blank\" rel=\"noopener noreferrer\">Frente de Mobiliza\u00e7\u00e3o da Mar\u00e9<\/a> que foi constru\u00edda por alguns coletivos, institui\u00e7\u00f5es e moradores da Mar\u00e9. Em torno de 100 pessoas participam desde o in\u00edcio. Come\u00e7ou com a <a href=\"http:\/\/bit.ly\/3dcI8N2\" target=\"_blank\" rel=\"noopener noreferrer\">comunica\u00e7\u00e3o para alertar<\/a> sobre a Covid, e foi visto que s\u00f3 isso n\u00e3o bastava, era necess\u00e1rio redu\u00e7\u00e3o de danos&#8230; Abrimos o museu para ser um espa\u00e7o da Frente de Mobiliza\u00e7\u00e3o receber cestas b\u00e1sicas e alimentos org\u00e2nicos, das nove \u00e0s nove durante a semana\u201d, disse Luiz Ant\u00f4nio de Oliveira.<\/span><\/p>\n<p><span style=\"font-weight: 400;\"><a href=\"https:\/\/rioonwatch.org.br\/wp-content\/uploads\/2020\/08\/Frente-da-Mar\u00e9.png\"><img decoding=\"async\" class=\"aligncenter wp-image-49703 size-content\" title=\"Integrantes da Frente de Mobiliza\u00e7\u00e3o da Mar\u00e9. Foto da p\u00e1gina da Frente CDD, no Facebook.\" src=\"https:\/\/rioonwatch.org.br\/wp-content\/uploads\/2020\/08\/Frente-da-Mar\u00e9-620x264.png\" alt=\"\" width=\"620\" height=\"264\" \/><\/a><\/span><\/p>\n<p><span style=\"font-weight: 400;\">\u201cInfelizmente, apesar de ser um v\u00edrus democr\u00e1tico, as consequ\u00eancias n\u00e3o o s\u00e3o\u201d, lembrou Jota, explicando que os problemas v\u00e3o para al\u00e9m da fome e da falta de apoio \u00e0s fam\u00edlias. \u201cTamb\u00e9m as <a href=\"https:\/\/bit.ly\/3643AAI\" target=\"_blank\" rel=\"noopener noreferrer\">opera\u00e7\u00f5es policiais<\/a> na &#8216;<a href=\"https:\/\/bit.ly\/2AyvJ7w\" target=\"_blank\" rel=\"noopener noreferrer\">guerra \u00e0s drogas<\/a>&#8216; atrapalha o nosso fluxo de a\u00e7\u00f5es.&#8221; Ele relembrou como a opera\u00e7\u00e3o policial, que causou a <\/span><span style=\"font-weight: 400;\">morte do jovem <\/span><a href=\"https:\/\/bit.ly\/2WPaas0\" target=\"_blank\" rel=\"noopener noreferrer\"><span style=\"font-weight: 400;\">Jo\u00e3o Vitor Gomes da Rocha<\/span><\/a><span style=\"font-weight: 400;\">, <\/span><span style=\"font-weight: 400;\">interrompeu a distribui\u00e7\u00e3o de cestas b\u00e1sicas na Cidade de Deus. A partir desta forte lembran\u00e7a, Jota apontou a import\u00e2ncia do papel da mem\u00f3ria: \u201cTemos de olhar para o antes e depois, contar o que aconteceu e refletir sobre o que faltou e o que podia ter sido diferente se tiv\u00e9ssemos mais recursos\u201d.<\/span><\/p>\n<p><span style=\"font-weight: 400;\">A\u00e7\u00f5es<\/span><span style=\"font-weight: 400;\"> como estas criam constrangimentos, Marcia Penna explica: \u201cComo diz a [personagem] Mafalda, &#8216;o urgente toma conta do que \u00e9 importante&#8217;. Estamos sempre apagando fogo, resolvendo o mais urgente e acabando sem tempo de nos determos em outras coisas, como a mem\u00f3ria\u201d, que \u00e9 importante para \u201cresgatar as vozes&#8230; \u00e9 importante n\u00e3o silenciar\u201d.<\/span><\/p>\n<p><span style=\"font-weight: 400;\">Embora o sentimento de coletividade e a ajuda m\u00fatua sejam importantes, <\/span><span style=\"font-weight: 400;\">\u00e9 tamb\u00e9m necess\u00e1rio cobrar aos governantes <a href=\"https:\/\/bit.ly\/2Rku5Mf\" target=\"_blank\" rel=\"noopener noreferrer\">o trabalho que n\u00e3o est\u00e1 sendo feito<\/a>, sublinhou Maria da Penha, com o apoio de muitos dos participantes na live. <\/span><span style=\"font-weight: 400;\">\u201cN\u00e3o podemos parar de pensar nas pol\u00edticas governamentais, porque n\u00f3s temos que entender que n\u00f3s somos os patr\u00f5es, temos de cobrar deles! Quem d\u00e1 o dinheiro e m\u00e3o de obra somos n\u00f3s, os pobres. Por que nossos governantes t\u00eam mais direito do que n\u00f3s? Precisamos de consertar esse algo errado&#8230; S\u00e3o mem\u00f3rias que n\u00e3o podemos esquecer. Temos de come\u00e7ar a trabalhar num amanh\u00e3 diferente.\u201d<\/span><\/p>\n<p><span style=\"font-weight: 400;\"> <a href=\"https:\/\/rioonwatch.org.br\/wp-content\/uploads\/2020\/08\/Museu-das-Remo\u00e7\u00f5es-e1597348107268.png\"><img loading=\"lazy\" decoding=\"async\" class=\"aligncenter wp-image-49705 size-content\" title=\"Museu das Remo\u00e7\u00f5es, na Vila Aut\u00f3dromo. Foto do Museu das Remo\u00e7\u00f5es no Facebook.\" src=\"https:\/\/rioonwatch.org.br\/wp-content\/uploads\/2020\/08\/Museu-das-Remo\u00e7\u00f5es-e1597348107268-620x264.png\" alt=\"\" width=\"620\" height=\"264\" \/><\/a><\/span><\/p>\n<p><span style=\"font-weight: 400;\">A fala da participante da live, Paula Kleper, sintetizou o debate: &#8220;Temos um estado que define quem vai comer. Temos um estado que decide quem vai passar fome&#8230; Foram as favelas que deram uma grande aula de solidariedade, promovendo autocuidado, informa\u00e7\u00e3o, e um outro projeto pol\u00edtico de exist\u00eancia&#8230; A favela conta uma hist\u00f3ria: praticamos lutas e solucionamos os problemas\u201d.<\/span><\/p>\n<h3>Assista \u00e0 Live Interativa <a href=\"https:\/\/bit.ly\/LIVEFavelaMemoria\" target=\"_blank\" rel=\"noopener noreferrer\">Aqui<\/a>:<\/h3>\n<p><iframe src=\"https:\/\/www.youtube.com\/embed\/aFrgENmOLNo\" width=\"620\" height=\"349\" frameborder=\"0\" allowfullscreen=\"allowfullscreen\"><span data-mce-type=\"bookmark\" style=\"display: inline-block; width: 0px; overflow: hidden; line-height: 0;\" class=\"mce_SELRES_start\">\ufeff<\/span><\/iframe><\/p>\n<p><em>*<\/em><i data-stringify-type=\"italic\">A Rede Favela Sustent\u00e1vel (RFS) e o RioOnWatch s\u00e3o projetos da\u00a0<\/i><i data-stringify-type=\"italic\"><a class=\"c-link\" href=\"http:\/\/bit.ly\/2Ziqwv5\" target=\"_blank\" rel=\"noopener noreferrer\" data-stringify-link=\"http:\/\/bit.ly\/2Ziqwv5\" data-sk=\"tooltip_parent\" aria-describedby=\"sk-tooltip-6287\">Comunidades Catalisadoras<\/a><\/i><i data-stringify-type=\"italic\">. A RFS tem o apoio da\u00a0<\/i><i data-stringify-type=\"italic\"><a class=\"c-link\" href=\"http:\/\/bit.ly\/2sKLSD3\" target=\"_blank\" rel=\"noopener noreferrer\" data-stringify-link=\"http:\/\/bit.ly\/2sKLSD3\" data-sk=\"tooltip_parent\" aria-describedby=\"sk-tooltip-6288\">Funda\u00e7\u00e3o Heinrich B\u00f6ll Brasil<\/a>.<\/i><\/p>\n<hr \/>\n<h4><strong>Apoie nossos esfor\u00e7os para fornecer assist\u00eancia estrat\u00e9gica \u00e0s favelas do Rio durante a pandemia de Covid-19, incluindo o jornalismo hiperlocal, cr\u00edtico, inovador e incans\u00e1vel do\u00a0<em>RioOnWatch<\/em><\/strong>\u2014<a href=\"http:\/\/bit.ly\/CatalisandoComunidades\">doe aqui<\/a>.<\/h4>\n<!-- AddThis Advanced Settings generic via filter on the_content --><!-- AddThis Share Buttons generic via filter on the_content -->","protected":false},"excerpt":{"rendered":"<div class=\"mh-excerpt\"><p>Click Here for English Esta \u00e9 nossa mat\u00e9ria mais recente sobre\u00a0o novo coronav\u00edrus e seus impactos sobre as favelas\u00a0e tamb\u00e9m da s\u00e9rie LIVES Covid-19 nas Favelas. No dia 27 de julho o Grupo de Trabalho <a class=\"mh-excerpt-more\" href=\"https:\/\/rioonwatch.org.br\/?p=49698\" title=\"Favelas D\u00e3o Aula na Live &#8216;Povo Brasileiro \u00e9 Sem Mem\u00f3ria? A Mem\u00f3ria da Pandemia na Favela&#8217;\">[&#8230;]<\/a><!-- AddThis Advanced Settings generic via filter on get_the_excerpt --><!-- AddThis Share Buttons generic via filter on get_the_excerpt --><\/p>\n<\/div>","protected":false},"author":129,"featured_media":49701,"comment_status":"closed","ping_status":"closed","sticky":false,"template":"","format":"standard","meta":{"_acf_changed":false,"_monsterinsights_skip_tracking":false,"_monsterinsights_sitenote_active":false,"_monsterinsights_sitenote_note":"","_monsterinsights_sitenote_category":0,"footnotes":""},"categories":[2753,1621,1627,1616,1612,342],"tags":[554,2748,469,257,1106,2040,417,754,2289,2549,2824,380,55,920,52,218,184],"writer":[2890],"translator":[],"source":[],"ilustrador":[],"fotografo":[],"class_list":{"0":"post-49698","1":"post","2":"type-post","3":"status-publish","4":"format-standard","5":"has-post-thumbnail","7":"category-covid19nasfavelas","8":"category-destaque","9":"category-relato-de-evento","10":"category-qualidades-da-favela","11":"category-sociedade-civil","12":"category-solucoes","13":"tag-cidade-de-deus","14":"tag-coronavirus","15":"tag-memoria","16":"tag-providencia","17":"tag-museu-da-mare","18":"tag-museu-das-remocoes","19":"tag-negligencia-do-estado","20":"tag-salgueiro","21":"tag-serie","22":"tag-serie-intercambios-da-rfs","23":"tag-serie-lives-covid-19-nas-favelas","24":"tag-solidariedade","25":"tag-vila-autodromo","26":"tag-violencia-de-estado","27":"tag-violencia-policial","28":"tag-zona-norte","29":"tag-zona-oeste","30":"writer-mariana-gomes"},"acf":[],"yoast_head":"<!-- This site is optimized with the Yoast SEO plugin v25.6 - https:\/\/yoast.com\/wordpress\/plugins\/seo\/ -->\n<title>Favelas D\u00e3o Aula na Live &#039;Povo Brasileiro \u00e9 Sem Mem\u00f3ria? A Mem\u00f3ria da Pandemia na Favela&#039; - RioOnWatch<\/title>\n<meta name=\"robots\" content=\"index, follow, max-snippet:-1, max-image-preview:large, max-video-preview:-1\" \/>\n<link rel=\"canonical\" href=\"https:\/\/rioonwatch.org.br\/?p=49698\" \/>\n<meta property=\"og:locale\" content=\"pt_BR\" \/>\n<meta property=\"og:type\" content=\"article\" \/>\n<meta property=\"og:title\" content=\"Favelas D\u00e3o Aula na Live &#039;Povo Brasileiro \u00e9 Sem Mem\u00f3ria? A Mem\u00f3ria da Pandemia na Favela&#039; - RioOnWatch\" \/>\n<meta property=\"og:description\" content=\"Click Here for English Esta \u00e9 nossa mat\u00e9ria mais recente sobre\u00a0o novo coronav\u00edrus e seus impactos sobre as favelas\u00a0e tamb\u00e9m da s\u00e9rie LIVES Covid-19 nas Favelas. No dia 27 de julho o Grupo de Trabalho [...]\" \/>\n<meta property=\"og:url\" content=\"https:\/\/rioonwatch.org.br\/?p=49698\" \/>\n<meta property=\"og:site_name\" content=\"RioOnWatch\" \/>\n<meta property=\"article:published_time\" content=\"2020-08-17T13:50:22+00:00\" \/>\n<meta property=\"article:modified_time\" content=\"2020-12-17T15:51:58+00:00\" \/>\n<meta property=\"og:image\" content=\"https:\/\/rioonwatch.org.br\/wp-content\/uploads\/2020\/08\/Live-GT-Mem\u00f3ria.png\" \/>\n\t<meta property=\"og:image:width\" content=\"858\" \/>\n\t<meta property=\"og:image:height\" content=\"430\" \/>\n\t<meta property=\"og:image:type\" content=\"image\/png\" \/>\n<meta name=\"author\" content=\"Admin\" \/>\n<meta name=\"twitter:card\" content=\"summary_large_image\" \/>\n<meta name=\"twitter:label1\" content=\"Escrito por\" \/>\n\t<meta name=\"twitter:data1\" content=\"Admin\" \/>\n\t<meta name=\"twitter:label2\" content=\"Est. tempo de leitura\" \/>\n\t<meta name=\"twitter:data2\" content=\"4 minutos\" \/>\n<script type=\"application\/ld+json\" class=\"yoast-schema-graph\">{\"@context\":\"https:\/\/schema.org\",\"@graph\":[{\"@type\":\"Article\",\"@id\":\"https:\/\/rioonwatch.org.br\/?p=49698#article\",\"isPartOf\":{\"@id\":\"https:\/\/rioonwatch.org.br\/?p=49698\"},\"author\":{\"name\":\"Admin\",\"@id\":\"https:\/\/rioonwatch.org.br\/#\/schema\/person\/11d64c290506f9df50c71b850c473f68\"},\"headline\":\"Favelas D\u00e3o Aula na Live &#8216;Povo Brasileiro \u00e9 Sem Mem\u00f3ria? A Mem\u00f3ria da Pandemia na Favela&#8217;\",\"datePublished\":\"2020-08-17T13:50:22+00:00\",\"dateModified\":\"2020-12-17T15:51:58+00:00\",\"mainEntityOfPage\":{\"@id\":\"https:\/\/rioonwatch.org.br\/?p=49698\"},\"wordCount\":902,\"publisher\":{\"@id\":\"https:\/\/rioonwatch.org.br\/#organization\"},\"image\":{\"@id\":\"https:\/\/rioonwatch.org.br\/?p=49698#primaryimage\"},\"thumbnailUrl\":\"https:\/\/rioonwatch.org.br\/wp-content\/uploads\/2020\/08\/Live-GT-Mem\u00f3ria.png\",\"keywords\":[\"Cidade de Deus\",\"coronav\u00edrus\",\"Mem\u00f3rias Faveladas\",\"Morro da Provid\u00eancia\",\"Museu da Mar\u00e9\",\"Museu das Remo\u00e7\u00f5es\",\"Neglig\u00eancia do Estado\",\"Salgueiro\",\"S\u00e9rie\",\"S\u00e9rie: Interc\u00e2mbios da RFS\",\"S\u00e9rie: LIVES Covid-19 nas Favelas\",\"solidariedade\",\"Vila Aut\u00f3dromo\",\"viol\u00eancia de Estado\",\"viol\u00eancia policial\",\"Zona Norte\",\"Zona Oeste\"],\"articleSection\":[\"#Covid19NasFavelas\",\"*Destaque\",\"Cobertura de Eventos\",\"Qualidades da Favela\",\"Sociedade Civil\",\"Solu\u00e7\u00f5es\"],\"inLanguage\":\"pt-BR\"},{\"@type\":\"WebPage\",\"@id\":\"https:\/\/rioonwatch.org.br\/?p=49698\",\"url\":\"https:\/\/rioonwatch.org.br\/?p=49698\",\"name\":\"Favelas D\u00e3o Aula na Live 'Povo Brasileiro \u00e9 Sem Mem\u00f3ria? A Mem\u00f3ria da Pandemia na Favela' - RioOnWatch\",\"isPartOf\":{\"@id\":\"https:\/\/rioonwatch.org.br\/#website\"},\"primaryImageOfPage\":{\"@id\":\"https:\/\/rioonwatch.org.br\/?p=49698#primaryimage\"},\"image\":{\"@id\":\"https:\/\/rioonwatch.org.br\/?p=49698#primaryimage\"},\"thumbnailUrl\":\"https:\/\/rioonwatch.org.br\/wp-content\/uploads\/2020\/08\/Live-GT-Mem\u00f3ria.png\",\"datePublished\":\"2020-08-17T13:50:22+00:00\",\"dateModified\":\"2020-12-17T15:51:58+00:00\",\"breadcrumb\":{\"@id\":\"https:\/\/rioonwatch.org.br\/?p=49698#breadcrumb\"},\"inLanguage\":\"pt-BR\",\"potentialAction\":[{\"@type\":\"ReadAction\",\"target\":[\"https:\/\/rioonwatch.org.br\/?p=49698\"]}]},{\"@type\":\"ImageObject\",\"inLanguage\":\"pt-BR\",\"@id\":\"https:\/\/rioonwatch.org.br\/?p=49698#primaryimage\",\"url\":\"https:\/\/rioonwatch.org.br\/wp-content\/uploads\/2020\/08\/Live-GT-Mem\u00f3ria.png\",\"contentUrl\":\"https:\/\/rioonwatch.org.br\/wp-content\/uploads\/2020\/08\/Live-GT-Mem\u00f3ria.png\",\"width\":858,\"height\":430},{\"@type\":\"BreadcrumbList\",\"@id\":\"https:\/\/rioonwatch.org.br\/?p=49698#breadcrumb\",\"itemListElement\":[{\"@type\":\"ListItem\",\"position\":1,\"name\":\"In\u00edcio\",\"item\":\"https:\/\/rioonwatch.org.br\/\"},{\"@type\":\"ListItem\",\"position\":2,\"name\":\"Favelas D\u00e3o Aula na Live &#8216;Povo Brasileiro \u00e9 Sem Mem\u00f3ria? A Mem\u00f3ria da Pandemia na Favela&#8217;\"}]},{\"@type\":\"WebSite\",\"@id\":\"https:\/\/rioonwatch.org.br\/#website\",\"url\":\"https:\/\/rioonwatch.org.br\/\",\"name\":\"RioOnWatch\",\"description\":\"relatos das favelas cariocas\",\"publisher\":{\"@id\":\"https:\/\/rioonwatch.org.br\/#organization\"},\"potentialAction\":[{\"@type\":\"SearchAction\",\"target\":{\"@type\":\"EntryPoint\",\"urlTemplate\":\"https:\/\/rioonwatch.org.br\/?s={search_term_string}\"},\"query-input\":{\"@type\":\"PropertyValueSpecification\",\"valueRequired\":true,\"valueName\":\"search_term_string\"}}],\"inLanguage\":\"pt-BR\"},{\"@type\":\"Organization\",\"@id\":\"https:\/\/rioonwatch.org.br\/#organization\",\"name\":\"RioOnWatch\",\"url\":\"https:\/\/rioonwatch.org.br\/\",\"logo\":{\"@type\":\"ImageObject\",\"inLanguage\":\"pt-BR\",\"@id\":\"https:\/\/rioonwatch.org.br\/#\/schema\/logo\/image\/\",\"url\":\"https:\/\/rioonwatch.org.br\/wp-content\/uploads\/2021\/06\/RioOnWatchcabecalhoPT11anos-2.png\",\"contentUrl\":\"https:\/\/rioonwatch.org.br\/wp-content\/uploads\/2021\/06\/RioOnWatchcabecalhoPT11anos-2.png\",\"width\":779,\"height\":277,\"caption\":\"RioOnWatch\"},\"image\":{\"@id\":\"https:\/\/rioonwatch.org.br\/#\/schema\/logo\/image\/\"}},{\"@type\":\"Person\",\"@id\":\"https:\/\/rioonwatch.org.br\/#\/schema\/person\/11d64c290506f9df50c71b850c473f68\",\"name\":\"Admin\",\"image\":{\"@type\":\"ImageObject\",\"inLanguage\":\"pt-BR\",\"@id\":\"https:\/\/rioonwatch.org.br\/#\/schema\/person\/image\/\",\"url\":\"https:\/\/secure.gravatar.com\/avatar\/56211ac74568383903349a1485e3c325?s=96&d=blank&r=g\",\"contentUrl\":\"https:\/\/secure.gravatar.com\/avatar\/56211ac74568383903349a1485e3c325?s=96&d=blank&r=g\",\"caption\":\"Admin\"},\"url\":\"https:\/\/rioonwatch.org.br\/?author=129\"}]}<\/script>\n<!-- \/ Yoast SEO plugin. -->","yoast_head_json":{"title":"Favelas D\u00e3o Aula na Live 'Povo Brasileiro \u00e9 Sem Mem\u00f3ria? A Mem\u00f3ria da Pandemia na Favela' - RioOnWatch","robots":{"index":"index","follow":"follow","max-snippet":"max-snippet:-1","max-image-preview":"max-image-preview:large","max-video-preview":"max-video-preview:-1"},"canonical":"https:\/\/rioonwatch.org.br\/?p=49698","og_locale":"pt_BR","og_type":"article","og_title":"Favelas D\u00e3o Aula na Live 'Povo Brasileiro \u00e9 Sem Mem\u00f3ria? A Mem\u00f3ria da Pandemia na Favela' - RioOnWatch","og_description":"Click Here for English Esta \u00e9 nossa mat\u00e9ria mais recente sobre\u00a0o novo coronav\u00edrus e seus impactos sobre as favelas\u00a0e tamb\u00e9m da s\u00e9rie LIVES Covid-19 nas Favelas. No dia 27 de julho o Grupo de Trabalho [...]","og_url":"https:\/\/rioonwatch.org.br\/?p=49698","og_site_name":"RioOnWatch","article_published_time":"2020-08-17T13:50:22+00:00","article_modified_time":"2020-12-17T15:51:58+00:00","og_image":[{"width":858,"height":430,"url":"https:\/\/rioonwatch.org.br\/wp-content\/uploads\/2020\/08\/Live-GT-Mem\u00f3ria.png","type":"image\/png"}],"author":"Admin","twitter_card":"summary_large_image","twitter_misc":{"Escrito por":"Admin","Est. tempo de leitura":"4 minutos"},"schema":{"@context":"https:\/\/schema.org","@graph":[{"@type":"Article","@id":"https:\/\/rioonwatch.org.br\/?p=49698#article","isPartOf":{"@id":"https:\/\/rioonwatch.org.br\/?p=49698"},"author":{"name":"Admin","@id":"https:\/\/rioonwatch.org.br\/#\/schema\/person\/11d64c290506f9df50c71b850c473f68"},"headline":"Favelas D\u00e3o Aula na Live &#8216;Povo Brasileiro \u00e9 Sem Mem\u00f3ria? A Mem\u00f3ria da Pandemia na Favela&#8217;","datePublished":"2020-08-17T13:50:22+00:00","dateModified":"2020-12-17T15:51:58+00:00","mainEntityOfPage":{"@id":"https:\/\/rioonwatch.org.br\/?p=49698"},"wordCount":902,"publisher":{"@id":"https:\/\/rioonwatch.org.br\/#organization"},"image":{"@id":"https:\/\/rioonwatch.org.br\/?p=49698#primaryimage"},"thumbnailUrl":"https:\/\/rioonwatch.org.br\/wp-content\/uploads\/2020\/08\/Live-GT-Mem\u00f3ria.png","keywords":["Cidade de Deus","coronav\u00edrus","Mem\u00f3rias Faveladas","Morro da Provid\u00eancia","Museu da Mar\u00e9","Museu das Remo\u00e7\u00f5es","Neglig\u00eancia do Estado","Salgueiro","S\u00e9rie","S\u00e9rie: Interc\u00e2mbios da RFS","S\u00e9rie: LIVES Covid-19 nas Favelas","solidariedade","Vila Aut\u00f3dromo","viol\u00eancia de Estado","viol\u00eancia policial","Zona Norte","Zona Oeste"],"articleSection":["#Covid19NasFavelas","*Destaque","Cobertura de Eventos","Qualidades da Favela","Sociedade Civil","Solu\u00e7\u00f5es"],"inLanguage":"pt-BR"},{"@type":"WebPage","@id":"https:\/\/rioonwatch.org.br\/?p=49698","url":"https:\/\/rioonwatch.org.br\/?p=49698","name":"Favelas D\u00e3o Aula na Live 'Povo Brasileiro \u00e9 Sem Mem\u00f3ria? A Mem\u00f3ria da Pandemia na Favela' - RioOnWatch","isPartOf":{"@id":"https:\/\/rioonwatch.org.br\/#website"},"primaryImageOfPage":{"@id":"https:\/\/rioonwatch.org.br\/?p=49698#primaryimage"},"image":{"@id":"https:\/\/rioonwatch.org.br\/?p=49698#primaryimage"},"thumbnailUrl":"https:\/\/rioonwatch.org.br\/wp-content\/uploads\/2020\/08\/Live-GT-Mem\u00f3ria.png","datePublished":"2020-08-17T13:50:22+00:00","dateModified":"2020-12-17T15:51:58+00:00","breadcrumb":{"@id":"https:\/\/rioonwatch.org.br\/?p=49698#breadcrumb"},"inLanguage":"pt-BR","potentialAction":[{"@type":"ReadAction","target":["https:\/\/rioonwatch.org.br\/?p=49698"]}]},{"@type":"ImageObject","inLanguage":"pt-BR","@id":"https:\/\/rioonwatch.org.br\/?p=49698#primaryimage","url":"https:\/\/rioonwatch.org.br\/wp-content\/uploads\/2020\/08\/Live-GT-Mem\u00f3ria.png","contentUrl":"https:\/\/rioonwatch.org.br\/wp-content\/uploads\/2020\/08\/Live-GT-Mem\u00f3ria.png","width":858,"height":430},{"@type":"BreadcrumbList","@id":"https:\/\/rioonwatch.org.br\/?p=49698#breadcrumb","itemListElement":[{"@type":"ListItem","position":1,"name":"In\u00edcio","item":"https:\/\/rioonwatch.org.br\/"},{"@type":"ListItem","position":2,"name":"Favelas D\u00e3o Aula na Live &#8216;Povo Brasileiro \u00e9 Sem Mem\u00f3ria? A Mem\u00f3ria da Pandemia na Favela&#8217;"}]},{"@type":"WebSite","@id":"https:\/\/rioonwatch.org.br\/#website","url":"https:\/\/rioonwatch.org.br\/","name":"RioOnWatch","description":"relatos das favelas cariocas","publisher":{"@id":"https:\/\/rioonwatch.org.br\/#organization"},"potentialAction":[{"@type":"SearchAction","target":{"@type":"EntryPoint","urlTemplate":"https:\/\/rioonwatch.org.br\/?s={search_term_string}"},"query-input":{"@type":"PropertyValueSpecification","valueRequired":true,"valueName":"search_term_string"}}],"inLanguage":"pt-BR"},{"@type":"Organization","@id":"https:\/\/rioonwatch.org.br\/#organization","name":"RioOnWatch","url":"https:\/\/rioonwatch.org.br\/","logo":{"@type":"ImageObject","inLanguage":"pt-BR","@id":"https:\/\/rioonwatch.org.br\/#\/schema\/logo\/image\/","url":"https:\/\/rioonwatch.org.br\/wp-content\/uploads\/2021\/06\/RioOnWatchcabecalhoPT11anos-2.png","contentUrl":"https:\/\/rioonwatch.org.br\/wp-content\/uploads\/2021\/06\/RioOnWatchcabecalhoPT11anos-2.png","width":779,"height":277,"caption":"RioOnWatch"},"image":{"@id":"https:\/\/rioonwatch.org.br\/#\/schema\/logo\/image\/"}},{"@type":"Person","@id":"https:\/\/rioonwatch.org.br\/#\/schema\/person\/11d64c290506f9df50c71b850c473f68","name":"Admin","image":{"@type":"ImageObject","inLanguage":"pt-BR","@id":"https:\/\/rioonwatch.org.br\/#\/schema\/person\/image\/","url":"https:\/\/secure.gravatar.com\/avatar\/56211ac74568383903349a1485e3c325?s=96&d=blank&r=g","contentUrl":"https:\/\/secure.gravatar.com\/avatar\/56211ac74568383903349a1485e3c325?s=96&d=blank&r=g","caption":"Admin"},"url":"https:\/\/rioonwatch.org.br\/?author=129"}]}},"_links":{"self":[{"href":"https:\/\/rioonwatch.org.br\/index.php?rest_route=\/wp\/v2\/posts\/49698"}],"collection":[{"href":"https:\/\/rioonwatch.org.br\/index.php?rest_route=\/wp\/v2\/posts"}],"about":[{"href":"https:\/\/rioonwatch.org.br\/index.php?rest_route=\/wp\/v2\/types\/post"}],"author":[{"embeddable":true,"href":"https:\/\/rioonwatch.org.br\/index.php?rest_route=\/wp\/v2\/users\/129"}],"replies":[{"embeddable":true,"href":"https:\/\/rioonwatch.org.br\/index.php?rest_route=%2Fwp%2Fv2%2Fcomments&post=49698"}],"version-history":[{"count":49,"href":"https:\/\/rioonwatch.org.br\/index.php?rest_route=\/wp\/v2\/posts\/49698\/revisions"}],"predecessor-version":[{"id":50204,"href":"https:\/\/rioonwatch.org.br\/index.php?rest_route=\/wp\/v2\/posts\/49698\/revisions\/50204"}],"wp:featuredmedia":[{"embeddable":true,"href":"https:\/\/rioonwatch.org.br\/index.php?rest_route=\/wp\/v2\/media\/49701"}],"wp:attachment":[{"href":"https:\/\/rioonwatch.org.br\/index.php?rest_route=%2Fwp%2Fv2%2Fmedia&parent=49698"}],"wp:term":[{"taxonomy":"category","embeddable":true,"href":"https:\/\/rioonwatch.org.br\/index.php?rest_route=%2Fwp%2Fv2%2Fcategories&post=49698"},{"taxonomy":"post_tag","embeddable":true,"href":"https:\/\/rioonwatch.org.br\/index.php?rest_route=%2Fwp%2Fv2%2Ftags&post=49698"},{"taxonomy":"writer","embeddable":true,"href":"https:\/\/rioonwatch.org.br\/index.php?rest_route=%2Fwp%2Fv2%2Fwriter&post=49698"},{"taxonomy":"translator","embeddable":true,"href":"https:\/\/rioonwatch.org.br\/index.php?rest_route=%2Fwp%2Fv2%2Ftranslator&post=49698"},{"taxonomy":"source","embeddable":true,"href":"https:\/\/rioonwatch.org.br\/index.php?rest_route=%2Fwp%2Fv2%2Fsource&post=49698"},{"taxonomy":"ilustrador","embeddable":true,"href":"https:\/\/rioonwatch.org.br\/index.php?rest_route=%2Fwp%2Fv2%2Filustrador&post=49698"},{"taxonomy":"fotografo","embeddable":true,"href":"https:\/\/rioonwatch.org.br\/index.php?rest_route=%2Fwp%2Fv2%2Ffotografo&post=49698"}],"curies":[{"name":"wp","href":"https:\/\/api.w.org\/{rel}","templated":true}]}}