{"id":49897,"date":"2020-08-26T17:16:14","date_gmt":"2020-08-26T20:16:14","guid":{"rendered":"https:\/\/rioonwatch.org.br\/?p=49897"},"modified":"2021-03-17T12:03:30","modified_gmt":"2021-03-17T15:03:30","slug":"a-pandemia-oculta-os-relatos-por-tras-dos-numeros-da-covid-19-nas-favelas-parte-2-video","status":"publish","type":"post","link":"https:\/\/rioonwatch.org.br\/?p=49897","title":{"rendered":"A Pandemia Oculta: Os Relatos por Tr\u00e1s dos N\u00fameros da Covid-19 nas Favelas, Parte 2 [V\u00cdDEO]"},"content":{"rendered":"<p style=\"text-align: right;\"><em><strong><a href=\"https:\/\/bit.ly\/3jY0CUa\" target=\"_blank\" rel=\"noopener noreferrer\">Click Here for English<\/a><a href=\"https:\/\/bit.ly\/3jY0CUa\" target=\"_blank\" rel=\"noopener noreferrer\"><img decoding=\"async\" width=\"20\" height=\"20\" class=\"alignright wp-image-15790\" src=\"http:\/\/rioonwatch.org.br\/wp-content\/uploads\/2012\/08\/EN-standard-e1439583104716.jpg\" \/><\/a><\/strong><\/em><\/p>\n<p><i data-stringify-type=\"italic\">Esta \u00e9 nossa mat\u00e9ria mais recente sobre\u00a0<\/i><i data-stringify-type=\"italic\"><a class=\"c-link\" href=\"http:\/\/bit.ly\/Covid19NasFavelas\" target=\"_blank\" rel=\"noopener noreferrer\" data-stringify-link=\"http:\/\/bit.ly\/Covid19NasFavelas\" data-sk=\"tooltip_parent\">o novo coronav\u00edrus e seus impactos sobre as favelas,<\/a>\u00a0<em>e \u00e9 a segunda de duas mat\u00e9rias que analisa a complexidade da pandemia da Covid-19 nas favelas do Rio, trazendo vozes de lideran\u00e7as e moradores de favelas que participaram da <a href=\"https:\/\/bit.ly\/2F8Hfso\" target=\"_blank\" rel=\"noopener noreferrer\">\u00faltima coletiva<\/a>\u00a0do\u00a0<a href=\"https:\/\/www.favela.info\/\" target=\"_blank\" rel=\"noopener noreferrer\">Painel Unificador Covid-19 nas Favelas<\/a>. Para a parte 1, clique\u00a0<a href=\"https:\/\/bit.ly\/3aX7fmv\" target=\"_blank\" rel=\"noopener noreferrer\">aqui<\/a>.<\/em><\/i><\/p>\n<p><em>Esta segunda parte aponta a<span style=\"font-weight: 400;\"> falta de estrat\u00e9gia do poder p\u00fablico para lidar com quest\u00f5es sociais, econ\u00f4micas, culturais e de sa\u00fade p\u00fablica, nas favelas, que se agravaram com a pandemia.<\/span><\/em><\/p>\n<h3>Problemas Ocultos Intensificados na Pandemia<\/h3>\n<p><span style=\"font-weight: 400;\">Cada favela tem sua pr\u00f3pria din\u00e2mica socioespacial, composta, dentre outros fatores, por sua localiza\u00e7\u00e3o, sua hist\u00f3ria, seus moradores. Isso gera demandas espec\u00edficas, que endossam a utiliza\u00e7\u00e3o de diversos mecanismos para dar conta de compreender e atender \u00e0s suas realidades. Por\u00e9m, como tem sido visto desde o in\u00edcio da pandemia no Brasil, n\u00e3o h\u00e1 formula\u00e7\u00e3o de estrat\u00e9gias e diretrizes para combater a situa\u00e7\u00e3o, principalmente nas favelas, onde resolu\u00e7\u00f5es globais como <\/span><span style=\"font-weight: 400;\"><a href=\"https:\/\/bit.ly\/2EjvkaE\" target=\"_blank\" rel=\"noopener noreferrer\">distanciamento social<\/a> e higieniza\u00e7\u00e3o recorrente das m\u00e3os<\/span><span style=\"font-weight: 400;\">\u00a0n\u00e3o conseguem ser aplicadas de forma homog\u00eanea.<\/span><\/p>\n<p><span style=\"font-weight: 400;\">Essa \u201cpandemia oculta\u201d engloba in\u00fameras quest\u00f5es sociais, econ\u00f4micas, culturais e de <a href=\"https:\/\/bit.ly\/3e1Vw60\" target=\"_blank\" rel=\"noopener noreferrer\">sa\u00fade p\u00fablica da favela<\/a> que raramente s\u00e3o colocadas em foco pela divulga\u00e7\u00e3o da grande m\u00eddia e muito menos dos governos. <\/span><span style=\"font-weight: 400;\">Segundo relatos de lideran\u00e7as comunit\u00e1rias, presentes na <a href=\"https:\/\/bit.ly\/2F8Hfso\" target=\"_blank\" rel=\"noopener noreferrer\">\u00faltima coletiva<\/a> do <a href=\"https:\/\/www.favela.info\/\" target=\"_blank\" rel=\"noopener noreferrer\">Painel Unificador Covid-19 nas Favelas<\/a>, <\/span><span style=\"font-weight: 400;\">nos \u00faltimos meses houve grande diminui\u00e7\u00e3o no n\u00famero de doa\u00e7\u00f5es de cestas b\u00e1sicas para as fam\u00edlias das favelas. O te\u00f3rico <a href=\"https:\/\/bit.ly\/3kYhsUh\" target=\"_blank\" rel=\"noopener noreferrer\">patamar de estabilidade que o Rio de Janeiro<\/a> atingiu em rela\u00e7\u00e3o ao n\u00famero de casos e \u00f3bitos, e a consequente <\/span><a href=\"https:\/\/glo.bo\/3g3hXZy\" target=\"_blank\" rel=\"noopener noreferrer\"><span style=\"font-weight: 400;\">flexibiliza\u00e7\u00e3o<\/span><\/a><span style=\"font-weight: 400;\">\u00a0instaurada pelo <a href=\"http:\/\/bit.ly\/31U6h54\" target=\"_blank\" rel=\"noopener noreferrer\">Prefeito Marcelo Crivella<\/a>, d\u00e3o aos que doaram nos primeiros meses a sensa\u00e7\u00e3o de que &#8220;o pior j\u00e1 passou&#8221; e que n\u00e3o h\u00e1 mais necessidade. Infelizmente, ainda existem muitas <\/span><span style=\"font-weight: 400;\"><a href=\"https:\/\/bit.ly\/2Y9CxRJ\" target=\"_blank\" rel=\"noopener noreferrer\">fam\u00edlias com dificuldade para comprar alimentos<\/a>, ou mesmo passando fome<\/span><span style=\"font-weight: 400;\">.<\/span><\/p>\n<p><a href=\"https:\/\/rioonwatch.org.br\/wp-content\/uploads\/2020\/08\/fotografo-flagra-brt-lotado-no-rio-durante-a-pandemia1.jpeg\"><img fetchpriority=\"high\" decoding=\"async\" class=\"aligncenter wp-image-49887 size-content\" title=\"Fot\u00f3grafo flagra BRT lotado no Rio durante a pandemia. Foto por: cr\u00e9ditos: Yan Marcelo\/Arquivo pessoal\" src=\"https:\/\/rioonwatch.org.br\/wp-content\/uploads\/2020\/08\/fotografo-flagra-brt-lotado-no-rio-durante-a-pandemia1-617x264.jpeg\" alt=\"\" width=\"617\" height=\"264\" \/><\/a><\/p>\n<p><span style=\"font-weight: 400;\">A jornalista <\/span><span style=\"font-weight: 400;\">Karen Melo<\/span><span style=\"font-weight: 400;\">, do <a href=\"https:\/\/rioonwatch.org.br\/?tag=voz-da-comunidade\" target=\"_blank\" rel=\"noopener noreferrer\"><em>Voz das Comunidades<\/em><\/a>, e moradora do <a href=\"http:\/\/bit.ly\/2wIyn5a\" target=\"_blank\" rel=\"noopener noreferrer\">Complexo do Alem\u00e3o<\/a>, relatou que al\u00e9m da dificuldade do acesso \u00e0s cestas b\u00e1sicas, muitas vezes elas ainda v\u00eam com mantimentos estragados: <\/span><i><span style=\"font-weight: 400;\">\u201c<\/span><\/i><span style=\"font-weight: 400;\">recebi um v\u00eddeo de uma moradora que mostrava para a gente o leite em p\u00f3 que a crian\u00e7a recebeu e o leite n\u00e3o se misturava com a \u00e1gua, e ela falava: &#8216;Como eu vou dar isso para o meu filho de oito meses de idade?&#8217;<\/span><i><span style=\"font-weight: 400;\">\u201d<\/span><\/i><\/p>\n<p><span style=\"font-weight: 400;\">Essa quest\u00e3o alimentar fica ainda mais preocupante frente \u00e0 dificuldade no acesso ao aux\u00edlio emergencial prometido pelo governo. Os R$600,00 de <\/span><a href=\"https:\/\/bit.ly\/2YJSKOi\" target=\"_blank\" rel=\"noopener noreferrer\"><span style=\"font-weight: 400;\">aux\u00edlio emergencial<\/span><\/a><span style=\"font-weight: 400;\"> n\u00e3o est\u00e3o chegando como deveriam \u00e0s fam\u00edlias de baixa renda e \u00e0quelas cujo respons\u00e1vel est\u00e1 impossibilitado de trabalhar nesse momento. Muitos trabalhadores das favelas s\u00e3o aut\u00f4nomos ou profissionais informais, e a pandemia automaticamente colocou suas fun\u00e7\u00f5es em suspenso. O atraso e a dificuldade que est\u00e3o enfrentando para retirarem seu aux\u00edlio emergencial as deixa sem nenhum tipo de fonte de renda, gerando a volta prematura ao trabalho (quando isso \u00e9 poss\u00edvel) e, consequentemente, ao maior risco de exposi\u00e7\u00e3o \u00e0 <a href=\"https:\/\/bit.ly\/2xOpNGB\" target=\"_blank\" rel=\"noopener noreferrer\">Covid-19<\/a>.<\/span><\/p>\n<p><span style=\"font-weight: 400;\">Outra problem\u00e1tica intensificada pela pandemia <a href=\"https:\/\/bit.ly\/2DXM2Nk\" target=\"_blank\" rel=\"noopener noreferrer\">diz respeito a m\u00e3es das favelas<\/a>. <\/span><span style=\"font-weight: 400;\">O n\u00famero de fam\u00edlias brasileiras <a href=\"https:\/\/bit.ly\/2D491G0\" target=\"_blank\" rel=\"noopener noreferrer\">chefiadas por mulheres cresceu<\/a> 105% no per\u00edodo entre 2001 e 2015<\/span><span style=\"font-weight: 400;\"> e isso n\u00e3o \u00e9 diferente dentro das favelas. Boa parte dessas mulheres s\u00e3o trabalhadoras aut\u00f4nomas e m\u00e3es solo, o que gera a cruel pergunta que muitas j\u00e1 tiveram que se fazer: se t<\/span><span style=\"font-weight: 400;\">rabalha em meio \u00e0 pandemia para alimentar seus filhos, arriscando cont\u00e1gio, ou fica em casa e os veja passando fome.<\/span> Segundo <a href=\"https:\/\/bit.ly\/3haauZU\" target=\"_blank\" rel=\"noopener noreferrer\">dados do Data Favela<\/a>, <span style=\"font-weight: 400;\">84% delas sofreram com queda de renda, 87% est\u00e3o cortando gastos, e 73% relataram que n\u00e3o ser\u00e3o capazes de manter seu padr\u00e3o de vida caso parem de trabalhar.<\/span><\/p>\n<p><span style=\"font-weight: 400;\">Al\u00e9m disso, <\/span><span style=\"font-weight: 400;\">segundo relatos de lideran\u00e7as comunit\u00e1rias<\/span><span style=\"font-weight: 400;\">, algumas fam\u00edlias que dependem do aux\u00edlio-reclus\u00e3o, est\u00e3o sem assist\u00eancia quando os <a href=\"https:\/\/bit.ly\/2YiXee9\" target=\"_blank\" rel=\"noopener noreferrer\">presos falecem dentro das penitenci\u00e1rias devido \u00e0 Covid-19<\/a>. Os dados sobre a situa\u00e7\u00e3o dos presidi\u00e1rios frente \u00e0 pandemia tamb\u00e9m est\u00e3o desatualizados, mas sabe-se que as <\/span><span style=\"font-weight: 400;\"><a href=\"https:\/\/bit.ly\/34dro6C\" target=\"_blank\" rel=\"noopener noreferrer\">condi\u00e7\u00f5es de higiene s\u00e3o p\u00e9ssimas<\/a> e que n\u00e3o h\u00e1 atendimento m\u00e9dico adequado.<\/span><\/p>\n<p><span style=\"font-weight: 400;\">Mas o atendimento m\u00e9dico adequado n\u00e3o falta apenas dentro dos pres\u00eddios. O atual sistema de sa\u00fade facilita as ilegalidades dos mais diversos tipos. Alguns <\/span><span style=\"font-weight: 400;\">moradores tamb\u00e9m apresentaram relatos <\/span><span style=\"font-weight: 400;\">a respeito da <\/span><span style=\"font-weight: 400;\">falsifica\u00e7\u00e3o de atestados de \u00f3bitos de suspeitos de Covid-19<\/span><span style=\"font-weight: 400;\">. Como a libera\u00e7\u00e3o do corpo demora mais tempo em caso de confirma\u00e7\u00e3o de Covid-19 e o enterro precisa ser <a href=\"https:\/\/bit.ly\/2YehNsi\" target=\"_blank\" rel=\"noopener noreferrer\">realizado sob o protocolo<\/a> do Minist\u00e9rio da Sa\u00fade, os familiares s\u00e3o impelidos a aceitar o atestado de \u00f3bito com outra <\/span><i><span style=\"font-weight: 400;\">causa mortis<\/span><\/i><span style=\"font-weight: 400;\"> que n\u00e3o o novo coronav\u00edrus.<\/span><\/p>\n<p><a href=\"https:\/\/rioonwatch.org.br\/wp-content\/uploads\/2020\/08\/Fila-para-aux\u00edlio-emergencial.jpg\"><img decoding=\"async\" class=\"aligncenter wp-image-49890 size-content\" title=\"Ag\u00eancias lotaram porque muitos benefici\u00e1rios n\u00e3o conseguem efetuar o atendimento via internet Fonte: iG \" src=\"https:\/\/rioonwatch.org.br\/wp-content\/uploads\/2020\/08\/Fila-para-aux\u00edlio-emergencial-620x264.jpg\" alt=\"\" width=\"620\" height=\"264\" \/><\/a><\/p>\n<h3>Negacionismo<\/h3>\n<p><span style=\"font-weight: 400;\">Existem in\u00fameras dificuldades que tornam a situa\u00e7\u00e3o da Covid-19 ainda mais preocupante no nosso contexto. O <\/span><a href=\"https:\/\/bit.ly\/31cg9t1\" target=\"_blank\" rel=\"noopener noreferrer\">negacionismo<\/a><span style=\"font-weight: 400;\"> \u00e9 comumente uma resposta humana frente \u00e0 uma situa\u00e7\u00e3o desafiadora e assustadora como a atual pandemia tem se mostrado. Lidar com o problema como se n\u00e3o houvesse problema n\u00e3o \u00e9 uma caracter\u00edstica exclusiva do Brasil. Alguns <\/span><a href=\"https:\/\/glo.bo\/3gaxHtV\" target=\"_blank\" rel=\"noopener noreferrer\"><span style=\"font-weight: 400;\">pa\u00edses autorit\u00e1rios<\/span><\/a><span style=\"font-weight: 400;\"> e <\/span><a href=\"https:\/\/bit.ly\/3l6Kql4\" target=\"_blank\" rel=\"noopener noreferrer\"><span style=\"font-weight: 400;\">alguns l\u00edderes<\/span><\/a><span style=\"font-weight: 400;\"> agem na contram\u00e3o do bom senso, da ci\u00eancia, da \u00e9tica e das recomenda\u00e7\u00f5es da <a href=\"https:\/\/bit.ly\/325cxIw\" target=\"_blank\" rel=\"noopener noreferrer\">OMS<\/a>. O resultado \u00e9 visto em n\u00fameros, como do in\u00edcio do m\u00eas, quando o <\/span><span style=\"font-weight: 400;\">Brasil chegou a <a href=\"https:\/\/glo.bo\/3kVZYb0\" target=\"_blank\" rel=\"noopener noreferrer\">triste faixa dos 100.000 mortos<\/a><\/span><span style=\"font-weight: 400;\">.<\/span><\/p>\n<p><span style=\"font-weight: 400;\">Com toda dificuldade de testagem que o Brasil enfrenta, estima-se que o n\u00famero de casos \u00e9 bem maior e o de \u00f3bitos ainda permanece uma inc\u00f3gnita\u2014h\u00e1 estudos que, numa determinada proje\u00e7\u00e3o, <\/span><span style=\"font-weight: 400;\"><a href=\"https:\/\/bit.ly\/3iSMnzE\" target=\"_blank\" rel=\"noopener noreferrer\">apontam 122% a mais do que os dados oficiais<\/a> e numa outra proje\u00e7\u00e3o, 801% a mais de \u00f3bitos\u2014<\/span><span style=\"font-weight: 400;\">o que torna a realidade ainda mais desumana.<\/span><\/p>\n<p><span style=\"font-weight: 400;\">O futuro p\u00f3s pandemia \u00e9 um desafio a ser enfrentado por todos e sob os olhares das lideran\u00e7as comunit\u00e1rias, presentes na coletiva, obtivemos diferentes respostas. Para Anna Paula Sales, da Associa\u00e7\u00e3o de Mulheres de Itagua\u00ed Guerreiras e Articuladoras Sociais (<a href=\"https:\/\/bit.ly\/3iSmSyq\" target=\"_blank\" rel=\"noopener noreferrer\">A.M.I.G.A.S.)<\/a>, \u00e9 preciso conscientizar, informar e mobilizar as comunidades para compreenderem que a vida n\u00e3o voltar\u00e1 ao \u201cantigo normal\u201d. Para Seimour Souza, do <a href=\"https:\/\/bit.ly\/33zPM1U\" target=\"_blank\" rel=\"noopener noreferrer\">LabJaca<\/a>, o \u201cnovo normal\u201d s\u00f3 ser\u00e1 sentido por algu\u00e9m que n\u00e3o tenha perdido nenhum ente querido para o v\u00edrus.<\/span><\/p>\n<p><span style=\"font-weight: 400;\">A situa\u00e7\u00e3o brasileira atual, e principalmente nas \u00e1reas de favelas, pede por <a href=\"https:\/\/bit.ly\/2ywNa7s\" target=\"_blank\" rel=\"noopener noreferrer\">a\u00e7\u00f5es estrat\u00e9gicas<\/a> que visem primordialmente a sa\u00fade de seus habitantes, mas tamb\u00e9m a manuten\u00e7\u00e3o das suas condi\u00e7\u00f5es econ\u00f4micas e sociais de vida. \u00c9 urgente ouvir os moradores de favelas sobre a sua realidade e a suas necessidades durante a conjuntura pand\u00eamica. Como colocado anteriormente, as demandas da favela n\u00e3o s\u00e3o as mesmas do asfalto e requerem um olhar agu\u00e7ado e sens\u00edvel em dire\u00e7\u00e3o \u00e0s suas particularidades.<\/span><\/p>\n<p><em>Esta\u00a0<i data-stringify-type=\"italic\">\u00e9 a segunda de duas mat\u00e9rias que analisa a complexidade da pandemia da Covid-19 nas favelas do Rio, trazendo vozes de lideran\u00e7as e moradores de favelas que participaram da <a href=\"https:\/\/bit.ly\/2F8Hfso\" target=\"_blank\" rel=\"noopener noreferrer\">\u00faltima coletiva<\/a>\u00a0do\u00a0<a href=\"https:\/\/www.favela.info\/\" target=\"_blank\" rel=\"noopener noreferrer\">Painel Unificador Covid-19 nas Favelas<\/a>. Para a parte 1, clique\u00a0<a href=\"https:\/\/bit.ly\/3aX7fmv\" target=\"_blank\" rel=\"noopener noreferrer\">aqui<\/a>.<\/i><\/em><\/p>\n<h3>Assista \u00e0 Coletiva <a href=\"https:\/\/bit.ly\/PainelColetiva2\" target=\"_blank\" rel=\"noopener noreferrer\">aqui<\/a>:<\/h3>\n<h3><iframe src=\"https:\/\/www.youtube.com\/embed\/wmNno8y4-Ew\" width=\"620\" height=\"349\" frameborder=\"0\" allowfullscreen=\"allowfullscreen\"><span data-mce-type=\"bookmark\" style=\"display: inline-block; width: 0px; overflow: hidden; line-height: 0;\" class=\"mce_SELRES_start\">\ufeff<\/span><\/iframe><\/h3>\n<p><em>Amanda Scofano \u00e9 mestre em Geografia, doutoranda no Programa de P\u00f3s-Gradua\u00e7\u00e3o em Geografia e Meio Ambiente da PUC-Rio, e pesquisadora com \u00eanfase em geoprocessamento e vulnerabilidades socioambientais.<\/em><\/p>\n<hr \/>\n<h4>Apoie nossos esfor\u00e7os para fornecer assist\u00eancia estrat\u00e9gica \u00e0s favelas do Rio durante a pandemia de Covid-19, incluindo o jornalismo hiperlocal, cr\u00edtico, inovador e incans\u00e1vel do\u00a0<i>RioOnWatch\u00a0<\/i>\u2014\u00a0<a href=\"http:\/\/bit.ly\/CatalisandoComunidades\">doe aqui<\/a>.<\/h4>\n<!-- AddThis Advanced Settings generic via filter on the_content --><!-- AddThis Share Buttons generic via filter on the_content -->","protected":false},"excerpt":{"rendered":"<div class=\"mh-excerpt\"><p>Click Here for English Esta \u00e9 nossa mat\u00e9ria mais recente sobre\u00a0o novo coronav\u00edrus e seus impactos sobre as favelas,\u00a0e \u00e9 a segunda de duas mat\u00e9rias que analisa a complexidade da pandemia da Covid-19 nas favelas <a class=\"mh-excerpt-more\" href=\"https:\/\/rioonwatch.org.br\/?p=49897\" title=\"A Pandemia Oculta: Os Relatos por Tr\u00e1s dos N\u00fameros da Covid-19 nas Favelas, Parte 2 [V\u00cdDEO]\">[&#8230;]<\/a><!-- AddThis Advanced Settings generic via filter on get_the_excerpt --><!-- AddThis Share Buttons generic via filter on get_the_excerpt --><\/p>\n<\/div>","protected":false},"author":129,"featured_media":50047,"comment_status":"closed","ping_status":"closed","sticky":false,"template":"","format":"standard","meta":{"_acf_changed":false,"_monsterinsights_skip_tracking":false,"_monsterinsights_sitenote_active":false,"_monsterinsights_sitenote_note":"","_monsterinsights_sitenote_category":0,"footnotes":""},"categories":[2753,1621,344,1638],"tags":[299,1157,2814,217,2748,2214,42,1151,417,2790,358,838,294,2289,2754,2824,1810,2003],"writer":[2895],"translator":[],"source":[],"ilustrador":[],"fotografo":[],"class_list":{"0":"post-49897","1":"post","2":"type-post","3":"status-publish","4":"format-standard","5":"has-post-thumbnail","7":"category-covid19nasfavelas","8":"category-destaque","9":"category-politicas","10":"category-video","11":"tag-alimentacao","12":"tag-analise","13":"tag-bolsonaro-sabota-prevencao-a-covid-19","14":"tag-complexo-do-alemao","15":"tag-coronavirus","16":"tag-dados","17":"tag-genero","18":"tag-organizacao","19":"tag-negligencia-do-estado","20":"tag-oms","21":"tag-organizacao-comunitaria","22":"tag-politica-publica","23":"tag-saude","24":"tag-serie","25":"tag-serie-covid-19-nas-favelas","26":"tag-serie-lives-covid-19-nas-favelas","27":"tag-video","28":"tag-voz-das-comunidades","29":"writer-amanda-scofano"},"acf":[],"yoast_head":"<!-- This site is optimized with the Yoast SEO plugin v25.6 - https:\/\/yoast.com\/wordpress\/plugins\/seo\/ -->\n<title>A Pandemia Oculta: Os Relatos por Tr\u00e1s dos N\u00fameros da Covid-19 nas Favelas, Parte 2 [V\u00cdDEO] - RioOnWatch<\/title>\n<meta name=\"robots\" content=\"index, follow, max-snippet:-1, max-image-preview:large, max-video-preview:-1\" \/>\n<link rel=\"canonical\" href=\"https:\/\/rioonwatch.org.br\/?p=49897\" \/>\n<meta property=\"og:locale\" content=\"pt_BR\" \/>\n<meta property=\"og:type\" content=\"article\" \/>\n<meta property=\"og:title\" content=\"A Pandemia Oculta: Os Relatos por Tr\u00e1s dos N\u00fameros da Covid-19 nas Favelas, Parte 2 [V\u00cdDEO] - RioOnWatch\" \/>\n<meta property=\"og:description\" content=\"Click Here for English Esta \u00e9 nossa mat\u00e9ria mais recente sobre\u00a0o novo coronav\u00edrus e seus impactos sobre as favelas,\u00a0e \u00e9 a segunda de duas mat\u00e9rias que analisa a complexidade da pandemia da Covid-19 nas favelas [...]\" \/>\n<meta property=\"og:url\" content=\"https:\/\/rioonwatch.org.br\/?p=49897\" \/>\n<meta property=\"og:site_name\" content=\"RioOnWatch\" \/>\n<meta property=\"article:published_time\" content=\"2020-08-26T20:16:14+00:00\" \/>\n<meta property=\"article:modified_time\" content=\"2021-03-17T15:03:30+00:00\" \/>\n<meta property=\"og:image\" content=\"https:\/\/rioonwatch.org.br\/wp-content\/uploads\/2020\/08\/Rocinha-covid-19.jpg\" \/>\n\t<meta property=\"og:image:width\" content=\"750\" \/>\n\t<meta property=\"og:image:height\" content=\"501\" \/>\n\t<meta property=\"og:image:type\" content=\"image\/jpeg\" \/>\n<meta name=\"author\" content=\"Admin\" \/>\n<meta name=\"twitter:card\" content=\"summary_large_image\" \/>\n<meta name=\"twitter:label1\" content=\"Escrito por\" \/>\n\t<meta name=\"twitter:data1\" content=\"Admin\" \/>\n\t<meta name=\"twitter:label2\" content=\"Est. tempo de leitura\" \/>\n\t<meta name=\"twitter:data2\" content=\"6 minutos\" \/>\n<script type=\"application\/ld+json\" class=\"yoast-schema-graph\">{\"@context\":\"https:\/\/schema.org\",\"@graph\":[{\"@type\":\"Article\",\"@id\":\"https:\/\/rioonwatch.org.br\/?p=49897#article\",\"isPartOf\":{\"@id\":\"https:\/\/rioonwatch.org.br\/?p=49897\"},\"author\":{\"name\":\"Admin\",\"@id\":\"https:\/\/rioonwatch.org.br\/#\/schema\/person\/11d64c290506f9df50c71b850c473f68\"},\"headline\":\"A Pandemia Oculta: Os Relatos por Tr\u00e1s dos N\u00fameros da Covid-19 nas Favelas, Parte 2 [V\u00cdDEO]\",\"datePublished\":\"2020-08-26T20:16:14+00:00\",\"dateModified\":\"2021-03-17T15:03:30+00:00\",\"mainEntityOfPage\":{\"@id\":\"https:\/\/rioonwatch.org.br\/?p=49897\"},\"wordCount\":1316,\"publisher\":{\"@id\":\"https:\/\/rioonwatch.org.br\/#organization\"},\"image\":{\"@id\":\"https:\/\/rioonwatch.org.br\/?p=49897#primaryimage\"},\"thumbnailUrl\":\"https:\/\/rioonwatch.org.br\/wp-content\/uploads\/2020\/08\/Rocinha-covid-19.jpg\",\"keywords\":[\"alimenta\u00e7\u00e3o\",\"an\u00e1lise\",\"Bolsonaro sabota preven\u00e7\u00e3o \u00e0 Covid-19\",\"Complexo do Alem\u00e3o\",\"coronav\u00edrus\",\"dados\",\"g\u00eanero\",\"mobiliza\u00e7\u00e3o\",\"Neglig\u00eancia do Estado\",\"OMS\",\"organiza\u00e7\u00e3o comunit\u00e1ria\",\"pol\u00edtica p\u00fablica\",\"sa\u00fade\",\"S\u00e9rie\",\"S\u00e9rie: Covid-19 Nas Favelas\",\"S\u00e9rie: LIVES Covid-19 nas Favelas\",\"v\u00eddeo\",\"Voz das Comunidades\"],\"articleSection\":[\"#Covid19NasFavelas\",\"*Destaque\",\"Pol\u00edticas\",\"V\u00eddeo\"],\"inLanguage\":\"pt-BR\"},{\"@type\":\"WebPage\",\"@id\":\"https:\/\/rioonwatch.org.br\/?p=49897\",\"url\":\"https:\/\/rioonwatch.org.br\/?p=49897\",\"name\":\"A Pandemia Oculta: Os Relatos por Tr\u00e1s dos N\u00fameros da Covid-19 nas Favelas, Parte 2 [V\u00cdDEO] - RioOnWatch\",\"isPartOf\":{\"@id\":\"https:\/\/rioonwatch.org.br\/#website\"},\"primaryImageOfPage\":{\"@id\":\"https:\/\/rioonwatch.org.br\/?p=49897#primaryimage\"},\"image\":{\"@id\":\"https:\/\/rioonwatch.org.br\/?p=49897#primaryimage\"},\"thumbnailUrl\":\"https:\/\/rioonwatch.org.br\/wp-content\/uploads\/2020\/08\/Rocinha-covid-19.jpg\",\"datePublished\":\"2020-08-26T20:16:14+00:00\",\"dateModified\":\"2021-03-17T15:03:30+00:00\",\"breadcrumb\":{\"@id\":\"https:\/\/rioonwatch.org.br\/?p=49897#breadcrumb\"},\"inLanguage\":\"pt-BR\",\"potentialAction\":[{\"@type\":\"ReadAction\",\"target\":[\"https:\/\/rioonwatch.org.br\/?p=49897\"]}]},{\"@type\":\"ImageObject\",\"inLanguage\":\"pt-BR\",\"@id\":\"https:\/\/rioonwatch.org.br\/?p=49897#primaryimage\",\"url\":\"https:\/\/rioonwatch.org.br\/wp-content\/uploads\/2020\/08\/Rocinha-covid-19.jpg\",\"contentUrl\":\"https:\/\/rioonwatch.org.br\/wp-content\/uploads\/2020\/08\/Rocinha-covid-19.jpg\",\"width\":750,\"height\":501},{\"@type\":\"BreadcrumbList\",\"@id\":\"https:\/\/rioonwatch.org.br\/?p=49897#breadcrumb\",\"itemListElement\":[{\"@type\":\"ListItem\",\"position\":1,\"name\":\"In\u00edcio\",\"item\":\"https:\/\/rioonwatch.org.br\/\"},{\"@type\":\"ListItem\",\"position\":2,\"name\":\"A Pandemia Oculta: Os Relatos por Tr\u00e1s dos N\u00fameros da Covid-19 nas Favelas, Parte 2 [V\u00cdDEO]\"}]},{\"@type\":\"WebSite\",\"@id\":\"https:\/\/rioonwatch.org.br\/#website\",\"url\":\"https:\/\/rioonwatch.org.br\/\",\"name\":\"RioOnWatch\",\"description\":\"relatos das favelas cariocas\",\"publisher\":{\"@id\":\"https:\/\/rioonwatch.org.br\/#organization\"},\"potentialAction\":[{\"@type\":\"SearchAction\",\"target\":{\"@type\":\"EntryPoint\",\"urlTemplate\":\"https:\/\/rioonwatch.org.br\/?s={search_term_string}\"},\"query-input\":{\"@type\":\"PropertyValueSpecification\",\"valueRequired\":true,\"valueName\":\"search_term_string\"}}],\"inLanguage\":\"pt-BR\"},{\"@type\":\"Organization\",\"@id\":\"https:\/\/rioonwatch.org.br\/#organization\",\"name\":\"RioOnWatch\",\"url\":\"https:\/\/rioonwatch.org.br\/\",\"logo\":{\"@type\":\"ImageObject\",\"inLanguage\":\"pt-BR\",\"@id\":\"https:\/\/rioonwatch.org.br\/#\/schema\/logo\/image\/\",\"url\":\"https:\/\/rioonwatch.org.br\/wp-content\/uploads\/2021\/06\/RioOnWatchcabecalhoPT11anos-2.png\",\"contentUrl\":\"https:\/\/rioonwatch.org.br\/wp-content\/uploads\/2021\/06\/RioOnWatchcabecalhoPT11anos-2.png\",\"width\":779,\"height\":277,\"caption\":\"RioOnWatch\"},\"image\":{\"@id\":\"https:\/\/rioonwatch.org.br\/#\/schema\/logo\/image\/\"}},{\"@type\":\"Person\",\"@id\":\"https:\/\/rioonwatch.org.br\/#\/schema\/person\/11d64c290506f9df50c71b850c473f68\",\"name\":\"Admin\",\"image\":{\"@type\":\"ImageObject\",\"inLanguage\":\"pt-BR\",\"@id\":\"https:\/\/rioonwatch.org.br\/#\/schema\/person\/image\/\",\"url\":\"https:\/\/secure.gravatar.com\/avatar\/56211ac74568383903349a1485e3c325?s=96&d=blank&r=g\",\"contentUrl\":\"https:\/\/secure.gravatar.com\/avatar\/56211ac74568383903349a1485e3c325?s=96&d=blank&r=g\",\"caption\":\"Admin\"},\"url\":\"https:\/\/rioonwatch.org.br\/?author=129\"}]}<\/script>\n<!-- \/ Yoast SEO plugin. -->","yoast_head_json":{"title":"A Pandemia Oculta: Os Relatos por Tr\u00e1s dos N\u00fameros da Covid-19 nas Favelas, Parte 2 [V\u00cdDEO] - RioOnWatch","robots":{"index":"index","follow":"follow","max-snippet":"max-snippet:-1","max-image-preview":"max-image-preview:large","max-video-preview":"max-video-preview:-1"},"canonical":"https:\/\/rioonwatch.org.br\/?p=49897","og_locale":"pt_BR","og_type":"article","og_title":"A Pandemia Oculta: Os Relatos por Tr\u00e1s dos N\u00fameros da Covid-19 nas Favelas, Parte 2 [V\u00cdDEO] - RioOnWatch","og_description":"Click Here for English Esta \u00e9 nossa mat\u00e9ria mais recente sobre\u00a0o novo coronav\u00edrus e seus impactos sobre as favelas,\u00a0e \u00e9 a segunda de duas mat\u00e9rias que analisa a complexidade da pandemia da Covid-19 nas favelas [...]","og_url":"https:\/\/rioonwatch.org.br\/?p=49897","og_site_name":"RioOnWatch","article_published_time":"2020-08-26T20:16:14+00:00","article_modified_time":"2021-03-17T15:03:30+00:00","og_image":[{"width":750,"height":501,"url":"https:\/\/rioonwatch.org.br\/wp-content\/uploads\/2020\/08\/Rocinha-covid-19.jpg","type":"image\/jpeg"}],"author":"Admin","twitter_card":"summary_large_image","twitter_misc":{"Escrito por":"Admin","Est. tempo de leitura":"6 minutos"},"schema":{"@context":"https:\/\/schema.org","@graph":[{"@type":"Article","@id":"https:\/\/rioonwatch.org.br\/?p=49897#article","isPartOf":{"@id":"https:\/\/rioonwatch.org.br\/?p=49897"},"author":{"name":"Admin","@id":"https:\/\/rioonwatch.org.br\/#\/schema\/person\/11d64c290506f9df50c71b850c473f68"},"headline":"A Pandemia Oculta: Os Relatos por Tr\u00e1s dos N\u00fameros da Covid-19 nas Favelas, Parte 2 [V\u00cdDEO]","datePublished":"2020-08-26T20:16:14+00:00","dateModified":"2021-03-17T15:03:30+00:00","mainEntityOfPage":{"@id":"https:\/\/rioonwatch.org.br\/?p=49897"},"wordCount":1316,"publisher":{"@id":"https:\/\/rioonwatch.org.br\/#organization"},"image":{"@id":"https:\/\/rioonwatch.org.br\/?p=49897#primaryimage"},"thumbnailUrl":"https:\/\/rioonwatch.org.br\/wp-content\/uploads\/2020\/08\/Rocinha-covid-19.jpg","keywords":["alimenta\u00e7\u00e3o","an\u00e1lise","Bolsonaro sabota preven\u00e7\u00e3o \u00e0 Covid-19","Complexo do Alem\u00e3o","coronav\u00edrus","dados","g\u00eanero","mobiliza\u00e7\u00e3o","Neglig\u00eancia do Estado","OMS","organiza\u00e7\u00e3o comunit\u00e1ria","pol\u00edtica p\u00fablica","sa\u00fade","S\u00e9rie","S\u00e9rie: Covid-19 Nas Favelas","S\u00e9rie: LIVES Covid-19 nas Favelas","v\u00eddeo","Voz das Comunidades"],"articleSection":["#Covid19NasFavelas","*Destaque","Pol\u00edticas","V\u00eddeo"],"inLanguage":"pt-BR"},{"@type":"WebPage","@id":"https:\/\/rioonwatch.org.br\/?p=49897","url":"https:\/\/rioonwatch.org.br\/?p=49897","name":"A Pandemia Oculta: Os Relatos por Tr\u00e1s dos N\u00fameros da Covid-19 nas Favelas, Parte 2 [V\u00cdDEO] - RioOnWatch","isPartOf":{"@id":"https:\/\/rioonwatch.org.br\/#website"},"primaryImageOfPage":{"@id":"https:\/\/rioonwatch.org.br\/?p=49897#primaryimage"},"image":{"@id":"https:\/\/rioonwatch.org.br\/?p=49897#primaryimage"},"thumbnailUrl":"https:\/\/rioonwatch.org.br\/wp-content\/uploads\/2020\/08\/Rocinha-covid-19.jpg","datePublished":"2020-08-26T20:16:14+00:00","dateModified":"2021-03-17T15:03:30+00:00","breadcrumb":{"@id":"https:\/\/rioonwatch.org.br\/?p=49897#breadcrumb"},"inLanguage":"pt-BR","potentialAction":[{"@type":"ReadAction","target":["https:\/\/rioonwatch.org.br\/?p=49897"]}]},{"@type":"ImageObject","inLanguage":"pt-BR","@id":"https:\/\/rioonwatch.org.br\/?p=49897#primaryimage","url":"https:\/\/rioonwatch.org.br\/wp-content\/uploads\/2020\/08\/Rocinha-covid-19.jpg","contentUrl":"https:\/\/rioonwatch.org.br\/wp-content\/uploads\/2020\/08\/Rocinha-covid-19.jpg","width":750,"height":501},{"@type":"BreadcrumbList","@id":"https:\/\/rioonwatch.org.br\/?p=49897#breadcrumb","itemListElement":[{"@type":"ListItem","position":1,"name":"In\u00edcio","item":"https:\/\/rioonwatch.org.br\/"},{"@type":"ListItem","position":2,"name":"A Pandemia Oculta: Os Relatos por Tr\u00e1s dos N\u00fameros da Covid-19 nas Favelas, Parte 2 [V\u00cdDEO]"}]},{"@type":"WebSite","@id":"https:\/\/rioonwatch.org.br\/#website","url":"https:\/\/rioonwatch.org.br\/","name":"RioOnWatch","description":"relatos das favelas cariocas","publisher":{"@id":"https:\/\/rioonwatch.org.br\/#organization"},"potentialAction":[{"@type":"SearchAction","target":{"@type":"EntryPoint","urlTemplate":"https:\/\/rioonwatch.org.br\/?s={search_term_string}"},"query-input":{"@type":"PropertyValueSpecification","valueRequired":true,"valueName":"search_term_string"}}],"inLanguage":"pt-BR"},{"@type":"Organization","@id":"https:\/\/rioonwatch.org.br\/#organization","name":"RioOnWatch","url":"https:\/\/rioonwatch.org.br\/","logo":{"@type":"ImageObject","inLanguage":"pt-BR","@id":"https:\/\/rioonwatch.org.br\/#\/schema\/logo\/image\/","url":"https:\/\/rioonwatch.org.br\/wp-content\/uploads\/2021\/06\/RioOnWatchcabecalhoPT11anos-2.png","contentUrl":"https:\/\/rioonwatch.org.br\/wp-content\/uploads\/2021\/06\/RioOnWatchcabecalhoPT11anos-2.png","width":779,"height":277,"caption":"RioOnWatch"},"image":{"@id":"https:\/\/rioonwatch.org.br\/#\/schema\/logo\/image\/"}},{"@type":"Person","@id":"https:\/\/rioonwatch.org.br\/#\/schema\/person\/11d64c290506f9df50c71b850c473f68","name":"Admin","image":{"@type":"ImageObject","inLanguage":"pt-BR","@id":"https:\/\/rioonwatch.org.br\/#\/schema\/person\/image\/","url":"https:\/\/secure.gravatar.com\/avatar\/56211ac74568383903349a1485e3c325?s=96&d=blank&r=g","contentUrl":"https:\/\/secure.gravatar.com\/avatar\/56211ac74568383903349a1485e3c325?s=96&d=blank&r=g","caption":"Admin"},"url":"https:\/\/rioonwatch.org.br\/?author=129"}]}},"_links":{"self":[{"href":"https:\/\/rioonwatch.org.br\/index.php?rest_route=\/wp\/v2\/posts\/49897"}],"collection":[{"href":"https:\/\/rioonwatch.org.br\/index.php?rest_route=\/wp\/v2\/posts"}],"about":[{"href":"https:\/\/rioonwatch.org.br\/index.php?rest_route=\/wp\/v2\/types\/post"}],"author":[{"embeddable":true,"href":"https:\/\/rioonwatch.org.br\/index.php?rest_route=\/wp\/v2\/users\/129"}],"replies":[{"embeddable":true,"href":"https:\/\/rioonwatch.org.br\/index.php?rest_route=%2Fwp%2Fv2%2Fcomments&post=49897"}],"version-history":[{"count":15,"href":"https:\/\/rioonwatch.org.br\/index.php?rest_route=\/wp\/v2\/posts\/49897\/revisions"}],"predecessor-version":[{"id":50414,"href":"https:\/\/rioonwatch.org.br\/index.php?rest_route=\/wp\/v2\/posts\/49897\/revisions\/50414"}],"wp:featuredmedia":[{"embeddable":true,"href":"https:\/\/rioonwatch.org.br\/index.php?rest_route=\/wp\/v2\/media\/50047"}],"wp:attachment":[{"href":"https:\/\/rioonwatch.org.br\/index.php?rest_route=%2Fwp%2Fv2%2Fmedia&parent=49897"}],"wp:term":[{"taxonomy":"category","embeddable":true,"href":"https:\/\/rioonwatch.org.br\/index.php?rest_route=%2Fwp%2Fv2%2Fcategories&post=49897"},{"taxonomy":"post_tag","embeddable":true,"href":"https:\/\/rioonwatch.org.br\/index.php?rest_route=%2Fwp%2Fv2%2Ftags&post=49897"},{"taxonomy":"writer","embeddable":true,"href":"https:\/\/rioonwatch.org.br\/index.php?rest_route=%2Fwp%2Fv2%2Fwriter&post=49897"},{"taxonomy":"translator","embeddable":true,"href":"https:\/\/rioonwatch.org.br\/index.php?rest_route=%2Fwp%2Fv2%2Ftranslator&post=49897"},{"taxonomy":"source","embeddable":true,"href":"https:\/\/rioonwatch.org.br\/index.php?rest_route=%2Fwp%2Fv2%2Fsource&post=49897"},{"taxonomy":"ilustrador","embeddable":true,"href":"https:\/\/rioonwatch.org.br\/index.php?rest_route=%2Fwp%2Fv2%2Filustrador&post=49897"},{"taxonomy":"fotografo","embeddable":true,"href":"https:\/\/rioonwatch.org.br\/index.php?rest_route=%2Fwp%2Fv2%2Ffotografo&post=49897"}],"curies":[{"name":"wp","href":"https:\/\/api.w.org\/{rel}","templated":true}]}}