{"id":49904,"date":"2020-08-28T13:41:46","date_gmt":"2020-08-28T16:41:46","guid":{"rendered":"https:\/\/rioonwatch.org.br\/?p=49904"},"modified":"2020-09-03T10:54:43","modified_gmt":"2020-09-03T13:54:43","slug":"conexao-saude-fiocruz-e-parceiros-lancam-projeto-inovador-de-combate-a-pandemia-nas-favelas-video","status":"publish","type":"post","link":"https:\/\/rioonwatch.org.br\/?p=49904","title":{"rendered":"Conex\u00e3o Sa\u00fade: Fiocruz Lan\u00e7a Projeto Inovador de Combate \u00e0 Pandemia nas Favelas [V\u00cdDEO]"},"content":{"rendered":"<p style=\"text-align: right;\"><em><strong><a href=\"https:\/\/bit.ly\/31VrKgE\" target=\"_blank\" rel=\"noopener noreferrer\">Click Here for English<\/a><a href=\"https:\/\/bit.ly\/31VrKgE\" target=\"_blank\" rel=\"noopener noreferrer\"><img decoding=\"async\" width=\"20\" height=\"20\" class=\"alignright wp-image-15790\" src=\"https:\/\/rioonwatch.org.br\/wp-content\/uploads\/2012\/08\/EN-standard-e1439583104716.jpg\" \/><\/a><\/strong><\/em><\/p>\n<p><i data-stringify-type=\"italic\">Esta \u00e9 nossa mat\u00e9ria mais recente sobre\u00a0<\/i><i data-stringify-type=\"italic\"><a class=\"c-link\" href=\"http:\/\/bit.ly\/Covid19NasFavelas\" target=\"_blank\" rel=\"noopener noreferrer\" data-stringify-link=\"http:\/\/bit.ly\/Covid19NasFavelas\" data-sk=\"tooltip_parent\">o novo coronav\u00edrus e seus impactos sobre as favelas<\/a><\/i><i data-stringify-type=\"italic\">\u00a0e tamb\u00e9m da\u00a0<\/i><i data-stringify-type=\"italic\"><a class=\"c-link\" href=\"https:\/\/bit.ly\/LivesCovidFavelas\" target=\"_blank\" rel=\"noopener noreferrer\" data-stringify-link=\"https:\/\/bit.ly\/LivesCovidFavelas\" data-sk=\"tooltip_parent\" aria-describedby=\"sk-tooltip-1582\">s\u00e9rie LIVES Covid-19 nas Favelas<\/a><\/i><i data-stringify-type=\"italic\">.<\/i><\/p>\n<p><span style=\"font-weight: 400;\">No dia 19 de agosto foi realizada uma live para o <a href=\"https:\/\/bit.ly\/3gjBqp2\" target=\"_blank\" rel=\"noopener noreferrer\">lan\u00e7amento do Conex\u00e3o Sa\u00fade<\/a>*, que contou com a participa\u00e7\u00e3o do m\u00e9dico, cientista e escritor <a href=\"https:\/\/bit.ly\/31lJJfM\" target=\"_blank\" rel=\"noopener noreferrer\">Drauzio Varella<\/a>; da pneumologista e pesquisadora, <a href=\"https:\/\/bit.ly\/34rbZzy\" target=\"_blank\" rel=\"noopener noreferrer\">Margareth Dalcomo<\/a>,\u00a0da <a href=\"https:\/\/bit.ly\/2WWkKw0\" target=\"_blank\" rel=\"noopener noreferrer\">Fiocruz<\/a>; da presidente da Fiocruz, N\u00edsia Trindade Lima; e do chefe de gabinete da presid\u00eancia da Fiocruz, Valcler Rangel Fernandes. Estiveram presentes tamb\u00e9m alguns representantes das institui\u00e7\u00f5es parceiras do projeto junto \u00e0 Fiocruz, sendo eles: Eduardo P\u00e1dua, membro do Comit\u00ea Gestor do <a href=\"https:\/\/bit.ly\/3jafazF\" target=\"_blank\" rel=\"noopener noreferrer\">Movimento Uni\u00e3o Rio<\/a>;\u00a0Fernando Bozza, m\u00e9dico e respons\u00e1vel pelo <a href=\"https:\/\/bit.ly\/3gshrEK\" target=\"_blank\" rel=\"noopener noreferrer\">Dados do Bem<\/a>; a m\u00e9dica emergencista, Adriana Mallet, fundadora da ONG <a href=\"https:\/\/bit.ly\/3jbGqho\" target=\"_blank\" rel=\"noopener noreferrer\">Sa\u00fade, Alegria nos Sert\u00f5es (SAS)<\/a>; a diretora da <a href=\"http:\/\/bit.ly\/2XBdKrx\" target=\"_blank\" rel=\"noopener noreferrer\">Redes da Mar\u00e9<\/a>, Eliana Sousa Silva;\u00a0e Patr\u00edcia Evangelista, do <a href=\"https:\/\/bit.ly\/3lggN0E\" target=\"_blank\" rel=\"noopener noreferrer\">Conselho Comunit\u00e1rio de Manguinhos<\/a>.\u00a0<\/span><\/p>\n<p><span style=\"font-weight: 400;\">O encontro virtual come\u00e7ou com <\/span><span style=\"font-weight: 400;\">Valcler Rangel Fernandes<\/span><span style=\"font-weight: 400;\"> apresentando o projeto <\/span><a href=\"https:\/\/bit.ly\/3gz1VXP\" target=\"_blank\" rel=\"noopener noreferrer\"><span style=\"font-weight: 400;\">Conex\u00e3o Sa\u00fade<\/span><\/a><span style=\"font-weight: 400;\">, que atua de modo a conectar organiza\u00e7\u00f5es, volunt\u00e1rios, institui\u00e7\u00f5es e moradores no enfrentamento da pandemia. Segundo o m\u00e9dico, os tr\u00eas objetivos do projeto s\u00e3o: ampliar o acesso dos moradores aos servi\u00e7os de sa\u00fade; desenvolver um modelo integrado de combate \u00e0 <a href=\"https:\/\/bit.ly\/2xOpNGB\" target=\"_blank\" rel=\"noopener noreferrer\">Covid-19<\/a>, que contemple outros \u00e2mbitos da vida cotidiana, como a\u00e7\u00e3o social, educa\u00e7\u00e3o e vigil\u00e2ncia em sa\u00fade e; por fim, que esse modelo possa ser replicado em outras localidades. O Conex\u00e3o Sa\u00fade constitui-se de seis fases por onde os moradores ou pacientes podem passar em seus atendimentos:<\/span><\/p>\n<ol>\n<li><span style=\"font-weight: 400;\">Identifica\u00e7\u00e3o dos sintom\u00e1ticos;<\/span><\/li>\n<li><span style=\"font-weight: 400;\"><a href=\"https:\/\/bit.ly\/3htJFAg\" target=\"_blank\" rel=\"noopener noreferrer\">Testagem PCR<\/a> por suave nasal, com r\u00e1pida divulga\u00e7\u00e3o de resultados (no m\u00e1ximo 48 horas);\u00a0<\/span><\/li>\n<li><span style=\"font-weight: 400;\">Controle e gerenciamento do contato do paciente sintom\u00e1tico com outras pessoas;<\/span><\/li>\n<li><span style=\"font-weight: 400;\">Promo\u00e7\u00e3o do isolamento seguro;<\/span><\/li>\n<li><span style=\"font-weight: 400;\">Monitoramento do paciente atrav\u00e9s da telemedicina articulada \u00e0 <a href=\"https:\/\/bit.ly\/3lghsza\" target=\"_blank\" rel=\"noopener noreferrer\">Estrat\u00e9gia Sa\u00fade da Fam\u00edlia<\/a>; e<\/span><\/li>\n<li><span style=\"font-weight: 400;\">Interna\u00e7\u00e3o quando necess\u00e1rio.<\/span><\/li>\n<\/ol>\n<p><span style=\"font-weight: 400;\"><a href=\"https:\/\/rioonwatch.org.br\/wp-content\/uploads\/2020\/08\/in\u00edcio_todos_participantes-1.jpg\"><img fetchpriority=\"high\" decoding=\"async\" class=\"aligncenter wp-image-49915 size-content\" title=\"Participantes da Live de Lan\u00e7amento Conex\u00e3o Sa\u00fade pela Fiocruz\" src=\"https:\/\/rioonwatch.org.br\/wp-content\/uploads\/2020\/08\/in\u00edcio_todos_participantes-1-620x264.jpg\" alt=\"\" width=\"620\" height=\"264\" srcset=\"https:\/\/rioonwatch.org.br\/wp-content\/uploads\/2020\/08\/in\u00edcio_todos_participantes-1-620x264.jpg 620w, https:\/\/rioonwatch.org.br\/wp-content\/uploads\/2020\/08\/in\u00edcio_todos_participantes-1-940x400.jpg 940w\" sizes=\"(max-width: 620px) 100vw, 620px\" \/><\/a><\/span><\/p>\n<p>O tom de boa parte da conversa foi acerca da efic\u00e1cia e do sucesso de projetos que se estruturem principalmente atrav\u00e9s da articula\u00e7\u00e3o entre as institui\u00e7\u00f5es envolvidas e as lideran\u00e7as comunit\u00e1rias locais. Drauzio Varella inclusive citou que, atrav\u00e9s do programa <a href=\"https:\/\/bit.ly\/2Yv98BT\" target=\"_blank\" rel=\"noopener noreferrer\">Todos pela Sa\u00fade<\/a>, ele e a equipe de m\u00e9dicos financiaram v\u00e1rios projetos de montagem de leitos de isolamento para pessoas infectadas em diversas cidades brasileiras. Mas, segundo ele, o projeto fracassou justamente porque n\u00e3o houve o contato pr\u00e9vio das institui\u00e7\u00f5es com as popula\u00e7\u00f5es locais, como a Fiocruz mant\u00e9m com a <a href=\"http:\/\/bit.ly\/2K1s59x\" target=\"_blank\" rel=\"noopener noreferrer\">Mar\u00e9<\/a> e <a href=\"http:\/\/bit.ly\/2x3UPpU\" target=\"_blank\" rel=\"noopener noreferrer\">Manguinhos<\/a>, por exemplo. A presidente da Fiocruz, N\u00edsia Trindade Lima, explicitou que existem outras a\u00e7\u00f5es de sa\u00fade coordenadas acontecendo em outras 10 cidades.<\/p>\n<p><span style=\"font-weight: 400;\">A pneumologista e pesquisadora Margareth Dalcomo colocou em pauta a sustentabilidade p\u00f3s pandemia de iniciativas como Conex\u00e3o Sa\u00fade, atuando na linha de frente em rela\u00e7\u00e3o \u00e0 outras doen\u00e7as e comorbidades, como a hipertens\u00e3o, obesidade, diabetes, dentre outras. Isso geraria n\u00e3o s\u00f3 o atendimento \u00e0queles pacientes que precisam, mas tamb\u00e9m a produ\u00e7\u00e3o de mais informa\u00e7\u00f5es sobre os moradores de favelas. <\/span><span style=\"font-weight: 400;\">Eduardo P\u00e1dua<\/span><span style=\"font-weight: 400;\">, do <\/span><span style=\"font-weight: 400;\">Movimento Uni\u00e3o Rio<\/span><span style=\"font-weight: 400;\">, ressaltou que conforme o projeto vai se estruturando e demonstrado sucesso, \u00e9 poss\u00edvel incorporar novos elementos ao longo de sua trajet\u00f3ria.\u00a0<\/span><\/p>\n<h3><b>Conex\u00e3o Sa\u00fade e as Lideran\u00e7as Comunit\u00e1rias<\/b><\/h3>\n<p><span style=\"font-weight: 400;\">Os articuladores comunit\u00e1rios perceberam, logo no in\u00edcio da pandemia brasileira, que os protocolos do <a href=\"https:\/\/bit.ly\/31skd8N\" target=\"_blank\" rel=\"noopener noreferrer\">Minist\u00e9rio da Sa\u00fade<\/a> para a conten\u00e7\u00e3o da Covid-19 encontrariam <a href=\"https:\/\/bit.ly\/2wRgF3t\" target=\"_blank\" rel=\"noopener noreferrer\">desafios dentro das favelas<\/a>. Desse modo, come\u00e7ou uma articula\u00e7\u00e3o entre lideran\u00e7as para pensarem na constru\u00e7\u00e3o de campanhas de <a href=\"https:\/\/bit.ly\/2FVv7vp\" target=\"_blank\" rel=\"noopener noreferrer\">seguran\u00e7a alimentar<\/a>, <a href=\"https:\/\/bit.ly\/34pSreW\" target=\"_blank\" rel=\"noopener noreferrer\">gera\u00e7\u00e3o de renda para mulheres<\/a>, comunica\u00e7\u00e3o das redes de sa\u00fade para os moradores, dentre outros. <\/span><span style=\"font-weight: 400;\">Eliana Sousa Silva<\/span><span style=\"font-weight: 400;\">, diretora da <\/span><span style=\"font-weight: 400;\"><a href=\"https:\/\/bit.ly\/2XSLrTF\" target=\"_blank\" rel=\"noopener noreferrer\">Redes da Mar\u00e9<\/a>, <\/span><span style=\"font-weight: 400;\">ressaltou a quantidade de moradores que existem no complexo\u2014mais de 140.000 habitantes\u2014o que gera um desafio ainda maior no atendimento a popula\u00e7\u00e3o.\u00a0\u00a0<\/span><\/p>\n<p><a href=\"https:\/\/rioonwatch.org.br\/wp-content\/uploads\/2020\/08\/patr\u00edcia.jpg\"><img decoding=\"async\" class=\"aligncenter wp-image-49918 size-content\" title=\"Patr\u00edcia Evangelista, Conselho Comunit\u00e1rio de Manguinhos\" src=\"https:\/\/rioonwatch.org.br\/wp-content\/uploads\/2020\/08\/patr\u00edcia-620x264.jpg\" alt=\"\" width=\"620\" height=\"264\" srcset=\"https:\/\/rioonwatch.org.br\/wp-content\/uploads\/2020\/08\/patr\u00edcia-620x264.jpg 620w, https:\/\/rioonwatch.org.br\/wp-content\/uploads\/2020\/08\/patr\u00edcia-940x400.jpg 940w\" sizes=\"(max-width: 620px) 100vw, 620px\" \/><\/a><\/p>\n<p><span style=\"font-weight: 400;\">Patr\u00edcia Evangelista<\/span><span style=\"font-weight: 400;\">, representante do <\/span><span style=\"font-weight: 400;\">Conselho Comunit\u00e1rio de Manguinhos<\/span><span style=\"font-weight: 400;\">, elencou outras dificuldades como a <a href=\"https:\/\/glo.bo\/3lfJPNR\" target=\"_blank\" rel=\"noopener noreferrer\">defici\u00eancia de \u00e1gua<\/a>, a <a href=\"https:\/\/bit.ly\/2RWqZhC\" target=\"_blank\" rel=\"noopener noreferrer\">falta de saneamento b\u00e1sico<\/a> e de habita\u00e7\u00e3o adequada, que aumenta os riscos da popula\u00e7\u00e3o. Os moradores de Manguinhos precisaram, inclusive, acionar a <a href=\"https:\/\/bit.ly\/2x7dVPc\" target=\"_blank\" rel=\"noopener noreferrer\">Defensoria P\u00fablica<\/a> para conseguirem o abastecimento por caminh\u00f5es-pipa e as remo\u00e7\u00f5es dos corpos de pessoas <a href=\"https:\/\/bit.ly\/2yPgaYv\" target=\"_blank\" rel=\"noopener noreferrer\">falecidas de dentro das casas<\/a>. Houve, al\u00e9m disso, o agravamento de dificuldades que a popula\u00e7\u00e3o j\u00e1 vivia antes, como o <a href=\"https:\/\/bit.ly\/3j94W3c\" target=\"_blank\" rel=\"noopener noreferrer\">aumento do desemprego<\/a> e a precariedade do SUS. Patr\u00edcia reiterou o que havia sido dito a respeito da integra\u00e7\u00e3o entre lideran\u00e7as comunit\u00e1rias e institui\u00e7\u00f5es, ressaltando a import\u00e2ncia do programa<\/span> <a href=\"https:\/\/bit.ly\/32pyYIq\" target=\"_blank\" rel=\"noopener noreferrer\"><span style=\"font-weight: 400;\">Sa\u00fade da Fam\u00edlia<\/span><\/a><span style=\"font-weight: 400;\"> trabalhando conjuntamente com o <\/span><span style=\"font-weight: 400;\">Conex\u00e3o Sa\u00fade<\/span><span style=\"font-weight: 400;\">.\u00a0<\/span><\/p>\n<h3><b>A Telemedicina no Aux\u00edlio do Controle da Pandemia<\/b><\/h3>\n<p><span style=\"font-weight: 400;\">A concentra\u00e7\u00e3o de profissionais e servi\u00e7os nas grandes capitais brasileiras n\u00e3o \u00e9 nenhuma novidade, e no que diz respeito ao \u00e2mbito da sa\u00fade, \u00e9 ainda mais complexo e desafiador. Drauzio Varella pontuou, em certo momento da live, que existem cidades onde n\u00e3o h\u00e1 m\u00e9dicos e nunca haver\u00e1, pois elas disp\u00f5em de nenhuma outra estrutura que valide a manuten\u00e7\u00e3o daquele profissional na localidade. Esse \u00e9 um dos motivos que demonstra a import\u00e2ncia da <a href=\"https:\/\/bit.ly\/3leRX1c\" target=\"_blank\" rel=\"noopener noreferrer\">telemedicina<\/a>, uma ferramenta n\u00e3o presencial para o atendimento no \u00e2mbito da sa\u00fade e que, por conta da pandemia, j\u00e1 foi incorporada em muitas localidades.<\/span><\/p>\n<p><span style=\"font-weight: 400;\">A m\u00e9dica Adriana Mallet<\/span><span style=\"font-weight: 400;\">, criadora e respons\u00e1vel pela <\/span><span style=\"font-weight: 400;\">SAS<\/span><span style=\"font-weight: 400;\">, que j\u00e1 conta com mais de 9.000 atendimentos, afirma que em 95% dos casos \u00e9 poss\u00edvel resolver os problemas dos pacientes sem a necessidade de ir ao posto de sa\u00fade, local que muitos est\u00e3o evitando atualmente por conta da pandemia. A iniciativa preza pelo tratamento <a href=\"https:\/\/bit.ly\/2EwieqP\" target=\"_blank\" rel=\"noopener noreferrer\">humanizado e atencioso \u00e0 popula\u00e7\u00e3o<\/a> que acessa o servi\u00e7o e faz isso com o aux\u00edlio dos <a href=\"https:\/\/bit.ly\/2WKGsUF\" target=\"_blank\" rel=\"noopener noreferrer\">agentes comunit\u00e1rios de sa\u00fade<\/a>. \u00c9 indispens\u00e1vel informar que os m\u00e9dicos e enfermeiros do projeto tamb\u00e9m tratam outras doen\u00e7as e problemas de sa\u00fade al\u00e9m da Covid-19.\u00a0<\/span><\/p>\n<p><a href=\"https:\/\/rioonwatch.org.br\/wp-content\/uploads\/2020\/08\/Drauzio.jpg\"><img loading=\"lazy\" decoding=\"async\" class=\"aligncenter wp-image-49916 size-content\" title=\"Drauzio Varella\" src=\"https:\/\/rioonwatch.org.br\/wp-content\/uploads\/2020\/08\/Drauzio-620x264.jpg\" alt=\"\" width=\"620\" height=\"264\" srcset=\"https:\/\/rioonwatch.org.br\/wp-content\/uploads\/2020\/08\/Drauzio-620x264.jpg 620w, https:\/\/rioonwatch.org.br\/wp-content\/uploads\/2020\/08\/Drauzio-1024x438.jpg 1024w, https:\/\/rioonwatch.org.br\/wp-content\/uploads\/2020\/08\/Drauzio-617x264.jpg 617w, https:\/\/rioonwatch.org.br\/wp-content\/uploads\/2020\/08\/Drauzio-940x400.jpg 940w, https:\/\/rioonwatch.org.br\/wp-content\/uploads\/2020\/08\/Drauzio.jpg 1353w\" sizes=\"(max-width: 620px) 100vw, 620px\" \/><\/a><\/p>\n<p><span style=\"font-weight: 400;\">Todo o atendimento da SAS, realizado pela telemedicina, \u00e9 registrado em parceria com o programa do <a href=\"http:\/\/bit.ly\/2JEcfk5\" target=\"_blank\" rel=\"noopener noreferrer\">SUS<\/a>, da Sa\u00fade da Fam\u00edlia. Ou seja, o prontu\u00e1rio eletr\u00f4nico do paciente permite acesso aos dados de sa\u00fade e hist\u00f3rico do SUS de cada um. Os pacientes de baixo risco s\u00e3o atendidos por enfermeiros e os de alto risco atendidos por m\u00e9dicos. Al\u00e9m disso, para os pacientes de Covid-19 que est\u00e3o oxigenando mal, com alguma dificuldade de respirar, h\u00e1 a possibilidade de disponibilizar <a href=\"https:\/\/bit.ly\/34ybh3E\" target=\"_blank\" rel=\"noopener noreferrer\">ox\u00edmetros<\/a> por 4 ou 5 dias, para o aux\u00edlio no controle dos familiares ou do pr\u00f3prio paciente em rela\u00e7\u00e3o \u00e0 sua sa\u00fade. Esse instrumento incentiva a rapidez no atendimento presencial, caso o paciente precise de uma interna\u00e7\u00e3o.\u00a0<\/span><\/p>\n<p><span style=\"font-weight: 400;\">J\u00e1 a iniciativa <\/span><span style=\"font-weight: 400;\">Dados do Bem<\/span><span style=\"font-weight: 400;\">, idealizada por <\/span><span style=\"font-weight: 400;\">Fernando Bozza<\/span><span style=\"font-weight: 400;\">, combina a tecnologia de aplicativos com a busca pela democratiza\u00e7\u00e3o da informa\u00e7\u00e3o das testagens, tanto para os pacientes como para m\u00e9dicos ou governos, al\u00e9m de promover a agilidade no Sistema \u00danico de Sa\u00fade. O aplicativo do Dados do Bem pode ser baixado no aparelho celular e depois de instalado, a pessoa preenche uma\u00a0 ficha com seus sintomas (ou sintomas de um familiar, amigo, etc.) e, dependendo da an\u00e1lise desse quadro de sa\u00fade, pode ser encaminhado para a testagem posteriormente. Fernando ressalta que nem todos ser\u00e3o testados, justamente pela dificuldade e escassez no acesso aos testes atualmente.\u00a0<\/span><\/p>\n<h3><b>Dificuldades da Telemedicina e Modos de Super\u00e1-las<\/b><\/h3>\n<p><span style=\"font-weight: 400;\">A internet \u00e9 uma grande facilitadora de muitos aspectos da vida cotidiana, mas sabe-se que nem todos t\u00eam f\u00e1cil acesso \u00e0 ela, principalmente em <a href=\"https:\/\/bit.ly\/3gx8GsN\" target=\"_blank\" rel=\"noopener noreferrer\">algumas localidades das favelas<\/a>, as \u00e1reas de sombra, como pontuou Eliana Sousa Silva. Al\u00e9m disso, muitos moradores possuem aparelhos antigos e que n\u00e3o possuem tecnologia suficiente para suportarem aplicativos mais modernos. O questionamento acerca dessas dificuldades foi colocado numa das perguntas feitas pelo p\u00fablico que acompanhava a live.\u00a0<\/span><\/p>\n<p><a href=\"https:\/\/rioonwatch.org.br\/wp-content\/uploads\/2020\/08\/telemedicina-sas-2.jpg\"><img loading=\"lazy\" decoding=\"async\" class=\"aligncenter wp-image-50022 size-content\" title=\"Atendimento de telemedicina do SAS. Foto: Divulga\u00e7\u00e3o\" src=\"https:\/\/rioonwatch.org.br\/wp-content\/uploads\/2020\/08\/telemedicina-sas-2-620x264.jpg\" alt=\"\" width=\"620\" height=\"264\" \/><\/a><\/p>\n<p><span style=\"font-weight: 400;\">Adriana Mallet, da SAS, disse que atualmente mais de 300 volunt\u00e1rios e volunt\u00e1rias trabalham no teste de v\u00eddeo, ou seja, explicam ao paciente como \u00e9 feita a consulta e em seguida ele \u00e9 levado a mais de 16 especialidades m\u00e9dicas. E Fernando Bozza disse que o Dados do Bem conseguiu parcerias com operadoras telef\u00f4nicas para que o uso do aplicativo n\u00e3o consumisse dados dos pacotes da popula\u00e7\u00e3o.\u00a0<\/span><\/p>\n<p><span style=\"font-weight: 400;\">Foi ressaltada a import\u00e2ncia das parcerias das institui\u00e7\u00f5es com a iniciativa privada com objetivo de democratizar cada vez mais o acesso dos moradores \u00e0 sa\u00fade p\u00fablica.\u00a0<\/span><\/p>\n<h3><b>Telemedicina Articulada ao SUS<\/b><\/h3>\n<p><span style=\"font-weight: 400;\">N\u00edsia Trindade, da Fiocruz, coloca que o projeto j\u00e1 \u00e9 uma parceria da sociedade civil e setor privado para o SUS e reitera a necessidade da vigil\u00e2ncia ativa, ou seja, uma forte articula\u00e7\u00e3o com a popula\u00e7\u00e3o local. N\u00edsia tamb\u00e9m pontuou que a telemedicina n\u00e3o \u00e9 uma iniciativa fora do SUS, mas a partir dele. J\u00e1 Valcler Fernandes ressalta que a <\/span><span style=\"font-weight: 400;\">Cl\u00ednica da Fam\u00edlia<\/span><span style=\"font-weight: 400;\"> e as <\/span><a href=\"https:\/\/bit.ly\/3aWAO7I\" target=\"_blank\" rel=\"noopener noreferrer\"><span style=\"font-weight: 400;\">UPAs <\/span><\/a><span style=\"font-weight: 400;\">s\u00e3o integradas nesse processo. Al\u00e9m disso, o agente comunit\u00e1rio de sa\u00fade \u00e9 ator principal desse processo, inclusive utilizando seus celulares pessoais para fazer a comunica\u00e7\u00e3o dos moradores com o teleatendimento.\u00a0<\/span><\/p>\n<p><img loading=\"lazy\" decoding=\"async\" class=\"aligncenter wp-image-49914 size-content\" title=\"N\u00edsia Trindade, presidente da Fiocruz\" src=\"https:\/\/rioonwatch.org.br\/wp-content\/uploads\/2020\/08\/n\u00edsia-1-620x264.jpg\" alt=\"\" width=\"620\" height=\"264\" srcset=\"https:\/\/rioonwatch.org.br\/wp-content\/uploads\/2020\/08\/n\u00edsia-1-620x264.jpg 620w, https:\/\/rioonwatch.org.br\/wp-content\/uploads\/2020\/08\/n\u00edsia-1-940x400.jpg 940w\" sizes=\"(max-width: 620px) 100vw, 620px\" \/><\/p>\n<p>O tema da <a href=\"https:\/\/glo.bo\/3gxbiH7\" target=\"_blank\" rel=\"noopener noreferrer\">volta \u00e0s aulas<\/a> foi comentado do final da live e foi destacada a import\u00e2ncia que se deve dar n\u00e3o s\u00f3 aos alunos, mas tamb\u00e9m aos profissionais que trabalham nas escolas. Al\u00e9m disso, foi debatido o papel\u00a0 indispens\u00e1vel das escolas, creches e demais unidades de ensino principalmente dentro das favelas.<\/p>\n<p>A preocupa\u00e7\u00e3o do projeto atualmente \u00e9 o fluxo cont\u00ednuo de informa\u00e7\u00e3o e comunica\u00e7\u00e3o, principalmente com a popula\u00e7\u00e3o, insistindo nas a\u00e7\u00f5es de prote\u00e7\u00e3o j\u00e1 conhecidas (m\u00e1scaras, higieniza\u00e7\u00e3o, distanciamento social, etc.), mas tamb\u00e9m orientando os moradores acerca dos diversos tipos de atendimento prestados atualmente pelo projeto e que podem salvar vidas.<\/p>\n<h3><strong>Assista \u00e0 Live do lan\u00e7amento do projeto Conex\u00e3o Sa\u00fade <a href=\"https:\/\/www.youtube.com\/watch?v=-6jL0WPqq8E\">aqui<\/a>:<\/strong><\/h3>\n<p><iframe src=\"https:\/\/www.youtube.com\/embed\/-6jL0WPqq8E\" width=\"620\" height=\"349\" frameborder=\"0\" allowfullscreen=\"allowfullscreen\"><\/iframe><\/p>\n<p><em><span style=\"font-weight: 400;\">*<\/span>O Conex\u00e3o Sa\u00fade \u00e9 uma parceria da Redes da Mar\u00e9, Conselho Comunit\u00e1rio de Manguinhos, Fiocruz, Dados do Bem, SAS e Movimento Uni\u00e3o Rio com apoio da <a href=\"https:\/\/bit.ly\/34wEbBa\">Cruz Vermelha<\/a>, <a href=\"https:\/\/bit.ly\/3je3Ous\" target=\"_blank\" rel=\"noopener noreferrer\">Est\u00e1ter Instituto<\/a>, <a href=\"https:\/\/bit.ly\/2Ql8677\" target=\"_blank\" rel=\"noopener noreferrer\">Prefeitura do Rio<\/a> e Todos pela Sa\u00fade.<\/em><\/p>\n<p><em>Amanda Scofano \u00e9 mestre em Geografia, doutoranda no Programa de P\u00f3s-Gradua\u00e7\u00e3o em Geografia e Meio Ambiente da PUC-Rio, e pesquisadora com \u00eanfase em geoprocessamento e vulnerabilidades socioambientais.<\/em><\/p>\n<hr \/>\n<h4><strong>Apoie nossos esfor\u00e7os para fornecer assist\u00eancia estrat\u00e9gica \u00e0s favelas do Rio durante a pandemia da Covid-19, incluindo o jornalismo hiperlocal, cr\u00edtico, inovador e incans\u00e1vel do\u00a0<em>RioOnWatch<\/em><\/strong>\u2014<a href=\"http:\/\/bit.ly\/CatalisandoComunidades\">doe aqui<\/a>.<\/h4>\n<!-- AddThis Advanced Settings generic via filter on the_content --><!-- AddThis Share Buttons generic via filter on the_content -->","protected":false},"excerpt":{"rendered":"<div class=\"mh-excerpt\"><p>Click Here for English Esta \u00e9 nossa mat\u00e9ria mais recente sobre\u00a0o novo coronav\u00edrus e seus impactos sobre as favelas\u00a0e tamb\u00e9m da\u00a0s\u00e9rie LIVES Covid-19 nas Favelas. No dia 19 de agosto foi realizada uma live para <a class=\"mh-excerpt-more\" href=\"https:\/\/rioonwatch.org.br\/?p=49904\" title=\"Conex\u00e3o Sa\u00fade: Fiocruz Lan\u00e7a Projeto Inovador de Combate \u00e0 Pandemia nas Favelas [V\u00cdDEO]\">[&#8230;]<\/a><!-- AddThis Advanced Settings generic via filter on get_the_excerpt --><!-- AddThis Share Buttons generic via filter on get_the_excerpt --><\/p>\n<\/div>","protected":false},"author":169,"featured_media":50019,"comment_status":"closed","ping_status":"closed","sticky":false,"template":"","format":"standard","meta":{"_acf_changed":false,"_monsterinsights_skip_tracking":false,"_monsterinsights_sitenote_active":false,"_monsterinsights_sitenote_note":"","_monsterinsights_sitenote_category":0,"footnotes":""},"categories":[2753,1621,1627,1612,342,1638],"tags":[2538,750,332,2748,90,2146,2058,636,1107,492,294,2754,2824,1109,1347,2816,782,864],"writer":[2895],"translator":[],"source":[],"ilustrador":[],"fotografo":[],"class_list":{"0":"post-49904","1":"post","2":"type-post","3":"status-publish","4":"format-standard","5":"has-post-thumbnail","7":"category-covid19nasfavelas","8":"category-destaque","9":"category-relato-de-evento","10":"category-sociedade-civil","11":"category-solucoes","12":"category-video","13":"tag-agente-comunitario-de-saude","14":"tag-clinica-da-familia","15":"tag-complexo-da-mare","16":"tag-coronavirus","17":"tag-defensoria-publica","18":"tag-fiocruz","19":"tag-lancamento","20":"tag-manguinhos","21":"tag-redes-da-mare","22":"tag-saneamento","23":"tag-saude","24":"tag-serie-covid-19-nas-favelas","25":"tag-serie-lives-covid-19-nas-favelas","26":"tag-sociedade-civil","27":"tag-solucao","28":"tag-subnotificacao","29":"tag-sus","30":"tag-upa","31":"writer-amanda-scofano"},"acf":[],"yoast_head":"<!-- This site is optimized with the Yoast SEO plugin v25.6 - https:\/\/yoast.com\/wordpress\/plugins\/seo\/ -->\n<title>Conex\u00e3o Sa\u00fade: Fiocruz Lan\u00e7a Projeto Inovador de Combate \u00e0 Pandemia nas Favelas [V\u00cdDEO] - RioOnWatch<\/title>\n<meta name=\"robots\" content=\"index, follow, max-snippet:-1, max-image-preview:large, max-video-preview:-1\" \/>\n<link rel=\"canonical\" href=\"https:\/\/rioonwatch.org.br\/?p=49904\" \/>\n<meta property=\"og:locale\" content=\"pt_BR\" \/>\n<meta property=\"og:type\" content=\"article\" \/>\n<meta property=\"og:title\" content=\"Conex\u00e3o Sa\u00fade: Fiocruz Lan\u00e7a Projeto Inovador de Combate \u00e0 Pandemia nas Favelas [V\u00cdDEO] - RioOnWatch\" \/>\n<meta property=\"og:description\" content=\"Click Here for English Esta \u00e9 nossa mat\u00e9ria mais recente sobre\u00a0o novo coronav\u00edrus e seus impactos sobre as favelas\u00a0e tamb\u00e9m da\u00a0s\u00e9rie LIVES Covid-19 nas Favelas. No dia 19 de agosto foi realizada uma live para [...]\" \/>\n<meta property=\"og:url\" content=\"https:\/\/rioonwatch.org.br\/?p=49904\" \/>\n<meta property=\"og:site_name\" content=\"RioOnWatch\" \/>\n<meta property=\"article:published_time\" content=\"2020-08-28T16:41:46+00:00\" \/>\n<meta property=\"article:modified_time\" content=\"2020-09-03T13:54:43+00:00\" \/>\n<meta property=\"og:image\" content=\"https:\/\/rioonwatch.org.br\/wp-content\/uploads\/2020\/08\/telemedicina-sas.jpg\" \/>\n\t<meta property=\"og:image:width\" content=\"750\" \/>\n\t<meta property=\"og:image:height\" content=\"421\" \/>\n\t<meta property=\"og:image:type\" content=\"image\/jpeg\" \/>\n<meta name=\"author\" content=\"Amanda Scofano\" \/>\n<meta name=\"twitter:card\" content=\"summary_large_image\" \/>\n<meta name=\"twitter:label1\" content=\"Escrito por\" \/>\n\t<meta name=\"twitter:data1\" content=\"Amanda Scofano\" \/>\n\t<meta name=\"twitter:label2\" content=\"Est. tempo de leitura\" \/>\n\t<meta name=\"twitter:data2\" content=\"9 minutos\" \/>\n<script type=\"application\/ld+json\" class=\"yoast-schema-graph\">{\"@context\":\"https:\/\/schema.org\",\"@graph\":[{\"@type\":\"Article\",\"@id\":\"https:\/\/rioonwatch.org.br\/?p=49904#article\",\"isPartOf\":{\"@id\":\"https:\/\/rioonwatch.org.br\/?p=49904\"},\"author\":{\"name\":\"Amanda Scofano\",\"@id\":\"https:\/\/rioonwatch.org.br\/#\/schema\/person\/50904cbfbc6d99ecb5b258efdb362de8\"},\"headline\":\"Conex\u00e3o Sa\u00fade: Fiocruz Lan\u00e7a Projeto Inovador de Combate \u00e0 Pandemia nas Favelas [V\u00cdDEO]\",\"datePublished\":\"2020-08-28T16:41:46+00:00\",\"dateModified\":\"2020-09-03T13:54:43+00:00\",\"mainEntityOfPage\":{\"@id\":\"https:\/\/rioonwatch.org.br\/?p=49904\"},\"wordCount\":1815,\"publisher\":{\"@id\":\"https:\/\/rioonwatch.org.br\/#organization\"},\"image\":{\"@id\":\"https:\/\/rioonwatch.org.br\/?p=49904#primaryimage\"},\"thumbnailUrl\":\"https:\/\/rioonwatch.org.br\/wp-content\/uploads\/2020\/08\/telemedicina-sas.jpg\",\"keywords\":[\"agente comunit\u00e1rio de sa\u00fade\",\"Cl\u00ednica da Fam\u00edlia\",\"Complexo da Mar\u00e9\",\"coronav\u00edrus\",\"Defensoria P\u00fablica\",\"Fiocruz\",\"lan\u00e7amento\",\"Manguinhos\",\"Redes da Mar\u00e9\",\"saneamento\",\"sa\u00fade\",\"S\u00e9rie: Covid-19 Nas Favelas\",\"S\u00e9rie: LIVES Covid-19 nas Favelas\",\"sociedade civil\",\"solu\u00e7\u00e3o\",\"subnotifica\u00e7\u00e3o\",\"SUS\",\"UPA\"],\"articleSection\":[\"#Covid19NasFavelas\",\"*Destaque\",\"Cobertura de Eventos\",\"Sociedade Civil\",\"Solu\u00e7\u00f5es\",\"V\u00eddeo\"],\"inLanguage\":\"pt-BR\"},{\"@type\":\"WebPage\",\"@id\":\"https:\/\/rioonwatch.org.br\/?p=49904\",\"url\":\"https:\/\/rioonwatch.org.br\/?p=49904\",\"name\":\"Conex\u00e3o Sa\u00fade: Fiocruz Lan\u00e7a Projeto Inovador de Combate \u00e0 Pandemia nas Favelas [V\u00cdDEO] - RioOnWatch\",\"isPartOf\":{\"@id\":\"https:\/\/rioonwatch.org.br\/#website\"},\"primaryImageOfPage\":{\"@id\":\"https:\/\/rioonwatch.org.br\/?p=49904#primaryimage\"},\"image\":{\"@id\":\"https:\/\/rioonwatch.org.br\/?p=49904#primaryimage\"},\"thumbnailUrl\":\"https:\/\/rioonwatch.org.br\/wp-content\/uploads\/2020\/08\/telemedicina-sas.jpg\",\"datePublished\":\"2020-08-28T16:41:46+00:00\",\"dateModified\":\"2020-09-03T13:54:43+00:00\",\"breadcrumb\":{\"@id\":\"https:\/\/rioonwatch.org.br\/?p=49904#breadcrumb\"},\"inLanguage\":\"pt-BR\",\"potentialAction\":[{\"@type\":\"ReadAction\",\"target\":[\"https:\/\/rioonwatch.org.br\/?p=49904\"]}]},{\"@type\":\"ImageObject\",\"inLanguage\":\"pt-BR\",\"@id\":\"https:\/\/rioonwatch.org.br\/?p=49904#primaryimage\",\"url\":\"https:\/\/rioonwatch.org.br\/wp-content\/uploads\/2020\/08\/telemedicina-sas.jpg\",\"contentUrl\":\"https:\/\/rioonwatch.org.br\/wp-content\/uploads\/2020\/08\/telemedicina-sas.jpg\",\"width\":750,\"height\":421},{\"@type\":\"BreadcrumbList\",\"@id\":\"https:\/\/rioonwatch.org.br\/?p=49904#breadcrumb\",\"itemListElement\":[{\"@type\":\"ListItem\",\"position\":1,\"name\":\"In\u00edcio\",\"item\":\"https:\/\/rioonwatch.org.br\/\"},{\"@type\":\"ListItem\",\"position\":2,\"name\":\"Conex\u00e3o Sa\u00fade: Fiocruz Lan\u00e7a Projeto Inovador de Combate \u00e0 Pandemia nas Favelas [V\u00cdDEO]\"}]},{\"@type\":\"WebSite\",\"@id\":\"https:\/\/rioonwatch.org.br\/#website\",\"url\":\"https:\/\/rioonwatch.org.br\/\",\"name\":\"RioOnWatch\",\"description\":\"relatos das favelas cariocas\",\"publisher\":{\"@id\":\"https:\/\/rioonwatch.org.br\/#organization\"},\"potentialAction\":[{\"@type\":\"SearchAction\",\"target\":{\"@type\":\"EntryPoint\",\"urlTemplate\":\"https:\/\/rioonwatch.org.br\/?s={search_term_string}\"},\"query-input\":{\"@type\":\"PropertyValueSpecification\",\"valueRequired\":true,\"valueName\":\"search_term_string\"}}],\"inLanguage\":\"pt-BR\"},{\"@type\":\"Organization\",\"@id\":\"https:\/\/rioonwatch.org.br\/#organization\",\"name\":\"RioOnWatch\",\"url\":\"https:\/\/rioonwatch.org.br\/\",\"logo\":{\"@type\":\"ImageObject\",\"inLanguage\":\"pt-BR\",\"@id\":\"https:\/\/rioonwatch.org.br\/#\/schema\/logo\/image\/\",\"url\":\"https:\/\/rioonwatch.org.br\/wp-content\/uploads\/2021\/06\/RioOnWatchcabecalhoPT11anos-2.png\",\"contentUrl\":\"https:\/\/rioonwatch.org.br\/wp-content\/uploads\/2021\/06\/RioOnWatchcabecalhoPT11anos-2.png\",\"width\":779,\"height\":277,\"caption\":\"RioOnWatch\"},\"image\":{\"@id\":\"https:\/\/rioonwatch.org.br\/#\/schema\/logo\/image\/\"}},{\"@type\":\"Person\",\"@id\":\"https:\/\/rioonwatch.org.br\/#\/schema\/person\/50904cbfbc6d99ecb5b258efdb362de8\",\"name\":\"Amanda Scofano\",\"image\":{\"@type\":\"ImageObject\",\"inLanguage\":\"pt-BR\",\"@id\":\"https:\/\/rioonwatch.org.br\/#\/schema\/person\/image\/\",\"url\":\"https:\/\/secure.gravatar.com\/avatar\/dc7525aa369ba50866a3418bb6b7b264?s=96&d=blank&r=g\",\"contentUrl\":\"https:\/\/secure.gravatar.com\/avatar\/dc7525aa369ba50866a3418bb6b7b264?s=96&d=blank&r=g\",\"caption\":\"Amanda Scofano\"},\"url\":\"https:\/\/rioonwatch.org.br\/?author=169\"}]}<\/script>\n<!-- \/ Yoast SEO plugin. -->","yoast_head_json":{"title":"Conex\u00e3o Sa\u00fade: Fiocruz Lan\u00e7a Projeto Inovador de Combate \u00e0 Pandemia nas Favelas [V\u00cdDEO] - RioOnWatch","robots":{"index":"index","follow":"follow","max-snippet":"max-snippet:-1","max-image-preview":"max-image-preview:large","max-video-preview":"max-video-preview:-1"},"canonical":"https:\/\/rioonwatch.org.br\/?p=49904","og_locale":"pt_BR","og_type":"article","og_title":"Conex\u00e3o Sa\u00fade: Fiocruz Lan\u00e7a Projeto Inovador de Combate \u00e0 Pandemia nas Favelas [V\u00cdDEO] - RioOnWatch","og_description":"Click Here for English Esta \u00e9 nossa mat\u00e9ria mais recente sobre\u00a0o novo coronav\u00edrus e seus impactos sobre as favelas\u00a0e tamb\u00e9m da\u00a0s\u00e9rie LIVES Covid-19 nas Favelas. No dia 19 de agosto foi realizada uma live para [...]","og_url":"https:\/\/rioonwatch.org.br\/?p=49904","og_site_name":"RioOnWatch","article_published_time":"2020-08-28T16:41:46+00:00","article_modified_time":"2020-09-03T13:54:43+00:00","og_image":[{"width":750,"height":421,"url":"https:\/\/rioonwatch.org.br\/wp-content\/uploads\/2020\/08\/telemedicina-sas.jpg","type":"image\/jpeg"}],"author":"Amanda Scofano","twitter_card":"summary_large_image","twitter_misc":{"Escrito por":"Amanda Scofano","Est. tempo de leitura":"9 minutos"},"schema":{"@context":"https:\/\/schema.org","@graph":[{"@type":"Article","@id":"https:\/\/rioonwatch.org.br\/?p=49904#article","isPartOf":{"@id":"https:\/\/rioonwatch.org.br\/?p=49904"},"author":{"name":"Amanda Scofano","@id":"https:\/\/rioonwatch.org.br\/#\/schema\/person\/50904cbfbc6d99ecb5b258efdb362de8"},"headline":"Conex\u00e3o Sa\u00fade: Fiocruz Lan\u00e7a Projeto Inovador de Combate \u00e0 Pandemia nas Favelas [V\u00cdDEO]","datePublished":"2020-08-28T16:41:46+00:00","dateModified":"2020-09-03T13:54:43+00:00","mainEntityOfPage":{"@id":"https:\/\/rioonwatch.org.br\/?p=49904"},"wordCount":1815,"publisher":{"@id":"https:\/\/rioonwatch.org.br\/#organization"},"image":{"@id":"https:\/\/rioonwatch.org.br\/?p=49904#primaryimage"},"thumbnailUrl":"https:\/\/rioonwatch.org.br\/wp-content\/uploads\/2020\/08\/telemedicina-sas.jpg","keywords":["agente comunit\u00e1rio de sa\u00fade","Cl\u00ednica da Fam\u00edlia","Complexo da Mar\u00e9","coronav\u00edrus","Defensoria P\u00fablica","Fiocruz","lan\u00e7amento","Manguinhos","Redes da Mar\u00e9","saneamento","sa\u00fade","S\u00e9rie: Covid-19 Nas Favelas","S\u00e9rie: LIVES Covid-19 nas Favelas","sociedade civil","solu\u00e7\u00e3o","subnotifica\u00e7\u00e3o","SUS","UPA"],"articleSection":["#Covid19NasFavelas","*Destaque","Cobertura de Eventos","Sociedade Civil","Solu\u00e7\u00f5es","V\u00eddeo"],"inLanguage":"pt-BR"},{"@type":"WebPage","@id":"https:\/\/rioonwatch.org.br\/?p=49904","url":"https:\/\/rioonwatch.org.br\/?p=49904","name":"Conex\u00e3o Sa\u00fade: Fiocruz Lan\u00e7a Projeto Inovador de Combate \u00e0 Pandemia nas Favelas [V\u00cdDEO] - RioOnWatch","isPartOf":{"@id":"https:\/\/rioonwatch.org.br\/#website"},"primaryImageOfPage":{"@id":"https:\/\/rioonwatch.org.br\/?p=49904#primaryimage"},"image":{"@id":"https:\/\/rioonwatch.org.br\/?p=49904#primaryimage"},"thumbnailUrl":"https:\/\/rioonwatch.org.br\/wp-content\/uploads\/2020\/08\/telemedicina-sas.jpg","datePublished":"2020-08-28T16:41:46+00:00","dateModified":"2020-09-03T13:54:43+00:00","breadcrumb":{"@id":"https:\/\/rioonwatch.org.br\/?p=49904#breadcrumb"},"inLanguage":"pt-BR","potentialAction":[{"@type":"ReadAction","target":["https:\/\/rioonwatch.org.br\/?p=49904"]}]},{"@type":"ImageObject","inLanguage":"pt-BR","@id":"https:\/\/rioonwatch.org.br\/?p=49904#primaryimage","url":"https:\/\/rioonwatch.org.br\/wp-content\/uploads\/2020\/08\/telemedicina-sas.jpg","contentUrl":"https:\/\/rioonwatch.org.br\/wp-content\/uploads\/2020\/08\/telemedicina-sas.jpg","width":750,"height":421},{"@type":"BreadcrumbList","@id":"https:\/\/rioonwatch.org.br\/?p=49904#breadcrumb","itemListElement":[{"@type":"ListItem","position":1,"name":"In\u00edcio","item":"https:\/\/rioonwatch.org.br\/"},{"@type":"ListItem","position":2,"name":"Conex\u00e3o Sa\u00fade: Fiocruz Lan\u00e7a Projeto Inovador de Combate \u00e0 Pandemia nas Favelas [V\u00cdDEO]"}]},{"@type":"WebSite","@id":"https:\/\/rioonwatch.org.br\/#website","url":"https:\/\/rioonwatch.org.br\/","name":"RioOnWatch","description":"relatos das favelas cariocas","publisher":{"@id":"https:\/\/rioonwatch.org.br\/#organization"},"potentialAction":[{"@type":"SearchAction","target":{"@type":"EntryPoint","urlTemplate":"https:\/\/rioonwatch.org.br\/?s={search_term_string}"},"query-input":{"@type":"PropertyValueSpecification","valueRequired":true,"valueName":"search_term_string"}}],"inLanguage":"pt-BR"},{"@type":"Organization","@id":"https:\/\/rioonwatch.org.br\/#organization","name":"RioOnWatch","url":"https:\/\/rioonwatch.org.br\/","logo":{"@type":"ImageObject","inLanguage":"pt-BR","@id":"https:\/\/rioonwatch.org.br\/#\/schema\/logo\/image\/","url":"https:\/\/rioonwatch.org.br\/wp-content\/uploads\/2021\/06\/RioOnWatchcabecalhoPT11anos-2.png","contentUrl":"https:\/\/rioonwatch.org.br\/wp-content\/uploads\/2021\/06\/RioOnWatchcabecalhoPT11anos-2.png","width":779,"height":277,"caption":"RioOnWatch"},"image":{"@id":"https:\/\/rioonwatch.org.br\/#\/schema\/logo\/image\/"}},{"@type":"Person","@id":"https:\/\/rioonwatch.org.br\/#\/schema\/person\/50904cbfbc6d99ecb5b258efdb362de8","name":"Amanda Scofano","image":{"@type":"ImageObject","inLanguage":"pt-BR","@id":"https:\/\/rioonwatch.org.br\/#\/schema\/person\/image\/","url":"https:\/\/secure.gravatar.com\/avatar\/dc7525aa369ba50866a3418bb6b7b264?s=96&d=blank&r=g","contentUrl":"https:\/\/secure.gravatar.com\/avatar\/dc7525aa369ba50866a3418bb6b7b264?s=96&d=blank&r=g","caption":"Amanda Scofano"},"url":"https:\/\/rioonwatch.org.br\/?author=169"}]}},"_links":{"self":[{"href":"https:\/\/rioonwatch.org.br\/index.php?rest_route=\/wp\/v2\/posts\/49904"}],"collection":[{"href":"https:\/\/rioonwatch.org.br\/index.php?rest_route=\/wp\/v2\/posts"}],"about":[{"href":"https:\/\/rioonwatch.org.br\/index.php?rest_route=\/wp\/v2\/types\/post"}],"author":[{"embeddable":true,"href":"https:\/\/rioonwatch.org.br\/index.php?rest_route=\/wp\/v2\/users\/169"}],"replies":[{"embeddable":true,"href":"https:\/\/rioonwatch.org.br\/index.php?rest_route=%2Fwp%2Fv2%2Fcomments&post=49904"}],"version-history":[{"count":40,"href":"https:\/\/rioonwatch.org.br\/index.php?rest_route=\/wp\/v2\/posts\/49904\/revisions"}],"predecessor-version":[{"id":50249,"href":"https:\/\/rioonwatch.org.br\/index.php?rest_route=\/wp\/v2\/posts\/49904\/revisions\/50249"}],"wp:featuredmedia":[{"embeddable":true,"href":"https:\/\/rioonwatch.org.br\/index.php?rest_route=\/wp\/v2\/media\/50019"}],"wp:attachment":[{"href":"https:\/\/rioonwatch.org.br\/index.php?rest_route=%2Fwp%2Fv2%2Fmedia&parent=49904"}],"wp:term":[{"taxonomy":"category","embeddable":true,"href":"https:\/\/rioonwatch.org.br\/index.php?rest_route=%2Fwp%2Fv2%2Fcategories&post=49904"},{"taxonomy":"post_tag","embeddable":true,"href":"https:\/\/rioonwatch.org.br\/index.php?rest_route=%2Fwp%2Fv2%2Ftags&post=49904"},{"taxonomy":"writer","embeddable":true,"href":"https:\/\/rioonwatch.org.br\/index.php?rest_route=%2Fwp%2Fv2%2Fwriter&post=49904"},{"taxonomy":"translator","embeddable":true,"href":"https:\/\/rioonwatch.org.br\/index.php?rest_route=%2Fwp%2Fv2%2Ftranslator&post=49904"},{"taxonomy":"source","embeddable":true,"href":"https:\/\/rioonwatch.org.br\/index.php?rest_route=%2Fwp%2Fv2%2Fsource&post=49904"},{"taxonomy":"ilustrador","embeddable":true,"href":"https:\/\/rioonwatch.org.br\/index.php?rest_route=%2Fwp%2Fv2%2Filustrador&post=49904"},{"taxonomy":"fotografo","embeddable":true,"href":"https:\/\/rioonwatch.org.br\/index.php?rest_route=%2Fwp%2Fv2%2Ffotografo&post=49904"}],"curies":[{"name":"wp","href":"https:\/\/api.w.org\/{rel}","templated":true}]}}